{"id":44126,"date":"2026-02-03T09:57:09","date_gmt":"2026-02-03T08:57:09","guid":{"rendered":"https:\/\/www.organisator.ch\/de\/?p=44126"},"modified":"2026-02-03T09:57:09","modified_gmt":"2026-02-03T08:57:09","slug":"pierangelo-campopiano-wird-neuer-vertriebschef-bei-axa-schweiz","status":"publish","type":"post","link":"https:\/\/www.organisator.ch\/de\/management\/2026-02-03\/pierangelo-campopiano-wird-neuer-vertriebschef-bei-axa-schweiz\/","title":{"rendered":"Pierangelo Campopiano wird neuer Vertriebschef bei AXA Schweiz"},"content":{"rendered":"<figure>\n<figure style=\"width: 1400px\" class=\"wp-caption alignnone\"><img loading=\"lazy\" decoding=\"async\" src=\"https:\/\/www.organisator.ch\/wp-content\/uploads\/2026\/02\/Pierangelo_Campopiano-scaled.jpg\" alt=\"Pierangelo Campopiano\" width=\"1400\" height=\"786\" \/><figcaption class=\"wp-caption-text\">Pierangelo Campopiano wird neuer Leiter Distribution und Mitglied der Gesch\u00e4ftsleitung der AXA Schweiz. Quelle: zvg<\/figcaption><\/figure><br \/>\n<\/figure>\n<p>Der Verwaltungsrat der AXA Schweiz hat Pierangelo Campopiano zum Leiter des Ressorts Distribution und Mitglied der Gesch\u00e4ftsleitung gew\u00e4hlt. Der 47-j\u00e4hrige schweizerisch-italienische Doppelb\u00fcrger tritt die Nachfolge von Patric Deflorin an, der seit 01. Januar 2026 CEO des Unternehmens ist.<\/p>\n<h3>Breite Expertise in Vertrieb und Digitalisierung<\/h3>\n<p>Pierangelo Campopiano ist derzeit Leiter des Konzernbereichs Kunde und Markt sowie Mitglied der Konzernleitung bei der CSS Gruppe. Von 2018 bis 2024 war er CEO des Online-Versicherers Smile, damals Tochter der Helvetia Gruppe, heute Teil der neuen Helvetia Baloise.<\/p>\n<p>Davor hatte Campopiano verschiedene verantwortungsvolle Positionen beim Zurich Konzern inne. So war er unter anderem von 2012 bis 2015 Leiter Kooperationen &amp; Direktvertrieb und von 2017 bis 2018 Leiter Vertriebsstrategie &amp; Change bei der Zurich Schweiz. Von 2015 bis 2017 war er als Head Strategic Marketing &amp; Distribution Services bei der Farmers Insurance Group in Los Angeles t\u00e4tig.<\/p>\n<h3>Fundierte Ausbildung<\/h3>\n<p>Der designierte Vertriebschef ist diplomierter Betriebswirtschafter HF, hat einen Executive Master in Customer Relationship Management &amp; Marketing an der Z\u00fcrcher Hochschule f\u00fcr Angewandte Wissenschaften (ZHAW) absolviert und ein Advanced Management Program an der Executive School der Universit\u00e4t St. Gallen durchlaufen.<\/p>\n<p>\u00abEs freut mich sehr, konnten wir mit Piero eine versierte F\u00fchrungspers\u00f6nlichkeit mit breitem Erfahrungshorizont und eindr\u00fccklichem Leistungsausweis f\u00fcr uns gewinnen. Durch seine fundierte Expertise in Vertrieb, Kundenbetreuung, Marketing und Digitalisierung bringt er optimale Voraussetzungen mit, unsere Distributionsfunktionen mit ihren verschiedenen Beratungs- und Verkaufskan\u00e4len erfolgreich in die Zukunft zu f\u00fchren\u00bb, erkl\u00e4rt CEO Patric Deflorin.<\/p>\n<p>Die Ernennung von Pierangelo Campopiano erfolgt vorbeh\u00e4ltlich der n\u00f6tigen aufsichtsrechtlichen Bewilligungen.<\/p>\n","protected":false},"excerpt":{"rendered":"<p>Pierangelo Campopiano \u00fcbernimmt die Leitung des Ressorts Distribution bei der AXA Schweiz und wird Mitglied der Gesch\u00e4ftsleitung. Er folgt auf Patric Deflorin, der seit Januar 2026 CEO des Unternehmens ist. Campopiano bringt umfassende Erfahrung aus verschiedenen F\u00fchrungspositionen bei CSS, Smile, Helvetia und Zurich mit.<\/p>\n","protected":false},"author":107,"featured_media":44125,"comment_status":"closed","ping_status":"closed","sticky":false,"template":"","format":"standard","meta":{"_acf_changed":false,"_yoast_wpseo_focuskw":"Pierangelo Campopiano","_yoast_wpseo_metadesc":"Pierangelo Campopiano wird neuer Leiter Distribution bei AXA Schweiz. Er folgt auf Patric Deflorin und bringt breite Erfahrung mit.","articlekey":"","footnotes":""},"categories":[28],"tags":[381,492,511],"class_list":["post-44126","post","type-post","status-publish","format-standard","has-post-thumbnail","hentry","category-management","tag-personalia","tag-unternehmen","tag-versicherungen"],"acf":[],"yoast_head":"<!-- This site is optimized with the Yoast SEO plugin v27.4 - https:\/\/yoast.com\/product\/yoast-seo-wordpress\/ -->\n<title>Pierangelo Campopiano wird neuer Vertriebschef bei AXA Schweiz - Organisator<\/title>\n<meta name=\"description\" content=\"Pierangelo Campopiano wird neuer Leiter Distribution bei AXA Schweiz. Er folgt auf Patric Deflorin und bringt breite Erfahrung mit.\" \/>\n<meta name=\"robots\" content=\"index, follow, max-snippet:-1, max-image-preview:large, max-video-preview:-1\" \/>\n<link rel=\"canonical\" href=\"https:\/\/www.organisator.ch\/de\/management\/2026-02-03\/pierangelo-campopiano-wird-neuer-vertriebschef-bei-axa-schweiz\/\" \/>\n<meta property=\"og:locale\" content=\"de_DE\" \/>\n<meta property=\"og:type\" content=\"article\" \/>\n<meta property=\"og:title\" content=\"Pierangelo Campopiano wird neuer Vertriebschef bei AXA Schweiz\" \/>\n<meta property=\"og:description\" content=\"Pierangelo Campopiano wird neuer Leiter Distribution bei AXA Schweiz. Er folgt auf Patric Deflorin und bringt breite Erfahrung mit.\" \/>\n<meta property=\"og:url\" content=\"https:\/\/www.organisator.ch\/de\/management\/2026-02-03\/pierangelo-campopiano-wird-neuer-vertriebschef-bei-axa-schweiz\/\" \/>\n<meta property=\"og:site_name\" content=\"Organisator\" \/>\n<meta property=\"article:publisher\" content=\"https:\/\/www.facebook.com\/OrganisatorFachmagazin\" \/>\n<meta property=\"article:published_time\" content=\"2026-02-03T08:57:09+00:00\" \/>\n<meta property=\"og:image\" content=\"https:\/\/www.organisator.ch\/wp-content\/uploads\/2026\/02\/Pierangelo_Campopiano-scaled.jpg\" \/>\n\t<meta property=\"og:image:width\" content=\"1400\" \/>\n\t<meta property=\"og:image:height\" content=\"786\" \/>\n\t<meta property=\"og:image:type\" content=\"image\/jpeg\" \/>\n<meta name=\"author\" content=\"n8n\" \/>\n<meta name=\"twitter:card\" content=\"summary_large_image\" \/>\n<meta name=\"twitter:title\" content=\"Pierangelo #Campopiano wird neuer Vertriebschef bei AXA Schweiz\" \/>\n<meta name=\"twitter:description\" content=\"Pierangelo #Campopiano wird neuer Leiter Distribution bei #AXA Schweiz. Er folgt auf Patric Deflorin und bringt breite Erfahrung mit.\" \/>\n<meta name=\"twitter:image\" content=\"https:\/\/www.organisator.ch\/wp-content\/uploads\/2026\/02\/Pierangelo_Campopiano-scaled.jpg\" \/>\n<script type=\"application\/ld+json\" class=\"yoast-schema-graph\">{\"@context\":\"https:\\\/\\\/schema.org\",\"@graph\":[{\"@type\":\"Article\",\"@id\":\"https:\\\/\\\/www.organisator.ch\\\/management\\\/2026-02-03\\\/pierangelo-campopiano-wird-neuer-vertriebschef-bei-axa-schweiz\\\/#article\",\"isPartOf\":{\"@id\":\"https:\\\/\\\/www.organisator.ch\\\/management\\\/2026-02-03\\\/pierangelo-campopiano-wird-neuer-vertriebschef-bei-axa-schweiz\\\/\"},\"author\":{\"name\":\"n8n\",\"@id\":\"https:\\\/\\\/www.organisator.ch\\\/#\\\/schema\\\/person\\\/a9d0e0eff238db87a8f840f3b50359f0\"},\"headline\":\"Pierangelo Campopiano wird neuer Vertriebschef bei AXA Schweiz\",\"datePublished\":\"2026-02-03T08:57:09+00:00\",\"mainEntityOfPage\":{\"@id\":\"https:\\\/\\\/www.organisator.ch\\\/management\\\/2026-02-03\\\/pierangelo-campopiano-wird-neuer-vertriebschef-bei-axa-schweiz\\\/\"},\"wordCount\":284,\"publisher\":{\"@id\":\"https:\\\/\\\/www.organisator.ch\\\/#organization\"},\"image\":{\"@id\":\"https:\\\/\\\/www.organisator.ch\\\/management\\\/2026-02-03\\\/pierangelo-campopiano-wird-neuer-vertriebschef-bei-axa-schweiz\\\/#primaryimage\"},\"thumbnailUrl\":\"https:\\\/\\\/www.organisator.ch\\\/wp-content\\\/uploads\\\/2026\\\/02\\\/Pierangelo_Campopiano-scaled.jpg\",\"keywords\":[\"Personalia\",\"Unternehmen\",\"Versicherungen\"],\"articleSection\":[\"MANAGEMENT\"],\"inLanguage\":\"de\"},{\"@type\":\"WebPage\",\"@id\":\"https:\\\/\\\/www.organisator.ch\\\/management\\\/2026-02-03\\\/pierangelo-campopiano-wird-neuer-vertriebschef-bei-axa-schweiz\\\/\",\"url\":\"https:\\\/\\\/www.organisator.ch\\\/management\\\/2026-02-03\\\/pierangelo-campopiano-wird-neuer-vertriebschef-bei-axa-schweiz\\\/\",\"name\":\"Pierangelo Campopiano wird neuer Vertriebschef bei AXA Schweiz - Organisator\",\"isPartOf\":{\"@id\":\"https:\\\/\\\/www.organisator.ch\\\/#website\"},\"primaryImageOfPage\":{\"@id\":\"https:\\\/\\\/www.organisator.ch\\\/management\\\/2026-02-03\\\/pierangelo-campopiano-wird-neuer-vertriebschef-bei-axa-schweiz\\\/#primaryimage\"},\"image\":{\"@id\":\"https:\\\/\\\/www.organisator.ch\\\/management\\\/2026-02-03\\\/pierangelo-campopiano-wird-neuer-vertriebschef-bei-axa-schweiz\\\/#primaryimage\"},\"thumbnailUrl\":\"https:\\\/\\\/www.organisator.ch\\\/wp-content\\\/uploads\\\/2026\\\/02\\\/Pierangelo_Campopiano-scaled.jpg\",\"datePublished\":\"2026-02-03T08:57:09+00:00\",\"description\":\"Pierangelo Campopiano wird neuer Leiter Distribution bei AXA Schweiz. Er folgt auf Patric Deflorin und bringt breite Erfahrung mit.\",\"breadcrumb\":{\"@id\":\"https:\\\/\\\/www.organisator.ch\\\/management\\\/2026-02-03\\\/pierangelo-campopiano-wird-neuer-vertriebschef-bei-axa-schweiz\\\/#breadcrumb\"},\"inLanguage\":\"de\",\"potentialAction\":[{\"@type\":\"ReadAction\",\"target\":[\"https:\\\/\\\/www.organisator.ch\\\/management\\\/2026-02-03\\\/pierangelo-campopiano-wird-neuer-vertriebschef-bei-axa-schweiz\\\/\"]}]},{\"@type\":\"ImageObject\",\"inLanguage\":\"de\",\"@id\":\"https:\\\/\\\/www.organisator.ch\\\/management\\\/2026-02-03\\\/pierangelo-campopiano-wird-neuer-vertriebschef-bei-axa-schweiz\\\/#primaryimage\",\"url\":\"https:\\\/\\\/www.organisator.ch\\\/wp-content\\\/uploads\\\/2026\\\/02\\\/Pierangelo_Campopiano-scaled.jpg\",\"contentUrl\":\"https:\\\/\\\/www.organisator.ch\\\/wp-content\\\/uploads\\\/2026\\\/02\\\/Pierangelo_Campopiano-scaled.jpg\",\"width\":1400,\"height\":786},{\"@type\":\"BreadcrumbList\",\"@id\":\"https:\\\/\\\/www.organisator.ch\\\/management\\\/2026-02-03\\\/pierangelo-campopiano-wird-neuer-vertriebschef-bei-axa-schweiz\\\/#breadcrumb\",\"itemListElement\":[{\"@type\":\"ListItem\",\"position\":1,\"name\":\"Home\",\"item\":\"https:\\\/\\\/www.organisator.ch\\\/\"},{\"@type\":\"ListItem\",\"position\":2,\"name\":\"Pierangelo Campopiano wird neuer Vertriebschef bei AXA Schweiz\"}]},{\"@type\":\"WebSite\",\"@id\":\"https:\\\/\\\/www.organisator.ch\\\/#website\",\"url\":\"https:\\\/\\\/www.organisator.ch\\\/\",\"name\":\"Organisator\",\"description\":\"Kompetent. Praxisnah. Der ORGANISATOR bereitet in 10 Ausgaben pro Jahr die wesentlichen Themen f\u00fcr F\u00fchrungskr\u00e4fte von KMU auf.\",\"publisher\":{\"@id\":\"https:\\\/\\\/www.organisator.ch\\\/#organization\"},\"potentialAction\":[{\"@type\":\"SearchAction\",\"target\":{\"@type\":\"EntryPoint\",\"urlTemplate\":\"https:\\\/\\\/www.organisator.ch\\\/?s={search_term_string}\"},\"query-input\":{\"@type\":\"PropertyValueSpecification\",\"valueRequired\":true,\"valueName\":\"search_term_string\"}}],\"inLanguage\":\"de\"},{\"@type\":\"Organization\",\"@id\":\"https:\\\/\\\/www.organisator.ch\\\/#organization\",\"name\":\"Organisator\",\"url\":\"https:\\\/\\\/www.organisator.ch\\\/\",\"logo\":{\"@type\":\"ImageObject\",\"inLanguage\":\"de\",\"@id\":\"https:\\\/\\\/www.organisator.ch\\\/#\\\/schema\\\/logo\\\/image\\\/\",\"url\":\"https:\\\/\\\/www.organisator.ch\\\/wp-content\\\/uploads\\\/2022\\\/01\\\/Logo_Organisator_Website.png\",\"contentUrl\":\"https:\\\/\\\/www.organisator.ch\\\/wp-content\\\/uploads\\\/2022\\\/01\\\/Logo_Organisator_Website.png\",\"width\":800,\"height\":77,\"caption\":\"Organisator\"},\"image\":{\"@id\":\"https:\\\/\\\/www.organisator.ch\\\/#\\\/schema\\\/logo\\\/image\\\/\"},\"sameAs\":[\"https:\\\/\\\/www.facebook.com\\\/OrganisatorFachmagazin\",\"https:\\\/\\\/www.linkedin.com\\\/showcase\\\/organisator-das-magazin-fr-kmu\",\"https:\\\/\\\/www.xing.com\\\/news\\\/pages\\\/organisator-ch-695\",\"https:\\\/\\\/www.youtube.com\\\/channel\\\/UCGP2Sq0iWaZwT3BdIAQFYpw\"]},{\"@type\":\"Person\",\"@id\":\"https:\\\/\\\/www.organisator.ch\\\/#\\\/schema\\\/person\\\/a9d0e0eff238db87a8f840f3b50359f0\",\"name\":\"n8n\",\"image\":{\"@type\":\"ImageObject\",\"inLanguage\":\"de\",\"@id\":\"https:\\\/\\\/secure.gravatar.com\\\/avatar\\\/5368fb9d03fd415a6f335cece4c15af2502d6ca8651efbd6e8f98427a9795400?s=96&d=mm&r=g\",\"url\":\"https:\\\/\\\/secure.gravatar.com\\\/avatar\\\/5368fb9d03fd415a6f335cece4c15af2502d6ca8651efbd6e8f98427a9795400?s=96&d=mm&r=g\",\"contentUrl\":\"https:\\\/\\\/secure.gravatar.com\\\/avatar\\\/5368fb9d03fd415a6f335cece4c15af2502d6ca8651efbd6e8f98427a9795400?s=96&d=mm&r=g\",\"caption\":\"n8n\"},\"url\":\"https:\\\/\\\/www.organisator.ch\\\/de\\\/author\\\/n8n\\\/\"}]}<\/script>\n<!-- \/ Yoast SEO plugin. -->","yoast_head_json":{"title":"Pierangelo Campopiano wird neuer Vertriebschef bei AXA Schweiz - Organisator","description":"Pierangelo Campopiano wird neuer Leiter Distribution bei AXA Schweiz. Er folgt auf Patric Deflorin und bringt breite Erfahrung mit.","robots":{"index":"index","follow":"follow","max-snippet":"max-snippet:-1","max-image-preview":"max-image-preview:large","max-video-preview":"max-video-preview:-1"},"canonical":"https:\/\/www.organisator.ch\/de\/management\/2026-02-03\/pierangelo-campopiano-wird-neuer-vertriebschef-bei-axa-schweiz\/","og_locale":"de_DE","og_type":"article","og_title":"Pierangelo Campopiano wird neuer Vertriebschef bei AXA Schweiz","og_description":"Pierangelo Campopiano wird neuer Leiter Distribution bei AXA Schweiz. Er folgt auf Patric Deflorin und bringt breite Erfahrung mit.","og_url":"https:\/\/www.organisator.ch\/de\/management\/2026-02-03\/pierangelo-campopiano-wird-neuer-vertriebschef-bei-axa-schweiz\/","og_site_name":"Organisator","article_publisher":"https:\/\/www.facebook.com\/OrganisatorFachmagazin","article_published_time":"2026-02-03T08:57:09+00:00","og_image":[{"width":1400,"height":786,"url":"https:\/\/www.organisator.ch\/wp-content\/uploads\/2026\/02\/Pierangelo_Campopiano-scaled.jpg","type":"image\/jpeg"}],"author":"n8n","twitter_card":"summary_large_image","twitter_title":"Pierangelo #Campopiano wird neuer Vertriebschef bei AXA Schweiz","twitter_description":"Pierangelo #Campopiano wird neuer Leiter Distribution bei #AXA Schweiz. Er folgt auf Patric Deflorin und bringt breite Erfahrung mit.","twitter_image":"https:\/\/www.organisator.ch\/wp-content\/uploads\/2026\/02\/Pierangelo_Campopiano-scaled.jpg","schema":{"@context":"https:\/\/schema.org","@graph":[{"@type":"Article","@id":"https:\/\/www.organisator.ch\/management\/2026-02-03\/pierangelo-campopiano-wird-neuer-vertriebschef-bei-axa-schweiz\/#article","isPartOf":{"@id":"https:\/\/www.organisator.ch\/management\/2026-02-03\/pierangelo-campopiano-wird-neuer-vertriebschef-bei-axa-schweiz\/"},"author":{"name":"n8n","@id":"https:\/\/www.organisator.ch\/#\/schema\/person\/a9d0e0eff238db87a8f840f3b50359f0"},"headline":"Pierangelo Campopiano wird neuer Vertriebschef bei AXA Schweiz","datePublished":"2026-02-03T08:57:09+00:00","mainEntityOfPage":{"@id":"https:\/\/www.organisator.ch\/management\/2026-02-03\/pierangelo-campopiano-wird-neuer-vertriebschef-bei-axa-schweiz\/"},"wordCount":284,"publisher":{"@id":"https:\/\/www.organisator.ch\/#organization"},"image":{"@id":"https:\/\/www.organisator.ch\/management\/2026-02-03\/pierangelo-campopiano-wird-neuer-vertriebschef-bei-axa-schweiz\/#primaryimage"},"thumbnailUrl":"https:\/\/www.organisator.ch\/wp-content\/uploads\/2026\/02\/Pierangelo_Campopiano-scaled.jpg","keywords":["Personalia","Unternehmen","Versicherungen"],"articleSection":["MANAGEMENT"],"inLanguage":"de"},{"@type":"WebPage","@id":"https:\/\/www.organisator.ch\/management\/2026-02-03\/pierangelo-campopiano-wird-neuer-vertriebschef-bei-axa-schweiz\/","url":"https:\/\/www.organisator.ch\/management\/2026-02-03\/pierangelo-campopiano-wird-neuer-vertriebschef-bei-axa-schweiz\/","name":"Pierangelo Campopiano wird neuer Vertriebschef bei AXA Schweiz - Organisator","isPartOf":{"@id":"https:\/\/www.organisator.ch\/#website"},"primaryImageOfPage":{"@id":"https:\/\/www.organisator.ch\/management\/2026-02-03\/pierangelo-campopiano-wird-neuer-vertriebschef-bei-axa-schweiz\/#primaryimage"},"image":{"@id":"https:\/\/www.organisator.ch\/management\/2026-02-03\/pierangelo-campopiano-wird-neuer-vertriebschef-bei-axa-schweiz\/#primaryimage"},"thumbnailUrl":"https:\/\/www.organisator.ch\/wp-content\/uploads\/2026\/02\/Pierangelo_Campopiano-scaled.jpg","datePublished":"2026-02-03T08:57:09+00:00","description":"Pierangelo Campopiano wird neuer Leiter Distribution bei AXA Schweiz. Er folgt auf Patric Deflorin und bringt breite Erfahrung mit.","breadcrumb":{"@id":"https:\/\/www.organisator.ch\/management\/2026-02-03\/pierangelo-campopiano-wird-neuer-vertriebschef-bei-axa-schweiz\/#breadcrumb"},"inLanguage":"de","potentialAction":[{"@type":"ReadAction","target":["https:\/\/www.organisator.ch\/management\/2026-02-03\/pierangelo-campopiano-wird-neuer-vertriebschef-bei-axa-schweiz\/"]}]},{"@type":"ImageObject","inLanguage":"de","@id":"https:\/\/www.organisator.ch\/management\/2026-02-03\/pierangelo-campopiano-wird-neuer-vertriebschef-bei-axa-schweiz\/#primaryimage","url":"https:\/\/www.organisator.ch\/wp-content\/uploads\/2026\/02\/Pierangelo_Campopiano-scaled.jpg","contentUrl":"https:\/\/www.organisator.ch\/wp-content\/uploads\/2026\/02\/Pierangelo_Campopiano-scaled.jpg","width":1400,"height":786},{"@type":"BreadcrumbList","@id":"https:\/\/www.organisator.ch\/management\/2026-02-03\/pierangelo-campopiano-wird-neuer-vertriebschef-bei-axa-schweiz\/#breadcrumb","itemListElement":[{"@type":"ListItem","position":1,"name":"Home","item":"https:\/\/www.organisator.ch\/"},{"@type":"ListItem","position":2,"name":"Pierangelo Campopiano wird neuer Vertriebschef bei AXA Schweiz"}]},{"@type":"WebSite","@id":"https:\/\/www.organisator.ch\/#website","url":"https:\/\/www.organisator.ch\/","name":"Organisator","description":"Kompetent. Praxisnah. Der ORGANISATOR bereitet in 10 Ausgaben pro Jahr die wesentlichen Themen f\u00fcr F\u00fchrungskr\u00e4fte von KMU auf.","publisher":{"@id":"https:\/\/www.organisator.ch\/#organization"},"potentialAction":[{"@type":"SearchAction","target":{"@type":"EntryPoint","urlTemplate":"https:\/\/www.organisator.ch\/?s={search_term_string}"},"query-input":{"@type":"PropertyValueSpecification","valueRequired":true,"valueName":"search_term_string"}}],"inLanguage":"de"},{"@type":"Organization","@id":"https:\/\/www.organisator.ch\/#organization","name":"Organisator","url":"https:\/\/www.organisator.ch\/","logo":{"@type":"ImageObject","inLanguage":"de","@id":"https:\/\/www.organisator.ch\/#\/schema\/logo\/image\/","url":"https:\/\/www.organisator.ch\/wp-content\/uploads\/2022\/01\/Logo_Organisator_Website.png","contentUrl":"https:\/\/www.organisator.ch\/wp-content\/uploads\/2022\/01\/Logo_Organisator_Website.png","width":800,"height":77,"caption":"Organisator"},"image":{"@id":"https:\/\/www.organisator.ch\/#\/schema\/logo\/image\/"},"sameAs":["https:\/\/www.facebook.com\/OrganisatorFachmagazin","https:\/\/www.linkedin.com\/showcase\/organisator-das-magazin-fr-kmu","https:\/\/www.xing.com\/news\/pages\/organisator-ch-695","https:\/\/www.youtube.com\/channel\/UCGP2Sq0iWaZwT3BdIAQFYpw"]},{"@type":"Person","@id":"https:\/\/www.organisator.ch\/#\/schema\/person\/a9d0e0eff238db87a8f840f3b50359f0","name":"n8n","image":{"@type":"ImageObject","inLanguage":"de","@id":"https:\/\/secure.gravatar.com\/avatar\/5368fb9d03fd415a6f335cece4c15af2502d6ca8651efbd6e8f98427a9795400?s=96&d=mm&r=g","url":"https:\/\/secure.gravatar.com\/avatar\/5368fb9d03fd415a6f335cece4c15af2502d6ca8651efbd6e8f98427a9795400?s=96&d=mm&r=g","contentUrl":"https:\/\/secure.gravatar.com\/avatar\/5368fb9d03fd415a6f335cece4c15af2502d6ca8651efbd6e8f98427a9795400?s=96&d=mm&r=g","caption":"n8n"},"url":"https:\/\/www.organisator.ch\/de\/author\/n8n\/"}]}},"_links":{"self":[{"href":"https:\/\/www.organisator.ch\/de\/wp-json\/wp\/v2\/posts\/44126","targetHints":{"allow":["GET"]}}],"collection":[{"href":"https:\/\/www.organisator.ch\/de\/wp-json\/wp\/v2\/posts"}],"about":[{"href":"https:\/\/www.organisator.ch\/de\/wp-json\/wp\/v2\/types\/post"}],"author":[{"embeddable":true,"href":"https:\/\/www.organisator.ch\/de\/wp-json\/wp\/v2\/users\/107"}],"replies":[{"embeddable":true,"href":"https:\/\/www.organisator.ch\/de\/wp-json\/wp\/v2\/comments?post=44126"}],"version-history":[{"count":4,"href":"https:\/\/www.organisator.ch\/de\/wp-json\/wp\/v2\/posts\/44126\/revisions"}],"predecessor-version":[{"id":44185,"href":"https:\/\/www.organisator.ch\/de\/wp-json\/wp\/v2\/posts\/44126\/revisions\/44185"}],"wp:featuredmedia":[{"embeddable":true,"href":"https:\/\/www.organisator.ch\/de\/wp-json\/wp\/v2\/media\/44125"}],"wp:attachment":[{"href":"https:\/\/www.organisator.ch\/de\/wp-json\/wp\/v2\/media?parent=44126"}],"wp:term":[{"taxonomy":"category","embeddable":true,"href":"https:\/\/www.organisator.ch\/de\/wp-json\/wp\/v2\/categories?post=44126"},{"taxonomy":"post_tag","embeddable":true,"href":"https:\/\/www.organisator.ch\/de\/wp-json\/wp\/v2\/tags?post=44126"}],"curies":[{"name":"wp","href":"https:\/\/api.w.org\/{rel}","templated":true}]}}