{"id":4424,"date":"2018-10-25T10:40:06","date_gmt":"2018-10-25T08:40:06","guid":{"rendered":"https:\/\/www.organisator.ch\/?p=4424"},"modified":"2018-10-25T10:40:06","modified_gmt":"2018-10-25T08:40:06","slug":"topsoft-fachmesse-2019-neu-in-der-umwelt-arena-spreitenbach","status":"publish","type":"post","link":"https:\/\/www.organisator.ch\/de\/management\/it\/2018-10-25\/topsoft-fachmesse-2019-neu-in-der-umwelt-arena-spreitenbach\/","title":{"rendered":"topsoft Fachmesse 2019 neu in der Umwelt Arena Spreitenbach"},"content":{"rendered":"<figure id=\"attachment_4425\" aria-describedby=\"caption-attachment-4425\" style=\"width: 640px\" class=\"wp-caption alignnone\"><img loading=\"lazy\" decoding=\"async\" class=\"size-full wp-image-4425\" src=\"https:\/\/www.organisator.ch\/wp-content\/uploads\/2018\/10\/topsoft-Fachmesse-2019-neu-in-der-Umwelt-Arena-Spreitenbach_Organisator.jpg\" alt=\"\" width=\"640\" height=\"366\" srcset=\"https:\/\/www.organisator.ch\/wp-content\/uploads\/2018\/10\/topsoft-Fachmesse-2019-neu-in-der-Umwelt-Arena-Spreitenbach_Organisator.jpg 640w, https:\/\/www.organisator.ch\/wp-content\/uploads\/2018\/10\/topsoft-Fachmesse-2019-neu-in-der-Umwelt-Arena-Spreitenbach_Organisator-16x9.jpg 16w, https:\/\/www.organisator.ch\/wp-content\/uploads\/2018\/10\/topsoft-Fachmesse-2019-neu-in-der-Umwelt-Arena-Spreitenbach_Organisator-306x175.jpg 306w, https:\/\/www.organisator.ch\/wp-content\/uploads\/2018\/10\/topsoft-Fachmesse-2019-neu-in-der-Umwelt-Arena-Spreitenbach_Organisator-612x350.jpg 612w, https:\/\/www.organisator.ch\/wp-content\/uploads\/2018\/10\/topsoft-Fachmesse-2019-neu-in-der-Umwelt-Arena-Spreitenbach_Organisator-300x172.jpg 300w\" sizes=\"auto, (max-width: 640px) 100vw, 640px\" \/><figcaption id=\"caption-attachment-4425\" class=\"wp-caption-text\">Die Umwelt Arena Spreitenbach ist die neue Location der topsoft 2019. (Bild: zVg\/Umwelt Arena AG)<\/figcaption><\/figure>\n<p>Die Schweiz z\u00e4hlt zu den innovativsten und fortschrittlichsten L\u00e4ndern weltweit. Entsprechend hoch sind die digitalen Anforderungen. Als Marktplatz f\u00fcr neue Technologien bietet die topsoft als einzige Schweizer IT-Fachmesse seit mehr als 20 Jahren eine wichtige Orientierungshilfe. Daran wird sich auch in Zukunft nichts \u00e4ndern, wie\u00a0Messeleiter Cyrill Schmid in einer Mitteilung an die Medien\u00a0festh\u00e4lt. Neu hingegen sind ab 2019 der Veranstaltungsort sowie die angebotenen Messeformate. Mit der Umwelt Arena in Spreitenbach zieht die topsoft an einen Standort, welcher wie kaum ein anderer die digitale Vernetzung aller Lebens- und Arbeitsbereiche repr\u00e4sentieren soll.<\/p>\n<h2><strong>Die Umwelt Arena als neuer Messe-Standort<\/strong><\/h2>\n<p>Mit ihrem modernen Raum- und Ausstellungskonzept bietet die Umwelt Arena in Spreitenbach den idealen Hintergrund f\u00fcr die topsoft Fachmesse. Die Kombination von Ausstellungsbereich, Konferenz- und Eventr\u00e4umen sowie Gastronomie erm\u00f6glicht, sowohl Neues als auch Bew\u00e4hrtes zu verbinden. \u00abWir wollen das Format der topsoft Messe weiterentwickeln. Dabei setzen wir auch in Zukunft auf Fachwissen, Markt\u00fcbersicht und Networking. Die Umwelt Arena bietet uns und den Ausstellern flexiblen Gestaltungsfreiraum\u00bb, begr\u00fcndet Messeleiter Cyrill Schmid den Entscheid.<\/p>\n<h2><strong>Der Fokus auf Digital Business bleibt bestehen<\/strong><\/h2>\n<p>Auch in Zukunft werden alle relevanten Aspekte der Business IT einen festen Platz im neuen Messekonzept finden. Die Besucher werden sich aber auch \u00fcber Themen wie Smart Work, Mobilit\u00e4t, Security, K\u00fcnstliche Intelligenz und vieles mehr informieren k\u00f6nnen. Klar ist, dass die Business-Aspekte digitaler Anwendungen im Vordergrund stehen werden. Deshalb, so die Veranstalter, will man die topsoft auch nicht zu einem Show-Event entwickeln, sondern Unternehmern einen hohen, unverw\u00e4sserten Nutzwert ihres Messebesuchs bieten.<\/p>\n<h2><strong>Raum f\u00fcr innovative Konzepte und Formate<\/strong><\/h2>\n<p>Die Ausgestaltung des neuen Messekonzepts ist derzeit im Entstehen begriffen. R\u00e4umlichkeiten und Infrastruktur lassen verschiedene M\u00f6glichkeiten zu. Nebst dem Ausstellungsbereich sind Tageskonferenzen, Workshops, aber auch Abendanl\u00e4sse oder eigene Themenparks realisierbar. Bereits heute k\u00f6nnen sich interessierte Aussteller ihre Ideen in die Gestaltung einbringen. Cyrill Schmid: \u00abDie Idee dahinter ist, mit den Anbietern im ICT-Markt Schweiz eine gemeinsame Plattform zu schaffen. Dieses Prinzip des Miteinanders wollen wir sukzessive auf alle topsoft Formate \u00fcbertragen.\u00bb<\/p>\n<h2><strong>Startschuss f\u00fcr Anbieter am 16. Januar 2019 <\/strong><\/h2>\n<p>Beim Kick-off am 16. Januar 2019 informiert die topsoft ausf\u00fchrlich \u00fcber alle Details und Neuerungen der Fachmesse. Interessierte Aussteller sind ab 07:30 Uhr herzlich zu einem Besuch der Umwelt Arena Spreitenbach bei Kaffee und Gipfeli eingeladen. Die n\u00e4chste topsoft Fachmesse wird dann am 28.\/29. August 2019 stattfinden.<\/p>\n<p><a href=\"http:\/\/www.topsoft.ch\"><em>www.topsoft.ch<\/em><\/a><\/p>\n","protected":false},"excerpt":{"rendered":"<p>Die Schweiz z\u00e4hlt zu den innovativsten und fortschrittlichsten L\u00e4ndern weltweit. Entsprechend hoch sind die digitalen Anforderungen. Als Marktplatz f\u00fcr neue Technologien bietet die topsoft als einzige Schweizer IT-Fachmesse seit mehr als 20 Jahren eine wichtige Orientierungshilfe. Daran wird sich auch in Zukunft nichts \u00e4ndern, wie\u00a0Messeleiter Cyrill Schmid in einer Mitteilung an die Medien\u00a0festh\u00e4lt. Neu hingegen [&hellip;]<\/p>\n","protected":false},"author":4,"featured_media":4425,"comment_status":"open","ping_status":"open","sticky":false,"template":"","format":"standard","meta":{"_acf_changed":false,"_yoast_wpseo_focuskw":"Umwelt Arena","_yoast_wpseo_metadesc":"Nach acht Jahren in der Messe Z\u00fcrich macht die Schweizer Fachmesse topsoft einen wichtigen Schritt in die Zukunft und z\u00fcgelt in die Umwelt Arena.","articlekey":"","footnotes":""},"categories":[27],"tags":[156,193,288],"class_list":["post-4424","post","type-post","status-publish","format-standard","has-post-thumbnail","hentry","category-it","tag-digitalisierung","tag-fachkongressfachmesse","tag-it-business-software"],"acf":[],"yoast_head":"<!-- This site is optimized with the Yoast SEO plugin v27.5 - https:\/\/yoast.com\/product\/yoast-seo-wordpress\/ -->\n<title>topsoft Fachmesse 2019 neu in der Umwelt Arena Spreitenbach - Organisator<\/title>\n<meta name=\"description\" content=\"Nach acht Jahren in der Messe Z\u00fcrich macht die Schweizer Fachmesse topsoft einen wichtigen Schritt in die Zukunft und z\u00fcgelt in die Umwelt Arena.\" \/>\n<meta name=\"robots\" content=\"index, follow, max-snippet:-1, max-image-preview:large, max-video-preview:-1\" \/>\n<link rel=\"canonical\" href=\"https:\/\/www.organisator.ch\/de\/management\/it\/2018-10-25\/topsoft-fachmesse-2019-neu-in-der-umwelt-arena-spreitenbach\/\" \/>\n<meta property=\"og:locale\" content=\"de_DE\" \/>\n<meta property=\"og:type\" content=\"article\" \/>\n<meta property=\"og:title\" content=\"topsoft Fachmesse 2019 neu in der Umwelt Arena Spreitenbach\" \/>\n<meta property=\"og:description\" content=\"Nach acht Jahren in der Messe Z\u00fcrich macht die Schweizer Fachmesse topsoft einen wichtigen Schritt in die Zukunft und z\u00fcgelt in die Umwelt Arena.\" \/>\n<meta property=\"og:url\" content=\"https:\/\/www.organisator.ch\/de\/management\/it\/2018-10-25\/topsoft-fachmesse-2019-neu-in-der-umwelt-arena-spreitenbach\/\" \/>\n<meta property=\"og:site_name\" content=\"Organisator\" \/>\n<meta property=\"article:publisher\" content=\"https:\/\/www.facebook.com\/OrganisatorFachmagazin\" \/>\n<meta property=\"article:published_time\" content=\"2018-10-25T08:40:06+00:00\" \/>\n<meta property=\"og:image\" content=\"https:\/\/www.organisator.ch\/wp-content\/uploads\/2018\/10\/topsoft-Fachmesse-2019-neu-in-der-Umwelt-Arena-Spreitenbach_Organisator.jpg\" \/>\n\t<meta property=\"og:image:width\" content=\"640\" \/>\n\t<meta property=\"og:image:height\" content=\"366\" \/>\n\t<meta property=\"og:image:type\" content=\"image\/jpeg\" \/>\n<meta name=\"author\" content=\"thomas.berner\" \/>\n<meta name=\"twitter:card\" content=\"summary_large_image\" \/>\n<meta name=\"twitter:title\" content=\"#topsoft Fachmesse 2019 neu in der #UmweltArena Spreitenbach\" \/>\n<meta name=\"twitter:description\" content=\"Nach acht Jahren in der Messe Z\u00fcrich macht die Schweizer Fachmesse #topsoft einen wichtigen Schritt in die Zukunft und z\u00fcgelt in die Umwelt Arena.\" \/>\n<meta name=\"twitter:image\" content=\"https:\/\/www.organisator.ch\/wp-content\/uploads\/2018\/10\/topsoft-Fachmesse-2019-neu-in-der-Umwelt-Arena-Spreitenbach_Organisator.jpg\" \/>\n<script type=\"application\/ld+json\" class=\"yoast-schema-graph\">{\"@context\":\"https:\\\/\\\/schema.org\",\"@graph\":[{\"@type\":\"Article\",\"@id\":\"https:\\\/\\\/www.organisator.ch\\\/management\\\/it\\\/2018-10-25\\\/topsoft-fachmesse-2019-neu-in-der-umwelt-arena-spreitenbach\\\/#article\",\"isPartOf\":{\"@id\":\"https:\\\/\\\/www.organisator.ch\\\/management\\\/it\\\/2018-10-25\\\/topsoft-fachmesse-2019-neu-in-der-umwelt-arena-spreitenbach\\\/\"},\"author\":{\"name\":\"thomas.berner\",\"@id\":\"https:\\\/\\\/www.organisator.ch\\\/#\\\/schema\\\/person\\\/6f650f90b2842cd4c0cc334b4e36f67e\"},\"headline\":\"topsoft Fachmesse 2019 neu in der Umwelt Arena Spreitenbach\",\"datePublished\":\"2018-10-25T08:40:06+00:00\",\"mainEntityOfPage\":{\"@id\":\"https:\\\/\\\/www.organisator.ch\\\/management\\\/it\\\/2018-10-25\\\/topsoft-fachmesse-2019-neu-in-der-umwelt-arena-spreitenbach\\\/\"},\"wordCount\":425,\"commentCount\":0,\"publisher\":{\"@id\":\"https:\\\/\\\/www.organisator.ch\\\/#organization\"},\"image\":{\"@id\":\"https:\\\/\\\/www.organisator.ch\\\/management\\\/it\\\/2018-10-25\\\/topsoft-fachmesse-2019-neu-in-der-umwelt-arena-spreitenbach\\\/#primaryimage\"},\"thumbnailUrl\":\"https:\\\/\\\/www.organisator.ch\\\/wp-content\\\/uploads\\\/2018\\\/10\\\/topsoft-Fachmesse-2019-neu-in-der-Umwelt-Arena-Spreitenbach_Organisator.jpg\",\"keywords\":[\"Digitalisierung\",\"Fachkongress\\\/Fachmesse\",\"IT &amp; Business Software\"],\"articleSection\":[\"IT\"],\"inLanguage\":\"de\"},{\"@type\":\"WebPage\",\"@id\":\"https:\\\/\\\/www.organisator.ch\\\/management\\\/it\\\/2018-10-25\\\/topsoft-fachmesse-2019-neu-in-der-umwelt-arena-spreitenbach\\\/\",\"url\":\"https:\\\/\\\/www.organisator.ch\\\/management\\\/it\\\/2018-10-25\\\/topsoft-fachmesse-2019-neu-in-der-umwelt-arena-spreitenbach\\\/\",\"name\":\"topsoft Fachmesse 2019 neu in der Umwelt Arena Spreitenbach - Organisator\",\"isPartOf\":{\"@id\":\"https:\\\/\\\/www.organisator.ch\\\/#website\"},\"primaryImageOfPage\":{\"@id\":\"https:\\\/\\\/www.organisator.ch\\\/management\\\/it\\\/2018-10-25\\\/topsoft-fachmesse-2019-neu-in-der-umwelt-arena-spreitenbach\\\/#primaryimage\"},\"image\":{\"@id\":\"https:\\\/\\\/www.organisator.ch\\\/management\\\/it\\\/2018-10-25\\\/topsoft-fachmesse-2019-neu-in-der-umwelt-arena-spreitenbach\\\/#primaryimage\"},\"thumbnailUrl\":\"https:\\\/\\\/www.organisator.ch\\\/wp-content\\\/uploads\\\/2018\\\/10\\\/topsoft-Fachmesse-2019-neu-in-der-Umwelt-Arena-Spreitenbach_Organisator.jpg\",\"datePublished\":\"2018-10-25T08:40:06+00:00\",\"description\":\"Nach acht Jahren in der Messe Z\u00fcrich macht die Schweizer Fachmesse topsoft einen wichtigen Schritt in die Zukunft und z\u00fcgelt in die Umwelt Arena.\",\"breadcrumb\":{\"@id\":\"https:\\\/\\\/www.organisator.ch\\\/management\\\/it\\\/2018-10-25\\\/topsoft-fachmesse-2019-neu-in-der-umwelt-arena-spreitenbach\\\/#breadcrumb\"},\"inLanguage\":\"de\",\"potentialAction\":[{\"@type\":\"ReadAction\",\"target\":[\"https:\\\/\\\/www.organisator.ch\\\/management\\\/it\\\/2018-10-25\\\/topsoft-fachmesse-2019-neu-in-der-umwelt-arena-spreitenbach\\\/\"]}]},{\"@type\":\"ImageObject\",\"inLanguage\":\"de\",\"@id\":\"https:\\\/\\\/www.organisator.ch\\\/management\\\/it\\\/2018-10-25\\\/topsoft-fachmesse-2019-neu-in-der-umwelt-arena-spreitenbach\\\/#primaryimage\",\"url\":\"https:\\\/\\\/www.organisator.ch\\\/wp-content\\\/uploads\\\/2018\\\/10\\\/topsoft-Fachmesse-2019-neu-in-der-Umwelt-Arena-Spreitenbach_Organisator.jpg\",\"contentUrl\":\"https:\\\/\\\/www.organisator.ch\\\/wp-content\\\/uploads\\\/2018\\\/10\\\/topsoft-Fachmesse-2019-neu-in-der-Umwelt-Arena-Spreitenbach_Organisator.jpg\",\"width\":640,\"height\":366,\"caption\":\"Die Umwelt Arena Spreitenbach ist die neue Location der topsoft 2019. (Bild: zVg\\\/Umwelt Arena AG)\"},{\"@type\":\"BreadcrumbList\",\"@id\":\"https:\\\/\\\/www.organisator.ch\\\/management\\\/it\\\/2018-10-25\\\/topsoft-fachmesse-2019-neu-in-der-umwelt-arena-spreitenbach\\\/#breadcrumb\",\"itemListElement\":[{\"@type\":\"ListItem\",\"position\":1,\"name\":\"Home\",\"item\":\"https:\\\/\\\/www.organisator.ch\\\/\"},{\"@type\":\"ListItem\",\"position\":2,\"name\":\"topsoft Fachmesse 2019 neu in der Umwelt Arena Spreitenbach\"}]},{\"@type\":\"WebSite\",\"@id\":\"https:\\\/\\\/www.organisator.ch\\\/#website\",\"url\":\"https:\\\/\\\/www.organisator.ch\\\/\",\"name\":\"Organisator\",\"description\":\"Kompetent. Praxisnah. Der ORGANISATOR bereitet in 10 Ausgaben pro Jahr die wesentlichen Themen f\u00fcr F\u00fchrungskr\u00e4fte von KMU auf.\",\"publisher\":{\"@id\":\"https:\\\/\\\/www.organisator.ch\\\/#organization\"},\"potentialAction\":[{\"@type\":\"SearchAction\",\"target\":{\"@type\":\"EntryPoint\",\"urlTemplate\":\"https:\\\/\\\/www.organisator.ch\\\/?s={search_term_string}\"},\"query-input\":{\"@type\":\"PropertyValueSpecification\",\"valueRequired\":true,\"valueName\":\"search_term_string\"}}],\"inLanguage\":\"de\"},{\"@type\":\"Organization\",\"@id\":\"https:\\\/\\\/www.organisator.ch\\\/#organization\",\"name\":\"Organisator\",\"url\":\"https:\\\/\\\/www.organisator.ch\\\/\",\"logo\":{\"@type\":\"ImageObject\",\"inLanguage\":\"de\",\"@id\":\"https:\\\/\\\/www.organisator.ch\\\/#\\\/schema\\\/logo\\\/image\\\/\",\"url\":\"https:\\\/\\\/www.organisator.ch\\\/wp-content\\\/uploads\\\/2022\\\/01\\\/Logo_Organisator_Website.png\",\"contentUrl\":\"https:\\\/\\\/www.organisator.ch\\\/wp-content\\\/uploads\\\/2022\\\/01\\\/Logo_Organisator_Website.png\",\"width\":800,\"height\":77,\"caption\":\"Organisator\"},\"image\":{\"@id\":\"https:\\\/\\\/www.organisator.ch\\\/#\\\/schema\\\/logo\\\/image\\\/\"},\"sameAs\":[\"https:\\\/\\\/www.facebook.com\\\/OrganisatorFachmagazin\",\"https:\\\/\\\/www.linkedin.com\\\/showcase\\\/organisator-das-magazin-fr-kmu\",\"https:\\\/\\\/www.xing.com\\\/news\\\/pages\\\/organisator-ch-695\",\"https:\\\/\\\/www.youtube.com\\\/channel\\\/UCGP2Sq0iWaZwT3BdIAQFYpw\"]},{\"@type\":\"Person\",\"@id\":\"https:\\\/\\\/www.organisator.ch\\\/#\\\/schema\\\/person\\\/6f650f90b2842cd4c0cc334b4e36f67e\",\"name\":\"thomas.berner\",\"image\":{\"@type\":\"ImageObject\",\"inLanguage\":\"de\",\"@id\":\"https:\\\/\\\/secure.gravatar.com\\\/avatar\\\/ac5001d2a36cb6c6cd3e50789007ffca834b477b74a2144564522e944eabff61?s=96&d=mm&r=g\",\"url\":\"https:\\\/\\\/secure.gravatar.com\\\/avatar\\\/ac5001d2a36cb6c6cd3e50789007ffca834b477b74a2144564522e944eabff61?s=96&d=mm&r=g\",\"contentUrl\":\"https:\\\/\\\/secure.gravatar.com\\\/avatar\\\/ac5001d2a36cb6c6cd3e50789007ffca834b477b74a2144564522e944eabff61?s=96&d=mm&r=g\",\"caption\":\"thomas.berner\"},\"url\":\"https:\\\/\\\/www.organisator.ch\\\/de\\\/author\\\/thomas-berner\\\/\"}]}<\/script>\n<!-- \/ Yoast SEO plugin. -->","yoast_head_json":{"title":"topsoft Fachmesse 2019 neu in der Umwelt Arena Spreitenbach - Organisator","description":"Nach acht Jahren in der Messe Z\u00fcrich macht die Schweizer Fachmesse topsoft einen wichtigen Schritt in die Zukunft und z\u00fcgelt in die Umwelt Arena.","robots":{"index":"index","follow":"follow","max-snippet":"max-snippet:-1","max-image-preview":"max-image-preview:large","max-video-preview":"max-video-preview:-1"},"canonical":"https:\/\/www.organisator.ch\/de\/management\/it\/2018-10-25\/topsoft-fachmesse-2019-neu-in-der-umwelt-arena-spreitenbach\/","og_locale":"de_DE","og_type":"article","og_title":"topsoft Fachmesse 2019 neu in der Umwelt Arena Spreitenbach","og_description":"Nach acht Jahren in der Messe Z\u00fcrich macht die Schweizer Fachmesse topsoft einen wichtigen Schritt in die Zukunft und z\u00fcgelt in die Umwelt Arena.","og_url":"https:\/\/www.organisator.ch\/de\/management\/it\/2018-10-25\/topsoft-fachmesse-2019-neu-in-der-umwelt-arena-spreitenbach\/","og_site_name":"Organisator","article_publisher":"https:\/\/www.facebook.com\/OrganisatorFachmagazin","article_published_time":"2018-10-25T08:40:06+00:00","og_image":[{"width":640,"height":366,"url":"https:\/\/www.organisator.ch\/wp-content\/uploads\/2018\/10\/topsoft-Fachmesse-2019-neu-in-der-Umwelt-Arena-Spreitenbach_Organisator.jpg","type":"image\/jpeg"}],"author":"thomas.berner","twitter_card":"summary_large_image","twitter_title":"#topsoft Fachmesse 2019 neu in der #UmweltArena Spreitenbach","twitter_description":"Nach acht Jahren in der Messe Z\u00fcrich macht die Schweizer Fachmesse #topsoft einen wichtigen Schritt in die Zukunft und z\u00fcgelt in die Umwelt Arena.","twitter_image":"https:\/\/www.organisator.ch\/wp-content\/uploads\/2018\/10\/topsoft-Fachmesse-2019-neu-in-der-Umwelt-Arena-Spreitenbach_Organisator.jpg","schema":{"@context":"https:\/\/schema.org","@graph":[{"@type":"Article","@id":"https:\/\/www.organisator.ch\/management\/it\/2018-10-25\/topsoft-fachmesse-2019-neu-in-der-umwelt-arena-spreitenbach\/#article","isPartOf":{"@id":"https:\/\/www.organisator.ch\/management\/it\/2018-10-25\/topsoft-fachmesse-2019-neu-in-der-umwelt-arena-spreitenbach\/"},"author":{"name":"thomas.berner","@id":"https:\/\/www.organisator.ch\/#\/schema\/person\/6f650f90b2842cd4c0cc334b4e36f67e"},"headline":"topsoft Fachmesse 2019 neu in der Umwelt Arena Spreitenbach","datePublished":"2018-10-25T08:40:06+00:00","mainEntityOfPage":{"@id":"https:\/\/www.organisator.ch\/management\/it\/2018-10-25\/topsoft-fachmesse-2019-neu-in-der-umwelt-arena-spreitenbach\/"},"wordCount":425,"commentCount":0,"publisher":{"@id":"https:\/\/www.organisator.ch\/#organization"},"image":{"@id":"https:\/\/www.organisator.ch\/management\/it\/2018-10-25\/topsoft-fachmesse-2019-neu-in-der-umwelt-arena-spreitenbach\/#primaryimage"},"thumbnailUrl":"https:\/\/www.organisator.ch\/wp-content\/uploads\/2018\/10\/topsoft-Fachmesse-2019-neu-in-der-Umwelt-Arena-Spreitenbach_Organisator.jpg","keywords":["Digitalisierung","Fachkongress\/Fachmesse","IT &amp; Business Software"],"articleSection":["IT"],"inLanguage":"de"},{"@type":"WebPage","@id":"https:\/\/www.organisator.ch\/management\/it\/2018-10-25\/topsoft-fachmesse-2019-neu-in-der-umwelt-arena-spreitenbach\/","url":"https:\/\/www.organisator.ch\/management\/it\/2018-10-25\/topsoft-fachmesse-2019-neu-in-der-umwelt-arena-spreitenbach\/","name":"topsoft Fachmesse 2019 neu in der Umwelt Arena Spreitenbach - Organisator","isPartOf":{"@id":"https:\/\/www.organisator.ch\/#website"},"primaryImageOfPage":{"@id":"https:\/\/www.organisator.ch\/management\/it\/2018-10-25\/topsoft-fachmesse-2019-neu-in-der-umwelt-arena-spreitenbach\/#primaryimage"},"image":{"@id":"https:\/\/www.organisator.ch\/management\/it\/2018-10-25\/topsoft-fachmesse-2019-neu-in-der-umwelt-arena-spreitenbach\/#primaryimage"},"thumbnailUrl":"https:\/\/www.organisator.ch\/wp-content\/uploads\/2018\/10\/topsoft-Fachmesse-2019-neu-in-der-Umwelt-Arena-Spreitenbach_Organisator.jpg","datePublished":"2018-10-25T08:40:06+00:00","description":"Nach acht Jahren in der Messe Z\u00fcrich macht die Schweizer Fachmesse topsoft einen wichtigen Schritt in die Zukunft und z\u00fcgelt in die Umwelt Arena.","breadcrumb":{"@id":"https:\/\/www.organisator.ch\/management\/it\/2018-10-25\/topsoft-fachmesse-2019-neu-in-der-umwelt-arena-spreitenbach\/#breadcrumb"},"inLanguage":"de","potentialAction":[{"@type":"ReadAction","target":["https:\/\/www.organisator.ch\/management\/it\/2018-10-25\/topsoft-fachmesse-2019-neu-in-der-umwelt-arena-spreitenbach\/"]}]},{"@type":"ImageObject","inLanguage":"de","@id":"https:\/\/www.organisator.ch\/management\/it\/2018-10-25\/topsoft-fachmesse-2019-neu-in-der-umwelt-arena-spreitenbach\/#primaryimage","url":"https:\/\/www.organisator.ch\/wp-content\/uploads\/2018\/10\/topsoft-Fachmesse-2019-neu-in-der-Umwelt-Arena-Spreitenbach_Organisator.jpg","contentUrl":"https:\/\/www.organisator.ch\/wp-content\/uploads\/2018\/10\/topsoft-Fachmesse-2019-neu-in-der-Umwelt-Arena-Spreitenbach_Organisator.jpg","width":640,"height":366,"caption":"Die Umwelt Arena Spreitenbach ist die neue Location der topsoft 2019. (Bild: zVg\/Umwelt Arena AG)"},{"@type":"BreadcrumbList","@id":"https:\/\/www.organisator.ch\/management\/it\/2018-10-25\/topsoft-fachmesse-2019-neu-in-der-umwelt-arena-spreitenbach\/#breadcrumb","itemListElement":[{"@type":"ListItem","position":1,"name":"Home","item":"https:\/\/www.organisator.ch\/"},{"@type":"ListItem","position":2,"name":"topsoft Fachmesse 2019 neu in der Umwelt Arena Spreitenbach"}]},{"@type":"WebSite","@id":"https:\/\/www.organisator.ch\/#website","url":"https:\/\/www.organisator.ch\/","name":"Organisator","description":"Kompetent. Praxisnah. Der ORGANISATOR bereitet in 10 Ausgaben pro Jahr die wesentlichen Themen f\u00fcr F\u00fchrungskr\u00e4fte von KMU auf.","publisher":{"@id":"https:\/\/www.organisator.ch\/#organization"},"potentialAction":[{"@type":"SearchAction","target":{"@type":"EntryPoint","urlTemplate":"https:\/\/www.organisator.ch\/?s={search_term_string}"},"query-input":{"@type":"PropertyValueSpecification","valueRequired":true,"valueName":"search_term_string"}}],"inLanguage":"de"},{"@type":"Organization","@id":"https:\/\/www.organisator.ch\/#organization","name":"Organisator","url":"https:\/\/www.organisator.ch\/","logo":{"@type":"ImageObject","inLanguage":"de","@id":"https:\/\/www.organisator.ch\/#\/schema\/logo\/image\/","url":"https:\/\/www.organisator.ch\/wp-content\/uploads\/2022\/01\/Logo_Organisator_Website.png","contentUrl":"https:\/\/www.organisator.ch\/wp-content\/uploads\/2022\/01\/Logo_Organisator_Website.png","width":800,"height":77,"caption":"Organisator"},"image":{"@id":"https:\/\/www.organisator.ch\/#\/schema\/logo\/image\/"},"sameAs":["https:\/\/www.facebook.com\/OrganisatorFachmagazin","https:\/\/www.linkedin.com\/showcase\/organisator-das-magazin-fr-kmu","https:\/\/www.xing.com\/news\/pages\/organisator-ch-695","https:\/\/www.youtube.com\/channel\/UCGP2Sq0iWaZwT3BdIAQFYpw"]},{"@type":"Person","@id":"https:\/\/www.organisator.ch\/#\/schema\/person\/6f650f90b2842cd4c0cc334b4e36f67e","name":"thomas.berner","image":{"@type":"ImageObject","inLanguage":"de","@id":"https:\/\/secure.gravatar.com\/avatar\/ac5001d2a36cb6c6cd3e50789007ffca834b477b74a2144564522e944eabff61?s=96&d=mm&r=g","url":"https:\/\/secure.gravatar.com\/avatar\/ac5001d2a36cb6c6cd3e50789007ffca834b477b74a2144564522e944eabff61?s=96&d=mm&r=g","contentUrl":"https:\/\/secure.gravatar.com\/avatar\/ac5001d2a36cb6c6cd3e50789007ffca834b477b74a2144564522e944eabff61?s=96&d=mm&r=g","caption":"thomas.berner"},"url":"https:\/\/www.organisator.ch\/de\/author\/thomas-berner\/"}]}},"_links":{"self":[{"href":"https:\/\/www.organisator.ch\/de\/wp-json\/wp\/v2\/posts\/4424","targetHints":{"allow":["GET"]}}],"collection":[{"href":"https:\/\/www.organisator.ch\/de\/wp-json\/wp\/v2\/posts"}],"about":[{"href":"https:\/\/www.organisator.ch\/de\/wp-json\/wp\/v2\/types\/post"}],"author":[{"embeddable":true,"href":"https:\/\/www.organisator.ch\/de\/wp-json\/wp\/v2\/users\/4"}],"replies":[{"embeddable":true,"href":"https:\/\/www.organisator.ch\/de\/wp-json\/wp\/v2\/comments?post=4424"}],"version-history":[{"count":0,"href":"https:\/\/www.organisator.ch\/de\/wp-json\/wp\/v2\/posts\/4424\/revisions"}],"wp:featuredmedia":[{"embeddable":true,"href":"https:\/\/www.organisator.ch\/de\/wp-json\/wp\/v2\/media\/4425"}],"wp:attachment":[{"href":"https:\/\/www.organisator.ch\/de\/wp-json\/wp\/v2\/media?parent=4424"}],"wp:term":[{"taxonomy":"category","embeddable":true,"href":"https:\/\/www.organisator.ch\/de\/wp-json\/wp\/v2\/categories?post=4424"},{"taxonomy":"post_tag","embeddable":true,"href":"https:\/\/www.organisator.ch\/de\/wp-json\/wp\/v2\/tags?post=4424"}],"curies":[{"name":"wp","href":"https:\/\/api.w.org\/{rel}","templated":true}]}}