{"id":44319,"date":"2026-02-09T10:46:53","date_gmt":"2026-02-09T09:46:53","guid":{"rendered":"https:\/\/www.organisator.ch\/de\/?p=44319"},"modified":"2026-02-09T10:46:53","modified_gmt":"2026-02-09T09:46:53","slug":"smg-swiss-marketplace-group-setzt-auf-gemeinsame-praevention-gegen-cyberkriminalitaet","status":"publish","type":"post","link":"https:\/\/www.organisator.ch\/de\/operational-excellence\/2026-02-09\/smg-swiss-marketplace-group-setzt-auf-gemeinsame-praevention-gegen-cyberkriminalitaet\/","title":{"rendered":"SMG Swiss Marketplace Group setzt auf gemeinsame Pr\u00e4vention gegen Cyberkriminalit\u00e4t"},"content":{"rendered":"<figure>\n<figure style=\"width: 1400px\" class=\"wp-caption alignnone\"><img loading=\"lazy\" decoding=\"async\" src=\"https:\/\/www.organisator.ch\/wp-content\/uploads\/2026\/02\/SMG20Cybersecurity20Day202026_Hassanin-scaled.jpg\" alt=\"Mostafa Hassanin beim SMG Cybersecurity Day\" width=\"1400\" height=\"933\" \/><figcaption class=\"wp-caption-text\">Mostafa Hassanin (Group CISO\/CSO SMG) beim ersten SMG Cybersecurity Day. Quelle: zvg<\/figcaption><\/figure><br \/>\n<\/figure>\n<p>Cyberkriminalit\u00e4t nimmt in der Schweiz weiter zu und pr\u00e4gt den digitalen Alltag von Millionen Nutzer:innen. Um konkrete Ans\u00e4tze gegen Betrug, Identit\u00e4tsmissbrauch und Phishing zu diskutieren, hat die SMG Swiss Marketplace Group Vertreter:innen aus Beh\u00f6rden, Pr\u00e4vention, Wirtschaft und Fachorganisationen zum ersten SMG Cybersecurity Day eingeladen. Das Ziel: Erkenntnisse teilen, Herausforderungen offen diskutieren und gemeinsam Massnahmen gegen Cyberkriminalit\u00e4t weiterentwickeln.<\/p>\n<h3>Vertrauen als Grundlage digitaler Marktpl\u00e4tze<\/h3>\n<p>Den Auftakt machte Christoph Tonini, CEO der SMG. Er betonte, dass Vertrauen die Grundlage digitaler Marktpl\u00e4tze sei und die Sicherheit daf\u00fcr laufend gest\u00e4rkt werden muss. Cybersicherheit sei zugleich Voraussetzung f\u00fcr Innovation, weil sie die Basis schafft, um neue L\u00f6sungen verantwortungsvoll und zukunftsf\u00e4hig umzusetzen.<\/p>\n<h3>Schutzwirkung statt hohe Investitionen<\/h3>\n<p>Das SMG Group Security, Safety and Trust Team gab Einblick in das Zusammenspiel von Technologie, Prozessen und Pr\u00e4vention beim Schutz der Online-Marktpl\u00e4tze. Group CISO\/CSO Mostafa Hassanin machte deutlich, dass Cybersicherheit Chefsache ist. Entscheidend sei nicht die H\u00f6he von Investitionen, sondern maximale, risikobasierte und klar priorisierte Schutzwirkung an den richtigen Stellen. Egal wie viel investiert werde: Es gebe keinen Endzustand. Angreifer entwickeln sich st\u00e4ndig weiter, und man m\u00fcsse kontinuierlich besser werden.<\/p>\n<p>Thematisiert wurde auch die doppelte Rolle von K\u00fcnstlicher Intelligenz. Angriffe w\u00fcrden skalierbarer; gleichzeitig k\u00f6nne KI Sicherheitsteams entlasten und die Erkennung unterst\u00fctzen, sofern sie verantwortungsvoll in Prozesse eingebettet wird. In einem zweiten Beitrag stand die digitale Identit\u00e4t im Fokus. Anhand von Beispielen wurde gezeigt, wie Identit\u00e4ten und Zug\u00e4nge auf den Plattformen der SMG phishing-sicherer und kontextabh\u00e4ngig gesch\u00fctzt werden, um Konto\u00fcbernahmen und Betrugsversuche zu reduzieren \u2013 etwa durch passwortlose Anmeldungen und Registrierungen.<\/p>\n<h3>Cybersicherheit als gesamtgesellschaftliche Aufgabe<\/h3>\n<figure>\n<figure style=\"width: 1200px\" class=\"wp-caption alignnone\"><img loading=\"lazy\" decoding=\"async\" src=\"https:\/\/www.organisator.ch\/wp-content\/uploads\/2026\/02\/SMG20Cybersecurity20DaFlorian20SchuCC88tz.jpg\" alt=\"Florian Sch\u00fctz beim SMG Cybersecurity Day\" width=\"1200\" height=\"900\" \/><figcaption class=\"wp-caption-text\">Florian Sch\u00fctz, Direktor des Bundesamts f\u00fcr Cybersicherheit (BACS), ordnete Cybersicherheit als gesamtgesellschaftliche Aufgabe ein. Quelle: zvg<\/figcaption><\/figure><br \/>\n<\/figure>\n<p>Einen Blick auf die aktuelle Bedrohungslage gab Florian Sch\u00fctz, Direktor des Bundesamts f\u00fcr Cybersicherheit (BACS). Er ordnete Cybersicherheit als gesamtgesellschaftliche Aufgabe ein. Mit der zunehmenden Digitalisierung verlagere sich auch Kriminalit\u00e4t in den digitalen Raum. Angriffe, Abh\u00e4ngigkeiten von Infrastrukturen sowie steigende Sicherheitskosten betr\u00e4fen nicht nur einzelne Organisationen, sondern die Widerstandsf\u00e4higkeit von Wirtschaft und Gesellschaft insgesamt. Umso wichtiger sei die Zusammenarbeit zwischen Staat, Wirtschaft und lokalen Institutionen. Als weiteren Hebel nannte Sch\u00fctz Investitionen in Produktsicherheit und hohe Mindeststandards.<\/p>\n<h3>Pr\u00e4vention muss fr\u00fcher ansetzen<\/h3>\n<p>In der anschliessenden Paneldiskussion diskutierten Florian Sch\u00fctz, Fabian Ilg (Gesch\u00e4ftsleiter Schweizerische Kriminalpr\u00e4vention), Mostafa Hassanin und Jessica List (Chief Corporate Officer SMG) zentrale Fragen rund um Cybersicherheit und welche Rollen Wirtschaft, Beh\u00f6rden, Pr\u00e4ventionsakteure sowie Medien dabei \u00fcbernehmen k\u00f6nnen. Als gemeinsamer Nenner wurde gefunden: Reaktion allein reicht nicht \u2013 Pr\u00e4vention muss fr\u00fcher ansetzen. Gleichzeitig bleiben Strafverfolgung und eine professionelle Bew\u00e4ltigung von Vorf\u00e4llen entscheidend.<\/p>\n<p>Betont wurden auch Aufkl\u00e4rung und Verst\u00e4ndlichkeit: Cyberangriffe seien oft nicht deshalb erfolgreich, weil sie technisch besonders komplex seien, sondern weil Risiken, verst\u00e4rkt durch zunehmende KI-gest\u00fctzte Social-Engineering-Methoden, im digitalen Alltag falsch eingesch\u00e4tzt werden. Medien wurden als wichtiger Multiplikator f\u00fcr Einordnung, alltagstaugliche Schutz-Tipps und verl\u00e4ssliche Expert:innenstimmen genannt. Gleichzeitig wurde deutlich, dass Cybersicherheit kontinuierliche Arbeit verlangt. Der Schutz digitaler Plattformen sei ein laufender Prozess und erfordere eine Balance zwischen Nutzererlebnis, Datenschutz und Sicherheitsmassnahmen.<\/p>\n<p>Mostafa Hassanin fasst zusammen: \u00abCyberkriminalit\u00e4t ist ein lukratives Gesch\u00e4ftsmodell, solange der Ertrag hoch und das Risiko niedrig ist. Daher ist Pr\u00e4vention entscheidend. Wir m\u00fcssen Angriffe fr\u00fcher erkennen, Monetarisierung erschweren und Menschen so sensibilisieren, dass sie Warnsignale schneller erkennen und richtig reagieren. Genau daran arbeiten wir bei der SMG tagt\u00e4glich.\u00bb<\/p>\n<p>Die SMG baut die Schutzmechanismen auf ihren Online-Marktpl\u00e4tzen weiter durch Verbesserungen in Technik, Prozessen und Aufkl\u00e4rung aus. Gleichzeitig soll die Zusammenarbeit mit Beh\u00f6rden und Pr\u00e4ventionspartnern vertieft werden, um Cyberrisiken noch wirksamer einzud\u00e4mmen.<\/p>\n<p><em>Quelle: <a href=\"https:\/\/swissmarketplace.group\/de\/\">SMG<\/a><\/em><\/p>\n","protected":false},"excerpt":{"rendered":"<p>Die SMG Swiss Marketplace Group hat zum ersten Cybersecurity Day eingeladen und Vertreter:innen aus Beh\u00f6rden, Wirtschaft und Pr\u00e4vention zusammengebracht. Im Fokus standen konkrete Ans\u00e4tze gegen Betrug, Identit\u00e4tsmissbrauch und Phishing. Dabei wurde deutlich: Cybersicherheit ist Chefsache und Pr\u00e4vention muss fr\u00fcher ansetzen.<\/p>\n","protected":false},"author":107,"featured_media":44318,"comment_status":"closed","ping_status":"closed","sticky":false,"template":"","format":"standard","meta":{"_acf_changed":false,"_yoast_wpseo_focuskw":"Cyberkriminalit\u00e4t","_yoast_wpseo_metadesc":"Die SMG lud zum ersten Cybersecurity Day. Experten aus Beh\u00f6rden und Wirtschaft diskutierten \u00fcber Pr\u00e4vention gegen Cyberkriminalit\u00e4t.","articlekey":"","footnotes":""},"categories":[582],"tags":[608,156,193,335],"class_list":["post-44319","post","type-post","status-publish","format-standard","has-post-thumbnail","hentry","category-operational-excellence","tag-cybersicherheit","tag-digitalisierung","tag-fachkongressfachmesse","tag-management-und-unternehmensfuehrung"],"acf":[],"yoast_head":"<!-- This site is optimized with the Yoast SEO plugin v27.4 - https:\/\/yoast.com\/product\/yoast-seo-wordpress\/ -->\n<title>SMG Swiss Marketplace Group setzt auf gemeinsame Pr\u00e4vention gegen Cyberkriminalit\u00e4t - Organisator<\/title>\n<meta name=\"description\" content=\"Die SMG lud zum ersten Cybersecurity Day. Experten aus Beh\u00f6rden und Wirtschaft diskutierten \u00fcber Pr\u00e4vention gegen Cyberkriminalit\u00e4t.\" \/>\n<meta name=\"robots\" content=\"index, follow, max-snippet:-1, max-image-preview:large, max-video-preview:-1\" \/>\n<link rel=\"canonical\" href=\"https:\/\/www.organisator.ch\/de\/operational-excellence\/2026-02-09\/smg-swiss-marketplace-group-setzt-auf-gemeinsame-praevention-gegen-cyberkriminalitaet\/\" \/>\n<meta property=\"og:locale\" content=\"de_DE\" \/>\n<meta property=\"og:type\" content=\"article\" \/>\n<meta property=\"og:title\" content=\"SMG Swiss Marketplace Group setzt auf gemeinsame Pr\u00e4vention gegen Cyberkriminalit\u00e4t\" \/>\n<meta property=\"og:description\" content=\"Die SMG lud zum ersten Cybersecurity Day. Experten aus Beh\u00f6rden und Wirtschaft diskutierten \u00fcber Pr\u00e4vention gegen Cyberkriminalit\u00e4t.\" \/>\n<meta property=\"og:url\" content=\"https:\/\/www.organisator.ch\/de\/operational-excellence\/2026-02-09\/smg-swiss-marketplace-group-setzt-auf-gemeinsame-praevention-gegen-cyberkriminalitaet\/\" \/>\n<meta property=\"og:site_name\" content=\"Organisator\" \/>\n<meta property=\"article:publisher\" content=\"https:\/\/www.facebook.com\/OrganisatorFachmagazin\" \/>\n<meta property=\"article:published_time\" content=\"2026-02-09T09:46:53+00:00\" \/>\n<meta property=\"og:image\" content=\"https:\/\/www.organisator.ch\/wp-content\/uploads\/2026\/02\/SMG20Cybersecurity20Day202026_Hassanin-scaled.jpg\" \/>\n\t<meta property=\"og:image:width\" content=\"1400\" \/>\n\t<meta property=\"og:image:height\" content=\"933\" \/>\n\t<meta property=\"og:image:type\" content=\"image\/jpeg\" \/>\n<meta name=\"author\" content=\"n8n\" \/>\n<meta name=\"twitter:card\" content=\"summary_large_image\" \/>\n<meta name=\"twitter:title\" content=\"#SMG Swiss Marketplace Group setzt auf gemeinsame #Pr\u00e4vention gegen #Cyberkriminalit\u00e4t\" \/>\n<meta name=\"twitter:description\" content=\"Die SMG lud zum ersten Cybersecurity Day. Experten aus Beh\u00f6rden und Wirtschaft diskutierten \u00fcber Pr\u00e4vention gegen Cyberkriminalit\u00e4t.\" \/>\n<meta name=\"twitter:image\" content=\"https:\/\/www.organisator.ch\/wp-content\/uploads\/2026\/02\/SMG20Cybersecurity20Day202026_Hassanin-scaled.jpg\" \/>\n<script type=\"application\/ld+json\" class=\"yoast-schema-graph\">{\"@context\":\"https:\\\/\\\/schema.org\",\"@graph\":[{\"@type\":\"Article\",\"@id\":\"https:\\\/\\\/www.organisator.ch\\\/operational-excellence\\\/2026-02-09\\\/smg-swiss-marketplace-group-setzt-auf-gemeinsame-praevention-gegen-cyberkriminalitaet\\\/#article\",\"isPartOf\":{\"@id\":\"https:\\\/\\\/www.organisator.ch\\\/operational-excellence\\\/2026-02-09\\\/smg-swiss-marketplace-group-setzt-auf-gemeinsame-praevention-gegen-cyberkriminalitaet\\\/\"},\"author\":{\"name\":\"n8n\",\"@id\":\"https:\\\/\\\/www.organisator.ch\\\/#\\\/schema\\\/person\\\/a9d0e0eff238db87a8f840f3b50359f0\"},\"headline\":\"SMG Swiss Marketplace Group setzt auf gemeinsame Pr\u00e4vention gegen Cyberkriminalit\u00e4t\",\"datePublished\":\"2026-02-09T09:46:53+00:00\",\"mainEntityOfPage\":{\"@id\":\"https:\\\/\\\/www.organisator.ch\\\/operational-excellence\\\/2026-02-09\\\/smg-swiss-marketplace-group-setzt-auf-gemeinsame-praevention-gegen-cyberkriminalitaet\\\/\"},\"wordCount\":670,\"publisher\":{\"@id\":\"https:\\\/\\\/www.organisator.ch\\\/#organization\"},\"image\":{\"@id\":\"https:\\\/\\\/www.organisator.ch\\\/operational-excellence\\\/2026-02-09\\\/smg-swiss-marketplace-group-setzt-auf-gemeinsame-praevention-gegen-cyberkriminalitaet\\\/#primaryimage\"},\"thumbnailUrl\":\"https:\\\/\\\/www.organisator.ch\\\/wp-content\\\/uploads\\\/2026\\\/02\\\/SMG20Cybersecurity20Day202026_Hassanin-scaled.jpg\",\"keywords\":[\"Cybersicherheit\",\"Digitalisierung\",\"Fachkongress\\\/Fachmesse\",\"Management und Unternehmensf\u00fchrung\"],\"articleSection\":[\"OPERATIONAL EXCELLENCE\"],\"inLanguage\":\"de\"},{\"@type\":\"WebPage\",\"@id\":\"https:\\\/\\\/www.organisator.ch\\\/operational-excellence\\\/2026-02-09\\\/smg-swiss-marketplace-group-setzt-auf-gemeinsame-praevention-gegen-cyberkriminalitaet\\\/\",\"url\":\"https:\\\/\\\/www.organisator.ch\\\/operational-excellence\\\/2026-02-09\\\/smg-swiss-marketplace-group-setzt-auf-gemeinsame-praevention-gegen-cyberkriminalitaet\\\/\",\"name\":\"SMG Swiss Marketplace Group setzt auf gemeinsame Pr\u00e4vention gegen Cyberkriminalit\u00e4t - Organisator\",\"isPartOf\":{\"@id\":\"https:\\\/\\\/www.organisator.ch\\\/#website\"},\"primaryImageOfPage\":{\"@id\":\"https:\\\/\\\/www.organisator.ch\\\/operational-excellence\\\/2026-02-09\\\/smg-swiss-marketplace-group-setzt-auf-gemeinsame-praevention-gegen-cyberkriminalitaet\\\/#primaryimage\"},\"image\":{\"@id\":\"https:\\\/\\\/www.organisator.ch\\\/operational-excellence\\\/2026-02-09\\\/smg-swiss-marketplace-group-setzt-auf-gemeinsame-praevention-gegen-cyberkriminalitaet\\\/#primaryimage\"},\"thumbnailUrl\":\"https:\\\/\\\/www.organisator.ch\\\/wp-content\\\/uploads\\\/2026\\\/02\\\/SMG20Cybersecurity20Day202026_Hassanin-scaled.jpg\",\"datePublished\":\"2026-02-09T09:46:53+00:00\",\"description\":\"Die SMG lud zum ersten Cybersecurity Day. Experten aus Beh\u00f6rden und Wirtschaft diskutierten \u00fcber Pr\u00e4vention gegen Cyberkriminalit\u00e4t.\",\"breadcrumb\":{\"@id\":\"https:\\\/\\\/www.organisator.ch\\\/operational-excellence\\\/2026-02-09\\\/smg-swiss-marketplace-group-setzt-auf-gemeinsame-praevention-gegen-cyberkriminalitaet\\\/#breadcrumb\"},\"inLanguage\":\"de\",\"potentialAction\":[{\"@type\":\"ReadAction\",\"target\":[\"https:\\\/\\\/www.organisator.ch\\\/operational-excellence\\\/2026-02-09\\\/smg-swiss-marketplace-group-setzt-auf-gemeinsame-praevention-gegen-cyberkriminalitaet\\\/\"]}]},{\"@type\":\"ImageObject\",\"inLanguage\":\"de\",\"@id\":\"https:\\\/\\\/www.organisator.ch\\\/operational-excellence\\\/2026-02-09\\\/smg-swiss-marketplace-group-setzt-auf-gemeinsame-praevention-gegen-cyberkriminalitaet\\\/#primaryimage\",\"url\":\"https:\\\/\\\/www.organisator.ch\\\/wp-content\\\/uploads\\\/2026\\\/02\\\/SMG20Cybersecurity20Day202026_Hassanin-scaled.jpg\",\"contentUrl\":\"https:\\\/\\\/www.organisator.ch\\\/wp-content\\\/uploads\\\/2026\\\/02\\\/SMG20Cybersecurity20Day202026_Hassanin-scaled.jpg\",\"width\":1400,\"height\":933},{\"@type\":\"BreadcrumbList\",\"@id\":\"https:\\\/\\\/www.organisator.ch\\\/operational-excellence\\\/2026-02-09\\\/smg-swiss-marketplace-group-setzt-auf-gemeinsame-praevention-gegen-cyberkriminalitaet\\\/#breadcrumb\",\"itemListElement\":[{\"@type\":\"ListItem\",\"position\":1,\"name\":\"Home\",\"item\":\"https:\\\/\\\/www.organisator.ch\\\/\"},{\"@type\":\"ListItem\",\"position\":2,\"name\":\"SMG Swiss Marketplace Group setzt auf gemeinsame Pr\u00e4vention gegen Cyberkriminalit\u00e4t\"}]},{\"@type\":\"WebSite\",\"@id\":\"https:\\\/\\\/www.organisator.ch\\\/#website\",\"url\":\"https:\\\/\\\/www.organisator.ch\\\/\",\"name\":\"Organisator\",\"description\":\"Kompetent. Praxisnah. Der ORGANISATOR bereitet in 10 Ausgaben pro Jahr die wesentlichen Themen f\u00fcr F\u00fchrungskr\u00e4fte von KMU auf.\",\"publisher\":{\"@id\":\"https:\\\/\\\/www.organisator.ch\\\/#organization\"},\"potentialAction\":[{\"@type\":\"SearchAction\",\"target\":{\"@type\":\"EntryPoint\",\"urlTemplate\":\"https:\\\/\\\/www.organisator.ch\\\/?s={search_term_string}\"},\"query-input\":{\"@type\":\"PropertyValueSpecification\",\"valueRequired\":true,\"valueName\":\"search_term_string\"}}],\"inLanguage\":\"de\"},{\"@type\":\"Organization\",\"@id\":\"https:\\\/\\\/www.organisator.ch\\\/#organization\",\"name\":\"Organisator\",\"url\":\"https:\\\/\\\/www.organisator.ch\\\/\",\"logo\":{\"@type\":\"ImageObject\",\"inLanguage\":\"de\",\"@id\":\"https:\\\/\\\/www.organisator.ch\\\/#\\\/schema\\\/logo\\\/image\\\/\",\"url\":\"https:\\\/\\\/www.organisator.ch\\\/wp-content\\\/uploads\\\/2022\\\/01\\\/Logo_Organisator_Website.png\",\"contentUrl\":\"https:\\\/\\\/www.organisator.ch\\\/wp-content\\\/uploads\\\/2022\\\/01\\\/Logo_Organisator_Website.png\",\"width\":800,\"height\":77,\"caption\":\"Organisator\"},\"image\":{\"@id\":\"https:\\\/\\\/www.organisator.ch\\\/#\\\/schema\\\/logo\\\/image\\\/\"},\"sameAs\":[\"https:\\\/\\\/www.facebook.com\\\/OrganisatorFachmagazin\",\"https:\\\/\\\/www.linkedin.com\\\/showcase\\\/organisator-das-magazin-fr-kmu\",\"https:\\\/\\\/www.xing.com\\\/news\\\/pages\\\/organisator-ch-695\",\"https:\\\/\\\/www.youtube.com\\\/channel\\\/UCGP2Sq0iWaZwT3BdIAQFYpw\"]},{\"@type\":\"Person\",\"@id\":\"https:\\\/\\\/www.organisator.ch\\\/#\\\/schema\\\/person\\\/a9d0e0eff238db87a8f840f3b50359f0\",\"name\":\"n8n\",\"image\":{\"@type\":\"ImageObject\",\"inLanguage\":\"de\",\"@id\":\"https:\\\/\\\/secure.gravatar.com\\\/avatar\\\/5368fb9d03fd415a6f335cece4c15af2502d6ca8651efbd6e8f98427a9795400?s=96&d=mm&r=g\",\"url\":\"https:\\\/\\\/secure.gravatar.com\\\/avatar\\\/5368fb9d03fd415a6f335cece4c15af2502d6ca8651efbd6e8f98427a9795400?s=96&d=mm&r=g\",\"contentUrl\":\"https:\\\/\\\/secure.gravatar.com\\\/avatar\\\/5368fb9d03fd415a6f335cece4c15af2502d6ca8651efbd6e8f98427a9795400?s=96&d=mm&r=g\",\"caption\":\"n8n\"},\"url\":\"https:\\\/\\\/www.organisator.ch\\\/de\\\/author\\\/n8n\\\/\"}]}<\/script>\n<!-- \/ Yoast SEO plugin. -->","yoast_head_json":{"title":"SMG Swiss Marketplace Group setzt auf gemeinsame Pr\u00e4vention gegen Cyberkriminalit\u00e4t - Organisator","description":"Die SMG lud zum ersten Cybersecurity Day. Experten aus Beh\u00f6rden und Wirtschaft diskutierten \u00fcber Pr\u00e4vention gegen Cyberkriminalit\u00e4t.","robots":{"index":"index","follow":"follow","max-snippet":"max-snippet:-1","max-image-preview":"max-image-preview:large","max-video-preview":"max-video-preview:-1"},"canonical":"https:\/\/www.organisator.ch\/de\/operational-excellence\/2026-02-09\/smg-swiss-marketplace-group-setzt-auf-gemeinsame-praevention-gegen-cyberkriminalitaet\/","og_locale":"de_DE","og_type":"article","og_title":"SMG Swiss Marketplace Group setzt auf gemeinsame Pr\u00e4vention gegen Cyberkriminalit\u00e4t","og_description":"Die SMG lud zum ersten Cybersecurity Day. Experten aus Beh\u00f6rden und Wirtschaft diskutierten \u00fcber Pr\u00e4vention gegen Cyberkriminalit\u00e4t.","og_url":"https:\/\/www.organisator.ch\/de\/operational-excellence\/2026-02-09\/smg-swiss-marketplace-group-setzt-auf-gemeinsame-praevention-gegen-cyberkriminalitaet\/","og_site_name":"Organisator","article_publisher":"https:\/\/www.facebook.com\/OrganisatorFachmagazin","article_published_time":"2026-02-09T09:46:53+00:00","og_image":[{"width":1400,"height":933,"url":"https:\/\/www.organisator.ch\/wp-content\/uploads\/2026\/02\/SMG20Cybersecurity20Day202026_Hassanin-scaled.jpg","type":"image\/jpeg"}],"author":"n8n","twitter_card":"summary_large_image","twitter_title":"#SMG Swiss Marketplace Group setzt auf gemeinsame #Pr\u00e4vention gegen #Cyberkriminalit\u00e4t","twitter_description":"Die SMG lud zum ersten Cybersecurity Day. Experten aus Beh\u00f6rden und Wirtschaft diskutierten \u00fcber Pr\u00e4vention gegen Cyberkriminalit\u00e4t.","twitter_image":"https:\/\/www.organisator.ch\/wp-content\/uploads\/2026\/02\/SMG20Cybersecurity20Day202026_Hassanin-scaled.jpg","schema":{"@context":"https:\/\/schema.org","@graph":[{"@type":"Article","@id":"https:\/\/www.organisator.ch\/operational-excellence\/2026-02-09\/smg-swiss-marketplace-group-setzt-auf-gemeinsame-praevention-gegen-cyberkriminalitaet\/#article","isPartOf":{"@id":"https:\/\/www.organisator.ch\/operational-excellence\/2026-02-09\/smg-swiss-marketplace-group-setzt-auf-gemeinsame-praevention-gegen-cyberkriminalitaet\/"},"author":{"name":"n8n","@id":"https:\/\/www.organisator.ch\/#\/schema\/person\/a9d0e0eff238db87a8f840f3b50359f0"},"headline":"SMG Swiss Marketplace Group setzt auf gemeinsame Pr\u00e4vention gegen Cyberkriminalit\u00e4t","datePublished":"2026-02-09T09:46:53+00:00","mainEntityOfPage":{"@id":"https:\/\/www.organisator.ch\/operational-excellence\/2026-02-09\/smg-swiss-marketplace-group-setzt-auf-gemeinsame-praevention-gegen-cyberkriminalitaet\/"},"wordCount":670,"publisher":{"@id":"https:\/\/www.organisator.ch\/#organization"},"image":{"@id":"https:\/\/www.organisator.ch\/operational-excellence\/2026-02-09\/smg-swiss-marketplace-group-setzt-auf-gemeinsame-praevention-gegen-cyberkriminalitaet\/#primaryimage"},"thumbnailUrl":"https:\/\/www.organisator.ch\/wp-content\/uploads\/2026\/02\/SMG20Cybersecurity20Day202026_Hassanin-scaled.jpg","keywords":["Cybersicherheit","Digitalisierung","Fachkongress\/Fachmesse","Management und Unternehmensf\u00fchrung"],"articleSection":["OPERATIONAL EXCELLENCE"],"inLanguage":"de"},{"@type":"WebPage","@id":"https:\/\/www.organisator.ch\/operational-excellence\/2026-02-09\/smg-swiss-marketplace-group-setzt-auf-gemeinsame-praevention-gegen-cyberkriminalitaet\/","url":"https:\/\/www.organisator.ch\/operational-excellence\/2026-02-09\/smg-swiss-marketplace-group-setzt-auf-gemeinsame-praevention-gegen-cyberkriminalitaet\/","name":"SMG Swiss Marketplace Group setzt auf gemeinsame Pr\u00e4vention gegen Cyberkriminalit\u00e4t - Organisator","isPartOf":{"@id":"https:\/\/www.organisator.ch\/#website"},"primaryImageOfPage":{"@id":"https:\/\/www.organisator.ch\/operational-excellence\/2026-02-09\/smg-swiss-marketplace-group-setzt-auf-gemeinsame-praevention-gegen-cyberkriminalitaet\/#primaryimage"},"image":{"@id":"https:\/\/www.organisator.ch\/operational-excellence\/2026-02-09\/smg-swiss-marketplace-group-setzt-auf-gemeinsame-praevention-gegen-cyberkriminalitaet\/#primaryimage"},"thumbnailUrl":"https:\/\/www.organisator.ch\/wp-content\/uploads\/2026\/02\/SMG20Cybersecurity20Day202026_Hassanin-scaled.jpg","datePublished":"2026-02-09T09:46:53+00:00","description":"Die SMG lud zum ersten Cybersecurity Day. Experten aus Beh\u00f6rden und Wirtschaft diskutierten \u00fcber Pr\u00e4vention gegen Cyberkriminalit\u00e4t.","breadcrumb":{"@id":"https:\/\/www.organisator.ch\/operational-excellence\/2026-02-09\/smg-swiss-marketplace-group-setzt-auf-gemeinsame-praevention-gegen-cyberkriminalitaet\/#breadcrumb"},"inLanguage":"de","potentialAction":[{"@type":"ReadAction","target":["https:\/\/www.organisator.ch\/operational-excellence\/2026-02-09\/smg-swiss-marketplace-group-setzt-auf-gemeinsame-praevention-gegen-cyberkriminalitaet\/"]}]},{"@type":"ImageObject","inLanguage":"de","@id":"https:\/\/www.organisator.ch\/operational-excellence\/2026-02-09\/smg-swiss-marketplace-group-setzt-auf-gemeinsame-praevention-gegen-cyberkriminalitaet\/#primaryimage","url":"https:\/\/www.organisator.ch\/wp-content\/uploads\/2026\/02\/SMG20Cybersecurity20Day202026_Hassanin-scaled.jpg","contentUrl":"https:\/\/www.organisator.ch\/wp-content\/uploads\/2026\/02\/SMG20Cybersecurity20Day202026_Hassanin-scaled.jpg","width":1400,"height":933},{"@type":"BreadcrumbList","@id":"https:\/\/www.organisator.ch\/operational-excellence\/2026-02-09\/smg-swiss-marketplace-group-setzt-auf-gemeinsame-praevention-gegen-cyberkriminalitaet\/#breadcrumb","itemListElement":[{"@type":"ListItem","position":1,"name":"Home","item":"https:\/\/www.organisator.ch\/"},{"@type":"ListItem","position":2,"name":"SMG Swiss Marketplace Group setzt auf gemeinsame Pr\u00e4vention gegen Cyberkriminalit\u00e4t"}]},{"@type":"WebSite","@id":"https:\/\/www.organisator.ch\/#website","url":"https:\/\/www.organisator.ch\/","name":"Organisator","description":"Kompetent. Praxisnah. Der ORGANISATOR bereitet in 10 Ausgaben pro Jahr die wesentlichen Themen f\u00fcr F\u00fchrungskr\u00e4fte von KMU auf.","publisher":{"@id":"https:\/\/www.organisator.ch\/#organization"},"potentialAction":[{"@type":"SearchAction","target":{"@type":"EntryPoint","urlTemplate":"https:\/\/www.organisator.ch\/?s={search_term_string}"},"query-input":{"@type":"PropertyValueSpecification","valueRequired":true,"valueName":"search_term_string"}}],"inLanguage":"de"},{"@type":"Organization","@id":"https:\/\/www.organisator.ch\/#organization","name":"Organisator","url":"https:\/\/www.organisator.ch\/","logo":{"@type":"ImageObject","inLanguage":"de","@id":"https:\/\/www.organisator.ch\/#\/schema\/logo\/image\/","url":"https:\/\/www.organisator.ch\/wp-content\/uploads\/2022\/01\/Logo_Organisator_Website.png","contentUrl":"https:\/\/www.organisator.ch\/wp-content\/uploads\/2022\/01\/Logo_Organisator_Website.png","width":800,"height":77,"caption":"Organisator"},"image":{"@id":"https:\/\/www.organisator.ch\/#\/schema\/logo\/image\/"},"sameAs":["https:\/\/www.facebook.com\/OrganisatorFachmagazin","https:\/\/www.linkedin.com\/showcase\/organisator-das-magazin-fr-kmu","https:\/\/www.xing.com\/news\/pages\/organisator-ch-695","https:\/\/www.youtube.com\/channel\/UCGP2Sq0iWaZwT3BdIAQFYpw"]},{"@type":"Person","@id":"https:\/\/www.organisator.ch\/#\/schema\/person\/a9d0e0eff238db87a8f840f3b50359f0","name":"n8n","image":{"@type":"ImageObject","inLanguage":"de","@id":"https:\/\/secure.gravatar.com\/avatar\/5368fb9d03fd415a6f335cece4c15af2502d6ca8651efbd6e8f98427a9795400?s=96&d=mm&r=g","url":"https:\/\/secure.gravatar.com\/avatar\/5368fb9d03fd415a6f335cece4c15af2502d6ca8651efbd6e8f98427a9795400?s=96&d=mm&r=g","contentUrl":"https:\/\/secure.gravatar.com\/avatar\/5368fb9d03fd415a6f335cece4c15af2502d6ca8651efbd6e8f98427a9795400?s=96&d=mm&r=g","caption":"n8n"},"url":"https:\/\/www.organisator.ch\/de\/author\/n8n\/"}]}},"_links":{"self":[{"href":"https:\/\/www.organisator.ch\/de\/wp-json\/wp\/v2\/posts\/44319","targetHints":{"allow":["GET"]}}],"collection":[{"href":"https:\/\/www.organisator.ch\/de\/wp-json\/wp\/v2\/posts"}],"about":[{"href":"https:\/\/www.organisator.ch\/de\/wp-json\/wp\/v2\/types\/post"}],"author":[{"embeddable":true,"href":"https:\/\/www.organisator.ch\/de\/wp-json\/wp\/v2\/users\/107"}],"replies":[{"embeddable":true,"href":"https:\/\/www.organisator.ch\/de\/wp-json\/wp\/v2\/comments?post=44319"}],"version-history":[{"count":4,"href":"https:\/\/www.organisator.ch\/de\/wp-json\/wp\/v2\/posts\/44319\/revisions"}],"predecessor-version":[{"id":44422,"href":"https:\/\/www.organisator.ch\/de\/wp-json\/wp\/v2\/posts\/44319\/revisions\/44422"}],"wp:featuredmedia":[{"embeddable":true,"href":"https:\/\/www.organisator.ch\/de\/wp-json\/wp\/v2\/media\/44318"}],"wp:attachment":[{"href":"https:\/\/www.organisator.ch\/de\/wp-json\/wp\/v2\/media?parent=44319"}],"wp:term":[{"taxonomy":"category","embeddable":true,"href":"https:\/\/www.organisator.ch\/de\/wp-json\/wp\/v2\/categories?post=44319"},{"taxonomy":"post_tag","embeddable":true,"href":"https:\/\/www.organisator.ch\/de\/wp-json\/wp\/v2\/tags?post=44319"}],"curies":[{"name":"wp","href":"https:\/\/api.w.org\/{rel}","templated":true}]}}