{"id":4442,"date":"2021-06-25T10:08:43","date_gmt":"2021-06-25T08:08:43","guid":{"rendered":"https:\/\/www.umweltperspektiven.ch\/?p=4442"},"modified":"2022-02-09T11:06:07","modified_gmt":"2022-02-09T10:06:07","slug":"hoehere-oekostromproduktion-im-winter-moeglich","status":"publish","type":"post","link":"https:\/\/www.organisator.ch\/de\/sustainability\/2021-06-25\/hoehere-oekostromproduktion-im-winter-moeglich\/","title":{"rendered":"H\u00f6here \u00d6kostromproduktion im Winter m\u00f6glich"},"content":{"rendered":"<figure id=\"attachment_4443\" aria-describedby=\"caption-attachment-4443\" style=\"width: 680px\" class=\"wp-caption aligncenter\"><img loading=\"lazy\" decoding=\"async\" class=\"wp-image-4443 size-medium\" src=\"\/\/www.umweltperspektiven.ch\/wp-content\/uploads\/2021\/06\/Depositphotos_8962562_s-2019.jpg\" alt=\" Photovoltaik, Stromerzeugung im Winter\" width=\"680\" height=\"481\" srcset=\"https:\/\/www.organisator.ch\/wp-content\/uploads\/2021\/06\/Depositphotos_8962562_s-2019.jpg 1000w, https:\/\/www.organisator.ch\/wp-content\/uploads\/2021\/06\/Depositphotos_8962562_s-2019-680x481.jpg 680w, https:\/\/www.organisator.ch\/wp-content\/uploads\/2021\/06\/Depositphotos_8962562_s-2019-768x543.jpg 768w, https:\/\/www.organisator.ch\/wp-content\/uploads\/2021\/06\/Depositphotos_8962562_s-2019-18x12.jpg 18w, https:\/\/www.organisator.ch\/wp-content\/uploads\/2021\/06\/Depositphotos_8962562_s-2019-248x175.jpg 248w, https:\/\/www.organisator.ch\/wp-content\/uploads\/2021\/06\/Depositphotos_8962562_s-2019-495x350.jpg 495w, https:\/\/www.organisator.ch\/wp-content\/uploads\/2021\/06\/Depositphotos_8962562_s-2019-920x650.jpg 920w, https:\/\/www.organisator.ch\/wp-content\/uploads\/2021\/06\/Depositphotos_8962562_s-2019-300x212.jpg 300w\" sizes=\"auto, (max-width: 680px) 100vw, 680px\" \/><figcaption id=\"caption-attachment-4443\" class=\"wp-caption-text\">Photovoltaik an Fassaden gibt es heute noch viel zu wenig. \u00a9 Depositphotos, hansenn<\/figcaption><\/figure>\n<p>Die Energieversorgung wird bekanntlich zunehmend elektrischer. Beim Ausbau der inl\u00e4ndischen erneuerbaren Stromproduktion spielt deshalb die Photovoltaik (PV) eine grosse Rolle. Im Jahr 2050 k\u00f6nnte sie j\u00e4hrlich gegen 34 Terawattstunden (TWh) liefern, wie das Bundesamt f\u00fcr Energie (BFE) schreibt. Das gesamte Potenzial der Solarstromproduktion auf und an Geb\u00e4uden liegt gem\u00e4ss BFE bei 67 TWh pro Jahr, davon 50 TWh auf D\u00e4chern und 17 TWh auf Fassaden. Die Ende 2019 in der Schweiz installierten Anlagen produzieren pro Jahr rund 2,5 TWh Solarstrom, davon 0,7 TWh oder rund 27% im Winterhalbjahr.<\/p>\n<p>Der soeben vom Bundesrat verabschiedete Bericht\u00a0<a href=\"\/\/www.umweltperspektiven.ch\/wp-content\/uploads\/2021\/06\/\u00abStromerzeugung-im-Winter-dank-Photovoltaik\u00bb.pdf\">\u00abStromerzeugung im Winter dank Photovoltaik\u00bb<\/a>\u00a0untersucht, wie sich die Wahl spezifischer Fl\u00e4chen, die geografische Lage (Mittelland oder alpine Regionen), die Installationsart (flach oder geneigt) auf die Solarstromproduktion im Winter und auf die Wirtschaftlichkeit der Anlagen auswirkt.<\/p>\n<h2><strong>Photovoltaik: Steigerung im Winter ohne gr\u00f6ssere Zusatzkosten m\u00f6glich<\/strong><\/h2>\n<p>Gem\u00e4ss genanntem Bericht k\u00f6nnte der Winteranteil der PV-Produktion gesteigert werden: Eine Optimierung der genutzten Geb\u00e4udefl\u00e4chen w\u00e4re ohne gr\u00f6ssere Zusatzkosten von heute 27% auf 30% m\u00f6glich. Dazu m\u00fcssten vermehrt PV-Anlagen auf nach S\u00fcden ausgerichteten Fassaden installiert werden. Solche Fassadenanlagen werden heute noch kaum gebaut. Der Zubau von Fassadenanlagen k\u00f6nnte beispielsweise \u00fcber eine h\u00f6here Einmalverg\u00fctung, \u00e4hnlich wie aktuell bei integrierten Anlagen, gef\u00f6rdert werden, wie der Bundesrat schreibt. Von den 34 TWh Solarstrom im Jahr 2050 k\u00f6nnten so rund 10 TWh im Winter produziert werden. Eine Steigerung des Winteranteils auf bis zu 35% w\u00e4re zwar theoretisch m\u00f6glich. Das w\u00fcrde jedoch unverh\u00e4ltnism\u00e4ssig hohe Kosten verursachen, wie es abschliessend heisst.<\/p>\n<p><em>Quelle: Bund<\/em><\/p>\n<p><em><strong>Weitere Themen:<\/strong><\/em><\/p>\n<ul>\n<li><em><a href=\"\/\/www.umweltperspektiven.ch\/pv-anlagen-viel-foerdergeld-und-weniger-buerokratie\/\">PV-Anlagen: viel F\u00f6rdergeld und weniger B\u00fcrokratie<\/a><\/em><\/li>\n<li><a href=\"\/\/www.umweltperspektiven.ch\/demand-side-management-im-kuenftigen-stromsystem-schweiz\/\"><em>Demand-Side-Management im k\u00fcnftigen Stromsystem Schweiz<\/em><\/a><\/li>\n<\/ul>\n","protected":false},"excerpt":{"rendered":"<p>Die Energieversorgung wird bekanntlich zunehmend elektrischer. Beim Ausbau der inl\u00e4ndischen erneuerbaren Stromproduktion spielt deshalb die Photovoltaik (PV) eine grosse Rolle. Im Jahr 2050 k\u00f6nnte sie j\u00e4hrlich gegen 34 Terawattstunden (TWh) liefern, wie das Bundesamt f\u00fcr Energie (BFE) schreibt. Das gesamte Potenzial der Solarstromproduktion auf und an Geb\u00e4uden liegt gem\u00e4ss BFE bei 67 TWh pro Jahr, [&hellip;]<\/p>\n","protected":false},"author":6,"featured_media":4443,"comment_status":"closed","ping_status":"closed","sticky":false,"template":"","format":"standard","meta":{"_acf_changed":false,"_yoast_wpseo_focuskw":"Photovoltaik","_yoast_wpseo_metadesc":"Im Winterhalbjahr k\u00f6nnte ohne grosse Zusatzkosten mehr erneuerbare Energie produziert werden, und zwar dank Photovoltaik.","articlekey":"","footnotes":""},"categories":[580],"tags":[1159,1962,2150,460,2573],"class_list":["post-4442","post","type-post","status-publish","format-standard","has-post-thumbnail","hentry","category-sustainability","tag-fassade","tag-pv-anlagen","tag-solarstromproduktion","tag-studien","tag-winterhalbjahr"],"acf":[],"yoast_head":"<!-- This site is optimized with the Yoast SEO plugin v27.5 - https:\/\/yoast.com\/product\/yoast-seo-wordpress\/ -->\n<title>%%erneuerbare Energie%<\/title>\n<meta name=\"description\" content=\"Im Winterhalbjahr k\u00f6nnte ohne grosse Zusatzkosten mehr erneuerbare Energie produziert werden, und zwar dank Photovoltaik.\" \/>\n<meta name=\"robots\" content=\"index, follow, max-snippet:-1, max-image-preview:large, max-video-preview:-1\" \/>\n<link rel=\"canonical\" href=\"https:\/\/www.organisator.ch\/de\/sustainability\/2021-06-25\/hoehere-oekostromproduktion-im-winter-moeglich\/\" \/>\n<meta property=\"og:locale\" content=\"de_DE\" \/>\n<meta property=\"og:type\" content=\"article\" \/>\n<meta property=\"og:title\" content=\"%%erneuerbare Energie%\" \/>\n<meta property=\"og:description\" content=\"Im Winterhalbjahr k\u00f6nnte ohne grosse Zusatzkosten mehr erneuerbare Energie produziert werden, und zwar dank Photovoltaik.\" \/>\n<meta property=\"og:url\" content=\"https:\/\/www.organisator.ch\/de\/sustainability\/2021-06-25\/hoehere-oekostromproduktion-im-winter-moeglich\/\" \/>\n<meta property=\"og:site_name\" content=\"Organisator\" \/>\n<meta property=\"article:publisher\" content=\"https:\/\/www.facebook.com\/OrganisatorFachmagazin\" \/>\n<meta property=\"article:published_time\" content=\"2021-06-25T08:08:43+00:00\" \/>\n<meta property=\"article:modified_time\" content=\"2022-02-09T10:06:07+00:00\" \/>\n<meta property=\"og:image\" content=\"https:\/\/www.organisator.ch\/wp-content\/uploads\/2021\/06\/Depositphotos_8962562_s-2019.jpg\" \/>\n\t<meta property=\"og:image:width\" content=\"1000\" \/>\n\t<meta property=\"og:image:height\" content=\"707\" \/>\n\t<meta property=\"og:image:type\" content=\"image\/jpeg\" \/>\n<meta name=\"author\" content=\"roger.straessle\" \/>\n<meta name=\"twitter:card\" content=\"summary_large_image\" \/>\n<script type=\"application\/ld+json\" class=\"yoast-schema-graph\">{\"@context\":\"https:\\\/\\\/schema.org\",\"@graph\":[{\"@type\":\"Article\",\"@id\":\"https:\\\/\\\/www.organisator.ch\\\/sustainability\\\/2021-06-25\\\/hoehere-oekostromproduktion-im-winter-moeglich\\\/#article\",\"isPartOf\":{\"@id\":\"https:\\\/\\\/www.organisator.ch\\\/sustainability\\\/2021-06-25\\\/hoehere-oekostromproduktion-im-winter-moeglich\\\/\"},\"author\":{\"name\":\"roger.straessle\",\"@id\":\"https:\\\/\\\/www.organisator.ch\\\/#\\\/schema\\\/person\\\/a800b8c54e208b160517a7dcc323161d\"},\"headline\":\"H\u00f6here \u00d6kostromproduktion im Winter m\u00f6glich\",\"datePublished\":\"2021-06-25T08:08:43+00:00\",\"dateModified\":\"2022-02-09T10:06:07+00:00\",\"mainEntityOfPage\":{\"@id\":\"https:\\\/\\\/www.organisator.ch\\\/sustainability\\\/2021-06-25\\\/hoehere-oekostromproduktion-im-winter-moeglich\\\/\"},\"wordCount\":301,\"publisher\":{\"@id\":\"https:\\\/\\\/www.organisator.ch\\\/#organization\"},\"image\":{\"@id\":\"https:\\\/\\\/www.organisator.ch\\\/sustainability\\\/2021-06-25\\\/hoehere-oekostromproduktion-im-winter-moeglich\\\/#primaryimage\"},\"thumbnailUrl\":\"https:\\\/\\\/www.organisator.ch\\\/wp-content\\\/uploads\\\/2021\\\/06\\\/Depositphotos_8962562_s-2019.jpg\",\"keywords\":[\"Fassade\",\"PV-Anlagen\",\"Solarstromproduktion\",\"Studien\",\"Winterhalbjahr\"],\"articleSection\":[\"SUSTAINABILITY\"],\"inLanguage\":\"de\"},{\"@type\":\"WebPage\",\"@id\":\"https:\\\/\\\/www.organisator.ch\\\/sustainability\\\/2021-06-25\\\/hoehere-oekostromproduktion-im-winter-moeglich\\\/\",\"url\":\"https:\\\/\\\/www.organisator.ch\\\/sustainability\\\/2021-06-25\\\/hoehere-oekostromproduktion-im-winter-moeglich\\\/\",\"name\":\"%%erneuerbare Energie%\",\"isPartOf\":{\"@id\":\"https:\\\/\\\/www.organisator.ch\\\/#website\"},\"primaryImageOfPage\":{\"@id\":\"https:\\\/\\\/www.organisator.ch\\\/sustainability\\\/2021-06-25\\\/hoehere-oekostromproduktion-im-winter-moeglich\\\/#primaryimage\"},\"image\":{\"@id\":\"https:\\\/\\\/www.organisator.ch\\\/sustainability\\\/2021-06-25\\\/hoehere-oekostromproduktion-im-winter-moeglich\\\/#primaryimage\"},\"thumbnailUrl\":\"https:\\\/\\\/www.organisator.ch\\\/wp-content\\\/uploads\\\/2021\\\/06\\\/Depositphotos_8962562_s-2019.jpg\",\"datePublished\":\"2021-06-25T08:08:43+00:00\",\"dateModified\":\"2022-02-09T10:06:07+00:00\",\"description\":\"Im Winterhalbjahr k\u00f6nnte ohne grosse Zusatzkosten mehr erneuerbare Energie produziert werden, und zwar dank Photovoltaik.\",\"breadcrumb\":{\"@id\":\"https:\\\/\\\/www.organisator.ch\\\/sustainability\\\/2021-06-25\\\/hoehere-oekostromproduktion-im-winter-moeglich\\\/#breadcrumb\"},\"inLanguage\":\"de\",\"potentialAction\":[{\"@type\":\"ReadAction\",\"target\":[\"https:\\\/\\\/www.organisator.ch\\\/sustainability\\\/2021-06-25\\\/hoehere-oekostromproduktion-im-winter-moeglich\\\/\"]}]},{\"@type\":\"ImageObject\",\"inLanguage\":\"de\",\"@id\":\"https:\\\/\\\/www.organisator.ch\\\/sustainability\\\/2021-06-25\\\/hoehere-oekostromproduktion-im-winter-moeglich\\\/#primaryimage\",\"url\":\"https:\\\/\\\/www.organisator.ch\\\/wp-content\\\/uploads\\\/2021\\\/06\\\/Depositphotos_8962562_s-2019.jpg\",\"contentUrl\":\"https:\\\/\\\/www.organisator.ch\\\/wp-content\\\/uploads\\\/2021\\\/06\\\/Depositphotos_8962562_s-2019.jpg\",\"width\":1000,\"height\":707,\"caption\":\"\u00a9 Depositphotos, hansenn\"},{\"@type\":\"BreadcrumbList\",\"@id\":\"https:\\\/\\\/www.organisator.ch\\\/sustainability\\\/2021-06-25\\\/hoehere-oekostromproduktion-im-winter-moeglich\\\/#breadcrumb\",\"itemListElement\":[{\"@type\":\"ListItem\",\"position\":1,\"name\":\"Home\",\"item\":\"https:\\\/\\\/www.organisator.ch\\\/\"},{\"@type\":\"ListItem\",\"position\":2,\"name\":\"H\u00f6here \u00d6kostromproduktion im Winter m\u00f6glich\"}]},{\"@type\":\"WebSite\",\"@id\":\"https:\\\/\\\/www.organisator.ch\\\/#website\",\"url\":\"https:\\\/\\\/www.organisator.ch\\\/\",\"name\":\"Organisator\",\"description\":\"Kompetent. Praxisnah. Der ORGANISATOR bereitet in 10 Ausgaben pro Jahr die wesentlichen Themen f\u00fcr F\u00fchrungskr\u00e4fte von KMU auf.\",\"publisher\":{\"@id\":\"https:\\\/\\\/www.organisator.ch\\\/#organization\"},\"potentialAction\":[{\"@type\":\"SearchAction\",\"target\":{\"@type\":\"EntryPoint\",\"urlTemplate\":\"https:\\\/\\\/www.organisator.ch\\\/?s={search_term_string}\"},\"query-input\":{\"@type\":\"PropertyValueSpecification\",\"valueRequired\":true,\"valueName\":\"search_term_string\"}}],\"inLanguage\":\"de\"},{\"@type\":\"Organization\",\"@id\":\"https:\\\/\\\/www.organisator.ch\\\/#organization\",\"name\":\"Organisator\",\"url\":\"https:\\\/\\\/www.organisator.ch\\\/\",\"logo\":{\"@type\":\"ImageObject\",\"inLanguage\":\"de\",\"@id\":\"https:\\\/\\\/www.organisator.ch\\\/#\\\/schema\\\/logo\\\/image\\\/\",\"url\":\"https:\\\/\\\/www.organisator.ch\\\/wp-content\\\/uploads\\\/2022\\\/01\\\/Logo_Organisator_Website.png\",\"contentUrl\":\"https:\\\/\\\/www.organisator.ch\\\/wp-content\\\/uploads\\\/2022\\\/01\\\/Logo_Organisator_Website.png\",\"width\":800,\"height\":77,\"caption\":\"Organisator\"},\"image\":{\"@id\":\"https:\\\/\\\/www.organisator.ch\\\/#\\\/schema\\\/logo\\\/image\\\/\"},\"sameAs\":[\"https:\\\/\\\/www.facebook.com\\\/OrganisatorFachmagazin\",\"https:\\\/\\\/www.linkedin.com\\\/showcase\\\/organisator-das-magazin-fr-kmu\",\"https:\\\/\\\/www.xing.com\\\/news\\\/pages\\\/organisator-ch-695\",\"https:\\\/\\\/www.youtube.com\\\/channel\\\/UCGP2Sq0iWaZwT3BdIAQFYpw\"]},{\"@type\":\"Person\",\"@id\":\"https:\\\/\\\/www.organisator.ch\\\/#\\\/schema\\\/person\\\/a800b8c54e208b160517a7dcc323161d\",\"name\":\"roger.straessle\",\"image\":{\"@type\":\"ImageObject\",\"inLanguage\":\"de\",\"@id\":\"https:\\\/\\\/secure.gravatar.com\\\/avatar\\\/?s=96&d=mm&r=g\",\"url\":\"https:\\\/\\\/secure.gravatar.com\\\/avatar\\\/?s=96&d=mm&r=g\",\"contentUrl\":\"https:\\\/\\\/secure.gravatar.com\\\/avatar\\\/?s=96&d=mm&r=g\",\"caption\":\"roger.straessle\"},\"url\":\"https:\\\/\\\/www.organisator.ch\\\/de\\\/author\\\/roger-straessle\\\/\"}]}<\/script>\n<!-- \/ Yoast SEO plugin. -->","yoast_head_json":{"title":"%%erneuerbare Energie%","description":"Im Winterhalbjahr k\u00f6nnte ohne grosse Zusatzkosten mehr erneuerbare Energie produziert werden, und zwar dank Photovoltaik.","robots":{"index":"index","follow":"follow","max-snippet":"max-snippet:-1","max-image-preview":"max-image-preview:large","max-video-preview":"max-video-preview:-1"},"canonical":"https:\/\/www.organisator.ch\/de\/sustainability\/2021-06-25\/hoehere-oekostromproduktion-im-winter-moeglich\/","og_locale":"de_DE","og_type":"article","og_title":"%%erneuerbare Energie%","og_description":"Im Winterhalbjahr k\u00f6nnte ohne grosse Zusatzkosten mehr erneuerbare Energie produziert werden, und zwar dank Photovoltaik.","og_url":"https:\/\/www.organisator.ch\/de\/sustainability\/2021-06-25\/hoehere-oekostromproduktion-im-winter-moeglich\/","og_site_name":"Organisator","article_publisher":"https:\/\/www.facebook.com\/OrganisatorFachmagazin","article_published_time":"2021-06-25T08:08:43+00:00","article_modified_time":"2022-02-09T10:06:07+00:00","og_image":[{"width":1000,"height":707,"url":"https:\/\/www.organisator.ch\/wp-content\/uploads\/2021\/06\/Depositphotos_8962562_s-2019.jpg","type":"image\/jpeg"}],"author":"roger.straessle","twitter_card":"summary_large_image","schema":{"@context":"https:\/\/schema.org","@graph":[{"@type":"Article","@id":"https:\/\/www.organisator.ch\/sustainability\/2021-06-25\/hoehere-oekostromproduktion-im-winter-moeglich\/#article","isPartOf":{"@id":"https:\/\/www.organisator.ch\/sustainability\/2021-06-25\/hoehere-oekostromproduktion-im-winter-moeglich\/"},"author":{"name":"roger.straessle","@id":"https:\/\/www.organisator.ch\/#\/schema\/person\/a800b8c54e208b160517a7dcc323161d"},"headline":"H\u00f6here \u00d6kostromproduktion im Winter m\u00f6glich","datePublished":"2021-06-25T08:08:43+00:00","dateModified":"2022-02-09T10:06:07+00:00","mainEntityOfPage":{"@id":"https:\/\/www.organisator.ch\/sustainability\/2021-06-25\/hoehere-oekostromproduktion-im-winter-moeglich\/"},"wordCount":301,"publisher":{"@id":"https:\/\/www.organisator.ch\/#organization"},"image":{"@id":"https:\/\/www.organisator.ch\/sustainability\/2021-06-25\/hoehere-oekostromproduktion-im-winter-moeglich\/#primaryimage"},"thumbnailUrl":"https:\/\/www.organisator.ch\/wp-content\/uploads\/2021\/06\/Depositphotos_8962562_s-2019.jpg","keywords":["Fassade","PV-Anlagen","Solarstromproduktion","Studien","Winterhalbjahr"],"articleSection":["SUSTAINABILITY"],"inLanguage":"de"},{"@type":"WebPage","@id":"https:\/\/www.organisator.ch\/sustainability\/2021-06-25\/hoehere-oekostromproduktion-im-winter-moeglich\/","url":"https:\/\/www.organisator.ch\/sustainability\/2021-06-25\/hoehere-oekostromproduktion-im-winter-moeglich\/","name":"%%erneuerbare Energie%","isPartOf":{"@id":"https:\/\/www.organisator.ch\/#website"},"primaryImageOfPage":{"@id":"https:\/\/www.organisator.ch\/sustainability\/2021-06-25\/hoehere-oekostromproduktion-im-winter-moeglich\/#primaryimage"},"image":{"@id":"https:\/\/www.organisator.ch\/sustainability\/2021-06-25\/hoehere-oekostromproduktion-im-winter-moeglich\/#primaryimage"},"thumbnailUrl":"https:\/\/www.organisator.ch\/wp-content\/uploads\/2021\/06\/Depositphotos_8962562_s-2019.jpg","datePublished":"2021-06-25T08:08:43+00:00","dateModified":"2022-02-09T10:06:07+00:00","description":"Im Winterhalbjahr k\u00f6nnte ohne grosse Zusatzkosten mehr erneuerbare Energie produziert werden, und zwar dank Photovoltaik.","breadcrumb":{"@id":"https:\/\/www.organisator.ch\/sustainability\/2021-06-25\/hoehere-oekostromproduktion-im-winter-moeglich\/#breadcrumb"},"inLanguage":"de","potentialAction":[{"@type":"ReadAction","target":["https:\/\/www.organisator.ch\/sustainability\/2021-06-25\/hoehere-oekostromproduktion-im-winter-moeglich\/"]}]},{"@type":"ImageObject","inLanguage":"de","@id":"https:\/\/www.organisator.ch\/sustainability\/2021-06-25\/hoehere-oekostromproduktion-im-winter-moeglich\/#primaryimage","url":"https:\/\/www.organisator.ch\/wp-content\/uploads\/2021\/06\/Depositphotos_8962562_s-2019.jpg","contentUrl":"https:\/\/www.organisator.ch\/wp-content\/uploads\/2021\/06\/Depositphotos_8962562_s-2019.jpg","width":1000,"height":707,"caption":"\u00a9 Depositphotos, hansenn"},{"@type":"BreadcrumbList","@id":"https:\/\/www.organisator.ch\/sustainability\/2021-06-25\/hoehere-oekostromproduktion-im-winter-moeglich\/#breadcrumb","itemListElement":[{"@type":"ListItem","position":1,"name":"Home","item":"https:\/\/www.organisator.ch\/"},{"@type":"ListItem","position":2,"name":"H\u00f6here \u00d6kostromproduktion im Winter m\u00f6glich"}]},{"@type":"WebSite","@id":"https:\/\/www.organisator.ch\/#website","url":"https:\/\/www.organisator.ch\/","name":"Organisator","description":"Kompetent. Praxisnah. Der ORGANISATOR bereitet in 10 Ausgaben pro Jahr die wesentlichen Themen f\u00fcr F\u00fchrungskr\u00e4fte von KMU auf.","publisher":{"@id":"https:\/\/www.organisator.ch\/#organization"},"potentialAction":[{"@type":"SearchAction","target":{"@type":"EntryPoint","urlTemplate":"https:\/\/www.organisator.ch\/?s={search_term_string}"},"query-input":{"@type":"PropertyValueSpecification","valueRequired":true,"valueName":"search_term_string"}}],"inLanguage":"de"},{"@type":"Organization","@id":"https:\/\/www.organisator.ch\/#organization","name":"Organisator","url":"https:\/\/www.organisator.ch\/","logo":{"@type":"ImageObject","inLanguage":"de","@id":"https:\/\/www.organisator.ch\/#\/schema\/logo\/image\/","url":"https:\/\/www.organisator.ch\/wp-content\/uploads\/2022\/01\/Logo_Organisator_Website.png","contentUrl":"https:\/\/www.organisator.ch\/wp-content\/uploads\/2022\/01\/Logo_Organisator_Website.png","width":800,"height":77,"caption":"Organisator"},"image":{"@id":"https:\/\/www.organisator.ch\/#\/schema\/logo\/image\/"},"sameAs":["https:\/\/www.facebook.com\/OrganisatorFachmagazin","https:\/\/www.linkedin.com\/showcase\/organisator-das-magazin-fr-kmu","https:\/\/www.xing.com\/news\/pages\/organisator-ch-695","https:\/\/www.youtube.com\/channel\/UCGP2Sq0iWaZwT3BdIAQFYpw"]},{"@type":"Person","@id":"https:\/\/www.organisator.ch\/#\/schema\/person\/a800b8c54e208b160517a7dcc323161d","name":"roger.straessle","image":{"@type":"ImageObject","inLanguage":"de","@id":"https:\/\/secure.gravatar.com\/avatar\/?s=96&d=mm&r=g","url":"https:\/\/secure.gravatar.com\/avatar\/?s=96&d=mm&r=g","contentUrl":"https:\/\/secure.gravatar.com\/avatar\/?s=96&d=mm&r=g","caption":"roger.straessle"},"url":"https:\/\/www.organisator.ch\/de\/author\/roger-straessle\/"}]}},"_links":{"self":[{"href":"https:\/\/www.organisator.ch\/de\/wp-json\/wp\/v2\/posts\/4442","targetHints":{"allow":["GET"]}}],"collection":[{"href":"https:\/\/www.organisator.ch\/de\/wp-json\/wp\/v2\/posts"}],"about":[{"href":"https:\/\/www.organisator.ch\/de\/wp-json\/wp\/v2\/types\/post"}],"author":[{"embeddable":true,"href":"https:\/\/www.organisator.ch\/de\/wp-json\/wp\/v2\/users\/6"}],"replies":[{"embeddable":true,"href":"https:\/\/www.organisator.ch\/de\/wp-json\/wp\/v2\/comments?post=4442"}],"version-history":[{"count":1,"href":"https:\/\/www.organisator.ch\/de\/wp-json\/wp\/v2\/posts\/4442\/revisions"}],"predecessor-version":[{"id":10470,"href":"https:\/\/www.organisator.ch\/de\/wp-json\/wp\/v2\/posts\/4442\/revisions\/10470"}],"wp:featuredmedia":[{"embeddable":true,"href":"https:\/\/www.organisator.ch\/de\/wp-json\/wp\/v2\/media\/4443"}],"wp:attachment":[{"href":"https:\/\/www.organisator.ch\/de\/wp-json\/wp\/v2\/media?parent=4442"}],"wp:term":[{"taxonomy":"category","embeddable":true,"href":"https:\/\/www.organisator.ch\/de\/wp-json\/wp\/v2\/categories?post=4442"},{"taxonomy":"post_tag","embeddable":true,"href":"https:\/\/www.organisator.ch\/de\/wp-json\/wp\/v2\/tags?post=4442"}],"curies":[{"name":"wp","href":"https:\/\/api.w.org\/{rel}","templated":true}]}}