{"id":44436,"date":"2026-02-11T07:49:56","date_gmt":"2026-02-11T06:49:56","guid":{"rendered":"https:\/\/www.m-q.ch\/?p=22416"},"modified":"2026-02-11T13:14:14","modified_gmt":"2026-02-11T12:14:14","slug":"private-ai-als-antwort-auf-verschaerfte-datenschutzanforderungen","status":"publish","type":"post","link":"https:\/\/www.organisator.ch\/de\/operational-excellence\/2026-02-11\/private-ai-als-antwort-auf-verschaerfte-datenschutzanforderungen\/","title":{"rendered":"Private AI als Antwort auf versch\u00e4rfte Datenschutzanforderungen"},"content":{"rendered":"<figure id=\"attachment_22417\" class=\"wp-caption alignnone\" style=\"width: 637px;\" aria-describedby=\"caption-attachment-22417\"><img class=\"size-full wp-image-22417\" src=\"https:\/\/www.m-q.ch\/wp-content\/uploads\/2026\/02\/Francisco20Mateo-SidrC3B3n-1.jpg\" sizes=\"(max-width: 637px) 100vw, 637px\" srcset=\"https:\/\/www.m-q.ch\/wp-content\/uploads\/2026\/02\/Francisco20Mateo-SidrC3B3n-1.jpg 637w, https:\/\/www.m-q.ch\/wp-content\/uploads\/2026\/02\/Francisco20Mateo-SidrC3B3n-1-18x12.jpg 18w, https:\/\/www.m-q.ch\/wp-content\/uploads\/2026\/02\/Francisco20Mateo-SidrC3B3n-1-375x248.jpg 375w, https:\/\/www.m-q.ch\/wp-content\/uploads\/2026\/02\/Francisco20Mateo-SidrC3B3n-1-530x350.jpg 530w\" alt=\"\" width=\"637\" height=\"421\" \/>\r\n<figcaption id=\"caption-attachment-22417\" class=\"wp-caption-text\">Francisco Mateo-Sidr\u00f3n, Head of EMEA bei Cloudera (Quelle: Cloudera)<\/figcaption>\r\n<\/figure>\r\n<p>Die Diskussion rund um den Safer Internet Day hat sich in den letzten Jahren grundlegend gewandelt. Statt individueller Passworthygiene stehen 2026 umfassendere Themen wie die Regulierung k\u00fcnstlicher Intelligenz im Mittelpunkt. In Deutschland versch\u00e4rfen die DSGVO und der EU AI Act die Anforderungen an den Umgang mit KI-Systemen deutlich. Gleichzeitig versuchen Unternehmen, mit dem Fortschritt der KI mitzuhalten und verst\u00e4rkt datengetrieben zu agieren.<\/p>\r\n<p>Daten bilden die Grundlage der KI-Nutzung, besonders wenn Unternehmen \u00fcber grosse Mengen an Verbraucherinformationen verf\u00fcgen. Das spiegelt sich laut einer Cloudera-Umfrage in der Datenkultur wider: In Deutschland stieg der Anteil der Befragten, die ihre Unternehmenskultur als \u00abextrem datengetrieben\u00bb einordnen, von acht Prozent (2024) auf 30 Prozent (2025).<\/p>\r\n<h3>Volatile Bedrohungslage und geopolitische Spannungen<\/h3>\r\n<p>Die Dringlichkeit, Datenschutz als Teil von KI-Strategien mitzudenken, ergibt sich aus einer volatilen Bedrohungslage und geopolitischen Spannungen. Die zunehmende Nutzung von KI in verschiedenen Unternehmensbereichen erh\u00f6ht die Angriffsfl\u00e4che f\u00fcr Cyberbedrohungen. Der Stanford AI Index Report 2025 dokumentiert einen Anstieg der Sicherheits- und Datenschutzvorf\u00e4lle im KI-Umfeld um mehr als 56 Prozent innerhalb eines Jahres.<\/p>\r\n<p>Besonders im Fokus der Cyberkriminellen stehen weiterhin Verbraucherdaten: Im Bericht \u00abCost of a Data Breach\u00bb von IBM waren sie weltweit der am h\u00e4ufigsten kompromittierte Datentyp und tauchten in 53 Prozent aller Datenschutzverletzungen im Einzelhandel auf. Die geh\u00e4uften Cyberbedrohungen richten sich auf die grossen Transaktionsvolumina und die sensiblen pers\u00f6nlichen Daten, die Einzelh\u00e4ndler und Finanzinstitute verwalten.<\/p>\r\n<p>Zudem ist das Bewusstsein der Verbraucher f\u00fcr den Wert ihrer Daten gestiegen, wie die Cisco 2026 Data Privacy Benchmark Studie zeigt. Demnach geben 46 Prozent der globalen Unternehmen an, dass eine klare Kommunikation dar\u00fcber, wie die KI mit Verbraucherdaten trainiert wird, essenziell ist. Nur so bleibt das Vertrauen der Nutzer in eine Organisation bestehen.<\/p>\r\n<h3>Private AI \u00fcberwindet das Datenschutzdilemma<\/h3>\r\n<p>Unternehmen m\u00fcssen die Daten, die ihr Wachstum vorantreiben, verantwortungsbewusst verwalten und sch\u00fctzen, um das Risiko von Datenlecks und unbefugtem Zugriff zu reduzieren. Unter diesen Umst\u00e4nden f\u00fchrt ein einziger Verstoss nicht nur zu Geldstrafen, sondern kann die Reputation und den Markenwert langfristig sch\u00e4digen. Gleichzeitig gilt es, die Grenzen von KI auszuloten, um sich einen Wettbewerbsvorteil zu verschaffen.<\/p>\r\n<p>Hier hat sich Private AI als entscheidendes Framework f\u00fcr moderne Unternehmen herauskristallisiert. Dahinter verbirgt sich ein strategischer Ansatz, der festlegt, wie Unternehmen KI-Systeme entwickeln, betreiben und verwalten. Private AI stellt sicher, dass die Input- und Output-Daten von Modellen niemals die Unternehmensumgebung verlassen. S\u00e4mtliche Informationen verbleiben innerhalb der eigenen Infrastruktur. So k\u00f6nnen Unternehmen das \u00abDatenschutzdilemma\u00bb \u00fcberwinden. Private AI widerlegt die Annahme, dass Unternehmen sich zwischen der Nutzung von Daten f\u00fcr Innovationen und deren Sperrung f\u00fcr KI aus Compliance-Gr\u00fcnden entscheiden m\u00fcssen.<\/p>\r\n<h3>Absolute Sichtbarkeit als Voraussetzung<\/h3>\r\n<p>Eine effektive, private KI erfordert jedoch absolute Sichtbarkeit der Daten. Laut dem Metadatenmanagement-Bericht von Gartner geben fast 60 Prozent der Unternehmen zu, dass sie nicht wissen, wo sich ihre kritischen Daten befinden. Und was man nicht sehen kann, kann man auch nicht kontrollieren. Um dem entgegenzuwirken, nutzen erfolgreiche Unternehmen heute einheitliche Datenplattformen wie die von Cloudera, die eine l\u00fcckenlose Data-Lineage bieten. Sie verfolgen genau, woher die Daten stammen, wie sie transformiert wurden und wer darauf zugegriffen hat.<\/p>\r\n<p>Da generative KI-Agenten zunehmend zu einem festen Bestandteil in Arbeitsabl\u00e4ufen werden, muss eine sorgf\u00e4ltige Pr\u00fcfung der Daten erfolgen, mit denen sie gef\u00fcttert werden. Die wertvollsten Daten f\u00fcr die Feinabstimmung der KI \u2013 Support-Transkripte und Transaktionshistorien \u2013 geh\u00f6ren h\u00e4ufig auch zu den sensibelsten Informationen. So kann Datenschutz und -Sicherheit zum entscheidenden Werttreiber werden. In einer Zeit versch\u00e4rfter Regulierung und wachsender geopolitischer Unsicherheit werden diejenigen Unternehmen erfolgreich sein, die proaktive Schutzmassnahmen umsetzen und gew\u00e4hrleisten, dass ihre KI privat, kontrolliert und von Grund auf sicher ist.<\/p>\r\n<p><em>Mehr Informationen: <a href=\"https:\/\/www.cloudera.com\/\" rel=\"noopener\">www.cloudera.com<\/a><\/em><\/p>\n<p class=\"syndicated-attribution\">Dieser Beitrag erschien urspr\u00fcnglich auf m-q.ch - <a href=\"https:\/\/www.m-q.ch\/de\/private-ai-als-antwort-auf-verschaerfte-datenschutzanforderungen\/\" target=\"_blank\">https:\/\/www.m-q.ch\/de\/private-ai-als-antwort-auf-verschaerfte-datenschutzanforderungen\/<\/a><\/p>","protected":false},"excerpt":{"rendered":"<p>Zum Safer Internet Day 2026 r\u00fcckt die verantwortungsvolle Nutzung von k\u00fcnstlicher Intelligenz in den Fokus. W\u00e4hrend die Bedrohungslage sich laut Stanford AI Index Report um \u00fcber 56 Prozent versch\u00e4rft hat, m\u00fcssen Unternehmen gleichzeitig DSGVO und EU AI Act einhalten. Private AI bietet einen L\u00f6sungsansatz, bei dem sensible Daten die Unternehmensumgebung niemals verlassen.<\/p>\n","protected":false},"author":8,"featured_media":0,"comment_status":"closed","ping_status":"closed","sticky":false,"template":"","format":"standard","meta":{"_acf_changed":false,"_yoast_wpseo_focuskw":"Private AI","_yoast_wpseo_metadesc":"Private AI bietet einen L\u00f6sungsansatz, bei dem sensible Daten die Unternehmensumgebung niemals verlassen.","articlekey":"","footnotes":""},"categories":[582],"tags":[146,162,319,418,5817],"class_list":["post-44436","post","type-post","status-publish","format-standard","hentry","category-operational-excellence","tag-datenschutz","tag-dsgvo","tag-kuenstliche-intelligenz","tag-risikomanagement","tag-safer-internet-day"],"acf":[],"yoast_head":"<!-- This site is optimized with the Yoast SEO plugin v27.5 - https:\/\/yoast.com\/product\/yoast-seo-wordpress\/ -->\n<title>Private AI als Antwort auf versch\u00e4rfte Datenschutzanforderungen - Organisator<\/title>\n<meta name=\"description\" content=\"Private AI bietet einen L\u00f6sungsansatz, bei dem sensible Daten die Unternehmensumgebung niemals verlassen.\" \/>\n<meta name=\"robots\" content=\"index, follow, max-snippet:-1, max-image-preview:large, max-video-preview:-1\" \/>\n<link rel=\"canonical\" href=\"https:\/\/www.organisator.ch\/de\/operational-excellence\/2026-02-11\/private-ai-als-antwort-auf-verschaerfte-datenschutzanforderungen\/\" \/>\n<meta property=\"og:locale\" content=\"de_DE\" \/>\n<meta property=\"og:type\" content=\"article\" \/>\n<meta property=\"og:title\" content=\"Private AI als Antwort auf versch\u00e4rfte Datenschutzanforderungen - Organisator\" \/>\n<meta property=\"og:description\" content=\"Private AI bietet einen L\u00f6sungsansatz, bei dem sensible Daten die Unternehmensumgebung niemals verlassen.\" \/>\n<meta property=\"og:url\" content=\"https:\/\/www.organisator.ch\/de\/operational-excellence\/2026-02-11\/private-ai-als-antwort-auf-verschaerfte-datenschutzanforderungen\/\" \/>\n<meta property=\"og:site_name\" content=\"Organisator\" \/>\n<meta property=\"article:publisher\" content=\"https:\/\/www.facebook.com\/OrganisatorFachmagazin\" \/>\n<meta property=\"article:published_time\" content=\"2026-02-11T06:49:56+00:00\" \/>\n<meta property=\"article:modified_time\" content=\"2026-02-11T12:14:14+00:00\" \/>\n<meta name=\"author\" content=\"galledia\" \/>\n<meta name=\"twitter:card\" content=\"summary_large_image\" \/>\n<meta name=\"twitter:creator\" content=\"@admin\" \/>\n<script type=\"application\/ld+json\" class=\"yoast-schema-graph\">{\"@context\":\"https:\\\/\\\/schema.org\",\"@graph\":[{\"@type\":\"Article\",\"@id\":\"https:\\\/\\\/www.organisator.ch\\\/operational-excellence\\\/2026-02-11\\\/private-ai-als-antwort-auf-verschaerfte-datenschutzanforderungen\\\/#article\",\"isPartOf\":{\"@id\":\"https:\\\/\\\/www.organisator.ch\\\/operational-excellence\\\/2026-02-11\\\/private-ai-als-antwort-auf-verschaerfte-datenschutzanforderungen\\\/\"},\"author\":{\"name\":\"galledia\",\"@id\":\"https:\\\/\\\/www.organisator.ch\\\/#\\\/schema\\\/person\\\/4e51799071cd2dd1232ac003643ef5f0\"},\"headline\":\"Private AI als Antwort auf versch\u00e4rfte Datenschutzanforderungen\",\"datePublished\":\"2026-02-11T06:49:56+00:00\",\"dateModified\":\"2026-02-11T12:14:14+00:00\",\"mainEntityOfPage\":{\"@id\":\"https:\\\/\\\/www.organisator.ch\\\/operational-excellence\\\/2026-02-11\\\/private-ai-als-antwort-auf-verschaerfte-datenschutzanforderungen\\\/\"},\"wordCount\":626,\"publisher\":{\"@id\":\"https:\\\/\\\/www.organisator.ch\\\/#organization\"},\"image\":{\"@id\":\"https:\\\/\\\/www.organisator.ch\\\/operational-excellence\\\/2026-02-11\\\/private-ai-als-antwort-auf-verschaerfte-datenschutzanforderungen\\\/#primaryimage\"},\"thumbnailUrl\":\"https:\\\/\\\/www.m-q.ch\\\/wp-content\\\/uploads\\\/2026\\\/02\\\/Francisco20Mateo-SidrC3B3n-1.jpg\",\"keywords\":[\"Datenschutz\",\"DSGVO\",\"K\u00fcnstliche Intelligenz\",\"Risikomanagement\",\"Safer Internet Day\"],\"articleSection\":[\"OPERATIONAL EXCELLENCE\"],\"inLanguage\":\"de\"},{\"@type\":\"WebPage\",\"@id\":\"https:\\\/\\\/www.organisator.ch\\\/operational-excellence\\\/2026-02-11\\\/private-ai-als-antwort-auf-verschaerfte-datenschutzanforderungen\\\/\",\"url\":\"https:\\\/\\\/www.organisator.ch\\\/operational-excellence\\\/2026-02-11\\\/private-ai-als-antwort-auf-verschaerfte-datenschutzanforderungen\\\/\",\"name\":\"Private AI als Antwort auf versch\u00e4rfte Datenschutzanforderungen - Organisator\",\"isPartOf\":{\"@id\":\"https:\\\/\\\/www.organisator.ch\\\/#website\"},\"primaryImageOfPage\":{\"@id\":\"https:\\\/\\\/www.organisator.ch\\\/operational-excellence\\\/2026-02-11\\\/private-ai-als-antwort-auf-verschaerfte-datenschutzanforderungen\\\/#primaryimage\"},\"image\":{\"@id\":\"https:\\\/\\\/www.organisator.ch\\\/operational-excellence\\\/2026-02-11\\\/private-ai-als-antwort-auf-verschaerfte-datenschutzanforderungen\\\/#primaryimage\"},\"thumbnailUrl\":\"https:\\\/\\\/www.m-q.ch\\\/wp-content\\\/uploads\\\/2026\\\/02\\\/Francisco20Mateo-SidrC3B3n-1.jpg\",\"datePublished\":\"2026-02-11T06:49:56+00:00\",\"dateModified\":\"2026-02-11T12:14:14+00:00\",\"description\":\"Private AI bietet einen L\u00f6sungsansatz, bei dem sensible Daten die Unternehmensumgebung niemals verlassen.\",\"breadcrumb\":{\"@id\":\"https:\\\/\\\/www.organisator.ch\\\/operational-excellence\\\/2026-02-11\\\/private-ai-als-antwort-auf-verschaerfte-datenschutzanforderungen\\\/#breadcrumb\"},\"inLanguage\":\"de\",\"potentialAction\":[{\"@type\":\"ReadAction\",\"target\":[\"https:\\\/\\\/www.organisator.ch\\\/operational-excellence\\\/2026-02-11\\\/private-ai-als-antwort-auf-verschaerfte-datenschutzanforderungen\\\/\"]}]},{\"@type\":\"ImageObject\",\"inLanguage\":\"de\",\"@id\":\"https:\\\/\\\/www.organisator.ch\\\/operational-excellence\\\/2026-02-11\\\/private-ai-als-antwort-auf-verschaerfte-datenschutzanforderungen\\\/#primaryimage\",\"url\":\"https:\\\/\\\/www.m-q.ch\\\/wp-content\\\/uploads\\\/2026\\\/02\\\/Francisco20Mateo-SidrC3B3n-1.jpg\",\"contentUrl\":\"https:\\\/\\\/www.m-q.ch\\\/wp-content\\\/uploads\\\/2026\\\/02\\\/Francisco20Mateo-SidrC3B3n-1.jpg\"},{\"@type\":\"BreadcrumbList\",\"@id\":\"https:\\\/\\\/www.organisator.ch\\\/operational-excellence\\\/2026-02-11\\\/private-ai-als-antwort-auf-verschaerfte-datenschutzanforderungen\\\/#breadcrumb\",\"itemListElement\":[{\"@type\":\"ListItem\",\"position\":1,\"name\":\"Home\",\"item\":\"https:\\\/\\\/www.organisator.ch\\\/\"},{\"@type\":\"ListItem\",\"position\":2,\"name\":\"Private AI als Antwort auf versch\u00e4rfte Datenschutzanforderungen\"}]},{\"@type\":\"WebSite\",\"@id\":\"https:\\\/\\\/www.organisator.ch\\\/#website\",\"url\":\"https:\\\/\\\/www.organisator.ch\\\/\",\"name\":\"Organisator\",\"description\":\"Kompetent. Praxisnah. Der ORGANISATOR bereitet in 10 Ausgaben pro Jahr die wesentlichen Themen f\u00fcr F\u00fchrungskr\u00e4fte von KMU auf.\",\"publisher\":{\"@id\":\"https:\\\/\\\/www.organisator.ch\\\/#organization\"},\"potentialAction\":[{\"@type\":\"SearchAction\",\"target\":{\"@type\":\"EntryPoint\",\"urlTemplate\":\"https:\\\/\\\/www.organisator.ch\\\/?s={search_term_string}\"},\"query-input\":{\"@type\":\"PropertyValueSpecification\",\"valueRequired\":true,\"valueName\":\"search_term_string\"}}],\"inLanguage\":\"de\"},{\"@type\":\"Organization\",\"@id\":\"https:\\\/\\\/www.organisator.ch\\\/#organization\",\"name\":\"Organisator\",\"url\":\"https:\\\/\\\/www.organisator.ch\\\/\",\"logo\":{\"@type\":\"ImageObject\",\"inLanguage\":\"de\",\"@id\":\"https:\\\/\\\/www.organisator.ch\\\/#\\\/schema\\\/logo\\\/image\\\/\",\"url\":\"https:\\\/\\\/www.organisator.ch\\\/wp-content\\\/uploads\\\/2022\\\/01\\\/Logo_Organisator_Website.png\",\"contentUrl\":\"https:\\\/\\\/www.organisator.ch\\\/wp-content\\\/uploads\\\/2022\\\/01\\\/Logo_Organisator_Website.png\",\"width\":800,\"height\":77,\"caption\":\"Organisator\"},\"image\":{\"@id\":\"https:\\\/\\\/www.organisator.ch\\\/#\\\/schema\\\/logo\\\/image\\\/\"},\"sameAs\":[\"https:\\\/\\\/www.facebook.com\\\/OrganisatorFachmagazin\",\"https:\\\/\\\/www.linkedin.com\\\/showcase\\\/organisator-das-magazin-fr-kmu\",\"https:\\\/\\\/www.xing.com\\\/news\\\/pages\\\/organisator-ch-695\",\"https:\\\/\\\/www.youtube.com\\\/channel\\\/UCGP2Sq0iWaZwT3BdIAQFYpw\"]},{\"@type\":\"Person\",\"@id\":\"https:\\\/\\\/www.organisator.ch\\\/#\\\/schema\\\/person\\\/4e51799071cd2dd1232ac003643ef5f0\",\"name\":\"galledia\",\"image\":{\"@type\":\"ImageObject\",\"inLanguage\":\"de\",\"@id\":\"https:\\\/\\\/secure.gravatar.com\\\/avatar\\\/78a7f90c01fc2bfc875782a0d4922b37cde2cf184ce347b91316d23cd7f69a36?s=96&d=mm&r=g\",\"url\":\"https:\\\/\\\/secure.gravatar.com\\\/avatar\\\/78a7f90c01fc2bfc875782a0d4922b37cde2cf184ce347b91316d23cd7f69a36?s=96&d=mm&r=g\",\"contentUrl\":\"https:\\\/\\\/secure.gravatar.com\\\/avatar\\\/78a7f90c01fc2bfc875782a0d4922b37cde2cf184ce347b91316d23cd7f69a36?s=96&d=mm&r=g\",\"caption\":\"galledia\"},\"sameAs\":[\"https:\\\/\\\/x.com\\\/admin\"],\"url\":\"https:\\\/\\\/www.organisator.ch\\\/de\\\/author\\\/galledia\\\/\"}]}<\/script>\n<!-- \/ Yoast SEO plugin. -->","yoast_head_json":{"title":"Private AI als Antwort auf versch\u00e4rfte Datenschutzanforderungen - Organisator","description":"Private AI bietet einen L\u00f6sungsansatz, bei dem sensible Daten die Unternehmensumgebung niemals verlassen.","robots":{"index":"index","follow":"follow","max-snippet":"max-snippet:-1","max-image-preview":"max-image-preview:large","max-video-preview":"max-video-preview:-1"},"canonical":"https:\/\/www.organisator.ch\/de\/operational-excellence\/2026-02-11\/private-ai-als-antwort-auf-verschaerfte-datenschutzanforderungen\/","og_locale":"de_DE","og_type":"article","og_title":"Private AI als Antwort auf versch\u00e4rfte Datenschutzanforderungen - Organisator","og_description":"Private AI bietet einen L\u00f6sungsansatz, bei dem sensible Daten die Unternehmensumgebung niemals verlassen.","og_url":"https:\/\/www.organisator.ch\/de\/operational-excellence\/2026-02-11\/private-ai-als-antwort-auf-verschaerfte-datenschutzanforderungen\/","og_site_name":"Organisator","article_publisher":"https:\/\/www.facebook.com\/OrganisatorFachmagazin","article_published_time":"2026-02-11T06:49:56+00:00","article_modified_time":"2026-02-11T12:14:14+00:00","author":"galledia","twitter_card":"summary_large_image","twitter_creator":"@admin","schema":{"@context":"https:\/\/schema.org","@graph":[{"@type":"Article","@id":"https:\/\/www.organisator.ch\/operational-excellence\/2026-02-11\/private-ai-als-antwort-auf-verschaerfte-datenschutzanforderungen\/#article","isPartOf":{"@id":"https:\/\/www.organisator.ch\/operational-excellence\/2026-02-11\/private-ai-als-antwort-auf-verschaerfte-datenschutzanforderungen\/"},"author":{"name":"galledia","@id":"https:\/\/www.organisator.ch\/#\/schema\/person\/4e51799071cd2dd1232ac003643ef5f0"},"headline":"Private AI als Antwort auf versch\u00e4rfte Datenschutzanforderungen","datePublished":"2026-02-11T06:49:56+00:00","dateModified":"2026-02-11T12:14:14+00:00","mainEntityOfPage":{"@id":"https:\/\/www.organisator.ch\/operational-excellence\/2026-02-11\/private-ai-als-antwort-auf-verschaerfte-datenschutzanforderungen\/"},"wordCount":626,"publisher":{"@id":"https:\/\/www.organisator.ch\/#organization"},"image":{"@id":"https:\/\/www.organisator.ch\/operational-excellence\/2026-02-11\/private-ai-als-antwort-auf-verschaerfte-datenschutzanforderungen\/#primaryimage"},"thumbnailUrl":"https:\/\/www.m-q.ch\/wp-content\/uploads\/2026\/02\/Francisco20Mateo-SidrC3B3n-1.jpg","keywords":["Datenschutz","DSGVO","K\u00fcnstliche Intelligenz","Risikomanagement","Safer Internet Day"],"articleSection":["OPERATIONAL EXCELLENCE"],"inLanguage":"de"},{"@type":"WebPage","@id":"https:\/\/www.organisator.ch\/operational-excellence\/2026-02-11\/private-ai-als-antwort-auf-verschaerfte-datenschutzanforderungen\/","url":"https:\/\/www.organisator.ch\/operational-excellence\/2026-02-11\/private-ai-als-antwort-auf-verschaerfte-datenschutzanforderungen\/","name":"Private AI als Antwort auf versch\u00e4rfte Datenschutzanforderungen - Organisator","isPartOf":{"@id":"https:\/\/www.organisator.ch\/#website"},"primaryImageOfPage":{"@id":"https:\/\/www.organisator.ch\/operational-excellence\/2026-02-11\/private-ai-als-antwort-auf-verschaerfte-datenschutzanforderungen\/#primaryimage"},"image":{"@id":"https:\/\/www.organisator.ch\/operational-excellence\/2026-02-11\/private-ai-als-antwort-auf-verschaerfte-datenschutzanforderungen\/#primaryimage"},"thumbnailUrl":"https:\/\/www.m-q.ch\/wp-content\/uploads\/2026\/02\/Francisco20Mateo-SidrC3B3n-1.jpg","datePublished":"2026-02-11T06:49:56+00:00","dateModified":"2026-02-11T12:14:14+00:00","description":"Private AI bietet einen L\u00f6sungsansatz, bei dem sensible Daten die Unternehmensumgebung niemals verlassen.","breadcrumb":{"@id":"https:\/\/www.organisator.ch\/operational-excellence\/2026-02-11\/private-ai-als-antwort-auf-verschaerfte-datenschutzanforderungen\/#breadcrumb"},"inLanguage":"de","potentialAction":[{"@type":"ReadAction","target":["https:\/\/www.organisator.ch\/operational-excellence\/2026-02-11\/private-ai-als-antwort-auf-verschaerfte-datenschutzanforderungen\/"]}]},{"@type":"ImageObject","inLanguage":"de","@id":"https:\/\/www.organisator.ch\/operational-excellence\/2026-02-11\/private-ai-als-antwort-auf-verschaerfte-datenschutzanforderungen\/#primaryimage","url":"https:\/\/www.m-q.ch\/wp-content\/uploads\/2026\/02\/Francisco20Mateo-SidrC3B3n-1.jpg","contentUrl":"https:\/\/www.m-q.ch\/wp-content\/uploads\/2026\/02\/Francisco20Mateo-SidrC3B3n-1.jpg"},{"@type":"BreadcrumbList","@id":"https:\/\/www.organisator.ch\/operational-excellence\/2026-02-11\/private-ai-als-antwort-auf-verschaerfte-datenschutzanforderungen\/#breadcrumb","itemListElement":[{"@type":"ListItem","position":1,"name":"Home","item":"https:\/\/www.organisator.ch\/"},{"@type":"ListItem","position":2,"name":"Private AI als Antwort auf versch\u00e4rfte Datenschutzanforderungen"}]},{"@type":"WebSite","@id":"https:\/\/www.organisator.ch\/#website","url":"https:\/\/www.organisator.ch\/","name":"Organisator","description":"Kompetent. Praxisnah. Der ORGANISATOR bereitet in 10 Ausgaben pro Jahr die wesentlichen Themen f\u00fcr F\u00fchrungskr\u00e4fte von KMU auf.","publisher":{"@id":"https:\/\/www.organisator.ch\/#organization"},"potentialAction":[{"@type":"SearchAction","target":{"@type":"EntryPoint","urlTemplate":"https:\/\/www.organisator.ch\/?s={search_term_string}"},"query-input":{"@type":"PropertyValueSpecification","valueRequired":true,"valueName":"search_term_string"}}],"inLanguage":"de"},{"@type":"Organization","@id":"https:\/\/www.organisator.ch\/#organization","name":"Organisator","url":"https:\/\/www.organisator.ch\/","logo":{"@type":"ImageObject","inLanguage":"de","@id":"https:\/\/www.organisator.ch\/#\/schema\/logo\/image\/","url":"https:\/\/www.organisator.ch\/wp-content\/uploads\/2022\/01\/Logo_Organisator_Website.png","contentUrl":"https:\/\/www.organisator.ch\/wp-content\/uploads\/2022\/01\/Logo_Organisator_Website.png","width":800,"height":77,"caption":"Organisator"},"image":{"@id":"https:\/\/www.organisator.ch\/#\/schema\/logo\/image\/"},"sameAs":["https:\/\/www.facebook.com\/OrganisatorFachmagazin","https:\/\/www.linkedin.com\/showcase\/organisator-das-magazin-fr-kmu","https:\/\/www.xing.com\/news\/pages\/organisator-ch-695","https:\/\/www.youtube.com\/channel\/UCGP2Sq0iWaZwT3BdIAQFYpw"]},{"@type":"Person","@id":"https:\/\/www.organisator.ch\/#\/schema\/person\/4e51799071cd2dd1232ac003643ef5f0","name":"galledia","image":{"@type":"ImageObject","inLanguage":"de","@id":"https:\/\/secure.gravatar.com\/avatar\/78a7f90c01fc2bfc875782a0d4922b37cde2cf184ce347b91316d23cd7f69a36?s=96&d=mm&r=g","url":"https:\/\/secure.gravatar.com\/avatar\/78a7f90c01fc2bfc875782a0d4922b37cde2cf184ce347b91316d23cd7f69a36?s=96&d=mm&r=g","contentUrl":"https:\/\/secure.gravatar.com\/avatar\/78a7f90c01fc2bfc875782a0d4922b37cde2cf184ce347b91316d23cd7f69a36?s=96&d=mm&r=g","caption":"galledia"},"sameAs":["https:\/\/x.com\/admin"],"url":"https:\/\/www.organisator.ch\/de\/author\/galledia\/"}]}},"_links":{"self":[{"href":"https:\/\/www.organisator.ch\/de\/wp-json\/wp\/v2\/posts\/44436","targetHints":{"allow":["GET"]}}],"collection":[{"href":"https:\/\/www.organisator.ch\/de\/wp-json\/wp\/v2\/posts"}],"about":[{"href":"https:\/\/www.organisator.ch\/de\/wp-json\/wp\/v2\/types\/post"}],"author":[{"embeddable":true,"href":"https:\/\/www.organisator.ch\/de\/wp-json\/wp\/v2\/users\/8"}],"replies":[{"embeddable":true,"href":"https:\/\/www.organisator.ch\/de\/wp-json\/wp\/v2\/comments?post=44436"}],"version-history":[{"count":5,"href":"https:\/\/www.organisator.ch\/de\/wp-json\/wp\/v2\/posts\/44436\/revisions"}],"predecessor-version":[{"id":44478,"href":"https:\/\/www.organisator.ch\/de\/wp-json\/wp\/v2\/posts\/44436\/revisions\/44478"}],"wp:attachment":[{"href":"https:\/\/www.organisator.ch\/de\/wp-json\/wp\/v2\/media?parent=44436"}],"wp:term":[{"taxonomy":"category","embeddable":true,"href":"https:\/\/www.organisator.ch\/de\/wp-json\/wp\/v2\/categories?post=44436"},{"taxonomy":"post_tag","embeddable":true,"href":"https:\/\/www.organisator.ch\/de\/wp-json\/wp\/v2\/tags?post=44436"}],"curies":[{"name":"wp","href":"https:\/\/api.w.org\/{rel}","templated":true}]}}