{"id":4450,"date":"2018-10-31T09:20:23","date_gmt":"2018-10-31T08:20:23","guid":{"rendered":"https:\/\/www.organisator.ch\/?p=4450"},"modified":"2018-10-31T09:20:23","modified_gmt":"2018-10-31T08:20:23","slug":"informationsmanagement-alle-daten-und-dokumente-im-griff","status":"publish","type":"post","link":"https:\/\/www.organisator.ch\/de\/management\/it\/2018-10-31\/informationsmanagement-alle-daten-und-dokumente-im-griff\/","title":{"rendered":"Informationsmanagement: Alle Daten und Dokumente im Griff"},"content":{"rendered":"<figure id=\"attachment_4451\" aria-describedby=\"caption-attachment-4451\" style=\"width: 640px\" class=\"wp-caption alignnone\"><img loading=\"lazy\" decoding=\"async\" class=\"size-full wp-image-4451\" src=\"https:\/\/www.organisator.ch\/wp-content\/uploads\/2018\/10\/Informationsmanagement-Alle-Daten-und-Dokumente-im-Griff_Organisator.jpg\" alt=\"\" width=\"640\" height=\"452\" srcset=\"https:\/\/www.organisator.ch\/wp-content\/uploads\/2018\/10\/Informationsmanagement-Alle-Daten-und-Dokumente-im-Griff_Organisator.jpg 640w, https:\/\/www.organisator.ch\/wp-content\/uploads\/2018\/10\/Informationsmanagement-Alle-Daten-und-Dokumente-im-Griff_Organisator-16x12.jpg 16w, https:\/\/www.organisator.ch\/wp-content\/uploads\/2018\/10\/Informationsmanagement-Alle-Daten-und-Dokumente-im-Griff_Organisator-248x175.jpg 248w, https:\/\/www.organisator.ch\/wp-content\/uploads\/2018\/10\/Informationsmanagement-Alle-Daten-und-Dokumente-im-Griff_Organisator-496x350.jpg 496w, https:\/\/www.organisator.ch\/wp-content\/uploads\/2018\/10\/Informationsmanagement-Alle-Daten-und-Dokumente-im-Griff_Organisator-300x212.jpg 300w\" sizes=\"auto, (max-width: 640px) 100vw, 640px\" \/><figcaption id=\"caption-attachment-4451\" class=\"wp-caption-text\">Informationsmanagement muss Teil einer jeden Digitalisierungs-Strategie sein.<\/figcaption><\/figure>\n<p>163 Zettabyte, also 163 mit 21 Nullen: Dieses gigantische Ausma\u00df soll die weltweit produzierte Menge an Daten laut einer aktuellen <a href=\"https:\/\/www.seagate.com\/de\/de\/our-story\/data-age-2025\/\">IDC-Studie<\/a> bis 2025 erreichen. Unternehmen, die diese Entwicklung bestm\u00f6glich f\u00fcr ihren Gesch\u00e4ftserfolg nutzen wollen, m\u00fcssen ihr Informationsmanagement \u00fcberdenken. Diesen Rat geben nun die Gesch\u00e4ftssoftware-Experten von <a href=\"http:\/\/www.godesys.de\/\">godesys<\/a>, einem\u00a0deutschen\u00a0Hersteller von ERP-L\u00f6sungen.\u00a0Digitalisierungsstrategien m\u00fcssten demnach den Bereich Datenverwaltung und -analyse dringend miteinschlie\u00dfen. godesys nennt die Themen Gesch\u00e4ftsprozessmanagement (BPM), Mobility, Omnichannel und Informationsmanagement in seiner Kampagne <a href=\"https:\/\/digitalnormal.godesys.de\/\">#digitalnormal<\/a> die Grundpfeiler des digitalen Wandels. Die folgenden f\u00fcnf Gr\u00fcnde sprechen f\u00fcr einen durchdachteren, IT-gest\u00fctzten Umgang mit internen und externen Informationen.<\/p>\n<h2>F\u00fcnf Gr\u00fcnde f\u00fcr umfassendes Informationsmanagement<\/h2>\n<ol>\n<li>Datenmanagement hilft, Zeit zu sparen: Mithilfe einer Strategie zum Informationsmanagement gepaart mit Data-Management-Systemen (DMS) lassen sich Bearbeitungszeiten reduzieren und gesuchte Unterlagen wie Bestellungen, Auftr\u00e4ge, Rechnungen, Vertr\u00e4ge, Listen, E-Mails, Notizen und mehr schnell und einfach wiederfinden. Indem Firmen wiederkehrende Ablageprozesse automatisieren, k\u00f6nnen sich ihre Mitarbeiter auf das Kerngesch\u00e4ft konzentrieren.<\/li>\n<li>Kosten senken: IT-gest\u00fctztes Informationsmanagement reduziert Papierberge. Auch teure Lagerpl\u00e4tze f\u00fcr Ordner und \u00e4hnliches sind nicht l\u00e4nger vonn\u00f6ten. Zudem steigert digitale Dokumentenverwaltung die Produktivit\u00e4t. Unternehmen k\u00f6nnen die gesparten Ausgaben in neue Gesch\u00e4ftsm\u00f6glichkeiten investieren.<\/li>\n<li>Informationsmanagement steigert die Effizienz: Im Dokumentenmanagement-Tool enthaltene Funktionen zur Archivierung und Automatisierung machen Prozesse nachvollziehbar und transparent. Unternehmen k\u00f6nnen so die Zusammenarbeit optimieren. Zugleich steigt die Bearbeitungsqualit\u00e4t.<\/li>\n<li>Datenstrategie st\u00e4rkt Sicherheit: Professionelle DMS-Werkzeuge schaffen beste Rahmenbedingungen f\u00fcr revisionssichere Datenverwaltung. Vom Erfassen bis zur Vernichtung lassen sich Daten zuverl\u00e4ssig archivieren. Dies senkt das Risiko eines Datenverlusts signifikant.<\/li>\n<li>Unternehmen erh\u00f6hen ihre Produktivit\u00e4t: Mithilfe eines Informationsmanagements verbessern Firmen den \u00dcberblick \u00fcber ihre Dokumente und Prozesse. Sinnvoll sind hierbei Funktionen, die f\u00fcr ein nahtloses Zusammenspiel verschiedener Systeme und Mitarbeiter sorgen sowie soziale Features, sodass sich alle Mitarbeiter auf dem gleichen Stand befinden.<\/li>\n<\/ol>\n<h2>ERP als Drehscheibe<\/h2>\n<p>Hans-J\u00fcrgen Zinn, COO der godesys AG, kommentiert: \u201eDie Anforderungen an ein effizientes Informationsmanagement ver\u00e4ndern sich zunehmend und steigen stetig. Zum einen werden Frontend-Funktionen immer spezialisierter, zum anderen sollen alle unternehmensinternen, und teilweise auch unternehmens\u00fcbergreifenden, Bereiche durchg\u00e4ngig verzahnt werden. Das ERP-System ist hier die Drehscheibe, die immer komplexere Aufgaben bew\u00e4ltigen muss. Au\u00dferdem wird die Menge an Informationen immer gr\u00f6\u00dfer. Deshalb geht es heute nicht mehr nur darum, diese Informationen bedarfsgerecht zu verwalten und aufzubereiten, sondern auch zielf\u00fchrend zu verarbeiten.\u201c<\/p>\n<p>Ein modernes DMS muss in diesem Zusammenhang weit \u00fcber einen virtuellen Aktenschrank hinausgehen. Im Fokus stehen unternehmensweite und standort\u00fcbergreifende Prozesse. Informationsmanagement muss leistungsstark und verl\u00e4sslich sein, relevante Prozesse verstehen und wissen, welches Dokument wohin geh\u00f6rt und welche Bedeutung, beziehungsweise Bestimmung es hat. Nur so behalten Firmen den \u00dcberblick, k\u00f6nnen Wettbewerbsvorteile durch die Digitalisierung nutzen und erf\u00fcllen zudem auch die sich stetig \u00e4ndernden gesetzlichen Anforderungen.<\/p>\n<p><em>Weitere Informationen: <a href=\"http:\/\/www.godesys.de\">www.godesys.de<\/a><\/em><\/p>\n","protected":false},"excerpt":{"rendered":"<p>163 Zettabyte, also 163 mit 21 Nullen: Dieses gigantische Ausma\u00df soll die weltweit produzierte Menge an Daten laut einer aktuellen IDC-Studie bis 2025 erreichen. Unternehmen, die diese Entwicklung bestm\u00f6glich f\u00fcr ihren Gesch\u00e4ftserfolg nutzen wollen, m\u00fcssen ihr Informationsmanagement \u00fcberdenken. Diesen Rat geben nun die Gesch\u00e4ftssoftware-Experten von godesys, einem\u00a0deutschen\u00a0Hersteller von ERP-L\u00f6sungen.\u00a0Digitalisierungsstrategien m\u00fcssten demnach den Bereich Datenverwaltung und [&hellip;]<\/p>\n","protected":false},"author":4,"featured_media":4451,"comment_status":"open","ping_status":"open","sticky":false,"template":"","format":"standard","meta":{"_acf_changed":false,"_yoast_wpseo_focuskw":"Informationsmanagement","_yoast_wpseo_metadesc":"F\u00fcnf Gr\u00fcnde, warum umfassendes Informationsmanagement zentraler Baustein jeder Digitalisierungsstrategie sein sollte.","articlekey":"","footnotes":""},"categories":[27],"tags":[115,156,288],"class_list":["post-4450","post","type-post","status-publish","format-standard","has-post-thumbnail","hentry","category-it","tag-checklisten","tag-digitalisierung","tag-it-business-software"],"acf":[],"yoast_head":"<!-- This site is optimized with the Yoast SEO plugin v27.5 - https:\/\/yoast.com\/product\/yoast-seo-wordpress\/ -->\n<title>Informationsmanagement: Alle Daten und Dokumente im Griff - Organisator<\/title>\n<meta name=\"description\" content=\"F\u00fcnf Gr\u00fcnde, warum umfassendes Informationsmanagement zentraler Baustein jeder Digitalisierungsstrategie sein sollte.\" \/>\n<meta name=\"robots\" content=\"index, follow, max-snippet:-1, max-image-preview:large, max-video-preview:-1\" \/>\n<link rel=\"canonical\" href=\"https:\/\/www.organisator.ch\/de\/management\/it\/2018-10-31\/informationsmanagement-alle-daten-und-dokumente-im-griff\/\" \/>\n<meta property=\"og:locale\" content=\"de_DE\" \/>\n<meta property=\"og:type\" content=\"article\" \/>\n<meta property=\"og:title\" content=\"Informationsmanagement: Alle Daten und Dokumente im Griff\" \/>\n<meta property=\"og:description\" content=\"F\u00fcnf Gr\u00fcnde, warum umfassendes Informationsmanagement zentraler Baustein jeder Digitalisierungsstrategie sein sollte.\" \/>\n<meta property=\"og:url\" content=\"https:\/\/www.organisator.ch\/de\/management\/it\/2018-10-31\/informationsmanagement-alle-daten-und-dokumente-im-griff\/\" \/>\n<meta property=\"og:site_name\" content=\"Organisator\" \/>\n<meta property=\"article:publisher\" content=\"https:\/\/www.facebook.com\/OrganisatorFachmagazin\" \/>\n<meta property=\"article:published_time\" content=\"2018-10-31T08:20:23+00:00\" \/>\n<meta property=\"og:image\" content=\"https:\/\/www.organisator.ch\/wp-content\/uploads\/2018\/10\/Informationsmanagement-Alle-Daten-und-Dokumente-im-Griff_Organisator.jpg\" \/>\n\t<meta property=\"og:image:width\" content=\"640\" \/>\n\t<meta property=\"og:image:height\" content=\"452\" \/>\n\t<meta property=\"og:image:type\" content=\"image\/jpeg\" \/>\n<meta name=\"author\" content=\"thomas.berner\" \/>\n<meta name=\"twitter:card\" content=\"summary_large_image\" \/>\n<meta name=\"twitter:title\" content=\"#Informationsmanagement: Alle Daten und Dokumente im Griff\" \/>\n<meta name=\"twitter:description\" content=\"F\u00fcnf Gr\u00fcnde, warum umfassendes #Informationsmanagement zentraler Baustein jeder Digitalisierungsstrategie sein sollte.\" \/>\n<meta name=\"twitter:image\" content=\"https:\/\/www.organisator.ch\/wp-content\/uploads\/2018\/10\/Informationsmanagement-Alle-Daten-und-Dokumente-im-Griff_Organisator.jpg\" \/>\n<script type=\"application\/ld+json\" class=\"yoast-schema-graph\">{\"@context\":\"https:\\\/\\\/schema.org\",\"@graph\":[{\"@type\":\"Article\",\"@id\":\"https:\\\/\\\/www.organisator.ch\\\/management\\\/it\\\/2018-10-31\\\/informationsmanagement-alle-daten-und-dokumente-im-griff\\\/#article\",\"isPartOf\":{\"@id\":\"https:\\\/\\\/www.organisator.ch\\\/management\\\/it\\\/2018-10-31\\\/informationsmanagement-alle-daten-und-dokumente-im-griff\\\/\"},\"author\":{\"name\":\"thomas.berner\",\"@id\":\"https:\\\/\\\/www.organisator.ch\\\/#\\\/schema\\\/person\\\/6f650f90b2842cd4c0cc334b4e36f67e\"},\"headline\":\"Informationsmanagement: Alle Daten und Dokumente im Griff\",\"datePublished\":\"2018-10-31T08:20:23+00:00\",\"mainEntityOfPage\":{\"@id\":\"https:\\\/\\\/www.organisator.ch\\\/management\\\/it\\\/2018-10-31\\\/informationsmanagement-alle-daten-und-dokumente-im-griff\\\/\"},\"wordCount\":494,\"commentCount\":0,\"publisher\":{\"@id\":\"https:\\\/\\\/www.organisator.ch\\\/#organization\"},\"image\":{\"@id\":\"https:\\\/\\\/www.organisator.ch\\\/management\\\/it\\\/2018-10-31\\\/informationsmanagement-alle-daten-und-dokumente-im-griff\\\/#primaryimage\"},\"thumbnailUrl\":\"https:\\\/\\\/www.organisator.ch\\\/wp-content\\\/uploads\\\/2018\\\/10\\\/Informationsmanagement-Alle-Daten-und-Dokumente-im-Griff_Organisator.jpg\",\"keywords\":[\"Checklisten\",\"Digitalisierung\",\"IT &amp; Business Software\"],\"articleSection\":[\"IT\"],\"inLanguage\":\"de\"},{\"@type\":\"WebPage\",\"@id\":\"https:\\\/\\\/www.organisator.ch\\\/management\\\/it\\\/2018-10-31\\\/informationsmanagement-alle-daten-und-dokumente-im-griff\\\/\",\"url\":\"https:\\\/\\\/www.organisator.ch\\\/management\\\/it\\\/2018-10-31\\\/informationsmanagement-alle-daten-und-dokumente-im-griff\\\/\",\"name\":\"Informationsmanagement: Alle Daten und Dokumente im Griff - Organisator\",\"isPartOf\":{\"@id\":\"https:\\\/\\\/www.organisator.ch\\\/#website\"},\"primaryImageOfPage\":{\"@id\":\"https:\\\/\\\/www.organisator.ch\\\/management\\\/it\\\/2018-10-31\\\/informationsmanagement-alle-daten-und-dokumente-im-griff\\\/#primaryimage\"},\"image\":{\"@id\":\"https:\\\/\\\/www.organisator.ch\\\/management\\\/it\\\/2018-10-31\\\/informationsmanagement-alle-daten-und-dokumente-im-griff\\\/#primaryimage\"},\"thumbnailUrl\":\"https:\\\/\\\/www.organisator.ch\\\/wp-content\\\/uploads\\\/2018\\\/10\\\/Informationsmanagement-Alle-Daten-und-Dokumente-im-Griff_Organisator.jpg\",\"datePublished\":\"2018-10-31T08:20:23+00:00\",\"description\":\"F\u00fcnf Gr\u00fcnde, warum umfassendes Informationsmanagement zentraler Baustein jeder Digitalisierungsstrategie sein sollte.\",\"breadcrumb\":{\"@id\":\"https:\\\/\\\/www.organisator.ch\\\/management\\\/it\\\/2018-10-31\\\/informationsmanagement-alle-daten-und-dokumente-im-griff\\\/#breadcrumb\"},\"inLanguage\":\"de\",\"potentialAction\":[{\"@type\":\"ReadAction\",\"target\":[\"https:\\\/\\\/www.organisator.ch\\\/management\\\/it\\\/2018-10-31\\\/informationsmanagement-alle-daten-und-dokumente-im-griff\\\/\"]}]},{\"@type\":\"ImageObject\",\"inLanguage\":\"de\",\"@id\":\"https:\\\/\\\/www.organisator.ch\\\/management\\\/it\\\/2018-10-31\\\/informationsmanagement-alle-daten-und-dokumente-im-griff\\\/#primaryimage\",\"url\":\"https:\\\/\\\/www.organisator.ch\\\/wp-content\\\/uploads\\\/2018\\\/10\\\/Informationsmanagement-Alle-Daten-und-Dokumente-im-Griff_Organisator.jpg\",\"contentUrl\":\"https:\\\/\\\/www.organisator.ch\\\/wp-content\\\/uploads\\\/2018\\\/10\\\/Informationsmanagement-Alle-Daten-und-Dokumente-im-Griff_Organisator.jpg\",\"width\":640,\"height\":452,\"caption\":\"Informationsmanagement muss Teil einer jeden Digitalisierungs-Strategie sein.\"},{\"@type\":\"BreadcrumbList\",\"@id\":\"https:\\\/\\\/www.organisator.ch\\\/management\\\/it\\\/2018-10-31\\\/informationsmanagement-alle-daten-und-dokumente-im-griff\\\/#breadcrumb\",\"itemListElement\":[{\"@type\":\"ListItem\",\"position\":1,\"name\":\"Home\",\"item\":\"https:\\\/\\\/www.organisator.ch\\\/\"},{\"@type\":\"ListItem\",\"position\":2,\"name\":\"Informationsmanagement: Alle Daten und Dokumente im Griff\"}]},{\"@type\":\"WebSite\",\"@id\":\"https:\\\/\\\/www.organisator.ch\\\/#website\",\"url\":\"https:\\\/\\\/www.organisator.ch\\\/\",\"name\":\"Organisator\",\"description\":\"Kompetent. Praxisnah. Der ORGANISATOR bereitet in 10 Ausgaben pro Jahr die wesentlichen Themen f\u00fcr F\u00fchrungskr\u00e4fte von KMU auf.\",\"publisher\":{\"@id\":\"https:\\\/\\\/www.organisator.ch\\\/#organization\"},\"potentialAction\":[{\"@type\":\"SearchAction\",\"target\":{\"@type\":\"EntryPoint\",\"urlTemplate\":\"https:\\\/\\\/www.organisator.ch\\\/?s={search_term_string}\"},\"query-input\":{\"@type\":\"PropertyValueSpecification\",\"valueRequired\":true,\"valueName\":\"search_term_string\"}}],\"inLanguage\":\"de\"},{\"@type\":\"Organization\",\"@id\":\"https:\\\/\\\/www.organisator.ch\\\/#organization\",\"name\":\"Organisator\",\"url\":\"https:\\\/\\\/www.organisator.ch\\\/\",\"logo\":{\"@type\":\"ImageObject\",\"inLanguage\":\"de\",\"@id\":\"https:\\\/\\\/www.organisator.ch\\\/#\\\/schema\\\/logo\\\/image\\\/\",\"url\":\"https:\\\/\\\/www.organisator.ch\\\/wp-content\\\/uploads\\\/2022\\\/01\\\/Logo_Organisator_Website.png\",\"contentUrl\":\"https:\\\/\\\/www.organisator.ch\\\/wp-content\\\/uploads\\\/2022\\\/01\\\/Logo_Organisator_Website.png\",\"width\":800,\"height\":77,\"caption\":\"Organisator\"},\"image\":{\"@id\":\"https:\\\/\\\/www.organisator.ch\\\/#\\\/schema\\\/logo\\\/image\\\/\"},\"sameAs\":[\"https:\\\/\\\/www.facebook.com\\\/OrganisatorFachmagazin\",\"https:\\\/\\\/www.linkedin.com\\\/showcase\\\/organisator-das-magazin-fr-kmu\",\"https:\\\/\\\/www.xing.com\\\/news\\\/pages\\\/organisator-ch-695\",\"https:\\\/\\\/www.youtube.com\\\/channel\\\/UCGP2Sq0iWaZwT3BdIAQFYpw\"]},{\"@type\":\"Person\",\"@id\":\"https:\\\/\\\/www.organisator.ch\\\/#\\\/schema\\\/person\\\/6f650f90b2842cd4c0cc334b4e36f67e\",\"name\":\"thomas.berner\",\"image\":{\"@type\":\"ImageObject\",\"inLanguage\":\"de\",\"@id\":\"https:\\\/\\\/secure.gravatar.com\\\/avatar\\\/ac5001d2a36cb6c6cd3e50789007ffca834b477b74a2144564522e944eabff61?s=96&d=mm&r=g\",\"url\":\"https:\\\/\\\/secure.gravatar.com\\\/avatar\\\/ac5001d2a36cb6c6cd3e50789007ffca834b477b74a2144564522e944eabff61?s=96&d=mm&r=g\",\"contentUrl\":\"https:\\\/\\\/secure.gravatar.com\\\/avatar\\\/ac5001d2a36cb6c6cd3e50789007ffca834b477b74a2144564522e944eabff61?s=96&d=mm&r=g\",\"caption\":\"thomas.berner\"},\"url\":\"https:\\\/\\\/www.organisator.ch\\\/de\\\/author\\\/thomas-berner\\\/\"}]}<\/script>\n<!-- \/ Yoast SEO plugin. -->","yoast_head_json":{"title":"Informationsmanagement: Alle Daten und Dokumente im Griff - Organisator","description":"F\u00fcnf Gr\u00fcnde, warum umfassendes Informationsmanagement zentraler Baustein jeder Digitalisierungsstrategie sein sollte.","robots":{"index":"index","follow":"follow","max-snippet":"max-snippet:-1","max-image-preview":"max-image-preview:large","max-video-preview":"max-video-preview:-1"},"canonical":"https:\/\/www.organisator.ch\/de\/management\/it\/2018-10-31\/informationsmanagement-alle-daten-und-dokumente-im-griff\/","og_locale":"de_DE","og_type":"article","og_title":"Informationsmanagement: Alle Daten und Dokumente im Griff","og_description":"F\u00fcnf Gr\u00fcnde, warum umfassendes Informationsmanagement zentraler Baustein jeder Digitalisierungsstrategie sein sollte.","og_url":"https:\/\/www.organisator.ch\/de\/management\/it\/2018-10-31\/informationsmanagement-alle-daten-und-dokumente-im-griff\/","og_site_name":"Organisator","article_publisher":"https:\/\/www.facebook.com\/OrganisatorFachmagazin","article_published_time":"2018-10-31T08:20:23+00:00","og_image":[{"width":640,"height":452,"url":"https:\/\/www.organisator.ch\/wp-content\/uploads\/2018\/10\/Informationsmanagement-Alle-Daten-und-Dokumente-im-Griff_Organisator.jpg","type":"image\/jpeg"}],"author":"thomas.berner","twitter_card":"summary_large_image","twitter_title":"#Informationsmanagement: Alle Daten und Dokumente im Griff","twitter_description":"F\u00fcnf Gr\u00fcnde, warum umfassendes #Informationsmanagement zentraler Baustein jeder Digitalisierungsstrategie sein sollte.","twitter_image":"https:\/\/www.organisator.ch\/wp-content\/uploads\/2018\/10\/Informationsmanagement-Alle-Daten-und-Dokumente-im-Griff_Organisator.jpg","schema":{"@context":"https:\/\/schema.org","@graph":[{"@type":"Article","@id":"https:\/\/www.organisator.ch\/management\/it\/2018-10-31\/informationsmanagement-alle-daten-und-dokumente-im-griff\/#article","isPartOf":{"@id":"https:\/\/www.organisator.ch\/management\/it\/2018-10-31\/informationsmanagement-alle-daten-und-dokumente-im-griff\/"},"author":{"name":"thomas.berner","@id":"https:\/\/www.organisator.ch\/#\/schema\/person\/6f650f90b2842cd4c0cc334b4e36f67e"},"headline":"Informationsmanagement: Alle Daten und Dokumente im Griff","datePublished":"2018-10-31T08:20:23+00:00","mainEntityOfPage":{"@id":"https:\/\/www.organisator.ch\/management\/it\/2018-10-31\/informationsmanagement-alle-daten-und-dokumente-im-griff\/"},"wordCount":494,"commentCount":0,"publisher":{"@id":"https:\/\/www.organisator.ch\/#organization"},"image":{"@id":"https:\/\/www.organisator.ch\/management\/it\/2018-10-31\/informationsmanagement-alle-daten-und-dokumente-im-griff\/#primaryimage"},"thumbnailUrl":"https:\/\/www.organisator.ch\/wp-content\/uploads\/2018\/10\/Informationsmanagement-Alle-Daten-und-Dokumente-im-Griff_Organisator.jpg","keywords":["Checklisten","Digitalisierung","IT &amp; Business Software"],"articleSection":["IT"],"inLanguage":"de"},{"@type":"WebPage","@id":"https:\/\/www.organisator.ch\/management\/it\/2018-10-31\/informationsmanagement-alle-daten-und-dokumente-im-griff\/","url":"https:\/\/www.organisator.ch\/management\/it\/2018-10-31\/informationsmanagement-alle-daten-und-dokumente-im-griff\/","name":"Informationsmanagement: Alle Daten und Dokumente im Griff - Organisator","isPartOf":{"@id":"https:\/\/www.organisator.ch\/#website"},"primaryImageOfPage":{"@id":"https:\/\/www.organisator.ch\/management\/it\/2018-10-31\/informationsmanagement-alle-daten-und-dokumente-im-griff\/#primaryimage"},"image":{"@id":"https:\/\/www.organisator.ch\/management\/it\/2018-10-31\/informationsmanagement-alle-daten-und-dokumente-im-griff\/#primaryimage"},"thumbnailUrl":"https:\/\/www.organisator.ch\/wp-content\/uploads\/2018\/10\/Informationsmanagement-Alle-Daten-und-Dokumente-im-Griff_Organisator.jpg","datePublished":"2018-10-31T08:20:23+00:00","description":"F\u00fcnf Gr\u00fcnde, warum umfassendes Informationsmanagement zentraler Baustein jeder Digitalisierungsstrategie sein sollte.","breadcrumb":{"@id":"https:\/\/www.organisator.ch\/management\/it\/2018-10-31\/informationsmanagement-alle-daten-und-dokumente-im-griff\/#breadcrumb"},"inLanguage":"de","potentialAction":[{"@type":"ReadAction","target":["https:\/\/www.organisator.ch\/management\/it\/2018-10-31\/informationsmanagement-alle-daten-und-dokumente-im-griff\/"]}]},{"@type":"ImageObject","inLanguage":"de","@id":"https:\/\/www.organisator.ch\/management\/it\/2018-10-31\/informationsmanagement-alle-daten-und-dokumente-im-griff\/#primaryimage","url":"https:\/\/www.organisator.ch\/wp-content\/uploads\/2018\/10\/Informationsmanagement-Alle-Daten-und-Dokumente-im-Griff_Organisator.jpg","contentUrl":"https:\/\/www.organisator.ch\/wp-content\/uploads\/2018\/10\/Informationsmanagement-Alle-Daten-und-Dokumente-im-Griff_Organisator.jpg","width":640,"height":452,"caption":"Informationsmanagement muss Teil einer jeden Digitalisierungs-Strategie sein."},{"@type":"BreadcrumbList","@id":"https:\/\/www.organisator.ch\/management\/it\/2018-10-31\/informationsmanagement-alle-daten-und-dokumente-im-griff\/#breadcrumb","itemListElement":[{"@type":"ListItem","position":1,"name":"Home","item":"https:\/\/www.organisator.ch\/"},{"@type":"ListItem","position":2,"name":"Informationsmanagement: Alle Daten und Dokumente im Griff"}]},{"@type":"WebSite","@id":"https:\/\/www.organisator.ch\/#website","url":"https:\/\/www.organisator.ch\/","name":"Organisator","description":"Kompetent. Praxisnah. Der ORGANISATOR bereitet in 10 Ausgaben pro Jahr die wesentlichen Themen f\u00fcr F\u00fchrungskr\u00e4fte von KMU auf.","publisher":{"@id":"https:\/\/www.organisator.ch\/#organization"},"potentialAction":[{"@type":"SearchAction","target":{"@type":"EntryPoint","urlTemplate":"https:\/\/www.organisator.ch\/?s={search_term_string}"},"query-input":{"@type":"PropertyValueSpecification","valueRequired":true,"valueName":"search_term_string"}}],"inLanguage":"de"},{"@type":"Organization","@id":"https:\/\/www.organisator.ch\/#organization","name":"Organisator","url":"https:\/\/www.organisator.ch\/","logo":{"@type":"ImageObject","inLanguage":"de","@id":"https:\/\/www.organisator.ch\/#\/schema\/logo\/image\/","url":"https:\/\/www.organisator.ch\/wp-content\/uploads\/2022\/01\/Logo_Organisator_Website.png","contentUrl":"https:\/\/www.organisator.ch\/wp-content\/uploads\/2022\/01\/Logo_Organisator_Website.png","width":800,"height":77,"caption":"Organisator"},"image":{"@id":"https:\/\/www.organisator.ch\/#\/schema\/logo\/image\/"},"sameAs":["https:\/\/www.facebook.com\/OrganisatorFachmagazin","https:\/\/www.linkedin.com\/showcase\/organisator-das-magazin-fr-kmu","https:\/\/www.xing.com\/news\/pages\/organisator-ch-695","https:\/\/www.youtube.com\/channel\/UCGP2Sq0iWaZwT3BdIAQFYpw"]},{"@type":"Person","@id":"https:\/\/www.organisator.ch\/#\/schema\/person\/6f650f90b2842cd4c0cc334b4e36f67e","name":"thomas.berner","image":{"@type":"ImageObject","inLanguage":"de","@id":"https:\/\/secure.gravatar.com\/avatar\/ac5001d2a36cb6c6cd3e50789007ffca834b477b74a2144564522e944eabff61?s=96&d=mm&r=g","url":"https:\/\/secure.gravatar.com\/avatar\/ac5001d2a36cb6c6cd3e50789007ffca834b477b74a2144564522e944eabff61?s=96&d=mm&r=g","contentUrl":"https:\/\/secure.gravatar.com\/avatar\/ac5001d2a36cb6c6cd3e50789007ffca834b477b74a2144564522e944eabff61?s=96&d=mm&r=g","caption":"thomas.berner"},"url":"https:\/\/www.organisator.ch\/de\/author\/thomas-berner\/"}]}},"_links":{"self":[{"href":"https:\/\/www.organisator.ch\/de\/wp-json\/wp\/v2\/posts\/4450","targetHints":{"allow":["GET"]}}],"collection":[{"href":"https:\/\/www.organisator.ch\/de\/wp-json\/wp\/v2\/posts"}],"about":[{"href":"https:\/\/www.organisator.ch\/de\/wp-json\/wp\/v2\/types\/post"}],"author":[{"embeddable":true,"href":"https:\/\/www.organisator.ch\/de\/wp-json\/wp\/v2\/users\/4"}],"replies":[{"embeddable":true,"href":"https:\/\/www.organisator.ch\/de\/wp-json\/wp\/v2\/comments?post=4450"}],"version-history":[{"count":0,"href":"https:\/\/www.organisator.ch\/de\/wp-json\/wp\/v2\/posts\/4450\/revisions"}],"wp:featuredmedia":[{"embeddable":true,"href":"https:\/\/www.organisator.ch\/de\/wp-json\/wp\/v2\/media\/4451"}],"wp:attachment":[{"href":"https:\/\/www.organisator.ch\/de\/wp-json\/wp\/v2\/media?parent=4450"}],"wp:term":[{"taxonomy":"category","embeddable":true,"href":"https:\/\/www.organisator.ch\/de\/wp-json\/wp\/v2\/categories?post=4450"},{"taxonomy":"post_tag","embeddable":true,"href":"https:\/\/www.organisator.ch\/de\/wp-json\/wp\/v2\/tags?post=4450"}],"curies":[{"name":"wp","href":"https:\/\/api.w.org\/{rel}","templated":true}]}}