{"id":4458,"date":"2018-11-02T12:00:04","date_gmt":"2018-11-02T11:00:04","guid":{"rendered":"https:\/\/www.organisator.ch\/?p=4458"},"modified":"2018-11-02T12:00:04","modified_gmt":"2018-11-02T11:00:04","slug":"cno-panel-2018-die-schweiz-ist-noch-zu-stark-back-fuer-die-zukunft","status":"publish","type":"post","link":"https:\/\/www.organisator.ch\/de\/allgemein\/2018-11-02\/cno-panel-2018-die-schweiz-ist-noch-zu-stark-back-fuer-die-zukunft\/","title":{"rendered":"CNO Panel 2018: Die Schweiz ist noch zu stark &#8222;Back&#8220; f\u00fcr die Zukunft"},"content":{"rendered":"<figure id=\"attachment_4459\" aria-describedby=\"caption-attachment-4459\" style=\"width: 640px\" class=\"wp-caption alignnone\"><img loading=\"lazy\" decoding=\"async\" class=\"size-full wp-image-4459\" src=\"https:\/\/www.organisator.ch\/wp-content\/uploads\/2018\/11\/CNO-Panel-2018-Die-Schweiz-ist-noch-zu-stark-Back-fuer-die-Zukunft_Organisator.jpg\" alt=\"\" width=\"640\" height=\"360\" srcset=\"https:\/\/www.organisator.ch\/wp-content\/uploads\/2018\/11\/CNO-Panel-2018-Die-Schweiz-ist-noch-zu-stark-Back-fuer-die-Zukunft_Organisator.jpg 640w, https:\/\/www.organisator.ch\/wp-content\/uploads\/2018\/11\/CNO-Panel-2018-Die-Schweiz-ist-noch-zu-stark-Back-fuer-die-Zukunft_Organisator-16x9.jpg 16w, https:\/\/www.organisator.ch\/wp-content\/uploads\/2018\/11\/CNO-Panel-2018-Die-Schweiz-ist-noch-zu-stark-Back-fuer-die-Zukunft_Organisator-311x175.jpg 311w, https:\/\/www.organisator.ch\/wp-content\/uploads\/2018\/11\/CNO-Panel-2018-Die-Schweiz-ist-noch-zu-stark-Back-fuer-die-Zukunft_Organisator-622x350.jpg 622w, https:\/\/www.organisator.ch\/wp-content\/uploads\/2018\/11\/CNO-Panel-2018-Die-Schweiz-ist-noch-zu-stark-Back-fuer-die-Zukunft_Organisator-300x169.jpg 300w\" sizes=\"auto, (max-width: 640px) 100vw, 640px\" \/><figcaption id=\"caption-attachment-4459\" class=\"wp-caption-text\">Blicken wir so in die Zukunft? Internet-Unternehmer J\u00f6rg Eugster sprach am CNO Panel 2018 \u00fcber wichtige Megatrends. (Bild: Lindholm Fotografie, <a href=\"http:\/\/www.lindholmfoto.ch\">www.lindholmfoto.ch<\/a>)<\/figcaption><\/figure>\n<p>\u201eBack to the Future &#8211; Utopie oder Realit\u00e4t?\u201d lautete das diesj\u00e4hrige Thema der Veranstaltungsreihe von sieber &amp; partners. Damit forderte das CNO Panel 2018\u00a0die rund 400 Teilnehmenden auf,\u00a0sich teils heiklen aber hochinteressanten Fragen zu stellen, wie etwa:\u00a0\u201eWie werden wir uns von Z\u00fcrich nach Ostermundigen bewegen?\u201c, \u201eWerden wir von Robotern gepflegt?\u201c, \u201eIst es noch notwendig, Sprachen zu lernen?\u201c, \u201eWer macht meinen Job?\u201c, \u201eWas w\u00e4re, wenn es selbstfahrende Autos g\u00e4be?\u201c In Workshops, Pr\u00e4sentationen und Meetingspoints n\u00e4herten sich Experten und Teilnehmende gemeinsam solchen akuten Zukunftsfragen &#8211; und L\u00f6sungen &#8211; an.<\/p>\n<h2>Zu stark &#8222;organisiert&#8220; an Stelle von offenen Plattformen<\/h2>\n<p>Pascal Sieber, Gr\u00fcnder und Veranstalter des CNO Panels, zieht auf die Frage, wie &#8222;zukunftsf\u00e4hig&#8220; die Schweiz aufgestellt ist, ein eher durchzogenes Fazit: &#8222;Der Staat und staatsnahe Betriebe hinken den aktuellen Entwicklungen <span lang=\"DE\">zehn bis zwanzig Jahre hinterher. In der Privatwirtschaft\u00a0liegen wir etwa im Durchschnitt.&#8220; Mit anderen Worten: &#8222;Back to the Future&#8220; scheint f\u00fcr unser Land also geradezu programmatisch zu gelten. Pascal Sieber\u00a0nennt aber\u00a0einige Schweizer\u00a0Unternehmen, die f\u00fcr die Digitalisierung sehr weit fortgeschrittene L\u00f6sungen bieten.\u00a0&#8222;Ein Beispiel ist etwa Landis + Gyr: Das Unternehmen ist f\u00fchrend bei L\u00f6sungen f\u00fcr Energy-as-a-Service. Doch genau\u00a0dies ist in der Schweiz derzeit nicht realisierbar, da\u00a0viele staatsnahe Energieversorger ihre Pfr\u00fcnde sichern wollen&#8220;, bedauert Sieber.\u00a0Insgesamt sieht er die Schweiz nach wie vor zu stark dominiert von staatsnahen Betrieben \u2013 etwa\u00a0in der Telekommunikation \u2013 und Monopolen. Wo in anderen L\u00e4ndern offene Plattformen entstehen, ist die Schweiz in vielerlei Hinsicht noch zu stark \u201eorganisiert\u201c und setzt lieber auf tr\u00e4ge propriet\u00e4re L\u00f6sungen. <\/span><\/p>\n<h2>\u00dcber digitale Gesch\u00e4ftsmodelle nicht nur reden, sondern handeln<\/h2>\n<p>Wie die digitale Zukunft tats\u00e4chlich einmal aussehen k\u00f6nnte, dar\u00fcber sprach am Abend J\u00f6rg Eugster in seiner Keynote. Der erfolgreiche Internet-Unternehmer und Zukunftsmissionar\u00a0brachte am CNO Panel 2018\u00a0die digitalen Megatrends auf informative und unterhaltsame Art n\u00e4her, indem er direkt aus seinem digitalen Leben erz\u00e4hlte. In der anschliessenden Gespr\u00e4chsrunde \u201eDrei Schweizer im globalen Markt\u201c\u00a0wurde aufgezeigt, dass es viele Schweizer Unternehmer\/innen gibt, die sich mit ihrer Software im internationalen und sogar globalen Markt behaupten \u2013 obwohl die Schweizer Software-Szene oft als Forschungs- und Entwicklungsszene bezeichnet wird. Drei Unternehmer gaben Einblick in ihre Erfahrung:\u202fDorian Selz, CEO und Gr\u00fcnder von\u00a0Squirro, Jens Thuesen, VR-Pr\u00e4sident von\u00a0BSI Software und\u00a0Cristian Grossmann, CEO und Co-Gr\u00fcnder von\u00a0Beekeeper. Dieses Unternehmen hat eine Mitarbeiter-App entwickelt, mit der sich z.B. Blue-Collar-Arbeitskr\u00e4fte ohne eigenen PC-Arbeitsplatz besser vernetzen k\u00f6nnen. Der Informationsaustausch wird damit vereinfacht &#8211; Software resp. IT dient hier &#8222;nur&#8220; noch als Mittel zum Zweck. Mit solchen L\u00f6sungen wird die Digitalisierung die Arbeitswelt der Zukunft immer st\u00e4rker durchdringen. <span lang=\"DE\">Pascal Sieber w\u00fcnscht sich denn auch, dass Veranstaltungen wie das CNO Panel zu einer Art &#8222;Melting Point&#8220; werden k\u00f6nnen, wo \u00fcber die M\u00f6glichkeiten von digitalen Gesch\u00e4ftsmodellen nicht nur geredet, sondern auch aktiv gehandelt wird.<\/span><\/p>\n<p><a href=\"https:\/\/www.sieberpartners.com\/cno-content\/\"><em>Weitere Informationen und Impressionen<\/em><\/a><\/p>\n","protected":false},"excerpt":{"rendered":"<p>\u201eBack to the Future &#8211; Utopie oder Realit\u00e4t?\u201d lautete das diesj\u00e4hrige Thema der Veranstaltungsreihe von sieber &amp; partners. Damit forderte das CNO Panel 2018\u00a0die rund 400 Teilnehmenden auf,\u00a0sich teils heiklen aber hochinteressanten Fragen zu stellen, wie etwa:\u00a0\u201eWie werden wir uns von Z\u00fcrich nach Ostermundigen bewegen?\u201c, \u201eWerden wir von Robotern gepflegt?\u201c, \u201eIst es noch notwendig, Sprachen [&hellip;]<\/p>\n","protected":false},"author":4,"featured_media":4459,"comment_status":"open","ping_status":"open","sticky":false,"template":"","format":"standard","meta":{"_acf_changed":false,"_yoast_wpseo_focuskw":"CNO Panel 2018","_yoast_wpseo_metadesc":"Das CNO Panel 2018 bot am 30. Oktober relevante Statements aus Wissenschaft, Politik und Praxis in der entspannten Atmosph\u00e4re eines Gala-Abends.","articlekey":"","footnotes":""},"categories":[1],"tags":[156,193,508,531],"class_list":["post-4458","post","type-post","status-publish","format-standard","has-post-thumbnail","hentry","category-allgemein","tag-digitalisierung","tag-fachkongressfachmesse","tag-vermischtes","tag-wirtschaftspolitik"],"acf":[],"yoast_head":"<!-- This site is optimized with the Yoast SEO plugin v27.4 - https:\/\/yoast.com\/product\/yoast-seo-wordpress\/ -->\n<title>CNO Panel 2018: Die Schweiz ist noch zu stark &quot;Back&quot; f\u00fcr die Zukunft - Organisator<\/title>\n<meta name=\"description\" content=\"Das CNO Panel 2018 bot am 30. Oktober relevante Statements aus Wissenschaft, Politik und Praxis in der entspannten Atmosph\u00e4re eines Gala-Abends.\" \/>\n<meta name=\"robots\" content=\"index, follow, max-snippet:-1, max-image-preview:large, max-video-preview:-1\" \/>\n<link rel=\"canonical\" href=\"https:\/\/www.organisator.ch\/de\/allgemein\/2018-11-02\/cno-panel-2018-die-schweiz-ist-noch-zu-stark-back-fuer-die-zukunft\/\" \/>\n<meta property=\"og:locale\" content=\"de_DE\" \/>\n<meta property=\"og:type\" content=\"article\" \/>\n<meta property=\"og:title\" content=\"CNO Panel 2018: Die Schweiz ist noch zu stark &quot;Back&quot; f\u00fcr die Zukunft\" \/>\n<meta property=\"og:description\" content=\"Das CNO Panel 2018 bot am 30. Oktober relevante Statements aus Wissenschaft, Politik und Praxis in der entspannten Atmosph\u00e4re eines Gala-Abends.\" \/>\n<meta property=\"og:url\" content=\"https:\/\/www.organisator.ch\/de\/allgemein\/2018-11-02\/cno-panel-2018-die-schweiz-ist-noch-zu-stark-back-fuer-die-zukunft\/\" \/>\n<meta property=\"og:site_name\" content=\"Organisator\" \/>\n<meta property=\"article:publisher\" content=\"https:\/\/www.facebook.com\/OrganisatorFachmagazin\" \/>\n<meta property=\"article:published_time\" content=\"2018-11-02T11:00:04+00:00\" \/>\n<meta property=\"og:image\" content=\"https:\/\/www.organisator.ch\/wp-content\/uploads\/2018\/11\/CNO-Panel-2018-Die-Schweiz-ist-noch-zu-stark-Back-fuer-die-Zukunft_Organisator.jpg\" \/>\n\t<meta property=\"og:image:width\" content=\"640\" \/>\n\t<meta property=\"og:image:height\" content=\"360\" \/>\n\t<meta property=\"og:image:type\" content=\"image\/jpeg\" \/>\n<meta name=\"author\" content=\"thomas.berner\" \/>\n<meta name=\"twitter:card\" content=\"summary_large_image\" \/>\n<meta name=\"twitter:title\" content=\"#CNO Panel 2018: Die Schweiz ist noch zu stark &quot;Back&quot; f\u00fcr die Zukunft\" \/>\n<meta name=\"twitter:description\" content=\"Das #CNO Panel 2018 bot am 30. Oktober relevante Statements aus Wissenschaft, Politik und Praxis in der entspannten Atmosph\u00e4re eines Gala-Abends.\" \/>\n<meta name=\"twitter:image\" content=\"https:\/\/www.organisator.ch\/wp-content\/uploads\/2018\/11\/CNO-Panel-2018-Die-Schweiz-ist-noch-zu-stark-Back-f\u00fcr-die-Zukunft_Organisator.jpg\" \/>\n<script type=\"application\/ld+json\" class=\"yoast-schema-graph\">{\"@context\":\"https:\\\/\\\/schema.org\",\"@graph\":[{\"@type\":\"Article\",\"@id\":\"https:\\\/\\\/www.organisator.ch\\\/it\\\/generale\\\/2018-11-02\\\/cno-panel-2018-die-schweiz-ist-noch-zu-stark-back-fuer-die-zukunft\\\/#article\",\"isPartOf\":{\"@id\":\"https:\\\/\\\/www.organisator.ch\\\/it\\\/generale\\\/2018-11-02\\\/cno-panel-2018-die-schweiz-ist-noch-zu-stark-back-fuer-die-zukunft\\\/\"},\"author\":{\"name\":\"thomas.berner\",\"@id\":\"https:\\\/\\\/www.organisator.ch\\\/#\\\/schema\\\/person\\\/6f650f90b2842cd4c0cc334b4e36f67e\"},\"headline\":\"CNO Panel 2018: Die Schweiz ist noch zu stark &#8222;Back&#8220; f\u00fcr die Zukunft\",\"datePublished\":\"2018-11-02T11:00:04+00:00\",\"mainEntityOfPage\":{\"@id\":\"https:\\\/\\\/www.organisator.ch\\\/it\\\/generale\\\/2018-11-02\\\/cno-panel-2018-die-schweiz-ist-noch-zu-stark-back-fuer-die-zukunft\\\/\"},\"wordCount\":539,\"commentCount\":0,\"publisher\":{\"@id\":\"https:\\\/\\\/www.organisator.ch\\\/#organization\"},\"image\":{\"@id\":\"https:\\\/\\\/www.organisator.ch\\\/it\\\/generale\\\/2018-11-02\\\/cno-panel-2018-die-schweiz-ist-noch-zu-stark-back-fuer-die-zukunft\\\/#primaryimage\"},\"thumbnailUrl\":\"https:\\\/\\\/www.organisator.ch\\\/wp-content\\\/uploads\\\/2018\\\/11\\\/CNO-Panel-2018-Die-Schweiz-ist-noch-zu-stark-Back-fuer-die-Zukunft_Organisator.jpg\",\"keywords\":[\"Digitalisierung\",\"Fachkongress\\\/Fachmesse\",\"Vermischtes\",\"Wirtschaftspolitik\"],\"inLanguage\":\"de\"},{\"@type\":\"WebPage\",\"@id\":\"https:\\\/\\\/www.organisator.ch\\\/it\\\/generale\\\/2018-11-02\\\/cno-panel-2018-die-schweiz-ist-noch-zu-stark-back-fuer-die-zukunft\\\/\",\"url\":\"https:\\\/\\\/www.organisator.ch\\\/it\\\/generale\\\/2018-11-02\\\/cno-panel-2018-die-schweiz-ist-noch-zu-stark-back-fuer-die-zukunft\\\/\",\"name\":\"CNO Panel 2018: Die Schweiz ist noch zu stark \\\"Back\\\" f\u00fcr die Zukunft - Organisator\",\"isPartOf\":{\"@id\":\"https:\\\/\\\/www.organisator.ch\\\/#website\"},\"primaryImageOfPage\":{\"@id\":\"https:\\\/\\\/www.organisator.ch\\\/it\\\/generale\\\/2018-11-02\\\/cno-panel-2018-die-schweiz-ist-noch-zu-stark-back-fuer-die-zukunft\\\/#primaryimage\"},\"image\":{\"@id\":\"https:\\\/\\\/www.organisator.ch\\\/it\\\/generale\\\/2018-11-02\\\/cno-panel-2018-die-schweiz-ist-noch-zu-stark-back-fuer-die-zukunft\\\/#primaryimage\"},\"thumbnailUrl\":\"https:\\\/\\\/www.organisator.ch\\\/wp-content\\\/uploads\\\/2018\\\/11\\\/CNO-Panel-2018-Die-Schweiz-ist-noch-zu-stark-Back-fuer-die-Zukunft_Organisator.jpg\",\"datePublished\":\"2018-11-02T11:00:04+00:00\",\"description\":\"Das CNO Panel 2018 bot am 30. Oktober relevante Statements aus Wissenschaft, Politik und Praxis in der entspannten Atmosph\u00e4re eines Gala-Abends.\",\"breadcrumb\":{\"@id\":\"https:\\\/\\\/www.organisator.ch\\\/it\\\/generale\\\/2018-11-02\\\/cno-panel-2018-die-schweiz-ist-noch-zu-stark-back-fuer-die-zukunft\\\/#breadcrumb\"},\"inLanguage\":\"de\",\"potentialAction\":[{\"@type\":\"ReadAction\",\"target\":[\"https:\\\/\\\/www.organisator.ch\\\/it\\\/generale\\\/2018-11-02\\\/cno-panel-2018-die-schweiz-ist-noch-zu-stark-back-fuer-die-zukunft\\\/\"]}]},{\"@type\":\"ImageObject\",\"inLanguage\":\"de\",\"@id\":\"https:\\\/\\\/www.organisator.ch\\\/it\\\/generale\\\/2018-11-02\\\/cno-panel-2018-die-schweiz-ist-noch-zu-stark-back-fuer-die-zukunft\\\/#primaryimage\",\"url\":\"https:\\\/\\\/www.organisator.ch\\\/wp-content\\\/uploads\\\/2018\\\/11\\\/CNO-Panel-2018-Die-Schweiz-ist-noch-zu-stark-Back-fuer-die-Zukunft_Organisator.jpg\",\"contentUrl\":\"https:\\\/\\\/www.organisator.ch\\\/wp-content\\\/uploads\\\/2018\\\/11\\\/CNO-Panel-2018-Die-Schweiz-ist-noch-zu-stark-Back-fuer-die-Zukunft_Organisator.jpg\",\"width\":640,\"height\":360,\"caption\":\"Blicken wir so in die Zukunft? Internet-Unternehmen J\u00f6rg Eugster sprach am CNO Panel 2018 \u00fcber wichtige Megatrends. (Bild: Lindholm Fotografie, www.lindholmfoto.ch)\"},{\"@type\":\"BreadcrumbList\",\"@id\":\"https:\\\/\\\/www.organisator.ch\\\/it\\\/generale\\\/2018-11-02\\\/cno-panel-2018-die-schweiz-ist-noch-zu-stark-back-fuer-die-zukunft\\\/#breadcrumb\",\"itemListElement\":[{\"@type\":\"ListItem\",\"position\":1,\"name\":\"Home\",\"item\":\"https:\\\/\\\/www.organisator.ch\\\/\"},{\"@type\":\"ListItem\",\"position\":2,\"name\":\"CNO Panel 2018: Die Schweiz ist noch zu stark &#8222;Back&#8220; f\u00fcr die Zukunft\"}]},{\"@type\":\"WebSite\",\"@id\":\"https:\\\/\\\/www.organisator.ch\\\/#website\",\"url\":\"https:\\\/\\\/www.organisator.ch\\\/\",\"name\":\"Organisator\",\"description\":\"Kompetent. Praxisnah. Der ORGANISATOR bereitet in 10 Ausgaben pro Jahr die wesentlichen Themen f\u00fcr F\u00fchrungskr\u00e4fte von KMU auf.\",\"publisher\":{\"@id\":\"https:\\\/\\\/www.organisator.ch\\\/#organization\"},\"potentialAction\":[{\"@type\":\"SearchAction\",\"target\":{\"@type\":\"EntryPoint\",\"urlTemplate\":\"https:\\\/\\\/www.organisator.ch\\\/?s={search_term_string}\"},\"query-input\":{\"@type\":\"PropertyValueSpecification\",\"valueRequired\":true,\"valueName\":\"search_term_string\"}}],\"inLanguage\":\"de\"},{\"@type\":\"Organization\",\"@id\":\"https:\\\/\\\/www.organisator.ch\\\/#organization\",\"name\":\"Organisator\",\"url\":\"https:\\\/\\\/www.organisator.ch\\\/\",\"logo\":{\"@type\":\"ImageObject\",\"inLanguage\":\"de\",\"@id\":\"https:\\\/\\\/www.organisator.ch\\\/#\\\/schema\\\/logo\\\/image\\\/\",\"url\":\"https:\\\/\\\/www.organisator.ch\\\/wp-content\\\/uploads\\\/2022\\\/01\\\/Logo_Organisator_Website.png\",\"contentUrl\":\"https:\\\/\\\/www.organisator.ch\\\/wp-content\\\/uploads\\\/2022\\\/01\\\/Logo_Organisator_Website.png\",\"width\":800,\"height\":77,\"caption\":\"Organisator\"},\"image\":{\"@id\":\"https:\\\/\\\/www.organisator.ch\\\/#\\\/schema\\\/logo\\\/image\\\/\"},\"sameAs\":[\"https:\\\/\\\/www.facebook.com\\\/OrganisatorFachmagazin\",\"https:\\\/\\\/www.linkedin.com\\\/showcase\\\/organisator-das-magazin-fr-kmu\",\"https:\\\/\\\/www.xing.com\\\/news\\\/pages\\\/organisator-ch-695\",\"https:\\\/\\\/www.youtube.com\\\/channel\\\/UCGP2Sq0iWaZwT3BdIAQFYpw\"]},{\"@type\":\"Person\",\"@id\":\"https:\\\/\\\/www.organisator.ch\\\/#\\\/schema\\\/person\\\/6f650f90b2842cd4c0cc334b4e36f67e\",\"name\":\"thomas.berner\",\"image\":{\"@type\":\"ImageObject\",\"inLanguage\":\"de\",\"@id\":\"https:\\\/\\\/secure.gravatar.com\\\/avatar\\\/ac5001d2a36cb6c6cd3e50789007ffca834b477b74a2144564522e944eabff61?s=96&d=mm&r=g\",\"url\":\"https:\\\/\\\/secure.gravatar.com\\\/avatar\\\/ac5001d2a36cb6c6cd3e50789007ffca834b477b74a2144564522e944eabff61?s=96&d=mm&r=g\",\"contentUrl\":\"https:\\\/\\\/secure.gravatar.com\\\/avatar\\\/ac5001d2a36cb6c6cd3e50789007ffca834b477b74a2144564522e944eabff61?s=96&d=mm&r=g\",\"caption\":\"thomas.berner\"},\"url\":\"https:\\\/\\\/www.organisator.ch\\\/de\\\/author\\\/thomas-berner\\\/\"}]}<\/script>\n<!-- \/ Yoast SEO plugin. -->","yoast_head_json":{"title":"CNO Panel 2018: Die Schweiz ist noch zu stark \"Back\" f\u00fcr die Zukunft - Organisator","description":"Das CNO Panel 2018 bot am 30. Oktober relevante Statements aus Wissenschaft, Politik und Praxis in der entspannten Atmosph\u00e4re eines Gala-Abends.","robots":{"index":"index","follow":"follow","max-snippet":"max-snippet:-1","max-image-preview":"max-image-preview:large","max-video-preview":"max-video-preview:-1"},"canonical":"https:\/\/www.organisator.ch\/de\/allgemein\/2018-11-02\/cno-panel-2018-die-schweiz-ist-noch-zu-stark-back-fuer-die-zukunft\/","og_locale":"de_DE","og_type":"article","og_title":"CNO Panel 2018: Die Schweiz ist noch zu stark \"Back\" f\u00fcr die Zukunft","og_description":"Das CNO Panel 2018 bot am 30. Oktober relevante Statements aus Wissenschaft, Politik und Praxis in der entspannten Atmosph\u00e4re eines Gala-Abends.","og_url":"https:\/\/www.organisator.ch\/de\/allgemein\/2018-11-02\/cno-panel-2018-die-schweiz-ist-noch-zu-stark-back-fuer-die-zukunft\/","og_site_name":"Organisator","article_publisher":"https:\/\/www.facebook.com\/OrganisatorFachmagazin","article_published_time":"2018-11-02T11:00:04+00:00","og_image":[{"width":640,"height":360,"url":"https:\/\/www.organisator.ch\/wp-content\/uploads\/2018\/11\/CNO-Panel-2018-Die-Schweiz-ist-noch-zu-stark-Back-fuer-die-Zukunft_Organisator.jpg","type":"image\/jpeg"}],"author":"thomas.berner","twitter_card":"summary_large_image","twitter_title":"#CNO Panel 2018: Die Schweiz ist noch zu stark \"Back\" f\u00fcr die Zukunft","twitter_description":"Das #CNO Panel 2018 bot am 30. Oktober relevante Statements aus Wissenschaft, Politik und Praxis in der entspannten Atmosph\u00e4re eines Gala-Abends.","twitter_image":"https:\/\/www.organisator.ch\/wp-content\/uploads\/2018\/11\/CNO-Panel-2018-Die-Schweiz-ist-noch-zu-stark-Back-f\u00fcr-die-Zukunft_Organisator.jpg","schema":{"@context":"https:\/\/schema.org","@graph":[{"@type":"Article","@id":"https:\/\/www.organisator.ch\/it\/generale\/2018-11-02\/cno-panel-2018-die-schweiz-ist-noch-zu-stark-back-fuer-die-zukunft\/#article","isPartOf":{"@id":"https:\/\/www.organisator.ch\/it\/generale\/2018-11-02\/cno-panel-2018-die-schweiz-ist-noch-zu-stark-back-fuer-die-zukunft\/"},"author":{"name":"thomas.berner","@id":"https:\/\/www.organisator.ch\/#\/schema\/person\/6f650f90b2842cd4c0cc334b4e36f67e"},"headline":"CNO Panel 2018: Die Schweiz ist noch zu stark &#8222;Back&#8220; f\u00fcr die Zukunft","datePublished":"2018-11-02T11:00:04+00:00","mainEntityOfPage":{"@id":"https:\/\/www.organisator.ch\/it\/generale\/2018-11-02\/cno-panel-2018-die-schweiz-ist-noch-zu-stark-back-fuer-die-zukunft\/"},"wordCount":539,"commentCount":0,"publisher":{"@id":"https:\/\/www.organisator.ch\/#organization"},"image":{"@id":"https:\/\/www.organisator.ch\/it\/generale\/2018-11-02\/cno-panel-2018-die-schweiz-ist-noch-zu-stark-back-fuer-die-zukunft\/#primaryimage"},"thumbnailUrl":"https:\/\/www.organisator.ch\/wp-content\/uploads\/2018\/11\/CNO-Panel-2018-Die-Schweiz-ist-noch-zu-stark-Back-fuer-die-Zukunft_Organisator.jpg","keywords":["Digitalisierung","Fachkongress\/Fachmesse","Vermischtes","Wirtschaftspolitik"],"inLanguage":"de"},{"@type":"WebPage","@id":"https:\/\/www.organisator.ch\/it\/generale\/2018-11-02\/cno-panel-2018-die-schweiz-ist-noch-zu-stark-back-fuer-die-zukunft\/","url":"https:\/\/www.organisator.ch\/it\/generale\/2018-11-02\/cno-panel-2018-die-schweiz-ist-noch-zu-stark-back-fuer-die-zukunft\/","name":"CNO Panel 2018: Die Schweiz ist noch zu stark \"Back\" f\u00fcr die Zukunft - Organisator","isPartOf":{"@id":"https:\/\/www.organisator.ch\/#website"},"primaryImageOfPage":{"@id":"https:\/\/www.organisator.ch\/it\/generale\/2018-11-02\/cno-panel-2018-die-schweiz-ist-noch-zu-stark-back-fuer-die-zukunft\/#primaryimage"},"image":{"@id":"https:\/\/www.organisator.ch\/it\/generale\/2018-11-02\/cno-panel-2018-die-schweiz-ist-noch-zu-stark-back-fuer-die-zukunft\/#primaryimage"},"thumbnailUrl":"https:\/\/www.organisator.ch\/wp-content\/uploads\/2018\/11\/CNO-Panel-2018-Die-Schweiz-ist-noch-zu-stark-Back-fuer-die-Zukunft_Organisator.jpg","datePublished":"2018-11-02T11:00:04+00:00","description":"Das CNO Panel 2018 bot am 30. Oktober relevante Statements aus Wissenschaft, Politik und Praxis in der entspannten Atmosph\u00e4re eines Gala-Abends.","breadcrumb":{"@id":"https:\/\/www.organisator.ch\/it\/generale\/2018-11-02\/cno-panel-2018-die-schweiz-ist-noch-zu-stark-back-fuer-die-zukunft\/#breadcrumb"},"inLanguage":"de","potentialAction":[{"@type":"ReadAction","target":["https:\/\/www.organisator.ch\/it\/generale\/2018-11-02\/cno-panel-2018-die-schweiz-ist-noch-zu-stark-back-fuer-die-zukunft\/"]}]},{"@type":"ImageObject","inLanguage":"de","@id":"https:\/\/www.organisator.ch\/it\/generale\/2018-11-02\/cno-panel-2018-die-schweiz-ist-noch-zu-stark-back-fuer-die-zukunft\/#primaryimage","url":"https:\/\/www.organisator.ch\/wp-content\/uploads\/2018\/11\/CNO-Panel-2018-Die-Schweiz-ist-noch-zu-stark-Back-fuer-die-Zukunft_Organisator.jpg","contentUrl":"https:\/\/www.organisator.ch\/wp-content\/uploads\/2018\/11\/CNO-Panel-2018-Die-Schweiz-ist-noch-zu-stark-Back-fuer-die-Zukunft_Organisator.jpg","width":640,"height":360,"caption":"Blicken wir so in die Zukunft? Internet-Unternehmen J\u00f6rg Eugster sprach am CNO Panel 2018 \u00fcber wichtige Megatrends. (Bild: Lindholm Fotografie, www.lindholmfoto.ch)"},{"@type":"BreadcrumbList","@id":"https:\/\/www.organisator.ch\/it\/generale\/2018-11-02\/cno-panel-2018-die-schweiz-ist-noch-zu-stark-back-fuer-die-zukunft\/#breadcrumb","itemListElement":[{"@type":"ListItem","position":1,"name":"Home","item":"https:\/\/www.organisator.ch\/"},{"@type":"ListItem","position":2,"name":"CNO Panel 2018: Die Schweiz ist noch zu stark &#8222;Back&#8220; f\u00fcr die Zukunft"}]},{"@type":"WebSite","@id":"https:\/\/www.organisator.ch\/#website","url":"https:\/\/www.organisator.ch\/","name":"Organisator","description":"Kompetent. Praxisnah. Der ORGANISATOR bereitet in 10 Ausgaben pro Jahr die wesentlichen Themen f\u00fcr F\u00fchrungskr\u00e4fte von KMU auf.","publisher":{"@id":"https:\/\/www.organisator.ch\/#organization"},"potentialAction":[{"@type":"SearchAction","target":{"@type":"EntryPoint","urlTemplate":"https:\/\/www.organisator.ch\/?s={search_term_string}"},"query-input":{"@type":"PropertyValueSpecification","valueRequired":true,"valueName":"search_term_string"}}],"inLanguage":"de"},{"@type":"Organization","@id":"https:\/\/www.organisator.ch\/#organization","name":"Organisator","url":"https:\/\/www.organisator.ch\/","logo":{"@type":"ImageObject","inLanguage":"de","@id":"https:\/\/www.organisator.ch\/#\/schema\/logo\/image\/","url":"https:\/\/www.organisator.ch\/wp-content\/uploads\/2022\/01\/Logo_Organisator_Website.png","contentUrl":"https:\/\/www.organisator.ch\/wp-content\/uploads\/2022\/01\/Logo_Organisator_Website.png","width":800,"height":77,"caption":"Organisator"},"image":{"@id":"https:\/\/www.organisator.ch\/#\/schema\/logo\/image\/"},"sameAs":["https:\/\/www.facebook.com\/OrganisatorFachmagazin","https:\/\/www.linkedin.com\/showcase\/organisator-das-magazin-fr-kmu","https:\/\/www.xing.com\/news\/pages\/organisator-ch-695","https:\/\/www.youtube.com\/channel\/UCGP2Sq0iWaZwT3BdIAQFYpw"]},{"@type":"Person","@id":"https:\/\/www.organisator.ch\/#\/schema\/person\/6f650f90b2842cd4c0cc334b4e36f67e","name":"thomas.berner","image":{"@type":"ImageObject","inLanguage":"de","@id":"https:\/\/secure.gravatar.com\/avatar\/ac5001d2a36cb6c6cd3e50789007ffca834b477b74a2144564522e944eabff61?s=96&d=mm&r=g","url":"https:\/\/secure.gravatar.com\/avatar\/ac5001d2a36cb6c6cd3e50789007ffca834b477b74a2144564522e944eabff61?s=96&d=mm&r=g","contentUrl":"https:\/\/secure.gravatar.com\/avatar\/ac5001d2a36cb6c6cd3e50789007ffca834b477b74a2144564522e944eabff61?s=96&d=mm&r=g","caption":"thomas.berner"},"url":"https:\/\/www.organisator.ch\/de\/author\/thomas-berner\/"}]}},"_links":{"self":[{"href":"https:\/\/www.organisator.ch\/de\/wp-json\/wp\/v2\/posts\/4458","targetHints":{"allow":["GET"]}}],"collection":[{"href":"https:\/\/www.organisator.ch\/de\/wp-json\/wp\/v2\/posts"}],"about":[{"href":"https:\/\/www.organisator.ch\/de\/wp-json\/wp\/v2\/types\/post"}],"author":[{"embeddable":true,"href":"https:\/\/www.organisator.ch\/de\/wp-json\/wp\/v2\/users\/4"}],"replies":[{"embeddable":true,"href":"https:\/\/www.organisator.ch\/de\/wp-json\/wp\/v2\/comments?post=4458"}],"version-history":[{"count":0,"href":"https:\/\/www.organisator.ch\/de\/wp-json\/wp\/v2\/posts\/4458\/revisions"}],"wp:featuredmedia":[{"embeddable":true,"href":"https:\/\/www.organisator.ch\/de\/wp-json\/wp\/v2\/media\/4459"}],"wp:attachment":[{"href":"https:\/\/www.organisator.ch\/de\/wp-json\/wp\/v2\/media?parent=4458"}],"wp:term":[{"taxonomy":"category","embeddable":true,"href":"https:\/\/www.organisator.ch\/de\/wp-json\/wp\/v2\/categories?post=4458"},{"taxonomy":"post_tag","embeddable":true,"href":"https:\/\/www.organisator.ch\/de\/wp-json\/wp\/v2\/tags?post=4458"}],"curies":[{"name":"wp","href":"https:\/\/api.w.org\/{rel}","templated":true}]}}