{"id":4460,"date":"2021-06-30T07:00:49","date_gmt":"2021-06-30T05:00:49","guid":{"rendered":"https:\/\/www.umweltperspektiven.ch\/?p=4460"},"modified":"2022-02-09T11:09:53","modified_gmt":"2022-02-09T10:09:53","slug":"baukreislauf-gu-allco-ag-neuer-partner-von-madaster-schweiz","status":"publish","type":"post","link":"https:\/\/www.organisator.ch\/de\/sustainability\/2021-06-30\/baukreislauf-gu-allco-ag-neuer-partner-von-madaster-schweiz\/","title":{"rendered":"Baukreislauf: GU Allco AG neuer Partner von Madaster Schweiz"},"content":{"rendered":"<figure id=\"attachment_4461\" aria-describedby=\"caption-attachment-4461\" style=\"width: 680px\" class=\"wp-caption aligncenter\"><img loading=\"lazy\" decoding=\"async\" class=\"size-medium wp-image-4461\" src=\"\/\/www.umweltperspektiven.ch\/wp-content\/uploads\/2021\/06\/Allco-neuer-Madaster-Partner_-Urs-Meier-Allco-Marloes-Fischer-Madaster-Markus-B\u00e4chle-Allco_c-Allco-0013.jpg\" alt=\"Madaster\" width=\"680\" height=\"390\" \/><figcaption id=\"caption-attachment-4461\" class=\"wp-caption-text\">V.l.n.r.: Urs Meier (Allco), Marloes Fischer (Madaster) und Michael B\u00e4chle (Allco).<\/figcaption><\/figure>\n<p>Die <a href=\"\/\/www.madaster.ch\">Madaster-Plattform<\/a> bietet digitale Tools wie Materialp\u00e4sse und Indizes \u00fcber den wirtschaftlichen und zirkul\u00e4ren Wert von Geb\u00e4uden f\u00fcr nachhaltiges Bauen und Bewirtschaften von Liegenschaften. Die Erfassung von mehr Informationen \u00fcber die Zusammensetzung und die technischen Eigenschaften von Bauelementen w\u00e4hrend der Entwurfsphase geben Aufschluss \u00fcber deren Wert und Risiko im Falle der Umnutzung oder des R\u00fcckbaus einer Liegenschaft, wie die Organisation schreibt. Gleichzeitig werde so die zuk\u00fcnftige Wiederverwendung dieser Materialien erm\u00f6glicht. Daf\u00fcr m\u00fcssten digitalisierte Daten aus der Planungsphase in den folgenden Lebenszyklusphasen eines Geb\u00e4udes \u00fcbernommen, aufbereitet und transparent gemacht werden.<\/p>\n<h2><strong>Transparente Nachhaltigkeitsplanung<\/strong><\/h2>\n<p>\u00abAls Totalunternehmer f\u00fcr komplexe Bau-, Umbau und Renovationsprojekte haben wir eine grosse Verantwortung. F\u00fcr uns ist klar, dass Madaster ein wichtiger Bestandteil einer systematischen und stets transparenten Nachhaltigkeitsplanung \u00fcber den Lebenszyklus eines Geb\u00e4udes ist\u00bb, sagt Urs Meier, Gesch\u00e4ftsf\u00fchrer der <a href=\"\/\/www.allco.ch\">Allco AG<\/a>. Unter anderem werde bei der Sanierung der Liegenschaft M\u00fcllerstrasse 16\/20 in Z\u00fcrich f\u00fcr die Eigent\u00fcmerin Swiss Prime Site Madaster durch Allco zur Katalogisierung und Management von wiederverwendbarem Material genutzt.<\/p>\n<p>\u00abIch freue mich \u00fcber die Zusammenarbeit mit unserem Partner Allco. Ihre Expertise und unsere Plattform machen Materialdaten \u00fcber den gesamten Lebenszyklus von Geb\u00e4uden nutzbar. So geht zirkul\u00e4res Bauen,\u00bb sagt Marloes Fischer, Gesch\u00e4ftsf\u00fchrerin Madaster Services Schweiz.<\/p>\n<p>Das Madaster Partnerprogramm bietet Unternehmen die Vernetzung von Wissen und Expertise \u00fcber zirkul\u00e4res Bauen sowie die gemeinsame Entwicklung zukunftsf\u00e4higer L\u00f6sungen f\u00fcr Zirkularit\u00e4t im Bau- und Immobiliensektor. Mitglied von Madaster ist auch das Bundesamt f\u00fcr Umwelt (vgl. <a href=\"\/\/www.umweltperspektiven.ch\/circular-economy-madaster-begruesst-bafu-als-partner\/\">hier<\/a>)<\/p>\n<p><em>Quelle: Madaster<\/em><\/p>\n<p>&nbsp;<\/p>\n","protected":false},"excerpt":{"rendered":"<p>Die Madaster-Plattform bietet digitale Tools wie Materialp\u00e4sse und Indizes \u00fcber den wirtschaftlichen und zirkul\u00e4ren Wert von Geb\u00e4uden f\u00fcr nachhaltiges Bauen und Bewirtschaften von Liegenschaften. Die Erfassung von mehr Informationen \u00fcber die Zusammensetzung und die technischen Eigenschaften von Bauelementen w\u00e4hrend der Entwurfsphase geben Aufschluss \u00fcber deren Wert und Risiko im Falle der Umnutzung oder des R\u00fcckbaus [&hellip;]<\/p>\n","protected":false},"author":6,"featured_media":4461,"comment_status":"closed","ping_status":"closed","sticky":false,"template":"","format":"standard","meta":{"_acf_changed":false,"_yoast_wpseo_focuskw":"Madaster","_yoast_wpseo_metadesc":"Allco und Madaster haben eine Partnerschaft gestartet, um gemeinsam den Zugang zu Geb\u00e4udep\u00e4ssen zu erm\u00f6glichen und zu f\u00f6rdern.","articlekey":"","footnotes":""},"categories":[580],"tags":[693,791,1658],"class_list":["post-4460","post","type-post","status-publish","format-standard","has-post-thumbnail","hentry","category-sustainability","tag-allco","tag-bauwirtschaft","tag-madaster"],"acf":[],"yoast_head":"<!-- This site is optimized with the Yoast SEO plugin v27.5 - https:\/\/yoast.com\/product\/yoast-seo-wordpress\/ -->\n<title>Baukreislauf: GU Allco AG neuer Partner von Madaster Schweiz - Organisator<\/title>\n<meta name=\"description\" content=\"Allco und Madaster haben eine Partnerschaft gestartet, um gemeinsam den Zugang zu Geb\u00e4udep\u00e4ssen zu erm\u00f6glichen und zu f\u00f6rdern.\" \/>\n<meta name=\"robots\" content=\"index, follow, max-snippet:-1, max-image-preview:large, max-video-preview:-1\" \/>\n<link rel=\"canonical\" href=\"https:\/\/www.organisator.ch\/de\/sustainability\/2021-06-30\/baukreislauf-gu-allco-ag-neuer-partner-von-madaster-schweiz\/\" \/>\n<meta property=\"og:locale\" content=\"de_DE\" \/>\n<meta property=\"og:type\" content=\"article\" \/>\n<meta property=\"og:title\" content=\"Baukreislauf: GU Allco AG neuer Partner von Madaster Schweiz - Organisator\" \/>\n<meta property=\"og:description\" content=\"Allco und Madaster haben eine Partnerschaft gestartet, um gemeinsam den Zugang zu Geb\u00e4udep\u00e4ssen zu erm\u00f6glichen und zu f\u00f6rdern.\" \/>\n<meta property=\"og:url\" content=\"https:\/\/www.organisator.ch\/de\/sustainability\/2021-06-30\/baukreislauf-gu-allco-ag-neuer-partner-von-madaster-schweiz\/\" \/>\n<meta property=\"og:site_name\" content=\"Organisator\" \/>\n<meta property=\"article:publisher\" content=\"https:\/\/www.facebook.com\/OrganisatorFachmagazin\" \/>\n<meta property=\"article:published_time\" content=\"2021-06-30T05:00:49+00:00\" \/>\n<meta property=\"article:modified_time\" content=\"2022-02-09T10:09:53+00:00\" \/>\n<meta property=\"og:image\" content=\"https:\/\/www.organisator.ch\/wp-content\/uploads\/2021\/06\/Allco-neuer-Madaster-Partner_-Urs-Meier-Allco-Marloes-Fischer-Madaster-Markus-Baechle-Allco_c-Allco-0013-scaled.jpg\" \/>\n\t<meta property=\"og:image:width\" content=\"2560\" \/>\n\t<meta property=\"og:image:height\" content=\"1468\" \/>\n\t<meta property=\"og:image:type\" content=\"image\/jpeg\" \/>\n<meta name=\"author\" content=\"roger.straessle\" \/>\n<meta name=\"twitter:card\" content=\"summary_large_image\" \/>\n<script type=\"application\/ld+json\" class=\"yoast-schema-graph\">{\"@context\":\"https:\\\/\\\/schema.org\",\"@graph\":[{\"@type\":\"Article\",\"@id\":\"https:\\\/\\\/www.organisator.ch\\\/sustainability\\\/2021-06-30\\\/baukreislauf-gu-allco-ag-neuer-partner-von-madaster-schweiz\\\/#article\",\"isPartOf\":{\"@id\":\"https:\\\/\\\/www.organisator.ch\\\/sustainability\\\/2021-06-30\\\/baukreislauf-gu-allco-ag-neuer-partner-von-madaster-schweiz\\\/\"},\"author\":{\"name\":\"roger.straessle\",\"@id\":\"https:\\\/\\\/www.organisator.ch\\\/#\\\/schema\\\/person\\\/a800b8c54e208b160517a7dcc323161d\"},\"headline\":\"Baukreislauf: GU Allco AG neuer Partner von Madaster Schweiz\",\"datePublished\":\"2021-06-30T05:00:49+00:00\",\"dateModified\":\"2022-02-09T10:09:53+00:00\",\"mainEntityOfPage\":{\"@id\":\"https:\\\/\\\/www.organisator.ch\\\/sustainability\\\/2021-06-30\\\/baukreislauf-gu-allco-ag-neuer-partner-von-madaster-schweiz\\\/\"},\"wordCount\":296,\"publisher\":{\"@id\":\"https:\\\/\\\/www.organisator.ch\\\/#organization\"},\"image\":{\"@id\":\"https:\\\/\\\/www.organisator.ch\\\/sustainability\\\/2021-06-30\\\/baukreislauf-gu-allco-ag-neuer-partner-von-madaster-schweiz\\\/#primaryimage\"},\"thumbnailUrl\":\"https:\\\/\\\/www.organisator.ch\\\/wp-content\\\/uploads\\\/2021\\\/06\\\/Allco-neuer-Madaster-Partner_-Urs-Meier-Allco-Marloes-Fischer-Madaster-Markus-Baechle-Allco_c-Allco-0013-scaled.jpg\",\"keywords\":[\"Allco\",\"Bauwirtschaft\",\"Madaster\"],\"articleSection\":[\"SUSTAINABILITY\"],\"inLanguage\":\"de\"},{\"@type\":\"WebPage\",\"@id\":\"https:\\\/\\\/www.organisator.ch\\\/sustainability\\\/2021-06-30\\\/baukreislauf-gu-allco-ag-neuer-partner-von-madaster-schweiz\\\/\",\"url\":\"https:\\\/\\\/www.organisator.ch\\\/sustainability\\\/2021-06-30\\\/baukreislauf-gu-allco-ag-neuer-partner-von-madaster-schweiz\\\/\",\"name\":\"Baukreislauf: GU Allco AG neuer Partner von Madaster Schweiz - Organisator\",\"isPartOf\":{\"@id\":\"https:\\\/\\\/www.organisator.ch\\\/#website\"},\"primaryImageOfPage\":{\"@id\":\"https:\\\/\\\/www.organisator.ch\\\/sustainability\\\/2021-06-30\\\/baukreislauf-gu-allco-ag-neuer-partner-von-madaster-schweiz\\\/#primaryimage\"},\"image\":{\"@id\":\"https:\\\/\\\/www.organisator.ch\\\/sustainability\\\/2021-06-30\\\/baukreislauf-gu-allco-ag-neuer-partner-von-madaster-schweiz\\\/#primaryimage\"},\"thumbnailUrl\":\"https:\\\/\\\/www.organisator.ch\\\/wp-content\\\/uploads\\\/2021\\\/06\\\/Allco-neuer-Madaster-Partner_-Urs-Meier-Allco-Marloes-Fischer-Madaster-Markus-Baechle-Allco_c-Allco-0013-scaled.jpg\",\"datePublished\":\"2021-06-30T05:00:49+00:00\",\"dateModified\":\"2022-02-09T10:09:53+00:00\",\"description\":\"Allco und Madaster haben eine Partnerschaft gestartet, um gemeinsam den Zugang zu Geb\u00e4udep\u00e4ssen zu erm\u00f6glichen und zu f\u00f6rdern.\",\"breadcrumb\":{\"@id\":\"https:\\\/\\\/www.organisator.ch\\\/sustainability\\\/2021-06-30\\\/baukreislauf-gu-allco-ag-neuer-partner-von-madaster-schweiz\\\/#breadcrumb\"},\"inLanguage\":\"de\",\"potentialAction\":[{\"@type\":\"ReadAction\",\"target\":[\"https:\\\/\\\/www.organisator.ch\\\/sustainability\\\/2021-06-30\\\/baukreislauf-gu-allco-ag-neuer-partner-von-madaster-schweiz\\\/\"]}]},{\"@type\":\"ImageObject\",\"inLanguage\":\"de\",\"@id\":\"https:\\\/\\\/www.organisator.ch\\\/sustainability\\\/2021-06-30\\\/baukreislauf-gu-allco-ag-neuer-partner-von-madaster-schweiz\\\/#primaryimage\",\"url\":\"https:\\\/\\\/www.organisator.ch\\\/wp-content\\\/uploads\\\/2021\\\/06\\\/Allco-neuer-Madaster-Partner_-Urs-Meier-Allco-Marloes-Fischer-Madaster-Markus-Baechle-Allco_c-Allco-0013-scaled.jpg\",\"contentUrl\":\"https:\\\/\\\/www.organisator.ch\\\/wp-content\\\/uploads\\\/2021\\\/06\\\/Allco-neuer-Madaster-Partner_-Urs-Meier-Allco-Marloes-Fischer-Madaster-Markus-Baechle-Allco_c-Allco-0013-scaled.jpg\",\"width\":2560,\"height\":1468,\"caption\":\"V.l.n.r.: Urs Meier (Allco), Marloes Fischer (Madaster) und Markus B\u00e4chle (Allco).\"},{\"@type\":\"BreadcrumbList\",\"@id\":\"https:\\\/\\\/www.organisator.ch\\\/sustainability\\\/2021-06-30\\\/baukreislauf-gu-allco-ag-neuer-partner-von-madaster-schweiz\\\/#breadcrumb\",\"itemListElement\":[{\"@type\":\"ListItem\",\"position\":1,\"name\":\"Home\",\"item\":\"https:\\\/\\\/www.organisator.ch\\\/\"},{\"@type\":\"ListItem\",\"position\":2,\"name\":\"Baukreislauf: GU Allco AG neuer Partner von Madaster Schweiz\"}]},{\"@type\":\"WebSite\",\"@id\":\"https:\\\/\\\/www.organisator.ch\\\/#website\",\"url\":\"https:\\\/\\\/www.organisator.ch\\\/\",\"name\":\"Organisator\",\"description\":\"Kompetent. Praxisnah. Der ORGANISATOR bereitet in 10 Ausgaben pro Jahr die wesentlichen Themen f\u00fcr F\u00fchrungskr\u00e4fte von KMU auf.\",\"publisher\":{\"@id\":\"https:\\\/\\\/www.organisator.ch\\\/#organization\"},\"potentialAction\":[{\"@type\":\"SearchAction\",\"target\":{\"@type\":\"EntryPoint\",\"urlTemplate\":\"https:\\\/\\\/www.organisator.ch\\\/?s={search_term_string}\"},\"query-input\":{\"@type\":\"PropertyValueSpecification\",\"valueRequired\":true,\"valueName\":\"search_term_string\"}}],\"inLanguage\":\"de\"},{\"@type\":\"Organization\",\"@id\":\"https:\\\/\\\/www.organisator.ch\\\/#organization\",\"name\":\"Organisator\",\"url\":\"https:\\\/\\\/www.organisator.ch\\\/\",\"logo\":{\"@type\":\"ImageObject\",\"inLanguage\":\"de\",\"@id\":\"https:\\\/\\\/www.organisator.ch\\\/#\\\/schema\\\/logo\\\/image\\\/\",\"url\":\"https:\\\/\\\/www.organisator.ch\\\/wp-content\\\/uploads\\\/2022\\\/01\\\/Logo_Organisator_Website.png\",\"contentUrl\":\"https:\\\/\\\/www.organisator.ch\\\/wp-content\\\/uploads\\\/2022\\\/01\\\/Logo_Organisator_Website.png\",\"width\":800,\"height\":77,\"caption\":\"Organisator\"},\"image\":{\"@id\":\"https:\\\/\\\/www.organisator.ch\\\/#\\\/schema\\\/logo\\\/image\\\/\"},\"sameAs\":[\"https:\\\/\\\/www.facebook.com\\\/OrganisatorFachmagazin\",\"https:\\\/\\\/www.linkedin.com\\\/showcase\\\/organisator-das-magazin-fr-kmu\",\"https:\\\/\\\/www.xing.com\\\/news\\\/pages\\\/organisator-ch-695\",\"https:\\\/\\\/www.youtube.com\\\/channel\\\/UCGP2Sq0iWaZwT3BdIAQFYpw\"]},{\"@type\":\"Person\",\"@id\":\"https:\\\/\\\/www.organisator.ch\\\/#\\\/schema\\\/person\\\/a800b8c54e208b160517a7dcc323161d\",\"name\":\"roger.straessle\",\"image\":{\"@type\":\"ImageObject\",\"inLanguage\":\"de\",\"@id\":\"https:\\\/\\\/secure.gravatar.com\\\/avatar\\\/?s=96&d=mm&r=g\",\"url\":\"https:\\\/\\\/secure.gravatar.com\\\/avatar\\\/?s=96&d=mm&r=g\",\"contentUrl\":\"https:\\\/\\\/secure.gravatar.com\\\/avatar\\\/?s=96&d=mm&r=g\",\"caption\":\"roger.straessle\"},\"url\":\"https:\\\/\\\/www.organisator.ch\\\/de\\\/author\\\/roger-straessle\\\/\"}]}<\/script>\n<!-- \/ Yoast SEO plugin. -->","yoast_head_json":{"title":"Baukreislauf: GU Allco AG neuer Partner von Madaster Schweiz - Organisator","description":"Allco und Madaster haben eine Partnerschaft gestartet, um gemeinsam den Zugang zu Geb\u00e4udep\u00e4ssen zu erm\u00f6glichen und zu f\u00f6rdern.","robots":{"index":"index","follow":"follow","max-snippet":"max-snippet:-1","max-image-preview":"max-image-preview:large","max-video-preview":"max-video-preview:-1"},"canonical":"https:\/\/www.organisator.ch\/de\/sustainability\/2021-06-30\/baukreislauf-gu-allco-ag-neuer-partner-von-madaster-schweiz\/","og_locale":"de_DE","og_type":"article","og_title":"Baukreislauf: GU Allco AG neuer Partner von Madaster Schweiz - Organisator","og_description":"Allco und Madaster haben eine Partnerschaft gestartet, um gemeinsam den Zugang zu Geb\u00e4udep\u00e4ssen zu erm\u00f6glichen und zu f\u00f6rdern.","og_url":"https:\/\/www.organisator.ch\/de\/sustainability\/2021-06-30\/baukreislauf-gu-allco-ag-neuer-partner-von-madaster-schweiz\/","og_site_name":"Organisator","article_publisher":"https:\/\/www.facebook.com\/OrganisatorFachmagazin","article_published_time":"2021-06-30T05:00:49+00:00","article_modified_time":"2022-02-09T10:09:53+00:00","og_image":[{"width":2560,"height":1468,"url":"https:\/\/www.organisator.ch\/wp-content\/uploads\/2021\/06\/Allco-neuer-Madaster-Partner_-Urs-Meier-Allco-Marloes-Fischer-Madaster-Markus-Baechle-Allco_c-Allco-0013-scaled.jpg","type":"image\/jpeg"}],"author":"roger.straessle","twitter_card":"summary_large_image","schema":{"@context":"https:\/\/schema.org","@graph":[{"@type":"Article","@id":"https:\/\/www.organisator.ch\/sustainability\/2021-06-30\/baukreislauf-gu-allco-ag-neuer-partner-von-madaster-schweiz\/#article","isPartOf":{"@id":"https:\/\/www.organisator.ch\/sustainability\/2021-06-30\/baukreislauf-gu-allco-ag-neuer-partner-von-madaster-schweiz\/"},"author":{"name":"roger.straessle","@id":"https:\/\/www.organisator.ch\/#\/schema\/person\/a800b8c54e208b160517a7dcc323161d"},"headline":"Baukreislauf: GU Allco AG neuer Partner von Madaster Schweiz","datePublished":"2021-06-30T05:00:49+00:00","dateModified":"2022-02-09T10:09:53+00:00","mainEntityOfPage":{"@id":"https:\/\/www.organisator.ch\/sustainability\/2021-06-30\/baukreislauf-gu-allco-ag-neuer-partner-von-madaster-schweiz\/"},"wordCount":296,"publisher":{"@id":"https:\/\/www.organisator.ch\/#organization"},"image":{"@id":"https:\/\/www.organisator.ch\/sustainability\/2021-06-30\/baukreislauf-gu-allco-ag-neuer-partner-von-madaster-schweiz\/#primaryimage"},"thumbnailUrl":"https:\/\/www.organisator.ch\/wp-content\/uploads\/2021\/06\/Allco-neuer-Madaster-Partner_-Urs-Meier-Allco-Marloes-Fischer-Madaster-Markus-Baechle-Allco_c-Allco-0013-scaled.jpg","keywords":["Allco","Bauwirtschaft","Madaster"],"articleSection":["SUSTAINABILITY"],"inLanguage":"de"},{"@type":"WebPage","@id":"https:\/\/www.organisator.ch\/sustainability\/2021-06-30\/baukreislauf-gu-allco-ag-neuer-partner-von-madaster-schweiz\/","url":"https:\/\/www.organisator.ch\/sustainability\/2021-06-30\/baukreislauf-gu-allco-ag-neuer-partner-von-madaster-schweiz\/","name":"Baukreislauf: GU Allco AG neuer Partner von Madaster Schweiz - Organisator","isPartOf":{"@id":"https:\/\/www.organisator.ch\/#website"},"primaryImageOfPage":{"@id":"https:\/\/www.organisator.ch\/sustainability\/2021-06-30\/baukreislauf-gu-allco-ag-neuer-partner-von-madaster-schweiz\/#primaryimage"},"image":{"@id":"https:\/\/www.organisator.ch\/sustainability\/2021-06-30\/baukreislauf-gu-allco-ag-neuer-partner-von-madaster-schweiz\/#primaryimage"},"thumbnailUrl":"https:\/\/www.organisator.ch\/wp-content\/uploads\/2021\/06\/Allco-neuer-Madaster-Partner_-Urs-Meier-Allco-Marloes-Fischer-Madaster-Markus-Baechle-Allco_c-Allco-0013-scaled.jpg","datePublished":"2021-06-30T05:00:49+00:00","dateModified":"2022-02-09T10:09:53+00:00","description":"Allco und Madaster haben eine Partnerschaft gestartet, um gemeinsam den Zugang zu Geb\u00e4udep\u00e4ssen zu erm\u00f6glichen und zu f\u00f6rdern.","breadcrumb":{"@id":"https:\/\/www.organisator.ch\/sustainability\/2021-06-30\/baukreislauf-gu-allco-ag-neuer-partner-von-madaster-schweiz\/#breadcrumb"},"inLanguage":"de","potentialAction":[{"@type":"ReadAction","target":["https:\/\/www.organisator.ch\/sustainability\/2021-06-30\/baukreislauf-gu-allco-ag-neuer-partner-von-madaster-schweiz\/"]}]},{"@type":"ImageObject","inLanguage":"de","@id":"https:\/\/www.organisator.ch\/sustainability\/2021-06-30\/baukreislauf-gu-allco-ag-neuer-partner-von-madaster-schweiz\/#primaryimage","url":"https:\/\/www.organisator.ch\/wp-content\/uploads\/2021\/06\/Allco-neuer-Madaster-Partner_-Urs-Meier-Allco-Marloes-Fischer-Madaster-Markus-Baechle-Allco_c-Allco-0013-scaled.jpg","contentUrl":"https:\/\/www.organisator.ch\/wp-content\/uploads\/2021\/06\/Allco-neuer-Madaster-Partner_-Urs-Meier-Allco-Marloes-Fischer-Madaster-Markus-Baechle-Allco_c-Allco-0013-scaled.jpg","width":2560,"height":1468,"caption":"V.l.n.r.: Urs Meier (Allco), Marloes Fischer (Madaster) und Markus B\u00e4chle (Allco)."},{"@type":"BreadcrumbList","@id":"https:\/\/www.organisator.ch\/sustainability\/2021-06-30\/baukreislauf-gu-allco-ag-neuer-partner-von-madaster-schweiz\/#breadcrumb","itemListElement":[{"@type":"ListItem","position":1,"name":"Home","item":"https:\/\/www.organisator.ch\/"},{"@type":"ListItem","position":2,"name":"Baukreislauf: GU Allco AG neuer Partner von Madaster Schweiz"}]},{"@type":"WebSite","@id":"https:\/\/www.organisator.ch\/#website","url":"https:\/\/www.organisator.ch\/","name":"Organisator","description":"Kompetent. Praxisnah. Der ORGANISATOR bereitet in 10 Ausgaben pro Jahr die wesentlichen Themen f\u00fcr F\u00fchrungskr\u00e4fte von KMU auf.","publisher":{"@id":"https:\/\/www.organisator.ch\/#organization"},"potentialAction":[{"@type":"SearchAction","target":{"@type":"EntryPoint","urlTemplate":"https:\/\/www.organisator.ch\/?s={search_term_string}"},"query-input":{"@type":"PropertyValueSpecification","valueRequired":true,"valueName":"search_term_string"}}],"inLanguage":"de"},{"@type":"Organization","@id":"https:\/\/www.organisator.ch\/#organization","name":"Organisator","url":"https:\/\/www.organisator.ch\/","logo":{"@type":"ImageObject","inLanguage":"de","@id":"https:\/\/www.organisator.ch\/#\/schema\/logo\/image\/","url":"https:\/\/www.organisator.ch\/wp-content\/uploads\/2022\/01\/Logo_Organisator_Website.png","contentUrl":"https:\/\/www.organisator.ch\/wp-content\/uploads\/2022\/01\/Logo_Organisator_Website.png","width":800,"height":77,"caption":"Organisator"},"image":{"@id":"https:\/\/www.organisator.ch\/#\/schema\/logo\/image\/"},"sameAs":["https:\/\/www.facebook.com\/OrganisatorFachmagazin","https:\/\/www.linkedin.com\/showcase\/organisator-das-magazin-fr-kmu","https:\/\/www.xing.com\/news\/pages\/organisator-ch-695","https:\/\/www.youtube.com\/channel\/UCGP2Sq0iWaZwT3BdIAQFYpw"]},{"@type":"Person","@id":"https:\/\/www.organisator.ch\/#\/schema\/person\/a800b8c54e208b160517a7dcc323161d","name":"roger.straessle","image":{"@type":"ImageObject","inLanguage":"de","@id":"https:\/\/secure.gravatar.com\/avatar\/?s=96&d=mm&r=g","url":"https:\/\/secure.gravatar.com\/avatar\/?s=96&d=mm&r=g","contentUrl":"https:\/\/secure.gravatar.com\/avatar\/?s=96&d=mm&r=g","caption":"roger.straessle"},"url":"https:\/\/www.organisator.ch\/de\/author\/roger-straessle\/"}]}},"_links":{"self":[{"href":"https:\/\/www.organisator.ch\/de\/wp-json\/wp\/v2\/posts\/4460","targetHints":{"allow":["GET"]}}],"collection":[{"href":"https:\/\/www.organisator.ch\/de\/wp-json\/wp\/v2\/posts"}],"about":[{"href":"https:\/\/www.organisator.ch\/de\/wp-json\/wp\/v2\/types\/post"}],"author":[{"embeddable":true,"href":"https:\/\/www.organisator.ch\/de\/wp-json\/wp\/v2\/users\/6"}],"replies":[{"embeddable":true,"href":"https:\/\/www.organisator.ch\/de\/wp-json\/wp\/v2\/comments?post=4460"}],"version-history":[{"count":1,"href":"https:\/\/www.organisator.ch\/de\/wp-json\/wp\/v2\/posts\/4460\/revisions"}],"predecessor-version":[{"id":10795,"href":"https:\/\/www.organisator.ch\/de\/wp-json\/wp\/v2\/posts\/4460\/revisions\/10795"}],"wp:featuredmedia":[{"embeddable":true,"href":"https:\/\/www.organisator.ch\/de\/wp-json\/wp\/v2\/media\/4461"}],"wp:attachment":[{"href":"https:\/\/www.organisator.ch\/de\/wp-json\/wp\/v2\/media?parent=4460"}],"wp:term":[{"taxonomy":"category","embeddable":true,"href":"https:\/\/www.organisator.ch\/de\/wp-json\/wp\/v2\/categories?post=4460"},{"taxonomy":"post_tag","embeddable":true,"href":"https:\/\/www.organisator.ch\/de\/wp-json\/wp\/v2\/tags?post=4460"}],"curies":[{"name":"wp","href":"https:\/\/api.w.org\/{rel}","templated":true}]}}