{"id":4464,"date":"2018-11-05T10:22:56","date_gmt":"2018-11-05T09:22:56","guid":{"rendered":"https:\/\/www.organisator.ch\/?p=4464"},"modified":"2018-11-05T10:22:56","modified_gmt":"2018-11-05T09:22:56","slug":"einkaufen-auf-geschaeftsreisen-mit-privater-oder-firmeneigener-kreditkarte","status":"publish","type":"post","link":"https:\/\/www.organisator.ch\/de\/management\/finanzen_recht\/2018-11-05\/einkaufen-auf-geschaeftsreisen-mit-privater-oder-firmeneigener-kreditkarte\/","title":{"rendered":"Einkaufen auf Gesch\u00e4ftsreisen: Mit privater oder firmeneigener Kreditkarte?"},"content":{"rendered":"<figure id=\"attachment_4469\" aria-describedby=\"caption-attachment-4469\" style=\"width: 640px\" class=\"wp-caption alignnone\"><img loading=\"lazy\" decoding=\"async\" class=\"size-full wp-image-4469\" src=\"https:\/\/www.organisator.ch\/wp-content\/uploads\/2018\/11\/Einkaufen-auf-Geschaeftsreisen-Mit-privater-oder-firmeneigener-Kreditkarte_Organisator.jpg\" alt=\"\" width=\"640\" height=\"446\" srcset=\"https:\/\/www.organisator.ch\/wp-content\/uploads\/2018\/11\/Einkaufen-auf-Geschaeftsreisen-Mit-privater-oder-firmeneigener-Kreditkarte_Organisator.jpg 640w, https:\/\/www.organisator.ch\/wp-content\/uploads\/2018\/11\/Einkaufen-auf-Geschaeftsreisen-Mit-privater-oder-firmeneigener-Kreditkarte_Organisator-16x12.jpg 16w, https:\/\/www.organisator.ch\/wp-content\/uploads\/2018\/11\/Einkaufen-auf-Geschaeftsreisen-Mit-privater-oder-firmeneigener-Kreditkarte_Organisator-251x175.jpg 251w, https:\/\/www.organisator.ch\/wp-content\/uploads\/2018\/11\/Einkaufen-auf-Geschaeftsreisen-Mit-privater-oder-firmeneigener-Kreditkarte_Organisator-502x350.jpg 502w, https:\/\/www.organisator.ch\/wp-content\/uploads\/2018\/11\/Einkaufen-auf-Geschaeftsreisen-Mit-privater-oder-firmeneigener-Kreditkarte_Organisator-300x209.jpg 300w\" sizes=\"auto, (max-width: 640px) 100vw, 640px\" \/><figcaption id=\"caption-attachment-4469\" class=\"wp-caption-text\">Eine neue Studie zeigt, wie oft Gesch\u00e4ftsreisende die Kreditkarte ihrer Firma auch f\u00fcr private Eink\u00e4ufe nutzen. (Grafik: CWT)<\/figcaption><\/figure>\n<p>Vier von zehn Gesch\u00e4ftsreisenden geben zu, Firmenkreditkarten f\u00fcr pers\u00f6nliche Eink\u00e4ufe zu nutzen \u2013 46 Prozent der europ\u00e4ischen und amerikanischen Reisenden und 38 Prozent der Reisenden im asiatisch-pazifischen Raum. Das ist das Ergebnis einer Studie des weltweiten Gesch\u00e4ftsreiseanbieters Carlson Wagonlit Travel (CWT). \u201eTravel Manager m\u00fcssen sich um den Missbrauch von Firmenkreditkarten k\u00fcmmern und au\u00dferdem herausfinden, warum Reisende die Regeln nicht befolgen&#8220;, sagt Christophe Renard, Vice President der CWT Solutions Group, der Beratungssparte von Carlson Wagonlit Travel.<\/p>\n<h2>Klare Regelungen f\u00fcr die Nutzung der gesch\u00e4ftlichen Kreditkarte<\/h2>\n<p>Die Praxis ist weit verbreitet, obwohl 58 Prozent der Europ\u00e4er und 63 Prozent der Amerikaner angeben, die Richtlinien ihres Unternehmens untersagten die Nutzung von Firmenkreditkarten f\u00fcr Privatk\u00e4ufe \u2013 mit einer Umsetzungsquote von 85 Prozent in beiden Regionen. Von den asiatisch-pazifischen Reisenden sagen 69 Prozent, ihr Unternehmen verbiete die private Nutzung, die Umsetzungsquote liege bei 87 Prozent. Insgesamt erhalten sechs von zehn globalen Gesch\u00e4ftsreisenden von ihren Arbeitgebern eine Firmenkreditkarte \u2013 am ehesten in der Region Asien\/Pazifik (67 Prozent), gefolgt von Amerika (61 Prozent) und Europa (56 Prozent).<\/p>\n<h2>Private Kreditkarte wird auch gesch\u00e4ftlich genutzt<\/h2>\n<p>Die Ergebnisse der CWT-Studie zeigen aber auch das umgekehrte Ergebnis: Reisende wickeln gesch\u00e4ftliche Reiseausgaben oft \u00fcber ihre pers\u00f6nlichen Kreditkarten ab. Weltweit betrachtet, nutzen 49 Prozent der Gesch\u00e4ftsreisenden stets ihre pers\u00f6nliche Kreditkarte. Reisende aus dem asiatisch-pazifischen Raum neigen deutlich eher dazu (55 Prozent) als Reisende aus Amerika (48 Prozent) oder Europa (44 Prozent). \u201eDie Nutzung pers\u00f6nlicher Kreditkarten f\u00fcr Gesch\u00e4ftsausgaben bedeutet, dass es f\u00fcr die Unternehmen kompliziert wird, die Ausgaben nachzuverfolgen \u2013 und das macht es um einiges schwieriger, Richtlinien durchzusetzen&#8220;, sagt Christophe Renard von der CWT Solutions Group. \u201eFalls Unternehmen nicht allen Mitarbeitern Kreditkarten ausstellen wollen \u2013 was verst\u00e4ndlich ist \u2013, sind virtuelle Kreditkarten ein guter Kompromiss. Reisende m\u00fcssen ihre pers\u00f6nlichen Kreditkarten nicht f\u00fcr Gesch\u00e4ftsausgaben nutzen und Unternehmen wissen genau, wof\u00fcr ihr Geld verwendet wird.&#8220;<\/p>\n<p><em>Quelle: <a href=\"https:\/\/www.carlsonwagonlit.com\/\">Carlson Wagonlit Travel<\/a><\/em><\/p>\n<p>&nbsp;<\/p>\n","protected":false},"excerpt":{"rendered":"<p>Vier von zehn Gesch\u00e4ftsreisenden geben zu, Firmenkreditkarten f\u00fcr pers\u00f6nliche Eink\u00e4ufe zu nutzen \u2013 46 Prozent der europ\u00e4ischen und amerikanischen Reisenden und 38 Prozent der Reisenden im asiatisch-pazifischen Raum. Das ist das Ergebnis einer Studie des weltweiten Gesch\u00e4ftsreiseanbieters Carlson Wagonlit Travel (CWT). \u201eTravel Manager m\u00fcssen sich um den Missbrauch von Firmenkreditkarten k\u00fcmmern und au\u00dferdem herausfinden, warum [&hellip;]<\/p>\n","protected":false},"author":4,"featured_media":4469,"comment_status":"open","ping_status":"open","sticky":false,"template":"","format":"standard","meta":{"_acf_changed":false,"_yoast_wpseo_focuskw":"Kreditkarte","_yoast_wpseo_metadesc":"Eine Studie von zeigt: Vier von zehn Gesch\u00e4ftsreisenden nutzen Firmenkreditkarten auch f\u00fcr pers\u00f6nliche Eink\u00e4ufe.","articlekey":"","footnotes":""},"categories":[24],"tags":[202,239,334,459],"class_list":["post-4464","post","type-post","status-publish","format-standard","has-post-thumbnail","hentry","category-finanzen_recht","tag-finanzenrecht","tag-geschaeftsreisen","tag-management","tag-studie"],"acf":[],"yoast_head":"<!-- This site is optimized with the Yoast SEO plugin v27.4 - https:\/\/yoast.com\/product\/yoast-seo-wordpress\/ -->\n<title>Einkaufen auf Gesch\u00e4ftsreisen: Mit privater oder firmeneigener Kreditkarte? - Organisator<\/title>\n<meta name=\"description\" content=\"Eine Studie von zeigt: Vier von zehn Gesch\u00e4ftsreisenden nutzen Firmenkreditkarten auch f\u00fcr pers\u00f6nliche Eink\u00e4ufe.\" \/>\n<meta name=\"robots\" content=\"index, follow, max-snippet:-1, max-image-preview:large, max-video-preview:-1\" \/>\n<link rel=\"canonical\" href=\"https:\/\/www.organisator.ch\/de\/management\/finanzen_recht\/2018-11-05\/einkaufen-auf-geschaeftsreisen-mit-privater-oder-firmeneigener-kreditkarte\/\" \/>\n<meta property=\"og:locale\" content=\"de_DE\" \/>\n<meta property=\"og:type\" content=\"article\" \/>\n<meta property=\"og:title\" content=\"Einkaufen auf Gesch\u00e4ftsreisen: Mit privater oder firmeneigener Kreditkarte?\" \/>\n<meta property=\"og:description\" content=\"Eine Studie von zeigt: Vier von zehn Gesch\u00e4ftsreisenden nutzen Firmenkreditkarten auch f\u00fcr pers\u00f6nliche Eink\u00e4ufe.\" \/>\n<meta property=\"og:url\" content=\"https:\/\/www.organisator.ch\/de\/management\/finanzen_recht\/2018-11-05\/einkaufen-auf-geschaeftsreisen-mit-privater-oder-firmeneigener-kreditkarte\/\" \/>\n<meta property=\"og:site_name\" content=\"Organisator\" \/>\n<meta property=\"article:publisher\" content=\"https:\/\/www.facebook.com\/OrganisatorFachmagazin\" \/>\n<meta property=\"article:published_time\" content=\"2018-11-05T09:22:56+00:00\" \/>\n<meta property=\"og:image\" content=\"https:\/\/www.organisator.ch\/wp-content\/uploads\/2018\/11\/Einkaufen-auf-Geschaeftsreisen-Mit-privater-oder-firmeneigener-Kreditkarte_Organisator.jpg\" \/>\n\t<meta property=\"og:image:width\" content=\"640\" \/>\n\t<meta property=\"og:image:height\" content=\"446\" \/>\n\t<meta property=\"og:image:type\" content=\"image\/jpeg\" \/>\n<meta name=\"author\" content=\"thomas.berner\" \/>\n<meta name=\"twitter:card\" content=\"summary_large_image\" \/>\n<meta name=\"twitter:title\" content=\"Einkaufen auf Gesch\u00e4ftsreisen: Mit privater oder firmeneigener #Kreditkarte?\" \/>\n<meta name=\"twitter:description\" content=\"Eine Studie von zeigt: Vier von zehn Gesch\u00e4ftsreisenden nutzen #Firmenkreditkarten auch f\u00fcr pers\u00f6nliche Eink\u00e4ufe.\" \/>\n<meta name=\"twitter:image\" content=\"https:\/\/www.organisator.ch\/wp-content\/uploads\/2018\/11\/Einkaufen-auf-Gesch\u00e4ftsreisen-Mit-privater-oder-firmeneigener-Kreditkarte_Organisator.jpg\" \/>\n<script type=\"application\/ld+json\" class=\"yoast-schema-graph\">{\"@context\":\"https:\\\/\\\/schema.org\",\"@graph\":[{\"@type\":\"Article\",\"@id\":\"https:\\\/\\\/www.organisator.ch\\\/management\\\/finanzen_recht\\\/2018-11-05\\\/einkaufen-auf-geschaeftsreisen-mit-privater-oder-firmeneigener-kreditkarte\\\/#article\",\"isPartOf\":{\"@id\":\"https:\\\/\\\/www.organisator.ch\\\/management\\\/finanzen_recht\\\/2018-11-05\\\/einkaufen-auf-geschaeftsreisen-mit-privater-oder-firmeneigener-kreditkarte\\\/\"},\"author\":{\"name\":\"thomas.berner\",\"@id\":\"https:\\\/\\\/www.organisator.ch\\\/#\\\/schema\\\/person\\\/6f650f90b2842cd4c0cc334b4e36f67e\"},\"headline\":\"Einkaufen auf Gesch\u00e4ftsreisen: Mit privater oder firmeneigener Kreditkarte?\",\"datePublished\":\"2018-11-05T09:22:56+00:00\",\"mainEntityOfPage\":{\"@id\":\"https:\\\/\\\/www.organisator.ch\\\/management\\\/finanzen_recht\\\/2018-11-05\\\/einkaufen-auf-geschaeftsreisen-mit-privater-oder-firmeneigener-kreditkarte\\\/\"},\"wordCount\":352,\"commentCount\":0,\"publisher\":{\"@id\":\"https:\\\/\\\/www.organisator.ch\\\/#organization\"},\"image\":{\"@id\":\"https:\\\/\\\/www.organisator.ch\\\/management\\\/finanzen_recht\\\/2018-11-05\\\/einkaufen-auf-geschaeftsreisen-mit-privater-oder-firmeneigener-kreditkarte\\\/#primaryimage\"},\"thumbnailUrl\":\"https:\\\/\\\/www.organisator.ch\\\/wp-content\\\/uploads\\\/2018\\\/11\\\/Einkaufen-auf-Geschaeftsreisen-Mit-privater-oder-firmeneigener-Kreditkarte_Organisator.jpg\",\"keywords\":[\"Finanzen\\\/Recht\",\"Gesch\u00e4ftsreisen\",\"Management\",\"Studie\"],\"articleSection\":[\"FINANZEN\\\/RECHT\"],\"inLanguage\":\"de\"},{\"@type\":\"WebPage\",\"@id\":\"https:\\\/\\\/www.organisator.ch\\\/management\\\/finanzen_recht\\\/2018-11-05\\\/einkaufen-auf-geschaeftsreisen-mit-privater-oder-firmeneigener-kreditkarte\\\/\",\"url\":\"https:\\\/\\\/www.organisator.ch\\\/management\\\/finanzen_recht\\\/2018-11-05\\\/einkaufen-auf-geschaeftsreisen-mit-privater-oder-firmeneigener-kreditkarte\\\/\",\"name\":\"Einkaufen auf Gesch\u00e4ftsreisen: Mit privater oder firmeneigener Kreditkarte? - Organisator\",\"isPartOf\":{\"@id\":\"https:\\\/\\\/www.organisator.ch\\\/#website\"},\"primaryImageOfPage\":{\"@id\":\"https:\\\/\\\/www.organisator.ch\\\/management\\\/finanzen_recht\\\/2018-11-05\\\/einkaufen-auf-geschaeftsreisen-mit-privater-oder-firmeneigener-kreditkarte\\\/#primaryimage\"},\"image\":{\"@id\":\"https:\\\/\\\/www.organisator.ch\\\/management\\\/finanzen_recht\\\/2018-11-05\\\/einkaufen-auf-geschaeftsreisen-mit-privater-oder-firmeneigener-kreditkarte\\\/#primaryimage\"},\"thumbnailUrl\":\"https:\\\/\\\/www.organisator.ch\\\/wp-content\\\/uploads\\\/2018\\\/11\\\/Einkaufen-auf-Geschaeftsreisen-Mit-privater-oder-firmeneigener-Kreditkarte_Organisator.jpg\",\"datePublished\":\"2018-11-05T09:22:56+00:00\",\"description\":\"Eine Studie von zeigt: Vier von zehn Gesch\u00e4ftsreisenden nutzen Firmenkreditkarten auch f\u00fcr pers\u00f6nliche Eink\u00e4ufe.\",\"breadcrumb\":{\"@id\":\"https:\\\/\\\/www.organisator.ch\\\/management\\\/finanzen_recht\\\/2018-11-05\\\/einkaufen-auf-geschaeftsreisen-mit-privater-oder-firmeneigener-kreditkarte\\\/#breadcrumb\"},\"inLanguage\":\"de\",\"potentialAction\":[{\"@type\":\"ReadAction\",\"target\":[\"https:\\\/\\\/www.organisator.ch\\\/management\\\/finanzen_recht\\\/2018-11-05\\\/einkaufen-auf-geschaeftsreisen-mit-privater-oder-firmeneigener-kreditkarte\\\/\"]}]},{\"@type\":\"ImageObject\",\"inLanguage\":\"de\",\"@id\":\"https:\\\/\\\/www.organisator.ch\\\/management\\\/finanzen_recht\\\/2018-11-05\\\/einkaufen-auf-geschaeftsreisen-mit-privater-oder-firmeneigener-kreditkarte\\\/#primaryimage\",\"url\":\"https:\\\/\\\/www.organisator.ch\\\/wp-content\\\/uploads\\\/2018\\\/11\\\/Einkaufen-auf-Geschaeftsreisen-Mit-privater-oder-firmeneigener-Kreditkarte_Organisator.jpg\",\"contentUrl\":\"https:\\\/\\\/www.organisator.ch\\\/wp-content\\\/uploads\\\/2018\\\/11\\\/Einkaufen-auf-Geschaeftsreisen-Mit-privater-oder-firmeneigener-Kreditkarte_Organisator.jpg\",\"width\":640,\"height\":446,\"caption\":\"Eine neue Studie zeigt, wie oft Gesch\u00e4ftsreisende die Kreditkarte ihrer Firma auch f\u00fcr private Eink\u00e4ufe nutzen. (Grafik: CWT)\"},{\"@type\":\"BreadcrumbList\",\"@id\":\"https:\\\/\\\/www.organisator.ch\\\/management\\\/finanzen_recht\\\/2018-11-05\\\/einkaufen-auf-geschaeftsreisen-mit-privater-oder-firmeneigener-kreditkarte\\\/#breadcrumb\",\"itemListElement\":[{\"@type\":\"ListItem\",\"position\":1,\"name\":\"Home\",\"item\":\"https:\\\/\\\/www.organisator.ch\\\/\"},{\"@type\":\"ListItem\",\"position\":2,\"name\":\"Einkaufen auf Gesch\u00e4ftsreisen: Mit privater oder firmeneigener Kreditkarte?\"}]},{\"@type\":\"WebSite\",\"@id\":\"https:\\\/\\\/www.organisator.ch\\\/#website\",\"url\":\"https:\\\/\\\/www.organisator.ch\\\/\",\"name\":\"Organisator\",\"description\":\"Kompetent. Praxisnah. Der ORGANISATOR bereitet in 10 Ausgaben pro Jahr die wesentlichen Themen f\u00fcr F\u00fchrungskr\u00e4fte von KMU auf.\",\"publisher\":{\"@id\":\"https:\\\/\\\/www.organisator.ch\\\/#organization\"},\"potentialAction\":[{\"@type\":\"SearchAction\",\"target\":{\"@type\":\"EntryPoint\",\"urlTemplate\":\"https:\\\/\\\/www.organisator.ch\\\/?s={search_term_string}\"},\"query-input\":{\"@type\":\"PropertyValueSpecification\",\"valueRequired\":true,\"valueName\":\"search_term_string\"}}],\"inLanguage\":\"de\"},{\"@type\":\"Organization\",\"@id\":\"https:\\\/\\\/www.organisator.ch\\\/#organization\",\"name\":\"Organisator\",\"url\":\"https:\\\/\\\/www.organisator.ch\\\/\",\"logo\":{\"@type\":\"ImageObject\",\"inLanguage\":\"de\",\"@id\":\"https:\\\/\\\/www.organisator.ch\\\/#\\\/schema\\\/logo\\\/image\\\/\",\"url\":\"https:\\\/\\\/www.organisator.ch\\\/wp-content\\\/uploads\\\/2022\\\/01\\\/Logo_Organisator_Website.png\",\"contentUrl\":\"https:\\\/\\\/www.organisator.ch\\\/wp-content\\\/uploads\\\/2022\\\/01\\\/Logo_Organisator_Website.png\",\"width\":800,\"height\":77,\"caption\":\"Organisator\"},\"image\":{\"@id\":\"https:\\\/\\\/www.organisator.ch\\\/#\\\/schema\\\/logo\\\/image\\\/\"},\"sameAs\":[\"https:\\\/\\\/www.facebook.com\\\/OrganisatorFachmagazin\",\"https:\\\/\\\/www.linkedin.com\\\/showcase\\\/organisator-das-magazin-fr-kmu\",\"https:\\\/\\\/www.xing.com\\\/news\\\/pages\\\/organisator-ch-695\",\"https:\\\/\\\/www.youtube.com\\\/channel\\\/UCGP2Sq0iWaZwT3BdIAQFYpw\"]},{\"@type\":\"Person\",\"@id\":\"https:\\\/\\\/www.organisator.ch\\\/#\\\/schema\\\/person\\\/6f650f90b2842cd4c0cc334b4e36f67e\",\"name\":\"thomas.berner\",\"image\":{\"@type\":\"ImageObject\",\"inLanguage\":\"de\",\"@id\":\"https:\\\/\\\/secure.gravatar.com\\\/avatar\\\/ac5001d2a36cb6c6cd3e50789007ffca834b477b74a2144564522e944eabff61?s=96&d=mm&r=g\",\"url\":\"https:\\\/\\\/secure.gravatar.com\\\/avatar\\\/ac5001d2a36cb6c6cd3e50789007ffca834b477b74a2144564522e944eabff61?s=96&d=mm&r=g\",\"contentUrl\":\"https:\\\/\\\/secure.gravatar.com\\\/avatar\\\/ac5001d2a36cb6c6cd3e50789007ffca834b477b74a2144564522e944eabff61?s=96&d=mm&r=g\",\"caption\":\"thomas.berner\"},\"url\":\"https:\\\/\\\/www.organisator.ch\\\/de\\\/author\\\/thomas-berner\\\/\"}]}<\/script>\n<!-- \/ Yoast SEO plugin. -->","yoast_head_json":{"title":"Einkaufen auf Gesch\u00e4ftsreisen: Mit privater oder firmeneigener Kreditkarte? - Organisator","description":"Eine Studie von zeigt: Vier von zehn Gesch\u00e4ftsreisenden nutzen Firmenkreditkarten auch f\u00fcr pers\u00f6nliche Eink\u00e4ufe.","robots":{"index":"index","follow":"follow","max-snippet":"max-snippet:-1","max-image-preview":"max-image-preview:large","max-video-preview":"max-video-preview:-1"},"canonical":"https:\/\/www.organisator.ch\/de\/management\/finanzen_recht\/2018-11-05\/einkaufen-auf-geschaeftsreisen-mit-privater-oder-firmeneigener-kreditkarte\/","og_locale":"de_DE","og_type":"article","og_title":"Einkaufen auf Gesch\u00e4ftsreisen: Mit privater oder firmeneigener Kreditkarte?","og_description":"Eine Studie von zeigt: Vier von zehn Gesch\u00e4ftsreisenden nutzen Firmenkreditkarten auch f\u00fcr pers\u00f6nliche Eink\u00e4ufe.","og_url":"https:\/\/www.organisator.ch\/de\/management\/finanzen_recht\/2018-11-05\/einkaufen-auf-geschaeftsreisen-mit-privater-oder-firmeneigener-kreditkarte\/","og_site_name":"Organisator","article_publisher":"https:\/\/www.facebook.com\/OrganisatorFachmagazin","article_published_time":"2018-11-05T09:22:56+00:00","og_image":[{"width":640,"height":446,"url":"https:\/\/www.organisator.ch\/wp-content\/uploads\/2018\/11\/Einkaufen-auf-Geschaeftsreisen-Mit-privater-oder-firmeneigener-Kreditkarte_Organisator.jpg","type":"image\/jpeg"}],"author":"thomas.berner","twitter_card":"summary_large_image","twitter_title":"Einkaufen auf Gesch\u00e4ftsreisen: Mit privater oder firmeneigener #Kreditkarte?","twitter_description":"Eine Studie von zeigt: Vier von zehn Gesch\u00e4ftsreisenden nutzen #Firmenkreditkarten auch f\u00fcr pers\u00f6nliche Eink\u00e4ufe.","twitter_image":"https:\/\/www.organisator.ch\/wp-content\/uploads\/2018\/11\/Einkaufen-auf-Gesch\u00e4ftsreisen-Mit-privater-oder-firmeneigener-Kreditkarte_Organisator.jpg","schema":{"@context":"https:\/\/schema.org","@graph":[{"@type":"Article","@id":"https:\/\/www.organisator.ch\/management\/finanzen_recht\/2018-11-05\/einkaufen-auf-geschaeftsreisen-mit-privater-oder-firmeneigener-kreditkarte\/#article","isPartOf":{"@id":"https:\/\/www.organisator.ch\/management\/finanzen_recht\/2018-11-05\/einkaufen-auf-geschaeftsreisen-mit-privater-oder-firmeneigener-kreditkarte\/"},"author":{"name":"thomas.berner","@id":"https:\/\/www.organisator.ch\/#\/schema\/person\/6f650f90b2842cd4c0cc334b4e36f67e"},"headline":"Einkaufen auf Gesch\u00e4ftsreisen: Mit privater oder firmeneigener Kreditkarte?","datePublished":"2018-11-05T09:22:56+00:00","mainEntityOfPage":{"@id":"https:\/\/www.organisator.ch\/management\/finanzen_recht\/2018-11-05\/einkaufen-auf-geschaeftsreisen-mit-privater-oder-firmeneigener-kreditkarte\/"},"wordCount":352,"commentCount":0,"publisher":{"@id":"https:\/\/www.organisator.ch\/#organization"},"image":{"@id":"https:\/\/www.organisator.ch\/management\/finanzen_recht\/2018-11-05\/einkaufen-auf-geschaeftsreisen-mit-privater-oder-firmeneigener-kreditkarte\/#primaryimage"},"thumbnailUrl":"https:\/\/www.organisator.ch\/wp-content\/uploads\/2018\/11\/Einkaufen-auf-Geschaeftsreisen-Mit-privater-oder-firmeneigener-Kreditkarte_Organisator.jpg","keywords":["Finanzen\/Recht","Gesch\u00e4ftsreisen","Management","Studie"],"articleSection":["FINANZEN\/RECHT"],"inLanguage":"de"},{"@type":"WebPage","@id":"https:\/\/www.organisator.ch\/management\/finanzen_recht\/2018-11-05\/einkaufen-auf-geschaeftsreisen-mit-privater-oder-firmeneigener-kreditkarte\/","url":"https:\/\/www.organisator.ch\/management\/finanzen_recht\/2018-11-05\/einkaufen-auf-geschaeftsreisen-mit-privater-oder-firmeneigener-kreditkarte\/","name":"Einkaufen auf Gesch\u00e4ftsreisen: Mit privater oder firmeneigener Kreditkarte? - Organisator","isPartOf":{"@id":"https:\/\/www.organisator.ch\/#website"},"primaryImageOfPage":{"@id":"https:\/\/www.organisator.ch\/management\/finanzen_recht\/2018-11-05\/einkaufen-auf-geschaeftsreisen-mit-privater-oder-firmeneigener-kreditkarte\/#primaryimage"},"image":{"@id":"https:\/\/www.organisator.ch\/management\/finanzen_recht\/2018-11-05\/einkaufen-auf-geschaeftsreisen-mit-privater-oder-firmeneigener-kreditkarte\/#primaryimage"},"thumbnailUrl":"https:\/\/www.organisator.ch\/wp-content\/uploads\/2018\/11\/Einkaufen-auf-Geschaeftsreisen-Mit-privater-oder-firmeneigener-Kreditkarte_Organisator.jpg","datePublished":"2018-11-05T09:22:56+00:00","description":"Eine Studie von zeigt: Vier von zehn Gesch\u00e4ftsreisenden nutzen Firmenkreditkarten auch f\u00fcr pers\u00f6nliche Eink\u00e4ufe.","breadcrumb":{"@id":"https:\/\/www.organisator.ch\/management\/finanzen_recht\/2018-11-05\/einkaufen-auf-geschaeftsreisen-mit-privater-oder-firmeneigener-kreditkarte\/#breadcrumb"},"inLanguage":"de","potentialAction":[{"@type":"ReadAction","target":["https:\/\/www.organisator.ch\/management\/finanzen_recht\/2018-11-05\/einkaufen-auf-geschaeftsreisen-mit-privater-oder-firmeneigener-kreditkarte\/"]}]},{"@type":"ImageObject","inLanguage":"de","@id":"https:\/\/www.organisator.ch\/management\/finanzen_recht\/2018-11-05\/einkaufen-auf-geschaeftsreisen-mit-privater-oder-firmeneigener-kreditkarte\/#primaryimage","url":"https:\/\/www.organisator.ch\/wp-content\/uploads\/2018\/11\/Einkaufen-auf-Geschaeftsreisen-Mit-privater-oder-firmeneigener-Kreditkarte_Organisator.jpg","contentUrl":"https:\/\/www.organisator.ch\/wp-content\/uploads\/2018\/11\/Einkaufen-auf-Geschaeftsreisen-Mit-privater-oder-firmeneigener-Kreditkarte_Organisator.jpg","width":640,"height":446,"caption":"Eine neue Studie zeigt, wie oft Gesch\u00e4ftsreisende die Kreditkarte ihrer Firma auch f\u00fcr private Eink\u00e4ufe nutzen. (Grafik: CWT)"},{"@type":"BreadcrumbList","@id":"https:\/\/www.organisator.ch\/management\/finanzen_recht\/2018-11-05\/einkaufen-auf-geschaeftsreisen-mit-privater-oder-firmeneigener-kreditkarte\/#breadcrumb","itemListElement":[{"@type":"ListItem","position":1,"name":"Home","item":"https:\/\/www.organisator.ch\/"},{"@type":"ListItem","position":2,"name":"Einkaufen auf Gesch\u00e4ftsreisen: Mit privater oder firmeneigener Kreditkarte?"}]},{"@type":"WebSite","@id":"https:\/\/www.organisator.ch\/#website","url":"https:\/\/www.organisator.ch\/","name":"Organisator","description":"Kompetent. Praxisnah. Der ORGANISATOR bereitet in 10 Ausgaben pro Jahr die wesentlichen Themen f\u00fcr F\u00fchrungskr\u00e4fte von KMU auf.","publisher":{"@id":"https:\/\/www.organisator.ch\/#organization"},"potentialAction":[{"@type":"SearchAction","target":{"@type":"EntryPoint","urlTemplate":"https:\/\/www.organisator.ch\/?s={search_term_string}"},"query-input":{"@type":"PropertyValueSpecification","valueRequired":true,"valueName":"search_term_string"}}],"inLanguage":"de"},{"@type":"Organization","@id":"https:\/\/www.organisator.ch\/#organization","name":"Organisator","url":"https:\/\/www.organisator.ch\/","logo":{"@type":"ImageObject","inLanguage":"de","@id":"https:\/\/www.organisator.ch\/#\/schema\/logo\/image\/","url":"https:\/\/www.organisator.ch\/wp-content\/uploads\/2022\/01\/Logo_Organisator_Website.png","contentUrl":"https:\/\/www.organisator.ch\/wp-content\/uploads\/2022\/01\/Logo_Organisator_Website.png","width":800,"height":77,"caption":"Organisator"},"image":{"@id":"https:\/\/www.organisator.ch\/#\/schema\/logo\/image\/"},"sameAs":["https:\/\/www.facebook.com\/OrganisatorFachmagazin","https:\/\/www.linkedin.com\/showcase\/organisator-das-magazin-fr-kmu","https:\/\/www.xing.com\/news\/pages\/organisator-ch-695","https:\/\/www.youtube.com\/channel\/UCGP2Sq0iWaZwT3BdIAQFYpw"]},{"@type":"Person","@id":"https:\/\/www.organisator.ch\/#\/schema\/person\/6f650f90b2842cd4c0cc334b4e36f67e","name":"thomas.berner","image":{"@type":"ImageObject","inLanguage":"de","@id":"https:\/\/secure.gravatar.com\/avatar\/ac5001d2a36cb6c6cd3e50789007ffca834b477b74a2144564522e944eabff61?s=96&d=mm&r=g","url":"https:\/\/secure.gravatar.com\/avatar\/ac5001d2a36cb6c6cd3e50789007ffca834b477b74a2144564522e944eabff61?s=96&d=mm&r=g","contentUrl":"https:\/\/secure.gravatar.com\/avatar\/ac5001d2a36cb6c6cd3e50789007ffca834b477b74a2144564522e944eabff61?s=96&d=mm&r=g","caption":"thomas.berner"},"url":"https:\/\/www.organisator.ch\/de\/author\/thomas-berner\/"}]}},"_links":{"self":[{"href":"https:\/\/www.organisator.ch\/de\/wp-json\/wp\/v2\/posts\/4464","targetHints":{"allow":["GET"]}}],"collection":[{"href":"https:\/\/www.organisator.ch\/de\/wp-json\/wp\/v2\/posts"}],"about":[{"href":"https:\/\/www.organisator.ch\/de\/wp-json\/wp\/v2\/types\/post"}],"author":[{"embeddable":true,"href":"https:\/\/www.organisator.ch\/de\/wp-json\/wp\/v2\/users\/4"}],"replies":[{"embeddable":true,"href":"https:\/\/www.organisator.ch\/de\/wp-json\/wp\/v2\/comments?post=4464"}],"version-history":[{"count":0,"href":"https:\/\/www.organisator.ch\/de\/wp-json\/wp\/v2\/posts\/4464\/revisions"}],"wp:featuredmedia":[{"embeddable":true,"href":"https:\/\/www.organisator.ch\/de\/wp-json\/wp\/v2\/media\/4469"}],"wp:attachment":[{"href":"https:\/\/www.organisator.ch\/de\/wp-json\/wp\/v2\/media?parent=4464"}],"wp:term":[{"taxonomy":"category","embeddable":true,"href":"https:\/\/www.organisator.ch\/de\/wp-json\/wp\/v2\/categories?post=4464"},{"taxonomy":"post_tag","embeddable":true,"href":"https:\/\/www.organisator.ch\/de\/wp-json\/wp\/v2\/tags?post=4464"}],"curies":[{"name":"wp","href":"https:\/\/api.w.org\/{rel}","templated":true}]}}