{"id":44771,"date":"2026-02-19T07:43:27","date_gmt":"2026-02-19T06:43:27","guid":{"rendered":"https:\/\/www.organisator.ch\/de\/?p=44771"},"modified":"2026-02-18T16:48:00","modified_gmt":"2026-02-18T15:48:00","slug":"hr-festival-europe-2026-leuthard-lobo-und-martin-als-keynote-speaker","status":"publish","type":"post","link":"https:\/\/www.organisator.ch\/de\/human-resources\/2026-02-19\/hr-festival-europe-2026-leuthard-lobo-und-martin-als-keynote-speaker\/","title":{"rendered":"HR Festival Europe 2026: Leuthard, Lobo und Martin als Keynote-Speaker"},"content":{"rendered":"<figure id=\"attachment_44767\" aria-describedby=\"caption-attachment-44767\" style=\"width: 680px\" class=\"wp-caption alignnone\"><img loading=\"lazy\" decoding=\"async\" class=\"wp-image-44767 size-medium\" src=\"https:\/\/www.organisator.ch\/wp-content\/uploads\/2026\/02\/5a075085-b333-d872-94c4-b68107108909-680x227.jpg\" alt=\"\" width=\"680\" height=\"227\" srcset=\"https:\/\/www.organisator.ch\/wp-content\/uploads\/2026\/02\/5a075085-b333-d872-94c4-b68107108909-680x227.jpg 680w, https:\/\/www.organisator.ch\/wp-content\/uploads\/2026\/02\/5a075085-b333-d872-94c4-b68107108909-18x6.jpg 18w, https:\/\/www.organisator.ch\/wp-content\/uploads\/2026\/02\/5a075085-b333-d872-94c4-b68107108909-375x125.jpg 375w, https:\/\/www.organisator.ch\/wp-content\/uploads\/2026\/02\/5a075085-b333-d872-94c4-b68107108909.jpg 719w\" sizes=\"auto, (max-width: 680px) 100vw, 680px\" \/><figcaption id=\"caption-attachment-44767\" class=\"wp-caption-text\">Digitalisierungs- und KI-Experte Sascha Lobo referiert \u00fcber KI und die Zukunft von HR. Quelle: zvg<\/figcaption><\/figure>\n<p>Das HR Festival Europe \u00f6ffnet in etwas mehr als einem Monat seine Tore. Am 24. und 25. M\u00e4rz 2026 treffen sich HR-Professionals und die gesamte Schweizer HR-Community an der Messe Z\u00fcrich. Mit \u00fcber 6000 Besuchenden und mehr als 170 innovativen Ausstellenden hat sich die Veranstaltung als f\u00fchrender Branchentreffpunkt etabliert.<\/p>\n<h3>Hochkar\u00e4tige Keynotes<\/h3>\n<p>Drei aussergew\u00f6hnliche Pers\u00f6nlichkeiten werden dieses Jahr die Hauptb\u00fchne bespielen. Den Auftakt macht am Dienstag, 24. M\u00e4rz, um 9:15 Uhr Doris Leuthard. Die ehemalige Bundespr\u00e4sidentin, Rechtsanw\u00e4ltin und Vizepr\u00e4sidentin der Coop-Gruppe spricht zum Thema \u00abVerantwortung tragen, Zukunft gestalten \u2013 Eine Leadership Perspektive\u00bb.<\/p>\n<p>Am selben Tag folgt um 14:15 Uhr Sascha Lobo, Digitalisierungs- und KI-Experte, Autor und Podcast Host. Er widmet sich der Frage \u00abWie KI die Welt ver\u00e4ndert und was das f\u00fcr die Zukunft von HR bedeutet\u00bb. Am Mittwoch, 25. M\u00e4rz, um 9:15 Uhr \u00fcbernimmt Leo Martin die B\u00fchne. Der Ex-Geheimagent, Kriminalist und Spiegel-Bestsellerautor referiert \u00fcber \u00abGeheimwaffe Vertrauen \u2013 Die Kunst, Menschen zu gewinnen\u00bb.<\/p>\n<p>F\u00fcr die Teilnahme an den Keynotes ist keine zus\u00e4tzliche Anmeldung erforderlich. Alle Keynotes und Panels auf der Main Stage werden simultan auf Deutsch, Franz\u00f6sisch und Englisch \u00fcbersetzt.<\/p>\n<h3>Swiss HR Award mit Live-Pitches<\/h3>\n<p>Ein H\u00f6hepunkt des Festivals ist die Verleihung des Swiss HR Award 2026. Eine hochkar\u00e4tige Fachjury mit \u00fcber 20 Expertinnen und Experten hat zehn herausragende Projekte in den Kategorien Attracting Talents, Retaining Talents, Start-Up, Wild Card und Think Tank f\u00fcr die Shortlist nominiert. Die finalen Projekte werden am Mittwoch, 25. M\u00e4rz, um 15:00 Uhr in kurzen Live-Pitches pr\u00e4sentiert. Anschliessend entscheidet das Publikum \u00fcber die Gewinnerprojekte.<\/p>\n<p><em>Weitere Informationen und die Programm\u00fcbersicht finden sich auf der <a href=\"https:\/\/www.hrfestival.ch\" target=\"_blank\" rel=\"noopener\">Website des HR Festival Europe<\/a>.<\/em><\/p>\n","protected":false},"excerpt":{"rendered":"<p>Das HR Festival Europe findet am 24. und 25. M\u00e4rz 2026 in der Messe Z\u00fcrich statt. \u00dcber 6000 Besuchende und mehr als 170 Ausstellende werden erwartet. Mit Doris Leuthard, Sascha Lobo und Leo Martin stehen drei hochkar\u00e4tige Keynote-Speaker auf der B\u00fchne.<\/p>\n","protected":false},"author":107,"featured_media":44767,"comment_status":"closed","ping_status":"closed","sticky":false,"template":"","format":"standard","meta":{"_acf_changed":false,"_yoast_wpseo_focuskw":"HR Festival Europe 2026","_yoast_wpseo_metadesc":"HR Festival Europe am 24.\/25. M\u00e4rz 2026: \u00dcber 6000 Besuchende, 170 Ausstellende und Keynotes von Doris Leuthard, Sascha Lobo und Leo Martin.","articlekey":"","footnotes":""},"categories":[579],"tags":[66,193,254],"class_list":["post-44771","post","type-post","status-publish","format-standard","has-post-thumbnail","hentry","category-human-resources","tag-awards","tag-fachkongressfachmesse","tag-hrm"],"acf":[],"yoast_head":"<!-- This site is optimized with the Yoast SEO plugin v27.5 - https:\/\/yoast.com\/product\/yoast-seo-wordpress\/ -->\n<title>HR Festival Europe 2026: Leuthard, Lobo und Martin als Keynote-Speaker - Organisator<\/title>\n<meta name=\"description\" content=\"HR Festival Europe am 24.\/25. M\u00e4rz 2026: \u00dcber 6000 Besuchende, 170 Ausstellende und Keynotes von Doris Leuthard, Sascha Lobo und Leo Martin.\" \/>\n<meta name=\"robots\" content=\"index, follow, max-snippet:-1, max-image-preview:large, max-video-preview:-1\" \/>\n<link rel=\"canonical\" href=\"https:\/\/www.organisator.ch\/de\/human-resources\/2026-02-19\/hr-festival-europe-2026-leuthard-lobo-und-martin-als-keynote-speaker\/\" \/>\n<meta property=\"og:locale\" content=\"de_DE\" \/>\n<meta property=\"og:type\" content=\"article\" \/>\n<meta property=\"og:title\" content=\"HR Festival Europe 2026: Leuthard, Lobo und Martin als Keynote-Speaker\" \/>\n<meta property=\"og:description\" content=\"HR Festival Europe am 24.\/25. M\u00e4rz 2026: \u00dcber 6000 Besuchende, 170 Ausstellende und Keynotes von Doris Leuthard, Sascha Lobo und Leo Martin.\" \/>\n<meta property=\"og:url\" content=\"https:\/\/www.organisator.ch\/de\/human-resources\/2026-02-19\/hr-festival-europe-2026-leuthard-lobo-und-martin-als-keynote-speaker\/\" \/>\n<meta property=\"og:site_name\" content=\"Organisator\" \/>\n<meta property=\"article:publisher\" content=\"https:\/\/www.facebook.com\/OrganisatorFachmagazin\" \/>\n<meta property=\"article:published_time\" content=\"2026-02-19T06:43:27+00:00\" \/>\n<meta property=\"og:image\" content=\"https:\/\/www.organisator.ch\/wp-content\/uploads\/2026\/02\/5a075085-b333-d872-94c4-b68107108909.jpg\" \/>\n\t<meta property=\"og:image:width\" content=\"719\" \/>\n\t<meta property=\"og:image:height\" content=\"240\" \/>\n\t<meta property=\"og:image:type\" content=\"image\/jpeg\" \/>\n<meta name=\"author\" content=\"n8n\" \/>\n<meta name=\"twitter:card\" content=\"summary_large_image\" \/>\n<meta name=\"twitter:title\" content=\"HR Festival Europe 2026: #Leuthard, #Lobo und #Martin als #Keynote-Speaker\" \/>\n<meta name=\"twitter:description\" content=\"HR Festival Europe am 24.\/25. M\u00e4rz 2026: \u00dcber 6000 Besuchende, 170 Ausstellende und #Keynotes von Doris Leuthard, Sascha Lobo und Leo Martin.\" \/>\n<meta name=\"twitter:image\" content=\"https:\/\/www.organisator.ch\/wp-content\/uploads\/2026\/02\/5a075085-b333-d872-94c4-b68107108909.jpg\" \/>\n<script type=\"application\/ld+json\" class=\"yoast-schema-graph\">{\"@context\":\"https:\\\/\\\/schema.org\",\"@graph\":[{\"@type\":\"Article\",\"@id\":\"https:\\\/\\\/www.organisator.ch\\\/human-resources\\\/2026-02-19\\\/hr-festival-europe-2026-leuthard-lobo-und-martin-als-keynote-speaker\\\/#article\",\"isPartOf\":{\"@id\":\"https:\\\/\\\/www.organisator.ch\\\/human-resources\\\/2026-02-19\\\/hr-festival-europe-2026-leuthard-lobo-und-martin-als-keynote-speaker\\\/\"},\"author\":{\"name\":\"n8n\",\"@id\":\"https:\\\/\\\/www.organisator.ch\\\/#\\\/schema\\\/person\\\/a9d0e0eff238db87a8f840f3b50359f0\"},\"headline\":\"HR Festival Europe 2026: Leuthard, Lobo und Martin als Keynote-Speaker\",\"datePublished\":\"2026-02-19T06:43:27+00:00\",\"mainEntityOfPage\":{\"@id\":\"https:\\\/\\\/www.organisator.ch\\\/human-resources\\\/2026-02-19\\\/hr-festival-europe-2026-leuthard-lobo-und-martin-als-keynote-speaker\\\/\"},\"wordCount\":302,\"publisher\":{\"@id\":\"https:\\\/\\\/www.organisator.ch\\\/#organization\"},\"image\":{\"@id\":\"https:\\\/\\\/www.organisator.ch\\\/human-resources\\\/2026-02-19\\\/hr-festival-europe-2026-leuthard-lobo-und-martin-als-keynote-speaker\\\/#primaryimage\"},\"thumbnailUrl\":\"https:\\\/\\\/www.organisator.ch\\\/wp-content\\\/uploads\\\/2026\\\/02\\\/5a075085-b333-d872-94c4-b68107108909.jpg\",\"keywords\":[\"Awards\",\"Fachkongress\\\/Fachmesse\",\"HRM\"],\"articleSection\":[\"HUMAN RESOURCES\"],\"inLanguage\":\"de\"},{\"@type\":\"WebPage\",\"@id\":\"https:\\\/\\\/www.organisator.ch\\\/human-resources\\\/2026-02-19\\\/hr-festival-europe-2026-leuthard-lobo-und-martin-als-keynote-speaker\\\/\",\"url\":\"https:\\\/\\\/www.organisator.ch\\\/human-resources\\\/2026-02-19\\\/hr-festival-europe-2026-leuthard-lobo-und-martin-als-keynote-speaker\\\/\",\"name\":\"HR Festival Europe 2026: Leuthard, Lobo und Martin als Keynote-Speaker - Organisator\",\"isPartOf\":{\"@id\":\"https:\\\/\\\/www.organisator.ch\\\/#website\"},\"primaryImageOfPage\":{\"@id\":\"https:\\\/\\\/www.organisator.ch\\\/human-resources\\\/2026-02-19\\\/hr-festival-europe-2026-leuthard-lobo-und-martin-als-keynote-speaker\\\/#primaryimage\"},\"image\":{\"@id\":\"https:\\\/\\\/www.organisator.ch\\\/human-resources\\\/2026-02-19\\\/hr-festival-europe-2026-leuthard-lobo-und-martin-als-keynote-speaker\\\/#primaryimage\"},\"thumbnailUrl\":\"https:\\\/\\\/www.organisator.ch\\\/wp-content\\\/uploads\\\/2026\\\/02\\\/5a075085-b333-d872-94c4-b68107108909.jpg\",\"datePublished\":\"2026-02-19T06:43:27+00:00\",\"description\":\"HR Festival Europe am 24.\\\/25. M\u00e4rz 2026: \u00dcber 6000 Besuchende, 170 Ausstellende und Keynotes von Doris Leuthard, Sascha Lobo und Leo Martin.\",\"breadcrumb\":{\"@id\":\"https:\\\/\\\/www.organisator.ch\\\/human-resources\\\/2026-02-19\\\/hr-festival-europe-2026-leuthard-lobo-und-martin-als-keynote-speaker\\\/#breadcrumb\"},\"inLanguage\":\"de\",\"potentialAction\":[{\"@type\":\"ReadAction\",\"target\":[\"https:\\\/\\\/www.organisator.ch\\\/human-resources\\\/2026-02-19\\\/hr-festival-europe-2026-leuthard-lobo-und-martin-als-keynote-speaker\\\/\"]}]},{\"@type\":\"ImageObject\",\"inLanguage\":\"de\",\"@id\":\"https:\\\/\\\/www.organisator.ch\\\/human-resources\\\/2026-02-19\\\/hr-festival-europe-2026-leuthard-lobo-und-martin-als-keynote-speaker\\\/#primaryimage\",\"url\":\"https:\\\/\\\/www.organisator.ch\\\/wp-content\\\/uploads\\\/2026\\\/02\\\/5a075085-b333-d872-94c4-b68107108909.jpg\",\"contentUrl\":\"https:\\\/\\\/www.organisator.ch\\\/wp-content\\\/uploads\\\/2026\\\/02\\\/5a075085-b333-d872-94c4-b68107108909.jpg\",\"width\":719,\"height\":240},{\"@type\":\"BreadcrumbList\",\"@id\":\"https:\\\/\\\/www.organisator.ch\\\/human-resources\\\/2026-02-19\\\/hr-festival-europe-2026-leuthard-lobo-und-martin-als-keynote-speaker\\\/#breadcrumb\",\"itemListElement\":[{\"@type\":\"ListItem\",\"position\":1,\"name\":\"Home\",\"item\":\"https:\\\/\\\/www.organisator.ch\\\/\"},{\"@type\":\"ListItem\",\"position\":2,\"name\":\"HR Festival Europe 2026: Leuthard, Lobo und Martin als Keynote-Speaker\"}]},{\"@type\":\"WebSite\",\"@id\":\"https:\\\/\\\/www.organisator.ch\\\/#website\",\"url\":\"https:\\\/\\\/www.organisator.ch\\\/\",\"name\":\"Organisator\",\"description\":\"Kompetent. Praxisnah. Der ORGANISATOR bereitet in 10 Ausgaben pro Jahr die wesentlichen Themen f\u00fcr F\u00fchrungskr\u00e4fte von KMU auf.\",\"publisher\":{\"@id\":\"https:\\\/\\\/www.organisator.ch\\\/#organization\"},\"potentialAction\":[{\"@type\":\"SearchAction\",\"target\":{\"@type\":\"EntryPoint\",\"urlTemplate\":\"https:\\\/\\\/www.organisator.ch\\\/?s={search_term_string}\"},\"query-input\":{\"@type\":\"PropertyValueSpecification\",\"valueRequired\":true,\"valueName\":\"search_term_string\"}}],\"inLanguage\":\"de\"},{\"@type\":\"Organization\",\"@id\":\"https:\\\/\\\/www.organisator.ch\\\/#organization\",\"name\":\"Organisator\",\"url\":\"https:\\\/\\\/www.organisator.ch\\\/\",\"logo\":{\"@type\":\"ImageObject\",\"inLanguage\":\"de\",\"@id\":\"https:\\\/\\\/www.organisator.ch\\\/#\\\/schema\\\/logo\\\/image\\\/\",\"url\":\"https:\\\/\\\/www.organisator.ch\\\/wp-content\\\/uploads\\\/2022\\\/01\\\/Logo_Organisator_Website.png\",\"contentUrl\":\"https:\\\/\\\/www.organisator.ch\\\/wp-content\\\/uploads\\\/2022\\\/01\\\/Logo_Organisator_Website.png\",\"width\":800,\"height\":77,\"caption\":\"Organisator\"},\"image\":{\"@id\":\"https:\\\/\\\/www.organisator.ch\\\/#\\\/schema\\\/logo\\\/image\\\/\"},\"sameAs\":[\"https:\\\/\\\/www.facebook.com\\\/OrganisatorFachmagazin\",\"https:\\\/\\\/www.linkedin.com\\\/showcase\\\/organisator-das-magazin-fr-kmu\",\"https:\\\/\\\/www.xing.com\\\/news\\\/pages\\\/organisator-ch-695\",\"https:\\\/\\\/www.youtube.com\\\/channel\\\/UCGP2Sq0iWaZwT3BdIAQFYpw\"]},{\"@type\":\"Person\",\"@id\":\"https:\\\/\\\/www.organisator.ch\\\/#\\\/schema\\\/person\\\/a9d0e0eff238db87a8f840f3b50359f0\",\"name\":\"n8n\",\"image\":{\"@type\":\"ImageObject\",\"inLanguage\":\"de\",\"@id\":\"https:\\\/\\\/secure.gravatar.com\\\/avatar\\\/5368fb9d03fd415a6f335cece4c15af2502d6ca8651efbd6e8f98427a9795400?s=96&d=mm&r=g\",\"url\":\"https:\\\/\\\/secure.gravatar.com\\\/avatar\\\/5368fb9d03fd415a6f335cece4c15af2502d6ca8651efbd6e8f98427a9795400?s=96&d=mm&r=g\",\"contentUrl\":\"https:\\\/\\\/secure.gravatar.com\\\/avatar\\\/5368fb9d03fd415a6f335cece4c15af2502d6ca8651efbd6e8f98427a9795400?s=96&d=mm&r=g\",\"caption\":\"n8n\"},\"url\":\"https:\\\/\\\/www.organisator.ch\\\/de\\\/author\\\/n8n\\\/\"}]}<\/script>\n<!-- \/ Yoast SEO plugin. -->","yoast_head_json":{"title":"HR Festival Europe 2026: Leuthard, Lobo und Martin als Keynote-Speaker - Organisator","description":"HR Festival Europe am 24.\/25. M\u00e4rz 2026: \u00dcber 6000 Besuchende, 170 Ausstellende und Keynotes von Doris Leuthard, Sascha Lobo und Leo Martin.","robots":{"index":"index","follow":"follow","max-snippet":"max-snippet:-1","max-image-preview":"max-image-preview:large","max-video-preview":"max-video-preview:-1"},"canonical":"https:\/\/www.organisator.ch\/de\/human-resources\/2026-02-19\/hr-festival-europe-2026-leuthard-lobo-und-martin-als-keynote-speaker\/","og_locale":"de_DE","og_type":"article","og_title":"HR Festival Europe 2026: Leuthard, Lobo und Martin als Keynote-Speaker","og_description":"HR Festival Europe am 24.\/25. M\u00e4rz 2026: \u00dcber 6000 Besuchende, 170 Ausstellende und Keynotes von Doris Leuthard, Sascha Lobo und Leo Martin.","og_url":"https:\/\/www.organisator.ch\/de\/human-resources\/2026-02-19\/hr-festival-europe-2026-leuthard-lobo-und-martin-als-keynote-speaker\/","og_site_name":"Organisator","article_publisher":"https:\/\/www.facebook.com\/OrganisatorFachmagazin","article_published_time":"2026-02-19T06:43:27+00:00","og_image":[{"width":719,"height":240,"url":"https:\/\/www.organisator.ch\/wp-content\/uploads\/2026\/02\/5a075085-b333-d872-94c4-b68107108909.jpg","type":"image\/jpeg"}],"author":"n8n","twitter_card":"summary_large_image","twitter_title":"HR Festival Europe 2026: #Leuthard, #Lobo und #Martin als #Keynote-Speaker","twitter_description":"HR Festival Europe am 24.\/25. M\u00e4rz 2026: \u00dcber 6000 Besuchende, 170 Ausstellende und #Keynotes von Doris Leuthard, Sascha Lobo und Leo Martin.","twitter_image":"https:\/\/www.organisator.ch\/wp-content\/uploads\/2026\/02\/5a075085-b333-d872-94c4-b68107108909.jpg","schema":{"@context":"https:\/\/schema.org","@graph":[{"@type":"Article","@id":"https:\/\/www.organisator.ch\/human-resources\/2026-02-19\/hr-festival-europe-2026-leuthard-lobo-und-martin-als-keynote-speaker\/#article","isPartOf":{"@id":"https:\/\/www.organisator.ch\/human-resources\/2026-02-19\/hr-festival-europe-2026-leuthard-lobo-und-martin-als-keynote-speaker\/"},"author":{"name":"n8n","@id":"https:\/\/www.organisator.ch\/#\/schema\/person\/a9d0e0eff238db87a8f840f3b50359f0"},"headline":"HR Festival Europe 2026: Leuthard, Lobo und Martin als Keynote-Speaker","datePublished":"2026-02-19T06:43:27+00:00","mainEntityOfPage":{"@id":"https:\/\/www.organisator.ch\/human-resources\/2026-02-19\/hr-festival-europe-2026-leuthard-lobo-und-martin-als-keynote-speaker\/"},"wordCount":302,"publisher":{"@id":"https:\/\/www.organisator.ch\/#organization"},"image":{"@id":"https:\/\/www.organisator.ch\/human-resources\/2026-02-19\/hr-festival-europe-2026-leuthard-lobo-und-martin-als-keynote-speaker\/#primaryimage"},"thumbnailUrl":"https:\/\/www.organisator.ch\/wp-content\/uploads\/2026\/02\/5a075085-b333-d872-94c4-b68107108909.jpg","keywords":["Awards","Fachkongress\/Fachmesse","HRM"],"articleSection":["HUMAN RESOURCES"],"inLanguage":"de"},{"@type":"WebPage","@id":"https:\/\/www.organisator.ch\/human-resources\/2026-02-19\/hr-festival-europe-2026-leuthard-lobo-und-martin-als-keynote-speaker\/","url":"https:\/\/www.organisator.ch\/human-resources\/2026-02-19\/hr-festival-europe-2026-leuthard-lobo-und-martin-als-keynote-speaker\/","name":"HR Festival Europe 2026: Leuthard, Lobo und Martin als Keynote-Speaker - Organisator","isPartOf":{"@id":"https:\/\/www.organisator.ch\/#website"},"primaryImageOfPage":{"@id":"https:\/\/www.organisator.ch\/human-resources\/2026-02-19\/hr-festival-europe-2026-leuthard-lobo-und-martin-als-keynote-speaker\/#primaryimage"},"image":{"@id":"https:\/\/www.organisator.ch\/human-resources\/2026-02-19\/hr-festival-europe-2026-leuthard-lobo-und-martin-als-keynote-speaker\/#primaryimage"},"thumbnailUrl":"https:\/\/www.organisator.ch\/wp-content\/uploads\/2026\/02\/5a075085-b333-d872-94c4-b68107108909.jpg","datePublished":"2026-02-19T06:43:27+00:00","description":"HR Festival Europe am 24.\/25. M\u00e4rz 2026: \u00dcber 6000 Besuchende, 170 Ausstellende und Keynotes von Doris Leuthard, Sascha Lobo und Leo Martin.","breadcrumb":{"@id":"https:\/\/www.organisator.ch\/human-resources\/2026-02-19\/hr-festival-europe-2026-leuthard-lobo-und-martin-als-keynote-speaker\/#breadcrumb"},"inLanguage":"de","potentialAction":[{"@type":"ReadAction","target":["https:\/\/www.organisator.ch\/human-resources\/2026-02-19\/hr-festival-europe-2026-leuthard-lobo-und-martin-als-keynote-speaker\/"]}]},{"@type":"ImageObject","inLanguage":"de","@id":"https:\/\/www.organisator.ch\/human-resources\/2026-02-19\/hr-festival-europe-2026-leuthard-lobo-und-martin-als-keynote-speaker\/#primaryimage","url":"https:\/\/www.organisator.ch\/wp-content\/uploads\/2026\/02\/5a075085-b333-d872-94c4-b68107108909.jpg","contentUrl":"https:\/\/www.organisator.ch\/wp-content\/uploads\/2026\/02\/5a075085-b333-d872-94c4-b68107108909.jpg","width":719,"height":240},{"@type":"BreadcrumbList","@id":"https:\/\/www.organisator.ch\/human-resources\/2026-02-19\/hr-festival-europe-2026-leuthard-lobo-und-martin-als-keynote-speaker\/#breadcrumb","itemListElement":[{"@type":"ListItem","position":1,"name":"Home","item":"https:\/\/www.organisator.ch\/"},{"@type":"ListItem","position":2,"name":"HR Festival Europe 2026: Leuthard, Lobo und Martin als Keynote-Speaker"}]},{"@type":"WebSite","@id":"https:\/\/www.organisator.ch\/#website","url":"https:\/\/www.organisator.ch\/","name":"Organisator","description":"Kompetent. Praxisnah. Der ORGANISATOR bereitet in 10 Ausgaben pro Jahr die wesentlichen Themen f\u00fcr F\u00fchrungskr\u00e4fte von KMU auf.","publisher":{"@id":"https:\/\/www.organisator.ch\/#organization"},"potentialAction":[{"@type":"SearchAction","target":{"@type":"EntryPoint","urlTemplate":"https:\/\/www.organisator.ch\/?s={search_term_string}"},"query-input":{"@type":"PropertyValueSpecification","valueRequired":true,"valueName":"search_term_string"}}],"inLanguage":"de"},{"@type":"Organization","@id":"https:\/\/www.organisator.ch\/#organization","name":"Organisator","url":"https:\/\/www.organisator.ch\/","logo":{"@type":"ImageObject","inLanguage":"de","@id":"https:\/\/www.organisator.ch\/#\/schema\/logo\/image\/","url":"https:\/\/www.organisator.ch\/wp-content\/uploads\/2022\/01\/Logo_Organisator_Website.png","contentUrl":"https:\/\/www.organisator.ch\/wp-content\/uploads\/2022\/01\/Logo_Organisator_Website.png","width":800,"height":77,"caption":"Organisator"},"image":{"@id":"https:\/\/www.organisator.ch\/#\/schema\/logo\/image\/"},"sameAs":["https:\/\/www.facebook.com\/OrganisatorFachmagazin","https:\/\/www.linkedin.com\/showcase\/organisator-das-magazin-fr-kmu","https:\/\/www.xing.com\/news\/pages\/organisator-ch-695","https:\/\/www.youtube.com\/channel\/UCGP2Sq0iWaZwT3BdIAQFYpw"]},{"@type":"Person","@id":"https:\/\/www.organisator.ch\/#\/schema\/person\/a9d0e0eff238db87a8f840f3b50359f0","name":"n8n","image":{"@type":"ImageObject","inLanguage":"de","@id":"https:\/\/secure.gravatar.com\/avatar\/5368fb9d03fd415a6f335cece4c15af2502d6ca8651efbd6e8f98427a9795400?s=96&d=mm&r=g","url":"https:\/\/secure.gravatar.com\/avatar\/5368fb9d03fd415a6f335cece4c15af2502d6ca8651efbd6e8f98427a9795400?s=96&d=mm&r=g","contentUrl":"https:\/\/secure.gravatar.com\/avatar\/5368fb9d03fd415a6f335cece4c15af2502d6ca8651efbd6e8f98427a9795400?s=96&d=mm&r=g","caption":"n8n"},"url":"https:\/\/www.organisator.ch\/de\/author\/n8n\/"}]}},"_links":{"self":[{"href":"https:\/\/www.organisator.ch\/de\/wp-json\/wp\/v2\/posts\/44771","targetHints":{"allow":["GET"]}}],"collection":[{"href":"https:\/\/www.organisator.ch\/de\/wp-json\/wp\/v2\/posts"}],"about":[{"href":"https:\/\/www.organisator.ch\/de\/wp-json\/wp\/v2\/types\/post"}],"author":[{"embeddable":true,"href":"https:\/\/www.organisator.ch\/de\/wp-json\/wp\/v2\/users\/107"}],"replies":[{"embeddable":true,"href":"https:\/\/www.organisator.ch\/de\/wp-json\/wp\/v2\/comments?post=44771"}],"version-history":[{"count":4,"href":"https:\/\/www.organisator.ch\/de\/wp-json\/wp\/v2\/posts\/44771\/revisions"}],"predecessor-version":[{"id":44885,"href":"https:\/\/www.organisator.ch\/de\/wp-json\/wp\/v2\/posts\/44771\/revisions\/44885"}],"wp:featuredmedia":[{"embeddable":true,"href":"https:\/\/www.organisator.ch\/de\/wp-json\/wp\/v2\/media\/44767"}],"wp:attachment":[{"href":"https:\/\/www.organisator.ch\/de\/wp-json\/wp\/v2\/media?parent=44771"}],"wp:term":[{"taxonomy":"category","embeddable":true,"href":"https:\/\/www.organisator.ch\/de\/wp-json\/wp\/v2\/categories?post=44771"},{"taxonomy":"post_tag","embeddable":true,"href":"https:\/\/www.organisator.ch\/de\/wp-json\/wp\/v2\/tags?post=44771"}],"curies":[{"name":"wp","href":"https:\/\/api.w.org\/{rel}","templated":true}]}}