{"id":44817,"date":"2026-02-19T15:04:21","date_gmt":"2026-02-19T14:04:21","guid":{"rendered":"https:\/\/www.organisator.ch\/de\/?p=44817"},"modified":"2026-02-19T15:04:21","modified_gmt":"2026-02-19T14:04:21","slug":"thomas-gasser-wird-neuer-coo-bei-pistor","status":"publish","type":"post","link":"https:\/\/www.organisator.ch\/de\/management\/2026-02-19\/thomas-gasser-wird-neuer-coo-bei-pistor\/","title":{"rendered":"Thomas Gasser wird neuer COO bei Pistor"},"content":{"rendered":"<figure id=\"attachment_44816\" aria-describedby=\"caption-attachment-44816\" style=\"width: 680px\" class=\"wp-caption alignnone\"><img loading=\"lazy\" decoding=\"async\" class=\"size-medium wp-image-44816\" src=\"https:\/\/www.organisator.ch\/wp-content\/uploads\/2026\/02\/3-Pistor-Thomas-Gasser-DSC03073_72dpi-scaled-e1771509636990-680x517.jpg\" alt=\"\" width=\"680\" height=\"517\" srcset=\"https:\/\/www.organisator.ch\/wp-content\/uploads\/2026\/02\/3-Pistor-Thomas-Gasser-DSC03073_72dpi-scaled-e1771509636990-680x517.jpg 680w, https:\/\/www.organisator.ch\/wp-content\/uploads\/2026\/02\/3-Pistor-Thomas-Gasser-DSC03073_72dpi-scaled-e1771509636990-768x583.jpg 768w, https:\/\/www.organisator.ch\/wp-content\/uploads\/2026\/02\/3-Pistor-Thomas-Gasser-DSC03073_72dpi-scaled-e1771509636990-16x12.jpg 16w, https:\/\/www.organisator.ch\/wp-content\/uploads\/2026\/02\/3-Pistor-Thomas-Gasser-DSC03073_72dpi-scaled-e1771509636990-375x285.jpg 375w, https:\/\/www.organisator.ch\/wp-content\/uploads\/2026\/02\/3-Pistor-Thomas-Gasser-DSC03073_72dpi-scaled-e1771509636990-461x350.jpg 461w, https:\/\/www.organisator.ch\/wp-content\/uploads\/2026\/02\/3-Pistor-Thomas-Gasser-DSC03073_72dpi-scaled-e1771509636990.jpg 803w\" sizes=\"auto, (max-width: 680px) 100vw, 680px\" \/><figcaption id=\"caption-attachment-44816\" class=\"wp-caption-text\">Thomas Gasser \u00fcbernimmt ab Mai 2026 die Funktion als Chief Operating Officer bei Pistor. (Quelle: zvg \/ Pistor Holding Genossenschaft)<\/figcaption><\/figure>\n<p>Die B\u00e4ckerei-, Gastronomie- und Gesundheitsmarkt-Zulieferin Pistor liefert jedes Jahr zuverl\u00e4ssig \u00fcber 120&#8217;000 Tonnen Ware in der ganzen Schweiz aus. Eine Leistung, hinter der ein technologisch hochentwickeltes Logistiksystem mit ausgefeilten Warenfl\u00fcssen, digitaler Steuerung und qualifizierten Mitarbeitenden steht. Diese hochautomatisierte Logistik zukunftsgerichtet weiterzuentwickeln, liegt ab Mai 2026 in der Verantwortung von Thomas Gasser: Der 45-J\u00e4hrige wird neu die Warenumschlagszentren, die Distribution sowie die Infrastrukturentwicklung bei Pistor verantworten.<\/p>\n<h3>Breite Expertise und akademischer Hintergrund<\/h3>\n<p>Nach langj\u00e4hriger T\u00e4tigkeit bei der Migros war Gasser zuletzt als COO bei der Brack.Alltron t\u00e4tig. \u00abWir freuen uns ausserordentlich, dass wir Thomas Gasser f\u00fcr Pistor gewinnen konnten\u00bb, betont Verwaltungsratspr\u00e4sident Daniel Eichenberger. \u00abMit seiner Expertise im Bereich automatisierter Logistiksysteme, seiner breiten F\u00fchrungserfahrung und seiner werteorientierten Pers\u00f6nlichkeit passt er hervorragend zu unserem Unternehmen.\u00bb<\/p>\n<p>Zudem bringe Gasser einen \u00fcberzeugenden akademischen Hintergrund mit: Zukunftsweisende Themen wie digitale Transformation oder Supply Chain Management z\u00e4hlen ebenso dazu wie Abschl\u00fcsse an der Universit\u00e4t St. Gallen, am IMD Lausanne und an der Harvard Business School.<\/p>\n<h3>Richard Betschart geht in Pension<\/h3>\n<p>Der derzeitige Stelleninhaber Richard Betschart ist seit 19 Jahren als Leiter Logistik und Gesch\u00e4ftsleitungsmitglied bei Pistor t\u00e4tig. Per Ende Juni 2026 steht seine ordentliche Pensionierung an. Verwaltungsratspr\u00e4sident Daniel Eichenberger w\u00fcrdigt Betscharts Verdienste: \u00abDank ihm und seinem Team verf\u00fcgt Pistor \u00fcber eine innovative Logistik und die effizienteste Lieferkette im Markt.\u00bb Zum Vorteil der Kundschaft sei in den vergangenen Jahren ausserdem stark in die Logistik-Automation und in die digitale Infrastruktur investiert worden. \u00abIch sehe Pistor bestens f\u00fcr die Zukunft aufgestellt und m\u00f6chte Richard Betschart herzlich f\u00fcr seinen Einsatz danken\u00bb, so Eichenberger.<\/p>\n<p><a href=\"https:\/\/www.pistor.ch\" target=\"_blank\" rel=\"noopener\">www.pistor.ch<\/a><\/p>\n","protected":false},"excerpt":{"rendered":"<p>Ab Mai 2026 \u00fcbernimmt Thomas Gasser bei der Grossh\u00e4ndlerin Pistor die Funktion als Chief Operating Officer (COO). Der 45-j\u00e4hrige Logistik- und Supply-Chain-Experte tritt die Nachfolge von Richard Betschart an, der nach 19 verdienstvollen Jahren in Pension geht.<\/p>\n","protected":false},"author":107,"featured_media":44816,"comment_status":"closed","ping_status":"closed","sticky":false,"template":"","format":"standard","meta":{"_acf_changed":false,"_yoast_wpseo_focuskw":"Thomas Gasser COO Pistor","_yoast_wpseo_metadesc":"Thomas Gasser wird ab Mai 2026 neuer COO bei Pistor. Der Logistik-Experte folgt auf Richard Betschart, der nach 19 Jahren in Pension geht.","articlekey":"","footnotes":""},"categories":[28],"tags":[245,328,381,492],"class_list":["post-44817","post","type-post","status-publish","format-standard","has-post-thumbnail","hentry","category-management","tag-grosshandel","tag-logistik","tag-personalia","tag-unternehmen"],"acf":[],"yoast_head":"<!-- This site is optimized with the Yoast SEO plugin v27.4 - https:\/\/yoast.com\/product\/yoast-seo-wordpress\/ -->\n<title>Thomas Gasser wird neuer COO bei Pistor - Organisator<\/title>\n<meta name=\"description\" content=\"Thomas Gasser wird ab Mai 2026 neuer COO bei Pistor. Der Logistik-Experte folgt auf Richard Betschart, der nach 19 Jahren in Pension geht.\" \/>\n<meta name=\"robots\" content=\"index, follow, max-snippet:-1, max-image-preview:large, max-video-preview:-1\" \/>\n<link rel=\"canonical\" href=\"https:\/\/www.organisator.ch\/de\/management\/2026-02-19\/thomas-gasser-wird-neuer-coo-bei-pistor\/\" \/>\n<meta property=\"og:locale\" content=\"de_DE\" \/>\n<meta property=\"og:type\" content=\"article\" \/>\n<meta property=\"og:title\" content=\"Thomas Gasser wird neuer COO bei Pistor\" \/>\n<meta property=\"og:description\" content=\"Thomas Gasser wird ab Mai 2026 neuer COO bei Pistor. Der Logistik-Experte folgt auf Richard Betschart, der nach 19 Jahren in Pension geht.\" \/>\n<meta property=\"og:url\" content=\"https:\/\/www.organisator.ch\/de\/management\/2026-02-19\/thomas-gasser-wird-neuer-coo-bei-pistor\/\" \/>\n<meta property=\"og:site_name\" content=\"Organisator\" \/>\n<meta property=\"article:publisher\" content=\"https:\/\/www.facebook.com\/OrganisatorFachmagazin\" \/>\n<meta property=\"article:published_time\" content=\"2026-02-19T14:04:21+00:00\" \/>\n<meta property=\"og:image\" content=\"https:\/\/www.organisator.ch\/wp-content\/uploads\/2026\/02\/3-Pistor-Thomas-Gasser-DSC03073_72dpi-scaled-e1771509636990.jpg\" \/>\n\t<meta property=\"og:image:width\" content=\"803\" \/>\n\t<meta property=\"og:image:height\" content=\"610\" \/>\n\t<meta property=\"og:image:type\" content=\"image\/jpeg\" \/>\n<meta name=\"author\" content=\"n8n\" \/>\n<meta name=\"twitter:card\" content=\"summary_large_image\" \/>\n<meta name=\"twitter:title\" content=\"Thomas Gasser wird neuer #COO bei #Pistor\" \/>\n<meta name=\"twitter:description\" content=\"Thomas Gasser wird ab Mai 2026 neuer COO bei #Pistor. Der #Logistik-Experte folgt auf Richard Betschart, der nach 19 Jahren in Pension geht.\" \/>\n<meta name=\"twitter:image\" content=\"https:\/\/www.organisator.ch\/wp-content\/uploads\/2026\/02\/3-Pistor-Thomas-Gasser-DSC03073_72dpi-scaled-e1771509636990.jpg\" \/>\n<script type=\"application\/ld+json\" class=\"yoast-schema-graph\">{\"@context\":\"https:\\\/\\\/schema.org\",\"@graph\":[{\"@type\":\"Article\",\"@id\":\"https:\\\/\\\/www.organisator.ch\\\/management\\\/2026-02-19\\\/thomas-gasser-wird-neuer-coo-bei-pistor\\\/#article\",\"isPartOf\":{\"@id\":\"https:\\\/\\\/www.organisator.ch\\\/management\\\/2026-02-19\\\/thomas-gasser-wird-neuer-coo-bei-pistor\\\/\"},\"author\":{\"name\":\"n8n\",\"@id\":\"https:\\\/\\\/www.organisator.ch\\\/#\\\/schema\\\/person\\\/a9d0e0eff238db87a8f840f3b50359f0\"},\"headline\":\"Thomas Gasser wird neuer COO bei Pistor\",\"datePublished\":\"2026-02-19T14:04:21+00:00\",\"mainEntityOfPage\":{\"@id\":\"https:\\\/\\\/www.organisator.ch\\\/management\\\/2026-02-19\\\/thomas-gasser-wird-neuer-coo-bei-pistor\\\/\"},\"wordCount\":305,\"publisher\":{\"@id\":\"https:\\\/\\\/www.organisator.ch\\\/#organization\"},\"image\":{\"@id\":\"https:\\\/\\\/www.organisator.ch\\\/management\\\/2026-02-19\\\/thomas-gasser-wird-neuer-coo-bei-pistor\\\/#primaryimage\"},\"thumbnailUrl\":\"https:\\\/\\\/www.organisator.ch\\\/wp-content\\\/uploads\\\/2026\\\/02\\\/3-Pistor-Thomas-Gasser-DSC03073_72dpi-scaled-e1771509636990.jpg\",\"keywords\":[\"Grosshandel\",\"Logistik\",\"Personalia\",\"Unternehmen\"],\"articleSection\":[\"MANAGEMENT\"],\"inLanguage\":\"de\"},{\"@type\":\"WebPage\",\"@id\":\"https:\\\/\\\/www.organisator.ch\\\/management\\\/2026-02-19\\\/thomas-gasser-wird-neuer-coo-bei-pistor\\\/\",\"url\":\"https:\\\/\\\/www.organisator.ch\\\/management\\\/2026-02-19\\\/thomas-gasser-wird-neuer-coo-bei-pistor\\\/\",\"name\":\"Thomas Gasser wird neuer COO bei Pistor - Organisator\",\"isPartOf\":{\"@id\":\"https:\\\/\\\/www.organisator.ch\\\/#website\"},\"primaryImageOfPage\":{\"@id\":\"https:\\\/\\\/www.organisator.ch\\\/management\\\/2026-02-19\\\/thomas-gasser-wird-neuer-coo-bei-pistor\\\/#primaryimage\"},\"image\":{\"@id\":\"https:\\\/\\\/www.organisator.ch\\\/management\\\/2026-02-19\\\/thomas-gasser-wird-neuer-coo-bei-pistor\\\/#primaryimage\"},\"thumbnailUrl\":\"https:\\\/\\\/www.organisator.ch\\\/wp-content\\\/uploads\\\/2026\\\/02\\\/3-Pistor-Thomas-Gasser-DSC03073_72dpi-scaled-e1771509636990.jpg\",\"datePublished\":\"2026-02-19T14:04:21+00:00\",\"description\":\"Thomas Gasser wird ab Mai 2026 neuer COO bei Pistor. Der Logistik-Experte folgt auf Richard Betschart, der nach 19 Jahren in Pension geht.\",\"breadcrumb\":{\"@id\":\"https:\\\/\\\/www.organisator.ch\\\/management\\\/2026-02-19\\\/thomas-gasser-wird-neuer-coo-bei-pistor\\\/#breadcrumb\"},\"inLanguage\":\"de\",\"potentialAction\":[{\"@type\":\"ReadAction\",\"target\":[\"https:\\\/\\\/www.organisator.ch\\\/management\\\/2026-02-19\\\/thomas-gasser-wird-neuer-coo-bei-pistor\\\/\"]}]},{\"@type\":\"ImageObject\",\"inLanguage\":\"de\",\"@id\":\"https:\\\/\\\/www.organisator.ch\\\/management\\\/2026-02-19\\\/thomas-gasser-wird-neuer-coo-bei-pistor\\\/#primaryimage\",\"url\":\"https:\\\/\\\/www.organisator.ch\\\/wp-content\\\/uploads\\\/2026\\\/02\\\/3-Pistor-Thomas-Gasser-DSC03073_72dpi-scaled-e1771509636990.jpg\",\"contentUrl\":\"https:\\\/\\\/www.organisator.ch\\\/wp-content\\\/uploads\\\/2026\\\/02\\\/3-Pistor-Thomas-Gasser-DSC03073_72dpi-scaled-e1771509636990.jpg\",\"width\":803,\"height\":610,\"caption\":\"Thomas Gasser \u00fcbernimmt ab Mai 2026 die Funktion als Chief Operating Officer bei Pistor. (Quelle: zvg \\\/ Pistor Holding Genossenschaft)\"},{\"@type\":\"BreadcrumbList\",\"@id\":\"https:\\\/\\\/www.organisator.ch\\\/management\\\/2026-02-19\\\/thomas-gasser-wird-neuer-coo-bei-pistor\\\/#breadcrumb\",\"itemListElement\":[{\"@type\":\"ListItem\",\"position\":1,\"name\":\"Home\",\"item\":\"https:\\\/\\\/www.organisator.ch\\\/\"},{\"@type\":\"ListItem\",\"position\":2,\"name\":\"Thomas Gasser wird neuer COO bei Pistor\"}]},{\"@type\":\"WebSite\",\"@id\":\"https:\\\/\\\/www.organisator.ch\\\/#website\",\"url\":\"https:\\\/\\\/www.organisator.ch\\\/\",\"name\":\"Organisator\",\"description\":\"Kompetent. Praxisnah. Der ORGANISATOR bereitet in 10 Ausgaben pro Jahr die wesentlichen Themen f\u00fcr F\u00fchrungskr\u00e4fte von KMU auf.\",\"publisher\":{\"@id\":\"https:\\\/\\\/www.organisator.ch\\\/#organization\"},\"potentialAction\":[{\"@type\":\"SearchAction\",\"target\":{\"@type\":\"EntryPoint\",\"urlTemplate\":\"https:\\\/\\\/www.organisator.ch\\\/?s={search_term_string}\"},\"query-input\":{\"@type\":\"PropertyValueSpecification\",\"valueRequired\":true,\"valueName\":\"search_term_string\"}}],\"inLanguage\":\"de\"},{\"@type\":\"Organization\",\"@id\":\"https:\\\/\\\/www.organisator.ch\\\/#organization\",\"name\":\"Organisator\",\"url\":\"https:\\\/\\\/www.organisator.ch\\\/\",\"logo\":{\"@type\":\"ImageObject\",\"inLanguage\":\"de\",\"@id\":\"https:\\\/\\\/www.organisator.ch\\\/#\\\/schema\\\/logo\\\/image\\\/\",\"url\":\"https:\\\/\\\/www.organisator.ch\\\/wp-content\\\/uploads\\\/2022\\\/01\\\/Logo_Organisator_Website.png\",\"contentUrl\":\"https:\\\/\\\/www.organisator.ch\\\/wp-content\\\/uploads\\\/2022\\\/01\\\/Logo_Organisator_Website.png\",\"width\":800,\"height\":77,\"caption\":\"Organisator\"},\"image\":{\"@id\":\"https:\\\/\\\/www.organisator.ch\\\/#\\\/schema\\\/logo\\\/image\\\/\"},\"sameAs\":[\"https:\\\/\\\/www.facebook.com\\\/OrganisatorFachmagazin\",\"https:\\\/\\\/www.linkedin.com\\\/showcase\\\/organisator-das-magazin-fr-kmu\",\"https:\\\/\\\/www.xing.com\\\/news\\\/pages\\\/organisator-ch-695\",\"https:\\\/\\\/www.youtube.com\\\/channel\\\/UCGP2Sq0iWaZwT3BdIAQFYpw\"]},{\"@type\":\"Person\",\"@id\":\"https:\\\/\\\/www.organisator.ch\\\/#\\\/schema\\\/person\\\/a9d0e0eff238db87a8f840f3b50359f0\",\"name\":\"n8n\",\"image\":{\"@type\":\"ImageObject\",\"inLanguage\":\"de\",\"@id\":\"https:\\\/\\\/secure.gravatar.com\\\/avatar\\\/5368fb9d03fd415a6f335cece4c15af2502d6ca8651efbd6e8f98427a9795400?s=96&d=mm&r=g\",\"url\":\"https:\\\/\\\/secure.gravatar.com\\\/avatar\\\/5368fb9d03fd415a6f335cece4c15af2502d6ca8651efbd6e8f98427a9795400?s=96&d=mm&r=g\",\"contentUrl\":\"https:\\\/\\\/secure.gravatar.com\\\/avatar\\\/5368fb9d03fd415a6f335cece4c15af2502d6ca8651efbd6e8f98427a9795400?s=96&d=mm&r=g\",\"caption\":\"n8n\"},\"url\":\"https:\\\/\\\/www.organisator.ch\\\/de\\\/author\\\/n8n\\\/\"}]}<\/script>\n<!-- \/ Yoast SEO plugin. -->","yoast_head_json":{"title":"Thomas Gasser wird neuer COO bei Pistor - Organisator","description":"Thomas Gasser wird ab Mai 2026 neuer COO bei Pistor. Der Logistik-Experte folgt auf Richard Betschart, der nach 19 Jahren in Pension geht.","robots":{"index":"index","follow":"follow","max-snippet":"max-snippet:-1","max-image-preview":"max-image-preview:large","max-video-preview":"max-video-preview:-1"},"canonical":"https:\/\/www.organisator.ch\/de\/management\/2026-02-19\/thomas-gasser-wird-neuer-coo-bei-pistor\/","og_locale":"de_DE","og_type":"article","og_title":"Thomas Gasser wird neuer COO bei Pistor","og_description":"Thomas Gasser wird ab Mai 2026 neuer COO bei Pistor. Der Logistik-Experte folgt auf Richard Betschart, der nach 19 Jahren in Pension geht.","og_url":"https:\/\/www.organisator.ch\/de\/management\/2026-02-19\/thomas-gasser-wird-neuer-coo-bei-pistor\/","og_site_name":"Organisator","article_publisher":"https:\/\/www.facebook.com\/OrganisatorFachmagazin","article_published_time":"2026-02-19T14:04:21+00:00","og_image":[{"width":803,"height":610,"url":"https:\/\/www.organisator.ch\/wp-content\/uploads\/2026\/02\/3-Pistor-Thomas-Gasser-DSC03073_72dpi-scaled-e1771509636990.jpg","type":"image\/jpeg"}],"author":"n8n","twitter_card":"summary_large_image","twitter_title":"Thomas Gasser wird neuer #COO bei #Pistor","twitter_description":"Thomas Gasser wird ab Mai 2026 neuer COO bei #Pistor. Der #Logistik-Experte folgt auf Richard Betschart, der nach 19 Jahren in Pension geht.","twitter_image":"https:\/\/www.organisator.ch\/wp-content\/uploads\/2026\/02\/3-Pistor-Thomas-Gasser-DSC03073_72dpi-scaled-e1771509636990.jpg","schema":{"@context":"https:\/\/schema.org","@graph":[{"@type":"Article","@id":"https:\/\/www.organisator.ch\/management\/2026-02-19\/thomas-gasser-wird-neuer-coo-bei-pistor\/#article","isPartOf":{"@id":"https:\/\/www.organisator.ch\/management\/2026-02-19\/thomas-gasser-wird-neuer-coo-bei-pistor\/"},"author":{"name":"n8n","@id":"https:\/\/www.organisator.ch\/#\/schema\/person\/a9d0e0eff238db87a8f840f3b50359f0"},"headline":"Thomas Gasser wird neuer COO bei Pistor","datePublished":"2026-02-19T14:04:21+00:00","mainEntityOfPage":{"@id":"https:\/\/www.organisator.ch\/management\/2026-02-19\/thomas-gasser-wird-neuer-coo-bei-pistor\/"},"wordCount":305,"publisher":{"@id":"https:\/\/www.organisator.ch\/#organization"},"image":{"@id":"https:\/\/www.organisator.ch\/management\/2026-02-19\/thomas-gasser-wird-neuer-coo-bei-pistor\/#primaryimage"},"thumbnailUrl":"https:\/\/www.organisator.ch\/wp-content\/uploads\/2026\/02\/3-Pistor-Thomas-Gasser-DSC03073_72dpi-scaled-e1771509636990.jpg","keywords":["Grosshandel","Logistik","Personalia","Unternehmen"],"articleSection":["MANAGEMENT"],"inLanguage":"de"},{"@type":"WebPage","@id":"https:\/\/www.organisator.ch\/management\/2026-02-19\/thomas-gasser-wird-neuer-coo-bei-pistor\/","url":"https:\/\/www.organisator.ch\/management\/2026-02-19\/thomas-gasser-wird-neuer-coo-bei-pistor\/","name":"Thomas Gasser wird neuer COO bei Pistor - Organisator","isPartOf":{"@id":"https:\/\/www.organisator.ch\/#website"},"primaryImageOfPage":{"@id":"https:\/\/www.organisator.ch\/management\/2026-02-19\/thomas-gasser-wird-neuer-coo-bei-pistor\/#primaryimage"},"image":{"@id":"https:\/\/www.organisator.ch\/management\/2026-02-19\/thomas-gasser-wird-neuer-coo-bei-pistor\/#primaryimage"},"thumbnailUrl":"https:\/\/www.organisator.ch\/wp-content\/uploads\/2026\/02\/3-Pistor-Thomas-Gasser-DSC03073_72dpi-scaled-e1771509636990.jpg","datePublished":"2026-02-19T14:04:21+00:00","description":"Thomas Gasser wird ab Mai 2026 neuer COO bei Pistor. Der Logistik-Experte folgt auf Richard Betschart, der nach 19 Jahren in Pension geht.","breadcrumb":{"@id":"https:\/\/www.organisator.ch\/management\/2026-02-19\/thomas-gasser-wird-neuer-coo-bei-pistor\/#breadcrumb"},"inLanguage":"de","potentialAction":[{"@type":"ReadAction","target":["https:\/\/www.organisator.ch\/management\/2026-02-19\/thomas-gasser-wird-neuer-coo-bei-pistor\/"]}]},{"@type":"ImageObject","inLanguage":"de","@id":"https:\/\/www.organisator.ch\/management\/2026-02-19\/thomas-gasser-wird-neuer-coo-bei-pistor\/#primaryimage","url":"https:\/\/www.organisator.ch\/wp-content\/uploads\/2026\/02\/3-Pistor-Thomas-Gasser-DSC03073_72dpi-scaled-e1771509636990.jpg","contentUrl":"https:\/\/www.organisator.ch\/wp-content\/uploads\/2026\/02\/3-Pistor-Thomas-Gasser-DSC03073_72dpi-scaled-e1771509636990.jpg","width":803,"height":610,"caption":"Thomas Gasser \u00fcbernimmt ab Mai 2026 die Funktion als Chief Operating Officer bei Pistor. (Quelle: zvg \/ Pistor Holding Genossenschaft)"},{"@type":"BreadcrumbList","@id":"https:\/\/www.organisator.ch\/management\/2026-02-19\/thomas-gasser-wird-neuer-coo-bei-pistor\/#breadcrumb","itemListElement":[{"@type":"ListItem","position":1,"name":"Home","item":"https:\/\/www.organisator.ch\/"},{"@type":"ListItem","position":2,"name":"Thomas Gasser wird neuer COO bei Pistor"}]},{"@type":"WebSite","@id":"https:\/\/www.organisator.ch\/#website","url":"https:\/\/www.organisator.ch\/","name":"Organisator","description":"Kompetent. Praxisnah. Der ORGANISATOR bereitet in 10 Ausgaben pro Jahr die wesentlichen Themen f\u00fcr F\u00fchrungskr\u00e4fte von KMU auf.","publisher":{"@id":"https:\/\/www.organisator.ch\/#organization"},"potentialAction":[{"@type":"SearchAction","target":{"@type":"EntryPoint","urlTemplate":"https:\/\/www.organisator.ch\/?s={search_term_string}"},"query-input":{"@type":"PropertyValueSpecification","valueRequired":true,"valueName":"search_term_string"}}],"inLanguage":"de"},{"@type":"Organization","@id":"https:\/\/www.organisator.ch\/#organization","name":"Organisator","url":"https:\/\/www.organisator.ch\/","logo":{"@type":"ImageObject","inLanguage":"de","@id":"https:\/\/www.organisator.ch\/#\/schema\/logo\/image\/","url":"https:\/\/www.organisator.ch\/wp-content\/uploads\/2022\/01\/Logo_Organisator_Website.png","contentUrl":"https:\/\/www.organisator.ch\/wp-content\/uploads\/2022\/01\/Logo_Organisator_Website.png","width":800,"height":77,"caption":"Organisator"},"image":{"@id":"https:\/\/www.organisator.ch\/#\/schema\/logo\/image\/"},"sameAs":["https:\/\/www.facebook.com\/OrganisatorFachmagazin","https:\/\/www.linkedin.com\/showcase\/organisator-das-magazin-fr-kmu","https:\/\/www.xing.com\/news\/pages\/organisator-ch-695","https:\/\/www.youtube.com\/channel\/UCGP2Sq0iWaZwT3BdIAQFYpw"]},{"@type":"Person","@id":"https:\/\/www.organisator.ch\/#\/schema\/person\/a9d0e0eff238db87a8f840f3b50359f0","name":"n8n","image":{"@type":"ImageObject","inLanguage":"de","@id":"https:\/\/secure.gravatar.com\/avatar\/5368fb9d03fd415a6f335cece4c15af2502d6ca8651efbd6e8f98427a9795400?s=96&d=mm&r=g","url":"https:\/\/secure.gravatar.com\/avatar\/5368fb9d03fd415a6f335cece4c15af2502d6ca8651efbd6e8f98427a9795400?s=96&d=mm&r=g","contentUrl":"https:\/\/secure.gravatar.com\/avatar\/5368fb9d03fd415a6f335cece4c15af2502d6ca8651efbd6e8f98427a9795400?s=96&d=mm&r=g","caption":"n8n"},"url":"https:\/\/www.organisator.ch\/de\/author\/n8n\/"}]}},"_links":{"self":[{"href":"https:\/\/www.organisator.ch\/de\/wp-json\/wp\/v2\/posts\/44817","targetHints":{"allow":["GET"]}}],"collection":[{"href":"https:\/\/www.organisator.ch\/de\/wp-json\/wp\/v2\/posts"}],"about":[{"href":"https:\/\/www.organisator.ch\/de\/wp-json\/wp\/v2\/types\/post"}],"author":[{"embeddable":true,"href":"https:\/\/www.organisator.ch\/de\/wp-json\/wp\/v2\/users\/107"}],"replies":[{"embeddable":true,"href":"https:\/\/www.organisator.ch\/de\/wp-json\/wp\/v2\/comments?post=44817"}],"version-history":[{"count":4,"href":"https:\/\/www.organisator.ch\/de\/wp-json\/wp\/v2\/posts\/44817\/revisions"}],"predecessor-version":[{"id":44884,"href":"https:\/\/www.organisator.ch\/de\/wp-json\/wp\/v2\/posts\/44817\/revisions\/44884"}],"wp:featuredmedia":[{"embeddable":true,"href":"https:\/\/www.organisator.ch\/de\/wp-json\/wp\/v2\/media\/44816"}],"wp:attachment":[{"href":"https:\/\/www.organisator.ch\/de\/wp-json\/wp\/v2\/media?parent=44817"}],"wp:term":[{"taxonomy":"category","embeddable":true,"href":"https:\/\/www.organisator.ch\/de\/wp-json\/wp\/v2\/categories?post=44817"},{"taxonomy":"post_tag","embeddable":true,"href":"https:\/\/www.organisator.ch\/de\/wp-json\/wp\/v2\/tags?post=44817"}],"curies":[{"name":"wp","href":"https:\/\/api.w.org\/{rel}","templated":true}]}}