{"id":44989,"date":"2026-02-24T16:47:13","date_gmt":"2026-02-24T15:47:13","guid":{"rendered":"https:\/\/www.m-q.ch\/?p=22514"},"modified":"2026-02-25T08:35:48","modified_gmt":"2026-02-25T07:35:48","slug":"miele-erhaelt-gold-im-ecovadis-nachhaltigkeitsranking","status":"publish","type":"post","link":"https:\/\/www.organisator.ch\/de\/sustainability\/2026-02-24\/miele-erhaelt-gold-im-ecovadis-nachhaltigkeitsranking\/","title":{"rendered":"Miele erh\u00e4lt Gold im EcoVadis-Nachhaltigkeitsranking"},"content":{"rendered":"<figure id=\"attachment_22515\" class=\"wp-caption alignnone\" style=\"width: 680px;\" aria-describedby=\"caption-attachment-22515\"><img class=\"size-full wp-image-22515\" src=\"https:\/\/www.m-q.ch\/wp-content\/uploads\/2026\/02\/Miele-erhaelt-Gold-im-EcoVadis-Nachhaltigkeitsranking_MQ.jpg\" sizes=\"(max-width: 680px) 100vw, 680px\" srcset=\"https:\/\/www.m-q.ch\/wp-content\/uploads\/2026\/02\/Miele-erhaelt-Gold-im-EcoVadis-Nachhaltigkeitsranking_MQ.jpg 680w, https:\/\/www.m-q.ch\/wp-content\/uploads\/2026\/02\/Miele-erhaelt-Gold-im-EcoVadis-Nachhaltigkeitsranking_MQ-18x12.jpg 18w, https:\/\/www.m-q.ch\/wp-content\/uploads\/2026\/02\/Miele-erhaelt-Gold-im-EcoVadis-Nachhaltigkeitsranking_MQ-375x272.jpg 375w, https:\/\/www.m-q.ch\/wp-content\/uploads\/2026\/02\/Miele-erhaelt-Gold-im-EcoVadis-Nachhaltigkeitsranking_MQ-483x350.jpg 483w\" alt=\"\" width=\"680\" height=\"493\" \/>\r\n<figcaption id=\"caption-attachment-22515\" class=\"wp-caption-text\">Das Projektteam freut sich \u00fcber die Goldmedaille (von links): Christoph Wendker, Max Wagner, Rebecca Steinhage, Sascha Meinhardt und Sebastian Wegener. (Foto: Miele)<\/figcaption>\r\n<\/figure>\r\n<p>Miele hat von EcoVadis, einem der f\u00fchrenden unabh\u00e4ngigen Spezialisten f\u00fcr Nachhaltigkeitsratings von Unternehmen, die Goldmedaille f\u00fcr seine Leistungen im Bereich Nachhaltigkeit erhalten. Mit insgesamt 84 von 100 m\u00f6glichen Punkten geh\u00f6rt das Familienunternehmen damit zu den besten zwei Prozent aller von EcoVadis bewerteten Unternehmen weltweit. Die Bewertung unterstreicht die konsequent umgesetzte Nachhaltigkeitsstrategie von Miele.<\/p>\r\n<h3>96 Punkte im Bereich Umwelt<\/h3>\r\n<p>Mit 96 von 100 Punkten \u00fcberzeugt Miele ganz besonders im Themenfeld Umwelt. Die EcoVadis-Scorecard best\u00e4tigt damit herausragende Leistungen unter anderem in den Bereichen Umweltmanagement, Energie- und Ressourceneffizienz, Klimaschutz sowie umfassende Zertifizierungen und quantitative Umweltziele. Dieser Schwerpunkt leistet damit den st\u00e4rksten Beitrag zum Gesamtergebnis.<\/p>\r\n<p>Auch in den weiteren Kategorien erzielt das deutsche Familienunternehmen sehr gute Ergebnisse, wie beispielsweise 86 Punkte im Bereich Arbeits- und Menschenrechte und 83 Punkte in der nachhaltigen Beschaffung. Eine deutliche Weiterentwicklung weist die Rubrik Ethik auf \u2013 insbesondere durch den weiteren Ausbau von Compliance-Strukturen, Korruptionspr\u00e4vention sowie Datenschutz und Informationssicherheit.<\/p>\r\n<h3>Ressort\u00fcbergreifende Zusammenarbeit<\/h3>\r\n<p>Das sehr gute Ergebnis ist das Resultat eines langfristig angelegten Nachhaltigkeitsprojekts und einer engen, ressort\u00fcbergreifenden Zusammenarbeit innerhalb des Unternehmens \u2013 verst\u00e4rkt durch den konsequenten Aufbau internen Know-hows. \u00abDas EcoVadis Gold Rating ist eine Best\u00e4tigung unseres ganzheitlichen Nachhaltigkeitsansatzes und tolle Anerkennung f\u00fcr die hervorragende Arbeit des projekt\u00fcbergreifenden Teams\u00bb, erkl\u00e4rt Rebecca Steinhage, Executive Director Human Resources and Corporate Affairs. \u00abAls verantwortungsbewusstes Familienunternehmen setzen wir seit Generationen auf nachhaltiges Wirtschaften und innovative L\u00f6sungen, die einen nachhaltigen Mehrwert im Leben der Menschen schaffen.\u00bb<\/p>\r\n<h3>Internationale Bewertungsplattform<\/h3>\r\n<p>EcoVadis ist eine internationale Bewertungsplattform f\u00fcr Nachhaltigkeit, die weltweit Unternehmen anhand standardisierter Kriterien in den Bereichen Umwelt, Arbeits- und Menschenrechte, Ethik sowie nachhaltige Beschaffung beurteilt. Die Top f\u00fcnf Prozent aller Bewerteten erhalten die Gold-Auszeichnung. Miele sichert sich mit seiner sehr hohen Punktzahl dar\u00fcber hinaus einen Platz in den Top zwei Prozent. Die EcoVadis-Bewertung basiert dabei auf der systematischen Nachhaltigkeitsberichterstattung von Miele, die die Anforderungen des Ratings von Beginn an ber\u00fccksichtigt hat \u2013 und auf die in der Beurteilung mehr als 200-mal referenziert wird.<\/p>\r\n<p>Miele gilt als weltweit f\u00fchrender Anbieter von Premium-Hausger\u00e4ten, mit einem begeisternden Portfolio f\u00fcr die K\u00fcche, W\u00e4sche- und Bodenpflege im zunehmend vernetzten Zuhause. Das Unternehmen befindet sich in der Hand der beiden Gr\u00fcnderfamilien Miele und Zinkann und unterh\u00e4lt 19 Produktionsstandorte, davon acht in Deutschland. Weltweit arbeiten etwa 23.500 Menschen f\u00fcr Miele. Bei der Vertriebsgesellschaft Schweiz sind etwa 450 Mitarbeitende besch\u00e4ftigt.<\/p>\r\n<p><em>Weitere Informationen: <a href=\"https:\/\/www.miele.ch\/\" rel=\"noopener\">www.miele.ch<\/a><\/em><\/p>\n<p class=\"syndicated-attribution\">Dieser Beitrag erschien urspr\u00fcnglich auf m-q.ch - <a href=\"https:\/\/www.m-q.ch\/de\/miele-erhaelt-gold-im-ecovadis-nachhaltigkeitsranking\/\" target=\"_blank\">https:\/\/www.m-q.ch\/de\/miele-erhaelt-gold-im-ecovadis-nachhaltigkeitsranking\/<\/a><\/p>","protected":false},"excerpt":{"rendered":"<p>Der Haushaltger\u00e4tehersteller Miele hat die Goldmedaille von EcoVadis f\u00fcr seine Leistungen im Bereich Nachhaltigkeit erhalten. Mit 84 von 100 Punkten geh\u00f6rt das Familienunternehmen zu den besten zwei Prozent aller bewerteten Unternehmen weltweit. Besonders \u00fcberzeugt Miele im Themenfeld Umwelt mit 96 von 100 Punkten.<\/p>\n","protected":false},"author":8,"featured_media":0,"comment_status":"closed","ping_status":"closed","sticky":false,"template":"","format":"standard","meta":{"_acf_changed":false,"_yoast_wpseo_focuskw":"Miele","_yoast_wpseo_metadesc":"Der Haushaltger\u00e4tehersteller Miele hat die Goldmedaille von EcoVadis f\u00fcr seine Leistungen im Bereich Nachhaltigkeit erhalten.","articlekey":"","footnotes":""},"categories":[580],"tags":[103,5416,1787,613],"class_list":["post-44989","post","type-post","status-publish","format-standard","hentry","category-sustainability","tag-business-excellence","tag-ecovadis","tag-nachhaltigkeit","tag-zertifizierung"],"acf":[],"yoast_head":"<!-- This site is optimized with the Yoast SEO plugin v27.4 - https:\/\/yoast.com\/product\/yoast-seo-wordpress\/ -->\n<title>Miele erh\u00e4lt Gold im EcoVadis-Nachhaltigkeitsranking - Organisator<\/title>\n<meta name=\"description\" content=\"Der Haushaltger\u00e4tehersteller Miele hat die Goldmedaille von EcoVadis f\u00fcr seine Leistungen im Bereich Nachhaltigkeit erhalten.\" \/>\n<meta name=\"robots\" content=\"index, follow, max-snippet:-1, max-image-preview:large, max-video-preview:-1\" \/>\n<link rel=\"canonical\" href=\"https:\/\/www.organisator.ch\/de\/sustainability\/2026-02-24\/miele-erhaelt-gold-im-ecovadis-nachhaltigkeitsranking\/\" \/>\n<meta property=\"og:locale\" content=\"de_DE\" \/>\n<meta property=\"og:type\" content=\"article\" \/>\n<meta property=\"og:title\" content=\"Miele erh\u00e4lt Gold im EcoVadis-Nachhaltigkeitsranking - Organisator\" \/>\n<meta property=\"og:description\" content=\"Der Haushaltger\u00e4tehersteller Miele hat die Goldmedaille von EcoVadis f\u00fcr seine Leistungen im Bereich Nachhaltigkeit erhalten.\" \/>\n<meta property=\"og:url\" content=\"https:\/\/www.organisator.ch\/de\/sustainability\/2026-02-24\/miele-erhaelt-gold-im-ecovadis-nachhaltigkeitsranking\/\" \/>\n<meta property=\"og:site_name\" content=\"Organisator\" \/>\n<meta property=\"article:publisher\" content=\"https:\/\/www.facebook.com\/OrganisatorFachmagazin\" \/>\n<meta property=\"article:published_time\" content=\"2026-02-24T15:47:13+00:00\" \/>\n<meta property=\"article:modified_time\" content=\"2026-02-25T07:35:48+00:00\" \/>\n<meta name=\"author\" content=\"galledia\" \/>\n<meta name=\"twitter:card\" content=\"summary_large_image\" \/>\n<meta name=\"twitter:creator\" content=\"@admin\" \/>\n<script type=\"application\/ld+json\" class=\"yoast-schema-graph\">{\"@context\":\"https:\\\/\\\/schema.org\",\"@graph\":[{\"@type\":\"Article\",\"@id\":\"https:\\\/\\\/www.organisator.ch\\\/sustainability\\\/2026-02-24\\\/miele-erhaelt-gold-im-ecovadis-nachhaltigkeitsranking\\\/#article\",\"isPartOf\":{\"@id\":\"https:\\\/\\\/www.organisator.ch\\\/sustainability\\\/2026-02-24\\\/miele-erhaelt-gold-im-ecovadis-nachhaltigkeitsranking\\\/\"},\"author\":{\"name\":\"galledia\",\"@id\":\"https:\\\/\\\/www.organisator.ch\\\/#\\\/schema\\\/person\\\/4e51799071cd2dd1232ac003643ef5f0\"},\"headline\":\"Miele erh\u00e4lt Gold im EcoVadis-Nachhaltigkeitsranking\",\"datePublished\":\"2026-02-24T15:47:13+00:00\",\"dateModified\":\"2026-02-25T07:35:48+00:00\",\"mainEntityOfPage\":{\"@id\":\"https:\\\/\\\/www.organisator.ch\\\/sustainability\\\/2026-02-24\\\/miele-erhaelt-gold-im-ecovadis-nachhaltigkeitsranking\\\/\"},\"wordCount\":425,\"publisher\":{\"@id\":\"https:\\\/\\\/www.organisator.ch\\\/#organization\"},\"image\":{\"@id\":\"https:\\\/\\\/www.organisator.ch\\\/sustainability\\\/2026-02-24\\\/miele-erhaelt-gold-im-ecovadis-nachhaltigkeitsranking\\\/#primaryimage\"},\"thumbnailUrl\":\"https:\\\/\\\/www.m-q.ch\\\/wp-content\\\/uploads\\\/2026\\\/02\\\/Miele-erhaelt-Gold-im-EcoVadis-Nachhaltigkeitsranking_MQ.jpg\",\"keywords\":[\"Business Excellence\",\"EcoVadis\",\"Nachhaltigkeit\",\"Zertifizierung\"],\"articleSection\":[\"SUSTAINABILITY\"],\"inLanguage\":\"de\"},{\"@type\":\"WebPage\",\"@id\":\"https:\\\/\\\/www.organisator.ch\\\/sustainability\\\/2026-02-24\\\/miele-erhaelt-gold-im-ecovadis-nachhaltigkeitsranking\\\/\",\"url\":\"https:\\\/\\\/www.organisator.ch\\\/sustainability\\\/2026-02-24\\\/miele-erhaelt-gold-im-ecovadis-nachhaltigkeitsranking\\\/\",\"name\":\"Miele erh\u00e4lt Gold im EcoVadis-Nachhaltigkeitsranking - Organisator\",\"isPartOf\":{\"@id\":\"https:\\\/\\\/www.organisator.ch\\\/#website\"},\"primaryImageOfPage\":{\"@id\":\"https:\\\/\\\/www.organisator.ch\\\/sustainability\\\/2026-02-24\\\/miele-erhaelt-gold-im-ecovadis-nachhaltigkeitsranking\\\/#primaryimage\"},\"image\":{\"@id\":\"https:\\\/\\\/www.organisator.ch\\\/sustainability\\\/2026-02-24\\\/miele-erhaelt-gold-im-ecovadis-nachhaltigkeitsranking\\\/#primaryimage\"},\"thumbnailUrl\":\"https:\\\/\\\/www.m-q.ch\\\/wp-content\\\/uploads\\\/2026\\\/02\\\/Miele-erhaelt-Gold-im-EcoVadis-Nachhaltigkeitsranking_MQ.jpg\",\"datePublished\":\"2026-02-24T15:47:13+00:00\",\"dateModified\":\"2026-02-25T07:35:48+00:00\",\"description\":\"Der Haushaltger\u00e4tehersteller Miele hat die Goldmedaille von EcoVadis f\u00fcr seine Leistungen im Bereich Nachhaltigkeit erhalten.\",\"breadcrumb\":{\"@id\":\"https:\\\/\\\/www.organisator.ch\\\/sustainability\\\/2026-02-24\\\/miele-erhaelt-gold-im-ecovadis-nachhaltigkeitsranking\\\/#breadcrumb\"},\"inLanguage\":\"de\",\"potentialAction\":[{\"@type\":\"ReadAction\",\"target\":[\"https:\\\/\\\/www.organisator.ch\\\/sustainability\\\/2026-02-24\\\/miele-erhaelt-gold-im-ecovadis-nachhaltigkeitsranking\\\/\"]}]},{\"@type\":\"ImageObject\",\"inLanguage\":\"de\",\"@id\":\"https:\\\/\\\/www.organisator.ch\\\/sustainability\\\/2026-02-24\\\/miele-erhaelt-gold-im-ecovadis-nachhaltigkeitsranking\\\/#primaryimage\",\"url\":\"https:\\\/\\\/www.m-q.ch\\\/wp-content\\\/uploads\\\/2026\\\/02\\\/Miele-erhaelt-Gold-im-EcoVadis-Nachhaltigkeitsranking_MQ.jpg\",\"contentUrl\":\"https:\\\/\\\/www.m-q.ch\\\/wp-content\\\/uploads\\\/2026\\\/02\\\/Miele-erhaelt-Gold-im-EcoVadis-Nachhaltigkeitsranking_MQ.jpg\"},{\"@type\":\"BreadcrumbList\",\"@id\":\"https:\\\/\\\/www.organisator.ch\\\/sustainability\\\/2026-02-24\\\/miele-erhaelt-gold-im-ecovadis-nachhaltigkeitsranking\\\/#breadcrumb\",\"itemListElement\":[{\"@type\":\"ListItem\",\"position\":1,\"name\":\"Home\",\"item\":\"https:\\\/\\\/www.organisator.ch\\\/\"},{\"@type\":\"ListItem\",\"position\":2,\"name\":\"Miele erh\u00e4lt Gold im EcoVadis-Nachhaltigkeitsranking\"}]},{\"@type\":\"WebSite\",\"@id\":\"https:\\\/\\\/www.organisator.ch\\\/#website\",\"url\":\"https:\\\/\\\/www.organisator.ch\\\/\",\"name\":\"Organisator\",\"description\":\"Kompetent. Praxisnah. Der ORGANISATOR bereitet in 10 Ausgaben pro Jahr die wesentlichen Themen f\u00fcr F\u00fchrungskr\u00e4fte von KMU auf.\",\"publisher\":{\"@id\":\"https:\\\/\\\/www.organisator.ch\\\/#organization\"},\"potentialAction\":[{\"@type\":\"SearchAction\",\"target\":{\"@type\":\"EntryPoint\",\"urlTemplate\":\"https:\\\/\\\/www.organisator.ch\\\/?s={search_term_string}\"},\"query-input\":{\"@type\":\"PropertyValueSpecification\",\"valueRequired\":true,\"valueName\":\"search_term_string\"}}],\"inLanguage\":\"de\"},{\"@type\":\"Organization\",\"@id\":\"https:\\\/\\\/www.organisator.ch\\\/#organization\",\"name\":\"Organisator\",\"url\":\"https:\\\/\\\/www.organisator.ch\\\/\",\"logo\":{\"@type\":\"ImageObject\",\"inLanguage\":\"de\",\"@id\":\"https:\\\/\\\/www.organisator.ch\\\/#\\\/schema\\\/logo\\\/image\\\/\",\"url\":\"https:\\\/\\\/www.organisator.ch\\\/wp-content\\\/uploads\\\/2022\\\/01\\\/Logo_Organisator_Website.png\",\"contentUrl\":\"https:\\\/\\\/www.organisator.ch\\\/wp-content\\\/uploads\\\/2022\\\/01\\\/Logo_Organisator_Website.png\",\"width\":800,\"height\":77,\"caption\":\"Organisator\"},\"image\":{\"@id\":\"https:\\\/\\\/www.organisator.ch\\\/#\\\/schema\\\/logo\\\/image\\\/\"},\"sameAs\":[\"https:\\\/\\\/www.facebook.com\\\/OrganisatorFachmagazin\",\"https:\\\/\\\/www.linkedin.com\\\/showcase\\\/organisator-das-magazin-fr-kmu\",\"https:\\\/\\\/www.xing.com\\\/news\\\/pages\\\/organisator-ch-695\",\"https:\\\/\\\/www.youtube.com\\\/channel\\\/UCGP2Sq0iWaZwT3BdIAQFYpw\"]},{\"@type\":\"Person\",\"@id\":\"https:\\\/\\\/www.organisator.ch\\\/#\\\/schema\\\/person\\\/4e51799071cd2dd1232ac003643ef5f0\",\"name\":\"galledia\",\"image\":{\"@type\":\"ImageObject\",\"inLanguage\":\"de\",\"@id\":\"https:\\\/\\\/secure.gravatar.com\\\/avatar\\\/78a7f90c01fc2bfc875782a0d4922b37cde2cf184ce347b91316d23cd7f69a36?s=96&d=mm&r=g\",\"url\":\"https:\\\/\\\/secure.gravatar.com\\\/avatar\\\/78a7f90c01fc2bfc875782a0d4922b37cde2cf184ce347b91316d23cd7f69a36?s=96&d=mm&r=g\",\"contentUrl\":\"https:\\\/\\\/secure.gravatar.com\\\/avatar\\\/78a7f90c01fc2bfc875782a0d4922b37cde2cf184ce347b91316d23cd7f69a36?s=96&d=mm&r=g\",\"caption\":\"galledia\"},\"sameAs\":[\"https:\\\/\\\/x.com\\\/admin\"],\"url\":\"https:\\\/\\\/www.organisator.ch\\\/de\\\/author\\\/galledia\\\/\"}]}<\/script>\n<!-- \/ Yoast SEO plugin. -->","yoast_head_json":{"title":"Miele erh\u00e4lt Gold im EcoVadis-Nachhaltigkeitsranking - Organisator","description":"Der Haushaltger\u00e4tehersteller Miele hat die Goldmedaille von EcoVadis f\u00fcr seine Leistungen im Bereich Nachhaltigkeit erhalten.","robots":{"index":"index","follow":"follow","max-snippet":"max-snippet:-1","max-image-preview":"max-image-preview:large","max-video-preview":"max-video-preview:-1"},"canonical":"https:\/\/www.organisator.ch\/de\/sustainability\/2026-02-24\/miele-erhaelt-gold-im-ecovadis-nachhaltigkeitsranking\/","og_locale":"de_DE","og_type":"article","og_title":"Miele erh\u00e4lt Gold im EcoVadis-Nachhaltigkeitsranking - Organisator","og_description":"Der Haushaltger\u00e4tehersteller Miele hat die Goldmedaille von EcoVadis f\u00fcr seine Leistungen im Bereich Nachhaltigkeit erhalten.","og_url":"https:\/\/www.organisator.ch\/de\/sustainability\/2026-02-24\/miele-erhaelt-gold-im-ecovadis-nachhaltigkeitsranking\/","og_site_name":"Organisator","article_publisher":"https:\/\/www.facebook.com\/OrganisatorFachmagazin","article_published_time":"2026-02-24T15:47:13+00:00","article_modified_time":"2026-02-25T07:35:48+00:00","author":"galledia","twitter_card":"summary_large_image","twitter_creator":"@admin","schema":{"@context":"https:\/\/schema.org","@graph":[{"@type":"Article","@id":"https:\/\/www.organisator.ch\/sustainability\/2026-02-24\/miele-erhaelt-gold-im-ecovadis-nachhaltigkeitsranking\/#article","isPartOf":{"@id":"https:\/\/www.organisator.ch\/sustainability\/2026-02-24\/miele-erhaelt-gold-im-ecovadis-nachhaltigkeitsranking\/"},"author":{"name":"galledia","@id":"https:\/\/www.organisator.ch\/#\/schema\/person\/4e51799071cd2dd1232ac003643ef5f0"},"headline":"Miele erh\u00e4lt Gold im EcoVadis-Nachhaltigkeitsranking","datePublished":"2026-02-24T15:47:13+00:00","dateModified":"2026-02-25T07:35:48+00:00","mainEntityOfPage":{"@id":"https:\/\/www.organisator.ch\/sustainability\/2026-02-24\/miele-erhaelt-gold-im-ecovadis-nachhaltigkeitsranking\/"},"wordCount":425,"publisher":{"@id":"https:\/\/www.organisator.ch\/#organization"},"image":{"@id":"https:\/\/www.organisator.ch\/sustainability\/2026-02-24\/miele-erhaelt-gold-im-ecovadis-nachhaltigkeitsranking\/#primaryimage"},"thumbnailUrl":"https:\/\/www.m-q.ch\/wp-content\/uploads\/2026\/02\/Miele-erhaelt-Gold-im-EcoVadis-Nachhaltigkeitsranking_MQ.jpg","keywords":["Business Excellence","EcoVadis","Nachhaltigkeit","Zertifizierung"],"articleSection":["SUSTAINABILITY"],"inLanguage":"de"},{"@type":"WebPage","@id":"https:\/\/www.organisator.ch\/sustainability\/2026-02-24\/miele-erhaelt-gold-im-ecovadis-nachhaltigkeitsranking\/","url":"https:\/\/www.organisator.ch\/sustainability\/2026-02-24\/miele-erhaelt-gold-im-ecovadis-nachhaltigkeitsranking\/","name":"Miele erh\u00e4lt Gold im EcoVadis-Nachhaltigkeitsranking - Organisator","isPartOf":{"@id":"https:\/\/www.organisator.ch\/#website"},"primaryImageOfPage":{"@id":"https:\/\/www.organisator.ch\/sustainability\/2026-02-24\/miele-erhaelt-gold-im-ecovadis-nachhaltigkeitsranking\/#primaryimage"},"image":{"@id":"https:\/\/www.organisator.ch\/sustainability\/2026-02-24\/miele-erhaelt-gold-im-ecovadis-nachhaltigkeitsranking\/#primaryimage"},"thumbnailUrl":"https:\/\/www.m-q.ch\/wp-content\/uploads\/2026\/02\/Miele-erhaelt-Gold-im-EcoVadis-Nachhaltigkeitsranking_MQ.jpg","datePublished":"2026-02-24T15:47:13+00:00","dateModified":"2026-02-25T07:35:48+00:00","description":"Der Haushaltger\u00e4tehersteller Miele hat die Goldmedaille von EcoVadis f\u00fcr seine Leistungen im Bereich Nachhaltigkeit erhalten.","breadcrumb":{"@id":"https:\/\/www.organisator.ch\/sustainability\/2026-02-24\/miele-erhaelt-gold-im-ecovadis-nachhaltigkeitsranking\/#breadcrumb"},"inLanguage":"de","potentialAction":[{"@type":"ReadAction","target":["https:\/\/www.organisator.ch\/sustainability\/2026-02-24\/miele-erhaelt-gold-im-ecovadis-nachhaltigkeitsranking\/"]}]},{"@type":"ImageObject","inLanguage":"de","@id":"https:\/\/www.organisator.ch\/sustainability\/2026-02-24\/miele-erhaelt-gold-im-ecovadis-nachhaltigkeitsranking\/#primaryimage","url":"https:\/\/www.m-q.ch\/wp-content\/uploads\/2026\/02\/Miele-erhaelt-Gold-im-EcoVadis-Nachhaltigkeitsranking_MQ.jpg","contentUrl":"https:\/\/www.m-q.ch\/wp-content\/uploads\/2026\/02\/Miele-erhaelt-Gold-im-EcoVadis-Nachhaltigkeitsranking_MQ.jpg"},{"@type":"BreadcrumbList","@id":"https:\/\/www.organisator.ch\/sustainability\/2026-02-24\/miele-erhaelt-gold-im-ecovadis-nachhaltigkeitsranking\/#breadcrumb","itemListElement":[{"@type":"ListItem","position":1,"name":"Home","item":"https:\/\/www.organisator.ch\/"},{"@type":"ListItem","position":2,"name":"Miele erh\u00e4lt Gold im EcoVadis-Nachhaltigkeitsranking"}]},{"@type":"WebSite","@id":"https:\/\/www.organisator.ch\/#website","url":"https:\/\/www.organisator.ch\/","name":"Organisator","description":"Kompetent. Praxisnah. Der ORGANISATOR bereitet in 10 Ausgaben pro Jahr die wesentlichen Themen f\u00fcr F\u00fchrungskr\u00e4fte von KMU auf.","publisher":{"@id":"https:\/\/www.organisator.ch\/#organization"},"potentialAction":[{"@type":"SearchAction","target":{"@type":"EntryPoint","urlTemplate":"https:\/\/www.organisator.ch\/?s={search_term_string}"},"query-input":{"@type":"PropertyValueSpecification","valueRequired":true,"valueName":"search_term_string"}}],"inLanguage":"de"},{"@type":"Organization","@id":"https:\/\/www.organisator.ch\/#organization","name":"Organisator","url":"https:\/\/www.organisator.ch\/","logo":{"@type":"ImageObject","inLanguage":"de","@id":"https:\/\/www.organisator.ch\/#\/schema\/logo\/image\/","url":"https:\/\/www.organisator.ch\/wp-content\/uploads\/2022\/01\/Logo_Organisator_Website.png","contentUrl":"https:\/\/www.organisator.ch\/wp-content\/uploads\/2022\/01\/Logo_Organisator_Website.png","width":800,"height":77,"caption":"Organisator"},"image":{"@id":"https:\/\/www.organisator.ch\/#\/schema\/logo\/image\/"},"sameAs":["https:\/\/www.facebook.com\/OrganisatorFachmagazin","https:\/\/www.linkedin.com\/showcase\/organisator-das-magazin-fr-kmu","https:\/\/www.xing.com\/news\/pages\/organisator-ch-695","https:\/\/www.youtube.com\/channel\/UCGP2Sq0iWaZwT3BdIAQFYpw"]},{"@type":"Person","@id":"https:\/\/www.organisator.ch\/#\/schema\/person\/4e51799071cd2dd1232ac003643ef5f0","name":"galledia","image":{"@type":"ImageObject","inLanguage":"de","@id":"https:\/\/secure.gravatar.com\/avatar\/78a7f90c01fc2bfc875782a0d4922b37cde2cf184ce347b91316d23cd7f69a36?s=96&d=mm&r=g","url":"https:\/\/secure.gravatar.com\/avatar\/78a7f90c01fc2bfc875782a0d4922b37cde2cf184ce347b91316d23cd7f69a36?s=96&d=mm&r=g","contentUrl":"https:\/\/secure.gravatar.com\/avatar\/78a7f90c01fc2bfc875782a0d4922b37cde2cf184ce347b91316d23cd7f69a36?s=96&d=mm&r=g","caption":"galledia"},"sameAs":["https:\/\/x.com\/admin"],"url":"https:\/\/www.organisator.ch\/de\/author\/galledia\/"}]}},"_links":{"self":[{"href":"https:\/\/www.organisator.ch\/de\/wp-json\/wp\/v2\/posts\/44989","targetHints":{"allow":["GET"]}}],"collection":[{"href":"https:\/\/www.organisator.ch\/de\/wp-json\/wp\/v2\/posts"}],"about":[{"href":"https:\/\/www.organisator.ch\/de\/wp-json\/wp\/v2\/types\/post"}],"author":[{"embeddable":true,"href":"https:\/\/www.organisator.ch\/de\/wp-json\/wp\/v2\/users\/8"}],"replies":[{"embeddable":true,"href":"https:\/\/www.organisator.ch\/de\/wp-json\/wp\/v2\/comments?post=44989"}],"version-history":[{"count":6,"href":"https:\/\/www.organisator.ch\/de\/wp-json\/wp\/v2\/posts\/44989\/revisions"}],"predecessor-version":[{"id":45003,"href":"https:\/\/www.organisator.ch\/de\/wp-json\/wp\/v2\/posts\/44989\/revisions\/45003"}],"wp:attachment":[{"href":"https:\/\/www.organisator.ch\/de\/wp-json\/wp\/v2\/media?parent=44989"}],"wp:term":[{"taxonomy":"category","embeddable":true,"href":"https:\/\/www.organisator.ch\/de\/wp-json\/wp\/v2\/categories?post=44989"},{"taxonomy":"post_tag","embeddable":true,"href":"https:\/\/www.organisator.ch\/de\/wp-json\/wp\/v2\/tags?post=44989"}],"curies":[{"name":"wp","href":"https:\/\/api.w.org\/{rel}","templated":true}]}}