{"id":44999,"date":"2026-02-25T08:43:22","date_gmt":"2026-02-25T07:43:22","guid":{"rendered":"https:\/\/www.organisator.ch\/de\/?p=44999"},"modified":"2026-02-25T08:43:22","modified_gmt":"2026-02-25T07:43:22","slug":"mem-kmu-kaempfen-weiter-gegen-gegenwind","status":"publish","type":"post","link":"https:\/\/www.organisator.ch\/de\/management\/2026-02-25\/mem-kmu-kaempfen-weiter-gegen-gegenwind\/","title":{"rendered":"MEM-KMU k\u00e4mpfen weiter gegen Gegenwind"},"content":{"rendered":"<figure>\n<figure id=\"attachment_44998\" aria-describedby=\"caption-attachment-44998\" style=\"width: 680px\" class=\"wp-caption alignnone\"><img loading=\"lazy\" decoding=\"async\" class=\"size-medium wp-image-44998\" src=\"https:\/\/www.organisator.ch\/wp-content\/uploads\/2026\/02\/2_DE-680x345.jpg\" alt=\"\" width=\"680\" height=\"345\" srcset=\"https:\/\/www.organisator.ch\/wp-content\/uploads\/2026\/02\/2_DE-680x345.jpg 680w, https:\/\/www.organisator.ch\/wp-content\/uploads\/2026\/02\/2_DE-1024x520.jpg 1024w, https:\/\/www.organisator.ch\/wp-content\/uploads\/2026\/02\/2_DE-768x390.jpg 768w, https:\/\/www.organisator.ch\/wp-content\/uploads\/2026\/02\/2_DE-1536x780.jpg 1536w, https:\/\/www.organisator.ch\/wp-content\/uploads\/2026\/02\/2_DE-2048x1040.jpg 2048w, https:\/\/www.organisator.ch\/wp-content\/uploads\/2026\/02\/2_DE-18x9.jpg 18w, https:\/\/www.organisator.ch\/wp-content\/uploads\/2026\/02\/2_DE-375x190.jpg 375w, https:\/\/www.organisator.ch\/wp-content\/uploads\/2026\/02\/2_DE-689x350.jpg 689w, https:\/\/www.organisator.ch\/wp-content\/uploads\/2026\/02\/2_DE-1000x508.jpg 1000w, https:\/\/www.organisator.ch\/wp-content\/uploads\/2026\/02\/2_DE-scaled.jpg 1400w\" sizes=\"auto, (max-width: 680px) 100vw, 680px\" \/><figcaption id=\"caption-attachment-44998\" class=\"wp-caption-text\">Auslastung der Produktionskapazit\u00e4ten (Quelle: BAK Economics, Swissmechanic Quartalsbefragung)<\/figcaption><\/figure><figcaption><\/figcaption><\/figure>\n<p>Das Gesch\u00e4ftsklima der Schweizer Industrie zeigt sich zum Jahresbeginn 2026 unver\u00e4ndert pessimistisch. Rund 40 Prozent der Betriebe verzeichneten im vierten Quartal 2025 r\u00fcckl\u00e4ufige Auftragseing\u00e4nge und Ums\u00e4tze im Vergleich zum Vorjahr. Bei 46 Prozent gingen die EBIT-Margen zur\u00fcck. Zwar berichten einzelne Unternehmen von einer leichten Stabilisierung, doch die Gesamtauslastung liegt weiterhin unter dem langj\u00e4hrigen Durchschnitt. Nur noch 18 Prozent der Betriebe verf\u00fcgen \u00fcber einen Auftragsbestand von mehr als zw\u00f6lf Wochen.<\/p>\n<h3>Auftragslage bleibt gr\u00f6sste Sorge<\/h3>\n<p>Die Auftragslage bleibt mit 63 Prozent die gr\u00f6sste Sorge der Unternehmen. Wechselkursschwankungen (37 Prozent) und der Fachkr\u00e4ftemangel (26 Prozent) belasten zus\u00e4tzlich. 17 Prozent der Unternehmen setzen derzeit Kurzarbeit ein \u2013 ein Wert, der dem Durchschnitt der vergangenen Quartale entspricht. Die kurzfristige Auftragslage bleibt bei den meisten Unternehmen gesichert: Sieben von zehn Firmen verf\u00fcgen \u00fcber eine mindestens vier Wochen abgesicherte Produktion.<\/p>\n<figure>\n<figure style=\"width: 1200px\" class=\"wp-caption alignnone\"><img loading=\"lazy\" decoding=\"async\" src=\"https:\/\/www.organisator.ch\/wp-content\/uploads\/2026\/02\/1_DE.jpg\" alt=\"Swissmechanic-Gesch\u00e4ftsklimaindex\" width=\"1200\" height=\"368\" \/><figcaption class=\"wp-caption-text\">Swissmechanic-Gesch\u00e4ftsklimaindex f\u00fcr die KMU-MEM-Betriebe (Quelle: BAK Economics, Swissmechanic Quartalsbefragung)<\/figcaption><\/figure><br \/>\n<\/figure>\n<h3>US-Z\u00f6lle bringen nur begrenzte Entlastung<\/h3>\n<p>Auch die Senkung der US-Z\u00f6lle von 39 auf 15 Prozent bringt nur begrenzte Entlastung. F\u00fcr die Mehrheit der Unternehmen bedeutet dies keine Trendwende, sondern lediglich eine moderate Verbesserung der Gesch\u00e4ftsaussichten. Strategische Anpassungen konzentrieren sich weiterhin auf Prozess- und Kostenoptimierungen, w\u00e4hrend Produktionsverlagerungen nur selten geplant sind.<\/p>\n<h3>Investitionen unter Druck<\/h3>\n<p>Finanzielle Restriktionen verhindern bei 26 Prozent der Unternehmen Investitionen \u2013 ein leichter Anstieg gegen\u00fcber dem Herbst 2025. Hauptgrund sind fehlende Eigenmittel. Gleichzeitig planen zwei Drittel der Betriebe, ihre Produktionskapazit\u00e4ten konstant zu halten. Die Mehrheit der Unternehmen hielt zudem den Personalbestand konstant, wobei knapp jedes dritte Personal abbauen musste.<\/p>\n<h3>Makro\u00f6konomisches Umfeld bleibt anspruchsvoll<\/h3>\n<p>Die globale Konjunktur verliert 2026 leicht an Dynamik. F\u00fcr 2026 erwartet BAK beim sportbereinigten Schweizer Bruttoinlandprodukt einen Zuwachs von 0,9 Prozent. Die Entwicklung in der EU bewegt sich auf einem etwas h\u00f6heren Niveau mit einem Wachstum von 1,2 Prozent. Die US-Volkswirtschaft legt st\u00e4rker zu mit einem prognostizierten Wachstum von 2,8 Prozent. Der Schweizer Franken bleibt 2026 ebenfalls stark, um 0,93 CHF\/Euro beziehungsweise rund 0,80 CHF\/USD.<\/p>\n<p>Swissmechanic-Pr\u00e4sident Nicola Tettamanti sagt: \u00abUnsere KMU zeigen grosse Ausdauer. Doch eine Stabilisierung auf tiefem Niveau ist noch keine Erholung. Es braucht verl\u00e4ssliche Rahmenbedingungen und politische Stabilit\u00e4t, die Investitionen erm\u00f6glichen und Planungssicherheit schaffen.\u00bb Swissmechanic-Direktor Erich Sannemann erg\u00e4nzt: \u00abDie Unternehmen reagieren pragmatisch: Sie optimieren Prozesse, sichern ihre Liquidit\u00e4t und halten ihre Belegschaften so weit wie m\u00f6glich stabil. Diese Widerstandskraft ist beeindruckend \u2013 sie darf aber nicht als Selbstverst\u00e4ndlichkeit betrachtet werden.\u00bb<\/p>\n<p>Weitere Informationen: <a href=\"https:\/\/www.swissmechanic.ch\" target=\"_blank\" rel=\"noopener\">www.swissmechanic.ch<\/a><\/p>\n","protected":false},"excerpt":{"rendered":"<p>Der Swissmechanic KMU-MEM-Gesch\u00e4ftsklimaindex zeigt zu Jahresbeginn 2026 weiterhin eine angespannte Lage in der Maschinen-, Elektro- und Metallindustrie. Mit rund \u201330 Punkten verharrt der Index klar im negativen Bereich. Drei Viertel der Unternehmen beurteilen ihre aktuelle Gesch\u00e4ftslage als ung\u00fcnstig.<\/p>\n","protected":false},"author":107,"featured_media":44998,"comment_status":"closed","ping_status":"closed","sticky":false,"template":"","format":"standard","meta":{"_acf_changed":false,"_yoast_wpseo_focuskw":"MEM-Industrie","_yoast_wpseo_metadesc":"Der Swissmechanic KMU-MEM-Gesch\u00e4ftsklimaindex zeigt zu Jahresbeginn 2026 weiterhin eine angespannte Lage in der MEM-Industrie.","articlekey":"","footnotes":""},"categories":[28],"tags":[310,5506,3414,531],"class_list":["post-44999","post","type-post","status-publish","format-standard","has-post-thumbnail","hentry","category-management","tag-konjunktur","tag-mem-industrie","tag-swissmechanic","tag-wirtschaftspolitik"],"acf":[],"yoast_head":"<!-- This site is optimized with the Yoast SEO plugin v27.5 - https:\/\/yoast.com\/product\/yoast-seo-wordpress\/ -->\n<title>MEM-KMU k\u00e4mpfen weiter gegen Gegenwind - Organisator<\/title>\n<meta name=\"description\" content=\"Der Swissmechanic KMU-MEM-Gesch\u00e4ftsklimaindex zeigt zu Jahresbeginn 2026 weiterhin eine angespannte Lage in der MEM-Industrie.\" \/>\n<meta name=\"robots\" content=\"index, follow, max-snippet:-1, max-image-preview:large, max-video-preview:-1\" \/>\n<link rel=\"canonical\" href=\"https:\/\/www.organisator.ch\/de\/management\/2026-02-25\/mem-kmu-kaempfen-weiter-gegen-gegenwind\/\" \/>\n<meta property=\"og:locale\" content=\"de_DE\" \/>\n<meta property=\"og:type\" content=\"article\" \/>\n<meta property=\"og:title\" content=\"MEM-KMU k\u00e4mpfen weiter gegen Gegenwind\" \/>\n<meta property=\"og:description\" content=\"Der Swissmechanic KMU-MEM-Gesch\u00e4ftsklimaindex zeigt zu Jahresbeginn 2026 weiterhin eine angespannte Lage in der MEM-Industrie.\" \/>\n<meta property=\"og:url\" content=\"https:\/\/www.organisator.ch\/de\/management\/2026-02-25\/mem-kmu-kaempfen-weiter-gegen-gegenwind\/\" \/>\n<meta property=\"og:site_name\" content=\"Organisator\" \/>\n<meta property=\"article:publisher\" content=\"https:\/\/www.facebook.com\/OrganisatorFachmagazin\" \/>\n<meta property=\"article:published_time\" content=\"2026-02-25T07:43:22+00:00\" \/>\n<meta property=\"og:image\" content=\"https:\/\/www.organisator.ch\/wp-content\/uploads\/2026\/02\/2_DE-scaled.jpg\" \/>\n\t<meta property=\"og:image:width\" content=\"1400\" \/>\n\t<meta property=\"og:image:height\" content=\"711\" \/>\n\t<meta property=\"og:image:type\" content=\"image\/jpeg\" \/>\n<meta name=\"author\" content=\"n8n\" \/>\n<meta name=\"twitter:card\" content=\"summary_large_image\" \/>\n<meta name=\"twitter:title\" content=\"#MEM-KMU k\u00e4mpfen weiter gegen Gegenwind\" \/>\n<meta name=\"twitter:description\" content=\"Der #Swissmechanic #KMU-MEM-Gesch\u00e4ftsklimaindex zeigt zu Jahresbeginn 2026 weiterhin eine angespannte Lage in der #MEM-Industrie.\" \/>\n<meta name=\"twitter:image\" content=\"https:\/\/www.organisator.ch\/wp-content\/uploads\/2026\/02\/2_DE-scaled.jpg\" \/>\n<script type=\"application\/ld+json\" class=\"yoast-schema-graph\">{\"@context\":\"https:\\\/\\\/schema.org\",\"@graph\":[{\"@type\":\"Article\",\"@id\":\"https:\\\/\\\/www.organisator.ch\\\/management\\\/2026-02-25\\\/mem-kmu-kaempfen-weiter-gegen-gegenwind\\\/#article\",\"isPartOf\":{\"@id\":\"https:\\\/\\\/www.organisator.ch\\\/management\\\/2026-02-25\\\/mem-kmu-kaempfen-weiter-gegen-gegenwind\\\/\"},\"author\":{\"name\":\"n8n\",\"@id\":\"https:\\\/\\\/www.organisator.ch\\\/#\\\/schema\\\/person\\\/a9d0e0eff238db87a8f840f3b50359f0\"},\"headline\":\"MEM-KMU k\u00e4mpfen weiter gegen Gegenwind\",\"datePublished\":\"2026-02-25T07:43:22+00:00\",\"mainEntityOfPage\":{\"@id\":\"https:\\\/\\\/www.organisator.ch\\\/management\\\/2026-02-25\\\/mem-kmu-kaempfen-weiter-gegen-gegenwind\\\/\"},\"wordCount\":427,\"publisher\":{\"@id\":\"https:\\\/\\\/www.organisator.ch\\\/#organization\"},\"image\":{\"@id\":\"https:\\\/\\\/www.organisator.ch\\\/management\\\/2026-02-25\\\/mem-kmu-kaempfen-weiter-gegen-gegenwind\\\/#primaryimage\"},\"thumbnailUrl\":\"https:\\\/\\\/www.organisator.ch\\\/wp-content\\\/uploads\\\/2026\\\/02\\\/2_DE-scaled.jpg\",\"keywords\":[\"Konjunktur\",\"MEM-Industrie\",\"Swissmechanic\",\"Wirtschaftspolitik\"],\"articleSection\":[\"MANAGEMENT\"],\"inLanguage\":\"de\"},{\"@type\":\"WebPage\",\"@id\":\"https:\\\/\\\/www.organisator.ch\\\/management\\\/2026-02-25\\\/mem-kmu-kaempfen-weiter-gegen-gegenwind\\\/\",\"url\":\"https:\\\/\\\/www.organisator.ch\\\/management\\\/2026-02-25\\\/mem-kmu-kaempfen-weiter-gegen-gegenwind\\\/\",\"name\":\"MEM-KMU k\u00e4mpfen weiter gegen Gegenwind - Organisator\",\"isPartOf\":{\"@id\":\"https:\\\/\\\/www.organisator.ch\\\/#website\"},\"primaryImageOfPage\":{\"@id\":\"https:\\\/\\\/www.organisator.ch\\\/management\\\/2026-02-25\\\/mem-kmu-kaempfen-weiter-gegen-gegenwind\\\/#primaryimage\"},\"image\":{\"@id\":\"https:\\\/\\\/www.organisator.ch\\\/management\\\/2026-02-25\\\/mem-kmu-kaempfen-weiter-gegen-gegenwind\\\/#primaryimage\"},\"thumbnailUrl\":\"https:\\\/\\\/www.organisator.ch\\\/wp-content\\\/uploads\\\/2026\\\/02\\\/2_DE-scaled.jpg\",\"datePublished\":\"2026-02-25T07:43:22+00:00\",\"description\":\"Der Swissmechanic KMU-MEM-Gesch\u00e4ftsklimaindex zeigt zu Jahresbeginn 2026 weiterhin eine angespannte Lage in der MEM-Industrie.\",\"breadcrumb\":{\"@id\":\"https:\\\/\\\/www.organisator.ch\\\/management\\\/2026-02-25\\\/mem-kmu-kaempfen-weiter-gegen-gegenwind\\\/#breadcrumb\"},\"inLanguage\":\"de\",\"potentialAction\":[{\"@type\":\"ReadAction\",\"target\":[\"https:\\\/\\\/www.organisator.ch\\\/management\\\/2026-02-25\\\/mem-kmu-kaempfen-weiter-gegen-gegenwind\\\/\"]}]},{\"@type\":\"ImageObject\",\"inLanguage\":\"de\",\"@id\":\"https:\\\/\\\/www.organisator.ch\\\/management\\\/2026-02-25\\\/mem-kmu-kaempfen-weiter-gegen-gegenwind\\\/#primaryimage\",\"url\":\"https:\\\/\\\/www.organisator.ch\\\/wp-content\\\/uploads\\\/2026\\\/02\\\/2_DE-scaled.jpg\",\"contentUrl\":\"https:\\\/\\\/www.organisator.ch\\\/wp-content\\\/uploads\\\/2026\\\/02\\\/2_DE-scaled.jpg\",\"width\":1400,\"height\":711,\"caption\":\"Auslastung der Produktionskapazit\u00e4ten (Quelle: BAK Economics, Swissmechanic Quartalsbefragung)\"},{\"@type\":\"BreadcrumbList\",\"@id\":\"https:\\\/\\\/www.organisator.ch\\\/management\\\/2026-02-25\\\/mem-kmu-kaempfen-weiter-gegen-gegenwind\\\/#breadcrumb\",\"itemListElement\":[{\"@type\":\"ListItem\",\"position\":1,\"name\":\"Home\",\"item\":\"https:\\\/\\\/www.organisator.ch\\\/\"},{\"@type\":\"ListItem\",\"position\":2,\"name\":\"MEM-KMU k\u00e4mpfen weiter gegen Gegenwind\"}]},{\"@type\":\"WebSite\",\"@id\":\"https:\\\/\\\/www.organisator.ch\\\/#website\",\"url\":\"https:\\\/\\\/www.organisator.ch\\\/\",\"name\":\"Organisator\",\"description\":\"Kompetent. Praxisnah. Der ORGANISATOR bereitet in 10 Ausgaben pro Jahr die wesentlichen Themen f\u00fcr F\u00fchrungskr\u00e4fte von KMU auf.\",\"publisher\":{\"@id\":\"https:\\\/\\\/www.organisator.ch\\\/#organization\"},\"potentialAction\":[{\"@type\":\"SearchAction\",\"target\":{\"@type\":\"EntryPoint\",\"urlTemplate\":\"https:\\\/\\\/www.organisator.ch\\\/?s={search_term_string}\"},\"query-input\":{\"@type\":\"PropertyValueSpecification\",\"valueRequired\":true,\"valueName\":\"search_term_string\"}}],\"inLanguage\":\"de\"},{\"@type\":\"Organization\",\"@id\":\"https:\\\/\\\/www.organisator.ch\\\/#organization\",\"name\":\"Organisator\",\"url\":\"https:\\\/\\\/www.organisator.ch\\\/\",\"logo\":{\"@type\":\"ImageObject\",\"inLanguage\":\"de\",\"@id\":\"https:\\\/\\\/www.organisator.ch\\\/#\\\/schema\\\/logo\\\/image\\\/\",\"url\":\"https:\\\/\\\/www.organisator.ch\\\/wp-content\\\/uploads\\\/2022\\\/01\\\/Logo_Organisator_Website.png\",\"contentUrl\":\"https:\\\/\\\/www.organisator.ch\\\/wp-content\\\/uploads\\\/2022\\\/01\\\/Logo_Organisator_Website.png\",\"width\":800,\"height\":77,\"caption\":\"Organisator\"},\"image\":{\"@id\":\"https:\\\/\\\/www.organisator.ch\\\/#\\\/schema\\\/logo\\\/image\\\/\"},\"sameAs\":[\"https:\\\/\\\/www.facebook.com\\\/OrganisatorFachmagazin\",\"https:\\\/\\\/www.linkedin.com\\\/showcase\\\/organisator-das-magazin-fr-kmu\",\"https:\\\/\\\/www.xing.com\\\/news\\\/pages\\\/organisator-ch-695\",\"https:\\\/\\\/www.youtube.com\\\/channel\\\/UCGP2Sq0iWaZwT3BdIAQFYpw\"]},{\"@type\":\"Person\",\"@id\":\"https:\\\/\\\/www.organisator.ch\\\/#\\\/schema\\\/person\\\/a9d0e0eff238db87a8f840f3b50359f0\",\"name\":\"n8n\",\"image\":{\"@type\":\"ImageObject\",\"inLanguage\":\"de\",\"@id\":\"https:\\\/\\\/secure.gravatar.com\\\/avatar\\\/5368fb9d03fd415a6f335cece4c15af2502d6ca8651efbd6e8f98427a9795400?s=96&d=mm&r=g\",\"url\":\"https:\\\/\\\/secure.gravatar.com\\\/avatar\\\/5368fb9d03fd415a6f335cece4c15af2502d6ca8651efbd6e8f98427a9795400?s=96&d=mm&r=g\",\"contentUrl\":\"https:\\\/\\\/secure.gravatar.com\\\/avatar\\\/5368fb9d03fd415a6f335cece4c15af2502d6ca8651efbd6e8f98427a9795400?s=96&d=mm&r=g\",\"caption\":\"n8n\"},\"url\":\"https:\\\/\\\/www.organisator.ch\\\/de\\\/author\\\/n8n\\\/\"}]}<\/script>\n<!-- \/ Yoast SEO plugin. -->","yoast_head_json":{"title":"MEM-KMU k\u00e4mpfen weiter gegen Gegenwind - Organisator","description":"Der Swissmechanic KMU-MEM-Gesch\u00e4ftsklimaindex zeigt zu Jahresbeginn 2026 weiterhin eine angespannte Lage in der MEM-Industrie.","robots":{"index":"index","follow":"follow","max-snippet":"max-snippet:-1","max-image-preview":"max-image-preview:large","max-video-preview":"max-video-preview:-1"},"canonical":"https:\/\/www.organisator.ch\/de\/management\/2026-02-25\/mem-kmu-kaempfen-weiter-gegen-gegenwind\/","og_locale":"de_DE","og_type":"article","og_title":"MEM-KMU k\u00e4mpfen weiter gegen Gegenwind","og_description":"Der Swissmechanic KMU-MEM-Gesch\u00e4ftsklimaindex zeigt zu Jahresbeginn 2026 weiterhin eine angespannte Lage in der MEM-Industrie.","og_url":"https:\/\/www.organisator.ch\/de\/management\/2026-02-25\/mem-kmu-kaempfen-weiter-gegen-gegenwind\/","og_site_name":"Organisator","article_publisher":"https:\/\/www.facebook.com\/OrganisatorFachmagazin","article_published_time":"2026-02-25T07:43:22+00:00","og_image":[{"width":1400,"height":711,"url":"https:\/\/www.organisator.ch\/wp-content\/uploads\/2026\/02\/2_DE-scaled.jpg","type":"image\/jpeg"}],"author":"n8n","twitter_card":"summary_large_image","twitter_title":"#MEM-KMU k\u00e4mpfen weiter gegen Gegenwind","twitter_description":"Der #Swissmechanic #KMU-MEM-Gesch\u00e4ftsklimaindex zeigt zu Jahresbeginn 2026 weiterhin eine angespannte Lage in der #MEM-Industrie.","twitter_image":"https:\/\/www.organisator.ch\/wp-content\/uploads\/2026\/02\/2_DE-scaled.jpg","schema":{"@context":"https:\/\/schema.org","@graph":[{"@type":"Article","@id":"https:\/\/www.organisator.ch\/management\/2026-02-25\/mem-kmu-kaempfen-weiter-gegen-gegenwind\/#article","isPartOf":{"@id":"https:\/\/www.organisator.ch\/management\/2026-02-25\/mem-kmu-kaempfen-weiter-gegen-gegenwind\/"},"author":{"name":"n8n","@id":"https:\/\/www.organisator.ch\/#\/schema\/person\/a9d0e0eff238db87a8f840f3b50359f0"},"headline":"MEM-KMU k\u00e4mpfen weiter gegen Gegenwind","datePublished":"2026-02-25T07:43:22+00:00","mainEntityOfPage":{"@id":"https:\/\/www.organisator.ch\/management\/2026-02-25\/mem-kmu-kaempfen-weiter-gegen-gegenwind\/"},"wordCount":427,"publisher":{"@id":"https:\/\/www.organisator.ch\/#organization"},"image":{"@id":"https:\/\/www.organisator.ch\/management\/2026-02-25\/mem-kmu-kaempfen-weiter-gegen-gegenwind\/#primaryimage"},"thumbnailUrl":"https:\/\/www.organisator.ch\/wp-content\/uploads\/2026\/02\/2_DE-scaled.jpg","keywords":["Konjunktur","MEM-Industrie","Swissmechanic","Wirtschaftspolitik"],"articleSection":["MANAGEMENT"],"inLanguage":"de"},{"@type":"WebPage","@id":"https:\/\/www.organisator.ch\/management\/2026-02-25\/mem-kmu-kaempfen-weiter-gegen-gegenwind\/","url":"https:\/\/www.organisator.ch\/management\/2026-02-25\/mem-kmu-kaempfen-weiter-gegen-gegenwind\/","name":"MEM-KMU k\u00e4mpfen weiter gegen Gegenwind - Organisator","isPartOf":{"@id":"https:\/\/www.organisator.ch\/#website"},"primaryImageOfPage":{"@id":"https:\/\/www.organisator.ch\/management\/2026-02-25\/mem-kmu-kaempfen-weiter-gegen-gegenwind\/#primaryimage"},"image":{"@id":"https:\/\/www.organisator.ch\/management\/2026-02-25\/mem-kmu-kaempfen-weiter-gegen-gegenwind\/#primaryimage"},"thumbnailUrl":"https:\/\/www.organisator.ch\/wp-content\/uploads\/2026\/02\/2_DE-scaled.jpg","datePublished":"2026-02-25T07:43:22+00:00","description":"Der Swissmechanic KMU-MEM-Gesch\u00e4ftsklimaindex zeigt zu Jahresbeginn 2026 weiterhin eine angespannte Lage in der MEM-Industrie.","breadcrumb":{"@id":"https:\/\/www.organisator.ch\/management\/2026-02-25\/mem-kmu-kaempfen-weiter-gegen-gegenwind\/#breadcrumb"},"inLanguage":"de","potentialAction":[{"@type":"ReadAction","target":["https:\/\/www.organisator.ch\/management\/2026-02-25\/mem-kmu-kaempfen-weiter-gegen-gegenwind\/"]}]},{"@type":"ImageObject","inLanguage":"de","@id":"https:\/\/www.organisator.ch\/management\/2026-02-25\/mem-kmu-kaempfen-weiter-gegen-gegenwind\/#primaryimage","url":"https:\/\/www.organisator.ch\/wp-content\/uploads\/2026\/02\/2_DE-scaled.jpg","contentUrl":"https:\/\/www.organisator.ch\/wp-content\/uploads\/2026\/02\/2_DE-scaled.jpg","width":1400,"height":711,"caption":"Auslastung der Produktionskapazit\u00e4ten (Quelle: BAK Economics, Swissmechanic Quartalsbefragung)"},{"@type":"BreadcrumbList","@id":"https:\/\/www.organisator.ch\/management\/2026-02-25\/mem-kmu-kaempfen-weiter-gegen-gegenwind\/#breadcrumb","itemListElement":[{"@type":"ListItem","position":1,"name":"Home","item":"https:\/\/www.organisator.ch\/"},{"@type":"ListItem","position":2,"name":"MEM-KMU k\u00e4mpfen weiter gegen Gegenwind"}]},{"@type":"WebSite","@id":"https:\/\/www.organisator.ch\/#website","url":"https:\/\/www.organisator.ch\/","name":"Organisator","description":"Kompetent. Praxisnah. Der ORGANISATOR bereitet in 10 Ausgaben pro Jahr die wesentlichen Themen f\u00fcr F\u00fchrungskr\u00e4fte von KMU auf.","publisher":{"@id":"https:\/\/www.organisator.ch\/#organization"},"potentialAction":[{"@type":"SearchAction","target":{"@type":"EntryPoint","urlTemplate":"https:\/\/www.organisator.ch\/?s={search_term_string}"},"query-input":{"@type":"PropertyValueSpecification","valueRequired":true,"valueName":"search_term_string"}}],"inLanguage":"de"},{"@type":"Organization","@id":"https:\/\/www.organisator.ch\/#organization","name":"Organisator","url":"https:\/\/www.organisator.ch\/","logo":{"@type":"ImageObject","inLanguage":"de","@id":"https:\/\/www.organisator.ch\/#\/schema\/logo\/image\/","url":"https:\/\/www.organisator.ch\/wp-content\/uploads\/2022\/01\/Logo_Organisator_Website.png","contentUrl":"https:\/\/www.organisator.ch\/wp-content\/uploads\/2022\/01\/Logo_Organisator_Website.png","width":800,"height":77,"caption":"Organisator"},"image":{"@id":"https:\/\/www.organisator.ch\/#\/schema\/logo\/image\/"},"sameAs":["https:\/\/www.facebook.com\/OrganisatorFachmagazin","https:\/\/www.linkedin.com\/showcase\/organisator-das-magazin-fr-kmu","https:\/\/www.xing.com\/news\/pages\/organisator-ch-695","https:\/\/www.youtube.com\/channel\/UCGP2Sq0iWaZwT3BdIAQFYpw"]},{"@type":"Person","@id":"https:\/\/www.organisator.ch\/#\/schema\/person\/a9d0e0eff238db87a8f840f3b50359f0","name":"n8n","image":{"@type":"ImageObject","inLanguage":"de","@id":"https:\/\/secure.gravatar.com\/avatar\/5368fb9d03fd415a6f335cece4c15af2502d6ca8651efbd6e8f98427a9795400?s=96&d=mm&r=g","url":"https:\/\/secure.gravatar.com\/avatar\/5368fb9d03fd415a6f335cece4c15af2502d6ca8651efbd6e8f98427a9795400?s=96&d=mm&r=g","contentUrl":"https:\/\/secure.gravatar.com\/avatar\/5368fb9d03fd415a6f335cece4c15af2502d6ca8651efbd6e8f98427a9795400?s=96&d=mm&r=g","caption":"n8n"},"url":"https:\/\/www.organisator.ch\/de\/author\/n8n\/"}]}},"_links":{"self":[{"href":"https:\/\/www.organisator.ch\/de\/wp-json\/wp\/v2\/posts\/44999","targetHints":{"allow":["GET"]}}],"collection":[{"href":"https:\/\/www.organisator.ch\/de\/wp-json\/wp\/v2\/posts"}],"about":[{"href":"https:\/\/www.organisator.ch\/de\/wp-json\/wp\/v2\/types\/post"}],"author":[{"embeddable":true,"href":"https:\/\/www.organisator.ch\/de\/wp-json\/wp\/v2\/users\/107"}],"replies":[{"embeddable":true,"href":"https:\/\/www.organisator.ch\/de\/wp-json\/wp\/v2\/comments?post=44999"}],"version-history":[{"count":4,"href":"https:\/\/www.organisator.ch\/de\/wp-json\/wp\/v2\/posts\/44999\/revisions"}],"predecessor-version":[{"id":45098,"href":"https:\/\/www.organisator.ch\/de\/wp-json\/wp\/v2\/posts\/44999\/revisions\/45098"}],"wp:featuredmedia":[{"embeddable":true,"href":"https:\/\/www.organisator.ch\/de\/wp-json\/wp\/v2\/media\/44998"}],"wp:attachment":[{"href":"https:\/\/www.organisator.ch\/de\/wp-json\/wp\/v2\/media?parent=44999"}],"wp:term":[{"taxonomy":"category","embeddable":true,"href":"https:\/\/www.organisator.ch\/de\/wp-json\/wp\/v2\/categories?post=44999"},{"taxonomy":"post_tag","embeddable":true,"href":"https:\/\/www.organisator.ch\/de\/wp-json\/wp\/v2\/tags?post=44999"}],"curies":[{"name":"wp","href":"https:\/\/api.w.org\/{rel}","templated":true}]}}