{"id":4505,"date":"2018-11-12T08:28:53","date_gmt":"2018-11-12T07:28:53","guid":{"rendered":"https:\/\/www.organisator.ch\/?p=4505"},"modified":"2018-11-12T08:28:53","modified_gmt":"2018-11-12T07:28:53","slug":"acht-billionen-usd-weniger-umsatz-wegen-fachkraeftemangel","status":"publish","type":"post","link":"https:\/\/www.organisator.ch\/de\/human-resources\/hrm\/2018-11-12\/acht-billionen-usd-weniger-umsatz-wegen-fachkraeftemangel\/","title":{"rendered":"Acht Billionen USD weniger Umsatz wegen Fachkr\u00e4ftemangel"},"content":{"rendered":"<figure id=\"attachment_4506\" aria-describedby=\"caption-attachment-4506\" style=\"width: 369px\" class=\"wp-caption aligncenter\"><img loading=\"lazy\" decoding=\"async\" class=\"size-full wp-image-4506\" src=\"https:\/\/www.organisator.ch\/wp-content\/uploads\/2018\/11\/Acht-Billionen-USD-weniger-Umsatz-wegen-Fachkraeftemangel_Organisator-e1542007635464.jpg\" alt=\"\" width=\"369\" height=\"277\" srcset=\"https:\/\/www.organisator.ch\/wp-content\/uploads\/2018\/11\/Acht-Billionen-USD-weniger-Umsatz-wegen-Fachkraeftemangel_Organisator-e1542007635464.jpg 369w, https:\/\/www.organisator.ch\/wp-content\/uploads\/2018\/11\/Acht-Billionen-USD-weniger-Umsatz-wegen-Fachkraeftemangel_Organisator-e1542007635464-16x12.jpg 16w, https:\/\/www.organisator.ch\/wp-content\/uploads\/2018\/11\/Acht-Billionen-USD-weniger-Umsatz-wegen-Fachkraeftemangel_Organisator-e1542007635464-233x175.jpg 233w, https:\/\/www.organisator.ch\/wp-content\/uploads\/2018\/11\/Acht-Billionen-USD-weniger-Umsatz-wegen-Fachkraeftemangel_Organisator-e1542007635464-300x225.jpg 300w\" sizes=\"auto, (max-width: 369px) 100vw, 369px\" \/><figcaption id=\"caption-attachment-4506\" class=\"wp-caption-text\">Fachkr\u00e4ftemangel wird zusehends zu einem globalen Problem, so Stefan Steger, Chairman von Korn Ferry Schweiz und \u00d6sterreich. (Bild: zVg \/ Korn Ferry)<\/figcaption><\/figure>\n<p>\u00dcber 1&#8217;500 Gesch\u00e4ftsf\u00fchrer der weltweit gr\u00f6ssten Unternehmen wurden f\u00fcr die\u00a0 Korn Ferry-Studie \u00abThe Talent Shift\u00bb befragt. Die \u00fcberwiegende Mehrheit ist sich bewusst, dass es in Zukunft zu einem Mangel an talentierten Fachkr\u00e4ften kommen wird. Trotzdem sind die Unternehmen zuversichtlich: 95 % sind sich sicher, dass ihr Unternehmen den Fachkr\u00e4ftemangel in Zukunft decken kann. Fast 75 % gehen zudem davon aus, dass die Technologie viele Fachkr\u00e4fte ersetzen wird.<\/p>\n<h2><strong>Ein Strukturwandel mit Folgen<\/strong><\/h2>\n<p>Laut Experten kann diese Denkweise Unternehmen teuer zu stehen kommen. Der Fachkr\u00e4ftemangel ist kein vor\u00fcbergehendes Ph\u00e4nomen, sondern ein Strukturwandel, der Unternehmen bis 2030 fast 8,5 Billionen USD an entgangenen Ums\u00e4tzen kosten k\u00f6nnte. \u00abFachkr\u00e4fte, die f\u00fcr die Umsetzung der Gesch\u00e4ftsstrategie erforderlich sind und die in Zukunft fehlen werden, k\u00f6nnten zum entscheidenden Thema des Zeitalters werden und das BIP der Nationen sowie die Rentabilit\u00e4t der Unternehmen gef\u00e4hrden\u00bb, sagt Stefan Steger, Chairman von Korn Ferry Schweiz und \u00d6sterreich.<\/p>\n<h2><strong>Personalplanung muss zur Priorit\u00e4t werden<\/strong><\/h2>\n<p>Die zu erwartenden Engp\u00e4sse sind nicht auf eine bestimmte Region beschr\u00e4nkt. So k\u00f6nnte beispielsweise in China bis 2030 ein Defizit von 6,7 Millionen hochqualifizierten Arbeitnehmern entstehen, ebenso in den USA mit 6,6 Millionen oder in Deutschland mit einer L\u00fccke von 2,5 Millionen Fachkr\u00e4ften. Da die Mehrheit der befragten F\u00fchrungskr\u00e4fte diese Engp\u00e4sse nicht in ihren eigenen Unternehmen verorten, bef\u00fcrchten Experten, dass sie in Zukunft zu wenig in interne Talentf\u00f6rderungsprogramme oder in die allgemeine Talentstrategie investieren werden. \u00abEs ist notwendig, dass die Unternehmen die zuk\u00fcnftige Personalplanung zu ihrer Priorit\u00e4t machen, wenn sie verhindern wollen, dass sie in Zukunft\u00a0 durch einen Mangel an notwendigen Kompetenzen in ihrer Arbeit eingeschr\u00e4nkt sein werden\u00bb, sagt Stefan Steger. Der Fachkr\u00e4ftemangel werde sich auf die Geh\u00e4lter auswirken. Korn Ferry sch\u00e4tzt, dass der globale Fachkr\u00e4ftemangel die Geh\u00e4lter um 2,5 Billionen USD in die H\u00f6he treiben k\u00f6nnte.<\/p>\n<p><em>Weitere Informationen: <a href=\"http:\/\/www.kornferry.com\">Korn Ferry<\/a><\/em><\/p>\n","protected":false},"excerpt":{"rendered":"<p>\u00dcber 1&#8217;500 Gesch\u00e4ftsf\u00fchrer der weltweit gr\u00f6ssten Unternehmen wurden f\u00fcr die\u00a0 Korn Ferry-Studie \u00abThe Talent Shift\u00bb befragt. Die \u00fcberwiegende Mehrheit ist sich bewusst, dass es in Zukunft zu einem Mangel an talentierten Fachkr\u00e4ften kommen wird. Trotzdem sind die Unternehmen zuversichtlich: 95 % sind sich sicher, dass ihr Unternehmen den Fachkr\u00e4ftemangel in Zukunft decken kann. Fast 75 [&hellip;]<\/p>\n","protected":false},"author":4,"featured_media":4506,"comment_status":"open","ping_status":"open","sticky":false,"template":"","format":"standard","meta":{"_acf_changed":false,"_yoast_wpseo_focuskw":"Fachkr\u00e4ftemangel","_yoast_wpseo_metadesc":"Der Fachkr\u00e4ftemangel nimmt global zu. Reagieren Unternehmen nicht rechtzeitig, kann dies zu Einbussen in Billionenh\u00f6he aufgrund entgangener Ums\u00e4tze f\u00fchren.","articlekey":"","footnotes":""},"categories":[26],"tags":[194,254,407],"class_list":["post-4505","post","type-post","status-publish","format-standard","has-post-thumbnail","hentry","category-hrm","tag-fachkraeftemangel","tag-hrm","tag-recruiting"],"acf":[],"yoast_head":"<!-- This site is optimized with the Yoast SEO plugin v27.4 - https:\/\/yoast.com\/product\/yoast-seo-wordpress\/ -->\n<title>Acht Billionen USD weniger Umsatz wegen Fachkr\u00e4ftemangel - Organisator<\/title>\n<meta name=\"description\" content=\"Der Fachkr\u00e4ftemangel nimmt global zu. Reagieren Unternehmen nicht rechtzeitig, kann dies zu Einbussen in Billionenh\u00f6he aufgrund entgangener Ums\u00e4tze f\u00fchren.\" \/>\n<meta name=\"robots\" content=\"index, follow, max-snippet:-1, max-image-preview:large, max-video-preview:-1\" \/>\n<link rel=\"canonical\" href=\"https:\/\/www.organisator.ch\/de\/human-resources\/hrm\/2018-11-12\/acht-billionen-usd-weniger-umsatz-wegen-fachkraeftemangel\/\" \/>\n<meta property=\"og:locale\" content=\"de_DE\" \/>\n<meta property=\"og:type\" content=\"article\" \/>\n<meta property=\"og:title\" content=\"Acht Billionen USD weniger Umsatz wegen Fachkr\u00e4ftemangel\" \/>\n<meta property=\"og:description\" content=\"Der Fachkr\u00e4ftemangel nimmt global zu. Reagieren Unternehmen nicht rechtzeitig, kann dies zu Einbussen in Billionenh\u00f6he aufgrund entgangener Ums\u00e4tze f\u00fchren.\" \/>\n<meta property=\"og:url\" content=\"https:\/\/www.organisator.ch\/de\/human-resources\/hrm\/2018-11-12\/acht-billionen-usd-weniger-umsatz-wegen-fachkraeftemangel\/\" \/>\n<meta property=\"og:site_name\" content=\"Organisator\" \/>\n<meta property=\"article:publisher\" content=\"https:\/\/www.facebook.com\/OrganisatorFachmagazin\" \/>\n<meta property=\"article:published_time\" content=\"2018-11-12T07:28:53+00:00\" \/>\n<meta property=\"og:image\" content=\"https:\/\/www.organisator.ch\/wp-content\/uploads\/2018\/11\/Acht-Billionen-USD-weniger-Umsatz-wegen-Fachkraeftemangel_Organisator-e1542007635464.jpg\" \/>\n\t<meta property=\"og:image:width\" content=\"369\" \/>\n\t<meta property=\"og:image:height\" content=\"277\" \/>\n\t<meta property=\"og:image:type\" content=\"image\/jpeg\" \/>\n<meta name=\"author\" content=\"thomas.berner\" \/>\n<meta name=\"twitter:card\" content=\"summary_large_image\" \/>\n<meta name=\"twitter:title\" content=\"Acht Billionen USD weniger Umsatz wegen Fachkr\u00e4ftemangel\" \/>\n<meta name=\"twitter:description\" content=\"Der Fachkr\u00e4ftemangel nimmt global zu. Reagieren Unternehmen nicht rechtzeitig, kann dies zu Einbussen in Billionenh\u00f6he aufgrund entgangener Ums\u00e4tze f\u00fchren.\" \/>\n<meta name=\"twitter:image\" content=\"https:\/\/www.organisator.ch\/wp-content\/uploads\/2018\/11\/Acht-Billionen-USD-weniger-Umsatz-wegen-Fachkr\u00e4ftemangel_Organisator-e1542007635464.jpg\" \/>\n<script type=\"application\/ld+json\" class=\"yoast-schema-graph\">{\"@context\":\"https:\\\/\\\/schema.org\",\"@graph\":[{\"@type\":\"Article\",\"@id\":\"https:\\\/\\\/www.organisator.ch\\\/human-resources\\\/hrm\\\/2018-11-12\\\/acht-billionen-usd-weniger-umsatz-wegen-fachkraeftemangel\\\/#article\",\"isPartOf\":{\"@id\":\"https:\\\/\\\/www.organisator.ch\\\/human-resources\\\/hrm\\\/2018-11-12\\\/acht-billionen-usd-weniger-umsatz-wegen-fachkraeftemangel\\\/\"},\"author\":{\"name\":\"thomas.berner\",\"@id\":\"https:\\\/\\\/www.organisator.ch\\\/#\\\/schema\\\/person\\\/6f650f90b2842cd4c0cc334b4e36f67e\"},\"headline\":\"Acht Billionen USD weniger Umsatz wegen Fachkr\u00e4ftemangel\",\"datePublished\":\"2018-11-12T07:28:53+00:00\",\"mainEntityOfPage\":{\"@id\":\"https:\\\/\\\/www.organisator.ch\\\/human-resources\\\/hrm\\\/2018-11-12\\\/acht-billionen-usd-weniger-umsatz-wegen-fachkraeftemangel\\\/\"},\"wordCount\":356,\"commentCount\":0,\"publisher\":{\"@id\":\"https:\\\/\\\/www.organisator.ch\\\/#organization\"},\"image\":{\"@id\":\"https:\\\/\\\/www.organisator.ch\\\/human-resources\\\/hrm\\\/2018-11-12\\\/acht-billionen-usd-weniger-umsatz-wegen-fachkraeftemangel\\\/#primaryimage\"},\"thumbnailUrl\":\"https:\\\/\\\/www.organisator.ch\\\/wp-content\\\/uploads\\\/2018\\\/11\\\/Acht-Billionen-USD-weniger-Umsatz-wegen-Fachkraeftemangel_Organisator-e1542007635464.jpg\",\"keywords\":[\"Fachkr\u00e4ftemangel\",\"HRM\",\"Recruiting\"],\"articleSection\":[\"HRM\"],\"inLanguage\":\"de\"},{\"@type\":\"WebPage\",\"@id\":\"https:\\\/\\\/www.organisator.ch\\\/human-resources\\\/hrm\\\/2018-11-12\\\/acht-billionen-usd-weniger-umsatz-wegen-fachkraeftemangel\\\/\",\"url\":\"https:\\\/\\\/www.organisator.ch\\\/human-resources\\\/hrm\\\/2018-11-12\\\/acht-billionen-usd-weniger-umsatz-wegen-fachkraeftemangel\\\/\",\"name\":\"Acht Billionen USD weniger Umsatz wegen Fachkr\u00e4ftemangel - Organisator\",\"isPartOf\":{\"@id\":\"https:\\\/\\\/www.organisator.ch\\\/#website\"},\"primaryImageOfPage\":{\"@id\":\"https:\\\/\\\/www.organisator.ch\\\/human-resources\\\/hrm\\\/2018-11-12\\\/acht-billionen-usd-weniger-umsatz-wegen-fachkraeftemangel\\\/#primaryimage\"},\"image\":{\"@id\":\"https:\\\/\\\/www.organisator.ch\\\/human-resources\\\/hrm\\\/2018-11-12\\\/acht-billionen-usd-weniger-umsatz-wegen-fachkraeftemangel\\\/#primaryimage\"},\"thumbnailUrl\":\"https:\\\/\\\/www.organisator.ch\\\/wp-content\\\/uploads\\\/2018\\\/11\\\/Acht-Billionen-USD-weniger-Umsatz-wegen-Fachkraeftemangel_Organisator-e1542007635464.jpg\",\"datePublished\":\"2018-11-12T07:28:53+00:00\",\"description\":\"Der Fachkr\u00e4ftemangel nimmt global zu. Reagieren Unternehmen nicht rechtzeitig, kann dies zu Einbussen in Billionenh\u00f6he aufgrund entgangener Ums\u00e4tze f\u00fchren.\",\"breadcrumb\":{\"@id\":\"https:\\\/\\\/www.organisator.ch\\\/human-resources\\\/hrm\\\/2018-11-12\\\/acht-billionen-usd-weniger-umsatz-wegen-fachkraeftemangel\\\/#breadcrumb\"},\"inLanguage\":\"de\",\"potentialAction\":[{\"@type\":\"ReadAction\",\"target\":[\"https:\\\/\\\/www.organisator.ch\\\/human-resources\\\/hrm\\\/2018-11-12\\\/acht-billionen-usd-weniger-umsatz-wegen-fachkraeftemangel\\\/\"]}]},{\"@type\":\"ImageObject\",\"inLanguage\":\"de\",\"@id\":\"https:\\\/\\\/www.organisator.ch\\\/human-resources\\\/hrm\\\/2018-11-12\\\/acht-billionen-usd-weniger-umsatz-wegen-fachkraeftemangel\\\/#primaryimage\",\"url\":\"https:\\\/\\\/www.organisator.ch\\\/wp-content\\\/uploads\\\/2018\\\/11\\\/Acht-Billionen-USD-weniger-Umsatz-wegen-Fachkraeftemangel_Organisator-e1542007635464.jpg\",\"contentUrl\":\"https:\\\/\\\/www.organisator.ch\\\/wp-content\\\/uploads\\\/2018\\\/11\\\/Acht-Billionen-USD-weniger-Umsatz-wegen-Fachkraeftemangel_Organisator-e1542007635464.jpg\",\"width\":369,\"height\":277,\"caption\":\"Fachkr\u00e4ftemangel wird zusehends zu einem globalen Problem, so Stefan Steger, Chairman von Korn Ferry Schweiz und \u00d6sterreich. (Bild: zVg \\\/ Korn Ferry)\"},{\"@type\":\"BreadcrumbList\",\"@id\":\"https:\\\/\\\/www.organisator.ch\\\/human-resources\\\/hrm\\\/2018-11-12\\\/acht-billionen-usd-weniger-umsatz-wegen-fachkraeftemangel\\\/#breadcrumb\",\"itemListElement\":[{\"@type\":\"ListItem\",\"position\":1,\"name\":\"Home\",\"item\":\"https:\\\/\\\/www.organisator.ch\\\/\"},{\"@type\":\"ListItem\",\"position\":2,\"name\":\"Acht Billionen USD weniger Umsatz wegen Fachkr\u00e4ftemangel\"}]},{\"@type\":\"WebSite\",\"@id\":\"https:\\\/\\\/www.organisator.ch\\\/#website\",\"url\":\"https:\\\/\\\/www.organisator.ch\\\/\",\"name\":\"Organisator\",\"description\":\"Kompetent. Praxisnah. Der ORGANISATOR bereitet in 10 Ausgaben pro Jahr die wesentlichen Themen f\u00fcr F\u00fchrungskr\u00e4fte von KMU auf.\",\"publisher\":{\"@id\":\"https:\\\/\\\/www.organisator.ch\\\/#organization\"},\"potentialAction\":[{\"@type\":\"SearchAction\",\"target\":{\"@type\":\"EntryPoint\",\"urlTemplate\":\"https:\\\/\\\/www.organisator.ch\\\/?s={search_term_string}\"},\"query-input\":{\"@type\":\"PropertyValueSpecification\",\"valueRequired\":true,\"valueName\":\"search_term_string\"}}],\"inLanguage\":\"de\"},{\"@type\":\"Organization\",\"@id\":\"https:\\\/\\\/www.organisator.ch\\\/#organization\",\"name\":\"Organisator\",\"url\":\"https:\\\/\\\/www.organisator.ch\\\/\",\"logo\":{\"@type\":\"ImageObject\",\"inLanguage\":\"de\",\"@id\":\"https:\\\/\\\/www.organisator.ch\\\/#\\\/schema\\\/logo\\\/image\\\/\",\"url\":\"https:\\\/\\\/www.organisator.ch\\\/wp-content\\\/uploads\\\/2022\\\/01\\\/Logo_Organisator_Website.png\",\"contentUrl\":\"https:\\\/\\\/www.organisator.ch\\\/wp-content\\\/uploads\\\/2022\\\/01\\\/Logo_Organisator_Website.png\",\"width\":800,\"height\":77,\"caption\":\"Organisator\"},\"image\":{\"@id\":\"https:\\\/\\\/www.organisator.ch\\\/#\\\/schema\\\/logo\\\/image\\\/\"},\"sameAs\":[\"https:\\\/\\\/www.facebook.com\\\/OrganisatorFachmagazin\",\"https:\\\/\\\/www.linkedin.com\\\/showcase\\\/organisator-das-magazin-fr-kmu\",\"https:\\\/\\\/www.xing.com\\\/news\\\/pages\\\/organisator-ch-695\",\"https:\\\/\\\/www.youtube.com\\\/channel\\\/UCGP2Sq0iWaZwT3BdIAQFYpw\"]},{\"@type\":\"Person\",\"@id\":\"https:\\\/\\\/www.organisator.ch\\\/#\\\/schema\\\/person\\\/6f650f90b2842cd4c0cc334b4e36f67e\",\"name\":\"thomas.berner\",\"image\":{\"@type\":\"ImageObject\",\"inLanguage\":\"de\",\"@id\":\"https:\\\/\\\/secure.gravatar.com\\\/avatar\\\/ac5001d2a36cb6c6cd3e50789007ffca834b477b74a2144564522e944eabff61?s=96&d=mm&r=g\",\"url\":\"https:\\\/\\\/secure.gravatar.com\\\/avatar\\\/ac5001d2a36cb6c6cd3e50789007ffca834b477b74a2144564522e944eabff61?s=96&d=mm&r=g\",\"contentUrl\":\"https:\\\/\\\/secure.gravatar.com\\\/avatar\\\/ac5001d2a36cb6c6cd3e50789007ffca834b477b74a2144564522e944eabff61?s=96&d=mm&r=g\",\"caption\":\"thomas.berner\"},\"url\":\"https:\\\/\\\/www.organisator.ch\\\/de\\\/author\\\/thomas-berner\\\/\"}]}<\/script>\n<!-- \/ Yoast SEO plugin. -->","yoast_head_json":{"title":"Acht Billionen USD weniger Umsatz wegen Fachkr\u00e4ftemangel - Organisator","description":"Der Fachkr\u00e4ftemangel nimmt global zu. Reagieren Unternehmen nicht rechtzeitig, kann dies zu Einbussen in Billionenh\u00f6he aufgrund entgangener Ums\u00e4tze f\u00fchren.","robots":{"index":"index","follow":"follow","max-snippet":"max-snippet:-1","max-image-preview":"max-image-preview:large","max-video-preview":"max-video-preview:-1"},"canonical":"https:\/\/www.organisator.ch\/de\/human-resources\/hrm\/2018-11-12\/acht-billionen-usd-weniger-umsatz-wegen-fachkraeftemangel\/","og_locale":"de_DE","og_type":"article","og_title":"Acht Billionen USD weniger Umsatz wegen Fachkr\u00e4ftemangel","og_description":"Der Fachkr\u00e4ftemangel nimmt global zu. Reagieren Unternehmen nicht rechtzeitig, kann dies zu Einbussen in Billionenh\u00f6he aufgrund entgangener Ums\u00e4tze f\u00fchren.","og_url":"https:\/\/www.organisator.ch\/de\/human-resources\/hrm\/2018-11-12\/acht-billionen-usd-weniger-umsatz-wegen-fachkraeftemangel\/","og_site_name":"Organisator","article_publisher":"https:\/\/www.facebook.com\/OrganisatorFachmagazin","article_published_time":"2018-11-12T07:28:53+00:00","og_image":[{"width":369,"height":277,"url":"https:\/\/www.organisator.ch\/wp-content\/uploads\/2018\/11\/Acht-Billionen-USD-weniger-Umsatz-wegen-Fachkraeftemangel_Organisator-e1542007635464.jpg","type":"image\/jpeg"}],"author":"thomas.berner","twitter_card":"summary_large_image","twitter_title":"Acht Billionen USD weniger Umsatz wegen Fachkr\u00e4ftemangel","twitter_description":"Der Fachkr\u00e4ftemangel nimmt global zu. Reagieren Unternehmen nicht rechtzeitig, kann dies zu Einbussen in Billionenh\u00f6he aufgrund entgangener Ums\u00e4tze f\u00fchren.","twitter_image":"https:\/\/www.organisator.ch\/wp-content\/uploads\/2018\/11\/Acht-Billionen-USD-weniger-Umsatz-wegen-Fachkr\u00e4ftemangel_Organisator-e1542007635464.jpg","schema":{"@context":"https:\/\/schema.org","@graph":[{"@type":"Article","@id":"https:\/\/www.organisator.ch\/human-resources\/hrm\/2018-11-12\/acht-billionen-usd-weniger-umsatz-wegen-fachkraeftemangel\/#article","isPartOf":{"@id":"https:\/\/www.organisator.ch\/human-resources\/hrm\/2018-11-12\/acht-billionen-usd-weniger-umsatz-wegen-fachkraeftemangel\/"},"author":{"name":"thomas.berner","@id":"https:\/\/www.organisator.ch\/#\/schema\/person\/6f650f90b2842cd4c0cc334b4e36f67e"},"headline":"Acht Billionen USD weniger Umsatz wegen Fachkr\u00e4ftemangel","datePublished":"2018-11-12T07:28:53+00:00","mainEntityOfPage":{"@id":"https:\/\/www.organisator.ch\/human-resources\/hrm\/2018-11-12\/acht-billionen-usd-weniger-umsatz-wegen-fachkraeftemangel\/"},"wordCount":356,"commentCount":0,"publisher":{"@id":"https:\/\/www.organisator.ch\/#organization"},"image":{"@id":"https:\/\/www.organisator.ch\/human-resources\/hrm\/2018-11-12\/acht-billionen-usd-weniger-umsatz-wegen-fachkraeftemangel\/#primaryimage"},"thumbnailUrl":"https:\/\/www.organisator.ch\/wp-content\/uploads\/2018\/11\/Acht-Billionen-USD-weniger-Umsatz-wegen-Fachkraeftemangel_Organisator-e1542007635464.jpg","keywords":["Fachkr\u00e4ftemangel","HRM","Recruiting"],"articleSection":["HRM"],"inLanguage":"de"},{"@type":"WebPage","@id":"https:\/\/www.organisator.ch\/human-resources\/hrm\/2018-11-12\/acht-billionen-usd-weniger-umsatz-wegen-fachkraeftemangel\/","url":"https:\/\/www.organisator.ch\/human-resources\/hrm\/2018-11-12\/acht-billionen-usd-weniger-umsatz-wegen-fachkraeftemangel\/","name":"Acht Billionen USD weniger Umsatz wegen Fachkr\u00e4ftemangel - Organisator","isPartOf":{"@id":"https:\/\/www.organisator.ch\/#website"},"primaryImageOfPage":{"@id":"https:\/\/www.organisator.ch\/human-resources\/hrm\/2018-11-12\/acht-billionen-usd-weniger-umsatz-wegen-fachkraeftemangel\/#primaryimage"},"image":{"@id":"https:\/\/www.organisator.ch\/human-resources\/hrm\/2018-11-12\/acht-billionen-usd-weniger-umsatz-wegen-fachkraeftemangel\/#primaryimage"},"thumbnailUrl":"https:\/\/www.organisator.ch\/wp-content\/uploads\/2018\/11\/Acht-Billionen-USD-weniger-Umsatz-wegen-Fachkraeftemangel_Organisator-e1542007635464.jpg","datePublished":"2018-11-12T07:28:53+00:00","description":"Der Fachkr\u00e4ftemangel nimmt global zu. Reagieren Unternehmen nicht rechtzeitig, kann dies zu Einbussen in Billionenh\u00f6he aufgrund entgangener Ums\u00e4tze f\u00fchren.","breadcrumb":{"@id":"https:\/\/www.organisator.ch\/human-resources\/hrm\/2018-11-12\/acht-billionen-usd-weniger-umsatz-wegen-fachkraeftemangel\/#breadcrumb"},"inLanguage":"de","potentialAction":[{"@type":"ReadAction","target":["https:\/\/www.organisator.ch\/human-resources\/hrm\/2018-11-12\/acht-billionen-usd-weniger-umsatz-wegen-fachkraeftemangel\/"]}]},{"@type":"ImageObject","inLanguage":"de","@id":"https:\/\/www.organisator.ch\/human-resources\/hrm\/2018-11-12\/acht-billionen-usd-weniger-umsatz-wegen-fachkraeftemangel\/#primaryimage","url":"https:\/\/www.organisator.ch\/wp-content\/uploads\/2018\/11\/Acht-Billionen-USD-weniger-Umsatz-wegen-Fachkraeftemangel_Organisator-e1542007635464.jpg","contentUrl":"https:\/\/www.organisator.ch\/wp-content\/uploads\/2018\/11\/Acht-Billionen-USD-weniger-Umsatz-wegen-Fachkraeftemangel_Organisator-e1542007635464.jpg","width":369,"height":277,"caption":"Fachkr\u00e4ftemangel wird zusehends zu einem globalen Problem, so Stefan Steger, Chairman von Korn Ferry Schweiz und \u00d6sterreich. (Bild: zVg \/ Korn Ferry)"},{"@type":"BreadcrumbList","@id":"https:\/\/www.organisator.ch\/human-resources\/hrm\/2018-11-12\/acht-billionen-usd-weniger-umsatz-wegen-fachkraeftemangel\/#breadcrumb","itemListElement":[{"@type":"ListItem","position":1,"name":"Home","item":"https:\/\/www.organisator.ch\/"},{"@type":"ListItem","position":2,"name":"Acht Billionen USD weniger Umsatz wegen Fachkr\u00e4ftemangel"}]},{"@type":"WebSite","@id":"https:\/\/www.organisator.ch\/#website","url":"https:\/\/www.organisator.ch\/","name":"Organisator","description":"Kompetent. Praxisnah. Der ORGANISATOR bereitet in 10 Ausgaben pro Jahr die wesentlichen Themen f\u00fcr F\u00fchrungskr\u00e4fte von KMU auf.","publisher":{"@id":"https:\/\/www.organisator.ch\/#organization"},"potentialAction":[{"@type":"SearchAction","target":{"@type":"EntryPoint","urlTemplate":"https:\/\/www.organisator.ch\/?s={search_term_string}"},"query-input":{"@type":"PropertyValueSpecification","valueRequired":true,"valueName":"search_term_string"}}],"inLanguage":"de"},{"@type":"Organization","@id":"https:\/\/www.organisator.ch\/#organization","name":"Organisator","url":"https:\/\/www.organisator.ch\/","logo":{"@type":"ImageObject","inLanguage":"de","@id":"https:\/\/www.organisator.ch\/#\/schema\/logo\/image\/","url":"https:\/\/www.organisator.ch\/wp-content\/uploads\/2022\/01\/Logo_Organisator_Website.png","contentUrl":"https:\/\/www.organisator.ch\/wp-content\/uploads\/2022\/01\/Logo_Organisator_Website.png","width":800,"height":77,"caption":"Organisator"},"image":{"@id":"https:\/\/www.organisator.ch\/#\/schema\/logo\/image\/"},"sameAs":["https:\/\/www.facebook.com\/OrganisatorFachmagazin","https:\/\/www.linkedin.com\/showcase\/organisator-das-magazin-fr-kmu","https:\/\/www.xing.com\/news\/pages\/organisator-ch-695","https:\/\/www.youtube.com\/channel\/UCGP2Sq0iWaZwT3BdIAQFYpw"]},{"@type":"Person","@id":"https:\/\/www.organisator.ch\/#\/schema\/person\/6f650f90b2842cd4c0cc334b4e36f67e","name":"thomas.berner","image":{"@type":"ImageObject","inLanguage":"de","@id":"https:\/\/secure.gravatar.com\/avatar\/ac5001d2a36cb6c6cd3e50789007ffca834b477b74a2144564522e944eabff61?s=96&d=mm&r=g","url":"https:\/\/secure.gravatar.com\/avatar\/ac5001d2a36cb6c6cd3e50789007ffca834b477b74a2144564522e944eabff61?s=96&d=mm&r=g","contentUrl":"https:\/\/secure.gravatar.com\/avatar\/ac5001d2a36cb6c6cd3e50789007ffca834b477b74a2144564522e944eabff61?s=96&d=mm&r=g","caption":"thomas.berner"},"url":"https:\/\/www.organisator.ch\/de\/author\/thomas-berner\/"}]}},"_links":{"self":[{"href":"https:\/\/www.organisator.ch\/de\/wp-json\/wp\/v2\/posts\/4505","targetHints":{"allow":["GET"]}}],"collection":[{"href":"https:\/\/www.organisator.ch\/de\/wp-json\/wp\/v2\/posts"}],"about":[{"href":"https:\/\/www.organisator.ch\/de\/wp-json\/wp\/v2\/types\/post"}],"author":[{"embeddable":true,"href":"https:\/\/www.organisator.ch\/de\/wp-json\/wp\/v2\/users\/4"}],"replies":[{"embeddable":true,"href":"https:\/\/www.organisator.ch\/de\/wp-json\/wp\/v2\/comments?post=4505"}],"version-history":[{"count":0,"href":"https:\/\/www.organisator.ch\/de\/wp-json\/wp\/v2\/posts\/4505\/revisions"}],"wp:featuredmedia":[{"embeddable":true,"href":"https:\/\/www.organisator.ch\/de\/wp-json\/wp\/v2\/media\/4506"}],"wp:attachment":[{"href":"https:\/\/www.organisator.ch\/de\/wp-json\/wp\/v2\/media?parent=4505"}],"wp:term":[{"taxonomy":"category","embeddable":true,"href":"https:\/\/www.organisator.ch\/de\/wp-json\/wp\/v2\/categories?post=4505"},{"taxonomy":"post_tag","embeddable":true,"href":"https:\/\/www.organisator.ch\/de\/wp-json\/wp\/v2\/tags?post=4505"}],"curies":[{"name":"wp","href":"https:\/\/api.w.org\/{rel}","templated":true}]}}