{"id":4519,"date":"2018-11-14T09:07:16","date_gmt":"2018-11-14T08:07:16","guid":{"rendered":"https:\/\/www.organisator.ch\/?p=4519"},"modified":"2018-11-14T09:07:16","modified_gmt":"2018-11-14T08:07:16","slug":"logistik-forum-2018-wettbewerbsfaehigkeit-und-kundennutzen-generieren","status":"publish","type":"post","link":"https:\/\/www.organisator.ch\/de\/management\/2018-11-14\/logistik-forum-2018-wettbewerbsfaehigkeit-und-kundennutzen-generieren\/","title":{"rendered":"Logistik-Forum 2018: Wettbewerbsf\u00e4higkeit und Kundennutzen generieren"},"content":{"rendered":"<figure id=\"attachment_4520\" aria-describedby=\"caption-attachment-4520\" style=\"width: 680px\" class=\"wp-caption alignnone\"><img loading=\"lazy\" decoding=\"async\" class=\"size-medium wp-image-4520\" src=\"https:\/\/www.organisator.ch\/wp-content\/uploads\/2018\/11\/Logistik-Forum-2018-Wettbewerbsfaehigkeit-und-Kundennutzen-generieren_Organisator.jpg\" alt=\"\" width=\"680\" height=\"447\" srcset=\"https:\/\/www.organisator.ch\/wp-content\/uploads\/2018\/11\/Logistik-Forum-2018-Wettbewerbsfaehigkeit-und-Kundennutzen-generieren_Organisator.jpg 680w, https:\/\/www.organisator.ch\/wp-content\/uploads\/2018\/11\/Logistik-Forum-2018-Wettbewerbsfaehigkeit-und-Kundennutzen-generieren_Organisator-16x12.jpg 16w, https:\/\/www.organisator.ch\/wp-content\/uploads\/2018\/11\/Logistik-Forum-2018-Wettbewerbsfaehigkeit-und-Kundennutzen-generieren_Organisator-266x175.jpg 266w, https:\/\/www.organisator.ch\/wp-content\/uploads\/2018\/11\/Logistik-Forum-2018-Wettbewerbsfaehigkeit-und-Kundennutzen-generieren_Organisator-532x350.jpg 532w, https:\/\/www.organisator.ch\/wp-content\/uploads\/2018\/11\/Logistik-Forum-2018-Wettbewerbsfaehigkeit-und-Kundennutzen-generieren_Organisator-300x197.jpg 300w\" sizes=\"auto, (max-width: 680px) 100vw, 680px\" \/><figcaption id=\"caption-attachment-4520\" class=\"wp-caption-text\">Verleihung des Regionallogistikpreises am Logistik-Forum 2018. (Bild: zVg \/ Logistik-Forum)<\/figcaption><\/figure>\n<p>Das diesj\u00e4hrige Logistik-Forum Schweiz lud am 6. November zum zweiten Mal im Verkehrshaus Luzern ein. Der Fokus lag auf dem tagesaktuellen Thema \u00abDigital Value Chains\u00bb. Die Digitalisierung ist auf dem Vormarsch, keine Frage. Fast t\u00e4glich stehen mehr digitale L\u00f6sungen f\u00fcr Logistik und SCM zur Verf\u00fcgung. Doch wie kann ihr Unternehmen durch diese digitalen Angebote Wettbewerbsf\u00e4higkeit und Kundennutzen generieren? Unternehmen und Logistik m\u00fcssen dabei ihre Wandlungsf\u00e4higkeit unter Beweis stellen, denn wie Carsten Vollrath, Swiss IPG Partners Group AG in seinem Kurzreferat zitierte: \u00abIt is not the strongest of the species that survives, not the most intelligent that survives. It is the one that is the most adaptable to change\u00bb &#8211; Charles Darwin.<\/p>\n<h2>Digitale Wertsch\u00f6pfungsketten im Fokus<\/h2>\n<p>Mit einer herzlichen Begr\u00fcssung durch den VNL Schweiz Pr\u00e4sidenten Prof. Dr. Herbert Ruile wurde der Tag eingeleitet. Daraufhin folgten spannende Keynotes von Claudio Marconi, IKEA Supply\u202fAG sowie Carsten Leuters, KPMG Holding AG zu den jeweiligen Themen\u202f\u00abIntegrierte Supply Chain IKEA\u00bb sowie \u00abDigital Value Chains \u2013 Roadmap.\u00bb<\/p>\n<p>Bei den darauffolgenden Pitches f\u00fcr den Regionallogistikpreis 2018, den die Vereine detranz und VNL zum zweiten Mal im Rahmen des Logistik-Forums vergaben, hatten die Teilnehmer die Chance im Laufe des Tages ihre Stimme f\u00fcr den besten Pitch abzugeben.<\/p>\n<p>Nach einer kurzen Kaffeepause und informativen Besuchen der Aussteller-St\u00e4nde sowie diversen Poster-W\u00e4nden konnten sich die Teilnehmer auf die drei parallellaufenden Streams zu verschiedenen Themen, aufteilen. Die vielf\u00e4ltigen Kurzreferate boten Gespr\u00e4chsstoff f\u00fcr den anschliessenden Stehlunch mit Blick auf den Vierwaldst\u00e4ttersee.<\/p>\n<p>Im Anschluss an die aktive Expertendiskussion zum Thema \u00abStand der Umsetzung \u2013 Digital Value Chain\u00bb begaben sich die Teilnehmer in die parallelen Nachmittagssession. Dabei erfuhren Sie u.a. von Thomas Heynen, AdNovum Informatik AG, dass mit Hilfe der Digitalisierung selbst bei der Beton-Logistik effizienter gearbeitet werden kann.<\/p>\n<h2>Regionallogistikpreis verliehen<\/h2>\n<p>Am Ende fand man sich zum gemeinsamen Ausklingen wieder im Konferenzsaal ein, wo die Preisverleihung des Regionallogistikpreises auf grosse Anerkennung und breites Interesse stiess. Das Projekt \u00abMitfahrmarkt Surselva\u00bb von Urs Giezendanner (Regionalentwickler der Regiun Surselva) setzte sich in der Abstimmung des Fachpublikums gegen die beiden Mitfinalisten \u00abCollectors\u00bb und \u00abUriTicket\u00bb durch. Alle drei Finalisten des Regionallogistikpreises sind eingeladen am n\u00e4chsten detranz-Denklabor im 2019 in Altdorf teilzunehmen.<\/p>\n<p>&nbsp;<\/p>\n<p><strong>\u00a0<\/strong><\/p>\n","protected":false},"excerpt":{"rendered":"<p>Das diesj\u00e4hrige Logistik-Forum Schweiz lud am 6. November zum zweiten Mal im Verkehrshaus Luzern ein. Der Fokus lag auf dem tagesaktuellen Thema \u00abDigital Value Chains\u00bb. Die Digitalisierung ist auf dem Vormarsch, keine Frage. Fast t\u00e4glich stehen mehr digitale L\u00f6sungen f\u00fcr Logistik und SCM zur Verf\u00fcgung. Doch wie kann ihr Unternehmen durch diese digitalen Angebote Wettbewerbsf\u00e4higkeit [&hellip;]<\/p>\n","protected":false},"author":4,"featured_media":4520,"comment_status":"open","ping_status":"open","sticky":false,"template":"","format":"standard","meta":{"_acf_changed":false,"_yoast_wpseo_focuskw":"Logistik-Forum","_yoast_wpseo_metadesc":"Am Dienstag, 6. November 2018 fand mit \u00fcber 120 Teilnehmenden das zweite Logistik-Forum Schweiz im Verkehrshaus der Schweiz in Luzern, statt.","articlekey":"","footnotes":""},"categories":[28],"tags":[193,328,503,508],"class_list":["post-4519","post","type-post","status-publish","format-standard","has-post-thumbnail","hentry","category-management","tag-fachkongressfachmesse","tag-logistik","tag-verbaende","tag-vermischtes"],"acf":[],"yoast_head":"<!-- This site is optimized with the Yoast SEO plugin v27.5 - https:\/\/yoast.com\/product\/yoast-seo-wordpress\/ -->\n<title>Logistik-Forum 2018: Wettbewerbsf\u00e4higkeit und Kundennutzen generieren - Organisator<\/title>\n<meta name=\"description\" content=\"Am Dienstag, 6. November 2018 fand mit \u00fcber 120 Teilnehmenden das zweite Logistik-Forum Schweiz im Verkehrshaus der Schweiz in Luzern, statt.\" \/>\n<meta name=\"robots\" content=\"index, follow, max-snippet:-1, max-image-preview:large, max-video-preview:-1\" \/>\n<link rel=\"canonical\" href=\"https:\/\/www.organisator.ch\/de\/management\/2018-11-14\/logistik-forum-2018-wettbewerbsfaehigkeit-und-kundennutzen-generieren\/\" \/>\n<meta property=\"og:locale\" content=\"de_DE\" \/>\n<meta property=\"og:type\" content=\"article\" \/>\n<meta property=\"og:title\" content=\"Logistik-Forum 2018: Wettbewerbsf\u00e4higkeit und Kundennutzen generieren\" \/>\n<meta property=\"og:description\" content=\"Am Dienstag, 6. November 2018 fand mit \u00fcber 120 Teilnehmenden das zweite Logistik-Forum Schweiz im Verkehrshaus der Schweiz in Luzern, statt.\" \/>\n<meta property=\"og:url\" content=\"https:\/\/www.organisator.ch\/de\/management\/2018-11-14\/logistik-forum-2018-wettbewerbsfaehigkeit-und-kundennutzen-generieren\/\" \/>\n<meta property=\"og:site_name\" content=\"Organisator\" \/>\n<meta property=\"article:publisher\" content=\"https:\/\/www.facebook.com\/OrganisatorFachmagazin\" \/>\n<meta property=\"article:published_time\" content=\"2018-11-14T08:07:16+00:00\" \/>\n<meta property=\"og:image\" content=\"https:\/\/www.organisator.ch\/wp-content\/uploads\/2018\/11\/Logistik-Forum-2018-Wettbewerbsfaehigkeit-und-Kundennutzen-generieren_Organisator.jpg\" \/>\n\t<meta property=\"og:image:width\" content=\"680\" \/>\n\t<meta property=\"og:image:height\" content=\"447\" \/>\n\t<meta property=\"og:image:type\" content=\"image\/jpeg\" \/>\n<meta name=\"author\" content=\"thomas.berner\" \/>\n<meta name=\"twitter:card\" content=\"summary_large_image\" \/>\n<meta name=\"twitter:title\" content=\"#Logistik-Forum 2018: Wettbewerbsf\u00e4higkeit und Kundennutzen generieren\" \/>\n<meta name=\"twitter:description\" content=\"Am Dienstag, 6. November 2018 fand mit \u00fcber 120 Teilnehmenden das zweite #Logistik-Forum Schweiz im Verkehrshaus der Schweiz in Luzern, statt.\" \/>\n<meta name=\"twitter:image\" content=\"https:\/\/www.organisator.ch\/wp-content\/uploads\/2018\/11\/Logistik-Forum-2018-Wettbewerbsf\u00e4higkeit-und-Kundennutzen-generieren_Organisator.jpg\" \/>\n<script type=\"application\/ld+json\" class=\"yoast-schema-graph\">{\"@context\":\"https:\\\/\\\/schema.org\",\"@graph\":[{\"@type\":\"Article\",\"@id\":\"https:\\\/\\\/www.organisator.ch\\\/management\\\/2018-11-14\\\/logistik-forum-2018-wettbewerbsfaehigkeit-und-kundennutzen-generieren\\\/#article\",\"isPartOf\":{\"@id\":\"https:\\\/\\\/www.organisator.ch\\\/management\\\/2018-11-14\\\/logistik-forum-2018-wettbewerbsfaehigkeit-und-kundennutzen-generieren\\\/\"},\"author\":{\"name\":\"thomas.berner\",\"@id\":\"https:\\\/\\\/www.organisator.ch\\\/#\\\/schema\\\/person\\\/6f650f90b2842cd4c0cc334b4e36f67e\"},\"headline\":\"Logistik-Forum 2018: Wettbewerbsf\u00e4higkeit und Kundennutzen generieren\",\"datePublished\":\"2018-11-14T08:07:16+00:00\",\"mainEntityOfPage\":{\"@id\":\"https:\\\/\\\/www.organisator.ch\\\/management\\\/2018-11-14\\\/logistik-forum-2018-wettbewerbsfaehigkeit-und-kundennutzen-generieren\\\/\"},\"wordCount\":390,\"commentCount\":0,\"publisher\":{\"@id\":\"https:\\\/\\\/www.organisator.ch\\\/#organization\"},\"image\":{\"@id\":\"https:\\\/\\\/www.organisator.ch\\\/management\\\/2018-11-14\\\/logistik-forum-2018-wettbewerbsfaehigkeit-und-kundennutzen-generieren\\\/#primaryimage\"},\"thumbnailUrl\":\"https:\\\/\\\/www.organisator.ch\\\/wp-content\\\/uploads\\\/2018\\\/11\\\/Logistik-Forum-2018-Wettbewerbsfaehigkeit-und-Kundennutzen-generieren_Organisator.jpg\",\"keywords\":[\"Fachkongress\\\/Fachmesse\",\"Logistik\",\"Verb\u00e4nde\",\"Vermischtes\"],\"articleSection\":[\"MANAGEMENT\"],\"inLanguage\":\"de\"},{\"@type\":\"WebPage\",\"@id\":\"https:\\\/\\\/www.organisator.ch\\\/management\\\/2018-11-14\\\/logistik-forum-2018-wettbewerbsfaehigkeit-und-kundennutzen-generieren\\\/\",\"url\":\"https:\\\/\\\/www.organisator.ch\\\/management\\\/2018-11-14\\\/logistik-forum-2018-wettbewerbsfaehigkeit-und-kundennutzen-generieren\\\/\",\"name\":\"Logistik-Forum 2018: Wettbewerbsf\u00e4higkeit und Kundennutzen generieren - Organisator\",\"isPartOf\":{\"@id\":\"https:\\\/\\\/www.organisator.ch\\\/#website\"},\"primaryImageOfPage\":{\"@id\":\"https:\\\/\\\/www.organisator.ch\\\/management\\\/2018-11-14\\\/logistik-forum-2018-wettbewerbsfaehigkeit-und-kundennutzen-generieren\\\/#primaryimage\"},\"image\":{\"@id\":\"https:\\\/\\\/www.organisator.ch\\\/management\\\/2018-11-14\\\/logistik-forum-2018-wettbewerbsfaehigkeit-und-kundennutzen-generieren\\\/#primaryimage\"},\"thumbnailUrl\":\"https:\\\/\\\/www.organisator.ch\\\/wp-content\\\/uploads\\\/2018\\\/11\\\/Logistik-Forum-2018-Wettbewerbsfaehigkeit-und-Kundennutzen-generieren_Organisator.jpg\",\"datePublished\":\"2018-11-14T08:07:16+00:00\",\"description\":\"Am Dienstag, 6. November 2018 fand mit \u00fcber 120 Teilnehmenden das zweite Logistik-Forum Schweiz im Verkehrshaus der Schweiz in Luzern, statt.\",\"breadcrumb\":{\"@id\":\"https:\\\/\\\/www.organisator.ch\\\/management\\\/2018-11-14\\\/logistik-forum-2018-wettbewerbsfaehigkeit-und-kundennutzen-generieren\\\/#breadcrumb\"},\"inLanguage\":\"de\",\"potentialAction\":[{\"@type\":\"ReadAction\",\"target\":[\"https:\\\/\\\/www.organisator.ch\\\/management\\\/2018-11-14\\\/logistik-forum-2018-wettbewerbsfaehigkeit-und-kundennutzen-generieren\\\/\"]}]},{\"@type\":\"ImageObject\",\"inLanguage\":\"de\",\"@id\":\"https:\\\/\\\/www.organisator.ch\\\/management\\\/2018-11-14\\\/logistik-forum-2018-wettbewerbsfaehigkeit-und-kundennutzen-generieren\\\/#primaryimage\",\"url\":\"https:\\\/\\\/www.organisator.ch\\\/wp-content\\\/uploads\\\/2018\\\/11\\\/Logistik-Forum-2018-Wettbewerbsfaehigkeit-und-Kundennutzen-generieren_Organisator.jpg\",\"contentUrl\":\"https:\\\/\\\/www.organisator.ch\\\/wp-content\\\/uploads\\\/2018\\\/11\\\/Logistik-Forum-2018-Wettbewerbsfaehigkeit-und-Kundennutzen-generieren_Organisator.jpg\",\"width\":680,\"height\":447,\"caption\":\"Verleihung des Regionallogistikpreises am Logistik-Forum 2018. (Bild: zVg \\\/ Logistik-Forum)\"},{\"@type\":\"BreadcrumbList\",\"@id\":\"https:\\\/\\\/www.organisator.ch\\\/management\\\/2018-11-14\\\/logistik-forum-2018-wettbewerbsfaehigkeit-und-kundennutzen-generieren\\\/#breadcrumb\",\"itemListElement\":[{\"@type\":\"ListItem\",\"position\":1,\"name\":\"Home\",\"item\":\"https:\\\/\\\/www.organisator.ch\\\/\"},{\"@type\":\"ListItem\",\"position\":2,\"name\":\"Logistik-Forum 2018: Wettbewerbsf\u00e4higkeit und Kundennutzen generieren\"}]},{\"@type\":\"WebSite\",\"@id\":\"https:\\\/\\\/www.organisator.ch\\\/#website\",\"url\":\"https:\\\/\\\/www.organisator.ch\\\/\",\"name\":\"Organisator\",\"description\":\"Kompetent. Praxisnah. Der ORGANISATOR bereitet in 10 Ausgaben pro Jahr die wesentlichen Themen f\u00fcr F\u00fchrungskr\u00e4fte von KMU auf.\",\"publisher\":{\"@id\":\"https:\\\/\\\/www.organisator.ch\\\/#organization\"},\"potentialAction\":[{\"@type\":\"SearchAction\",\"target\":{\"@type\":\"EntryPoint\",\"urlTemplate\":\"https:\\\/\\\/www.organisator.ch\\\/?s={search_term_string}\"},\"query-input\":{\"@type\":\"PropertyValueSpecification\",\"valueRequired\":true,\"valueName\":\"search_term_string\"}}],\"inLanguage\":\"de\"},{\"@type\":\"Organization\",\"@id\":\"https:\\\/\\\/www.organisator.ch\\\/#organization\",\"name\":\"Organisator\",\"url\":\"https:\\\/\\\/www.organisator.ch\\\/\",\"logo\":{\"@type\":\"ImageObject\",\"inLanguage\":\"de\",\"@id\":\"https:\\\/\\\/www.organisator.ch\\\/#\\\/schema\\\/logo\\\/image\\\/\",\"url\":\"https:\\\/\\\/www.organisator.ch\\\/wp-content\\\/uploads\\\/2022\\\/01\\\/Logo_Organisator_Website.png\",\"contentUrl\":\"https:\\\/\\\/www.organisator.ch\\\/wp-content\\\/uploads\\\/2022\\\/01\\\/Logo_Organisator_Website.png\",\"width\":800,\"height\":77,\"caption\":\"Organisator\"},\"image\":{\"@id\":\"https:\\\/\\\/www.organisator.ch\\\/#\\\/schema\\\/logo\\\/image\\\/\"},\"sameAs\":[\"https:\\\/\\\/www.facebook.com\\\/OrganisatorFachmagazin\",\"https:\\\/\\\/www.linkedin.com\\\/showcase\\\/organisator-das-magazin-fr-kmu\",\"https:\\\/\\\/www.xing.com\\\/news\\\/pages\\\/organisator-ch-695\",\"https:\\\/\\\/www.youtube.com\\\/channel\\\/UCGP2Sq0iWaZwT3BdIAQFYpw\"]},{\"@type\":\"Person\",\"@id\":\"https:\\\/\\\/www.organisator.ch\\\/#\\\/schema\\\/person\\\/6f650f90b2842cd4c0cc334b4e36f67e\",\"name\":\"thomas.berner\",\"image\":{\"@type\":\"ImageObject\",\"inLanguage\":\"de\",\"@id\":\"https:\\\/\\\/secure.gravatar.com\\\/avatar\\\/ac5001d2a36cb6c6cd3e50789007ffca834b477b74a2144564522e944eabff61?s=96&d=mm&r=g\",\"url\":\"https:\\\/\\\/secure.gravatar.com\\\/avatar\\\/ac5001d2a36cb6c6cd3e50789007ffca834b477b74a2144564522e944eabff61?s=96&d=mm&r=g\",\"contentUrl\":\"https:\\\/\\\/secure.gravatar.com\\\/avatar\\\/ac5001d2a36cb6c6cd3e50789007ffca834b477b74a2144564522e944eabff61?s=96&d=mm&r=g\",\"caption\":\"thomas.berner\"},\"url\":\"https:\\\/\\\/www.organisator.ch\\\/de\\\/author\\\/thomas-berner\\\/\"}]}<\/script>\n<!-- \/ Yoast SEO plugin. -->","yoast_head_json":{"title":"Logistik-Forum 2018: Wettbewerbsf\u00e4higkeit und Kundennutzen generieren - Organisator","description":"Am Dienstag, 6. November 2018 fand mit \u00fcber 120 Teilnehmenden das zweite Logistik-Forum Schweiz im Verkehrshaus der Schweiz in Luzern, statt.","robots":{"index":"index","follow":"follow","max-snippet":"max-snippet:-1","max-image-preview":"max-image-preview:large","max-video-preview":"max-video-preview:-1"},"canonical":"https:\/\/www.organisator.ch\/de\/management\/2018-11-14\/logistik-forum-2018-wettbewerbsfaehigkeit-und-kundennutzen-generieren\/","og_locale":"de_DE","og_type":"article","og_title":"Logistik-Forum 2018: Wettbewerbsf\u00e4higkeit und Kundennutzen generieren","og_description":"Am Dienstag, 6. November 2018 fand mit \u00fcber 120 Teilnehmenden das zweite Logistik-Forum Schweiz im Verkehrshaus der Schweiz in Luzern, statt.","og_url":"https:\/\/www.organisator.ch\/de\/management\/2018-11-14\/logistik-forum-2018-wettbewerbsfaehigkeit-und-kundennutzen-generieren\/","og_site_name":"Organisator","article_publisher":"https:\/\/www.facebook.com\/OrganisatorFachmagazin","article_published_time":"2018-11-14T08:07:16+00:00","og_image":[{"width":680,"height":447,"url":"https:\/\/www.organisator.ch\/wp-content\/uploads\/2018\/11\/Logistik-Forum-2018-Wettbewerbsfaehigkeit-und-Kundennutzen-generieren_Organisator.jpg","type":"image\/jpeg"}],"author":"thomas.berner","twitter_card":"summary_large_image","twitter_title":"#Logistik-Forum 2018: Wettbewerbsf\u00e4higkeit und Kundennutzen generieren","twitter_description":"Am Dienstag, 6. November 2018 fand mit \u00fcber 120 Teilnehmenden das zweite #Logistik-Forum Schweiz im Verkehrshaus der Schweiz in Luzern, statt.","twitter_image":"https:\/\/www.organisator.ch\/wp-content\/uploads\/2018\/11\/Logistik-Forum-2018-Wettbewerbsf\u00e4higkeit-und-Kundennutzen-generieren_Organisator.jpg","schema":{"@context":"https:\/\/schema.org","@graph":[{"@type":"Article","@id":"https:\/\/www.organisator.ch\/management\/2018-11-14\/logistik-forum-2018-wettbewerbsfaehigkeit-und-kundennutzen-generieren\/#article","isPartOf":{"@id":"https:\/\/www.organisator.ch\/management\/2018-11-14\/logistik-forum-2018-wettbewerbsfaehigkeit-und-kundennutzen-generieren\/"},"author":{"name":"thomas.berner","@id":"https:\/\/www.organisator.ch\/#\/schema\/person\/6f650f90b2842cd4c0cc334b4e36f67e"},"headline":"Logistik-Forum 2018: Wettbewerbsf\u00e4higkeit und Kundennutzen generieren","datePublished":"2018-11-14T08:07:16+00:00","mainEntityOfPage":{"@id":"https:\/\/www.organisator.ch\/management\/2018-11-14\/logistik-forum-2018-wettbewerbsfaehigkeit-und-kundennutzen-generieren\/"},"wordCount":390,"commentCount":0,"publisher":{"@id":"https:\/\/www.organisator.ch\/#organization"},"image":{"@id":"https:\/\/www.organisator.ch\/management\/2018-11-14\/logistik-forum-2018-wettbewerbsfaehigkeit-und-kundennutzen-generieren\/#primaryimage"},"thumbnailUrl":"https:\/\/www.organisator.ch\/wp-content\/uploads\/2018\/11\/Logistik-Forum-2018-Wettbewerbsfaehigkeit-und-Kundennutzen-generieren_Organisator.jpg","keywords":["Fachkongress\/Fachmesse","Logistik","Verb\u00e4nde","Vermischtes"],"articleSection":["MANAGEMENT"],"inLanguage":"de"},{"@type":"WebPage","@id":"https:\/\/www.organisator.ch\/management\/2018-11-14\/logistik-forum-2018-wettbewerbsfaehigkeit-und-kundennutzen-generieren\/","url":"https:\/\/www.organisator.ch\/management\/2018-11-14\/logistik-forum-2018-wettbewerbsfaehigkeit-und-kundennutzen-generieren\/","name":"Logistik-Forum 2018: Wettbewerbsf\u00e4higkeit und Kundennutzen generieren - Organisator","isPartOf":{"@id":"https:\/\/www.organisator.ch\/#website"},"primaryImageOfPage":{"@id":"https:\/\/www.organisator.ch\/management\/2018-11-14\/logistik-forum-2018-wettbewerbsfaehigkeit-und-kundennutzen-generieren\/#primaryimage"},"image":{"@id":"https:\/\/www.organisator.ch\/management\/2018-11-14\/logistik-forum-2018-wettbewerbsfaehigkeit-und-kundennutzen-generieren\/#primaryimage"},"thumbnailUrl":"https:\/\/www.organisator.ch\/wp-content\/uploads\/2018\/11\/Logistik-Forum-2018-Wettbewerbsfaehigkeit-und-Kundennutzen-generieren_Organisator.jpg","datePublished":"2018-11-14T08:07:16+00:00","description":"Am Dienstag, 6. November 2018 fand mit \u00fcber 120 Teilnehmenden das zweite Logistik-Forum Schweiz im Verkehrshaus der Schweiz in Luzern, statt.","breadcrumb":{"@id":"https:\/\/www.organisator.ch\/management\/2018-11-14\/logistik-forum-2018-wettbewerbsfaehigkeit-und-kundennutzen-generieren\/#breadcrumb"},"inLanguage":"de","potentialAction":[{"@type":"ReadAction","target":["https:\/\/www.organisator.ch\/management\/2018-11-14\/logistik-forum-2018-wettbewerbsfaehigkeit-und-kundennutzen-generieren\/"]}]},{"@type":"ImageObject","inLanguage":"de","@id":"https:\/\/www.organisator.ch\/management\/2018-11-14\/logistik-forum-2018-wettbewerbsfaehigkeit-und-kundennutzen-generieren\/#primaryimage","url":"https:\/\/www.organisator.ch\/wp-content\/uploads\/2018\/11\/Logistik-Forum-2018-Wettbewerbsfaehigkeit-und-Kundennutzen-generieren_Organisator.jpg","contentUrl":"https:\/\/www.organisator.ch\/wp-content\/uploads\/2018\/11\/Logistik-Forum-2018-Wettbewerbsfaehigkeit-und-Kundennutzen-generieren_Organisator.jpg","width":680,"height":447,"caption":"Verleihung des Regionallogistikpreises am Logistik-Forum 2018. (Bild: zVg \/ Logistik-Forum)"},{"@type":"BreadcrumbList","@id":"https:\/\/www.organisator.ch\/management\/2018-11-14\/logistik-forum-2018-wettbewerbsfaehigkeit-und-kundennutzen-generieren\/#breadcrumb","itemListElement":[{"@type":"ListItem","position":1,"name":"Home","item":"https:\/\/www.organisator.ch\/"},{"@type":"ListItem","position":2,"name":"Logistik-Forum 2018: Wettbewerbsf\u00e4higkeit und Kundennutzen generieren"}]},{"@type":"WebSite","@id":"https:\/\/www.organisator.ch\/#website","url":"https:\/\/www.organisator.ch\/","name":"Organisator","description":"Kompetent. Praxisnah. Der ORGANISATOR bereitet in 10 Ausgaben pro Jahr die wesentlichen Themen f\u00fcr F\u00fchrungskr\u00e4fte von KMU auf.","publisher":{"@id":"https:\/\/www.organisator.ch\/#organization"},"potentialAction":[{"@type":"SearchAction","target":{"@type":"EntryPoint","urlTemplate":"https:\/\/www.organisator.ch\/?s={search_term_string}"},"query-input":{"@type":"PropertyValueSpecification","valueRequired":true,"valueName":"search_term_string"}}],"inLanguage":"de"},{"@type":"Organization","@id":"https:\/\/www.organisator.ch\/#organization","name":"Organisator","url":"https:\/\/www.organisator.ch\/","logo":{"@type":"ImageObject","inLanguage":"de","@id":"https:\/\/www.organisator.ch\/#\/schema\/logo\/image\/","url":"https:\/\/www.organisator.ch\/wp-content\/uploads\/2022\/01\/Logo_Organisator_Website.png","contentUrl":"https:\/\/www.organisator.ch\/wp-content\/uploads\/2022\/01\/Logo_Organisator_Website.png","width":800,"height":77,"caption":"Organisator"},"image":{"@id":"https:\/\/www.organisator.ch\/#\/schema\/logo\/image\/"},"sameAs":["https:\/\/www.facebook.com\/OrganisatorFachmagazin","https:\/\/www.linkedin.com\/showcase\/organisator-das-magazin-fr-kmu","https:\/\/www.xing.com\/news\/pages\/organisator-ch-695","https:\/\/www.youtube.com\/channel\/UCGP2Sq0iWaZwT3BdIAQFYpw"]},{"@type":"Person","@id":"https:\/\/www.organisator.ch\/#\/schema\/person\/6f650f90b2842cd4c0cc334b4e36f67e","name":"thomas.berner","image":{"@type":"ImageObject","inLanguage":"de","@id":"https:\/\/secure.gravatar.com\/avatar\/ac5001d2a36cb6c6cd3e50789007ffca834b477b74a2144564522e944eabff61?s=96&d=mm&r=g","url":"https:\/\/secure.gravatar.com\/avatar\/ac5001d2a36cb6c6cd3e50789007ffca834b477b74a2144564522e944eabff61?s=96&d=mm&r=g","contentUrl":"https:\/\/secure.gravatar.com\/avatar\/ac5001d2a36cb6c6cd3e50789007ffca834b477b74a2144564522e944eabff61?s=96&d=mm&r=g","caption":"thomas.berner"},"url":"https:\/\/www.organisator.ch\/de\/author\/thomas-berner\/"}]}},"_links":{"self":[{"href":"https:\/\/www.organisator.ch\/de\/wp-json\/wp\/v2\/posts\/4519","targetHints":{"allow":["GET"]}}],"collection":[{"href":"https:\/\/www.organisator.ch\/de\/wp-json\/wp\/v2\/posts"}],"about":[{"href":"https:\/\/www.organisator.ch\/de\/wp-json\/wp\/v2\/types\/post"}],"author":[{"embeddable":true,"href":"https:\/\/www.organisator.ch\/de\/wp-json\/wp\/v2\/users\/4"}],"replies":[{"embeddable":true,"href":"https:\/\/www.organisator.ch\/de\/wp-json\/wp\/v2\/comments?post=4519"}],"version-history":[{"count":0,"href":"https:\/\/www.organisator.ch\/de\/wp-json\/wp\/v2\/posts\/4519\/revisions"}],"wp:featuredmedia":[{"embeddable":true,"href":"https:\/\/www.organisator.ch\/de\/wp-json\/wp\/v2\/media\/4520"}],"wp:attachment":[{"href":"https:\/\/www.organisator.ch\/de\/wp-json\/wp\/v2\/media?parent=4519"}],"wp:term":[{"taxonomy":"category","embeddable":true,"href":"https:\/\/www.organisator.ch\/de\/wp-json\/wp\/v2\/categories?post=4519"},{"taxonomy":"post_tag","embeddable":true,"href":"https:\/\/www.organisator.ch\/de\/wp-json\/wp\/v2\/tags?post=4519"}],"curies":[{"name":"wp","href":"https:\/\/api.w.org\/{rel}","templated":true}]}}