{"id":4530,"date":"2021-07-13T13:31:38","date_gmt":"2021-07-13T11:31:38","guid":{"rendered":"https:\/\/www.umweltperspektiven.ch\/?p=4530"},"modified":"2022-02-09T11:09:14","modified_gmt":"2022-02-09T10:09:14","slug":"mit-nachhaltigem-flugtreibstoff-punkten","status":"publish","type":"post","link":"https:\/\/www.organisator.ch\/de\/sustainability\/2021-07-13\/mit-nachhaltigem-flugtreibstoff-punkten\/","title":{"rendered":"Mit nachhaltigem Flugtreibstoff punkten"},"content":{"rendered":"<figure id=\"attachment_4531\" aria-describedby=\"caption-attachment-4531\" style=\"width: 680px\" class=\"wp-caption aligncenter\"><img loading=\"lazy\" decoding=\"async\" class=\"size-medium wp-image-4531\" src=\"\/\/www.umweltperspektiven.ch\/wp-content\/uploads\/2021\/07\/First-SWISS-flight-with-SAF-from-ZRH_2.jpg\" alt=\"SAF, Flugtreibstoff, Swiss\" width=\"680\" height=\"453\" \/><figcaption id=\"caption-attachment-4531\" class=\"wp-caption-text\">\u00a9 Swiss<\/figcaption><\/figure>\n<p>Swiss International Air Lines (Swiss) hat in Zusammenarbeit mit Neste, einer der weltweit gr\u00f6ssten Hersteller von nachhaltigem Treibstoff (Sustainable Aviation Fuel SAF), erstmals eine ganzheitliche Logistikkette f\u00fcr die Einfuhr von SAF in die Schweiz etabliert. Der Import von Flugtreibstoffen mit biogenem Anteil in die Schweiz und dessen Betankung an Schweizer Flugh\u00e4fen ist seit 1. Juli 2021 aufgrund neuer Zollbestimmungen m\u00f6glich.<\/p>\n<h2><strong>Treibstoff aus Abfall- und Restrohstoffen<\/strong><\/h2>\n<p>Die Erstlieferung umfasst laut Flugunternehmen \u00fcber 460 Tonnen reines SAF. Mit dieser Menge an Treibstoff k\u00f6nne man dank modernen Flugzeugen wie der Airbus-A32Xneo-Familie rein rechnerisch rund 175 Fl\u00fcge durchf\u00fchren. Die Betankung von SAF am Flughafen Z\u00fcrich erfolge \u00fcber das regul\u00e4re Flughafen-Hydrantensystem. Das Gemisch von Neste sei Jet A-1 zertifiziert und k\u00f6nne wie fossiles Kerosin f\u00fcr alle Flugzeugtypen verwendet werden, ohne dass Anpassungen am Flugzeug oder den Triebwerken erforderlich seien.<\/p>\n<p>Der Treibstoff SAF wird laut Angaben aus nachhaltig gewonnenen, erneuerbaren Abfall- und Restrohstoffen hergestellt. In seiner reinen Form und \u00fcber den gesamten Lebenszyklus hinweg kann seine Verwendung bis zu 80 Prozent der Treibhausgasemissionen im Vergleich zu fossilem Treibstoff reduzieren, wie die Swiss schreibt. Die unabh\u00e4ngigen Organisation Roundtable on Sustainable Biomaterials (RSB) habe im April dieses Jahres die Produktion als nachhaltig zertifiziert. Neste habe langj\u00e4hrige Erfahrung in der Produktion von Biokraftstoffen und arbeite seit vielen Jahren erfolgreich mit der Lufthansa Group zusammen.<\/p>\n<h2><strong>Flugg\u00e4ste k\u00f6nnen SAF-Nutzung f\u00f6rdern<\/strong><\/h2>\n<p>Der SAF-Erstimport sei auch auf das Engagement der Swiss-Flugg\u00e4ste \u00fcber die Plattform Compensaid (<a href=\"\/\/swiss.compensaid.com\/de\/\">swiss.compensaid.com<\/a>) zur\u00fcckzuf\u00fchren. Seit 2019 biete man den Kunden innerhalb des Buchungsprozesses via Compensaid die M\u00f6glichkeit, nachhaltigen Treibstoff zu kaufen, um den Ausstoss der CO<sub>2<\/sub>-Emissionen ihrer Flugreise zu reduzieren.<\/p>\n<p>Dieter Vranckx, CEO von Swiss, sagt: \u00abIn einem n\u00e4chsten Schritt muss die verh\u00e4ltnism\u00e4ssig noch sehr teure Produktion von SAF skaliert werden, um sich den Preisen f\u00fcr fossiles Kerosin anzun\u00e4hern.\u00bb<\/p>\n<h2><strong>SAF als Schl\u00fcsseltechnologie <\/strong><\/h2>\n<p>SAF kommt bei der Dekarbonisierung des Luftverkehrs eine herausragende Rolle zu, wie die Fluggesellschaft betont. Vor diesem Hintergrund erachte man es als zentral, dass die Kommerzialisierung und Markteinf\u00fchrung international koordiniert gef\u00f6rdert und vorangetrieben werde.<\/p>\n<p><em>Quelle: Swiss<\/em><\/p>\n","protected":false},"excerpt":{"rendered":"<p>Swiss International Air Lines (Swiss) hat in Zusammenarbeit mit Neste, einer der weltweit gr\u00f6ssten Hersteller von nachhaltigem Treibstoff (Sustainable Aviation Fuel SAF), erstmals eine ganzheitliche Logistikkette f\u00fcr die Einfuhr von SAF in die Schweiz etabliert. Der Import von Flugtreibstoffen mit biogenem Anteil in die Schweiz und dessen Betankung an Schweizer Flugh\u00e4fen ist seit 1. Juli [&hellip;]<\/p>\n","protected":false},"author":6,"featured_media":4531,"comment_status":"closed","ping_status":"closed","sticky":false,"template":"","format":"standard","meta":{"_acf_changed":false,"_yoast_wpseo_focuskw":"Swiss","_yoast_wpseo_metadesc":"Swiss hat in Zusammenarbeit mit verschiedenen Partnern eine Logistikkette f\u00fcr den Import von nachhaltigem Treibstoff in die Schweiz etabliert.","articlekey":"","footnotes":""},"categories":[580],"tags":[2038,2328],"class_list":["post-4530","post","type-post","status-publish","format-standard","has-post-thumbnail","hentry","category-sustainability","tag-saf","tag-treibstoff"],"acf":[],"yoast_head":"<!-- This site is optimized with the Yoast SEO plugin v27.5 - https:\/\/yoast.com\/product\/yoast-seo-wordpress\/ -->\n<title>Mit nachhaltigem Flugtreibstoff punkten - Organisator<\/title>\n<meta name=\"description\" content=\"Swiss hat in Zusammenarbeit mit verschiedenen Partnern eine Logistikkette f\u00fcr den Import von nachhaltigem Treibstoff in die Schweiz etabliert.\" \/>\n<meta name=\"robots\" content=\"index, follow, max-snippet:-1, max-image-preview:large, max-video-preview:-1\" \/>\n<link rel=\"canonical\" href=\"https:\/\/www.organisator.ch\/de\/sustainability\/2021-07-13\/mit-nachhaltigem-flugtreibstoff-punkten\/\" \/>\n<meta property=\"og:locale\" content=\"de_DE\" \/>\n<meta property=\"og:type\" content=\"article\" \/>\n<meta property=\"og:title\" content=\"Mit nachhaltigem Flugtreibstoff punkten - Organisator\" \/>\n<meta property=\"og:description\" content=\"Swiss hat in Zusammenarbeit mit verschiedenen Partnern eine Logistikkette f\u00fcr den Import von nachhaltigem Treibstoff in die Schweiz etabliert.\" \/>\n<meta property=\"og:url\" content=\"https:\/\/www.organisator.ch\/de\/sustainability\/2021-07-13\/mit-nachhaltigem-flugtreibstoff-punkten\/\" \/>\n<meta property=\"og:site_name\" content=\"Organisator\" \/>\n<meta property=\"article:publisher\" content=\"https:\/\/www.facebook.com\/OrganisatorFachmagazin\" \/>\n<meta property=\"article:published_time\" content=\"2021-07-13T11:31:38+00:00\" \/>\n<meta property=\"article:modified_time\" content=\"2022-02-09T10:09:14+00:00\" \/>\n<meta property=\"og:image\" content=\"https:\/\/www.organisator.ch\/wp-content\/uploads\/2021\/07\/First-SWISS-flight-with-SAF-from-ZRH_2-scaled.jpg\" \/>\n\t<meta property=\"og:image:width\" content=\"2560\" \/>\n\t<meta property=\"og:image:height\" content=\"1707\" \/>\n\t<meta property=\"og:image:type\" content=\"image\/jpeg\" \/>\n<meta name=\"author\" content=\"roger.straessle\" \/>\n<meta name=\"twitter:card\" content=\"summary_large_image\" \/>\n<script type=\"application\/ld+json\" class=\"yoast-schema-graph\">{\"@context\":\"https:\\\/\\\/schema.org\",\"@graph\":[{\"@type\":\"Article\",\"@id\":\"https:\\\/\\\/www.organisator.ch\\\/sustainability\\\/2021-07-13\\\/mit-nachhaltigem-flugtreibstoff-punkten\\\/#article\",\"isPartOf\":{\"@id\":\"https:\\\/\\\/www.organisator.ch\\\/sustainability\\\/2021-07-13\\\/mit-nachhaltigem-flugtreibstoff-punkten\\\/\"},\"author\":{\"name\":\"roger.straessle\",\"@id\":\"https:\\\/\\\/www.organisator.ch\\\/#\\\/schema\\\/person\\\/a800b8c54e208b160517a7dcc323161d\"},\"headline\":\"Mit nachhaltigem Flugtreibstoff punkten\",\"datePublished\":\"2021-07-13T11:31:38+00:00\",\"dateModified\":\"2022-02-09T10:09:14+00:00\",\"mainEntityOfPage\":{\"@id\":\"https:\\\/\\\/www.organisator.ch\\\/sustainability\\\/2021-07-13\\\/mit-nachhaltigem-flugtreibstoff-punkten\\\/\"},\"wordCount\":366,\"publisher\":{\"@id\":\"https:\\\/\\\/www.organisator.ch\\\/#organization\"},\"image\":{\"@id\":\"https:\\\/\\\/www.organisator.ch\\\/sustainability\\\/2021-07-13\\\/mit-nachhaltigem-flugtreibstoff-punkten\\\/#primaryimage\"},\"thumbnailUrl\":\"https:\\\/\\\/www.organisator.ch\\\/wp-content\\\/uploads\\\/2021\\\/07\\\/First-SWISS-flight-with-SAF-from-ZRH_2-scaled.jpg\",\"keywords\":[\"SAF\",\"Treibstoff\"],\"articleSection\":[\"SUSTAINABILITY\"],\"inLanguage\":\"de\"},{\"@type\":\"WebPage\",\"@id\":\"https:\\\/\\\/www.organisator.ch\\\/sustainability\\\/2021-07-13\\\/mit-nachhaltigem-flugtreibstoff-punkten\\\/\",\"url\":\"https:\\\/\\\/www.organisator.ch\\\/sustainability\\\/2021-07-13\\\/mit-nachhaltigem-flugtreibstoff-punkten\\\/\",\"name\":\"Mit nachhaltigem Flugtreibstoff punkten - Organisator\",\"isPartOf\":{\"@id\":\"https:\\\/\\\/www.organisator.ch\\\/#website\"},\"primaryImageOfPage\":{\"@id\":\"https:\\\/\\\/www.organisator.ch\\\/sustainability\\\/2021-07-13\\\/mit-nachhaltigem-flugtreibstoff-punkten\\\/#primaryimage\"},\"image\":{\"@id\":\"https:\\\/\\\/www.organisator.ch\\\/sustainability\\\/2021-07-13\\\/mit-nachhaltigem-flugtreibstoff-punkten\\\/#primaryimage\"},\"thumbnailUrl\":\"https:\\\/\\\/www.organisator.ch\\\/wp-content\\\/uploads\\\/2021\\\/07\\\/First-SWISS-flight-with-SAF-from-ZRH_2-scaled.jpg\",\"datePublished\":\"2021-07-13T11:31:38+00:00\",\"dateModified\":\"2022-02-09T10:09:14+00:00\",\"description\":\"Swiss hat in Zusammenarbeit mit verschiedenen Partnern eine Logistikkette f\u00fcr den Import von nachhaltigem Treibstoff in die Schweiz etabliert.\",\"breadcrumb\":{\"@id\":\"https:\\\/\\\/www.organisator.ch\\\/sustainability\\\/2021-07-13\\\/mit-nachhaltigem-flugtreibstoff-punkten\\\/#breadcrumb\"},\"inLanguage\":\"de\",\"potentialAction\":[{\"@type\":\"ReadAction\",\"target\":[\"https:\\\/\\\/www.organisator.ch\\\/sustainability\\\/2021-07-13\\\/mit-nachhaltigem-flugtreibstoff-punkten\\\/\"]}]},{\"@type\":\"ImageObject\",\"inLanguage\":\"de\",\"@id\":\"https:\\\/\\\/www.organisator.ch\\\/sustainability\\\/2021-07-13\\\/mit-nachhaltigem-flugtreibstoff-punkten\\\/#primaryimage\",\"url\":\"https:\\\/\\\/www.organisator.ch\\\/wp-content\\\/uploads\\\/2021\\\/07\\\/First-SWISS-flight-with-SAF-from-ZRH_2-scaled.jpg\",\"contentUrl\":\"https:\\\/\\\/www.organisator.ch\\\/wp-content\\\/uploads\\\/2021\\\/07\\\/First-SWISS-flight-with-SAF-from-ZRH_2-scaled.jpg\",\"width\":2560,\"height\":1707,\"caption\":\"\u00a9 Swiss\"},{\"@type\":\"BreadcrumbList\",\"@id\":\"https:\\\/\\\/www.organisator.ch\\\/sustainability\\\/2021-07-13\\\/mit-nachhaltigem-flugtreibstoff-punkten\\\/#breadcrumb\",\"itemListElement\":[{\"@type\":\"ListItem\",\"position\":1,\"name\":\"Home\",\"item\":\"https:\\\/\\\/www.organisator.ch\\\/\"},{\"@type\":\"ListItem\",\"position\":2,\"name\":\"Mit nachhaltigem Flugtreibstoff punkten\"}]},{\"@type\":\"WebSite\",\"@id\":\"https:\\\/\\\/www.organisator.ch\\\/#website\",\"url\":\"https:\\\/\\\/www.organisator.ch\\\/\",\"name\":\"Organisator\",\"description\":\"Kompetent. Praxisnah. Der ORGANISATOR bereitet in 10 Ausgaben pro Jahr die wesentlichen Themen f\u00fcr F\u00fchrungskr\u00e4fte von KMU auf.\",\"publisher\":{\"@id\":\"https:\\\/\\\/www.organisator.ch\\\/#organization\"},\"potentialAction\":[{\"@type\":\"SearchAction\",\"target\":{\"@type\":\"EntryPoint\",\"urlTemplate\":\"https:\\\/\\\/www.organisator.ch\\\/?s={search_term_string}\"},\"query-input\":{\"@type\":\"PropertyValueSpecification\",\"valueRequired\":true,\"valueName\":\"search_term_string\"}}],\"inLanguage\":\"de\"},{\"@type\":\"Organization\",\"@id\":\"https:\\\/\\\/www.organisator.ch\\\/#organization\",\"name\":\"Organisator\",\"url\":\"https:\\\/\\\/www.organisator.ch\\\/\",\"logo\":{\"@type\":\"ImageObject\",\"inLanguage\":\"de\",\"@id\":\"https:\\\/\\\/www.organisator.ch\\\/#\\\/schema\\\/logo\\\/image\\\/\",\"url\":\"https:\\\/\\\/www.organisator.ch\\\/wp-content\\\/uploads\\\/2022\\\/01\\\/Logo_Organisator_Website.png\",\"contentUrl\":\"https:\\\/\\\/www.organisator.ch\\\/wp-content\\\/uploads\\\/2022\\\/01\\\/Logo_Organisator_Website.png\",\"width\":800,\"height\":77,\"caption\":\"Organisator\"},\"image\":{\"@id\":\"https:\\\/\\\/www.organisator.ch\\\/#\\\/schema\\\/logo\\\/image\\\/\"},\"sameAs\":[\"https:\\\/\\\/www.facebook.com\\\/OrganisatorFachmagazin\",\"https:\\\/\\\/www.linkedin.com\\\/showcase\\\/organisator-das-magazin-fr-kmu\",\"https:\\\/\\\/www.xing.com\\\/news\\\/pages\\\/organisator-ch-695\",\"https:\\\/\\\/www.youtube.com\\\/channel\\\/UCGP2Sq0iWaZwT3BdIAQFYpw\"]},{\"@type\":\"Person\",\"@id\":\"https:\\\/\\\/www.organisator.ch\\\/#\\\/schema\\\/person\\\/a800b8c54e208b160517a7dcc323161d\",\"name\":\"roger.straessle\",\"image\":{\"@type\":\"ImageObject\",\"inLanguage\":\"de\",\"@id\":\"https:\\\/\\\/secure.gravatar.com\\\/avatar\\\/?s=96&d=mm&r=g\",\"url\":\"https:\\\/\\\/secure.gravatar.com\\\/avatar\\\/?s=96&d=mm&r=g\",\"contentUrl\":\"https:\\\/\\\/secure.gravatar.com\\\/avatar\\\/?s=96&d=mm&r=g\",\"caption\":\"roger.straessle\"},\"url\":\"https:\\\/\\\/www.organisator.ch\\\/de\\\/author\\\/roger-straessle\\\/\"}]}<\/script>\n<!-- \/ Yoast SEO plugin. -->","yoast_head_json":{"title":"Mit nachhaltigem Flugtreibstoff punkten - Organisator","description":"Swiss hat in Zusammenarbeit mit verschiedenen Partnern eine Logistikkette f\u00fcr den Import von nachhaltigem Treibstoff in die Schweiz etabliert.","robots":{"index":"index","follow":"follow","max-snippet":"max-snippet:-1","max-image-preview":"max-image-preview:large","max-video-preview":"max-video-preview:-1"},"canonical":"https:\/\/www.organisator.ch\/de\/sustainability\/2021-07-13\/mit-nachhaltigem-flugtreibstoff-punkten\/","og_locale":"de_DE","og_type":"article","og_title":"Mit nachhaltigem Flugtreibstoff punkten - Organisator","og_description":"Swiss hat in Zusammenarbeit mit verschiedenen Partnern eine Logistikkette f\u00fcr den Import von nachhaltigem Treibstoff in die Schweiz etabliert.","og_url":"https:\/\/www.organisator.ch\/de\/sustainability\/2021-07-13\/mit-nachhaltigem-flugtreibstoff-punkten\/","og_site_name":"Organisator","article_publisher":"https:\/\/www.facebook.com\/OrganisatorFachmagazin","article_published_time":"2021-07-13T11:31:38+00:00","article_modified_time":"2022-02-09T10:09:14+00:00","og_image":[{"width":2560,"height":1707,"url":"https:\/\/www.organisator.ch\/wp-content\/uploads\/2021\/07\/First-SWISS-flight-with-SAF-from-ZRH_2-scaled.jpg","type":"image\/jpeg"}],"author":"roger.straessle","twitter_card":"summary_large_image","schema":{"@context":"https:\/\/schema.org","@graph":[{"@type":"Article","@id":"https:\/\/www.organisator.ch\/sustainability\/2021-07-13\/mit-nachhaltigem-flugtreibstoff-punkten\/#article","isPartOf":{"@id":"https:\/\/www.organisator.ch\/sustainability\/2021-07-13\/mit-nachhaltigem-flugtreibstoff-punkten\/"},"author":{"name":"roger.straessle","@id":"https:\/\/www.organisator.ch\/#\/schema\/person\/a800b8c54e208b160517a7dcc323161d"},"headline":"Mit nachhaltigem Flugtreibstoff punkten","datePublished":"2021-07-13T11:31:38+00:00","dateModified":"2022-02-09T10:09:14+00:00","mainEntityOfPage":{"@id":"https:\/\/www.organisator.ch\/sustainability\/2021-07-13\/mit-nachhaltigem-flugtreibstoff-punkten\/"},"wordCount":366,"publisher":{"@id":"https:\/\/www.organisator.ch\/#organization"},"image":{"@id":"https:\/\/www.organisator.ch\/sustainability\/2021-07-13\/mit-nachhaltigem-flugtreibstoff-punkten\/#primaryimage"},"thumbnailUrl":"https:\/\/www.organisator.ch\/wp-content\/uploads\/2021\/07\/First-SWISS-flight-with-SAF-from-ZRH_2-scaled.jpg","keywords":["SAF","Treibstoff"],"articleSection":["SUSTAINABILITY"],"inLanguage":"de"},{"@type":"WebPage","@id":"https:\/\/www.organisator.ch\/sustainability\/2021-07-13\/mit-nachhaltigem-flugtreibstoff-punkten\/","url":"https:\/\/www.organisator.ch\/sustainability\/2021-07-13\/mit-nachhaltigem-flugtreibstoff-punkten\/","name":"Mit nachhaltigem Flugtreibstoff punkten - Organisator","isPartOf":{"@id":"https:\/\/www.organisator.ch\/#website"},"primaryImageOfPage":{"@id":"https:\/\/www.organisator.ch\/sustainability\/2021-07-13\/mit-nachhaltigem-flugtreibstoff-punkten\/#primaryimage"},"image":{"@id":"https:\/\/www.organisator.ch\/sustainability\/2021-07-13\/mit-nachhaltigem-flugtreibstoff-punkten\/#primaryimage"},"thumbnailUrl":"https:\/\/www.organisator.ch\/wp-content\/uploads\/2021\/07\/First-SWISS-flight-with-SAF-from-ZRH_2-scaled.jpg","datePublished":"2021-07-13T11:31:38+00:00","dateModified":"2022-02-09T10:09:14+00:00","description":"Swiss hat in Zusammenarbeit mit verschiedenen Partnern eine Logistikkette f\u00fcr den Import von nachhaltigem Treibstoff in die Schweiz etabliert.","breadcrumb":{"@id":"https:\/\/www.organisator.ch\/sustainability\/2021-07-13\/mit-nachhaltigem-flugtreibstoff-punkten\/#breadcrumb"},"inLanguage":"de","potentialAction":[{"@type":"ReadAction","target":["https:\/\/www.organisator.ch\/sustainability\/2021-07-13\/mit-nachhaltigem-flugtreibstoff-punkten\/"]}]},{"@type":"ImageObject","inLanguage":"de","@id":"https:\/\/www.organisator.ch\/sustainability\/2021-07-13\/mit-nachhaltigem-flugtreibstoff-punkten\/#primaryimage","url":"https:\/\/www.organisator.ch\/wp-content\/uploads\/2021\/07\/First-SWISS-flight-with-SAF-from-ZRH_2-scaled.jpg","contentUrl":"https:\/\/www.organisator.ch\/wp-content\/uploads\/2021\/07\/First-SWISS-flight-with-SAF-from-ZRH_2-scaled.jpg","width":2560,"height":1707,"caption":"\u00a9 Swiss"},{"@type":"BreadcrumbList","@id":"https:\/\/www.organisator.ch\/sustainability\/2021-07-13\/mit-nachhaltigem-flugtreibstoff-punkten\/#breadcrumb","itemListElement":[{"@type":"ListItem","position":1,"name":"Home","item":"https:\/\/www.organisator.ch\/"},{"@type":"ListItem","position":2,"name":"Mit nachhaltigem Flugtreibstoff punkten"}]},{"@type":"WebSite","@id":"https:\/\/www.organisator.ch\/#website","url":"https:\/\/www.organisator.ch\/","name":"Organisator","description":"Kompetent. Praxisnah. Der ORGANISATOR bereitet in 10 Ausgaben pro Jahr die wesentlichen Themen f\u00fcr F\u00fchrungskr\u00e4fte von KMU auf.","publisher":{"@id":"https:\/\/www.organisator.ch\/#organization"},"potentialAction":[{"@type":"SearchAction","target":{"@type":"EntryPoint","urlTemplate":"https:\/\/www.organisator.ch\/?s={search_term_string}"},"query-input":{"@type":"PropertyValueSpecification","valueRequired":true,"valueName":"search_term_string"}}],"inLanguage":"de"},{"@type":"Organization","@id":"https:\/\/www.organisator.ch\/#organization","name":"Organisator","url":"https:\/\/www.organisator.ch\/","logo":{"@type":"ImageObject","inLanguage":"de","@id":"https:\/\/www.organisator.ch\/#\/schema\/logo\/image\/","url":"https:\/\/www.organisator.ch\/wp-content\/uploads\/2022\/01\/Logo_Organisator_Website.png","contentUrl":"https:\/\/www.organisator.ch\/wp-content\/uploads\/2022\/01\/Logo_Organisator_Website.png","width":800,"height":77,"caption":"Organisator"},"image":{"@id":"https:\/\/www.organisator.ch\/#\/schema\/logo\/image\/"},"sameAs":["https:\/\/www.facebook.com\/OrganisatorFachmagazin","https:\/\/www.linkedin.com\/showcase\/organisator-das-magazin-fr-kmu","https:\/\/www.xing.com\/news\/pages\/organisator-ch-695","https:\/\/www.youtube.com\/channel\/UCGP2Sq0iWaZwT3BdIAQFYpw"]},{"@type":"Person","@id":"https:\/\/www.organisator.ch\/#\/schema\/person\/a800b8c54e208b160517a7dcc323161d","name":"roger.straessle","image":{"@type":"ImageObject","inLanguage":"de","@id":"https:\/\/secure.gravatar.com\/avatar\/?s=96&d=mm&r=g","url":"https:\/\/secure.gravatar.com\/avatar\/?s=96&d=mm&r=g","contentUrl":"https:\/\/secure.gravatar.com\/avatar\/?s=96&d=mm&r=g","caption":"roger.straessle"},"url":"https:\/\/www.organisator.ch\/de\/author\/roger-straessle\/"}]}},"_links":{"self":[{"href":"https:\/\/www.organisator.ch\/de\/wp-json\/wp\/v2\/posts\/4530","targetHints":{"allow":["GET"]}}],"collection":[{"href":"https:\/\/www.organisator.ch\/de\/wp-json\/wp\/v2\/posts"}],"about":[{"href":"https:\/\/www.organisator.ch\/de\/wp-json\/wp\/v2\/types\/post"}],"author":[{"embeddable":true,"href":"https:\/\/www.organisator.ch\/de\/wp-json\/wp\/v2\/users\/6"}],"replies":[{"embeddable":true,"href":"https:\/\/www.organisator.ch\/de\/wp-json\/wp\/v2\/comments?post=4530"}],"version-history":[{"count":1,"href":"https:\/\/www.organisator.ch\/de\/wp-json\/wp\/v2\/posts\/4530\/revisions"}],"predecessor-version":[{"id":10770,"href":"https:\/\/www.organisator.ch\/de\/wp-json\/wp\/v2\/posts\/4530\/revisions\/10770"}],"wp:featuredmedia":[{"embeddable":true,"href":"https:\/\/www.organisator.ch\/de\/wp-json\/wp\/v2\/media\/4531"}],"wp:attachment":[{"href":"https:\/\/www.organisator.ch\/de\/wp-json\/wp\/v2\/media?parent=4530"}],"wp:term":[{"taxonomy":"category","embeddable":true,"href":"https:\/\/www.organisator.ch\/de\/wp-json\/wp\/v2\/categories?post=4530"},{"taxonomy":"post_tag","embeddable":true,"href":"https:\/\/www.organisator.ch\/de\/wp-json\/wp\/v2\/tags?post=4530"}],"curies":[{"name":"wp","href":"https:\/\/api.w.org\/{rel}","templated":true}]}}