{"id":4533,"date":"2021-07-14T13:50:46","date_gmt":"2021-07-14T11:50:46","guid":{"rendered":"https:\/\/www.umweltperspektiven.ch\/?p=4533"},"modified":"2022-02-09T11:06:45","modified_gmt":"2022-02-09T10:06:45","slug":"prekaere-hochwasserlage-hohe-schadensumme","status":"publish","type":"post","link":"https:\/\/www.organisator.ch\/de\/sustainability\/2021-07-14\/prekaere-hochwasserlage-hohe-schadensumme\/","title":{"rendered":"Prek\u00e4re Hochwasserlage \u2013 hohe Schadensumme"},"content":{"rendered":"<figure id=\"attachment_4534\" aria-describedby=\"caption-attachment-4534\" style=\"width: 680px\" class=\"wp-caption aligncenter\"><img loading=\"lazy\" decoding=\"async\" class=\"wp-image-4534 size-medium\" src=\"\/\/www.umweltperspektiven.ch\/wp-content\/uploads\/2021\/07\/IMG_3729.jpg\" alt=\"GVZ, Hochwasser\" width=\"680\" height=\"453\" \/><figcaption id=\"caption-attachment-4534\" class=\"wp-caption-text\">Auch an der Limmat steigt das Wasser gef\u00e4hrlich. Foto: R. Str\u00e4ssle<\/figcaption><\/figure>\n<p>Die Geb\u00e4udeversicherungen empfehlen den Hauseigent\u00fcmern und Bewohnern, Massnahmen vorzunehmen, um insbesondere ihre Keller und Garagen vor \u00dcberflutungen zu sch\u00fctzen. Denn der ank\u00fcndigte Regen f\u00fcr die kommenden Tage wird zu weiterem Oberfl\u00e4chenabfluss f\u00fchren, schliesslich sind die B\u00f6den bereits jetzt vollgesogen wie ein Schwamm.<\/p>\n<p>Auch die vielerorts prek\u00e4re Hochwasserlage der Schweiz versch\u00e4rft das Problem. So gilt am Bieler-, Thuner- und Vierwaldst\u00e4ttersee die h\u00f6chste Gefahrenstufe 5. Der Pegelstand des Vierwaldst\u00e4ttersees ist so hoch, dass der See in der Stadt Luzern schon bald \u00fcber das Ufer treten k\u00f6nnte. Grosse Hochwassergefahr (Stufe 4) gilt zurzeit am Brienzer- und Z\u00fcrichsee sowie an der Aare unterhalb des Thunersees, der Reuss und dem Hochrhein.\u00a0\u00a0Die <a href=\"\/\/www.naturgefahren.ch\/home.html?tab=actualdanger\">aktuelle Gefahrensituation<\/a> kann beim Bundesamt f\u00fcr Umwelt (Bafu)\u00a0 eingesehen werden.<\/p>\n<p>Im Vergleich zum extremen Hochwasser im Jahr 2005 seien die bisherigen Sch\u00e4den deutlich kleiner und dank der getroffenen Massnahmen k\u00f6nne die Lage besser bew\u00e4ltigt werden, betont das Bafu. Seit dem Hochwasser 2005 h\u00e4tten Bund und Kantone den Hochwasserschutz verbessert und insgesamt 4,5 Milliarden Franken investiert. Der Bund habe die Hochwasservorhersagen und -Warnungen ausgebaut und etabliert, sowie neue Gefahrengrundlagen wie die Oberfl\u00e4chenabflusskarte erarbeitet. Neben der Beseitigung der damals erkannten Schutzdefizite an vielen Fliessgew\u00e4ssern, haben Kantone und Gemeinden seither die Abl\u00e4ufe im Ereignisfall verbessert und Fachspezialisten und Einsatzkr\u00e4fte geschult, wie das Bafu ferner schreibt.<\/p>\n<h2><strong>GVZ mit Sch\u00e4den in Millionenh\u00f6he<\/strong><\/h2>\n<figure id=\"attachment_4535\" aria-describedby=\"caption-attachment-4535\" style=\"width: 431px\" class=\"wp-caption alignnone\"><img loading=\"lazy\" decoding=\"async\" class=\"wp-image-4535\" src=\"\/\/www.umweltperspektiven.ch\/wp-content\/uploads\/2021\/07\/IMG_3736.jpg\" alt=\"GVZ, Sturm\" width=\"431\" height=\"287\" \/><figcaption id=\"caption-attachment-4535\" class=\"wp-caption-text\">Der Sturm &#8222;k\u00f6pfte&#8220; den Baum, der seinerseits das Hausdach zerst\u00f6rte. Foto: R. Str\u00e4ssle<\/figcaption><\/figure>\n<p>Die orkanartigen B\u00f6en im Kanton Z\u00fcrich, streckenweise begleitet von Hagelschlag, haben in den fr\u00fchen Morgenstunden des Dienstags laut Geb\u00e4udeversicherung Kanton Z\u00fcrich (GVZ) erneut Sch\u00e4den in Millionenh\u00f6he angerichtet. Besonders betroffen war die Stadt Z\u00fcrich und die Regionen rund um Kloten und Winterthur. Zusammen mit den Unwettern in der zweiten Junih\u00e4lfte 2021 rechnet die GVZ mit einer voraussichtlichen Schadensumme von rund 40 Millionen Franken.<\/p>\n<p>Nach ersten Hochrechnungen geht die Geb\u00e4udeversicherung f\u00fcr die Ereignisse zwischen dem 18. und 28. Juni 2021 von insgesamt 10\u2019000 Schadenf\u00e4llen und einer Schadensumme von 25 bis 30 Millionen Franken aus. Allein der Hagelzug vom 28. Juni bescherte der GVZ rund 3\u2019000 Schadenmeldungen. Sie betrafen vorwiegend Lamellenstoren und sonstige Sonnenschutzsysteme.<\/p>\n<p><em>Allf\u00e4llige Sch\u00e4den sollen der GVZ m\u00f6glichst rasch gemeldet werden: Mit dem Onlineschadenformular oder unter <a href=\"\/\/www.gvz.ch\">www.gvz.ch<\/a> \u2192 Schaden melden oder telefonisch an die GVZ-Schaden-Hotline 0800 442 442 (kostenlos, 7 Tage, 24 Stunden).<\/em><\/p>\n<p><strong>Weitere Themen:<\/strong><\/p>\n<ul>\n<li><a href=\"\/\/www.umweltperspektiven.ch\/ein-naturgefahren-check-lohnt-sich\/\">Wer baut und renoviert, plant Naturgefahren ein<\/a><\/li>\n<li><a href=\"\/\/www.umweltperspektiven.ch\/unwetterschaeden-bilanz-gut-schutzmassnahmen-bewaehrten-sich\/\">Unwettersch\u00e4den 2020: Bilanz gut \u2013 Schutzmassnahmen bew\u00e4hrt<\/a><\/li>\n<\/ul>\n","protected":false},"excerpt":{"rendered":"<p>Die Geb\u00e4udeversicherungen empfehlen den Hauseigent\u00fcmern und Bewohnern, Massnahmen vorzunehmen, um insbesondere ihre Keller und Garagen vor \u00dcberflutungen zu sch\u00fctzen. Denn der ank\u00fcndigte Regen f\u00fcr die kommenden Tage wird zu weiterem Oberfl\u00e4chenabfluss f\u00fchren, schliesslich sind die B\u00f6den bereits jetzt vollgesogen wie ein Schwamm. Auch die vielerorts prek\u00e4re Hochwasserlage der Schweiz versch\u00e4rft das Problem. So gilt am [&hellip;]<\/p>\n","protected":false},"author":6,"featured_media":4534,"comment_status":"closed","ping_status":"closed","sticky":false,"template":"","format":"standard","meta":{"_acf_changed":false,"_yoast_wpseo_focuskw":"GVZ","_yoast_wpseo_metadesc":"Die Hochwasserlage in der Schweiz spitzt sich weiter zu und die Geb\u00e4udeversicherung GVZ beklagt eine hohe Schadensumme als Folge der Unwetter.","articlekey":"","footnotes":""},"categories":[580],"tags":[1340,1366,1809,1810],"class_list":["post-4533","post","type-post","status-publish","format-standard","has-post-thumbnail","hentry","category-sustainability","tag-gvz","tag-hochwasser-gebaeudeversicherung","tag-naturgefahr","tag-naturgefahren"],"acf":[],"yoast_head":"<!-- This site is optimized with the Yoast SEO plugin v27.4 - https:\/\/yoast.com\/product\/yoast-seo-wordpress\/ -->\n<title>Prek\u00e4re Hochwasserlage \u2013 hohe Schadensumme - Organisator<\/title>\n<meta name=\"description\" content=\"Die Hochwasserlage in der Schweiz spitzt sich weiter zu und die Geb\u00e4udeversicherung GVZ beklagt eine hohe Schadensumme als Folge der Unwetter.\" \/>\n<meta name=\"robots\" content=\"index, follow, max-snippet:-1, max-image-preview:large, max-video-preview:-1\" \/>\n<link rel=\"canonical\" href=\"https:\/\/www.organisator.ch\/de\/sustainability\/2021-07-14\/prekaere-hochwasserlage-hohe-schadensumme\/\" \/>\n<meta property=\"og:locale\" content=\"de_DE\" \/>\n<meta property=\"og:type\" content=\"article\" \/>\n<meta property=\"og:title\" content=\"Prek\u00e4re Hochwasserlage \u2013 hohe Schadensumme - Organisator\" \/>\n<meta property=\"og:description\" content=\"Die Hochwasserlage in der Schweiz spitzt sich weiter zu und die Geb\u00e4udeversicherung GVZ beklagt eine hohe Schadensumme als Folge der Unwetter.\" \/>\n<meta property=\"og:url\" content=\"https:\/\/www.organisator.ch\/de\/sustainability\/2021-07-14\/prekaere-hochwasserlage-hohe-schadensumme\/\" \/>\n<meta property=\"og:site_name\" content=\"Organisator\" \/>\n<meta property=\"article:publisher\" content=\"https:\/\/www.facebook.com\/OrganisatorFachmagazin\" \/>\n<meta property=\"article:published_time\" content=\"2021-07-14T11:50:46+00:00\" \/>\n<meta property=\"article:modified_time\" content=\"2022-02-09T10:06:45+00:00\" \/>\n<meta property=\"og:image\" content=\"https:\/\/www.organisator.ch\/wp-content\/uploads\/2021\/07\/IMG_3729-scaled.jpg\" \/>\n\t<meta property=\"og:image:width\" content=\"2560\" \/>\n\t<meta property=\"og:image:height\" content=\"1707\" \/>\n\t<meta property=\"og:image:type\" content=\"image\/jpeg\" \/>\n<meta name=\"author\" content=\"roger.straessle\" \/>\n<meta name=\"twitter:card\" content=\"summary_large_image\" \/>\n<script type=\"application\/ld+json\" class=\"yoast-schema-graph\">{\"@context\":\"https:\\\/\\\/schema.org\",\"@graph\":[{\"@type\":\"Article\",\"@id\":\"https:\\\/\\\/www.organisator.ch\\\/sustainability\\\/2021-07-14\\\/prekaere-hochwasserlage-hohe-schadensumme\\\/#article\",\"isPartOf\":{\"@id\":\"https:\\\/\\\/www.organisator.ch\\\/sustainability\\\/2021-07-14\\\/prekaere-hochwasserlage-hohe-schadensumme\\\/\"},\"author\":{\"name\":\"roger.straessle\",\"@id\":\"https:\\\/\\\/www.organisator.ch\\\/#\\\/schema\\\/person\\\/a800b8c54e208b160517a7dcc323161d\"},\"headline\":\"Prek\u00e4re Hochwasserlage \u2013 hohe Schadensumme\",\"datePublished\":\"2021-07-14T11:50:46+00:00\",\"dateModified\":\"2022-02-09T10:06:45+00:00\",\"mainEntityOfPage\":{\"@id\":\"https:\\\/\\\/www.organisator.ch\\\/sustainability\\\/2021-07-14\\\/prekaere-hochwasserlage-hohe-schadensumme\\\/\"},\"wordCount\":442,\"publisher\":{\"@id\":\"https:\\\/\\\/www.organisator.ch\\\/#organization\"},\"image\":{\"@id\":\"https:\\\/\\\/www.organisator.ch\\\/sustainability\\\/2021-07-14\\\/prekaere-hochwasserlage-hohe-schadensumme\\\/#primaryimage\"},\"thumbnailUrl\":\"https:\\\/\\\/www.organisator.ch\\\/wp-content\\\/uploads\\\/2021\\\/07\\\/IMG_3729-scaled.jpg\",\"keywords\":[\"GVZ\",\"Hochwasser Geb\u00e4udeversicherung\",\"Naturgefahr\",\"Naturgefahren\"],\"articleSection\":[\"SUSTAINABILITY\"],\"inLanguage\":\"de\"},{\"@type\":\"WebPage\",\"@id\":\"https:\\\/\\\/www.organisator.ch\\\/sustainability\\\/2021-07-14\\\/prekaere-hochwasserlage-hohe-schadensumme\\\/\",\"url\":\"https:\\\/\\\/www.organisator.ch\\\/sustainability\\\/2021-07-14\\\/prekaere-hochwasserlage-hohe-schadensumme\\\/\",\"name\":\"Prek\u00e4re Hochwasserlage \u2013 hohe Schadensumme - Organisator\",\"isPartOf\":{\"@id\":\"https:\\\/\\\/www.organisator.ch\\\/#website\"},\"primaryImageOfPage\":{\"@id\":\"https:\\\/\\\/www.organisator.ch\\\/sustainability\\\/2021-07-14\\\/prekaere-hochwasserlage-hohe-schadensumme\\\/#primaryimage\"},\"image\":{\"@id\":\"https:\\\/\\\/www.organisator.ch\\\/sustainability\\\/2021-07-14\\\/prekaere-hochwasserlage-hohe-schadensumme\\\/#primaryimage\"},\"thumbnailUrl\":\"https:\\\/\\\/www.organisator.ch\\\/wp-content\\\/uploads\\\/2021\\\/07\\\/IMG_3729-scaled.jpg\",\"datePublished\":\"2021-07-14T11:50:46+00:00\",\"dateModified\":\"2022-02-09T10:06:45+00:00\",\"description\":\"Die Hochwasserlage in der Schweiz spitzt sich weiter zu und die Geb\u00e4udeversicherung GVZ beklagt eine hohe Schadensumme als Folge der Unwetter.\",\"breadcrumb\":{\"@id\":\"https:\\\/\\\/www.organisator.ch\\\/sustainability\\\/2021-07-14\\\/prekaere-hochwasserlage-hohe-schadensumme\\\/#breadcrumb\"},\"inLanguage\":\"de\",\"potentialAction\":[{\"@type\":\"ReadAction\",\"target\":[\"https:\\\/\\\/www.organisator.ch\\\/sustainability\\\/2021-07-14\\\/prekaere-hochwasserlage-hohe-schadensumme\\\/\"]}]},{\"@type\":\"ImageObject\",\"inLanguage\":\"de\",\"@id\":\"https:\\\/\\\/www.organisator.ch\\\/sustainability\\\/2021-07-14\\\/prekaere-hochwasserlage-hohe-schadensumme\\\/#primaryimage\",\"url\":\"https:\\\/\\\/www.organisator.ch\\\/wp-content\\\/uploads\\\/2021\\\/07\\\/IMG_3729-scaled.jpg\",\"contentUrl\":\"https:\\\/\\\/www.organisator.ch\\\/wp-content\\\/uploads\\\/2021\\\/07\\\/IMG_3729-scaled.jpg\",\"width\":2560,\"height\":1707,\"caption\":\"Auch an der Limmat steigt und steigt das Wasser. Foto: R. Str\u00e4ssle\"},{\"@type\":\"BreadcrumbList\",\"@id\":\"https:\\\/\\\/www.organisator.ch\\\/sustainability\\\/2021-07-14\\\/prekaere-hochwasserlage-hohe-schadensumme\\\/#breadcrumb\",\"itemListElement\":[{\"@type\":\"ListItem\",\"position\":1,\"name\":\"Home\",\"item\":\"https:\\\/\\\/www.organisator.ch\\\/\"},{\"@type\":\"ListItem\",\"position\":2,\"name\":\"Prek\u00e4re Hochwasserlage \u2013 hohe Schadensumme\"}]},{\"@type\":\"WebSite\",\"@id\":\"https:\\\/\\\/www.organisator.ch\\\/#website\",\"url\":\"https:\\\/\\\/www.organisator.ch\\\/\",\"name\":\"Organisator\",\"description\":\"Kompetent. Praxisnah. Der ORGANISATOR bereitet in 10 Ausgaben pro Jahr die wesentlichen Themen f\u00fcr F\u00fchrungskr\u00e4fte von KMU auf.\",\"publisher\":{\"@id\":\"https:\\\/\\\/www.organisator.ch\\\/#organization\"},\"potentialAction\":[{\"@type\":\"SearchAction\",\"target\":{\"@type\":\"EntryPoint\",\"urlTemplate\":\"https:\\\/\\\/www.organisator.ch\\\/?s={search_term_string}\"},\"query-input\":{\"@type\":\"PropertyValueSpecification\",\"valueRequired\":true,\"valueName\":\"search_term_string\"}}],\"inLanguage\":\"de\"},{\"@type\":\"Organization\",\"@id\":\"https:\\\/\\\/www.organisator.ch\\\/#organization\",\"name\":\"Organisator\",\"url\":\"https:\\\/\\\/www.organisator.ch\\\/\",\"logo\":{\"@type\":\"ImageObject\",\"inLanguage\":\"de\",\"@id\":\"https:\\\/\\\/www.organisator.ch\\\/#\\\/schema\\\/logo\\\/image\\\/\",\"url\":\"https:\\\/\\\/www.organisator.ch\\\/wp-content\\\/uploads\\\/2022\\\/01\\\/Logo_Organisator_Website.png\",\"contentUrl\":\"https:\\\/\\\/www.organisator.ch\\\/wp-content\\\/uploads\\\/2022\\\/01\\\/Logo_Organisator_Website.png\",\"width\":800,\"height\":77,\"caption\":\"Organisator\"},\"image\":{\"@id\":\"https:\\\/\\\/www.organisator.ch\\\/#\\\/schema\\\/logo\\\/image\\\/\"},\"sameAs\":[\"https:\\\/\\\/www.facebook.com\\\/OrganisatorFachmagazin\",\"https:\\\/\\\/www.linkedin.com\\\/showcase\\\/organisator-das-magazin-fr-kmu\",\"https:\\\/\\\/www.xing.com\\\/news\\\/pages\\\/organisator-ch-695\",\"https:\\\/\\\/www.youtube.com\\\/channel\\\/UCGP2Sq0iWaZwT3BdIAQFYpw\"]},{\"@type\":\"Person\",\"@id\":\"https:\\\/\\\/www.organisator.ch\\\/#\\\/schema\\\/person\\\/a800b8c54e208b160517a7dcc323161d\",\"name\":\"roger.straessle\",\"image\":{\"@type\":\"ImageObject\",\"inLanguage\":\"de\",\"@id\":\"https:\\\/\\\/secure.gravatar.com\\\/avatar\\\/?s=96&d=mm&r=g\",\"url\":\"https:\\\/\\\/secure.gravatar.com\\\/avatar\\\/?s=96&d=mm&r=g\",\"contentUrl\":\"https:\\\/\\\/secure.gravatar.com\\\/avatar\\\/?s=96&d=mm&r=g\",\"caption\":\"roger.straessle\"},\"url\":\"https:\\\/\\\/www.organisator.ch\\\/de\\\/author\\\/roger-straessle\\\/\"}]}<\/script>\n<!-- \/ Yoast SEO plugin. -->","yoast_head_json":{"title":"Prek\u00e4re Hochwasserlage \u2013 hohe Schadensumme - Organisator","description":"Die Hochwasserlage in der Schweiz spitzt sich weiter zu und die Geb\u00e4udeversicherung GVZ beklagt eine hohe Schadensumme als Folge der Unwetter.","robots":{"index":"index","follow":"follow","max-snippet":"max-snippet:-1","max-image-preview":"max-image-preview:large","max-video-preview":"max-video-preview:-1"},"canonical":"https:\/\/www.organisator.ch\/de\/sustainability\/2021-07-14\/prekaere-hochwasserlage-hohe-schadensumme\/","og_locale":"de_DE","og_type":"article","og_title":"Prek\u00e4re Hochwasserlage \u2013 hohe Schadensumme - Organisator","og_description":"Die Hochwasserlage in der Schweiz spitzt sich weiter zu und die Geb\u00e4udeversicherung GVZ beklagt eine hohe Schadensumme als Folge der Unwetter.","og_url":"https:\/\/www.organisator.ch\/de\/sustainability\/2021-07-14\/prekaere-hochwasserlage-hohe-schadensumme\/","og_site_name":"Organisator","article_publisher":"https:\/\/www.facebook.com\/OrganisatorFachmagazin","article_published_time":"2021-07-14T11:50:46+00:00","article_modified_time":"2022-02-09T10:06:45+00:00","og_image":[{"width":2560,"height":1707,"url":"https:\/\/www.organisator.ch\/wp-content\/uploads\/2021\/07\/IMG_3729-scaled.jpg","type":"image\/jpeg"}],"author":"roger.straessle","twitter_card":"summary_large_image","schema":{"@context":"https:\/\/schema.org","@graph":[{"@type":"Article","@id":"https:\/\/www.organisator.ch\/sustainability\/2021-07-14\/prekaere-hochwasserlage-hohe-schadensumme\/#article","isPartOf":{"@id":"https:\/\/www.organisator.ch\/sustainability\/2021-07-14\/prekaere-hochwasserlage-hohe-schadensumme\/"},"author":{"name":"roger.straessle","@id":"https:\/\/www.organisator.ch\/#\/schema\/person\/a800b8c54e208b160517a7dcc323161d"},"headline":"Prek\u00e4re Hochwasserlage \u2013 hohe Schadensumme","datePublished":"2021-07-14T11:50:46+00:00","dateModified":"2022-02-09T10:06:45+00:00","mainEntityOfPage":{"@id":"https:\/\/www.organisator.ch\/sustainability\/2021-07-14\/prekaere-hochwasserlage-hohe-schadensumme\/"},"wordCount":442,"publisher":{"@id":"https:\/\/www.organisator.ch\/#organization"},"image":{"@id":"https:\/\/www.organisator.ch\/sustainability\/2021-07-14\/prekaere-hochwasserlage-hohe-schadensumme\/#primaryimage"},"thumbnailUrl":"https:\/\/www.organisator.ch\/wp-content\/uploads\/2021\/07\/IMG_3729-scaled.jpg","keywords":["GVZ","Hochwasser Geb\u00e4udeversicherung","Naturgefahr","Naturgefahren"],"articleSection":["SUSTAINABILITY"],"inLanguage":"de"},{"@type":"WebPage","@id":"https:\/\/www.organisator.ch\/sustainability\/2021-07-14\/prekaere-hochwasserlage-hohe-schadensumme\/","url":"https:\/\/www.organisator.ch\/sustainability\/2021-07-14\/prekaere-hochwasserlage-hohe-schadensumme\/","name":"Prek\u00e4re Hochwasserlage \u2013 hohe Schadensumme - Organisator","isPartOf":{"@id":"https:\/\/www.organisator.ch\/#website"},"primaryImageOfPage":{"@id":"https:\/\/www.organisator.ch\/sustainability\/2021-07-14\/prekaere-hochwasserlage-hohe-schadensumme\/#primaryimage"},"image":{"@id":"https:\/\/www.organisator.ch\/sustainability\/2021-07-14\/prekaere-hochwasserlage-hohe-schadensumme\/#primaryimage"},"thumbnailUrl":"https:\/\/www.organisator.ch\/wp-content\/uploads\/2021\/07\/IMG_3729-scaled.jpg","datePublished":"2021-07-14T11:50:46+00:00","dateModified":"2022-02-09T10:06:45+00:00","description":"Die Hochwasserlage in der Schweiz spitzt sich weiter zu und die Geb\u00e4udeversicherung GVZ beklagt eine hohe Schadensumme als Folge der Unwetter.","breadcrumb":{"@id":"https:\/\/www.organisator.ch\/sustainability\/2021-07-14\/prekaere-hochwasserlage-hohe-schadensumme\/#breadcrumb"},"inLanguage":"de","potentialAction":[{"@type":"ReadAction","target":["https:\/\/www.organisator.ch\/sustainability\/2021-07-14\/prekaere-hochwasserlage-hohe-schadensumme\/"]}]},{"@type":"ImageObject","inLanguage":"de","@id":"https:\/\/www.organisator.ch\/sustainability\/2021-07-14\/prekaere-hochwasserlage-hohe-schadensumme\/#primaryimage","url":"https:\/\/www.organisator.ch\/wp-content\/uploads\/2021\/07\/IMG_3729-scaled.jpg","contentUrl":"https:\/\/www.organisator.ch\/wp-content\/uploads\/2021\/07\/IMG_3729-scaled.jpg","width":2560,"height":1707,"caption":"Auch an der Limmat steigt und steigt das Wasser. Foto: R. Str\u00e4ssle"},{"@type":"BreadcrumbList","@id":"https:\/\/www.organisator.ch\/sustainability\/2021-07-14\/prekaere-hochwasserlage-hohe-schadensumme\/#breadcrumb","itemListElement":[{"@type":"ListItem","position":1,"name":"Home","item":"https:\/\/www.organisator.ch\/"},{"@type":"ListItem","position":2,"name":"Prek\u00e4re Hochwasserlage \u2013 hohe Schadensumme"}]},{"@type":"WebSite","@id":"https:\/\/www.organisator.ch\/#website","url":"https:\/\/www.organisator.ch\/","name":"Organisator","description":"Kompetent. Praxisnah. Der ORGANISATOR bereitet in 10 Ausgaben pro Jahr die wesentlichen Themen f\u00fcr F\u00fchrungskr\u00e4fte von KMU auf.","publisher":{"@id":"https:\/\/www.organisator.ch\/#organization"},"potentialAction":[{"@type":"SearchAction","target":{"@type":"EntryPoint","urlTemplate":"https:\/\/www.organisator.ch\/?s={search_term_string}"},"query-input":{"@type":"PropertyValueSpecification","valueRequired":true,"valueName":"search_term_string"}}],"inLanguage":"de"},{"@type":"Organization","@id":"https:\/\/www.organisator.ch\/#organization","name":"Organisator","url":"https:\/\/www.organisator.ch\/","logo":{"@type":"ImageObject","inLanguage":"de","@id":"https:\/\/www.organisator.ch\/#\/schema\/logo\/image\/","url":"https:\/\/www.organisator.ch\/wp-content\/uploads\/2022\/01\/Logo_Organisator_Website.png","contentUrl":"https:\/\/www.organisator.ch\/wp-content\/uploads\/2022\/01\/Logo_Organisator_Website.png","width":800,"height":77,"caption":"Organisator"},"image":{"@id":"https:\/\/www.organisator.ch\/#\/schema\/logo\/image\/"},"sameAs":["https:\/\/www.facebook.com\/OrganisatorFachmagazin","https:\/\/www.linkedin.com\/showcase\/organisator-das-magazin-fr-kmu","https:\/\/www.xing.com\/news\/pages\/organisator-ch-695","https:\/\/www.youtube.com\/channel\/UCGP2Sq0iWaZwT3BdIAQFYpw"]},{"@type":"Person","@id":"https:\/\/www.organisator.ch\/#\/schema\/person\/a800b8c54e208b160517a7dcc323161d","name":"roger.straessle","image":{"@type":"ImageObject","inLanguage":"de","@id":"https:\/\/secure.gravatar.com\/avatar\/?s=96&d=mm&r=g","url":"https:\/\/secure.gravatar.com\/avatar\/?s=96&d=mm&r=g","contentUrl":"https:\/\/secure.gravatar.com\/avatar\/?s=96&d=mm&r=g","caption":"roger.straessle"},"url":"https:\/\/www.organisator.ch\/de\/author\/roger-straessle\/"}]}},"_links":{"self":[{"href":"https:\/\/www.organisator.ch\/de\/wp-json\/wp\/v2\/posts\/4533","targetHints":{"allow":["GET"]}}],"collection":[{"href":"https:\/\/www.organisator.ch\/de\/wp-json\/wp\/v2\/posts"}],"about":[{"href":"https:\/\/www.organisator.ch\/de\/wp-json\/wp\/v2\/types\/post"}],"author":[{"embeddable":true,"href":"https:\/\/www.organisator.ch\/de\/wp-json\/wp\/v2\/users\/6"}],"replies":[{"embeddable":true,"href":"https:\/\/www.organisator.ch\/de\/wp-json\/wp\/v2\/comments?post=4533"}],"version-history":[{"count":1,"href":"https:\/\/www.organisator.ch\/de\/wp-json\/wp\/v2\/posts\/4533\/revisions"}],"predecessor-version":[{"id":10647,"href":"https:\/\/www.organisator.ch\/de\/wp-json\/wp\/v2\/posts\/4533\/revisions\/10647"}],"wp:featuredmedia":[{"embeddable":true,"href":"https:\/\/www.organisator.ch\/de\/wp-json\/wp\/v2\/media\/4534"}],"wp:attachment":[{"href":"https:\/\/www.organisator.ch\/de\/wp-json\/wp\/v2\/media?parent=4533"}],"wp:term":[{"taxonomy":"category","embeddable":true,"href":"https:\/\/www.organisator.ch\/de\/wp-json\/wp\/v2\/categories?post=4533"},{"taxonomy":"post_tag","embeddable":true,"href":"https:\/\/www.organisator.ch\/de\/wp-json\/wp\/v2\/tags?post=4533"}],"curies":[{"name":"wp","href":"https:\/\/api.w.org\/{rel}","templated":true}]}}