{"id":45429,"date":"2026-03-02T09:38:14","date_gmt":"2026-03-02T08:38:14","guid":{"rendered":"https:\/\/www.markt-kom.com\/de\/?p=251757"},"modified":"2026-03-02T11:29:26","modified_gmt":"2026-03-02T10:29:26","slug":"guillaume-leopold-neuer-consulting-leader-bei-ey-schweiz","status":"publish","type":"post","link":"https:\/\/www.organisator.ch\/de\/management\/2026-03-02\/guillaume-leopold-neuer-consulting-leader-bei-ey-schweiz\/","title":{"rendered":"Guillaume Leopold neuer Consulting Leader bei EY Schweiz"},"content":{"rendered":"<figure id=\"attachment_251756\" class=\"wp-caption alignnone\" style=\"width: 1400px;\" aria-describedby=\"caption-attachment-251756\"><img class=\"size-full wp-image-251756\" src=\"https:\/\/www.markt-kom.com\/wp-content\/uploads\/2026\/03\/EY_Guillaume_Leopold-scaled.jpg\" sizes=\"(max-width: 1400px) 100vw, 1400px\" srcset=\"https:\/\/www.markt-kom.com\/wp-content\/uploads\/2026\/03\/EY_Guillaume_Leopold-scaled.jpg 1300w, https:\/\/www.markt-kom.com\/wp-content\/uploads\/2026\/03\/EY_Guillaume_Leopold-600x441.jpg 600w, https:\/\/www.markt-kom.com\/wp-content\/uploads\/2026\/03\/EY_Guillaume_Leopold-1024x753.jpg 1024w, https:\/\/www.markt-kom.com\/wp-content\/uploads\/2026\/03\/EY_Guillaume_Leopold-768x565.jpg 768w, https:\/\/www.markt-kom.com\/wp-content\/uploads\/2026\/03\/EY_Guillaume_Leopold-1536x1130.jpg 1536w, https:\/\/www.markt-kom.com\/wp-content\/uploads\/2026\/03\/EY_Guillaume_Leopold-2048x1507.jpg 2048w, https:\/\/www.markt-kom.com\/wp-content\/uploads\/2026\/03\/EY_Guillaume_Leopold-16x12.jpg 16w, https:\/\/www.markt-kom.com\/wp-content\/uploads\/2026\/03\/EY_Guillaume_Leopold-238x175.jpg 238w, https:\/\/www.markt-kom.com\/wp-content\/uploads\/2026\/03\/EY_Guillaume_Leopold-476x350.jpg 476w, https:\/\/www.markt-kom.com\/wp-content\/uploads\/2026\/03\/EY_Guillaume_Leopold-1000x736.jpg 1000w\" alt=\"\" width=\"1400\" height=\"1030\" \/>\r\n<figcaption id=\"caption-attachment-251756\" class=\"wp-caption-text\">Guillaume Leopold, EY-Partner. Quelle: zvg<\/figcaption>\r\n<\/figure>\r\n<p>Das Wirtschaftspr\u00fcfungs- und Beratungsunternehmen EY Schweiz hat Guillaume Leopold mit Wirkung zum 1. M\u00e4rz 2026 zum neuen Consulting Leader (Non Financial Services) ernannt. Er \u00fcbernimmt die Position von Urs Inderm\u00fchle, der im November 2025 zum Consumer and Health Industry Leader bei EY Europe West aufgestiegen ist.<\/p>\r\n<p>Stefan R\u00f6sch-R\u00fctsche, Country Managing Partner von EY, gratulierte Guillaume Leopold herzlich zu seiner Bef\u00f6rderung: \u00abIch freue mich sehr auf die Zusammenarbeit. Mit dieser Ernennung ist das Leadershipteam von EY Schweiz bestens aufgestellt f\u00fcr die Zukunft.\u00bb<\/p>\r\n<h3>\u00dcber 20 Jahre internationale Erfahrung<\/h3>\r\n<p>Guillaume Leopold hat seit seinem Eintritt bei EY im Jahr 2018 massgeblich dazu beigetragen, die Supply Chain &amp; Operations-Kompetenzen auszubauen, die funktions\u00fcbergreifende Zusammenarbeit zu st\u00e4rken und Kundinnen und Kunden durch transformative Herausforderungen in einem zunehmend komplexen globalen Umfeld zu begleiten.<\/p>\r\n<p>Mit mehr als zwei Jahrzehnten internationaler Erfahrung \u2013 darunter auch in verschiedenen F\u00fchrungsfunktionen in global t\u00e4tigen Unternehmen \u2013 bringt er eine einzigartige Kombination aus strategischer Weitsicht, operativer Exzellenz und tiefem Branchenverst\u00e4ndnis in Bereichen wie Konsumg\u00fcter, Life Sciences, Supply Chain, Produktion und Procurement mit.<\/p>\r\n<h3>Fokus auf Innovation und Talententwicklung<\/h3>\r\n<p>Guillaume Leopold selbst \u00e4usserte sich zur neuen Herausforderung: \u00abIch freue mich sehr auf diese Herausforderung. Mit meinem Team m\u00f6chte ich auf unserem starken Fundament im Consulting aufbauen, innovative L\u00f6sungen und Zusammenarbeit f\u00f6rdern, unsere Talente weiterentwickeln und unseren Kundinnen und Kunden helfen, ihre strategischen und operativen Ziele in einem sich schnell ver\u00e4ndernden Umfeld zu erreichen.\u00bb<\/p>\r\n<p>In seiner Freizeit geht Guillaume Leopold gerne Skifahren, Fischen und Wandern in den Alpen.<\/p>\r\n<p><em><a href=\"https:\/\/www.ey.com\/\" rel=\"noopener\">www.ey.com<\/a><\/em><\/p>","protected":false},"excerpt":{"rendered":"<p>EY Schweiz ernennt Guillaume Leopold per 1. M\u00e4rz 2026 zum neuen Consulting Leader (Non Financial Services). Er folgt auf Urs Inderm\u00fchle, der im November 2025 zum Consumer and Health Industry Leader bei EY Europe West bef\u00f6rdert wurde.<\/p>\n","protected":false},"author":107,"featured_media":0,"comment_status":"closed","ping_status":"closed","sticky":false,"template":"","format":"standard","meta":{"_acf_changed":false,"_yoast_wpseo_focuskw":"Guillaume Leopold","_yoast_wpseo_metadesc":"EY Schweiz ernennt Guillaume Leopold per 1. M\u00e4rz 2026 zum neuen Consulting Leader (Non Financial Services).","articlekey":"","footnotes":""},"categories":[28],"tags":[5858,334,381,492],"class_list":["post-45429","post","type-post","status-publish","format-standard","hentry","category-management","tag-ey-schweiz","tag-management","tag-personalia","tag-unternehmen"],"acf":[],"yoast_head":"<!-- This site is optimized with the Yoast SEO plugin v27.5 - https:\/\/yoast.com\/product\/yoast-seo-wordpress\/ -->\n<title>Guillaume Leopold neuer Consulting Leader bei EY Schweiz - Organisator<\/title>\n<meta name=\"description\" content=\"EY Schweiz ernennt Guillaume Leopold per 1. M\u00e4rz 2026 zum neuen Consulting Leader (Non Financial Services).\" \/>\n<meta name=\"robots\" content=\"index, follow, max-snippet:-1, max-image-preview:large, max-video-preview:-1\" \/>\n<link rel=\"canonical\" href=\"https:\/\/www.organisator.ch\/de\/management\/2026-03-02\/guillaume-leopold-neuer-consulting-leader-bei-ey-schweiz\/\" \/>\n<meta property=\"og:locale\" content=\"de_DE\" \/>\n<meta property=\"og:type\" content=\"article\" \/>\n<meta property=\"og:title\" content=\"Guillaume Leopold neuer Consulting Leader bei EY Schweiz - Organisator\" \/>\n<meta property=\"og:description\" content=\"EY Schweiz ernennt Guillaume Leopold per 1. M\u00e4rz 2026 zum neuen Consulting Leader (Non Financial Services).\" \/>\n<meta property=\"og:url\" content=\"https:\/\/www.organisator.ch\/de\/management\/2026-03-02\/guillaume-leopold-neuer-consulting-leader-bei-ey-schweiz\/\" \/>\n<meta property=\"og:site_name\" content=\"Organisator\" \/>\n<meta property=\"article:publisher\" content=\"https:\/\/www.facebook.com\/OrganisatorFachmagazin\" \/>\n<meta property=\"article:published_time\" content=\"2026-03-02T08:38:14+00:00\" \/>\n<meta property=\"article:modified_time\" content=\"2026-03-02T10:29:26+00:00\" \/>\n<meta name=\"author\" content=\"n8n\" \/>\n<meta name=\"twitter:card\" content=\"summary_large_image\" \/>\n<script type=\"application\/ld+json\" class=\"yoast-schema-graph\">{\"@context\":\"https:\\\/\\\/schema.org\",\"@graph\":[{\"@type\":\"Article\",\"@id\":\"https:\\\/\\\/www.organisator.ch\\\/management\\\/2026-03-02\\\/guillaume-leopold-neuer-consulting-leader-bei-ey-schweiz\\\/#article\",\"isPartOf\":{\"@id\":\"https:\\\/\\\/www.organisator.ch\\\/management\\\/2026-03-02\\\/guillaume-leopold-neuer-consulting-leader-bei-ey-schweiz\\\/\"},\"author\":{\"name\":\"n8n\",\"@id\":\"https:\\\/\\\/www.organisator.ch\\\/#\\\/schema\\\/person\\\/a9d0e0eff238db87a8f840f3b50359f0\"},\"headline\":\"Guillaume Leopold neuer Consulting Leader bei EY Schweiz\",\"datePublished\":\"2026-03-02T08:38:14+00:00\",\"dateModified\":\"2026-03-02T10:29:26+00:00\",\"mainEntityOfPage\":{\"@id\":\"https:\\\/\\\/www.organisator.ch\\\/management\\\/2026-03-02\\\/guillaume-leopold-neuer-consulting-leader-bei-ey-schweiz\\\/\"},\"wordCount\":268,\"publisher\":{\"@id\":\"https:\\\/\\\/www.organisator.ch\\\/#organization\"},\"image\":{\"@id\":\"https:\\\/\\\/www.organisator.ch\\\/management\\\/2026-03-02\\\/guillaume-leopold-neuer-consulting-leader-bei-ey-schweiz\\\/#primaryimage\"},\"thumbnailUrl\":\"https:\\\/\\\/www.markt-kom.com\\\/wp-content\\\/uploads\\\/2026\\\/03\\\/EY_Guillaume_Leopold-scaled.jpg\",\"keywords\":[\"ey schweiz\",\"Management\",\"Personalia\",\"Unternehmen\"],\"articleSection\":[\"MANAGEMENT\"],\"inLanguage\":\"de\"},{\"@type\":\"WebPage\",\"@id\":\"https:\\\/\\\/www.organisator.ch\\\/management\\\/2026-03-02\\\/guillaume-leopold-neuer-consulting-leader-bei-ey-schweiz\\\/\",\"url\":\"https:\\\/\\\/www.organisator.ch\\\/management\\\/2026-03-02\\\/guillaume-leopold-neuer-consulting-leader-bei-ey-schweiz\\\/\",\"name\":\"Guillaume Leopold neuer Consulting Leader bei EY Schweiz - Organisator\",\"isPartOf\":{\"@id\":\"https:\\\/\\\/www.organisator.ch\\\/#website\"},\"primaryImageOfPage\":{\"@id\":\"https:\\\/\\\/www.organisator.ch\\\/management\\\/2026-03-02\\\/guillaume-leopold-neuer-consulting-leader-bei-ey-schweiz\\\/#primaryimage\"},\"image\":{\"@id\":\"https:\\\/\\\/www.organisator.ch\\\/management\\\/2026-03-02\\\/guillaume-leopold-neuer-consulting-leader-bei-ey-schweiz\\\/#primaryimage\"},\"thumbnailUrl\":\"https:\\\/\\\/www.markt-kom.com\\\/wp-content\\\/uploads\\\/2026\\\/03\\\/EY_Guillaume_Leopold-scaled.jpg\",\"datePublished\":\"2026-03-02T08:38:14+00:00\",\"dateModified\":\"2026-03-02T10:29:26+00:00\",\"description\":\"EY Schweiz ernennt Guillaume Leopold per 1. M\u00e4rz 2026 zum neuen Consulting Leader (Non Financial Services).\",\"breadcrumb\":{\"@id\":\"https:\\\/\\\/www.organisator.ch\\\/management\\\/2026-03-02\\\/guillaume-leopold-neuer-consulting-leader-bei-ey-schweiz\\\/#breadcrumb\"},\"inLanguage\":\"de\",\"potentialAction\":[{\"@type\":\"ReadAction\",\"target\":[\"https:\\\/\\\/www.organisator.ch\\\/management\\\/2026-03-02\\\/guillaume-leopold-neuer-consulting-leader-bei-ey-schweiz\\\/\"]}]},{\"@type\":\"ImageObject\",\"inLanguage\":\"de\",\"@id\":\"https:\\\/\\\/www.organisator.ch\\\/management\\\/2026-03-02\\\/guillaume-leopold-neuer-consulting-leader-bei-ey-schweiz\\\/#primaryimage\",\"url\":\"https:\\\/\\\/www.markt-kom.com\\\/wp-content\\\/uploads\\\/2026\\\/03\\\/EY_Guillaume_Leopold-scaled.jpg\",\"contentUrl\":\"https:\\\/\\\/www.markt-kom.com\\\/wp-content\\\/uploads\\\/2026\\\/03\\\/EY_Guillaume_Leopold-scaled.jpg\"},{\"@type\":\"BreadcrumbList\",\"@id\":\"https:\\\/\\\/www.organisator.ch\\\/management\\\/2026-03-02\\\/guillaume-leopold-neuer-consulting-leader-bei-ey-schweiz\\\/#breadcrumb\",\"itemListElement\":[{\"@type\":\"ListItem\",\"position\":1,\"name\":\"Home\",\"item\":\"https:\\\/\\\/www.organisator.ch\\\/\"},{\"@type\":\"ListItem\",\"position\":2,\"name\":\"Guillaume Leopold neuer Consulting Leader bei EY Schweiz\"}]},{\"@type\":\"WebSite\",\"@id\":\"https:\\\/\\\/www.organisator.ch\\\/#website\",\"url\":\"https:\\\/\\\/www.organisator.ch\\\/\",\"name\":\"Organisator\",\"description\":\"Kompetent. Praxisnah. Der ORGANISATOR bereitet in 10 Ausgaben pro Jahr die wesentlichen Themen f\u00fcr F\u00fchrungskr\u00e4fte von KMU auf.\",\"publisher\":{\"@id\":\"https:\\\/\\\/www.organisator.ch\\\/#organization\"},\"potentialAction\":[{\"@type\":\"SearchAction\",\"target\":{\"@type\":\"EntryPoint\",\"urlTemplate\":\"https:\\\/\\\/www.organisator.ch\\\/?s={search_term_string}\"},\"query-input\":{\"@type\":\"PropertyValueSpecification\",\"valueRequired\":true,\"valueName\":\"search_term_string\"}}],\"inLanguage\":\"de\"},{\"@type\":\"Organization\",\"@id\":\"https:\\\/\\\/www.organisator.ch\\\/#organization\",\"name\":\"Organisator\",\"url\":\"https:\\\/\\\/www.organisator.ch\\\/\",\"logo\":{\"@type\":\"ImageObject\",\"inLanguage\":\"de\",\"@id\":\"https:\\\/\\\/www.organisator.ch\\\/#\\\/schema\\\/logo\\\/image\\\/\",\"url\":\"https:\\\/\\\/www.organisator.ch\\\/wp-content\\\/uploads\\\/2022\\\/01\\\/Logo_Organisator_Website.png\",\"contentUrl\":\"https:\\\/\\\/www.organisator.ch\\\/wp-content\\\/uploads\\\/2022\\\/01\\\/Logo_Organisator_Website.png\",\"width\":800,\"height\":77,\"caption\":\"Organisator\"},\"image\":{\"@id\":\"https:\\\/\\\/www.organisator.ch\\\/#\\\/schema\\\/logo\\\/image\\\/\"},\"sameAs\":[\"https:\\\/\\\/www.facebook.com\\\/OrganisatorFachmagazin\",\"https:\\\/\\\/www.linkedin.com\\\/showcase\\\/organisator-das-magazin-fr-kmu\",\"https:\\\/\\\/www.xing.com\\\/news\\\/pages\\\/organisator-ch-695\",\"https:\\\/\\\/www.youtube.com\\\/channel\\\/UCGP2Sq0iWaZwT3BdIAQFYpw\"]},{\"@type\":\"Person\",\"@id\":\"https:\\\/\\\/www.organisator.ch\\\/#\\\/schema\\\/person\\\/a9d0e0eff238db87a8f840f3b50359f0\",\"name\":\"n8n\",\"image\":{\"@type\":\"ImageObject\",\"inLanguage\":\"de\",\"@id\":\"https:\\\/\\\/secure.gravatar.com\\\/avatar\\\/5368fb9d03fd415a6f335cece4c15af2502d6ca8651efbd6e8f98427a9795400?s=96&d=mm&r=g\",\"url\":\"https:\\\/\\\/secure.gravatar.com\\\/avatar\\\/5368fb9d03fd415a6f335cece4c15af2502d6ca8651efbd6e8f98427a9795400?s=96&d=mm&r=g\",\"contentUrl\":\"https:\\\/\\\/secure.gravatar.com\\\/avatar\\\/5368fb9d03fd415a6f335cece4c15af2502d6ca8651efbd6e8f98427a9795400?s=96&d=mm&r=g\",\"caption\":\"n8n\"},\"url\":\"https:\\\/\\\/www.organisator.ch\\\/de\\\/author\\\/n8n\\\/\"}]}<\/script>\n<!-- \/ Yoast SEO plugin. -->","yoast_head_json":{"title":"Guillaume Leopold neuer Consulting Leader bei EY Schweiz - Organisator","description":"EY Schweiz ernennt Guillaume Leopold per 1. M\u00e4rz 2026 zum neuen Consulting Leader (Non Financial Services).","robots":{"index":"index","follow":"follow","max-snippet":"max-snippet:-1","max-image-preview":"max-image-preview:large","max-video-preview":"max-video-preview:-1"},"canonical":"https:\/\/www.organisator.ch\/de\/management\/2026-03-02\/guillaume-leopold-neuer-consulting-leader-bei-ey-schweiz\/","og_locale":"de_DE","og_type":"article","og_title":"Guillaume Leopold neuer Consulting Leader bei EY Schweiz - Organisator","og_description":"EY Schweiz ernennt Guillaume Leopold per 1. M\u00e4rz 2026 zum neuen Consulting Leader (Non Financial Services).","og_url":"https:\/\/www.organisator.ch\/de\/management\/2026-03-02\/guillaume-leopold-neuer-consulting-leader-bei-ey-schweiz\/","og_site_name":"Organisator","article_publisher":"https:\/\/www.facebook.com\/OrganisatorFachmagazin","article_published_time":"2026-03-02T08:38:14+00:00","article_modified_time":"2026-03-02T10:29:26+00:00","author":"n8n","twitter_card":"summary_large_image","schema":{"@context":"https:\/\/schema.org","@graph":[{"@type":"Article","@id":"https:\/\/www.organisator.ch\/management\/2026-03-02\/guillaume-leopold-neuer-consulting-leader-bei-ey-schweiz\/#article","isPartOf":{"@id":"https:\/\/www.organisator.ch\/management\/2026-03-02\/guillaume-leopold-neuer-consulting-leader-bei-ey-schweiz\/"},"author":{"name":"n8n","@id":"https:\/\/www.organisator.ch\/#\/schema\/person\/a9d0e0eff238db87a8f840f3b50359f0"},"headline":"Guillaume Leopold neuer Consulting Leader bei EY Schweiz","datePublished":"2026-03-02T08:38:14+00:00","dateModified":"2026-03-02T10:29:26+00:00","mainEntityOfPage":{"@id":"https:\/\/www.organisator.ch\/management\/2026-03-02\/guillaume-leopold-neuer-consulting-leader-bei-ey-schweiz\/"},"wordCount":268,"publisher":{"@id":"https:\/\/www.organisator.ch\/#organization"},"image":{"@id":"https:\/\/www.organisator.ch\/management\/2026-03-02\/guillaume-leopold-neuer-consulting-leader-bei-ey-schweiz\/#primaryimage"},"thumbnailUrl":"https:\/\/www.markt-kom.com\/wp-content\/uploads\/2026\/03\/EY_Guillaume_Leopold-scaled.jpg","keywords":["ey schweiz","Management","Personalia","Unternehmen"],"articleSection":["MANAGEMENT"],"inLanguage":"de"},{"@type":"WebPage","@id":"https:\/\/www.organisator.ch\/management\/2026-03-02\/guillaume-leopold-neuer-consulting-leader-bei-ey-schweiz\/","url":"https:\/\/www.organisator.ch\/management\/2026-03-02\/guillaume-leopold-neuer-consulting-leader-bei-ey-schweiz\/","name":"Guillaume Leopold neuer Consulting Leader bei EY Schweiz - Organisator","isPartOf":{"@id":"https:\/\/www.organisator.ch\/#website"},"primaryImageOfPage":{"@id":"https:\/\/www.organisator.ch\/management\/2026-03-02\/guillaume-leopold-neuer-consulting-leader-bei-ey-schweiz\/#primaryimage"},"image":{"@id":"https:\/\/www.organisator.ch\/management\/2026-03-02\/guillaume-leopold-neuer-consulting-leader-bei-ey-schweiz\/#primaryimage"},"thumbnailUrl":"https:\/\/www.markt-kom.com\/wp-content\/uploads\/2026\/03\/EY_Guillaume_Leopold-scaled.jpg","datePublished":"2026-03-02T08:38:14+00:00","dateModified":"2026-03-02T10:29:26+00:00","description":"EY Schweiz ernennt Guillaume Leopold per 1. M\u00e4rz 2026 zum neuen Consulting Leader (Non Financial Services).","breadcrumb":{"@id":"https:\/\/www.organisator.ch\/management\/2026-03-02\/guillaume-leopold-neuer-consulting-leader-bei-ey-schweiz\/#breadcrumb"},"inLanguage":"de","potentialAction":[{"@type":"ReadAction","target":["https:\/\/www.organisator.ch\/management\/2026-03-02\/guillaume-leopold-neuer-consulting-leader-bei-ey-schweiz\/"]}]},{"@type":"ImageObject","inLanguage":"de","@id":"https:\/\/www.organisator.ch\/management\/2026-03-02\/guillaume-leopold-neuer-consulting-leader-bei-ey-schweiz\/#primaryimage","url":"https:\/\/www.markt-kom.com\/wp-content\/uploads\/2026\/03\/EY_Guillaume_Leopold-scaled.jpg","contentUrl":"https:\/\/www.markt-kom.com\/wp-content\/uploads\/2026\/03\/EY_Guillaume_Leopold-scaled.jpg"},{"@type":"BreadcrumbList","@id":"https:\/\/www.organisator.ch\/management\/2026-03-02\/guillaume-leopold-neuer-consulting-leader-bei-ey-schweiz\/#breadcrumb","itemListElement":[{"@type":"ListItem","position":1,"name":"Home","item":"https:\/\/www.organisator.ch\/"},{"@type":"ListItem","position":2,"name":"Guillaume Leopold neuer Consulting Leader bei EY Schweiz"}]},{"@type":"WebSite","@id":"https:\/\/www.organisator.ch\/#website","url":"https:\/\/www.organisator.ch\/","name":"Organisator","description":"Kompetent. Praxisnah. Der ORGANISATOR bereitet in 10 Ausgaben pro Jahr die wesentlichen Themen f\u00fcr F\u00fchrungskr\u00e4fte von KMU auf.","publisher":{"@id":"https:\/\/www.organisator.ch\/#organization"},"potentialAction":[{"@type":"SearchAction","target":{"@type":"EntryPoint","urlTemplate":"https:\/\/www.organisator.ch\/?s={search_term_string}"},"query-input":{"@type":"PropertyValueSpecification","valueRequired":true,"valueName":"search_term_string"}}],"inLanguage":"de"},{"@type":"Organization","@id":"https:\/\/www.organisator.ch\/#organization","name":"Organisator","url":"https:\/\/www.organisator.ch\/","logo":{"@type":"ImageObject","inLanguage":"de","@id":"https:\/\/www.organisator.ch\/#\/schema\/logo\/image\/","url":"https:\/\/www.organisator.ch\/wp-content\/uploads\/2022\/01\/Logo_Organisator_Website.png","contentUrl":"https:\/\/www.organisator.ch\/wp-content\/uploads\/2022\/01\/Logo_Organisator_Website.png","width":800,"height":77,"caption":"Organisator"},"image":{"@id":"https:\/\/www.organisator.ch\/#\/schema\/logo\/image\/"},"sameAs":["https:\/\/www.facebook.com\/OrganisatorFachmagazin","https:\/\/www.linkedin.com\/showcase\/organisator-das-magazin-fr-kmu","https:\/\/www.xing.com\/news\/pages\/organisator-ch-695","https:\/\/www.youtube.com\/channel\/UCGP2Sq0iWaZwT3BdIAQFYpw"]},{"@type":"Person","@id":"https:\/\/www.organisator.ch\/#\/schema\/person\/a9d0e0eff238db87a8f840f3b50359f0","name":"n8n","image":{"@type":"ImageObject","inLanguage":"de","@id":"https:\/\/secure.gravatar.com\/avatar\/5368fb9d03fd415a6f335cece4c15af2502d6ca8651efbd6e8f98427a9795400?s=96&d=mm&r=g","url":"https:\/\/secure.gravatar.com\/avatar\/5368fb9d03fd415a6f335cece4c15af2502d6ca8651efbd6e8f98427a9795400?s=96&d=mm&r=g","contentUrl":"https:\/\/secure.gravatar.com\/avatar\/5368fb9d03fd415a6f335cece4c15af2502d6ca8651efbd6e8f98427a9795400?s=96&d=mm&r=g","caption":"n8n"},"url":"https:\/\/www.organisator.ch\/de\/author\/n8n\/"}]}},"_links":{"self":[{"href":"https:\/\/www.organisator.ch\/de\/wp-json\/wp\/v2\/posts\/45429","targetHints":{"allow":["GET"]}}],"collection":[{"href":"https:\/\/www.organisator.ch\/de\/wp-json\/wp\/v2\/posts"}],"about":[{"href":"https:\/\/www.organisator.ch\/de\/wp-json\/wp\/v2\/types\/post"}],"author":[{"embeddable":true,"href":"https:\/\/www.organisator.ch\/de\/wp-json\/wp\/v2\/users\/107"}],"replies":[{"embeddable":true,"href":"https:\/\/www.organisator.ch\/de\/wp-json\/wp\/v2\/comments?post=45429"}],"version-history":[{"count":5,"href":"https:\/\/www.organisator.ch\/de\/wp-json\/wp\/v2\/posts\/45429\/revisions"}],"predecessor-version":[{"id":45444,"href":"https:\/\/www.organisator.ch\/de\/wp-json\/wp\/v2\/posts\/45429\/revisions\/45444"}],"wp:attachment":[{"href":"https:\/\/www.organisator.ch\/de\/wp-json\/wp\/v2\/media?parent=45429"}],"wp:term":[{"taxonomy":"category","embeddable":true,"href":"https:\/\/www.organisator.ch\/de\/wp-json\/wp\/v2\/categories?post=45429"},{"taxonomy":"post_tag","embeddable":true,"href":"https:\/\/www.organisator.ch\/de\/wp-json\/wp\/v2\/tags?post=45429"}],"curies":[{"name":"wp","href":"https:\/\/api.w.org\/{rel}","templated":true}]}}