{"id":45457,"date":"2026-03-03T08:45:32","date_gmt":"2026-03-03T07:45:32","guid":{"rendered":"https:\/\/www.markt-kom.com\/?p=251735"},"modified":"2026-03-03T08:05:19","modified_gmt":"2026-03-03T07:05:19","slug":"vier-buecher-die-sie-interessieren-koennten-35","status":"publish","type":"post","link":"https:\/\/www.organisator.ch\/de\/weiterbildung\/2026-03-03\/vier-buecher-die-sie-interessieren-koennten-35\/","title":{"rendered":"Vier B\u00fccher, die Sie interessieren k\u00f6nnten"},"content":{"rendered":"<p><img class=\"alignnone size-full wp-image-251736\" src=\"https:\/\/www.markt-kom.com\/wp-content\/uploads\/2026\/02\/Design-ohne-Titel-3.jpg\" sizes=\"(max-width: 1024px) 100vw, 1024px\" srcset=\"https:\/\/www.markt-kom.com\/wp-content\/uploads\/2026\/02\/Design-ohne-Titel-3.jpg 1024w, https:\/\/www.markt-kom.com\/wp-content\/uploads\/2026\/02\/Design-ohne-Titel-3-600x450.jpg 600w, https:\/\/www.markt-kom.com\/wp-content\/uploads\/2026\/02\/Design-ohne-Titel-3-768x576.jpg 768w, https:\/\/www.markt-kom.com\/wp-content\/uploads\/2026\/02\/Design-ohne-Titel-3-16x12.jpg 16w, https:\/\/www.markt-kom.com\/wp-content\/uploads\/2026\/02\/Design-ohne-Titel-3-233x175.jpg 233w, https:\/\/www.markt-kom.com\/wp-content\/uploads\/2026\/02\/Design-ohne-Titel-3-467x350.jpg 467w, https:\/\/www.markt-kom.com\/wp-content\/uploads\/2026\/02\/Design-ohne-Titel-3-1000x750.jpg 1000w\" alt=\"\" width=\"1024\" height=\"768\" \/><\/p>\r\n<p>In Zusammenarbeit mit GetAbstract stellen wir Ihnen vier B\u00fccher aus dem Marketing- und Kommunikationsbereich vor. Diesmal: \u00abDie 10 wichtigsten Zukunftsthemen im Marketing\u00bb, \u00abZug um Zug verhandeln\u00bb, \u00abSelbstorganisation macht Sinn\u00bb, \u00abDatengetriebenes Marketing\u00bb.<\/p>\r\n<p>&nbsp;<\/p>\r\n<h3><strong>Die 10 wichtigsten Zukunftsthemen im Marketing<\/strong><\/h3>\r\n<p><img class=\"alignnone size-full wp-image-251738\" src=\"https:\/\/www.markt-kom.com\/wp-content\/uploads\/2026\/02\/Die-10-wichtigsten-Zukunftsthemen-im-Marketing.jpeg\" sizes=\"(max-width: 319px) 100vw, 319px\" srcset=\"https:\/\/www.markt-kom.com\/wp-content\/uploads\/2026\/02\/Die-10-wichtigsten-Zukunftsthemen-im-Marketing.jpeg 319w, https:\/\/www.markt-kom.com\/wp-content\/uploads\/2026\/02\/Die-10-wichtigsten-Zukunftsthemen-im-Marketing-8x12.jpeg 8w, https:\/\/www.markt-kom.com\/wp-content\/uploads\/2026\/02\/Die-10-wichtigsten-Zukunftsthemen-im-Marketing-112x175.jpeg 112w, https:\/\/www.markt-kom.com\/wp-content\/uploads\/2026\/02\/Die-10-wichtigsten-Zukunftsthemen-im-Marketing-223x350.jpeg 223w\" alt=\"\" width=\"319\" height=\"500\" \/><\/p>\r\n<p>Marcus Stumpf<\/p>\r\n<p>Verlag: Vahlen<\/p>\r\n<p>Publikationsjahr: 2025<\/p>\r\n<p>Seiten: 287<\/p>\r\n<p>ISBN: 9783800677825<\/p>\r\n<p>K\u00fcnstliche Intelligenz, Agile, Influencer und virale Kampagnen: Die Welt des Marketings dreht sich immer schneller. Gemeinsam mit einem Team aus beinahe 20 Experten hat Marketingforscher Marcus Stumpf eine Metastudie zu aktuellen Entwicklungen im Marketing durchgef\u00fchrt und die zehn wichtigsten identifiziert. Hier kommen Marketinginteressierte und -verantwortliche auf ihre Kosten, die einen umfassenden \u00dcberblick suchen. Das Buch ist auch f\u00fcr diejenigen verst\u00e4ndlich, die noch nicht in allen Bereichen Erfahrung haben.<\/p>\r\n<p>getAbstract-Bewertung: 8<\/p>\r\n<p>Qualit\u00e4ten:<\/p>\r\n<ul>\r\n\t<li>Umfassend<\/li>\r\n\t<li>Systematisch<\/li>\r\n\t<li>\u00dcberblick<\/li>\r\n<\/ul>\r\n<h3>\u00a0<\/h3>\r\n<h3><strong>Zug um Zug verhandeln<\/strong><\/h3>\r\n<p>Messbar bessere Ergebnisse erzielen.<\/p>\r\n<p><img class=\"alignnone size-full wp-image-251740\" src=\"https:\/\/www.markt-kom.com\/wp-content\/uploads\/2026\/02\/Zug-um-Zug-verhandeln.jpeg\" sizes=\"(max-width: 188px) 100vw, 188px\" srcset=\"https:\/\/www.markt-kom.com\/wp-content\/uploads\/2026\/02\/Zug-um-Zug-verhandeln.jpeg 188w, https:\/\/www.markt-kom.com\/wp-content\/uploads\/2026\/02\/Zug-um-Zug-verhandeln-8x12.jpeg 8w, https:\/\/www.markt-kom.com\/wp-content\/uploads\/2026\/02\/Zug-um-Zug-verhandeln-110x175.jpeg 110w\" alt=\"\" width=\"188\" height=\"300\" \/><\/p>\r\n<p>Alain Lempereur, Aur\u00e9lien Colson und Andreas Winheller<\/p>\r\n<p>Verlag: Frankfurter Allgemeine Buch<\/p>\r\n<p>Publikationsjahr: 2025<\/p>\r\n<p>Seiten: 368<\/p>\r\n<p>ISBN: 9783962512170<\/p>\r\n<p>Viele F\u00fchrungskr\u00e4fte gehen relativ unvorbereitet in Verhandlungen, klagen die Autoren, allesamt Experten f\u00fcr Verhandlungsf\u00fchrung. In ihrem Ratgeber liefern sie weit mehr als blo\u00dfe Rhetoriktipps. Es ist eher ein strategisches Handbuch, das Verhandeln als steuerbaren Prozess begreift. Statt auf Intuition setzen die Autoren auf die \u201edrei P\u201c: Personen, Problem und Prozess. Besonders wertvoll ist die Verbindung klassischer Harvard-Theorie mit operativen Techniken der Polizei- und Geiselverhandlung. Dank zahlreicher Praxisbeispiele und Checklisten ist das Buch sofort anwendbar.<\/p>\r\n<p>getAbstract-Bewertung: 9<\/p>\r\n<p>Qualit\u00e4ten:<\/p>\r\n<ul>\r\n\t<li>Umfassend<\/li>\r\n\t<li>Umsetzbar<\/li>\r\n\t<li>Praktische Beispiele<\/li>\r\n<\/ul>\r\n<p>&nbsp;<\/p>\r\n<h3><strong>Selbstorganisation macht Sinn<\/strong><\/h3>\r\n<p>Ein Leitfaden zu zeitgem\u00e4sser Zusammenarbeit in KMU.<\/p>\r\n<p><img class=\"alignnone size-full wp-image-251739\" src=\"https:\/\/www.markt-kom.com\/wp-content\/uploads\/2026\/02\/Selbstorganisation-macht-Sinn.jpeg\" sizes=\"(max-width: 669px) 100vw, 669px\" srcset=\"https:\/\/www.markt-kom.com\/wp-content\/uploads\/2026\/02\/Selbstorganisation-macht-Sinn.jpeg 669w, https:\/\/www.markt-kom.com\/wp-content\/uploads\/2026\/02\/Selbstorganisation-macht-Sinn-424x600.jpeg 424w, https:\/\/www.markt-kom.com\/wp-content\/uploads\/2026\/02\/Selbstorganisation-macht-Sinn-8x12.jpeg 8w, https:\/\/www.markt-kom.com\/wp-content\/uploads\/2026\/02\/Selbstorganisation-macht-Sinn-124x175.jpeg 124w, https:\/\/www.markt-kom.com\/wp-content\/uploads\/2026\/02\/Selbstorganisation-macht-Sinn-247x350.jpeg 247w, https:\/\/www.markt-kom.com\/wp-content\/uploads\/2026\/02\/Selbstorganisation-macht-Sinn-565x800.jpeg 565w\" alt=\"\" width=\"669\" height=\"947\" \/><\/p>\r\n<p>Adrian D\u00e4twyler, Andreas Enz, Stefan Lenz und Markus Sulzberger Hg.<\/p>\r\n<p>Verlag: Versus<\/p>\r\n<p>Publikationsjahr: 2025<\/p>\r\n<p>Seiten: 256<\/p>\r\n<p>ISBN: 9783039093403<\/p>\r\n<p>Um in einem zunehmend komplexen und dynamischen Umfeld erfolgreich bestehen zu k\u00f6nnen, setzen viele Unternehmen auf selbstorganisierte, agile Teams. Sie versprechen Flexibilit\u00e4t und Resilienz. In der Praxis scheitern jedoch viele Ans\u00e4tze, weil die n\u00f6tigen Voraussetzungen fehlen. Der vorliegende Sammelband besch\u00e4ftigt sich mit genau diesen Herausforderungen. Er erl\u00e4utert, welche Vorteile Selbstorganisation bietet, diskutiert aber auch die drohenden Fallstricke im Unternehmensalltag. Zehn Praxisbeispiele f\u00fcr die Selbstorganisation in KMU runden die eher theoretischen Betrachtungen ab.<\/p>\r\n<p>getAbstract-Bewertung: 8<\/p>\r\n<p>Qualit\u00e4ten:<\/p>\r\n<ul>\r\n\t<li>Wissenschaftsbasiert<\/li>\r\n\t<li>\u00dcberblick<\/li>\r\n\t<li>Praktische Beispiele<\/li>\r\n<\/ul>\r\n<p>&nbsp;<\/p>\r\n<h3><strong>Datengetriebenes Marketing<\/strong><\/h3>\r\n<p>Mit dem OCEAN-Modell die Big-Five-Pers\u00f6nlichkeitsmerkmale erheben und nutzen.<\/p>\r\n<p><img class=\"alignnone size-full wp-image-251737\" src=\"https:\/\/www.markt-kom.com\/wp-content\/uploads\/2026\/02\/Datengetriebenes-Marketing.jpeg\" sizes=\"(max-width: 375px) 100vw, 375px\" srcset=\"https:\/\/www.markt-kom.com\/wp-content\/uploads\/2026\/02\/Datengetriebenes-Marketing.jpeg 375w, https:\/\/www.markt-kom.com\/wp-content\/uploads\/2026\/02\/Datengetriebenes-Marketing-9x12.jpeg 9w, https:\/\/www.markt-kom.com\/wp-content\/uploads\/2026\/02\/Datengetriebenes-Marketing-131x175.jpeg 131w, https:\/\/www.markt-kom.com\/wp-content\/uploads\/2026\/02\/Datengetriebenes-Marketing-263x350.jpeg 263w\" alt=\"\" width=\"375\" height=\"500\" \/><\/p>\r\n<p>Matthias Weber<\/p>\r\n<p>Verlag: Haufe<\/p>\r\n<p>Publikationsjahr: 2025<\/p>\r\n<p>Seiten: 256<\/p>\r\n<p>ISBN: 9783648192832<\/p>\r\n<p>Marketing lebt davon, dass man seine Kundschaft kennt. Nur wer wei\u00df, wie eine Kundin tickt oder wie ein Kunde gern angesprochen werden m\u00f6chte, kann ma\u00dfgeschneiderte Angebote erstellen. Dieses Buch kombiniert auf innovative Weise zwei entscheidende Hebel: die systematische Erfassung aussagekr\u00e4ftiger Daten und die Entwicklung psychografischer Profile. Beide zusammen er\u00f6ffnen neue M\u00f6glichkeiten der Kundenansprache und Kontaktpflege. Ein klar strukturierter, verst\u00e4ndlicher Leitfaden f\u00fcr alle, die ihrer Marketingstrategie ein stabiles Fundament geben wollen.<\/p>\r\n<p>getAbstract-Bewertung: 8<\/p>\r\n<p>Qualit\u00e4ten:<\/p>\r\n<ul>\r\n\t<li>Innovativ<\/li>\r\n\t<li>Umsetzbar<\/li>\r\n\t<li>Systematisch<\/li>\r\n<\/ul>","protected":false},"excerpt":{"rendered":"<p>Marketing, F\u00fchrung und Organisation stehen vor tiefgreifenden Ver\u00e4nderungen. Neue Technologien, datenbasierte Strategien und agile Arbeitsformen verlangen nach klarer Orientierung und praxistauglichen Konzepten. Wir stellen in Zusammenarbeit mit GetAbstract vier aktuelle B\u00fccher vor, die fundiertes Wissen und konkrete Werkzeuge f\u00fcr alle bieten, die ihre Marketing- und F\u00fchrungsarbeit zukunftsf\u00e4hig gestalten wollen.<\/p>\n","protected":false},"author":8,"featured_media":0,"comment_status":"closed","ping_status":"closed","sticky":false,"template":"","format":"standard","meta":{"_acf_changed":false,"_yoast_wpseo_focuskw":"B\u00fccher","_yoast_wpseo_metadesc":"Vier aktuelle B\u00fccher, die fundiertes Wissen und konkrete Werkzeuge bieten, um Marketing- und F\u00fchrungsarbeit zukunftsf\u00e4hig zu gestalten.","articlekey":"","footnotes":""},"categories":[30],"tags":[62,2947,2624,4483,4343],"class_list":["post-45457","post","type-post","status-publish","format-standard","hentry","category-weiterbildung","tag-aus-weiterbildung","tag-buecher","tag-getabstract","tag-kreativity","tag-markom"],"acf":[],"yoast_head":"<!-- This site is optimized with the Yoast SEO plugin v27.5 - https:\/\/yoast.com\/product\/yoast-seo-wordpress\/ -->\n<title>Vier B\u00fccher, die Sie interessieren k\u00f6nnten - Organisator<\/title>\n<meta name=\"description\" content=\"Vier aktuelle B\u00fccher, die fundiertes Wissen und konkrete Werkzeuge bieten, um Marketing- und F\u00fchrungsarbeit zukunftsf\u00e4hig zu gestalten.\" \/>\n<meta name=\"robots\" content=\"index, follow, max-snippet:-1, max-image-preview:large, max-video-preview:-1\" \/>\n<link rel=\"canonical\" href=\"https:\/\/www.organisator.ch\/de\/weiterbildung\/2026-03-03\/vier-buecher-die-sie-interessieren-koennten-35\/\" \/>\n<meta property=\"og:locale\" content=\"de_DE\" \/>\n<meta property=\"og:type\" content=\"article\" \/>\n<meta property=\"og:title\" content=\"Vier B\u00fccher, die Sie interessieren k\u00f6nnten - Organisator\" \/>\n<meta property=\"og:description\" content=\"Vier aktuelle B\u00fccher, die fundiertes Wissen und konkrete Werkzeuge bieten, um Marketing- und F\u00fchrungsarbeit zukunftsf\u00e4hig zu gestalten.\" \/>\n<meta property=\"og:url\" content=\"https:\/\/www.organisator.ch\/de\/weiterbildung\/2026-03-03\/vier-buecher-die-sie-interessieren-koennten-35\/\" \/>\n<meta property=\"og:site_name\" content=\"Organisator\" \/>\n<meta property=\"article:publisher\" content=\"https:\/\/www.facebook.com\/OrganisatorFachmagazin\" \/>\n<meta property=\"article:published_time\" content=\"2026-03-03T07:45:32+00:00\" \/>\n<meta name=\"author\" content=\"galledia\" \/>\n<meta name=\"twitter:card\" content=\"summary_large_image\" \/>\n<meta name=\"twitter:creator\" content=\"@admin\" \/>\n<script type=\"application\/ld+json\" class=\"yoast-schema-graph\">{\"@context\":\"https:\\\/\\\/schema.org\",\"@graph\":[{\"@type\":\"Article\",\"@id\":\"https:\\\/\\\/www.organisator.ch\\\/weiterbildung\\\/2026-03-03\\\/vier-buecher-die-sie-interessieren-koennten-35\\\/#article\",\"isPartOf\":{\"@id\":\"https:\\\/\\\/www.organisator.ch\\\/weiterbildung\\\/2026-03-03\\\/vier-buecher-die-sie-interessieren-koennten-35\\\/\"},\"author\":{\"name\":\"galledia\",\"@id\":\"https:\\\/\\\/www.organisator.ch\\\/#\\\/schema\\\/person\\\/4e51799071cd2dd1232ac003643ef5f0\"},\"headline\":\"Vier B\u00fccher, die Sie interessieren k\u00f6nnten\",\"datePublished\":\"2026-03-03T07:45:32+00:00\",\"mainEntityOfPage\":{\"@id\":\"https:\\\/\\\/www.organisator.ch\\\/weiterbildung\\\/2026-03-03\\\/vier-buecher-die-sie-interessieren-koennten-35\\\/\"},\"wordCount\":454,\"publisher\":{\"@id\":\"https:\\\/\\\/www.organisator.ch\\\/#organization\"},\"image\":{\"@id\":\"https:\\\/\\\/www.organisator.ch\\\/weiterbildung\\\/2026-03-03\\\/vier-buecher-die-sie-interessieren-koennten-35\\\/#primaryimage\"},\"thumbnailUrl\":\"https:\\\/\\\/www.markt-kom.com\\\/wp-content\\\/uploads\\\/2026\\\/02\\\/Design-ohne-Titel-3.jpg\",\"keywords\":[\"Aus-\\\/Weiterbildung\",\"B\u00fccher\",\"GetAbstract\",\"Kreativity\",\"MarKom\"],\"articleSection\":[\"WEITERBILDUNG\"],\"inLanguage\":\"de\"},{\"@type\":\"WebPage\",\"@id\":\"https:\\\/\\\/www.organisator.ch\\\/weiterbildung\\\/2026-03-03\\\/vier-buecher-die-sie-interessieren-koennten-35\\\/\",\"url\":\"https:\\\/\\\/www.organisator.ch\\\/weiterbildung\\\/2026-03-03\\\/vier-buecher-die-sie-interessieren-koennten-35\\\/\",\"name\":\"Vier B\u00fccher, die Sie interessieren k\u00f6nnten - Organisator\",\"isPartOf\":{\"@id\":\"https:\\\/\\\/www.organisator.ch\\\/#website\"},\"primaryImageOfPage\":{\"@id\":\"https:\\\/\\\/www.organisator.ch\\\/weiterbildung\\\/2026-03-03\\\/vier-buecher-die-sie-interessieren-koennten-35\\\/#primaryimage\"},\"image\":{\"@id\":\"https:\\\/\\\/www.organisator.ch\\\/weiterbildung\\\/2026-03-03\\\/vier-buecher-die-sie-interessieren-koennten-35\\\/#primaryimage\"},\"thumbnailUrl\":\"https:\\\/\\\/www.markt-kom.com\\\/wp-content\\\/uploads\\\/2026\\\/02\\\/Design-ohne-Titel-3.jpg\",\"datePublished\":\"2026-03-03T07:45:32+00:00\",\"description\":\"Vier aktuelle B\u00fccher, die fundiertes Wissen und konkrete Werkzeuge bieten, um Marketing- und F\u00fchrungsarbeit zukunftsf\u00e4hig zu gestalten.\",\"breadcrumb\":{\"@id\":\"https:\\\/\\\/www.organisator.ch\\\/weiterbildung\\\/2026-03-03\\\/vier-buecher-die-sie-interessieren-koennten-35\\\/#breadcrumb\"},\"inLanguage\":\"de\",\"potentialAction\":[{\"@type\":\"ReadAction\",\"target\":[\"https:\\\/\\\/www.organisator.ch\\\/weiterbildung\\\/2026-03-03\\\/vier-buecher-die-sie-interessieren-koennten-35\\\/\"]}]},{\"@type\":\"ImageObject\",\"inLanguage\":\"de\",\"@id\":\"https:\\\/\\\/www.organisator.ch\\\/weiterbildung\\\/2026-03-03\\\/vier-buecher-die-sie-interessieren-koennten-35\\\/#primaryimage\",\"url\":\"https:\\\/\\\/www.markt-kom.com\\\/wp-content\\\/uploads\\\/2026\\\/02\\\/Design-ohne-Titel-3.jpg\",\"contentUrl\":\"https:\\\/\\\/www.markt-kom.com\\\/wp-content\\\/uploads\\\/2026\\\/02\\\/Design-ohne-Titel-3.jpg\"},{\"@type\":\"BreadcrumbList\",\"@id\":\"https:\\\/\\\/www.organisator.ch\\\/weiterbildung\\\/2026-03-03\\\/vier-buecher-die-sie-interessieren-koennten-35\\\/#breadcrumb\",\"itemListElement\":[{\"@type\":\"ListItem\",\"position\":1,\"name\":\"Home\",\"item\":\"https:\\\/\\\/www.organisator.ch\\\/\"},{\"@type\":\"ListItem\",\"position\":2,\"name\":\"Vier B\u00fccher, die Sie interessieren k\u00f6nnten\"}]},{\"@type\":\"WebSite\",\"@id\":\"https:\\\/\\\/www.organisator.ch\\\/#website\",\"url\":\"https:\\\/\\\/www.organisator.ch\\\/\",\"name\":\"Organisator\",\"description\":\"Kompetent. Praxisnah. Der ORGANISATOR bereitet in 10 Ausgaben pro Jahr die wesentlichen Themen f\u00fcr F\u00fchrungskr\u00e4fte von KMU auf.\",\"publisher\":{\"@id\":\"https:\\\/\\\/www.organisator.ch\\\/#organization\"},\"potentialAction\":[{\"@type\":\"SearchAction\",\"target\":{\"@type\":\"EntryPoint\",\"urlTemplate\":\"https:\\\/\\\/www.organisator.ch\\\/?s={search_term_string}\"},\"query-input\":{\"@type\":\"PropertyValueSpecification\",\"valueRequired\":true,\"valueName\":\"search_term_string\"}}],\"inLanguage\":\"de\"},{\"@type\":\"Organization\",\"@id\":\"https:\\\/\\\/www.organisator.ch\\\/#organization\",\"name\":\"Organisator\",\"url\":\"https:\\\/\\\/www.organisator.ch\\\/\",\"logo\":{\"@type\":\"ImageObject\",\"inLanguage\":\"de\",\"@id\":\"https:\\\/\\\/www.organisator.ch\\\/#\\\/schema\\\/logo\\\/image\\\/\",\"url\":\"https:\\\/\\\/www.organisator.ch\\\/wp-content\\\/uploads\\\/2022\\\/01\\\/Logo_Organisator_Website.png\",\"contentUrl\":\"https:\\\/\\\/www.organisator.ch\\\/wp-content\\\/uploads\\\/2022\\\/01\\\/Logo_Organisator_Website.png\",\"width\":800,\"height\":77,\"caption\":\"Organisator\"},\"image\":{\"@id\":\"https:\\\/\\\/www.organisator.ch\\\/#\\\/schema\\\/logo\\\/image\\\/\"},\"sameAs\":[\"https:\\\/\\\/www.facebook.com\\\/OrganisatorFachmagazin\",\"https:\\\/\\\/www.linkedin.com\\\/showcase\\\/organisator-das-magazin-fr-kmu\",\"https:\\\/\\\/www.xing.com\\\/news\\\/pages\\\/organisator-ch-695\",\"https:\\\/\\\/www.youtube.com\\\/channel\\\/UCGP2Sq0iWaZwT3BdIAQFYpw\"]},{\"@type\":\"Person\",\"@id\":\"https:\\\/\\\/www.organisator.ch\\\/#\\\/schema\\\/person\\\/4e51799071cd2dd1232ac003643ef5f0\",\"name\":\"galledia\",\"image\":{\"@type\":\"ImageObject\",\"inLanguage\":\"de\",\"@id\":\"https:\\\/\\\/secure.gravatar.com\\\/avatar\\\/78a7f90c01fc2bfc875782a0d4922b37cde2cf184ce347b91316d23cd7f69a36?s=96&d=mm&r=g\",\"url\":\"https:\\\/\\\/secure.gravatar.com\\\/avatar\\\/78a7f90c01fc2bfc875782a0d4922b37cde2cf184ce347b91316d23cd7f69a36?s=96&d=mm&r=g\",\"contentUrl\":\"https:\\\/\\\/secure.gravatar.com\\\/avatar\\\/78a7f90c01fc2bfc875782a0d4922b37cde2cf184ce347b91316d23cd7f69a36?s=96&d=mm&r=g\",\"caption\":\"galledia\"},\"sameAs\":[\"https:\\\/\\\/x.com\\\/admin\"],\"url\":\"https:\\\/\\\/www.organisator.ch\\\/de\\\/author\\\/galledia\\\/\"}]}<\/script>\n<!-- \/ Yoast SEO plugin. -->","yoast_head_json":{"title":"Vier B\u00fccher, die Sie interessieren k\u00f6nnten - Organisator","description":"Vier aktuelle B\u00fccher, die fundiertes Wissen und konkrete Werkzeuge bieten, um Marketing- und F\u00fchrungsarbeit zukunftsf\u00e4hig zu gestalten.","robots":{"index":"index","follow":"follow","max-snippet":"max-snippet:-1","max-image-preview":"max-image-preview:large","max-video-preview":"max-video-preview:-1"},"canonical":"https:\/\/www.organisator.ch\/de\/weiterbildung\/2026-03-03\/vier-buecher-die-sie-interessieren-koennten-35\/","og_locale":"de_DE","og_type":"article","og_title":"Vier B\u00fccher, die Sie interessieren k\u00f6nnten - Organisator","og_description":"Vier aktuelle B\u00fccher, die fundiertes Wissen und konkrete Werkzeuge bieten, um Marketing- und F\u00fchrungsarbeit zukunftsf\u00e4hig zu gestalten.","og_url":"https:\/\/www.organisator.ch\/de\/weiterbildung\/2026-03-03\/vier-buecher-die-sie-interessieren-koennten-35\/","og_site_name":"Organisator","article_publisher":"https:\/\/www.facebook.com\/OrganisatorFachmagazin","article_published_time":"2026-03-03T07:45:32+00:00","author":"galledia","twitter_card":"summary_large_image","twitter_creator":"@admin","schema":{"@context":"https:\/\/schema.org","@graph":[{"@type":"Article","@id":"https:\/\/www.organisator.ch\/weiterbildung\/2026-03-03\/vier-buecher-die-sie-interessieren-koennten-35\/#article","isPartOf":{"@id":"https:\/\/www.organisator.ch\/weiterbildung\/2026-03-03\/vier-buecher-die-sie-interessieren-koennten-35\/"},"author":{"name":"galledia","@id":"https:\/\/www.organisator.ch\/#\/schema\/person\/4e51799071cd2dd1232ac003643ef5f0"},"headline":"Vier B\u00fccher, die Sie interessieren k\u00f6nnten","datePublished":"2026-03-03T07:45:32+00:00","mainEntityOfPage":{"@id":"https:\/\/www.organisator.ch\/weiterbildung\/2026-03-03\/vier-buecher-die-sie-interessieren-koennten-35\/"},"wordCount":454,"publisher":{"@id":"https:\/\/www.organisator.ch\/#organization"},"image":{"@id":"https:\/\/www.organisator.ch\/weiterbildung\/2026-03-03\/vier-buecher-die-sie-interessieren-koennten-35\/#primaryimage"},"thumbnailUrl":"https:\/\/www.markt-kom.com\/wp-content\/uploads\/2026\/02\/Design-ohne-Titel-3.jpg","keywords":["Aus-\/Weiterbildung","B\u00fccher","GetAbstract","Kreativity","MarKom"],"articleSection":["WEITERBILDUNG"],"inLanguage":"de"},{"@type":"WebPage","@id":"https:\/\/www.organisator.ch\/weiterbildung\/2026-03-03\/vier-buecher-die-sie-interessieren-koennten-35\/","url":"https:\/\/www.organisator.ch\/weiterbildung\/2026-03-03\/vier-buecher-die-sie-interessieren-koennten-35\/","name":"Vier B\u00fccher, die Sie interessieren k\u00f6nnten - Organisator","isPartOf":{"@id":"https:\/\/www.organisator.ch\/#website"},"primaryImageOfPage":{"@id":"https:\/\/www.organisator.ch\/weiterbildung\/2026-03-03\/vier-buecher-die-sie-interessieren-koennten-35\/#primaryimage"},"image":{"@id":"https:\/\/www.organisator.ch\/weiterbildung\/2026-03-03\/vier-buecher-die-sie-interessieren-koennten-35\/#primaryimage"},"thumbnailUrl":"https:\/\/www.markt-kom.com\/wp-content\/uploads\/2026\/02\/Design-ohne-Titel-3.jpg","datePublished":"2026-03-03T07:45:32+00:00","description":"Vier aktuelle B\u00fccher, die fundiertes Wissen und konkrete Werkzeuge bieten, um Marketing- und F\u00fchrungsarbeit zukunftsf\u00e4hig zu gestalten.","breadcrumb":{"@id":"https:\/\/www.organisator.ch\/weiterbildung\/2026-03-03\/vier-buecher-die-sie-interessieren-koennten-35\/#breadcrumb"},"inLanguage":"de","potentialAction":[{"@type":"ReadAction","target":["https:\/\/www.organisator.ch\/weiterbildung\/2026-03-03\/vier-buecher-die-sie-interessieren-koennten-35\/"]}]},{"@type":"ImageObject","inLanguage":"de","@id":"https:\/\/www.organisator.ch\/weiterbildung\/2026-03-03\/vier-buecher-die-sie-interessieren-koennten-35\/#primaryimage","url":"https:\/\/www.markt-kom.com\/wp-content\/uploads\/2026\/02\/Design-ohne-Titel-3.jpg","contentUrl":"https:\/\/www.markt-kom.com\/wp-content\/uploads\/2026\/02\/Design-ohne-Titel-3.jpg"},{"@type":"BreadcrumbList","@id":"https:\/\/www.organisator.ch\/weiterbildung\/2026-03-03\/vier-buecher-die-sie-interessieren-koennten-35\/#breadcrumb","itemListElement":[{"@type":"ListItem","position":1,"name":"Home","item":"https:\/\/www.organisator.ch\/"},{"@type":"ListItem","position":2,"name":"Vier B\u00fccher, die Sie interessieren k\u00f6nnten"}]},{"@type":"WebSite","@id":"https:\/\/www.organisator.ch\/#website","url":"https:\/\/www.organisator.ch\/","name":"Organisator","description":"Kompetent. Praxisnah. Der ORGANISATOR bereitet in 10 Ausgaben pro Jahr die wesentlichen Themen f\u00fcr F\u00fchrungskr\u00e4fte von KMU auf.","publisher":{"@id":"https:\/\/www.organisator.ch\/#organization"},"potentialAction":[{"@type":"SearchAction","target":{"@type":"EntryPoint","urlTemplate":"https:\/\/www.organisator.ch\/?s={search_term_string}"},"query-input":{"@type":"PropertyValueSpecification","valueRequired":true,"valueName":"search_term_string"}}],"inLanguage":"de"},{"@type":"Organization","@id":"https:\/\/www.organisator.ch\/#organization","name":"Organisator","url":"https:\/\/www.organisator.ch\/","logo":{"@type":"ImageObject","inLanguage":"de","@id":"https:\/\/www.organisator.ch\/#\/schema\/logo\/image\/","url":"https:\/\/www.organisator.ch\/wp-content\/uploads\/2022\/01\/Logo_Organisator_Website.png","contentUrl":"https:\/\/www.organisator.ch\/wp-content\/uploads\/2022\/01\/Logo_Organisator_Website.png","width":800,"height":77,"caption":"Organisator"},"image":{"@id":"https:\/\/www.organisator.ch\/#\/schema\/logo\/image\/"},"sameAs":["https:\/\/www.facebook.com\/OrganisatorFachmagazin","https:\/\/www.linkedin.com\/showcase\/organisator-das-magazin-fr-kmu","https:\/\/www.xing.com\/news\/pages\/organisator-ch-695","https:\/\/www.youtube.com\/channel\/UCGP2Sq0iWaZwT3BdIAQFYpw"]},{"@type":"Person","@id":"https:\/\/www.organisator.ch\/#\/schema\/person\/4e51799071cd2dd1232ac003643ef5f0","name":"galledia","image":{"@type":"ImageObject","inLanguage":"de","@id":"https:\/\/secure.gravatar.com\/avatar\/78a7f90c01fc2bfc875782a0d4922b37cde2cf184ce347b91316d23cd7f69a36?s=96&d=mm&r=g","url":"https:\/\/secure.gravatar.com\/avatar\/78a7f90c01fc2bfc875782a0d4922b37cde2cf184ce347b91316d23cd7f69a36?s=96&d=mm&r=g","contentUrl":"https:\/\/secure.gravatar.com\/avatar\/78a7f90c01fc2bfc875782a0d4922b37cde2cf184ce347b91316d23cd7f69a36?s=96&d=mm&r=g","caption":"galledia"},"sameAs":["https:\/\/x.com\/admin"],"url":"https:\/\/www.organisator.ch\/de\/author\/galledia\/"}]}},"_links":{"self":[{"href":"https:\/\/www.organisator.ch\/de\/wp-json\/wp\/v2\/posts\/45457","targetHints":{"allow":["GET"]}}],"collection":[{"href":"https:\/\/www.organisator.ch\/de\/wp-json\/wp\/v2\/posts"}],"about":[{"href":"https:\/\/www.organisator.ch\/de\/wp-json\/wp\/v2\/types\/post"}],"author":[{"embeddable":true,"href":"https:\/\/www.organisator.ch\/de\/wp-json\/wp\/v2\/users\/8"}],"replies":[{"embeddable":true,"href":"https:\/\/www.organisator.ch\/de\/wp-json\/wp\/v2\/comments?post=45457"}],"version-history":[{"count":3,"href":"https:\/\/www.organisator.ch\/de\/wp-json\/wp\/v2\/posts\/45457\/revisions"}],"predecessor-version":[{"id":45541,"href":"https:\/\/www.organisator.ch\/de\/wp-json\/wp\/v2\/posts\/45457\/revisions\/45541"}],"wp:attachment":[{"href":"https:\/\/www.organisator.ch\/de\/wp-json\/wp\/v2\/media?parent=45457"}],"wp:term":[{"taxonomy":"category","embeddable":true,"href":"https:\/\/www.organisator.ch\/de\/wp-json\/wp\/v2\/categories?post=45457"},{"taxonomy":"post_tag","embeddable":true,"href":"https:\/\/www.organisator.ch\/de\/wp-json\/wp\/v2\/tags?post=45457"}],"curies":[{"name":"wp","href":"https:\/\/api.w.org\/{rel}","templated":true}]}}