{"id":45473,"date":"2026-03-02T16:10:43","date_gmt":"2026-03-02T15:10:43","guid":{"rendered":"https:\/\/www.organisator.ch\/de\/?p=45473"},"modified":"2026-03-02T16:10:43","modified_gmt":"2026-03-02T15:10:43","slug":"john-feigl-wird-neuer-cfo-der-faigle","status":"publish","type":"post","link":"https:\/\/www.organisator.ch\/de\/management\/2026-03-02\/john-feigl-wird-neuer-cfo-der-faigle\/","title":{"rendered":"John Feigl wird neuer CFO der Faigle"},"content":{"rendered":"<figure id=\"attachment_45472\" aria-describedby=\"caption-attachment-45472\" style=\"width: 800px\" class=\"wp-caption alignnone\"><img loading=\"lazy\" decoding=\"async\" class=\"size-full wp-image-45472\" src=\"https:\/\/www.organisator.ch\/wp-content\/uploads\/2026\/03\/John-Feigl.jpg\" alt=\"John Feigl wird per 1. M\u00e4rz 2026 neuer Chief Financial Officer (CFO) der Faigle AG. (Quelle: zvg)\" width=\"800\" height=\"533\" srcset=\"https:\/\/www.organisator.ch\/wp-content\/uploads\/2026\/03\/John-Feigl.jpg 800w, https:\/\/www.organisator.ch\/wp-content\/uploads\/2026\/03\/John-Feigl-680x453.jpg 680w, https:\/\/www.organisator.ch\/wp-content\/uploads\/2026\/03\/John-Feigl-768x512.jpg 768w, https:\/\/www.organisator.ch\/wp-content\/uploads\/2026\/03\/John-Feigl-18x12.jpg 18w, https:\/\/www.organisator.ch\/wp-content\/uploads\/2026\/03\/John-Feigl-375x250.jpg 375w, https:\/\/www.organisator.ch\/wp-content\/uploads\/2026\/03\/John-Feigl-525x350.jpg 525w\" sizes=\"auto, (max-width: 800px) 100vw, 800px\" \/><figcaption id=\"caption-attachment-45472\" class=\"wp-caption-text\">John Feigl wird per 1. M\u00e4rz 2026 neuer Chief Financial Officer (CFO) der Faigle. (Quelle: zvg)<\/figcaption><\/figure>\n<p>Per 1. M\u00e4rz 2026 \u00fcbernimmt John Feigl die Position des Chief Financial Officer (CFO) der Faigle. Als Mitglied der Gesch\u00e4ftsleitung verantwortet er die Bereiche Finanzen und Controlling sowie die finanzielle Steuerung der Faigle Gruppe.<\/p>\n<h3>Erfahrener Finanzexperte f\u00fcr zukunftsorientierte Entwicklung<\/h3>\n<p>\u00abMit John Feigl gewinnen wir einen erfahrenen Finanzspezialisten, der unsere Gesch\u00e4ftsleitung ideal erg\u00e4nzt\u00bb, kommentiert Armin B\u00e4bler, CEO der Faigle. \u00abSeine Expertise in der Steuerung komplexer Projekte wird uns dabei unterst\u00fctzen, die Faigle Gruppe finanziell solide und zukunftsorientiert weiterzuentwickeln. Ich freue mich sehr auf die Zusammenarbeit.\u00bb<\/p>\n<p>John Feigl verf\u00fcgt \u00fcber langj\u00e4hrige Erfahrung in der Finanzf\u00fchrung sowie bei komplexen Unternehmens-Transaktionen (M&amp;A) und Transformationsprojekten. Er hat einen Abschluss an der Universit\u00e4t St. Gallen und den CFA Charter. Zuletzt war er als CFO der Graphax t\u00e4tig, wo er zur positiven Unternehmensentwicklung beitrug. Zuvor begleitete er als CFO der Spectroplast den Aufbau und die Skalierung eines Unternehmens im Bereich der additiven Fertigung (3D-Druck).<\/p>\n<h3>St\u00e4rkung der finanziellen F\u00fchrung<\/h3>\n<p>Mit der Verpflichtung von John Feigl st\u00e4rkt die Faigle ihre finanzielle F\u00fchrung und die fachliche Begleitung der weiteren Unternehmensentwicklung.<\/p>\n<p>Faigle, ein inhabergef\u00fchrtes Familienunternehmen, ist der gr\u00f6sste herstellerunabh\u00e4ngige Anbieter von Managed Print Services der Schweiz und ist f\u00fchrender Partner f\u00fcr Gesch\u00e4ftsprozessdigitalisierung, Managed Print Solutions und Business Process Outsourcing. Faigle unterst\u00fctzt Unternehmen, ihre Potenziale der digitalen Transformation auszusch\u00f6pfen. Dabei denkt und handelt Faigle zukunftsorientiert und kombiniert Expertise mit einem einzigartigen L\u00f6sungsspektrum. Dank der nunmehr 90-j\u00e4hrigen Erfahrung kennt Faigle die Bed\u00fcrfnisse der Kunden und entwickelt mit ihnen gemeinsam massgeschneiderte L\u00f6sungen, welche sie im Gesch\u00e4ftsalltag unterst\u00fctzen.<\/p>\n<p><a href=\"https:\/\/www.faigle.ch\" target=\"_blank\" rel=\"noopener\">www.faigle.ch<\/a><\/p>\n","protected":false},"excerpt":{"rendered":"<p>Per 1. M\u00e4rz 2026 \u00fcbernimmt John Feigl die Position des Chief Financial Officer (CFO) der Faigle. Als Mitglied der Gesch\u00e4ftsleitung verantwortet er die Bereiche Finanzen und Controlling sowie die finanzielle Steuerung der Faigle Gruppe.<\/p>\n","protected":false},"author":107,"featured_media":45472,"comment_status":"closed","ping_status":"closed","sticky":false,"template":"","format":"standard","meta":{"_acf_changed":false,"_yoast_wpseo_focuskw":"John Feigl","_yoast_wpseo_metadesc":"John Feigl \u00fcbernimmt per 1. M\u00e4rz 2026 die Position des CFO der Faigle AG. Er verantwortet Finanzen, Controlling und die finanzielle Steuerung.","articlekey":"","footnotes":""},"categories":[28],"tags":[334,381,492],"class_list":["post-45473","post","type-post","status-publish","format-standard","has-post-thumbnail","hentry","category-management","tag-management","tag-personalia","tag-unternehmen"],"acf":[],"yoast_head":"<!-- This site is optimized with the Yoast SEO plugin v27.4 - https:\/\/yoast.com\/product\/yoast-seo-wordpress\/ -->\n<title>John Feigl wird neuer CFO der Faigle - Organisator<\/title>\n<meta name=\"description\" content=\"John Feigl \u00fcbernimmt per 1. M\u00e4rz 2026 die Position des CFO der Faigle AG. Er verantwortet Finanzen, Controlling und die finanzielle Steuerung.\" \/>\n<meta name=\"robots\" content=\"index, follow, max-snippet:-1, max-image-preview:large, max-video-preview:-1\" \/>\n<link rel=\"canonical\" href=\"https:\/\/www.organisator.ch\/de\/management\/2026-03-02\/john-feigl-wird-neuer-cfo-der-faigle\/\" \/>\n<meta property=\"og:locale\" content=\"de_DE\" \/>\n<meta property=\"og:type\" content=\"article\" \/>\n<meta property=\"og:title\" content=\"John Feigl wird neuer CFO der Faigle AG\" \/>\n<meta property=\"og:description\" content=\"John Feigl \u00fcbernimmt per 1. M\u00e4rz 2026 die Position des CFO der Faigle AG. Er verantwortet Finanzen, Controlling und die finanzielle Steuerung.\" \/>\n<meta property=\"og:url\" content=\"https:\/\/www.organisator.ch\/de\/management\/2026-03-02\/john-feigl-wird-neuer-cfo-der-faigle\/\" \/>\n<meta property=\"og:site_name\" content=\"Organisator\" \/>\n<meta property=\"article:publisher\" content=\"https:\/\/www.facebook.com\/OrganisatorFachmagazin\" \/>\n<meta property=\"article:published_time\" content=\"2026-03-02T15:10:43+00:00\" \/>\n<meta property=\"og:image\" content=\"https:\/\/www.organisator.ch\/wp-content\/uploads\/2026\/03\/John-Feigl.jpg\" \/>\n\t<meta property=\"og:image:width\" content=\"800\" \/>\n\t<meta property=\"og:image:height\" content=\"533\" \/>\n\t<meta property=\"og:image:type\" content=\"image\/jpeg\" \/>\n<meta name=\"author\" content=\"n8n\" \/>\n<meta name=\"twitter:card\" content=\"summary_large_image\" \/>\n<meta name=\"twitter:title\" content=\"John Feigl wird neuer #CFO der #Faigle AG\" \/>\n<meta name=\"twitter:description\" content=\"John #Feigl \u00fcbernimmt per 1. M\u00e4rz 2026 die Position des #CFO der #Faigle AG. Er verantwortet Finanzen, Controlling und die finanzielle Steuerung.\" \/>\n<meta name=\"twitter:image\" content=\"https:\/\/www.organisator.ch\/wp-content\/uploads\/2026\/03\/John-Feigl.jpg\" \/>\n<script type=\"application\/ld+json\" class=\"yoast-schema-graph\">{\"@context\":\"https:\\\/\\\/schema.org\",\"@graph\":[{\"@type\":\"Article\",\"@id\":\"https:\\\/\\\/www.organisator.ch\\\/management\\\/2026-03-02\\\/john-feigl-wird-neuer-cfo-der-faigle\\\/#article\",\"isPartOf\":{\"@id\":\"https:\\\/\\\/www.organisator.ch\\\/management\\\/2026-03-02\\\/john-feigl-wird-neuer-cfo-der-faigle\\\/\"},\"author\":{\"name\":\"n8n\",\"@id\":\"https:\\\/\\\/www.organisator.ch\\\/#\\\/schema\\\/person\\\/a9d0e0eff238db87a8f840f3b50359f0\"},\"headline\":\"John Feigl wird neuer CFO der Faigle\",\"datePublished\":\"2026-03-02T15:10:43+00:00\",\"mainEntityOfPage\":{\"@id\":\"https:\\\/\\\/www.organisator.ch\\\/management\\\/2026-03-02\\\/john-feigl-wird-neuer-cfo-der-faigle\\\/\"},\"wordCount\":305,\"publisher\":{\"@id\":\"https:\\\/\\\/www.organisator.ch\\\/#organization\"},\"image\":{\"@id\":\"https:\\\/\\\/www.organisator.ch\\\/management\\\/2026-03-02\\\/john-feigl-wird-neuer-cfo-der-faigle\\\/#primaryimage\"},\"thumbnailUrl\":\"https:\\\/\\\/www.organisator.ch\\\/wp-content\\\/uploads\\\/2026\\\/03\\\/John-Feigl.jpg\",\"keywords\":[\"Management\",\"Personalia\",\"Unternehmen\"],\"articleSection\":[\"MANAGEMENT\"],\"inLanguage\":\"de\"},{\"@type\":\"WebPage\",\"@id\":\"https:\\\/\\\/www.organisator.ch\\\/management\\\/2026-03-02\\\/john-feigl-wird-neuer-cfo-der-faigle\\\/\",\"url\":\"https:\\\/\\\/www.organisator.ch\\\/management\\\/2026-03-02\\\/john-feigl-wird-neuer-cfo-der-faigle\\\/\",\"name\":\"John Feigl wird neuer CFO der Faigle - Organisator\",\"isPartOf\":{\"@id\":\"https:\\\/\\\/www.organisator.ch\\\/#website\"},\"primaryImageOfPage\":{\"@id\":\"https:\\\/\\\/www.organisator.ch\\\/management\\\/2026-03-02\\\/john-feigl-wird-neuer-cfo-der-faigle\\\/#primaryimage\"},\"image\":{\"@id\":\"https:\\\/\\\/www.organisator.ch\\\/management\\\/2026-03-02\\\/john-feigl-wird-neuer-cfo-der-faigle\\\/#primaryimage\"},\"thumbnailUrl\":\"https:\\\/\\\/www.organisator.ch\\\/wp-content\\\/uploads\\\/2026\\\/03\\\/John-Feigl.jpg\",\"datePublished\":\"2026-03-02T15:10:43+00:00\",\"description\":\"John Feigl \u00fcbernimmt per 1. M\u00e4rz 2026 die Position des CFO der Faigle AG. Er verantwortet Finanzen, Controlling und die finanzielle Steuerung.\",\"breadcrumb\":{\"@id\":\"https:\\\/\\\/www.organisator.ch\\\/management\\\/2026-03-02\\\/john-feigl-wird-neuer-cfo-der-faigle\\\/#breadcrumb\"},\"inLanguage\":\"de\",\"potentialAction\":[{\"@type\":\"ReadAction\",\"target\":[\"https:\\\/\\\/www.organisator.ch\\\/management\\\/2026-03-02\\\/john-feigl-wird-neuer-cfo-der-faigle\\\/\"]}]},{\"@type\":\"ImageObject\",\"inLanguage\":\"de\",\"@id\":\"https:\\\/\\\/www.organisator.ch\\\/management\\\/2026-03-02\\\/john-feigl-wird-neuer-cfo-der-faigle\\\/#primaryimage\",\"url\":\"https:\\\/\\\/www.organisator.ch\\\/wp-content\\\/uploads\\\/2026\\\/03\\\/John-Feigl.jpg\",\"contentUrl\":\"https:\\\/\\\/www.organisator.ch\\\/wp-content\\\/uploads\\\/2026\\\/03\\\/John-Feigl.jpg\",\"width\":800,\"height\":533,\"caption\":\"John Feigl wird per 1. M\u00e4rz 2026 neuer Chief Financial Officer (CFO) der Faigle AG. (Quelle: zvg)\"},{\"@type\":\"BreadcrumbList\",\"@id\":\"https:\\\/\\\/www.organisator.ch\\\/management\\\/2026-03-02\\\/john-feigl-wird-neuer-cfo-der-faigle\\\/#breadcrumb\",\"itemListElement\":[{\"@type\":\"ListItem\",\"position\":1,\"name\":\"Home\",\"item\":\"https:\\\/\\\/www.organisator.ch\\\/\"},{\"@type\":\"ListItem\",\"position\":2,\"name\":\"John Feigl wird neuer CFO der Faigle\"}]},{\"@type\":\"WebSite\",\"@id\":\"https:\\\/\\\/www.organisator.ch\\\/#website\",\"url\":\"https:\\\/\\\/www.organisator.ch\\\/\",\"name\":\"Organisator\",\"description\":\"Kompetent. Praxisnah. Der ORGANISATOR bereitet in 10 Ausgaben pro Jahr die wesentlichen Themen f\u00fcr F\u00fchrungskr\u00e4fte von KMU auf.\",\"publisher\":{\"@id\":\"https:\\\/\\\/www.organisator.ch\\\/#organization\"},\"potentialAction\":[{\"@type\":\"SearchAction\",\"target\":{\"@type\":\"EntryPoint\",\"urlTemplate\":\"https:\\\/\\\/www.organisator.ch\\\/?s={search_term_string}\"},\"query-input\":{\"@type\":\"PropertyValueSpecification\",\"valueRequired\":true,\"valueName\":\"search_term_string\"}}],\"inLanguage\":\"de\"},{\"@type\":\"Organization\",\"@id\":\"https:\\\/\\\/www.organisator.ch\\\/#organization\",\"name\":\"Organisator\",\"url\":\"https:\\\/\\\/www.organisator.ch\\\/\",\"logo\":{\"@type\":\"ImageObject\",\"inLanguage\":\"de\",\"@id\":\"https:\\\/\\\/www.organisator.ch\\\/#\\\/schema\\\/logo\\\/image\\\/\",\"url\":\"https:\\\/\\\/www.organisator.ch\\\/wp-content\\\/uploads\\\/2022\\\/01\\\/Logo_Organisator_Website.png\",\"contentUrl\":\"https:\\\/\\\/www.organisator.ch\\\/wp-content\\\/uploads\\\/2022\\\/01\\\/Logo_Organisator_Website.png\",\"width\":800,\"height\":77,\"caption\":\"Organisator\"},\"image\":{\"@id\":\"https:\\\/\\\/www.organisator.ch\\\/#\\\/schema\\\/logo\\\/image\\\/\"},\"sameAs\":[\"https:\\\/\\\/www.facebook.com\\\/OrganisatorFachmagazin\",\"https:\\\/\\\/www.linkedin.com\\\/showcase\\\/organisator-das-magazin-fr-kmu\",\"https:\\\/\\\/www.xing.com\\\/news\\\/pages\\\/organisator-ch-695\",\"https:\\\/\\\/www.youtube.com\\\/channel\\\/UCGP2Sq0iWaZwT3BdIAQFYpw\"]},{\"@type\":\"Person\",\"@id\":\"https:\\\/\\\/www.organisator.ch\\\/#\\\/schema\\\/person\\\/a9d0e0eff238db87a8f840f3b50359f0\",\"name\":\"n8n\",\"image\":{\"@type\":\"ImageObject\",\"inLanguage\":\"de\",\"@id\":\"https:\\\/\\\/secure.gravatar.com\\\/avatar\\\/5368fb9d03fd415a6f335cece4c15af2502d6ca8651efbd6e8f98427a9795400?s=96&d=mm&r=g\",\"url\":\"https:\\\/\\\/secure.gravatar.com\\\/avatar\\\/5368fb9d03fd415a6f335cece4c15af2502d6ca8651efbd6e8f98427a9795400?s=96&d=mm&r=g\",\"contentUrl\":\"https:\\\/\\\/secure.gravatar.com\\\/avatar\\\/5368fb9d03fd415a6f335cece4c15af2502d6ca8651efbd6e8f98427a9795400?s=96&d=mm&r=g\",\"caption\":\"n8n\"},\"url\":\"https:\\\/\\\/www.organisator.ch\\\/de\\\/author\\\/n8n\\\/\"}]}<\/script>\n<!-- \/ Yoast SEO plugin. -->","yoast_head_json":{"title":"John Feigl wird neuer CFO der Faigle - Organisator","description":"John Feigl \u00fcbernimmt per 1. M\u00e4rz 2026 die Position des CFO der Faigle AG. Er verantwortet Finanzen, Controlling und die finanzielle Steuerung.","robots":{"index":"index","follow":"follow","max-snippet":"max-snippet:-1","max-image-preview":"max-image-preview:large","max-video-preview":"max-video-preview:-1"},"canonical":"https:\/\/www.organisator.ch\/de\/management\/2026-03-02\/john-feigl-wird-neuer-cfo-der-faigle\/","og_locale":"de_DE","og_type":"article","og_title":"John Feigl wird neuer CFO der Faigle AG","og_description":"John Feigl \u00fcbernimmt per 1. M\u00e4rz 2026 die Position des CFO der Faigle AG. Er verantwortet Finanzen, Controlling und die finanzielle Steuerung.","og_url":"https:\/\/www.organisator.ch\/de\/management\/2026-03-02\/john-feigl-wird-neuer-cfo-der-faigle\/","og_site_name":"Organisator","article_publisher":"https:\/\/www.facebook.com\/OrganisatorFachmagazin","article_published_time":"2026-03-02T15:10:43+00:00","og_image":[{"width":800,"height":533,"url":"https:\/\/www.organisator.ch\/wp-content\/uploads\/2026\/03\/John-Feigl.jpg","type":"image\/jpeg"}],"author":"n8n","twitter_card":"summary_large_image","twitter_title":"John Feigl wird neuer #CFO der #Faigle AG","twitter_description":"John #Feigl \u00fcbernimmt per 1. M\u00e4rz 2026 die Position des #CFO der #Faigle AG. Er verantwortet Finanzen, Controlling und die finanzielle Steuerung.","twitter_image":"https:\/\/www.organisator.ch\/wp-content\/uploads\/2026\/03\/John-Feigl.jpg","schema":{"@context":"https:\/\/schema.org","@graph":[{"@type":"Article","@id":"https:\/\/www.organisator.ch\/management\/2026-03-02\/john-feigl-wird-neuer-cfo-der-faigle\/#article","isPartOf":{"@id":"https:\/\/www.organisator.ch\/management\/2026-03-02\/john-feigl-wird-neuer-cfo-der-faigle\/"},"author":{"name":"n8n","@id":"https:\/\/www.organisator.ch\/#\/schema\/person\/a9d0e0eff238db87a8f840f3b50359f0"},"headline":"John Feigl wird neuer CFO der Faigle","datePublished":"2026-03-02T15:10:43+00:00","mainEntityOfPage":{"@id":"https:\/\/www.organisator.ch\/management\/2026-03-02\/john-feigl-wird-neuer-cfo-der-faigle\/"},"wordCount":305,"publisher":{"@id":"https:\/\/www.organisator.ch\/#organization"},"image":{"@id":"https:\/\/www.organisator.ch\/management\/2026-03-02\/john-feigl-wird-neuer-cfo-der-faigle\/#primaryimage"},"thumbnailUrl":"https:\/\/www.organisator.ch\/wp-content\/uploads\/2026\/03\/John-Feigl.jpg","keywords":["Management","Personalia","Unternehmen"],"articleSection":["MANAGEMENT"],"inLanguage":"de"},{"@type":"WebPage","@id":"https:\/\/www.organisator.ch\/management\/2026-03-02\/john-feigl-wird-neuer-cfo-der-faigle\/","url":"https:\/\/www.organisator.ch\/management\/2026-03-02\/john-feigl-wird-neuer-cfo-der-faigle\/","name":"John Feigl wird neuer CFO der Faigle - Organisator","isPartOf":{"@id":"https:\/\/www.organisator.ch\/#website"},"primaryImageOfPage":{"@id":"https:\/\/www.organisator.ch\/management\/2026-03-02\/john-feigl-wird-neuer-cfo-der-faigle\/#primaryimage"},"image":{"@id":"https:\/\/www.organisator.ch\/management\/2026-03-02\/john-feigl-wird-neuer-cfo-der-faigle\/#primaryimage"},"thumbnailUrl":"https:\/\/www.organisator.ch\/wp-content\/uploads\/2026\/03\/John-Feigl.jpg","datePublished":"2026-03-02T15:10:43+00:00","description":"John Feigl \u00fcbernimmt per 1. M\u00e4rz 2026 die Position des CFO der Faigle AG. Er verantwortet Finanzen, Controlling und die finanzielle Steuerung.","breadcrumb":{"@id":"https:\/\/www.organisator.ch\/management\/2026-03-02\/john-feigl-wird-neuer-cfo-der-faigle\/#breadcrumb"},"inLanguage":"de","potentialAction":[{"@type":"ReadAction","target":["https:\/\/www.organisator.ch\/management\/2026-03-02\/john-feigl-wird-neuer-cfo-der-faigle\/"]}]},{"@type":"ImageObject","inLanguage":"de","@id":"https:\/\/www.organisator.ch\/management\/2026-03-02\/john-feigl-wird-neuer-cfo-der-faigle\/#primaryimage","url":"https:\/\/www.organisator.ch\/wp-content\/uploads\/2026\/03\/John-Feigl.jpg","contentUrl":"https:\/\/www.organisator.ch\/wp-content\/uploads\/2026\/03\/John-Feigl.jpg","width":800,"height":533,"caption":"John Feigl wird per 1. M\u00e4rz 2026 neuer Chief Financial Officer (CFO) der Faigle AG. (Quelle: zvg)"},{"@type":"BreadcrumbList","@id":"https:\/\/www.organisator.ch\/management\/2026-03-02\/john-feigl-wird-neuer-cfo-der-faigle\/#breadcrumb","itemListElement":[{"@type":"ListItem","position":1,"name":"Home","item":"https:\/\/www.organisator.ch\/"},{"@type":"ListItem","position":2,"name":"John Feigl wird neuer CFO der Faigle"}]},{"@type":"WebSite","@id":"https:\/\/www.organisator.ch\/#website","url":"https:\/\/www.organisator.ch\/","name":"Organisator","description":"Kompetent. Praxisnah. Der ORGANISATOR bereitet in 10 Ausgaben pro Jahr die wesentlichen Themen f\u00fcr F\u00fchrungskr\u00e4fte von KMU auf.","publisher":{"@id":"https:\/\/www.organisator.ch\/#organization"},"potentialAction":[{"@type":"SearchAction","target":{"@type":"EntryPoint","urlTemplate":"https:\/\/www.organisator.ch\/?s={search_term_string}"},"query-input":{"@type":"PropertyValueSpecification","valueRequired":true,"valueName":"search_term_string"}}],"inLanguage":"de"},{"@type":"Organization","@id":"https:\/\/www.organisator.ch\/#organization","name":"Organisator","url":"https:\/\/www.organisator.ch\/","logo":{"@type":"ImageObject","inLanguage":"de","@id":"https:\/\/www.organisator.ch\/#\/schema\/logo\/image\/","url":"https:\/\/www.organisator.ch\/wp-content\/uploads\/2022\/01\/Logo_Organisator_Website.png","contentUrl":"https:\/\/www.organisator.ch\/wp-content\/uploads\/2022\/01\/Logo_Organisator_Website.png","width":800,"height":77,"caption":"Organisator"},"image":{"@id":"https:\/\/www.organisator.ch\/#\/schema\/logo\/image\/"},"sameAs":["https:\/\/www.facebook.com\/OrganisatorFachmagazin","https:\/\/www.linkedin.com\/showcase\/organisator-das-magazin-fr-kmu","https:\/\/www.xing.com\/news\/pages\/organisator-ch-695","https:\/\/www.youtube.com\/channel\/UCGP2Sq0iWaZwT3BdIAQFYpw"]},{"@type":"Person","@id":"https:\/\/www.organisator.ch\/#\/schema\/person\/a9d0e0eff238db87a8f840f3b50359f0","name":"n8n","image":{"@type":"ImageObject","inLanguage":"de","@id":"https:\/\/secure.gravatar.com\/avatar\/5368fb9d03fd415a6f335cece4c15af2502d6ca8651efbd6e8f98427a9795400?s=96&d=mm&r=g","url":"https:\/\/secure.gravatar.com\/avatar\/5368fb9d03fd415a6f335cece4c15af2502d6ca8651efbd6e8f98427a9795400?s=96&d=mm&r=g","contentUrl":"https:\/\/secure.gravatar.com\/avatar\/5368fb9d03fd415a6f335cece4c15af2502d6ca8651efbd6e8f98427a9795400?s=96&d=mm&r=g","caption":"n8n"},"url":"https:\/\/www.organisator.ch\/de\/author\/n8n\/"}]}},"_links":{"self":[{"href":"https:\/\/www.organisator.ch\/de\/wp-json\/wp\/v2\/posts\/45473","targetHints":{"allow":["GET"]}}],"collection":[{"href":"https:\/\/www.organisator.ch\/de\/wp-json\/wp\/v2\/posts"}],"about":[{"href":"https:\/\/www.organisator.ch\/de\/wp-json\/wp\/v2\/types\/post"}],"author":[{"embeddable":true,"href":"https:\/\/www.organisator.ch\/de\/wp-json\/wp\/v2\/users\/107"}],"replies":[{"embeddable":true,"href":"https:\/\/www.organisator.ch\/de\/wp-json\/wp\/v2\/comments?post=45473"}],"version-history":[{"count":4,"href":"https:\/\/www.organisator.ch\/de\/wp-json\/wp\/v2\/posts\/45473\/revisions"}],"predecessor-version":[{"id":45544,"href":"https:\/\/www.organisator.ch\/de\/wp-json\/wp\/v2\/posts\/45473\/revisions\/45544"}],"wp:featuredmedia":[{"embeddable":true,"href":"https:\/\/www.organisator.ch\/de\/wp-json\/wp\/v2\/media\/45472"}],"wp:attachment":[{"href":"https:\/\/www.organisator.ch\/de\/wp-json\/wp\/v2\/media?parent=45473"}],"wp:term":[{"taxonomy":"category","embeddable":true,"href":"https:\/\/www.organisator.ch\/de\/wp-json\/wp\/v2\/categories?post=45473"},{"taxonomy":"post_tag","embeddable":true,"href":"https:\/\/www.organisator.ch\/de\/wp-json\/wp\/v2\/tags?post=45473"}],"curies":[{"name":"wp","href":"https:\/\/api.w.org\/{rel}","templated":true}]}}