{"id":455,"date":"2016-05-02T09:47:09","date_gmt":"2016-05-02T07:47:09","guid":{"rendered":"http:\/\/dev.organisator.ch\/?p=455"},"modified":"2016-05-02T09:47:09","modified_gmt":"2016-05-02T07:47:09","slug":"technologischer-wandel-schreitet-exponentiell-fort","status":"publish","type":"post","link":"https:\/\/www.organisator.ch\/de\/management\/2016-05-02\/technologischer-wandel-schreitet-exponentiell-fort\/","title":{"rendered":"Technologischer Wandel schreitet exponentiell fort"},"content":{"rendered":"<figure id=\"attachment_456\" aria-describedby=\"caption-attachment-456\" style=\"width: 680px\" class=\"wp-caption alignnone\"><img loading=\"lazy\" decoding=\"async\" class=\"size-medium wp-image-456\" src=\"https:\/\/organisator.ch\/wp-content\/uploads\/2016\/12\/Technologischer-Wandel-schreitet-exponentiell-fort-organisator.jpg\" alt=\"\" width=\"680\" height=\"455\" srcset=\"https:\/\/www.organisator.ch\/wp-content\/uploads\/2016\/12\/Technologischer-Wandel-schreitet-exponentiell-fort-organisator.jpg 1024w, https:\/\/www.organisator.ch\/wp-content\/uploads\/2016\/12\/Technologischer-Wandel-schreitet-exponentiell-fort-organisator-680x455.jpg 680w, https:\/\/www.organisator.ch\/wp-content\/uploads\/2016\/12\/Technologischer-Wandel-schreitet-exponentiell-fort-organisator-768x514.jpg 768w, https:\/\/www.organisator.ch\/wp-content\/uploads\/2016\/12\/Technologischer-Wandel-schreitet-exponentiell-fort-organisator-16x12.jpg 16w, https:\/\/www.organisator.ch\/wp-content\/uploads\/2016\/12\/Technologischer-Wandel-schreitet-exponentiell-fort-organisator-262x175.jpg 262w, https:\/\/www.organisator.ch\/wp-content\/uploads\/2016\/12\/Technologischer-Wandel-schreitet-exponentiell-fort-organisator-523x350.jpg 523w, https:\/\/www.organisator.ch\/wp-content\/uploads\/2016\/12\/Technologischer-Wandel-schreitet-exponentiell-fort-organisator-920x615.jpg 920w, https:\/\/www.organisator.ch\/wp-content\/uploads\/2016\/12\/Technologischer-Wandel-schreitet-exponentiell-fort-organisator-300x201.jpg 300w\" sizes=\"auto, (max-width: 680px) 100vw, 680px\" \/><figcaption id=\"caption-attachment-456\" class=\"wp-caption-text\">&#8222;Privacy is dead&#8220; &#8211; so Erik Qualman am Digital Economic Forum. (Foto: zVg)<\/figcaption><\/figure>\n<p>Die 4. industrielle Revolution, die digitale Transformation, disruptive Economy und die positiven wie negativen Auswirkungen auf Wirtschaft, Arbeitspl\u00e4tze und Gesellschaft standen im Mittel-punkt des zweit\u00e4tigen Meetings mit einflussreichen internationalen Thought-Leaders sowie Un-ternehmern, Start-ups, CEOs, Forscher und Berater aus der digitalen und analogen Welt. F\u00fcr Futurist Gerd Leonhard befinden wir uns in einem exponentiellen technologischen Wandel, Da-ten sind das neue \u00d6l und Science Fiction wird zu Science Fact. In f\u00fcnf Jahren ist es soweit, dass ein Computer die Kapazit\u00e4t des menschlichen Hirns hat, prophezeite Leonhard. Und die Welt werde sich in den n\u00e4chsten 20 Jahren mehr \u00e4ndern als in den letzten 300 Jahren.<\/p>\n<p>Heute wird alles automatisch bewertet, Ratings gibt es inzwischen \u00fcberall und \u201eprivacy is dead&#8220;, erkl\u00e4rte der amerikanische Erfolgsautor Erik Qualman am Medienroundtable. Damit erhalten Unternehmen und Privatpersonen automatisch einen digitalen Footprint oder einen digitalen Stempel. Alle Daten werden erfasst und beurteilt, vom wirtschaftlichen und pers\u00f6nlichen Verhalten bis zu Gesundheitszustand und wirtschaftlicher Performance. Die Kombination von Offline und Online h\u00e4lt Qualman f\u00fcr eminent und von grosser Bedeutung sei es, den digitalen Stempel aktiv selbst zu beeinflussen und nicht von aussen bestimmen zu lassen. Dabei m\u00fcsse man sich auf das Wichtige und Einfache konzentrieren. Auch Break \/ Through CEO Reto Schnyder machte deutlich, dass indirekte Auswirkungen der Digitalisierung gr\u00f6sser sind, als die direkten, z.B. bei der autonomen Mobilit\u00e4t auf den Immobilien- und Arbeitsmarkt. F\u00fcr den deutschen Krimiautor Veit Etzold wird in der digitalen Welt mit immer mehr Information und immer k\u00fcrzeren Aufmerksamkeitsspannen trotzdem geh\u00f6rt, verstanden und gekauft, wer mit einer guten Story auftrumpft.<\/p>\n<p><strong>Big Data und Consumer 2.0<\/strong><\/p>\n<p>Kommunikationsspezialist Julius Van de Laar erl\u00e4uterte seine Strategie zur erfolgreichen Wahlkampagne 2012 von US-Pr\u00e4sident Barack Obama, die auf Big Data und Tools f\u00fcr ein integriertes Kampagnenmanagement basierte. \u201eEgal was sie tun, Sie m\u00fcssen unbedingt authentisch bleiben, auch auf Social Media&#8220;, schloss Van de Laar seine Pr\u00e4sentation.<\/p>\n<p>Science Fiction ist heute Realit\u00e4t, erkl\u00e4rte auch die Beraterin f\u00fcr Digital Disruption und Transformation, Kamales Lardi. Sie stellte den \u201edisruptive Consumer 2.0&#8243; und essentielle technologische Trends vor. Der Konsument habe sich mit den technischen Innovationen deutlich gewandelt. Die Frage ist nun, wie weit haben sich auch die Produzenten, die Unternehmen gewandelt. Industrien w\u00fcrden in einen digitalen Sturm reingezogen und Unternehmen und Start-ups, die diesem Sturm trotzten, handelten konsumentenorientiert und h\u00e4tten einen grossen Impact auf die k\u00fcnftige wirtschaftliche Entwicklung. Hirnforscher Pascal Kaufmann glaubte zwar nicht, dass in naher Zukunft selbst\u00e4ndige k\u00fcnstliche Intelligenz realisiert werden kann. Er propagierte aber sogenannte Corporate Cyborgs (Vermischung von Mensch und Maschine) die \u00fcber Forschung an k\u00fcnstlicher Intelligenz in der Schweiz entwickelt werden k\u00f6nnten. Der Motor der digitalen Revolution sei nun mal das menschliche Hirn, erkl\u00e4rte Kaufmann.<\/p>\n<p><strong>Bew\u00e4ltigung der digitalen Zukunft<\/strong><\/p>\n<p>Andreas Krebs, Chairman MERZ Pharmaceuticals, wies darauf hin, dass im Moment kein CEO der grossen Pharmakonzerne \u00fcberzeugt sagen k\u00f6nne, dass sein Unternehmen eine digitale Strategie h\u00e4tte. Er hielt es von grosser Bedeutung, dass Pharmaunternehmen die Patienten durch die digitale Welt f\u00fchren und \u00fcber diesen Weg zum Arzt bringen. In zwei mal drei Businesstracks haben verschiedene Unternehmen ihre erfolgreichen Ans\u00e4tze zur Bew\u00e4ltigung der digitalen Zukunft demonstriert und im Plenum gelang Ali Mahlodji eine \u00fcberzeugende Darstellung seiner Motivation, mit der Storytelling-Plattform whatchado.com aus einer Kindheitsidee eine Erfolgsgeschichte zu machen. Der Verhaltens\u00f6konom Andreas Staub konfrontierte die Teilnehmenden mit nicht-rationalen Entscheidungen. Er stellte dabei fest, dass soziale Pr\u00e4ferenzen ausgepr\u00e4gt bleiben, und digitale Anonymit\u00e4t nicht relevant ist. Der Mensch bleibe also auch online ein Mensch.<\/p>\n<p>Das DEF war am Dienstag mit einem h\u00f6chst mitteilsamen Carsten Maschmeyer gestartet. In einer unterhaltsamen \u00dcbersicht zu Fintech und zur Lage der Bankenwelt erwartete der deutsche Investor eine atemberaubende technologische Entwicklung mit jungen frechen und innovativen Unternehmern. F\u00fcr traditionelle Banken sieht Maschmeyer die Gefahr, dass sie angesichts der innovativen Entwicklungen ausserhalb lizenzierter Finanzdienstleistungen ans Ende durchgereicht werden. Als Investor konzentriere er sich auf kreative Produktmacher, die ihm wichtiger seien als das Produkt und deren L\u00f6sungen f\u00fcr erfolgreichen Vertrieb und Marketing, sagte der schillernde Unternehmer.<\/p>\n<p><em><a href=\"http:\/\/www.digitaleconomicforum.ch\" target=\"_blank\" data-cke-saved-href=\"http:\/\/www.digitaleconomicforum.ch\" rel=\"noopener\">www.digitaleconomicforum.ch<\/a><\/em><\/p>\n","protected":false},"excerpt":{"rendered":"<p>Die 4. industrielle Revolution, die digitale Transformation, disruptive Economy und die positiven wie negativen Auswirkungen auf Wirtschaft, Arbeitspl\u00e4tze und Gesellschaft standen im Mittel-punkt des zweit\u00e4tigen Meetings mit einflussreichen internationalen Thought-Leaders sowie Un-ternehmern, Start-ups, CEOs, Forscher und Berater aus der digitalen und analogen Welt. F\u00fcr Futurist Gerd Leonhard befinden wir uns in einem exponentiellen technologischen Wandel, [&hellip;]<\/p>\n","protected":false},"author":1,"featured_media":456,"comment_status":"open","ping_status":"open","sticky":false,"template":"","format":"standard","meta":{"_acf_changed":false,"_yoast_wpseo_focuskw":"Technologischer Wandel","_yoast_wpseo_metadesc":"Die Welt befindet sich mitten in einem exponentiellen technologischen Wandel.","articlekey":"","footnotes":""},"categories":[28],"tags":[193,334,335],"class_list":["post-455","post","type-post","status-publish","format-standard","has-post-thumbnail","hentry","category-management","tag-fachkongressfachmesse","tag-management","tag-management-und-unternehmensfuehrung"],"acf":[],"yoast_head":"<!-- This site is optimized with the Yoast SEO plugin v27.5 - https:\/\/yoast.com\/product\/yoast-seo-wordpress\/ -->\n<title>Technologischer Wandel schreitet exponentiell fort - Organisator<\/title>\n<meta name=\"description\" content=\"Die Welt befindet sich mitten in einem exponentiellen technologischen Wandel.\" \/>\n<meta name=\"robots\" content=\"index, follow, max-snippet:-1, max-image-preview:large, max-video-preview:-1\" \/>\n<link rel=\"canonical\" href=\"https:\/\/www.organisator.ch\/de\/management\/2016-05-02\/technologischer-wandel-schreitet-exponentiell-fort\/\" \/>\n<meta property=\"og:locale\" content=\"de_DE\" \/>\n<meta property=\"og:type\" content=\"article\" \/>\n<meta property=\"og:title\" content=\"Technologischer Wandel schreitet exponentiell fort\" \/>\n<meta property=\"og:description\" content=\"Die Welt befindet sich mitten in einem exponentiellen technologischen Wandel. Referen-tinnen und Referenten sowie das Publikum waren sich am zweiten Digital Economic Forum (DEF) am 27. April in Z\u00fcrich einig, dass sich Wirtschaft und Gesellschaft in einem veritablen digitalen Sturm befinden. Das DEF, das dieses Jahr im Park Hyatt in Z\u00fcrich mit \u00fcber 200 Interessierten \u00fcber die B\u00fchne ging, versteht sich als massgebliches Update f\u00fcr Innovationen und Konsequenzen der Digitalisierung.\" \/>\n<meta property=\"og:url\" content=\"https:\/\/www.organisator.ch\/de\/management\/2016-05-02\/technologischer-wandel-schreitet-exponentiell-fort\/\" \/>\n<meta property=\"og:site_name\" content=\"Organisator\" \/>\n<meta property=\"article:publisher\" content=\"https:\/\/www.facebook.com\/OrganisatorFachmagazin\" \/>\n<meta property=\"article:published_time\" content=\"2016-05-02T07:47:09+00:00\" \/>\n<meta name=\"author\" content=\"admin\" \/>\n<meta name=\"twitter:card\" content=\"summary_large_image\" \/>\n<meta name=\"twitter:image\" content=\"https:\/\/www.organisator.ch\/wp-content\/uploads\/2016\/12\/Technologischer-Wandel-schreitet-exponentiell-fort-organisator.jpg\" \/>\n<script type=\"application\/ld+json\" class=\"yoast-schema-graph\">{\"@context\":\"https:\\\/\\\/schema.org\",\"@graph\":[{\"@type\":\"Article\",\"@id\":\"https:\\\/\\\/www.organisator.ch\\\/management\\\/2016-05-02\\\/technologischer-wandel-schreitet-exponentiell-fort\\\/#article\",\"isPartOf\":{\"@id\":\"https:\\\/\\\/www.organisator.ch\\\/management\\\/2016-05-02\\\/technologischer-wandel-schreitet-exponentiell-fort\\\/\"},\"author\":{\"name\":\"admin\",\"@id\":\"https:\\\/\\\/www.organisator.ch\\\/#\\\/schema\\\/person\\\/aa2bace6c5c5aad60102004a50c4eb1c\"},\"headline\":\"Technologischer Wandel schreitet exponentiell fort\",\"datePublished\":\"2016-05-02T07:47:09+00:00\",\"mainEntityOfPage\":{\"@id\":\"https:\\\/\\\/www.organisator.ch\\\/management\\\/2016-05-02\\\/technologischer-wandel-schreitet-exponentiell-fort\\\/\"},\"wordCount\":711,\"commentCount\":0,\"publisher\":{\"@id\":\"https:\\\/\\\/www.organisator.ch\\\/#organization\"},\"image\":{\"@id\":\"https:\\\/\\\/www.organisator.ch\\\/management\\\/2016-05-02\\\/technologischer-wandel-schreitet-exponentiell-fort\\\/#primaryimage\"},\"thumbnailUrl\":\"https:\\\/\\\/www.organisator.ch\\\/wp-content\\\/uploads\\\/2016\\\/12\\\/Technologischer-Wandel-schreitet-exponentiell-fort-organisator.jpg\",\"keywords\":[\"Fachkongress\\\/Fachmesse\",\"Management\",\"Management und Unternehmensf\u00fchrung\"],\"articleSection\":[\"MANAGEMENT\"],\"inLanguage\":\"de\"},{\"@type\":\"WebPage\",\"@id\":\"https:\\\/\\\/www.organisator.ch\\\/management\\\/2016-05-02\\\/technologischer-wandel-schreitet-exponentiell-fort\\\/\",\"url\":\"https:\\\/\\\/www.organisator.ch\\\/management\\\/2016-05-02\\\/technologischer-wandel-schreitet-exponentiell-fort\\\/\",\"name\":\"Technologischer Wandel schreitet exponentiell fort - Organisator\",\"isPartOf\":{\"@id\":\"https:\\\/\\\/www.organisator.ch\\\/#website\"},\"primaryImageOfPage\":{\"@id\":\"https:\\\/\\\/www.organisator.ch\\\/management\\\/2016-05-02\\\/technologischer-wandel-schreitet-exponentiell-fort\\\/#primaryimage\"},\"image\":{\"@id\":\"https:\\\/\\\/www.organisator.ch\\\/management\\\/2016-05-02\\\/technologischer-wandel-schreitet-exponentiell-fort\\\/#primaryimage\"},\"thumbnailUrl\":\"https:\\\/\\\/www.organisator.ch\\\/wp-content\\\/uploads\\\/2016\\\/12\\\/Technologischer-Wandel-schreitet-exponentiell-fort-organisator.jpg\",\"datePublished\":\"2016-05-02T07:47:09+00:00\",\"description\":\"Die Welt befindet sich mitten in einem exponentiellen technologischen Wandel.\",\"breadcrumb\":{\"@id\":\"https:\\\/\\\/www.organisator.ch\\\/management\\\/2016-05-02\\\/technologischer-wandel-schreitet-exponentiell-fort\\\/#breadcrumb\"},\"inLanguage\":\"de\",\"potentialAction\":[{\"@type\":\"ReadAction\",\"target\":[\"https:\\\/\\\/www.organisator.ch\\\/management\\\/2016-05-02\\\/technologischer-wandel-schreitet-exponentiell-fort\\\/\"]}]},{\"@type\":\"ImageObject\",\"inLanguage\":\"de\",\"@id\":\"https:\\\/\\\/www.organisator.ch\\\/management\\\/2016-05-02\\\/technologischer-wandel-schreitet-exponentiell-fort\\\/#primaryimage\",\"url\":\"https:\\\/\\\/www.organisator.ch\\\/wp-content\\\/uploads\\\/2016\\\/12\\\/Technologischer-Wandel-schreitet-exponentiell-fort-organisator.jpg\",\"contentUrl\":\"https:\\\/\\\/www.organisator.ch\\\/wp-content\\\/uploads\\\/2016\\\/12\\\/Technologischer-Wandel-schreitet-exponentiell-fort-organisator.jpg\",\"width\":1024,\"height\":685,\"caption\":\"\\\"Privacy is dead\\\" - so Erik Qualman am Digital Economic Forum. (Foto: zVg)\"},{\"@type\":\"BreadcrumbList\",\"@id\":\"https:\\\/\\\/www.organisator.ch\\\/management\\\/2016-05-02\\\/technologischer-wandel-schreitet-exponentiell-fort\\\/#breadcrumb\",\"itemListElement\":[{\"@type\":\"ListItem\",\"position\":1,\"name\":\"Home\",\"item\":\"https:\\\/\\\/www.organisator.ch\\\/\"},{\"@type\":\"ListItem\",\"position\":2,\"name\":\"Technologischer Wandel schreitet exponentiell fort\"}]},{\"@type\":\"WebSite\",\"@id\":\"https:\\\/\\\/www.organisator.ch\\\/#website\",\"url\":\"https:\\\/\\\/www.organisator.ch\\\/\",\"name\":\"Organisator\",\"description\":\"Kompetent. Praxisnah. Der ORGANISATOR bereitet in 10 Ausgaben pro Jahr die wesentlichen Themen f\u00fcr F\u00fchrungskr\u00e4fte von KMU auf.\",\"publisher\":{\"@id\":\"https:\\\/\\\/www.organisator.ch\\\/#organization\"},\"potentialAction\":[{\"@type\":\"SearchAction\",\"target\":{\"@type\":\"EntryPoint\",\"urlTemplate\":\"https:\\\/\\\/www.organisator.ch\\\/?s={search_term_string}\"},\"query-input\":{\"@type\":\"PropertyValueSpecification\",\"valueRequired\":true,\"valueName\":\"search_term_string\"}}],\"inLanguage\":\"de\"},{\"@type\":\"Organization\",\"@id\":\"https:\\\/\\\/www.organisator.ch\\\/#organization\",\"name\":\"Organisator\",\"url\":\"https:\\\/\\\/www.organisator.ch\\\/\",\"logo\":{\"@type\":\"ImageObject\",\"inLanguage\":\"de\",\"@id\":\"https:\\\/\\\/www.organisator.ch\\\/#\\\/schema\\\/logo\\\/image\\\/\",\"url\":\"https:\\\/\\\/www.organisator.ch\\\/wp-content\\\/uploads\\\/2022\\\/01\\\/Logo_Organisator_Website.png\",\"contentUrl\":\"https:\\\/\\\/www.organisator.ch\\\/wp-content\\\/uploads\\\/2022\\\/01\\\/Logo_Organisator_Website.png\",\"width\":800,\"height\":77,\"caption\":\"Organisator\"},\"image\":{\"@id\":\"https:\\\/\\\/www.organisator.ch\\\/#\\\/schema\\\/logo\\\/image\\\/\"},\"sameAs\":[\"https:\\\/\\\/www.facebook.com\\\/OrganisatorFachmagazin\",\"https:\\\/\\\/www.linkedin.com\\\/showcase\\\/organisator-das-magazin-fr-kmu\",\"https:\\\/\\\/www.xing.com\\\/news\\\/pages\\\/organisator-ch-695\",\"https:\\\/\\\/www.youtube.com\\\/channel\\\/UCGP2Sq0iWaZwT3BdIAQFYpw\"]},{\"@type\":\"Person\",\"@id\":\"https:\\\/\\\/www.organisator.ch\\\/#\\\/schema\\\/person\\\/aa2bace6c5c5aad60102004a50c4eb1c\",\"name\":\"admin\",\"image\":{\"@type\":\"ImageObject\",\"inLanguage\":\"de\",\"@id\":\"https:\\\/\\\/secure.gravatar.com\\\/avatar\\\/ae2f4d718e6c49043e314ce431e7e645d646302a24a5ef5a8bc8e3f5a032e319?s=96&d=mm&r=g\",\"url\":\"https:\\\/\\\/secure.gravatar.com\\\/avatar\\\/ae2f4d718e6c49043e314ce431e7e645d646302a24a5ef5a8bc8e3f5a032e319?s=96&d=mm&r=g\",\"contentUrl\":\"https:\\\/\\\/secure.gravatar.com\\\/avatar\\\/ae2f4d718e6c49043e314ce431e7e645d646302a24a5ef5a8bc8e3f5a032e319?s=96&d=mm&r=g\",\"caption\":\"admin\"},\"sameAs\":[\"https:\\\/\\\/www.organisator.ch\"],\"url\":\"https:\\\/\\\/www.organisator.ch\\\/de\\\/author\\\/admin\\\/\"}]}<\/script>\n<!-- \/ Yoast SEO plugin. -->","yoast_head_json":{"title":"Technologischer Wandel schreitet exponentiell fort - Organisator","description":"Die Welt befindet sich mitten in einem exponentiellen technologischen Wandel.","robots":{"index":"index","follow":"follow","max-snippet":"max-snippet:-1","max-image-preview":"max-image-preview:large","max-video-preview":"max-video-preview:-1"},"canonical":"https:\/\/www.organisator.ch\/de\/management\/2016-05-02\/technologischer-wandel-schreitet-exponentiell-fort\/","og_locale":"de_DE","og_type":"article","og_title":"Technologischer Wandel schreitet exponentiell fort","og_description":"Die Welt befindet sich mitten in einem exponentiellen technologischen Wandel. Referen-tinnen und Referenten sowie das Publikum waren sich am zweiten Digital Economic Forum (DEF) am 27. April in Z\u00fcrich einig, dass sich Wirtschaft und Gesellschaft in einem veritablen digitalen Sturm befinden. Das DEF, das dieses Jahr im Park Hyatt in Z\u00fcrich mit \u00fcber 200 Interessierten \u00fcber die B\u00fchne ging, versteht sich als massgebliches Update f\u00fcr Innovationen und Konsequenzen der Digitalisierung.","og_url":"https:\/\/www.organisator.ch\/de\/management\/2016-05-02\/technologischer-wandel-schreitet-exponentiell-fort\/","og_site_name":"Organisator","article_publisher":"https:\/\/www.facebook.com\/OrganisatorFachmagazin","article_published_time":"2016-05-02T07:47:09+00:00","author":"admin","twitter_card":"summary_large_image","twitter_image":"https:\/\/www.organisator.ch\/wp-content\/uploads\/2016\/12\/Technologischer-Wandel-schreitet-exponentiell-fort-organisator.jpg","schema":{"@context":"https:\/\/schema.org","@graph":[{"@type":"Article","@id":"https:\/\/www.organisator.ch\/management\/2016-05-02\/technologischer-wandel-schreitet-exponentiell-fort\/#article","isPartOf":{"@id":"https:\/\/www.organisator.ch\/management\/2016-05-02\/technologischer-wandel-schreitet-exponentiell-fort\/"},"author":{"name":"admin","@id":"https:\/\/www.organisator.ch\/#\/schema\/person\/aa2bace6c5c5aad60102004a50c4eb1c"},"headline":"Technologischer Wandel schreitet exponentiell fort","datePublished":"2016-05-02T07:47:09+00:00","mainEntityOfPage":{"@id":"https:\/\/www.organisator.ch\/management\/2016-05-02\/technologischer-wandel-schreitet-exponentiell-fort\/"},"wordCount":711,"commentCount":0,"publisher":{"@id":"https:\/\/www.organisator.ch\/#organization"},"image":{"@id":"https:\/\/www.organisator.ch\/management\/2016-05-02\/technologischer-wandel-schreitet-exponentiell-fort\/#primaryimage"},"thumbnailUrl":"https:\/\/www.organisator.ch\/wp-content\/uploads\/2016\/12\/Technologischer-Wandel-schreitet-exponentiell-fort-organisator.jpg","keywords":["Fachkongress\/Fachmesse","Management","Management und Unternehmensf\u00fchrung"],"articleSection":["MANAGEMENT"],"inLanguage":"de"},{"@type":"WebPage","@id":"https:\/\/www.organisator.ch\/management\/2016-05-02\/technologischer-wandel-schreitet-exponentiell-fort\/","url":"https:\/\/www.organisator.ch\/management\/2016-05-02\/technologischer-wandel-schreitet-exponentiell-fort\/","name":"Technologischer Wandel schreitet exponentiell fort - Organisator","isPartOf":{"@id":"https:\/\/www.organisator.ch\/#website"},"primaryImageOfPage":{"@id":"https:\/\/www.organisator.ch\/management\/2016-05-02\/technologischer-wandel-schreitet-exponentiell-fort\/#primaryimage"},"image":{"@id":"https:\/\/www.organisator.ch\/management\/2016-05-02\/technologischer-wandel-schreitet-exponentiell-fort\/#primaryimage"},"thumbnailUrl":"https:\/\/www.organisator.ch\/wp-content\/uploads\/2016\/12\/Technologischer-Wandel-schreitet-exponentiell-fort-organisator.jpg","datePublished":"2016-05-02T07:47:09+00:00","description":"Die Welt befindet sich mitten in einem exponentiellen technologischen Wandel.","breadcrumb":{"@id":"https:\/\/www.organisator.ch\/management\/2016-05-02\/technologischer-wandel-schreitet-exponentiell-fort\/#breadcrumb"},"inLanguage":"de","potentialAction":[{"@type":"ReadAction","target":["https:\/\/www.organisator.ch\/management\/2016-05-02\/technologischer-wandel-schreitet-exponentiell-fort\/"]}]},{"@type":"ImageObject","inLanguage":"de","@id":"https:\/\/www.organisator.ch\/management\/2016-05-02\/technologischer-wandel-schreitet-exponentiell-fort\/#primaryimage","url":"https:\/\/www.organisator.ch\/wp-content\/uploads\/2016\/12\/Technologischer-Wandel-schreitet-exponentiell-fort-organisator.jpg","contentUrl":"https:\/\/www.organisator.ch\/wp-content\/uploads\/2016\/12\/Technologischer-Wandel-schreitet-exponentiell-fort-organisator.jpg","width":1024,"height":685,"caption":"\"Privacy is dead\" - so Erik Qualman am Digital Economic Forum. (Foto: zVg)"},{"@type":"BreadcrumbList","@id":"https:\/\/www.organisator.ch\/management\/2016-05-02\/technologischer-wandel-schreitet-exponentiell-fort\/#breadcrumb","itemListElement":[{"@type":"ListItem","position":1,"name":"Home","item":"https:\/\/www.organisator.ch\/"},{"@type":"ListItem","position":2,"name":"Technologischer Wandel schreitet exponentiell fort"}]},{"@type":"WebSite","@id":"https:\/\/www.organisator.ch\/#website","url":"https:\/\/www.organisator.ch\/","name":"Organisator","description":"Kompetent. Praxisnah. Der ORGANISATOR bereitet in 10 Ausgaben pro Jahr die wesentlichen Themen f\u00fcr F\u00fchrungskr\u00e4fte von KMU auf.","publisher":{"@id":"https:\/\/www.organisator.ch\/#organization"},"potentialAction":[{"@type":"SearchAction","target":{"@type":"EntryPoint","urlTemplate":"https:\/\/www.organisator.ch\/?s={search_term_string}"},"query-input":{"@type":"PropertyValueSpecification","valueRequired":true,"valueName":"search_term_string"}}],"inLanguage":"de"},{"@type":"Organization","@id":"https:\/\/www.organisator.ch\/#organization","name":"Organisator","url":"https:\/\/www.organisator.ch\/","logo":{"@type":"ImageObject","inLanguage":"de","@id":"https:\/\/www.organisator.ch\/#\/schema\/logo\/image\/","url":"https:\/\/www.organisator.ch\/wp-content\/uploads\/2022\/01\/Logo_Organisator_Website.png","contentUrl":"https:\/\/www.organisator.ch\/wp-content\/uploads\/2022\/01\/Logo_Organisator_Website.png","width":800,"height":77,"caption":"Organisator"},"image":{"@id":"https:\/\/www.organisator.ch\/#\/schema\/logo\/image\/"},"sameAs":["https:\/\/www.facebook.com\/OrganisatorFachmagazin","https:\/\/www.linkedin.com\/showcase\/organisator-das-magazin-fr-kmu","https:\/\/www.xing.com\/news\/pages\/organisator-ch-695","https:\/\/www.youtube.com\/channel\/UCGP2Sq0iWaZwT3BdIAQFYpw"]},{"@type":"Person","@id":"https:\/\/www.organisator.ch\/#\/schema\/person\/aa2bace6c5c5aad60102004a50c4eb1c","name":"admin","image":{"@type":"ImageObject","inLanguage":"de","@id":"https:\/\/secure.gravatar.com\/avatar\/ae2f4d718e6c49043e314ce431e7e645d646302a24a5ef5a8bc8e3f5a032e319?s=96&d=mm&r=g","url":"https:\/\/secure.gravatar.com\/avatar\/ae2f4d718e6c49043e314ce431e7e645d646302a24a5ef5a8bc8e3f5a032e319?s=96&d=mm&r=g","contentUrl":"https:\/\/secure.gravatar.com\/avatar\/ae2f4d718e6c49043e314ce431e7e645d646302a24a5ef5a8bc8e3f5a032e319?s=96&d=mm&r=g","caption":"admin"},"sameAs":["https:\/\/www.organisator.ch"],"url":"https:\/\/www.organisator.ch\/de\/author\/admin\/"}]}},"_links":{"self":[{"href":"https:\/\/www.organisator.ch\/de\/wp-json\/wp\/v2\/posts\/455","targetHints":{"allow":["GET"]}}],"collection":[{"href":"https:\/\/www.organisator.ch\/de\/wp-json\/wp\/v2\/posts"}],"about":[{"href":"https:\/\/www.organisator.ch\/de\/wp-json\/wp\/v2\/types\/post"}],"author":[{"embeddable":true,"href":"https:\/\/www.organisator.ch\/de\/wp-json\/wp\/v2\/users\/1"}],"replies":[{"embeddable":true,"href":"https:\/\/www.organisator.ch\/de\/wp-json\/wp\/v2\/comments?post=455"}],"version-history":[{"count":0,"href":"https:\/\/www.organisator.ch\/de\/wp-json\/wp\/v2\/posts\/455\/revisions"}],"wp:featuredmedia":[{"embeddable":true,"href":"https:\/\/www.organisator.ch\/de\/wp-json\/wp\/v2\/media\/456"}],"wp:attachment":[{"href":"https:\/\/www.organisator.ch\/de\/wp-json\/wp\/v2\/media?parent=455"}],"wp:term":[{"taxonomy":"category","embeddable":true,"href":"https:\/\/www.organisator.ch\/de\/wp-json\/wp\/v2\/categories?post=455"},{"taxonomy":"post_tag","embeddable":true,"href":"https:\/\/www.organisator.ch\/de\/wp-json\/wp\/v2\/tags?post=455"}],"curies":[{"name":"wp","href":"https:\/\/api.w.org\/{rel}","templated":true}]}}