{"id":4569,"date":"2021-07-16T09:06:45","date_gmt":"2021-07-16T07:06:45","guid":{"rendered":"https:\/\/www.umweltperspektiven.ch\/?p=4569"},"modified":"2021-07-16T09:06:45","modified_gmt":"2021-07-16T07:06:45","slug":"umwelttechnikmesse-mut-wird-auf-2023-verschoben","status":"publish","type":"post","link":"https:\/\/www.organisator.ch\/de\/allgemein\/2021-07-16\/umwelttechnikmesse-mut-wird-auf-2023-verschoben\/","title":{"rendered":"Umwelttechnikmesse MUT wird auf 2023 verschoben"},"content":{"rendered":"<figure id=\"attachment_4567\" aria-describedby=\"caption-attachment-4567\" style=\"width: 680px\" class=\"wp-caption aligncenter\"><img loading=\"lazy\" decoding=\"async\" class=\"wp-image-4567 size-medium\" src=\"\/\/www.umweltperspektiven.ch\/wp-content\/uploads\/2021\/07\/ILMAC-2019-SBA-01-040.jpg\" alt=\"Umwelttechnikmesse MUT\" width=\"680\" height=\"453\" \/><figcaption id=\"caption-attachment-4567\" class=\"wp-caption-text\">\u00a9 MCH Messe Schweiz (Basel) AG<\/figcaption><\/figure>\n<p>Die geplante Umwelttechnikmesse <a href=\"\/\/www.mut-umwelttechnik.ch\">MUT<\/a> in Basel muss f\u00fcr dieses Jahr abgesagt respektive auf das Jahr 2023 verschoben werden, wie die MCH Messe Schweiz (Basel) AG soeben mitgeteilt hat.<\/p>\n<h2><strong>N\u00e4chstes Datum: Herbst 2023<\/strong><\/h2>\n<p>Die Entwicklungen in Sachen Corona-Pandemie und die immer neuen \u00d6ffnungsschritte seitens des Bundesrats seien erfreulich, so die Veranstalter. Trotzdem erhalte man t\u00e4glich skeptische R\u00fcckmeldungen aus dem Markt, ob die MUT unter den aktuellen Rahmenbedingungen erfolgreich durchgef\u00fchrt werden k\u00f6nne. \u00abDiese Signale nehmen wir sehr ernst, ist es doch unser Bestreben, eine f\u00fcr alle Aussteller, Partner und Besucher erfolgreiche Messe zu veranstalten, damit die Messeziele unter m\u00f6glichst optimalen Bedingungen erreicht werden. Nach kritischer Beurteilung haben wir entschieden, die MUT 2021 abzusagen und die n\u00e4chste Veranstaltung im Herbst 2023 durchzuf\u00fchren. Das genaue Datum wird noch bekanntgegeben\u00bb, teilen die Messeveranstalter w\u00f6rtlich mit.<\/p>\n<h2><strong>Welche Themenschwerpunkte?<\/strong><\/h2>\n<p>Erst f\u00fcr 2023 kann also die n\u00e4chste MUT geplant werden. Der Anlass biete eine erstklassige Netzwerk- und Pr\u00e4sentationsplattform f\u00fcr Anbieter moderner Umwelttechnologien. Neueste Produkte und Dienstleistungen zu den Themenschwerpunkten betrieblicher Umweltschutz und Umweltmanagement, Wasser- und Abwasserbehandlung, Abfallwirtschaft, Luftreinhaltung sowie Energie und Energieeffizienz w\u00fcrden am Anlass 2023 auf ein professionelles Fachpublikum aus der Industrie, dem Gewerbe und der \u00f6ffentlichen Hand treffen.<\/p>\n<p>Die Premiere der MUT fand 2019\u00a0statt, und zwar parallel zur Schweizer Industriemesse f\u00fcr Labor- und Prozesstechnologie (Ilmac). Laut Angaben waren an den zwei Messen 440 Aussteller vor Ort und 12&#8217;270 Besuchende kamen nach Basel.<\/p>\n<p><em>Quelle: MCH Messe Schweiz (Basel) AG<\/em><\/p>\n","protected":false},"excerpt":{"rendered":"<p>Die geplante Umwelttechnikmesse MUT in Basel muss f\u00fcr dieses Jahr abgesagt respektive auf das Jahr 2023 verschoben werden, wie die MCH Messe Schweiz (Basel) AG soeben mitgeteilt hat. N\u00e4chstes Datum: Herbst 2023 Die Entwicklungen in Sachen Corona-Pandemie und die immer neuen \u00d6ffnungsschritte seitens des Bundesrats seien erfreulich, so die Veranstalter. Trotzdem erhalte man t\u00e4glich skeptische [&hellip;]<\/p>\n","protected":false},"author":6,"featured_media":4567,"comment_status":"closed","ping_status":"closed","sticky":false,"template":"","format":"standard","meta":{"_acf_changed":false,"_yoast_wpseo_focuskw":"MUT","_yoast_wpseo_metadesc":"Die Umwelttechnikmesse MUT findet im Oktober 2021 nicht statt. Der Anlass wird auf 2023 verschoben, wie die MCH Messe Schweiz (Basel) AG schreibt.","articlekey":"","footnotes":""},"categories":[1],"tags":[1673,2384,502],"class_list":["post-4569","post","type-post","status-publish","format-standard","has-post-thumbnail","hentry","category-allgemein","tag-mch-messe-schweiz-basel-ag","tag-umwelttechnikmesse-mut","tag-veranstaltungen"],"acf":[],"yoast_head":"<!-- This site is optimized with the Yoast SEO plugin v27.4 - https:\/\/yoast.com\/product\/yoast-seo-wordpress\/ -->\n<title>Umwelttechnikmesse MUT wird auf 2023 verschoben - Organisator<\/title>\n<meta name=\"description\" content=\"Die Umwelttechnikmesse MUT findet im Oktober 2021 nicht statt. Der Anlass wird auf 2023 verschoben, wie die MCH Messe Schweiz (Basel) AG schreibt.\" \/>\n<meta name=\"robots\" content=\"index, follow, max-snippet:-1, max-image-preview:large, max-video-preview:-1\" \/>\n<link rel=\"canonical\" href=\"https:\/\/www.organisator.ch\/de\/allgemein\/2021-07-16\/umwelttechnikmesse-mut-wird-auf-2023-verschoben\/\" \/>\n<meta property=\"og:locale\" content=\"de_DE\" \/>\n<meta property=\"og:type\" content=\"article\" \/>\n<meta property=\"og:title\" content=\"Umwelttechnikmesse MUT wird auf 2023 verschoben - Organisator\" \/>\n<meta property=\"og:description\" content=\"Die Umwelttechnikmesse MUT findet im Oktober 2021 nicht statt. Der Anlass wird auf 2023 verschoben, wie die MCH Messe Schweiz (Basel) AG schreibt.\" \/>\n<meta property=\"og:url\" content=\"https:\/\/www.organisator.ch\/de\/allgemein\/2021-07-16\/umwelttechnikmesse-mut-wird-auf-2023-verschoben\/\" \/>\n<meta property=\"og:site_name\" content=\"Organisator\" \/>\n<meta property=\"article:publisher\" content=\"https:\/\/www.facebook.com\/OrganisatorFachmagazin\" \/>\n<meta property=\"article:published_time\" content=\"2021-07-16T07:06:45+00:00\" \/>\n<meta property=\"og:image\" content=\"https:\/\/www.organisator.ch\/wp-content\/uploads\/2021\/07\/ILMAC-2019-SBA-01-040-scaled.jpg\" \/>\n\t<meta property=\"og:image:width\" content=\"2560\" \/>\n\t<meta property=\"og:image:height\" content=\"1707\" \/>\n\t<meta property=\"og:image:type\" content=\"image\/jpeg\" \/>\n<meta name=\"author\" content=\"roger.straessle\" \/>\n<meta name=\"twitter:card\" content=\"summary_large_image\" \/>\n<script type=\"application\/ld+json\" class=\"yoast-schema-graph\">{\"@context\":\"https:\\\/\\\/schema.org\",\"@graph\":[{\"@type\":\"Article\",\"@id\":\"https:\\\/\\\/www.organisator.ch\\\/fr\\\/general\\\/2021-07-16\\\/umwelttechnikmesse-mut-wird-auf-2023-verschoben\\\/#article\",\"isPartOf\":{\"@id\":\"https:\\\/\\\/www.organisator.ch\\\/fr\\\/general\\\/2021-07-16\\\/umwelttechnikmesse-mut-wird-auf-2023-verschoben\\\/\"},\"author\":{\"name\":\"roger.straessle\",\"@id\":\"https:\\\/\\\/www.organisator.ch\\\/#\\\/schema\\\/person\\\/a800b8c54e208b160517a7dcc323161d\"},\"headline\":\"Umwelttechnikmesse MUT wird auf 2023 verschoben\",\"datePublished\":\"2021-07-16T07:06:45+00:00\",\"mainEntityOfPage\":{\"@id\":\"https:\\\/\\\/www.organisator.ch\\\/fr\\\/general\\\/2021-07-16\\\/umwelttechnikmesse-mut-wird-auf-2023-verschoben\\\/\"},\"wordCount\":258,\"publisher\":{\"@id\":\"https:\\\/\\\/www.organisator.ch\\\/#organization\"},\"image\":{\"@id\":\"https:\\\/\\\/www.organisator.ch\\\/fr\\\/general\\\/2021-07-16\\\/umwelttechnikmesse-mut-wird-auf-2023-verschoben\\\/#primaryimage\"},\"thumbnailUrl\":\"https:\\\/\\\/www.organisator.ch\\\/wp-content\\\/uploads\\\/2021\\\/07\\\/ILMAC-2019-SBA-01-040-scaled.jpg\",\"keywords\":[\"MCH Messe Schweiz (Basel) AG\",\"Umwelttechnikmesse MUT\",\"Veranstaltungen\"],\"inLanguage\":\"de\"},{\"@type\":\"WebPage\",\"@id\":\"https:\\\/\\\/www.organisator.ch\\\/fr\\\/general\\\/2021-07-16\\\/umwelttechnikmesse-mut-wird-auf-2023-verschoben\\\/\",\"url\":\"https:\\\/\\\/www.organisator.ch\\\/fr\\\/general\\\/2021-07-16\\\/umwelttechnikmesse-mut-wird-auf-2023-verschoben\\\/\",\"name\":\"Umwelttechnikmesse MUT wird auf 2023 verschoben - Organisator\",\"isPartOf\":{\"@id\":\"https:\\\/\\\/www.organisator.ch\\\/#website\"},\"primaryImageOfPage\":{\"@id\":\"https:\\\/\\\/www.organisator.ch\\\/fr\\\/general\\\/2021-07-16\\\/umwelttechnikmesse-mut-wird-auf-2023-verschoben\\\/#primaryimage\"},\"image\":{\"@id\":\"https:\\\/\\\/www.organisator.ch\\\/fr\\\/general\\\/2021-07-16\\\/umwelttechnikmesse-mut-wird-auf-2023-verschoben\\\/#primaryimage\"},\"thumbnailUrl\":\"https:\\\/\\\/www.organisator.ch\\\/wp-content\\\/uploads\\\/2021\\\/07\\\/ILMAC-2019-SBA-01-040-scaled.jpg\",\"datePublished\":\"2021-07-16T07:06:45+00:00\",\"description\":\"Die Umwelttechnikmesse MUT findet im Oktober 2021 nicht statt. Der Anlass wird auf 2023 verschoben, wie die MCH Messe Schweiz (Basel) AG schreibt.\",\"breadcrumb\":{\"@id\":\"https:\\\/\\\/www.organisator.ch\\\/fr\\\/general\\\/2021-07-16\\\/umwelttechnikmesse-mut-wird-auf-2023-verschoben\\\/#breadcrumb\"},\"inLanguage\":\"de\",\"potentialAction\":[{\"@type\":\"ReadAction\",\"target\":[\"https:\\\/\\\/www.organisator.ch\\\/fr\\\/general\\\/2021-07-16\\\/umwelttechnikmesse-mut-wird-auf-2023-verschoben\\\/\"]}]},{\"@type\":\"ImageObject\",\"inLanguage\":\"de\",\"@id\":\"https:\\\/\\\/www.organisator.ch\\\/fr\\\/general\\\/2021-07-16\\\/umwelttechnikmesse-mut-wird-auf-2023-verschoben\\\/#primaryimage\",\"url\":\"https:\\\/\\\/www.organisator.ch\\\/wp-content\\\/uploads\\\/2021\\\/07\\\/ILMAC-2019-SBA-01-040-scaled.jpg\",\"contentUrl\":\"https:\\\/\\\/www.organisator.ch\\\/wp-content\\\/uploads\\\/2021\\\/07\\\/ILMAC-2019-SBA-01-040-scaled.jpg\",\"width\":2560,\"height\":1707,\"caption\":\"\u00a9 MCH Messe Schweiz (Basel) AG\"},{\"@type\":\"BreadcrumbList\",\"@id\":\"https:\\\/\\\/www.organisator.ch\\\/fr\\\/general\\\/2021-07-16\\\/umwelttechnikmesse-mut-wird-auf-2023-verschoben\\\/#breadcrumb\",\"itemListElement\":[{\"@type\":\"ListItem\",\"position\":1,\"name\":\"Home\",\"item\":\"https:\\\/\\\/www.organisator.ch\\\/\"},{\"@type\":\"ListItem\",\"position\":2,\"name\":\"Umwelttechnikmesse MUT wird auf 2023 verschoben\"}]},{\"@type\":\"WebSite\",\"@id\":\"https:\\\/\\\/www.organisator.ch\\\/#website\",\"url\":\"https:\\\/\\\/www.organisator.ch\\\/\",\"name\":\"Organisator\",\"description\":\"Kompetent. Praxisnah. Der ORGANISATOR bereitet in 10 Ausgaben pro Jahr die wesentlichen Themen f\u00fcr F\u00fchrungskr\u00e4fte von KMU auf.\",\"publisher\":{\"@id\":\"https:\\\/\\\/www.organisator.ch\\\/#organization\"},\"potentialAction\":[{\"@type\":\"SearchAction\",\"target\":{\"@type\":\"EntryPoint\",\"urlTemplate\":\"https:\\\/\\\/www.organisator.ch\\\/?s={search_term_string}\"},\"query-input\":{\"@type\":\"PropertyValueSpecification\",\"valueRequired\":true,\"valueName\":\"search_term_string\"}}],\"inLanguage\":\"de\"},{\"@type\":\"Organization\",\"@id\":\"https:\\\/\\\/www.organisator.ch\\\/#organization\",\"name\":\"Organisator\",\"url\":\"https:\\\/\\\/www.organisator.ch\\\/\",\"logo\":{\"@type\":\"ImageObject\",\"inLanguage\":\"de\",\"@id\":\"https:\\\/\\\/www.organisator.ch\\\/#\\\/schema\\\/logo\\\/image\\\/\",\"url\":\"https:\\\/\\\/www.organisator.ch\\\/wp-content\\\/uploads\\\/2022\\\/01\\\/Logo_Organisator_Website.png\",\"contentUrl\":\"https:\\\/\\\/www.organisator.ch\\\/wp-content\\\/uploads\\\/2022\\\/01\\\/Logo_Organisator_Website.png\",\"width\":800,\"height\":77,\"caption\":\"Organisator\"},\"image\":{\"@id\":\"https:\\\/\\\/www.organisator.ch\\\/#\\\/schema\\\/logo\\\/image\\\/\"},\"sameAs\":[\"https:\\\/\\\/www.facebook.com\\\/OrganisatorFachmagazin\",\"https:\\\/\\\/www.linkedin.com\\\/showcase\\\/organisator-das-magazin-fr-kmu\",\"https:\\\/\\\/www.xing.com\\\/news\\\/pages\\\/organisator-ch-695\",\"https:\\\/\\\/www.youtube.com\\\/channel\\\/UCGP2Sq0iWaZwT3BdIAQFYpw\"]},{\"@type\":\"Person\",\"@id\":\"https:\\\/\\\/www.organisator.ch\\\/#\\\/schema\\\/person\\\/a800b8c54e208b160517a7dcc323161d\",\"name\":\"roger.straessle\",\"image\":{\"@type\":\"ImageObject\",\"inLanguage\":\"de\",\"@id\":\"https:\\\/\\\/secure.gravatar.com\\\/avatar\\\/?s=96&d=mm&r=g\",\"url\":\"https:\\\/\\\/secure.gravatar.com\\\/avatar\\\/?s=96&d=mm&r=g\",\"contentUrl\":\"https:\\\/\\\/secure.gravatar.com\\\/avatar\\\/?s=96&d=mm&r=g\",\"caption\":\"roger.straessle\"},\"url\":\"https:\\\/\\\/www.organisator.ch\\\/de\\\/author\\\/roger-straessle\\\/\"}]}<\/script>\n<!-- \/ Yoast SEO plugin. -->","yoast_head_json":{"title":"Umwelttechnikmesse MUT wird auf 2023 verschoben - Organisator","description":"Die Umwelttechnikmesse MUT findet im Oktober 2021 nicht statt. Der Anlass wird auf 2023 verschoben, wie die MCH Messe Schweiz (Basel) AG schreibt.","robots":{"index":"index","follow":"follow","max-snippet":"max-snippet:-1","max-image-preview":"max-image-preview:large","max-video-preview":"max-video-preview:-1"},"canonical":"https:\/\/www.organisator.ch\/de\/allgemein\/2021-07-16\/umwelttechnikmesse-mut-wird-auf-2023-verschoben\/","og_locale":"de_DE","og_type":"article","og_title":"Umwelttechnikmesse MUT wird auf 2023 verschoben - Organisator","og_description":"Die Umwelttechnikmesse MUT findet im Oktober 2021 nicht statt. Der Anlass wird auf 2023 verschoben, wie die MCH Messe Schweiz (Basel) AG schreibt.","og_url":"https:\/\/www.organisator.ch\/de\/allgemein\/2021-07-16\/umwelttechnikmesse-mut-wird-auf-2023-verschoben\/","og_site_name":"Organisator","article_publisher":"https:\/\/www.facebook.com\/OrganisatorFachmagazin","article_published_time":"2021-07-16T07:06:45+00:00","og_image":[{"width":2560,"height":1707,"url":"https:\/\/www.organisator.ch\/wp-content\/uploads\/2021\/07\/ILMAC-2019-SBA-01-040-scaled.jpg","type":"image\/jpeg"}],"author":"roger.straessle","twitter_card":"summary_large_image","schema":{"@context":"https:\/\/schema.org","@graph":[{"@type":"Article","@id":"https:\/\/www.organisator.ch\/fr\/general\/2021-07-16\/umwelttechnikmesse-mut-wird-auf-2023-verschoben\/#article","isPartOf":{"@id":"https:\/\/www.organisator.ch\/fr\/general\/2021-07-16\/umwelttechnikmesse-mut-wird-auf-2023-verschoben\/"},"author":{"name":"roger.straessle","@id":"https:\/\/www.organisator.ch\/#\/schema\/person\/a800b8c54e208b160517a7dcc323161d"},"headline":"Umwelttechnikmesse MUT wird auf 2023 verschoben","datePublished":"2021-07-16T07:06:45+00:00","mainEntityOfPage":{"@id":"https:\/\/www.organisator.ch\/fr\/general\/2021-07-16\/umwelttechnikmesse-mut-wird-auf-2023-verschoben\/"},"wordCount":258,"publisher":{"@id":"https:\/\/www.organisator.ch\/#organization"},"image":{"@id":"https:\/\/www.organisator.ch\/fr\/general\/2021-07-16\/umwelttechnikmesse-mut-wird-auf-2023-verschoben\/#primaryimage"},"thumbnailUrl":"https:\/\/www.organisator.ch\/wp-content\/uploads\/2021\/07\/ILMAC-2019-SBA-01-040-scaled.jpg","keywords":["MCH Messe Schweiz (Basel) AG","Umwelttechnikmesse MUT","Veranstaltungen"],"inLanguage":"de"},{"@type":"WebPage","@id":"https:\/\/www.organisator.ch\/fr\/general\/2021-07-16\/umwelttechnikmesse-mut-wird-auf-2023-verschoben\/","url":"https:\/\/www.organisator.ch\/fr\/general\/2021-07-16\/umwelttechnikmesse-mut-wird-auf-2023-verschoben\/","name":"Umwelttechnikmesse MUT wird auf 2023 verschoben - Organisator","isPartOf":{"@id":"https:\/\/www.organisator.ch\/#website"},"primaryImageOfPage":{"@id":"https:\/\/www.organisator.ch\/fr\/general\/2021-07-16\/umwelttechnikmesse-mut-wird-auf-2023-verschoben\/#primaryimage"},"image":{"@id":"https:\/\/www.organisator.ch\/fr\/general\/2021-07-16\/umwelttechnikmesse-mut-wird-auf-2023-verschoben\/#primaryimage"},"thumbnailUrl":"https:\/\/www.organisator.ch\/wp-content\/uploads\/2021\/07\/ILMAC-2019-SBA-01-040-scaled.jpg","datePublished":"2021-07-16T07:06:45+00:00","description":"Die Umwelttechnikmesse MUT findet im Oktober 2021 nicht statt. Der Anlass wird auf 2023 verschoben, wie die MCH Messe Schweiz (Basel) AG schreibt.","breadcrumb":{"@id":"https:\/\/www.organisator.ch\/fr\/general\/2021-07-16\/umwelttechnikmesse-mut-wird-auf-2023-verschoben\/#breadcrumb"},"inLanguage":"de","potentialAction":[{"@type":"ReadAction","target":["https:\/\/www.organisator.ch\/fr\/general\/2021-07-16\/umwelttechnikmesse-mut-wird-auf-2023-verschoben\/"]}]},{"@type":"ImageObject","inLanguage":"de","@id":"https:\/\/www.organisator.ch\/fr\/general\/2021-07-16\/umwelttechnikmesse-mut-wird-auf-2023-verschoben\/#primaryimage","url":"https:\/\/www.organisator.ch\/wp-content\/uploads\/2021\/07\/ILMAC-2019-SBA-01-040-scaled.jpg","contentUrl":"https:\/\/www.organisator.ch\/wp-content\/uploads\/2021\/07\/ILMAC-2019-SBA-01-040-scaled.jpg","width":2560,"height":1707,"caption":"\u00a9 MCH Messe Schweiz (Basel) AG"},{"@type":"BreadcrumbList","@id":"https:\/\/www.organisator.ch\/fr\/general\/2021-07-16\/umwelttechnikmesse-mut-wird-auf-2023-verschoben\/#breadcrumb","itemListElement":[{"@type":"ListItem","position":1,"name":"Home","item":"https:\/\/www.organisator.ch\/"},{"@type":"ListItem","position":2,"name":"Umwelttechnikmesse MUT wird auf 2023 verschoben"}]},{"@type":"WebSite","@id":"https:\/\/www.organisator.ch\/#website","url":"https:\/\/www.organisator.ch\/","name":"Organisator","description":"Kompetent. Praxisnah. Der ORGANISATOR bereitet in 10 Ausgaben pro Jahr die wesentlichen Themen f\u00fcr F\u00fchrungskr\u00e4fte von KMU auf.","publisher":{"@id":"https:\/\/www.organisator.ch\/#organization"},"potentialAction":[{"@type":"SearchAction","target":{"@type":"EntryPoint","urlTemplate":"https:\/\/www.organisator.ch\/?s={search_term_string}"},"query-input":{"@type":"PropertyValueSpecification","valueRequired":true,"valueName":"search_term_string"}}],"inLanguage":"de"},{"@type":"Organization","@id":"https:\/\/www.organisator.ch\/#organization","name":"Organisator","url":"https:\/\/www.organisator.ch\/","logo":{"@type":"ImageObject","inLanguage":"de","@id":"https:\/\/www.organisator.ch\/#\/schema\/logo\/image\/","url":"https:\/\/www.organisator.ch\/wp-content\/uploads\/2022\/01\/Logo_Organisator_Website.png","contentUrl":"https:\/\/www.organisator.ch\/wp-content\/uploads\/2022\/01\/Logo_Organisator_Website.png","width":800,"height":77,"caption":"Organisator"},"image":{"@id":"https:\/\/www.organisator.ch\/#\/schema\/logo\/image\/"},"sameAs":["https:\/\/www.facebook.com\/OrganisatorFachmagazin","https:\/\/www.linkedin.com\/showcase\/organisator-das-magazin-fr-kmu","https:\/\/www.xing.com\/news\/pages\/organisator-ch-695","https:\/\/www.youtube.com\/channel\/UCGP2Sq0iWaZwT3BdIAQFYpw"]},{"@type":"Person","@id":"https:\/\/www.organisator.ch\/#\/schema\/person\/a800b8c54e208b160517a7dcc323161d","name":"roger.straessle","image":{"@type":"ImageObject","inLanguage":"de","@id":"https:\/\/secure.gravatar.com\/avatar\/?s=96&d=mm&r=g","url":"https:\/\/secure.gravatar.com\/avatar\/?s=96&d=mm&r=g","contentUrl":"https:\/\/secure.gravatar.com\/avatar\/?s=96&d=mm&r=g","caption":"roger.straessle"},"url":"https:\/\/www.organisator.ch\/de\/author\/roger-straessle\/"}]}},"_links":{"self":[{"href":"https:\/\/www.organisator.ch\/de\/wp-json\/wp\/v2\/posts\/4569","targetHints":{"allow":["GET"]}}],"collection":[{"href":"https:\/\/www.organisator.ch\/de\/wp-json\/wp\/v2\/posts"}],"about":[{"href":"https:\/\/www.organisator.ch\/de\/wp-json\/wp\/v2\/types\/post"}],"author":[{"embeddable":true,"href":"https:\/\/www.organisator.ch\/de\/wp-json\/wp\/v2\/users\/6"}],"replies":[{"embeddable":true,"href":"https:\/\/www.organisator.ch\/de\/wp-json\/wp\/v2\/comments?post=4569"}],"version-history":[{"count":0,"href":"https:\/\/www.organisator.ch\/de\/wp-json\/wp\/v2\/posts\/4569\/revisions"}],"wp:featuredmedia":[{"embeddable":true,"href":"https:\/\/www.organisator.ch\/de\/wp-json\/wp\/v2\/media\/4567"}],"wp:attachment":[{"href":"https:\/\/www.organisator.ch\/de\/wp-json\/wp\/v2\/media?parent=4569"}],"wp:term":[{"taxonomy":"category","embeddable":true,"href":"https:\/\/www.organisator.ch\/de\/wp-json\/wp\/v2\/categories?post=4569"},{"taxonomy":"post_tag","embeddable":true,"href":"https:\/\/www.organisator.ch\/de\/wp-json\/wp\/v2\/tags?post=4569"}],"curies":[{"name":"wp","href":"https:\/\/api.w.org\/{rel}","templated":true}]}}