{"id":45740,"date":"2026-03-06T13:59:25","date_gmt":"2026-03-06T12:59:25","guid":{"rendered":"https:\/\/www.m-q.ch\/?p=22548"},"modified":"2026-03-06T14:13:16","modified_gmt":"2026-03-06T13:13:16","slug":"cpt-2026-cyber-security-konferenz-setzt-zeichen-fuer-europas-digitale-souveraenitaet","status":"publish","type":"post","link":"https:\/\/www.organisator.ch\/de\/operational-excellence\/2026-03-06\/cpt-2026-cyber-security-konferenz-setzt-zeichen-fuer-europas-digitale-souveraenitaet\/","title":{"rendered":"CPT 2026: Cyber-Security-Konferenz setzt Zeichen f\u00fcr Europas digitale Souver\u00e4nit\u00e4t"},"content":{"rendered":"<figure id=\"attachment_22549\" class=\"wp-caption alignnone\" style=\"width: 680px;\" aria-describedby=\"caption-attachment-22549\"><img class=\"size-full wp-image-22549\" src=\"https:\/\/www.m-q.ch\/wp-content\/uploads\/2026\/03\/CPT-2026-Cyber-Security-Konferenz-setzt-Zeichen-fuer-Europas-digitale-Souveraenitaet_MQ.jpg\" sizes=\"(max-width: 680px) 100vw, 680px\" srcset=\"https:\/\/www.m-q.ch\/wp-content\/uploads\/2026\/03\/CPT-2026-Cyber-Security-Konferenz-setzt-Zeichen-fuer-Europas-digitale-Souveraenitaet_MQ.jpg 680w, https:\/\/www.m-q.ch\/wp-content\/uploads\/2026\/03\/CPT-2026-Cyber-Security-Konferenz-setzt-Zeichen-fuer-Europas-digitale-Souveraenitaet_MQ-18x12.jpg 18w, https:\/\/www.m-q.ch\/wp-content\/uploads\/2026\/03\/CPT-2026-Cyber-Security-Konferenz-setzt-Zeichen-fuer-Europas-digitale-Souveraenitaet_MQ-375x234.jpg 375w, https:\/\/www.m-q.ch\/wp-content\/uploads\/2026\/03\/CPT-2026-Cyber-Security-Konferenz-setzt-Zeichen-fuer-Europas-digitale-Souveraenitaet_MQ-561x350.jpg 561w\" alt=\"\" width=\"680\" height=\"424\" \/>\r\n<figcaption id=\"caption-attachment-22549\" class=\"wp-caption-text\">Die erste Panel-Diskussion der CPT 2026 zum Thema \u00abIst Europa digital souver\u00e4n\u00bb (Bildrechte: FTAPI)<\/figcaption>\r\n<\/figure>\r\n<p><a href=\"https:\/\/www.m-q.ch\/de\/rueckblick-swiss-cyber-security-days-2026-souveraen-ist-wer-seine-abhaengigkeiten-kennt\/\">Nicht nur in der Schweiz wird \u00fcber digitale Souver\u00e4nit\u00e4t diskutiert<\/a>, sondern auch auf europ\u00e4ischer Ebene. Unter der Federf\u00fchrung des M\u00fcnchner Software-Unternehmens FTAPI ging am 6. M\u00e4rz 2026 die CPT 2026 (Connect. Protect. Transform.) erfolgreich zu Ende. Knapp 500 Top-Entscheider, CISOs und Gesch\u00e4ftsf\u00fchrer aus verschiedenen Branchen nutzten die exklusive Atmosph\u00e4re in der Allianz Arena M\u00fcnchen, um die Weichen f\u00fcr die digitale Zukunft Europas zu stellen. Die Konferenz unterstrich eindrucksvoll, dass Cyber-Sicherheit heute f\u00fcr Unternehmen und Staat gleichermassen \u00fcberlebenswichtig geworden ist.<\/p>\r\n<p>Im Mittelpunkt der CPT 2026 stand die Frage, wie Europa seine digitale Souver\u00e4nit\u00e4t und demokratischen Werte in einer zunehmend vernetzten und von globalen Tech-Giganten dominierten Welt bewahren kann. Vor diesem Hintergrund wurden die konkreten Themen der beiden Tage diskutiert: die Umsetzung der NIS-2-Regularien, die Weiterentwicklung der BSI-Standards (C5:2025) und die Auswirkungen von KI-Agenten auf die Cyber-Abwehr.<\/p>\r\n<h3>Weckruf der BSI-Pr\u00e4sidentin<\/h3>\r\n<figure id=\"attachment_45728\" class=\"wp-caption alignnone\" style=\"width: 1400px;\" aria-describedby=\"caption-attachment-45728\"><img class=\"wp-image-45728 size-full\" src=\"https:\/\/www.organisator.ch\/wp-content\/uploads\/2026\/03\/CPT20Plattner-scaled.jpeg\" alt=\"\" width=\"1400\" height=\"902\" \/>\r\n<figcaption id=\"caption-attachment-45728\" class=\"wp-caption-text\">Claudia Plattner, Pr\u00e4sidentin des Bundesamtes f\u00fcr Sicherheit in der Informationstechnik (BSI), lieferte eine ungesch\u00f6nte Analyse der aktuellen Bedrohungslage und forderte eine proaktive \u00dcbernahme von Verantwortung im digitalen Raum von Nutzern, Herstellern und Staat. (Bildrechte: FTAPI)<\/figcaption>\r\n<\/figure>\r\n<p>Den inhaltlichen Auftakt der Konferenz bildete der Impulsvortrag von Claudia Plattner, Pr\u00e4sidentin des Bundesamtes f\u00fcr Sicherheit in der Informationstechnik (BSI). Unter dem Titel \u00abWeckruf \u2013 Schlafen wir noch oder sch\u00e4tzen wir die Lage richtig ein?\u00bb lieferte sie eine ungesch\u00f6nte Analyse der aktuellen Bedrohungslage und forderte eine proaktive \u00dcbernahme von Verantwortung im digitalen Raum von Betreibern, Herstellern und Staat.<\/p>\r\n<p>BSI-Pr\u00e4sidentin Claudia Plattner: \u00abDeutschland und Europa stehen unter dem permanenten Druck von Cyber Crime, Cyber Conflict und Cyber Dominance. Digitalisierung ist Dreh- und Angelpunkt einer sich massiv ver\u00e4ndernden Welt mit Aus- und Wechselwirkungen auf Regeln des Miteinanders, Politik, Macht und staatliche Interessen. Evident ist, dass der Schutz unserer Gesellschaft von unseren digitalen F\u00e4higkeiten abh\u00e4ngt \u2013 und davon, wie gut wir den digitalen Raum verteidigen k\u00f6nnen. Der Weg zu einer digital wehrhaften und souver\u00e4nen Europ\u00e4ischen Union f\u00fchrt \u00fcber eine Cyberunion Europa, die technologisch und damit auch wirtschaftlich erfolgreich wird, weil sie im engen Schulterschluss zwischen Staaten, Wirtschaft, Wissenschaft und Gesellschaft realit\u00e4tsnah und pragmatisch ihr Potential nutzt.\u00bb<\/p>\r\n<h3>Werte-Diskurs: Europas digitale Identit\u00e4t<\/h3>\r\n<p>Ein zentraler Schwerpunkt der Konferenz lag auf der gesellschaftlichen Relevanz der Digitalisierung. Im Panel \u00abEuropas digitale Souver\u00e4nit\u00e4t \u2013 Verliert Europa seine Werte?\u00bb er\u00f6rterte der Bayerische Staatsminister f\u00fcr Digitales, Dr. Fabian Mehring, gemeinsam mit Claudia Plattner und Vertretern aus Politik und Zivilgesellschaft die politische Gestaltungskraft in einer vernetzten Welt. Dabei stand die Frage im Vordergrund, wie Souver\u00e4nit\u00e4t und demokratische Werte angesichts globaler technologischer Abh\u00e4ngigkeiten gewahrt werden k\u00f6nnen.<\/p>\r\n<p>Digitalminister Dr. Fabian Mehring: \u00abCyber-Sicherheit ist l\u00e4ngst keine technische Nischendebatte mehr, sondern eine strategische \u00dcberlebensfrage f\u00fcr Staat, Wirtschaft und Gesellschaft. Digitale Souver\u00e4nit\u00e4t muss unweigerlich zum integralen Bestandteil der DNA moderner Staaten werden, wenn wir die Errungenschaften westlich-liberaler Demokratien \u2013 Frieden, Freiheit, Wohlstand und Sicherheit \u2013 aus dem letzten Jahrhundert in das KI-Zeitalter tragen wollen. Entscheidend ist dabei vor allem Wahlfreiheit verstanden als die F\u00e4higkeit, selbstbestimmt zwischen leistungsf\u00e4higen europ\u00e4ischen L\u00f6sungen und starken internationalen Angeboten zu entscheiden.\u00bb<\/p>\r\n<h3>Transformation als menschliche Herausforderung<\/h3>\r\n<figure id=\"attachment_45727\" class=\"wp-caption alignnone\" style=\"width: 1053px;\" aria-describedby=\"caption-attachment-45727\"><img class=\"wp-image-45727 size-full\" src=\"https:\/\/www.organisator.ch\/wp-content\/uploads\/2026\/03\/CPT20Neurowissenschafr.20Henning20Beck-scaled.jpg\" alt=\"\" width=\"1053\" height=\"1400\" \/>\r\n<figcaption id=\"caption-attachment-45727\" class=\"wp-caption-text\">In der zentralen Keynote des zweiten Tages analysierte der Neurowissenschaftler Dr. Henning Beck die Grenzen der K\u00fcnstlichen Intelligenz im Vergleich zur menschlichen Kognition. (Bildrechte: FTAPI)<\/figcaption>\r\n<\/figure>\r\n<p>Abseits der regulatorischen Debatten setzte die CPT 2026 auf den Faktor Mensch. In einem intensiven Dialog trafen Dunja Hayali und Uli Hoeness aufeinander, um unter dem Motto \u00abTransformation macht man selbst!\u00bb \u00fcber F\u00fchrung, Mut und den Umgang mit radikalem Wandel zu sprechen. Dieser Austausch verdeutlichte die gesellschaftliche Komponente der Konferenz: Transformation gelingt nur durch einen breiten Diskurs \u00fcber verschiedene Branchen und Erfahrungswerte hinweg.<\/p>\r\n<p>In der zentralen Keynote des zweiten Tages analysierte der Neurowissenschaftler Dr. Henning Beck die Grenzen der K\u00fcnstlichen Intelligenz im Vergleich zur menschlichen Kognition. Unter dem Leitmotiv \u00abGehirn vs. KI \u2013 Wer beh\u00e4lt die Oberhand?\u00bb untersuchte Beck, ob k\u00fcnftig eine KI mit dem Willen zur Macht oder ein Gehirn, das macht, was es will, die Entscheidungshoheit beh\u00e4lt. Er verdeutlichte, welche Denkf\u00e4higkeiten in einer automatisierten Welt kritisch werden und welche Entwicklungen aktuell untersch\u00e4tzt werden.<\/p>\r\n<h3>Von Neurobiologie bis Quantencomputing: Ein 360\u00b0-Blick<\/h3>\r\n<p>In 15 vertiefenden Masterclasses wurden spezifische regulatorische und technologische Fragestellungen vertieft. Experten f\u00fchrender Institutionen wie dem Fraunhofer IAO, dem Fraunhofer AISEC, der Technischen Universit\u00e4t M\u00fcnchen (TUM) sowie des Cyberintelligence Institute und von PwC vermittelten praxisnahes Wissen. Das Programm deckte dabei die gesamte Bandbreite der aktuellen Sicherheitsarchitektur ab: Geopolitik und Werte behandelten Europas digitale Souver\u00e4nit\u00e4t im Schatten globaler Rivalit\u00e4ten. Die Frage nach Mensch versus Maschine stellte sich bei der Verantwortung, wenn KI-Agenten schneller entscheiden als der Mensch. Zukunftstechnologien wie die Vorbereitung auf das Post-Quanten-Zeitalter und sichere KI-Implementierung wurden ebenso behandelt wie die praktische Umsetzung von NIS-2 und EU-Vorgaben bis 2027.<\/p>\r\n<h3>FTAPI als Impulsgeber<\/h3>\r\n<p>Als Gastgeber der CPT 2026 unterstreicht FTAPI seine Rolle als Impulsgeber f\u00fcr Innovation und Vernetzung in der Branche. F\u00fcr das M\u00fcnchner Software-Unternehmen steht die Verbindung von technischer Exzellenz und gesellschaftlicher Verantwortung im Vordergrund.<\/p>\r\n<p>Ari Albertini, CEO von FTAPI, zur Mission der Veranstaltung: \u00abCyber-Security darf keine abgeschottete Experten-Insel bleiben. Wir brauchen die CPT als Ort der Begegnung, auf dem DAX-Vorst\u00e4nde, Ministerien und technologische Vordenker eine gemeinsame Sprache finden. Die CPT ist das Betriebssystem f\u00fcr ein widerstandsf\u00e4higes Europa.\u00bb<\/p>\r\n<p>Thomas H\u00e4ndl, Founder der CPT und VP Product Initiatives &amp; Business Development bei FTAPI, erg\u00e4nzt: \u00abDie CPT 2026 hat gezeigt, dass wir Silos aufbrechen m\u00fcssen. Wenn wir IT-Entscheider, Gesch\u00e4ftsf\u00fchrer und Politiker an einen Tisch bringen, entstehen nicht nur Sicherheitskonzepte, sondern echte Zukunftsvisionen f\u00fcr ein souver\u00e4nes Europa. Wir sch\u00fctzen nicht nur Daten, wir sch\u00fctzen unsere Handlungsf\u00e4higkeit.\u00bb<\/p>\r\n<h3>Ausblick: CPT 2027<\/h3>\r\n<p>Nach dem Erfolg der diesj\u00e4hrigen Veranstaltung verk\u00fcndete FTAPI bereits den Termin f\u00fcr das kommende Jahr. Die CPT 2027 wird vom 11. bis 13. Mai 2027 erneut in die Allianz Arena M\u00fcnchen zur\u00fcckkehren, um den Dialog \u00fcber die digitale Zukunft Europas fortzusetzen.<\/p>\r\n<p>Weitere Informationen: <a href=\"https:\/\/www.ftapi.com\/\" rel=\"noopener\">https:\/\/www.ftapi.com<\/a><\/p>\n<p class=\"syndicated-attribution\">Dieser Beitrag erschien urspr\u00fcnglich auf m-q.ch - <a href=\"https:\/\/www.m-q.ch\/de\/cpt-2026-cyber-security-konferenz-setzt-zeichen-fuer-europas-digitale-souveraenitaet\/\" target=\"_blank\">https:\/\/www.m-q.ch\/de\/cpt-2026-cyber-security-konferenz-setzt-zeichen-fuer-europas-digitale-souveraenitaet\/<\/a><\/p>","protected":false},"excerpt":{"rendered":"<p>Das M\u00fcnchner Software-Unternehmen FTAPI lud zur CPT 2026 in die Allianz Arena M\u00fcnchen. Knapp 500 Top-Entscheider, CISOs und Gesch\u00e4ftsf\u00fchrer diskutierten die digitale Zukunft Europas. Im Fokus standen NIS-2-Regularien, BSI-Standards und die Auswirkungen von KI-Agenten auf die Cyber-Abwehr.<\/p>\n","protected":false},"author":8,"featured_media":0,"comment_status":"closed","ping_status":"closed","sticky":false,"template":"","format":"standard","meta":{"_acf_changed":false,"_yoast_wpseo_focuskw":"CPT 2026","_yoast_wpseo_metadesc":"Top-Entscheider, CISOs und Gesch\u00e4ftsf\u00fchrer diskutierten am 5. und 6. M\u00e4rz 2026 an der CPT 2026 in M\u00fcnchen die digitale Zukunft Europas.","articlekey":"","footnotes":""},"categories":[582],"tags":[608,4847,193,418,440],"class_list":["post-45740","post","type-post","status-publish","format-standard","hentry","category-operational-excellence","tag-cybersicherheit","tag-digitale-souveraenitaet","tag-fachkongressfachmesse","tag-risikomanagement","tag-software"],"acf":[],"yoast_head":"<!-- This site is optimized with the Yoast SEO plugin v27.5 - https:\/\/yoast.com\/product\/yoast-seo-wordpress\/ -->\n<title>CPT 2026: Cyber-Security-Konferenz setzt Zeichen f\u00fcr Europas digitale Souver\u00e4nit\u00e4t - Organisator<\/title>\n<meta name=\"description\" content=\"Top-Entscheider, CISOs und Gesch\u00e4ftsf\u00fchrer diskutierten am 5. und 6. M\u00e4rz 2026 an der CPT 2026 in M\u00fcnchen die digitale Zukunft Europas.\" \/>\n<meta name=\"robots\" content=\"index, follow, max-snippet:-1, max-image-preview:large, max-video-preview:-1\" \/>\n<link rel=\"canonical\" href=\"https:\/\/www.organisator.ch\/de\/operational-excellence\/2026-03-06\/cpt-2026-cyber-security-konferenz-setzt-zeichen-fuer-europas-digitale-souveraenitaet\/\" \/>\n<meta property=\"og:locale\" content=\"de_DE\" \/>\n<meta property=\"og:type\" content=\"article\" \/>\n<meta property=\"og:title\" content=\"CPT 2026: Cyber-Security-Konferenz setzt Zeichen f\u00fcr Europas digitale Souver\u00e4nit\u00e4t - Organisator\" \/>\n<meta property=\"og:description\" content=\"Top-Entscheider, CISOs und Gesch\u00e4ftsf\u00fchrer diskutierten am 5. und 6. M\u00e4rz 2026 an der CPT 2026 in M\u00fcnchen die digitale Zukunft Europas.\" \/>\n<meta property=\"og:url\" content=\"https:\/\/www.organisator.ch\/de\/operational-excellence\/2026-03-06\/cpt-2026-cyber-security-konferenz-setzt-zeichen-fuer-europas-digitale-souveraenitaet\/\" \/>\n<meta property=\"og:site_name\" content=\"Organisator\" \/>\n<meta property=\"article:publisher\" content=\"https:\/\/www.facebook.com\/OrganisatorFachmagazin\" \/>\n<meta property=\"article:published_time\" content=\"2026-03-06T12:59:25+00:00\" \/>\n<meta property=\"article:modified_time\" content=\"2026-03-06T13:13:16+00:00\" \/>\n<meta name=\"author\" content=\"galledia\" \/>\n<meta name=\"twitter:card\" content=\"summary_large_image\" \/>\n<meta name=\"twitter:creator\" content=\"@admin\" \/>\n<script type=\"application\/ld+json\" class=\"yoast-schema-graph\">{\"@context\":\"https:\\\/\\\/schema.org\",\"@graph\":[{\"@type\":\"Article\",\"@id\":\"https:\\\/\\\/www.organisator.ch\\\/operational-excellence\\\/2026-03-06\\\/cpt-2026-cyber-security-konferenz-setzt-zeichen-fuer-europas-digitale-souveraenitaet\\\/#article\",\"isPartOf\":{\"@id\":\"https:\\\/\\\/www.organisator.ch\\\/operational-excellence\\\/2026-03-06\\\/cpt-2026-cyber-security-konferenz-setzt-zeichen-fuer-europas-digitale-souveraenitaet\\\/\"},\"author\":{\"name\":\"galledia\",\"@id\":\"https:\\\/\\\/www.organisator.ch\\\/#\\\/schema\\\/person\\\/4e51799071cd2dd1232ac003643ef5f0\"},\"headline\":\"CPT 2026: Cyber-Security-Konferenz setzt Zeichen f\u00fcr Europas digitale Souver\u00e4nit\u00e4t\",\"datePublished\":\"2026-03-06T12:59:25+00:00\",\"dateModified\":\"2026-03-06T13:13:16+00:00\",\"mainEntityOfPage\":{\"@id\":\"https:\\\/\\\/www.organisator.ch\\\/operational-excellence\\\/2026-03-06\\\/cpt-2026-cyber-security-konferenz-setzt-zeichen-fuer-europas-digitale-souveraenitaet\\\/\"},\"wordCount\":1022,\"publisher\":{\"@id\":\"https:\\\/\\\/www.organisator.ch\\\/#organization\"},\"image\":{\"@id\":\"https:\\\/\\\/www.organisator.ch\\\/operational-excellence\\\/2026-03-06\\\/cpt-2026-cyber-security-konferenz-setzt-zeichen-fuer-europas-digitale-souveraenitaet\\\/#primaryimage\"},\"thumbnailUrl\":\"https:\\\/\\\/www.m-q.ch\\\/wp-content\\\/uploads\\\/2026\\\/03\\\/CPT-2026-Cyber-Security-Konferenz-setzt-Zeichen-fuer-Europas-digitale-Souveraenitaet_MQ.jpg\",\"keywords\":[\"Cybersicherheit\",\"Digitale Souver\u00e4nit\u00e4t\",\"Fachkongress\\\/Fachmesse\",\"Risikomanagement\",\"Software\"],\"articleSection\":[\"OPERATIONAL EXCELLENCE\"],\"inLanguage\":\"de\"},{\"@type\":\"WebPage\",\"@id\":\"https:\\\/\\\/www.organisator.ch\\\/operational-excellence\\\/2026-03-06\\\/cpt-2026-cyber-security-konferenz-setzt-zeichen-fuer-europas-digitale-souveraenitaet\\\/\",\"url\":\"https:\\\/\\\/www.organisator.ch\\\/operational-excellence\\\/2026-03-06\\\/cpt-2026-cyber-security-konferenz-setzt-zeichen-fuer-europas-digitale-souveraenitaet\\\/\",\"name\":\"CPT 2026: Cyber-Security-Konferenz setzt Zeichen f\u00fcr Europas digitale Souver\u00e4nit\u00e4t - Organisator\",\"isPartOf\":{\"@id\":\"https:\\\/\\\/www.organisator.ch\\\/#website\"},\"primaryImageOfPage\":{\"@id\":\"https:\\\/\\\/www.organisator.ch\\\/operational-excellence\\\/2026-03-06\\\/cpt-2026-cyber-security-konferenz-setzt-zeichen-fuer-europas-digitale-souveraenitaet\\\/#primaryimage\"},\"image\":{\"@id\":\"https:\\\/\\\/www.organisator.ch\\\/operational-excellence\\\/2026-03-06\\\/cpt-2026-cyber-security-konferenz-setzt-zeichen-fuer-europas-digitale-souveraenitaet\\\/#primaryimage\"},\"thumbnailUrl\":\"https:\\\/\\\/www.m-q.ch\\\/wp-content\\\/uploads\\\/2026\\\/03\\\/CPT-2026-Cyber-Security-Konferenz-setzt-Zeichen-fuer-Europas-digitale-Souveraenitaet_MQ.jpg\",\"datePublished\":\"2026-03-06T12:59:25+00:00\",\"dateModified\":\"2026-03-06T13:13:16+00:00\",\"description\":\"Top-Entscheider, CISOs und Gesch\u00e4ftsf\u00fchrer diskutierten am 5. und 6. M\u00e4rz 2026 an der CPT 2026 in M\u00fcnchen die digitale Zukunft Europas.\",\"breadcrumb\":{\"@id\":\"https:\\\/\\\/www.organisator.ch\\\/operational-excellence\\\/2026-03-06\\\/cpt-2026-cyber-security-konferenz-setzt-zeichen-fuer-europas-digitale-souveraenitaet\\\/#breadcrumb\"},\"inLanguage\":\"de\",\"potentialAction\":[{\"@type\":\"ReadAction\",\"target\":[\"https:\\\/\\\/www.organisator.ch\\\/operational-excellence\\\/2026-03-06\\\/cpt-2026-cyber-security-konferenz-setzt-zeichen-fuer-europas-digitale-souveraenitaet\\\/\"]}]},{\"@type\":\"ImageObject\",\"inLanguage\":\"de\",\"@id\":\"https:\\\/\\\/www.organisator.ch\\\/operational-excellence\\\/2026-03-06\\\/cpt-2026-cyber-security-konferenz-setzt-zeichen-fuer-europas-digitale-souveraenitaet\\\/#primaryimage\",\"url\":\"https:\\\/\\\/www.m-q.ch\\\/wp-content\\\/uploads\\\/2026\\\/03\\\/CPT-2026-Cyber-Security-Konferenz-setzt-Zeichen-fuer-Europas-digitale-Souveraenitaet_MQ.jpg\",\"contentUrl\":\"https:\\\/\\\/www.m-q.ch\\\/wp-content\\\/uploads\\\/2026\\\/03\\\/CPT-2026-Cyber-Security-Konferenz-setzt-Zeichen-fuer-Europas-digitale-Souveraenitaet_MQ.jpg\"},{\"@type\":\"BreadcrumbList\",\"@id\":\"https:\\\/\\\/www.organisator.ch\\\/operational-excellence\\\/2026-03-06\\\/cpt-2026-cyber-security-konferenz-setzt-zeichen-fuer-europas-digitale-souveraenitaet\\\/#breadcrumb\",\"itemListElement\":[{\"@type\":\"ListItem\",\"position\":1,\"name\":\"Home\",\"item\":\"https:\\\/\\\/www.organisator.ch\\\/\"},{\"@type\":\"ListItem\",\"position\":2,\"name\":\"CPT 2026: Cyber-Security-Konferenz setzt Zeichen f\u00fcr Europas digitale Souver\u00e4nit\u00e4t\"}]},{\"@type\":\"WebSite\",\"@id\":\"https:\\\/\\\/www.organisator.ch\\\/#website\",\"url\":\"https:\\\/\\\/www.organisator.ch\\\/\",\"name\":\"Organisator\",\"description\":\"Kompetent. Praxisnah. Der ORGANISATOR bereitet in 10 Ausgaben pro Jahr die wesentlichen Themen f\u00fcr F\u00fchrungskr\u00e4fte von KMU auf.\",\"publisher\":{\"@id\":\"https:\\\/\\\/www.organisator.ch\\\/#organization\"},\"potentialAction\":[{\"@type\":\"SearchAction\",\"target\":{\"@type\":\"EntryPoint\",\"urlTemplate\":\"https:\\\/\\\/www.organisator.ch\\\/?s={search_term_string}\"},\"query-input\":{\"@type\":\"PropertyValueSpecification\",\"valueRequired\":true,\"valueName\":\"search_term_string\"}}],\"inLanguage\":\"de\"},{\"@type\":\"Organization\",\"@id\":\"https:\\\/\\\/www.organisator.ch\\\/#organization\",\"name\":\"Organisator\",\"url\":\"https:\\\/\\\/www.organisator.ch\\\/\",\"logo\":{\"@type\":\"ImageObject\",\"inLanguage\":\"de\",\"@id\":\"https:\\\/\\\/www.organisator.ch\\\/#\\\/schema\\\/logo\\\/image\\\/\",\"url\":\"https:\\\/\\\/www.organisator.ch\\\/wp-content\\\/uploads\\\/2022\\\/01\\\/Logo_Organisator_Website.png\",\"contentUrl\":\"https:\\\/\\\/www.organisator.ch\\\/wp-content\\\/uploads\\\/2022\\\/01\\\/Logo_Organisator_Website.png\",\"width\":800,\"height\":77,\"caption\":\"Organisator\"},\"image\":{\"@id\":\"https:\\\/\\\/www.organisator.ch\\\/#\\\/schema\\\/logo\\\/image\\\/\"},\"sameAs\":[\"https:\\\/\\\/www.facebook.com\\\/OrganisatorFachmagazin\",\"https:\\\/\\\/www.linkedin.com\\\/showcase\\\/organisator-das-magazin-fr-kmu\",\"https:\\\/\\\/www.xing.com\\\/news\\\/pages\\\/organisator-ch-695\",\"https:\\\/\\\/www.youtube.com\\\/channel\\\/UCGP2Sq0iWaZwT3BdIAQFYpw\"]},{\"@type\":\"Person\",\"@id\":\"https:\\\/\\\/www.organisator.ch\\\/#\\\/schema\\\/person\\\/4e51799071cd2dd1232ac003643ef5f0\",\"name\":\"galledia\",\"image\":{\"@type\":\"ImageObject\",\"inLanguage\":\"de\",\"@id\":\"https:\\\/\\\/secure.gravatar.com\\\/avatar\\\/78a7f90c01fc2bfc875782a0d4922b37cde2cf184ce347b91316d23cd7f69a36?s=96&d=mm&r=g\",\"url\":\"https:\\\/\\\/secure.gravatar.com\\\/avatar\\\/78a7f90c01fc2bfc875782a0d4922b37cde2cf184ce347b91316d23cd7f69a36?s=96&d=mm&r=g\",\"contentUrl\":\"https:\\\/\\\/secure.gravatar.com\\\/avatar\\\/78a7f90c01fc2bfc875782a0d4922b37cde2cf184ce347b91316d23cd7f69a36?s=96&d=mm&r=g\",\"caption\":\"galledia\"},\"sameAs\":[\"https:\\\/\\\/x.com\\\/admin\"],\"url\":\"https:\\\/\\\/www.organisator.ch\\\/de\\\/author\\\/galledia\\\/\"}]}<\/script>\n<!-- \/ Yoast SEO plugin. -->","yoast_head_json":{"title":"CPT 2026: Cyber-Security-Konferenz setzt Zeichen f\u00fcr Europas digitale Souver\u00e4nit\u00e4t - Organisator","description":"Top-Entscheider, CISOs und Gesch\u00e4ftsf\u00fchrer diskutierten am 5. und 6. M\u00e4rz 2026 an der CPT 2026 in M\u00fcnchen die digitale Zukunft Europas.","robots":{"index":"index","follow":"follow","max-snippet":"max-snippet:-1","max-image-preview":"max-image-preview:large","max-video-preview":"max-video-preview:-1"},"canonical":"https:\/\/www.organisator.ch\/de\/operational-excellence\/2026-03-06\/cpt-2026-cyber-security-konferenz-setzt-zeichen-fuer-europas-digitale-souveraenitaet\/","og_locale":"de_DE","og_type":"article","og_title":"CPT 2026: Cyber-Security-Konferenz setzt Zeichen f\u00fcr Europas digitale Souver\u00e4nit\u00e4t - Organisator","og_description":"Top-Entscheider, CISOs und Gesch\u00e4ftsf\u00fchrer diskutierten am 5. und 6. M\u00e4rz 2026 an der CPT 2026 in M\u00fcnchen die digitale Zukunft Europas.","og_url":"https:\/\/www.organisator.ch\/de\/operational-excellence\/2026-03-06\/cpt-2026-cyber-security-konferenz-setzt-zeichen-fuer-europas-digitale-souveraenitaet\/","og_site_name":"Organisator","article_publisher":"https:\/\/www.facebook.com\/OrganisatorFachmagazin","article_published_time":"2026-03-06T12:59:25+00:00","article_modified_time":"2026-03-06T13:13:16+00:00","author":"galledia","twitter_card":"summary_large_image","twitter_creator":"@admin","schema":{"@context":"https:\/\/schema.org","@graph":[{"@type":"Article","@id":"https:\/\/www.organisator.ch\/operational-excellence\/2026-03-06\/cpt-2026-cyber-security-konferenz-setzt-zeichen-fuer-europas-digitale-souveraenitaet\/#article","isPartOf":{"@id":"https:\/\/www.organisator.ch\/operational-excellence\/2026-03-06\/cpt-2026-cyber-security-konferenz-setzt-zeichen-fuer-europas-digitale-souveraenitaet\/"},"author":{"name":"galledia","@id":"https:\/\/www.organisator.ch\/#\/schema\/person\/4e51799071cd2dd1232ac003643ef5f0"},"headline":"CPT 2026: Cyber-Security-Konferenz setzt Zeichen f\u00fcr Europas digitale Souver\u00e4nit\u00e4t","datePublished":"2026-03-06T12:59:25+00:00","dateModified":"2026-03-06T13:13:16+00:00","mainEntityOfPage":{"@id":"https:\/\/www.organisator.ch\/operational-excellence\/2026-03-06\/cpt-2026-cyber-security-konferenz-setzt-zeichen-fuer-europas-digitale-souveraenitaet\/"},"wordCount":1022,"publisher":{"@id":"https:\/\/www.organisator.ch\/#organization"},"image":{"@id":"https:\/\/www.organisator.ch\/operational-excellence\/2026-03-06\/cpt-2026-cyber-security-konferenz-setzt-zeichen-fuer-europas-digitale-souveraenitaet\/#primaryimage"},"thumbnailUrl":"https:\/\/www.m-q.ch\/wp-content\/uploads\/2026\/03\/CPT-2026-Cyber-Security-Konferenz-setzt-Zeichen-fuer-Europas-digitale-Souveraenitaet_MQ.jpg","keywords":["Cybersicherheit","Digitale Souver\u00e4nit\u00e4t","Fachkongress\/Fachmesse","Risikomanagement","Software"],"articleSection":["OPERATIONAL EXCELLENCE"],"inLanguage":"de"},{"@type":"WebPage","@id":"https:\/\/www.organisator.ch\/operational-excellence\/2026-03-06\/cpt-2026-cyber-security-konferenz-setzt-zeichen-fuer-europas-digitale-souveraenitaet\/","url":"https:\/\/www.organisator.ch\/operational-excellence\/2026-03-06\/cpt-2026-cyber-security-konferenz-setzt-zeichen-fuer-europas-digitale-souveraenitaet\/","name":"CPT 2026: Cyber-Security-Konferenz setzt Zeichen f\u00fcr Europas digitale Souver\u00e4nit\u00e4t - Organisator","isPartOf":{"@id":"https:\/\/www.organisator.ch\/#website"},"primaryImageOfPage":{"@id":"https:\/\/www.organisator.ch\/operational-excellence\/2026-03-06\/cpt-2026-cyber-security-konferenz-setzt-zeichen-fuer-europas-digitale-souveraenitaet\/#primaryimage"},"image":{"@id":"https:\/\/www.organisator.ch\/operational-excellence\/2026-03-06\/cpt-2026-cyber-security-konferenz-setzt-zeichen-fuer-europas-digitale-souveraenitaet\/#primaryimage"},"thumbnailUrl":"https:\/\/www.m-q.ch\/wp-content\/uploads\/2026\/03\/CPT-2026-Cyber-Security-Konferenz-setzt-Zeichen-fuer-Europas-digitale-Souveraenitaet_MQ.jpg","datePublished":"2026-03-06T12:59:25+00:00","dateModified":"2026-03-06T13:13:16+00:00","description":"Top-Entscheider, CISOs und Gesch\u00e4ftsf\u00fchrer diskutierten am 5. und 6. M\u00e4rz 2026 an der CPT 2026 in M\u00fcnchen die digitale Zukunft Europas.","breadcrumb":{"@id":"https:\/\/www.organisator.ch\/operational-excellence\/2026-03-06\/cpt-2026-cyber-security-konferenz-setzt-zeichen-fuer-europas-digitale-souveraenitaet\/#breadcrumb"},"inLanguage":"de","potentialAction":[{"@type":"ReadAction","target":["https:\/\/www.organisator.ch\/operational-excellence\/2026-03-06\/cpt-2026-cyber-security-konferenz-setzt-zeichen-fuer-europas-digitale-souveraenitaet\/"]}]},{"@type":"ImageObject","inLanguage":"de","@id":"https:\/\/www.organisator.ch\/operational-excellence\/2026-03-06\/cpt-2026-cyber-security-konferenz-setzt-zeichen-fuer-europas-digitale-souveraenitaet\/#primaryimage","url":"https:\/\/www.m-q.ch\/wp-content\/uploads\/2026\/03\/CPT-2026-Cyber-Security-Konferenz-setzt-Zeichen-fuer-Europas-digitale-Souveraenitaet_MQ.jpg","contentUrl":"https:\/\/www.m-q.ch\/wp-content\/uploads\/2026\/03\/CPT-2026-Cyber-Security-Konferenz-setzt-Zeichen-fuer-Europas-digitale-Souveraenitaet_MQ.jpg"},{"@type":"BreadcrumbList","@id":"https:\/\/www.organisator.ch\/operational-excellence\/2026-03-06\/cpt-2026-cyber-security-konferenz-setzt-zeichen-fuer-europas-digitale-souveraenitaet\/#breadcrumb","itemListElement":[{"@type":"ListItem","position":1,"name":"Home","item":"https:\/\/www.organisator.ch\/"},{"@type":"ListItem","position":2,"name":"CPT 2026: Cyber-Security-Konferenz setzt Zeichen f\u00fcr Europas digitale Souver\u00e4nit\u00e4t"}]},{"@type":"WebSite","@id":"https:\/\/www.organisator.ch\/#website","url":"https:\/\/www.organisator.ch\/","name":"Organisator","description":"Kompetent. Praxisnah. Der ORGANISATOR bereitet in 10 Ausgaben pro Jahr die wesentlichen Themen f\u00fcr F\u00fchrungskr\u00e4fte von KMU auf.","publisher":{"@id":"https:\/\/www.organisator.ch\/#organization"},"potentialAction":[{"@type":"SearchAction","target":{"@type":"EntryPoint","urlTemplate":"https:\/\/www.organisator.ch\/?s={search_term_string}"},"query-input":{"@type":"PropertyValueSpecification","valueRequired":true,"valueName":"search_term_string"}}],"inLanguage":"de"},{"@type":"Organization","@id":"https:\/\/www.organisator.ch\/#organization","name":"Organisator","url":"https:\/\/www.organisator.ch\/","logo":{"@type":"ImageObject","inLanguage":"de","@id":"https:\/\/www.organisator.ch\/#\/schema\/logo\/image\/","url":"https:\/\/www.organisator.ch\/wp-content\/uploads\/2022\/01\/Logo_Organisator_Website.png","contentUrl":"https:\/\/www.organisator.ch\/wp-content\/uploads\/2022\/01\/Logo_Organisator_Website.png","width":800,"height":77,"caption":"Organisator"},"image":{"@id":"https:\/\/www.organisator.ch\/#\/schema\/logo\/image\/"},"sameAs":["https:\/\/www.facebook.com\/OrganisatorFachmagazin","https:\/\/www.linkedin.com\/showcase\/organisator-das-magazin-fr-kmu","https:\/\/www.xing.com\/news\/pages\/organisator-ch-695","https:\/\/www.youtube.com\/channel\/UCGP2Sq0iWaZwT3BdIAQFYpw"]},{"@type":"Person","@id":"https:\/\/www.organisator.ch\/#\/schema\/person\/4e51799071cd2dd1232ac003643ef5f0","name":"galledia","image":{"@type":"ImageObject","inLanguage":"de","@id":"https:\/\/secure.gravatar.com\/avatar\/78a7f90c01fc2bfc875782a0d4922b37cde2cf184ce347b91316d23cd7f69a36?s=96&d=mm&r=g","url":"https:\/\/secure.gravatar.com\/avatar\/78a7f90c01fc2bfc875782a0d4922b37cde2cf184ce347b91316d23cd7f69a36?s=96&d=mm&r=g","contentUrl":"https:\/\/secure.gravatar.com\/avatar\/78a7f90c01fc2bfc875782a0d4922b37cde2cf184ce347b91316d23cd7f69a36?s=96&d=mm&r=g","caption":"galledia"},"sameAs":["https:\/\/x.com\/admin"],"url":"https:\/\/www.organisator.ch\/de\/author\/galledia\/"}]}},"_links":{"self":[{"href":"https:\/\/www.organisator.ch\/de\/wp-json\/wp\/v2\/posts\/45740","targetHints":{"allow":["GET"]}}],"collection":[{"href":"https:\/\/www.organisator.ch\/de\/wp-json\/wp\/v2\/posts"}],"about":[{"href":"https:\/\/www.organisator.ch\/de\/wp-json\/wp\/v2\/types\/post"}],"author":[{"embeddable":true,"href":"https:\/\/www.organisator.ch\/de\/wp-json\/wp\/v2\/users\/8"}],"replies":[{"embeddable":true,"href":"https:\/\/www.organisator.ch\/de\/wp-json\/wp\/v2\/comments?post=45740"}],"version-history":[{"count":6,"href":"https:\/\/www.organisator.ch\/de\/wp-json\/wp\/v2\/posts\/45740\/revisions"}],"predecessor-version":[{"id":45746,"href":"https:\/\/www.organisator.ch\/de\/wp-json\/wp\/v2\/posts\/45740\/revisions\/45746"}],"wp:attachment":[{"href":"https:\/\/www.organisator.ch\/de\/wp-json\/wp\/v2\/media?parent=45740"}],"wp:term":[{"taxonomy":"category","embeddable":true,"href":"https:\/\/www.organisator.ch\/de\/wp-json\/wp\/v2\/categories?post=45740"},{"taxonomy":"post_tag","embeddable":true,"href":"https:\/\/www.organisator.ch\/de\/wp-json\/wp\/v2\/tags?post=45740"}],"curies":[{"name":"wp","href":"https:\/\/api.w.org\/{rel}","templated":true}]}}