{"id":45749,"date":"2026-03-09T07:55:43","date_gmt":"2026-03-09T06:55:43","guid":{"rendered":"https:\/\/www.organisator.ch\/de\/?p=45749"},"modified":"2026-03-09T07:55:43","modified_gmt":"2026-03-09T06:55:43","slug":"systemisches-denken-in-der-beratung","status":"publish","type":"post","link":"https:\/\/www.organisator.ch\/de\/weiterbildung\/2026-03-09\/systemisches-denken-in-der-beratung\/","title":{"rendered":"Systemisches Denken in der Beratung"},"content":{"rendered":"<figure id=\"attachment_45748\" aria-describedby=\"caption-attachment-45748\" style=\"width: 1000px\" class=\"wp-caption alignnone\"><img loading=\"lazy\" decoding=\"async\" class=\"size-full wp-image-45748\" src=\"https:\/\/www.organisator.ch\/wp-content\/uploads\/2026\/03\/fc7c8a7c-448f-453c-ad17-8cf5e25900a4.jpg\" alt=\"\" width=\"1000\" height=\"519\" srcset=\"https:\/\/www.organisator.ch\/wp-content\/uploads\/2026\/03\/fc7c8a7c-448f-453c-ad17-8cf5e25900a4.jpg 1000w, https:\/\/www.organisator.ch\/wp-content\/uploads\/2026\/03\/fc7c8a7c-448f-453c-ad17-8cf5e25900a4-680x353.jpg 680w, https:\/\/www.organisator.ch\/wp-content\/uploads\/2026\/03\/fc7c8a7c-448f-453c-ad17-8cf5e25900a4-768x399.jpg 768w, https:\/\/www.organisator.ch\/wp-content\/uploads\/2026\/03\/fc7c8a7c-448f-453c-ad17-8cf5e25900a4-18x9.jpg 18w, https:\/\/www.organisator.ch\/wp-content\/uploads\/2026\/03\/fc7c8a7c-448f-453c-ad17-8cf5e25900a4-375x195.jpg 375w, https:\/\/www.organisator.ch\/wp-content\/uploads\/2026\/03\/fc7c8a7c-448f-453c-ad17-8cf5e25900a4-674x350.jpg 674w\" sizes=\"auto, (max-width: 1000px) 100vw, 1000px\" \/><figcaption id=\"caption-attachment-45748\" class=\"wp-caption-text\">Vorbereitungen f\u00fcr wichtige Gespr\u00e4che im Besprechungsraum. Quelle: zvg<\/figcaption><\/figure>\n<p>Ein Team steckt im Konflikt. Gespr\u00e4che werden gef\u00fchrt, Massnahmen beschlossen, Strukturen angepasst. Doch nach drei Monaten l\u00e4uft alles wieder wie zuvor. Dieses Ph\u00e4nomen kennen viele aus der Beratungspraxis. Die Erkl\u00e4rung liegt nicht im Versagen der Beteiligten, sondern in der Systemlogik: Muster ver\u00e4ndern sich nicht durch Appelle und guten Willen, sondern wenn man die Logik versteht, die sie am Leben h\u00e4lt.<\/p>\n<h3>Systemtheorie und Beratungspraxis<\/h3>\n<p>Das zweit\u00e4gige Seminar vom 21. bis 22. April 2026 vermittelt Kern-Konzepte des systemischen Arbeitens f\u00fcr Coaching, Supervision und Organisationsberatung. Teilnehmende lernen, wie Menschen und Teams ihre Wirklichkeit erzeugen und wie sich diese produktiv ver\u00e4ndern l\u00e4sst. Der Fokus liegt darauf, Konfliktmuster in Teams zu erkennen, Wirklichkeitskonstruktionen wirksam zu irritieren und Interventionen zu entwickeln, die tats\u00e4chlich Wirkung zeigen \u2013 nicht bloss kurzfristig beruhigen.<\/p>\n<h3>Organisationen systemisch verstehen<\/h3>\n<p>Das zweite Seminar findet am 23. und 24. April 2026 statt und widmet sich der Frage, warum gut gemeinte Change-Prozesse so oft scheitern. Warum bleibt Agilit\u00e4t in vielen Organisationen ein Schlagwort, das an den echten Strukturen abprallt? Und warum wird aus Organisationsproblemen so h\u00e4ufig ein Personenproblem gemacht? Das Seminar vermittelt konzeptionelles Handwerkszeug, um Organisationslogiken zu durchschauen. Teilnehmende verstehen, warum Hierarchien keine Fehler sind, sondern funktionale Antworten auf strukturelle Fragen \u2013 und was neuere, agile Formen wirklich k\u00f6nnen und was nicht.<\/p>\n<h3>Warum gerade jetzt?<\/h3>\n<p>KI-Systeme treffen Entscheidungen, Teams arbeiten \u00fcber Kontinente hinweg, Organisationsformen \u00e4ndern sich im Jahrestakt. Die Versuchung ist gross, mit immer neuen Tools und Frameworks zu reagieren. Doch Organisationen waren schon immer mehr als die Summe ihrer Teile. Entscheidungen wurden schon immer unter Unsicherheit getroffen. Und Ver\u00e4nderung war schon immer paradox. Was sich ge\u00e4ndert hat: Die Halbwertszeit von Managementmoden ist k\u00fcrzer geworden. Wer systemtheoretisch informiert ber\u00e4t, stellt die richtigen Fragen \u2013 bevor L\u00f6sungen implementiert werden.<\/p>\n<h3>Die Referenten<\/h3>\n<p>Torsten Groth ist Dipl. Soz.-Wiss., selbstst\u00e4ndiger Organisationsberater, Lehrbeauftragter am WIFU der Universit\u00e4t Witten\/Herdecke, gesch\u00e4ftsf\u00fchrender Gesellschafter Simon Weber Friends und Initiator Club Systemtheorie. Er ist Autor der \u00ab66 Gebote systemischen Denkens und Handelns\u00bb (Carl-Auer, 4. Aufl. 2022).<\/p>\n<p>Roger Romano ist Co-Inhaber des Instituts f\u00fcr systemische Impulse, systemischer Coach, Supervisor und Organisationsberater mit Schwerpunkt Transaktionsanalyse. Er verf\u00fcgt \u00fcber mehr als 25 Jahre Erfahrung in der Begleitung von Organisationen, Teams und Menschen in Ver\u00e4nderungen.<\/p>\n<p>Die beiden Seminare erg\u00e4nzen sich ideal. Wer beide besucht, entwickelt ein zusammenh\u00e4ngendes konzeptionelles Fundament f\u00fcr die eigene Beratungs- und F\u00fchrungsarbeit.<\/p>\n<p>Weitere Informationen zu den Seminaren und Anmeldung unter <a href=\"https:\/\/www.systemische-impulse.ch\" target=\"_blank\" rel=\"noopener\">www.systemische-impulse.ch<\/a>.<\/p>\n","protected":false},"excerpt":{"rendered":"<p>Das Institut f\u00fcr systemische Impulse bietet im April 2026 zwei Seminare an, die Beratenden helfen, Ver\u00e4nderungsprozesse wirksamer zu gestalten. Im Fokus stehen systemtheoretische Konzepte f\u00fcr Coaching, Supervision und Organisationsberatung. Die Seminare vermitteln, warum gut gemeinte Massnahmen oft scheitern und wie sich Muster tats\u00e4chlich ver\u00e4ndern lassen.<\/p>\n","protected":false},"author":107,"featured_media":45748,"comment_status":"closed","ping_status":"closed","sticky":false,"template":"","format":"standard","meta":{"_acf_changed":false,"_yoast_wpseo_focuskw":"Systemisches Denken","_yoast_wpseo_metadesc":"Zwei Seminare im April 2026 vermitteln systemtheoretische Konzepte f\u00fcr wirksamere Beratung in Coaching und Organisationsentwicklung.","articlekey":"","footnotes":""},"categories":[30],"tags":[3920,430,5878],"class_list":["post-45749","post","type-post","status-publish","format-standard","has-post-thumbnail","hentry","category-weiterbildung","tag-beratung","tag-seminar","tag-systemisches-denken"],"acf":[],"yoast_head":"<!-- This site is optimized with the Yoast SEO plugin v27.4 - https:\/\/yoast.com\/product\/yoast-seo-wordpress\/ -->\n<title>Systemisches Denken in der Beratung - Organisator<\/title>\n<meta name=\"description\" content=\"Zwei Seminare im April 2026 vermitteln systemtheoretische Konzepte f\u00fcr wirksamere Beratung in Coaching und Organisationsentwicklung.\" \/>\n<meta name=\"robots\" content=\"index, follow, max-snippet:-1, max-image-preview:large, max-video-preview:-1\" \/>\n<link rel=\"canonical\" href=\"https:\/\/www.organisator.ch\/de\/weiterbildung\/2026-03-09\/systemisches-denken-in-der-beratung\/\" \/>\n<meta property=\"og:locale\" content=\"de_DE\" \/>\n<meta property=\"og:type\" content=\"article\" \/>\n<meta property=\"og:title\" content=\"Systemisches Denken in der Beratung\" \/>\n<meta property=\"og:description\" content=\"Zwei Seminare im April 2026 vermitteln systemtheoretische Konzepte f\u00fcr wirksamere Beratung in Coaching und Organisationsentwicklung.\" \/>\n<meta property=\"og:url\" content=\"https:\/\/www.organisator.ch\/de\/weiterbildung\/2026-03-09\/systemisches-denken-in-der-beratung\/\" \/>\n<meta property=\"og:site_name\" content=\"Organisator\" \/>\n<meta property=\"article:publisher\" content=\"https:\/\/www.facebook.com\/OrganisatorFachmagazin\" \/>\n<meta property=\"article:published_time\" content=\"2026-03-09T06:55:43+00:00\" \/>\n<meta property=\"og:image\" content=\"https:\/\/www.organisator.ch\/wp-content\/uploads\/2026\/03\/fc7c8a7c-448f-453c-ad17-8cf5e25900a4.jpg\" \/>\n\t<meta property=\"og:image:width\" content=\"1000\" \/>\n\t<meta property=\"og:image:height\" content=\"519\" \/>\n\t<meta property=\"og:image:type\" content=\"image\/jpeg\" \/>\n<meta name=\"author\" content=\"n8n\" \/>\n<meta name=\"twitter:card\" content=\"summary_large_image\" \/>\n<meta name=\"twitter:title\" content=\"Systemisches Denken in der #Beratung\" \/>\n<meta name=\"twitter:description\" content=\"Zwei Seminare im April 2026 vermitteln #systemtheoretische Konzepte f\u00fcr wirksamere Beratung in Coaching und #Organisationsentwicklung.\" \/>\n<meta name=\"twitter:image\" content=\"https:\/\/www.organisator.ch\/wp-content\/uploads\/2026\/03\/fc7c8a7c-448f-453c-ad17-8cf5e25900a4.jpg\" \/>\n<script type=\"application\/ld+json\" class=\"yoast-schema-graph\">{\"@context\":\"https:\\\/\\\/schema.org\",\"@graph\":[{\"@type\":\"Article\",\"@id\":\"https:\\\/\\\/www.organisator.ch\\\/weiterbildung\\\/2026-03-09\\\/systemisches-denken-in-der-beratung\\\/#article\",\"isPartOf\":{\"@id\":\"https:\\\/\\\/www.organisator.ch\\\/weiterbildung\\\/2026-03-09\\\/systemisches-denken-in-der-beratung\\\/\"},\"author\":{\"name\":\"n8n\",\"@id\":\"https:\\\/\\\/www.organisator.ch\\\/#\\\/schema\\\/person\\\/a9d0e0eff238db87a8f840f3b50359f0\"},\"headline\":\"Systemisches Denken in der Beratung\",\"datePublished\":\"2026-03-09T06:55:43+00:00\",\"mainEntityOfPage\":{\"@id\":\"https:\\\/\\\/www.organisator.ch\\\/weiterbildung\\\/2026-03-09\\\/systemisches-denken-in-der-beratung\\\/\"},\"wordCount\":429,\"publisher\":{\"@id\":\"https:\\\/\\\/www.organisator.ch\\\/#organization\"},\"image\":{\"@id\":\"https:\\\/\\\/www.organisator.ch\\\/weiterbildung\\\/2026-03-09\\\/systemisches-denken-in-der-beratung\\\/#primaryimage\"},\"thumbnailUrl\":\"https:\\\/\\\/www.organisator.ch\\\/wp-content\\\/uploads\\\/2026\\\/03\\\/fc7c8a7c-448f-453c-ad17-8cf5e25900a4.jpg\",\"keywords\":[\"Beratung\",\"Seminar\",\"Systemisches Denken\"],\"articleSection\":[\"WEITERBILDUNG\"],\"inLanguage\":\"de\"},{\"@type\":\"WebPage\",\"@id\":\"https:\\\/\\\/www.organisator.ch\\\/weiterbildung\\\/2026-03-09\\\/systemisches-denken-in-der-beratung\\\/\",\"url\":\"https:\\\/\\\/www.organisator.ch\\\/weiterbildung\\\/2026-03-09\\\/systemisches-denken-in-der-beratung\\\/\",\"name\":\"Systemisches Denken in der Beratung - Organisator\",\"isPartOf\":{\"@id\":\"https:\\\/\\\/www.organisator.ch\\\/#website\"},\"primaryImageOfPage\":{\"@id\":\"https:\\\/\\\/www.organisator.ch\\\/weiterbildung\\\/2026-03-09\\\/systemisches-denken-in-der-beratung\\\/#primaryimage\"},\"image\":{\"@id\":\"https:\\\/\\\/www.organisator.ch\\\/weiterbildung\\\/2026-03-09\\\/systemisches-denken-in-der-beratung\\\/#primaryimage\"},\"thumbnailUrl\":\"https:\\\/\\\/www.organisator.ch\\\/wp-content\\\/uploads\\\/2026\\\/03\\\/fc7c8a7c-448f-453c-ad17-8cf5e25900a4.jpg\",\"datePublished\":\"2026-03-09T06:55:43+00:00\",\"description\":\"Zwei Seminare im April 2026 vermitteln systemtheoretische Konzepte f\u00fcr wirksamere Beratung in Coaching und Organisationsentwicklung.\",\"breadcrumb\":{\"@id\":\"https:\\\/\\\/www.organisator.ch\\\/weiterbildung\\\/2026-03-09\\\/systemisches-denken-in-der-beratung\\\/#breadcrumb\"},\"inLanguage\":\"de\",\"potentialAction\":[{\"@type\":\"ReadAction\",\"target\":[\"https:\\\/\\\/www.organisator.ch\\\/weiterbildung\\\/2026-03-09\\\/systemisches-denken-in-der-beratung\\\/\"]}]},{\"@type\":\"ImageObject\",\"inLanguage\":\"de\",\"@id\":\"https:\\\/\\\/www.organisator.ch\\\/weiterbildung\\\/2026-03-09\\\/systemisches-denken-in-der-beratung\\\/#primaryimage\",\"url\":\"https:\\\/\\\/www.organisator.ch\\\/wp-content\\\/uploads\\\/2026\\\/03\\\/fc7c8a7c-448f-453c-ad17-8cf5e25900a4.jpg\",\"contentUrl\":\"https:\\\/\\\/www.organisator.ch\\\/wp-content\\\/uploads\\\/2026\\\/03\\\/fc7c8a7c-448f-453c-ad17-8cf5e25900a4.jpg\",\"width\":1000,\"height\":519,\"caption\":\"Vorbereitungen f\u00fcr wichtige Gespr\u00e4che im Besprechungsraum. Quelle: zvg\"},{\"@type\":\"BreadcrumbList\",\"@id\":\"https:\\\/\\\/www.organisator.ch\\\/weiterbildung\\\/2026-03-09\\\/systemisches-denken-in-der-beratung\\\/#breadcrumb\",\"itemListElement\":[{\"@type\":\"ListItem\",\"position\":1,\"name\":\"Home\",\"item\":\"https:\\\/\\\/www.organisator.ch\\\/\"},{\"@type\":\"ListItem\",\"position\":2,\"name\":\"Systemisches Denken in der Beratung\"}]},{\"@type\":\"WebSite\",\"@id\":\"https:\\\/\\\/www.organisator.ch\\\/#website\",\"url\":\"https:\\\/\\\/www.organisator.ch\\\/\",\"name\":\"Organisator\",\"description\":\"Kompetent. Praxisnah. Der ORGANISATOR bereitet in 10 Ausgaben pro Jahr die wesentlichen Themen f\u00fcr F\u00fchrungskr\u00e4fte von KMU auf.\",\"publisher\":{\"@id\":\"https:\\\/\\\/www.organisator.ch\\\/#organization\"},\"potentialAction\":[{\"@type\":\"SearchAction\",\"target\":{\"@type\":\"EntryPoint\",\"urlTemplate\":\"https:\\\/\\\/www.organisator.ch\\\/?s={search_term_string}\"},\"query-input\":{\"@type\":\"PropertyValueSpecification\",\"valueRequired\":true,\"valueName\":\"search_term_string\"}}],\"inLanguage\":\"de\"},{\"@type\":\"Organization\",\"@id\":\"https:\\\/\\\/www.organisator.ch\\\/#organization\",\"name\":\"Organisator\",\"url\":\"https:\\\/\\\/www.organisator.ch\\\/\",\"logo\":{\"@type\":\"ImageObject\",\"inLanguage\":\"de\",\"@id\":\"https:\\\/\\\/www.organisator.ch\\\/#\\\/schema\\\/logo\\\/image\\\/\",\"url\":\"https:\\\/\\\/www.organisator.ch\\\/wp-content\\\/uploads\\\/2022\\\/01\\\/Logo_Organisator_Website.png\",\"contentUrl\":\"https:\\\/\\\/www.organisator.ch\\\/wp-content\\\/uploads\\\/2022\\\/01\\\/Logo_Organisator_Website.png\",\"width\":800,\"height\":77,\"caption\":\"Organisator\"},\"image\":{\"@id\":\"https:\\\/\\\/www.organisator.ch\\\/#\\\/schema\\\/logo\\\/image\\\/\"},\"sameAs\":[\"https:\\\/\\\/www.facebook.com\\\/OrganisatorFachmagazin\",\"https:\\\/\\\/www.linkedin.com\\\/showcase\\\/organisator-das-magazin-fr-kmu\",\"https:\\\/\\\/www.xing.com\\\/news\\\/pages\\\/organisator-ch-695\",\"https:\\\/\\\/www.youtube.com\\\/channel\\\/UCGP2Sq0iWaZwT3BdIAQFYpw\"]},{\"@type\":\"Person\",\"@id\":\"https:\\\/\\\/www.organisator.ch\\\/#\\\/schema\\\/person\\\/a9d0e0eff238db87a8f840f3b50359f0\",\"name\":\"n8n\",\"image\":{\"@type\":\"ImageObject\",\"inLanguage\":\"de\",\"@id\":\"https:\\\/\\\/secure.gravatar.com\\\/avatar\\\/5368fb9d03fd415a6f335cece4c15af2502d6ca8651efbd6e8f98427a9795400?s=96&d=mm&r=g\",\"url\":\"https:\\\/\\\/secure.gravatar.com\\\/avatar\\\/5368fb9d03fd415a6f335cece4c15af2502d6ca8651efbd6e8f98427a9795400?s=96&d=mm&r=g\",\"contentUrl\":\"https:\\\/\\\/secure.gravatar.com\\\/avatar\\\/5368fb9d03fd415a6f335cece4c15af2502d6ca8651efbd6e8f98427a9795400?s=96&d=mm&r=g\",\"caption\":\"n8n\"},\"url\":\"https:\\\/\\\/www.organisator.ch\\\/de\\\/author\\\/n8n\\\/\"}]}<\/script>\n<!-- \/ Yoast SEO plugin. -->","yoast_head_json":{"title":"Systemisches Denken in der Beratung - Organisator","description":"Zwei Seminare im April 2026 vermitteln systemtheoretische Konzepte f\u00fcr wirksamere Beratung in Coaching und Organisationsentwicklung.","robots":{"index":"index","follow":"follow","max-snippet":"max-snippet:-1","max-image-preview":"max-image-preview:large","max-video-preview":"max-video-preview:-1"},"canonical":"https:\/\/www.organisator.ch\/de\/weiterbildung\/2026-03-09\/systemisches-denken-in-der-beratung\/","og_locale":"de_DE","og_type":"article","og_title":"Systemisches Denken in der Beratung","og_description":"Zwei Seminare im April 2026 vermitteln systemtheoretische Konzepte f\u00fcr wirksamere Beratung in Coaching und Organisationsentwicklung.","og_url":"https:\/\/www.organisator.ch\/de\/weiterbildung\/2026-03-09\/systemisches-denken-in-der-beratung\/","og_site_name":"Organisator","article_publisher":"https:\/\/www.facebook.com\/OrganisatorFachmagazin","article_published_time":"2026-03-09T06:55:43+00:00","og_image":[{"width":1000,"height":519,"url":"https:\/\/www.organisator.ch\/wp-content\/uploads\/2026\/03\/fc7c8a7c-448f-453c-ad17-8cf5e25900a4.jpg","type":"image\/jpeg"}],"author":"n8n","twitter_card":"summary_large_image","twitter_title":"Systemisches Denken in der #Beratung","twitter_description":"Zwei Seminare im April 2026 vermitteln #systemtheoretische Konzepte f\u00fcr wirksamere Beratung in Coaching und #Organisationsentwicklung.","twitter_image":"https:\/\/www.organisator.ch\/wp-content\/uploads\/2026\/03\/fc7c8a7c-448f-453c-ad17-8cf5e25900a4.jpg","schema":{"@context":"https:\/\/schema.org","@graph":[{"@type":"Article","@id":"https:\/\/www.organisator.ch\/weiterbildung\/2026-03-09\/systemisches-denken-in-der-beratung\/#article","isPartOf":{"@id":"https:\/\/www.organisator.ch\/weiterbildung\/2026-03-09\/systemisches-denken-in-der-beratung\/"},"author":{"name":"n8n","@id":"https:\/\/www.organisator.ch\/#\/schema\/person\/a9d0e0eff238db87a8f840f3b50359f0"},"headline":"Systemisches Denken in der Beratung","datePublished":"2026-03-09T06:55:43+00:00","mainEntityOfPage":{"@id":"https:\/\/www.organisator.ch\/weiterbildung\/2026-03-09\/systemisches-denken-in-der-beratung\/"},"wordCount":429,"publisher":{"@id":"https:\/\/www.organisator.ch\/#organization"},"image":{"@id":"https:\/\/www.organisator.ch\/weiterbildung\/2026-03-09\/systemisches-denken-in-der-beratung\/#primaryimage"},"thumbnailUrl":"https:\/\/www.organisator.ch\/wp-content\/uploads\/2026\/03\/fc7c8a7c-448f-453c-ad17-8cf5e25900a4.jpg","keywords":["Beratung","Seminar","Systemisches Denken"],"articleSection":["WEITERBILDUNG"],"inLanguage":"de"},{"@type":"WebPage","@id":"https:\/\/www.organisator.ch\/weiterbildung\/2026-03-09\/systemisches-denken-in-der-beratung\/","url":"https:\/\/www.organisator.ch\/weiterbildung\/2026-03-09\/systemisches-denken-in-der-beratung\/","name":"Systemisches Denken in der Beratung - Organisator","isPartOf":{"@id":"https:\/\/www.organisator.ch\/#website"},"primaryImageOfPage":{"@id":"https:\/\/www.organisator.ch\/weiterbildung\/2026-03-09\/systemisches-denken-in-der-beratung\/#primaryimage"},"image":{"@id":"https:\/\/www.organisator.ch\/weiterbildung\/2026-03-09\/systemisches-denken-in-der-beratung\/#primaryimage"},"thumbnailUrl":"https:\/\/www.organisator.ch\/wp-content\/uploads\/2026\/03\/fc7c8a7c-448f-453c-ad17-8cf5e25900a4.jpg","datePublished":"2026-03-09T06:55:43+00:00","description":"Zwei Seminare im April 2026 vermitteln systemtheoretische Konzepte f\u00fcr wirksamere Beratung in Coaching und Organisationsentwicklung.","breadcrumb":{"@id":"https:\/\/www.organisator.ch\/weiterbildung\/2026-03-09\/systemisches-denken-in-der-beratung\/#breadcrumb"},"inLanguage":"de","potentialAction":[{"@type":"ReadAction","target":["https:\/\/www.organisator.ch\/weiterbildung\/2026-03-09\/systemisches-denken-in-der-beratung\/"]}]},{"@type":"ImageObject","inLanguage":"de","@id":"https:\/\/www.organisator.ch\/weiterbildung\/2026-03-09\/systemisches-denken-in-der-beratung\/#primaryimage","url":"https:\/\/www.organisator.ch\/wp-content\/uploads\/2026\/03\/fc7c8a7c-448f-453c-ad17-8cf5e25900a4.jpg","contentUrl":"https:\/\/www.organisator.ch\/wp-content\/uploads\/2026\/03\/fc7c8a7c-448f-453c-ad17-8cf5e25900a4.jpg","width":1000,"height":519,"caption":"Vorbereitungen f\u00fcr wichtige Gespr\u00e4che im Besprechungsraum. Quelle: zvg"},{"@type":"BreadcrumbList","@id":"https:\/\/www.organisator.ch\/weiterbildung\/2026-03-09\/systemisches-denken-in-der-beratung\/#breadcrumb","itemListElement":[{"@type":"ListItem","position":1,"name":"Home","item":"https:\/\/www.organisator.ch\/"},{"@type":"ListItem","position":2,"name":"Systemisches Denken in der Beratung"}]},{"@type":"WebSite","@id":"https:\/\/www.organisator.ch\/#website","url":"https:\/\/www.organisator.ch\/","name":"Organisator","description":"Kompetent. Praxisnah. Der ORGANISATOR bereitet in 10 Ausgaben pro Jahr die wesentlichen Themen f\u00fcr F\u00fchrungskr\u00e4fte von KMU auf.","publisher":{"@id":"https:\/\/www.organisator.ch\/#organization"},"potentialAction":[{"@type":"SearchAction","target":{"@type":"EntryPoint","urlTemplate":"https:\/\/www.organisator.ch\/?s={search_term_string}"},"query-input":{"@type":"PropertyValueSpecification","valueRequired":true,"valueName":"search_term_string"}}],"inLanguage":"de"},{"@type":"Organization","@id":"https:\/\/www.organisator.ch\/#organization","name":"Organisator","url":"https:\/\/www.organisator.ch\/","logo":{"@type":"ImageObject","inLanguage":"de","@id":"https:\/\/www.organisator.ch\/#\/schema\/logo\/image\/","url":"https:\/\/www.organisator.ch\/wp-content\/uploads\/2022\/01\/Logo_Organisator_Website.png","contentUrl":"https:\/\/www.organisator.ch\/wp-content\/uploads\/2022\/01\/Logo_Organisator_Website.png","width":800,"height":77,"caption":"Organisator"},"image":{"@id":"https:\/\/www.organisator.ch\/#\/schema\/logo\/image\/"},"sameAs":["https:\/\/www.facebook.com\/OrganisatorFachmagazin","https:\/\/www.linkedin.com\/showcase\/organisator-das-magazin-fr-kmu","https:\/\/www.xing.com\/news\/pages\/organisator-ch-695","https:\/\/www.youtube.com\/channel\/UCGP2Sq0iWaZwT3BdIAQFYpw"]},{"@type":"Person","@id":"https:\/\/www.organisator.ch\/#\/schema\/person\/a9d0e0eff238db87a8f840f3b50359f0","name":"n8n","image":{"@type":"ImageObject","inLanguage":"de","@id":"https:\/\/secure.gravatar.com\/avatar\/5368fb9d03fd415a6f335cece4c15af2502d6ca8651efbd6e8f98427a9795400?s=96&d=mm&r=g","url":"https:\/\/secure.gravatar.com\/avatar\/5368fb9d03fd415a6f335cece4c15af2502d6ca8651efbd6e8f98427a9795400?s=96&d=mm&r=g","contentUrl":"https:\/\/secure.gravatar.com\/avatar\/5368fb9d03fd415a6f335cece4c15af2502d6ca8651efbd6e8f98427a9795400?s=96&d=mm&r=g","caption":"n8n"},"url":"https:\/\/www.organisator.ch\/de\/author\/n8n\/"}]}},"_links":{"self":[{"href":"https:\/\/www.organisator.ch\/de\/wp-json\/wp\/v2\/posts\/45749","targetHints":{"allow":["GET"]}}],"collection":[{"href":"https:\/\/www.organisator.ch\/de\/wp-json\/wp\/v2\/posts"}],"about":[{"href":"https:\/\/www.organisator.ch\/de\/wp-json\/wp\/v2\/types\/post"}],"author":[{"embeddable":true,"href":"https:\/\/www.organisator.ch\/de\/wp-json\/wp\/v2\/users\/107"}],"replies":[{"embeddable":true,"href":"https:\/\/www.organisator.ch\/de\/wp-json\/wp\/v2\/comments?post=45749"}],"version-history":[{"count":3,"href":"https:\/\/www.organisator.ch\/de\/wp-json\/wp\/v2\/posts\/45749\/revisions"}],"predecessor-version":[{"id":45834,"href":"https:\/\/www.organisator.ch\/de\/wp-json\/wp\/v2\/posts\/45749\/revisions\/45834"}],"wp:featuredmedia":[{"embeddable":true,"href":"https:\/\/www.organisator.ch\/de\/wp-json\/wp\/v2\/media\/45748"}],"wp:attachment":[{"href":"https:\/\/www.organisator.ch\/de\/wp-json\/wp\/v2\/media?parent=45749"}],"wp:term":[{"taxonomy":"category","embeddable":true,"href":"https:\/\/www.organisator.ch\/de\/wp-json\/wp\/v2\/categories?post=45749"},{"taxonomy":"post_tag","embeddable":true,"href":"https:\/\/www.organisator.ch\/de\/wp-json\/wp\/v2\/tags?post=45749"}],"curies":[{"name":"wp","href":"https:\/\/api.w.org\/{rel}","templated":true}]}}