{"id":4577,"date":"2018-11-26T08:26:48","date_gmt":"2018-11-26T07:26:48","guid":{"rendered":"https:\/\/www.organisator.ch\/?p=4577"},"modified":"2018-11-26T08:26:48","modified_gmt":"2018-11-26T07:26:48","slug":"klimaschutz-innovative-kmu-erhalten-foerdergelder","status":"publish","type":"post","link":"https:\/\/www.organisator.ch\/de\/allgemein\/2018-11-26\/klimaschutz-innovative-kmu-erhalten-foerdergelder\/","title":{"rendered":"Klimaschutz: Innovative KMU erhalten F\u00f6rdergelder"},"content":{"rendered":"<figure id=\"attachment_4578\" aria-describedby=\"caption-attachment-4578\" style=\"width: 680px\" class=\"wp-caption alignnone\"><img loading=\"lazy\" decoding=\"async\" class=\"size-medium wp-image-4578\" src=\"https:\/\/www.organisator.ch\/wp-content\/uploads\/2018\/11\/Klimaschutz-Innovative-KMU-erhalten-Foerdergelder_Organisator.jpg\" alt=\"\" width=\"680\" height=\"453\" srcset=\"https:\/\/www.organisator.ch\/wp-content\/uploads\/2018\/11\/Klimaschutz-Innovative-KMU-erhalten-Foerdergelder_Organisator.jpg 680w, https:\/\/www.organisator.ch\/wp-content\/uploads\/2018\/11\/Klimaschutz-Innovative-KMU-erhalten-Foerdergelder_Organisator-16x12.jpg 16w, https:\/\/www.organisator.ch\/wp-content\/uploads\/2018\/11\/Klimaschutz-Innovative-KMU-erhalten-Foerdergelder_Organisator-263x175.jpg 263w, https:\/\/www.organisator.ch\/wp-content\/uploads\/2018\/11\/Klimaschutz-Innovative-KMU-erhalten-Foerdergelder_Organisator-525x350.jpg 525w, https:\/\/www.organisator.ch\/wp-content\/uploads\/2018\/11\/Klimaschutz-Innovative-KMU-erhalten-Foerdergelder_Organisator-300x200.jpg 300w\" sizes=\"auto, (max-width: 680px) 100vw, 680px\" \/><figcaption id=\"caption-attachment-4578\" class=\"wp-caption-text\">Ein faltbares Solardach auf einem Holztragwerk f\u00fcr den Klimaschutz: Die Klimastiftung Schweiz unterst\u00fctzt genau solche Projekt. (Bild: MICHAEL ALAN BROOKS)<\/figcaption><\/figure>\n<p>Die Klimastiftung Schweiz unterst\u00fctzt Projekte kleiner und mittlerer Unternehmen (KMU), die einen Beitrag zum Klimaschutz leisten. Die Stiftung hat seit ihrer Gr\u00fcndung 2008 F\u00f6rderungen in der H\u00f6he von 20 Millionen Franken f\u00fcr \u00fcber 1&#8217;400 KMU in der Schweiz und im F\u00fcrstentum Liechtenstein gesprochen. Und nach wie vor sind KMU innovativ beim Klimaschutz: So reicht es etwa der dhp technology AG aus Zizers nicht, ein preisgekr\u00f6ntes Solar-Faltdach entwickelt zu haben. Denn noch ruhen die Faltd\u00e4cher auf Stahltr\u00e4gern, deren Produktion viel graue Energie verschlingt. Die Klimastiftung Schweiz unterst\u00fctzt nun die Entwicklung eines CO2-neutralen Holztragwerks. Dieses Tragwerk ist eines von \u00fcber 20 Innovations-Projekten, welche KMU diesen Herbst bei der Klimastiftung Schweiz eingereicht haben. Der Stiftungsrat hat die Projekte eingehend gepr\u00fcft und entschieden, 15 von ihnen finanziell zu unterst\u00fctzen.<\/p>\n<h2>\u00abUnt\u00e4tigkeit k\u00f6nnen wir uns nicht leisten\u00bb<\/h2>\n<p>Zu den weiteren Innovationsprojekten, welche die Stiftung unterst\u00fctzt, geh\u00f6ren etwa ein neues Verfahren f\u00fcr das Beschichten von Oberfl\u00e4chen, das ein Drittel des ben\u00f6tigten Materials einspart, oder eine neue Entfeuchtungstechnologie, die nur noch halb so viel Strom ben\u00f6tigt.\u00a0Daneben f\u00f6rdert die Klimastiftung Schweiz auch drei KMU, welche in ihrem eigenen Betrieb Strom oder CO2 sparen.\u00a0\u00abIch bin immer wieder beeindruckt, wie viel f\u00fcr den Klimaschutz erreicht werden kann durch innovative Produkte, die in der Schweiz und in Liechtenstein entwickelt werden\u00bb, sagt Vincent Eckert, Gesch\u00e4ftsf\u00fchrer der Klimastiftung Schweiz. \u00abUnt\u00e4tigkeit k\u00f6nnen wir uns nicht leisten. Das haben unl\u00e4ngst auch die ETH Z\u00fcrich und MeteoSchweiz-Klimaszenarien f\u00fcr die Schweiz gezeigt. Deshalb freut es mich besonders, dass wir in unserem zehnten Jahr so viele F\u00f6rdergelder vergeben k\u00f6nnen\u00bb.<\/p>\n<h2>Stiftung von der Wirtschaft f\u00fcr die Wirtschaft<\/h2>\n<p>Von der Unterst\u00fctzung durch die Stiftung sollen zwei Seiten profitieren: Einerseits der Klimaschutz, denn es wird messbar weniger CO2 ausgestossen und Strom verbraucht. Und anderseits auch die Unternehmen, die ihre innovativen Ideen umsetzen und damit konkurrenzf\u00e4hig bleiben k\u00f6nnen.<\/p>\n<p>Hinter der Klimastiftung Schweiz stehen 27 grosse Dienstleistungsunternehmen aus der Schweiz und dem F\u00fcrstentum Liechtenstein. Sie spenden Geld aus ihren R\u00fcckverg\u00fctungen der CO2-Abgabe f\u00fcr die gemeinsame Stiftung. Diese b\u00fcndelt die Gelder und setzt sie f\u00fcr Projekte von KMU ein.<\/p>\n<p><em><a href=\"http:\/\/www.klimastiftung.ch\">www.klimastiftung.ch<\/a><\/em><\/p>\n","protected":false},"excerpt":{"rendered":"<p>Die Klimastiftung Schweiz unterst\u00fctzt Projekte kleiner und mittlerer Unternehmen (KMU), die einen Beitrag zum Klimaschutz leisten. Die Stiftung hat seit ihrer Gr\u00fcndung 2008 F\u00f6rderungen in der H\u00f6he von 20 Millionen Franken f\u00fcr \u00fcber 1&#8217;400 KMU in der Schweiz und im F\u00fcrstentum Liechtenstein gesprochen. Und nach wie vor sind KMU innovativ beim Klimaschutz: So reicht es [&hellip;]<\/p>\n","protected":false},"author":4,"featured_media":4578,"comment_status":"open","ping_status":"open","sticky":false,"template":"","format":"standard","meta":{"_acf_changed":false,"_yoast_wpseo_focuskw":"Klimaschutz","_yoast_wpseo_metadesc":"Noch nie haben KMU bei der Klimastiftung Schweiz so viele gute Projekte f\u00fcr den Klimaschutz eingereicht wie diesen Herbst.","articlekey":"","footnotes":""},"categories":[1],"tags":[358,455,492,508],"class_list":["post-4577","post","type-post","status-publish","format-standard","has-post-thumbnail","hentry","category-allgemein","tag-nachhaltige-wirtschaft","tag-stiftung","tag-unternehmen","tag-vermischtes"],"acf":[],"yoast_head":"<!-- This site is optimized with the Yoast SEO plugin v27.4 - https:\/\/yoast.com\/product\/yoast-seo-wordpress\/ -->\n<title>Klimaschutz: Innovative KMU erhalten F\u00f6rdergelder - Organisator<\/title>\n<meta name=\"description\" content=\"Noch nie haben KMU bei der Klimastiftung Schweiz so viele gute Projekte f\u00fcr den Klimaschutz eingereicht wie diesen Herbst.\" \/>\n<meta name=\"robots\" content=\"index, follow, max-snippet:-1, max-image-preview:large, max-video-preview:-1\" \/>\n<link rel=\"canonical\" href=\"https:\/\/www.organisator.ch\/de\/allgemein\/2018-11-26\/klimaschutz-innovative-kmu-erhalten-foerdergelder\/\" \/>\n<meta property=\"og:locale\" content=\"de_DE\" \/>\n<meta property=\"og:type\" content=\"article\" \/>\n<meta property=\"og:title\" content=\"Klimaschutz: Innovative KMU erhalten F\u00f6rdergelder\" \/>\n<meta property=\"og:description\" content=\"Noch nie haben KMU bei der Klimastiftung Schweiz so viele gute Projekte f\u00fcr den Klimaschutz eingereicht wie diesen Herbst.\" \/>\n<meta property=\"og:url\" content=\"https:\/\/www.organisator.ch\/de\/allgemein\/2018-11-26\/klimaschutz-innovative-kmu-erhalten-foerdergelder\/\" \/>\n<meta property=\"og:site_name\" content=\"Organisator\" \/>\n<meta property=\"article:publisher\" content=\"https:\/\/www.facebook.com\/OrganisatorFachmagazin\" \/>\n<meta property=\"article:published_time\" content=\"2018-11-26T07:26:48+00:00\" \/>\n<meta property=\"og:image\" content=\"https:\/\/www.organisator.ch\/wp-content\/uploads\/2018\/11\/Klimaschutz-Innovative-KMU-erhalten-Foerdergelder_Organisator.jpg\" \/>\n\t<meta property=\"og:image:width\" content=\"680\" \/>\n\t<meta property=\"og:image:height\" content=\"453\" \/>\n\t<meta property=\"og:image:type\" content=\"image\/jpeg\" \/>\n<meta name=\"author\" content=\"thomas.berner\" \/>\n<meta name=\"twitter:card\" content=\"summary_large_image\" \/>\n<meta name=\"twitter:title\" content=\"#Klimaschutz: Innovative KMU erhalten F\u00f6rdergelder\" \/>\n<meta name=\"twitter:description\" content=\"Noch nie haben KMU bei der #Klimastiftung Schweiz so viele gute Projekte f\u00fcr den #Klimaschutz eingereicht wie diesen Herbst.\" \/>\n<meta name=\"twitter:image\" content=\"https:\/\/www.organisator.ch\/wp-content\/uploads\/2018\/11\/Klimaschutz-Innovative-KMU-erhalten-F\u00f6rdergelder_Organisator.jpg\" \/>\n<script type=\"application\/ld+json\" class=\"yoast-schema-graph\">{\"@context\":\"https:\\\/\\\/schema.org\",\"@graph\":[{\"@type\":\"Article\",\"@id\":\"https:\\\/\\\/www.organisator.ch\\\/fr\\\/general\\\/2018-11-26\\\/klimaschutz-innovative-kmu-erhalten-foerdergelder\\\/#article\",\"isPartOf\":{\"@id\":\"https:\\\/\\\/www.organisator.ch\\\/fr\\\/general\\\/2018-11-26\\\/klimaschutz-innovative-kmu-erhalten-foerdergelder\\\/\"},\"author\":{\"name\":\"thomas.berner\",\"@id\":\"https:\\\/\\\/www.organisator.ch\\\/#\\\/schema\\\/person\\\/6f650f90b2842cd4c0cc334b4e36f67e\"},\"headline\":\"Klimaschutz: Innovative KMU erhalten F\u00f6rdergelder\",\"datePublished\":\"2018-11-26T07:26:48+00:00\",\"mainEntityOfPage\":{\"@id\":\"https:\\\/\\\/www.organisator.ch\\\/fr\\\/general\\\/2018-11-26\\\/klimaschutz-innovative-kmu-erhalten-foerdergelder\\\/\"},\"wordCount\":411,\"commentCount\":0,\"publisher\":{\"@id\":\"https:\\\/\\\/www.organisator.ch\\\/#organization\"},\"image\":{\"@id\":\"https:\\\/\\\/www.organisator.ch\\\/fr\\\/general\\\/2018-11-26\\\/klimaschutz-innovative-kmu-erhalten-foerdergelder\\\/#primaryimage\"},\"thumbnailUrl\":\"https:\\\/\\\/www.organisator.ch\\\/wp-content\\\/uploads\\\/2018\\\/11\\\/Klimaschutz-Innovative-KMU-erhalten-Foerdergelder_Organisator.jpg\",\"keywords\":[\"Nachhaltige Wirtschaft\",\"Stiftung\",\"Unternehmen\",\"Vermischtes\"],\"inLanguage\":\"de\"},{\"@type\":\"WebPage\",\"@id\":\"https:\\\/\\\/www.organisator.ch\\\/fr\\\/general\\\/2018-11-26\\\/klimaschutz-innovative-kmu-erhalten-foerdergelder\\\/\",\"url\":\"https:\\\/\\\/www.organisator.ch\\\/fr\\\/general\\\/2018-11-26\\\/klimaschutz-innovative-kmu-erhalten-foerdergelder\\\/\",\"name\":\"Klimaschutz: Innovative KMU erhalten F\u00f6rdergelder - Organisator\",\"isPartOf\":{\"@id\":\"https:\\\/\\\/www.organisator.ch\\\/#website\"},\"primaryImageOfPage\":{\"@id\":\"https:\\\/\\\/www.organisator.ch\\\/fr\\\/general\\\/2018-11-26\\\/klimaschutz-innovative-kmu-erhalten-foerdergelder\\\/#primaryimage\"},\"image\":{\"@id\":\"https:\\\/\\\/www.organisator.ch\\\/fr\\\/general\\\/2018-11-26\\\/klimaschutz-innovative-kmu-erhalten-foerdergelder\\\/#primaryimage\"},\"thumbnailUrl\":\"https:\\\/\\\/www.organisator.ch\\\/wp-content\\\/uploads\\\/2018\\\/11\\\/Klimaschutz-Innovative-KMU-erhalten-Foerdergelder_Organisator.jpg\",\"datePublished\":\"2018-11-26T07:26:48+00:00\",\"description\":\"Noch nie haben KMU bei der Klimastiftung Schweiz so viele gute Projekte f\u00fcr den Klimaschutz eingereicht wie diesen Herbst.\",\"breadcrumb\":{\"@id\":\"https:\\\/\\\/www.organisator.ch\\\/fr\\\/general\\\/2018-11-26\\\/klimaschutz-innovative-kmu-erhalten-foerdergelder\\\/#breadcrumb\"},\"inLanguage\":\"de\",\"potentialAction\":[{\"@type\":\"ReadAction\",\"target\":[\"https:\\\/\\\/www.organisator.ch\\\/fr\\\/general\\\/2018-11-26\\\/klimaschutz-innovative-kmu-erhalten-foerdergelder\\\/\"]}]},{\"@type\":\"ImageObject\",\"inLanguage\":\"de\",\"@id\":\"https:\\\/\\\/www.organisator.ch\\\/fr\\\/general\\\/2018-11-26\\\/klimaschutz-innovative-kmu-erhalten-foerdergelder\\\/#primaryimage\",\"url\":\"https:\\\/\\\/www.organisator.ch\\\/wp-content\\\/uploads\\\/2018\\\/11\\\/Klimaschutz-Innovative-KMU-erhalten-Foerdergelder_Organisator.jpg\",\"contentUrl\":\"https:\\\/\\\/www.organisator.ch\\\/wp-content\\\/uploads\\\/2018\\\/11\\\/Klimaschutz-Innovative-KMU-erhalten-Foerdergelder_Organisator.jpg\",\"width\":680,\"height\":453,\"caption\":\"Ein faltbares Solardach auf einem Holztragwerk f\u00fcr den Klimaschutz: Die Klimastiftung Schweiz unterst\u00fctzt genau solche Projekt. (Bild: MICHAEL ALAN BROOKS)\"},{\"@type\":\"BreadcrumbList\",\"@id\":\"https:\\\/\\\/www.organisator.ch\\\/fr\\\/general\\\/2018-11-26\\\/klimaschutz-innovative-kmu-erhalten-foerdergelder\\\/#breadcrumb\",\"itemListElement\":[{\"@type\":\"ListItem\",\"position\":1,\"name\":\"Home\",\"item\":\"https:\\\/\\\/www.organisator.ch\\\/\"},{\"@type\":\"ListItem\",\"position\":2,\"name\":\"Klimaschutz: Innovative KMU erhalten F\u00f6rdergelder\"}]},{\"@type\":\"WebSite\",\"@id\":\"https:\\\/\\\/www.organisator.ch\\\/#website\",\"url\":\"https:\\\/\\\/www.organisator.ch\\\/\",\"name\":\"Organisator\",\"description\":\"Kompetent. Praxisnah. Der ORGANISATOR bereitet in 10 Ausgaben pro Jahr die wesentlichen Themen f\u00fcr F\u00fchrungskr\u00e4fte von KMU auf.\",\"publisher\":{\"@id\":\"https:\\\/\\\/www.organisator.ch\\\/#organization\"},\"potentialAction\":[{\"@type\":\"SearchAction\",\"target\":{\"@type\":\"EntryPoint\",\"urlTemplate\":\"https:\\\/\\\/www.organisator.ch\\\/?s={search_term_string}\"},\"query-input\":{\"@type\":\"PropertyValueSpecification\",\"valueRequired\":true,\"valueName\":\"search_term_string\"}}],\"inLanguage\":\"de\"},{\"@type\":\"Organization\",\"@id\":\"https:\\\/\\\/www.organisator.ch\\\/#organization\",\"name\":\"Organisator\",\"url\":\"https:\\\/\\\/www.organisator.ch\\\/\",\"logo\":{\"@type\":\"ImageObject\",\"inLanguage\":\"de\",\"@id\":\"https:\\\/\\\/www.organisator.ch\\\/#\\\/schema\\\/logo\\\/image\\\/\",\"url\":\"https:\\\/\\\/www.organisator.ch\\\/wp-content\\\/uploads\\\/2022\\\/01\\\/Logo_Organisator_Website.png\",\"contentUrl\":\"https:\\\/\\\/www.organisator.ch\\\/wp-content\\\/uploads\\\/2022\\\/01\\\/Logo_Organisator_Website.png\",\"width\":800,\"height\":77,\"caption\":\"Organisator\"},\"image\":{\"@id\":\"https:\\\/\\\/www.organisator.ch\\\/#\\\/schema\\\/logo\\\/image\\\/\"},\"sameAs\":[\"https:\\\/\\\/www.facebook.com\\\/OrganisatorFachmagazin\",\"https:\\\/\\\/www.linkedin.com\\\/showcase\\\/organisator-das-magazin-fr-kmu\",\"https:\\\/\\\/www.xing.com\\\/news\\\/pages\\\/organisator-ch-695\",\"https:\\\/\\\/www.youtube.com\\\/channel\\\/UCGP2Sq0iWaZwT3BdIAQFYpw\"]},{\"@type\":\"Person\",\"@id\":\"https:\\\/\\\/www.organisator.ch\\\/#\\\/schema\\\/person\\\/6f650f90b2842cd4c0cc334b4e36f67e\",\"name\":\"thomas.berner\",\"image\":{\"@type\":\"ImageObject\",\"inLanguage\":\"de\",\"@id\":\"https:\\\/\\\/secure.gravatar.com\\\/avatar\\\/ac5001d2a36cb6c6cd3e50789007ffca834b477b74a2144564522e944eabff61?s=96&d=mm&r=g\",\"url\":\"https:\\\/\\\/secure.gravatar.com\\\/avatar\\\/ac5001d2a36cb6c6cd3e50789007ffca834b477b74a2144564522e944eabff61?s=96&d=mm&r=g\",\"contentUrl\":\"https:\\\/\\\/secure.gravatar.com\\\/avatar\\\/ac5001d2a36cb6c6cd3e50789007ffca834b477b74a2144564522e944eabff61?s=96&d=mm&r=g\",\"caption\":\"thomas.berner\"},\"url\":\"https:\\\/\\\/www.organisator.ch\\\/de\\\/author\\\/thomas-berner\\\/\"}]}<\/script>\n<!-- \/ Yoast SEO plugin. -->","yoast_head_json":{"title":"Klimaschutz: Innovative KMU erhalten F\u00f6rdergelder - Organisator","description":"Noch nie haben KMU bei der Klimastiftung Schweiz so viele gute Projekte f\u00fcr den Klimaschutz eingereicht wie diesen Herbst.","robots":{"index":"index","follow":"follow","max-snippet":"max-snippet:-1","max-image-preview":"max-image-preview:large","max-video-preview":"max-video-preview:-1"},"canonical":"https:\/\/www.organisator.ch\/de\/allgemein\/2018-11-26\/klimaschutz-innovative-kmu-erhalten-foerdergelder\/","og_locale":"de_DE","og_type":"article","og_title":"Klimaschutz: Innovative KMU erhalten F\u00f6rdergelder","og_description":"Noch nie haben KMU bei der Klimastiftung Schweiz so viele gute Projekte f\u00fcr den Klimaschutz eingereicht wie diesen Herbst.","og_url":"https:\/\/www.organisator.ch\/de\/allgemein\/2018-11-26\/klimaschutz-innovative-kmu-erhalten-foerdergelder\/","og_site_name":"Organisator","article_publisher":"https:\/\/www.facebook.com\/OrganisatorFachmagazin","article_published_time":"2018-11-26T07:26:48+00:00","og_image":[{"width":680,"height":453,"url":"https:\/\/www.organisator.ch\/wp-content\/uploads\/2018\/11\/Klimaschutz-Innovative-KMU-erhalten-Foerdergelder_Organisator.jpg","type":"image\/jpeg"}],"author":"thomas.berner","twitter_card":"summary_large_image","twitter_title":"#Klimaschutz: Innovative KMU erhalten F\u00f6rdergelder","twitter_description":"Noch nie haben KMU bei der #Klimastiftung Schweiz so viele gute Projekte f\u00fcr den #Klimaschutz eingereicht wie diesen Herbst.","twitter_image":"https:\/\/www.organisator.ch\/wp-content\/uploads\/2018\/11\/Klimaschutz-Innovative-KMU-erhalten-F\u00f6rdergelder_Organisator.jpg","schema":{"@context":"https:\/\/schema.org","@graph":[{"@type":"Article","@id":"https:\/\/www.organisator.ch\/fr\/general\/2018-11-26\/klimaschutz-innovative-kmu-erhalten-foerdergelder\/#article","isPartOf":{"@id":"https:\/\/www.organisator.ch\/fr\/general\/2018-11-26\/klimaschutz-innovative-kmu-erhalten-foerdergelder\/"},"author":{"name":"thomas.berner","@id":"https:\/\/www.organisator.ch\/#\/schema\/person\/6f650f90b2842cd4c0cc334b4e36f67e"},"headline":"Klimaschutz: Innovative KMU erhalten F\u00f6rdergelder","datePublished":"2018-11-26T07:26:48+00:00","mainEntityOfPage":{"@id":"https:\/\/www.organisator.ch\/fr\/general\/2018-11-26\/klimaschutz-innovative-kmu-erhalten-foerdergelder\/"},"wordCount":411,"commentCount":0,"publisher":{"@id":"https:\/\/www.organisator.ch\/#organization"},"image":{"@id":"https:\/\/www.organisator.ch\/fr\/general\/2018-11-26\/klimaschutz-innovative-kmu-erhalten-foerdergelder\/#primaryimage"},"thumbnailUrl":"https:\/\/www.organisator.ch\/wp-content\/uploads\/2018\/11\/Klimaschutz-Innovative-KMU-erhalten-Foerdergelder_Organisator.jpg","keywords":["Nachhaltige Wirtschaft","Stiftung","Unternehmen","Vermischtes"],"inLanguage":"de"},{"@type":"WebPage","@id":"https:\/\/www.organisator.ch\/fr\/general\/2018-11-26\/klimaschutz-innovative-kmu-erhalten-foerdergelder\/","url":"https:\/\/www.organisator.ch\/fr\/general\/2018-11-26\/klimaschutz-innovative-kmu-erhalten-foerdergelder\/","name":"Klimaschutz: Innovative KMU erhalten F\u00f6rdergelder - Organisator","isPartOf":{"@id":"https:\/\/www.organisator.ch\/#website"},"primaryImageOfPage":{"@id":"https:\/\/www.organisator.ch\/fr\/general\/2018-11-26\/klimaschutz-innovative-kmu-erhalten-foerdergelder\/#primaryimage"},"image":{"@id":"https:\/\/www.organisator.ch\/fr\/general\/2018-11-26\/klimaschutz-innovative-kmu-erhalten-foerdergelder\/#primaryimage"},"thumbnailUrl":"https:\/\/www.organisator.ch\/wp-content\/uploads\/2018\/11\/Klimaschutz-Innovative-KMU-erhalten-Foerdergelder_Organisator.jpg","datePublished":"2018-11-26T07:26:48+00:00","description":"Noch nie haben KMU bei der Klimastiftung Schweiz so viele gute Projekte f\u00fcr den Klimaschutz eingereicht wie diesen Herbst.","breadcrumb":{"@id":"https:\/\/www.organisator.ch\/fr\/general\/2018-11-26\/klimaschutz-innovative-kmu-erhalten-foerdergelder\/#breadcrumb"},"inLanguage":"de","potentialAction":[{"@type":"ReadAction","target":["https:\/\/www.organisator.ch\/fr\/general\/2018-11-26\/klimaschutz-innovative-kmu-erhalten-foerdergelder\/"]}]},{"@type":"ImageObject","inLanguage":"de","@id":"https:\/\/www.organisator.ch\/fr\/general\/2018-11-26\/klimaschutz-innovative-kmu-erhalten-foerdergelder\/#primaryimage","url":"https:\/\/www.organisator.ch\/wp-content\/uploads\/2018\/11\/Klimaschutz-Innovative-KMU-erhalten-Foerdergelder_Organisator.jpg","contentUrl":"https:\/\/www.organisator.ch\/wp-content\/uploads\/2018\/11\/Klimaschutz-Innovative-KMU-erhalten-Foerdergelder_Organisator.jpg","width":680,"height":453,"caption":"Ein faltbares Solardach auf einem Holztragwerk f\u00fcr den Klimaschutz: Die Klimastiftung Schweiz unterst\u00fctzt genau solche Projekt. (Bild: MICHAEL ALAN BROOKS)"},{"@type":"BreadcrumbList","@id":"https:\/\/www.organisator.ch\/fr\/general\/2018-11-26\/klimaschutz-innovative-kmu-erhalten-foerdergelder\/#breadcrumb","itemListElement":[{"@type":"ListItem","position":1,"name":"Home","item":"https:\/\/www.organisator.ch\/"},{"@type":"ListItem","position":2,"name":"Klimaschutz: Innovative KMU erhalten F\u00f6rdergelder"}]},{"@type":"WebSite","@id":"https:\/\/www.organisator.ch\/#website","url":"https:\/\/www.organisator.ch\/","name":"Organisator","description":"Kompetent. Praxisnah. Der ORGANISATOR bereitet in 10 Ausgaben pro Jahr die wesentlichen Themen f\u00fcr F\u00fchrungskr\u00e4fte von KMU auf.","publisher":{"@id":"https:\/\/www.organisator.ch\/#organization"},"potentialAction":[{"@type":"SearchAction","target":{"@type":"EntryPoint","urlTemplate":"https:\/\/www.organisator.ch\/?s={search_term_string}"},"query-input":{"@type":"PropertyValueSpecification","valueRequired":true,"valueName":"search_term_string"}}],"inLanguage":"de"},{"@type":"Organization","@id":"https:\/\/www.organisator.ch\/#organization","name":"Organisator","url":"https:\/\/www.organisator.ch\/","logo":{"@type":"ImageObject","inLanguage":"de","@id":"https:\/\/www.organisator.ch\/#\/schema\/logo\/image\/","url":"https:\/\/www.organisator.ch\/wp-content\/uploads\/2022\/01\/Logo_Organisator_Website.png","contentUrl":"https:\/\/www.organisator.ch\/wp-content\/uploads\/2022\/01\/Logo_Organisator_Website.png","width":800,"height":77,"caption":"Organisator"},"image":{"@id":"https:\/\/www.organisator.ch\/#\/schema\/logo\/image\/"},"sameAs":["https:\/\/www.facebook.com\/OrganisatorFachmagazin","https:\/\/www.linkedin.com\/showcase\/organisator-das-magazin-fr-kmu","https:\/\/www.xing.com\/news\/pages\/organisator-ch-695","https:\/\/www.youtube.com\/channel\/UCGP2Sq0iWaZwT3BdIAQFYpw"]},{"@type":"Person","@id":"https:\/\/www.organisator.ch\/#\/schema\/person\/6f650f90b2842cd4c0cc334b4e36f67e","name":"thomas.berner","image":{"@type":"ImageObject","inLanguage":"de","@id":"https:\/\/secure.gravatar.com\/avatar\/ac5001d2a36cb6c6cd3e50789007ffca834b477b74a2144564522e944eabff61?s=96&d=mm&r=g","url":"https:\/\/secure.gravatar.com\/avatar\/ac5001d2a36cb6c6cd3e50789007ffca834b477b74a2144564522e944eabff61?s=96&d=mm&r=g","contentUrl":"https:\/\/secure.gravatar.com\/avatar\/ac5001d2a36cb6c6cd3e50789007ffca834b477b74a2144564522e944eabff61?s=96&d=mm&r=g","caption":"thomas.berner"},"url":"https:\/\/www.organisator.ch\/de\/author\/thomas-berner\/"}]}},"_links":{"self":[{"href":"https:\/\/www.organisator.ch\/de\/wp-json\/wp\/v2\/posts\/4577","targetHints":{"allow":["GET"]}}],"collection":[{"href":"https:\/\/www.organisator.ch\/de\/wp-json\/wp\/v2\/posts"}],"about":[{"href":"https:\/\/www.organisator.ch\/de\/wp-json\/wp\/v2\/types\/post"}],"author":[{"embeddable":true,"href":"https:\/\/www.organisator.ch\/de\/wp-json\/wp\/v2\/users\/4"}],"replies":[{"embeddable":true,"href":"https:\/\/www.organisator.ch\/de\/wp-json\/wp\/v2\/comments?post=4577"}],"version-history":[{"count":0,"href":"https:\/\/www.organisator.ch\/de\/wp-json\/wp\/v2\/posts\/4577\/revisions"}],"wp:featuredmedia":[{"embeddable":true,"href":"https:\/\/www.organisator.ch\/de\/wp-json\/wp\/v2\/media\/4578"}],"wp:attachment":[{"href":"https:\/\/www.organisator.ch\/de\/wp-json\/wp\/v2\/media?parent=4577"}],"wp:term":[{"taxonomy":"category","embeddable":true,"href":"https:\/\/www.organisator.ch\/de\/wp-json\/wp\/v2\/categories?post=4577"},{"taxonomy":"post_tag","embeddable":true,"href":"https:\/\/www.organisator.ch\/de\/wp-json\/wp\/v2\/tags?post=4577"}],"curies":[{"name":"wp","href":"https:\/\/api.w.org\/{rel}","templated":true}]}}