{"id":4588,"date":"2018-11-29T09:17:11","date_gmt":"2018-11-29T08:17:11","guid":{"rendered":"https:\/\/www.organisator.ch\/?p=4588"},"modified":"2018-11-29T09:17:11","modified_gmt":"2018-11-29T08:17:11","slug":"nicht-alle-unternehmen-brauchen-zwingend-blockchain-technologie","status":"publish","type":"post","link":"https:\/\/www.organisator.ch\/de\/management\/2018-11-29\/nicht-alle-unternehmen-brauchen-zwingend-blockchain-technologie\/","title":{"rendered":"\u00abNicht alle Unternehmen brauchen zwingend Blockchain-Technologie\u00bb"},"content":{"rendered":"<figure id=\"attachment_4589\" aria-describedby=\"caption-attachment-4589\" style=\"width: 680px\" class=\"wp-caption alignnone\"><img loading=\"lazy\" decoding=\"async\" class=\"size-medium wp-image-4589\" src=\"https:\/\/www.organisator.ch\/wp-content\/uploads\/2018\/11\/Nicht-alle-Unternehmen-brauchen-zwingend-Blockchain-Technologie-1_Organisator.jpg\" alt=\"\" width=\"680\" height=\"453\" srcset=\"https:\/\/www.organisator.ch\/wp-content\/uploads\/2018\/11\/Nicht-alle-Unternehmen-brauchen-zwingend-Blockchain-Technologie-1_Organisator.jpg 680w, https:\/\/www.organisator.ch\/wp-content\/uploads\/2018\/11\/Nicht-alle-Unternehmen-brauchen-zwingend-Blockchain-Technologie-1_Organisator-16x12.jpg 16w, https:\/\/www.organisator.ch\/wp-content\/uploads\/2018\/11\/Nicht-alle-Unternehmen-brauchen-zwingend-Blockchain-Technologie-1_Organisator-263x175.jpg 263w, https:\/\/www.organisator.ch\/wp-content\/uploads\/2018\/11\/Nicht-alle-Unternehmen-brauchen-zwingend-Blockchain-Technologie-1_Organisator-525x350.jpg 525w, https:\/\/www.organisator.ch\/wp-content\/uploads\/2018\/11\/Nicht-alle-Unternehmen-brauchen-zwingend-Blockchain-Technologie-1_Organisator-300x200.jpg 300w\" sizes=\"auto, (max-width: 680px) 100vw, 680px\" \/><figcaption id=\"caption-attachment-4589\" class=\"wp-caption-text\">Brauchen alle Unternehmen Blockchain-Technologie? Fernsehjournalist Reto Brennwald leitet die Podiumsdiskussion am Forum Blockchain for Business der FHSG. (Bild: zVg \/ FHSG)<\/figcaption><\/figure>\n<p>\u00dcber Blockchain wird viel diskutiert und das nicht nur in Fachkreisen. Immer mehr Unternehmen besch\u00e4ftigen sich mit der digitalen Technologie und arbeiten an ersten Anwendungen. F\u00fcr Expertinnen und Experten hat die Blockchain-Technologie ein \u00e4hnlich revolution\u00e4res Potenzial wie das Internet. Doch was genau ist Blockchain? Worauf muss ein Unternehmen bei der Umsetzung einer Blockchain-Anwendung achten und wie funktioniert die Finanzierung mittels Initial Coin Offering (ICO)? Diese und andere Fragen standen im Zentrum des Forums Blockchain for Business (B4B) vom vergangenen Donnerstag, 22. November, in St. Gallen. Referenten aus Wissenschaft und Praxis berichteten den \u00fcber 100 Teilnehmerinnen und Teilnehmern von ihren Erfahrungen mit der vielversprechenden \u00abTechnologie der Zukunft\u00bb und gaben Tipps f\u00fcr eine m\u00f6gliche Umsetzung. Moderator war der Fernsehjournalist Reto Brennwald, organisiert wurde der Anlass vom Institut f\u00fcr Unternehmensf\u00fchrung der Fachhochschule St.Gallen IFU-FHS.<\/p>\n<h2><strong>Eigenschaften k\u00f6nnen Vertrauen schaffen<\/strong><\/h2>\n<p>\u00abBlockchain kann als verteilte Transaktionsdatenbank bezeichnet werden\u00bb, sagte Professor Ernesto Turnes, Leiter des Kompetenzzentrums f\u00fcr Banking und Finance der FHS, in seinen einleitenden Worten. Er bezeichnete Verf\u00fcgbarkeit, Eigentumssicherung, Unver\u00e4nderbarkeit, \u00dcberpr\u00fcfbarkeit und Skalierbarkeit als die f\u00fcnf Anforderungen an ein Transaktionssystem. \u00dcber diese Anforderungen und wie sie erreicht werden, etwa durch Kryptografie oder Hashing, k\u00f6nne Vertrauen geschaffen werden. Bez\u00fcglich der Tokens, also der Wertmarken, die in ICOs verkauft werden, sieht Ernesto Turnes vor allem in den Anlage-Tokens respektive Asset oder Security Tokens \u00abenormes Potenzial\u00bb. Sie repr\u00e4sentieren Verm\u00f6genswerte wie Aktien, Obligationen oder Immobilien.<\/p>\n<p>Die gleiche Meinung vertrat auch Roger Bigger, Mitbegr\u00fcnder der Crowdli AG, einer Plattform f\u00fcr Immobilien-Crowd-Investments, und gesch\u00e4ftsf\u00fchrender Inhaber der Azemos Gruppe. \u00abSecurity Tokens k\u00f6nnen die Fondswelt grundlegend revolutionieren\u00bb, sagte er. \u00abSie erschaffen v\u00f6llig neue Konzepte der Geldanlage: eine verbesserte Partizipation, h\u00f6here Flexibilit\u00e4t und geringere Kosten.\u00bb Aber, f\u00fcgte er hinzu, sie seien auch viel komplexer zu verstehen. Und hier sieht Roger Bigger die grosse Herausforderung: \u00abDies einer breiten Masse zu erkl\u00e4ren, ist schwierig.\u00bb<\/p>\n<p>Rechtsanwalt Thomas M\u00fcller von Walder Wyss Rechtsanw\u00e4lte in Z\u00fcrich ordnete die rechtliche Qualifikation der Tokens ein, was ziemlich komplex und je nach Token etwas anders ist. Als grosses Problem bezeichnete er den Sekund\u00e4r-Markt: Die Tokens k\u00f6nnten teils nur beschr\u00e4nkt gebraucht werden und die Nationalbank habe derzeit \u00abnull Interesse\u00bb an einem digitalen Franken.<\/p>\n<h2><strong>Prozesse optimieren, Kosten sparen<\/strong><\/h2>\n<p>Die n\u2019cloud.swiss AG, ein Anbieter von Cloud-Computing-L\u00f6sungen, setzte Anfang 2018 auf \u00a0Blockchain und f\u00fchrte einen ICO durch. Bereits n\u00e4chstes Jahrs soll der n\u00e4chste ICO folgen&#8230; Gem\u00e4ss Chief Marketing Officer Pascal Dossenbach eignet sich Blockchain f\u00fcr \u00abjene Unternehmen, die ein Produkt oder eine Dienstleistung anbieten wollen, f\u00fcr die es auch einen Markt gibt\u00bb. Wichtig sind f\u00fcr ihn eine \u00abseri\u00f6se Planung mit realistischen Zielen\u00bb und ein \u00abICO Whitepaper, das wie ein Businessplan daherkommt, um Investoren zu \u00fcberzeugen\u00bb.<\/p>\n<figure id=\"attachment_4590\" aria-describedby=\"caption-attachment-4590\" style=\"width: 680px\" class=\"wp-caption alignnone\"><img loading=\"lazy\" decoding=\"async\" class=\"size-medium wp-image-4590\" src=\"https:\/\/www.organisator.ch\/wp-content\/uploads\/2018\/11\/Nicht-alle-Unternehmen-brauchen-zwingend-Blockchain-Technologie-2_Organisator.jpg\" alt=\"\" width=\"680\" height=\"453\" srcset=\"https:\/\/www.organisator.ch\/wp-content\/uploads\/2018\/11\/Nicht-alle-Unternehmen-brauchen-zwingend-Blockchain-Technologie-2_Organisator.jpg 680w, https:\/\/www.organisator.ch\/wp-content\/uploads\/2018\/11\/Nicht-alle-Unternehmen-brauchen-zwingend-Blockchain-Technologie-2_Organisator-16x12.jpg 16w, https:\/\/www.organisator.ch\/wp-content\/uploads\/2018\/11\/Nicht-alle-Unternehmen-brauchen-zwingend-Blockchain-Technologie-2_Organisator-263x175.jpg 263w, https:\/\/www.organisator.ch\/wp-content\/uploads\/2018\/11\/Nicht-alle-Unternehmen-brauchen-zwingend-Blockchain-Technologie-2_Organisator-525x350.jpg 525w, https:\/\/www.organisator.ch\/wp-content\/uploads\/2018\/11\/Nicht-alle-Unternehmen-brauchen-zwingend-Blockchain-Technologie-2_Organisator-300x200.jpg 300w\" sizes=\"auto, (max-width: 680px) 100vw, 680px\" \/><figcaption id=\"caption-attachment-4590\" class=\"wp-caption-text\">Eventorganisator und Buchautor Pascal Egloff von der FHS St.Gallen ordnet am Forum Blockchain for Business die M\u00f6glichkeiten von Blockchain-Technologie ein. (Bild: zVg \/ FHSG)<\/figcaption><\/figure>\n<p>F\u00fcr Pascal Egloff, Dozent und Projekt Manager am Kompetenzzentrum f\u00fcr Banking und Finance der FHS, \u00ab<em>braucht<\/em> nicht jedes Unternehmen zwingend eine Blockchain, es ging ja bisher auch ohne\u00bb. Aber fast jedes Unternehmen <em>k\u00f6nne<\/em> die Technologie nutzen. \u00abDie Frage ist nur, ob es sich auch lohnt\u00bb, sagte er. Blockchain diene oftmals als Katalysator, um sich Gedanken \u00fcber die Digitalisierung zu machen. \u00c4hnlich sieht es Ulrich Schimpel, CTO Europe Team &amp; IBM Research, Z\u00fcrich: Die Blockchain-L\u00f6sung bringe nur dort etwas, wo sie besser sei als der bestehende Prozess. Werde die neue Technologie dann allerdings angewendet, k\u00f6nnten Prozesse optimiert und Kosten gespart werden. Heute wird Blockchain nicht nur im Bankwesen eingesetzt, sondern auch im Gesundheitswesen, bei Versicherungen und im Logistik- und Verkaufsbereich.<\/p>\n<h2><strong>Eine untersch\u00e4tzte Technologie<\/strong><\/h2>\n<p>Vitus Ammann war jahrelang im Zuger Crypto Valley unterwegs und ist jetzt Berater Digitale Transformation der SBB. Im Experten-Panel sagte er: \u00abWir stehen mit der Blockchain-Technologie noch ganz am Anfang, etwa dort, wo wir mit dem Internet 1995 standen.\u00bb Er traut der Technologie einiges zu, mit vergleichbaren Auswirkungen auf Wirtschaft und Gesellschaft wie beim Internet. \u00c4hnlich sehen es Nick Beglinger, CEO Stiftung Cleantech21, und Roman Schnider, Leiter Pr\u00fcfung Blockchain-Kunden bei PwC Schweiz. \u00abBlockchain wird heute noch stark untersch\u00e4tzt\u00bb, sagte Nick Beglinger und Vitus Ammann glaubt, dass Wertschriften in zehn Jahren bereits gr\u00f6sstenteils \u00fcber Tokens gehandelt werden und nicht mehr \u00fcber die bestehenden Systeme. Wird es die Banken dann \u00fcberhaupt noch geben? \u00abIch denke schon\u00bb, sagte Roman Schnider, \u00ababer ihr Aufgabenbereich d\u00fcrfte sich verschieben.\u00bb F\u00fcr Stefan Jeker, Leiter des Innovations-Labors von Raiffeisen St.Gallen, ist eine der grossen Herausforderungen der Zukunft, in \u00d6kosystemen und \u00fcber die Prozesse hinaus zu denken. \u00abDie Blockchain-Technologie wird unser Leben ver\u00e4ndern, und wir k\u00f6nnen uns dadurch auf das konzentrieren, was unser Leben lebenswert macht.\u00bb<\/p>\n<p><em><a href=\"http:\/\/www.fhsg.ch\">www.fhsg.ch<\/a><\/em><\/p>\n<p><em><strong>Weitere Informationen:<br \/>\n<\/strong>Bei all den Entwicklungen rund um Blockchain ist es schwierig, den \u00dcberblick zu behalten. Deshalb haben Ernesto Turnes und Pascal Egloff vom Institut f\u00fcr Unternehmensf\u00fchrung IFU-FHS ein Lehrbuch unter dem Titel \u00abBlockchain f\u00fcr die Praxis. Kryptow\u00e4hrungen, Smart Contracts, ICOs und Tokens\u00bb geschrieben. Gleichzeitig bieten sie massgeschneiderte Referate sowie unternehmensspezifische Workshops an und haben das Forum Blockchain for Business (B4B) organisiert.<\/em><\/p>\n","protected":false},"excerpt":{"rendered":"<p>\u00dcber Blockchain wird viel diskutiert und das nicht nur in Fachkreisen. Immer mehr Unternehmen besch\u00e4ftigen sich mit der digitalen Technologie und arbeiten an ersten Anwendungen. F\u00fcr Expertinnen und Experten hat die Blockchain-Technologie ein \u00e4hnlich revolution\u00e4res Potenzial wie das Internet. Doch was genau ist Blockchain? Worauf muss ein Unternehmen bei der Umsetzung einer Blockchain-Anwendung achten und [&hellip;]<\/p>\n","protected":false},"author":4,"featured_media":4589,"comment_status":"open","ping_status":"open","sticky":false,"template":"","format":"standard","meta":{"_acf_changed":false,"_yoast_wpseo_focuskw":"Blockchain-Technologie","_yoast_wpseo_metadesc":"Am Forum Blockchain for Business (B4B) der Fachhochschule St.Gallen diskutierten Experten aus Wissenschaft und Praxis mit Unternehmerinnen und Unternehmern.","articlekey":"","footnotes":""},"categories":[28],"tags":[85,156,193,286],"class_list":["post-4588","post","type-post","status-publish","format-standard","has-post-thumbnail","hentry","category-management","tag-blockchain","tag-digitalisierung","tag-fachkongressfachmesse","tag-it"],"acf":[],"yoast_head":"<!-- This site is optimized with the Yoast SEO plugin v27.4 - https:\/\/yoast.com\/product\/yoast-seo-wordpress\/ -->\n<title>\u00abNicht alle Unternehmen brauchen zwingend Blockchain-Technologie\u00bb - Organisator<\/title>\n<meta name=\"description\" content=\"Am Forum Blockchain for Business (B4B) der Fachhochschule St.Gallen diskutierten Experten aus Wissenschaft und Praxis mit Unternehmerinnen und Unternehmern.\" \/>\n<meta name=\"robots\" content=\"index, follow, max-snippet:-1, max-image-preview:large, max-video-preview:-1\" \/>\n<link rel=\"canonical\" href=\"https:\/\/www.organisator.ch\/de\/management\/2018-11-29\/nicht-alle-unternehmen-brauchen-zwingend-blockchain-technologie\/\" \/>\n<meta property=\"og:locale\" content=\"de_DE\" \/>\n<meta property=\"og:type\" content=\"article\" \/>\n<meta property=\"og:title\" content=\"\u00abNicht alle Unternehmen brauchen zwingend Blockchain-Technologie\u00bb\" \/>\n<meta property=\"og:description\" content=\"Am Forum Blockchain for Business (B4B) der Fachhochschule St.Gallen diskutierten Experten aus Wissenschaft und Praxis mit Unternehmerinnen und Unternehmern.\" \/>\n<meta property=\"og:url\" content=\"https:\/\/www.organisator.ch\/de\/management\/2018-11-29\/nicht-alle-unternehmen-brauchen-zwingend-blockchain-technologie\/\" \/>\n<meta property=\"og:site_name\" content=\"Organisator\" \/>\n<meta property=\"article:publisher\" content=\"https:\/\/www.facebook.com\/OrganisatorFachmagazin\" \/>\n<meta property=\"article:published_time\" content=\"2018-11-29T08:17:11+00:00\" \/>\n<meta property=\"og:image\" content=\"https:\/\/www.organisator.ch\/wp-content\/uploads\/2018\/11\/Nicht-alle-Unternehmen-brauchen-zwingend-Blockchain-Technologie-1_Organisator.jpg\" \/>\n\t<meta property=\"og:image:width\" content=\"680\" \/>\n\t<meta property=\"og:image:height\" content=\"453\" \/>\n\t<meta property=\"og:image:type\" content=\"image\/jpeg\" \/>\n<meta name=\"author\" content=\"thomas.berner\" \/>\n<meta name=\"twitter:card\" content=\"summary_large_image\" \/>\n<meta name=\"twitter:title\" content=\"\u00abNicht alle Unternehmen brauchen zwingend #Blockchain-Technologie\u00bb\" \/>\n<meta name=\"twitter:description\" content=\"Am Forum #Blockchain for Business (#B4B) der Fachhochschule St.Gallen diskutierten Experten aus Wissenschaft und Praxis mit Unternehmerinnen und Unternehmern.\" \/>\n<meta name=\"twitter:image\" content=\"https:\/\/www.organisator.ch\/wp-content\/uploads\/2018\/11\/Nicht-alle-Unternehmen-brauchen-zwingend-Blockchain-Technologie-1_Organisator.jpg\" \/>\n<script type=\"application\/ld+json\" class=\"yoast-schema-graph\">{\"@context\":\"https:\\\/\\\/schema.org\",\"@graph\":[{\"@type\":\"Article\",\"@id\":\"https:\\\/\\\/www.organisator.ch\\\/management\\\/2018-11-29\\\/nicht-alle-unternehmen-brauchen-zwingend-blockchain-technologie\\\/#article\",\"isPartOf\":{\"@id\":\"https:\\\/\\\/www.organisator.ch\\\/management\\\/2018-11-29\\\/nicht-alle-unternehmen-brauchen-zwingend-blockchain-technologie\\\/\"},\"author\":{\"name\":\"thomas.berner\",\"@id\":\"https:\\\/\\\/www.organisator.ch\\\/#\\\/schema\\\/person\\\/6f650f90b2842cd4c0cc334b4e36f67e\"},\"headline\":\"\u00abNicht alle Unternehmen brauchen zwingend Blockchain-Technologie\u00bb\",\"datePublished\":\"2018-11-29T08:17:11+00:00\",\"mainEntityOfPage\":{\"@id\":\"https:\\\/\\\/www.organisator.ch\\\/management\\\/2018-11-29\\\/nicht-alle-unternehmen-brauchen-zwingend-blockchain-technologie\\\/\"},\"wordCount\":909,\"commentCount\":0,\"publisher\":{\"@id\":\"https:\\\/\\\/www.organisator.ch\\\/#organization\"},\"image\":{\"@id\":\"https:\\\/\\\/www.organisator.ch\\\/management\\\/2018-11-29\\\/nicht-alle-unternehmen-brauchen-zwingend-blockchain-technologie\\\/#primaryimage\"},\"thumbnailUrl\":\"https:\\\/\\\/www.organisator.ch\\\/wp-content\\\/uploads\\\/2018\\\/11\\\/Nicht-alle-Unternehmen-brauchen-zwingend-Blockchain-Technologie-1_Organisator.jpg\",\"keywords\":[\"Blockchain\",\"Digitalisierung\",\"Fachkongress\\\/Fachmesse\",\"IT\"],\"articleSection\":[\"MANAGEMENT\"],\"inLanguage\":\"de\"},{\"@type\":\"WebPage\",\"@id\":\"https:\\\/\\\/www.organisator.ch\\\/management\\\/2018-11-29\\\/nicht-alle-unternehmen-brauchen-zwingend-blockchain-technologie\\\/\",\"url\":\"https:\\\/\\\/www.organisator.ch\\\/management\\\/2018-11-29\\\/nicht-alle-unternehmen-brauchen-zwingend-blockchain-technologie\\\/\",\"name\":\"\u00abNicht alle Unternehmen brauchen zwingend Blockchain-Technologie\u00bb - Organisator\",\"isPartOf\":{\"@id\":\"https:\\\/\\\/www.organisator.ch\\\/#website\"},\"primaryImageOfPage\":{\"@id\":\"https:\\\/\\\/www.organisator.ch\\\/management\\\/2018-11-29\\\/nicht-alle-unternehmen-brauchen-zwingend-blockchain-technologie\\\/#primaryimage\"},\"image\":{\"@id\":\"https:\\\/\\\/www.organisator.ch\\\/management\\\/2018-11-29\\\/nicht-alle-unternehmen-brauchen-zwingend-blockchain-technologie\\\/#primaryimage\"},\"thumbnailUrl\":\"https:\\\/\\\/www.organisator.ch\\\/wp-content\\\/uploads\\\/2018\\\/11\\\/Nicht-alle-Unternehmen-brauchen-zwingend-Blockchain-Technologie-1_Organisator.jpg\",\"datePublished\":\"2018-11-29T08:17:11+00:00\",\"description\":\"Am Forum Blockchain for Business (B4B) der Fachhochschule St.Gallen diskutierten Experten aus Wissenschaft und Praxis mit Unternehmerinnen und Unternehmern.\",\"breadcrumb\":{\"@id\":\"https:\\\/\\\/www.organisator.ch\\\/management\\\/2018-11-29\\\/nicht-alle-unternehmen-brauchen-zwingend-blockchain-technologie\\\/#breadcrumb\"},\"inLanguage\":\"de\",\"potentialAction\":[{\"@type\":\"ReadAction\",\"target\":[\"https:\\\/\\\/www.organisator.ch\\\/management\\\/2018-11-29\\\/nicht-alle-unternehmen-brauchen-zwingend-blockchain-technologie\\\/\"]}]},{\"@type\":\"ImageObject\",\"inLanguage\":\"de\",\"@id\":\"https:\\\/\\\/www.organisator.ch\\\/management\\\/2018-11-29\\\/nicht-alle-unternehmen-brauchen-zwingend-blockchain-technologie\\\/#primaryimage\",\"url\":\"https:\\\/\\\/www.organisator.ch\\\/wp-content\\\/uploads\\\/2018\\\/11\\\/Nicht-alle-Unternehmen-brauchen-zwingend-Blockchain-Technologie-1_Organisator.jpg\",\"contentUrl\":\"https:\\\/\\\/www.organisator.ch\\\/wp-content\\\/uploads\\\/2018\\\/11\\\/Nicht-alle-Unternehmen-brauchen-zwingend-Blockchain-Technologie-1_Organisator.jpg\",\"width\":680,\"height\":453,\"caption\":\"Brauchen alle Unternehmen Blockchain-Technologie? Fernsehjournalist Reto Brennwald leitet die Podiumsdiskussion am Forum Blockchain for Business der FHSG. (Bild: zVg \\\/ FHSG)\"},{\"@type\":\"BreadcrumbList\",\"@id\":\"https:\\\/\\\/www.organisator.ch\\\/management\\\/2018-11-29\\\/nicht-alle-unternehmen-brauchen-zwingend-blockchain-technologie\\\/#breadcrumb\",\"itemListElement\":[{\"@type\":\"ListItem\",\"position\":1,\"name\":\"Home\",\"item\":\"https:\\\/\\\/www.organisator.ch\\\/\"},{\"@type\":\"ListItem\",\"position\":2,\"name\":\"\u00abNicht alle Unternehmen brauchen zwingend Blockchain-Technologie\u00bb\"}]},{\"@type\":\"WebSite\",\"@id\":\"https:\\\/\\\/www.organisator.ch\\\/#website\",\"url\":\"https:\\\/\\\/www.organisator.ch\\\/\",\"name\":\"Organisator\",\"description\":\"Kompetent. Praxisnah. Der ORGANISATOR bereitet in 10 Ausgaben pro Jahr die wesentlichen Themen f\u00fcr F\u00fchrungskr\u00e4fte von KMU auf.\",\"publisher\":{\"@id\":\"https:\\\/\\\/www.organisator.ch\\\/#organization\"},\"potentialAction\":[{\"@type\":\"SearchAction\",\"target\":{\"@type\":\"EntryPoint\",\"urlTemplate\":\"https:\\\/\\\/www.organisator.ch\\\/?s={search_term_string}\"},\"query-input\":{\"@type\":\"PropertyValueSpecification\",\"valueRequired\":true,\"valueName\":\"search_term_string\"}}],\"inLanguage\":\"de\"},{\"@type\":\"Organization\",\"@id\":\"https:\\\/\\\/www.organisator.ch\\\/#organization\",\"name\":\"Organisator\",\"url\":\"https:\\\/\\\/www.organisator.ch\\\/\",\"logo\":{\"@type\":\"ImageObject\",\"inLanguage\":\"de\",\"@id\":\"https:\\\/\\\/www.organisator.ch\\\/#\\\/schema\\\/logo\\\/image\\\/\",\"url\":\"https:\\\/\\\/www.organisator.ch\\\/wp-content\\\/uploads\\\/2022\\\/01\\\/Logo_Organisator_Website.png\",\"contentUrl\":\"https:\\\/\\\/www.organisator.ch\\\/wp-content\\\/uploads\\\/2022\\\/01\\\/Logo_Organisator_Website.png\",\"width\":800,\"height\":77,\"caption\":\"Organisator\"},\"image\":{\"@id\":\"https:\\\/\\\/www.organisator.ch\\\/#\\\/schema\\\/logo\\\/image\\\/\"},\"sameAs\":[\"https:\\\/\\\/www.facebook.com\\\/OrganisatorFachmagazin\",\"https:\\\/\\\/www.linkedin.com\\\/showcase\\\/organisator-das-magazin-fr-kmu\",\"https:\\\/\\\/www.xing.com\\\/news\\\/pages\\\/organisator-ch-695\",\"https:\\\/\\\/www.youtube.com\\\/channel\\\/UCGP2Sq0iWaZwT3BdIAQFYpw\"]},{\"@type\":\"Person\",\"@id\":\"https:\\\/\\\/www.organisator.ch\\\/#\\\/schema\\\/person\\\/6f650f90b2842cd4c0cc334b4e36f67e\",\"name\":\"thomas.berner\",\"image\":{\"@type\":\"ImageObject\",\"inLanguage\":\"de\",\"@id\":\"https:\\\/\\\/secure.gravatar.com\\\/avatar\\\/ac5001d2a36cb6c6cd3e50789007ffca834b477b74a2144564522e944eabff61?s=96&d=mm&r=g\",\"url\":\"https:\\\/\\\/secure.gravatar.com\\\/avatar\\\/ac5001d2a36cb6c6cd3e50789007ffca834b477b74a2144564522e944eabff61?s=96&d=mm&r=g\",\"contentUrl\":\"https:\\\/\\\/secure.gravatar.com\\\/avatar\\\/ac5001d2a36cb6c6cd3e50789007ffca834b477b74a2144564522e944eabff61?s=96&d=mm&r=g\",\"caption\":\"thomas.berner\"},\"url\":\"https:\\\/\\\/www.organisator.ch\\\/de\\\/author\\\/thomas-berner\\\/\"}]}<\/script>\n<!-- \/ Yoast SEO plugin. -->","yoast_head_json":{"title":"\u00abNicht alle Unternehmen brauchen zwingend Blockchain-Technologie\u00bb - Organisator","description":"Am Forum Blockchain for Business (B4B) der Fachhochschule St.Gallen diskutierten Experten aus Wissenschaft und Praxis mit Unternehmerinnen und Unternehmern.","robots":{"index":"index","follow":"follow","max-snippet":"max-snippet:-1","max-image-preview":"max-image-preview:large","max-video-preview":"max-video-preview:-1"},"canonical":"https:\/\/www.organisator.ch\/de\/management\/2018-11-29\/nicht-alle-unternehmen-brauchen-zwingend-blockchain-technologie\/","og_locale":"de_DE","og_type":"article","og_title":"\u00abNicht alle Unternehmen brauchen zwingend Blockchain-Technologie\u00bb","og_description":"Am Forum Blockchain for Business (B4B) der Fachhochschule St.Gallen diskutierten Experten aus Wissenschaft und Praxis mit Unternehmerinnen und Unternehmern.","og_url":"https:\/\/www.organisator.ch\/de\/management\/2018-11-29\/nicht-alle-unternehmen-brauchen-zwingend-blockchain-technologie\/","og_site_name":"Organisator","article_publisher":"https:\/\/www.facebook.com\/OrganisatorFachmagazin","article_published_time":"2018-11-29T08:17:11+00:00","og_image":[{"width":680,"height":453,"url":"https:\/\/www.organisator.ch\/wp-content\/uploads\/2018\/11\/Nicht-alle-Unternehmen-brauchen-zwingend-Blockchain-Technologie-1_Organisator.jpg","type":"image\/jpeg"}],"author":"thomas.berner","twitter_card":"summary_large_image","twitter_title":"\u00abNicht alle Unternehmen brauchen zwingend #Blockchain-Technologie\u00bb","twitter_description":"Am Forum #Blockchain for Business (#B4B) der Fachhochschule St.Gallen diskutierten Experten aus Wissenschaft und Praxis mit Unternehmerinnen und Unternehmern.","twitter_image":"https:\/\/www.organisator.ch\/wp-content\/uploads\/2018\/11\/Nicht-alle-Unternehmen-brauchen-zwingend-Blockchain-Technologie-1_Organisator.jpg","schema":{"@context":"https:\/\/schema.org","@graph":[{"@type":"Article","@id":"https:\/\/www.organisator.ch\/management\/2018-11-29\/nicht-alle-unternehmen-brauchen-zwingend-blockchain-technologie\/#article","isPartOf":{"@id":"https:\/\/www.organisator.ch\/management\/2018-11-29\/nicht-alle-unternehmen-brauchen-zwingend-blockchain-technologie\/"},"author":{"name":"thomas.berner","@id":"https:\/\/www.organisator.ch\/#\/schema\/person\/6f650f90b2842cd4c0cc334b4e36f67e"},"headline":"\u00abNicht alle Unternehmen brauchen zwingend Blockchain-Technologie\u00bb","datePublished":"2018-11-29T08:17:11+00:00","mainEntityOfPage":{"@id":"https:\/\/www.organisator.ch\/management\/2018-11-29\/nicht-alle-unternehmen-brauchen-zwingend-blockchain-technologie\/"},"wordCount":909,"commentCount":0,"publisher":{"@id":"https:\/\/www.organisator.ch\/#organization"},"image":{"@id":"https:\/\/www.organisator.ch\/management\/2018-11-29\/nicht-alle-unternehmen-brauchen-zwingend-blockchain-technologie\/#primaryimage"},"thumbnailUrl":"https:\/\/www.organisator.ch\/wp-content\/uploads\/2018\/11\/Nicht-alle-Unternehmen-brauchen-zwingend-Blockchain-Technologie-1_Organisator.jpg","keywords":["Blockchain","Digitalisierung","Fachkongress\/Fachmesse","IT"],"articleSection":["MANAGEMENT"],"inLanguage":"de"},{"@type":"WebPage","@id":"https:\/\/www.organisator.ch\/management\/2018-11-29\/nicht-alle-unternehmen-brauchen-zwingend-blockchain-technologie\/","url":"https:\/\/www.organisator.ch\/management\/2018-11-29\/nicht-alle-unternehmen-brauchen-zwingend-blockchain-technologie\/","name":"\u00abNicht alle Unternehmen brauchen zwingend Blockchain-Technologie\u00bb - Organisator","isPartOf":{"@id":"https:\/\/www.organisator.ch\/#website"},"primaryImageOfPage":{"@id":"https:\/\/www.organisator.ch\/management\/2018-11-29\/nicht-alle-unternehmen-brauchen-zwingend-blockchain-technologie\/#primaryimage"},"image":{"@id":"https:\/\/www.organisator.ch\/management\/2018-11-29\/nicht-alle-unternehmen-brauchen-zwingend-blockchain-technologie\/#primaryimage"},"thumbnailUrl":"https:\/\/www.organisator.ch\/wp-content\/uploads\/2018\/11\/Nicht-alle-Unternehmen-brauchen-zwingend-Blockchain-Technologie-1_Organisator.jpg","datePublished":"2018-11-29T08:17:11+00:00","description":"Am Forum Blockchain for Business (B4B) der Fachhochschule St.Gallen diskutierten Experten aus Wissenschaft und Praxis mit Unternehmerinnen und Unternehmern.","breadcrumb":{"@id":"https:\/\/www.organisator.ch\/management\/2018-11-29\/nicht-alle-unternehmen-brauchen-zwingend-blockchain-technologie\/#breadcrumb"},"inLanguage":"de","potentialAction":[{"@type":"ReadAction","target":["https:\/\/www.organisator.ch\/management\/2018-11-29\/nicht-alle-unternehmen-brauchen-zwingend-blockchain-technologie\/"]}]},{"@type":"ImageObject","inLanguage":"de","@id":"https:\/\/www.organisator.ch\/management\/2018-11-29\/nicht-alle-unternehmen-brauchen-zwingend-blockchain-technologie\/#primaryimage","url":"https:\/\/www.organisator.ch\/wp-content\/uploads\/2018\/11\/Nicht-alle-Unternehmen-brauchen-zwingend-Blockchain-Technologie-1_Organisator.jpg","contentUrl":"https:\/\/www.organisator.ch\/wp-content\/uploads\/2018\/11\/Nicht-alle-Unternehmen-brauchen-zwingend-Blockchain-Technologie-1_Organisator.jpg","width":680,"height":453,"caption":"Brauchen alle Unternehmen Blockchain-Technologie? Fernsehjournalist Reto Brennwald leitet die Podiumsdiskussion am Forum Blockchain for Business der FHSG. (Bild: zVg \/ FHSG)"},{"@type":"BreadcrumbList","@id":"https:\/\/www.organisator.ch\/management\/2018-11-29\/nicht-alle-unternehmen-brauchen-zwingend-blockchain-technologie\/#breadcrumb","itemListElement":[{"@type":"ListItem","position":1,"name":"Home","item":"https:\/\/www.organisator.ch\/"},{"@type":"ListItem","position":2,"name":"\u00abNicht alle Unternehmen brauchen zwingend Blockchain-Technologie\u00bb"}]},{"@type":"WebSite","@id":"https:\/\/www.organisator.ch\/#website","url":"https:\/\/www.organisator.ch\/","name":"Organisator","description":"Kompetent. Praxisnah. Der ORGANISATOR bereitet in 10 Ausgaben pro Jahr die wesentlichen Themen f\u00fcr F\u00fchrungskr\u00e4fte von KMU auf.","publisher":{"@id":"https:\/\/www.organisator.ch\/#organization"},"potentialAction":[{"@type":"SearchAction","target":{"@type":"EntryPoint","urlTemplate":"https:\/\/www.organisator.ch\/?s={search_term_string}"},"query-input":{"@type":"PropertyValueSpecification","valueRequired":true,"valueName":"search_term_string"}}],"inLanguage":"de"},{"@type":"Organization","@id":"https:\/\/www.organisator.ch\/#organization","name":"Organisator","url":"https:\/\/www.organisator.ch\/","logo":{"@type":"ImageObject","inLanguage":"de","@id":"https:\/\/www.organisator.ch\/#\/schema\/logo\/image\/","url":"https:\/\/www.organisator.ch\/wp-content\/uploads\/2022\/01\/Logo_Organisator_Website.png","contentUrl":"https:\/\/www.organisator.ch\/wp-content\/uploads\/2022\/01\/Logo_Organisator_Website.png","width":800,"height":77,"caption":"Organisator"},"image":{"@id":"https:\/\/www.organisator.ch\/#\/schema\/logo\/image\/"},"sameAs":["https:\/\/www.facebook.com\/OrganisatorFachmagazin","https:\/\/www.linkedin.com\/showcase\/organisator-das-magazin-fr-kmu","https:\/\/www.xing.com\/news\/pages\/organisator-ch-695","https:\/\/www.youtube.com\/channel\/UCGP2Sq0iWaZwT3BdIAQFYpw"]},{"@type":"Person","@id":"https:\/\/www.organisator.ch\/#\/schema\/person\/6f650f90b2842cd4c0cc334b4e36f67e","name":"thomas.berner","image":{"@type":"ImageObject","inLanguage":"de","@id":"https:\/\/secure.gravatar.com\/avatar\/ac5001d2a36cb6c6cd3e50789007ffca834b477b74a2144564522e944eabff61?s=96&d=mm&r=g","url":"https:\/\/secure.gravatar.com\/avatar\/ac5001d2a36cb6c6cd3e50789007ffca834b477b74a2144564522e944eabff61?s=96&d=mm&r=g","contentUrl":"https:\/\/secure.gravatar.com\/avatar\/ac5001d2a36cb6c6cd3e50789007ffca834b477b74a2144564522e944eabff61?s=96&d=mm&r=g","caption":"thomas.berner"},"url":"https:\/\/www.organisator.ch\/de\/author\/thomas-berner\/"}]}},"_links":{"self":[{"href":"https:\/\/www.organisator.ch\/de\/wp-json\/wp\/v2\/posts\/4588","targetHints":{"allow":["GET"]}}],"collection":[{"href":"https:\/\/www.organisator.ch\/de\/wp-json\/wp\/v2\/posts"}],"about":[{"href":"https:\/\/www.organisator.ch\/de\/wp-json\/wp\/v2\/types\/post"}],"author":[{"embeddable":true,"href":"https:\/\/www.organisator.ch\/de\/wp-json\/wp\/v2\/users\/4"}],"replies":[{"embeddable":true,"href":"https:\/\/www.organisator.ch\/de\/wp-json\/wp\/v2\/comments?post=4588"}],"version-history":[{"count":0,"href":"https:\/\/www.organisator.ch\/de\/wp-json\/wp\/v2\/posts\/4588\/revisions"}],"wp:featuredmedia":[{"embeddable":true,"href":"https:\/\/www.organisator.ch\/de\/wp-json\/wp\/v2\/media\/4589"}],"wp:attachment":[{"href":"https:\/\/www.organisator.ch\/de\/wp-json\/wp\/v2\/media?parent=4588"}],"wp:term":[{"taxonomy":"category","embeddable":true,"href":"https:\/\/www.organisator.ch\/de\/wp-json\/wp\/v2\/categories?post=4588"},{"taxonomy":"post_tag","embeddable":true,"href":"https:\/\/www.organisator.ch\/de\/wp-json\/wp\/v2\/tags?post=4588"}],"curies":[{"name":"wp","href":"https:\/\/api.w.org\/{rel}","templated":true}]}}