{"id":459,"date":"2016-08-17T17:02:16","date_gmt":"2016-08-17T15:02:16","guid":{"rendered":"https:\/\/dev.umweltperspektiven.ch\/?p=459"},"modified":"2016-08-17T17:02:16","modified_gmt":"2016-08-17T15:02:16","slug":"wald-soll-besser-geschuetzt-werden","status":"publish","type":"post","link":"https:\/\/www.organisator.ch\/de\/allgemein\/2016-08-17\/wald-soll-besser-geschuetzt-werden\/","title":{"rendered":"Wald soll besser gesch\u00fctzt werden"},"content":{"rendered":"<figure id=\"attachment_460\" aria-describedby=\"caption-attachment-460\" style=\"width: 680px\" class=\"wp-caption alignnone\"><a href=\"\/\/dev.umweltperspektiven.ch\/wp-content\/uploads\/2016\/12\/Wald-soll-besser-gesch\u00fctzt-werden-umweltperspektiven.jpg\"><img loading=\"lazy\" decoding=\"async\" class=\"size-medium wp-image-460\" src=\"\/\/dev.umweltperspektiven.ch\/wp-content\/uploads\/2016\/12\/Wald-soll-besser-gesch\u00fctzt-werden-umweltperspektiven.jpg\" alt=\"Der Bund will den Wald vor invasiven Arten und dem Klimawandel sch\u00fctzen\" width=\"680\" height=\"468\" \/><\/a><figcaption id=\"caption-attachment-460\" class=\"wp-caption-text\">Der Bund will den Wald vor invasiven Arten und dem Klimawandel sch\u00fctzen<\/figcaption><\/figure>\n<p>Der Bundesrat hat\u00a0die Revision der Waldverordnung genehmigt. Die neuen Bestimmungen haben zum Ziel, den Wald k\u00fcnftig besser vor Schadorganismen zu sch\u00fctzen, ihn f\u00fcr die Herausforderungen des Klimawandels zu wappnen und die Holznutzung sowie die Arbeitssicherheit bei der Holzernte zu st\u00e4rken.<\/p>\n<p><strong>Invasive Sch\u00e4dlinge bek\u00e4mpfen<\/strong><\/p>\n<p>Mit den \u00c4nderungen zur Pr\u00e4vention und Bek\u00e4mpfung von Schadoragnismen werden vorhandene Regelungsl\u00fccken geschlossen. Hintergrund ist die Bedrohung des Waldes durch Krankheitserreger, Pilze und Insekten. Insbesondere\u00a0invasive\u00a0Sch\u00e4dlinge wie etwa der Asiatische Laubholzbockk\u00e4fer, der G\u00f6tterbaum oder die Pilzkrankheit Eschenwelke gelangen durch die Globalisierung immer h\u00e4ufiger in die Schweiz und bedrohen die Waldgesundheit.<\/p>\n<p>Mit den \u00c4nderungen kann der Bundesrat zum Schutz vor Schadorganismen\u00a0den Umgang mit bestimmten Organismen, Pflanzen und Waren verbieten oder einschr\u00e4nken sowie Bewilligungs-, Melde-, Registrierungs- und Dokumentationspflichten einf\u00fchren.<\/p>\n<p><strong>Anpassungen an den Klimawandel<\/strong><\/p>\n<p>Der Wald ist vom Klimawandel breit betroffen. Der Bund rechnet damit, dass\u00a0neben steigenden mittleren Temperaturen auch Extremereignisse wie Trockenperioden oder St\u00fcrme h\u00e4ufiger auftreten. Gefahren wie Waldbr\u00e4nde oder der Befall durch Schadorganismen d\u00fcrften zunehmen.\u00a0Die ver\u00e4nderten Standortbedingungen k\u00f6nnten zu einer Gef\u00e4hrdung der Waldfunktionen f\u00fchren. Darum soll eine F\u00f6rderung der Waldverj\u00fcngung, eine gezielte Jungwaldpflege oder die Gewinnung von forstlichem Vermehrungsgut die Waldbest\u00e4nde f\u00fcr die erwarteten Klima\u00e4nderungen widerstands- und anpassungsf\u00e4hig machen.<\/p>\n<p>Ein neuer Artikel\u00a0erm\u00f6glicht es dem Bund und den Kantonen, entsprechende Massnahmen zu ergreifen und\u00a0mit Finanzhilfen zu unterst\u00fctzen.<\/p>\n<p><strong>Holznutzung verst\u00e4rken<\/strong><\/p>\n<p>Im Schweizer Wald wird seit Jahrzehnten weniger Holz genutzt als nachw\u00e4chst. Der Bund erachtet eine\u00a0st\u00e4rkere Nutzung als sinnvoll und erw\u00fcnscht, da Holz insbesondere als Baustoff hervorragende Eigenschaften aufweist (z.B. f\u00fcr verdichtetes Bauen), seine Verwendung CO2 speichert und es gleichzeitig energieintensive Baumaterialien wie Stahl oder Beton ersetzen kann.<\/p>\n<p>Als Rohstoff f\u00fcr die W\u00e4rme- und Stromproduktion ist Holz im Gegensatz zu fossilen Brennstoffen CO2-neutral. Damit kann Holz aus dem Schweizer Wald einen wichtigen Beitrag zu den politischen Zielen der Klima- und Energiepolitik, aber auch zur Ressourceneffizienz und zum verdichteten Bauen leisten.<\/p>\n<p>Das Waldgesetz enth\u00e4lt deshalb einen neuen Artikel\u00a0zur Holzf\u00f6rderung und einen weiteren\u00a0zur Verwendung von Holz bei Bauten und Anlagen des Bundes. Der Bund schafft so eine bessere Grundlage, um Absatz und Verwertung von nachhaltig produziertem Holz &#8211; im Allgemeinen und bei Bauten und Anlagen des Bundes im Speziellen &#8211; zu f\u00f6rdern.<\/p>\n<p>Das revidierte Waldgesetz und die \u00c4nderungen der Waldverordnung treten per 1. Januar 2017 in Kraft.<\/p>\n","protected":false},"excerpt":{"rendered":"<p>Der Bundesrat hat\u00a0die Revision der Waldverordnung genehmigt. Die neuen Bestimmungen haben zum Ziel, den Wald k\u00fcnftig besser vor Schadorganismen zu sch\u00fctzen, ihn f\u00fcr die Herausforderungen des Klimawandels zu wappnen und die Holznutzung sowie die Arbeitssicherheit bei der Holzernte zu st\u00e4rken. Invasive Sch\u00e4dlinge bek\u00e4mpfen Mit den \u00c4nderungen zur Pr\u00e4vention und Bek\u00e4mpfung von Schadoragnismen werden vorhandene Regelungsl\u00fccken [&hellip;]<\/p>\n","protected":false},"author":1,"featured_media":9405,"comment_status":"open","ping_status":"open","sticky":false,"template":"","format":"standard","meta":{"_acf_changed":false,"_yoast_wpseo_focuskw":"Wald","_yoast_wpseo_metadesc":"Der Schweizer Wald soll k\u00fcnftig besser vor Sch\u00e4dlingen gesch\u00fctzt und f\u00fcr den Klimawandel gewappnet werden. Dies besagt die Revision des Waldgesetzes, die eben vom Bundesrat abgesegnet wurde.","articlekey":"","footnotes":""},"categories":[1],"tags":[883,2068,2501,2502],"class_list":["post-459","post","type-post","status-publish","format-standard","has-post-thumbnail","hentry","category-allgemein","tag-bund","tag-schutz","tag-waldgesetz","tag-waldverordnung"],"acf":[],"yoast_head":"<!-- This site is optimized with the Yoast SEO plugin v27.4 - https:\/\/yoast.com\/product\/yoast-seo-wordpress\/ -->\n<title>Wald soll besser gesch\u00fctzt werden - Organisator<\/title>\n<meta name=\"description\" content=\"Der Schweizer Wald soll k\u00fcnftig besser vor Sch\u00e4dlingen gesch\u00fctzt und f\u00fcr den Klimawandel gewappnet werden. Dies besagt die Revision des Waldgesetzes, die eben vom Bundesrat abgesegnet wurde.\" \/>\n<meta name=\"robots\" content=\"index, follow, max-snippet:-1, max-image-preview:large, max-video-preview:-1\" \/>\n<link rel=\"canonical\" href=\"https:\/\/www.organisator.ch\/de\/allgemein\/2016-08-17\/wald-soll-besser-geschuetzt-werden\/\" \/>\n<meta property=\"og:locale\" content=\"de_DE\" \/>\n<meta property=\"og:type\" content=\"article\" \/>\n<meta property=\"og:title\" content=\"Wald soll besser gesch\u00fctzt werden - Organisator\" \/>\n<meta property=\"og:description\" content=\"Der Schweizer Wald soll k\u00fcnftig besser vor Sch\u00e4dlingen gesch\u00fctzt und f\u00fcr den Klimawandel gewappnet werden. Dies besagt die Revision des Waldgesetzes, die eben vom Bundesrat abgesegnet wurde.\" \/>\n<meta property=\"og:url\" content=\"https:\/\/www.organisator.ch\/de\/allgemein\/2016-08-17\/wald-soll-besser-geschuetzt-werden\/\" \/>\n<meta property=\"og:site_name\" content=\"Organisator\" \/>\n<meta property=\"article:publisher\" content=\"https:\/\/www.facebook.com\/OrganisatorFachmagazin\" \/>\n<meta property=\"article:published_time\" content=\"2016-08-17T15:02:16+00:00\" \/>\n<meta property=\"og:image\" content=\"https:\/\/www.organisator.ch\/wp-content\/uploads\/2016\/12\/Wald-soll-besser-geschuetzt-werden-umweltperspektiven-1024x704.jpg\" \/>\n\t<meta property=\"og:image:width\" content=\"1024\" \/>\n\t<meta property=\"og:image:height\" content=\"704\" \/>\n\t<meta property=\"og:image:type\" content=\"image\/jpeg\" \/>\n<meta name=\"author\" content=\"admin\" \/>\n<meta name=\"twitter:card\" content=\"summary_large_image\" \/>\n<script type=\"application\/ld+json\" class=\"yoast-schema-graph\">{\"@context\":\"https:\\\/\\\/schema.org\",\"@graph\":[{\"@type\":\"Article\",\"@id\":\"https:\\\/\\\/www.organisator.ch\\\/de\\\/allgemein\\\/2016-08-17\\\/wald-soll-besser-geschuetzt-werden\\\/#article\",\"isPartOf\":{\"@id\":\"https:\\\/\\\/www.organisator.ch\\\/de\\\/allgemein\\\/2016-08-17\\\/wald-soll-besser-geschuetzt-werden\\\/\"},\"author\":{\"name\":\"admin\",\"@id\":\"https:\\\/\\\/www.organisator.ch\\\/#\\\/schema\\\/person\\\/aa2bace6c5c5aad60102004a50c4eb1c\"},\"headline\":\"Wald soll besser gesch\u00fctzt werden\",\"datePublished\":\"2016-08-17T15:02:16+00:00\",\"mainEntityOfPage\":{\"@id\":\"https:\\\/\\\/www.organisator.ch\\\/de\\\/allgemein\\\/2016-08-17\\\/wald-soll-besser-geschuetzt-werden\\\/\"},\"wordCount\":441,\"commentCount\":0,\"publisher\":{\"@id\":\"https:\\\/\\\/www.organisator.ch\\\/#organization\"},\"image\":{\"@id\":\"https:\\\/\\\/www.organisator.ch\\\/de\\\/allgemein\\\/2016-08-17\\\/wald-soll-besser-geschuetzt-werden\\\/#primaryimage\"},\"thumbnailUrl\":\"https:\\\/\\\/www.organisator.ch\\\/wp-content\\\/uploads\\\/2016\\\/12\\\/Wald-soll-besser-geschuetzt-werden-umweltperspektiven.jpg\",\"keywords\":[\"Bund\",\"Schutz\",\"Waldgesetz\",\"Waldverordnung\"],\"inLanguage\":\"de\"},{\"@type\":\"WebPage\",\"@id\":\"https:\\\/\\\/www.organisator.ch\\\/de\\\/allgemein\\\/2016-08-17\\\/wald-soll-besser-geschuetzt-werden\\\/\",\"url\":\"https:\\\/\\\/www.organisator.ch\\\/de\\\/allgemein\\\/2016-08-17\\\/wald-soll-besser-geschuetzt-werden\\\/\",\"name\":\"Wald soll besser gesch\u00fctzt werden - Organisator\",\"isPartOf\":{\"@id\":\"https:\\\/\\\/www.organisator.ch\\\/#website\"},\"primaryImageOfPage\":{\"@id\":\"https:\\\/\\\/www.organisator.ch\\\/de\\\/allgemein\\\/2016-08-17\\\/wald-soll-besser-geschuetzt-werden\\\/#primaryimage\"},\"image\":{\"@id\":\"https:\\\/\\\/www.organisator.ch\\\/de\\\/allgemein\\\/2016-08-17\\\/wald-soll-besser-geschuetzt-werden\\\/#primaryimage\"},\"thumbnailUrl\":\"https:\\\/\\\/www.organisator.ch\\\/wp-content\\\/uploads\\\/2016\\\/12\\\/Wald-soll-besser-geschuetzt-werden-umweltperspektiven.jpg\",\"datePublished\":\"2016-08-17T15:02:16+00:00\",\"description\":\"Der Schweizer Wald soll k\u00fcnftig besser vor Sch\u00e4dlingen gesch\u00fctzt und f\u00fcr den Klimawandel gewappnet werden. Dies besagt die Revision des Waldgesetzes, die eben vom Bundesrat abgesegnet wurde.\",\"breadcrumb\":{\"@id\":\"https:\\\/\\\/www.organisator.ch\\\/de\\\/allgemein\\\/2016-08-17\\\/wald-soll-besser-geschuetzt-werden\\\/#breadcrumb\"},\"inLanguage\":\"de\",\"potentialAction\":[{\"@type\":\"ReadAction\",\"target\":[\"https:\\\/\\\/www.organisator.ch\\\/de\\\/allgemein\\\/2016-08-17\\\/wald-soll-besser-geschuetzt-werden\\\/\"]}]},{\"@type\":\"ImageObject\",\"inLanguage\":\"de\",\"@id\":\"https:\\\/\\\/www.organisator.ch\\\/de\\\/allgemein\\\/2016-08-17\\\/wald-soll-besser-geschuetzt-werden\\\/#primaryimage\",\"url\":\"https:\\\/\\\/www.organisator.ch\\\/wp-content\\\/uploads\\\/2016\\\/12\\\/Wald-soll-besser-geschuetzt-werden-umweltperspektiven.jpg\",\"contentUrl\":\"https:\\\/\\\/www.organisator.ch\\\/wp-content\\\/uploads\\\/2016\\\/12\\\/Wald-soll-besser-geschuetzt-werden-umweltperspektiven.jpg\",\"width\":1999,\"height\":1375,\"caption\":\"Der Bund will den Wald vor invasiven Arten und dem Klimawandel sch\u00fctzen\"},{\"@type\":\"BreadcrumbList\",\"@id\":\"https:\\\/\\\/www.organisator.ch\\\/de\\\/allgemein\\\/2016-08-17\\\/wald-soll-besser-geschuetzt-werden\\\/#breadcrumb\",\"itemListElement\":[{\"@type\":\"ListItem\",\"position\":1,\"name\":\"Home\",\"item\":\"https:\\\/\\\/www.organisator.ch\\\/\"},{\"@type\":\"ListItem\",\"position\":2,\"name\":\"Wald soll besser gesch\u00fctzt werden\"}]},{\"@type\":\"WebSite\",\"@id\":\"https:\\\/\\\/www.organisator.ch\\\/#website\",\"url\":\"https:\\\/\\\/www.organisator.ch\\\/\",\"name\":\"Organisator\",\"description\":\"Kompetent. Praxisnah. Der ORGANISATOR bereitet in 10 Ausgaben pro Jahr die wesentlichen Themen f\u00fcr F\u00fchrungskr\u00e4fte von KMU auf.\",\"publisher\":{\"@id\":\"https:\\\/\\\/www.organisator.ch\\\/#organization\"},\"potentialAction\":[{\"@type\":\"SearchAction\",\"target\":{\"@type\":\"EntryPoint\",\"urlTemplate\":\"https:\\\/\\\/www.organisator.ch\\\/?s={search_term_string}\"},\"query-input\":{\"@type\":\"PropertyValueSpecification\",\"valueRequired\":true,\"valueName\":\"search_term_string\"}}],\"inLanguage\":\"de\"},{\"@type\":\"Organization\",\"@id\":\"https:\\\/\\\/www.organisator.ch\\\/#organization\",\"name\":\"Organisator\",\"url\":\"https:\\\/\\\/www.organisator.ch\\\/\",\"logo\":{\"@type\":\"ImageObject\",\"inLanguage\":\"de\",\"@id\":\"https:\\\/\\\/www.organisator.ch\\\/#\\\/schema\\\/logo\\\/image\\\/\",\"url\":\"https:\\\/\\\/www.organisator.ch\\\/wp-content\\\/uploads\\\/2022\\\/01\\\/Logo_Organisator_Website.png\",\"contentUrl\":\"https:\\\/\\\/www.organisator.ch\\\/wp-content\\\/uploads\\\/2022\\\/01\\\/Logo_Organisator_Website.png\",\"width\":800,\"height\":77,\"caption\":\"Organisator\"},\"image\":{\"@id\":\"https:\\\/\\\/www.organisator.ch\\\/#\\\/schema\\\/logo\\\/image\\\/\"},\"sameAs\":[\"https:\\\/\\\/www.facebook.com\\\/OrganisatorFachmagazin\",\"https:\\\/\\\/www.linkedin.com\\\/showcase\\\/organisator-das-magazin-fr-kmu\",\"https:\\\/\\\/www.xing.com\\\/news\\\/pages\\\/organisator-ch-695\",\"https:\\\/\\\/www.youtube.com\\\/channel\\\/UCGP2Sq0iWaZwT3BdIAQFYpw\"]},{\"@type\":\"Person\",\"@id\":\"https:\\\/\\\/www.organisator.ch\\\/#\\\/schema\\\/person\\\/aa2bace6c5c5aad60102004a50c4eb1c\",\"name\":\"admin\",\"image\":{\"@type\":\"ImageObject\",\"inLanguage\":\"de\",\"@id\":\"https:\\\/\\\/secure.gravatar.com\\\/avatar\\\/ae2f4d718e6c49043e314ce431e7e645d646302a24a5ef5a8bc8e3f5a032e319?s=96&d=mm&r=g\",\"url\":\"https:\\\/\\\/secure.gravatar.com\\\/avatar\\\/ae2f4d718e6c49043e314ce431e7e645d646302a24a5ef5a8bc8e3f5a032e319?s=96&d=mm&r=g\",\"contentUrl\":\"https:\\\/\\\/secure.gravatar.com\\\/avatar\\\/ae2f4d718e6c49043e314ce431e7e645d646302a24a5ef5a8bc8e3f5a032e319?s=96&d=mm&r=g\",\"caption\":\"admin\"},\"sameAs\":[\"https:\\\/\\\/www.organisator.ch\"],\"url\":\"https:\\\/\\\/www.organisator.ch\\\/de\\\/author\\\/admin\\\/\"}]}<\/script>\n<!-- \/ Yoast SEO plugin. -->","yoast_head_json":{"title":"Wald soll besser gesch\u00fctzt werden - Organisator","description":"Der Schweizer Wald soll k\u00fcnftig besser vor Sch\u00e4dlingen gesch\u00fctzt und f\u00fcr den Klimawandel gewappnet werden. Dies besagt die Revision des Waldgesetzes, die eben vom Bundesrat abgesegnet wurde.","robots":{"index":"index","follow":"follow","max-snippet":"max-snippet:-1","max-image-preview":"max-image-preview:large","max-video-preview":"max-video-preview:-1"},"canonical":"https:\/\/www.organisator.ch\/de\/allgemein\/2016-08-17\/wald-soll-besser-geschuetzt-werden\/","og_locale":"de_DE","og_type":"article","og_title":"Wald soll besser gesch\u00fctzt werden - Organisator","og_description":"Der Schweizer Wald soll k\u00fcnftig besser vor Sch\u00e4dlingen gesch\u00fctzt und f\u00fcr den Klimawandel gewappnet werden. Dies besagt die Revision des Waldgesetzes, die eben vom Bundesrat abgesegnet wurde.","og_url":"https:\/\/www.organisator.ch\/de\/allgemein\/2016-08-17\/wald-soll-besser-geschuetzt-werden\/","og_site_name":"Organisator","article_publisher":"https:\/\/www.facebook.com\/OrganisatorFachmagazin","article_published_time":"2016-08-17T15:02:16+00:00","og_image":[{"width":1024,"height":704,"url":"https:\/\/www.organisator.ch\/wp-content\/uploads\/2016\/12\/Wald-soll-besser-geschuetzt-werden-umweltperspektiven-1024x704.jpg","type":"image\/jpeg"}],"author":"admin","twitter_card":"summary_large_image","schema":{"@context":"https:\/\/schema.org","@graph":[{"@type":"Article","@id":"https:\/\/www.organisator.ch\/de\/allgemein\/2016-08-17\/wald-soll-besser-geschuetzt-werden\/#article","isPartOf":{"@id":"https:\/\/www.organisator.ch\/de\/allgemein\/2016-08-17\/wald-soll-besser-geschuetzt-werden\/"},"author":{"name":"admin","@id":"https:\/\/www.organisator.ch\/#\/schema\/person\/aa2bace6c5c5aad60102004a50c4eb1c"},"headline":"Wald soll besser gesch\u00fctzt werden","datePublished":"2016-08-17T15:02:16+00:00","mainEntityOfPage":{"@id":"https:\/\/www.organisator.ch\/de\/allgemein\/2016-08-17\/wald-soll-besser-geschuetzt-werden\/"},"wordCount":441,"commentCount":0,"publisher":{"@id":"https:\/\/www.organisator.ch\/#organization"},"image":{"@id":"https:\/\/www.organisator.ch\/de\/allgemein\/2016-08-17\/wald-soll-besser-geschuetzt-werden\/#primaryimage"},"thumbnailUrl":"https:\/\/www.organisator.ch\/wp-content\/uploads\/2016\/12\/Wald-soll-besser-geschuetzt-werden-umweltperspektiven.jpg","keywords":["Bund","Schutz","Waldgesetz","Waldverordnung"],"inLanguage":"de"},{"@type":"WebPage","@id":"https:\/\/www.organisator.ch\/de\/allgemein\/2016-08-17\/wald-soll-besser-geschuetzt-werden\/","url":"https:\/\/www.organisator.ch\/de\/allgemein\/2016-08-17\/wald-soll-besser-geschuetzt-werden\/","name":"Wald soll besser gesch\u00fctzt werden - Organisator","isPartOf":{"@id":"https:\/\/www.organisator.ch\/#website"},"primaryImageOfPage":{"@id":"https:\/\/www.organisator.ch\/de\/allgemein\/2016-08-17\/wald-soll-besser-geschuetzt-werden\/#primaryimage"},"image":{"@id":"https:\/\/www.organisator.ch\/de\/allgemein\/2016-08-17\/wald-soll-besser-geschuetzt-werden\/#primaryimage"},"thumbnailUrl":"https:\/\/www.organisator.ch\/wp-content\/uploads\/2016\/12\/Wald-soll-besser-geschuetzt-werden-umweltperspektiven.jpg","datePublished":"2016-08-17T15:02:16+00:00","description":"Der Schweizer Wald soll k\u00fcnftig besser vor Sch\u00e4dlingen gesch\u00fctzt und f\u00fcr den Klimawandel gewappnet werden. Dies besagt die Revision des Waldgesetzes, die eben vom Bundesrat abgesegnet wurde.","breadcrumb":{"@id":"https:\/\/www.organisator.ch\/de\/allgemein\/2016-08-17\/wald-soll-besser-geschuetzt-werden\/#breadcrumb"},"inLanguage":"de","potentialAction":[{"@type":"ReadAction","target":["https:\/\/www.organisator.ch\/de\/allgemein\/2016-08-17\/wald-soll-besser-geschuetzt-werden\/"]}]},{"@type":"ImageObject","inLanguage":"de","@id":"https:\/\/www.organisator.ch\/de\/allgemein\/2016-08-17\/wald-soll-besser-geschuetzt-werden\/#primaryimage","url":"https:\/\/www.organisator.ch\/wp-content\/uploads\/2016\/12\/Wald-soll-besser-geschuetzt-werden-umweltperspektiven.jpg","contentUrl":"https:\/\/www.organisator.ch\/wp-content\/uploads\/2016\/12\/Wald-soll-besser-geschuetzt-werden-umweltperspektiven.jpg","width":1999,"height":1375,"caption":"Der Bund will den Wald vor invasiven Arten und dem Klimawandel sch\u00fctzen"},{"@type":"BreadcrumbList","@id":"https:\/\/www.organisator.ch\/de\/allgemein\/2016-08-17\/wald-soll-besser-geschuetzt-werden\/#breadcrumb","itemListElement":[{"@type":"ListItem","position":1,"name":"Home","item":"https:\/\/www.organisator.ch\/"},{"@type":"ListItem","position":2,"name":"Wald soll besser gesch\u00fctzt werden"}]},{"@type":"WebSite","@id":"https:\/\/www.organisator.ch\/#website","url":"https:\/\/www.organisator.ch\/","name":"Organisator","description":"Kompetent. Praxisnah. Der ORGANISATOR bereitet in 10 Ausgaben pro Jahr die wesentlichen Themen f\u00fcr F\u00fchrungskr\u00e4fte von KMU auf.","publisher":{"@id":"https:\/\/www.organisator.ch\/#organization"},"potentialAction":[{"@type":"SearchAction","target":{"@type":"EntryPoint","urlTemplate":"https:\/\/www.organisator.ch\/?s={search_term_string}"},"query-input":{"@type":"PropertyValueSpecification","valueRequired":true,"valueName":"search_term_string"}}],"inLanguage":"de"},{"@type":"Organization","@id":"https:\/\/www.organisator.ch\/#organization","name":"Organisator","url":"https:\/\/www.organisator.ch\/","logo":{"@type":"ImageObject","inLanguage":"de","@id":"https:\/\/www.organisator.ch\/#\/schema\/logo\/image\/","url":"https:\/\/www.organisator.ch\/wp-content\/uploads\/2022\/01\/Logo_Organisator_Website.png","contentUrl":"https:\/\/www.organisator.ch\/wp-content\/uploads\/2022\/01\/Logo_Organisator_Website.png","width":800,"height":77,"caption":"Organisator"},"image":{"@id":"https:\/\/www.organisator.ch\/#\/schema\/logo\/image\/"},"sameAs":["https:\/\/www.facebook.com\/OrganisatorFachmagazin","https:\/\/www.linkedin.com\/showcase\/organisator-das-magazin-fr-kmu","https:\/\/www.xing.com\/news\/pages\/organisator-ch-695","https:\/\/www.youtube.com\/channel\/UCGP2Sq0iWaZwT3BdIAQFYpw"]},{"@type":"Person","@id":"https:\/\/www.organisator.ch\/#\/schema\/person\/aa2bace6c5c5aad60102004a50c4eb1c","name":"admin","image":{"@type":"ImageObject","inLanguage":"de","@id":"https:\/\/secure.gravatar.com\/avatar\/ae2f4d718e6c49043e314ce431e7e645d646302a24a5ef5a8bc8e3f5a032e319?s=96&d=mm&r=g","url":"https:\/\/secure.gravatar.com\/avatar\/ae2f4d718e6c49043e314ce431e7e645d646302a24a5ef5a8bc8e3f5a032e319?s=96&d=mm&r=g","contentUrl":"https:\/\/secure.gravatar.com\/avatar\/ae2f4d718e6c49043e314ce431e7e645d646302a24a5ef5a8bc8e3f5a032e319?s=96&d=mm&r=g","caption":"admin"},"sameAs":["https:\/\/www.organisator.ch"],"url":"https:\/\/www.organisator.ch\/de\/author\/admin\/"}]}},"_links":{"self":[{"href":"https:\/\/www.organisator.ch\/de\/wp-json\/wp\/v2\/posts\/459","targetHints":{"allow":["GET"]}}],"collection":[{"href":"https:\/\/www.organisator.ch\/de\/wp-json\/wp\/v2\/posts"}],"about":[{"href":"https:\/\/www.organisator.ch\/de\/wp-json\/wp\/v2\/types\/post"}],"author":[{"embeddable":true,"href":"https:\/\/www.organisator.ch\/de\/wp-json\/wp\/v2\/users\/1"}],"replies":[{"embeddable":true,"href":"https:\/\/www.organisator.ch\/de\/wp-json\/wp\/v2\/comments?post=459"}],"version-history":[{"count":0,"href":"https:\/\/www.organisator.ch\/de\/wp-json\/wp\/v2\/posts\/459\/revisions"}],"wp:featuredmedia":[{"embeddable":true,"href":"https:\/\/www.organisator.ch\/de\/wp-json\/wp\/v2\/media\/9405"}],"wp:attachment":[{"href":"https:\/\/www.organisator.ch\/de\/wp-json\/wp\/v2\/media?parent=459"}],"wp:term":[{"taxonomy":"category","embeddable":true,"href":"https:\/\/www.organisator.ch\/de\/wp-json\/wp\/v2\/categories?post=459"},{"taxonomy":"post_tag","embeddable":true,"href":"https:\/\/www.organisator.ch\/de\/wp-json\/wp\/v2\/tags?post=459"}],"curies":[{"name":"wp","href":"https:\/\/api.w.org\/{rel}","templated":true}]}}