{"id":4592,"date":"2018-11-29T09:38:33","date_gmt":"2018-11-29T08:38:33","guid":{"rendered":"https:\/\/www.organisator.ch\/?p=4592"},"modified":"2018-11-29T09:38:33","modified_gmt":"2018-11-29T08:38:33","slug":"arnold-weissman-kultur-zu-managen-ist-der-versuch-einen-pudding-an-die-wand-zu-nageln","status":"publish","type":"post","link":"https:\/\/www.organisator.ch\/de\/allgemein\/2018-11-29\/arnold-weissman-kultur-zu-managen-ist-der-versuch-einen-pudding-an-die-wand-zu-nageln\/","title":{"rendered":"Arnold Weissman: \u00abKultur zu managen ist der Versuch, einen Pudding an die Wand zu nageln\u00bb"},"content":{"rendered":"<figure id=\"attachment_4595\" aria-describedby=\"caption-attachment-4595\" style=\"width: 300px\" class=\"wp-caption alignnone\"><img loading=\"lazy\" decoding=\"async\" class=\"size-full wp-image-4595\" src=\"https:\/\/www.organisator.ch\/wp-content\/uploads\/2018\/11\/Arnold-Weissman-Kultur-zu-managen-ist-der-Versuch-einen-Pudding-an-die-Wand-zu-nageln_Organisator.jpg\" alt=\"\" width=\"300\" height=\"339\" srcset=\"https:\/\/www.organisator.ch\/wp-content\/uploads\/2018\/11\/Arnold-Weissman-Kultur-zu-managen-ist-der-Versuch-einen-Pudding-an-die-Wand-zu-nageln_Organisator.jpg 300w, https:\/\/www.organisator.ch\/wp-content\/uploads\/2018\/11\/Arnold-Weissman-Kultur-zu-managen-ist-der-Versuch-einen-Pudding-an-die-Wand-zu-nageln_Organisator-11x12.jpg 11w, https:\/\/www.organisator.ch\/wp-content\/uploads\/2018\/11\/Arnold-Weissman-Kultur-zu-managen-ist-der-Versuch-einen-Pudding-an-die-Wand-zu-nageln_Organisator-155x175.jpg 155w\" sizes=\"auto, (max-width: 300px) 100vw, 300px\" \/><figcaption id=\"caption-attachment-4595\" class=\"wp-caption-text\">Prof. Dr. Arnold Weissman spricht am 14. Januar 2019 bei Focus on Future in Baden \u00fcber Digital Leadership. (Bild: zVg)<\/figcaption><\/figure>\n<p>Im Zentrum des Referats von Arnold Weissman steht die Feststellung, dass erstens die Digitalisierung alle Unternehmen trifft, und zweitens, dass sie weit mehr mit F\u00fchrung als mit Technologie zu tun hat. Dazu braucht es ein F\u00fchrungsverst\u00e4ndnis und eine praktische F\u00fchrung, welche sich \u00fcber weite Strecken neu erfinden m\u00fcssen. Wieso das so ist, und wie diese F\u00fchrung aussehen k\u00f6nnte, erkl\u00e4rt Arnold Weissman im folgenden Interview.<\/p>\n<p><em>Die Digitalisierung wird zur Hauptsache als technologische Herausforderung verstanden. Welche Rolle spielt hier Leadership?<br \/>\n<\/em>Die Digitalisierung wird Wirtschaft und Gesellschaft gravierend ver\u00e4ndern. Wissen ist \u00fcberall verf\u00fcgbar, die Technologie erm\u00f6glicht radikal ver\u00e4nderte Gesch\u00e4ftsmodelle. Zeiten starker Ver\u00e4nderungen brauchen starke F\u00fchrer, die Menschen durch diese Ver\u00e4nderungen begleiten, die ja auch mit erheblichen Schmerzen verbunden sein k\u00f6nnen. Je gr\u00f6sser die Umbr\u00fcche, umso wichtiger wird eine starke wertebasierte F\u00fchrung. So verstanden steht Leadership ganz im Zentrum des digitalen Wandels.<\/p>\n<p><em>Wenn wir von \u00abDigital Leadership\u00bb sprechen. Was bedeutet dann f\u00fcr Sie Leadership und was daran ist digital?<br \/>\n<\/em>F\u00fchren, beziehungsweise Leadership, bedeutet f\u00fcr mich \u00abAndere emporheben\u00bb, Menschen zu bef\u00e4higen, auf ein h\u00f6heres Niveau zu kommen. F\u00fchren bedeutet \u00abin Resonanz\u00bb mit Menschen zu sein. In einer digitalisierten Welt, in der Menschen arbeiten, wann, wo und mit wem sie wollen, verliert sich die \u00abalte\u00bb Kontrolle und muss ersetzt werden durch eine Kultur des Vertrauens. Vertrauen ist die zentrale Voraussetzung, um die durch die Digitalisierung entstehende Komplexit\u00e4t managen zu k\u00f6nnen.<\/p>\n<p><em>Wandel und F\u00fchrung sind ja nichts Neues. Wieso soll es f\u00fcr den digitalen Wandel eine andere (neue) F\u00fchrung brauchen?<br \/>\n<\/em>Das vermutlich \u00e4lteste Buch der Welt ist das chinesische Weisheitsbuch I Ging, das Buch der Wandlungen. Heraklit, der Vorsokratiker, sprach von Panta Rhei. Alles fliesst, alles ist in Bewegung, alles ver\u00e4ndert sich. Wandel ist sicher kein Privileg unserer Zeit. Was sich durch die Digitalisierung allerdings ver\u00e4ndert hat, ist die Geschwindigkeit der Ver\u00e4nderung. In der Welt von Industrie 1.0 bis 3.0 konnte man Systeme beherrschen, waren traditionelle Hierarchien geeignete Organisationsmuster. In der vernetzten, virtuellen, digitalen Welt machen diese Systeme sich aber mehr und mehr \u00fcberfl\u00fcssig, ja sie werden sogar kontraproduktiv. Wir brauchen also definitiv eine neue F\u00fchrung, wollen wir den digitalen Wandel erfolgreich gestalten.<\/p>\n<p><em>Wie muss F\u00fchrung in einem digitalen Unternehmen praktiziert werden und wodurch unterscheidet sie sich von herk\u00f6mmlicher F\u00fchrung?<br \/>\n<\/em>Wenn sich die Rahmenbedingungen immer schneller ver\u00e4ndern, verlieren Systeme an Stabilit\u00e4t. Entscheidungen m\u00fcssen unter hoher Unsicherheit getroffen werden. Und, sie m\u00fcssen schnell getroffen werden. Daf\u00fcr braucht es vernetzte, selbstlernende, agile Strukturen, in denen sich F\u00fchrungskr\u00e4fte wie Unternehmer am Arbeitsplatz verhalten. Sie m\u00fcssen Verantwortung \u00fcbernehmen und diese Kultur der \u00dcbertragung von Verantwortung in die ganze Organisation tragen.<\/p>\n<p><em>Was m\u00fcssen Unternehmer und F\u00fchrungskr\u00e4fte in KMU konkret bei ihrem F\u00fchrungsverhalten \u00e4ndern, damit sie den digitalen Wandel erfolgreich gestalten k\u00f6nnen?<br \/>\n<\/em>Im Grunde ist es f\u00fcr Unternehmer in KMU tendenziell leichter, denn sie sind ja allein schon durch ihre Gr\u00f6\u00dfe und durch ihre pers\u00f6nliche N\u00e4he nat\u00fcrlich viel schneller und agiler als die grossen Konzerne mit ihren B\u00fcrokratien. Dort gilt das Motto: \u00abTeaching Elephants to Dance!\u00bb KMU haben aus meiner Sicht alle Chancen, den digitalen Wandel zu bew\u00e4ltigen, ihn zu gestalten, wenn sie sich auf ihre nat\u00fcrlichen St\u00e4rken besinnen. Mehr denn je gilt in der digitalen Welt: Es gewinnen nicht die Grossen gegen die Kleinen, sondern die Schnellen gegen die Langsamen!<\/p>\n<p><em>Welches sind die besonderen Herausforderungen in inhabergef\u00fchrten KMU, wenn es um die F\u00fchrung im digitalen Wandel geht?<br \/>\n<\/em>Manche Inhaber verstehen sich heute noch als Patron, bei dem alle Entscheidungen getroffen werden. Der Inhaber tr\u00e4gt ja auch das finanzielle, unternehmerische Risiko. Wenn Eigent\u00fcmer es aber nicht verstehen, Verantwortung zu delegieren, haben sie die gleichen Probleme wie die grossen Unternehmen auch.<\/p>\n<p><em>Welche Rolle spielen die Inhaber selbst bei der digitalen Transformation ihrer Unternehmen?<\/em><br \/>\nSie m\u00fcssen sich an die Spitze der Ver\u00e4nderung stellen und \u00abDigital Readyness\u00bb zur Chefsache machen. Und sie m\u00fcssen akzeptieren, dass sie daf\u00fcr Unterst\u00fctzung brauchen, intern wie extern. F\u00fcr viele wird die digitale Transformation zur gr\u00f6\u00dften Ver\u00e4nderung in ihrer bisherigen Unternehmensgeschichte. Banken, Versicherungen, Gross- und Einzelh\u00e4ndler, Zulieferer und auch IT- und Tech-Unternehmen. Sie alle stehen vor der Aufgabe, ihr Gesch\u00e4ftsmodell und ihr Unternehmen transformieren zu m\u00fcssen, um es zukunftsf\u00e4hig zu machen. In manchen Bereichen spricht man ja schon von der \u00abAmazonisierung\u00bb der M\u00e4rkte. Inhaber brauchen den Mut, ihre eigene Transformation zu betreiben \u2013 und sie m\u00fcssen als \u00abEr-Mutiger\u00bb ihre eigenen Mitarbeiter st\u00e4rken, mitnehmen, begleiten.<\/p>\n<p><em>Welche haupts\u00e4chlichen Fehler beobachten Sie in der Praxis, wenn das mit dem digitalen Wandel nicht so richtig klappen will?<br \/>\n<\/em>Viele machen den Fehler, den digitalen Wandel ausschlie\u00dflich als technologische Herausforderung anzusehen. Er ist aber vor allem eine kulturelle Herausforderung. Auch wenn die Strategie und die Business-Pl\u00e4ne stehen, ist ja die Umsetzung keineswegs gesichert. Wie heisst es doch so sch\u00f6n bei Peter Drucker: \u00abCulture eats Strategy for Breakfast\u00bb. Digitale Transformation ist vielmehr eine kulturelle als eine technologische Herausforderung. Und jetzt kommt das Problem: Kultur zu managen ist der Versuch, einen Pudding an die Wand zu nageln! F\u00fcr traditionell gepr\u00e4gte Manager ist dies nat\u00fcrlich eine besondere Herausforderung, zu akzeptieren, dass Kultur nicht nur so wichtig ist, sondern auch, dass sie nur durch Vorleben gepr\u00e4gt und ver\u00e4ndert werden kann. Und dies braucht \u2013 bei aller Ver\u00e4nderungsgeschwindigkeit \u2013 Zeit. Eine wirklich schwierige Herausforderung f\u00fcr ungeduldige Manager.<\/p>\n<p><em>K\u00f6nnen Sie uns abschliessend noch ein paar Stichworte zu Ihrem Referat vom 14. Januar 2019 in Baden verraten?<br \/>\n<\/em>Mir geht es darum, aufzuzeigen, welche Ver\u00e4nderungen (wahrscheinlich) auf uns zukommen werden und wie wir am besten damit lernen umzugehen. Wir werden dar\u00fcber sprechen, wie wir den Kunden wirklich in den Mittelpunkt stellen (Customer Centricity), wie wir unsere Gesch\u00e4ftsmodelle anpassen m\u00fcssen, was dies f\u00fcr unsere Organisationen bedeutet \u2013 und wie wir es schaffen, die Menschen, die in unseren Unternehmen arbeiten, auf diese Reise mitzunehmen.<\/p>\n<p><em><strong>Event-Hinweis<\/strong><\/em><br \/>\n<em>Arnold Weissman spricht am Montagabend, 14. Januar 2019 bei Focus on Future in Baden \u00fcber Digital Leadership und die Kunst des F\u00fchrens im digitalen Wandel. Weitere Infos und Anmeldung unter <a href=\"https:\/\/www.focus-on-future.ch\/veranstaltungen\/digital-leadership\/\">https:\/\/www.focus-on-future.ch\/veranstaltungen\/digital-leadership\/<\/a><\/em><\/p>\n<p>&nbsp;<\/p>\n<p><strong><span style=\"color: #000000; font-family: Calibri;\">\u00dcber Arnold Weissman<\/span><\/strong><\/p>\n<p><span style=\"color: #000000; font-family: Calibri;\">Prof. Dr. Arnold Weissman gr\u00fcndete 1987 das renommierte Beratungs- und Weiterbildungsunternehmen die WeissmanGruppe, welche 2017 f\u00fcr ihre hohe Kompetenz und Beratungsleitung f\u00fcr den Mittelstand mit dem Qualit\u00e4tssiegel \u00abTOP CONSULTANT\u00bb ausgezeichnet wurde. Die WeissmanGruppe ist international aufgestellt, mit B\u00fcros in N\u00fcrnberg, Innsbruck, Z\u00fcrich und Lana. Prof. Dr. Arnold Weissman lehrt ausserdem Unternehmensf\u00fchrung speziell f\u00fcr Familienunternehmen sowie Marketing an der OTH (Ostbayerische Technische Hochschule) Regensburg, ist Kompetenzbereichs- Leiter f\u00fcr Strategie an der Z\u00fcrich International Business School (ZIBS) und externer Dozent an der Zeppelin Universit\u00e4t in Friedrichshafen. Au\u00dferdem ist er Autor zahlreicher Wissensb\u00fccher und praxisorientierter Fachartikel. Als gefragter Referent und Redner spricht er auf mehr als 120 Veranstaltungen j\u00e4hrlich.<\/span><\/p>\n","protected":false},"excerpt":{"rendered":"<p>Im Zentrum des Referats von Arnold Weissman steht die Feststellung, dass erstens die Digitalisierung alle Unternehmen trifft, und zweitens, dass sie weit mehr mit F\u00fchrung als mit Technologie zu tun hat. Dazu braucht es ein F\u00fchrungsverst\u00e4ndnis und eine praktische F\u00fchrung, welche sich \u00fcber weite Strecken neu erfinden m\u00fcssen. Wieso das so ist, und wie diese [&hellip;]<\/p>\n","protected":false},"author":4,"featured_media":4595,"comment_status":"open","ping_status":"open","sticky":false,"template":"","format":"standard","meta":{"_acf_changed":false,"_yoast_wpseo_focuskw":"Arnold Weissman","_yoast_wpseo_metadesc":"Ein Interview mit Prof. Arnold Weissman, gef\u00fchrt von Urs Prantl, KMU Mentor und Partner von Focus on Future.","articlekey":"","footnotes":""},"categories":[1,28],"tags":[156,193,283,335],"class_list":["post-4592","post","type-post","status-publish","format-standard","has-post-thumbnail","hentry","category-allgemein","category-management","tag-digitalisierung","tag-fachkongressfachmesse","tag-interview","tag-management-und-unternehmensfuehrung"],"acf":[],"yoast_head":"<!-- This site is optimized with the Yoast SEO plugin v27.4 - https:\/\/yoast.com\/product\/yoast-seo-wordpress\/ -->\n<title>Arnold Weissman: \u00abKultur zu managen ist der Versuch, einen Pudding an die Wand zu nageln\u00bb - Organisator<\/title>\n<meta name=\"description\" content=\"Ein Interview mit Prof. Arnold Weissman, gef\u00fchrt von Urs Prantl, KMU Mentor und Partner von Focus on Future.\" \/>\n<meta name=\"robots\" content=\"index, follow, max-snippet:-1, max-image-preview:large, max-video-preview:-1\" \/>\n<link rel=\"canonical\" href=\"https:\/\/www.organisator.ch\/de\/allgemein\/2018-11-29\/arnold-weissman-kultur-zu-managen-ist-der-versuch-einen-pudding-an-die-wand-zu-nageln\/\" \/>\n<meta property=\"og:locale\" content=\"de_DE\" \/>\n<meta property=\"og:type\" content=\"article\" \/>\n<meta property=\"og:title\" content=\"Arnold Weissman: \u00abKultur zu managen ist der Versuch, einen Pudding an die Wand zu nageln\u00bb\" \/>\n<meta property=\"og:description\" content=\"Ein Interview mit Prof. Arnold Weissman, gef\u00fchrt von Urs Prantl, KMU Mentor und Partner von Focus on Future.\" \/>\n<meta property=\"og:url\" content=\"https:\/\/www.organisator.ch\/de\/allgemein\/2018-11-29\/arnold-weissman-kultur-zu-managen-ist-der-versuch-einen-pudding-an-die-wand-zu-nageln\/\" \/>\n<meta property=\"og:site_name\" content=\"Organisator\" \/>\n<meta property=\"article:publisher\" content=\"https:\/\/www.facebook.com\/OrganisatorFachmagazin\" \/>\n<meta property=\"article:published_time\" content=\"2018-11-29T08:38:33+00:00\" \/>\n<meta property=\"og:image\" content=\"https:\/\/www.organisator.ch\/wp-content\/uploads\/2018\/11\/Arnold-Weissman-Kultur-zu-managen-ist-der-Versuch-einen-Pudding-an-die-Wand-zu-nageln_Organisator.jpg\" \/>\n\t<meta property=\"og:image:width\" content=\"300\" \/>\n\t<meta property=\"og:image:height\" content=\"339\" \/>\n\t<meta property=\"og:image:type\" content=\"image\/jpeg\" \/>\n<meta name=\"author\" content=\"thomas.berner\" \/>\n<meta name=\"twitter:card\" content=\"summary_large_image\" \/>\n<meta name=\"twitter:title\" content=\"Arnold #Weissman: \u00abKultur zu managen ist der Versuch, einen Pudding an die Wand zu nageln\u00bb\" \/>\n<meta name=\"twitter:description\" content=\"Ein Interview mit Prof. Arnold #Weissman, gef\u00fchrt von Urs Prantl, KMU Mentor und Partner von Focus on Future.\" \/>\n<meta name=\"twitter:image\" content=\"https:\/\/www.organisator.ch\/wp-content\/uploads\/2018\/11\/Arnold-Weissman-Kultur-zu-managen-ist-der-Versuch-einen-Pudding-an-die-Wand-zu-nageln_Organisator.jpg\" \/>\n<script type=\"application\/ld+json\" class=\"yoast-schema-graph\">{\"@context\":\"https:\\\/\\\/schema.org\",\"@graph\":[{\"@type\":\"Article\",\"@id\":\"https:\\\/\\\/www.organisator.ch\\\/allgemein\\\/2018-11-29\\\/arnold-weissman-kultur-zu-managen-ist-der-versuch-einen-pudding-an-die-wand-zu-nageln\\\/#article\",\"isPartOf\":{\"@id\":\"https:\\\/\\\/www.organisator.ch\\\/allgemein\\\/2018-11-29\\\/arnold-weissman-kultur-zu-managen-ist-der-versuch-einen-pudding-an-die-wand-zu-nageln\\\/\"},\"author\":{\"name\":\"thomas.berner\",\"@id\":\"https:\\\/\\\/www.organisator.ch\\\/#\\\/schema\\\/person\\\/6f650f90b2842cd4c0cc334b4e36f67e\"},\"headline\":\"Arnold Weissman: \u00abKultur zu managen ist der Versuch, einen Pudding an die Wand zu nageln\u00bb\",\"datePublished\":\"2018-11-29T08:38:33+00:00\",\"mainEntityOfPage\":{\"@id\":\"https:\\\/\\\/www.organisator.ch\\\/allgemein\\\/2018-11-29\\\/arnold-weissman-kultur-zu-managen-ist-der-versuch-einen-pudding-an-die-wand-zu-nageln\\\/\"},\"wordCount\":1213,\"commentCount\":0,\"publisher\":{\"@id\":\"https:\\\/\\\/www.organisator.ch\\\/#organization\"},\"image\":{\"@id\":\"https:\\\/\\\/www.organisator.ch\\\/allgemein\\\/2018-11-29\\\/arnold-weissman-kultur-zu-managen-ist-der-versuch-einen-pudding-an-die-wand-zu-nageln\\\/#primaryimage\"},\"thumbnailUrl\":\"https:\\\/\\\/www.organisator.ch\\\/wp-content\\\/uploads\\\/2018\\\/11\\\/Arnold-Weissman-Kultur-zu-managen-ist-der-Versuch-einen-Pudding-an-die-Wand-zu-nageln_Organisator.jpg\",\"keywords\":[\"Digitalisierung\",\"Fachkongress\\\/Fachmesse\",\"Interview\",\"Management und Unternehmensf\u00fchrung\"],\"articleSection\":{\"1\":\"MANAGEMENT\"},\"inLanguage\":\"de\"},{\"@type\":\"WebPage\",\"@id\":\"https:\\\/\\\/www.organisator.ch\\\/allgemein\\\/2018-11-29\\\/arnold-weissman-kultur-zu-managen-ist-der-versuch-einen-pudding-an-die-wand-zu-nageln\\\/\",\"url\":\"https:\\\/\\\/www.organisator.ch\\\/allgemein\\\/2018-11-29\\\/arnold-weissman-kultur-zu-managen-ist-der-versuch-einen-pudding-an-die-wand-zu-nageln\\\/\",\"name\":\"Arnold Weissman: \u00abKultur zu managen ist der Versuch, einen Pudding an die Wand zu nageln\u00bb - Organisator\",\"isPartOf\":{\"@id\":\"https:\\\/\\\/www.organisator.ch\\\/#website\"},\"primaryImageOfPage\":{\"@id\":\"https:\\\/\\\/www.organisator.ch\\\/allgemein\\\/2018-11-29\\\/arnold-weissman-kultur-zu-managen-ist-der-versuch-einen-pudding-an-die-wand-zu-nageln\\\/#primaryimage\"},\"image\":{\"@id\":\"https:\\\/\\\/www.organisator.ch\\\/allgemein\\\/2018-11-29\\\/arnold-weissman-kultur-zu-managen-ist-der-versuch-einen-pudding-an-die-wand-zu-nageln\\\/#primaryimage\"},\"thumbnailUrl\":\"https:\\\/\\\/www.organisator.ch\\\/wp-content\\\/uploads\\\/2018\\\/11\\\/Arnold-Weissman-Kultur-zu-managen-ist-der-Versuch-einen-Pudding-an-die-Wand-zu-nageln_Organisator.jpg\",\"datePublished\":\"2018-11-29T08:38:33+00:00\",\"description\":\"Ein Interview mit Prof. Arnold Weissman, gef\u00fchrt von Urs Prantl, KMU Mentor und Partner von Focus on Future.\",\"breadcrumb\":{\"@id\":\"https:\\\/\\\/www.organisator.ch\\\/allgemein\\\/2018-11-29\\\/arnold-weissman-kultur-zu-managen-ist-der-versuch-einen-pudding-an-die-wand-zu-nageln\\\/#breadcrumb\"},\"inLanguage\":\"de\",\"potentialAction\":[{\"@type\":\"ReadAction\",\"target\":[\"https:\\\/\\\/www.organisator.ch\\\/allgemein\\\/2018-11-29\\\/arnold-weissman-kultur-zu-managen-ist-der-versuch-einen-pudding-an-die-wand-zu-nageln\\\/\"]}]},{\"@type\":\"ImageObject\",\"inLanguage\":\"de\",\"@id\":\"https:\\\/\\\/www.organisator.ch\\\/allgemein\\\/2018-11-29\\\/arnold-weissman-kultur-zu-managen-ist-der-versuch-einen-pudding-an-die-wand-zu-nageln\\\/#primaryimage\",\"url\":\"https:\\\/\\\/www.organisator.ch\\\/wp-content\\\/uploads\\\/2018\\\/11\\\/Arnold-Weissman-Kultur-zu-managen-ist-der-Versuch-einen-Pudding-an-die-Wand-zu-nageln_Organisator.jpg\",\"contentUrl\":\"https:\\\/\\\/www.organisator.ch\\\/wp-content\\\/uploads\\\/2018\\\/11\\\/Arnold-Weissman-Kultur-zu-managen-ist-der-Versuch-einen-Pudding-an-die-Wand-zu-nageln_Organisator.jpg\",\"width\":300,\"height\":339,\"caption\":\"Prof. Dr. Arnold Weissman spricht am 14. Januar bei Focus on Future in Baden \u00fcber Digital Leadership. (Bild: zVg)\"},{\"@type\":\"BreadcrumbList\",\"@id\":\"https:\\\/\\\/www.organisator.ch\\\/allgemein\\\/2018-11-29\\\/arnold-weissman-kultur-zu-managen-ist-der-versuch-einen-pudding-an-die-wand-zu-nageln\\\/#breadcrumb\",\"itemListElement\":[{\"@type\":\"ListItem\",\"position\":1,\"name\":\"Home\",\"item\":\"https:\\\/\\\/www.organisator.ch\\\/\"},{\"@type\":\"ListItem\",\"position\":2,\"name\":\"Arnold Weissman: \u00abKultur zu managen ist der Versuch, einen Pudding an die Wand zu nageln\u00bb\"}]},{\"@type\":\"WebSite\",\"@id\":\"https:\\\/\\\/www.organisator.ch\\\/#website\",\"url\":\"https:\\\/\\\/www.organisator.ch\\\/\",\"name\":\"Organisator\",\"description\":\"Kompetent. Praxisnah. Der ORGANISATOR bereitet in 10 Ausgaben pro Jahr die wesentlichen Themen f\u00fcr F\u00fchrungskr\u00e4fte von KMU auf.\",\"publisher\":{\"@id\":\"https:\\\/\\\/www.organisator.ch\\\/#organization\"},\"potentialAction\":[{\"@type\":\"SearchAction\",\"target\":{\"@type\":\"EntryPoint\",\"urlTemplate\":\"https:\\\/\\\/www.organisator.ch\\\/?s={search_term_string}\"},\"query-input\":{\"@type\":\"PropertyValueSpecification\",\"valueRequired\":true,\"valueName\":\"search_term_string\"}}],\"inLanguage\":\"de\"},{\"@type\":\"Organization\",\"@id\":\"https:\\\/\\\/www.organisator.ch\\\/#organization\",\"name\":\"Organisator\",\"url\":\"https:\\\/\\\/www.organisator.ch\\\/\",\"logo\":{\"@type\":\"ImageObject\",\"inLanguage\":\"de\",\"@id\":\"https:\\\/\\\/www.organisator.ch\\\/#\\\/schema\\\/logo\\\/image\\\/\",\"url\":\"https:\\\/\\\/www.organisator.ch\\\/wp-content\\\/uploads\\\/2022\\\/01\\\/Logo_Organisator_Website.png\",\"contentUrl\":\"https:\\\/\\\/www.organisator.ch\\\/wp-content\\\/uploads\\\/2022\\\/01\\\/Logo_Organisator_Website.png\",\"width\":800,\"height\":77,\"caption\":\"Organisator\"},\"image\":{\"@id\":\"https:\\\/\\\/www.organisator.ch\\\/#\\\/schema\\\/logo\\\/image\\\/\"},\"sameAs\":[\"https:\\\/\\\/www.facebook.com\\\/OrganisatorFachmagazin\",\"https:\\\/\\\/www.linkedin.com\\\/showcase\\\/organisator-das-magazin-fr-kmu\",\"https:\\\/\\\/www.xing.com\\\/news\\\/pages\\\/organisator-ch-695\",\"https:\\\/\\\/www.youtube.com\\\/channel\\\/UCGP2Sq0iWaZwT3BdIAQFYpw\"]},{\"@type\":\"Person\",\"@id\":\"https:\\\/\\\/www.organisator.ch\\\/#\\\/schema\\\/person\\\/6f650f90b2842cd4c0cc334b4e36f67e\",\"name\":\"thomas.berner\",\"image\":{\"@type\":\"ImageObject\",\"inLanguage\":\"de\",\"@id\":\"https:\\\/\\\/secure.gravatar.com\\\/avatar\\\/ac5001d2a36cb6c6cd3e50789007ffca834b477b74a2144564522e944eabff61?s=96&d=mm&r=g\",\"url\":\"https:\\\/\\\/secure.gravatar.com\\\/avatar\\\/ac5001d2a36cb6c6cd3e50789007ffca834b477b74a2144564522e944eabff61?s=96&d=mm&r=g\",\"contentUrl\":\"https:\\\/\\\/secure.gravatar.com\\\/avatar\\\/ac5001d2a36cb6c6cd3e50789007ffca834b477b74a2144564522e944eabff61?s=96&d=mm&r=g\",\"caption\":\"thomas.berner\"},\"url\":\"https:\\\/\\\/www.organisator.ch\\\/de\\\/author\\\/thomas-berner\\\/\"}]}<\/script>\n<!-- \/ Yoast SEO plugin. -->","yoast_head_json":{"title":"Arnold Weissman: \u00abKultur zu managen ist der Versuch, einen Pudding an die Wand zu nageln\u00bb - Organisator","description":"Ein Interview mit Prof. Arnold Weissman, gef\u00fchrt von Urs Prantl, KMU Mentor und Partner von Focus on Future.","robots":{"index":"index","follow":"follow","max-snippet":"max-snippet:-1","max-image-preview":"max-image-preview:large","max-video-preview":"max-video-preview:-1"},"canonical":"https:\/\/www.organisator.ch\/de\/allgemein\/2018-11-29\/arnold-weissman-kultur-zu-managen-ist-der-versuch-einen-pudding-an-die-wand-zu-nageln\/","og_locale":"de_DE","og_type":"article","og_title":"Arnold Weissman: \u00abKultur zu managen ist der Versuch, einen Pudding an die Wand zu nageln\u00bb","og_description":"Ein Interview mit Prof. Arnold Weissman, gef\u00fchrt von Urs Prantl, KMU Mentor und Partner von Focus on Future.","og_url":"https:\/\/www.organisator.ch\/de\/allgemein\/2018-11-29\/arnold-weissman-kultur-zu-managen-ist-der-versuch-einen-pudding-an-die-wand-zu-nageln\/","og_site_name":"Organisator","article_publisher":"https:\/\/www.facebook.com\/OrganisatorFachmagazin","article_published_time":"2018-11-29T08:38:33+00:00","og_image":[{"width":300,"height":339,"url":"https:\/\/www.organisator.ch\/wp-content\/uploads\/2018\/11\/Arnold-Weissman-Kultur-zu-managen-ist-der-Versuch-einen-Pudding-an-die-Wand-zu-nageln_Organisator.jpg","type":"image\/jpeg"}],"author":"thomas.berner","twitter_card":"summary_large_image","twitter_title":"Arnold #Weissman: \u00abKultur zu managen ist der Versuch, einen Pudding an die Wand zu nageln\u00bb","twitter_description":"Ein Interview mit Prof. Arnold #Weissman, gef\u00fchrt von Urs Prantl, KMU Mentor und Partner von Focus on Future.","twitter_image":"https:\/\/www.organisator.ch\/wp-content\/uploads\/2018\/11\/Arnold-Weissman-Kultur-zu-managen-ist-der-Versuch-einen-Pudding-an-die-Wand-zu-nageln_Organisator.jpg","schema":{"@context":"https:\/\/schema.org","@graph":[{"@type":"Article","@id":"https:\/\/www.organisator.ch\/allgemein\/2018-11-29\/arnold-weissman-kultur-zu-managen-ist-der-versuch-einen-pudding-an-die-wand-zu-nageln\/#article","isPartOf":{"@id":"https:\/\/www.organisator.ch\/allgemein\/2018-11-29\/arnold-weissman-kultur-zu-managen-ist-der-versuch-einen-pudding-an-die-wand-zu-nageln\/"},"author":{"name":"thomas.berner","@id":"https:\/\/www.organisator.ch\/#\/schema\/person\/6f650f90b2842cd4c0cc334b4e36f67e"},"headline":"Arnold Weissman: \u00abKultur zu managen ist der Versuch, einen Pudding an die Wand zu nageln\u00bb","datePublished":"2018-11-29T08:38:33+00:00","mainEntityOfPage":{"@id":"https:\/\/www.organisator.ch\/allgemein\/2018-11-29\/arnold-weissman-kultur-zu-managen-ist-der-versuch-einen-pudding-an-die-wand-zu-nageln\/"},"wordCount":1213,"commentCount":0,"publisher":{"@id":"https:\/\/www.organisator.ch\/#organization"},"image":{"@id":"https:\/\/www.organisator.ch\/allgemein\/2018-11-29\/arnold-weissman-kultur-zu-managen-ist-der-versuch-einen-pudding-an-die-wand-zu-nageln\/#primaryimage"},"thumbnailUrl":"https:\/\/www.organisator.ch\/wp-content\/uploads\/2018\/11\/Arnold-Weissman-Kultur-zu-managen-ist-der-Versuch-einen-Pudding-an-die-Wand-zu-nageln_Organisator.jpg","keywords":["Digitalisierung","Fachkongress\/Fachmesse","Interview","Management und Unternehmensf\u00fchrung"],"articleSection":{"1":"MANAGEMENT"},"inLanguage":"de"},{"@type":"WebPage","@id":"https:\/\/www.organisator.ch\/allgemein\/2018-11-29\/arnold-weissman-kultur-zu-managen-ist-der-versuch-einen-pudding-an-die-wand-zu-nageln\/","url":"https:\/\/www.organisator.ch\/allgemein\/2018-11-29\/arnold-weissman-kultur-zu-managen-ist-der-versuch-einen-pudding-an-die-wand-zu-nageln\/","name":"Arnold Weissman: \u00abKultur zu managen ist der Versuch, einen Pudding an die Wand zu nageln\u00bb - Organisator","isPartOf":{"@id":"https:\/\/www.organisator.ch\/#website"},"primaryImageOfPage":{"@id":"https:\/\/www.organisator.ch\/allgemein\/2018-11-29\/arnold-weissman-kultur-zu-managen-ist-der-versuch-einen-pudding-an-die-wand-zu-nageln\/#primaryimage"},"image":{"@id":"https:\/\/www.organisator.ch\/allgemein\/2018-11-29\/arnold-weissman-kultur-zu-managen-ist-der-versuch-einen-pudding-an-die-wand-zu-nageln\/#primaryimage"},"thumbnailUrl":"https:\/\/www.organisator.ch\/wp-content\/uploads\/2018\/11\/Arnold-Weissman-Kultur-zu-managen-ist-der-Versuch-einen-Pudding-an-die-Wand-zu-nageln_Organisator.jpg","datePublished":"2018-11-29T08:38:33+00:00","description":"Ein Interview mit Prof. Arnold Weissman, gef\u00fchrt von Urs Prantl, KMU Mentor und Partner von Focus on Future.","breadcrumb":{"@id":"https:\/\/www.organisator.ch\/allgemein\/2018-11-29\/arnold-weissman-kultur-zu-managen-ist-der-versuch-einen-pudding-an-die-wand-zu-nageln\/#breadcrumb"},"inLanguage":"de","potentialAction":[{"@type":"ReadAction","target":["https:\/\/www.organisator.ch\/allgemein\/2018-11-29\/arnold-weissman-kultur-zu-managen-ist-der-versuch-einen-pudding-an-die-wand-zu-nageln\/"]}]},{"@type":"ImageObject","inLanguage":"de","@id":"https:\/\/www.organisator.ch\/allgemein\/2018-11-29\/arnold-weissman-kultur-zu-managen-ist-der-versuch-einen-pudding-an-die-wand-zu-nageln\/#primaryimage","url":"https:\/\/www.organisator.ch\/wp-content\/uploads\/2018\/11\/Arnold-Weissman-Kultur-zu-managen-ist-der-Versuch-einen-Pudding-an-die-Wand-zu-nageln_Organisator.jpg","contentUrl":"https:\/\/www.organisator.ch\/wp-content\/uploads\/2018\/11\/Arnold-Weissman-Kultur-zu-managen-ist-der-Versuch-einen-Pudding-an-die-Wand-zu-nageln_Organisator.jpg","width":300,"height":339,"caption":"Prof. Dr. Arnold Weissman spricht am 14. Januar bei Focus on Future in Baden \u00fcber Digital Leadership. (Bild: zVg)"},{"@type":"BreadcrumbList","@id":"https:\/\/www.organisator.ch\/allgemein\/2018-11-29\/arnold-weissman-kultur-zu-managen-ist-der-versuch-einen-pudding-an-die-wand-zu-nageln\/#breadcrumb","itemListElement":[{"@type":"ListItem","position":1,"name":"Home","item":"https:\/\/www.organisator.ch\/"},{"@type":"ListItem","position":2,"name":"Arnold Weissman: \u00abKultur zu managen ist der Versuch, einen Pudding an die Wand zu nageln\u00bb"}]},{"@type":"WebSite","@id":"https:\/\/www.organisator.ch\/#website","url":"https:\/\/www.organisator.ch\/","name":"Organisator","description":"Kompetent. Praxisnah. Der ORGANISATOR bereitet in 10 Ausgaben pro Jahr die wesentlichen Themen f\u00fcr F\u00fchrungskr\u00e4fte von KMU auf.","publisher":{"@id":"https:\/\/www.organisator.ch\/#organization"},"potentialAction":[{"@type":"SearchAction","target":{"@type":"EntryPoint","urlTemplate":"https:\/\/www.organisator.ch\/?s={search_term_string}"},"query-input":{"@type":"PropertyValueSpecification","valueRequired":true,"valueName":"search_term_string"}}],"inLanguage":"de"},{"@type":"Organization","@id":"https:\/\/www.organisator.ch\/#organization","name":"Organisator","url":"https:\/\/www.organisator.ch\/","logo":{"@type":"ImageObject","inLanguage":"de","@id":"https:\/\/www.organisator.ch\/#\/schema\/logo\/image\/","url":"https:\/\/www.organisator.ch\/wp-content\/uploads\/2022\/01\/Logo_Organisator_Website.png","contentUrl":"https:\/\/www.organisator.ch\/wp-content\/uploads\/2022\/01\/Logo_Organisator_Website.png","width":800,"height":77,"caption":"Organisator"},"image":{"@id":"https:\/\/www.organisator.ch\/#\/schema\/logo\/image\/"},"sameAs":["https:\/\/www.facebook.com\/OrganisatorFachmagazin","https:\/\/www.linkedin.com\/showcase\/organisator-das-magazin-fr-kmu","https:\/\/www.xing.com\/news\/pages\/organisator-ch-695","https:\/\/www.youtube.com\/channel\/UCGP2Sq0iWaZwT3BdIAQFYpw"]},{"@type":"Person","@id":"https:\/\/www.organisator.ch\/#\/schema\/person\/6f650f90b2842cd4c0cc334b4e36f67e","name":"thomas.berner","image":{"@type":"ImageObject","inLanguage":"de","@id":"https:\/\/secure.gravatar.com\/avatar\/ac5001d2a36cb6c6cd3e50789007ffca834b477b74a2144564522e944eabff61?s=96&d=mm&r=g","url":"https:\/\/secure.gravatar.com\/avatar\/ac5001d2a36cb6c6cd3e50789007ffca834b477b74a2144564522e944eabff61?s=96&d=mm&r=g","contentUrl":"https:\/\/secure.gravatar.com\/avatar\/ac5001d2a36cb6c6cd3e50789007ffca834b477b74a2144564522e944eabff61?s=96&d=mm&r=g","caption":"thomas.berner"},"url":"https:\/\/www.organisator.ch\/de\/author\/thomas-berner\/"}]}},"_links":{"self":[{"href":"https:\/\/www.organisator.ch\/de\/wp-json\/wp\/v2\/posts\/4592","targetHints":{"allow":["GET"]}}],"collection":[{"href":"https:\/\/www.organisator.ch\/de\/wp-json\/wp\/v2\/posts"}],"about":[{"href":"https:\/\/www.organisator.ch\/de\/wp-json\/wp\/v2\/types\/post"}],"author":[{"embeddable":true,"href":"https:\/\/www.organisator.ch\/de\/wp-json\/wp\/v2\/users\/4"}],"replies":[{"embeddable":true,"href":"https:\/\/www.organisator.ch\/de\/wp-json\/wp\/v2\/comments?post=4592"}],"version-history":[{"count":0,"href":"https:\/\/www.organisator.ch\/de\/wp-json\/wp\/v2\/posts\/4592\/revisions"}],"wp:featuredmedia":[{"embeddable":true,"href":"https:\/\/www.organisator.ch\/de\/wp-json\/wp\/v2\/media\/4595"}],"wp:attachment":[{"href":"https:\/\/www.organisator.ch\/de\/wp-json\/wp\/v2\/media?parent=4592"}],"wp:term":[{"taxonomy":"category","embeddable":true,"href":"https:\/\/www.organisator.ch\/de\/wp-json\/wp\/v2\/categories?post=4592"},{"taxonomy":"post_tag","embeddable":true,"href":"https:\/\/www.organisator.ch\/de\/wp-json\/wp\/v2\/tags?post=4592"}],"curies":[{"name":"wp","href":"https:\/\/api.w.org\/{rel}","templated":true}]}}