{"id":4610,"date":"2018-12-04T15:00:18","date_gmt":"2018-12-04T14:00:18","guid":{"rendered":"https:\/\/www.organisator.ch\/?p=4610"},"modified":"2018-12-04T15:00:18","modified_gmt":"2018-12-04T14:00:18","slug":"der-erste-schweizer-notfallkoffer-fuer-kmu","status":"publish","type":"post","link":"https:\/\/www.organisator.ch\/de\/management\/2018-12-04\/der-erste-schweizer-notfallkoffer-fuer-kmu\/","title":{"rendered":"Der erste Schweizer Notfallkoffer f\u00fcr KMU"},"content":{"rendered":"<figure id=\"attachment_4613\" aria-describedby=\"caption-attachment-4613\" style=\"width: 680px\" class=\"wp-caption alignnone\"><img loading=\"lazy\" decoding=\"async\" class=\"size-medium wp-image-4613\" src=\"https:\/\/www.organisator.ch\/wp-content\/uploads\/2018\/12\/Der-erste-Schweizer-Notfallkoffer-fuer-KMU_Organisator.jpg\" alt=\"\" width=\"680\" height=\"544\" srcset=\"https:\/\/www.organisator.ch\/wp-content\/uploads\/2018\/12\/Der-erste-Schweizer-Notfallkoffer-fuer-KMU_Organisator.jpg 680w, https:\/\/www.organisator.ch\/wp-content\/uploads\/2018\/12\/Der-erste-Schweizer-Notfallkoffer-fuer-KMU_Organisator-16x12.jpg 16w, https:\/\/www.organisator.ch\/wp-content\/uploads\/2018\/12\/Der-erste-Schweizer-Notfallkoffer-fuer-KMU_Organisator-219x175.jpg 219w, https:\/\/www.organisator.ch\/wp-content\/uploads\/2018\/12\/Der-erste-Schweizer-Notfallkoffer-fuer-KMU_Organisator-438x350.jpg 438w, https:\/\/www.organisator.ch\/wp-content\/uploads\/2018\/12\/Der-erste-Schweizer-Notfallkoffer-fuer-KMU_Organisator-300x240.jpg 300w\" sizes=\"auto, (max-width: 680px) 100vw, 680px\" \/><figcaption id=\"caption-attachment-4613\" class=\"wp-caption-text\">F\u00fcr KMU gibt es nun einen Notfallkoffer: Er kommt zum Einsatz, wenn etwa der Gesch\u00e4ftsf\u00fchrer pl\u00f6tzlich ausf\u00e4llt. (Symbolbild; S. Hofschlaeger \/ pixelio.de)<\/figcaption><\/figure>\n<p>Wenn ein Unternehmer tats\u00e4chlich unvorhergesehen ausf\u00e4llt, ist h\u00e4ufig der Partner oder die Kadermitarbeiter in einem besonderen Masse gefordert. Ist ein Unternehmer nicht mehr kommunikationsf\u00e4hig, wird die Situation \u00e4usserst prek\u00e4r. Wer kann die L\u00f6hne bezahlen? Wer bezahlt die Miete? Wer hat die Login Daten? Wer hat den Kontakt zu den Partner Banken oder Lieferanten? Wo sind die Originalvertr\u00e4ge gelagert? Die Fragen lassen sich beliebig erweitern. Ein zentraler Ort, wo die Menge der Informationen zusammengefasst zu finden sind, gibt es in der Praxis in den wenigsten F\u00e4llen und falls ja, wo ist dieser Ort?<\/p>\n<p>Der KMU Notfallkoffer unterst\u00fctzt den Schweizer Unternehmer erstmals mit den wichtigsten Vorbereitungen f\u00fcr eine strukturierte und zentrale Notfallplanung f\u00fcr die eigene Firma. Der KMU Notfallkoffer beinhaltet \u00fcber 100 Seiten mit Erkl\u00e4rungen und vor allem ausf\u00fcllbaren Formularen f\u00fcr den Unternehmer. Diese k\u00f6nnen erfasst, ge\u00e4ndert, gespeichert und auch ausgedruckt werden. Der KMU Notfallkoffer kann an einem zentralen Ort gelagert werden und nur wenige Personen m\u00fcssen dar\u00fcber informiert werden. So kann das berufliche Lebenswerk so gut wie m\u00f6glich gesichert werden.<\/p>\n<p>Lanciert und entwickelt wurde der KMU Notfallkoffer von Oliver Aschwanden. Er ist seit vielen Jahren Nachfolge-Experte und begleitet KMU im Nachfolgeprozess. Den Anstoss f\u00fcr dieses Produkt gab eine Reihe von Erfahrungen, die Aschwanden in seinem privaten und gesch\u00e4ftlichen Umfeld gemacht hat. &#8222;Gerade in Kleinunternehmen h\u00e4ngen viele Verantwortlichkeiten h\u00e4ufig an nur einer Person&#8220;, weiss er. F\u00e4llt diese Person aus, kann ein Unternehmen und seine Mitarbeitenden schnell in Existenzn\u00f6te kommen. Umso wichtiger ist es dann, wenn eine Vertrauensperson rasch an die zentralen Informationen gelangen kann, um die Handlungsf\u00e4higkeit der Unternehmung sicherzustellen. Wie h\u00e4ufig ein solcher Fall eintritt, dar\u00fcber existiert keine Statistik. Gem\u00e4ss Oliver Aschwanden komme es aber erstaunlich oft vor,\u00a0dass Gesch\u00e4ftsf\u00fchrer oder Unternehmer von KMUs pl\u00f6tzlich und unerwartet ausfallen.<\/p>\n<p>Der KMU Notfallkoffer ist ab sofort erh\u00e4ltlich auf\u00a0<span style=\"margin: 0px; font-family: 'Arial',sans-serif;\"><a href=\"http:\/\/www.kmu-notfallkoffer.ch\/\">www.kmu-notfallkoffer.ch.<\/a><\/span><\/p>\n","protected":false},"excerpt":{"rendered":"<p>Wenn ein Unternehmer tats\u00e4chlich unvorhergesehen ausf\u00e4llt, ist h\u00e4ufig der Partner oder die Kadermitarbeiter in einem besonderen Masse gefordert. Ist ein Unternehmer nicht mehr kommunikationsf\u00e4hig, wird die Situation \u00e4usserst prek\u00e4r. Wer kann die L\u00f6hne bezahlen? Wer bezahlt die Miete? Wer hat die Login Daten? Wer hat den Kontakt zu den Partner Banken oder Lieferanten? Wo sind [&hellip;]<\/p>\n","protected":false},"author":4,"featured_media":4613,"comment_status":"open","ping_status":"open","sticky":false,"template":"","format":"standard","meta":{"_acf_changed":false,"_yoast_wpseo_focuskw":"Notfallkoffer","_yoast_wpseo_metadesc":"Wenn der Chef in einem KMU von heute auf morgen ausf\u00e4llt, kann das f\u00fcr die Firma schnell zur existenziellen Krise werden. Ein Notfallkoffer sorgt dabei vor.","articlekey":"","footnotes":""},"categories":[28],"tags":[335,393,434,516],"class_list":["post-4610","post","type-post","status-publish","format-standard","has-post-thumbnail","hentry","category-management","tag-management-und-unternehmensfuehrung","tag-produkte","tag-sicherheit","tag-vorsorge"],"acf":[],"yoast_head":"<!-- This site is optimized with the Yoast SEO plugin v27.5 - https:\/\/yoast.com\/product\/yoast-seo-wordpress\/ -->\n<title>Der erste Schweizer Notfallkoffer f\u00fcr KMU - Organisator<\/title>\n<meta name=\"description\" content=\"Wenn der Chef in einem KMU von heute auf morgen ausf\u00e4llt, kann das f\u00fcr die Firma schnell zur existenziellen Krise werden. Ein Notfallkoffer sorgt dabei vor.\" \/>\n<meta name=\"robots\" content=\"index, follow, max-snippet:-1, max-image-preview:large, max-video-preview:-1\" \/>\n<link rel=\"canonical\" href=\"https:\/\/www.organisator.ch\/de\/management\/2018-12-04\/der-erste-schweizer-notfallkoffer-fuer-kmu\/\" \/>\n<meta property=\"og:locale\" content=\"de_DE\" \/>\n<meta property=\"og:type\" content=\"article\" \/>\n<meta property=\"og:title\" content=\"Der erste Schweizer Notfallkoffer f\u00fcr KMU\" \/>\n<meta property=\"og:description\" content=\"Wenn der Chef in einem KMU von heute auf morgen ausf\u00e4llt, kann das f\u00fcr die Firma schnell zur existenziellen Krise werden. Ein Notfallkoffer sorgt dabei vor.\" \/>\n<meta property=\"og:url\" content=\"https:\/\/www.organisator.ch\/de\/management\/2018-12-04\/der-erste-schweizer-notfallkoffer-fuer-kmu\/\" \/>\n<meta property=\"og:site_name\" content=\"Organisator\" \/>\n<meta property=\"article:publisher\" content=\"https:\/\/www.facebook.com\/OrganisatorFachmagazin\" \/>\n<meta property=\"article:published_time\" content=\"2018-12-04T14:00:18+00:00\" \/>\n<meta property=\"og:image\" content=\"https:\/\/www.organisator.ch\/wp-content\/uploads\/2018\/12\/Der-erste-Schweizer-Notfallkoffer-fuer-KMU_Organisator.jpg\" \/>\n\t<meta property=\"og:image:width\" content=\"680\" \/>\n\t<meta property=\"og:image:height\" content=\"544\" \/>\n\t<meta property=\"og:image:type\" content=\"image\/jpeg\" \/>\n<meta name=\"author\" content=\"thomas.berner\" \/>\n<meta name=\"twitter:card\" content=\"summary_large_image\" \/>\n<meta name=\"twitter:title\" content=\"Der erste Schweizer #Notfallkoffer f\u00fcr KMU\" \/>\n<meta name=\"twitter:description\" content=\"Wenn der Chef in einem KMU von heute auf morgen ausf\u00e4llt, kann das f\u00fcr die Firma schnell zur existenziellen Krise werden. Ein #Notfallkoffer sorgt dabei vor.\" \/>\n<meta name=\"twitter:image\" content=\"https:\/\/www.organisator.ch\/wp-content\/uploads\/2018\/12\/Der-erste-Schweizer-Notfallkoffer-f\u00fcr-KMU_Organisator.jpg\" \/>\n<script type=\"application\/ld+json\" class=\"yoast-schema-graph\">{\"@context\":\"https:\\\/\\\/schema.org\",\"@graph\":[{\"@type\":\"Article\",\"@id\":\"https:\\\/\\\/www.organisator.ch\\\/management\\\/2018-12-04\\\/der-erste-schweizer-notfallkoffer-fuer-kmu\\\/#article\",\"isPartOf\":{\"@id\":\"https:\\\/\\\/www.organisator.ch\\\/management\\\/2018-12-04\\\/der-erste-schweizer-notfallkoffer-fuer-kmu\\\/\"},\"author\":{\"name\":\"thomas.berner\",\"@id\":\"https:\\\/\\\/www.organisator.ch\\\/#\\\/schema\\\/person\\\/6f650f90b2842cd4c0cc334b4e36f67e\"},\"headline\":\"Der erste Schweizer Notfallkoffer f\u00fcr KMU\",\"datePublished\":\"2018-12-04T14:00:18+00:00\",\"mainEntityOfPage\":{\"@id\":\"https:\\\/\\\/www.organisator.ch\\\/management\\\/2018-12-04\\\/der-erste-schweizer-notfallkoffer-fuer-kmu\\\/\"},\"wordCount\":371,\"commentCount\":0,\"publisher\":{\"@id\":\"https:\\\/\\\/www.organisator.ch\\\/#organization\"},\"image\":{\"@id\":\"https:\\\/\\\/www.organisator.ch\\\/management\\\/2018-12-04\\\/der-erste-schweizer-notfallkoffer-fuer-kmu\\\/#primaryimage\"},\"thumbnailUrl\":\"https:\\\/\\\/www.organisator.ch\\\/wp-content\\\/uploads\\\/2018\\\/12\\\/Der-erste-Schweizer-Notfallkoffer-fuer-KMU_Organisator.jpg\",\"keywords\":[\"Management und Unternehmensf\u00fchrung\",\"Produkte\",\"Sicherheit\",\"Vorsorge\"],\"articleSection\":[\"MANAGEMENT\"],\"inLanguage\":\"de\"},{\"@type\":\"WebPage\",\"@id\":\"https:\\\/\\\/www.organisator.ch\\\/management\\\/2018-12-04\\\/der-erste-schweizer-notfallkoffer-fuer-kmu\\\/\",\"url\":\"https:\\\/\\\/www.organisator.ch\\\/management\\\/2018-12-04\\\/der-erste-schweizer-notfallkoffer-fuer-kmu\\\/\",\"name\":\"Der erste Schweizer Notfallkoffer f\u00fcr KMU - Organisator\",\"isPartOf\":{\"@id\":\"https:\\\/\\\/www.organisator.ch\\\/#website\"},\"primaryImageOfPage\":{\"@id\":\"https:\\\/\\\/www.organisator.ch\\\/management\\\/2018-12-04\\\/der-erste-schweizer-notfallkoffer-fuer-kmu\\\/#primaryimage\"},\"image\":{\"@id\":\"https:\\\/\\\/www.organisator.ch\\\/management\\\/2018-12-04\\\/der-erste-schweizer-notfallkoffer-fuer-kmu\\\/#primaryimage\"},\"thumbnailUrl\":\"https:\\\/\\\/www.organisator.ch\\\/wp-content\\\/uploads\\\/2018\\\/12\\\/Der-erste-Schweizer-Notfallkoffer-fuer-KMU_Organisator.jpg\",\"datePublished\":\"2018-12-04T14:00:18+00:00\",\"description\":\"Wenn der Chef in einem KMU von heute auf morgen ausf\u00e4llt, kann das f\u00fcr die Firma schnell zur existenziellen Krise werden. Ein Notfallkoffer sorgt dabei vor.\",\"breadcrumb\":{\"@id\":\"https:\\\/\\\/www.organisator.ch\\\/management\\\/2018-12-04\\\/der-erste-schweizer-notfallkoffer-fuer-kmu\\\/#breadcrumb\"},\"inLanguage\":\"de\",\"potentialAction\":[{\"@type\":\"ReadAction\",\"target\":[\"https:\\\/\\\/www.organisator.ch\\\/management\\\/2018-12-04\\\/der-erste-schweizer-notfallkoffer-fuer-kmu\\\/\"]}]},{\"@type\":\"ImageObject\",\"inLanguage\":\"de\",\"@id\":\"https:\\\/\\\/www.organisator.ch\\\/management\\\/2018-12-04\\\/der-erste-schweizer-notfallkoffer-fuer-kmu\\\/#primaryimage\",\"url\":\"https:\\\/\\\/www.organisator.ch\\\/wp-content\\\/uploads\\\/2018\\\/12\\\/Der-erste-Schweizer-Notfallkoffer-fuer-KMU_Organisator.jpg\",\"contentUrl\":\"https:\\\/\\\/www.organisator.ch\\\/wp-content\\\/uploads\\\/2018\\\/12\\\/Der-erste-Schweizer-Notfallkoffer-fuer-KMU_Organisator.jpg\",\"width\":680,\"height\":544,\"caption\":\"F\u00fcr KMU gibt es nun einen Notfallkoffer: Er kommt zum Einsatz, wenn etwa der Gesch\u00e4ftsf\u00fchrer pl\u00f6tzlich ausf\u00e4llt. (Symbolbild; S. Hofschlaeger \\\/ pixelio.de)\"},{\"@type\":\"BreadcrumbList\",\"@id\":\"https:\\\/\\\/www.organisator.ch\\\/management\\\/2018-12-04\\\/der-erste-schweizer-notfallkoffer-fuer-kmu\\\/#breadcrumb\",\"itemListElement\":[{\"@type\":\"ListItem\",\"position\":1,\"name\":\"Home\",\"item\":\"https:\\\/\\\/www.organisator.ch\\\/\"},{\"@type\":\"ListItem\",\"position\":2,\"name\":\"Der erste Schweizer Notfallkoffer f\u00fcr KMU\"}]},{\"@type\":\"WebSite\",\"@id\":\"https:\\\/\\\/www.organisator.ch\\\/#website\",\"url\":\"https:\\\/\\\/www.organisator.ch\\\/\",\"name\":\"Organisator\",\"description\":\"Kompetent. Praxisnah. Der ORGANISATOR bereitet in 10 Ausgaben pro Jahr die wesentlichen Themen f\u00fcr F\u00fchrungskr\u00e4fte von KMU auf.\",\"publisher\":{\"@id\":\"https:\\\/\\\/www.organisator.ch\\\/#organization\"},\"potentialAction\":[{\"@type\":\"SearchAction\",\"target\":{\"@type\":\"EntryPoint\",\"urlTemplate\":\"https:\\\/\\\/www.organisator.ch\\\/?s={search_term_string}\"},\"query-input\":{\"@type\":\"PropertyValueSpecification\",\"valueRequired\":true,\"valueName\":\"search_term_string\"}}],\"inLanguage\":\"de\"},{\"@type\":\"Organization\",\"@id\":\"https:\\\/\\\/www.organisator.ch\\\/#organization\",\"name\":\"Organisator\",\"url\":\"https:\\\/\\\/www.organisator.ch\\\/\",\"logo\":{\"@type\":\"ImageObject\",\"inLanguage\":\"de\",\"@id\":\"https:\\\/\\\/www.organisator.ch\\\/#\\\/schema\\\/logo\\\/image\\\/\",\"url\":\"https:\\\/\\\/www.organisator.ch\\\/wp-content\\\/uploads\\\/2022\\\/01\\\/Logo_Organisator_Website.png\",\"contentUrl\":\"https:\\\/\\\/www.organisator.ch\\\/wp-content\\\/uploads\\\/2022\\\/01\\\/Logo_Organisator_Website.png\",\"width\":800,\"height\":77,\"caption\":\"Organisator\"},\"image\":{\"@id\":\"https:\\\/\\\/www.organisator.ch\\\/#\\\/schema\\\/logo\\\/image\\\/\"},\"sameAs\":[\"https:\\\/\\\/www.facebook.com\\\/OrganisatorFachmagazin\",\"https:\\\/\\\/www.linkedin.com\\\/showcase\\\/organisator-das-magazin-fr-kmu\",\"https:\\\/\\\/www.xing.com\\\/news\\\/pages\\\/organisator-ch-695\",\"https:\\\/\\\/www.youtube.com\\\/channel\\\/UCGP2Sq0iWaZwT3BdIAQFYpw\"]},{\"@type\":\"Person\",\"@id\":\"https:\\\/\\\/www.organisator.ch\\\/#\\\/schema\\\/person\\\/6f650f90b2842cd4c0cc334b4e36f67e\",\"name\":\"thomas.berner\",\"image\":{\"@type\":\"ImageObject\",\"inLanguage\":\"de\",\"@id\":\"https:\\\/\\\/secure.gravatar.com\\\/avatar\\\/ac5001d2a36cb6c6cd3e50789007ffca834b477b74a2144564522e944eabff61?s=96&d=mm&r=g\",\"url\":\"https:\\\/\\\/secure.gravatar.com\\\/avatar\\\/ac5001d2a36cb6c6cd3e50789007ffca834b477b74a2144564522e944eabff61?s=96&d=mm&r=g\",\"contentUrl\":\"https:\\\/\\\/secure.gravatar.com\\\/avatar\\\/ac5001d2a36cb6c6cd3e50789007ffca834b477b74a2144564522e944eabff61?s=96&d=mm&r=g\",\"caption\":\"thomas.berner\"},\"url\":\"https:\\\/\\\/www.organisator.ch\\\/de\\\/author\\\/thomas-berner\\\/\"}]}<\/script>\n<!-- \/ Yoast SEO plugin. -->","yoast_head_json":{"title":"Der erste Schweizer Notfallkoffer f\u00fcr KMU - Organisator","description":"Wenn der Chef in einem KMU von heute auf morgen ausf\u00e4llt, kann das f\u00fcr die Firma schnell zur existenziellen Krise werden. Ein Notfallkoffer sorgt dabei vor.","robots":{"index":"index","follow":"follow","max-snippet":"max-snippet:-1","max-image-preview":"max-image-preview:large","max-video-preview":"max-video-preview:-1"},"canonical":"https:\/\/www.organisator.ch\/de\/management\/2018-12-04\/der-erste-schweizer-notfallkoffer-fuer-kmu\/","og_locale":"de_DE","og_type":"article","og_title":"Der erste Schweizer Notfallkoffer f\u00fcr KMU","og_description":"Wenn der Chef in einem KMU von heute auf morgen ausf\u00e4llt, kann das f\u00fcr die Firma schnell zur existenziellen Krise werden. Ein Notfallkoffer sorgt dabei vor.","og_url":"https:\/\/www.organisator.ch\/de\/management\/2018-12-04\/der-erste-schweizer-notfallkoffer-fuer-kmu\/","og_site_name":"Organisator","article_publisher":"https:\/\/www.facebook.com\/OrganisatorFachmagazin","article_published_time":"2018-12-04T14:00:18+00:00","og_image":[{"width":680,"height":544,"url":"https:\/\/www.organisator.ch\/wp-content\/uploads\/2018\/12\/Der-erste-Schweizer-Notfallkoffer-fuer-KMU_Organisator.jpg","type":"image\/jpeg"}],"author":"thomas.berner","twitter_card":"summary_large_image","twitter_title":"Der erste Schweizer #Notfallkoffer f\u00fcr KMU","twitter_description":"Wenn der Chef in einem KMU von heute auf morgen ausf\u00e4llt, kann das f\u00fcr die Firma schnell zur existenziellen Krise werden. Ein #Notfallkoffer sorgt dabei vor.","twitter_image":"https:\/\/www.organisator.ch\/wp-content\/uploads\/2018\/12\/Der-erste-Schweizer-Notfallkoffer-f\u00fcr-KMU_Organisator.jpg","schema":{"@context":"https:\/\/schema.org","@graph":[{"@type":"Article","@id":"https:\/\/www.organisator.ch\/management\/2018-12-04\/der-erste-schweizer-notfallkoffer-fuer-kmu\/#article","isPartOf":{"@id":"https:\/\/www.organisator.ch\/management\/2018-12-04\/der-erste-schweizer-notfallkoffer-fuer-kmu\/"},"author":{"name":"thomas.berner","@id":"https:\/\/www.organisator.ch\/#\/schema\/person\/6f650f90b2842cd4c0cc334b4e36f67e"},"headline":"Der erste Schweizer Notfallkoffer f\u00fcr KMU","datePublished":"2018-12-04T14:00:18+00:00","mainEntityOfPage":{"@id":"https:\/\/www.organisator.ch\/management\/2018-12-04\/der-erste-schweizer-notfallkoffer-fuer-kmu\/"},"wordCount":371,"commentCount":0,"publisher":{"@id":"https:\/\/www.organisator.ch\/#organization"},"image":{"@id":"https:\/\/www.organisator.ch\/management\/2018-12-04\/der-erste-schweizer-notfallkoffer-fuer-kmu\/#primaryimage"},"thumbnailUrl":"https:\/\/www.organisator.ch\/wp-content\/uploads\/2018\/12\/Der-erste-Schweizer-Notfallkoffer-fuer-KMU_Organisator.jpg","keywords":["Management und Unternehmensf\u00fchrung","Produkte","Sicherheit","Vorsorge"],"articleSection":["MANAGEMENT"],"inLanguage":"de"},{"@type":"WebPage","@id":"https:\/\/www.organisator.ch\/management\/2018-12-04\/der-erste-schweizer-notfallkoffer-fuer-kmu\/","url":"https:\/\/www.organisator.ch\/management\/2018-12-04\/der-erste-schweizer-notfallkoffer-fuer-kmu\/","name":"Der erste Schweizer Notfallkoffer f\u00fcr KMU - Organisator","isPartOf":{"@id":"https:\/\/www.organisator.ch\/#website"},"primaryImageOfPage":{"@id":"https:\/\/www.organisator.ch\/management\/2018-12-04\/der-erste-schweizer-notfallkoffer-fuer-kmu\/#primaryimage"},"image":{"@id":"https:\/\/www.organisator.ch\/management\/2018-12-04\/der-erste-schweizer-notfallkoffer-fuer-kmu\/#primaryimage"},"thumbnailUrl":"https:\/\/www.organisator.ch\/wp-content\/uploads\/2018\/12\/Der-erste-Schweizer-Notfallkoffer-fuer-KMU_Organisator.jpg","datePublished":"2018-12-04T14:00:18+00:00","description":"Wenn der Chef in einem KMU von heute auf morgen ausf\u00e4llt, kann das f\u00fcr die Firma schnell zur existenziellen Krise werden. Ein Notfallkoffer sorgt dabei vor.","breadcrumb":{"@id":"https:\/\/www.organisator.ch\/management\/2018-12-04\/der-erste-schweizer-notfallkoffer-fuer-kmu\/#breadcrumb"},"inLanguage":"de","potentialAction":[{"@type":"ReadAction","target":["https:\/\/www.organisator.ch\/management\/2018-12-04\/der-erste-schweizer-notfallkoffer-fuer-kmu\/"]}]},{"@type":"ImageObject","inLanguage":"de","@id":"https:\/\/www.organisator.ch\/management\/2018-12-04\/der-erste-schweizer-notfallkoffer-fuer-kmu\/#primaryimage","url":"https:\/\/www.organisator.ch\/wp-content\/uploads\/2018\/12\/Der-erste-Schweizer-Notfallkoffer-fuer-KMU_Organisator.jpg","contentUrl":"https:\/\/www.organisator.ch\/wp-content\/uploads\/2018\/12\/Der-erste-Schweizer-Notfallkoffer-fuer-KMU_Organisator.jpg","width":680,"height":544,"caption":"F\u00fcr KMU gibt es nun einen Notfallkoffer: Er kommt zum Einsatz, wenn etwa der Gesch\u00e4ftsf\u00fchrer pl\u00f6tzlich ausf\u00e4llt. (Symbolbild; S. Hofschlaeger \/ pixelio.de)"},{"@type":"BreadcrumbList","@id":"https:\/\/www.organisator.ch\/management\/2018-12-04\/der-erste-schweizer-notfallkoffer-fuer-kmu\/#breadcrumb","itemListElement":[{"@type":"ListItem","position":1,"name":"Home","item":"https:\/\/www.organisator.ch\/"},{"@type":"ListItem","position":2,"name":"Der erste Schweizer Notfallkoffer f\u00fcr KMU"}]},{"@type":"WebSite","@id":"https:\/\/www.organisator.ch\/#website","url":"https:\/\/www.organisator.ch\/","name":"Organisator","description":"Kompetent. Praxisnah. Der ORGANISATOR bereitet in 10 Ausgaben pro Jahr die wesentlichen Themen f\u00fcr F\u00fchrungskr\u00e4fte von KMU auf.","publisher":{"@id":"https:\/\/www.organisator.ch\/#organization"},"potentialAction":[{"@type":"SearchAction","target":{"@type":"EntryPoint","urlTemplate":"https:\/\/www.organisator.ch\/?s={search_term_string}"},"query-input":{"@type":"PropertyValueSpecification","valueRequired":true,"valueName":"search_term_string"}}],"inLanguage":"de"},{"@type":"Organization","@id":"https:\/\/www.organisator.ch\/#organization","name":"Organisator","url":"https:\/\/www.organisator.ch\/","logo":{"@type":"ImageObject","inLanguage":"de","@id":"https:\/\/www.organisator.ch\/#\/schema\/logo\/image\/","url":"https:\/\/www.organisator.ch\/wp-content\/uploads\/2022\/01\/Logo_Organisator_Website.png","contentUrl":"https:\/\/www.organisator.ch\/wp-content\/uploads\/2022\/01\/Logo_Organisator_Website.png","width":800,"height":77,"caption":"Organisator"},"image":{"@id":"https:\/\/www.organisator.ch\/#\/schema\/logo\/image\/"},"sameAs":["https:\/\/www.facebook.com\/OrganisatorFachmagazin","https:\/\/www.linkedin.com\/showcase\/organisator-das-magazin-fr-kmu","https:\/\/www.xing.com\/news\/pages\/organisator-ch-695","https:\/\/www.youtube.com\/channel\/UCGP2Sq0iWaZwT3BdIAQFYpw"]},{"@type":"Person","@id":"https:\/\/www.organisator.ch\/#\/schema\/person\/6f650f90b2842cd4c0cc334b4e36f67e","name":"thomas.berner","image":{"@type":"ImageObject","inLanguage":"de","@id":"https:\/\/secure.gravatar.com\/avatar\/ac5001d2a36cb6c6cd3e50789007ffca834b477b74a2144564522e944eabff61?s=96&d=mm&r=g","url":"https:\/\/secure.gravatar.com\/avatar\/ac5001d2a36cb6c6cd3e50789007ffca834b477b74a2144564522e944eabff61?s=96&d=mm&r=g","contentUrl":"https:\/\/secure.gravatar.com\/avatar\/ac5001d2a36cb6c6cd3e50789007ffca834b477b74a2144564522e944eabff61?s=96&d=mm&r=g","caption":"thomas.berner"},"url":"https:\/\/www.organisator.ch\/de\/author\/thomas-berner\/"}]}},"_links":{"self":[{"href":"https:\/\/www.organisator.ch\/de\/wp-json\/wp\/v2\/posts\/4610","targetHints":{"allow":["GET"]}}],"collection":[{"href":"https:\/\/www.organisator.ch\/de\/wp-json\/wp\/v2\/posts"}],"about":[{"href":"https:\/\/www.organisator.ch\/de\/wp-json\/wp\/v2\/types\/post"}],"author":[{"embeddable":true,"href":"https:\/\/www.organisator.ch\/de\/wp-json\/wp\/v2\/users\/4"}],"replies":[{"embeddable":true,"href":"https:\/\/www.organisator.ch\/de\/wp-json\/wp\/v2\/comments?post=4610"}],"version-history":[{"count":0,"href":"https:\/\/www.organisator.ch\/de\/wp-json\/wp\/v2\/posts\/4610\/revisions"}],"wp:featuredmedia":[{"embeddable":true,"href":"https:\/\/www.organisator.ch\/de\/wp-json\/wp\/v2\/media\/4613"}],"wp:attachment":[{"href":"https:\/\/www.organisator.ch\/de\/wp-json\/wp\/v2\/media?parent=4610"}],"wp:term":[{"taxonomy":"category","embeddable":true,"href":"https:\/\/www.organisator.ch\/de\/wp-json\/wp\/v2\/categories?post=4610"},{"taxonomy":"post_tag","embeddable":true,"href":"https:\/\/www.organisator.ch\/de\/wp-json\/wp\/v2\/tags?post=4610"}],"curies":[{"name":"wp","href":"https:\/\/api.w.org\/{rel}","templated":true}]}}