{"id":46101,"date":"2026-03-16T16:18:14","date_gmt":"2026-03-16T15:18:14","guid":{"rendered":"https:\/\/www.organisator.ch\/de\/?p=46101"},"modified":"2026-03-16T16:18:14","modified_gmt":"2026-03-16T15:18:14","slug":"phaenomena-on-tour-startet-in-dietikon-mit-fokus-auf-ki-und-robotik","status":"publish","type":"post","link":"https:\/\/www.organisator.ch\/de\/allgemein\/2026-03-16\/phaenomena-on-tour-startet-in-dietikon-mit-fokus-auf-ki-und-robotik\/","title":{"rendered":"Ph\u00e4nomena on Tour startet in Dietikon mit Fokus auf KI und Robotik"},"content":{"rendered":"<figure id=\"attachment_46097\" aria-describedby=\"caption-attachment-46097\" style=\"width: 1400px\" class=\"wp-caption alignnone\"><img loading=\"lazy\" decoding=\"async\" class=\"size-full wp-image-46097\" src=\"https:\/\/www.organisator.ch\/wp-content\/uploads\/2026\/03\/Beim-Exponat-Tethy-kA\u00b6nnen-Besucherinnen-lernen-wie-weit-die-Meeresbodenforschung-ist.c-David-Biedert-scaled.jpg\" alt=\"\" width=\"1400\" height=\"934\" srcset=\"https:\/\/www.organisator.ch\/wp-content\/uploads\/2026\/03\/Beim-Exponat-Tethy-kA\u00b6nnen-Besucherinnen-lernen-wie-weit-die-Meeresbodenforschung-ist.c-David-Biedert-scaled.jpg 1400w, https:\/\/www.organisator.ch\/wp-content\/uploads\/2026\/03\/Beim-Exponat-Tethy-kA\u00b6nnen-Besucherinnen-lernen-wie-weit-die-Meeresbodenforschung-ist.c-David-Biedert-680x454.jpg 680w, https:\/\/www.organisator.ch\/wp-content\/uploads\/2026\/03\/Beim-Exponat-Tethy-kA\u00b6nnen-Besucherinnen-lernen-wie-weit-die-Meeresbodenforschung-ist.c-David-Biedert-1024x683.jpg 1024w, https:\/\/www.organisator.ch\/wp-content\/uploads\/2026\/03\/Beim-Exponat-Tethy-kA\u00b6nnen-Besucherinnen-lernen-wie-weit-die-Meeresbodenforschung-ist.c-David-Biedert-768x512.jpg 768w, https:\/\/www.organisator.ch\/wp-content\/uploads\/2026\/03\/Beim-Exponat-Tethy-kA\u00b6nnen-Besucherinnen-lernen-wie-weit-die-Meeresbodenforschung-ist.c-David-Biedert-1536x1024.jpg 1536w, https:\/\/www.organisator.ch\/wp-content\/uploads\/2026\/03\/Beim-Exponat-Tethy-kA\u00b6nnen-Besucherinnen-lernen-wie-weit-die-Meeresbodenforschung-ist.c-David-Biedert-2048x1366.jpg 2048w, https:\/\/www.organisator.ch\/wp-content\/uploads\/2026\/03\/Beim-Exponat-Tethy-kA\u00b6nnen-Besucherinnen-lernen-wie-weit-die-Meeresbodenforschung-ist.c-David-Biedert-18x12.jpg 18w, https:\/\/www.organisator.ch\/wp-content\/uploads\/2026\/03\/Beim-Exponat-Tethy-kA\u00b6nnen-Besucherinnen-lernen-wie-weit-die-Meeresbodenforschung-ist.c-David-Biedert-375x250.jpg 375w, https:\/\/www.organisator.ch\/wp-content\/uploads\/2026\/03\/Beim-Exponat-Tethy-kA\u00b6nnen-Besucherinnen-lernen-wie-weit-die-Meeresbodenforschung-ist.c-David-Biedert-525x350.jpg 525w, https:\/\/www.organisator.ch\/wp-content\/uploads\/2026\/03\/Beim-Exponat-Tethy-kA\u00b6nnen-Besucherinnen-lernen-wie-weit-die-Meeresbodenforschung-ist.c-David-Biedert-1000x667.jpg 1000w\" sizes=\"auto, (max-width: 1400px) 100vw, 1400px\" \/><figcaption id=\"caption-attachment-46097\" class=\"wp-caption-text\">Exponat Tethy zeigt Fortschritte der Meeresbodenforschung. Quelle: zvg<\/figcaption><\/figure>\n<p>Am Samstag, 14. M\u00e4rz, hat die Ph\u00e4nomena 2026 ihre Tour gestartet. In sechs aufblasbaren Kugeln in Dietikon ist eine Erlebniswelt entstanden, die Erwachsene und Kinder f\u00fcr Wissenschaft begeistern will. Im Mittelpunkt stehen K\u00fcnstliche Intelligenz und Robotik \u2013 zwei Technologien, die den Alltag bereits grundlegend ver\u00e4ndert haben, deren Funktionsweise aber nur wenige verstehen.<\/p>\n<h3>Wissenschaft zum Anfassen<\/h3>\n<p>Bereits am Freitag, 13. M\u00e4rz, lud die Ph\u00e4nomena Partner:innen und Sponsor:innen zur feierlichen Er\u00f6ffnung ein, an der auch Bundespr\u00e4sident Guy Parmelin teilnahm. In den interaktiven Stationen warten Roboter und Pflanzen-Installationen, die sichtbar machen, wie Algorithmen funktionieren, wie KI \u00abdenkt\u00bb und welche ethische Verantwortung mit neuer Technologie einhergeht.<\/p>\n<figure id=\"attachment_46099\" aria-describedby=\"caption-attachment-46099\" style=\"width: 1400px\" class=\"wp-caption alignnone\"><img loading=\"lazy\" decoding=\"async\" class=\"size-full wp-image-46099\" src=\"https:\/\/www.organisator.ch\/wp-content\/uploads\/2026\/03\/Besucherinnen-werden-zu-KA\u00bcnstlerinnen-Was-erkennt-die-KI-in-einer-Bewegung-c-David-Biedert-1-scaled.jpg\" alt=\"\" width=\"1400\" height=\"934\" srcset=\"https:\/\/www.organisator.ch\/wp-content\/uploads\/2026\/03\/Besucherinnen-werden-zu-KA\u00bcnstlerinnen-Was-erkennt-die-KI-in-einer-Bewegung-c-David-Biedert-1-scaled.jpg 1400w, https:\/\/www.organisator.ch\/wp-content\/uploads\/2026\/03\/Besucherinnen-werden-zu-KA\u00bcnstlerinnen-Was-erkennt-die-KI-in-einer-Bewegung-c-David-Biedert-1-680x454.jpg 680w, https:\/\/www.organisator.ch\/wp-content\/uploads\/2026\/03\/Besucherinnen-werden-zu-KA\u00bcnstlerinnen-Was-erkennt-die-KI-in-einer-Bewegung-c-David-Biedert-1-1024x683.jpg 1024w, https:\/\/www.organisator.ch\/wp-content\/uploads\/2026\/03\/Besucherinnen-werden-zu-KA\u00bcnstlerinnen-Was-erkennt-die-KI-in-einer-Bewegung-c-David-Biedert-1-768x512.jpg 768w, https:\/\/www.organisator.ch\/wp-content\/uploads\/2026\/03\/Besucherinnen-werden-zu-KA\u00bcnstlerinnen-Was-erkennt-die-KI-in-einer-Bewegung-c-David-Biedert-1-1536x1024.jpg 1536w, https:\/\/www.organisator.ch\/wp-content\/uploads\/2026\/03\/Besucherinnen-werden-zu-KA\u00bcnstlerinnen-Was-erkennt-die-KI-in-einer-Bewegung-c-David-Biedert-1-2048x1366.jpg 2048w, https:\/\/www.organisator.ch\/wp-content\/uploads\/2026\/03\/Besucherinnen-werden-zu-KA\u00bcnstlerinnen-Was-erkennt-die-KI-in-einer-Bewegung-c-David-Biedert-1-18x12.jpg 18w, https:\/\/www.organisator.ch\/wp-content\/uploads\/2026\/03\/Besucherinnen-werden-zu-KA\u00bcnstlerinnen-Was-erkennt-die-KI-in-einer-Bewegung-c-David-Biedert-1-375x250.jpg 375w, https:\/\/www.organisator.ch\/wp-content\/uploads\/2026\/03\/Besucherinnen-werden-zu-KA\u00bcnstlerinnen-Was-erkennt-die-KI-in-einer-Bewegung-c-David-Biedert-1-525x350.jpg 525w, https:\/\/www.organisator.ch\/wp-content\/uploads\/2026\/03\/Besucherinnen-werden-zu-KA\u00bcnstlerinnen-Was-erkennt-die-KI-in-einer-Bewegung-c-David-Biedert-1-1000x667.jpg 1000w\" sizes=\"auto, (max-width: 1400px) 100vw, 1400px\" \/><figcaption id=\"caption-attachment-46099\" class=\"wp-caption-text\">Besucher entdecken Kunst, die KI aus Bewegung generiert. Quelle: zvg<\/figcaption><\/figure>\n<p>\u00abAls Kind hat mich die Ph\u00e4nomena gelehrt, dass die Welt voller Wunder ist\u00bb, sagt Urs M\u00fcller, Gesamtleiter der Ph\u00e4nomena und Sohn des Gr\u00fcnders Georg M\u00fcller. \u00abDieses Erbe weiterzuf\u00fchren, bedeutet f\u00fcr mich, die Faszination meiner eigenen Kindheit an die Zukunft weiterzugeben.\u00bb<\/p>\n<p>Laut Bundesamt f\u00fcr Statistik nutzen 80 Prozent der 18- bis 24-J\u00e4hrigen in der Schweiz KI beim Texten. Doch wie Sprachmodelle funktionieren, verstehen die wenigsten. Genau hier setzt die Ph\u00e4nomena an. Naturph\u00e4nomene, digitale Prozesse und gesellschaftliche Entwicklungen werden immersiv inszeniert. Aus Erleben wird Staunen, aus Staunen wird Verstehen.<\/p>\n<h3>Erfolgreicher Start am Er\u00f6ffnungswochenende<\/h3>\n<p>Viele Besucher:innen folgten am Er\u00f6ffnungswochenende dem Ruf der Wissenschaft und testeten die Exponate, programmierten Roboter f\u00fcr einen Kampf oder navigierten Unterwasserroboter durch ein Becken. \u00abWenn nur ein Besucher oder eine Besucherin durch die Ph\u00e4nomena inspiriert ist, eine wissenschaftliche Karriere einzuschlagen, haben wir alles richtig gemacht\u00bb, sagt Urs M\u00fcller.<\/p>\n<figure id=\"attachment_46100\" aria-describedby=\"caption-attachment-46100\" style=\"width: 1400px\" class=\"wp-caption alignnone\"><img loading=\"lazy\" decoding=\"async\" class=\"size-full wp-image-46100\" src=\"https:\/\/www.organisator.ch\/wp-content\/uploads\/2026\/03\/BundesprA\u00a4sident-Guy-Parmelin-testet-die-Rennstrecke.-c-David-Biedert-scaled.jpg\" alt=\"\" width=\"1400\" height=\"934\" srcset=\"https:\/\/www.organisator.ch\/wp-content\/uploads\/2026\/03\/BundesprA\u00a4sident-Guy-Parmelin-testet-die-Rennstrecke.-c-David-Biedert-scaled.jpg 1400w, https:\/\/www.organisator.ch\/wp-content\/uploads\/2026\/03\/BundesprA\u00a4sident-Guy-Parmelin-testet-die-Rennstrecke.-c-David-Biedert-680x454.jpg 680w, https:\/\/www.organisator.ch\/wp-content\/uploads\/2026\/03\/BundesprA\u00a4sident-Guy-Parmelin-testet-die-Rennstrecke.-c-David-Biedert-1024x683.jpg 1024w, https:\/\/www.organisator.ch\/wp-content\/uploads\/2026\/03\/BundesprA\u00a4sident-Guy-Parmelin-testet-die-Rennstrecke.-c-David-Biedert-768x512.jpg 768w, https:\/\/www.organisator.ch\/wp-content\/uploads\/2026\/03\/BundesprA\u00a4sident-Guy-Parmelin-testet-die-Rennstrecke.-c-David-Biedert-1536x1025.jpg 1536w, https:\/\/www.organisator.ch\/wp-content\/uploads\/2026\/03\/BundesprA\u00a4sident-Guy-Parmelin-testet-die-Rennstrecke.-c-David-Biedert-2048x1366.jpg 2048w, https:\/\/www.organisator.ch\/wp-content\/uploads\/2026\/03\/BundesprA\u00a4sident-Guy-Parmelin-testet-die-Rennstrecke.-c-David-Biedert-18x12.jpg 18w, https:\/\/www.organisator.ch\/wp-content\/uploads\/2026\/03\/BundesprA\u00a4sident-Guy-Parmelin-testet-die-Rennstrecke.-c-David-Biedert-375x250.jpg 375w, https:\/\/www.organisator.ch\/wp-content\/uploads\/2026\/03\/BundesprA\u00a4sident-Guy-Parmelin-testet-die-Rennstrecke.-c-David-Biedert-525x350.jpg 525w, https:\/\/www.organisator.ch\/wp-content\/uploads\/2026\/03\/BundesprA\u00a4sident-Guy-Parmelin-testet-die-Rennstrecke.-c-David-Biedert-1000x667.jpg 1000w\" sizes=\"auto, (max-width: 1400px) 100vw, 1400px\" \/><figcaption id=\"caption-attachment-46100\" class=\"wp-caption-text\">Bundespr\u00e4sident Guy Parmelin testet interaktive Rennstrecke. Quelle: zvg<\/figcaption><\/figure>\n<h3>Vom festen Standort zur mobilen Tour<\/h3>\n<p>Dass die Ph\u00e4nomena on Tour heute Realit\u00e4t ist, war nicht immer selbstverst\u00e4ndlich. Die urspr\u00fcngliche Idee einer festen Ausstellung in Dietikon wurde verworfen und in ein mobiles, zeitgem\u00e4sses Konzept \u00fcberf\u00fchrt. \u00abWir haben unsere Ursprungsidee neu gedacht und ein Format entwickelt, das zur heutigen Welt passt\u00bb, erkl\u00e4rt Urs M\u00fcller. \u00abIn 42 Jahren hat sich vieles ver\u00e4ndert: Wissen muss flexibler, zug\u00e4nglicher und n\u00e4her bei den Menschen sein. Mit der Tour bringen wir die Ph\u00e4nomena direkt in die Regionen und schaffen neue Begegnungen mit Wissenschaft.\u00bb<\/p>\n<p>Das Konzept trifft den Nerv der Zeit. In einer Welt, die immer digitaler, schneller und komplexer wird, schafft die Ph\u00e4nomena einen Ort, an dem Technologie nicht abstrakt bleibt, sondern greifbar wird. Als wandernde Erlebniswelt bringt sie Wissenschaft direkt zu den Menschen.<\/p>\n<h3>Tour durch die Schweiz<\/h3>\n<p>KI und Robotik sind das erste Thema der Ph\u00e4nomena on Tour. Jedes Jahr wird ein neuer Schwerpunkt gesetzt. Nach Dietikon, wo die Ausstellung bis zum 19. April zu sehen ist, folgen weitere Standorte: Basel, Yverdon, Luzern, Altst\u00e4tten, Z\u00fcrich und Biel. Erg\u00e4nzt wird das Angebot durch die App Ph\u00e4nomena Spot, die Naturph\u00e4nomene, technische Innovationen und kulturelle Besonderheiten schweizweit digital erlebbar macht.<\/p>\n<p>Mit dem Start in Dietikon ist der Auftakt gelungen. Die Ph\u00e4nomena 2026 ist damit nicht nur eine Erlebniswelt, sondern ein wanderndes Zukunftslabor, das Wissenschaft dorthin bringt, wo sie hingeh\u00f6rt: mitten in die Gesellschaft.<\/p>\n<p><em>Weitere Informationen und Tickets: <a href=\"https:\/\/www.phaenomena.ch\" target=\"_blank\" rel=\"noopener\">www.phaenomena.ch<\/a><\/em><\/p>\n","protected":false},"excerpt":{"rendered":"<p>Nach 42 Jahren feiert die legend\u00e4re Schweizer Wissenschaftsausstellung ihr Comeback als mobile Erlebniswelt. Am 14. M\u00e4rz startete die Ph\u00e4nomena on Tour in Dietikon und macht Themen wie K\u00fcnstliche Intelligenz und Robotik interaktiv erlebbar. Bundespr\u00e4sident Guy Parmelin wohnte der feierlichen Er\u00f6ffnung bei.<\/p>\n","protected":false},"author":107,"featured_media":46097,"comment_status":"closed","ping_status":"closed","sticky":false,"template":"","format":"standard","meta":{"_acf_changed":false,"_yoast_wpseo_focuskw":"Ph\u00e4nomena on Tour","_yoast_wpseo_metadesc":"Nach 42 Jahren kehrt die Ph\u00e4nomena als mobile Ausstellung zur\u00fcck. Start in Dietikon mit Fokus auf KI und Robotik \u2013 interaktiv und erlebbar.","articlekey":"","footnotes":""},"categories":[1],"tags":[319,420,502,533],"class_list":["post-46101","post","type-post","status-publish","format-standard","has-post-thumbnail","hentry","category-allgemein","tag-kuenstliche-intelligenz","tag-robotik","tag-veranstaltungen","tag-wissenschaft"],"acf":[],"yoast_head":"<!-- This site is optimized with the Yoast SEO plugin v27.5 - https:\/\/yoast.com\/product\/yoast-seo-wordpress\/ -->\n<title>Ph\u00e4nomena on Tour startet in Dietikon mit Fokus auf KI und Robotik - Organisator<\/title>\n<meta name=\"description\" content=\"Nach 42 Jahren kehrt die Ph\u00e4nomena als mobile Ausstellung zur\u00fcck. Start in Dietikon mit Fokus auf KI und Robotik \u2013 interaktiv und erlebbar.\" \/>\n<meta name=\"robots\" content=\"index, follow, max-snippet:-1, max-image-preview:large, max-video-preview:-1\" \/>\n<link rel=\"canonical\" href=\"https:\/\/www.organisator.ch\/de\/allgemein\/2026-03-16\/phaenomena-on-tour-startet-in-dietikon-mit-fokus-auf-ki-und-robotik\/\" \/>\n<meta property=\"og:locale\" content=\"de_DE\" \/>\n<meta property=\"og:type\" content=\"article\" \/>\n<meta property=\"og:title\" content=\"Ph\u00e4nomena on Tour startet in Dietikon mit Fokus auf KI und Robotik\" \/>\n<meta property=\"og:description\" content=\"Nach 42 Jahren kehrt die Ph\u00e4nomena als mobile Ausstellung zur\u00fcck. Start in Dietikon mit Fokus auf KI und Robotik \u2013 interaktiv und erlebbar.\" \/>\n<meta property=\"og:url\" content=\"https:\/\/www.organisator.ch\/de\/allgemein\/2026-03-16\/phaenomena-on-tour-startet-in-dietikon-mit-fokus-auf-ki-und-robotik\/\" \/>\n<meta property=\"og:site_name\" content=\"Organisator\" \/>\n<meta property=\"article:publisher\" content=\"https:\/\/www.facebook.com\/OrganisatorFachmagazin\" \/>\n<meta property=\"article:published_time\" content=\"2026-03-16T15:18:14+00:00\" \/>\n<meta property=\"og:image\" content=\"https:\/\/www.organisator.ch\/wp-content\/uploads\/2026\/03\/Beim-Exponat-Tethy-kA\u00b6nnen-Besucherinnen-lernen-wie-weit-die-Meeresbodenforschung-ist.c-David-Biedert-scaled.jpg\" \/>\n\t<meta property=\"og:image:width\" content=\"1400\" \/>\n\t<meta property=\"og:image:height\" content=\"934\" \/>\n\t<meta property=\"og:image:type\" content=\"image\/jpeg\" \/>\n<meta name=\"author\" content=\"n8n\" \/>\n<meta name=\"twitter:card\" content=\"summary_large_image\" \/>\n<meta name=\"twitter:title\" content=\"#Ph\u00e4nomena on Tour startet in #Dietikon mit Fokus auf KI und #Robotik\" \/>\n<meta name=\"twitter:description\" content=\"Nach 42 Jahren kehrt die #Ph\u00e4nomena als mobile Ausstellung zur\u00fcck. Start in Dietikon mit Fokus auf KI und #Robotik \u2013 interaktiv und erlebbar.\" \/>\n<meta name=\"twitter:image\" content=\"https:\/\/www.organisator.ch\/wp-content\/uploads\/2026\/03\/Beim-Exponat-Tethy-kA\u00b6nnen-Besucherinnen-lernen-wie-weit-die-Meeresbodenforschung-ist.c-David-Biedert-scaled.jpg\" \/>\n<script type=\"application\/ld+json\" class=\"yoast-schema-graph\">{\"@context\":\"https:\\\/\\\/schema.org\",\"@graph\":[{\"@type\":\"Article\",\"@id\":\"https:\\\/\\\/www.organisator.ch\\\/allgemein\\\/2026-03-16\\\/phaenomena-on-tour-startet-in-dietikon-mit-fokus-auf-ki-und-robotik\\\/#article\",\"isPartOf\":{\"@id\":\"https:\\\/\\\/www.organisator.ch\\\/allgemein\\\/2026-03-16\\\/phaenomena-on-tour-startet-in-dietikon-mit-fokus-auf-ki-und-robotik\\\/\"},\"author\":{\"name\":\"n8n\",\"@id\":\"https:\\\/\\\/www.organisator.ch\\\/#\\\/schema\\\/person\\\/a9d0e0eff238db87a8f840f3b50359f0\"},\"headline\":\"Ph\u00e4nomena on Tour startet in Dietikon mit Fokus auf KI und Robotik\",\"datePublished\":\"2026-03-16T15:18:14+00:00\",\"mainEntityOfPage\":{\"@id\":\"https:\\\/\\\/www.organisator.ch\\\/allgemein\\\/2026-03-16\\\/phaenomena-on-tour-startet-in-dietikon-mit-fokus-auf-ki-und-robotik\\\/\"},\"wordCount\":575,\"publisher\":{\"@id\":\"https:\\\/\\\/www.organisator.ch\\\/#organization\"},\"image\":{\"@id\":\"https:\\\/\\\/www.organisator.ch\\\/allgemein\\\/2026-03-16\\\/phaenomena-on-tour-startet-in-dietikon-mit-fokus-auf-ki-und-robotik\\\/#primaryimage\"},\"thumbnailUrl\":\"https:\\\/\\\/www.organisator.ch\\\/wp-content\\\/uploads\\\/2026\\\/03\\\/Beim-Exponat-Tethy-kA\u00b6nnen-Besucherinnen-lernen-wie-weit-die-Meeresbodenforschung-ist.c-David-Biedert-scaled.jpg\",\"keywords\":[\"K\u00fcnstliche Intelligenz\",\"Robotik\",\"Veranstaltungen\",\"Wissenschaft\"],\"inLanguage\":\"de\"},{\"@type\":\"WebPage\",\"@id\":\"https:\\\/\\\/www.organisator.ch\\\/allgemein\\\/2026-03-16\\\/phaenomena-on-tour-startet-in-dietikon-mit-fokus-auf-ki-und-robotik\\\/\",\"url\":\"https:\\\/\\\/www.organisator.ch\\\/allgemein\\\/2026-03-16\\\/phaenomena-on-tour-startet-in-dietikon-mit-fokus-auf-ki-und-robotik\\\/\",\"name\":\"Ph\u00e4nomena on Tour startet in Dietikon mit Fokus auf KI und Robotik - Organisator\",\"isPartOf\":{\"@id\":\"https:\\\/\\\/www.organisator.ch\\\/#website\"},\"primaryImageOfPage\":{\"@id\":\"https:\\\/\\\/www.organisator.ch\\\/allgemein\\\/2026-03-16\\\/phaenomena-on-tour-startet-in-dietikon-mit-fokus-auf-ki-und-robotik\\\/#primaryimage\"},\"image\":{\"@id\":\"https:\\\/\\\/www.organisator.ch\\\/allgemein\\\/2026-03-16\\\/phaenomena-on-tour-startet-in-dietikon-mit-fokus-auf-ki-und-robotik\\\/#primaryimage\"},\"thumbnailUrl\":\"https:\\\/\\\/www.organisator.ch\\\/wp-content\\\/uploads\\\/2026\\\/03\\\/Beim-Exponat-Tethy-kA\u00b6nnen-Besucherinnen-lernen-wie-weit-die-Meeresbodenforschung-ist.c-David-Biedert-scaled.jpg\",\"datePublished\":\"2026-03-16T15:18:14+00:00\",\"description\":\"Nach 42 Jahren kehrt die Ph\u00e4nomena als mobile Ausstellung zur\u00fcck. Start in Dietikon mit Fokus auf KI und Robotik \u2013 interaktiv und erlebbar.\",\"breadcrumb\":{\"@id\":\"https:\\\/\\\/www.organisator.ch\\\/allgemein\\\/2026-03-16\\\/phaenomena-on-tour-startet-in-dietikon-mit-fokus-auf-ki-und-robotik\\\/#breadcrumb\"},\"inLanguage\":\"de\",\"potentialAction\":[{\"@type\":\"ReadAction\",\"target\":[\"https:\\\/\\\/www.organisator.ch\\\/allgemein\\\/2026-03-16\\\/phaenomena-on-tour-startet-in-dietikon-mit-fokus-auf-ki-und-robotik\\\/\"]}]},{\"@type\":\"ImageObject\",\"inLanguage\":\"de\",\"@id\":\"https:\\\/\\\/www.organisator.ch\\\/allgemein\\\/2026-03-16\\\/phaenomena-on-tour-startet-in-dietikon-mit-fokus-auf-ki-und-robotik\\\/#primaryimage\",\"url\":\"https:\\\/\\\/www.organisator.ch\\\/wp-content\\\/uploads\\\/2026\\\/03\\\/Beim-Exponat-Tethy-kA\u00b6nnen-Besucherinnen-lernen-wie-weit-die-Meeresbodenforschung-ist.c-David-Biedert-scaled.jpg\",\"contentUrl\":\"https:\\\/\\\/www.organisator.ch\\\/wp-content\\\/uploads\\\/2026\\\/03\\\/Beim-Exponat-Tethy-kA\u00b6nnen-Besucherinnen-lernen-wie-weit-die-Meeresbodenforschung-ist.c-David-Biedert-scaled.jpg\",\"width\":1400,\"height\":934,\"caption\":\"Exponat Tethy zeigt Fortschritte der Meeresbodenforschung. Quelle: zvg\"},{\"@type\":\"BreadcrumbList\",\"@id\":\"https:\\\/\\\/www.organisator.ch\\\/allgemein\\\/2026-03-16\\\/phaenomena-on-tour-startet-in-dietikon-mit-fokus-auf-ki-und-robotik\\\/#breadcrumb\",\"itemListElement\":[{\"@type\":\"ListItem\",\"position\":1,\"name\":\"Home\",\"item\":\"https:\\\/\\\/www.organisator.ch\\\/\"},{\"@type\":\"ListItem\",\"position\":2,\"name\":\"Ph\u00e4nomena on Tour startet in Dietikon mit Fokus auf KI und Robotik\"}]},{\"@type\":\"WebSite\",\"@id\":\"https:\\\/\\\/www.organisator.ch\\\/#website\",\"url\":\"https:\\\/\\\/www.organisator.ch\\\/\",\"name\":\"Organisator\",\"description\":\"Kompetent. Praxisnah. Der ORGANISATOR bereitet in 10 Ausgaben pro Jahr die wesentlichen Themen f\u00fcr F\u00fchrungskr\u00e4fte von KMU auf.\",\"publisher\":{\"@id\":\"https:\\\/\\\/www.organisator.ch\\\/#organization\"},\"potentialAction\":[{\"@type\":\"SearchAction\",\"target\":{\"@type\":\"EntryPoint\",\"urlTemplate\":\"https:\\\/\\\/www.organisator.ch\\\/?s={search_term_string}\"},\"query-input\":{\"@type\":\"PropertyValueSpecification\",\"valueRequired\":true,\"valueName\":\"search_term_string\"}}],\"inLanguage\":\"de\"},{\"@type\":\"Organization\",\"@id\":\"https:\\\/\\\/www.organisator.ch\\\/#organization\",\"name\":\"Organisator\",\"url\":\"https:\\\/\\\/www.organisator.ch\\\/\",\"logo\":{\"@type\":\"ImageObject\",\"inLanguage\":\"de\",\"@id\":\"https:\\\/\\\/www.organisator.ch\\\/#\\\/schema\\\/logo\\\/image\\\/\",\"url\":\"https:\\\/\\\/www.organisator.ch\\\/wp-content\\\/uploads\\\/2022\\\/01\\\/Logo_Organisator_Website.png\",\"contentUrl\":\"https:\\\/\\\/www.organisator.ch\\\/wp-content\\\/uploads\\\/2022\\\/01\\\/Logo_Organisator_Website.png\",\"width\":800,\"height\":77,\"caption\":\"Organisator\"},\"image\":{\"@id\":\"https:\\\/\\\/www.organisator.ch\\\/#\\\/schema\\\/logo\\\/image\\\/\"},\"sameAs\":[\"https:\\\/\\\/www.facebook.com\\\/OrganisatorFachmagazin\",\"https:\\\/\\\/www.linkedin.com\\\/showcase\\\/organisator-das-magazin-fr-kmu\",\"https:\\\/\\\/www.xing.com\\\/news\\\/pages\\\/organisator-ch-695\",\"https:\\\/\\\/www.youtube.com\\\/channel\\\/UCGP2Sq0iWaZwT3BdIAQFYpw\"]},{\"@type\":\"Person\",\"@id\":\"https:\\\/\\\/www.organisator.ch\\\/#\\\/schema\\\/person\\\/a9d0e0eff238db87a8f840f3b50359f0\",\"name\":\"n8n\",\"image\":{\"@type\":\"ImageObject\",\"inLanguage\":\"de\",\"@id\":\"https:\\\/\\\/secure.gravatar.com\\\/avatar\\\/5368fb9d03fd415a6f335cece4c15af2502d6ca8651efbd6e8f98427a9795400?s=96&d=mm&r=g\",\"url\":\"https:\\\/\\\/secure.gravatar.com\\\/avatar\\\/5368fb9d03fd415a6f335cece4c15af2502d6ca8651efbd6e8f98427a9795400?s=96&d=mm&r=g\",\"contentUrl\":\"https:\\\/\\\/secure.gravatar.com\\\/avatar\\\/5368fb9d03fd415a6f335cece4c15af2502d6ca8651efbd6e8f98427a9795400?s=96&d=mm&r=g\",\"caption\":\"n8n\"},\"url\":\"https:\\\/\\\/www.organisator.ch\\\/de\\\/author\\\/n8n\\\/\"}]}<\/script>\n<!-- \/ Yoast SEO plugin. -->","yoast_head_json":{"title":"Ph\u00e4nomena on Tour startet in Dietikon mit Fokus auf KI und Robotik - Organisator","description":"Nach 42 Jahren kehrt die Ph\u00e4nomena als mobile Ausstellung zur\u00fcck. Start in Dietikon mit Fokus auf KI und Robotik \u2013 interaktiv und erlebbar.","robots":{"index":"index","follow":"follow","max-snippet":"max-snippet:-1","max-image-preview":"max-image-preview:large","max-video-preview":"max-video-preview:-1"},"canonical":"https:\/\/www.organisator.ch\/de\/allgemein\/2026-03-16\/phaenomena-on-tour-startet-in-dietikon-mit-fokus-auf-ki-und-robotik\/","og_locale":"de_DE","og_type":"article","og_title":"Ph\u00e4nomena on Tour startet in Dietikon mit Fokus auf KI und Robotik","og_description":"Nach 42 Jahren kehrt die Ph\u00e4nomena als mobile Ausstellung zur\u00fcck. Start in Dietikon mit Fokus auf KI und Robotik \u2013 interaktiv und erlebbar.","og_url":"https:\/\/www.organisator.ch\/de\/allgemein\/2026-03-16\/phaenomena-on-tour-startet-in-dietikon-mit-fokus-auf-ki-und-robotik\/","og_site_name":"Organisator","article_publisher":"https:\/\/www.facebook.com\/OrganisatorFachmagazin","article_published_time":"2026-03-16T15:18:14+00:00","og_image":[{"width":1400,"height":934,"url":"https:\/\/www.organisator.ch\/wp-content\/uploads\/2026\/03\/Beim-Exponat-Tethy-kA\u00b6nnen-Besucherinnen-lernen-wie-weit-die-Meeresbodenforschung-ist.c-David-Biedert-scaled.jpg","type":"image\/jpeg"}],"author":"n8n","twitter_card":"summary_large_image","twitter_title":"#Ph\u00e4nomena on Tour startet in #Dietikon mit Fokus auf KI und #Robotik","twitter_description":"Nach 42 Jahren kehrt die #Ph\u00e4nomena als mobile Ausstellung zur\u00fcck. Start in Dietikon mit Fokus auf KI und #Robotik \u2013 interaktiv und erlebbar.","twitter_image":"https:\/\/www.organisator.ch\/wp-content\/uploads\/2026\/03\/Beim-Exponat-Tethy-kA\u00b6nnen-Besucherinnen-lernen-wie-weit-die-Meeresbodenforschung-ist.c-David-Biedert-scaled.jpg","schema":{"@context":"https:\/\/schema.org","@graph":[{"@type":"Article","@id":"https:\/\/www.organisator.ch\/allgemein\/2026-03-16\/phaenomena-on-tour-startet-in-dietikon-mit-fokus-auf-ki-und-robotik\/#article","isPartOf":{"@id":"https:\/\/www.organisator.ch\/allgemein\/2026-03-16\/phaenomena-on-tour-startet-in-dietikon-mit-fokus-auf-ki-und-robotik\/"},"author":{"name":"n8n","@id":"https:\/\/www.organisator.ch\/#\/schema\/person\/a9d0e0eff238db87a8f840f3b50359f0"},"headline":"Ph\u00e4nomena on Tour startet in Dietikon mit Fokus auf KI und Robotik","datePublished":"2026-03-16T15:18:14+00:00","mainEntityOfPage":{"@id":"https:\/\/www.organisator.ch\/allgemein\/2026-03-16\/phaenomena-on-tour-startet-in-dietikon-mit-fokus-auf-ki-und-robotik\/"},"wordCount":575,"publisher":{"@id":"https:\/\/www.organisator.ch\/#organization"},"image":{"@id":"https:\/\/www.organisator.ch\/allgemein\/2026-03-16\/phaenomena-on-tour-startet-in-dietikon-mit-fokus-auf-ki-und-robotik\/#primaryimage"},"thumbnailUrl":"https:\/\/www.organisator.ch\/wp-content\/uploads\/2026\/03\/Beim-Exponat-Tethy-kA\u00b6nnen-Besucherinnen-lernen-wie-weit-die-Meeresbodenforschung-ist.c-David-Biedert-scaled.jpg","keywords":["K\u00fcnstliche Intelligenz","Robotik","Veranstaltungen","Wissenschaft"],"inLanguage":"de"},{"@type":"WebPage","@id":"https:\/\/www.organisator.ch\/allgemein\/2026-03-16\/phaenomena-on-tour-startet-in-dietikon-mit-fokus-auf-ki-und-robotik\/","url":"https:\/\/www.organisator.ch\/allgemein\/2026-03-16\/phaenomena-on-tour-startet-in-dietikon-mit-fokus-auf-ki-und-robotik\/","name":"Ph\u00e4nomena on Tour startet in Dietikon mit Fokus auf KI und Robotik - Organisator","isPartOf":{"@id":"https:\/\/www.organisator.ch\/#website"},"primaryImageOfPage":{"@id":"https:\/\/www.organisator.ch\/allgemein\/2026-03-16\/phaenomena-on-tour-startet-in-dietikon-mit-fokus-auf-ki-und-robotik\/#primaryimage"},"image":{"@id":"https:\/\/www.organisator.ch\/allgemein\/2026-03-16\/phaenomena-on-tour-startet-in-dietikon-mit-fokus-auf-ki-und-robotik\/#primaryimage"},"thumbnailUrl":"https:\/\/www.organisator.ch\/wp-content\/uploads\/2026\/03\/Beim-Exponat-Tethy-kA\u00b6nnen-Besucherinnen-lernen-wie-weit-die-Meeresbodenforschung-ist.c-David-Biedert-scaled.jpg","datePublished":"2026-03-16T15:18:14+00:00","description":"Nach 42 Jahren kehrt die Ph\u00e4nomena als mobile Ausstellung zur\u00fcck. Start in Dietikon mit Fokus auf KI und Robotik \u2013 interaktiv und erlebbar.","breadcrumb":{"@id":"https:\/\/www.organisator.ch\/allgemein\/2026-03-16\/phaenomena-on-tour-startet-in-dietikon-mit-fokus-auf-ki-und-robotik\/#breadcrumb"},"inLanguage":"de","potentialAction":[{"@type":"ReadAction","target":["https:\/\/www.organisator.ch\/allgemein\/2026-03-16\/phaenomena-on-tour-startet-in-dietikon-mit-fokus-auf-ki-und-robotik\/"]}]},{"@type":"ImageObject","inLanguage":"de","@id":"https:\/\/www.organisator.ch\/allgemein\/2026-03-16\/phaenomena-on-tour-startet-in-dietikon-mit-fokus-auf-ki-und-robotik\/#primaryimage","url":"https:\/\/www.organisator.ch\/wp-content\/uploads\/2026\/03\/Beim-Exponat-Tethy-kA\u00b6nnen-Besucherinnen-lernen-wie-weit-die-Meeresbodenforschung-ist.c-David-Biedert-scaled.jpg","contentUrl":"https:\/\/www.organisator.ch\/wp-content\/uploads\/2026\/03\/Beim-Exponat-Tethy-kA\u00b6nnen-Besucherinnen-lernen-wie-weit-die-Meeresbodenforschung-ist.c-David-Biedert-scaled.jpg","width":1400,"height":934,"caption":"Exponat Tethy zeigt Fortschritte der Meeresbodenforschung. Quelle: zvg"},{"@type":"BreadcrumbList","@id":"https:\/\/www.organisator.ch\/allgemein\/2026-03-16\/phaenomena-on-tour-startet-in-dietikon-mit-fokus-auf-ki-und-robotik\/#breadcrumb","itemListElement":[{"@type":"ListItem","position":1,"name":"Home","item":"https:\/\/www.organisator.ch\/"},{"@type":"ListItem","position":2,"name":"Ph\u00e4nomena on Tour startet in Dietikon mit Fokus auf KI und Robotik"}]},{"@type":"WebSite","@id":"https:\/\/www.organisator.ch\/#website","url":"https:\/\/www.organisator.ch\/","name":"Organisator","description":"Kompetent. Praxisnah. Der ORGANISATOR bereitet in 10 Ausgaben pro Jahr die wesentlichen Themen f\u00fcr F\u00fchrungskr\u00e4fte von KMU auf.","publisher":{"@id":"https:\/\/www.organisator.ch\/#organization"},"potentialAction":[{"@type":"SearchAction","target":{"@type":"EntryPoint","urlTemplate":"https:\/\/www.organisator.ch\/?s={search_term_string}"},"query-input":{"@type":"PropertyValueSpecification","valueRequired":true,"valueName":"search_term_string"}}],"inLanguage":"de"},{"@type":"Organization","@id":"https:\/\/www.organisator.ch\/#organization","name":"Organisator","url":"https:\/\/www.organisator.ch\/","logo":{"@type":"ImageObject","inLanguage":"de","@id":"https:\/\/www.organisator.ch\/#\/schema\/logo\/image\/","url":"https:\/\/www.organisator.ch\/wp-content\/uploads\/2022\/01\/Logo_Organisator_Website.png","contentUrl":"https:\/\/www.organisator.ch\/wp-content\/uploads\/2022\/01\/Logo_Organisator_Website.png","width":800,"height":77,"caption":"Organisator"},"image":{"@id":"https:\/\/www.organisator.ch\/#\/schema\/logo\/image\/"},"sameAs":["https:\/\/www.facebook.com\/OrganisatorFachmagazin","https:\/\/www.linkedin.com\/showcase\/organisator-das-magazin-fr-kmu","https:\/\/www.xing.com\/news\/pages\/organisator-ch-695","https:\/\/www.youtube.com\/channel\/UCGP2Sq0iWaZwT3BdIAQFYpw"]},{"@type":"Person","@id":"https:\/\/www.organisator.ch\/#\/schema\/person\/a9d0e0eff238db87a8f840f3b50359f0","name":"n8n","image":{"@type":"ImageObject","inLanguage":"de","@id":"https:\/\/secure.gravatar.com\/avatar\/5368fb9d03fd415a6f335cece4c15af2502d6ca8651efbd6e8f98427a9795400?s=96&d=mm&r=g","url":"https:\/\/secure.gravatar.com\/avatar\/5368fb9d03fd415a6f335cece4c15af2502d6ca8651efbd6e8f98427a9795400?s=96&d=mm&r=g","contentUrl":"https:\/\/secure.gravatar.com\/avatar\/5368fb9d03fd415a6f335cece4c15af2502d6ca8651efbd6e8f98427a9795400?s=96&d=mm&r=g","caption":"n8n"},"url":"https:\/\/www.organisator.ch\/de\/author\/n8n\/"}]}},"_links":{"self":[{"href":"https:\/\/www.organisator.ch\/de\/wp-json\/wp\/v2\/posts\/46101","targetHints":{"allow":["GET"]}}],"collection":[{"href":"https:\/\/www.organisator.ch\/de\/wp-json\/wp\/v2\/posts"}],"about":[{"href":"https:\/\/www.organisator.ch\/de\/wp-json\/wp\/v2\/types\/post"}],"author":[{"embeddable":true,"href":"https:\/\/www.organisator.ch\/de\/wp-json\/wp\/v2\/users\/107"}],"replies":[{"embeddable":true,"href":"https:\/\/www.organisator.ch\/de\/wp-json\/wp\/v2\/comments?post=46101"}],"version-history":[{"count":6,"href":"https:\/\/www.organisator.ch\/de\/wp-json\/wp\/v2\/posts\/46101\/revisions"}],"predecessor-version":[{"id":46193,"href":"https:\/\/www.organisator.ch\/de\/wp-json\/wp\/v2\/posts\/46101\/revisions\/46193"}],"wp:featuredmedia":[{"embeddable":true,"href":"https:\/\/www.organisator.ch\/de\/wp-json\/wp\/v2\/media\/46097"}],"wp:attachment":[{"href":"https:\/\/www.organisator.ch\/de\/wp-json\/wp\/v2\/media?parent=46101"}],"wp:term":[{"taxonomy":"category","embeddable":true,"href":"https:\/\/www.organisator.ch\/de\/wp-json\/wp\/v2\/categories?post=46101"},{"taxonomy":"post_tag","embeddable":true,"href":"https:\/\/www.organisator.ch\/de\/wp-json\/wp\/v2\/tags?post=46101"}],"curies":[{"name":"wp","href":"https:\/\/api.w.org\/{rel}","templated":true}]}}