{"id":46164,"date":"2026-03-17T08:49:27","date_gmt":"2026-03-17T07:49:27","guid":{"rendered":"https:\/\/www.organisator.ch\/?p=46164"},"modified":"2026-03-17T08:49:27","modified_gmt":"2026-03-17T07:49:27","slug":"conferencearena-2026-begegnungen-als-herzstueck-des-branchentreffens","status":"publish","type":"post","link":"https:\/\/www.organisator.ch\/de\/marketing\/2026-03-17\/conferencearena-2026-begegnungen-als-herzstueck-des-branchentreffens\/","title":{"rendered":"ConferenceArena 2026 \u2013 Begegnungen als Herzst\u00fcck des Branchentreffens"},"content":{"rendered":"<figure id=\"attachment_46165\" aria-describedby=\"caption-attachment-46165\" style=\"width: 680px\" class=\"wp-caption alignnone\"><img loading=\"lazy\" decoding=\"async\" class=\"size-full wp-image-46165\" src=\"https:\/\/www.organisator.ch\/wp-content\/uploads\/2026\/03\/ConferenceArena-2026-\u2013-Begegnungen-als-Herzstueck-des-Branchentreffens_Organisator.jpg\" alt=\"\" width=\"680\" height=\"448\" srcset=\"https:\/\/www.organisator.ch\/wp-content\/uploads\/2026\/03\/ConferenceArena-2026-\u2013-Begegnungen-als-Herzstueck-des-Branchentreffens_Organisator.jpg 680w, https:\/\/www.organisator.ch\/wp-content\/uploads\/2026\/03\/ConferenceArena-2026-\u2013-Begegnungen-als-Herzstueck-des-Branchentreffens_Organisator-18x12.jpg 18w, https:\/\/www.organisator.ch\/wp-content\/uploads\/2026\/03\/ConferenceArena-2026-\u2013-Begegnungen-als-Herzstueck-des-Branchentreffens_Organisator-375x247.jpg 375w, https:\/\/www.organisator.ch\/wp-content\/uploads\/2026\/03\/ConferenceArena-2026-\u2013-Begegnungen-als-Herzstueck-des-Branchentreffens_Organisator-531x350.jpg 531w\" sizes=\"auto, (max-width: 680px) 100vw, 680px\" \/><figcaption id=\"caption-attachment-46165\" class=\"wp-caption-text\">Von links nach rechts: Serap Yavuz (Moderatorin), Roger Schaer (Inhaber und Gesch\u00e4ftsf\u00fchrer) und Nadine Deckert (Messeleiterin ConferenceArena 2026). (Foto: Anna Wiman | Wimanphotography)<\/figcaption><\/figure>\n<p>Das B\u00fchnenprogramm an der diesj\u00e4hrigen ConferenceArena mit Keynotes, Interviews und einer Paneldiskussion bot vielf\u00e4ltige Perspektiven und starke Impulse. Die Themen reichten von aktuellen Entwicklungen der Eventbranche bis hin zu pers\u00f6nlichen Geschichten, die beim Publikum einen bleibenden Eindruck hinterliessen und den Austausch \u00fcber den Tag hinweg bereicherten.<\/p>\n<p>Vieles drehte sich um Fragen rund um Leistungsdruck und pers\u00f6nliche Entwicklung bis hin zu aktuellen Branchenthemen. Mit dabei war unter anderem Manuela Leonhard, die f\u00fcr viele Assistentinnen und Eventplanerinnen eine feste Gr\u00f6sse in der Branche ist. F\u00fcr unterhaltsame und \u00fcberraschende Momente sorgte zudem Mentalist Pad Alexander, w\u00e4hrend ein lebhafter Business Talk mit den Unternehmerinnen von \u201eDie Thronfolge\u201c f\u00fcr engagierte Diskussionen im Publikum sorgte. Durch das Programm f\u00fchrte Moderatorin Serap Yavuz, die kurzfristig eingesprungen war und mit Charme, Professionalit\u00e4t und grosser B\u00fchnenpr\u00e4senz durch den Tag moderierte.<\/p>\n<h3><strong>Qualit\u00e4t der Begegnungen im Fokus<\/strong><\/h3>\n<p>Auch abseits der B\u00fchne bot die ConferenceArena den ganzen Tag \u00fcber zahlreiche Gelegenheiten f\u00fcr Gespr\u00e4che, neue Kontakte und vertiefte Begegnungen. Im Mittelpunkt der ConferenceArena steht bewusst nicht die Gr\u00f6sse der Veranstaltung, sondern die Qualit\u00e4t der Begegnungen. Besonders dort, wo Aussteller aktiv auf Besucher zugingen und echte Gastfreundschaft sp\u00fcrbar war, entstanden wertvolle Kontakte und neue Impulse f\u00fcr zuk\u00fcnftige Projekte. Denn am Ende sind es die Menschen hinter den Marken, die Begegnungen schaffen, in Erinnerung bleiben \u2013 und auf die Eventplaner bei der Planung zuk\u00fcnftiger Events und Partnerschaften zur\u00fcckkommen.<\/p>\n<h3><strong>Networking-Abend als Highlight der 10. Jubil\u00e4umsausgabe<\/strong><\/h3>\n<p>Ein besonderes Highlight bildete der Evening Networking Event im Chicago 1928, bei dem viele Teilnehmende den Messetag in entspannter Atmosph\u00e4re bei Musik, Drinks und einer Verlosung ausklingen liessen. Der Networking-Abend bot damit einen stimmungsvollen Abschluss eines Tages voller Begegnungen, Gespr\u00e4che und neuer Impulse f\u00fcr die MICE-Community. Viele gl\u00fcckliche Gewinnerinnen und Gewinner d\u00fcrfen diese Destinationen und Angebote nun hautnah erleben und werden diese besonderen Momente mit der ConferenceArena verbinden. Als Sponsoren des Abendanlasses fungierten Swiss Sales, mySportFriend und Miss Moneypenny.<\/p>\n<p><em>Quelle: <a href=\"http:\/\/www.conferencearena.ch\">ConferenceArena<\/a><\/em><\/p>\n","protected":false},"excerpt":{"rendered":"<p>Am 12. M\u00e4rz 2026 wurde das StageOne Z\u00fcrich erneut zum Treffpunkt der Schweizer MICE-Branche: \u00dcber 70 Aussteller \u2013 darunter auch mehrere internationale Anbieter \u2013 pr\u00e4sentierten zur 10. Jubil\u00e4umsausgabe der ConferenceArena ihre Destinationen, Locations und Eventl\u00f6sungen und hiessen mehr als 400 Fachbesucherinnen und Fachbesucher willkommen.<\/p>\n","protected":false},"author":4,"featured_media":46165,"comment_status":"closed","ping_status":"closed","sticky":false,"template":"","format":"standard","meta":{"_acf_changed":false,"_yoast_wpseo_focuskw":"ConferenceArena","_yoast_wpseo_metadesc":"Am 12. M\u00e4rz 2026 wurde das StageOne Z\u00fcrich erneut zum Treffpunkt der Schweizer MICE-Branche: Mit der ConferenceArena.","articlekey":"","footnotes":""},"categories":[29],"tags":[193,4343,2735],"class_list":["post-46164","post","type-post","status-publish","format-standard","has-post-thumbnail","hentry","category-marketing","tag-fachkongressfachmesse","tag-markom","tag-mice-branche"],"acf":[],"yoast_head":"<!-- This site is optimized with the Yoast SEO plugin v27.5 - https:\/\/yoast.com\/product\/yoast-seo-wordpress\/ -->\n<title>ConferenceArena 2026 \u2013 Begegnungen als Herzst\u00fcck des Branchentreffens - Organisator<\/title>\n<meta name=\"description\" content=\"Am 12. M\u00e4rz 2026 wurde das StageOne Z\u00fcrich erneut zum Treffpunkt der Schweizer MICE-Branche: Mit der ConferenceArena.\" \/>\n<meta name=\"robots\" content=\"index, follow, max-snippet:-1, max-image-preview:large, max-video-preview:-1\" \/>\n<link rel=\"canonical\" href=\"https:\/\/www.organisator.ch\/de\/marketing\/2026-03-17\/conferencearena-2026-begegnungen-als-herzstueck-des-branchentreffens\/\" \/>\n<meta property=\"og:locale\" content=\"de_DE\" \/>\n<meta property=\"og:type\" content=\"article\" \/>\n<meta property=\"og:title\" content=\"ConferenceArena 2026 \u2013 Begegnungen als Herzst\u00fcck des Branchentreffens\" \/>\n<meta property=\"og:description\" content=\"Am 12. M\u00e4rz 2026 wurde das StageOne Z\u00fcrich erneut zum Treffpunkt der Schweizer MICE-Branche: Mit der ConferenceArena.\" \/>\n<meta property=\"og:url\" content=\"https:\/\/www.organisator.ch\/de\/marketing\/2026-03-17\/conferencearena-2026-begegnungen-als-herzstueck-des-branchentreffens\/\" \/>\n<meta property=\"og:site_name\" content=\"Organisator\" \/>\n<meta property=\"article:publisher\" content=\"https:\/\/www.facebook.com\/OrganisatorFachmagazin\" \/>\n<meta property=\"article:published_time\" content=\"2026-03-17T07:49:27+00:00\" \/>\n<meta property=\"og:image\" content=\"https:\/\/www.organisator.ch\/wp-content\/uploads\/2026\/03\/ConferenceArena-2026-\u2013-Begegnungen-als-Herzstueck-des-Branchentreffens_Organisator.jpg\" \/>\n\t<meta property=\"og:image:width\" content=\"680\" \/>\n\t<meta property=\"og:image:height\" content=\"448\" \/>\n\t<meta property=\"og:image:type\" content=\"image\/jpeg\" \/>\n<meta name=\"author\" content=\"thomas.berner\" \/>\n<meta name=\"twitter:card\" content=\"summary_large_image\" \/>\n<meta name=\"twitter:title\" content=\"#ConferenceArena 2026 \u2013 #Begegnungen als Herzst\u00fcck des Branchentreffens\" \/>\n<meta name=\"twitter:description\" content=\"Am 12. M\u00e4rz 2026 wurde das StageOne Z\u00fcrich erneut zum Treffpunkt der Schweizer #MICE-Branche: Mit der #ConferenceArena.\" \/>\n<meta name=\"twitter:image\" content=\"https:\/\/www.organisator.ch\/wp-content\/uploads\/2026\/03\/ConferenceArena-2026-\u2013-Begegnungen-als-Herzstueck-des-Branchentreffens_Organisator.jpg\" \/>\n<script type=\"application\/ld+json\" class=\"yoast-schema-graph\">{\"@context\":\"https:\\\/\\\/schema.org\",\"@graph\":[{\"@type\":\"Article\",\"@id\":\"https:\\\/\\\/www.organisator.ch\\\/marketing\\\/2026-03-17\\\/conferencearena-2026-begegnungen-als-herzstueck-des-branchentreffens\\\/#article\",\"isPartOf\":{\"@id\":\"https:\\\/\\\/www.organisator.ch\\\/marketing\\\/2026-03-17\\\/conferencearena-2026-begegnungen-als-herzstueck-des-branchentreffens\\\/\"},\"author\":{\"name\":\"thomas.berner\",\"@id\":\"https:\\\/\\\/www.organisator.ch\\\/#\\\/schema\\\/person\\\/6f650f90b2842cd4c0cc334b4e36f67e\"},\"headline\":\"ConferenceArena 2026 \u2013 Begegnungen als Herzst\u00fcck des Branchentreffens\",\"datePublished\":\"2026-03-17T07:49:27+00:00\",\"mainEntityOfPage\":{\"@id\":\"https:\\\/\\\/www.organisator.ch\\\/marketing\\\/2026-03-17\\\/conferencearena-2026-begegnungen-als-herzstueck-des-branchentreffens\\\/\"},\"wordCount\":375,\"publisher\":{\"@id\":\"https:\\\/\\\/www.organisator.ch\\\/#organization\"},\"image\":{\"@id\":\"https:\\\/\\\/www.organisator.ch\\\/marketing\\\/2026-03-17\\\/conferencearena-2026-begegnungen-als-herzstueck-des-branchentreffens\\\/#primaryimage\"},\"thumbnailUrl\":\"https:\\\/\\\/www.organisator.ch\\\/wp-content\\\/uploads\\\/2026\\\/03\\\/ConferenceArena-2026-\u2013-Begegnungen-als-Herzstueck-des-Branchentreffens_Organisator.jpg\",\"keywords\":[\"Fachkongress\\\/Fachmesse\",\"MarKom\",\"MICE-Branche\"],\"articleSection\":[\"MARKETING\"],\"inLanguage\":\"de\"},{\"@type\":\"WebPage\",\"@id\":\"https:\\\/\\\/www.organisator.ch\\\/marketing\\\/2026-03-17\\\/conferencearena-2026-begegnungen-als-herzstueck-des-branchentreffens\\\/\",\"url\":\"https:\\\/\\\/www.organisator.ch\\\/marketing\\\/2026-03-17\\\/conferencearena-2026-begegnungen-als-herzstueck-des-branchentreffens\\\/\",\"name\":\"ConferenceArena 2026 \u2013 Begegnungen als Herzst\u00fcck des Branchentreffens - Organisator\",\"isPartOf\":{\"@id\":\"https:\\\/\\\/www.organisator.ch\\\/#website\"},\"primaryImageOfPage\":{\"@id\":\"https:\\\/\\\/www.organisator.ch\\\/marketing\\\/2026-03-17\\\/conferencearena-2026-begegnungen-als-herzstueck-des-branchentreffens\\\/#primaryimage\"},\"image\":{\"@id\":\"https:\\\/\\\/www.organisator.ch\\\/marketing\\\/2026-03-17\\\/conferencearena-2026-begegnungen-als-herzstueck-des-branchentreffens\\\/#primaryimage\"},\"thumbnailUrl\":\"https:\\\/\\\/www.organisator.ch\\\/wp-content\\\/uploads\\\/2026\\\/03\\\/ConferenceArena-2026-\u2013-Begegnungen-als-Herzstueck-des-Branchentreffens_Organisator.jpg\",\"datePublished\":\"2026-03-17T07:49:27+00:00\",\"description\":\"Am 12. M\u00e4rz 2026 wurde das StageOne Z\u00fcrich erneut zum Treffpunkt der Schweizer MICE-Branche: Mit der ConferenceArena.\",\"breadcrumb\":{\"@id\":\"https:\\\/\\\/www.organisator.ch\\\/marketing\\\/2026-03-17\\\/conferencearena-2026-begegnungen-als-herzstueck-des-branchentreffens\\\/#breadcrumb\"},\"inLanguage\":\"de\",\"potentialAction\":[{\"@type\":\"ReadAction\",\"target\":[\"https:\\\/\\\/www.organisator.ch\\\/marketing\\\/2026-03-17\\\/conferencearena-2026-begegnungen-als-herzstueck-des-branchentreffens\\\/\"]}]},{\"@type\":\"ImageObject\",\"inLanguage\":\"de\",\"@id\":\"https:\\\/\\\/www.organisator.ch\\\/marketing\\\/2026-03-17\\\/conferencearena-2026-begegnungen-als-herzstueck-des-branchentreffens\\\/#primaryimage\",\"url\":\"https:\\\/\\\/www.organisator.ch\\\/wp-content\\\/uploads\\\/2026\\\/03\\\/ConferenceArena-2026-\u2013-Begegnungen-als-Herzstueck-des-Branchentreffens_Organisator.jpg\",\"contentUrl\":\"https:\\\/\\\/www.organisator.ch\\\/wp-content\\\/uploads\\\/2026\\\/03\\\/ConferenceArena-2026-\u2013-Begegnungen-als-Herzstueck-des-Branchentreffens_Organisator.jpg\",\"width\":680,\"height\":448,\"caption\":\"Von links nach rechts: Serap Yavuz (Moderatorin), Roger Schaer (Inhaber und Gesch\u00e4ftsf\u00fchrer) und Nadine Deckert (Messeleiterin ConferenceArena 2026). (Foto: Anna Wiman | Wimanphotography)\"},{\"@type\":\"BreadcrumbList\",\"@id\":\"https:\\\/\\\/www.organisator.ch\\\/marketing\\\/2026-03-17\\\/conferencearena-2026-begegnungen-als-herzstueck-des-branchentreffens\\\/#breadcrumb\",\"itemListElement\":[{\"@type\":\"ListItem\",\"position\":1,\"name\":\"Home\",\"item\":\"https:\\\/\\\/www.organisator.ch\\\/\"},{\"@type\":\"ListItem\",\"position\":2,\"name\":\"ConferenceArena 2026 \u2013 Begegnungen als Herzst\u00fcck des Branchentreffens\"}]},{\"@type\":\"WebSite\",\"@id\":\"https:\\\/\\\/www.organisator.ch\\\/#website\",\"url\":\"https:\\\/\\\/www.organisator.ch\\\/\",\"name\":\"Organisator\",\"description\":\"Kompetent. Praxisnah. Der ORGANISATOR bereitet in 10 Ausgaben pro Jahr die wesentlichen Themen f\u00fcr F\u00fchrungskr\u00e4fte von KMU auf.\",\"publisher\":{\"@id\":\"https:\\\/\\\/www.organisator.ch\\\/#organization\"},\"potentialAction\":[{\"@type\":\"SearchAction\",\"target\":{\"@type\":\"EntryPoint\",\"urlTemplate\":\"https:\\\/\\\/www.organisator.ch\\\/?s={search_term_string}\"},\"query-input\":{\"@type\":\"PropertyValueSpecification\",\"valueRequired\":true,\"valueName\":\"search_term_string\"}}],\"inLanguage\":\"de\"},{\"@type\":\"Organization\",\"@id\":\"https:\\\/\\\/www.organisator.ch\\\/#organization\",\"name\":\"Organisator\",\"url\":\"https:\\\/\\\/www.organisator.ch\\\/\",\"logo\":{\"@type\":\"ImageObject\",\"inLanguage\":\"de\",\"@id\":\"https:\\\/\\\/www.organisator.ch\\\/#\\\/schema\\\/logo\\\/image\\\/\",\"url\":\"https:\\\/\\\/www.organisator.ch\\\/wp-content\\\/uploads\\\/2022\\\/01\\\/Logo_Organisator_Website.png\",\"contentUrl\":\"https:\\\/\\\/www.organisator.ch\\\/wp-content\\\/uploads\\\/2022\\\/01\\\/Logo_Organisator_Website.png\",\"width\":800,\"height\":77,\"caption\":\"Organisator\"},\"image\":{\"@id\":\"https:\\\/\\\/www.organisator.ch\\\/#\\\/schema\\\/logo\\\/image\\\/\"},\"sameAs\":[\"https:\\\/\\\/www.facebook.com\\\/OrganisatorFachmagazin\",\"https:\\\/\\\/www.linkedin.com\\\/showcase\\\/organisator-das-magazin-fr-kmu\",\"https:\\\/\\\/www.xing.com\\\/news\\\/pages\\\/organisator-ch-695\",\"https:\\\/\\\/www.youtube.com\\\/channel\\\/UCGP2Sq0iWaZwT3BdIAQFYpw\"]},{\"@type\":\"Person\",\"@id\":\"https:\\\/\\\/www.organisator.ch\\\/#\\\/schema\\\/person\\\/6f650f90b2842cd4c0cc334b4e36f67e\",\"name\":\"thomas.berner\",\"image\":{\"@type\":\"ImageObject\",\"inLanguage\":\"de\",\"@id\":\"https:\\\/\\\/secure.gravatar.com\\\/avatar\\\/ac5001d2a36cb6c6cd3e50789007ffca834b477b74a2144564522e944eabff61?s=96&d=mm&r=g\",\"url\":\"https:\\\/\\\/secure.gravatar.com\\\/avatar\\\/ac5001d2a36cb6c6cd3e50789007ffca834b477b74a2144564522e944eabff61?s=96&d=mm&r=g\",\"contentUrl\":\"https:\\\/\\\/secure.gravatar.com\\\/avatar\\\/ac5001d2a36cb6c6cd3e50789007ffca834b477b74a2144564522e944eabff61?s=96&d=mm&r=g\",\"caption\":\"thomas.berner\"},\"url\":\"https:\\\/\\\/www.organisator.ch\\\/de\\\/author\\\/thomas-berner\\\/\"}]}<\/script>\n<!-- \/ Yoast SEO plugin. -->","yoast_head_json":{"title":"ConferenceArena 2026 \u2013 Begegnungen als Herzst\u00fcck des Branchentreffens - Organisator","description":"Am 12. M\u00e4rz 2026 wurde das StageOne Z\u00fcrich erneut zum Treffpunkt der Schweizer MICE-Branche: Mit der ConferenceArena.","robots":{"index":"index","follow":"follow","max-snippet":"max-snippet:-1","max-image-preview":"max-image-preview:large","max-video-preview":"max-video-preview:-1"},"canonical":"https:\/\/www.organisator.ch\/de\/marketing\/2026-03-17\/conferencearena-2026-begegnungen-als-herzstueck-des-branchentreffens\/","og_locale":"de_DE","og_type":"article","og_title":"ConferenceArena 2026 \u2013 Begegnungen als Herzst\u00fcck des Branchentreffens","og_description":"Am 12. M\u00e4rz 2026 wurde das StageOne Z\u00fcrich erneut zum Treffpunkt der Schweizer MICE-Branche: Mit der ConferenceArena.","og_url":"https:\/\/www.organisator.ch\/de\/marketing\/2026-03-17\/conferencearena-2026-begegnungen-als-herzstueck-des-branchentreffens\/","og_site_name":"Organisator","article_publisher":"https:\/\/www.facebook.com\/OrganisatorFachmagazin","article_published_time":"2026-03-17T07:49:27+00:00","og_image":[{"width":680,"height":448,"url":"https:\/\/www.organisator.ch\/wp-content\/uploads\/2026\/03\/ConferenceArena-2026-\u2013-Begegnungen-als-Herzstueck-des-Branchentreffens_Organisator.jpg","type":"image\/jpeg"}],"author":"thomas.berner","twitter_card":"summary_large_image","twitter_title":"#ConferenceArena 2026 \u2013 #Begegnungen als Herzst\u00fcck des Branchentreffens","twitter_description":"Am 12. M\u00e4rz 2026 wurde das StageOne Z\u00fcrich erneut zum Treffpunkt der Schweizer #MICE-Branche: Mit der #ConferenceArena.","twitter_image":"https:\/\/www.organisator.ch\/wp-content\/uploads\/2026\/03\/ConferenceArena-2026-\u2013-Begegnungen-als-Herzstueck-des-Branchentreffens_Organisator.jpg","schema":{"@context":"https:\/\/schema.org","@graph":[{"@type":"Article","@id":"https:\/\/www.organisator.ch\/marketing\/2026-03-17\/conferencearena-2026-begegnungen-als-herzstueck-des-branchentreffens\/#article","isPartOf":{"@id":"https:\/\/www.organisator.ch\/marketing\/2026-03-17\/conferencearena-2026-begegnungen-als-herzstueck-des-branchentreffens\/"},"author":{"name":"thomas.berner","@id":"https:\/\/www.organisator.ch\/#\/schema\/person\/6f650f90b2842cd4c0cc334b4e36f67e"},"headline":"ConferenceArena 2026 \u2013 Begegnungen als Herzst\u00fcck des Branchentreffens","datePublished":"2026-03-17T07:49:27+00:00","mainEntityOfPage":{"@id":"https:\/\/www.organisator.ch\/marketing\/2026-03-17\/conferencearena-2026-begegnungen-als-herzstueck-des-branchentreffens\/"},"wordCount":375,"publisher":{"@id":"https:\/\/www.organisator.ch\/#organization"},"image":{"@id":"https:\/\/www.organisator.ch\/marketing\/2026-03-17\/conferencearena-2026-begegnungen-als-herzstueck-des-branchentreffens\/#primaryimage"},"thumbnailUrl":"https:\/\/www.organisator.ch\/wp-content\/uploads\/2026\/03\/ConferenceArena-2026-\u2013-Begegnungen-als-Herzstueck-des-Branchentreffens_Organisator.jpg","keywords":["Fachkongress\/Fachmesse","MarKom","MICE-Branche"],"articleSection":["MARKETING"],"inLanguage":"de"},{"@type":"WebPage","@id":"https:\/\/www.organisator.ch\/marketing\/2026-03-17\/conferencearena-2026-begegnungen-als-herzstueck-des-branchentreffens\/","url":"https:\/\/www.organisator.ch\/marketing\/2026-03-17\/conferencearena-2026-begegnungen-als-herzstueck-des-branchentreffens\/","name":"ConferenceArena 2026 \u2013 Begegnungen als Herzst\u00fcck des Branchentreffens - Organisator","isPartOf":{"@id":"https:\/\/www.organisator.ch\/#website"},"primaryImageOfPage":{"@id":"https:\/\/www.organisator.ch\/marketing\/2026-03-17\/conferencearena-2026-begegnungen-als-herzstueck-des-branchentreffens\/#primaryimage"},"image":{"@id":"https:\/\/www.organisator.ch\/marketing\/2026-03-17\/conferencearena-2026-begegnungen-als-herzstueck-des-branchentreffens\/#primaryimage"},"thumbnailUrl":"https:\/\/www.organisator.ch\/wp-content\/uploads\/2026\/03\/ConferenceArena-2026-\u2013-Begegnungen-als-Herzstueck-des-Branchentreffens_Organisator.jpg","datePublished":"2026-03-17T07:49:27+00:00","description":"Am 12. M\u00e4rz 2026 wurde das StageOne Z\u00fcrich erneut zum Treffpunkt der Schweizer MICE-Branche: Mit der ConferenceArena.","breadcrumb":{"@id":"https:\/\/www.organisator.ch\/marketing\/2026-03-17\/conferencearena-2026-begegnungen-als-herzstueck-des-branchentreffens\/#breadcrumb"},"inLanguage":"de","potentialAction":[{"@type":"ReadAction","target":["https:\/\/www.organisator.ch\/marketing\/2026-03-17\/conferencearena-2026-begegnungen-als-herzstueck-des-branchentreffens\/"]}]},{"@type":"ImageObject","inLanguage":"de","@id":"https:\/\/www.organisator.ch\/marketing\/2026-03-17\/conferencearena-2026-begegnungen-als-herzstueck-des-branchentreffens\/#primaryimage","url":"https:\/\/www.organisator.ch\/wp-content\/uploads\/2026\/03\/ConferenceArena-2026-\u2013-Begegnungen-als-Herzstueck-des-Branchentreffens_Organisator.jpg","contentUrl":"https:\/\/www.organisator.ch\/wp-content\/uploads\/2026\/03\/ConferenceArena-2026-\u2013-Begegnungen-als-Herzstueck-des-Branchentreffens_Organisator.jpg","width":680,"height":448,"caption":"Von links nach rechts: Serap Yavuz (Moderatorin), Roger Schaer (Inhaber und Gesch\u00e4ftsf\u00fchrer) und Nadine Deckert (Messeleiterin ConferenceArena 2026). (Foto: Anna Wiman | Wimanphotography)"},{"@type":"BreadcrumbList","@id":"https:\/\/www.organisator.ch\/marketing\/2026-03-17\/conferencearena-2026-begegnungen-als-herzstueck-des-branchentreffens\/#breadcrumb","itemListElement":[{"@type":"ListItem","position":1,"name":"Home","item":"https:\/\/www.organisator.ch\/"},{"@type":"ListItem","position":2,"name":"ConferenceArena 2026 \u2013 Begegnungen als Herzst\u00fcck des Branchentreffens"}]},{"@type":"WebSite","@id":"https:\/\/www.organisator.ch\/#website","url":"https:\/\/www.organisator.ch\/","name":"Organisator","description":"Kompetent. Praxisnah. Der ORGANISATOR bereitet in 10 Ausgaben pro Jahr die wesentlichen Themen f\u00fcr F\u00fchrungskr\u00e4fte von KMU auf.","publisher":{"@id":"https:\/\/www.organisator.ch\/#organization"},"potentialAction":[{"@type":"SearchAction","target":{"@type":"EntryPoint","urlTemplate":"https:\/\/www.organisator.ch\/?s={search_term_string}"},"query-input":{"@type":"PropertyValueSpecification","valueRequired":true,"valueName":"search_term_string"}}],"inLanguage":"de"},{"@type":"Organization","@id":"https:\/\/www.organisator.ch\/#organization","name":"Organisator","url":"https:\/\/www.organisator.ch\/","logo":{"@type":"ImageObject","inLanguage":"de","@id":"https:\/\/www.organisator.ch\/#\/schema\/logo\/image\/","url":"https:\/\/www.organisator.ch\/wp-content\/uploads\/2022\/01\/Logo_Organisator_Website.png","contentUrl":"https:\/\/www.organisator.ch\/wp-content\/uploads\/2022\/01\/Logo_Organisator_Website.png","width":800,"height":77,"caption":"Organisator"},"image":{"@id":"https:\/\/www.organisator.ch\/#\/schema\/logo\/image\/"},"sameAs":["https:\/\/www.facebook.com\/OrganisatorFachmagazin","https:\/\/www.linkedin.com\/showcase\/organisator-das-magazin-fr-kmu","https:\/\/www.xing.com\/news\/pages\/organisator-ch-695","https:\/\/www.youtube.com\/channel\/UCGP2Sq0iWaZwT3BdIAQFYpw"]},{"@type":"Person","@id":"https:\/\/www.organisator.ch\/#\/schema\/person\/6f650f90b2842cd4c0cc334b4e36f67e","name":"thomas.berner","image":{"@type":"ImageObject","inLanguage":"de","@id":"https:\/\/secure.gravatar.com\/avatar\/ac5001d2a36cb6c6cd3e50789007ffca834b477b74a2144564522e944eabff61?s=96&d=mm&r=g","url":"https:\/\/secure.gravatar.com\/avatar\/ac5001d2a36cb6c6cd3e50789007ffca834b477b74a2144564522e944eabff61?s=96&d=mm&r=g","contentUrl":"https:\/\/secure.gravatar.com\/avatar\/ac5001d2a36cb6c6cd3e50789007ffca834b477b74a2144564522e944eabff61?s=96&d=mm&r=g","caption":"thomas.berner"},"url":"https:\/\/www.organisator.ch\/de\/author\/thomas-berner\/"}]}},"_links":{"self":[{"href":"https:\/\/www.organisator.ch\/de\/wp-json\/wp\/v2\/posts\/46164","targetHints":{"allow":["GET"]}}],"collection":[{"href":"https:\/\/www.organisator.ch\/de\/wp-json\/wp\/v2\/posts"}],"about":[{"href":"https:\/\/www.organisator.ch\/de\/wp-json\/wp\/v2\/types\/post"}],"author":[{"embeddable":true,"href":"https:\/\/www.organisator.ch\/de\/wp-json\/wp\/v2\/users\/4"}],"replies":[{"embeddable":true,"href":"https:\/\/www.organisator.ch\/de\/wp-json\/wp\/v2\/comments?post=46164"}],"version-history":[{"count":3,"href":"https:\/\/www.organisator.ch\/de\/wp-json\/wp\/v2\/posts\/46164\/revisions"}],"predecessor-version":[{"id":46234,"href":"https:\/\/www.organisator.ch\/de\/wp-json\/wp\/v2\/posts\/46164\/revisions\/46234"}],"wp:featuredmedia":[{"embeddable":true,"href":"https:\/\/www.organisator.ch\/de\/wp-json\/wp\/v2\/media\/46165"}],"wp:attachment":[{"href":"https:\/\/www.organisator.ch\/de\/wp-json\/wp\/v2\/media?parent=46164"}],"wp:term":[{"taxonomy":"category","embeddable":true,"href":"https:\/\/www.organisator.ch\/de\/wp-json\/wp\/v2\/categories?post=46164"},{"taxonomy":"post_tag","embeddable":true,"href":"https:\/\/www.organisator.ch\/de\/wp-json\/wp\/v2\/tags?post=46164"}],"curies":[{"name":"wp","href":"https:\/\/api.w.org\/{rel}","templated":true}]}}