{"id":46202,"date":"2026-03-17T11:46:39","date_gmt":"2026-03-17T10:46:39","guid":{"rendered":"https:\/\/www.m-q.ch\/?p=22570"},"modified":"2026-03-17T16:21:19","modified_gmt":"2026-03-17T15:21:19","slug":"buerolaerm-als-unterschaetzte-ursache-fuer-rueckenschmerzen","status":"publish","type":"post","link":"https:\/\/www.organisator.ch\/de\/human-resources\/2026-03-17\/buerolaerm-als-unterschaetzte-ursache-fuer-rueckenschmerzen\/","title":{"rendered":"B\u00fcrol\u00e4rm als untersch\u00e4tzte Ursache f\u00fcr R\u00fcckenschmerzen"},"content":{"rendered":"<figure id=\"attachment_22571\" class=\"wp-caption alignnone\" style=\"width: 680px;\" aria-describedby=\"caption-attachment-22571\"><img class=\"size-full wp-image-22571\" src=\"https:\/\/www.m-q.ch\/wp-content\/uploads\/2026\/03\/Buerolaerm-als-unterschaetzte-Ursache-fuer-Rueckenschmerzen_MQ.jpg\" sizes=\"(max-width: 680px) 100vw, 680px\" srcset=\"https:\/\/www.m-q.ch\/wp-content\/uploads\/2026\/03\/Buerolaerm-als-unterschaetzte-Ursache-fuer-Rueckenschmerzen_MQ.jpg 680w, https:\/\/www.m-q.ch\/wp-content\/uploads\/2026\/03\/Buerolaerm-als-unterschaetzte-Ursache-fuer-Rueckenschmerzen_MQ-18x12.jpg 18w, https:\/\/www.m-q.ch\/wp-content\/uploads\/2026\/03\/Buerolaerm-als-unterschaetzte-Ursache-fuer-Rueckenschmerzen_MQ-375x247.jpg 375w, https:\/\/www.m-q.ch\/wp-content\/uploads\/2026\/03\/Buerolaerm-als-unterschaetzte-Ursache-fuer-Rueckenschmerzen_MQ-532x350.jpg 532w\" alt=\"\" width=\"680\" height=\"447\" \/>\r\n<figcaption id=\"caption-attachment-22571\" class=\"wp-caption-text\">Akustikkabinen mit ergonomischer Ausstattung reduzieren L\u00e4rmbelastung im B\u00fcro und f\u00f6rdern die R\u00fcckengesundheit. (Quelle: zvg \/ Aktion gesunder R\u00fccken)<\/figcaption>\r\n<\/figure>\r\n<p>Telefonate, Tastaturklappern, L\u00fcftungsrauschen: Was nach normalem B\u00fcroalltag klingt, kann handfeste R\u00fcckenschmerzen verursachen. Der Grund ist nicht der L\u00e4rm selbst, sondern der Stress, den er ausl\u00f6st. \u00abViele Menschen untersch\u00e4tzen, wie stark schon scheinbar harmlose Hintergrundger\u00e4usche den K\u00f6rper unter Stress setzen k\u00f6nnen\u00bb, sagt Christian Terstappen, Physiotherapeut und Experte der Aktion Gesunder R\u00fccken (AGR) e. V. \u00abDie Folge sind verspannte Schultern, ein harter Nacken und auf Dauer h\u00e4ufig auch R\u00fcckenschmerzen.\u00bb<\/p>\r\n<p>F\u00fcr Unternehmen wird das zunehmend zu einem Thema des betrieblichen Gesundheitsmanagements: L\u00e4rmreduzierte R\u00fcckzugsbereiche im B\u00fcro k\u00f6nnen helfen, Belastungen zu verringern und konzentriertes Arbeiten zu erm\u00f6glichen. Die AGR zertifiziert r\u00fcckengerechte B\u00fcrokonzepte nach umfassender Pr\u00fcfung durch ein unabh\u00e4ngiges wissenschaftliches Expertengremium mit dem AGR-G\u00fctesiegel.<\/p>\r\n<h3>Ergonomie am Arbeitsplatz: Warum L\u00e4rmschutz dazugeh\u00f6rt<\/h3>\r\n<p>Dass L\u00e4rm krank machen kann, ist bekannt. Der Zusammenhang mit R\u00fcckenbeschwerden wird jedoch h\u00e4ufig untersch\u00e4tzt. Ger\u00e4usche, die das Gehirn als st\u00f6rend bewertet, aktivieren das Stresssystem: Der K\u00f6rper sch\u00fcttet Cortisol aus, Puls und Blutdruck steigen, die Muskulatur verkrampft. Besonders betroffen sind Nacken und Schultern.<\/p>\r\n<figure id=\"attachment_46177\" class=\"wp-caption alignnone\" style=\"width: 1400px;\" aria-describedby=\"caption-attachment-46177\"><img class=\"size-full wp-image-46177\" src=\"https:\/\/www.organisator.ch\/wp-content\/uploads\/2026\/03\/AGR_Infografiken_YourC3BCcken20schmerzt-scaled.jpg\" alt=\"\" width=\"1400\" height=\"1244\" \/>\r\n<figcaption id=\"caption-attachment-46177\" class=\"wp-caption-text\">73 Prozent der Arbeitnehmenden in Deutschland leiden unter Nackenschmerzen. In der Schweiz d\u00fcrfte die Situation vergleichbar sein. Quelle: zvg<\/figcaption>\r\n<\/figure>\r\n<p>Wie verbreitet Beschwerden im B\u00fcroalltag sind, zeigt eine repr\u00e4sentative YouGov-Umfrage im Auftrag der AGR: 73 Prozent der Arbeitnehmenden in Deutschland leiden unter Nackenschmerzen. Gleichzeitig zeigt die BIBB\/BAuA-Erwerbst\u00e4tigenbefragung 2024, dass rund ein Viertel der Besch\u00e4ftigten h\u00e4ufig unter L\u00e4rmbedingungen arbeitet, mehr als die H\u00e4lfte empfindet dies als belastend.<\/p>\r\n<p>\u00abL\u00e4rmschutz wird im B\u00fcroalltag h\u00e4ufig untersch\u00e4tzt\u00bb, sagt Christian Terstappen. \u00abDabei geh\u00f6rt er genauso zur Ergonomie wie ein guter Stuhl oder ein h\u00f6henverstellbarer Schreibtisch.\u00bb F\u00fcr Personalverantwortliche und BGM-Beauftragte lohnt es sich deshalb, die akustische Gestaltung von Arbeitspl\u00e4tzen st\u00e4rker in Pr\u00e4ventionskonzepte einzubeziehen.<\/p>\r\n<h3>R\u00fcckzugsorte schaffen: Worauf Arbeitgeber achten sollten<\/h3>\r\n<p>Offene B\u00fcrokonzepte f\u00f6rdern Austausch und Teamarbeit, verst\u00e4rken aber gleichzeitig die L\u00e4rmbelastung. F\u00fcr konzentriertes Arbeiten, vertrauliche Telefonate oder eine kurze Erholungspause sind daher gesch\u00fctzte Bereiche wichtig. Akustikkabinen k\u00f6nnen hier Abhilfe schaffen.<\/p>\r\n<p>Neben einer guten Schalld\u00e4mmung sollten solche Kabinen laut AGR auch ergonomisch ausgestattet sein, um die Arbeitnehmergesundheit zu f\u00f6rdern: H\u00f6henverstellbare Tische und Aktivst\u00fchle regen Haltungswechsel an, eine gute Bel\u00fcftung und ausreichende Beleuchtung mit Tageslichtqualit\u00e4t tragen zum allgemeinen Wohlbefinden bei.<\/p>\r\n<p>Terstappen, der Unternehmen im Rahmen der betrieblichen Gesundheitsf\u00f6rderung ber\u00e4t, betont: \u00abUnternehmen, die in schallisolierte R\u00fcckzugsbereiche investieren, sollten die ergonomische Ausstattung von Anfang an mitbedenken. Wer Ruhe hat, aber schlecht sitzt, hat nichts gewonnen.\u00bb<\/p>\r\n<h3>Drei einfache Tipps gegen L\u00e4rmstress im B\u00fcro<\/h3>\r\n<p>Gegen L\u00e4rmstress im Arbeitsalltag k\u00f6nnen Besch\u00e4ftigte auch selbst etwas tun. Noise-Cancelling-Kopfh\u00f6rer k\u00f6nnen helfen, st\u00f6rende Hintergrundger\u00e4usche zu reduzieren und konzentrierter zu arbeiten. Wenn m\u00f6glich, sollten Telefonate oder Meetings in geschlossene R\u00e4ume verlegt werden. Das senkt den Ger\u00e4uschpegel im Grossraumb\u00fcro f\u00fcr alle.<\/p>\r\n<p>Regelm\u00e4ssige kurze Bewegungspausen helfen, Stress abzubauen und verspannte Muskulatur zu lockern. \u00abSchon einmal pro Stunde kurz aufstehen und ans offene Fenster oder vor die T\u00fcr gehen, macht einen sp\u00fcrbaren Unterschied\u00bb, sagt Physiotherapeut und AGR-Experte Christian Terstappen.<\/p>\r\n<p><em>Quelle und weitere Informationen: <a href=\"https:\/\/www.agr-ev.de\/laermreduzierte-buerobereiche\" rel=\"noopener\">www.agr-ev.de\/laermreduzierte-buerobereiche<\/a><\/em><\/p>\n<p class=\"syndicated-attribution\">Dieser Beitrag erschien urspr\u00fcnglich auf m-q.ch - <a href=\"https:\/\/www.m-q.ch\/de\/buerolaerm-als-unterschaetzte-ursache-fuer-rueckenschmerzen\/\" target=\"_blank\">https:\/\/www.m-q.ch\/de\/buerolaerm-als-unterschaetzte-ursache-fuer-rueckenschmerzen\/<\/a><\/p>","protected":false},"excerpt":{"rendered":"<p>Telefonate, Tastaturklappern und L\u00fcftungsrauschen verursachen Stress, der zu Verspannungen und R\u00fcckenschmerzen f\u00fchrt. Die Aktion Gesunder R\u00fccken empfiehlt Unternehmen, l\u00e4rmreduzierte R\u00fcckzugsbereiche mit ergonomischer Ausstattung zu schaffen.<\/p>\n","protected":false},"author":8,"featured_media":0,"comment_status":"closed","ping_status":"closed","sticky":false,"template":"","format":"standard","meta":{"_acf_changed":false,"_yoast_wpseo_focuskw":"R\u00fcckenschmerzen","_yoast_wpseo_metadesc":"Telefonate, Tastaturklappern und L\u00fcftungsrauschen verursachen Stress, der zu Verspannungen und R\u00fcckenschmerzen f\u00fchrt.","articlekey":"","footnotes":""},"categories":[579],"tags":[53,77,208,254,418],"class_list":["post-46202","post","type-post","status-publish","format-standard","hentry","category-human-resources","tag-arbeitssicherheit","tag-betriebliches-gesundheitsmanagement","tag-fit-im-job","tag-hrm","tag-risikomanagement"],"acf":[],"yoast_head":"<!-- This site is optimized with the Yoast SEO plugin v27.4 - https:\/\/yoast.com\/product\/yoast-seo-wordpress\/ -->\n<title>B\u00fcrol\u00e4rm als untersch\u00e4tzte Ursache f\u00fcr R\u00fcckenschmerzen - Organisator<\/title>\n<meta name=\"description\" content=\"Telefonate, Tastaturklappern und L\u00fcftungsrauschen verursachen Stress, der zu Verspannungen und R\u00fcckenschmerzen f\u00fchrt.\" \/>\n<meta name=\"robots\" content=\"index, follow, max-snippet:-1, max-image-preview:large, max-video-preview:-1\" \/>\n<link rel=\"canonical\" href=\"https:\/\/www.organisator.ch\/de\/human-resources\/2026-03-17\/buerolaerm-als-unterschaetzte-ursache-fuer-rueckenschmerzen\/\" \/>\n<meta property=\"og:locale\" content=\"de_DE\" \/>\n<meta property=\"og:type\" content=\"article\" \/>\n<meta property=\"og:title\" content=\"B\u00fcrol\u00e4rm als untersch\u00e4tzte Ursache f\u00fcr R\u00fcckenschmerzen - Organisator\" \/>\n<meta property=\"og:description\" content=\"Telefonate, Tastaturklappern und L\u00fcftungsrauschen verursachen Stress, der zu Verspannungen und R\u00fcckenschmerzen f\u00fchrt.\" \/>\n<meta property=\"og:url\" content=\"https:\/\/www.organisator.ch\/de\/human-resources\/2026-03-17\/buerolaerm-als-unterschaetzte-ursache-fuer-rueckenschmerzen\/\" \/>\n<meta property=\"og:site_name\" content=\"Organisator\" \/>\n<meta property=\"article:publisher\" content=\"https:\/\/www.facebook.com\/OrganisatorFachmagazin\" \/>\n<meta property=\"article:published_time\" content=\"2026-03-17T10:46:39+00:00\" \/>\n<meta property=\"article:modified_time\" content=\"2026-03-17T15:21:19+00:00\" \/>\n<meta name=\"author\" content=\"galledia\" \/>\n<meta name=\"twitter:card\" content=\"summary_large_image\" \/>\n<meta name=\"twitter:creator\" content=\"@admin\" \/>\n<script type=\"application\/ld+json\" class=\"yoast-schema-graph\">{\"@context\":\"https:\\\/\\\/schema.org\",\"@graph\":[{\"@type\":\"Article\",\"@id\":\"https:\\\/\\\/www.organisator.ch\\\/human-resources\\\/2026-03-17\\\/buerolaerm-als-unterschaetzte-ursache-fuer-rueckenschmerzen\\\/#article\",\"isPartOf\":{\"@id\":\"https:\\\/\\\/www.organisator.ch\\\/human-resources\\\/2026-03-17\\\/buerolaerm-als-unterschaetzte-ursache-fuer-rueckenschmerzen\\\/\"},\"author\":{\"name\":\"galledia\",\"@id\":\"https:\\\/\\\/www.organisator.ch\\\/#\\\/schema\\\/person\\\/4e51799071cd2dd1232ac003643ef5f0\"},\"headline\":\"B\u00fcrol\u00e4rm als untersch\u00e4tzte Ursache f\u00fcr R\u00fcckenschmerzen\",\"datePublished\":\"2026-03-17T10:46:39+00:00\",\"dateModified\":\"2026-03-17T15:21:19+00:00\",\"mainEntityOfPage\":{\"@id\":\"https:\\\/\\\/www.organisator.ch\\\/human-resources\\\/2026-03-17\\\/buerolaerm-als-unterschaetzte-ursache-fuer-rueckenschmerzen\\\/\"},\"wordCount\":576,\"publisher\":{\"@id\":\"https:\\\/\\\/www.organisator.ch\\\/#organization\"},\"image\":{\"@id\":\"https:\\\/\\\/www.organisator.ch\\\/human-resources\\\/2026-03-17\\\/buerolaerm-als-unterschaetzte-ursache-fuer-rueckenschmerzen\\\/#primaryimage\"},\"thumbnailUrl\":\"https:\\\/\\\/www.m-q.ch\\\/wp-content\\\/uploads\\\/2026\\\/03\\\/Buerolaerm-als-unterschaetzte-Ursache-fuer-Rueckenschmerzen_MQ.jpg\",\"keywords\":[\"Arbeitssicherheit\",\"Betriebliches Gesundheitsmanagement\",\"Fit im Job\",\"HRM\",\"Risikomanagement\"],\"articleSection\":[\"HUMAN RESOURCES\"],\"inLanguage\":\"de\"},{\"@type\":\"WebPage\",\"@id\":\"https:\\\/\\\/www.organisator.ch\\\/human-resources\\\/2026-03-17\\\/buerolaerm-als-unterschaetzte-ursache-fuer-rueckenschmerzen\\\/\",\"url\":\"https:\\\/\\\/www.organisator.ch\\\/human-resources\\\/2026-03-17\\\/buerolaerm-als-unterschaetzte-ursache-fuer-rueckenschmerzen\\\/\",\"name\":\"B\u00fcrol\u00e4rm als untersch\u00e4tzte Ursache f\u00fcr R\u00fcckenschmerzen - Organisator\",\"isPartOf\":{\"@id\":\"https:\\\/\\\/www.organisator.ch\\\/#website\"},\"primaryImageOfPage\":{\"@id\":\"https:\\\/\\\/www.organisator.ch\\\/human-resources\\\/2026-03-17\\\/buerolaerm-als-unterschaetzte-ursache-fuer-rueckenschmerzen\\\/#primaryimage\"},\"image\":{\"@id\":\"https:\\\/\\\/www.organisator.ch\\\/human-resources\\\/2026-03-17\\\/buerolaerm-als-unterschaetzte-ursache-fuer-rueckenschmerzen\\\/#primaryimage\"},\"thumbnailUrl\":\"https:\\\/\\\/www.m-q.ch\\\/wp-content\\\/uploads\\\/2026\\\/03\\\/Buerolaerm-als-unterschaetzte-Ursache-fuer-Rueckenschmerzen_MQ.jpg\",\"datePublished\":\"2026-03-17T10:46:39+00:00\",\"dateModified\":\"2026-03-17T15:21:19+00:00\",\"description\":\"Telefonate, Tastaturklappern und L\u00fcftungsrauschen verursachen Stress, der zu Verspannungen und R\u00fcckenschmerzen f\u00fchrt.\",\"breadcrumb\":{\"@id\":\"https:\\\/\\\/www.organisator.ch\\\/human-resources\\\/2026-03-17\\\/buerolaerm-als-unterschaetzte-ursache-fuer-rueckenschmerzen\\\/#breadcrumb\"},\"inLanguage\":\"de\",\"potentialAction\":[{\"@type\":\"ReadAction\",\"target\":[\"https:\\\/\\\/www.organisator.ch\\\/human-resources\\\/2026-03-17\\\/buerolaerm-als-unterschaetzte-ursache-fuer-rueckenschmerzen\\\/\"]}]},{\"@type\":\"ImageObject\",\"inLanguage\":\"de\",\"@id\":\"https:\\\/\\\/www.organisator.ch\\\/human-resources\\\/2026-03-17\\\/buerolaerm-als-unterschaetzte-ursache-fuer-rueckenschmerzen\\\/#primaryimage\",\"url\":\"https:\\\/\\\/www.m-q.ch\\\/wp-content\\\/uploads\\\/2026\\\/03\\\/Buerolaerm-als-unterschaetzte-Ursache-fuer-Rueckenschmerzen_MQ.jpg\",\"contentUrl\":\"https:\\\/\\\/www.m-q.ch\\\/wp-content\\\/uploads\\\/2026\\\/03\\\/Buerolaerm-als-unterschaetzte-Ursache-fuer-Rueckenschmerzen_MQ.jpg\"},{\"@type\":\"BreadcrumbList\",\"@id\":\"https:\\\/\\\/www.organisator.ch\\\/human-resources\\\/2026-03-17\\\/buerolaerm-als-unterschaetzte-ursache-fuer-rueckenschmerzen\\\/#breadcrumb\",\"itemListElement\":[{\"@type\":\"ListItem\",\"position\":1,\"name\":\"Home\",\"item\":\"https:\\\/\\\/www.organisator.ch\\\/\"},{\"@type\":\"ListItem\",\"position\":2,\"name\":\"B\u00fcrol\u00e4rm als untersch\u00e4tzte Ursache f\u00fcr R\u00fcckenschmerzen\"}]},{\"@type\":\"WebSite\",\"@id\":\"https:\\\/\\\/www.organisator.ch\\\/#website\",\"url\":\"https:\\\/\\\/www.organisator.ch\\\/\",\"name\":\"Organisator\",\"description\":\"Kompetent. Praxisnah. Der ORGANISATOR bereitet in 10 Ausgaben pro Jahr die wesentlichen Themen f\u00fcr F\u00fchrungskr\u00e4fte von KMU auf.\",\"publisher\":{\"@id\":\"https:\\\/\\\/www.organisator.ch\\\/#organization\"},\"potentialAction\":[{\"@type\":\"SearchAction\",\"target\":{\"@type\":\"EntryPoint\",\"urlTemplate\":\"https:\\\/\\\/www.organisator.ch\\\/?s={search_term_string}\"},\"query-input\":{\"@type\":\"PropertyValueSpecification\",\"valueRequired\":true,\"valueName\":\"search_term_string\"}}],\"inLanguage\":\"de\"},{\"@type\":\"Organization\",\"@id\":\"https:\\\/\\\/www.organisator.ch\\\/#organization\",\"name\":\"Organisator\",\"url\":\"https:\\\/\\\/www.organisator.ch\\\/\",\"logo\":{\"@type\":\"ImageObject\",\"inLanguage\":\"de\",\"@id\":\"https:\\\/\\\/www.organisator.ch\\\/#\\\/schema\\\/logo\\\/image\\\/\",\"url\":\"https:\\\/\\\/www.organisator.ch\\\/wp-content\\\/uploads\\\/2022\\\/01\\\/Logo_Organisator_Website.png\",\"contentUrl\":\"https:\\\/\\\/www.organisator.ch\\\/wp-content\\\/uploads\\\/2022\\\/01\\\/Logo_Organisator_Website.png\",\"width\":800,\"height\":77,\"caption\":\"Organisator\"},\"image\":{\"@id\":\"https:\\\/\\\/www.organisator.ch\\\/#\\\/schema\\\/logo\\\/image\\\/\"},\"sameAs\":[\"https:\\\/\\\/www.facebook.com\\\/OrganisatorFachmagazin\",\"https:\\\/\\\/www.linkedin.com\\\/showcase\\\/organisator-das-magazin-fr-kmu\",\"https:\\\/\\\/www.xing.com\\\/news\\\/pages\\\/organisator-ch-695\",\"https:\\\/\\\/www.youtube.com\\\/channel\\\/UCGP2Sq0iWaZwT3BdIAQFYpw\"]},{\"@type\":\"Person\",\"@id\":\"https:\\\/\\\/www.organisator.ch\\\/#\\\/schema\\\/person\\\/4e51799071cd2dd1232ac003643ef5f0\",\"name\":\"galledia\",\"image\":{\"@type\":\"ImageObject\",\"inLanguage\":\"de\",\"@id\":\"https:\\\/\\\/secure.gravatar.com\\\/avatar\\\/78a7f90c01fc2bfc875782a0d4922b37cde2cf184ce347b91316d23cd7f69a36?s=96&d=mm&r=g\",\"url\":\"https:\\\/\\\/secure.gravatar.com\\\/avatar\\\/78a7f90c01fc2bfc875782a0d4922b37cde2cf184ce347b91316d23cd7f69a36?s=96&d=mm&r=g\",\"contentUrl\":\"https:\\\/\\\/secure.gravatar.com\\\/avatar\\\/78a7f90c01fc2bfc875782a0d4922b37cde2cf184ce347b91316d23cd7f69a36?s=96&d=mm&r=g\",\"caption\":\"galledia\"},\"sameAs\":[\"https:\\\/\\\/x.com\\\/admin\"],\"url\":\"https:\\\/\\\/www.organisator.ch\\\/de\\\/author\\\/galledia\\\/\"}]}<\/script>\n<!-- \/ Yoast SEO plugin. -->","yoast_head_json":{"title":"B\u00fcrol\u00e4rm als untersch\u00e4tzte Ursache f\u00fcr R\u00fcckenschmerzen - Organisator","description":"Telefonate, Tastaturklappern und L\u00fcftungsrauschen verursachen Stress, der zu Verspannungen und R\u00fcckenschmerzen f\u00fchrt.","robots":{"index":"index","follow":"follow","max-snippet":"max-snippet:-1","max-image-preview":"max-image-preview:large","max-video-preview":"max-video-preview:-1"},"canonical":"https:\/\/www.organisator.ch\/de\/human-resources\/2026-03-17\/buerolaerm-als-unterschaetzte-ursache-fuer-rueckenschmerzen\/","og_locale":"de_DE","og_type":"article","og_title":"B\u00fcrol\u00e4rm als untersch\u00e4tzte Ursache f\u00fcr R\u00fcckenschmerzen - Organisator","og_description":"Telefonate, Tastaturklappern und L\u00fcftungsrauschen verursachen Stress, der zu Verspannungen und R\u00fcckenschmerzen f\u00fchrt.","og_url":"https:\/\/www.organisator.ch\/de\/human-resources\/2026-03-17\/buerolaerm-als-unterschaetzte-ursache-fuer-rueckenschmerzen\/","og_site_name":"Organisator","article_publisher":"https:\/\/www.facebook.com\/OrganisatorFachmagazin","article_published_time":"2026-03-17T10:46:39+00:00","article_modified_time":"2026-03-17T15:21:19+00:00","author":"galledia","twitter_card":"summary_large_image","twitter_creator":"@admin","schema":{"@context":"https:\/\/schema.org","@graph":[{"@type":"Article","@id":"https:\/\/www.organisator.ch\/human-resources\/2026-03-17\/buerolaerm-als-unterschaetzte-ursache-fuer-rueckenschmerzen\/#article","isPartOf":{"@id":"https:\/\/www.organisator.ch\/human-resources\/2026-03-17\/buerolaerm-als-unterschaetzte-ursache-fuer-rueckenschmerzen\/"},"author":{"name":"galledia","@id":"https:\/\/www.organisator.ch\/#\/schema\/person\/4e51799071cd2dd1232ac003643ef5f0"},"headline":"B\u00fcrol\u00e4rm als untersch\u00e4tzte Ursache f\u00fcr R\u00fcckenschmerzen","datePublished":"2026-03-17T10:46:39+00:00","dateModified":"2026-03-17T15:21:19+00:00","mainEntityOfPage":{"@id":"https:\/\/www.organisator.ch\/human-resources\/2026-03-17\/buerolaerm-als-unterschaetzte-ursache-fuer-rueckenschmerzen\/"},"wordCount":576,"publisher":{"@id":"https:\/\/www.organisator.ch\/#organization"},"image":{"@id":"https:\/\/www.organisator.ch\/human-resources\/2026-03-17\/buerolaerm-als-unterschaetzte-ursache-fuer-rueckenschmerzen\/#primaryimage"},"thumbnailUrl":"https:\/\/www.m-q.ch\/wp-content\/uploads\/2026\/03\/Buerolaerm-als-unterschaetzte-Ursache-fuer-Rueckenschmerzen_MQ.jpg","keywords":["Arbeitssicherheit","Betriebliches Gesundheitsmanagement","Fit im Job","HRM","Risikomanagement"],"articleSection":["HUMAN RESOURCES"],"inLanguage":"de"},{"@type":"WebPage","@id":"https:\/\/www.organisator.ch\/human-resources\/2026-03-17\/buerolaerm-als-unterschaetzte-ursache-fuer-rueckenschmerzen\/","url":"https:\/\/www.organisator.ch\/human-resources\/2026-03-17\/buerolaerm-als-unterschaetzte-ursache-fuer-rueckenschmerzen\/","name":"B\u00fcrol\u00e4rm als untersch\u00e4tzte Ursache f\u00fcr R\u00fcckenschmerzen - Organisator","isPartOf":{"@id":"https:\/\/www.organisator.ch\/#website"},"primaryImageOfPage":{"@id":"https:\/\/www.organisator.ch\/human-resources\/2026-03-17\/buerolaerm-als-unterschaetzte-ursache-fuer-rueckenschmerzen\/#primaryimage"},"image":{"@id":"https:\/\/www.organisator.ch\/human-resources\/2026-03-17\/buerolaerm-als-unterschaetzte-ursache-fuer-rueckenschmerzen\/#primaryimage"},"thumbnailUrl":"https:\/\/www.m-q.ch\/wp-content\/uploads\/2026\/03\/Buerolaerm-als-unterschaetzte-Ursache-fuer-Rueckenschmerzen_MQ.jpg","datePublished":"2026-03-17T10:46:39+00:00","dateModified":"2026-03-17T15:21:19+00:00","description":"Telefonate, Tastaturklappern und L\u00fcftungsrauschen verursachen Stress, der zu Verspannungen und R\u00fcckenschmerzen f\u00fchrt.","breadcrumb":{"@id":"https:\/\/www.organisator.ch\/human-resources\/2026-03-17\/buerolaerm-als-unterschaetzte-ursache-fuer-rueckenschmerzen\/#breadcrumb"},"inLanguage":"de","potentialAction":[{"@type":"ReadAction","target":["https:\/\/www.organisator.ch\/human-resources\/2026-03-17\/buerolaerm-als-unterschaetzte-ursache-fuer-rueckenschmerzen\/"]}]},{"@type":"ImageObject","inLanguage":"de","@id":"https:\/\/www.organisator.ch\/human-resources\/2026-03-17\/buerolaerm-als-unterschaetzte-ursache-fuer-rueckenschmerzen\/#primaryimage","url":"https:\/\/www.m-q.ch\/wp-content\/uploads\/2026\/03\/Buerolaerm-als-unterschaetzte-Ursache-fuer-Rueckenschmerzen_MQ.jpg","contentUrl":"https:\/\/www.m-q.ch\/wp-content\/uploads\/2026\/03\/Buerolaerm-als-unterschaetzte-Ursache-fuer-Rueckenschmerzen_MQ.jpg"},{"@type":"BreadcrumbList","@id":"https:\/\/www.organisator.ch\/human-resources\/2026-03-17\/buerolaerm-als-unterschaetzte-ursache-fuer-rueckenschmerzen\/#breadcrumb","itemListElement":[{"@type":"ListItem","position":1,"name":"Home","item":"https:\/\/www.organisator.ch\/"},{"@type":"ListItem","position":2,"name":"B\u00fcrol\u00e4rm als untersch\u00e4tzte Ursache f\u00fcr R\u00fcckenschmerzen"}]},{"@type":"WebSite","@id":"https:\/\/www.organisator.ch\/#website","url":"https:\/\/www.organisator.ch\/","name":"Organisator","description":"Kompetent. Praxisnah. Der ORGANISATOR bereitet in 10 Ausgaben pro Jahr die wesentlichen Themen f\u00fcr F\u00fchrungskr\u00e4fte von KMU auf.","publisher":{"@id":"https:\/\/www.organisator.ch\/#organization"},"potentialAction":[{"@type":"SearchAction","target":{"@type":"EntryPoint","urlTemplate":"https:\/\/www.organisator.ch\/?s={search_term_string}"},"query-input":{"@type":"PropertyValueSpecification","valueRequired":true,"valueName":"search_term_string"}}],"inLanguage":"de"},{"@type":"Organization","@id":"https:\/\/www.organisator.ch\/#organization","name":"Organisator","url":"https:\/\/www.organisator.ch\/","logo":{"@type":"ImageObject","inLanguage":"de","@id":"https:\/\/www.organisator.ch\/#\/schema\/logo\/image\/","url":"https:\/\/www.organisator.ch\/wp-content\/uploads\/2022\/01\/Logo_Organisator_Website.png","contentUrl":"https:\/\/www.organisator.ch\/wp-content\/uploads\/2022\/01\/Logo_Organisator_Website.png","width":800,"height":77,"caption":"Organisator"},"image":{"@id":"https:\/\/www.organisator.ch\/#\/schema\/logo\/image\/"},"sameAs":["https:\/\/www.facebook.com\/OrganisatorFachmagazin","https:\/\/www.linkedin.com\/showcase\/organisator-das-magazin-fr-kmu","https:\/\/www.xing.com\/news\/pages\/organisator-ch-695","https:\/\/www.youtube.com\/channel\/UCGP2Sq0iWaZwT3BdIAQFYpw"]},{"@type":"Person","@id":"https:\/\/www.organisator.ch\/#\/schema\/person\/4e51799071cd2dd1232ac003643ef5f0","name":"galledia","image":{"@type":"ImageObject","inLanguage":"de","@id":"https:\/\/secure.gravatar.com\/avatar\/78a7f90c01fc2bfc875782a0d4922b37cde2cf184ce347b91316d23cd7f69a36?s=96&d=mm&r=g","url":"https:\/\/secure.gravatar.com\/avatar\/78a7f90c01fc2bfc875782a0d4922b37cde2cf184ce347b91316d23cd7f69a36?s=96&d=mm&r=g","contentUrl":"https:\/\/secure.gravatar.com\/avatar\/78a7f90c01fc2bfc875782a0d4922b37cde2cf184ce347b91316d23cd7f69a36?s=96&d=mm&r=g","caption":"galledia"},"sameAs":["https:\/\/x.com\/admin"],"url":"https:\/\/www.organisator.ch\/de\/author\/galledia\/"}]}},"_links":{"self":[{"href":"https:\/\/www.organisator.ch\/de\/wp-json\/wp\/v2\/posts\/46202","targetHints":{"allow":["GET"]}}],"collection":[{"href":"https:\/\/www.organisator.ch\/de\/wp-json\/wp\/v2\/posts"}],"about":[{"href":"https:\/\/www.organisator.ch\/de\/wp-json\/wp\/v2\/types\/post"}],"author":[{"embeddable":true,"href":"https:\/\/www.organisator.ch\/de\/wp-json\/wp\/v2\/users\/8"}],"replies":[{"embeddable":true,"href":"https:\/\/www.organisator.ch\/de\/wp-json\/wp\/v2\/comments?post=46202"}],"version-history":[{"count":6,"href":"https:\/\/www.organisator.ch\/de\/wp-json\/wp\/v2\/posts\/46202\/revisions"}],"predecessor-version":[{"id":46224,"href":"https:\/\/www.organisator.ch\/de\/wp-json\/wp\/v2\/posts\/46202\/revisions\/46224"}],"wp:attachment":[{"href":"https:\/\/www.organisator.ch\/de\/wp-json\/wp\/v2\/media?parent=46202"}],"wp:term":[{"taxonomy":"category","embeddable":true,"href":"https:\/\/www.organisator.ch\/de\/wp-json\/wp\/v2\/categories?post=46202"},{"taxonomy":"post_tag","embeddable":true,"href":"https:\/\/www.organisator.ch\/de\/wp-json\/wp\/v2\/tags?post=46202"}],"curies":[{"name":"wp","href":"https:\/\/api.w.org\/{rel}","templated":true}]}}