{"id":46241,"date":"2026-03-18T13:17:45","date_gmt":"2026-03-18T12:17:45","guid":{"rendered":"https:\/\/www.organisator.ch\/de\/?p=46241"},"modified":"2026-03-18T13:17:45","modified_gmt":"2026-03-18T12:17:45","slug":"praevention-auf-dem-bau-kampagne-sensibilisiert-fuer-helmtragen","status":"publish","type":"post","link":"https:\/\/www.organisator.ch\/de\/human-resources\/2026-03-18\/praevention-auf-dem-bau-kampagne-sensibilisiert-fuer-helmtragen\/","title":{"rendered":"Pr\u00e4vention auf dem Bau: Kampagne sensibilisiert f\u00fcr Helmtragen"},"content":{"rendered":"<figure id=\"attachment_46240\" aria-describedby=\"caption-attachment-46240\" style=\"width: 1400px\" class=\"wp-caption alignnone\"><img loading=\"lazy\" decoding=\"async\" class=\"size-full wp-image-46240\" src=\"https:\/\/www.organisator.ch\/wp-content\/uploads\/2026\/03\/Sensibilisierung_Bau_FRAGILE20Suisse-scaled.jpg\" alt=\"\" width=\"1400\" height=\"933\" srcset=\"https:\/\/www.organisator.ch\/wp-content\/uploads\/2026\/03\/Sensibilisierung_Bau_FRAGILE20Suisse-scaled.jpg 1400w, https:\/\/www.organisator.ch\/wp-content\/uploads\/2026\/03\/Sensibilisierung_Bau_FRAGILE20Suisse-680x453.jpg 680w, https:\/\/www.organisator.ch\/wp-content\/uploads\/2026\/03\/Sensibilisierung_Bau_FRAGILE20Suisse-1024x683.jpg 1024w, https:\/\/www.organisator.ch\/wp-content\/uploads\/2026\/03\/Sensibilisierung_Bau_FRAGILE20Suisse-768x512.jpg 768w, https:\/\/www.organisator.ch\/wp-content\/uploads\/2026\/03\/Sensibilisierung_Bau_FRAGILE20Suisse-1536x1024.jpg 1536w, https:\/\/www.organisator.ch\/wp-content\/uploads\/2026\/03\/Sensibilisierung_Bau_FRAGILE20Suisse-2048x1365.jpg 2048w, https:\/\/www.organisator.ch\/wp-content\/uploads\/2026\/03\/Sensibilisierung_Bau_FRAGILE20Suisse-18x12.jpg 18w, https:\/\/www.organisator.ch\/wp-content\/uploads\/2026\/03\/Sensibilisierung_Bau_FRAGILE20Suisse-375x250.jpg 375w, https:\/\/www.organisator.ch\/wp-content\/uploads\/2026\/03\/Sensibilisierung_Bau_FRAGILE20Suisse-525x350.jpg 525w, https:\/\/www.organisator.ch\/wp-content\/uploads\/2026\/03\/Sensibilisierung_Bau_FRAGILE20Suisse-1000x667.jpg 1000w\" sizes=\"auto, (max-width: 1400px) 100vw, 1400px\" \/><figcaption id=\"caption-attachment-46240\" class=\"wp-caption-text\">FRAGILE Suisse sensibilisiert f\u00fcr Sicherheit auf dem Bau. Quelle: zvg<\/figcaption><\/figure>\n<p>Das Gehirn ist lebenswichtig und muss gesch\u00fctzt werden \u2013 nicht nur bei Sport- und Freizeitaktivit\u00e4ten, sondern auch bei der Arbeit. Im Rahmen der Pr\u00e4ventionskampagne \u00abSch\u00fctze dein Hirn \u2013 Sch\u00fctze dein Leben!\u00bb sensibilisiert FRAGILE Suisse in Zusammenarbeit mit der Beratungsstelle f\u00fcr Arbeitssicherheit BfA, Building Materials Suisse (BMS) und Mips Bauarbeiter:innen f\u00fcr die Wichtigkeit von Helmtragen am Arbeitsplatz.<\/p>\n<h3>Tausende Kopfverletzungen j\u00e4hrlich<\/h3>\n<p>5&#8217;000 Menschen pro Jahr erleiden in der Schweiz ein mittleres bis schweres Sch\u00e4del-Hirn-Trauma. Eine solche Verletzung des Gehirns kann schwerwiegende Folgen verursachen \u2013 bei unter 45-J\u00e4hrigen ist das Sch\u00e4del-Hirn-Trauma sogar die h\u00e4ufigste Todesursache. Die Suva z\u00e4hlt j\u00e4hrlich rund 12&#8217;000 Kopfverletzungen \u2013 zahlreiche davon auf Schweizer Baustellen. Viele Sch\u00e4den k\u00f6nnten durch pr\u00e4ventive Massnahmen verhindert werden: Dazu z\u00e4hlt insbesondere das korrekte Tragen eines Helmes, inklusive dem Verschluss des Kinnriemens.<\/p>\n<h3>Betroffener teilt seine Erfahrungen<\/h3>\n<p>\u00abIch w\u00fcrde alles daf\u00fcr geben, wieder auf dem Bau arbeiten zu k\u00f6nnen.\u00bb Das sagt Peter B., der infolge eines Arbeitsunfalls einen Sch\u00e4del-Tr\u00fcmmerbruch sowie ein schweres Sch\u00e4del-Hirn-Trauma erlitten hat. Im Rahmen der Pr\u00e4ventionskampagne teilte er an einem Weiterbildungstag f\u00fcr Arbeitssicherheit seine pers\u00f6nlichen Erfahrungen mit anderen Angestellten im Baugewerbe.<\/p>\n<p>FRAGILE Suisse, die schweizerische Organisation f\u00fcr Menschen mit Hirnverletzung und Angeh\u00f6rige, f\u00fchrt diese schweizweite Kampagne mit aktuellem Fokus auf das Helmtragen durch. Daf\u00fcr arbeitet sie mit der Beratungsstelle f\u00fcr Arbeitssicherheit BfA, dem Verbund von Spezialisten im Baumaterialhandel BMS und dem schwedischen Unternehmen Mips, das sich auf die Sicherheit von Helmen sowie den Schutz des Gehirns spezialisiert hat, zusammen.<\/p>\n<h3>Schutzausr\u00fcstung f\u00fcr Baumaschinenf\u00fchrer<\/h3>\n<p>Im Rahmen dieser Kooperation erhalten alle Personen, die die Baumaschinenf\u00fchrer-Ausbildung bestehen, ein mehrteiliges Set an pers\u00f6nlicher Schutzausr\u00fcstung (PSA). Dazu geh\u00f6ren unter anderem Geh\u00f6r- und Sonnenschutz sowie ein Schutzhelm mit integriertem Gehirnschutzsystem f\u00fcr Industrieschutzhelme (Mips). Zudem werden in rund 70 Filialen ein Muster-Schutzhelm des schwedischen Unternehmens \u00abGuardio\u00bb mit dem Mips-Gehirnschutzsystem zusammen mit Informationen zu FRAGILE Suisse ausgestellt.<\/p>\n<h3>Landesweite Sensibilisierung<\/h3>\n<p>FRAGILE Suisse setzt sich mit dieser Kampagne nicht nur f\u00fcr die Sicherheit der Bauarbeiter:innen ein, sondern auch f\u00fcr eine breite Aufkl\u00e4rung der \u00d6ffentlichkeit \u00fcber das Thema Hirnverletzung und deren Folgen. Passend dazu hat die Organisation neue <a href=\"https:\/\/www.fragile.ch\/medien\/fuellerinserate\/\" target=\"_blank\" rel=\"noopener\">F\u00fcllerinserate zum Thema Helmtragen<\/a> ver\u00f6ffentlicht. Mit der Publikation dieser Gratis-Inserate k\u00f6nnen auch die Medien die Pr\u00e4ventionskampagne unterst\u00fctzen.<\/p>\n<p>Mehr Informationen zur Kampagne unter <a href=\"https:\/\/www.fragile.ch\/schuetzedeinhirn\/\" target=\"_blank\" rel=\"noopener\">www.fragile.ch\/schuetzedeinhirn<\/a>.<\/p>\n","protected":false},"excerpt":{"rendered":"<p>J\u00e4hrlich erleiden in der Schweiz 5&#8217;000 Menschen ein mittleres bis schweres Sch\u00e4del-Hirn-Trauma, viele davon auf Baustellen. FRAGILE Suisse startet in Zusammenarbeit mit der Beratungsstelle f\u00fcr Arbeitssicherheit BfA, Building Materials Suisse und Mips eine schweizweite Pr\u00e4ventionskampagne. Diese sensibilisiert Bauarbeiter:innen f\u00fcr die Wichtigkeit des korrekten Helmtragens.<\/p>\n","protected":false},"author":107,"featured_media":46240,"comment_status":"closed","ping_status":"closed","sticky":false,"template":"","format":"standard","meta":{"_acf_changed":false,"_yoast_wpseo_focuskw":"Helmtragen","_yoast_wpseo_metadesc":"FRAGILE Suisse sensibilisiert mit Kampagne f\u00fcr Helmtragen auf dem Bau. J\u00e4hrlich 12'000 Kopfverletzungen \u2013 viele sind vermeidbar.","articlekey":"","footnotes":""},"categories":[579],"tags":[53,77,293,503],"class_list":["post-46241","post","type-post","status-publish","format-standard","has-post-thumbnail","hentry","category-human-resources","tag-arbeitssicherheit","tag-betriebliches-gesundheitsmanagement","tag-kampagne","tag-verbaende"],"acf":[],"yoast_head":"<!-- This site is optimized with the Yoast SEO plugin v27.4 - https:\/\/yoast.com\/product\/yoast-seo-wordpress\/ -->\n<title>Pr\u00e4vention auf dem Bau: Kampagne sensibilisiert f\u00fcr Helmtragen - Organisator<\/title>\n<meta name=\"description\" content=\"FRAGILE Suisse sensibilisiert mit Kampagne f\u00fcr Helmtragen auf dem Bau. J\u00e4hrlich 12&#039;000 Kopfverletzungen \u2013 viele sind vermeidbar.\" \/>\n<meta name=\"robots\" content=\"index, follow, max-snippet:-1, max-image-preview:large, max-video-preview:-1\" \/>\n<link rel=\"canonical\" href=\"https:\/\/www.organisator.ch\/de\/human-resources\/2026-03-18\/praevention-auf-dem-bau-kampagne-sensibilisiert-fuer-helmtragen\/\" \/>\n<meta property=\"og:locale\" content=\"de_DE\" \/>\n<meta property=\"og:type\" content=\"article\" \/>\n<meta property=\"og:title\" content=\"Pr\u00e4vention auf dem Bau: Kampagne sensibilisiert f\u00fcr Helmtragen\" \/>\n<meta property=\"og:description\" content=\"FRAGILE Suisse sensibilisiert mit Kampagne f\u00fcr Helmtragen auf dem Bau. J\u00e4hrlich 12&#039;000 Kopfverletzungen \u2013 viele sind vermeidbar.\" \/>\n<meta property=\"og:url\" content=\"https:\/\/www.organisator.ch\/de\/human-resources\/2026-03-18\/praevention-auf-dem-bau-kampagne-sensibilisiert-fuer-helmtragen\/\" \/>\n<meta property=\"og:site_name\" content=\"Organisator\" \/>\n<meta property=\"article:publisher\" content=\"https:\/\/www.facebook.com\/OrganisatorFachmagazin\" \/>\n<meta property=\"article:published_time\" content=\"2026-03-18T12:17:45+00:00\" \/>\n<meta property=\"og:image\" content=\"https:\/\/www.organisator.ch\/wp-content\/uploads\/2026\/03\/Sensibilisierung_Bau_FRAGILE20Suisse-1-scaled.jpg\" \/>\n\t<meta property=\"og:image:width\" content=\"1400\" \/>\n\t<meta property=\"og:image:height\" content=\"933\" \/>\n\t<meta property=\"og:image:type\" content=\"image\/jpeg\" \/>\n<meta name=\"author\" content=\"n8n\" \/>\n<meta name=\"twitter:card\" content=\"summary_large_image\" \/>\n<meta name=\"twitter:title\" content=\"#Pr\u00e4vention auf dem Bau: #Kampagne sensibilisiert f\u00fcr #Helmtragen\" \/>\n<meta name=\"twitter:description\" content=\"#FRAGILE Suisse sensibilisiert mit Kampagne f\u00fcr #Helmtragen auf dem Bau. J\u00e4hrlich 12&#039;000 Kopfverletzungen \u2013 viele sind vermeidbar.\" \/>\n<meta name=\"twitter:image\" content=\"https:\/\/www.organisator.ch\/wp-content\/uploads\/2026\/03\/Sensibilisierung_Bau_FRAGILE20Suisse-1-scaled.jpg\" \/>\n<script type=\"application\/ld+json\" class=\"yoast-schema-graph\">{\"@context\":\"https:\\\/\\\/schema.org\",\"@graph\":[{\"@type\":\"Article\",\"@id\":\"https:\\\/\\\/www.organisator.ch\\\/human-resources\\\/2026-03-18\\\/praevention-auf-dem-bau-kampagne-sensibilisiert-fuer-helmtragen\\\/#article\",\"isPartOf\":{\"@id\":\"https:\\\/\\\/www.organisator.ch\\\/human-resources\\\/2026-03-18\\\/praevention-auf-dem-bau-kampagne-sensibilisiert-fuer-helmtragen\\\/\"},\"author\":{\"name\":\"n8n\",\"@id\":\"https:\\\/\\\/www.organisator.ch\\\/#\\\/schema\\\/person\\\/a9d0e0eff238db87a8f840f3b50359f0\"},\"headline\":\"Pr\u00e4vention auf dem Bau: Kampagne sensibilisiert f\u00fcr Helmtragen\",\"datePublished\":\"2026-03-18T12:17:45+00:00\",\"mainEntityOfPage\":{\"@id\":\"https:\\\/\\\/www.organisator.ch\\\/human-resources\\\/2026-03-18\\\/praevention-auf-dem-bau-kampagne-sensibilisiert-fuer-helmtragen\\\/\"},\"wordCount\":430,\"publisher\":{\"@id\":\"https:\\\/\\\/www.organisator.ch\\\/#organization\"},\"image\":{\"@id\":\"https:\\\/\\\/www.organisator.ch\\\/human-resources\\\/2026-03-18\\\/praevention-auf-dem-bau-kampagne-sensibilisiert-fuer-helmtragen\\\/#primaryimage\"},\"thumbnailUrl\":\"https:\\\/\\\/www.organisator.ch\\\/wp-content\\\/uploads\\\/2026\\\/03\\\/Sensibilisierung_Bau_FRAGILE20Suisse-scaled.jpg\",\"keywords\":[\"Arbeitssicherheit\",\"Betriebliches Gesundheitsmanagement\",\"Kampagne\",\"Verb\u00e4nde\"],\"articleSection\":[\"HUMAN RESOURCES\"],\"inLanguage\":\"de\"},{\"@type\":\"WebPage\",\"@id\":\"https:\\\/\\\/www.organisator.ch\\\/human-resources\\\/2026-03-18\\\/praevention-auf-dem-bau-kampagne-sensibilisiert-fuer-helmtragen\\\/\",\"url\":\"https:\\\/\\\/www.organisator.ch\\\/human-resources\\\/2026-03-18\\\/praevention-auf-dem-bau-kampagne-sensibilisiert-fuer-helmtragen\\\/\",\"name\":\"Pr\u00e4vention auf dem Bau: Kampagne sensibilisiert f\u00fcr Helmtragen - Organisator\",\"isPartOf\":{\"@id\":\"https:\\\/\\\/www.organisator.ch\\\/#website\"},\"primaryImageOfPage\":{\"@id\":\"https:\\\/\\\/www.organisator.ch\\\/human-resources\\\/2026-03-18\\\/praevention-auf-dem-bau-kampagne-sensibilisiert-fuer-helmtragen\\\/#primaryimage\"},\"image\":{\"@id\":\"https:\\\/\\\/www.organisator.ch\\\/human-resources\\\/2026-03-18\\\/praevention-auf-dem-bau-kampagne-sensibilisiert-fuer-helmtragen\\\/#primaryimage\"},\"thumbnailUrl\":\"https:\\\/\\\/www.organisator.ch\\\/wp-content\\\/uploads\\\/2026\\\/03\\\/Sensibilisierung_Bau_FRAGILE20Suisse-scaled.jpg\",\"datePublished\":\"2026-03-18T12:17:45+00:00\",\"description\":\"FRAGILE Suisse sensibilisiert mit Kampagne f\u00fcr Helmtragen auf dem Bau. J\u00e4hrlich 12'000 Kopfverletzungen \u2013 viele sind vermeidbar.\",\"breadcrumb\":{\"@id\":\"https:\\\/\\\/www.organisator.ch\\\/human-resources\\\/2026-03-18\\\/praevention-auf-dem-bau-kampagne-sensibilisiert-fuer-helmtragen\\\/#breadcrumb\"},\"inLanguage\":\"de\",\"potentialAction\":[{\"@type\":\"ReadAction\",\"target\":[\"https:\\\/\\\/www.organisator.ch\\\/human-resources\\\/2026-03-18\\\/praevention-auf-dem-bau-kampagne-sensibilisiert-fuer-helmtragen\\\/\"]}]},{\"@type\":\"ImageObject\",\"inLanguage\":\"de\",\"@id\":\"https:\\\/\\\/www.organisator.ch\\\/human-resources\\\/2026-03-18\\\/praevention-auf-dem-bau-kampagne-sensibilisiert-fuer-helmtragen\\\/#primaryimage\",\"url\":\"https:\\\/\\\/www.organisator.ch\\\/wp-content\\\/uploads\\\/2026\\\/03\\\/Sensibilisierung_Bau_FRAGILE20Suisse-scaled.jpg\",\"contentUrl\":\"https:\\\/\\\/www.organisator.ch\\\/wp-content\\\/uploads\\\/2026\\\/03\\\/Sensibilisierung_Bau_FRAGILE20Suisse-scaled.jpg\",\"width\":1400,\"height\":933,\"caption\":\"FRAGILE Suisse sensibilisiert f\u00fcr Sicherheit auf dem Bau. Quelle: zvg\"},{\"@type\":\"BreadcrumbList\",\"@id\":\"https:\\\/\\\/www.organisator.ch\\\/human-resources\\\/2026-03-18\\\/praevention-auf-dem-bau-kampagne-sensibilisiert-fuer-helmtragen\\\/#breadcrumb\",\"itemListElement\":[{\"@type\":\"ListItem\",\"position\":1,\"name\":\"Home\",\"item\":\"https:\\\/\\\/www.organisator.ch\\\/\"},{\"@type\":\"ListItem\",\"position\":2,\"name\":\"Pr\u00e4vention auf dem Bau: Kampagne sensibilisiert f\u00fcr Helmtragen\"}]},{\"@type\":\"WebSite\",\"@id\":\"https:\\\/\\\/www.organisator.ch\\\/#website\",\"url\":\"https:\\\/\\\/www.organisator.ch\\\/\",\"name\":\"Organisator\",\"description\":\"Kompetent. Praxisnah. Der ORGANISATOR bereitet in 10 Ausgaben pro Jahr die wesentlichen Themen f\u00fcr F\u00fchrungskr\u00e4fte von KMU auf.\",\"publisher\":{\"@id\":\"https:\\\/\\\/www.organisator.ch\\\/#organization\"},\"potentialAction\":[{\"@type\":\"SearchAction\",\"target\":{\"@type\":\"EntryPoint\",\"urlTemplate\":\"https:\\\/\\\/www.organisator.ch\\\/?s={search_term_string}\"},\"query-input\":{\"@type\":\"PropertyValueSpecification\",\"valueRequired\":true,\"valueName\":\"search_term_string\"}}],\"inLanguage\":\"de\"},{\"@type\":\"Organization\",\"@id\":\"https:\\\/\\\/www.organisator.ch\\\/#organization\",\"name\":\"Organisator\",\"url\":\"https:\\\/\\\/www.organisator.ch\\\/\",\"logo\":{\"@type\":\"ImageObject\",\"inLanguage\":\"de\",\"@id\":\"https:\\\/\\\/www.organisator.ch\\\/#\\\/schema\\\/logo\\\/image\\\/\",\"url\":\"https:\\\/\\\/www.organisator.ch\\\/wp-content\\\/uploads\\\/2022\\\/01\\\/Logo_Organisator_Website.png\",\"contentUrl\":\"https:\\\/\\\/www.organisator.ch\\\/wp-content\\\/uploads\\\/2022\\\/01\\\/Logo_Organisator_Website.png\",\"width\":800,\"height\":77,\"caption\":\"Organisator\"},\"image\":{\"@id\":\"https:\\\/\\\/www.organisator.ch\\\/#\\\/schema\\\/logo\\\/image\\\/\"},\"sameAs\":[\"https:\\\/\\\/www.facebook.com\\\/OrganisatorFachmagazin\",\"https:\\\/\\\/www.linkedin.com\\\/showcase\\\/organisator-das-magazin-fr-kmu\",\"https:\\\/\\\/www.xing.com\\\/news\\\/pages\\\/organisator-ch-695\",\"https:\\\/\\\/www.youtube.com\\\/channel\\\/UCGP2Sq0iWaZwT3BdIAQFYpw\"]},{\"@type\":\"Person\",\"@id\":\"https:\\\/\\\/www.organisator.ch\\\/#\\\/schema\\\/person\\\/a9d0e0eff238db87a8f840f3b50359f0\",\"name\":\"n8n\",\"image\":{\"@type\":\"ImageObject\",\"inLanguage\":\"de\",\"@id\":\"https:\\\/\\\/secure.gravatar.com\\\/avatar\\\/5368fb9d03fd415a6f335cece4c15af2502d6ca8651efbd6e8f98427a9795400?s=96&d=mm&r=g\",\"url\":\"https:\\\/\\\/secure.gravatar.com\\\/avatar\\\/5368fb9d03fd415a6f335cece4c15af2502d6ca8651efbd6e8f98427a9795400?s=96&d=mm&r=g\",\"contentUrl\":\"https:\\\/\\\/secure.gravatar.com\\\/avatar\\\/5368fb9d03fd415a6f335cece4c15af2502d6ca8651efbd6e8f98427a9795400?s=96&d=mm&r=g\",\"caption\":\"n8n\"},\"url\":\"https:\\\/\\\/www.organisator.ch\\\/de\\\/author\\\/n8n\\\/\"}]}<\/script>\n<!-- \/ Yoast SEO plugin. -->","yoast_head_json":{"title":"Pr\u00e4vention auf dem Bau: Kampagne sensibilisiert f\u00fcr Helmtragen - Organisator","description":"FRAGILE Suisse sensibilisiert mit Kampagne f\u00fcr Helmtragen auf dem Bau. J\u00e4hrlich 12'000 Kopfverletzungen \u2013 viele sind vermeidbar.","robots":{"index":"index","follow":"follow","max-snippet":"max-snippet:-1","max-image-preview":"max-image-preview:large","max-video-preview":"max-video-preview:-1"},"canonical":"https:\/\/www.organisator.ch\/de\/human-resources\/2026-03-18\/praevention-auf-dem-bau-kampagne-sensibilisiert-fuer-helmtragen\/","og_locale":"de_DE","og_type":"article","og_title":"Pr\u00e4vention auf dem Bau: Kampagne sensibilisiert f\u00fcr Helmtragen","og_description":"FRAGILE Suisse sensibilisiert mit Kampagne f\u00fcr Helmtragen auf dem Bau. J\u00e4hrlich 12'000 Kopfverletzungen \u2013 viele sind vermeidbar.","og_url":"https:\/\/www.organisator.ch\/de\/human-resources\/2026-03-18\/praevention-auf-dem-bau-kampagne-sensibilisiert-fuer-helmtragen\/","og_site_name":"Organisator","article_publisher":"https:\/\/www.facebook.com\/OrganisatorFachmagazin","article_published_time":"2026-03-18T12:17:45+00:00","og_image":[{"width":1400,"height":933,"url":"https:\/\/www.organisator.ch\/wp-content\/uploads\/2026\/03\/Sensibilisierung_Bau_FRAGILE20Suisse-1-scaled.jpg","type":"image\/jpeg"}],"author":"n8n","twitter_card":"summary_large_image","twitter_title":"#Pr\u00e4vention auf dem Bau: #Kampagne sensibilisiert f\u00fcr #Helmtragen","twitter_description":"#FRAGILE Suisse sensibilisiert mit Kampagne f\u00fcr #Helmtragen auf dem Bau. J\u00e4hrlich 12'000 Kopfverletzungen \u2013 viele sind vermeidbar.","twitter_image":"https:\/\/www.organisator.ch\/wp-content\/uploads\/2026\/03\/Sensibilisierung_Bau_FRAGILE20Suisse-1-scaled.jpg","schema":{"@context":"https:\/\/schema.org","@graph":[{"@type":"Article","@id":"https:\/\/www.organisator.ch\/human-resources\/2026-03-18\/praevention-auf-dem-bau-kampagne-sensibilisiert-fuer-helmtragen\/#article","isPartOf":{"@id":"https:\/\/www.organisator.ch\/human-resources\/2026-03-18\/praevention-auf-dem-bau-kampagne-sensibilisiert-fuer-helmtragen\/"},"author":{"name":"n8n","@id":"https:\/\/www.organisator.ch\/#\/schema\/person\/a9d0e0eff238db87a8f840f3b50359f0"},"headline":"Pr\u00e4vention auf dem Bau: Kampagne sensibilisiert f\u00fcr Helmtragen","datePublished":"2026-03-18T12:17:45+00:00","mainEntityOfPage":{"@id":"https:\/\/www.organisator.ch\/human-resources\/2026-03-18\/praevention-auf-dem-bau-kampagne-sensibilisiert-fuer-helmtragen\/"},"wordCount":430,"publisher":{"@id":"https:\/\/www.organisator.ch\/#organization"},"image":{"@id":"https:\/\/www.organisator.ch\/human-resources\/2026-03-18\/praevention-auf-dem-bau-kampagne-sensibilisiert-fuer-helmtragen\/#primaryimage"},"thumbnailUrl":"https:\/\/www.organisator.ch\/wp-content\/uploads\/2026\/03\/Sensibilisierung_Bau_FRAGILE20Suisse-scaled.jpg","keywords":["Arbeitssicherheit","Betriebliches Gesundheitsmanagement","Kampagne","Verb\u00e4nde"],"articleSection":["HUMAN RESOURCES"],"inLanguage":"de"},{"@type":"WebPage","@id":"https:\/\/www.organisator.ch\/human-resources\/2026-03-18\/praevention-auf-dem-bau-kampagne-sensibilisiert-fuer-helmtragen\/","url":"https:\/\/www.organisator.ch\/human-resources\/2026-03-18\/praevention-auf-dem-bau-kampagne-sensibilisiert-fuer-helmtragen\/","name":"Pr\u00e4vention auf dem Bau: Kampagne sensibilisiert f\u00fcr Helmtragen - Organisator","isPartOf":{"@id":"https:\/\/www.organisator.ch\/#website"},"primaryImageOfPage":{"@id":"https:\/\/www.organisator.ch\/human-resources\/2026-03-18\/praevention-auf-dem-bau-kampagne-sensibilisiert-fuer-helmtragen\/#primaryimage"},"image":{"@id":"https:\/\/www.organisator.ch\/human-resources\/2026-03-18\/praevention-auf-dem-bau-kampagne-sensibilisiert-fuer-helmtragen\/#primaryimage"},"thumbnailUrl":"https:\/\/www.organisator.ch\/wp-content\/uploads\/2026\/03\/Sensibilisierung_Bau_FRAGILE20Suisse-scaled.jpg","datePublished":"2026-03-18T12:17:45+00:00","description":"FRAGILE Suisse sensibilisiert mit Kampagne f\u00fcr Helmtragen auf dem Bau. J\u00e4hrlich 12'000 Kopfverletzungen \u2013 viele sind vermeidbar.","breadcrumb":{"@id":"https:\/\/www.organisator.ch\/human-resources\/2026-03-18\/praevention-auf-dem-bau-kampagne-sensibilisiert-fuer-helmtragen\/#breadcrumb"},"inLanguage":"de","potentialAction":[{"@type":"ReadAction","target":["https:\/\/www.organisator.ch\/human-resources\/2026-03-18\/praevention-auf-dem-bau-kampagne-sensibilisiert-fuer-helmtragen\/"]}]},{"@type":"ImageObject","inLanguage":"de","@id":"https:\/\/www.organisator.ch\/human-resources\/2026-03-18\/praevention-auf-dem-bau-kampagne-sensibilisiert-fuer-helmtragen\/#primaryimage","url":"https:\/\/www.organisator.ch\/wp-content\/uploads\/2026\/03\/Sensibilisierung_Bau_FRAGILE20Suisse-scaled.jpg","contentUrl":"https:\/\/www.organisator.ch\/wp-content\/uploads\/2026\/03\/Sensibilisierung_Bau_FRAGILE20Suisse-scaled.jpg","width":1400,"height":933,"caption":"FRAGILE Suisse sensibilisiert f\u00fcr Sicherheit auf dem Bau. Quelle: zvg"},{"@type":"BreadcrumbList","@id":"https:\/\/www.organisator.ch\/human-resources\/2026-03-18\/praevention-auf-dem-bau-kampagne-sensibilisiert-fuer-helmtragen\/#breadcrumb","itemListElement":[{"@type":"ListItem","position":1,"name":"Home","item":"https:\/\/www.organisator.ch\/"},{"@type":"ListItem","position":2,"name":"Pr\u00e4vention auf dem Bau: Kampagne sensibilisiert f\u00fcr Helmtragen"}]},{"@type":"WebSite","@id":"https:\/\/www.organisator.ch\/#website","url":"https:\/\/www.organisator.ch\/","name":"Organisator","description":"Kompetent. Praxisnah. Der ORGANISATOR bereitet in 10 Ausgaben pro Jahr die wesentlichen Themen f\u00fcr F\u00fchrungskr\u00e4fte von KMU auf.","publisher":{"@id":"https:\/\/www.organisator.ch\/#organization"},"potentialAction":[{"@type":"SearchAction","target":{"@type":"EntryPoint","urlTemplate":"https:\/\/www.organisator.ch\/?s={search_term_string}"},"query-input":{"@type":"PropertyValueSpecification","valueRequired":true,"valueName":"search_term_string"}}],"inLanguage":"de"},{"@type":"Organization","@id":"https:\/\/www.organisator.ch\/#organization","name":"Organisator","url":"https:\/\/www.organisator.ch\/","logo":{"@type":"ImageObject","inLanguage":"de","@id":"https:\/\/www.organisator.ch\/#\/schema\/logo\/image\/","url":"https:\/\/www.organisator.ch\/wp-content\/uploads\/2022\/01\/Logo_Organisator_Website.png","contentUrl":"https:\/\/www.organisator.ch\/wp-content\/uploads\/2022\/01\/Logo_Organisator_Website.png","width":800,"height":77,"caption":"Organisator"},"image":{"@id":"https:\/\/www.organisator.ch\/#\/schema\/logo\/image\/"},"sameAs":["https:\/\/www.facebook.com\/OrganisatorFachmagazin","https:\/\/www.linkedin.com\/showcase\/organisator-das-magazin-fr-kmu","https:\/\/www.xing.com\/news\/pages\/organisator-ch-695","https:\/\/www.youtube.com\/channel\/UCGP2Sq0iWaZwT3BdIAQFYpw"]},{"@type":"Person","@id":"https:\/\/www.organisator.ch\/#\/schema\/person\/a9d0e0eff238db87a8f840f3b50359f0","name":"n8n","image":{"@type":"ImageObject","inLanguage":"de","@id":"https:\/\/secure.gravatar.com\/avatar\/5368fb9d03fd415a6f335cece4c15af2502d6ca8651efbd6e8f98427a9795400?s=96&d=mm&r=g","url":"https:\/\/secure.gravatar.com\/avatar\/5368fb9d03fd415a6f335cece4c15af2502d6ca8651efbd6e8f98427a9795400?s=96&d=mm&r=g","contentUrl":"https:\/\/secure.gravatar.com\/avatar\/5368fb9d03fd415a6f335cece4c15af2502d6ca8651efbd6e8f98427a9795400?s=96&d=mm&r=g","caption":"n8n"},"url":"https:\/\/www.organisator.ch\/de\/author\/n8n\/"}]}},"_links":{"self":[{"href":"https:\/\/www.organisator.ch\/de\/wp-json\/wp\/v2\/posts\/46241","targetHints":{"allow":["GET"]}}],"collection":[{"href":"https:\/\/www.organisator.ch\/de\/wp-json\/wp\/v2\/posts"}],"about":[{"href":"https:\/\/www.organisator.ch\/de\/wp-json\/wp\/v2\/types\/post"}],"author":[{"embeddable":true,"href":"https:\/\/www.organisator.ch\/de\/wp-json\/wp\/v2\/users\/107"}],"replies":[{"embeddable":true,"href":"https:\/\/www.organisator.ch\/de\/wp-json\/wp\/v2\/comments?post=46241"}],"version-history":[{"count":4,"href":"https:\/\/www.organisator.ch\/de\/wp-json\/wp\/v2\/posts\/46241\/revisions"}],"predecessor-version":[{"id":46361,"href":"https:\/\/www.organisator.ch\/de\/wp-json\/wp\/v2\/posts\/46241\/revisions\/46361"}],"wp:featuredmedia":[{"embeddable":true,"href":"https:\/\/www.organisator.ch\/de\/wp-json\/wp\/v2\/media\/46240"}],"wp:attachment":[{"href":"https:\/\/www.organisator.ch\/de\/wp-json\/wp\/v2\/media?parent=46241"}],"wp:term":[{"taxonomy":"category","embeddable":true,"href":"https:\/\/www.organisator.ch\/de\/wp-json\/wp\/v2\/categories?post=46241"},{"taxonomy":"post_tag","embeddable":true,"href":"https:\/\/www.organisator.ch\/de\/wp-json\/wp\/v2\/tags?post=46241"}],"curies":[{"name":"wp","href":"https:\/\/api.w.org\/{rel}","templated":true}]}}