{"id":46322,"date":"2026-03-19T09:47:56","date_gmt":"2026-03-19T08:47:56","guid":{"rendered":"https:\/\/www.organisator.ch\/de\/?p=46322"},"modified":"2026-03-19T09:47:56","modified_gmt":"2026-03-19T08:47:56","slug":"renggli-mit-neuem-verwaltungsratspraesidium","status":"publish","type":"post","link":"https:\/\/www.organisator.ch\/de\/management\/2026-03-19\/renggli-mit-neuem-verwaltungsratspraesidium\/","title":{"rendered":"Renggli mit neuem Verwaltungsratspr\u00e4sidium"},"content":{"rendered":"<figure id=\"attachment_46321\" aria-describedby=\"caption-attachment-46321\" style=\"width: 1400px\" class=\"wp-caption alignnone\"><img loading=\"lazy\" decoding=\"async\" class=\"size-full wp-image-46321\" src=\"https:\/\/www.organisator.ch\/wp-content\/uploads\/2026\/03\/Renggli-Verwaltungsr26-03-19_Medien-scaled.jpg\" alt=\"\" width=\"1400\" height=\"843\" srcset=\"https:\/\/www.organisator.ch\/wp-content\/uploads\/2026\/03\/Renggli-Verwaltungsr26-03-19_Medien-scaled.jpg 1400w, https:\/\/www.organisator.ch\/wp-content\/uploads\/2026\/03\/Renggli-Verwaltungsr26-03-19_Medien-680x409.jpg 680w, https:\/\/www.organisator.ch\/wp-content\/uploads\/2026\/03\/Renggli-Verwaltungsr26-03-19_Medien-1024x616.jpg 1024w, https:\/\/www.organisator.ch\/wp-content\/uploads\/2026\/03\/Renggli-Verwaltungsr26-03-19_Medien-768x462.jpg 768w, https:\/\/www.organisator.ch\/wp-content\/uploads\/2026\/03\/Renggli-Verwaltungsr26-03-19_Medien-1536x925.jpg 1536w, https:\/\/www.organisator.ch\/wp-content\/uploads\/2026\/03\/Renggli-Verwaltungsr26-03-19_Medien-2048x1233.jpg 2048w, https:\/\/www.organisator.ch\/wp-content\/uploads\/2026\/03\/Renggli-Verwaltungsr26-03-19_Medien-18x12.jpg 18w, https:\/\/www.organisator.ch\/wp-content\/uploads\/2026\/03\/Renggli-Verwaltungsr26-03-19_Medien-375x226.jpg 375w, https:\/\/www.organisator.ch\/wp-content\/uploads\/2026\/03\/Renggli-Verwaltungsr26-03-19_Medien-581x350.jpg 581w, https:\/\/www.organisator.ch\/wp-content\/uploads\/2026\/03\/Renggli-Verwaltungsr26-03-19_Medien-1000x602.jpg 1000w\" sizes=\"auto, (max-width: 1400px) 100vw, 1400px\" \/><figcaption id=\"caption-attachment-46321\" class=\"wp-caption-text\">Der Verwaltungsrat der Renggli AG. Quelle: zvg<\/figcaption><\/figure>\n<p>Die Generalversammlung der Renggli AG hat am 18. M\u00e4rz 2026 zentrale personelle Ver\u00e4nderungen im Verwaltungsrat beschlossen. Die Neuausrichtung ist Teil einer langfristig geplanten Nachfolgel\u00f6sung, die Kontinuit\u00e4t und Weiterentwicklung des Familienunternehmens gleichermassen sichern soll.<\/p>\n<h3>Bruno Th\u00fcrig \u00fcbernimmt das Pr\u00e4sidium<\/h3>\n<p>Mit Bruno Th\u00fcrig \u00fcbernimmt erstmals in der \u00fcber 100-j\u00e4hrigen Geschichte der Renggli AG eine familienexterne Pers\u00f6nlichkeit das Verwaltungsratspr\u00e4sidium. Der promovierte Jurist bringt langj\u00e4hrige F\u00fchrungserfahrung als ehemaliger CEO einer Kantonalbank sowie breite wirtschaftliche Expertise mit. Seine Wahl ist ein bewusster Schritt des Holzbauunternehmens: Die Verbindung von unternehmerischer Familienkultur mit externer Kompetenz soll die erfolgreiche Entwicklung der vergangenen Jahrzehnte fortsetzen und die langfristige Wettbewerbsf\u00e4higkeit sichern.<\/p>\n<p>\u00abIch freue mich sehr auf diese Aufgabe und das Vertrauen, das mir entgegengebracht wird. Die Renggli AG verbindet Tradition mit Innovationskraft und setzt konsequent auf nachhaltiges Bauen. Gemeinsam mit der Eigent\u00fcmerfamilie und dem gesamten Verwaltungsrat m\u00f6chte ich dazu beitragen, dieses starke Fundament zu nutzen und das Unternehmen auch in den n\u00e4chsten Jahren erfolgreich weiterzuentwickeln\u00bb, so Bruno Th\u00fcrig.<\/p>\n<h3>Alain Grossenbacher neu im Verwaltungsrat<\/h3>\n<p>Neu in den Verwaltungsrat gew\u00e4hlt wurde Alain Grossenbacher, Inhaber und CEO der Eberli AG und Eberli Bau AG in Sarnen. Er leitet die Unternehmensgruppe seit 2015 und pr\u00e4gt mit der Eberli Gruppe die bauliche Entwicklung im Herzen der Schweiz mit bedeutenden Immobilienprojekten. Seine starke Verankerung in der Bau- und Immobilienbranche sowie seine unternehmerische Erfahrung entlang des gesamten Lebenszyklus von Immobilien erg\u00e4nzen die bestehende Kompetenz im Verwaltungsrat ideal.<\/p>\n<p>Weiterhin im Verwaltungsrat der Renggli AG engagieren sich Gabriela Devigus Minder, Unternehmerin und erfahrene Verwaltungsr\u00e4tin, sowie die drei Br\u00fcder als Inhaber der Renggli AG: David Renggli (CEO), Samuel Renggli (COO) und Micha Renggli (Bau- und Projektleiter).<\/p>\n<h3>Max Renggli tritt nach 35 Jahren zur\u00fcck<\/h3>\n<p>Mit der Neuformierung tritt Max Renggli definitiv aus dem Unternehmen aus. Er pr\u00e4gte als Vertreter der vierten Generation die Renggli AG w\u00e4hrend 35 Jahren als Verwaltungsratspr\u00e4sident und CEO. Unter seiner F\u00fchrung entwickelte sich das Unternehmen vom kleinen Familienbetrieb zu einem f\u00fchrenden Gesamtdienstleister im Holzbau \u2013 dank kontinuierlicher Innovation, der strikten Fokussierung auf klimagerechte Bauweisen und einer konsequent werteorientierten Unternehmenskultur.<\/p>\n<p>\u00abEs erf\u00fcllt mich mit grosser Freude und Stolz, auf diese lange und pr\u00e4gende Zeit zur\u00fcckzublicken. Die Renggli AG ist hervorragend aufgestellt und strategisch bestens positioniert. Mit der \u00dcbergabe an die n\u00e4chste Generation und der Wahl eines starken, breit abgest\u00fctzten Verwaltungsrats ist nun der richtige Zeitpunkt gekommen, um mich zur\u00fcckzuziehen\u00bb, erkl\u00e4rt Max Renggli. Sein Dank gilt allen Mitarbeitenden, Kundinnen und Kunden sowie dem \u00fcber Jahre gewachsenen Netzwerk.<\/p>\n<p>Zeitgleich verlassen auch Franz Hess und Albert Infanger den Verwaltungsrat. Beide waren seit 2003 im Gremium aktiv und geh\u00f6rten zu den wichtigsten Wegbegleitern bei der strategischen Entwicklung des Unternehmens.<\/p>\n<h3>Bekenntnis zu Good Governance<\/h3>\n<p>Mit der Neukonstituierung st\u00e4rkt die Renggli AG ihre Good Governance: transparente Strukturen, klare Verantwortlichkeiten, hohe Wirksamkeit und gelebte ethische Standards. Die Zusammensetzung des Verwaltungsrats verbindet Familienkompetenz mit externer Expertise \u2013 ein F\u00fchrungsmodell, das Stabilit\u00e4t und Weiterentwicklung zukunftsf\u00e4hig vereint.<\/p>\n<p><em>Quelle: <a href=\"https:\/\/www.renggli.swiss\" target=\"_blank\" rel=\"noopener\">www.renggli.swiss<\/a><\/em><\/p>\n","protected":false},"excerpt":{"rendered":"<p>Die Renggli AG in Sch\u00f6tz richtet ihren Verwaltungsrat neu aus. Bruno Th\u00fcrig \u00fcbernimmt als erster familienexterner Verwaltungsratspr\u00e4sident das F\u00fchrungsgremium des traditionsreichen Holzbauunternehmens. Nach 35 Jahren zieht sich Max Renggli vollst\u00e4ndig aus dem Unternehmen zur\u00fcck.<\/p>\n","protected":false},"author":107,"featured_media":0,"comment_status":"closed","ping_status":"closed","sticky":false,"template":"","format":"standard","meta":{"_acf_changed":false,"_yoast_wpseo_focuskw":"Renggli Verwaltungsrat","_yoast_wpseo_metadesc":"Bruno Th\u00fcrig \u00fcbernimmt als erster familienexterner Pr\u00e4sident den Verwaltungsrat der Renggli AG. Max Renggli tritt nach 35 Jahren zur\u00fcck.","articlekey":"","footnotes":""},"categories":[28],"tags":[381,492,2471],"class_list":["post-46322","post","type-post","status-publish","format-standard","hentry","category-management","tag-personalia","tag-unternehmen","tag-verwaltungsrat"],"acf":[],"yoast_head":"<!-- This site is optimized with the Yoast SEO plugin v27.4 - https:\/\/yoast.com\/product\/yoast-seo-wordpress\/ -->\n<title>Renggli mit neuem Verwaltungsratspr\u00e4sidium - Organisator<\/title>\n<meta name=\"description\" content=\"Bruno Th\u00fcrig \u00fcbernimmt als erster familienexterner Pr\u00e4sident den Verwaltungsrat der Renggli AG. Max Renggli tritt nach 35 Jahren zur\u00fcck.\" \/>\n<meta name=\"robots\" content=\"index, follow, max-snippet:-1, max-image-preview:large, max-video-preview:-1\" \/>\n<link rel=\"canonical\" href=\"https:\/\/www.organisator.ch\/de\/management\/2026-03-19\/renggli-mit-neuem-verwaltungsratspraesidium\/\" \/>\n<meta property=\"og:locale\" content=\"de_DE\" \/>\n<meta property=\"og:type\" content=\"article\" \/>\n<meta property=\"og:title\" content=\"Renggli mit neuem Verwaltungsratspr\u00e4sidium\" \/>\n<meta property=\"og:description\" content=\"Bruno Th\u00fcrig \u00fcbernimmt als erster familienexterner Pr\u00e4sident den Verwaltungsrat der Renggli AG. Max Renggli tritt nach 35 Jahren zur\u00fcck.\" \/>\n<meta property=\"og:url\" content=\"https:\/\/www.organisator.ch\/de\/management\/2026-03-19\/renggli-mit-neuem-verwaltungsratspraesidium\/\" \/>\n<meta property=\"og:site_name\" content=\"Organisator\" \/>\n<meta property=\"article:publisher\" content=\"https:\/\/www.facebook.com\/OrganisatorFachmagazin\" \/>\n<meta property=\"article:published_time\" content=\"2026-03-19T08:47:56+00:00\" \/>\n<meta property=\"og:image\" content=\"https:\/\/www.organisator.ch\/wp-content\/uploads\/2026\/03\/Renggli-Verwaltungsr26-03-19_Medien-scaled.jpg\" \/>\n\t<meta property=\"og:image:width\" content=\"1400\" \/>\n\t<meta property=\"og:image:height\" content=\"843\" \/>\n\t<meta property=\"og:image:type\" content=\"image\/jpeg\" \/>\n<meta name=\"author\" content=\"n8n\" \/>\n<meta name=\"twitter:card\" content=\"summary_large_image\" \/>\n<meta name=\"twitter:title\" content=\"#Renggli mit neuem #Verwaltungsratspr\u00e4sidium\" \/>\n<meta name=\"twitter:description\" content=\"Bruno Th\u00fcrig \u00fcbernimmt als erster familienexterner #Pr\u00e4sident den #Verwaltungsrat der #Renggli AG. Max Renggli tritt nach 35 Jahren zur\u00fcck.\" \/>\n<meta name=\"twitter:image\" content=\"https:\/\/www.organisator.ch\/wp-content\/uploads\/2026\/03\/Renggli-Verwaltungsr26-03-19_Medien-scaled.jpg\" \/>\n<script type=\"application\/ld+json\" class=\"yoast-schema-graph\">{\"@context\":\"https:\\\/\\\/schema.org\",\"@graph\":[{\"@type\":\"Article\",\"@id\":\"https:\\\/\\\/www.organisator.ch\\\/management\\\/2026-03-19\\\/renggli-mit-neuem-verwaltungsratspraesidium\\\/#article\",\"isPartOf\":{\"@id\":\"https:\\\/\\\/www.organisator.ch\\\/management\\\/2026-03-19\\\/renggli-mit-neuem-verwaltungsratspraesidium\\\/\"},\"author\":{\"name\":\"n8n\",\"@id\":\"https:\\\/\\\/www.organisator.ch\\\/#\\\/schema\\\/person\\\/a9d0e0eff238db87a8f840f3b50359f0\"},\"headline\":\"Renggli mit neuem Verwaltungsratspr\u00e4sidium\",\"datePublished\":\"2026-03-19T08:47:56+00:00\",\"mainEntityOfPage\":{\"@id\":\"https:\\\/\\\/www.organisator.ch\\\/management\\\/2026-03-19\\\/renggli-mit-neuem-verwaltungsratspraesidium\\\/\"},\"wordCount\":524,\"publisher\":{\"@id\":\"https:\\\/\\\/www.organisator.ch\\\/#organization\"},\"image\":{\"@id\":\"https:\\\/\\\/www.organisator.ch\\\/management\\\/2026-03-19\\\/renggli-mit-neuem-verwaltungsratspraesidium\\\/#primaryimage\"},\"thumbnailUrl\":\"https:\\\/\\\/www.organisator.ch\\\/wp-content\\\/uploads\\\/2026\\\/03\\\/Renggli-Verwaltungsr26-03-19_Medien-scaled.jpg\",\"keywords\":[\"Personalia\",\"Unternehmen\",\"Verwaltungsrat\"],\"articleSection\":[\"MANAGEMENT\"],\"inLanguage\":\"de\"},{\"@type\":\"WebPage\",\"@id\":\"https:\\\/\\\/www.organisator.ch\\\/management\\\/2026-03-19\\\/renggli-mit-neuem-verwaltungsratspraesidium\\\/\",\"url\":\"https:\\\/\\\/www.organisator.ch\\\/management\\\/2026-03-19\\\/renggli-mit-neuem-verwaltungsratspraesidium\\\/\",\"name\":\"Renggli mit neuem Verwaltungsratspr\u00e4sidium - Organisator\",\"isPartOf\":{\"@id\":\"https:\\\/\\\/www.organisator.ch\\\/#website\"},\"primaryImageOfPage\":{\"@id\":\"https:\\\/\\\/www.organisator.ch\\\/management\\\/2026-03-19\\\/renggli-mit-neuem-verwaltungsratspraesidium\\\/#primaryimage\"},\"image\":{\"@id\":\"https:\\\/\\\/www.organisator.ch\\\/management\\\/2026-03-19\\\/renggli-mit-neuem-verwaltungsratspraesidium\\\/#primaryimage\"},\"thumbnailUrl\":\"https:\\\/\\\/www.organisator.ch\\\/wp-content\\\/uploads\\\/2026\\\/03\\\/Renggli-Verwaltungsr26-03-19_Medien-scaled.jpg\",\"datePublished\":\"2026-03-19T08:47:56+00:00\",\"description\":\"Bruno Th\u00fcrig \u00fcbernimmt als erster familienexterner Pr\u00e4sident den Verwaltungsrat der Renggli AG. Max Renggli tritt nach 35 Jahren zur\u00fcck.\",\"breadcrumb\":{\"@id\":\"https:\\\/\\\/www.organisator.ch\\\/management\\\/2026-03-19\\\/renggli-mit-neuem-verwaltungsratspraesidium\\\/#breadcrumb\"},\"inLanguage\":\"de\",\"potentialAction\":[{\"@type\":\"ReadAction\",\"target\":[\"https:\\\/\\\/www.organisator.ch\\\/management\\\/2026-03-19\\\/renggli-mit-neuem-verwaltungsratspraesidium\\\/\"]}]},{\"@type\":\"ImageObject\",\"inLanguage\":\"de\",\"@id\":\"https:\\\/\\\/www.organisator.ch\\\/management\\\/2026-03-19\\\/renggli-mit-neuem-verwaltungsratspraesidium\\\/#primaryimage\",\"url\":\"https:\\\/\\\/www.organisator.ch\\\/wp-content\\\/uploads\\\/2026\\\/03\\\/Renggli-Verwaltungsr26-03-19_Medien-scaled.jpg\",\"contentUrl\":\"https:\\\/\\\/www.organisator.ch\\\/wp-content\\\/uploads\\\/2026\\\/03\\\/Renggli-Verwaltungsr26-03-19_Medien-scaled.jpg\"},{\"@type\":\"BreadcrumbList\",\"@id\":\"https:\\\/\\\/www.organisator.ch\\\/management\\\/2026-03-19\\\/renggli-mit-neuem-verwaltungsratspraesidium\\\/#breadcrumb\",\"itemListElement\":[{\"@type\":\"ListItem\",\"position\":1,\"name\":\"Home\",\"item\":\"https:\\\/\\\/www.organisator.ch\\\/\"},{\"@type\":\"ListItem\",\"position\":2,\"name\":\"Renggli mit neuem Verwaltungsratspr\u00e4sidium\"}]},{\"@type\":\"WebSite\",\"@id\":\"https:\\\/\\\/www.organisator.ch\\\/#website\",\"url\":\"https:\\\/\\\/www.organisator.ch\\\/\",\"name\":\"Organisator\",\"description\":\"Kompetent. Praxisnah. Der ORGANISATOR bereitet in 10 Ausgaben pro Jahr die wesentlichen Themen f\u00fcr F\u00fchrungskr\u00e4fte von KMU auf.\",\"publisher\":{\"@id\":\"https:\\\/\\\/www.organisator.ch\\\/#organization\"},\"potentialAction\":[{\"@type\":\"SearchAction\",\"target\":{\"@type\":\"EntryPoint\",\"urlTemplate\":\"https:\\\/\\\/www.organisator.ch\\\/?s={search_term_string}\"},\"query-input\":{\"@type\":\"PropertyValueSpecification\",\"valueRequired\":true,\"valueName\":\"search_term_string\"}}],\"inLanguage\":\"de\"},{\"@type\":\"Organization\",\"@id\":\"https:\\\/\\\/www.organisator.ch\\\/#organization\",\"name\":\"Organisator\",\"url\":\"https:\\\/\\\/www.organisator.ch\\\/\",\"logo\":{\"@type\":\"ImageObject\",\"inLanguage\":\"de\",\"@id\":\"https:\\\/\\\/www.organisator.ch\\\/#\\\/schema\\\/logo\\\/image\\\/\",\"url\":\"https:\\\/\\\/www.organisator.ch\\\/wp-content\\\/uploads\\\/2022\\\/01\\\/Logo_Organisator_Website.png\",\"contentUrl\":\"https:\\\/\\\/www.organisator.ch\\\/wp-content\\\/uploads\\\/2022\\\/01\\\/Logo_Organisator_Website.png\",\"width\":800,\"height\":77,\"caption\":\"Organisator\"},\"image\":{\"@id\":\"https:\\\/\\\/www.organisator.ch\\\/#\\\/schema\\\/logo\\\/image\\\/\"},\"sameAs\":[\"https:\\\/\\\/www.facebook.com\\\/OrganisatorFachmagazin\",\"https:\\\/\\\/www.linkedin.com\\\/showcase\\\/organisator-das-magazin-fr-kmu\",\"https:\\\/\\\/www.xing.com\\\/news\\\/pages\\\/organisator-ch-695\",\"https:\\\/\\\/www.youtube.com\\\/channel\\\/UCGP2Sq0iWaZwT3BdIAQFYpw\"]},{\"@type\":\"Person\",\"@id\":\"https:\\\/\\\/www.organisator.ch\\\/#\\\/schema\\\/person\\\/a9d0e0eff238db87a8f840f3b50359f0\",\"name\":\"n8n\",\"image\":{\"@type\":\"ImageObject\",\"inLanguage\":\"de\",\"@id\":\"https:\\\/\\\/secure.gravatar.com\\\/avatar\\\/5368fb9d03fd415a6f335cece4c15af2502d6ca8651efbd6e8f98427a9795400?s=96&d=mm&r=g\",\"url\":\"https:\\\/\\\/secure.gravatar.com\\\/avatar\\\/5368fb9d03fd415a6f335cece4c15af2502d6ca8651efbd6e8f98427a9795400?s=96&d=mm&r=g\",\"contentUrl\":\"https:\\\/\\\/secure.gravatar.com\\\/avatar\\\/5368fb9d03fd415a6f335cece4c15af2502d6ca8651efbd6e8f98427a9795400?s=96&d=mm&r=g\",\"caption\":\"n8n\"},\"url\":\"https:\\\/\\\/www.organisator.ch\\\/de\\\/author\\\/n8n\\\/\"}]}<\/script>\n<!-- \/ Yoast SEO plugin. -->","yoast_head_json":{"title":"Renggli mit neuem Verwaltungsratspr\u00e4sidium - Organisator","description":"Bruno Th\u00fcrig \u00fcbernimmt als erster familienexterner Pr\u00e4sident den Verwaltungsrat der Renggli AG. Max Renggli tritt nach 35 Jahren zur\u00fcck.","robots":{"index":"index","follow":"follow","max-snippet":"max-snippet:-1","max-image-preview":"max-image-preview:large","max-video-preview":"max-video-preview:-1"},"canonical":"https:\/\/www.organisator.ch\/de\/management\/2026-03-19\/renggli-mit-neuem-verwaltungsratspraesidium\/","og_locale":"de_DE","og_type":"article","og_title":"Renggli mit neuem Verwaltungsratspr\u00e4sidium","og_description":"Bruno Th\u00fcrig \u00fcbernimmt als erster familienexterner Pr\u00e4sident den Verwaltungsrat der Renggli AG. Max Renggli tritt nach 35 Jahren zur\u00fcck.","og_url":"https:\/\/www.organisator.ch\/de\/management\/2026-03-19\/renggli-mit-neuem-verwaltungsratspraesidium\/","og_site_name":"Organisator","article_publisher":"https:\/\/www.facebook.com\/OrganisatorFachmagazin","article_published_time":"2026-03-19T08:47:56+00:00","og_image":[{"width":1400,"height":843,"url":"https:\/\/www.organisator.ch\/wp-content\/uploads\/2026\/03\/Renggli-Verwaltungsr26-03-19_Medien-scaled.jpg","type":"image\/jpeg"}],"author":"n8n","twitter_card":"summary_large_image","twitter_title":"#Renggli mit neuem #Verwaltungsratspr\u00e4sidium","twitter_description":"Bruno Th\u00fcrig \u00fcbernimmt als erster familienexterner #Pr\u00e4sident den #Verwaltungsrat der #Renggli AG. Max Renggli tritt nach 35 Jahren zur\u00fcck.","twitter_image":"https:\/\/www.organisator.ch\/wp-content\/uploads\/2026\/03\/Renggli-Verwaltungsr26-03-19_Medien-scaled.jpg","schema":{"@context":"https:\/\/schema.org","@graph":[{"@type":"Article","@id":"https:\/\/www.organisator.ch\/management\/2026-03-19\/renggli-mit-neuem-verwaltungsratspraesidium\/#article","isPartOf":{"@id":"https:\/\/www.organisator.ch\/management\/2026-03-19\/renggli-mit-neuem-verwaltungsratspraesidium\/"},"author":{"name":"n8n","@id":"https:\/\/www.organisator.ch\/#\/schema\/person\/a9d0e0eff238db87a8f840f3b50359f0"},"headline":"Renggli mit neuem Verwaltungsratspr\u00e4sidium","datePublished":"2026-03-19T08:47:56+00:00","mainEntityOfPage":{"@id":"https:\/\/www.organisator.ch\/management\/2026-03-19\/renggli-mit-neuem-verwaltungsratspraesidium\/"},"wordCount":524,"publisher":{"@id":"https:\/\/www.organisator.ch\/#organization"},"image":{"@id":"https:\/\/www.organisator.ch\/management\/2026-03-19\/renggli-mit-neuem-verwaltungsratspraesidium\/#primaryimage"},"thumbnailUrl":"https:\/\/www.organisator.ch\/wp-content\/uploads\/2026\/03\/Renggli-Verwaltungsr26-03-19_Medien-scaled.jpg","keywords":["Personalia","Unternehmen","Verwaltungsrat"],"articleSection":["MANAGEMENT"],"inLanguage":"de"},{"@type":"WebPage","@id":"https:\/\/www.organisator.ch\/management\/2026-03-19\/renggli-mit-neuem-verwaltungsratspraesidium\/","url":"https:\/\/www.organisator.ch\/management\/2026-03-19\/renggli-mit-neuem-verwaltungsratspraesidium\/","name":"Renggli mit neuem Verwaltungsratspr\u00e4sidium - Organisator","isPartOf":{"@id":"https:\/\/www.organisator.ch\/#website"},"primaryImageOfPage":{"@id":"https:\/\/www.organisator.ch\/management\/2026-03-19\/renggli-mit-neuem-verwaltungsratspraesidium\/#primaryimage"},"image":{"@id":"https:\/\/www.organisator.ch\/management\/2026-03-19\/renggli-mit-neuem-verwaltungsratspraesidium\/#primaryimage"},"thumbnailUrl":"https:\/\/www.organisator.ch\/wp-content\/uploads\/2026\/03\/Renggli-Verwaltungsr26-03-19_Medien-scaled.jpg","datePublished":"2026-03-19T08:47:56+00:00","description":"Bruno Th\u00fcrig \u00fcbernimmt als erster familienexterner Pr\u00e4sident den Verwaltungsrat der Renggli AG. Max Renggli tritt nach 35 Jahren zur\u00fcck.","breadcrumb":{"@id":"https:\/\/www.organisator.ch\/management\/2026-03-19\/renggli-mit-neuem-verwaltungsratspraesidium\/#breadcrumb"},"inLanguage":"de","potentialAction":[{"@type":"ReadAction","target":["https:\/\/www.organisator.ch\/management\/2026-03-19\/renggli-mit-neuem-verwaltungsratspraesidium\/"]}]},{"@type":"ImageObject","inLanguage":"de","@id":"https:\/\/www.organisator.ch\/management\/2026-03-19\/renggli-mit-neuem-verwaltungsratspraesidium\/#primaryimage","url":"https:\/\/www.organisator.ch\/wp-content\/uploads\/2026\/03\/Renggli-Verwaltungsr26-03-19_Medien-scaled.jpg","contentUrl":"https:\/\/www.organisator.ch\/wp-content\/uploads\/2026\/03\/Renggli-Verwaltungsr26-03-19_Medien-scaled.jpg"},{"@type":"BreadcrumbList","@id":"https:\/\/www.organisator.ch\/management\/2026-03-19\/renggli-mit-neuem-verwaltungsratspraesidium\/#breadcrumb","itemListElement":[{"@type":"ListItem","position":1,"name":"Home","item":"https:\/\/www.organisator.ch\/"},{"@type":"ListItem","position":2,"name":"Renggli mit neuem Verwaltungsratspr\u00e4sidium"}]},{"@type":"WebSite","@id":"https:\/\/www.organisator.ch\/#website","url":"https:\/\/www.organisator.ch\/","name":"Organisator","description":"Kompetent. Praxisnah. Der ORGANISATOR bereitet in 10 Ausgaben pro Jahr die wesentlichen Themen f\u00fcr F\u00fchrungskr\u00e4fte von KMU auf.","publisher":{"@id":"https:\/\/www.organisator.ch\/#organization"},"potentialAction":[{"@type":"SearchAction","target":{"@type":"EntryPoint","urlTemplate":"https:\/\/www.organisator.ch\/?s={search_term_string}"},"query-input":{"@type":"PropertyValueSpecification","valueRequired":true,"valueName":"search_term_string"}}],"inLanguage":"de"},{"@type":"Organization","@id":"https:\/\/www.organisator.ch\/#organization","name":"Organisator","url":"https:\/\/www.organisator.ch\/","logo":{"@type":"ImageObject","inLanguage":"de","@id":"https:\/\/www.organisator.ch\/#\/schema\/logo\/image\/","url":"https:\/\/www.organisator.ch\/wp-content\/uploads\/2022\/01\/Logo_Organisator_Website.png","contentUrl":"https:\/\/www.organisator.ch\/wp-content\/uploads\/2022\/01\/Logo_Organisator_Website.png","width":800,"height":77,"caption":"Organisator"},"image":{"@id":"https:\/\/www.organisator.ch\/#\/schema\/logo\/image\/"},"sameAs":["https:\/\/www.facebook.com\/OrganisatorFachmagazin","https:\/\/www.linkedin.com\/showcase\/organisator-das-magazin-fr-kmu","https:\/\/www.xing.com\/news\/pages\/organisator-ch-695","https:\/\/www.youtube.com\/channel\/UCGP2Sq0iWaZwT3BdIAQFYpw"]},{"@type":"Person","@id":"https:\/\/www.organisator.ch\/#\/schema\/person\/a9d0e0eff238db87a8f840f3b50359f0","name":"n8n","image":{"@type":"ImageObject","inLanguage":"de","@id":"https:\/\/secure.gravatar.com\/avatar\/5368fb9d03fd415a6f335cece4c15af2502d6ca8651efbd6e8f98427a9795400?s=96&d=mm&r=g","url":"https:\/\/secure.gravatar.com\/avatar\/5368fb9d03fd415a6f335cece4c15af2502d6ca8651efbd6e8f98427a9795400?s=96&d=mm&r=g","contentUrl":"https:\/\/secure.gravatar.com\/avatar\/5368fb9d03fd415a6f335cece4c15af2502d6ca8651efbd6e8f98427a9795400?s=96&d=mm&r=g","caption":"n8n"},"url":"https:\/\/www.organisator.ch\/de\/author\/n8n\/"}]}},"_links":{"self":[{"href":"https:\/\/www.organisator.ch\/de\/wp-json\/wp\/v2\/posts\/46322","targetHints":{"allow":["GET"]}}],"collection":[{"href":"https:\/\/www.organisator.ch\/de\/wp-json\/wp\/v2\/posts"}],"about":[{"href":"https:\/\/www.organisator.ch\/de\/wp-json\/wp\/v2\/types\/post"}],"author":[{"embeddable":true,"href":"https:\/\/www.organisator.ch\/de\/wp-json\/wp\/v2\/users\/107"}],"replies":[{"embeddable":true,"href":"https:\/\/www.organisator.ch\/de\/wp-json\/wp\/v2\/comments?post=46322"}],"version-history":[{"count":5,"href":"https:\/\/www.organisator.ch\/de\/wp-json\/wp\/v2\/posts\/46322\/revisions"}],"predecessor-version":[{"id":46395,"href":"https:\/\/www.organisator.ch\/de\/wp-json\/wp\/v2\/posts\/46322\/revisions\/46395"}],"wp:attachment":[{"href":"https:\/\/www.organisator.ch\/de\/wp-json\/wp\/v2\/media?parent=46322"}],"wp:term":[{"taxonomy":"category","embeddable":true,"href":"https:\/\/www.organisator.ch\/de\/wp-json\/wp\/v2\/categories?post=46322"},{"taxonomy":"post_tag","embeddable":true,"href":"https:\/\/www.organisator.ch\/de\/wp-json\/wp\/v2\/tags?post=46322"}],"curies":[{"name":"wp","href":"https:\/\/api.w.org\/{rel}","templated":true}]}}