{"id":464,"date":"2016-05-04T09:51:35","date_gmt":"2016-05-04T07:51:35","guid":{"rendered":"http:\/\/dev.organisator.ch\/?p=464"},"modified":"2016-05-04T09:51:35","modified_gmt":"2016-05-04T07:51:35","slug":"biella-startet-gut-ins-jahr-2016","status":"publish","type":"post","link":"https:\/\/www.organisator.ch\/de\/allgemein\/2016-05-04\/biella-startet-gut-ins-jahr-2016\/","title":{"rendered":"Biella startet gut ins Jahr 2016"},"content":{"rendered":"<p><a href=\"https:\/\/www.youtube.com\/watch?v=Mic_K3LCz9g\">https:\/\/www.youtube.com\/watch?v=Mic_K3LCz9g<\/a><\/p>\n<blockquote><p>\u00abDer Blick in die Zukunft ist schwierig, auch weil die gesamtwirtschaftliche Entwicklung unsicher ist. Trotzdem sind wir zuversichtlich die gesteckten Ziele zu erreichen.\u00bb<\/p><\/blockquote>\n<p>An der 116. Generalversammlung am Sitz der Gesellschaft in Br\u00fcgg\/Biel wurde Dr. Erica Dubach Spiegler, die \u00fcber grosse Erfahrungen im Bereich der Digitalisierung verf\u00fcgt, neu in den Verwaltungsrat gew\u00e4hlt. Aus Altersgr\u00fcnden\u00a0trat Stephan Neher, Mitglied des Verwaltungsrates seit 1988, nicht mehr f\u00fcr eine Wiederwahl an. Der Pr\u00e4sident des Verwaltungsrates, Rolf U. Sutter, und alle anderen bisherigen Verwaltungsratsmitglieder wurden statutengem\u00e4ss f\u00fcr die Amtsdauer von einem Jahr bis zur n\u00e4chsten Generalversammlung wiedergew\u00e4hlt.<\/p>\n<p><strong>Erstes Quartal im Plan<\/strong><\/p>\n<p>Die Umsatzentwicklung der Biella Group lag im ersten Quartal 2016 im Rahmen der Erwartungen, wie das Unternehmen mitteilt. Niedrigere Ums\u00e4tze in der Schweiz wurden mit einer besseren als geplanten Gesch\u00e4ftsentwicklung im Ausland kompensiert, heisst es weiter. Vor allem in Deutschland, dem mit Abstand gr\u00f6ssten Absatzmarkt der Gruppe, konnten die Erwartungen \u00fcbertroffen werden. Neben der Umsetzung von weiteren Effizienzsteigerungen wird mit hoher Intensit\u00e4t an der Vermarktung von neuen, innovativen Leistungsangeboten gearbeitet.<\/p>\n<p><strong>Biella SimplyFind gestartet<\/strong><\/p>\n<p>Im ersten Quartal 2016 startete Biella SimplyFind. Unter dem Motto \u00abFinden mit System\u00bb werden hier\u00a0einfach zu handhabende und sichere L\u00f6sungen &#8211; die eine Br\u00fccke zwischen der physischen und digitalen Welt schlagen &#8211; entwickelt. Die ersten Angebote, Biella SimplyFind Archive und Scan, finden gute Resonanz am Markt und werden noch im Laufe des Jahres um weitere digitale Module erg\u00e4nzt. Dar\u00fcber hinaus startet Biella in K\u00fcrze f\u00fcr individualisierte Produkte mit einem eigenen Webshop und der neuen Web2Print-Technologie.<\/p>\n<p><strong>Ziel 2016: weitere Steigerung der EBIT-Marge<\/strong><\/p>\n<p>Angesichts des schwierigen Branchenumfeldes und nicht zuletzt wegen des Pioniercharakters im Bereich der neuen digitalen Angebote w\u00e4re eine genaue Prognose f\u00fcr das Gesamtjahr 2016 sehr anspruchsvoll. Biella verfolgt aber das Ziel, die EBIT-Marge auch 2016 weiter zu verbessern.<\/p>\n<p><em>Weitere Informationen: <a href=\"http:\/\/www.biellagroup.com\" target=\"_blank\" data-cke-saved-href=\"http:\/\/www.biellagroup.com\" rel=\"noopener\">www.biellagroup.com<\/a> \u00a0<\/em><\/p>\n","protected":false},"excerpt":{"rendered":"<p>\u00abDer Blick in die Zukunft ist schwierig, auch weil die gesamtwirtschaftliche Entwicklung unsicher ist. Trotzdem sind wir zuversichtlich die gesteckten Ziele zu erreichen.\u00bb An der 116. Generalversammlung am Sitz der Gesellschaft in Br\u00fcgg\/Biel wurde Dr. Erica Dubach Spiegler, die \u00fcber grosse Erfahrungen im Bereich der Digitalisierung verf\u00fcgt, neu in den Verwaltungsrat gew\u00e4hlt. Aus Altersgr\u00fcnden\u00a0trat Stephan [&hellip;]<\/p>\n","protected":false},"author":1,"featured_media":0,"comment_status":"open","ping_status":"open","sticky":false,"template":"","format":"standard","meta":{"_acf_changed":false,"_yoast_wpseo_focuskw":"Biella","_yoast_wpseo_metadesc":"Am 2. Mai 2016 fand die Generalversammlung der Biella-Neher Holding AG statt. Alle Traktanden wurden im Sinne des Verwaltungsrates gutgeheissen.","articlekey":"","footnotes":""},"categories":[1],"tags":[492],"class_list":["post-464","post","type-post","status-publish","format-standard","hentry","category-allgemein","tag-unternehmen"],"acf":[],"yoast_head":"<!-- This site is optimized with the Yoast SEO plugin v27.4 - https:\/\/yoast.com\/product\/yoast-seo-wordpress\/ -->\n<title>Biella startet gut ins Jahr 2016 - Organisator<\/title>\n<meta name=\"description\" content=\"Am 2. Mai 2016 fand die Generalversammlung der Biella-Neher Holding AG statt. Alle Traktanden wurden im Sinne des Verwaltungsrates gutgeheissen.\" \/>\n<meta name=\"robots\" content=\"index, follow, max-snippet:-1, max-image-preview:large, max-video-preview:-1\" \/>\n<link rel=\"canonical\" href=\"https:\/\/www.organisator.ch\/de\/allgemein\/2016-05-04\/biella-startet-gut-ins-jahr-2016\/\" \/>\n<meta property=\"og:locale\" content=\"de_DE\" \/>\n<meta property=\"og:type\" content=\"article\" \/>\n<meta property=\"og:title\" content=\"Biella startet gut ins Jahr 2016\" \/>\n<meta property=\"og:description\" content=\"Am 2. Mai 2016 fand die Generalversammlung der Biella-Neher Holding AG statt. Alle Traktanden wurden im Sinne des Verwaltungsrates gutgeheissen. Neu in den Verwaltungsrat wurde Dr. Erica Dubach Spiegler gew\u00e4hlt. Trotz des anhaltend schwierigen Branchenumfeldes konnte Biella im ersten Quartal 2016 ihre Umsatzziele erreichen. Der Fokus liegt unver\u00e4ndert auf der Steigerung der Kosteneffizienz und auf neuen, innovativen Leistungsangeboten. Ein wichtiges Ereignis im Bereich der Digitalisierung war der Marktstart von Biella SimplyFind.\" \/>\n<meta property=\"og:url\" content=\"https:\/\/www.organisator.ch\/de\/allgemein\/2016-05-04\/biella-startet-gut-ins-jahr-2016\/\" \/>\n<meta property=\"og:site_name\" content=\"Organisator\" \/>\n<meta property=\"article:publisher\" content=\"https:\/\/www.facebook.com\/OrganisatorFachmagazin\" \/>\n<meta property=\"article:published_time\" content=\"2016-05-04T07:51:35+00:00\" \/>\n<meta name=\"author\" content=\"admin\" \/>\n<meta name=\"twitter:card\" content=\"summary_large_image\" \/>\n<script type=\"application\/ld+json\" class=\"yoast-schema-graph\">{\"@context\":\"https:\\\/\\\/schema.org\",\"@graph\":[{\"@type\":\"Article\",\"@id\":\"https:\\\/\\\/www.organisator.ch\\\/en\\\/general\\\/2016-05-04\\\/biella-startet-gut-ins-jahr-2016\\\/#article\",\"isPartOf\":{\"@id\":\"https:\\\/\\\/www.organisator.ch\\\/en\\\/general\\\/2016-05-04\\\/biella-startet-gut-ins-jahr-2016\\\/\"},\"author\":{\"name\":\"admin\",\"@id\":\"https:\\\/\\\/www.organisator.ch\\\/#\\\/schema\\\/person\\\/aa2bace6c5c5aad60102004a50c4eb1c\"},\"headline\":\"Biella startet gut ins Jahr 2016\",\"datePublished\":\"2016-05-04T07:51:35+00:00\",\"mainEntityOfPage\":{\"@id\":\"https:\\\/\\\/www.organisator.ch\\\/en\\\/general\\\/2016-05-04\\\/biella-startet-gut-ins-jahr-2016\\\/\"},\"wordCount\":329,\"commentCount\":0,\"publisher\":{\"@id\":\"https:\\\/\\\/www.organisator.ch\\\/#organization\"},\"keywords\":[\"Unternehmen\"],\"inLanguage\":\"de\"},{\"@type\":\"WebPage\",\"@id\":\"https:\\\/\\\/www.organisator.ch\\\/en\\\/general\\\/2016-05-04\\\/biella-startet-gut-ins-jahr-2016\\\/\",\"url\":\"https:\\\/\\\/www.organisator.ch\\\/en\\\/general\\\/2016-05-04\\\/biella-startet-gut-ins-jahr-2016\\\/\",\"name\":\"Biella startet gut ins Jahr 2016 - Organisator\",\"isPartOf\":{\"@id\":\"https:\\\/\\\/www.organisator.ch\\\/#website\"},\"datePublished\":\"2016-05-04T07:51:35+00:00\",\"description\":\"Am 2. Mai 2016 fand die Generalversammlung der Biella-Neher Holding AG statt. Alle Traktanden wurden im Sinne des Verwaltungsrates gutgeheissen.\",\"breadcrumb\":{\"@id\":\"https:\\\/\\\/www.organisator.ch\\\/en\\\/general\\\/2016-05-04\\\/biella-startet-gut-ins-jahr-2016\\\/#breadcrumb\"},\"inLanguage\":\"de\",\"potentialAction\":[{\"@type\":\"ReadAction\",\"target\":[\"https:\\\/\\\/www.organisator.ch\\\/en\\\/general\\\/2016-05-04\\\/biella-startet-gut-ins-jahr-2016\\\/\"]}]},{\"@type\":\"BreadcrumbList\",\"@id\":\"https:\\\/\\\/www.organisator.ch\\\/en\\\/general\\\/2016-05-04\\\/biella-startet-gut-ins-jahr-2016\\\/#breadcrumb\",\"itemListElement\":[{\"@type\":\"ListItem\",\"position\":1,\"name\":\"Home\",\"item\":\"https:\\\/\\\/www.organisator.ch\\\/\"},{\"@type\":\"ListItem\",\"position\":2,\"name\":\"Biella startet gut ins Jahr 2016\"}]},{\"@type\":\"WebSite\",\"@id\":\"https:\\\/\\\/www.organisator.ch\\\/#website\",\"url\":\"https:\\\/\\\/www.organisator.ch\\\/\",\"name\":\"Organisator\",\"description\":\"Kompetent. Praxisnah. Der ORGANISATOR bereitet in 10 Ausgaben pro Jahr die wesentlichen Themen f\u00fcr F\u00fchrungskr\u00e4fte von KMU auf.\",\"publisher\":{\"@id\":\"https:\\\/\\\/www.organisator.ch\\\/#organization\"},\"potentialAction\":[{\"@type\":\"SearchAction\",\"target\":{\"@type\":\"EntryPoint\",\"urlTemplate\":\"https:\\\/\\\/www.organisator.ch\\\/?s={search_term_string}\"},\"query-input\":{\"@type\":\"PropertyValueSpecification\",\"valueRequired\":true,\"valueName\":\"search_term_string\"}}],\"inLanguage\":\"de\"},{\"@type\":\"Organization\",\"@id\":\"https:\\\/\\\/www.organisator.ch\\\/#organization\",\"name\":\"Organisator\",\"url\":\"https:\\\/\\\/www.organisator.ch\\\/\",\"logo\":{\"@type\":\"ImageObject\",\"inLanguage\":\"de\",\"@id\":\"https:\\\/\\\/www.organisator.ch\\\/#\\\/schema\\\/logo\\\/image\\\/\",\"url\":\"https:\\\/\\\/www.organisator.ch\\\/wp-content\\\/uploads\\\/2022\\\/01\\\/Logo_Organisator_Website.png\",\"contentUrl\":\"https:\\\/\\\/www.organisator.ch\\\/wp-content\\\/uploads\\\/2022\\\/01\\\/Logo_Organisator_Website.png\",\"width\":800,\"height\":77,\"caption\":\"Organisator\"},\"image\":{\"@id\":\"https:\\\/\\\/www.organisator.ch\\\/#\\\/schema\\\/logo\\\/image\\\/\"},\"sameAs\":[\"https:\\\/\\\/www.facebook.com\\\/OrganisatorFachmagazin\",\"https:\\\/\\\/www.linkedin.com\\\/showcase\\\/organisator-das-magazin-fr-kmu\",\"https:\\\/\\\/www.xing.com\\\/news\\\/pages\\\/organisator-ch-695\",\"https:\\\/\\\/www.youtube.com\\\/channel\\\/UCGP2Sq0iWaZwT3BdIAQFYpw\"]},{\"@type\":\"Person\",\"@id\":\"https:\\\/\\\/www.organisator.ch\\\/#\\\/schema\\\/person\\\/aa2bace6c5c5aad60102004a50c4eb1c\",\"name\":\"admin\",\"image\":{\"@type\":\"ImageObject\",\"inLanguage\":\"de\",\"@id\":\"https:\\\/\\\/secure.gravatar.com\\\/avatar\\\/ae2f4d718e6c49043e314ce431e7e645d646302a24a5ef5a8bc8e3f5a032e319?s=96&d=mm&r=g\",\"url\":\"https:\\\/\\\/secure.gravatar.com\\\/avatar\\\/ae2f4d718e6c49043e314ce431e7e645d646302a24a5ef5a8bc8e3f5a032e319?s=96&d=mm&r=g\",\"contentUrl\":\"https:\\\/\\\/secure.gravatar.com\\\/avatar\\\/ae2f4d718e6c49043e314ce431e7e645d646302a24a5ef5a8bc8e3f5a032e319?s=96&d=mm&r=g\",\"caption\":\"admin\"},\"sameAs\":[\"https:\\\/\\\/www.organisator.ch\"],\"url\":\"https:\\\/\\\/www.organisator.ch\\\/de\\\/author\\\/admin\\\/\"}]}<\/script>\n<!-- \/ Yoast SEO plugin. -->","yoast_head_json":{"title":"Biella startet gut ins Jahr 2016 - Organisator","description":"Am 2. Mai 2016 fand die Generalversammlung der Biella-Neher Holding AG statt. Alle Traktanden wurden im Sinne des Verwaltungsrates gutgeheissen.","robots":{"index":"index","follow":"follow","max-snippet":"max-snippet:-1","max-image-preview":"max-image-preview:large","max-video-preview":"max-video-preview:-1"},"canonical":"https:\/\/www.organisator.ch\/de\/allgemein\/2016-05-04\/biella-startet-gut-ins-jahr-2016\/","og_locale":"de_DE","og_type":"article","og_title":"Biella startet gut ins Jahr 2016","og_description":"Am 2. Mai 2016 fand die Generalversammlung der Biella-Neher Holding AG statt. Alle Traktanden wurden im Sinne des Verwaltungsrates gutgeheissen. Neu in den Verwaltungsrat wurde Dr. Erica Dubach Spiegler gew\u00e4hlt. Trotz des anhaltend schwierigen Branchenumfeldes konnte Biella im ersten Quartal 2016 ihre Umsatzziele erreichen. Der Fokus liegt unver\u00e4ndert auf der Steigerung der Kosteneffizienz und auf neuen, innovativen Leistungsangeboten. Ein wichtiges Ereignis im Bereich der Digitalisierung war der Marktstart von Biella SimplyFind.","og_url":"https:\/\/www.organisator.ch\/de\/allgemein\/2016-05-04\/biella-startet-gut-ins-jahr-2016\/","og_site_name":"Organisator","article_publisher":"https:\/\/www.facebook.com\/OrganisatorFachmagazin","article_published_time":"2016-05-04T07:51:35+00:00","author":"admin","twitter_card":"summary_large_image","schema":{"@context":"https:\/\/schema.org","@graph":[{"@type":"Article","@id":"https:\/\/www.organisator.ch\/en\/general\/2016-05-04\/biella-startet-gut-ins-jahr-2016\/#article","isPartOf":{"@id":"https:\/\/www.organisator.ch\/en\/general\/2016-05-04\/biella-startet-gut-ins-jahr-2016\/"},"author":{"name":"admin","@id":"https:\/\/www.organisator.ch\/#\/schema\/person\/aa2bace6c5c5aad60102004a50c4eb1c"},"headline":"Biella startet gut ins Jahr 2016","datePublished":"2016-05-04T07:51:35+00:00","mainEntityOfPage":{"@id":"https:\/\/www.organisator.ch\/en\/general\/2016-05-04\/biella-startet-gut-ins-jahr-2016\/"},"wordCount":329,"commentCount":0,"publisher":{"@id":"https:\/\/www.organisator.ch\/#organization"},"keywords":["Unternehmen"],"inLanguage":"de"},{"@type":"WebPage","@id":"https:\/\/www.organisator.ch\/en\/general\/2016-05-04\/biella-startet-gut-ins-jahr-2016\/","url":"https:\/\/www.organisator.ch\/en\/general\/2016-05-04\/biella-startet-gut-ins-jahr-2016\/","name":"Biella startet gut ins Jahr 2016 - Organisator","isPartOf":{"@id":"https:\/\/www.organisator.ch\/#website"},"datePublished":"2016-05-04T07:51:35+00:00","description":"Am 2. Mai 2016 fand die Generalversammlung der Biella-Neher Holding AG statt. Alle Traktanden wurden im Sinne des Verwaltungsrates gutgeheissen.","breadcrumb":{"@id":"https:\/\/www.organisator.ch\/en\/general\/2016-05-04\/biella-startet-gut-ins-jahr-2016\/#breadcrumb"},"inLanguage":"de","potentialAction":[{"@type":"ReadAction","target":["https:\/\/www.organisator.ch\/en\/general\/2016-05-04\/biella-startet-gut-ins-jahr-2016\/"]}]},{"@type":"BreadcrumbList","@id":"https:\/\/www.organisator.ch\/en\/general\/2016-05-04\/biella-startet-gut-ins-jahr-2016\/#breadcrumb","itemListElement":[{"@type":"ListItem","position":1,"name":"Home","item":"https:\/\/www.organisator.ch\/"},{"@type":"ListItem","position":2,"name":"Biella startet gut ins Jahr 2016"}]},{"@type":"WebSite","@id":"https:\/\/www.organisator.ch\/#website","url":"https:\/\/www.organisator.ch\/","name":"Organisator","description":"Kompetent. Praxisnah. Der ORGANISATOR bereitet in 10 Ausgaben pro Jahr die wesentlichen Themen f\u00fcr F\u00fchrungskr\u00e4fte von KMU auf.","publisher":{"@id":"https:\/\/www.organisator.ch\/#organization"},"potentialAction":[{"@type":"SearchAction","target":{"@type":"EntryPoint","urlTemplate":"https:\/\/www.organisator.ch\/?s={search_term_string}"},"query-input":{"@type":"PropertyValueSpecification","valueRequired":true,"valueName":"search_term_string"}}],"inLanguage":"de"},{"@type":"Organization","@id":"https:\/\/www.organisator.ch\/#organization","name":"Organisator","url":"https:\/\/www.organisator.ch\/","logo":{"@type":"ImageObject","inLanguage":"de","@id":"https:\/\/www.organisator.ch\/#\/schema\/logo\/image\/","url":"https:\/\/www.organisator.ch\/wp-content\/uploads\/2022\/01\/Logo_Organisator_Website.png","contentUrl":"https:\/\/www.organisator.ch\/wp-content\/uploads\/2022\/01\/Logo_Organisator_Website.png","width":800,"height":77,"caption":"Organisator"},"image":{"@id":"https:\/\/www.organisator.ch\/#\/schema\/logo\/image\/"},"sameAs":["https:\/\/www.facebook.com\/OrganisatorFachmagazin","https:\/\/www.linkedin.com\/showcase\/organisator-das-magazin-fr-kmu","https:\/\/www.xing.com\/news\/pages\/organisator-ch-695","https:\/\/www.youtube.com\/channel\/UCGP2Sq0iWaZwT3BdIAQFYpw"]},{"@type":"Person","@id":"https:\/\/www.organisator.ch\/#\/schema\/person\/aa2bace6c5c5aad60102004a50c4eb1c","name":"admin","image":{"@type":"ImageObject","inLanguage":"de","@id":"https:\/\/secure.gravatar.com\/avatar\/ae2f4d718e6c49043e314ce431e7e645d646302a24a5ef5a8bc8e3f5a032e319?s=96&d=mm&r=g","url":"https:\/\/secure.gravatar.com\/avatar\/ae2f4d718e6c49043e314ce431e7e645d646302a24a5ef5a8bc8e3f5a032e319?s=96&d=mm&r=g","contentUrl":"https:\/\/secure.gravatar.com\/avatar\/ae2f4d718e6c49043e314ce431e7e645d646302a24a5ef5a8bc8e3f5a032e319?s=96&d=mm&r=g","caption":"admin"},"sameAs":["https:\/\/www.organisator.ch"],"url":"https:\/\/www.organisator.ch\/de\/author\/admin\/"}]}},"_links":{"self":[{"href":"https:\/\/www.organisator.ch\/de\/wp-json\/wp\/v2\/posts\/464","targetHints":{"allow":["GET"]}}],"collection":[{"href":"https:\/\/www.organisator.ch\/de\/wp-json\/wp\/v2\/posts"}],"about":[{"href":"https:\/\/www.organisator.ch\/de\/wp-json\/wp\/v2\/types\/post"}],"author":[{"embeddable":true,"href":"https:\/\/www.organisator.ch\/de\/wp-json\/wp\/v2\/users\/1"}],"replies":[{"embeddable":true,"href":"https:\/\/www.organisator.ch\/de\/wp-json\/wp\/v2\/comments?post=464"}],"version-history":[{"count":0,"href":"https:\/\/www.organisator.ch\/de\/wp-json\/wp\/v2\/posts\/464\/revisions"}],"wp:attachment":[{"href":"https:\/\/www.organisator.ch\/de\/wp-json\/wp\/v2\/media?parent=464"}],"wp:term":[{"taxonomy":"category","embeddable":true,"href":"https:\/\/www.organisator.ch\/de\/wp-json\/wp\/v2\/categories?post=464"},{"taxonomy":"post_tag","embeddable":true,"href":"https:\/\/www.organisator.ch\/de\/wp-json\/wp\/v2\/tags?post=464"}],"curies":[{"name":"wp","href":"https:\/\/api.w.org\/{rel}","templated":true}]}}