{"id":4648,"date":"2018-12-10T16:31:02","date_gmt":"2018-12-10T15:31:02","guid":{"rendered":"https:\/\/www.organisator.ch\/?p=4648"},"modified":"2018-12-10T16:31:02","modified_gmt":"2018-12-10T15:31:02","slug":"netstream-feiert-firmenjubilaeum-und-lanciert-spezielles-projekt","status":"publish","type":"post","link":"https:\/\/www.organisator.ch\/de\/management\/it\/2018-12-10\/netstream-feiert-firmenjubilaeum-und-lanciert-spezielles-projekt\/","title":{"rendered":"Netstream feiert Firmenjubil\u00e4um und lanciert spezielles Projekt"},"content":{"rendered":"<figure id=\"attachment_4649\" aria-describedby=\"caption-attachment-4649\" style=\"width: 680px\" class=\"wp-caption alignnone\"><img loading=\"lazy\" decoding=\"async\" class=\"size-medium wp-image-4649\" src=\"https:\/\/www.organisator.ch\/wp-content\/uploads\/2018\/12\/Netstream-feiert-Firmenjubilaeum-und-lanciert-spezielles-Projekt_Organisator.jpg\" alt=\"\" width=\"680\" height=\"453\" srcset=\"https:\/\/www.organisator.ch\/wp-content\/uploads\/2018\/12\/Netstream-feiert-Firmenjubilaeum-und-lanciert-spezielles-Projekt_Organisator.jpg 680w, https:\/\/www.organisator.ch\/wp-content\/uploads\/2018\/12\/Netstream-feiert-Firmenjubilaeum-und-lanciert-spezielles-Projekt_Organisator-16x12.jpg 16w, https:\/\/www.organisator.ch\/wp-content\/uploads\/2018\/12\/Netstream-feiert-Firmenjubilaeum-und-lanciert-spezielles-Projekt_Organisator-263x175.jpg 263w, https:\/\/www.organisator.ch\/wp-content\/uploads\/2018\/12\/Netstream-feiert-Firmenjubilaeum-und-lanciert-spezielles-Projekt_Organisator-525x350.jpg 525w, https:\/\/www.organisator.ch\/wp-content\/uploads\/2018\/12\/Netstream-feiert-Firmenjubilaeum-und-lanciert-spezielles-Projekt_Organisator-300x200.jpg 300w\" sizes=\"auto, (max-width: 680px) 100vw, 680px\" \/><figcaption id=\"caption-attachment-4649\" class=\"wp-caption-text\">Feiern mit Netstream das 20j\u00e4hrige Firmenjubil\u00e4um: Die Gr\u00fcnder Reto Kasser(CTO, links), Alexis Caceda(CEO, Mitte) und Dominik Breitenmoser (CIO, rechts). (Bild: zVg Netstream)<\/figcaption><\/figure>\n<p>Drei Teenager, die auf dem Dachboden des Elternhauses eine Firma gr\u00fcnden. Was sich wie das Drehbuch eines Hollywood-Films liest, ist die Entstehungsgeschichte des Z\u00fcrcher IT- und Telekommunikationsunternehmens Netstream. Der beliebte Anbieter f\u00fcr Cloud-, Internet-, Telefonie-, Hosting-, TV- und Wholesale-L\u00f6sungen in der Schweiz, feierte am 10. Dezember 2018 sein 20-j\u00e4hriges Firmenjubil\u00e4um.<\/p>\n<h2>Vision von Netstream richtungsweisend<\/h2>\n<p>\u201eStellen Sie sich vor, dass Menschen im Einklang mit der Technologie und der Natur erf\u00fcllt leben\u201c, so Alexis Caceda, CEO von Netstream. Genau das ist die Vision von Netstream, welche das Unternehmen die n\u00e4chsten 20 Jahre anstrebt. Bereits in diesem Jahr wurden einige nachhaltige Massnahmen umgesetzt. So entschied sich Netstream im Sommer 2018 beispielsweise, die K\u00fchlung seines Rechenzentrums zu modernisieren und setzte damit auf eine sogenannte Free-Cooling-Anlage. Die Klimastiftung Schweiz unterst\u00fctzte diese \u00f6kologisch wertvolle Umstellung mit einem F\u00f6rderbeitrag. F\u00fcr das Jahr 2019 sind bereits viele weitere spannenden Massnahmen geplant.<\/p>\n<h2><strong>20-j\u00e4hriges Firmenjubil\u00e4um: \u201eWir pflanzen B\u00e4ume\u201c<\/strong><\/h2>\n<p>Im Rahmen des 20-j\u00e4hrigen Jubil\u00e4ums hat sich Netstream nun ein spezielles Projekt ausgedacht und zwar wird das Unternehmen f\u00fcr jeden Neukunden, der bis Ende Februar 2019 ein Produkt bei Netstream bestellt, einen Baum pflanzen.<\/p>\n<p>\u201eB\u00e4ume \u00fcbernehmen eine Vielzahl an Aufgaben f\u00fcr uns. Beispielsweise produzieren sie Sauerstoff, binden Kohlenstoffe und bremsen den Klimawandel. Mit dem Pflanzen von B\u00e4umen m\u00f6chten wir uns Schritt f\u00fcr Schritt f\u00fcr eine bessere Welt einsetzen.\u201c, sagt Alexis Caceda, CEO von Netstream. Im M\u00e4rz 2019 wird Netstream einen Tag definieren, an welchem Mitarbeitende B\u00e4ume pflanzen k\u00f6nnen. Das Ziel ist, in der Region Wittikon eine Vielzahl an einheimischen Baumarten zu pflanzen, um so eine neue Fl\u00e4che Mischwald zu schaffen. \u201eEs macht uns gl\u00fccklich, wenn wir als IT- und Telekommunikationsunternehmen gemeinsam mit unseren Mitarbeitenden etwas Gutes f\u00fcr die Natur tun k\u00f6nnen.\u201c, sagt Caceda abschliessend dazu.<\/p>\n<h2>Interview mit den Firmengr\u00fcndern<\/h2>\n<p><span lang=\"ET\">Zum Firmenjubil\u00e4um erinnern sich die drei Gr\u00fcndungsmitglieder Alexis Caceda, Reto Kasser und Dominik Breitenmoser &#8211; die der Firma stets treu geblieben sind &#8211; an die Anf\u00e4nge von Netstream und berichten \u00fcber unternehmerische H\u00f6hen und Tiefen der letzten zwei Jahrzehnte.<\/span><\/p>\n<p><em><span lang=\"ET\">Wie kam es zur Gr\u00fcndung von Netstream?<br \/>\n<\/span><\/em><strong><span lang=\"ET\">Alexis Caceda (CEO von Netstream): <\/span><\/strong><span lang=\"ET\">Die 90er-Jahre waren gepr\u00e4gt von der digitalen Revolution. Das Internet gewann langsam an Bedeutung und Reto, Dominik und ich verfolgten die Entwicklungen mit Neugier und <\/span>Spannung<span lang=\"ET\">. Wir waren 17 und 18 Jahre alt und teilten die Leidenschaft f\u00fcr IT<\/span>. Quasi <span lang=\"ET\">t\u00e4glich gab es neue Produkte und Anwendungen. Auch wir hatten viele Ideen. Und so kam es, dass wir unser Hobby zum Beruf machten.<\/span><\/p>\n<p><em><span lang=\"ET\">Wie ging es weiter?<br \/>\n<\/span><\/em><strong><span lang=\"ET\">Reto Kasser (CTO von Netstream):<\/span><\/strong><span lang=\"ET\"> Nach der Gr\u00fcndung von Netstream am 10. Dezember 1998 verkauften wir von zuhause aus Computer, konfigurierten Router, programmierten Internetseiten und begannen mit ersten IT-Projekten. Es war eine aufregende Zeit, die <\/span>uns <span lang=\"ET\">als Freunde wie auch als Gesch\u00e4ftspartner extrem zusammengeschweisst hat. Dennoch h\u00e4tten wir damals nie gedacht, dass wir das Unternehmen so lange und erfolgreich f\u00fchren w\u00fcrden.<\/span><\/p>\n<p><em><span lang=\"ET\">In einem Alter, in dem sich bei anderen alles ums Feiern dreht, habt ihr begonnen mit Web-TV zu experimentieren. Woher kam diese Leidenschaft?<br \/>\n<\/span><\/em><strong><span lang=\"ET\">Dominik Breitenmoser (CIO von Netstream): <\/span><\/strong><span lang=\"ET\">Bereits im Kindesalter <\/span>schraubte<span lang=\"ET\"> ich technische Ger\u00e4te auseinander und hoffte, dass sie beim anschliessende Zusammensetzen wieder funktionieren w\u00fcrden. Als ich alle Ger\u00e4te in- und auswendig kannte, widmete ich mich den darauf laufenden Programmen. Gemeinsam mit Alexis und Reto schaute ich, wie diese aufgebaut sind und wie man sie auch an anderer Stelle sinnvoll nutzen k\u00f6nnte.<\/span><\/p>\n<p><em><span lang=\"ET\">Seitdem sind 20 Jahre vergangen. 20 Jahre, in denen Netstream auf 80 Mitarbeitende gewachsen ist. Glaubt ihr, dass dieses Wachstum anhalten wird?<br \/>\n<\/span><\/em><strong><span lang=\"ET\">Reto Kasser:<\/span><\/strong><span lang=\"ET\"> Wachstum ist gut und sch\u00f6n, aber <\/span>am Ende des Tages nicht das Wichtigste<span lang=\"ET\">. Priorit\u00e4t hat bei uns die Zufriedenheit von Kunden und <\/span>Mitarbeitenden. Daf<span lang=\"ET\">\u00fcr setzen wir uns auch heute noch jeden Tag mit Herzblut ein.<\/span><\/p>\n<p><span lang=\"ET\"><em>Wie hat sich der IT-Markt seit der Gr\u00fcndung von Netstream ver\u00e4ndert?<\/em><br \/>\n<\/span><strong><span lang=\"ET\">Dominik Breitenmoser: <\/span><\/strong><span lang=\"ET\">Wurde fr\u00fcher \u00fcber das Thema IT gesprochen, ging es in erster Linie um Technik und Codes. Die Informationstechnologie von heute ist jedoch viel mehr. Sie durchdringt jeden Lebensbereich. Egal, ob im Gesch\u00e4fts- oder Privatumfeld: \u00fcberall sind innovative Technologien und anwenderfreundliche IT-L\u00f6sungen gefragt. Unsere Vision ist es daher, dass Menschen im Einklang mit der Technologie und der Natur erf\u00fcllt leben k\u00f6nnen. Genau deshalb m\u00f6chten wir unsere Kunden stets mit wegweisenden Produkten begeistern.<\/span><\/p>\n<p><span lang=\"ET\"><em>Welche Auswirkungen hatte der sich ver\u00e4ndernde IT-Markt auf das Unternehmen Netstream?<\/em><br \/>\n<\/span><strong><span lang=\"ET\">Reto Kasser:<\/span><\/strong><span lang=\"ET\"> Selbstverst\u00e4ndlich mussten auch wir uns permanent weiterentwickeln. H\u00e4tten wir dies nicht getan, g\u00e4be es Netstream heute nicht mehr. Wir haben unsere Dienstleistungen stetig professionalisiert. <\/span>Und<span lang=\"ET\"> uns immer wieder aufs Neue damit auseinandergesetzt, was es braucht, um dem kontinuierlichen Weiterentwicklungsprozess auf dem hiesigen IT-Markt jeweils einen Schritt voraus zu sein.<\/span><\/p>\n<p><em><span lang=\"ET\">Mit Erfolg, wie das diesj\u00e4hrige Jubil\u00e4um eindr\u00fccklich <\/span>unter Beweis stellt<span lang=\"ET\">. <\/span>Welche weiteren Faktoren haben eurer Meinung nach entscheidend zum Erfolg von Netstream beigetragen<span lang=\"ET\">?<br \/>\n<\/span><\/em><span lang=\"ET\">Alexis Caceda:<\/span><span lang=\"ET\"> Allen voran <\/span>nat<span lang=\"ET\">\u00fcrlich der Einsatz unserer Mitarbeitenden. Im Austausch mit den Kunden entwickeln sie Cloud-, Internet-, Telefonie- und TV-L\u00f6sungen, die den Anwendern einen echten Mehrwert bringen. Ein weiterer Vorteil ist unsere Unternehmensgr\u00f6sse: Sie erm\u00f6glicht es uns, im pers\u00f6nlichen Kontakt mit unseren Kunden zu bleiben und flexibel auf deren sich stetig \u00e4ndernden Bed\u00fcrfnisse reagieren zu k\u00f6nnen.<\/span><\/p>\n<p><span lang=\"ET\"><em>Worauf seid ihr besonders stolz?<\/em><br \/>\n<\/span><strong><span lang=\"ET\">Reto Kasser:<\/span><\/strong><span lang=\"ET\"> Besonders stolz machen uns die Ergebnisse des renommierten Bilanz Telekom Ratings, denn der Schweizer IT-Markt ist hart umk\u00e4mpft. Bei den j\u00e4hrlichen Umfragen regelm\u00e4ssig Spitzenpositionen zu erreichen, ist daher keine Selbstverst\u00e4ndlichkeit, sondern das Ergebnis einer konsequenten Ausrichtung entlang der Kundenbed\u00fcrfnisse.<\/span><\/p>\n<p><em><span lang=\"ET\">Welche Meilensteine kommen euch in den Sinn, wenn ihr auf 20 Jahre Netstream zur\u00fcckblickt?<br \/>\n<\/span><\/em><strong><span lang=\"ET\">Dominik Breitenmoser: <\/span><\/strong><span lang=\"ET\">Es gab viele wegweisenden Momente. Zu ihnen geh\u00f6ren die Anstellung unseres ersten Mitarbeiters genauso wie der Launch von \u00abADSL.TV\u00bb, dem ersten Internet-TV-Angebot auf dem Schweizer Markt. Seine Einf\u00fchrung im Jahr 2004 markierte den Anfang f\u00fcr die Verbreitung von Fernsehprogrammen \u00fcber das Internet in der Schweiz. Weitere Meilensteine in unserer Unternehmensgeschichte waren der Bau und die Inbetriebnahme unseres eigenen Rechenzentrums in D\u00fcbendorf sowie der neue Markenauftritt in diesem Jahr. <\/span><\/p>\n<p><em><span lang=\"ET\">Neben den vielen Erfolgsgeschichten gab es mit Sicherheit auch Herausforderungen. Welche kommen euch spontan in den Sinn?<br \/>\n<\/span><\/em><strong><span lang=\"ET\">Alexis Caceda:<\/span><\/strong><span lang=\"ET\"> Bedingt durch das stete Wachstum von Netstream, forderten uns die sich parallel hierzu \u00e4ndernden Anforderungen hinsichtlich F\u00fchrung und Management des Unternehmens extrem heraus. Man darf nicht vergessen, dass wir zu dritt angefangen haben und heute 80 Mitarbeitende besch\u00e4ftigen. Da heisst es, funktionierende Prozesse zu etablieren, seine eigene Rolle neu zu definieren und Verantwortung abzugeben. Eine Aufgabe, in die wir \u2013 und vor allem auch ich \u2013 erst hineinwachsen mussten.<\/span><\/p>\n<p><span lang=\"ET\"><em>Apropos F\u00fchrung: Ihr leitet Netstream inzwischen seit 20 Jahren. Gab es nie Zoff zwischen euch?<\/em><br \/>\n<\/span><strong><span lang=\"ET\">Dominik Breitenmoser: <\/span><\/strong><span lang=\"ET\">Doch das gab es und das war auch gut so. Wir sind an den Diskussionen gewachsen und gereift. Mittlerweile wissen wir auch besser, wie wir Konfliktsituationen am besten l\u00f6sen. Die Freude und Leidenschaft, mit der wir Netstream damals gegr\u00fcndet haben, ist auch heute noch genauso gross wie damals. Dank der kontinuierlichen Ver\u00e4nderungen am Markt ist es nie langweilig geworden und ich bin froh, dass Alexis, Reto und ich diesen spannenden Weg der letzten 20 Jahren gemeinsam beschritten haben.<\/span><\/p>\n<p><em>Link zum Projekt \u201eWir-pflanzen-B\u00e4ume\u201c: <a href=\"http:\/\/www.netstream.ch\/birthday\">www.netstream.ch\/birthday<\/a> <\/em><\/p>\n","protected":false},"excerpt":{"rendered":"<p>Drei Teenager, die auf dem Dachboden des Elternhauses eine Firma gr\u00fcnden. Was sich wie das Drehbuch eines Hollywood-Films liest, ist die Entstehungsgeschichte des Z\u00fcrcher IT- und Telekommunikationsunternehmens Netstream. Der beliebte Anbieter f\u00fcr Cloud-, Internet-, Telefonie-, Hosting-, TV- und Wholesale-L\u00f6sungen in der Schweiz, feierte am 10. Dezember 2018 sein 20-j\u00e4hriges Firmenjubil\u00e4um. Vision von Netstream richtungsweisend \u201eStellen [&hellip;]<\/p>\n","protected":false},"author":4,"featured_media":4649,"comment_status":"open","ping_status":"open","sticky":false,"template":"","format":"standard","meta":{"_acf_changed":false,"_yoast_wpseo_focuskw":"Firmenjubil\u00e4um","_yoast_wpseo_metadesc":"Netstream mit seinen rund 80 Mitarbeitenden und eigenem Rechenzentrum in der Schweiz feiert mit einem speziellen Projekt das 20j\u00e4hrige Firmenjubil\u00e4um.","articlekey":"","footnotes":""},"categories":[27],"tags":[156,206,286,360,492],"class_list":["post-4648","post","type-post","status-publish","format-standard","has-post-thumbnail","hentry","category-it","tag-digitalisierung","tag-firmenjubilaeum","tag-it","tag-netzwerk-dienstleistungen","tag-unternehmen"],"acf":[],"yoast_head":"<!-- This site is optimized with the Yoast SEO plugin v27.4 - https:\/\/yoast.com\/product\/yoast-seo-wordpress\/ -->\n<title>Netstream feiert Firmenjubil\u00e4um und lanciert spezielles Projekt - Organisator<\/title>\n<meta name=\"description\" content=\"Netstream mit seinen rund 80 Mitarbeitenden und eigenem Rechenzentrum in der Schweiz feiert mit einem speziellen Projekt das 20j\u00e4hrige Firmenjubil\u00e4um.\" \/>\n<meta name=\"robots\" content=\"index, follow, max-snippet:-1, max-image-preview:large, max-video-preview:-1\" \/>\n<link rel=\"canonical\" href=\"https:\/\/www.organisator.ch\/de\/management\/it\/2018-12-10\/netstream-feiert-firmenjubilaeum-und-lanciert-spezielles-projekt\/\" \/>\n<meta property=\"og:locale\" content=\"de_DE\" \/>\n<meta property=\"og:type\" content=\"article\" \/>\n<meta property=\"og:title\" content=\"Netstream feiert Firmenjubil\u00e4um und lanciert spezielles Projekt\" \/>\n<meta property=\"og:description\" content=\"Netstream mit seinen rund 80 Mitarbeitenden und eigenem Rechenzentrum in der Schweiz feiert mit einem speziellen Projekt das 20j\u00e4hrige Firmenjubil\u00e4um.\" \/>\n<meta property=\"og:url\" content=\"https:\/\/www.organisator.ch\/de\/management\/it\/2018-12-10\/netstream-feiert-firmenjubilaeum-und-lanciert-spezielles-projekt\/\" \/>\n<meta property=\"og:site_name\" content=\"Organisator\" \/>\n<meta property=\"article:publisher\" content=\"https:\/\/www.facebook.com\/OrganisatorFachmagazin\" \/>\n<meta property=\"article:published_time\" content=\"2018-12-10T15:31:02+00:00\" \/>\n<meta property=\"og:image\" content=\"https:\/\/www.organisator.ch\/wp-content\/uploads\/2018\/12\/Netstream-feiert-Firmenjubilaeum-und-lanciert-spezielles-Projekt_Organisator.jpg\" \/>\n\t<meta property=\"og:image:width\" content=\"680\" \/>\n\t<meta property=\"og:image:height\" content=\"453\" \/>\n\t<meta property=\"og:image:type\" content=\"image\/jpeg\" \/>\n<meta name=\"author\" content=\"thomas.berner\" \/>\n<meta name=\"twitter:card\" content=\"summary_large_image\" \/>\n<meta name=\"twitter:title\" content=\"#Netstream feiert #Firmenjubil\u00e4um und lanciert spezielles Projekt\" \/>\n<meta name=\"twitter:description\" content=\"#Netstream mit seinen rund 80 Mitarbeitenden und eigenem Rechenzentrum in der Schweiz feiert mit einem speziellen Projekt das 20j\u00e4hrige Firmenjubil\u00e4um.\" \/>\n<meta name=\"twitter:image\" content=\"https:\/\/www.organisator.ch\/wp-content\/uploads\/2018\/12\/Netstream-feiert-Firmenjubil\u00e4um-und-lanciert-spezielles-Projekt_Organisator.jpg\" \/>\n<script type=\"application\/ld+json\" class=\"yoast-schema-graph\">{\"@context\":\"https:\\\/\\\/schema.org\",\"@graph\":[{\"@type\":\"Article\",\"@id\":\"https:\\\/\\\/www.organisator.ch\\\/management\\\/it\\\/2018-12-10\\\/netstream-feiert-firmenjubilaeum-und-lanciert-spezielles-projekt\\\/#article\",\"isPartOf\":{\"@id\":\"https:\\\/\\\/www.organisator.ch\\\/management\\\/it\\\/2018-12-10\\\/netstream-feiert-firmenjubilaeum-und-lanciert-spezielles-projekt\\\/\"},\"author\":{\"name\":\"thomas.berner\",\"@id\":\"https:\\\/\\\/www.organisator.ch\\\/#\\\/schema\\\/person\\\/6f650f90b2842cd4c0cc334b4e36f67e\"},\"headline\":\"Netstream feiert Firmenjubil\u00e4um und lanciert spezielles Projekt\",\"datePublished\":\"2018-12-10T15:31:02+00:00\",\"mainEntityOfPage\":{\"@id\":\"https:\\\/\\\/www.organisator.ch\\\/management\\\/it\\\/2018-12-10\\\/netstream-feiert-firmenjubilaeum-und-lanciert-spezielles-projekt\\\/\"},\"wordCount\":1268,\"commentCount\":0,\"publisher\":{\"@id\":\"https:\\\/\\\/www.organisator.ch\\\/#organization\"},\"image\":{\"@id\":\"https:\\\/\\\/www.organisator.ch\\\/management\\\/it\\\/2018-12-10\\\/netstream-feiert-firmenjubilaeum-und-lanciert-spezielles-projekt\\\/#primaryimage\"},\"thumbnailUrl\":\"https:\\\/\\\/www.organisator.ch\\\/wp-content\\\/uploads\\\/2018\\\/12\\\/Netstream-feiert-Firmenjubilaeum-und-lanciert-spezielles-Projekt_Organisator.jpg\",\"keywords\":[\"Digitalisierung\",\"Firmenjubil\u00e4um\",\"IT\",\"Netzwerk-Dienstleistungen\",\"Unternehmen\"],\"articleSection\":[\"IT\"],\"inLanguage\":\"de\"},{\"@type\":\"WebPage\",\"@id\":\"https:\\\/\\\/www.organisator.ch\\\/management\\\/it\\\/2018-12-10\\\/netstream-feiert-firmenjubilaeum-und-lanciert-spezielles-projekt\\\/\",\"url\":\"https:\\\/\\\/www.organisator.ch\\\/management\\\/it\\\/2018-12-10\\\/netstream-feiert-firmenjubilaeum-und-lanciert-spezielles-projekt\\\/\",\"name\":\"Netstream feiert Firmenjubil\u00e4um und lanciert spezielles Projekt - Organisator\",\"isPartOf\":{\"@id\":\"https:\\\/\\\/www.organisator.ch\\\/#website\"},\"primaryImageOfPage\":{\"@id\":\"https:\\\/\\\/www.organisator.ch\\\/management\\\/it\\\/2018-12-10\\\/netstream-feiert-firmenjubilaeum-und-lanciert-spezielles-projekt\\\/#primaryimage\"},\"image\":{\"@id\":\"https:\\\/\\\/www.organisator.ch\\\/management\\\/it\\\/2018-12-10\\\/netstream-feiert-firmenjubilaeum-und-lanciert-spezielles-projekt\\\/#primaryimage\"},\"thumbnailUrl\":\"https:\\\/\\\/www.organisator.ch\\\/wp-content\\\/uploads\\\/2018\\\/12\\\/Netstream-feiert-Firmenjubilaeum-und-lanciert-spezielles-Projekt_Organisator.jpg\",\"datePublished\":\"2018-12-10T15:31:02+00:00\",\"description\":\"Netstream mit seinen rund 80 Mitarbeitenden und eigenem Rechenzentrum in der Schweiz feiert mit einem speziellen Projekt das 20j\u00e4hrige Firmenjubil\u00e4um.\",\"breadcrumb\":{\"@id\":\"https:\\\/\\\/www.organisator.ch\\\/management\\\/it\\\/2018-12-10\\\/netstream-feiert-firmenjubilaeum-und-lanciert-spezielles-projekt\\\/#breadcrumb\"},\"inLanguage\":\"de\",\"potentialAction\":[{\"@type\":\"ReadAction\",\"target\":[\"https:\\\/\\\/www.organisator.ch\\\/management\\\/it\\\/2018-12-10\\\/netstream-feiert-firmenjubilaeum-und-lanciert-spezielles-projekt\\\/\"]}]},{\"@type\":\"ImageObject\",\"inLanguage\":\"de\",\"@id\":\"https:\\\/\\\/www.organisator.ch\\\/management\\\/it\\\/2018-12-10\\\/netstream-feiert-firmenjubilaeum-und-lanciert-spezielles-projekt\\\/#primaryimage\",\"url\":\"https:\\\/\\\/www.organisator.ch\\\/wp-content\\\/uploads\\\/2018\\\/12\\\/Netstream-feiert-Firmenjubilaeum-und-lanciert-spezielles-Projekt_Organisator.jpg\",\"contentUrl\":\"https:\\\/\\\/www.organisator.ch\\\/wp-content\\\/uploads\\\/2018\\\/12\\\/Netstream-feiert-Firmenjubilaeum-und-lanciert-spezielles-Projekt_Organisator.jpg\",\"width\":680,\"height\":453,\"caption\":\"Feiern mit Netstream das 20j\u00e4hrige Firmenjubil\u00e4um: Die Gr\u00fcnder Reto Kasser(CTO, links), Alexis Caceda(CEO, Mitte) und Dominik Breitenmoser (CIO, rechts). (Bild: zVg Netstream)\"},{\"@type\":\"BreadcrumbList\",\"@id\":\"https:\\\/\\\/www.organisator.ch\\\/management\\\/it\\\/2018-12-10\\\/netstream-feiert-firmenjubilaeum-und-lanciert-spezielles-projekt\\\/#breadcrumb\",\"itemListElement\":[{\"@type\":\"ListItem\",\"position\":1,\"name\":\"Home\",\"item\":\"https:\\\/\\\/www.organisator.ch\\\/\"},{\"@type\":\"ListItem\",\"position\":2,\"name\":\"Netstream feiert Firmenjubil\u00e4um und lanciert spezielles Projekt\"}]},{\"@type\":\"WebSite\",\"@id\":\"https:\\\/\\\/www.organisator.ch\\\/#website\",\"url\":\"https:\\\/\\\/www.organisator.ch\\\/\",\"name\":\"Organisator\",\"description\":\"Kompetent. Praxisnah. Der ORGANISATOR bereitet in 10 Ausgaben pro Jahr die wesentlichen Themen f\u00fcr F\u00fchrungskr\u00e4fte von KMU auf.\",\"publisher\":{\"@id\":\"https:\\\/\\\/www.organisator.ch\\\/#organization\"},\"potentialAction\":[{\"@type\":\"SearchAction\",\"target\":{\"@type\":\"EntryPoint\",\"urlTemplate\":\"https:\\\/\\\/www.organisator.ch\\\/?s={search_term_string}\"},\"query-input\":{\"@type\":\"PropertyValueSpecification\",\"valueRequired\":true,\"valueName\":\"search_term_string\"}}],\"inLanguage\":\"de\"},{\"@type\":\"Organization\",\"@id\":\"https:\\\/\\\/www.organisator.ch\\\/#organization\",\"name\":\"Organisator\",\"url\":\"https:\\\/\\\/www.organisator.ch\\\/\",\"logo\":{\"@type\":\"ImageObject\",\"inLanguage\":\"de\",\"@id\":\"https:\\\/\\\/www.organisator.ch\\\/#\\\/schema\\\/logo\\\/image\\\/\",\"url\":\"https:\\\/\\\/www.organisator.ch\\\/wp-content\\\/uploads\\\/2022\\\/01\\\/Logo_Organisator_Website.png\",\"contentUrl\":\"https:\\\/\\\/www.organisator.ch\\\/wp-content\\\/uploads\\\/2022\\\/01\\\/Logo_Organisator_Website.png\",\"width\":800,\"height\":77,\"caption\":\"Organisator\"},\"image\":{\"@id\":\"https:\\\/\\\/www.organisator.ch\\\/#\\\/schema\\\/logo\\\/image\\\/\"},\"sameAs\":[\"https:\\\/\\\/www.facebook.com\\\/OrganisatorFachmagazin\",\"https:\\\/\\\/www.linkedin.com\\\/showcase\\\/organisator-das-magazin-fr-kmu\",\"https:\\\/\\\/www.xing.com\\\/news\\\/pages\\\/organisator-ch-695\",\"https:\\\/\\\/www.youtube.com\\\/channel\\\/UCGP2Sq0iWaZwT3BdIAQFYpw\"]},{\"@type\":\"Person\",\"@id\":\"https:\\\/\\\/www.organisator.ch\\\/#\\\/schema\\\/person\\\/6f650f90b2842cd4c0cc334b4e36f67e\",\"name\":\"thomas.berner\",\"image\":{\"@type\":\"ImageObject\",\"inLanguage\":\"de\",\"@id\":\"https:\\\/\\\/secure.gravatar.com\\\/avatar\\\/ac5001d2a36cb6c6cd3e50789007ffca834b477b74a2144564522e944eabff61?s=96&d=mm&r=g\",\"url\":\"https:\\\/\\\/secure.gravatar.com\\\/avatar\\\/ac5001d2a36cb6c6cd3e50789007ffca834b477b74a2144564522e944eabff61?s=96&d=mm&r=g\",\"contentUrl\":\"https:\\\/\\\/secure.gravatar.com\\\/avatar\\\/ac5001d2a36cb6c6cd3e50789007ffca834b477b74a2144564522e944eabff61?s=96&d=mm&r=g\",\"caption\":\"thomas.berner\"},\"url\":\"https:\\\/\\\/www.organisator.ch\\\/de\\\/author\\\/thomas-berner\\\/\"}]}<\/script>\n<!-- \/ Yoast SEO plugin. -->","yoast_head_json":{"title":"Netstream feiert Firmenjubil\u00e4um und lanciert spezielles Projekt - Organisator","description":"Netstream mit seinen rund 80 Mitarbeitenden und eigenem Rechenzentrum in der Schweiz feiert mit einem speziellen Projekt das 20j\u00e4hrige Firmenjubil\u00e4um.","robots":{"index":"index","follow":"follow","max-snippet":"max-snippet:-1","max-image-preview":"max-image-preview:large","max-video-preview":"max-video-preview:-1"},"canonical":"https:\/\/www.organisator.ch\/de\/management\/it\/2018-12-10\/netstream-feiert-firmenjubilaeum-und-lanciert-spezielles-projekt\/","og_locale":"de_DE","og_type":"article","og_title":"Netstream feiert Firmenjubil\u00e4um und lanciert spezielles Projekt","og_description":"Netstream mit seinen rund 80 Mitarbeitenden und eigenem Rechenzentrum in der Schweiz feiert mit einem speziellen Projekt das 20j\u00e4hrige Firmenjubil\u00e4um.","og_url":"https:\/\/www.organisator.ch\/de\/management\/it\/2018-12-10\/netstream-feiert-firmenjubilaeum-und-lanciert-spezielles-projekt\/","og_site_name":"Organisator","article_publisher":"https:\/\/www.facebook.com\/OrganisatorFachmagazin","article_published_time":"2018-12-10T15:31:02+00:00","og_image":[{"width":680,"height":453,"url":"https:\/\/www.organisator.ch\/wp-content\/uploads\/2018\/12\/Netstream-feiert-Firmenjubilaeum-und-lanciert-spezielles-Projekt_Organisator.jpg","type":"image\/jpeg"}],"author":"thomas.berner","twitter_card":"summary_large_image","twitter_title":"#Netstream feiert #Firmenjubil\u00e4um und lanciert spezielles Projekt","twitter_description":"#Netstream mit seinen rund 80 Mitarbeitenden und eigenem Rechenzentrum in der Schweiz feiert mit einem speziellen Projekt das 20j\u00e4hrige Firmenjubil\u00e4um.","twitter_image":"https:\/\/www.organisator.ch\/wp-content\/uploads\/2018\/12\/Netstream-feiert-Firmenjubil\u00e4um-und-lanciert-spezielles-Projekt_Organisator.jpg","schema":{"@context":"https:\/\/schema.org","@graph":[{"@type":"Article","@id":"https:\/\/www.organisator.ch\/management\/it\/2018-12-10\/netstream-feiert-firmenjubilaeum-und-lanciert-spezielles-projekt\/#article","isPartOf":{"@id":"https:\/\/www.organisator.ch\/management\/it\/2018-12-10\/netstream-feiert-firmenjubilaeum-und-lanciert-spezielles-projekt\/"},"author":{"name":"thomas.berner","@id":"https:\/\/www.organisator.ch\/#\/schema\/person\/6f650f90b2842cd4c0cc334b4e36f67e"},"headline":"Netstream feiert Firmenjubil\u00e4um und lanciert spezielles Projekt","datePublished":"2018-12-10T15:31:02+00:00","mainEntityOfPage":{"@id":"https:\/\/www.organisator.ch\/management\/it\/2018-12-10\/netstream-feiert-firmenjubilaeum-und-lanciert-spezielles-projekt\/"},"wordCount":1268,"commentCount":0,"publisher":{"@id":"https:\/\/www.organisator.ch\/#organization"},"image":{"@id":"https:\/\/www.organisator.ch\/management\/it\/2018-12-10\/netstream-feiert-firmenjubilaeum-und-lanciert-spezielles-projekt\/#primaryimage"},"thumbnailUrl":"https:\/\/www.organisator.ch\/wp-content\/uploads\/2018\/12\/Netstream-feiert-Firmenjubilaeum-und-lanciert-spezielles-Projekt_Organisator.jpg","keywords":["Digitalisierung","Firmenjubil\u00e4um","IT","Netzwerk-Dienstleistungen","Unternehmen"],"articleSection":["IT"],"inLanguage":"de"},{"@type":"WebPage","@id":"https:\/\/www.organisator.ch\/management\/it\/2018-12-10\/netstream-feiert-firmenjubilaeum-und-lanciert-spezielles-projekt\/","url":"https:\/\/www.organisator.ch\/management\/it\/2018-12-10\/netstream-feiert-firmenjubilaeum-und-lanciert-spezielles-projekt\/","name":"Netstream feiert Firmenjubil\u00e4um und lanciert spezielles Projekt - Organisator","isPartOf":{"@id":"https:\/\/www.organisator.ch\/#website"},"primaryImageOfPage":{"@id":"https:\/\/www.organisator.ch\/management\/it\/2018-12-10\/netstream-feiert-firmenjubilaeum-und-lanciert-spezielles-projekt\/#primaryimage"},"image":{"@id":"https:\/\/www.organisator.ch\/management\/it\/2018-12-10\/netstream-feiert-firmenjubilaeum-und-lanciert-spezielles-projekt\/#primaryimage"},"thumbnailUrl":"https:\/\/www.organisator.ch\/wp-content\/uploads\/2018\/12\/Netstream-feiert-Firmenjubilaeum-und-lanciert-spezielles-Projekt_Organisator.jpg","datePublished":"2018-12-10T15:31:02+00:00","description":"Netstream mit seinen rund 80 Mitarbeitenden und eigenem Rechenzentrum in der Schweiz feiert mit einem speziellen Projekt das 20j\u00e4hrige Firmenjubil\u00e4um.","breadcrumb":{"@id":"https:\/\/www.organisator.ch\/management\/it\/2018-12-10\/netstream-feiert-firmenjubilaeum-und-lanciert-spezielles-projekt\/#breadcrumb"},"inLanguage":"de","potentialAction":[{"@type":"ReadAction","target":["https:\/\/www.organisator.ch\/management\/it\/2018-12-10\/netstream-feiert-firmenjubilaeum-und-lanciert-spezielles-projekt\/"]}]},{"@type":"ImageObject","inLanguage":"de","@id":"https:\/\/www.organisator.ch\/management\/it\/2018-12-10\/netstream-feiert-firmenjubilaeum-und-lanciert-spezielles-projekt\/#primaryimage","url":"https:\/\/www.organisator.ch\/wp-content\/uploads\/2018\/12\/Netstream-feiert-Firmenjubilaeum-und-lanciert-spezielles-Projekt_Organisator.jpg","contentUrl":"https:\/\/www.organisator.ch\/wp-content\/uploads\/2018\/12\/Netstream-feiert-Firmenjubilaeum-und-lanciert-spezielles-Projekt_Organisator.jpg","width":680,"height":453,"caption":"Feiern mit Netstream das 20j\u00e4hrige Firmenjubil\u00e4um: Die Gr\u00fcnder Reto Kasser(CTO, links), Alexis Caceda(CEO, Mitte) und Dominik Breitenmoser (CIO, rechts). (Bild: zVg Netstream)"},{"@type":"BreadcrumbList","@id":"https:\/\/www.organisator.ch\/management\/it\/2018-12-10\/netstream-feiert-firmenjubilaeum-und-lanciert-spezielles-projekt\/#breadcrumb","itemListElement":[{"@type":"ListItem","position":1,"name":"Home","item":"https:\/\/www.organisator.ch\/"},{"@type":"ListItem","position":2,"name":"Netstream feiert Firmenjubil\u00e4um und lanciert spezielles Projekt"}]},{"@type":"WebSite","@id":"https:\/\/www.organisator.ch\/#website","url":"https:\/\/www.organisator.ch\/","name":"Organisator","description":"Kompetent. Praxisnah. Der ORGANISATOR bereitet in 10 Ausgaben pro Jahr die wesentlichen Themen f\u00fcr F\u00fchrungskr\u00e4fte von KMU auf.","publisher":{"@id":"https:\/\/www.organisator.ch\/#organization"},"potentialAction":[{"@type":"SearchAction","target":{"@type":"EntryPoint","urlTemplate":"https:\/\/www.organisator.ch\/?s={search_term_string}"},"query-input":{"@type":"PropertyValueSpecification","valueRequired":true,"valueName":"search_term_string"}}],"inLanguage":"de"},{"@type":"Organization","@id":"https:\/\/www.organisator.ch\/#organization","name":"Organisator","url":"https:\/\/www.organisator.ch\/","logo":{"@type":"ImageObject","inLanguage":"de","@id":"https:\/\/www.organisator.ch\/#\/schema\/logo\/image\/","url":"https:\/\/www.organisator.ch\/wp-content\/uploads\/2022\/01\/Logo_Organisator_Website.png","contentUrl":"https:\/\/www.organisator.ch\/wp-content\/uploads\/2022\/01\/Logo_Organisator_Website.png","width":800,"height":77,"caption":"Organisator"},"image":{"@id":"https:\/\/www.organisator.ch\/#\/schema\/logo\/image\/"},"sameAs":["https:\/\/www.facebook.com\/OrganisatorFachmagazin","https:\/\/www.linkedin.com\/showcase\/organisator-das-magazin-fr-kmu","https:\/\/www.xing.com\/news\/pages\/organisator-ch-695","https:\/\/www.youtube.com\/channel\/UCGP2Sq0iWaZwT3BdIAQFYpw"]},{"@type":"Person","@id":"https:\/\/www.organisator.ch\/#\/schema\/person\/6f650f90b2842cd4c0cc334b4e36f67e","name":"thomas.berner","image":{"@type":"ImageObject","inLanguage":"de","@id":"https:\/\/secure.gravatar.com\/avatar\/ac5001d2a36cb6c6cd3e50789007ffca834b477b74a2144564522e944eabff61?s=96&d=mm&r=g","url":"https:\/\/secure.gravatar.com\/avatar\/ac5001d2a36cb6c6cd3e50789007ffca834b477b74a2144564522e944eabff61?s=96&d=mm&r=g","contentUrl":"https:\/\/secure.gravatar.com\/avatar\/ac5001d2a36cb6c6cd3e50789007ffca834b477b74a2144564522e944eabff61?s=96&d=mm&r=g","caption":"thomas.berner"},"url":"https:\/\/www.organisator.ch\/de\/author\/thomas-berner\/"}]}},"_links":{"self":[{"href":"https:\/\/www.organisator.ch\/de\/wp-json\/wp\/v2\/posts\/4648","targetHints":{"allow":["GET"]}}],"collection":[{"href":"https:\/\/www.organisator.ch\/de\/wp-json\/wp\/v2\/posts"}],"about":[{"href":"https:\/\/www.organisator.ch\/de\/wp-json\/wp\/v2\/types\/post"}],"author":[{"embeddable":true,"href":"https:\/\/www.organisator.ch\/de\/wp-json\/wp\/v2\/users\/4"}],"replies":[{"embeddable":true,"href":"https:\/\/www.organisator.ch\/de\/wp-json\/wp\/v2\/comments?post=4648"}],"version-history":[{"count":0,"href":"https:\/\/www.organisator.ch\/de\/wp-json\/wp\/v2\/posts\/4648\/revisions"}],"wp:featuredmedia":[{"embeddable":true,"href":"https:\/\/www.organisator.ch\/de\/wp-json\/wp\/v2\/media\/4649"}],"wp:attachment":[{"href":"https:\/\/www.organisator.ch\/de\/wp-json\/wp\/v2\/media?parent=4648"}],"wp:term":[{"taxonomy":"category","embeddable":true,"href":"https:\/\/www.organisator.ch\/de\/wp-json\/wp\/v2\/categories?post=4648"},{"taxonomy":"post_tag","embeddable":true,"href":"https:\/\/www.organisator.ch\/de\/wp-json\/wp\/v2\/tags?post=4648"}],"curies":[{"name":"wp","href":"https:\/\/api.w.org\/{rel}","templated":true}]}}