{"id":46527,"date":"2026-03-24T15:59:48","date_gmt":"2026-03-24T14:59:48","guid":{"rendered":"https:\/\/www.organisator.ch\/de\/?p=46527"},"modified":"2026-03-24T15:59:48","modified_gmt":"2026-03-24T14:59:48","slug":"42-schweizer-berufstalente-an-den-worldskills-2026-in-shanghai","status":"publish","type":"post","link":"https:\/\/www.organisator.ch\/de\/weiterbildung\/2026-03-24\/42-schweizer-berufstalente-an-den-worldskills-2026-in-shanghai\/","title":{"rendered":"42 Schweizer Berufstalente an den WorldSkills 2026 in Shanghai"},"content":{"rendered":"<figure id=\"attachment_46526\" aria-describedby=\"caption-attachment-46526\" style=\"width: 1400px\" class=\"wp-caption alignnone\"><img loading=\"lazy\" decoding=\"async\" class=\"wp-image-46526 size-full\" src=\"https:\/\/www.organisator.ch\/wp-content\/uploads\/2026\/03\/UNI_DI_27A6191-scaled.jpg\" alt=\"\" width=\"1400\" height=\"934\" srcset=\"https:\/\/www.organisator.ch\/wp-content\/uploads\/2026\/03\/UNI_DI_27A6191-scaled.jpg 1400w, https:\/\/www.organisator.ch\/wp-content\/uploads\/2026\/03\/UNI_DI_27A6191-680x454.jpg 680w, https:\/\/www.organisator.ch\/wp-content\/uploads\/2026\/03\/UNI_DI_27A6191-1024x683.jpg 1024w, https:\/\/www.organisator.ch\/wp-content\/uploads\/2026\/03\/UNI_DI_27A6191-768x512.jpg 768w, https:\/\/www.organisator.ch\/wp-content\/uploads\/2026\/03\/UNI_DI_27A6191-1536x1025.jpg 1536w, https:\/\/www.organisator.ch\/wp-content\/uploads\/2026\/03\/UNI_DI_27A6191-2048x1366.jpg 2048w, https:\/\/www.organisator.ch\/wp-content\/uploads\/2026\/03\/UNI_DI_27A6191-18x12.jpg 18w, https:\/\/www.organisator.ch\/wp-content\/uploads\/2026\/03\/UNI_DI_27A6191-375x250.jpg 375w, https:\/\/www.organisator.ch\/wp-content\/uploads\/2026\/03\/UNI_DI_27A6191-525x350.jpg 525w, https:\/\/www.organisator.ch\/wp-content\/uploads\/2026\/03\/UNI_DI_27A6191-1000x667.jpg 1000w\" sizes=\"auto, (max-width: 1400px) 100vw, 1400px\" \/><figcaption id=\"caption-attachment-46526\" class=\"wp-caption-text\">42 junge Schweizer Berufstalente werden sich nun f\u00fcr ihren Auftritt an den WorldSkills 2026 in Shanghai vorbereiten. (Quelle: SwissSkills)<\/figcaption><\/figure>\n<p>In sechs Monaten blickt die Schweiz gespannt nach China. Vom 22. bis 27. September 2026 finden in Shanghai die WorldSkills statt, die gr\u00f6ssten Berufsmeisterschaften der Welt. 42 junge Schweizerinnen und Schweizer vertreten ihr Land in 38 Skills gegen rund 1&#8217;400 Teilnehmende aus \u00fcber 60 L\u00e4ndern. Das SwissSkills National Team hat sich seit der Selektion intensiv auf diesen internationalen Vergleich vorbereitet \u2013 mit dem klaren Ziel, erneut eine Top-3-Platzierung in der Nationenwertung zu erreichen.<\/p>\n<h3>Schweizer Vielfalt in 38 Disziplinen<\/h3>\n<p>Den 42 jungen Berufstalenten steht der Wettkampf ihres Lebens bevor. Sie vertreten nicht nur ihr Land, sondern auch ihren Beruf und ihre Leidenschaft. Von Floristik \u00fcber Cyber Security bis zu Automobil Mechatronik, Polymechanik, Bekleidungsgestaltung oder Hotel Reception \u2013 insgesamt stehen 64 Wettk\u00e4mpfe auf dem Programm. Die WorldSkills gelten als gr\u00f6sster internationaler Vergleich im Bereich der Berufsbildung. F\u00fcr die Schweiz ist dies eine einzigartige Gelegenheit, die St\u00e4rke des dualen Bildungssystems sichtbar zu machen und den Berufsnachwuchs ins Rampenlicht zu stellen.<\/p>\n<h3>1&#8217;000 Stunden Training f\u00fcr die Weltspitze<\/h3>\n<p>Bis zum internationalen Wettbewerb im September absolvieren die jungen Profis ein intensives Trainingsprogramm. In den kommenden Monaten investieren sie mit Unterst\u00fctzung ihrer Expertinnen und Experten, der Berufsverb\u00e4nde, der Arbeitgebenden und der Teamleader rund 1&#8217;000 Stunden in ihre Vorbereitung. Neben fachlicher Perfektion stehen mentale St\u00e4rke, Teamgeist und Durchhalteverm\u00f6gen im Fokus. Mehrere gemeinsame Weekends st\u00e4rken zudem den Zusammenhalt im Team. Das Ziel ist klar: Die Schweiz soll auch in Shanghai zu den erfolgreichsten Nationen geh\u00f6ren und zugleich den Titel als bestes europ\u00e4isches Land verteidigen.<\/p>\n<h3>Botschafterinnen und Botschafter der Berufsbildung<\/h3>\n<p>Das SwissSkills National Team ist mehr als eine Auswahl von Wettk\u00e4mpfenden. Die jungen Talente sind Botschafterinnen und Botschafter ihrer Berufe. Mit ihrem Engagement inspirieren sie Jugendliche, eine Berufslehre zu machen und ihr Talent auszusch\u00f6pfen. Ihre Geschichten zeigen, dass berufliche Exzellenz und Leidenschaft zu etwas ganz Grossem f\u00fchren kann.<\/p>\n<p><em>Weitere Informationen: <a href=\"https:\/\/www.swiss-skills.ch\" target=\"_blank\" rel=\"noopener\">https:\/\/www.swiss-skills.ch<\/a><\/em><\/p>\n","protected":false},"excerpt":{"rendered":"<p>Vom 22. bis 27. September 2026 finden in Shanghai die WorldSkills statt. 42 junge Schweizerinnen und Schweizer treten in 38 Skills gegen rund 1&#8217;400 Teilnehmende aus \u00fcber 60 L\u00e4ndern an. Mit rund 1&#8217;000 Trainingsstunden pro Talent bereitet sich das SwissSkills National Team intensiv auf den internationalen Vergleich vor.<\/p>\n","protected":false},"author":107,"featured_media":46526,"comment_status":"closed","ping_status":"closed","sticky":false,"template":"","format":"standard","meta":{"_acf_changed":false,"_yoast_wpseo_focuskw":"WorldSkills 2026 Shanghai","_yoast_wpseo_metadesc":"42 Schweizer Berufstalente treten an den WorldSkills 2026 in Shanghai an. Mit 1'000 Trainingsstunden bereiten sie sich auf den Wettkampf vor.","articlekey":"","footnotes":""},"categories":[30],"tags":[62,4510,2699,2709],"class_list":["post-46527","post","type-post","status-publish","format-standard","has-post-thumbnail","hentry","category-weiterbildung","tag-aus-weiterbildung","tag-berufs-weltmeisterschaften","tag-swissskills","tag-worldskills"],"acf":[],"yoast_head":"<!-- This site is optimized with the Yoast SEO plugin v27.4 - https:\/\/yoast.com\/product\/yoast-seo-wordpress\/ -->\n<title>42 Schweizer Berufstalente an den WorldSkills 2026 in Shanghai - Organisator<\/title>\n<meta name=\"description\" content=\"42 Schweizer Berufstalente treten an den WorldSkills 2026 in Shanghai an. Mit 1&#039;000 Trainingsstunden bereiten sie sich auf den Wettkampf vor.\" \/>\n<meta name=\"robots\" content=\"index, follow, max-snippet:-1, max-image-preview:large, max-video-preview:-1\" \/>\n<link rel=\"canonical\" href=\"https:\/\/www.organisator.ch\/de\/weiterbildung\/2026-03-24\/42-schweizer-berufstalente-an-den-worldskills-2026-in-shanghai\/\" \/>\n<meta property=\"og:locale\" content=\"de_DE\" \/>\n<meta property=\"og:type\" content=\"article\" \/>\n<meta property=\"og:title\" content=\"42 Schweizer Berufstalente an den WorldSkills 2026 in Shanghai\" \/>\n<meta property=\"og:description\" content=\"42 Schweizer Berufstalente treten an den WorldSkills 2026 in Shanghai an. Mit 1&#039;000 Trainingsstunden bereiten sie sich auf den Wettkampf vor.\" \/>\n<meta property=\"og:url\" content=\"https:\/\/www.organisator.ch\/de\/weiterbildung\/2026-03-24\/42-schweizer-berufstalente-an-den-worldskills-2026-in-shanghai\/\" \/>\n<meta property=\"og:site_name\" content=\"Organisator\" \/>\n<meta property=\"article:publisher\" content=\"https:\/\/www.facebook.com\/OrganisatorFachmagazin\" \/>\n<meta property=\"article:published_time\" content=\"2026-03-24T14:59:48+00:00\" \/>\n<meta property=\"og:image\" content=\"https:\/\/www.organisator.ch\/wp-content\/uploads\/2026\/03\/UNI_DI_27A6191-scaled.jpg\" \/>\n\t<meta property=\"og:image:width\" content=\"1400\" \/>\n\t<meta property=\"og:image:height\" content=\"934\" \/>\n\t<meta property=\"og:image:type\" content=\"image\/jpeg\" \/>\n<meta name=\"author\" content=\"n8n\" \/>\n<meta name=\"twitter:card\" content=\"summary_large_image\" \/>\n<meta name=\"twitter:title\" content=\"42 Schweizer #Berufstalente an den #WorldSkills 2026 in #Shanghai\" \/>\n<meta name=\"twitter:description\" content=\"42 Schweizer #Berufstalente treten an den #WorldSkills 2026 in Shanghai an. Mit 1&#039;000 Trainingsstunden bereiten sie sich auf den Wettkampf vor.\" \/>\n<meta name=\"twitter:image\" content=\"https:\/\/www.organisator.ch\/wp-content\/uploads\/2026\/03\/UNI_DI_27A6191-scaled.jpg\" \/>\n<script type=\"application\/ld+json\" class=\"yoast-schema-graph\">{\"@context\":\"https:\\\/\\\/schema.org\",\"@graph\":[{\"@type\":\"Article\",\"@id\":\"https:\\\/\\\/www.organisator.ch\\\/weiterbildung\\\/2026-03-24\\\/42-schweizer-berufstalente-an-den-worldskills-2026-in-shanghai\\\/#article\",\"isPartOf\":{\"@id\":\"https:\\\/\\\/www.organisator.ch\\\/weiterbildung\\\/2026-03-24\\\/42-schweizer-berufstalente-an-den-worldskills-2026-in-shanghai\\\/\"},\"author\":{\"name\":\"n8n\",\"@id\":\"https:\\\/\\\/www.organisator.ch\\\/#\\\/schema\\\/person\\\/a9d0e0eff238db87a8f840f3b50359f0\"},\"headline\":\"42 Schweizer Berufstalente an den WorldSkills 2026 in Shanghai\",\"datePublished\":\"2026-03-24T14:59:48+00:00\",\"mainEntityOfPage\":{\"@id\":\"https:\\\/\\\/www.organisator.ch\\\/weiterbildung\\\/2026-03-24\\\/42-schweizer-berufstalente-an-den-worldskills-2026-in-shanghai\\\/\"},\"wordCount\":340,\"publisher\":{\"@id\":\"https:\\\/\\\/www.organisator.ch\\\/#organization\"},\"image\":{\"@id\":\"https:\\\/\\\/www.organisator.ch\\\/weiterbildung\\\/2026-03-24\\\/42-schweizer-berufstalente-an-den-worldskills-2026-in-shanghai\\\/#primaryimage\"},\"thumbnailUrl\":\"https:\\\/\\\/www.organisator.ch\\\/wp-content\\\/uploads\\\/2026\\\/03\\\/UNI_DI_27A6191-scaled.jpg\",\"keywords\":[\"Aus-\\\/Weiterbildung\",\"Berufs-Weltmeisterschaften\",\"SwissSkills\",\"WorldSkills\"],\"articleSection\":[\"WEITERBILDUNG\"],\"inLanguage\":\"de\"},{\"@type\":\"WebPage\",\"@id\":\"https:\\\/\\\/www.organisator.ch\\\/weiterbildung\\\/2026-03-24\\\/42-schweizer-berufstalente-an-den-worldskills-2026-in-shanghai\\\/\",\"url\":\"https:\\\/\\\/www.organisator.ch\\\/weiterbildung\\\/2026-03-24\\\/42-schweizer-berufstalente-an-den-worldskills-2026-in-shanghai\\\/\",\"name\":\"42 Schweizer Berufstalente an den WorldSkills 2026 in Shanghai - Organisator\",\"isPartOf\":{\"@id\":\"https:\\\/\\\/www.organisator.ch\\\/#website\"},\"primaryImageOfPage\":{\"@id\":\"https:\\\/\\\/www.organisator.ch\\\/weiterbildung\\\/2026-03-24\\\/42-schweizer-berufstalente-an-den-worldskills-2026-in-shanghai\\\/#primaryimage\"},\"image\":{\"@id\":\"https:\\\/\\\/www.organisator.ch\\\/weiterbildung\\\/2026-03-24\\\/42-schweizer-berufstalente-an-den-worldskills-2026-in-shanghai\\\/#primaryimage\"},\"thumbnailUrl\":\"https:\\\/\\\/www.organisator.ch\\\/wp-content\\\/uploads\\\/2026\\\/03\\\/UNI_DI_27A6191-scaled.jpg\",\"datePublished\":\"2026-03-24T14:59:48+00:00\",\"description\":\"42 Schweizer Berufstalente treten an den WorldSkills 2026 in Shanghai an. Mit 1'000 Trainingsstunden bereiten sie sich auf den Wettkampf vor.\",\"breadcrumb\":{\"@id\":\"https:\\\/\\\/www.organisator.ch\\\/weiterbildung\\\/2026-03-24\\\/42-schweizer-berufstalente-an-den-worldskills-2026-in-shanghai\\\/#breadcrumb\"},\"inLanguage\":\"de\",\"potentialAction\":[{\"@type\":\"ReadAction\",\"target\":[\"https:\\\/\\\/www.organisator.ch\\\/weiterbildung\\\/2026-03-24\\\/42-schweizer-berufstalente-an-den-worldskills-2026-in-shanghai\\\/\"]}]},{\"@type\":\"ImageObject\",\"inLanguage\":\"de\",\"@id\":\"https:\\\/\\\/www.organisator.ch\\\/weiterbildung\\\/2026-03-24\\\/42-schweizer-berufstalente-an-den-worldskills-2026-in-shanghai\\\/#primaryimage\",\"url\":\"https:\\\/\\\/www.organisator.ch\\\/wp-content\\\/uploads\\\/2026\\\/03\\\/UNI_DI_27A6191-scaled.jpg\",\"contentUrl\":\"https:\\\/\\\/www.organisator.ch\\\/wp-content\\\/uploads\\\/2026\\\/03\\\/UNI_DI_27A6191-scaled.jpg\",\"width\":1400,\"height\":934,\"caption\":\"Die 42 jungen Schweizer Berufstalente des SwissSkills National Teams bereiten sich intensiv auf ihren Auftritt an den WorldSkills 2026 in Shanghai vor. (Quelle: zvg)\"},{\"@type\":\"BreadcrumbList\",\"@id\":\"https:\\\/\\\/www.organisator.ch\\\/weiterbildung\\\/2026-03-24\\\/42-schweizer-berufstalente-an-den-worldskills-2026-in-shanghai\\\/#breadcrumb\",\"itemListElement\":[{\"@type\":\"ListItem\",\"position\":1,\"name\":\"Home\",\"item\":\"https:\\\/\\\/www.organisator.ch\\\/\"},{\"@type\":\"ListItem\",\"position\":2,\"name\":\"42 Schweizer Berufstalente an den WorldSkills 2026 in Shanghai\"}]},{\"@type\":\"WebSite\",\"@id\":\"https:\\\/\\\/www.organisator.ch\\\/#website\",\"url\":\"https:\\\/\\\/www.organisator.ch\\\/\",\"name\":\"Organisator\",\"description\":\"Kompetent. Praxisnah. Der ORGANISATOR bereitet in 10 Ausgaben pro Jahr die wesentlichen Themen f\u00fcr F\u00fchrungskr\u00e4fte von KMU auf.\",\"publisher\":{\"@id\":\"https:\\\/\\\/www.organisator.ch\\\/#organization\"},\"potentialAction\":[{\"@type\":\"SearchAction\",\"target\":{\"@type\":\"EntryPoint\",\"urlTemplate\":\"https:\\\/\\\/www.organisator.ch\\\/?s={search_term_string}\"},\"query-input\":{\"@type\":\"PropertyValueSpecification\",\"valueRequired\":true,\"valueName\":\"search_term_string\"}}],\"inLanguage\":\"de\"},{\"@type\":\"Organization\",\"@id\":\"https:\\\/\\\/www.organisator.ch\\\/#organization\",\"name\":\"Organisator\",\"url\":\"https:\\\/\\\/www.organisator.ch\\\/\",\"logo\":{\"@type\":\"ImageObject\",\"inLanguage\":\"de\",\"@id\":\"https:\\\/\\\/www.organisator.ch\\\/#\\\/schema\\\/logo\\\/image\\\/\",\"url\":\"https:\\\/\\\/www.organisator.ch\\\/wp-content\\\/uploads\\\/2022\\\/01\\\/Logo_Organisator_Website.png\",\"contentUrl\":\"https:\\\/\\\/www.organisator.ch\\\/wp-content\\\/uploads\\\/2022\\\/01\\\/Logo_Organisator_Website.png\",\"width\":800,\"height\":77,\"caption\":\"Organisator\"},\"image\":{\"@id\":\"https:\\\/\\\/www.organisator.ch\\\/#\\\/schema\\\/logo\\\/image\\\/\"},\"sameAs\":[\"https:\\\/\\\/www.facebook.com\\\/OrganisatorFachmagazin\",\"https:\\\/\\\/www.linkedin.com\\\/showcase\\\/organisator-das-magazin-fr-kmu\",\"https:\\\/\\\/www.xing.com\\\/news\\\/pages\\\/organisator-ch-695\",\"https:\\\/\\\/www.youtube.com\\\/channel\\\/UCGP2Sq0iWaZwT3BdIAQFYpw\"]},{\"@type\":\"Person\",\"@id\":\"https:\\\/\\\/www.organisator.ch\\\/#\\\/schema\\\/person\\\/a9d0e0eff238db87a8f840f3b50359f0\",\"name\":\"n8n\",\"image\":{\"@type\":\"ImageObject\",\"inLanguage\":\"de\",\"@id\":\"https:\\\/\\\/secure.gravatar.com\\\/avatar\\\/5368fb9d03fd415a6f335cece4c15af2502d6ca8651efbd6e8f98427a9795400?s=96&d=mm&r=g\",\"url\":\"https:\\\/\\\/secure.gravatar.com\\\/avatar\\\/5368fb9d03fd415a6f335cece4c15af2502d6ca8651efbd6e8f98427a9795400?s=96&d=mm&r=g\",\"contentUrl\":\"https:\\\/\\\/secure.gravatar.com\\\/avatar\\\/5368fb9d03fd415a6f335cece4c15af2502d6ca8651efbd6e8f98427a9795400?s=96&d=mm&r=g\",\"caption\":\"n8n\"},\"url\":\"https:\\\/\\\/www.organisator.ch\\\/de\\\/author\\\/n8n\\\/\"}]}<\/script>\n<!-- \/ Yoast SEO plugin. -->","yoast_head_json":{"title":"42 Schweizer Berufstalente an den WorldSkills 2026 in Shanghai - Organisator","description":"42 Schweizer Berufstalente treten an den WorldSkills 2026 in Shanghai an. Mit 1'000 Trainingsstunden bereiten sie sich auf den Wettkampf vor.","robots":{"index":"index","follow":"follow","max-snippet":"max-snippet:-1","max-image-preview":"max-image-preview:large","max-video-preview":"max-video-preview:-1"},"canonical":"https:\/\/www.organisator.ch\/de\/weiterbildung\/2026-03-24\/42-schweizer-berufstalente-an-den-worldskills-2026-in-shanghai\/","og_locale":"de_DE","og_type":"article","og_title":"42 Schweizer Berufstalente an den WorldSkills 2026 in Shanghai","og_description":"42 Schweizer Berufstalente treten an den WorldSkills 2026 in Shanghai an. Mit 1'000 Trainingsstunden bereiten sie sich auf den Wettkampf vor.","og_url":"https:\/\/www.organisator.ch\/de\/weiterbildung\/2026-03-24\/42-schweizer-berufstalente-an-den-worldskills-2026-in-shanghai\/","og_site_name":"Organisator","article_publisher":"https:\/\/www.facebook.com\/OrganisatorFachmagazin","article_published_time":"2026-03-24T14:59:48+00:00","og_image":[{"width":1400,"height":934,"url":"https:\/\/www.organisator.ch\/wp-content\/uploads\/2026\/03\/UNI_DI_27A6191-scaled.jpg","type":"image\/jpeg"}],"author":"n8n","twitter_card":"summary_large_image","twitter_title":"42 Schweizer #Berufstalente an den #WorldSkills 2026 in #Shanghai","twitter_description":"42 Schweizer #Berufstalente treten an den #WorldSkills 2026 in Shanghai an. Mit 1'000 Trainingsstunden bereiten sie sich auf den Wettkampf vor.","twitter_image":"https:\/\/www.organisator.ch\/wp-content\/uploads\/2026\/03\/UNI_DI_27A6191-scaled.jpg","schema":{"@context":"https:\/\/schema.org","@graph":[{"@type":"Article","@id":"https:\/\/www.organisator.ch\/weiterbildung\/2026-03-24\/42-schweizer-berufstalente-an-den-worldskills-2026-in-shanghai\/#article","isPartOf":{"@id":"https:\/\/www.organisator.ch\/weiterbildung\/2026-03-24\/42-schweizer-berufstalente-an-den-worldskills-2026-in-shanghai\/"},"author":{"name":"n8n","@id":"https:\/\/www.organisator.ch\/#\/schema\/person\/a9d0e0eff238db87a8f840f3b50359f0"},"headline":"42 Schweizer Berufstalente an den WorldSkills 2026 in Shanghai","datePublished":"2026-03-24T14:59:48+00:00","mainEntityOfPage":{"@id":"https:\/\/www.organisator.ch\/weiterbildung\/2026-03-24\/42-schweizer-berufstalente-an-den-worldskills-2026-in-shanghai\/"},"wordCount":340,"publisher":{"@id":"https:\/\/www.organisator.ch\/#organization"},"image":{"@id":"https:\/\/www.organisator.ch\/weiterbildung\/2026-03-24\/42-schweizer-berufstalente-an-den-worldskills-2026-in-shanghai\/#primaryimage"},"thumbnailUrl":"https:\/\/www.organisator.ch\/wp-content\/uploads\/2026\/03\/UNI_DI_27A6191-scaled.jpg","keywords":["Aus-\/Weiterbildung","Berufs-Weltmeisterschaften","SwissSkills","WorldSkills"],"articleSection":["WEITERBILDUNG"],"inLanguage":"de"},{"@type":"WebPage","@id":"https:\/\/www.organisator.ch\/weiterbildung\/2026-03-24\/42-schweizer-berufstalente-an-den-worldskills-2026-in-shanghai\/","url":"https:\/\/www.organisator.ch\/weiterbildung\/2026-03-24\/42-schweizer-berufstalente-an-den-worldskills-2026-in-shanghai\/","name":"42 Schweizer Berufstalente an den WorldSkills 2026 in Shanghai - Organisator","isPartOf":{"@id":"https:\/\/www.organisator.ch\/#website"},"primaryImageOfPage":{"@id":"https:\/\/www.organisator.ch\/weiterbildung\/2026-03-24\/42-schweizer-berufstalente-an-den-worldskills-2026-in-shanghai\/#primaryimage"},"image":{"@id":"https:\/\/www.organisator.ch\/weiterbildung\/2026-03-24\/42-schweizer-berufstalente-an-den-worldskills-2026-in-shanghai\/#primaryimage"},"thumbnailUrl":"https:\/\/www.organisator.ch\/wp-content\/uploads\/2026\/03\/UNI_DI_27A6191-scaled.jpg","datePublished":"2026-03-24T14:59:48+00:00","description":"42 Schweizer Berufstalente treten an den WorldSkills 2026 in Shanghai an. Mit 1'000 Trainingsstunden bereiten sie sich auf den Wettkampf vor.","breadcrumb":{"@id":"https:\/\/www.organisator.ch\/weiterbildung\/2026-03-24\/42-schweizer-berufstalente-an-den-worldskills-2026-in-shanghai\/#breadcrumb"},"inLanguage":"de","potentialAction":[{"@type":"ReadAction","target":["https:\/\/www.organisator.ch\/weiterbildung\/2026-03-24\/42-schweizer-berufstalente-an-den-worldskills-2026-in-shanghai\/"]}]},{"@type":"ImageObject","inLanguage":"de","@id":"https:\/\/www.organisator.ch\/weiterbildung\/2026-03-24\/42-schweizer-berufstalente-an-den-worldskills-2026-in-shanghai\/#primaryimage","url":"https:\/\/www.organisator.ch\/wp-content\/uploads\/2026\/03\/UNI_DI_27A6191-scaled.jpg","contentUrl":"https:\/\/www.organisator.ch\/wp-content\/uploads\/2026\/03\/UNI_DI_27A6191-scaled.jpg","width":1400,"height":934,"caption":"Die 42 jungen Schweizer Berufstalente des SwissSkills National Teams bereiten sich intensiv auf ihren Auftritt an den WorldSkills 2026 in Shanghai vor. (Quelle: zvg)"},{"@type":"BreadcrumbList","@id":"https:\/\/www.organisator.ch\/weiterbildung\/2026-03-24\/42-schweizer-berufstalente-an-den-worldskills-2026-in-shanghai\/#breadcrumb","itemListElement":[{"@type":"ListItem","position":1,"name":"Home","item":"https:\/\/www.organisator.ch\/"},{"@type":"ListItem","position":2,"name":"42 Schweizer Berufstalente an den WorldSkills 2026 in Shanghai"}]},{"@type":"WebSite","@id":"https:\/\/www.organisator.ch\/#website","url":"https:\/\/www.organisator.ch\/","name":"Organisator","description":"Kompetent. Praxisnah. Der ORGANISATOR bereitet in 10 Ausgaben pro Jahr die wesentlichen Themen f\u00fcr F\u00fchrungskr\u00e4fte von KMU auf.","publisher":{"@id":"https:\/\/www.organisator.ch\/#organization"},"potentialAction":[{"@type":"SearchAction","target":{"@type":"EntryPoint","urlTemplate":"https:\/\/www.organisator.ch\/?s={search_term_string}"},"query-input":{"@type":"PropertyValueSpecification","valueRequired":true,"valueName":"search_term_string"}}],"inLanguage":"de"},{"@type":"Organization","@id":"https:\/\/www.organisator.ch\/#organization","name":"Organisator","url":"https:\/\/www.organisator.ch\/","logo":{"@type":"ImageObject","inLanguage":"de","@id":"https:\/\/www.organisator.ch\/#\/schema\/logo\/image\/","url":"https:\/\/www.organisator.ch\/wp-content\/uploads\/2022\/01\/Logo_Organisator_Website.png","contentUrl":"https:\/\/www.organisator.ch\/wp-content\/uploads\/2022\/01\/Logo_Organisator_Website.png","width":800,"height":77,"caption":"Organisator"},"image":{"@id":"https:\/\/www.organisator.ch\/#\/schema\/logo\/image\/"},"sameAs":["https:\/\/www.facebook.com\/OrganisatorFachmagazin","https:\/\/www.linkedin.com\/showcase\/organisator-das-magazin-fr-kmu","https:\/\/www.xing.com\/news\/pages\/organisator-ch-695","https:\/\/www.youtube.com\/channel\/UCGP2Sq0iWaZwT3BdIAQFYpw"]},{"@type":"Person","@id":"https:\/\/www.organisator.ch\/#\/schema\/person\/a9d0e0eff238db87a8f840f3b50359f0","name":"n8n","image":{"@type":"ImageObject","inLanguage":"de","@id":"https:\/\/secure.gravatar.com\/avatar\/5368fb9d03fd415a6f335cece4c15af2502d6ca8651efbd6e8f98427a9795400?s=96&d=mm&r=g","url":"https:\/\/secure.gravatar.com\/avatar\/5368fb9d03fd415a6f335cece4c15af2502d6ca8651efbd6e8f98427a9795400?s=96&d=mm&r=g","contentUrl":"https:\/\/secure.gravatar.com\/avatar\/5368fb9d03fd415a6f335cece4c15af2502d6ca8651efbd6e8f98427a9795400?s=96&d=mm&r=g","caption":"n8n"},"url":"https:\/\/www.organisator.ch\/de\/author\/n8n\/"}]}},"_links":{"self":[{"href":"https:\/\/www.organisator.ch\/de\/wp-json\/wp\/v2\/posts\/46527","targetHints":{"allow":["GET"]}}],"collection":[{"href":"https:\/\/www.organisator.ch\/de\/wp-json\/wp\/v2\/posts"}],"about":[{"href":"https:\/\/www.organisator.ch\/de\/wp-json\/wp\/v2\/types\/post"}],"author":[{"embeddable":true,"href":"https:\/\/www.organisator.ch\/de\/wp-json\/wp\/v2\/users\/107"}],"replies":[{"embeddable":true,"href":"https:\/\/www.organisator.ch\/de\/wp-json\/wp\/v2\/comments?post=46527"}],"version-history":[{"count":4,"href":"https:\/\/www.organisator.ch\/de\/wp-json\/wp\/v2\/posts\/46527\/revisions"}],"predecessor-version":[{"id":46595,"href":"https:\/\/www.organisator.ch\/de\/wp-json\/wp\/v2\/posts\/46527\/revisions\/46595"}],"wp:featuredmedia":[{"embeddable":true,"href":"https:\/\/www.organisator.ch\/de\/wp-json\/wp\/v2\/media\/46526"}],"wp:attachment":[{"href":"https:\/\/www.organisator.ch\/de\/wp-json\/wp\/v2\/media?parent=46527"}],"wp:term":[{"taxonomy":"category","embeddable":true,"href":"https:\/\/www.organisator.ch\/de\/wp-json\/wp\/v2\/categories?post=46527"},{"taxonomy":"post_tag","embeddable":true,"href":"https:\/\/www.organisator.ch\/de\/wp-json\/wp\/v2\/tags?post=46527"}],"curies":[{"name":"wp","href":"https:\/\/api.w.org\/{rel}","templated":true}]}}