{"id":4689,"date":"2018-12-20T08:00:17","date_gmt":"2018-12-20T07:00:17","guid":{"rendered":"https:\/\/www.organisator.ch\/?p=4689"},"modified":"2018-12-20T08:00:17","modified_gmt":"2018-12-20T07:00:17","slug":"fehlende-it-bildung-gefaehrdet-innovationsstandort-schweiz","status":"publish","type":"post","link":"https:\/\/www.organisator.ch\/de\/management\/it\/2018-12-20\/fehlende-it-bildung-gefaehrdet-innovationsstandort-schweiz\/","title":{"rendered":"Fehlende IT-Bildung gef\u00e4hrdet Innovationsstandort Schweiz"},"content":{"rendered":"<figure id=\"attachment_4690\" aria-describedby=\"caption-attachment-4690\" style=\"width: 680px\" class=\"wp-caption alignnone\"><img loading=\"lazy\" decoding=\"async\" class=\"size-medium wp-image-4690\" src=\"https:\/\/www.organisator.ch\/wp-content\/uploads\/2018\/12\/Fehlende-IT-Bildung-gefaehrdet-Innovationsstandort-Schweiz_Organisator.jpg\" alt=\"\" width=\"680\" height=\"521\" srcset=\"https:\/\/www.organisator.ch\/wp-content\/uploads\/2018\/12\/Fehlende-IT-Bildung-gefaehrdet-Innovationsstandort-Schweiz_Organisator.jpg 680w, https:\/\/www.organisator.ch\/wp-content\/uploads\/2018\/12\/Fehlende-IT-Bildung-gefaehrdet-Innovationsstandort-Schweiz_Organisator-16x12.jpg 16w, https:\/\/www.organisator.ch\/wp-content\/uploads\/2018\/12\/Fehlende-IT-Bildung-gefaehrdet-Innovationsstandort-Schweiz_Organisator-228x175.jpg 228w, https:\/\/www.organisator.ch\/wp-content\/uploads\/2018\/12\/Fehlende-IT-Bildung-gefaehrdet-Innovationsstandort-Schweiz_Organisator-457x350.jpg 457w, https:\/\/www.organisator.ch\/wp-content\/uploads\/2018\/12\/Fehlende-IT-Bildung-gefaehrdet-Innovationsstandort-Schweiz_Organisator-300x230.jpg 300w\" sizes=\"auto, (max-width: 680px) 100vw, 680px\" \/><figcaption id=\"caption-attachment-4690\" class=\"wp-caption-text\">Ralf Peters fordert mehr IT-Bildung, um den Innovationsstandort Schweiz nicht zu gef\u00e4hrden. (Bild: DSAG \/ zVg)<\/figcaption><\/figure>\n<p>Dass in den so genannten MINT-Berufen (Mathematik, Informatik, Naturwissenschaften, Technik) Arbeitskr\u00e4fte fehlen, ist nicht neu. Das Ausmass des Problems ist es jedoch. Laut der 2018 mit der Universit\u00e4t Z\u00fcrich (UZH) zusammen durchgef\u00fchrten Studie [1] von Adecco stieg der Fachkr\u00e4ftemangel Gesamtschweizerisch um 8 Prozent gegen\u00fcber dem Vorjahr an. Insbesondere in den Bereichen Management und Organisation betrug der Fachkr\u00e4fte-Mangel-Zuwachs satte 25 Prozent. Gleichermassen gibt es eine Studie vom Weltwirtschaftsforum zur Zukunft der Arbeit, laut der zwei Drittel der Grundsch\u00fcler in einem Beruf arbeiten werden, den es noch gar nicht gibt. Durch Automatisierung werden Berufe wie Radiologe oder Bankberater weitgehend verschwinden. IT-Fachkr\u00e4fte hingegen werden weiter gesucht werden. Die IT hat an nahezu jedem Arbeitsplatz Einzug gehalten und die Anforderungen an IT-Fachkr\u00e4fte steigen kontinuierlich. Die Digitalisierung ver\u00e4ndert die Arbeitswelt in einem Tempo und mit einer Dynamik, die nur mit Menschen zu bew\u00e4ltigen ist, die \u00fcber die erforderliche Kompetenz verf\u00fcgen.<\/p>\n<h2><strong>In IT-Bildung investieren<\/strong><\/h2>\n<p>Doch schon heute fehlen wie geschrieben Tausende Informatiker. Ein Mangel, der das Wachstum ganzer Branchen hemmt und die Schweiz, \u00d6sterreich und Deutschland als Innovationsstandorte in Bedr\u00e4ngnis bringt. Deshalb muss unbedingt mehr f\u00fcr die digitale Bildung junger Menschen getan werden. Sie entscheidet, wie es mit den Standorten der Unternehmen im DACH-Raum weitergeht.<\/p>\n<p>Das Wichtigste w\u00e4re, das Bildungssystem schnell und effizient zu adaptieren, damit es k\u00fcnftigen Rahmenbedingungen gerecht wird. Das f\u00e4ngt schon bei der Ausstattung der Schulen an. Jede weiterf\u00fchrende Schule braucht einen Glasfaseranschluss und modernes technisches Equipment in ausreichender Menge. Dar\u00fcber hinaus muss ein entsprechender Lehrplan geschaffen werden.<\/p>\n<p>Wir brauchen Themen wie Programmieren als verpflichtende Kurse in der Schule, wie eine zweite Fremdsprache. Medienkompetenz, kritischer Umgang mit Informationen und Daten, Sicherheit im Netz sowie das Wissen \u00fcber Technik, Coding und Probleml\u00f6sung \u2013 also alles, was das Thema \u201eDigitalisierung\u201c betrifft, m\u00fcsste aus dem Informatikunterricht herausgel\u00f6st und in s\u00e4mtlichen F\u00e4chern integriert werden. Im Geschichtsunterricht ist es z. B. wichtig, \u00fcber Kryptografie sowie die Auswirkungen maschineller Datenverarbeitung im Zweiten Weltkrieg zu sprechen. Nur so bekommt man \u00fcberhaupt ein Bewusstsein daf\u00fcr, was mit Daten angestellt werden kann. Sch\u00fcler m\u00fcssen lernen, wie komplexe Prozesse nur aus Nullen und Einsen bestehen, wie Nachrichten binnen Sekundenschnelle von A nach B gelangen und wie sich soziale Netzwerke unfassbare Datenmengen merken.<\/p>\n<h2><strong>Kooperationsmodelle notwendig<\/strong><\/h2>\n<p>Doch nicht jede Schule hat das Personal, um IT-Kurse anzubieten oder den Fokus in den F\u00e4chern st\u00e4rker auf die Digitalisierung zu legen. Deshalb m\u00fcssen wir Kooperationsmodelle zwischen Schulen, Unternehmen und Verb\u00e4nden wie der Deutschsprachigen SAP-Anwendergruppe e. V. (DSAG) entwickeln und Kurse z. B. aus der Cloud f\u00fcr alle interessierten Sch\u00fcler anbieten. Niemand mit Interesse an dem Thema darf an einem fehlenden Zugang zu Wissen scheitern.<\/p>\n<p>Ein verbesserter Wissenstransfer wird nicht nur dazu f\u00fchren, dass sich mehr junge Menschen f\u00fcr die IT interessieren. Er wird auch Studienabbr\u00fcche reduzieren. Denn oftmals sind fehlende Informationen oder falsche Erwartungen schuld daran, dass potenzieller IT-Nachwuchs fr\u00fchzeitig die Segel streicht, obwohl zukunftssichere, interessante und gut bezahlte Jobs winken. Unternehmen, die mit SAP arbeiten und daf\u00fcr Nachwuchs gewinnen m\u00f6chten, sollten daher z. B. daf\u00fcr sorgen, dass die jungen Menschen wissen, was sie erwartet. Hier gilt es auch ein St\u00fcck weit Vorurteile abzubauen. SAP ist IT-architektonisch keine in sich weitestgehend geschlossene ABAP-Welt mehr, in der sich die Unternehmen ihren IT-Nachwuchs herangezogen haben. Seit sich SAP die Java-Welt und die Cloud erschlossen hat, ist der Konkurrenzkampf mit den grossen und innovativen App-Entwicklern er\u00f6ffnet. Auch SAP ist in die angesagte App-Entwicklung eingestiegen. Weg von den klassischen, meist langwierigen Entwicklungszyklen einer L\u00f6sung, hin zur agilen Entwicklung mit kurzen Schritten und schnell realisierbaren Erfolgen. Doch nur die wenigsten der kommenden IT-Spezialisten kennen diese Facette.<\/p>\n<p><em>[1] http:\/\/adeccogroup.ch\/de\/studien\/fachkraeftemangel-index-schweiz\/fachkraeftemangel-index-2018\/<\/em><\/p>\n<p><strong><em>Autor:<br \/>\n<\/em><\/strong><em>Ralf Peters ist Vorstand Anwendungsportfolio, Deutschsprachige SAP-Anwendergruppe e. V. (<a href=\"http:\/\/www.dsag.de\">DSAG<\/a>)<\/em><\/p>\n","protected":false},"excerpt":{"rendered":"<p>Dass in den so genannten MINT-Berufen (Mathematik, Informatik, Naturwissenschaften, Technik) Arbeitskr\u00e4fte fehlen, ist nicht neu. Das Ausmass des Problems ist es jedoch. Laut der 2018 mit der Universit\u00e4t Z\u00fcrich (UZH) zusammen durchgef\u00fchrten Studie [1] von Adecco stieg der Fachkr\u00e4ftemangel Gesamtschweizerisch um 8 Prozent gegen\u00fcber dem Vorjahr an. Insbesondere in den Bereichen Management und Organisation betrug [&hellip;]<\/p>\n","protected":false},"author":4,"featured_media":4690,"comment_status":"open","ping_status":"open","sticky":false,"template":"","format":"standard","meta":{"_acf_changed":false,"_yoast_wpseo_focuskw":"IT-Bildung","_yoast_wpseo_metadesc":"W\u00e4hrend die Digitalisierung die Arbeitswelt und Gesellschaft mehr und mehr ver\u00e4ndert, hinkt die IT-Bildung hinterher, stellt Ralf Peters (DSAG) fest.","articlekey":"","footnotes":""},"categories":[27],"tags":[62,156,286,531],"class_list":["post-4689","post","type-post","status-publish","format-standard","has-post-thumbnail","hentry","category-it","tag-aus-weiterbildung","tag-digitalisierung","tag-it","tag-wirtschaftspolitik"],"acf":[],"yoast_head":"<!-- This site is optimized with the Yoast SEO plugin v27.5 - https:\/\/yoast.com\/product\/yoast-seo-wordpress\/ -->\n<title>Fehlende IT-Bildung gef\u00e4hrdet Innovationsstandort Schweiz - Organisator<\/title>\n<meta name=\"description\" content=\"W\u00e4hrend die Digitalisierung die Arbeitswelt und Gesellschaft mehr und mehr ver\u00e4ndert, hinkt die IT-Bildung hinterher, stellt Ralf Peters (DSAG) fest.\" \/>\n<meta name=\"robots\" content=\"index, follow, max-snippet:-1, max-image-preview:large, max-video-preview:-1\" \/>\n<link rel=\"canonical\" href=\"https:\/\/www.organisator.ch\/de\/management\/it\/2018-12-20\/fehlende-it-bildung-gefaehrdet-innovationsstandort-schweiz\/\" \/>\n<meta property=\"og:locale\" content=\"de_DE\" \/>\n<meta property=\"og:type\" content=\"article\" \/>\n<meta property=\"og:title\" content=\"Fehlende IT-Bildung gef\u00e4hrdet Innovationsstandort Schweiz\" \/>\n<meta property=\"og:description\" content=\"W\u00e4hrend die Digitalisierung die Arbeitswelt und Gesellschaft mehr und mehr ver\u00e4ndert, hinkt die IT-Bildung hinterher, stellt Ralf Peters (DSAG) fest.\" \/>\n<meta property=\"og:url\" content=\"https:\/\/www.organisator.ch\/de\/management\/it\/2018-12-20\/fehlende-it-bildung-gefaehrdet-innovationsstandort-schweiz\/\" \/>\n<meta property=\"og:site_name\" content=\"Organisator\" \/>\n<meta property=\"article:publisher\" content=\"https:\/\/www.facebook.com\/OrganisatorFachmagazin\" \/>\n<meta property=\"article:published_time\" content=\"2018-12-20T07:00:17+00:00\" \/>\n<meta property=\"og:image\" content=\"https:\/\/www.organisator.ch\/wp-content\/uploads\/2018\/12\/Fehlende-IT-Bildung-gefaehrdet-Innovationsstandort-Schweiz_Organisator.jpg\" \/>\n\t<meta property=\"og:image:width\" content=\"680\" \/>\n\t<meta property=\"og:image:height\" content=\"521\" \/>\n\t<meta property=\"og:image:type\" content=\"image\/jpeg\" \/>\n<meta name=\"author\" content=\"thomas.berner\" \/>\n<meta name=\"twitter:card\" content=\"summary_large_image\" \/>\n<meta name=\"twitter:title\" content=\"Fehlende IT-Bildung gef\u00e4hrdet #Innovationsstandort Schweiz\" \/>\n<meta name=\"twitter:description\" content=\"W\u00e4hrend die Digitalisierung die Arbeitswelt und Gesellschaft mehr und mehr ver\u00e4ndert, hinkt die #IT-Bildung hinterher, stellt Ralf Peters (DSAG) fest.\" \/>\n<meta name=\"twitter:image\" content=\"https:\/\/www.organisator.ch\/wp-content\/uploads\/2018\/12\/Fehlende-IT-Bildung-gef\u00e4hrdet-Innovationsstandort-Schweiz_Organisator.jpg\" \/>\n<script type=\"application\/ld+json\" class=\"yoast-schema-graph\">{\"@context\":\"https:\\\/\\\/schema.org\",\"@graph\":[{\"@type\":\"Article\",\"@id\":\"https:\\\/\\\/www.organisator.ch\\\/management\\\/it\\\/2018-12-20\\\/fehlende-it-bildung-gefaehrdet-innovationsstandort-schweiz\\\/#article\",\"isPartOf\":{\"@id\":\"https:\\\/\\\/www.organisator.ch\\\/management\\\/it\\\/2018-12-20\\\/fehlende-it-bildung-gefaehrdet-innovationsstandort-schweiz\\\/\"},\"author\":{\"name\":\"thomas.berner\",\"@id\":\"https:\\\/\\\/www.organisator.ch\\\/#\\\/schema\\\/person\\\/6f650f90b2842cd4c0cc334b4e36f67e\"},\"headline\":\"Fehlende IT-Bildung gef\u00e4hrdet Innovationsstandort Schweiz\",\"datePublished\":\"2018-12-20T07:00:17+00:00\",\"mainEntityOfPage\":{\"@id\":\"https:\\\/\\\/www.organisator.ch\\\/management\\\/it\\\/2018-12-20\\\/fehlende-it-bildung-gefaehrdet-innovationsstandort-schweiz\\\/\"},\"wordCount\":669,\"commentCount\":0,\"publisher\":{\"@id\":\"https:\\\/\\\/www.organisator.ch\\\/#organization\"},\"image\":{\"@id\":\"https:\\\/\\\/www.organisator.ch\\\/management\\\/it\\\/2018-12-20\\\/fehlende-it-bildung-gefaehrdet-innovationsstandort-schweiz\\\/#primaryimage\"},\"thumbnailUrl\":\"https:\\\/\\\/www.organisator.ch\\\/wp-content\\\/uploads\\\/2018\\\/12\\\/Fehlende-IT-Bildung-gefaehrdet-Innovationsstandort-Schweiz_Organisator.jpg\",\"keywords\":[\"Aus-\\\/Weiterbildung\",\"Digitalisierung\",\"IT\",\"Wirtschaftspolitik\"],\"articleSection\":[\"IT\"],\"inLanguage\":\"de\"},{\"@type\":\"WebPage\",\"@id\":\"https:\\\/\\\/www.organisator.ch\\\/management\\\/it\\\/2018-12-20\\\/fehlende-it-bildung-gefaehrdet-innovationsstandort-schweiz\\\/\",\"url\":\"https:\\\/\\\/www.organisator.ch\\\/management\\\/it\\\/2018-12-20\\\/fehlende-it-bildung-gefaehrdet-innovationsstandort-schweiz\\\/\",\"name\":\"Fehlende IT-Bildung gef\u00e4hrdet Innovationsstandort Schweiz - Organisator\",\"isPartOf\":{\"@id\":\"https:\\\/\\\/www.organisator.ch\\\/#website\"},\"primaryImageOfPage\":{\"@id\":\"https:\\\/\\\/www.organisator.ch\\\/management\\\/it\\\/2018-12-20\\\/fehlende-it-bildung-gefaehrdet-innovationsstandort-schweiz\\\/#primaryimage\"},\"image\":{\"@id\":\"https:\\\/\\\/www.organisator.ch\\\/management\\\/it\\\/2018-12-20\\\/fehlende-it-bildung-gefaehrdet-innovationsstandort-schweiz\\\/#primaryimage\"},\"thumbnailUrl\":\"https:\\\/\\\/www.organisator.ch\\\/wp-content\\\/uploads\\\/2018\\\/12\\\/Fehlende-IT-Bildung-gefaehrdet-Innovationsstandort-Schweiz_Organisator.jpg\",\"datePublished\":\"2018-12-20T07:00:17+00:00\",\"description\":\"W\u00e4hrend die Digitalisierung die Arbeitswelt und Gesellschaft mehr und mehr ver\u00e4ndert, hinkt die IT-Bildung hinterher, stellt Ralf Peters (DSAG) fest.\",\"breadcrumb\":{\"@id\":\"https:\\\/\\\/www.organisator.ch\\\/management\\\/it\\\/2018-12-20\\\/fehlende-it-bildung-gefaehrdet-innovationsstandort-schweiz\\\/#breadcrumb\"},\"inLanguage\":\"de\",\"potentialAction\":[{\"@type\":\"ReadAction\",\"target\":[\"https:\\\/\\\/www.organisator.ch\\\/management\\\/it\\\/2018-12-20\\\/fehlende-it-bildung-gefaehrdet-innovationsstandort-schweiz\\\/\"]}]},{\"@type\":\"ImageObject\",\"inLanguage\":\"de\",\"@id\":\"https:\\\/\\\/www.organisator.ch\\\/management\\\/it\\\/2018-12-20\\\/fehlende-it-bildung-gefaehrdet-innovationsstandort-schweiz\\\/#primaryimage\",\"url\":\"https:\\\/\\\/www.organisator.ch\\\/wp-content\\\/uploads\\\/2018\\\/12\\\/Fehlende-IT-Bildung-gefaehrdet-Innovationsstandort-Schweiz_Organisator.jpg\",\"contentUrl\":\"https:\\\/\\\/www.organisator.ch\\\/wp-content\\\/uploads\\\/2018\\\/12\\\/Fehlende-IT-Bildung-gefaehrdet-Innovationsstandort-Schweiz_Organisator.jpg\",\"width\":680,\"height\":521,\"caption\":\"Ralf Peters fordert mehr IT-Bildung, um den Innovationsstandort Schweiz nicht zu gef\u00e4hrden. (Bild: DSAG \\\/ zVg)\"},{\"@type\":\"BreadcrumbList\",\"@id\":\"https:\\\/\\\/www.organisator.ch\\\/management\\\/it\\\/2018-12-20\\\/fehlende-it-bildung-gefaehrdet-innovationsstandort-schweiz\\\/#breadcrumb\",\"itemListElement\":[{\"@type\":\"ListItem\",\"position\":1,\"name\":\"Home\",\"item\":\"https:\\\/\\\/www.organisator.ch\\\/\"},{\"@type\":\"ListItem\",\"position\":2,\"name\":\"Fehlende IT-Bildung gef\u00e4hrdet Innovationsstandort Schweiz\"}]},{\"@type\":\"WebSite\",\"@id\":\"https:\\\/\\\/www.organisator.ch\\\/#website\",\"url\":\"https:\\\/\\\/www.organisator.ch\\\/\",\"name\":\"Organisator\",\"description\":\"Kompetent. Praxisnah. Der ORGANISATOR bereitet in 10 Ausgaben pro Jahr die wesentlichen Themen f\u00fcr F\u00fchrungskr\u00e4fte von KMU auf.\",\"publisher\":{\"@id\":\"https:\\\/\\\/www.organisator.ch\\\/#organization\"},\"potentialAction\":[{\"@type\":\"SearchAction\",\"target\":{\"@type\":\"EntryPoint\",\"urlTemplate\":\"https:\\\/\\\/www.organisator.ch\\\/?s={search_term_string}\"},\"query-input\":{\"@type\":\"PropertyValueSpecification\",\"valueRequired\":true,\"valueName\":\"search_term_string\"}}],\"inLanguage\":\"de\"},{\"@type\":\"Organization\",\"@id\":\"https:\\\/\\\/www.organisator.ch\\\/#organization\",\"name\":\"Organisator\",\"url\":\"https:\\\/\\\/www.organisator.ch\\\/\",\"logo\":{\"@type\":\"ImageObject\",\"inLanguage\":\"de\",\"@id\":\"https:\\\/\\\/www.organisator.ch\\\/#\\\/schema\\\/logo\\\/image\\\/\",\"url\":\"https:\\\/\\\/www.organisator.ch\\\/wp-content\\\/uploads\\\/2022\\\/01\\\/Logo_Organisator_Website.png\",\"contentUrl\":\"https:\\\/\\\/www.organisator.ch\\\/wp-content\\\/uploads\\\/2022\\\/01\\\/Logo_Organisator_Website.png\",\"width\":800,\"height\":77,\"caption\":\"Organisator\"},\"image\":{\"@id\":\"https:\\\/\\\/www.organisator.ch\\\/#\\\/schema\\\/logo\\\/image\\\/\"},\"sameAs\":[\"https:\\\/\\\/www.facebook.com\\\/OrganisatorFachmagazin\",\"https:\\\/\\\/www.linkedin.com\\\/showcase\\\/organisator-das-magazin-fr-kmu\",\"https:\\\/\\\/www.xing.com\\\/news\\\/pages\\\/organisator-ch-695\",\"https:\\\/\\\/www.youtube.com\\\/channel\\\/UCGP2Sq0iWaZwT3BdIAQFYpw\"]},{\"@type\":\"Person\",\"@id\":\"https:\\\/\\\/www.organisator.ch\\\/#\\\/schema\\\/person\\\/6f650f90b2842cd4c0cc334b4e36f67e\",\"name\":\"thomas.berner\",\"image\":{\"@type\":\"ImageObject\",\"inLanguage\":\"de\",\"@id\":\"https:\\\/\\\/secure.gravatar.com\\\/avatar\\\/ac5001d2a36cb6c6cd3e50789007ffca834b477b74a2144564522e944eabff61?s=96&d=mm&r=g\",\"url\":\"https:\\\/\\\/secure.gravatar.com\\\/avatar\\\/ac5001d2a36cb6c6cd3e50789007ffca834b477b74a2144564522e944eabff61?s=96&d=mm&r=g\",\"contentUrl\":\"https:\\\/\\\/secure.gravatar.com\\\/avatar\\\/ac5001d2a36cb6c6cd3e50789007ffca834b477b74a2144564522e944eabff61?s=96&d=mm&r=g\",\"caption\":\"thomas.berner\"},\"url\":\"https:\\\/\\\/www.organisator.ch\\\/de\\\/author\\\/thomas-berner\\\/\"}]}<\/script>\n<!-- \/ Yoast SEO plugin. -->","yoast_head_json":{"title":"Fehlende IT-Bildung gef\u00e4hrdet Innovationsstandort Schweiz - Organisator","description":"W\u00e4hrend die Digitalisierung die Arbeitswelt und Gesellschaft mehr und mehr ver\u00e4ndert, hinkt die IT-Bildung hinterher, stellt Ralf Peters (DSAG) fest.","robots":{"index":"index","follow":"follow","max-snippet":"max-snippet:-1","max-image-preview":"max-image-preview:large","max-video-preview":"max-video-preview:-1"},"canonical":"https:\/\/www.organisator.ch\/de\/management\/it\/2018-12-20\/fehlende-it-bildung-gefaehrdet-innovationsstandort-schweiz\/","og_locale":"de_DE","og_type":"article","og_title":"Fehlende IT-Bildung gef\u00e4hrdet Innovationsstandort Schweiz","og_description":"W\u00e4hrend die Digitalisierung die Arbeitswelt und Gesellschaft mehr und mehr ver\u00e4ndert, hinkt die IT-Bildung hinterher, stellt Ralf Peters (DSAG) fest.","og_url":"https:\/\/www.organisator.ch\/de\/management\/it\/2018-12-20\/fehlende-it-bildung-gefaehrdet-innovationsstandort-schweiz\/","og_site_name":"Organisator","article_publisher":"https:\/\/www.facebook.com\/OrganisatorFachmagazin","article_published_time":"2018-12-20T07:00:17+00:00","og_image":[{"width":680,"height":521,"url":"https:\/\/www.organisator.ch\/wp-content\/uploads\/2018\/12\/Fehlende-IT-Bildung-gefaehrdet-Innovationsstandort-Schweiz_Organisator.jpg","type":"image\/jpeg"}],"author":"thomas.berner","twitter_card":"summary_large_image","twitter_title":"Fehlende IT-Bildung gef\u00e4hrdet #Innovationsstandort Schweiz","twitter_description":"W\u00e4hrend die Digitalisierung die Arbeitswelt und Gesellschaft mehr und mehr ver\u00e4ndert, hinkt die #IT-Bildung hinterher, stellt Ralf Peters (DSAG) fest.","twitter_image":"https:\/\/www.organisator.ch\/wp-content\/uploads\/2018\/12\/Fehlende-IT-Bildung-gef\u00e4hrdet-Innovationsstandort-Schweiz_Organisator.jpg","schema":{"@context":"https:\/\/schema.org","@graph":[{"@type":"Article","@id":"https:\/\/www.organisator.ch\/management\/it\/2018-12-20\/fehlende-it-bildung-gefaehrdet-innovationsstandort-schweiz\/#article","isPartOf":{"@id":"https:\/\/www.organisator.ch\/management\/it\/2018-12-20\/fehlende-it-bildung-gefaehrdet-innovationsstandort-schweiz\/"},"author":{"name":"thomas.berner","@id":"https:\/\/www.organisator.ch\/#\/schema\/person\/6f650f90b2842cd4c0cc334b4e36f67e"},"headline":"Fehlende IT-Bildung gef\u00e4hrdet Innovationsstandort Schweiz","datePublished":"2018-12-20T07:00:17+00:00","mainEntityOfPage":{"@id":"https:\/\/www.organisator.ch\/management\/it\/2018-12-20\/fehlende-it-bildung-gefaehrdet-innovationsstandort-schweiz\/"},"wordCount":669,"commentCount":0,"publisher":{"@id":"https:\/\/www.organisator.ch\/#organization"},"image":{"@id":"https:\/\/www.organisator.ch\/management\/it\/2018-12-20\/fehlende-it-bildung-gefaehrdet-innovationsstandort-schweiz\/#primaryimage"},"thumbnailUrl":"https:\/\/www.organisator.ch\/wp-content\/uploads\/2018\/12\/Fehlende-IT-Bildung-gefaehrdet-Innovationsstandort-Schweiz_Organisator.jpg","keywords":["Aus-\/Weiterbildung","Digitalisierung","IT","Wirtschaftspolitik"],"articleSection":["IT"],"inLanguage":"de"},{"@type":"WebPage","@id":"https:\/\/www.organisator.ch\/management\/it\/2018-12-20\/fehlende-it-bildung-gefaehrdet-innovationsstandort-schweiz\/","url":"https:\/\/www.organisator.ch\/management\/it\/2018-12-20\/fehlende-it-bildung-gefaehrdet-innovationsstandort-schweiz\/","name":"Fehlende IT-Bildung gef\u00e4hrdet Innovationsstandort Schweiz - Organisator","isPartOf":{"@id":"https:\/\/www.organisator.ch\/#website"},"primaryImageOfPage":{"@id":"https:\/\/www.organisator.ch\/management\/it\/2018-12-20\/fehlende-it-bildung-gefaehrdet-innovationsstandort-schweiz\/#primaryimage"},"image":{"@id":"https:\/\/www.organisator.ch\/management\/it\/2018-12-20\/fehlende-it-bildung-gefaehrdet-innovationsstandort-schweiz\/#primaryimage"},"thumbnailUrl":"https:\/\/www.organisator.ch\/wp-content\/uploads\/2018\/12\/Fehlende-IT-Bildung-gefaehrdet-Innovationsstandort-Schweiz_Organisator.jpg","datePublished":"2018-12-20T07:00:17+00:00","description":"W\u00e4hrend die Digitalisierung die Arbeitswelt und Gesellschaft mehr und mehr ver\u00e4ndert, hinkt die IT-Bildung hinterher, stellt Ralf Peters (DSAG) fest.","breadcrumb":{"@id":"https:\/\/www.organisator.ch\/management\/it\/2018-12-20\/fehlende-it-bildung-gefaehrdet-innovationsstandort-schweiz\/#breadcrumb"},"inLanguage":"de","potentialAction":[{"@type":"ReadAction","target":["https:\/\/www.organisator.ch\/management\/it\/2018-12-20\/fehlende-it-bildung-gefaehrdet-innovationsstandort-schweiz\/"]}]},{"@type":"ImageObject","inLanguage":"de","@id":"https:\/\/www.organisator.ch\/management\/it\/2018-12-20\/fehlende-it-bildung-gefaehrdet-innovationsstandort-schweiz\/#primaryimage","url":"https:\/\/www.organisator.ch\/wp-content\/uploads\/2018\/12\/Fehlende-IT-Bildung-gefaehrdet-Innovationsstandort-Schweiz_Organisator.jpg","contentUrl":"https:\/\/www.organisator.ch\/wp-content\/uploads\/2018\/12\/Fehlende-IT-Bildung-gefaehrdet-Innovationsstandort-Schweiz_Organisator.jpg","width":680,"height":521,"caption":"Ralf Peters fordert mehr IT-Bildung, um den Innovationsstandort Schweiz nicht zu gef\u00e4hrden. (Bild: DSAG \/ zVg)"},{"@type":"BreadcrumbList","@id":"https:\/\/www.organisator.ch\/management\/it\/2018-12-20\/fehlende-it-bildung-gefaehrdet-innovationsstandort-schweiz\/#breadcrumb","itemListElement":[{"@type":"ListItem","position":1,"name":"Home","item":"https:\/\/www.organisator.ch\/"},{"@type":"ListItem","position":2,"name":"Fehlende IT-Bildung gef\u00e4hrdet Innovationsstandort Schweiz"}]},{"@type":"WebSite","@id":"https:\/\/www.organisator.ch\/#website","url":"https:\/\/www.organisator.ch\/","name":"Organisator","description":"Kompetent. Praxisnah. Der ORGANISATOR bereitet in 10 Ausgaben pro Jahr die wesentlichen Themen f\u00fcr F\u00fchrungskr\u00e4fte von KMU auf.","publisher":{"@id":"https:\/\/www.organisator.ch\/#organization"},"potentialAction":[{"@type":"SearchAction","target":{"@type":"EntryPoint","urlTemplate":"https:\/\/www.organisator.ch\/?s={search_term_string}"},"query-input":{"@type":"PropertyValueSpecification","valueRequired":true,"valueName":"search_term_string"}}],"inLanguage":"de"},{"@type":"Organization","@id":"https:\/\/www.organisator.ch\/#organization","name":"Organisator","url":"https:\/\/www.organisator.ch\/","logo":{"@type":"ImageObject","inLanguage":"de","@id":"https:\/\/www.organisator.ch\/#\/schema\/logo\/image\/","url":"https:\/\/www.organisator.ch\/wp-content\/uploads\/2022\/01\/Logo_Organisator_Website.png","contentUrl":"https:\/\/www.organisator.ch\/wp-content\/uploads\/2022\/01\/Logo_Organisator_Website.png","width":800,"height":77,"caption":"Organisator"},"image":{"@id":"https:\/\/www.organisator.ch\/#\/schema\/logo\/image\/"},"sameAs":["https:\/\/www.facebook.com\/OrganisatorFachmagazin","https:\/\/www.linkedin.com\/showcase\/organisator-das-magazin-fr-kmu","https:\/\/www.xing.com\/news\/pages\/organisator-ch-695","https:\/\/www.youtube.com\/channel\/UCGP2Sq0iWaZwT3BdIAQFYpw"]},{"@type":"Person","@id":"https:\/\/www.organisator.ch\/#\/schema\/person\/6f650f90b2842cd4c0cc334b4e36f67e","name":"thomas.berner","image":{"@type":"ImageObject","inLanguage":"de","@id":"https:\/\/secure.gravatar.com\/avatar\/ac5001d2a36cb6c6cd3e50789007ffca834b477b74a2144564522e944eabff61?s=96&d=mm&r=g","url":"https:\/\/secure.gravatar.com\/avatar\/ac5001d2a36cb6c6cd3e50789007ffca834b477b74a2144564522e944eabff61?s=96&d=mm&r=g","contentUrl":"https:\/\/secure.gravatar.com\/avatar\/ac5001d2a36cb6c6cd3e50789007ffca834b477b74a2144564522e944eabff61?s=96&d=mm&r=g","caption":"thomas.berner"},"url":"https:\/\/www.organisator.ch\/de\/author\/thomas-berner\/"}]}},"_links":{"self":[{"href":"https:\/\/www.organisator.ch\/de\/wp-json\/wp\/v2\/posts\/4689","targetHints":{"allow":["GET"]}}],"collection":[{"href":"https:\/\/www.organisator.ch\/de\/wp-json\/wp\/v2\/posts"}],"about":[{"href":"https:\/\/www.organisator.ch\/de\/wp-json\/wp\/v2\/types\/post"}],"author":[{"embeddable":true,"href":"https:\/\/www.organisator.ch\/de\/wp-json\/wp\/v2\/users\/4"}],"replies":[{"embeddable":true,"href":"https:\/\/www.organisator.ch\/de\/wp-json\/wp\/v2\/comments?post=4689"}],"version-history":[{"count":0,"href":"https:\/\/www.organisator.ch\/de\/wp-json\/wp\/v2\/posts\/4689\/revisions"}],"wp:featuredmedia":[{"embeddable":true,"href":"https:\/\/www.organisator.ch\/de\/wp-json\/wp\/v2\/media\/4690"}],"wp:attachment":[{"href":"https:\/\/www.organisator.ch\/de\/wp-json\/wp\/v2\/media?parent=4689"}],"wp:term":[{"taxonomy":"category","embeddable":true,"href":"https:\/\/www.organisator.ch\/de\/wp-json\/wp\/v2\/categories?post=4689"},{"taxonomy":"post_tag","embeddable":true,"href":"https:\/\/www.organisator.ch\/de\/wp-json\/wp\/v2\/tags?post=4689"}],"curies":[{"name":"wp","href":"https:\/\/api.w.org\/{rel}","templated":true}]}}