{"id":46963,"date":"2026-04-02T10:57:20","date_gmt":"2026-04-02T08:57:20","guid":{"rendered":"https:\/\/www.markt-kom.com\/?p=253485"},"modified":"2026-04-02T13:48:53","modified_gmt":"2026-04-02T11:48:53","slug":"vier-buecher-die-sie-interessieren-koennten-36","status":"publish","type":"post","link":"https:\/\/www.organisator.ch\/de\/weiterbildung\/2026-04-02\/vier-buecher-die-sie-interessieren-koennten-36\/","title":{"rendered":"Vier B\u00fccher, die Sie interessieren k\u00f6nnten"},"content":{"rendered":"<p><img class=\"alignnone size-full wp-image-253486\" src=\"https:\/\/www.markt-kom.com\/wp-content\/uploads\/2026\/04\/Design-ohne-Titel.jpg\" sizes=\"(max-width: 1024px) 100vw, 1024px\" srcset=\"https:\/\/www.markt-kom.com\/wp-content\/uploads\/2026\/04\/Design-ohne-Titel.jpg 1024w, https:\/\/www.markt-kom.com\/wp-content\/uploads\/2026\/04\/Design-ohne-Titel-600x450.jpg 600w, https:\/\/www.markt-kom.com\/wp-content\/uploads\/2026\/04\/Design-ohne-Titel-768x576.jpg 768w, https:\/\/www.markt-kom.com\/wp-content\/uploads\/2026\/04\/Design-ohne-Titel-16x12.jpg 16w, https:\/\/www.markt-kom.com\/wp-content\/uploads\/2026\/04\/Design-ohne-Titel-233x175.jpg 233w, https:\/\/www.markt-kom.com\/wp-content\/uploads\/2026\/04\/Design-ohne-Titel-467x350.jpg 467w, https:\/\/www.markt-kom.com\/wp-content\/uploads\/2026\/04\/Design-ohne-Titel-1000x750.jpg 1000w\" alt=\"\" width=\"1024\" height=\"768\" \/>In Zusammenarbeit mit GetAbstract stellen wir Ihnen vier B\u00fccher aus dem Marketing- und Kommunikationsbereich vor. Diesmal: \u00abDie Exponentialgesellschaft\u00bb, \u00abDigitaler Kolonialismus\u00bb, \u00abWerde ein Wachstumsarchitekt\u00bb, \u00abDie Transformationsformel\u00bb.<\/p>\r\n<p><strong>Die Exponentialgesellschaft<\/strong><\/p>\r\n<p><img class=\"alignnone size-full wp-image-253487\" src=\"https:\/\/www.markt-kom.com\/wp-content\/uploads\/2026\/04\/Die-Exponentialgesellschaft.jpeg\" sizes=\"(max-width: 314px) 100vw, 314px\" srcset=\"https:\/\/www.markt-kom.com\/wp-content\/uploads\/2026\/04\/Die-Exponentialgesellschaft.jpeg 314w, https:\/\/www.markt-kom.com\/wp-content\/uploads\/2026\/04\/Die-Exponentialgesellschaft-8x12.jpeg 8w, https:\/\/www.markt-kom.com\/wp-content\/uploads\/2026\/04\/Die-Exponentialgesellschaft-110x175.jpeg 110w, https:\/\/www.markt-kom.com\/wp-content\/uploads\/2026\/04\/Die-Exponentialgesellschaft-220x350.jpeg 220w\" alt=\"\" width=\"314\" height=\"500\" \/><\/p>\r\n<p>Vom Ende des Wachstums zur Stabilisierung der Welt.<\/p>\r\n<p>Emanuel Deutschmann<\/p>\r\n<p>Verlag: Suhrkamp<\/p>\r\n<p>Publikationsjahr: 2025<\/p>\r\n<p>Seiten: 442<\/p>\r\n<p>ISBN: 9783518432235<\/p>\r\n<p>H\u00f6her, schneller, weiter: Dass das auf einem Planeten mit endlichen Ressourcen nicht ewig funktioniert, versteht sich von selbst. Dennoch hat die Menschheit viel zu lange die Augen verschlossen und scheint nun nahezu ungebremst in die Katastrophe zu steuern. Noch ist aber nicht alles verloren. Emanuel Deutschmann ist zuversichtlich, dass es einen Ausweg gibt. Er analysiert nicht nur hellsichtig die aktuellen exponentiellen Entwicklungen, sondern zeigt auch Wege auf, sie zu brechen und zu neuer Stabilit\u00e4t zu finden. Die meisten davon sind wohlbekannt \u2013 nur an der Umsetzung mangelt es. Deutschmanns Buch ist also weniger eine konkrete Anleitung, sondern eher ein dringend notwendiger Aufruf.<\/p>\r\n<p>getAbstract-Bewertung: 9<\/p>\r\n<p>Qualit\u00e4ten:<\/p>\r\n<ul>\r\n\t<li>Analytisch<\/li>\r\n\t<li>Augen\u00f6ffner<\/li>\r\n\t<li>Inspirierend<\/li>\r\n<\/ul>\r\n<p>&nbsp;<\/p>\r\n<p><strong>Digitaler Kolonialismus<\/strong><\/p>\r\n<p><img class=\"alignnone size-full wp-image-253489\" src=\"https:\/\/www.markt-kom.com\/wp-content\/uploads\/2026\/04\/Digitaler-Kolonialismus.jpeg\" sizes=\"(max-width: 321px) 100vw, 321px\" srcset=\"https:\/\/www.markt-kom.com\/wp-content\/uploads\/2026\/04\/Digitaler-Kolonialismus.jpeg 321w, https:\/\/www.markt-kom.com\/wp-content\/uploads\/2026\/04\/Digitaler-Kolonialismus-8x12.jpeg 8w, https:\/\/www.markt-kom.com\/wp-content\/uploads\/2026\/04\/Digitaler-Kolonialismus-112x175.jpeg 112w, https:\/\/www.markt-kom.com\/wp-content\/uploads\/2026\/04\/Digitaler-Kolonialismus-225x350.jpeg 225w\" alt=\"\" width=\"321\" height=\"500\" \/><\/p>\r\n<p>Wie Tech-Konzerne und Gro\u00dfm\u00e4chte die Welt unter sich aufteilen.<\/p>\r\n<p>Sven Hilbig und Ingo Dachwitz<\/p>\r\n<p>Verlag: C. H. Beck<\/p>\r\n<p>Publikationsjahr: 2025<\/p>\r\n<p>Seiten: 351<\/p>\r\n<p>ISBN: 9783406823022<\/p>\r\n<p>Seit Jahrzehnten wird uns die Digitalisierung als reine Fortschrittsgeschichte erz\u00e4hlt \u2013 als Abfolge genialer Erfindungen, sauberer Technologien und stetiger Erleichterungen. Das ist jedoch nur die eine Seite der Medaille. Ausgeblendet wird, wer diesen Fortschritt erm\u00f6glicht und welche Kosten er anderswo verursacht. Die Autoren beschreiben eine Welt, in der Kaufkraft, private Vorsorge und bequeme Lebensumst\u00e4nde im globalen Norden auf der Ausbeutung von Mensch und Natur im globalen S\u00fcden beruhen. Wer davor nicht l\u00e4nger die Augen verschlie\u00dfen will, findet hier eine notwendige, ern\u00fcchternde Lekt\u00fcre.<\/p>\r\n<p>getAbstract-Bewertung: 9<\/p>\r\n<p>Qualit\u00e4ten:<\/p>\r\n<ul>\r\n\t<li>Augen\u00f6ffner<\/li>\r\n\t<li>Meinungsstark<\/li>\r\n\t<li>Brisant<\/li>\r\n<\/ul>\r\n<p>&nbsp;<\/p>\r\n<p><strong>Werde ein Wachstumsarchitekt<\/strong><\/p>\r\n<p><img class=\"alignnone size-full wp-image-253490\" src=\"https:\/\/www.markt-kom.com\/wp-content\/uploads\/2026\/04\/Werde-ein-Wachstumsarchitekt-scaled.jpeg\" sizes=\"(max-width: 713px) 100vw, 713px\" srcset=\"https:\/\/www.markt-kom.com\/wp-content\/uploads\/2026\/04\/Werde-ein-Wachstumsarchitekt-scaled.jpeg 713w, https:\/\/www.markt-kom.com\/wp-content\/uploads\/2026\/04\/Werde-ein-Wachstumsarchitekt-428x600.jpeg 428w, https:\/\/www.markt-kom.com\/wp-content\/uploads\/2026\/04\/Werde-ein-Wachstumsarchitekt-768x1078.jpeg 712w, https:\/\/www.markt-kom.com\/wp-content\/uploads\/2026\/04\/Werde-ein-Wachstumsarchitekt-1094x1536.jpeg 1094w, https:\/\/www.markt-kom.com\/wp-content\/uploads\/2026\/04\/Werde-ein-Wachstumsarchitekt-1459x2048.jpeg 1459w, https:\/\/www.markt-kom.com\/wp-content\/uploads\/2026\/04\/Werde-ein-Wachstumsarchitekt-9x12.jpeg 9w, https:\/\/www.markt-kom.com\/wp-content\/uploads\/2026\/04\/Werde-ein-Wachstumsarchitekt-125x175.jpeg 125w, https:\/\/www.markt-kom.com\/wp-content\/uploads\/2026\/04\/Werde-ein-Wachstumsarchitekt-249x350.jpeg 249w, https:\/\/www.markt-kom.com\/wp-content\/uploads\/2026\/04\/Werde-ein-Wachstumsarchitekt-570x800.jpeg 570w\" alt=\"\" width=\"713\" height=\"1000\" \/><\/p>\r\n<p>Kundenbed\u00fcrfnisse messen, Wachstum generieren.<\/p>\r\n<p>Yann Wermuth und Beat Walther<\/p>\r\n<p>Verlag: Versus<\/p>\r\n<p>Publikationsjahr: 2026<\/p>\r\n<p>Seiten: 159<\/p>\r\n<p>ISBN: 9783039093649<\/p>\r\n<p>Dieses Buch ist eine scharfe Abrechnung mit dem technologischen Gr\u00f6\u00dfenwahn in vielen Unternehmen, der Kunden und Kundinnen nervt und Budgets verbrennt. Nach der Devise \u201eH\u00f6ren Sie auf, Produkte zu verkaufen \u2013 fangen Sie an, Jobs zu erledigen!\u201c liefern Yann Wermuth und Beat Walther einen Gegenentwurf zu den verbreiteten Innovationsprozessen in Unternehmen: n\u00e4mlich ein System, das Bauchgef\u00fchl und Technikorientierung durch die datengest\u00fctzte Ermittlung der Kundenbed\u00fcrfnisse ersetzt. Zuweilen redundant, ist das Buch ein Pl\u00e4doyer f\u00fcr radikale Relevanz beim Kunden \u2013 und damit f\u00fcr erfolgreiches Wachstum.<\/p>\r\n<p>&nbsp;<\/p>\r\n<p>getAbstract-Bewertung: 8<\/p>\r\n<p>Qualit\u00e4ten:<\/p>\r\n<ul>\r\n\t<li>Umsetzbar<\/li>\r\n\t<li>Praktische Beispiele<\/li>\r\n\t<li>F\u00fcr Experten<\/li>\r\n\t<li>\u00a0<\/li>\r\n<\/ul>\r\n<p><strong>Die Transformationsformel<\/strong><\/p>\r\n<p><img class=\"alignnone size-full wp-image-253488\" src=\"https:\/\/www.markt-kom.com\/wp-content\/uploads\/2026\/04\/Die-Transformationsformel-scaled.jpeg\" sizes=\"(max-width: 643px) 100vw, 643px\" srcset=\"https:\/\/www.markt-kom.com\/wp-content\/uploads\/2026\/04\/Die-Transformationsformel-scaled.jpeg 643w, https:\/\/www.markt-kom.com\/wp-content\/uploads\/2026\/04\/Die-Transformationsformel-386x600.jpeg 386w, https:\/\/www.markt-kom.com\/wp-content\/uploads\/2026\/04\/Die-Transformationsformel-658x1024.jpeg 658w, https:\/\/www.markt-kom.com\/wp-content\/uploads\/2026\/04\/Die-Transformationsformel-8x12.jpeg 8w, https:\/\/www.markt-kom.com\/wp-content\/uploads\/2026\/04\/Die-Transformationsformel-112x175.jpeg 112w, https:\/\/www.markt-kom.com\/wp-content\/uploads\/2026\/04\/Die-Transformationsformel-225x350.jpeg 225w, https:\/\/www.markt-kom.com\/wp-content\/uploads\/2026\/04\/Die-Transformationsformel-514x800.jpeg 514w\" alt=\"\" width=\"643\" height=\"1000\" \/><\/p>\r\n<p>Wie Menschen und Organisationen erfolgreich wachsen.<\/p>\r\n<p>Tim Komkowski, Benedikt Viedenz, Nicole Davila, Thomas Niggemeier und Jiju Antony<\/p>\r\n<p>Verlag: Wiley-VCH<\/p>\r\n<p>Publikationsjahr: 2026<\/p>\r\n<p>Seiten: 240<\/p>\r\n<p>ISBN: 9783527512478<\/p>\r\n<p>Transformation ist f\u00fcr Unternehmen heute kein Projekt mit Enddatum mehr, sondern eine strategische Daueranforderung, so die Autoren dieses Buches. Von dieser Einsicht ausgehend und auf Basis einer Studie mit \u00fcber 500 Fachleuten haben sie ein Modell entwickelt, das Transformation als organisationale F\u00e4higkeit mit sieben Komponenten begreift. Auch wenn sich die Argumente in den einzelnen Kapiteln \u00e4hneln und der Text straffer sein k\u00f6nnte, entsteht ein stimmiges Gesamtbild, das Themen wie Agilit\u00e4t, Governance und Kultur zusammenbringt.<\/p>\r\n<p>getAbstract-Bewertung: 7<\/p>\r\n<p>Qualit\u00e4ten:<\/p>\r\n<ul>\r\n\t<li>Analytisch<\/li>\r\n\t<li>Systematisch<\/li>\r\n<\/ul>\r\n<p>&nbsp;<\/p>","protected":false},"excerpt":{"rendered":"<p>Technologische Umbr\u00fcche, globale Machtverschiebungen und die Grenzen des Wachstums stellen Wirtschaft und Gesellschaft vor neue, komplexe Herausforderungen. Gefragt sind fundierte Analysen, kritische Perspektiven und zugleich konkrete Ans\u00e4tze f\u00fcr zukunftsf\u00e4higes Handeln. Wir stellen vier aktuelle B\u00fccher vor, die zentrale Entwicklungen unserer Zeit beleuchten \u2013 von exponentiellem Wachstum \u00fcber digitale Machtstrukturen bis hin zu kundenzentriertem Denken und nachhaltiger Transformation. Sie bieten Orientierung f\u00fcr alle, die Wandel nicht nur verstehen, sondern aktiv gestalten wollen.<\/p>\n","protected":false},"author":8,"featured_media":0,"comment_status":"closed","ping_status":"closed","sticky":false,"template":"","format":"standard","meta":{"_acf_changed":false,"_yoast_wpseo_focuskw":"Vier B\u00fccher","_yoast_wpseo_metadesc":"Vier B\u00fccher, die zentrale Entwicklungen unserer Zeit beleuchten \u2013 von exponentiellem Wachstum bis hin zu nachhaltiger Transformation.","articlekey":"","footnotes":""},"categories":[30],"tags":[95,335,4343],"class_list":["post-46963","post","type-post","status-publish","format-standard","hentry","category-weiterbildung","tag-buchtipps","tag-management-und-unternehmensfuehrung","tag-markom"],"acf":[],"yoast_head":"<!-- This site is optimized with the Yoast SEO plugin v27.4 - https:\/\/yoast.com\/product\/yoast-seo-wordpress\/ -->\n<title>Vier B\u00fccher, die Sie interessieren k\u00f6nnten - Organisator<\/title>\n<meta name=\"description\" content=\"Vier B\u00fccher, die zentrale Entwicklungen unserer Zeit beleuchten \u2013 von exponentiellem Wachstum bis hin zu nachhaltiger Transformation.\" \/>\n<meta name=\"robots\" content=\"index, follow, max-snippet:-1, max-image-preview:large, max-video-preview:-1\" \/>\n<link rel=\"canonical\" href=\"https:\/\/www.organisator.ch\/de\/weiterbildung\/2026-04-02\/vier-buecher-die-sie-interessieren-koennten-36\/\" \/>\n<meta property=\"og:locale\" content=\"de_DE\" \/>\n<meta property=\"og:type\" content=\"article\" \/>\n<meta property=\"og:title\" content=\"Vier B\u00fccher, die Sie interessieren k\u00f6nnten - Organisator\" \/>\n<meta property=\"og:description\" content=\"Vier B\u00fccher, die zentrale Entwicklungen unserer Zeit beleuchten \u2013 von exponentiellem Wachstum bis hin zu nachhaltiger Transformation.\" \/>\n<meta property=\"og:url\" content=\"https:\/\/www.organisator.ch\/de\/weiterbildung\/2026-04-02\/vier-buecher-die-sie-interessieren-koennten-36\/\" \/>\n<meta property=\"og:site_name\" content=\"Organisator\" \/>\n<meta property=\"article:publisher\" content=\"https:\/\/www.facebook.com\/OrganisatorFachmagazin\" \/>\n<meta property=\"article:published_time\" content=\"2026-04-02T08:57:20+00:00\" \/>\n<meta property=\"article:modified_time\" content=\"2026-04-02T11:48:53+00:00\" \/>\n<meta name=\"author\" content=\"galledia\" \/>\n<meta name=\"twitter:card\" content=\"summary_large_image\" \/>\n<meta name=\"twitter:creator\" content=\"@admin\" \/>\n<script type=\"application\/ld+json\" class=\"yoast-schema-graph\">{\"@context\":\"https:\\\/\\\/schema.org\",\"@graph\":[{\"@type\":\"Article\",\"@id\":\"https:\\\/\\\/www.organisator.ch\\\/weiterbildung\\\/2026-04-02\\\/vier-buecher-die-sie-interessieren-koennten-36\\\/#article\",\"isPartOf\":{\"@id\":\"https:\\\/\\\/www.organisator.ch\\\/weiterbildung\\\/2026-04-02\\\/vier-buecher-die-sie-interessieren-koennten-36\\\/\"},\"author\":{\"name\":\"galledia\",\"@id\":\"https:\\\/\\\/www.organisator.ch\\\/#\\\/schema\\\/person\\\/4e51799071cd2dd1232ac003643ef5f0\"},\"headline\":\"Vier B\u00fccher, die Sie interessieren k\u00f6nnten\",\"datePublished\":\"2026-04-02T08:57:20+00:00\",\"dateModified\":\"2026-04-02T11:48:53+00:00\",\"mainEntityOfPage\":{\"@id\":\"https:\\\/\\\/www.organisator.ch\\\/weiterbildung\\\/2026-04-02\\\/vier-buecher-die-sie-interessieren-koennten-36\\\/\"},\"wordCount\":509,\"publisher\":{\"@id\":\"https:\\\/\\\/www.organisator.ch\\\/#organization\"},\"image\":{\"@id\":\"https:\\\/\\\/www.organisator.ch\\\/weiterbildung\\\/2026-04-02\\\/vier-buecher-die-sie-interessieren-koennten-36\\\/#primaryimage\"},\"thumbnailUrl\":\"https:\\\/\\\/www.markt-kom.com\\\/wp-content\\\/uploads\\\/2026\\\/04\\\/Design-ohne-Titel.jpg\",\"keywords\":[\"Buchtipps\",\"Management und Unternehmensf\u00fchrung\",\"MarKom\"],\"articleSection\":[\"WEITERBILDUNG\"],\"inLanguage\":\"de\"},{\"@type\":\"WebPage\",\"@id\":\"https:\\\/\\\/www.organisator.ch\\\/weiterbildung\\\/2026-04-02\\\/vier-buecher-die-sie-interessieren-koennten-36\\\/\",\"url\":\"https:\\\/\\\/www.organisator.ch\\\/weiterbildung\\\/2026-04-02\\\/vier-buecher-die-sie-interessieren-koennten-36\\\/\",\"name\":\"Vier B\u00fccher, die Sie interessieren k\u00f6nnten - Organisator\",\"isPartOf\":{\"@id\":\"https:\\\/\\\/www.organisator.ch\\\/#website\"},\"primaryImageOfPage\":{\"@id\":\"https:\\\/\\\/www.organisator.ch\\\/weiterbildung\\\/2026-04-02\\\/vier-buecher-die-sie-interessieren-koennten-36\\\/#primaryimage\"},\"image\":{\"@id\":\"https:\\\/\\\/www.organisator.ch\\\/weiterbildung\\\/2026-04-02\\\/vier-buecher-die-sie-interessieren-koennten-36\\\/#primaryimage\"},\"thumbnailUrl\":\"https:\\\/\\\/www.markt-kom.com\\\/wp-content\\\/uploads\\\/2026\\\/04\\\/Design-ohne-Titel.jpg\",\"datePublished\":\"2026-04-02T08:57:20+00:00\",\"dateModified\":\"2026-04-02T11:48:53+00:00\",\"description\":\"Vier B\u00fccher, die zentrale Entwicklungen unserer Zeit beleuchten \u2013 von exponentiellem Wachstum bis hin zu nachhaltiger Transformation.\",\"breadcrumb\":{\"@id\":\"https:\\\/\\\/www.organisator.ch\\\/weiterbildung\\\/2026-04-02\\\/vier-buecher-die-sie-interessieren-koennten-36\\\/#breadcrumb\"},\"inLanguage\":\"de\",\"potentialAction\":[{\"@type\":\"ReadAction\",\"target\":[\"https:\\\/\\\/www.organisator.ch\\\/weiterbildung\\\/2026-04-02\\\/vier-buecher-die-sie-interessieren-koennten-36\\\/\"]}]},{\"@type\":\"ImageObject\",\"inLanguage\":\"de\",\"@id\":\"https:\\\/\\\/www.organisator.ch\\\/weiterbildung\\\/2026-04-02\\\/vier-buecher-die-sie-interessieren-koennten-36\\\/#primaryimage\",\"url\":\"https:\\\/\\\/www.markt-kom.com\\\/wp-content\\\/uploads\\\/2026\\\/04\\\/Design-ohne-Titel.jpg\",\"contentUrl\":\"https:\\\/\\\/www.markt-kom.com\\\/wp-content\\\/uploads\\\/2026\\\/04\\\/Design-ohne-Titel.jpg\"},{\"@type\":\"BreadcrumbList\",\"@id\":\"https:\\\/\\\/www.organisator.ch\\\/weiterbildung\\\/2026-04-02\\\/vier-buecher-die-sie-interessieren-koennten-36\\\/#breadcrumb\",\"itemListElement\":[{\"@type\":\"ListItem\",\"position\":1,\"name\":\"Home\",\"item\":\"https:\\\/\\\/www.organisator.ch\\\/\"},{\"@type\":\"ListItem\",\"position\":2,\"name\":\"Vier B\u00fccher, die Sie interessieren k\u00f6nnten\"}]},{\"@type\":\"WebSite\",\"@id\":\"https:\\\/\\\/www.organisator.ch\\\/#website\",\"url\":\"https:\\\/\\\/www.organisator.ch\\\/\",\"name\":\"Organisator\",\"description\":\"Kompetent. Praxisnah. Der ORGANISATOR bereitet in 10 Ausgaben pro Jahr die wesentlichen Themen f\u00fcr F\u00fchrungskr\u00e4fte von KMU auf.\",\"publisher\":{\"@id\":\"https:\\\/\\\/www.organisator.ch\\\/#organization\"},\"potentialAction\":[{\"@type\":\"SearchAction\",\"target\":{\"@type\":\"EntryPoint\",\"urlTemplate\":\"https:\\\/\\\/www.organisator.ch\\\/?s={search_term_string}\"},\"query-input\":{\"@type\":\"PropertyValueSpecification\",\"valueRequired\":true,\"valueName\":\"search_term_string\"}}],\"inLanguage\":\"de\"},{\"@type\":\"Organization\",\"@id\":\"https:\\\/\\\/www.organisator.ch\\\/#organization\",\"name\":\"Organisator\",\"url\":\"https:\\\/\\\/www.organisator.ch\\\/\",\"logo\":{\"@type\":\"ImageObject\",\"inLanguage\":\"de\",\"@id\":\"https:\\\/\\\/www.organisator.ch\\\/#\\\/schema\\\/logo\\\/image\\\/\",\"url\":\"https:\\\/\\\/www.organisator.ch\\\/wp-content\\\/uploads\\\/2022\\\/01\\\/Logo_Organisator_Website.png\",\"contentUrl\":\"https:\\\/\\\/www.organisator.ch\\\/wp-content\\\/uploads\\\/2022\\\/01\\\/Logo_Organisator_Website.png\",\"width\":800,\"height\":77,\"caption\":\"Organisator\"},\"image\":{\"@id\":\"https:\\\/\\\/www.organisator.ch\\\/#\\\/schema\\\/logo\\\/image\\\/\"},\"sameAs\":[\"https:\\\/\\\/www.facebook.com\\\/OrganisatorFachmagazin\",\"https:\\\/\\\/www.linkedin.com\\\/showcase\\\/organisator-das-magazin-fr-kmu\",\"https:\\\/\\\/www.xing.com\\\/news\\\/pages\\\/organisator-ch-695\",\"https:\\\/\\\/www.youtube.com\\\/channel\\\/UCGP2Sq0iWaZwT3BdIAQFYpw\"]},{\"@type\":\"Person\",\"@id\":\"https:\\\/\\\/www.organisator.ch\\\/#\\\/schema\\\/person\\\/4e51799071cd2dd1232ac003643ef5f0\",\"name\":\"galledia\",\"image\":{\"@type\":\"ImageObject\",\"inLanguage\":\"de\",\"@id\":\"https:\\\/\\\/secure.gravatar.com\\\/avatar\\\/78a7f90c01fc2bfc875782a0d4922b37cde2cf184ce347b91316d23cd7f69a36?s=96&d=mm&r=g\",\"url\":\"https:\\\/\\\/secure.gravatar.com\\\/avatar\\\/78a7f90c01fc2bfc875782a0d4922b37cde2cf184ce347b91316d23cd7f69a36?s=96&d=mm&r=g\",\"contentUrl\":\"https:\\\/\\\/secure.gravatar.com\\\/avatar\\\/78a7f90c01fc2bfc875782a0d4922b37cde2cf184ce347b91316d23cd7f69a36?s=96&d=mm&r=g\",\"caption\":\"galledia\"},\"sameAs\":[\"https:\\\/\\\/x.com\\\/admin\"],\"url\":\"https:\\\/\\\/www.organisator.ch\\\/de\\\/author\\\/galledia\\\/\"}]}<\/script>\n<!-- \/ Yoast SEO plugin. -->","yoast_head_json":{"title":"Vier B\u00fccher, die Sie interessieren k\u00f6nnten - Organisator","description":"Vier B\u00fccher, die zentrale Entwicklungen unserer Zeit beleuchten \u2013 von exponentiellem Wachstum bis hin zu nachhaltiger Transformation.","robots":{"index":"index","follow":"follow","max-snippet":"max-snippet:-1","max-image-preview":"max-image-preview:large","max-video-preview":"max-video-preview:-1"},"canonical":"https:\/\/www.organisator.ch\/de\/weiterbildung\/2026-04-02\/vier-buecher-die-sie-interessieren-koennten-36\/","og_locale":"de_DE","og_type":"article","og_title":"Vier B\u00fccher, die Sie interessieren k\u00f6nnten - Organisator","og_description":"Vier B\u00fccher, die zentrale Entwicklungen unserer Zeit beleuchten \u2013 von exponentiellem Wachstum bis hin zu nachhaltiger Transformation.","og_url":"https:\/\/www.organisator.ch\/de\/weiterbildung\/2026-04-02\/vier-buecher-die-sie-interessieren-koennten-36\/","og_site_name":"Organisator","article_publisher":"https:\/\/www.facebook.com\/OrganisatorFachmagazin","article_published_time":"2026-04-02T08:57:20+00:00","article_modified_time":"2026-04-02T11:48:53+00:00","author":"galledia","twitter_card":"summary_large_image","twitter_creator":"@admin","schema":{"@context":"https:\/\/schema.org","@graph":[{"@type":"Article","@id":"https:\/\/www.organisator.ch\/weiterbildung\/2026-04-02\/vier-buecher-die-sie-interessieren-koennten-36\/#article","isPartOf":{"@id":"https:\/\/www.organisator.ch\/weiterbildung\/2026-04-02\/vier-buecher-die-sie-interessieren-koennten-36\/"},"author":{"name":"galledia","@id":"https:\/\/www.organisator.ch\/#\/schema\/person\/4e51799071cd2dd1232ac003643ef5f0"},"headline":"Vier B\u00fccher, die Sie interessieren k\u00f6nnten","datePublished":"2026-04-02T08:57:20+00:00","dateModified":"2026-04-02T11:48:53+00:00","mainEntityOfPage":{"@id":"https:\/\/www.organisator.ch\/weiterbildung\/2026-04-02\/vier-buecher-die-sie-interessieren-koennten-36\/"},"wordCount":509,"publisher":{"@id":"https:\/\/www.organisator.ch\/#organization"},"image":{"@id":"https:\/\/www.organisator.ch\/weiterbildung\/2026-04-02\/vier-buecher-die-sie-interessieren-koennten-36\/#primaryimage"},"thumbnailUrl":"https:\/\/www.markt-kom.com\/wp-content\/uploads\/2026\/04\/Design-ohne-Titel.jpg","keywords":["Buchtipps","Management und Unternehmensf\u00fchrung","MarKom"],"articleSection":["WEITERBILDUNG"],"inLanguage":"de"},{"@type":"WebPage","@id":"https:\/\/www.organisator.ch\/weiterbildung\/2026-04-02\/vier-buecher-die-sie-interessieren-koennten-36\/","url":"https:\/\/www.organisator.ch\/weiterbildung\/2026-04-02\/vier-buecher-die-sie-interessieren-koennten-36\/","name":"Vier B\u00fccher, die Sie interessieren k\u00f6nnten - Organisator","isPartOf":{"@id":"https:\/\/www.organisator.ch\/#website"},"primaryImageOfPage":{"@id":"https:\/\/www.organisator.ch\/weiterbildung\/2026-04-02\/vier-buecher-die-sie-interessieren-koennten-36\/#primaryimage"},"image":{"@id":"https:\/\/www.organisator.ch\/weiterbildung\/2026-04-02\/vier-buecher-die-sie-interessieren-koennten-36\/#primaryimage"},"thumbnailUrl":"https:\/\/www.markt-kom.com\/wp-content\/uploads\/2026\/04\/Design-ohne-Titel.jpg","datePublished":"2026-04-02T08:57:20+00:00","dateModified":"2026-04-02T11:48:53+00:00","description":"Vier B\u00fccher, die zentrale Entwicklungen unserer Zeit beleuchten \u2013 von exponentiellem Wachstum bis hin zu nachhaltiger Transformation.","breadcrumb":{"@id":"https:\/\/www.organisator.ch\/weiterbildung\/2026-04-02\/vier-buecher-die-sie-interessieren-koennten-36\/#breadcrumb"},"inLanguage":"de","potentialAction":[{"@type":"ReadAction","target":["https:\/\/www.organisator.ch\/weiterbildung\/2026-04-02\/vier-buecher-die-sie-interessieren-koennten-36\/"]}]},{"@type":"ImageObject","inLanguage":"de","@id":"https:\/\/www.organisator.ch\/weiterbildung\/2026-04-02\/vier-buecher-die-sie-interessieren-koennten-36\/#primaryimage","url":"https:\/\/www.markt-kom.com\/wp-content\/uploads\/2026\/04\/Design-ohne-Titel.jpg","contentUrl":"https:\/\/www.markt-kom.com\/wp-content\/uploads\/2026\/04\/Design-ohne-Titel.jpg"},{"@type":"BreadcrumbList","@id":"https:\/\/www.organisator.ch\/weiterbildung\/2026-04-02\/vier-buecher-die-sie-interessieren-koennten-36\/#breadcrumb","itemListElement":[{"@type":"ListItem","position":1,"name":"Home","item":"https:\/\/www.organisator.ch\/"},{"@type":"ListItem","position":2,"name":"Vier B\u00fccher, die Sie interessieren k\u00f6nnten"}]},{"@type":"WebSite","@id":"https:\/\/www.organisator.ch\/#website","url":"https:\/\/www.organisator.ch\/","name":"Organisator","description":"Kompetent. Praxisnah. Der ORGANISATOR bereitet in 10 Ausgaben pro Jahr die wesentlichen Themen f\u00fcr F\u00fchrungskr\u00e4fte von KMU auf.","publisher":{"@id":"https:\/\/www.organisator.ch\/#organization"},"potentialAction":[{"@type":"SearchAction","target":{"@type":"EntryPoint","urlTemplate":"https:\/\/www.organisator.ch\/?s={search_term_string}"},"query-input":{"@type":"PropertyValueSpecification","valueRequired":true,"valueName":"search_term_string"}}],"inLanguage":"de"},{"@type":"Organization","@id":"https:\/\/www.organisator.ch\/#organization","name":"Organisator","url":"https:\/\/www.organisator.ch\/","logo":{"@type":"ImageObject","inLanguage":"de","@id":"https:\/\/www.organisator.ch\/#\/schema\/logo\/image\/","url":"https:\/\/www.organisator.ch\/wp-content\/uploads\/2022\/01\/Logo_Organisator_Website.png","contentUrl":"https:\/\/www.organisator.ch\/wp-content\/uploads\/2022\/01\/Logo_Organisator_Website.png","width":800,"height":77,"caption":"Organisator"},"image":{"@id":"https:\/\/www.organisator.ch\/#\/schema\/logo\/image\/"},"sameAs":["https:\/\/www.facebook.com\/OrganisatorFachmagazin","https:\/\/www.linkedin.com\/showcase\/organisator-das-magazin-fr-kmu","https:\/\/www.xing.com\/news\/pages\/organisator-ch-695","https:\/\/www.youtube.com\/channel\/UCGP2Sq0iWaZwT3BdIAQFYpw"]},{"@type":"Person","@id":"https:\/\/www.organisator.ch\/#\/schema\/person\/4e51799071cd2dd1232ac003643ef5f0","name":"galledia","image":{"@type":"ImageObject","inLanguage":"de","@id":"https:\/\/secure.gravatar.com\/avatar\/78a7f90c01fc2bfc875782a0d4922b37cde2cf184ce347b91316d23cd7f69a36?s=96&d=mm&r=g","url":"https:\/\/secure.gravatar.com\/avatar\/78a7f90c01fc2bfc875782a0d4922b37cde2cf184ce347b91316d23cd7f69a36?s=96&d=mm&r=g","contentUrl":"https:\/\/secure.gravatar.com\/avatar\/78a7f90c01fc2bfc875782a0d4922b37cde2cf184ce347b91316d23cd7f69a36?s=96&d=mm&r=g","caption":"galledia"},"sameAs":["https:\/\/x.com\/admin"],"url":"https:\/\/www.organisator.ch\/de\/author\/galledia\/"}]}},"_links":{"self":[{"href":"https:\/\/www.organisator.ch\/de\/wp-json\/wp\/v2\/posts\/46963","targetHints":{"allow":["GET"]}}],"collection":[{"href":"https:\/\/www.organisator.ch\/de\/wp-json\/wp\/v2\/posts"}],"about":[{"href":"https:\/\/www.organisator.ch\/de\/wp-json\/wp\/v2\/types\/post"}],"author":[{"embeddable":true,"href":"https:\/\/www.organisator.ch\/de\/wp-json\/wp\/v2\/users\/8"}],"replies":[{"embeddable":true,"href":"https:\/\/www.organisator.ch\/de\/wp-json\/wp\/v2\/comments?post=46963"}],"version-history":[{"count":5,"href":"https:\/\/www.organisator.ch\/de\/wp-json\/wp\/v2\/posts\/46963\/revisions"}],"predecessor-version":[{"id":46973,"href":"https:\/\/www.organisator.ch\/de\/wp-json\/wp\/v2\/posts\/46963\/revisions\/46973"}],"wp:attachment":[{"href":"https:\/\/www.organisator.ch\/de\/wp-json\/wp\/v2\/media?parent=46963"}],"wp:term":[{"taxonomy":"category","embeddable":true,"href":"https:\/\/www.organisator.ch\/de\/wp-json\/wp\/v2\/categories?post=46963"},{"taxonomy":"post_tag","embeddable":true,"href":"https:\/\/www.organisator.ch\/de\/wp-json\/wp\/v2\/tags?post=46963"}],"curies":[{"name":"wp","href":"https:\/\/api.w.org\/{rel}","templated":true}]}}