{"id":4706,"date":"2019-01-03T10:26:10","date_gmt":"2019-01-03T09:26:10","guid":{"rendered":"https:\/\/www.organisator.ch\/?p=4706"},"modified":"2019-01-03T10:26:10","modified_gmt":"2019-01-03T09:26:10","slug":"das-waren-die-trends-bei-cyberattacken-2018","status":"publish","type":"post","link":"https:\/\/www.organisator.ch\/de\/management\/it\/2019-01-03\/das-waren-die-trends-bei-cyberattacken-2018\/","title":{"rendered":"Das waren die Trends bei Cyberattacken 2018"},"content":{"rendered":"<figure id=\"attachment_4707\" aria-describedby=\"caption-attachment-4707\" style=\"width: 680px\" class=\"wp-caption alignnone\"><img loading=\"lazy\" decoding=\"async\" class=\"size-medium wp-image-4707\" src=\"https:\/\/www.organisator.ch\/wp-content\/uploads\/2019\/01\/Das-waren-die-Trends-bei-Cyberattacken-2018_Organisator.jpg\" alt=\"\" width=\"680\" height=\"480\" srcset=\"https:\/\/www.organisator.ch\/wp-content\/uploads\/2019\/01\/Das-waren-die-Trends-bei-Cyberattacken-2018_Organisator.jpg 680w, https:\/\/www.organisator.ch\/wp-content\/uploads\/2019\/01\/Das-waren-die-Trends-bei-Cyberattacken-2018_Organisator-16x12.jpg 16w, https:\/\/www.organisator.ch\/wp-content\/uploads\/2019\/01\/Das-waren-die-Trends-bei-Cyberattacken-2018_Organisator-248x175.jpg 248w, https:\/\/www.organisator.ch\/wp-content\/uploads\/2019\/01\/Das-waren-die-Trends-bei-Cyberattacken-2018_Organisator-496x350.jpg 496w, https:\/\/www.organisator.ch\/wp-content\/uploads\/2019\/01\/Das-waren-die-Trends-bei-Cyberattacken-2018_Organisator-300x212.jpg 300w\" sizes=\"auto, (max-width: 680px) 100vw, 680px\" \/><figcaption id=\"caption-attachment-4707\" class=\"wp-caption-text\">Einer der Trends bei Cyberattacken: Kriminelle &#8222;klauen&#8220; nicht nur, sondern sie wenden immer kreativere Techniken an, um ihre Angriffe zu monetarisieren. (Bild: Fotolia.com)<\/figcaption><\/figure>\n<p>Das Cybersecurity-Unternehmen CrowdStrike hat in seinem letzten Report, dem Cyber Intrusion Casebook, gro\u00dfe Mengen an sicherheitsrelevanten Daten aus 2018 analysiert. Es fasst darin zusammen, welchen Herausforderungen Organisationen und Unternehmen gegen\u00fcber stehen und wie sie sich besser auf die n\u00e4chste Angriffswelle vorbereiten k\u00f6nnen. Erkennbar sind im wesentlichen vier Trends bei Cyberattacken und Angriffsmethoden:<\/p>\n<h2>1. E-Crime-Akteure wenden immer kreativere Techniken an, um ihre Angriffe zu monetarisieren<\/h2>\n<p>Die Innovationskraft von Angreifern und die Raffinesse der E-Crime-Akteure nimmt nicht ab. Das feindliche \u00d6kosystem entwickelt sich weiter und Akteure, die fr\u00fcher diskret und isoliert gearbeitet haben, arbeiten nun koordiniert und b\u00fcndeln ihre Kr\u00e4fte. In 2018 bekamen das beispielsweise immer wieder Nutzer von Gesch\u00e4fts-E-Mail-Adressen zu sp\u00fcren. Der Report stie\u00df auf F\u00e4lle, die weit \u00fcber das einfache Lesen von E-Mails hinausgingen: Die Akteure konnten live zusehen, wie die E-Mails geschrieben und gesendet werden.<\/p>\n<h2>2. Angreifer schlagen schnell und tiefgreifend zu<\/h2>\n<p>Angreifer sind geduldig, wenn es darum geht, ihre Ziele zu erreichen: Sie gelangen schnell in die Systeme, werden schnell aktiv, bringen aber, wenn es darauf ankommt, enorme Geduld auf. Staatliche Angreifer sind dabei besonders hartn\u00e4ckig und einfallsreich bei der Suche nach hochwertigen Daten in der Zielorganisation.<\/p>\n<p>Wie in den Vorjahren bot das unkritische Vertrauen in Legacy-Tools Angreifern die M\u00f6glichkeit, sich \u00fcber einen l\u00e4ngeren Zeitraum in den Systemen aufzuhalten. Oft dachten zum Beispiel Unternehmen, dass der Fall gel\u00f6st sei. Doch der Angreifer versteckte sich weiter oder war schnell zur\u00fcck.<\/p>\n<p>Oft migrierten Unternehmen ihre Daten in die Cloud, in der Erwartung, dass die Cloud-Services-Anbieter Sicherheitsmechanismen und -kontrollen haben. Ob die Anbieter die Kontrollen richtig konfiguriert und angewendet haben, konnten sie nicht wissen. Einfache Fehlkonfigurationen und Missverst\u00e4ndnisse bei den Zugriffskontrollen erm\u00f6glichen Hackern, Zugang zu einem Unternehmen zu erhalten &#8211; ganz einfach \u00fcber den Cloud-Anbieter.<\/p>\n<h2>3. Commodity-Malware ist oft ein Vorl\u00e4ufer eines stark disruptiven Angriffs<\/h2>\n<p>Der mit Commodity-Malware (b\u00f6sartiger Code, der sich auf eine Software auswirkt, die auf einer Vielzahl von Ger\u00e4ten eingesetzt wird) gewonnene Zugang wird zunehmend an andere Akteure verkauft. Die setzten dann Ransomware ein, stehlen geistiges Eigentum oder initiieren Kryptomining, Betrug und Erpressung. Es wurde zum Beispiel beobachtet, wie Angreifer eine Malware-Familie namens TrickBot benutzten, nur um den damit gewonnenen Zugriff an andere feindlich gesinnte Gruppen weiterzugeben, die daraufhin Erpressungsangriffe starteten. Diese Methode wurde sogar bei kleinen bis mittleren Unternehmen beobachtet. Die Anf\u00e4lligkeit eines Unternehmens f\u00fcr Commodity-Malware kann letzten Endes ein Indikator f\u00fcr die Wirksamkeit der gesamten Sicherheitsstrategie sein.<\/p>\n<h2>4. Angreifer verstecken sich vor aller Augen und geben sich als legitime Nutzer aus<\/h2>\n<p>Die schnellsten und sch\u00e4dlichsten Angriffe sind nach wie vor diejenigen, bei denen sich Angreifer als legitime Benutzer ausgeben. Sie treten h\u00e4ufig auf, wenn Benutzer-Anmeldeinformationen unkontrolliert, falsch konfiguriert oder umgangen werden. Sobald der Zugriff erfolgt ist, ist das Unternehmen vollst\u00e4ndig exponiert. Falsch konfigurierter und nicht durchdachter Einsatz von Zugriffskontrollen vermittelt Unternehmen oft ein falsches Schutzgef\u00fchl.<\/p>\n<p>Angesichts dieser Trends bei Cyberattacken wird ebenfalls ersichtlich, dass Sicherheit nicht nur ein Thema f\u00fcr die IT-Abteilung ist, sondern das ganze Unternehmen betrifft und strategisch mitbedacht werden muss. Als goldene Regel bietet sich das Zeitziel der &#8222;1-10-60-Regel&#8220;. Im Durchschnitt sollten Unternehmen beziehungsweise Organisationen nicht mehr als eine Minute Zeit lassen, um eine Bedrohung zu erkennen, zehn Minuten, um sie zu untersuchen und 60 Minuten, um sie zu beheben. Unternehmen, die mit diesem Anspruch handeln, erh\u00f6hen ihre Chancen, dem Gegner voraus zu sein und einen Angriff zu verhindern.<\/p>\n<p><em>Quelle: <a href=\"http:\/\/www.crowdstrike.com\">CrowdStrike<\/a><\/em><\/p>\n","protected":false},"excerpt":{"rendered":"<p>Das Cybersecurity-Unternehmen CrowdStrike hat in seinem letzten Report, dem Cyber Intrusion Casebook, gro\u00dfe Mengen an sicherheitsrelevanten Daten aus 2018 analysiert. Es fasst darin zusammen, welchen Herausforderungen Organisationen und Unternehmen gegen\u00fcber stehen und wie sie sich besser auf die n\u00e4chste Angriffswelle vorbereiten k\u00f6nnen. Erkennbar sind im wesentlichen vier Trends bei Cyberattacken und Angriffsmethoden: 1. E-Crime-Akteure wenden [&hellip;]<\/p>\n","protected":false},"author":4,"featured_media":4707,"comment_status":"open","ping_status":"open","sticky":false,"template":"","format":"standard","meta":{"_acf_changed":false,"_yoast_wpseo_focuskw":"Trends bei Cyberattacken","_yoast_wpseo_metadesc":"Die Anzahl destruktiver Cyber-Angriffe hat auch in 2018 weiter zugenommen. Kriminelle Hacker-Gruppen haben ihre Effektivit\u00e4t erh\u00f6ht.","articlekey":"","footnotes":""},"categories":[27],"tags":[142,260,286,485],"class_list":["post-4706","post","type-post","status-publish","format-standard","has-post-thumbnail","hentry","category-it","tag-cyber-crime","tag-ict-sicherheit","tag-it","tag-trends"],"acf":[],"yoast_head":"<!-- This site is optimized with the Yoast SEO plugin v27.5 - https:\/\/yoast.com\/product\/yoast-seo-wordpress\/ -->\n<title>Das waren die Trends bei Cyberattacken 2018 - Organisator<\/title>\n<meta name=\"description\" content=\"Die Anzahl destruktiver Cyber-Angriffe hat auch in 2018 weiter zugenommen. Kriminelle Hacker-Gruppen haben ihre Effektivit\u00e4t erh\u00f6ht.\" \/>\n<meta name=\"robots\" content=\"index, follow, max-snippet:-1, max-image-preview:large, max-video-preview:-1\" \/>\n<link rel=\"canonical\" href=\"https:\/\/www.organisator.ch\/de\/management\/it\/2019-01-03\/das-waren-die-trends-bei-cyberattacken-2018\/\" \/>\n<meta property=\"og:locale\" content=\"de_DE\" \/>\n<meta property=\"og:type\" content=\"article\" \/>\n<meta property=\"og:title\" content=\"Das waren die Trends bei Cyberattacken 2018\" \/>\n<meta property=\"og:description\" content=\"Die Anzahl destruktiver Cyber-Angriffe hat auch in 2018 weiter zugenommen. Kriminelle Hacker-Gruppen haben ihre Effektivit\u00e4t erh\u00f6ht.\" \/>\n<meta property=\"og:url\" content=\"https:\/\/www.organisator.ch\/de\/management\/it\/2019-01-03\/das-waren-die-trends-bei-cyberattacken-2018\/\" \/>\n<meta property=\"og:site_name\" content=\"Organisator\" \/>\n<meta property=\"article:publisher\" content=\"https:\/\/www.facebook.com\/OrganisatorFachmagazin\" \/>\n<meta property=\"article:published_time\" content=\"2019-01-03T09:26:10+00:00\" \/>\n<meta property=\"og:image\" content=\"https:\/\/www.organisator.ch\/wp-content\/uploads\/2019\/01\/Das-waren-die-Trends-bei-Cyberattacken-2018_Organisator.jpg\" \/>\n\t<meta property=\"og:image:width\" content=\"680\" \/>\n\t<meta property=\"og:image:height\" content=\"480\" \/>\n\t<meta property=\"og:image:type\" content=\"image\/jpeg\" \/>\n<meta name=\"author\" content=\"thomas.berner\" \/>\n<meta name=\"twitter:card\" content=\"summary_large_image\" \/>\n<meta name=\"twitter:title\" content=\"Das waren die Trends bei #Cyberattacken 2018\" \/>\n<meta name=\"twitter:description\" content=\"Die Anzahl destruktiver #Cyber-Angriffe hat auch in 2018 weiter zugenommen. Kriminelle #Hacker-Gruppen haben ihre Effektivit\u00e4t erh\u00f6ht.\" \/>\n<meta name=\"twitter:image\" content=\"https:\/\/www.organisator.ch\/wp-content\/uploads\/2019\/01\/Das-waren-die-Trends-bei-Cyberattacken-2018_Organisator.jpg\" \/>\n<script type=\"application\/ld+json\" class=\"yoast-schema-graph\">{\"@context\":\"https:\\\/\\\/schema.org\",\"@graph\":[{\"@type\":\"Article\",\"@id\":\"https:\\\/\\\/www.organisator.ch\\\/management\\\/it\\\/2019-01-03\\\/das-waren-die-trends-bei-cyberattacken-2018\\\/#article\",\"isPartOf\":{\"@id\":\"https:\\\/\\\/www.organisator.ch\\\/management\\\/it\\\/2019-01-03\\\/das-waren-die-trends-bei-cyberattacken-2018\\\/\"},\"author\":{\"name\":\"thomas.berner\",\"@id\":\"https:\\\/\\\/www.organisator.ch\\\/#\\\/schema\\\/person\\\/6f650f90b2842cd4c0cc334b4e36f67e\"},\"headline\":\"Das waren die Trends bei Cyberattacken 2018\",\"datePublished\":\"2019-01-03T09:26:10+00:00\",\"mainEntityOfPage\":{\"@id\":\"https:\\\/\\\/www.organisator.ch\\\/management\\\/it\\\/2019-01-03\\\/das-waren-die-trends-bei-cyberattacken-2018\\\/\"},\"wordCount\":609,\"commentCount\":0,\"publisher\":{\"@id\":\"https:\\\/\\\/www.organisator.ch\\\/#organization\"},\"image\":{\"@id\":\"https:\\\/\\\/www.organisator.ch\\\/management\\\/it\\\/2019-01-03\\\/das-waren-die-trends-bei-cyberattacken-2018\\\/#primaryimage\"},\"thumbnailUrl\":\"https:\\\/\\\/www.organisator.ch\\\/wp-content\\\/uploads\\\/2019\\\/01\\\/Das-waren-die-Trends-bei-Cyberattacken-2018_Organisator.jpg\",\"keywords\":[\"Cyber-Crime\",\"ICT-Sicherheit\",\"IT\",\"Trends\"],\"articleSection\":[\"IT\"],\"inLanguage\":\"de\"},{\"@type\":\"WebPage\",\"@id\":\"https:\\\/\\\/www.organisator.ch\\\/management\\\/it\\\/2019-01-03\\\/das-waren-die-trends-bei-cyberattacken-2018\\\/\",\"url\":\"https:\\\/\\\/www.organisator.ch\\\/management\\\/it\\\/2019-01-03\\\/das-waren-die-trends-bei-cyberattacken-2018\\\/\",\"name\":\"Das waren die Trends bei Cyberattacken 2018 - Organisator\",\"isPartOf\":{\"@id\":\"https:\\\/\\\/www.organisator.ch\\\/#website\"},\"primaryImageOfPage\":{\"@id\":\"https:\\\/\\\/www.organisator.ch\\\/management\\\/it\\\/2019-01-03\\\/das-waren-die-trends-bei-cyberattacken-2018\\\/#primaryimage\"},\"image\":{\"@id\":\"https:\\\/\\\/www.organisator.ch\\\/management\\\/it\\\/2019-01-03\\\/das-waren-die-trends-bei-cyberattacken-2018\\\/#primaryimage\"},\"thumbnailUrl\":\"https:\\\/\\\/www.organisator.ch\\\/wp-content\\\/uploads\\\/2019\\\/01\\\/Das-waren-die-Trends-bei-Cyberattacken-2018_Organisator.jpg\",\"datePublished\":\"2019-01-03T09:26:10+00:00\",\"description\":\"Die Anzahl destruktiver Cyber-Angriffe hat auch in 2018 weiter zugenommen. Kriminelle Hacker-Gruppen haben ihre Effektivit\u00e4t erh\u00f6ht.\",\"breadcrumb\":{\"@id\":\"https:\\\/\\\/www.organisator.ch\\\/management\\\/it\\\/2019-01-03\\\/das-waren-die-trends-bei-cyberattacken-2018\\\/#breadcrumb\"},\"inLanguage\":\"de\",\"potentialAction\":[{\"@type\":\"ReadAction\",\"target\":[\"https:\\\/\\\/www.organisator.ch\\\/management\\\/it\\\/2019-01-03\\\/das-waren-die-trends-bei-cyberattacken-2018\\\/\"]}]},{\"@type\":\"ImageObject\",\"inLanguage\":\"de\",\"@id\":\"https:\\\/\\\/www.organisator.ch\\\/management\\\/it\\\/2019-01-03\\\/das-waren-die-trends-bei-cyberattacken-2018\\\/#primaryimage\",\"url\":\"https:\\\/\\\/www.organisator.ch\\\/wp-content\\\/uploads\\\/2019\\\/01\\\/Das-waren-die-Trends-bei-Cyberattacken-2018_Organisator.jpg\",\"contentUrl\":\"https:\\\/\\\/www.organisator.ch\\\/wp-content\\\/uploads\\\/2019\\\/01\\\/Das-waren-die-Trends-bei-Cyberattacken-2018_Organisator.jpg\",\"width\":680,\"height\":480,\"caption\":\"Einer der Trends bei Cyberattacken: Kriminelle \\\"klauen\\\" nicht nur, sondern sie wenden immer kreativere Techniken an, um ihre Angriffe zu monetarisieren. (Bild: Fotolia.com)\"},{\"@type\":\"BreadcrumbList\",\"@id\":\"https:\\\/\\\/www.organisator.ch\\\/management\\\/it\\\/2019-01-03\\\/das-waren-die-trends-bei-cyberattacken-2018\\\/#breadcrumb\",\"itemListElement\":[{\"@type\":\"ListItem\",\"position\":1,\"name\":\"Home\",\"item\":\"https:\\\/\\\/www.organisator.ch\\\/\"},{\"@type\":\"ListItem\",\"position\":2,\"name\":\"Das waren die Trends bei Cyberattacken 2018\"}]},{\"@type\":\"WebSite\",\"@id\":\"https:\\\/\\\/www.organisator.ch\\\/#website\",\"url\":\"https:\\\/\\\/www.organisator.ch\\\/\",\"name\":\"Organisator\",\"description\":\"Kompetent. Praxisnah. Der ORGANISATOR bereitet in 10 Ausgaben pro Jahr die wesentlichen Themen f\u00fcr F\u00fchrungskr\u00e4fte von KMU auf.\",\"publisher\":{\"@id\":\"https:\\\/\\\/www.organisator.ch\\\/#organization\"},\"potentialAction\":[{\"@type\":\"SearchAction\",\"target\":{\"@type\":\"EntryPoint\",\"urlTemplate\":\"https:\\\/\\\/www.organisator.ch\\\/?s={search_term_string}\"},\"query-input\":{\"@type\":\"PropertyValueSpecification\",\"valueRequired\":true,\"valueName\":\"search_term_string\"}}],\"inLanguage\":\"de\"},{\"@type\":\"Organization\",\"@id\":\"https:\\\/\\\/www.organisator.ch\\\/#organization\",\"name\":\"Organisator\",\"url\":\"https:\\\/\\\/www.organisator.ch\\\/\",\"logo\":{\"@type\":\"ImageObject\",\"inLanguage\":\"de\",\"@id\":\"https:\\\/\\\/www.organisator.ch\\\/#\\\/schema\\\/logo\\\/image\\\/\",\"url\":\"https:\\\/\\\/www.organisator.ch\\\/wp-content\\\/uploads\\\/2022\\\/01\\\/Logo_Organisator_Website.png\",\"contentUrl\":\"https:\\\/\\\/www.organisator.ch\\\/wp-content\\\/uploads\\\/2022\\\/01\\\/Logo_Organisator_Website.png\",\"width\":800,\"height\":77,\"caption\":\"Organisator\"},\"image\":{\"@id\":\"https:\\\/\\\/www.organisator.ch\\\/#\\\/schema\\\/logo\\\/image\\\/\"},\"sameAs\":[\"https:\\\/\\\/www.facebook.com\\\/OrganisatorFachmagazin\",\"https:\\\/\\\/www.linkedin.com\\\/showcase\\\/organisator-das-magazin-fr-kmu\",\"https:\\\/\\\/www.xing.com\\\/news\\\/pages\\\/organisator-ch-695\",\"https:\\\/\\\/www.youtube.com\\\/channel\\\/UCGP2Sq0iWaZwT3BdIAQFYpw\"]},{\"@type\":\"Person\",\"@id\":\"https:\\\/\\\/www.organisator.ch\\\/#\\\/schema\\\/person\\\/6f650f90b2842cd4c0cc334b4e36f67e\",\"name\":\"thomas.berner\",\"image\":{\"@type\":\"ImageObject\",\"inLanguage\":\"de\",\"@id\":\"https:\\\/\\\/secure.gravatar.com\\\/avatar\\\/ac5001d2a36cb6c6cd3e50789007ffca834b477b74a2144564522e944eabff61?s=96&d=mm&r=g\",\"url\":\"https:\\\/\\\/secure.gravatar.com\\\/avatar\\\/ac5001d2a36cb6c6cd3e50789007ffca834b477b74a2144564522e944eabff61?s=96&d=mm&r=g\",\"contentUrl\":\"https:\\\/\\\/secure.gravatar.com\\\/avatar\\\/ac5001d2a36cb6c6cd3e50789007ffca834b477b74a2144564522e944eabff61?s=96&d=mm&r=g\",\"caption\":\"thomas.berner\"},\"url\":\"https:\\\/\\\/www.organisator.ch\\\/de\\\/author\\\/thomas-berner\\\/\"}]}<\/script>\n<!-- \/ Yoast SEO plugin. -->","yoast_head_json":{"title":"Das waren die Trends bei Cyberattacken 2018 - Organisator","description":"Die Anzahl destruktiver Cyber-Angriffe hat auch in 2018 weiter zugenommen. Kriminelle Hacker-Gruppen haben ihre Effektivit\u00e4t erh\u00f6ht.","robots":{"index":"index","follow":"follow","max-snippet":"max-snippet:-1","max-image-preview":"max-image-preview:large","max-video-preview":"max-video-preview:-1"},"canonical":"https:\/\/www.organisator.ch\/de\/management\/it\/2019-01-03\/das-waren-die-trends-bei-cyberattacken-2018\/","og_locale":"de_DE","og_type":"article","og_title":"Das waren die Trends bei Cyberattacken 2018","og_description":"Die Anzahl destruktiver Cyber-Angriffe hat auch in 2018 weiter zugenommen. Kriminelle Hacker-Gruppen haben ihre Effektivit\u00e4t erh\u00f6ht.","og_url":"https:\/\/www.organisator.ch\/de\/management\/it\/2019-01-03\/das-waren-die-trends-bei-cyberattacken-2018\/","og_site_name":"Organisator","article_publisher":"https:\/\/www.facebook.com\/OrganisatorFachmagazin","article_published_time":"2019-01-03T09:26:10+00:00","og_image":[{"width":680,"height":480,"url":"https:\/\/www.organisator.ch\/wp-content\/uploads\/2019\/01\/Das-waren-die-Trends-bei-Cyberattacken-2018_Organisator.jpg","type":"image\/jpeg"}],"author":"thomas.berner","twitter_card":"summary_large_image","twitter_title":"Das waren die Trends bei #Cyberattacken 2018","twitter_description":"Die Anzahl destruktiver #Cyber-Angriffe hat auch in 2018 weiter zugenommen. Kriminelle #Hacker-Gruppen haben ihre Effektivit\u00e4t erh\u00f6ht.","twitter_image":"https:\/\/www.organisator.ch\/wp-content\/uploads\/2019\/01\/Das-waren-die-Trends-bei-Cyberattacken-2018_Organisator.jpg","schema":{"@context":"https:\/\/schema.org","@graph":[{"@type":"Article","@id":"https:\/\/www.organisator.ch\/management\/it\/2019-01-03\/das-waren-die-trends-bei-cyberattacken-2018\/#article","isPartOf":{"@id":"https:\/\/www.organisator.ch\/management\/it\/2019-01-03\/das-waren-die-trends-bei-cyberattacken-2018\/"},"author":{"name":"thomas.berner","@id":"https:\/\/www.organisator.ch\/#\/schema\/person\/6f650f90b2842cd4c0cc334b4e36f67e"},"headline":"Das waren die Trends bei Cyberattacken 2018","datePublished":"2019-01-03T09:26:10+00:00","mainEntityOfPage":{"@id":"https:\/\/www.organisator.ch\/management\/it\/2019-01-03\/das-waren-die-trends-bei-cyberattacken-2018\/"},"wordCount":609,"commentCount":0,"publisher":{"@id":"https:\/\/www.organisator.ch\/#organization"},"image":{"@id":"https:\/\/www.organisator.ch\/management\/it\/2019-01-03\/das-waren-die-trends-bei-cyberattacken-2018\/#primaryimage"},"thumbnailUrl":"https:\/\/www.organisator.ch\/wp-content\/uploads\/2019\/01\/Das-waren-die-Trends-bei-Cyberattacken-2018_Organisator.jpg","keywords":["Cyber-Crime","ICT-Sicherheit","IT","Trends"],"articleSection":["IT"],"inLanguage":"de"},{"@type":"WebPage","@id":"https:\/\/www.organisator.ch\/management\/it\/2019-01-03\/das-waren-die-trends-bei-cyberattacken-2018\/","url":"https:\/\/www.organisator.ch\/management\/it\/2019-01-03\/das-waren-die-trends-bei-cyberattacken-2018\/","name":"Das waren die Trends bei Cyberattacken 2018 - Organisator","isPartOf":{"@id":"https:\/\/www.organisator.ch\/#website"},"primaryImageOfPage":{"@id":"https:\/\/www.organisator.ch\/management\/it\/2019-01-03\/das-waren-die-trends-bei-cyberattacken-2018\/#primaryimage"},"image":{"@id":"https:\/\/www.organisator.ch\/management\/it\/2019-01-03\/das-waren-die-trends-bei-cyberattacken-2018\/#primaryimage"},"thumbnailUrl":"https:\/\/www.organisator.ch\/wp-content\/uploads\/2019\/01\/Das-waren-die-Trends-bei-Cyberattacken-2018_Organisator.jpg","datePublished":"2019-01-03T09:26:10+00:00","description":"Die Anzahl destruktiver Cyber-Angriffe hat auch in 2018 weiter zugenommen. Kriminelle Hacker-Gruppen haben ihre Effektivit\u00e4t erh\u00f6ht.","breadcrumb":{"@id":"https:\/\/www.organisator.ch\/management\/it\/2019-01-03\/das-waren-die-trends-bei-cyberattacken-2018\/#breadcrumb"},"inLanguage":"de","potentialAction":[{"@type":"ReadAction","target":["https:\/\/www.organisator.ch\/management\/it\/2019-01-03\/das-waren-die-trends-bei-cyberattacken-2018\/"]}]},{"@type":"ImageObject","inLanguage":"de","@id":"https:\/\/www.organisator.ch\/management\/it\/2019-01-03\/das-waren-die-trends-bei-cyberattacken-2018\/#primaryimage","url":"https:\/\/www.organisator.ch\/wp-content\/uploads\/2019\/01\/Das-waren-die-Trends-bei-Cyberattacken-2018_Organisator.jpg","contentUrl":"https:\/\/www.organisator.ch\/wp-content\/uploads\/2019\/01\/Das-waren-die-Trends-bei-Cyberattacken-2018_Organisator.jpg","width":680,"height":480,"caption":"Einer der Trends bei Cyberattacken: Kriminelle \"klauen\" nicht nur, sondern sie wenden immer kreativere Techniken an, um ihre Angriffe zu monetarisieren. (Bild: Fotolia.com)"},{"@type":"BreadcrumbList","@id":"https:\/\/www.organisator.ch\/management\/it\/2019-01-03\/das-waren-die-trends-bei-cyberattacken-2018\/#breadcrumb","itemListElement":[{"@type":"ListItem","position":1,"name":"Home","item":"https:\/\/www.organisator.ch\/"},{"@type":"ListItem","position":2,"name":"Das waren die Trends bei Cyberattacken 2018"}]},{"@type":"WebSite","@id":"https:\/\/www.organisator.ch\/#website","url":"https:\/\/www.organisator.ch\/","name":"Organisator","description":"Kompetent. Praxisnah. Der ORGANISATOR bereitet in 10 Ausgaben pro Jahr die wesentlichen Themen f\u00fcr F\u00fchrungskr\u00e4fte von KMU auf.","publisher":{"@id":"https:\/\/www.organisator.ch\/#organization"},"potentialAction":[{"@type":"SearchAction","target":{"@type":"EntryPoint","urlTemplate":"https:\/\/www.organisator.ch\/?s={search_term_string}"},"query-input":{"@type":"PropertyValueSpecification","valueRequired":true,"valueName":"search_term_string"}}],"inLanguage":"de"},{"@type":"Organization","@id":"https:\/\/www.organisator.ch\/#organization","name":"Organisator","url":"https:\/\/www.organisator.ch\/","logo":{"@type":"ImageObject","inLanguage":"de","@id":"https:\/\/www.organisator.ch\/#\/schema\/logo\/image\/","url":"https:\/\/www.organisator.ch\/wp-content\/uploads\/2022\/01\/Logo_Organisator_Website.png","contentUrl":"https:\/\/www.organisator.ch\/wp-content\/uploads\/2022\/01\/Logo_Organisator_Website.png","width":800,"height":77,"caption":"Organisator"},"image":{"@id":"https:\/\/www.organisator.ch\/#\/schema\/logo\/image\/"},"sameAs":["https:\/\/www.facebook.com\/OrganisatorFachmagazin","https:\/\/www.linkedin.com\/showcase\/organisator-das-magazin-fr-kmu","https:\/\/www.xing.com\/news\/pages\/organisator-ch-695","https:\/\/www.youtube.com\/channel\/UCGP2Sq0iWaZwT3BdIAQFYpw"]},{"@type":"Person","@id":"https:\/\/www.organisator.ch\/#\/schema\/person\/6f650f90b2842cd4c0cc334b4e36f67e","name":"thomas.berner","image":{"@type":"ImageObject","inLanguage":"de","@id":"https:\/\/secure.gravatar.com\/avatar\/ac5001d2a36cb6c6cd3e50789007ffca834b477b74a2144564522e944eabff61?s=96&d=mm&r=g","url":"https:\/\/secure.gravatar.com\/avatar\/ac5001d2a36cb6c6cd3e50789007ffca834b477b74a2144564522e944eabff61?s=96&d=mm&r=g","contentUrl":"https:\/\/secure.gravatar.com\/avatar\/ac5001d2a36cb6c6cd3e50789007ffca834b477b74a2144564522e944eabff61?s=96&d=mm&r=g","caption":"thomas.berner"},"url":"https:\/\/www.organisator.ch\/de\/author\/thomas-berner\/"}]}},"_links":{"self":[{"href":"https:\/\/www.organisator.ch\/de\/wp-json\/wp\/v2\/posts\/4706","targetHints":{"allow":["GET"]}}],"collection":[{"href":"https:\/\/www.organisator.ch\/de\/wp-json\/wp\/v2\/posts"}],"about":[{"href":"https:\/\/www.organisator.ch\/de\/wp-json\/wp\/v2\/types\/post"}],"author":[{"embeddable":true,"href":"https:\/\/www.organisator.ch\/de\/wp-json\/wp\/v2\/users\/4"}],"replies":[{"embeddable":true,"href":"https:\/\/www.organisator.ch\/de\/wp-json\/wp\/v2\/comments?post=4706"}],"version-history":[{"count":0,"href":"https:\/\/www.organisator.ch\/de\/wp-json\/wp\/v2\/posts\/4706\/revisions"}],"wp:featuredmedia":[{"embeddable":true,"href":"https:\/\/www.organisator.ch\/de\/wp-json\/wp\/v2\/media\/4707"}],"wp:attachment":[{"href":"https:\/\/www.organisator.ch\/de\/wp-json\/wp\/v2\/media?parent=4706"}],"wp:term":[{"taxonomy":"category","embeddable":true,"href":"https:\/\/www.organisator.ch\/de\/wp-json\/wp\/v2\/categories?post=4706"},{"taxonomy":"post_tag","embeddable":true,"href":"https:\/\/www.organisator.ch\/de\/wp-json\/wp\/v2\/tags?post=4706"}],"curies":[{"name":"wp","href":"https:\/\/api.w.org\/{rel}","templated":true}]}}