{"id":474,"date":"2016-05-09T10:57:59","date_gmt":"2016-05-09T08:57:59","guid":{"rendered":"http:\/\/dev.organisator.ch\/?p=474"},"modified":"2016-05-09T10:57:59","modified_gmt":"2016-05-09T08:57:59","slug":"buero-einrichtungshaus-regelt-nachfolge","status":"publish","type":"post","link":"https:\/\/www.organisator.ch\/de\/management\/2016-05-09\/buero-einrichtungshaus-regelt-nachfolge\/","title":{"rendered":"B\u00fcro-Einrichtungshaus regelt Nachfolge"},"content":{"rendered":"<figure id=\"attachment_475\" aria-describedby=\"caption-attachment-475\" style=\"width: 427px\" class=\"wp-caption alignnone\"><img loading=\"lazy\" decoding=\"async\" class=\"size-full wp-image-475\" src=\"https:\/\/www.organisator.ch\/wp-content\/uploads\/2016\/12\/Buero-Einrichtungshaus-regelt-Nachfolge-organisator.jpg\" alt=\"\" width=\"427\" height=\"641\" srcset=\"https:\/\/www.organisator.ch\/wp-content\/uploads\/2016\/12\/Buero-Einrichtungshaus-regelt-Nachfolge-organisator.jpg 427w, https:\/\/www.organisator.ch\/wp-content\/uploads\/2016\/12\/Buero-Einrichtungshaus-regelt-Nachfolge-organisator-8x12.jpg 8w, https:\/\/www.organisator.ch\/wp-content\/uploads\/2016\/12\/Buero-Einrichtungshaus-regelt-Nachfolge-organisator-117x175.jpg 117w, https:\/\/www.organisator.ch\/wp-content\/uploads\/2016\/12\/Buero-Einrichtungshaus-regelt-Nachfolge-organisator-233x350.jpg 233w, https:\/\/www.organisator.ch\/wp-content\/uploads\/2016\/12\/Buero-Einrichtungshaus-regelt-Nachfolge-organisator-300x450.jpg 300w\" sizes=\"auto, (max-width: 427px) 100vw, 427px\" \/><figcaption id=\"caption-attachment-475\" class=\"wp-caption-text\">Per Ende April \u00fcbernahm Isidoro Celentano im Zuge der Nachfolgeregelung die Bruno Wickart AG, das renommierte Unternehmen f\u00fcr B\u00fcro-, Objekt- und Wohneinrichtungen aus Zug. (Bild: zVg)<\/figcaption><\/figure>\n<p>Die Bruno Wickart AG versteht sich als Berater f\u00fcr B\u00fcro-, Objekt- und Wohneinrichtungen im gehobenen Segment. Das Zuger Unternehmen vertritt renommierte M\u00f6belmarken wie USM, Vitra, Cassina, Fritz Hansen, Wilkhahn oder Zoom und\u00a0nimmt in der Deutschschweiz in der Planung und Gestaltung von B\u00fcro- und Verwaltungsr\u00e4umen eine f\u00fchrende Position ein. Die Bruno Wickart AG besch\u00e4ftigt rund zwanzig Mitarbeitende. Gegr\u00fcndet wurde das Unternehmen im Jahr 1951 von Josef Wickart als Papeterie- und Schreibmaschinengesch\u00e4ft in Zug. 1970 gr\u00fcndete Bruno Wickart die AG und richtete das Unternehmen auf B\u00fcro- und Objekteinrichtungen aus. Seit Ende April 2016 ist das Unternehmen zu 100 % im Besitz von Isidoro Celentano, der langj\u00e4hrige Erfahrung in der Einrichtungsbranche ausweist.<\/p>\n<p>Isidoro Celentano ist in KMU-Unternehmen f\u00fchrungserfahren und weist mehr als zehn Jahre Einrichtungs- und Verkaufskompetenz im gehobenen Wohn- und B\u00fcrom\u00f6belsektor f\u00fcr Firmen und Private auf. Der 58-j\u00e4hrige Unternehmer aus Nottwil\/LU verf\u00fcgt \u00fcber einen MBA der Universit\u00e4t Z\u00fcrich und fungierte zuletzt als selbst\u00e4ndiger Unternehmer. Celentano will die Marktf\u00fchrerschaft des Unternehmens festigen und das Unternehmen weiter entwickeln: \u201eDas wird eine grosse Herausforderung, auf die ich mich freue. Zusammen mit den langj\u00e4hrigen Mitarbeitenden werde ich gezielt in die Zukunft investieren. F\u00fcr unsere Kunden \u00e4ndert sich nichts. Sie profitieren weiterhin von der gewohnt hohen Service-Qualit\u00e4t und dem Einrichtungs-Know-how der langj\u00e4hrigen Mitarbeitenden.\u201c<\/p>\n<p><em>Weitere Informationen: <a href=\"http:\/\/www.bruno-wickart.ch\" target=\"_blank\" data-cke-saved-href=\"http:\/\/www.bruno-wickart.ch\" rel=\"noopener\">www.bruno-wickart.ch<\/a><\/em><\/p>\n","protected":false},"excerpt":{"rendered":"<p>Die Bruno Wickart AG versteht sich als Berater f\u00fcr B\u00fcro-, Objekt- und Wohneinrichtungen im gehobenen Segment. Das Zuger Unternehmen vertritt renommierte M\u00f6belmarken wie USM, Vitra, Cassina, Fritz Hansen, Wilkhahn oder Zoom und\u00a0nimmt in der Deutschschweiz in der Planung und Gestaltung von B\u00fcro- und Verwaltungsr\u00e4umen eine f\u00fchrende Position ein. Die Bruno Wickart AG besch\u00e4ftigt rund zwanzig [&hellip;]<\/p>\n","protected":false},"author":1,"featured_media":475,"comment_status":"open","ping_status":"open","sticky":false,"template":"","format":"standard","meta":{"_acf_changed":false,"_yoast_wpseo_focuskw":"B\u00fcro Einrichtungshaus","_yoast_wpseo_metadesc":"Seit Anfang Mai steht das f\u00fchrende B\u00fcro Einrichtungshaus Bruno Wickart AG aus Zug unter einer neuen Leitung.","articlekey":"","footnotes":""},"categories":[28],"tags":[334,335,492],"class_list":["post-474","post","type-post","status-publish","format-standard","has-post-thumbnail","hentry","category-management","tag-management","tag-management-und-unternehmensfuehrung","tag-unternehmen"],"acf":[],"yoast_head":"<!-- This site is optimized with the Yoast SEO plugin v27.4 - https:\/\/yoast.com\/product\/yoast-seo-wordpress\/ -->\n<title>B\u00fcro-Einrichtungshaus regelt Nachfolge - Organisator<\/title>\n<meta name=\"description\" content=\"Seit Anfang Mai steht das f\u00fchrende B\u00fcro Einrichtungshaus Bruno Wickart AG aus Zug unter einer neuen Leitung.\" \/>\n<meta name=\"robots\" content=\"index, follow, max-snippet:-1, max-image-preview:large, max-video-preview:-1\" \/>\n<link rel=\"canonical\" href=\"https:\/\/www.organisator.ch\/de\/management\/2016-05-09\/buero-einrichtungshaus-regelt-nachfolge\/\" \/>\n<meta property=\"og:locale\" content=\"de_DE\" \/>\n<meta property=\"og:type\" content=\"article\" \/>\n<meta property=\"og:title\" content=\"B\u00fcro-Einrichtungshaus regelt Nachfolge\" \/>\n<meta property=\"og:description\" content=\"Seit Anfang Mai steht das f\u00fchrende Einrichtungshaus Bruno Wickart AG aus Zug unter neuer Leitung. Der Branchenkenner Isidoro Celentano \u00fcbernimmt im Zuge der Nachfolgeregelung das Zuger Beratungsunternehmen f\u00fcr B\u00fcro- und Wohndesign.\" \/>\n<meta property=\"og:url\" content=\"https:\/\/www.organisator.ch\/de\/management\/2016-05-09\/buero-einrichtungshaus-regelt-nachfolge\/\" \/>\n<meta property=\"og:site_name\" content=\"Organisator\" \/>\n<meta property=\"article:publisher\" content=\"https:\/\/www.facebook.com\/OrganisatorFachmagazin\" \/>\n<meta property=\"article:published_time\" content=\"2016-05-09T08:57:59+00:00\" \/>\n<meta name=\"author\" content=\"admin\" \/>\n<meta name=\"twitter:card\" content=\"summary_large_image\" \/>\n<meta name=\"twitter:image\" content=\"https:\/\/www.organisator.ch\/wp-content\/uploads\/2016\/12\/Buero-Einrichtungshaus-regelt-Nachfolge-organisator.jpg\" \/>\n<script type=\"application\/ld+json\" class=\"yoast-schema-graph\">{\"@context\":\"https:\\\/\\\/schema.org\",\"@graph\":[{\"@type\":\"Article\",\"@id\":\"https:\\\/\\\/www.organisator.ch\\\/management\\\/2016-05-09\\\/buero-einrichtungshaus-regelt-nachfolge\\\/#article\",\"isPartOf\":{\"@id\":\"https:\\\/\\\/www.organisator.ch\\\/management\\\/2016-05-09\\\/buero-einrichtungshaus-regelt-nachfolge\\\/\"},\"author\":{\"name\":\"admin\",\"@id\":\"https:\\\/\\\/www.organisator.ch\\\/#\\\/schema\\\/person\\\/aa2bace6c5c5aad60102004a50c4eb1c\"},\"headline\":\"B\u00fcro-Einrichtungshaus regelt Nachfolge\",\"datePublished\":\"2016-05-09T08:57:59+00:00\",\"mainEntityOfPage\":{\"@id\":\"https:\\\/\\\/www.organisator.ch\\\/management\\\/2016-05-09\\\/buero-einrichtungshaus-regelt-nachfolge\\\/\"},\"wordCount\":273,\"commentCount\":0,\"publisher\":{\"@id\":\"https:\\\/\\\/www.organisator.ch\\\/#organization\"},\"image\":{\"@id\":\"https:\\\/\\\/www.organisator.ch\\\/management\\\/2016-05-09\\\/buero-einrichtungshaus-regelt-nachfolge\\\/#primaryimage\"},\"thumbnailUrl\":\"https:\\\/\\\/www.organisator.ch\\\/wp-content\\\/uploads\\\/2016\\\/12\\\/Buero-Einrichtungshaus-regelt-Nachfolge-organisator.jpg\",\"keywords\":[\"Management\",\"Management und Unternehmensf\u00fchrung\",\"Unternehmen\"],\"articleSection\":[\"MANAGEMENT\"],\"inLanguage\":\"de\"},{\"@type\":\"WebPage\",\"@id\":\"https:\\\/\\\/www.organisator.ch\\\/management\\\/2016-05-09\\\/buero-einrichtungshaus-regelt-nachfolge\\\/\",\"url\":\"https:\\\/\\\/www.organisator.ch\\\/management\\\/2016-05-09\\\/buero-einrichtungshaus-regelt-nachfolge\\\/\",\"name\":\"B\u00fcro-Einrichtungshaus regelt Nachfolge - Organisator\",\"isPartOf\":{\"@id\":\"https:\\\/\\\/www.organisator.ch\\\/#website\"},\"primaryImageOfPage\":{\"@id\":\"https:\\\/\\\/www.organisator.ch\\\/management\\\/2016-05-09\\\/buero-einrichtungshaus-regelt-nachfolge\\\/#primaryimage\"},\"image\":{\"@id\":\"https:\\\/\\\/www.organisator.ch\\\/management\\\/2016-05-09\\\/buero-einrichtungshaus-regelt-nachfolge\\\/#primaryimage\"},\"thumbnailUrl\":\"https:\\\/\\\/www.organisator.ch\\\/wp-content\\\/uploads\\\/2016\\\/12\\\/Buero-Einrichtungshaus-regelt-Nachfolge-organisator.jpg\",\"datePublished\":\"2016-05-09T08:57:59+00:00\",\"description\":\"Seit Anfang Mai steht das f\u00fchrende B\u00fcro Einrichtungshaus Bruno Wickart AG aus Zug unter einer neuen Leitung.\",\"breadcrumb\":{\"@id\":\"https:\\\/\\\/www.organisator.ch\\\/management\\\/2016-05-09\\\/buero-einrichtungshaus-regelt-nachfolge\\\/#breadcrumb\"},\"inLanguage\":\"de\",\"potentialAction\":[{\"@type\":\"ReadAction\",\"target\":[\"https:\\\/\\\/www.organisator.ch\\\/management\\\/2016-05-09\\\/buero-einrichtungshaus-regelt-nachfolge\\\/\"]}]},{\"@type\":\"ImageObject\",\"inLanguage\":\"de\",\"@id\":\"https:\\\/\\\/www.organisator.ch\\\/management\\\/2016-05-09\\\/buero-einrichtungshaus-regelt-nachfolge\\\/#primaryimage\",\"url\":\"https:\\\/\\\/www.organisator.ch\\\/wp-content\\\/uploads\\\/2016\\\/12\\\/Buero-Einrichtungshaus-regelt-Nachfolge-organisator.jpg\",\"contentUrl\":\"https:\\\/\\\/www.organisator.ch\\\/wp-content\\\/uploads\\\/2016\\\/12\\\/Buero-Einrichtungshaus-regelt-Nachfolge-organisator.jpg\",\"width\":427,\"height\":641,\"caption\":\"Per Ende April \u00fcbernahm Isidoro Celentano im Zuge der Nachfolgeregelung die Bruno Wickart AG, das renommierte Unternehmen f\u00fcr B\u00fcro-, Objekt- und Wohneinrichtungen aus Zug. (Bild: zVg)\"},{\"@type\":\"BreadcrumbList\",\"@id\":\"https:\\\/\\\/www.organisator.ch\\\/management\\\/2016-05-09\\\/buero-einrichtungshaus-regelt-nachfolge\\\/#breadcrumb\",\"itemListElement\":[{\"@type\":\"ListItem\",\"position\":1,\"name\":\"Home\",\"item\":\"https:\\\/\\\/www.organisator.ch\\\/\"},{\"@type\":\"ListItem\",\"position\":2,\"name\":\"B\u00fcro-Einrichtungshaus regelt Nachfolge\"}]},{\"@type\":\"WebSite\",\"@id\":\"https:\\\/\\\/www.organisator.ch\\\/#website\",\"url\":\"https:\\\/\\\/www.organisator.ch\\\/\",\"name\":\"Organisator\",\"description\":\"Kompetent. Praxisnah. Der ORGANISATOR bereitet in 10 Ausgaben pro Jahr die wesentlichen Themen f\u00fcr F\u00fchrungskr\u00e4fte von KMU auf.\",\"publisher\":{\"@id\":\"https:\\\/\\\/www.organisator.ch\\\/#organization\"},\"potentialAction\":[{\"@type\":\"SearchAction\",\"target\":{\"@type\":\"EntryPoint\",\"urlTemplate\":\"https:\\\/\\\/www.organisator.ch\\\/?s={search_term_string}\"},\"query-input\":{\"@type\":\"PropertyValueSpecification\",\"valueRequired\":true,\"valueName\":\"search_term_string\"}}],\"inLanguage\":\"de\"},{\"@type\":\"Organization\",\"@id\":\"https:\\\/\\\/www.organisator.ch\\\/#organization\",\"name\":\"Organisator\",\"url\":\"https:\\\/\\\/www.organisator.ch\\\/\",\"logo\":{\"@type\":\"ImageObject\",\"inLanguage\":\"de\",\"@id\":\"https:\\\/\\\/www.organisator.ch\\\/#\\\/schema\\\/logo\\\/image\\\/\",\"url\":\"https:\\\/\\\/www.organisator.ch\\\/wp-content\\\/uploads\\\/2022\\\/01\\\/Logo_Organisator_Website.png\",\"contentUrl\":\"https:\\\/\\\/www.organisator.ch\\\/wp-content\\\/uploads\\\/2022\\\/01\\\/Logo_Organisator_Website.png\",\"width\":800,\"height\":77,\"caption\":\"Organisator\"},\"image\":{\"@id\":\"https:\\\/\\\/www.organisator.ch\\\/#\\\/schema\\\/logo\\\/image\\\/\"},\"sameAs\":[\"https:\\\/\\\/www.facebook.com\\\/OrganisatorFachmagazin\",\"https:\\\/\\\/www.linkedin.com\\\/showcase\\\/organisator-das-magazin-fr-kmu\",\"https:\\\/\\\/www.xing.com\\\/news\\\/pages\\\/organisator-ch-695\",\"https:\\\/\\\/www.youtube.com\\\/channel\\\/UCGP2Sq0iWaZwT3BdIAQFYpw\"]},{\"@type\":\"Person\",\"@id\":\"https:\\\/\\\/www.organisator.ch\\\/#\\\/schema\\\/person\\\/aa2bace6c5c5aad60102004a50c4eb1c\",\"name\":\"admin\",\"image\":{\"@type\":\"ImageObject\",\"inLanguage\":\"de\",\"@id\":\"https:\\\/\\\/secure.gravatar.com\\\/avatar\\\/ae2f4d718e6c49043e314ce431e7e645d646302a24a5ef5a8bc8e3f5a032e319?s=96&d=mm&r=g\",\"url\":\"https:\\\/\\\/secure.gravatar.com\\\/avatar\\\/ae2f4d718e6c49043e314ce431e7e645d646302a24a5ef5a8bc8e3f5a032e319?s=96&d=mm&r=g\",\"contentUrl\":\"https:\\\/\\\/secure.gravatar.com\\\/avatar\\\/ae2f4d718e6c49043e314ce431e7e645d646302a24a5ef5a8bc8e3f5a032e319?s=96&d=mm&r=g\",\"caption\":\"admin\"},\"sameAs\":[\"https:\\\/\\\/www.organisator.ch\"],\"url\":\"https:\\\/\\\/www.organisator.ch\\\/de\\\/author\\\/admin\\\/\"}]}<\/script>\n<!-- \/ Yoast SEO plugin. -->","yoast_head_json":{"title":"B\u00fcro-Einrichtungshaus regelt Nachfolge - Organisator","description":"Seit Anfang Mai steht das f\u00fchrende B\u00fcro Einrichtungshaus Bruno Wickart AG aus Zug unter einer neuen Leitung.","robots":{"index":"index","follow":"follow","max-snippet":"max-snippet:-1","max-image-preview":"max-image-preview:large","max-video-preview":"max-video-preview:-1"},"canonical":"https:\/\/www.organisator.ch\/de\/management\/2016-05-09\/buero-einrichtungshaus-regelt-nachfolge\/","og_locale":"de_DE","og_type":"article","og_title":"B\u00fcro-Einrichtungshaus regelt Nachfolge","og_description":"Seit Anfang Mai steht das f\u00fchrende Einrichtungshaus Bruno Wickart AG aus Zug unter neuer Leitung. Der Branchenkenner Isidoro Celentano \u00fcbernimmt im Zuge der Nachfolgeregelung das Zuger Beratungsunternehmen f\u00fcr B\u00fcro- und Wohndesign.","og_url":"https:\/\/www.organisator.ch\/de\/management\/2016-05-09\/buero-einrichtungshaus-regelt-nachfolge\/","og_site_name":"Organisator","article_publisher":"https:\/\/www.facebook.com\/OrganisatorFachmagazin","article_published_time":"2016-05-09T08:57:59+00:00","author":"admin","twitter_card":"summary_large_image","twitter_image":"https:\/\/www.organisator.ch\/wp-content\/uploads\/2016\/12\/Buero-Einrichtungshaus-regelt-Nachfolge-organisator.jpg","schema":{"@context":"https:\/\/schema.org","@graph":[{"@type":"Article","@id":"https:\/\/www.organisator.ch\/management\/2016-05-09\/buero-einrichtungshaus-regelt-nachfolge\/#article","isPartOf":{"@id":"https:\/\/www.organisator.ch\/management\/2016-05-09\/buero-einrichtungshaus-regelt-nachfolge\/"},"author":{"name":"admin","@id":"https:\/\/www.organisator.ch\/#\/schema\/person\/aa2bace6c5c5aad60102004a50c4eb1c"},"headline":"B\u00fcro-Einrichtungshaus regelt Nachfolge","datePublished":"2016-05-09T08:57:59+00:00","mainEntityOfPage":{"@id":"https:\/\/www.organisator.ch\/management\/2016-05-09\/buero-einrichtungshaus-regelt-nachfolge\/"},"wordCount":273,"commentCount":0,"publisher":{"@id":"https:\/\/www.organisator.ch\/#organization"},"image":{"@id":"https:\/\/www.organisator.ch\/management\/2016-05-09\/buero-einrichtungshaus-regelt-nachfolge\/#primaryimage"},"thumbnailUrl":"https:\/\/www.organisator.ch\/wp-content\/uploads\/2016\/12\/Buero-Einrichtungshaus-regelt-Nachfolge-organisator.jpg","keywords":["Management","Management und Unternehmensf\u00fchrung","Unternehmen"],"articleSection":["MANAGEMENT"],"inLanguage":"de"},{"@type":"WebPage","@id":"https:\/\/www.organisator.ch\/management\/2016-05-09\/buero-einrichtungshaus-regelt-nachfolge\/","url":"https:\/\/www.organisator.ch\/management\/2016-05-09\/buero-einrichtungshaus-regelt-nachfolge\/","name":"B\u00fcro-Einrichtungshaus regelt Nachfolge - Organisator","isPartOf":{"@id":"https:\/\/www.organisator.ch\/#website"},"primaryImageOfPage":{"@id":"https:\/\/www.organisator.ch\/management\/2016-05-09\/buero-einrichtungshaus-regelt-nachfolge\/#primaryimage"},"image":{"@id":"https:\/\/www.organisator.ch\/management\/2016-05-09\/buero-einrichtungshaus-regelt-nachfolge\/#primaryimage"},"thumbnailUrl":"https:\/\/www.organisator.ch\/wp-content\/uploads\/2016\/12\/Buero-Einrichtungshaus-regelt-Nachfolge-organisator.jpg","datePublished":"2016-05-09T08:57:59+00:00","description":"Seit Anfang Mai steht das f\u00fchrende B\u00fcro Einrichtungshaus Bruno Wickart AG aus Zug unter einer neuen Leitung.","breadcrumb":{"@id":"https:\/\/www.organisator.ch\/management\/2016-05-09\/buero-einrichtungshaus-regelt-nachfolge\/#breadcrumb"},"inLanguage":"de","potentialAction":[{"@type":"ReadAction","target":["https:\/\/www.organisator.ch\/management\/2016-05-09\/buero-einrichtungshaus-regelt-nachfolge\/"]}]},{"@type":"ImageObject","inLanguage":"de","@id":"https:\/\/www.organisator.ch\/management\/2016-05-09\/buero-einrichtungshaus-regelt-nachfolge\/#primaryimage","url":"https:\/\/www.organisator.ch\/wp-content\/uploads\/2016\/12\/Buero-Einrichtungshaus-regelt-Nachfolge-organisator.jpg","contentUrl":"https:\/\/www.organisator.ch\/wp-content\/uploads\/2016\/12\/Buero-Einrichtungshaus-regelt-Nachfolge-organisator.jpg","width":427,"height":641,"caption":"Per Ende April \u00fcbernahm Isidoro Celentano im Zuge der Nachfolgeregelung die Bruno Wickart AG, das renommierte Unternehmen f\u00fcr B\u00fcro-, Objekt- und Wohneinrichtungen aus Zug. (Bild: zVg)"},{"@type":"BreadcrumbList","@id":"https:\/\/www.organisator.ch\/management\/2016-05-09\/buero-einrichtungshaus-regelt-nachfolge\/#breadcrumb","itemListElement":[{"@type":"ListItem","position":1,"name":"Home","item":"https:\/\/www.organisator.ch\/"},{"@type":"ListItem","position":2,"name":"B\u00fcro-Einrichtungshaus regelt Nachfolge"}]},{"@type":"WebSite","@id":"https:\/\/www.organisator.ch\/#website","url":"https:\/\/www.organisator.ch\/","name":"Organisator","description":"Kompetent. Praxisnah. Der ORGANISATOR bereitet in 10 Ausgaben pro Jahr die wesentlichen Themen f\u00fcr F\u00fchrungskr\u00e4fte von KMU auf.","publisher":{"@id":"https:\/\/www.organisator.ch\/#organization"},"potentialAction":[{"@type":"SearchAction","target":{"@type":"EntryPoint","urlTemplate":"https:\/\/www.organisator.ch\/?s={search_term_string}"},"query-input":{"@type":"PropertyValueSpecification","valueRequired":true,"valueName":"search_term_string"}}],"inLanguage":"de"},{"@type":"Organization","@id":"https:\/\/www.organisator.ch\/#organization","name":"Organisator","url":"https:\/\/www.organisator.ch\/","logo":{"@type":"ImageObject","inLanguage":"de","@id":"https:\/\/www.organisator.ch\/#\/schema\/logo\/image\/","url":"https:\/\/www.organisator.ch\/wp-content\/uploads\/2022\/01\/Logo_Organisator_Website.png","contentUrl":"https:\/\/www.organisator.ch\/wp-content\/uploads\/2022\/01\/Logo_Organisator_Website.png","width":800,"height":77,"caption":"Organisator"},"image":{"@id":"https:\/\/www.organisator.ch\/#\/schema\/logo\/image\/"},"sameAs":["https:\/\/www.facebook.com\/OrganisatorFachmagazin","https:\/\/www.linkedin.com\/showcase\/organisator-das-magazin-fr-kmu","https:\/\/www.xing.com\/news\/pages\/organisator-ch-695","https:\/\/www.youtube.com\/channel\/UCGP2Sq0iWaZwT3BdIAQFYpw"]},{"@type":"Person","@id":"https:\/\/www.organisator.ch\/#\/schema\/person\/aa2bace6c5c5aad60102004a50c4eb1c","name":"admin","image":{"@type":"ImageObject","inLanguage":"de","@id":"https:\/\/secure.gravatar.com\/avatar\/ae2f4d718e6c49043e314ce431e7e645d646302a24a5ef5a8bc8e3f5a032e319?s=96&d=mm&r=g","url":"https:\/\/secure.gravatar.com\/avatar\/ae2f4d718e6c49043e314ce431e7e645d646302a24a5ef5a8bc8e3f5a032e319?s=96&d=mm&r=g","contentUrl":"https:\/\/secure.gravatar.com\/avatar\/ae2f4d718e6c49043e314ce431e7e645d646302a24a5ef5a8bc8e3f5a032e319?s=96&d=mm&r=g","caption":"admin"},"sameAs":["https:\/\/www.organisator.ch"],"url":"https:\/\/www.organisator.ch\/de\/author\/admin\/"}]}},"_links":{"self":[{"href":"https:\/\/www.organisator.ch\/de\/wp-json\/wp\/v2\/posts\/474","targetHints":{"allow":["GET"]}}],"collection":[{"href":"https:\/\/www.organisator.ch\/de\/wp-json\/wp\/v2\/posts"}],"about":[{"href":"https:\/\/www.organisator.ch\/de\/wp-json\/wp\/v2\/types\/post"}],"author":[{"embeddable":true,"href":"https:\/\/www.organisator.ch\/de\/wp-json\/wp\/v2\/users\/1"}],"replies":[{"embeddable":true,"href":"https:\/\/www.organisator.ch\/de\/wp-json\/wp\/v2\/comments?post=474"}],"version-history":[{"count":0,"href":"https:\/\/www.organisator.ch\/de\/wp-json\/wp\/v2\/posts\/474\/revisions"}],"wp:featuredmedia":[{"embeddable":true,"href":"https:\/\/www.organisator.ch\/de\/wp-json\/wp\/v2\/media\/475"}],"wp:attachment":[{"href":"https:\/\/www.organisator.ch\/de\/wp-json\/wp\/v2\/media?parent=474"}],"wp:term":[{"taxonomy":"category","embeddable":true,"href":"https:\/\/www.organisator.ch\/de\/wp-json\/wp\/v2\/categories?post=474"},{"taxonomy":"post_tag","embeddable":true,"href":"https:\/\/www.organisator.ch\/de\/wp-json\/wp\/v2\/tags?post=474"}],"curies":[{"name":"wp","href":"https:\/\/api.w.org\/{rel}","templated":true}]}}