{"id":47447,"date":"2026-04-17T08:32:36","date_gmt":"2026-04-17T06:32:36","guid":{"rendered":"https:\/\/www.organisator.ch\/de\/?p=47447"},"modified":"2026-04-15T10:32:48","modified_gmt":"2026-04-15T08:32:48","slug":"sandro-mastroberardino-verstaerkt-verwaltungsrat-von-noser-fashion","status":"publish","type":"post","link":"https:\/\/www.organisator.ch\/de\/management\/2026-04-17\/sandro-mastroberardino-verstaerkt-verwaltungsrat-von-noser-fashion\/","title":{"rendered":"Sandro Mastroberardino verst\u00e4rkt Verwaltungsrat von Noser Fashion"},"content":{"rendered":"<figure id=\"attachment_47446\" aria-describedby=\"caption-attachment-47446\" style=\"width: 1211px\" class=\"wp-caption alignnone\"><img loading=\"lazy\" decoding=\"async\" class=\"size-full wp-image-47446\" src=\"https:\/\/www.organisator.ch\/wp-content\/uploads\/2026\/04\/Bild_Sandro_Mastroberardino.jpg\" alt=\"\" width=\"1211\" height=\"1181\" srcset=\"https:\/\/www.organisator.ch\/wp-content\/uploads\/2026\/04\/Bild_Sandro_Mastroberardino.jpg 1211w, https:\/\/www.organisator.ch\/wp-content\/uploads\/2026\/04\/Bild_Sandro_Mastroberardino-680x663.jpg 680w, https:\/\/www.organisator.ch\/wp-content\/uploads\/2026\/04\/Bild_Sandro_Mastroberardino-1024x999.jpg 1024w, https:\/\/www.organisator.ch\/wp-content\/uploads\/2026\/04\/Bild_Sandro_Mastroberardino-768x749.jpg 768w, https:\/\/www.organisator.ch\/wp-content\/uploads\/2026\/04\/Bild_Sandro_Mastroberardino-12x12.jpg 12w, https:\/\/www.organisator.ch\/wp-content\/uploads\/2026\/04\/Bild_Sandro_Mastroberardino-308x300.jpg 308w, https:\/\/www.organisator.ch\/wp-content\/uploads\/2026\/04\/Bild_Sandro_Mastroberardino-359x350.jpg 359w, https:\/\/www.organisator.ch\/wp-content\/uploads\/2026\/04\/Bild_Sandro_Mastroberardino-820x800.jpg 820w\" sizes=\"auto, (max-width: 1211px) 100vw, 1211px\" \/><figcaption id=\"caption-attachment-47446\" class=\"wp-caption-text\">Sandro Mastroberardino neu im Verwaltungsrat. Quelle: zvg<\/figcaption><\/figure>\n<p>Die Direct-to-Consumer-Marke Noser Fashion verst\u00e4rkt ihren Verwaltungsrat mit Sandro Mastroberardino. Die Ernennung ist ein logischer Schritt in der Entwicklung des Unternehmens: Mastroberardino ist bereits seit mehreren Jahren eng mit Noser Fashion verbunden und tief in die Produktions- und Entwicklungsprozesse integriert.<\/p>\n<h3>Langj\u00e4hrige Partnerschaft wird formalisiert<\/h3>\n<p>Mit seinem Familienunternehmen begleitet Mastroberardino die Marke seit l\u00e4ngerem bei der Entwicklung hochwertiger Textilien sowie bei der Umsetzung innovativer Produktionsl\u00f6sungen. Er verf\u00fcgt \u00fcber umfassende Erfahrung in der Textilproduktion und verantwortet in seinem eigenen Unternehmen insbesondere die technischen Aspekte sowie die Produktion. Seine Expertise basiert auf einem stark praxisorientierten Werdegang sowie fundierten Kenntnissen in Logistik und operativer F\u00fchrung.<\/p>\n<p>\u00abIch kenne Noser Fashion bereits seit vielen Jahren und habe die Entwicklung der Marke von Anfang an miterlebt\u00bb, sagt Sandro Mastroberardino. \u00abUmso mehr erf\u00fcllt es mich mit Stolz, nun auch offiziell Teil des Verwaltungsrats zu sein und die Zukunft des Unternehmens aktiv mitzugestalten.\u00bb<\/p>\n<h3>Pers\u00f6nliche Verbindung zur Marke<\/h3>\n<p>Als langj\u00e4hriger Partner und \u00fcberzeugter Nutzer der Produkte bringt Mastroberardino nicht nur fachliche Expertise, sondern auch eine starke pers\u00f6nliche Verbindung zur Marke mit. \u00abIch bin selbst ein grosser Fan der Marke. Noser steht f\u00fcr eine klare Vision: funktionale Kleidung f\u00fcr den Alltag auf h\u00f6chstem Niveau. Diese Kombination aus Innovation, Qualit\u00e4t und Design begeistert mich.\u00bb<\/p>\n<p>Sein Fokus liegt insbesondere auf der Weiterentwicklung der Produktion und der Produktinnovation: \u00abIch freue mich darauf, meine Erfahrung gezielt einzubringen und die Entwicklung in allen Bereichen weiter voranzutreiben \u2013 insbesondere in der Produktion und bei der kontinuierlichen Verbesserung unserer Produkte.\u00bb<\/p>\n<h3>Schl\u00fcsselrolle f\u00fcr weiteres Wachstum<\/h3>\n<p>\u00abDie Aufnahme von Sandro in den Verwaltungsrat ist f\u00fcr uns ein wichtiger Meilenstein\u00bb, sagt Stephan Noser, Inhaber und Gr\u00fcnder von Noser Fashion. \u00abEr kennt unsere DNA, unsere Produkte und unsere Produktionsprozesse bis ins Detail. Seine Erfahrung wird f\u00fcr unsere n\u00e4chsten Wachstumsschritte sehr wichtig sein.\u00bb<\/p>\n<p>Noser Fashion hat sich auf funktionale Alltagsbekleidung spezialisiert, die Performance und Stil vereint. Die Marke steht f\u00fcr h\u00f6chste Qualit\u00e4t bei Materialien und Verarbeitung \u2013 ein Bereich, den Mastroberardino bereits massgeblich mitgepr\u00e4gt hat. Die Produkte werden in der Schweiz entwickelt und vollst\u00e4ndig in der EU produziert. Dabei spielt die eigene Produktionsst\u00e4tte von Sandro Mastroberardino in der Slowakei eine Schl\u00fcsselrolle f\u00fcr Qualit\u00e4t, Innovationsgeschwindigkeit und Skalierbarkeit.<\/p>\n<h3>Ambitionierte Wachstumsziele<\/h3>\n<p>Seit diesem Jahr ist das Unternehmen auch verst\u00e4rkt im europ\u00e4ischen Markt t\u00e4tig und verzeichnet ein starkes Wachstum. In den kommenden zwei bis drei Jahren strebt Noser Fashion einen Umsatz von \u00fcber zehn Millionen Franken an. Die Skalierung der Produktion und die Weiterentwicklung der Lieferketten spielen dabei eine zentrale Rolle \u2013 Bereiche, in denen das Unternehmen gezielt auf die Expertise von Mastroberardino setzt.<\/p>\n<p>Mit der Erweiterung des Verwaltungsrats stellt Noser Fashion die Weichen f\u00fcr die n\u00e4chste Wachstumsphase und unterstreicht den Anspruch, sich langfristig als f\u00fchrende Marke im Bereich funktionale Alltagsbekleidung zu etablieren.<\/p>\n<p><em>Quelle: <a href=\"https:\/\/www.noser-fashion.com\/?srsltid=AfmBOoqq95-_tYnIeScerpIlOOJhZmAoOq5UvG6L9TqJq-G-cqK8aer_\">www.noser-fashion.com<\/a><\/em><\/p>\n","protected":false},"excerpt":{"rendered":"<p>Die Direct-to-Consumer-Marke Noser Fashion erweitert ihren Verwaltungsrat mit Sandro Mastroberardino. Der Textilexperte ist bereits seit Jahren als Produktionspartner mit dem Liechtensteiner Unternehmen verbunden und bringt umfassende Erfahrung in Textilproduktion und Logistik ein. Die Ernennung markiert einen wichtigen Schritt in der Wachstumsphase des Unternehmens.<\/p>\n","protected":false},"author":107,"featured_media":47446,"comment_status":"closed","ping_status":"closed","sticky":false,"template":"","format":"standard","meta":{"_acf_changed":false,"_yoast_wpseo_focuskw":"Noser Fashion Verwaltungsrat","_yoast_wpseo_metadesc":"Noser Fashion erweitert Verwaltungsrat mit Textilexperte Sandro Mastroberardino. Langj\u00e4hriger Partner bringt Produktions-Expertise ein.","articlekey":"","footnotes":""},"categories":[28],"tags":[328,334,5966,492,2471],"class_list":["post-47447","post","type-post","status-publish","format-standard","has-post-thumbnail","hentry","category-management","tag-logistik","tag-management","tag-textilproduktion","tag-unternehmen","tag-verwaltungsrat"],"acf":[],"yoast_head":"<!-- This site is optimized with the Yoast SEO plugin v27.5 - https:\/\/yoast.com\/product\/yoast-seo-wordpress\/ -->\n<title>Sandro Mastroberardino verst\u00e4rkt Verwaltungsrat von Noser Fashion - Organisator<\/title>\n<meta name=\"description\" content=\"Noser Fashion erweitert Verwaltungsrat mit Textilexperte Sandro Mastroberardino. Langj\u00e4hriger Partner bringt Produktions-Expertise ein.\" \/>\n<meta name=\"robots\" content=\"index, follow, max-snippet:-1, max-image-preview:large, max-video-preview:-1\" \/>\n<link rel=\"canonical\" href=\"https:\/\/www.organisator.ch\/de\/?p=47447\" \/>\n<meta property=\"og:locale\" content=\"de_DE\" \/>\n<meta property=\"og:type\" content=\"article\" \/>\n<meta property=\"og:title\" content=\"Sandro Mastroberardino verst\u00e4rkt Verwaltungsrat von Noser Fashion\" \/>\n<meta property=\"og:description\" content=\"Noser Fashion erweitert Verwaltungsrat mit Textilexperte Sandro Mastroberardino. Langj\u00e4hriger Partner bringt Produktions-Expertise ein.\" \/>\n<meta property=\"og:url\" content=\"https:\/\/www.organisator.ch\/de\/?p=47447\" \/>\n<meta property=\"og:site_name\" content=\"Organisator\" \/>\n<meta property=\"article:publisher\" content=\"https:\/\/www.facebook.com\/OrganisatorFachmagazin\" \/>\n<meta property=\"article:published_time\" content=\"2026-04-17T06:32:36+00:00\" \/>\n<meta property=\"og:image\" content=\"https:\/\/www.organisator.ch\/wp-content\/uploads\/2026\/04\/Bild_Sandro_Mastroberardino.jpg\" \/>\n\t<meta property=\"og:image:width\" content=\"1211\" \/>\n\t<meta property=\"og:image:height\" content=\"1181\" \/>\n\t<meta property=\"og:image:type\" content=\"image\/jpeg\" \/>\n<meta name=\"author\" content=\"n8n\" \/>\n<meta name=\"twitter:card\" content=\"summary_large_image\" \/>\n<meta name=\"twitter:title\" content=\"Sandro Mastroberardino verst\u00e4rkt Verwaltungsrat von Noser Fashion\" \/>\n<meta name=\"twitter:description\" content=\"#Noser #Fashion erweitert #Verwaltungsrat mit #Textilexperte #Sandro #Mastroberardino. Langj\u00e4hriger #Partner bringt #Produktions-Expertise ein.\" \/>\n<meta name=\"twitter:image\" content=\"https:\/\/www.organisator.ch\/wp-content\/uploads\/2026\/04\/Bild_Sandro_Mastroberardino.jpg\" \/>\n<script type=\"application\/ld+json\" class=\"yoast-schema-graph\">{\"@context\":\"https:\\\/\\\/schema.org\",\"@graph\":[{\"@type\":\"Article\",\"@id\":\"https:\\\/\\\/www.organisator.ch\\\/?p=47447#article\",\"isPartOf\":{\"@id\":\"https:\\\/\\\/www.organisator.ch\\\/?p=47447\"},\"author\":{\"name\":\"n8n\",\"@id\":\"https:\\\/\\\/www.organisator.ch\\\/#\\\/schema\\\/person\\\/a9d0e0eff238db87a8f840f3b50359f0\"},\"headline\":\"Sandro Mastroberardino verst\u00e4rkt Verwaltungsrat von Noser Fashion\",\"datePublished\":\"2026-04-17T06:32:36+00:00\",\"mainEntityOfPage\":{\"@id\":\"https:\\\/\\\/www.organisator.ch\\\/?p=47447\"},\"wordCount\":504,\"publisher\":{\"@id\":\"https:\\\/\\\/www.organisator.ch\\\/#organization\"},\"image\":{\"@id\":\"https:\\\/\\\/www.organisator.ch\\\/?p=47447#primaryimage\"},\"thumbnailUrl\":\"https:\\\/\\\/www.organisator.ch\\\/wp-content\\\/uploads\\\/2026\\\/04\\\/Bild_Sandro_Mastroberardino.jpg\",\"keywords\":[\"Logistik\",\"Management\",\"Textilproduktion\",\"Unternehmen\",\"Verwaltungsrat\"],\"articleSection\":[\"MANAGEMENT\"],\"inLanguage\":\"de\"},{\"@type\":\"WebPage\",\"@id\":\"https:\\\/\\\/www.organisator.ch\\\/?p=47447\",\"url\":\"https:\\\/\\\/www.organisator.ch\\\/?p=47447\",\"name\":\"Sandro Mastroberardino verst\u00e4rkt Verwaltungsrat von Noser Fashion - Organisator\",\"isPartOf\":{\"@id\":\"https:\\\/\\\/www.organisator.ch\\\/#website\"},\"primaryImageOfPage\":{\"@id\":\"https:\\\/\\\/www.organisator.ch\\\/?p=47447#primaryimage\"},\"image\":{\"@id\":\"https:\\\/\\\/www.organisator.ch\\\/?p=47447#primaryimage\"},\"thumbnailUrl\":\"https:\\\/\\\/www.organisator.ch\\\/wp-content\\\/uploads\\\/2026\\\/04\\\/Bild_Sandro_Mastroberardino.jpg\",\"datePublished\":\"2026-04-17T06:32:36+00:00\",\"description\":\"Noser Fashion erweitert Verwaltungsrat mit Textilexperte Sandro Mastroberardino. Langj\u00e4hriger Partner bringt Produktions-Expertise ein.\",\"breadcrumb\":{\"@id\":\"https:\\\/\\\/www.organisator.ch\\\/?p=47447#breadcrumb\"},\"inLanguage\":\"de\",\"potentialAction\":[{\"@type\":\"ReadAction\",\"target\":[\"https:\\\/\\\/www.organisator.ch\\\/?p=47447\"]}]},{\"@type\":\"ImageObject\",\"inLanguage\":\"de\",\"@id\":\"https:\\\/\\\/www.organisator.ch\\\/?p=47447#primaryimage\",\"url\":\"https:\\\/\\\/www.organisator.ch\\\/wp-content\\\/uploads\\\/2026\\\/04\\\/Bild_Sandro_Mastroberardino.jpg\",\"contentUrl\":\"https:\\\/\\\/www.organisator.ch\\\/wp-content\\\/uploads\\\/2026\\\/04\\\/Bild_Sandro_Mastroberardino.jpg\",\"width\":1211,\"height\":1181,\"caption\":\"Sandro Mastroberardino neu im Verwaltungsrat. Quelle: zvg\"},{\"@type\":\"BreadcrumbList\",\"@id\":\"https:\\\/\\\/www.organisator.ch\\\/?p=47447#breadcrumb\",\"itemListElement\":[{\"@type\":\"ListItem\",\"position\":1,\"name\":\"Home\",\"item\":\"https:\\\/\\\/www.organisator.ch\\\/\"},{\"@type\":\"ListItem\",\"position\":2,\"name\":\"Sandro Mastroberardino verst\u00e4rkt Verwaltungsrat von Noser Fashion\"}]},{\"@type\":\"WebSite\",\"@id\":\"https:\\\/\\\/www.organisator.ch\\\/#website\",\"url\":\"https:\\\/\\\/www.organisator.ch\\\/\",\"name\":\"Organisator\",\"description\":\"Kompetent. Praxisnah. Der ORGANISATOR bereitet in 10 Ausgaben pro Jahr die wesentlichen Themen f\u00fcr F\u00fchrungskr\u00e4fte von KMU auf.\",\"publisher\":{\"@id\":\"https:\\\/\\\/www.organisator.ch\\\/#organization\"},\"potentialAction\":[{\"@type\":\"SearchAction\",\"target\":{\"@type\":\"EntryPoint\",\"urlTemplate\":\"https:\\\/\\\/www.organisator.ch\\\/?s={search_term_string}\"},\"query-input\":{\"@type\":\"PropertyValueSpecification\",\"valueRequired\":true,\"valueName\":\"search_term_string\"}}],\"inLanguage\":\"de\"},{\"@type\":\"Organization\",\"@id\":\"https:\\\/\\\/www.organisator.ch\\\/#organization\",\"name\":\"Organisator\",\"url\":\"https:\\\/\\\/www.organisator.ch\\\/\",\"logo\":{\"@type\":\"ImageObject\",\"inLanguage\":\"de\",\"@id\":\"https:\\\/\\\/www.organisator.ch\\\/#\\\/schema\\\/logo\\\/image\\\/\",\"url\":\"https:\\\/\\\/www.organisator.ch\\\/wp-content\\\/uploads\\\/2022\\\/01\\\/Logo_Organisator_Website.png\",\"contentUrl\":\"https:\\\/\\\/www.organisator.ch\\\/wp-content\\\/uploads\\\/2022\\\/01\\\/Logo_Organisator_Website.png\",\"width\":800,\"height\":77,\"caption\":\"Organisator\"},\"image\":{\"@id\":\"https:\\\/\\\/www.organisator.ch\\\/#\\\/schema\\\/logo\\\/image\\\/\"},\"sameAs\":[\"https:\\\/\\\/www.facebook.com\\\/OrganisatorFachmagazin\",\"https:\\\/\\\/www.linkedin.com\\\/showcase\\\/organisator-das-magazin-fr-kmu\",\"https:\\\/\\\/www.xing.com\\\/news\\\/pages\\\/organisator-ch-695\",\"https:\\\/\\\/www.youtube.com\\\/channel\\\/UCGP2Sq0iWaZwT3BdIAQFYpw\"]},{\"@type\":\"Person\",\"@id\":\"https:\\\/\\\/www.organisator.ch\\\/#\\\/schema\\\/person\\\/a9d0e0eff238db87a8f840f3b50359f0\",\"name\":\"n8n\",\"image\":{\"@type\":\"ImageObject\",\"inLanguage\":\"de\",\"@id\":\"https:\\\/\\\/secure.gravatar.com\\\/avatar\\\/5368fb9d03fd415a6f335cece4c15af2502d6ca8651efbd6e8f98427a9795400?s=96&d=mm&r=g\",\"url\":\"https:\\\/\\\/secure.gravatar.com\\\/avatar\\\/5368fb9d03fd415a6f335cece4c15af2502d6ca8651efbd6e8f98427a9795400?s=96&d=mm&r=g\",\"contentUrl\":\"https:\\\/\\\/secure.gravatar.com\\\/avatar\\\/5368fb9d03fd415a6f335cece4c15af2502d6ca8651efbd6e8f98427a9795400?s=96&d=mm&r=g\",\"caption\":\"n8n\"},\"url\":\"https:\\\/\\\/www.organisator.ch\\\/de\\\/author\\\/n8n\\\/\"}]}<\/script>\n<!-- \/ Yoast SEO plugin. -->","yoast_head_json":{"title":"Sandro Mastroberardino verst\u00e4rkt Verwaltungsrat von Noser Fashion - Organisator","description":"Noser Fashion erweitert Verwaltungsrat mit Textilexperte Sandro Mastroberardino. Langj\u00e4hriger Partner bringt Produktions-Expertise ein.","robots":{"index":"index","follow":"follow","max-snippet":"max-snippet:-1","max-image-preview":"max-image-preview:large","max-video-preview":"max-video-preview:-1"},"canonical":"https:\/\/www.organisator.ch\/de\/?p=47447","og_locale":"de_DE","og_type":"article","og_title":"Sandro Mastroberardino verst\u00e4rkt Verwaltungsrat von Noser Fashion","og_description":"Noser Fashion erweitert Verwaltungsrat mit Textilexperte Sandro Mastroberardino. Langj\u00e4hriger Partner bringt Produktions-Expertise ein.","og_url":"https:\/\/www.organisator.ch\/de\/?p=47447","og_site_name":"Organisator","article_publisher":"https:\/\/www.facebook.com\/OrganisatorFachmagazin","article_published_time":"2026-04-17T06:32:36+00:00","og_image":[{"width":1211,"height":1181,"url":"https:\/\/www.organisator.ch\/wp-content\/uploads\/2026\/04\/Bild_Sandro_Mastroberardino.jpg","type":"image\/jpeg"}],"author":"n8n","twitter_card":"summary_large_image","twitter_title":"Sandro Mastroberardino verst\u00e4rkt Verwaltungsrat von Noser Fashion","twitter_description":"#Noser #Fashion erweitert #Verwaltungsrat mit #Textilexperte #Sandro #Mastroberardino. Langj\u00e4hriger #Partner bringt #Produktions-Expertise ein.","twitter_image":"https:\/\/www.organisator.ch\/wp-content\/uploads\/2026\/04\/Bild_Sandro_Mastroberardino.jpg","schema":{"@context":"https:\/\/schema.org","@graph":[{"@type":"Article","@id":"https:\/\/www.organisator.ch\/?p=47447#article","isPartOf":{"@id":"https:\/\/www.organisator.ch\/?p=47447"},"author":{"name":"n8n","@id":"https:\/\/www.organisator.ch\/#\/schema\/person\/a9d0e0eff238db87a8f840f3b50359f0"},"headline":"Sandro Mastroberardino verst\u00e4rkt Verwaltungsrat von Noser Fashion","datePublished":"2026-04-17T06:32:36+00:00","mainEntityOfPage":{"@id":"https:\/\/www.organisator.ch\/?p=47447"},"wordCount":504,"publisher":{"@id":"https:\/\/www.organisator.ch\/#organization"},"image":{"@id":"https:\/\/www.organisator.ch\/?p=47447#primaryimage"},"thumbnailUrl":"https:\/\/www.organisator.ch\/wp-content\/uploads\/2026\/04\/Bild_Sandro_Mastroberardino.jpg","keywords":["Logistik","Management","Textilproduktion","Unternehmen","Verwaltungsrat"],"articleSection":["MANAGEMENT"],"inLanguage":"de"},{"@type":"WebPage","@id":"https:\/\/www.organisator.ch\/?p=47447","url":"https:\/\/www.organisator.ch\/?p=47447","name":"Sandro Mastroberardino verst\u00e4rkt Verwaltungsrat von Noser Fashion - Organisator","isPartOf":{"@id":"https:\/\/www.organisator.ch\/#website"},"primaryImageOfPage":{"@id":"https:\/\/www.organisator.ch\/?p=47447#primaryimage"},"image":{"@id":"https:\/\/www.organisator.ch\/?p=47447#primaryimage"},"thumbnailUrl":"https:\/\/www.organisator.ch\/wp-content\/uploads\/2026\/04\/Bild_Sandro_Mastroberardino.jpg","datePublished":"2026-04-17T06:32:36+00:00","description":"Noser Fashion erweitert Verwaltungsrat mit Textilexperte Sandro Mastroberardino. Langj\u00e4hriger Partner bringt Produktions-Expertise ein.","breadcrumb":{"@id":"https:\/\/www.organisator.ch\/?p=47447#breadcrumb"},"inLanguage":"de","potentialAction":[{"@type":"ReadAction","target":["https:\/\/www.organisator.ch\/?p=47447"]}]},{"@type":"ImageObject","inLanguage":"de","@id":"https:\/\/www.organisator.ch\/?p=47447#primaryimage","url":"https:\/\/www.organisator.ch\/wp-content\/uploads\/2026\/04\/Bild_Sandro_Mastroberardino.jpg","contentUrl":"https:\/\/www.organisator.ch\/wp-content\/uploads\/2026\/04\/Bild_Sandro_Mastroberardino.jpg","width":1211,"height":1181,"caption":"Sandro Mastroberardino neu im Verwaltungsrat. Quelle: zvg"},{"@type":"BreadcrumbList","@id":"https:\/\/www.organisator.ch\/?p=47447#breadcrumb","itemListElement":[{"@type":"ListItem","position":1,"name":"Home","item":"https:\/\/www.organisator.ch\/"},{"@type":"ListItem","position":2,"name":"Sandro Mastroberardino verst\u00e4rkt Verwaltungsrat von Noser Fashion"}]},{"@type":"WebSite","@id":"https:\/\/www.organisator.ch\/#website","url":"https:\/\/www.organisator.ch\/","name":"Organisator","description":"Kompetent. Praxisnah. Der ORGANISATOR bereitet in 10 Ausgaben pro Jahr die wesentlichen Themen f\u00fcr F\u00fchrungskr\u00e4fte von KMU auf.","publisher":{"@id":"https:\/\/www.organisator.ch\/#organization"},"potentialAction":[{"@type":"SearchAction","target":{"@type":"EntryPoint","urlTemplate":"https:\/\/www.organisator.ch\/?s={search_term_string}"},"query-input":{"@type":"PropertyValueSpecification","valueRequired":true,"valueName":"search_term_string"}}],"inLanguage":"de"},{"@type":"Organization","@id":"https:\/\/www.organisator.ch\/#organization","name":"Organisator","url":"https:\/\/www.organisator.ch\/","logo":{"@type":"ImageObject","inLanguage":"de","@id":"https:\/\/www.organisator.ch\/#\/schema\/logo\/image\/","url":"https:\/\/www.organisator.ch\/wp-content\/uploads\/2022\/01\/Logo_Organisator_Website.png","contentUrl":"https:\/\/www.organisator.ch\/wp-content\/uploads\/2022\/01\/Logo_Organisator_Website.png","width":800,"height":77,"caption":"Organisator"},"image":{"@id":"https:\/\/www.organisator.ch\/#\/schema\/logo\/image\/"},"sameAs":["https:\/\/www.facebook.com\/OrganisatorFachmagazin","https:\/\/www.linkedin.com\/showcase\/organisator-das-magazin-fr-kmu","https:\/\/www.xing.com\/news\/pages\/organisator-ch-695","https:\/\/www.youtube.com\/channel\/UCGP2Sq0iWaZwT3BdIAQFYpw"]},{"@type":"Person","@id":"https:\/\/www.organisator.ch\/#\/schema\/person\/a9d0e0eff238db87a8f840f3b50359f0","name":"n8n","image":{"@type":"ImageObject","inLanguage":"de","@id":"https:\/\/secure.gravatar.com\/avatar\/5368fb9d03fd415a6f335cece4c15af2502d6ca8651efbd6e8f98427a9795400?s=96&d=mm&r=g","url":"https:\/\/secure.gravatar.com\/avatar\/5368fb9d03fd415a6f335cece4c15af2502d6ca8651efbd6e8f98427a9795400?s=96&d=mm&r=g","contentUrl":"https:\/\/secure.gravatar.com\/avatar\/5368fb9d03fd415a6f335cece4c15af2502d6ca8651efbd6e8f98427a9795400?s=96&d=mm&r=g","caption":"n8n"},"url":"https:\/\/www.organisator.ch\/de\/author\/n8n\/"}]}},"_links":{"self":[{"href":"https:\/\/www.organisator.ch\/de\/wp-json\/wp\/v2\/posts\/47447","targetHints":{"allow":["GET"]}}],"collection":[{"href":"https:\/\/www.organisator.ch\/de\/wp-json\/wp\/v2\/posts"}],"about":[{"href":"https:\/\/www.organisator.ch\/de\/wp-json\/wp\/v2\/types\/post"}],"author":[{"embeddable":true,"href":"https:\/\/www.organisator.ch\/de\/wp-json\/wp\/v2\/users\/107"}],"replies":[{"embeddable":true,"href":"https:\/\/www.organisator.ch\/de\/wp-json\/wp\/v2\/comments?post=47447"}],"version-history":[{"count":6,"href":"https:\/\/www.organisator.ch\/de\/wp-json\/wp\/v2\/posts\/47447\/revisions"}],"predecessor-version":[{"id":47753,"href":"https:\/\/www.organisator.ch\/de\/wp-json\/wp\/v2\/posts\/47447\/revisions\/47753"}],"wp:featuredmedia":[{"embeddable":true,"href":"https:\/\/www.organisator.ch\/de\/wp-json\/wp\/v2\/media\/47446"}],"wp:attachment":[{"href":"https:\/\/www.organisator.ch\/de\/wp-json\/wp\/v2\/media?parent=47447"}],"wp:term":[{"taxonomy":"category","embeddable":true,"href":"https:\/\/www.organisator.ch\/de\/wp-json\/wp\/v2\/categories?post=47447"},{"taxonomy":"post_tag","embeddable":true,"href":"https:\/\/www.organisator.ch\/de\/wp-json\/wp\/v2\/tags?post=47447"}],"curies":[{"name":"wp","href":"https:\/\/api.w.org\/{rel}","templated":true}]}}