{"id":47463,"date":"2026-04-20T08:33:29","date_gmt":"2026-04-20T06:33:29","guid":{"rendered":"https:\/\/www.markt-kom.com\/de\/?p=253737"},"modified":"2026-04-20T08:26:31","modified_gmt":"2026-04-20T06:26:31","slug":"future-summit-thenewnow-wenn-marken-an-relevanz-verlieren-liegt-es-selten-am-material","status":"publish","type":"post","link":"https:\/\/www.organisator.ch\/de\/marketing\/2026-04-20\/future-summit-thenewnow-wenn-marken-an-relevanz-verlieren-liegt-es-selten-am-material\/","title":{"rendered":"Future Summit TheNewNow: \u00abWenn Marken an Relevanz verlieren, liegt es selten am Material\u00bb"},"content":{"rendered":"<figure id=\"attachment_253735\" class=\"wp-caption alignnone\" style=\"width: 1400px;\" aria-describedby=\"caption-attachment-253735\"><img class=\"size-full wp-image-253735\" src=\"https:\/\/www.markt-kom.com\/wp-content\/uploads\/2026\/04\/IMG_3591-scaled.jpg\" alt=\"\" width=\"1400\" height=\"1345\" \/>\r\n<figcaption id=\"caption-attachment-253735\" class=\"wp-caption-text\">Evelyn Gorgos l\u00e4dt zum Future Summit TheNewNow. Quelle: KO Photography<\/figcaption>\r\n<\/figure>\r\n<p>Luxus befindet sich in einer Phase tiefgreifender Neuausrichtung. Technologische Beschleunigung, ver\u00e4nderte Kundenwerte und neue Generationen stellen etablierte Annahmen in Frage. Der Future Summit schafft den Raum, diese Ver\u00e4nderungen gemeinsam zu durchdenken \u2013 ehrlich, branchen\u00fcbergreifend und auf Augenh\u00f6he. Als Weiterentwicklung des Swiss Deluxe Hotels Media Summit bringt das Format erstmals die gesamte Schweizer Luxusindustrie an einen Tisch: Hospitality, Uhrenmarken, Privatbanken, Gesundheitssektor und Luxus-Retail. Rund 350 Entscheiderinnen und Entscheider, Kreative und Innovatoren gestalten ihren eigenen Tag \u2013 mit mehr als 100 Sessions in den Bereichen Media, Business, AI und New Work.\u00a0 F\u00fcnf Keynotes setzen die inhaltlichen Ankerpunkte, erg\u00e4nzt durch Workshops, Panels und offene Gespr\u00e4chsformate. Der Austragungsort spiegelt das Konzept: Das Headsquarter-Netzwerk in Z\u00fcrich bietet nicht nur Infrastruktur, sondern Atmosph\u00e4re.\u00a0Was bleiben soll sind neue Verbindungen \u2013 zu Menschen, Ideen und konkreten n\u00e4chsten Schritten.\u00a0Wir haben bei Initiatorin Evelyn Gorgos nachgefragt, was dahintersteckt.<\/p>\r\n<p><strong>Was unterscheidet den Future Summit von klassischen Konferenzen im Bereich Business und Innovation?<\/strong><\/p>\r\n<p>Beim Future Summit gibt es keinen Masterplan, den wir von der B\u00fchne verk\u00fcnden. Stattdessen schaffen wir einen Raum, in dem echte Begegnung m\u00f6glich ist \u2013 mit Reibung, Perspektivenwechsel und offenem Dialog. Die Teilnehmer gestalten ihren Tag selbst und w\u00e4hlen aus \u00fcber 100 Sessions, was sie wirklich weiterbringt. Weniger Frontalunterricht und mehr kollektive Intelligenz in Aktion.<\/p>\r\n<p><strong>Warum steht beim Future Summit das Thema \u201eRelevanz statt Status\u201c im Zentrum?<\/strong><\/p>\r\n<p>Luxus definiert sich heute nicht mehr \u00fcber den Preis sondern \u00fcber Bedeutung, Authentizit\u00e4t und kulturelle Verbindung. Wenn Marken an Relevanz verlieren, liegt es selten am Material. Es liegt daran, dass sie die emotionale Verbindung zu Menschen verloren haben. Genau das ist die Frage, die wir gemeinsam stellen wollen: Was macht eine Marke heute wirklich bedeutsam?<\/p>\r\n<p><strong>Welche Rolle spielt KI konkret f\u00fcr Luxus, Markenf\u00fchrung und Kommunikation?<\/strong><\/p>\r\n<p>KI ver\u00e4ndert kreative Prozesse grundlegend. Ein gutes Beispiel ist Oliver Rust, ehemaliger Starfotograf, der heute aktiv auf KI setzt. Und S\u00e9bastien F\u00e9lix (Influence Society) analysiert, wie KI kreative Disruption ausl\u00f6st und was das f\u00fcr die Haltung und das Mindset von F\u00fchrungspersonen bedeutet. Die entscheidende Frage ist nicht: Was kann KI? Sondern: Was bleibt zutiefst menschlich und wie k\u00f6nnen wir das in Zukunft sch\u00fctzen?<\/p>\r\n<p><strong>Wie ver\u00e4ndert sich die Definition von Luxus laut den Experten des Future Summit?<\/strong><\/p>\r\n<p>Wir erleben eine Phase der Selbstpr\u00fcfung im Luxussegment. Relevanz entsteht durch authentische Geschichten und echte Verbindung. Um den Begriff \u00abNew Luxury\u00bb zu verstehen, lohnt sich auch ein Blick nach Asien \u2013 hier hat diese Bewegung schon seit L\u00e4ngerem eingesetzt \u2013 mit einer anderen Dynamik und einer nativen Verbindung von Technologie, Kultur und Konsum. Das k\u00f6nnen wir nicht ignorieren.<\/p>\r\n<p><strong>Welche Branchen profitieren besonders vom interdisziplin\u00e4ren Austausch?<\/strong><\/p>\r\n<p>Ob Uhrenmarke, Privatbank, Mobilit\u00e4tsanbieter, Gesundheitssektor oder Luxus-Retail, die strategischen Fragen sind dieselben und genau deshalb bringen wir sie zusammen. L\u00f6sungen, die innerhalb eines einzelnen Segments nie entstanden w\u00e4ren, entstehen, wenn unterschiedliche Perspektiven aufeinandertreffen.<\/p>\r\n<p><strong>Warum setzt der Future Summit bewusst auf Dialogformate statt reine Vortr\u00e4ge?<\/strong><\/p>\r\n<p>Weil ein Vortrag Wissen \u00fcbertr\u00e4gt, aber ein Gespr\u00e4ch Denken ver\u00e4ndert. Wir wollen nicht, dass Menschen mit einem Notizbuch voller Inputs nach Hause gehen und dann zum Alltag zur\u00fcckkehren. Wir Ideen und Formate, die Raum geben f\u00fcr das, was in der menschlichen Interaktion entsteht. Deshalb setzen wir ganz bewusst auch auf das Format Workshop: mit Claudio Del Principe, mit einem Pasta-Workshop zur Team-Building-Erfahrung, Verpackungsk\u00fcnstlerin Manuela Menzi, die zeigt, was das Arbeiten mit Farben und Collagen ausl\u00f6st, Gaudenz Looser, der eine offenen Fragerunde startet und Fitnesscoach Stefan Cerny. Handwerk, Gemeinschaft, echtes Tun \u2013 das ist auch eine Form von Dialog.<\/p>\r\n<p><strong>Welche konkreten Erkenntnisse und \u201eNext Steps\u201c k\u00f6nnen Teilnehmer erwarten?<\/strong><\/p>\r\n<p>Die Teilnehmer bekommen Impulse aus anderen Branchen und von Menschen, die bereits dort sind, wo viele gerade erst hinwollen. Und gleichzeitig treffen sie auf Personen, mit denen etwas entstehen kann \u2013 ein Projekt, eine Zusammenarbeit, eine neue Perspektive auf das eigene Business. Wie es Anil Varghese, CEO von Headsquarter, auf den Punkt bringt: Es geht um den richtigen Menschen zur richtigen Zeit. Genau das wollen wir erm\u00f6glichen: konkrete Ankn\u00fcpfungspunkten, erste L\u00f6sungsans\u00e4tze und das Gef\u00fchl, sich wirklich etwas mitgenommen zu haben.<\/p>\r\n<p><strong>Wie wird New Work und Leadership im Kontext technologischer Ver\u00e4nderung behandelt?<\/strong><\/p>\r\n<p>Es geht nicht um New-Work-Buzzwords, sondern um die Frage: Was braucht F\u00fchrung wirklich, wenn Technologie alles beschleunigt und Verl\u00e4sslichkeit neu definiert werden muss? Gleichzeitig schauen wir, was Kultur bedeutet, wie R\u00e4ume und Strukturen entstehen, in denen Menschen wirklich gut arbeiten k\u00f6nnen.<\/p>\r\n<p><strong>Welche Bedeutung haben pers\u00f6nliche Begegnungen in einer digitalen Welt?<\/strong><\/p>\r\n<p>TheNewNow ist f\u00fcr mich ein Statement: Verbindung schl\u00e4gt Reichweite. In einer schnell rotierenden Informationswelt entsteht Relevanz durch Vertrauen und Vertrauen durch pers\u00f6nliche Begegnung.<\/p>\r\n<p><strong>F\u00fcr wen ist der Future Summit besonders relevant \u2013 und wer sollte nicht fehlen?<\/strong><\/p>\r\n<p>Alle, die nicht warten wollen, bis andere die Antworten f\u00fcr sie formulieren und offen sind f\u00fcr Perspektiven jenseits der eigenen Bubble.<\/p>\r\n<hr \/>\r\n<p>Weitere Informationen zum Future Summit TheNewNow finden Sie unter <a href=\"https:\/\/www.thenewnow.ch\/\" rel=\"noopener\">www.thenewnow.ch<\/a>.<\/p>\r\n<p><img class=\"alignnone size-full wp-image-253741\" src=\"https:\/\/www.markt-kom.com\/wp-content\/uploads\/2026\/04\/TNNspecial20-scaled.png\" sizes=\"(max-width: 1120px) 100vw, 1120px\" srcset=\"https:\/\/www.markt-kom.com\/wp-content\/uploads\/2026\/04\/TNNspecial20-scaled.png 800w, https:\/\/www.markt-kom.com\/wp-content\/uploads\/2026\/04\/TNNspecial20-480x600.png 480w, https:\/\/www.markt-kom.com\/wp-content\/uploads\/2026\/04\/TNNspecial20-768x960.png 768w, https:\/\/www.markt-kom.com\/wp-content\/uploads\/2026\/04\/TNNspecial20-1229x1536.png 1229w, https:\/\/www.markt-kom.com\/wp-content\/uploads\/2026\/04\/TNNspecial20-1638x2048.png 1638w, https:\/\/www.markt-kom.com\/wp-content\/uploads\/2026\/04\/TNNspecial20-10x12.png 10w, https:\/\/www.markt-kom.com\/wp-content\/uploads\/2026\/04\/TNNspecial20-140x175.png 140w, https:\/\/www.markt-kom.com\/wp-content\/uploads\/2026\/04\/TNNspecial20-280x350.png 280w, https:\/\/www.markt-kom.com\/wp-content\/uploads\/2026\/04\/TNNspecial20-640x800.png 640w\" alt=\"\" width=\"1120\" height=\"1400\" \/><\/p>","protected":false},"excerpt":{"rendered":"<p>Am 22. April 2026 findet in Z\u00fcrich der Future Summit TheNewNow statt. Die Veranstaltung setzt auf Dialog statt Frontalunterricht und bietet mehr als 100 Sessions zu Themen wie KI, New Luxury und Leadership. Im Zentrum steht die Frage, was Marken heute wirklich bedeutsam macht, erkl\u00e4rt Initiatorin Evelyn Gorgos im Exklusiv-Interview mit m&amp;k.<\/p>\n","protected":false},"author":107,"featured_media":0,"comment_status":"closed","ping_status":"closed","sticky":false,"template":"","format":"standard","meta":{"_acf_changed":false,"_yoast_wpseo_focuskw":"Future Summit","_yoast_wpseo_metadesc":"Am 22. April 2026 findet in Z\u00fcrich der Future Summit TheNewNow statt. Die Veranstaltung setzt auf Dialog statt Frontalunterricht.","articlekey":"","footnotes":""},"categories":[29],"tags":[5964,4343],"class_list":["post-47463","post","type-post","status-publish","format-standard","hentry","category-marketing","tag-future-summit","tag-markom"],"acf":[],"yoast_head":"<!-- This site is optimized with the Yoast SEO plugin v27.5 - https:\/\/yoast.com\/product\/yoast-seo-wordpress\/ -->\n<title>Future Summit TheNewNow: \u00abWenn Marken an Relevanz verlieren, liegt es selten am Material\u00bb - Organisator<\/title>\n<meta name=\"description\" content=\"Am 22. April 2026 findet in Z\u00fcrich der Future Summit TheNewNow statt. Die Veranstaltung setzt auf Dialog statt Frontalunterricht.\" \/>\n<meta name=\"robots\" content=\"index, follow, max-snippet:-1, max-image-preview:large, max-video-preview:-1\" \/>\n<link rel=\"canonical\" href=\"https:\/\/www.organisator.ch\/de\/marketing\/2026-04-20\/future-summit-thenewnow-wenn-marken-an-relevanz-verlieren-liegt-es-selten-am-material\/\" \/>\n<meta property=\"og:locale\" content=\"de_DE\" \/>\n<meta property=\"og:type\" content=\"article\" \/>\n<meta property=\"og:title\" content=\"Future Summit TheNewNow: \u00abWenn Marken an Relevanz verlieren, liegt es selten am Material\u00bb - Organisator\" \/>\n<meta property=\"og:description\" content=\"Am 22. April 2026 findet in Z\u00fcrich der Future Summit TheNewNow statt. Die Veranstaltung setzt auf Dialog statt Frontalunterricht.\" \/>\n<meta property=\"og:url\" content=\"https:\/\/www.organisator.ch\/de\/marketing\/2026-04-20\/future-summit-thenewnow-wenn-marken-an-relevanz-verlieren-liegt-es-selten-am-material\/\" \/>\n<meta property=\"og:site_name\" content=\"Organisator\" \/>\n<meta property=\"article:publisher\" content=\"https:\/\/www.facebook.com\/OrganisatorFachmagazin\" \/>\n<meta property=\"article:published_time\" content=\"2026-04-20T06:33:29+00:00\" \/>\n<meta name=\"author\" content=\"n8n\" \/>\n<meta name=\"twitter:card\" content=\"summary_large_image\" \/>\n<script type=\"application\/ld+json\" class=\"yoast-schema-graph\">{\"@context\":\"https:\\\/\\\/schema.org\",\"@graph\":[{\"@type\":\"Article\",\"@id\":\"https:\\\/\\\/www.organisator.ch\\\/marketing\\\/2026-04-20\\\/future-summit-thenewnow-wenn-marken-an-relevanz-verlieren-liegt-es-selten-am-material\\\/#article\",\"isPartOf\":{\"@id\":\"https:\\\/\\\/www.organisator.ch\\\/marketing\\\/2026-04-20\\\/future-summit-thenewnow-wenn-marken-an-relevanz-verlieren-liegt-es-selten-am-material\\\/\"},\"author\":{\"name\":\"n8n\",\"@id\":\"https:\\\/\\\/www.organisator.ch\\\/#\\\/schema\\\/person\\\/a9d0e0eff238db87a8f840f3b50359f0\"},\"headline\":\"Future Summit TheNewNow: \u00abWenn Marken an Relevanz verlieren, liegt es selten am Material\u00bb\",\"datePublished\":\"2026-04-20T06:33:29+00:00\",\"mainEntityOfPage\":{\"@id\":\"https:\\\/\\\/www.organisator.ch\\\/marketing\\\/2026-04-20\\\/future-summit-thenewnow-wenn-marken-an-relevanz-verlieren-liegt-es-selten-am-material\\\/\"},\"wordCount\":859,\"publisher\":{\"@id\":\"https:\\\/\\\/www.organisator.ch\\\/#organization\"},\"image\":{\"@id\":\"https:\\\/\\\/www.organisator.ch\\\/marketing\\\/2026-04-20\\\/future-summit-thenewnow-wenn-marken-an-relevanz-verlieren-liegt-es-selten-am-material\\\/#primaryimage\"},\"thumbnailUrl\":\"https:\\\/\\\/www.markt-kom.com\\\/wp-content\\\/uploads\\\/2026\\\/04\\\/IMG_3591-scaled.jpg\",\"keywords\":[\"Future Summit\",\"MarKom\"],\"articleSection\":[\"MARKETING\"],\"inLanguage\":\"de\"},{\"@type\":\"WebPage\",\"@id\":\"https:\\\/\\\/www.organisator.ch\\\/marketing\\\/2026-04-20\\\/future-summit-thenewnow-wenn-marken-an-relevanz-verlieren-liegt-es-selten-am-material\\\/\",\"url\":\"https:\\\/\\\/www.organisator.ch\\\/marketing\\\/2026-04-20\\\/future-summit-thenewnow-wenn-marken-an-relevanz-verlieren-liegt-es-selten-am-material\\\/\",\"name\":\"Future Summit TheNewNow: \u00abWenn Marken an Relevanz verlieren, liegt es selten am Material\u00bb - Organisator\",\"isPartOf\":{\"@id\":\"https:\\\/\\\/www.organisator.ch\\\/#website\"},\"primaryImageOfPage\":{\"@id\":\"https:\\\/\\\/www.organisator.ch\\\/marketing\\\/2026-04-20\\\/future-summit-thenewnow-wenn-marken-an-relevanz-verlieren-liegt-es-selten-am-material\\\/#primaryimage\"},\"image\":{\"@id\":\"https:\\\/\\\/www.organisator.ch\\\/marketing\\\/2026-04-20\\\/future-summit-thenewnow-wenn-marken-an-relevanz-verlieren-liegt-es-selten-am-material\\\/#primaryimage\"},\"thumbnailUrl\":\"https:\\\/\\\/www.markt-kom.com\\\/wp-content\\\/uploads\\\/2026\\\/04\\\/IMG_3591-scaled.jpg\",\"datePublished\":\"2026-04-20T06:33:29+00:00\",\"description\":\"Am 22. April 2026 findet in Z\u00fcrich der Future Summit TheNewNow statt. Die Veranstaltung setzt auf Dialog statt Frontalunterricht.\",\"breadcrumb\":{\"@id\":\"https:\\\/\\\/www.organisator.ch\\\/marketing\\\/2026-04-20\\\/future-summit-thenewnow-wenn-marken-an-relevanz-verlieren-liegt-es-selten-am-material\\\/#breadcrumb\"},\"inLanguage\":\"de\",\"potentialAction\":[{\"@type\":\"ReadAction\",\"target\":[\"https:\\\/\\\/www.organisator.ch\\\/marketing\\\/2026-04-20\\\/future-summit-thenewnow-wenn-marken-an-relevanz-verlieren-liegt-es-selten-am-material\\\/\"]}]},{\"@type\":\"ImageObject\",\"inLanguage\":\"de\",\"@id\":\"https:\\\/\\\/www.organisator.ch\\\/marketing\\\/2026-04-20\\\/future-summit-thenewnow-wenn-marken-an-relevanz-verlieren-liegt-es-selten-am-material\\\/#primaryimage\",\"url\":\"https:\\\/\\\/www.markt-kom.com\\\/wp-content\\\/uploads\\\/2026\\\/04\\\/IMG_3591-scaled.jpg\",\"contentUrl\":\"https:\\\/\\\/www.markt-kom.com\\\/wp-content\\\/uploads\\\/2026\\\/04\\\/IMG_3591-scaled.jpg\"},{\"@type\":\"BreadcrumbList\",\"@id\":\"https:\\\/\\\/www.organisator.ch\\\/marketing\\\/2026-04-20\\\/future-summit-thenewnow-wenn-marken-an-relevanz-verlieren-liegt-es-selten-am-material\\\/#breadcrumb\",\"itemListElement\":[{\"@type\":\"ListItem\",\"position\":1,\"name\":\"Home\",\"item\":\"https:\\\/\\\/www.organisator.ch\\\/\"},{\"@type\":\"ListItem\",\"position\":2,\"name\":\"Future Summit TheNewNow: \u00abWenn Marken an Relevanz verlieren, liegt es selten am Material\u00bb\"}]},{\"@type\":\"WebSite\",\"@id\":\"https:\\\/\\\/www.organisator.ch\\\/#website\",\"url\":\"https:\\\/\\\/www.organisator.ch\\\/\",\"name\":\"Organisator\",\"description\":\"Kompetent. Praxisnah. Der ORGANISATOR bereitet in 10 Ausgaben pro Jahr die wesentlichen Themen f\u00fcr F\u00fchrungskr\u00e4fte von KMU auf.\",\"publisher\":{\"@id\":\"https:\\\/\\\/www.organisator.ch\\\/#organization\"},\"potentialAction\":[{\"@type\":\"SearchAction\",\"target\":{\"@type\":\"EntryPoint\",\"urlTemplate\":\"https:\\\/\\\/www.organisator.ch\\\/?s={search_term_string}\"},\"query-input\":{\"@type\":\"PropertyValueSpecification\",\"valueRequired\":true,\"valueName\":\"search_term_string\"}}],\"inLanguage\":\"de\"},{\"@type\":\"Organization\",\"@id\":\"https:\\\/\\\/www.organisator.ch\\\/#organization\",\"name\":\"Organisator\",\"url\":\"https:\\\/\\\/www.organisator.ch\\\/\",\"logo\":{\"@type\":\"ImageObject\",\"inLanguage\":\"de\",\"@id\":\"https:\\\/\\\/www.organisator.ch\\\/#\\\/schema\\\/logo\\\/image\\\/\",\"url\":\"https:\\\/\\\/www.organisator.ch\\\/wp-content\\\/uploads\\\/2022\\\/01\\\/Logo_Organisator_Website.png\",\"contentUrl\":\"https:\\\/\\\/www.organisator.ch\\\/wp-content\\\/uploads\\\/2022\\\/01\\\/Logo_Organisator_Website.png\",\"width\":800,\"height\":77,\"caption\":\"Organisator\"},\"image\":{\"@id\":\"https:\\\/\\\/www.organisator.ch\\\/#\\\/schema\\\/logo\\\/image\\\/\"},\"sameAs\":[\"https:\\\/\\\/www.facebook.com\\\/OrganisatorFachmagazin\",\"https:\\\/\\\/www.linkedin.com\\\/showcase\\\/organisator-das-magazin-fr-kmu\",\"https:\\\/\\\/www.xing.com\\\/news\\\/pages\\\/organisator-ch-695\",\"https:\\\/\\\/www.youtube.com\\\/channel\\\/UCGP2Sq0iWaZwT3BdIAQFYpw\"]},{\"@type\":\"Person\",\"@id\":\"https:\\\/\\\/www.organisator.ch\\\/#\\\/schema\\\/person\\\/a9d0e0eff238db87a8f840f3b50359f0\",\"name\":\"n8n\",\"image\":{\"@type\":\"ImageObject\",\"inLanguage\":\"de\",\"@id\":\"https:\\\/\\\/secure.gravatar.com\\\/avatar\\\/5368fb9d03fd415a6f335cece4c15af2502d6ca8651efbd6e8f98427a9795400?s=96&d=mm&r=g\",\"url\":\"https:\\\/\\\/secure.gravatar.com\\\/avatar\\\/5368fb9d03fd415a6f335cece4c15af2502d6ca8651efbd6e8f98427a9795400?s=96&d=mm&r=g\",\"contentUrl\":\"https:\\\/\\\/secure.gravatar.com\\\/avatar\\\/5368fb9d03fd415a6f335cece4c15af2502d6ca8651efbd6e8f98427a9795400?s=96&d=mm&r=g\",\"caption\":\"n8n\"},\"url\":\"https:\\\/\\\/www.organisator.ch\\\/de\\\/author\\\/n8n\\\/\"}]}<\/script>\n<!-- \/ Yoast SEO plugin. -->","yoast_head_json":{"title":"Future Summit TheNewNow: \u00abWenn Marken an Relevanz verlieren, liegt es selten am Material\u00bb - Organisator","description":"Am 22. April 2026 findet in Z\u00fcrich der Future Summit TheNewNow statt. Die Veranstaltung setzt auf Dialog statt Frontalunterricht.","robots":{"index":"index","follow":"follow","max-snippet":"max-snippet:-1","max-image-preview":"max-image-preview:large","max-video-preview":"max-video-preview:-1"},"canonical":"https:\/\/www.organisator.ch\/de\/marketing\/2026-04-20\/future-summit-thenewnow-wenn-marken-an-relevanz-verlieren-liegt-es-selten-am-material\/","og_locale":"de_DE","og_type":"article","og_title":"Future Summit TheNewNow: \u00abWenn Marken an Relevanz verlieren, liegt es selten am Material\u00bb - Organisator","og_description":"Am 22. April 2026 findet in Z\u00fcrich der Future Summit TheNewNow statt. Die Veranstaltung setzt auf Dialog statt Frontalunterricht.","og_url":"https:\/\/www.organisator.ch\/de\/marketing\/2026-04-20\/future-summit-thenewnow-wenn-marken-an-relevanz-verlieren-liegt-es-selten-am-material\/","og_site_name":"Organisator","article_publisher":"https:\/\/www.facebook.com\/OrganisatorFachmagazin","article_published_time":"2026-04-20T06:33:29+00:00","author":"n8n","twitter_card":"summary_large_image","schema":{"@context":"https:\/\/schema.org","@graph":[{"@type":"Article","@id":"https:\/\/www.organisator.ch\/marketing\/2026-04-20\/future-summit-thenewnow-wenn-marken-an-relevanz-verlieren-liegt-es-selten-am-material\/#article","isPartOf":{"@id":"https:\/\/www.organisator.ch\/marketing\/2026-04-20\/future-summit-thenewnow-wenn-marken-an-relevanz-verlieren-liegt-es-selten-am-material\/"},"author":{"name":"n8n","@id":"https:\/\/www.organisator.ch\/#\/schema\/person\/a9d0e0eff238db87a8f840f3b50359f0"},"headline":"Future Summit TheNewNow: \u00abWenn Marken an Relevanz verlieren, liegt es selten am Material\u00bb","datePublished":"2026-04-20T06:33:29+00:00","mainEntityOfPage":{"@id":"https:\/\/www.organisator.ch\/marketing\/2026-04-20\/future-summit-thenewnow-wenn-marken-an-relevanz-verlieren-liegt-es-selten-am-material\/"},"wordCount":859,"publisher":{"@id":"https:\/\/www.organisator.ch\/#organization"},"image":{"@id":"https:\/\/www.organisator.ch\/marketing\/2026-04-20\/future-summit-thenewnow-wenn-marken-an-relevanz-verlieren-liegt-es-selten-am-material\/#primaryimage"},"thumbnailUrl":"https:\/\/www.markt-kom.com\/wp-content\/uploads\/2026\/04\/IMG_3591-scaled.jpg","keywords":["Future Summit","MarKom"],"articleSection":["MARKETING"],"inLanguage":"de"},{"@type":"WebPage","@id":"https:\/\/www.organisator.ch\/marketing\/2026-04-20\/future-summit-thenewnow-wenn-marken-an-relevanz-verlieren-liegt-es-selten-am-material\/","url":"https:\/\/www.organisator.ch\/marketing\/2026-04-20\/future-summit-thenewnow-wenn-marken-an-relevanz-verlieren-liegt-es-selten-am-material\/","name":"Future Summit TheNewNow: \u00abWenn Marken an Relevanz verlieren, liegt es selten am Material\u00bb - Organisator","isPartOf":{"@id":"https:\/\/www.organisator.ch\/#website"},"primaryImageOfPage":{"@id":"https:\/\/www.organisator.ch\/marketing\/2026-04-20\/future-summit-thenewnow-wenn-marken-an-relevanz-verlieren-liegt-es-selten-am-material\/#primaryimage"},"image":{"@id":"https:\/\/www.organisator.ch\/marketing\/2026-04-20\/future-summit-thenewnow-wenn-marken-an-relevanz-verlieren-liegt-es-selten-am-material\/#primaryimage"},"thumbnailUrl":"https:\/\/www.markt-kom.com\/wp-content\/uploads\/2026\/04\/IMG_3591-scaled.jpg","datePublished":"2026-04-20T06:33:29+00:00","description":"Am 22. April 2026 findet in Z\u00fcrich der Future Summit TheNewNow statt. Die Veranstaltung setzt auf Dialog statt Frontalunterricht.","breadcrumb":{"@id":"https:\/\/www.organisator.ch\/marketing\/2026-04-20\/future-summit-thenewnow-wenn-marken-an-relevanz-verlieren-liegt-es-selten-am-material\/#breadcrumb"},"inLanguage":"de","potentialAction":[{"@type":"ReadAction","target":["https:\/\/www.organisator.ch\/marketing\/2026-04-20\/future-summit-thenewnow-wenn-marken-an-relevanz-verlieren-liegt-es-selten-am-material\/"]}]},{"@type":"ImageObject","inLanguage":"de","@id":"https:\/\/www.organisator.ch\/marketing\/2026-04-20\/future-summit-thenewnow-wenn-marken-an-relevanz-verlieren-liegt-es-selten-am-material\/#primaryimage","url":"https:\/\/www.markt-kom.com\/wp-content\/uploads\/2026\/04\/IMG_3591-scaled.jpg","contentUrl":"https:\/\/www.markt-kom.com\/wp-content\/uploads\/2026\/04\/IMG_3591-scaled.jpg"},{"@type":"BreadcrumbList","@id":"https:\/\/www.organisator.ch\/marketing\/2026-04-20\/future-summit-thenewnow-wenn-marken-an-relevanz-verlieren-liegt-es-selten-am-material\/#breadcrumb","itemListElement":[{"@type":"ListItem","position":1,"name":"Home","item":"https:\/\/www.organisator.ch\/"},{"@type":"ListItem","position":2,"name":"Future Summit TheNewNow: \u00abWenn Marken an Relevanz verlieren, liegt es selten am Material\u00bb"}]},{"@type":"WebSite","@id":"https:\/\/www.organisator.ch\/#website","url":"https:\/\/www.organisator.ch\/","name":"Organisator","description":"Kompetent. Praxisnah. Der ORGANISATOR bereitet in 10 Ausgaben pro Jahr die wesentlichen Themen f\u00fcr F\u00fchrungskr\u00e4fte von KMU auf.","publisher":{"@id":"https:\/\/www.organisator.ch\/#organization"},"potentialAction":[{"@type":"SearchAction","target":{"@type":"EntryPoint","urlTemplate":"https:\/\/www.organisator.ch\/?s={search_term_string}"},"query-input":{"@type":"PropertyValueSpecification","valueRequired":true,"valueName":"search_term_string"}}],"inLanguage":"de"},{"@type":"Organization","@id":"https:\/\/www.organisator.ch\/#organization","name":"Organisator","url":"https:\/\/www.organisator.ch\/","logo":{"@type":"ImageObject","inLanguage":"de","@id":"https:\/\/www.organisator.ch\/#\/schema\/logo\/image\/","url":"https:\/\/www.organisator.ch\/wp-content\/uploads\/2022\/01\/Logo_Organisator_Website.png","contentUrl":"https:\/\/www.organisator.ch\/wp-content\/uploads\/2022\/01\/Logo_Organisator_Website.png","width":800,"height":77,"caption":"Organisator"},"image":{"@id":"https:\/\/www.organisator.ch\/#\/schema\/logo\/image\/"},"sameAs":["https:\/\/www.facebook.com\/OrganisatorFachmagazin","https:\/\/www.linkedin.com\/showcase\/organisator-das-magazin-fr-kmu","https:\/\/www.xing.com\/news\/pages\/organisator-ch-695","https:\/\/www.youtube.com\/channel\/UCGP2Sq0iWaZwT3BdIAQFYpw"]},{"@type":"Person","@id":"https:\/\/www.organisator.ch\/#\/schema\/person\/a9d0e0eff238db87a8f840f3b50359f0","name":"n8n","image":{"@type":"ImageObject","inLanguage":"de","@id":"https:\/\/secure.gravatar.com\/avatar\/5368fb9d03fd415a6f335cece4c15af2502d6ca8651efbd6e8f98427a9795400?s=96&d=mm&r=g","url":"https:\/\/secure.gravatar.com\/avatar\/5368fb9d03fd415a6f335cece4c15af2502d6ca8651efbd6e8f98427a9795400?s=96&d=mm&r=g","contentUrl":"https:\/\/secure.gravatar.com\/avatar\/5368fb9d03fd415a6f335cece4c15af2502d6ca8651efbd6e8f98427a9795400?s=96&d=mm&r=g","caption":"n8n"},"url":"https:\/\/www.organisator.ch\/de\/author\/n8n\/"}]}},"_links":{"self":[{"href":"https:\/\/www.organisator.ch\/de\/wp-json\/wp\/v2\/posts\/47463","targetHints":{"allow":["GET"]}}],"collection":[{"href":"https:\/\/www.organisator.ch\/de\/wp-json\/wp\/v2\/posts"}],"about":[{"href":"https:\/\/www.organisator.ch\/de\/wp-json\/wp\/v2\/types\/post"}],"author":[{"embeddable":true,"href":"https:\/\/www.organisator.ch\/de\/wp-json\/wp\/v2\/users\/107"}],"replies":[{"embeddable":true,"href":"https:\/\/www.organisator.ch\/de\/wp-json\/wp\/v2\/comments?post=47463"}],"version-history":[{"count":5,"href":"https:\/\/www.organisator.ch\/de\/wp-json\/wp\/v2\/posts\/47463\/revisions"}],"predecessor-version":[{"id":47734,"href":"https:\/\/www.organisator.ch\/de\/wp-json\/wp\/v2\/posts\/47463\/revisions\/47734"}],"wp:attachment":[{"href":"https:\/\/www.organisator.ch\/de\/wp-json\/wp\/v2\/media?parent=47463"}],"wp:term":[{"taxonomy":"category","embeddable":true,"href":"https:\/\/www.organisator.ch\/de\/wp-json\/wp\/v2\/categories?post=47463"},{"taxonomy":"post_tag","embeddable":true,"href":"https:\/\/www.organisator.ch\/de\/wp-json\/wp\/v2\/tags?post=47463"}],"curies":[{"name":"wp","href":"https:\/\/api.w.org\/{rel}","templated":true}]}}