{"id":4754,"date":"2019-01-18T08:57:45","date_gmt":"2019-01-18T07:57:45","guid":{"rendered":"https:\/\/www.organisator.ch\/?p=4754"},"modified":"2019-01-18T08:57:45","modified_gmt":"2019-01-18T07:57:45","slug":"das-smartphone-laesst-geschaeftliches-und-privates-immer-mehr-vermischen","status":"publish","type":"post","link":"https:\/\/www.organisator.ch\/de\/management\/2019-01-18\/das-smartphone-laesst-geschaeftliches-und-privates-immer-mehr-vermischen\/","title":{"rendered":"Das Smartphone l\u00e4sst Gesch\u00e4ftliches und Privates immer mehr vermischen"},"content":{"rendered":"<figure id=\"attachment_4755\" aria-describedby=\"caption-attachment-4755\" style=\"width: 680px\" class=\"wp-caption alignnone\"><img loading=\"lazy\" decoding=\"async\" class=\"size-medium wp-image-4755\" src=\"https:\/\/www.organisator.ch\/wp-content\/uploads\/2019\/01\/Das-Smartphone-laesst-Geschaeftliches-und-Privates-immer-mehr-vermischen-1_Organisator.jpg\" alt=\"\" width=\"680\" height=\"452\" srcset=\"https:\/\/www.organisator.ch\/wp-content\/uploads\/2019\/01\/Das-Smartphone-laesst-Geschaeftliches-und-Privates-immer-mehr-vermischen-1_Organisator.jpg 680w, https:\/\/www.organisator.ch\/wp-content\/uploads\/2019\/01\/Das-Smartphone-laesst-Geschaeftliches-und-Privates-immer-mehr-vermischen-1_Organisator-16x12.jpg 16w, https:\/\/www.organisator.ch\/wp-content\/uploads\/2019\/01\/Das-Smartphone-laesst-Geschaeftliches-und-Privates-immer-mehr-vermischen-1_Organisator-263x175.jpg 263w, https:\/\/www.organisator.ch\/wp-content\/uploads\/2019\/01\/Das-Smartphone-laesst-Geschaeftliches-und-Privates-immer-mehr-vermischen-1_Organisator-527x350.jpg 527w, https:\/\/www.organisator.ch\/wp-content\/uploads\/2019\/01\/Das-Smartphone-laesst-Geschaeftliches-und-Privates-immer-mehr-vermischen-1_Organisator-300x199.jpg 300w\" sizes=\"auto, (max-width: 680px) 100vw, 680px\" \/><figcaption id=\"caption-attachment-4755\" class=\"wp-caption-text\">Das Smartphone ist heute aus der Gesch\u00e4ftswelt nicht mehr wegzudenken. (Bild: pixabay)<\/figcaption><\/figure>\n<p>Immer mehr Menschen in der Schweiz arbeiten, w\u00e4hrend sie frei haben: 68% geben an, dass sie auf ihrem Smartphone w\u00e4hrend der Freizeit Gesch\u00e4ftliches erledigen; 29% tun dies sogar oft oder sehr oft. Gleichzeitig nutzen 84% ihr Ger\u00e4t w\u00e4hrend der Arbeitszeit f\u00fcr Privates. Und in Zukunft d\u00fcrfte das Smartphone zu einem weit wertvolleren Arbeitsinstrument werden: Prozesse werden mobil abgewickelt, vor Ort erfasste Daten direkt verarbeitet und f\u00fcr Berechtigte verf\u00fcgbar gemacht. Das Smartphone wird insgesamt immer st\u00e4rker zum Steuerungsinstrument f\u00fcr das Leben und die Arbeit: In der Schweiz besitzen 92% ein solches Ger\u00e4t und 97% davon brauchen es t\u00e4glich, nicht zuletzt auch f\u00fcr die Arbeit. Dies ergab eine Befragung von \u00fcber 1000 Konsumentinnen und Konsumenten in der Schweiz sowie insgesamt 54 150 Personen aus 34 weiteren Industrie- und Schwellenl\u00e4ndern f\u00fcr den Deloitte Global Mobile Consumer Survey.<\/p>\n<p>Aus den Antworten aller arbeitenden Smartphone-Besitzer auf die Fragen zur beruflichen und privaten Nutzung ihrer Ger\u00e4te lassen sich vier Gruppen bilden (siehe Abbildung unten). Die kleinste Gruppe mit sechs Prozent bilden diejenigen, die ihr Smartphone zwar in der Freizeit beruflich nutzen, nie jedoch Privates w\u00e4hrend der Arbeitszeit erledigen. Am zweith\u00e4ufigsten (10%) sind die Menschen, die Arbeit und Privates nach wie vor strikt voneinander trennen. Diese Gruppe ist mehrheitlich weiblich (61%) und eher \u00e4lter.<\/p>\n<h2>Mehrheit trennt kaum<\/h2>\n<p>Fast viermal so gross wie die erste Gruppe ist die Gruppe derjenigen, die zwar Arbeitszeit f\u00fcr Privates aufwenden, doch niemals Freizeit f\u00fcr Gesch\u00e4ftliches (23%). Auch hierzu geh\u00f6ren mehrheitlich Frauen, wie die Deloitte Studie feststellt. Die meisten gehen zwar nur ab und zu w\u00e4hrend der Arbeitszeit auf ihr Social-Media-Profil oder tauschen private Nachrichten aus. Ein gutes Drittel macht dies jedoch h\u00e4ufig oder sehr h\u00e4ufig. Die \u00fcberwiegende Mehrheit der Besch\u00e4ftigten in der Schweiz (62%) vermischt Arbeit und Freizeit am Mobiltelefon in beide Richtungen; die M\u00e4nner sind hier in der \u00dcberzahl (58%).<\/p>\n<figure id=\"attachment_4756\" aria-describedby=\"caption-attachment-4756\" style=\"width: 680px\" class=\"wp-caption alignnone\"><img loading=\"lazy\" decoding=\"async\" class=\"size-medium wp-image-4756\" src=\"https:\/\/www.organisator.ch\/wp-content\/uploads\/2019\/01\/Das-Smartphone-laesst-Geschaeftliches-und-Privates-immer-mehr-vermischen-2_Organisator.jpg\" alt=\"\" width=\"680\" height=\"606\" srcset=\"https:\/\/www.organisator.ch\/wp-content\/uploads\/2019\/01\/Das-Smartphone-laesst-Geschaeftliches-und-Privates-immer-mehr-vermischen-2_Organisator.jpg 680w, https:\/\/www.organisator.ch\/wp-content\/uploads\/2019\/01\/Das-Smartphone-laesst-Geschaeftliches-und-Privates-immer-mehr-vermischen-2_Organisator-13x12.jpg 13w, https:\/\/www.organisator.ch\/wp-content\/uploads\/2019\/01\/Das-Smartphone-laesst-Geschaeftliches-und-Privates-immer-mehr-vermischen-2_Organisator-196x175.jpg 196w, https:\/\/www.organisator.ch\/wp-content\/uploads\/2019\/01\/Das-Smartphone-laesst-Geschaeftliches-und-Privates-immer-mehr-vermischen-2_Organisator-393x350.jpg 393w, https:\/\/www.organisator.ch\/wp-content\/uploads\/2019\/01\/Das-Smartphone-laesst-Geschaeftliches-und-Privates-immer-mehr-vermischen-2_Organisator-300x267.jpg 300w\" sizes=\"auto, (max-width: 680px) 100vw, 680px\" \/><figcaption id=\"caption-attachment-4756\" class=\"wp-caption-text\">Antworten aller arbeitenden Smartphone Besitzer auf die Fragen \u00abWie oft, falls \u00fcberhaupt, benutzen Sie in einer \u00fcblichen Woche Ihr Smartphone ausserhalb Ihrer regul\u00e4ren Arbeitszeiten f\u00fcr gesch\u00e4ftliche Zwecke?\u00bb, \u00abWie oft, falls \u00fcberhaupt, benutzen Sie in einer \u00fcblichen Woche Ihr Smartphone w\u00e4hrend Ihrer regul\u00e4ren Arbeitszeiten f\u00fcr private Zwecke\u00bb (Grafik: Deloitte)<\/figcaption><\/figure>\n<h2>\u00c4hnliche Nutzung privat und gesch\u00e4ftlich<\/h2>\n<p>Die wichtigsten gesch\u00e4ftlichen Anwendungen sind E-Mail (48%), Telefon (44%), Kalender (36%) und Sofortnachrichten (35%). Kaum zehn Prozent der Befragten verwenden ihr Smartphone, um administrative Prozesse wie die Spesenerfassung, Planung von Arbeitseins\u00e4tzen, Stundenabrechnung oder Projektabwicklung zu erledigen. \u00abIn der st\u00e4rkeren Verwendung von Smartphones f\u00fcr\u00a0administrative Prozesse liegt ein grosses Potential zur Effizienzsteigerung \u2013 Unternehmen sollten dies nutzen, um Kosten zu sparen und konkurrenzf\u00e4hig zu bleiben. Zudem werden die Angestellten von l\u00e4stigem Papierkram entlastet\u00bb, sagt Myriam Denk, Partnerin und Leiterin Future of Work bei Deloitte Schweiz.<\/p>\n<p>Mit einer einfachen und intuitiven Benutzeroberfl\u00e4che auf dem Smartphone ist es m\u00f6glich, voneinander getrennte und aufw\u00e4ndige Prozessschritte komplett zu integrieren und zu digitalisieren. So kann zum Beispiel die Personal-Trainerin nicht nur ihre Kundentermine einfacher verwalten oder regelm\u00e4ssig automatisiert Rechnung stellen, sondern auch die Vitaldaten ihrer Kunden laufend messen und direkt nach dem Training individuelle Fortschritte grafisch aufgearbeitet versenden \u2013 ganz ohne ins B\u00fcro zur\u00fcckzukehren.<\/p>\n<h2>Instruktionen auf Arbeitsfl\u00e4che projizieren<\/h2>\n<p>Weiter kann durch die Integration von neuen Technologien wie Augmented Reality (AR) das Smartphone auch die Arbeitsweise komplett transformieren. AR kann in verschiedenen Branchen angewendet werden, wie etwa in der in Ausbildung, Medizin oder Industrie. So projiziert dann der Monteur beispielsweise Instruktionen oder Informationen direkt \u00fcber seine Arbeitsfl\u00e4che, so dass er pr\u00e4ziser und rascher arbeiten kann. Bei Wartungsarbeiten werden Materialschwachstellen hervorgehoben oder komplexe Arbeitsschritte direkt auf dem Ger\u00e4t Schritt f\u00fcr Schritt angezeigt.<br \/>\n\u00abDie Arbeitswelt richtet sich immer mehr auf Flexibilisierung, Kollaboration und Konnektivit\u00e4t aus. Die neuen digitalen Technologien stellen das Verh\u00e4ltnis zwischen den Mitarbeitenden und dem Unternehmen auf eine v\u00f6llig neue Basis; sie ver\u00e4ndern auch den Arbeitsplatz und die Aufgaben an sich. Mobile Ger\u00e4te und deren flexible, selbstbestimmte Anwendung sind ein wesentliches Element zur Realisierung der neuen Arbeitswelt. Noch besteht allerdings grosser Nachholbedarf bei Unternehmen und Mitarbeitenden\u00bb, sagt Myriam Denk. So geben beispielsweise 42% der Befragten der Deloitte-Studie zur Zukunft des Arbeitsplatzes an, gar keine mobilen digitalen Ger\u00e4te vom Arbeitgeber zur Verf\u00fcgung gestellt zu bekommen.<\/p>\n<h2>Datensicherheit und Datenschutz<\/h2>\n<p>Durch die st\u00e4rkere Anwendung digitaler mobiler Technologie muss auch in Cybersicherheit investiert werden. IT-Abteilungen und externe IT-Dienstleister werden sich entsprechend st\u00e4rker mit den neuen M\u00f6glichkeiten und potenziellen Schwachstellen von mobilen digitalen Systemen auseinandersetzen m\u00fcssen. Vernetzte Datenbanken und Echtzeitweitergabe von Informationen bringen zus\u00e4tzliche Herausforderungen mit sich: Falscheingaben k\u00f6nnten sich rasch weit verbreiten oder nicht-autorisierte Personen Zugriff auf Daten und Systeme erhalten. Neben der Datensicherheit muss auch der Datenschutz gew\u00e4hrleistet bleiben sowie genau festgelegt und \u00fcberpr\u00fcft werden, welche Kundeninformationen wie und wof\u00fcr genutzt werden d\u00fcrfen.<\/p>\n<h2>Gesundheit im Blickfeld behalten<\/h2>\n<p>Daneben darf man auch die individuellen Risiken einer weiteren Flexibilisierung der Arbeit nicht vergessen. In der Befragung sagen 66% von sich, dass sie durch die private Nutzung des Smartphones von der Arbeit abgelenkt werden, bei 19% ist dies sogar oft oder sehr oft der Fall. Zudem k\u00f6nnen sich mangelnde Ruhezeiten und die dauernde Verf\u00fcgbarkeit negativ auf die Gesundheit der Mitarbeitenden auswirken. Auch im beruflichen Umfeld kommt es darum darauf an, bewusst und verantwortungsvoll mit dem Smartphone umzugehen. Arbeitgeber m\u00fcssen hierbei ihre Mitarbeitenden sensibilisieren und n\u00f6tigenfalls Regeln erlassen.<\/p>\n<p><em>Quelle: <a href=\"http:\/\/www.deloitte.com\/ch\/about\">Deloitte<\/a><\/em><\/p>\n","protected":false},"excerpt":{"rendered":"<p>Immer mehr Menschen in der Schweiz arbeiten, w\u00e4hrend sie frei haben: 68% geben an, dass sie auf ihrem Smartphone w\u00e4hrend der Freizeit Gesch\u00e4ftliches erledigen; 29% tun dies sogar oft oder sehr oft. Gleichzeitig nutzen 84% ihr Ger\u00e4t w\u00e4hrend der Arbeitszeit f\u00fcr Privates. Und in Zukunft d\u00fcrfte das Smartphone zu einem weit wertvolleren Arbeitsinstrument werden: Prozesse [&hellip;]<\/p>\n","protected":false},"author":4,"featured_media":4755,"comment_status":"open","ping_status":"open","sticky":false,"template":"","format":"standard","meta":{"_acf_changed":false,"_yoast_wpseo_focuskw":"Smartphone","_yoast_wpseo_metadesc":"Arbeiten auf dem Smartphone: Zwei Drittel erledigen Gesch\u00e4ftliches w\u00e4hrend der Freizeit. Das Ger\u00e4t wird w\u00e4hrend der Arbeit auch f\u00fcr Privates genutzt.","articlekey":"","footnotes":""},"categories":[28],"tags":[42,51,156,286,334,459],"class_list":["post-4754","post","type-post","status-publish","format-standard","has-post-thumbnail","hentry","category-management","tag-arbeit","tag-arbeitsplatzgestaltung","tag-digitalisierung","tag-it","tag-management","tag-studie"],"acf":[],"yoast_head":"<!-- This site is optimized with the Yoast SEO plugin v27.5 - https:\/\/yoast.com\/product\/yoast-seo-wordpress\/ -->\n<title>Das Smartphone l\u00e4sst Gesch\u00e4ftliches und Privates immer mehr vermischen - Organisator<\/title>\n<meta name=\"description\" content=\"Arbeiten auf dem Smartphone: Zwei Drittel erledigen Gesch\u00e4ftliches w\u00e4hrend der Freizeit. Das Ger\u00e4t wird w\u00e4hrend der Arbeit auch f\u00fcr Privates genutzt.\" \/>\n<meta name=\"robots\" content=\"index, follow, max-snippet:-1, max-image-preview:large, max-video-preview:-1\" \/>\n<link rel=\"canonical\" href=\"https:\/\/www.organisator.ch\/de\/management\/2019-01-18\/das-smartphone-laesst-geschaeftliches-und-privates-immer-mehr-vermischen\/\" \/>\n<meta property=\"og:locale\" content=\"de_DE\" \/>\n<meta property=\"og:type\" content=\"article\" \/>\n<meta property=\"og:title\" content=\"Das Smartphone l\u00e4sst Gesch\u00e4ftliches und Privates immer mehr vermischen\" \/>\n<meta property=\"og:description\" content=\"Arbeiten auf dem Smartphone: Zwei Drittel erledigen Gesch\u00e4ftliches w\u00e4hrend der Freizeit. Das Ger\u00e4t wird w\u00e4hrend der Arbeit auch f\u00fcr Privates genutzt.\" \/>\n<meta property=\"og:url\" content=\"https:\/\/www.organisator.ch\/de\/management\/2019-01-18\/das-smartphone-laesst-geschaeftliches-und-privates-immer-mehr-vermischen\/\" \/>\n<meta property=\"og:site_name\" content=\"Organisator\" \/>\n<meta property=\"article:publisher\" content=\"https:\/\/www.facebook.com\/OrganisatorFachmagazin\" \/>\n<meta property=\"article:published_time\" content=\"2019-01-18T07:57:45+00:00\" \/>\n<meta property=\"og:image\" content=\"https:\/\/www.organisator.ch\/wp-content\/uploads\/2019\/01\/Das-Smartphone-laesst-Geschaeftliches-und-Privates-immer-mehr-vermischen-1_Organisator.jpg\" \/>\n\t<meta property=\"og:image:width\" content=\"680\" \/>\n\t<meta property=\"og:image:height\" content=\"452\" \/>\n\t<meta property=\"og:image:type\" content=\"image\/jpeg\" \/>\n<meta name=\"author\" content=\"thomas.berner\" \/>\n<meta name=\"twitter:card\" content=\"summary_large_image\" \/>\n<meta name=\"twitter:title\" content=\"Das #Smartphone l\u00e4sst Gesch\u00e4ftliches und Privates immer mehr vermischen\" \/>\n<meta name=\"twitter:description\" content=\"Arbeiten auf dem #Smartphone: Zwei Drittel erledigen Gesch\u00e4ftliches w\u00e4hrend der Freizeit. Das Ger\u00e4t wird w\u00e4hrend der Arbeit auch f\u00fcr Privates genutzt.\" \/>\n<meta name=\"twitter:image\" content=\"https:\/\/www.organisator.ch\/wp-content\/uploads\/2019\/01\/Das-Smartphone-l\u00e4sst-Gesch\u00e4ftliches-und-Privates-immer-mehr-vermischen-1_Organisator.jpg\" \/>\n<script type=\"application\/ld+json\" class=\"yoast-schema-graph\">{\"@context\":\"https:\\\/\\\/schema.org\",\"@graph\":[{\"@type\":\"Article\",\"@id\":\"https:\\\/\\\/www.organisator.ch\\\/management\\\/2019-01-18\\\/das-smartphone-laesst-geschaeftliches-und-privates-immer-mehr-vermischen\\\/#article\",\"isPartOf\":{\"@id\":\"https:\\\/\\\/www.organisator.ch\\\/management\\\/2019-01-18\\\/das-smartphone-laesst-geschaeftliches-und-privates-immer-mehr-vermischen\\\/\"},\"author\":{\"name\":\"thomas.berner\",\"@id\":\"https:\\\/\\\/www.organisator.ch\\\/#\\\/schema\\\/person\\\/6f650f90b2842cd4c0cc334b4e36f67e\"},\"headline\":\"Das Smartphone l\u00e4sst Gesch\u00e4ftliches und Privates immer mehr vermischen\",\"datePublished\":\"2019-01-18T07:57:45+00:00\",\"mainEntityOfPage\":{\"@id\":\"https:\\\/\\\/www.organisator.ch\\\/management\\\/2019-01-18\\\/das-smartphone-laesst-geschaeftliches-und-privates-immer-mehr-vermischen\\\/\"},\"wordCount\":936,\"commentCount\":0,\"publisher\":{\"@id\":\"https:\\\/\\\/www.organisator.ch\\\/#organization\"},\"image\":{\"@id\":\"https:\\\/\\\/www.organisator.ch\\\/management\\\/2019-01-18\\\/das-smartphone-laesst-geschaeftliches-und-privates-immer-mehr-vermischen\\\/#primaryimage\"},\"thumbnailUrl\":\"https:\\\/\\\/www.organisator.ch\\\/wp-content\\\/uploads\\\/2019\\\/01\\\/Das-Smartphone-laesst-Geschaeftliches-und-Privates-immer-mehr-vermischen-1_Organisator.jpg\",\"keywords\":[\"Arbeit\",\"Arbeitsplatzgestaltung\",\"Digitalisierung\",\"IT\",\"Management\",\"Studie\"],\"articleSection\":[\"MANAGEMENT\"],\"inLanguage\":\"de\"},{\"@type\":\"WebPage\",\"@id\":\"https:\\\/\\\/www.organisator.ch\\\/management\\\/2019-01-18\\\/das-smartphone-laesst-geschaeftliches-und-privates-immer-mehr-vermischen\\\/\",\"url\":\"https:\\\/\\\/www.organisator.ch\\\/management\\\/2019-01-18\\\/das-smartphone-laesst-geschaeftliches-und-privates-immer-mehr-vermischen\\\/\",\"name\":\"Das Smartphone l\u00e4sst Gesch\u00e4ftliches und Privates immer mehr vermischen - Organisator\",\"isPartOf\":{\"@id\":\"https:\\\/\\\/www.organisator.ch\\\/#website\"},\"primaryImageOfPage\":{\"@id\":\"https:\\\/\\\/www.organisator.ch\\\/management\\\/2019-01-18\\\/das-smartphone-laesst-geschaeftliches-und-privates-immer-mehr-vermischen\\\/#primaryimage\"},\"image\":{\"@id\":\"https:\\\/\\\/www.organisator.ch\\\/management\\\/2019-01-18\\\/das-smartphone-laesst-geschaeftliches-und-privates-immer-mehr-vermischen\\\/#primaryimage\"},\"thumbnailUrl\":\"https:\\\/\\\/www.organisator.ch\\\/wp-content\\\/uploads\\\/2019\\\/01\\\/Das-Smartphone-laesst-Geschaeftliches-und-Privates-immer-mehr-vermischen-1_Organisator.jpg\",\"datePublished\":\"2019-01-18T07:57:45+00:00\",\"description\":\"Arbeiten auf dem Smartphone: Zwei Drittel erledigen Gesch\u00e4ftliches w\u00e4hrend der Freizeit. Das Ger\u00e4t wird w\u00e4hrend der Arbeit auch f\u00fcr Privates genutzt.\",\"breadcrumb\":{\"@id\":\"https:\\\/\\\/www.organisator.ch\\\/management\\\/2019-01-18\\\/das-smartphone-laesst-geschaeftliches-und-privates-immer-mehr-vermischen\\\/#breadcrumb\"},\"inLanguage\":\"de\",\"potentialAction\":[{\"@type\":\"ReadAction\",\"target\":[\"https:\\\/\\\/www.organisator.ch\\\/management\\\/2019-01-18\\\/das-smartphone-laesst-geschaeftliches-und-privates-immer-mehr-vermischen\\\/\"]}]},{\"@type\":\"ImageObject\",\"inLanguage\":\"de\",\"@id\":\"https:\\\/\\\/www.organisator.ch\\\/management\\\/2019-01-18\\\/das-smartphone-laesst-geschaeftliches-und-privates-immer-mehr-vermischen\\\/#primaryimage\",\"url\":\"https:\\\/\\\/www.organisator.ch\\\/wp-content\\\/uploads\\\/2019\\\/01\\\/Das-Smartphone-laesst-Geschaeftliches-und-Privates-immer-mehr-vermischen-1_Organisator.jpg\",\"contentUrl\":\"https:\\\/\\\/www.organisator.ch\\\/wp-content\\\/uploads\\\/2019\\\/01\\\/Das-Smartphone-laesst-Geschaeftliches-und-Privates-immer-mehr-vermischen-1_Organisator.jpg\",\"width\":680,\"height\":452,\"caption\":\"Das Smartphone ist heute aus der Gesch\u00e4ftswelt nicht mehr wegzudenken. (Bild: pixabay)\"},{\"@type\":\"BreadcrumbList\",\"@id\":\"https:\\\/\\\/www.organisator.ch\\\/management\\\/2019-01-18\\\/das-smartphone-laesst-geschaeftliches-und-privates-immer-mehr-vermischen\\\/#breadcrumb\",\"itemListElement\":[{\"@type\":\"ListItem\",\"position\":1,\"name\":\"Home\",\"item\":\"https:\\\/\\\/www.organisator.ch\\\/\"},{\"@type\":\"ListItem\",\"position\":2,\"name\":\"Das Smartphone l\u00e4sst Gesch\u00e4ftliches und Privates immer mehr vermischen\"}]},{\"@type\":\"WebSite\",\"@id\":\"https:\\\/\\\/www.organisator.ch\\\/#website\",\"url\":\"https:\\\/\\\/www.organisator.ch\\\/\",\"name\":\"Organisator\",\"description\":\"Kompetent. Praxisnah. Der ORGANISATOR bereitet in 10 Ausgaben pro Jahr die wesentlichen Themen f\u00fcr F\u00fchrungskr\u00e4fte von KMU auf.\",\"publisher\":{\"@id\":\"https:\\\/\\\/www.organisator.ch\\\/#organization\"},\"potentialAction\":[{\"@type\":\"SearchAction\",\"target\":{\"@type\":\"EntryPoint\",\"urlTemplate\":\"https:\\\/\\\/www.organisator.ch\\\/?s={search_term_string}\"},\"query-input\":{\"@type\":\"PropertyValueSpecification\",\"valueRequired\":true,\"valueName\":\"search_term_string\"}}],\"inLanguage\":\"de\"},{\"@type\":\"Organization\",\"@id\":\"https:\\\/\\\/www.organisator.ch\\\/#organization\",\"name\":\"Organisator\",\"url\":\"https:\\\/\\\/www.organisator.ch\\\/\",\"logo\":{\"@type\":\"ImageObject\",\"inLanguage\":\"de\",\"@id\":\"https:\\\/\\\/www.organisator.ch\\\/#\\\/schema\\\/logo\\\/image\\\/\",\"url\":\"https:\\\/\\\/www.organisator.ch\\\/wp-content\\\/uploads\\\/2022\\\/01\\\/Logo_Organisator_Website.png\",\"contentUrl\":\"https:\\\/\\\/www.organisator.ch\\\/wp-content\\\/uploads\\\/2022\\\/01\\\/Logo_Organisator_Website.png\",\"width\":800,\"height\":77,\"caption\":\"Organisator\"},\"image\":{\"@id\":\"https:\\\/\\\/www.organisator.ch\\\/#\\\/schema\\\/logo\\\/image\\\/\"},\"sameAs\":[\"https:\\\/\\\/www.facebook.com\\\/OrganisatorFachmagazin\",\"https:\\\/\\\/www.linkedin.com\\\/showcase\\\/organisator-das-magazin-fr-kmu\",\"https:\\\/\\\/www.xing.com\\\/news\\\/pages\\\/organisator-ch-695\",\"https:\\\/\\\/www.youtube.com\\\/channel\\\/UCGP2Sq0iWaZwT3BdIAQFYpw\"]},{\"@type\":\"Person\",\"@id\":\"https:\\\/\\\/www.organisator.ch\\\/#\\\/schema\\\/person\\\/6f650f90b2842cd4c0cc334b4e36f67e\",\"name\":\"thomas.berner\",\"image\":{\"@type\":\"ImageObject\",\"inLanguage\":\"de\",\"@id\":\"https:\\\/\\\/secure.gravatar.com\\\/avatar\\\/ac5001d2a36cb6c6cd3e50789007ffca834b477b74a2144564522e944eabff61?s=96&d=mm&r=g\",\"url\":\"https:\\\/\\\/secure.gravatar.com\\\/avatar\\\/ac5001d2a36cb6c6cd3e50789007ffca834b477b74a2144564522e944eabff61?s=96&d=mm&r=g\",\"contentUrl\":\"https:\\\/\\\/secure.gravatar.com\\\/avatar\\\/ac5001d2a36cb6c6cd3e50789007ffca834b477b74a2144564522e944eabff61?s=96&d=mm&r=g\",\"caption\":\"thomas.berner\"},\"url\":\"https:\\\/\\\/www.organisator.ch\\\/de\\\/author\\\/thomas-berner\\\/\"}]}<\/script>\n<!-- \/ Yoast SEO plugin. -->","yoast_head_json":{"title":"Das Smartphone l\u00e4sst Gesch\u00e4ftliches und Privates immer mehr vermischen - Organisator","description":"Arbeiten auf dem Smartphone: Zwei Drittel erledigen Gesch\u00e4ftliches w\u00e4hrend der Freizeit. Das Ger\u00e4t wird w\u00e4hrend der Arbeit auch f\u00fcr Privates genutzt.","robots":{"index":"index","follow":"follow","max-snippet":"max-snippet:-1","max-image-preview":"max-image-preview:large","max-video-preview":"max-video-preview:-1"},"canonical":"https:\/\/www.organisator.ch\/de\/management\/2019-01-18\/das-smartphone-laesst-geschaeftliches-und-privates-immer-mehr-vermischen\/","og_locale":"de_DE","og_type":"article","og_title":"Das Smartphone l\u00e4sst Gesch\u00e4ftliches und Privates immer mehr vermischen","og_description":"Arbeiten auf dem Smartphone: Zwei Drittel erledigen Gesch\u00e4ftliches w\u00e4hrend der Freizeit. Das Ger\u00e4t wird w\u00e4hrend der Arbeit auch f\u00fcr Privates genutzt.","og_url":"https:\/\/www.organisator.ch\/de\/management\/2019-01-18\/das-smartphone-laesst-geschaeftliches-und-privates-immer-mehr-vermischen\/","og_site_name":"Organisator","article_publisher":"https:\/\/www.facebook.com\/OrganisatorFachmagazin","article_published_time":"2019-01-18T07:57:45+00:00","og_image":[{"width":680,"height":452,"url":"https:\/\/www.organisator.ch\/wp-content\/uploads\/2019\/01\/Das-Smartphone-laesst-Geschaeftliches-und-Privates-immer-mehr-vermischen-1_Organisator.jpg","type":"image\/jpeg"}],"author":"thomas.berner","twitter_card":"summary_large_image","twitter_title":"Das #Smartphone l\u00e4sst Gesch\u00e4ftliches und Privates immer mehr vermischen","twitter_description":"Arbeiten auf dem #Smartphone: Zwei Drittel erledigen Gesch\u00e4ftliches w\u00e4hrend der Freizeit. Das Ger\u00e4t wird w\u00e4hrend der Arbeit auch f\u00fcr Privates genutzt.","twitter_image":"https:\/\/www.organisator.ch\/wp-content\/uploads\/2019\/01\/Das-Smartphone-l\u00e4sst-Gesch\u00e4ftliches-und-Privates-immer-mehr-vermischen-1_Organisator.jpg","schema":{"@context":"https:\/\/schema.org","@graph":[{"@type":"Article","@id":"https:\/\/www.organisator.ch\/management\/2019-01-18\/das-smartphone-laesst-geschaeftliches-und-privates-immer-mehr-vermischen\/#article","isPartOf":{"@id":"https:\/\/www.organisator.ch\/management\/2019-01-18\/das-smartphone-laesst-geschaeftliches-und-privates-immer-mehr-vermischen\/"},"author":{"name":"thomas.berner","@id":"https:\/\/www.organisator.ch\/#\/schema\/person\/6f650f90b2842cd4c0cc334b4e36f67e"},"headline":"Das Smartphone l\u00e4sst Gesch\u00e4ftliches und Privates immer mehr vermischen","datePublished":"2019-01-18T07:57:45+00:00","mainEntityOfPage":{"@id":"https:\/\/www.organisator.ch\/management\/2019-01-18\/das-smartphone-laesst-geschaeftliches-und-privates-immer-mehr-vermischen\/"},"wordCount":936,"commentCount":0,"publisher":{"@id":"https:\/\/www.organisator.ch\/#organization"},"image":{"@id":"https:\/\/www.organisator.ch\/management\/2019-01-18\/das-smartphone-laesst-geschaeftliches-und-privates-immer-mehr-vermischen\/#primaryimage"},"thumbnailUrl":"https:\/\/www.organisator.ch\/wp-content\/uploads\/2019\/01\/Das-Smartphone-laesst-Geschaeftliches-und-Privates-immer-mehr-vermischen-1_Organisator.jpg","keywords":["Arbeit","Arbeitsplatzgestaltung","Digitalisierung","IT","Management","Studie"],"articleSection":["MANAGEMENT"],"inLanguage":"de"},{"@type":"WebPage","@id":"https:\/\/www.organisator.ch\/management\/2019-01-18\/das-smartphone-laesst-geschaeftliches-und-privates-immer-mehr-vermischen\/","url":"https:\/\/www.organisator.ch\/management\/2019-01-18\/das-smartphone-laesst-geschaeftliches-und-privates-immer-mehr-vermischen\/","name":"Das Smartphone l\u00e4sst Gesch\u00e4ftliches und Privates immer mehr vermischen - Organisator","isPartOf":{"@id":"https:\/\/www.organisator.ch\/#website"},"primaryImageOfPage":{"@id":"https:\/\/www.organisator.ch\/management\/2019-01-18\/das-smartphone-laesst-geschaeftliches-und-privates-immer-mehr-vermischen\/#primaryimage"},"image":{"@id":"https:\/\/www.organisator.ch\/management\/2019-01-18\/das-smartphone-laesst-geschaeftliches-und-privates-immer-mehr-vermischen\/#primaryimage"},"thumbnailUrl":"https:\/\/www.organisator.ch\/wp-content\/uploads\/2019\/01\/Das-Smartphone-laesst-Geschaeftliches-und-Privates-immer-mehr-vermischen-1_Organisator.jpg","datePublished":"2019-01-18T07:57:45+00:00","description":"Arbeiten auf dem Smartphone: Zwei Drittel erledigen Gesch\u00e4ftliches w\u00e4hrend der Freizeit. Das Ger\u00e4t wird w\u00e4hrend der Arbeit auch f\u00fcr Privates genutzt.","breadcrumb":{"@id":"https:\/\/www.organisator.ch\/management\/2019-01-18\/das-smartphone-laesst-geschaeftliches-und-privates-immer-mehr-vermischen\/#breadcrumb"},"inLanguage":"de","potentialAction":[{"@type":"ReadAction","target":["https:\/\/www.organisator.ch\/management\/2019-01-18\/das-smartphone-laesst-geschaeftliches-und-privates-immer-mehr-vermischen\/"]}]},{"@type":"ImageObject","inLanguage":"de","@id":"https:\/\/www.organisator.ch\/management\/2019-01-18\/das-smartphone-laesst-geschaeftliches-und-privates-immer-mehr-vermischen\/#primaryimage","url":"https:\/\/www.organisator.ch\/wp-content\/uploads\/2019\/01\/Das-Smartphone-laesst-Geschaeftliches-und-Privates-immer-mehr-vermischen-1_Organisator.jpg","contentUrl":"https:\/\/www.organisator.ch\/wp-content\/uploads\/2019\/01\/Das-Smartphone-laesst-Geschaeftliches-und-Privates-immer-mehr-vermischen-1_Organisator.jpg","width":680,"height":452,"caption":"Das Smartphone ist heute aus der Gesch\u00e4ftswelt nicht mehr wegzudenken. (Bild: pixabay)"},{"@type":"BreadcrumbList","@id":"https:\/\/www.organisator.ch\/management\/2019-01-18\/das-smartphone-laesst-geschaeftliches-und-privates-immer-mehr-vermischen\/#breadcrumb","itemListElement":[{"@type":"ListItem","position":1,"name":"Home","item":"https:\/\/www.organisator.ch\/"},{"@type":"ListItem","position":2,"name":"Das Smartphone l\u00e4sst Gesch\u00e4ftliches und Privates immer mehr vermischen"}]},{"@type":"WebSite","@id":"https:\/\/www.organisator.ch\/#website","url":"https:\/\/www.organisator.ch\/","name":"Organisator","description":"Kompetent. Praxisnah. Der ORGANISATOR bereitet in 10 Ausgaben pro Jahr die wesentlichen Themen f\u00fcr F\u00fchrungskr\u00e4fte von KMU auf.","publisher":{"@id":"https:\/\/www.organisator.ch\/#organization"},"potentialAction":[{"@type":"SearchAction","target":{"@type":"EntryPoint","urlTemplate":"https:\/\/www.organisator.ch\/?s={search_term_string}"},"query-input":{"@type":"PropertyValueSpecification","valueRequired":true,"valueName":"search_term_string"}}],"inLanguage":"de"},{"@type":"Organization","@id":"https:\/\/www.organisator.ch\/#organization","name":"Organisator","url":"https:\/\/www.organisator.ch\/","logo":{"@type":"ImageObject","inLanguage":"de","@id":"https:\/\/www.organisator.ch\/#\/schema\/logo\/image\/","url":"https:\/\/www.organisator.ch\/wp-content\/uploads\/2022\/01\/Logo_Organisator_Website.png","contentUrl":"https:\/\/www.organisator.ch\/wp-content\/uploads\/2022\/01\/Logo_Organisator_Website.png","width":800,"height":77,"caption":"Organisator"},"image":{"@id":"https:\/\/www.organisator.ch\/#\/schema\/logo\/image\/"},"sameAs":["https:\/\/www.facebook.com\/OrganisatorFachmagazin","https:\/\/www.linkedin.com\/showcase\/organisator-das-magazin-fr-kmu","https:\/\/www.xing.com\/news\/pages\/organisator-ch-695","https:\/\/www.youtube.com\/channel\/UCGP2Sq0iWaZwT3BdIAQFYpw"]},{"@type":"Person","@id":"https:\/\/www.organisator.ch\/#\/schema\/person\/6f650f90b2842cd4c0cc334b4e36f67e","name":"thomas.berner","image":{"@type":"ImageObject","inLanguage":"de","@id":"https:\/\/secure.gravatar.com\/avatar\/ac5001d2a36cb6c6cd3e50789007ffca834b477b74a2144564522e944eabff61?s=96&d=mm&r=g","url":"https:\/\/secure.gravatar.com\/avatar\/ac5001d2a36cb6c6cd3e50789007ffca834b477b74a2144564522e944eabff61?s=96&d=mm&r=g","contentUrl":"https:\/\/secure.gravatar.com\/avatar\/ac5001d2a36cb6c6cd3e50789007ffca834b477b74a2144564522e944eabff61?s=96&d=mm&r=g","caption":"thomas.berner"},"url":"https:\/\/www.organisator.ch\/de\/author\/thomas-berner\/"}]}},"_links":{"self":[{"href":"https:\/\/www.organisator.ch\/de\/wp-json\/wp\/v2\/posts\/4754","targetHints":{"allow":["GET"]}}],"collection":[{"href":"https:\/\/www.organisator.ch\/de\/wp-json\/wp\/v2\/posts"}],"about":[{"href":"https:\/\/www.organisator.ch\/de\/wp-json\/wp\/v2\/types\/post"}],"author":[{"embeddable":true,"href":"https:\/\/www.organisator.ch\/de\/wp-json\/wp\/v2\/users\/4"}],"replies":[{"embeddable":true,"href":"https:\/\/www.organisator.ch\/de\/wp-json\/wp\/v2\/comments?post=4754"}],"version-history":[{"count":0,"href":"https:\/\/www.organisator.ch\/de\/wp-json\/wp\/v2\/posts\/4754\/revisions"}],"wp:featuredmedia":[{"embeddable":true,"href":"https:\/\/www.organisator.ch\/de\/wp-json\/wp\/v2\/media\/4755"}],"wp:attachment":[{"href":"https:\/\/www.organisator.ch\/de\/wp-json\/wp\/v2\/media?parent=4754"}],"wp:term":[{"taxonomy":"category","embeddable":true,"href":"https:\/\/www.organisator.ch\/de\/wp-json\/wp\/v2\/categories?post=4754"},{"taxonomy":"post_tag","embeddable":true,"href":"https:\/\/www.organisator.ch\/de\/wp-json\/wp\/v2\/tags?post=4754"}],"curies":[{"name":"wp","href":"https:\/\/api.w.org\/{rel}","templated":true}]}}