{"id":4758,"date":"2019-01-18T09:11:37","date_gmt":"2019-01-18T08:11:37","guid":{"rendered":"https:\/\/www.organisator.ch\/?p=4758"},"modified":"2019-01-18T09:11:37","modified_gmt":"2019-01-18T08:11:37","slug":"mehr-datensicherheit-in-der-cloud-fuenf-schritte","status":"publish","type":"post","link":"https:\/\/www.organisator.ch\/de\/management\/it\/2019-01-18\/mehr-datensicherheit-in-der-cloud-fuenf-schritte\/","title":{"rendered":"Mehr Datensicherheit in der Cloud: F\u00fcnf Schritte"},"content":{"rendered":"<figure id=\"attachment_4759\" aria-describedby=\"caption-attachment-4759\" style=\"width: 680px\" class=\"wp-caption alignnone\"><img loading=\"lazy\" decoding=\"async\" class=\"size-medium wp-image-4759\" src=\"https:\/\/www.organisator.ch\/wp-content\/uploads\/2019\/01\/Mehr-Datensicherheit-in-der-Cloud-Fuenf-Schritte_Organisator.jpg\" alt=\"\" width=\"680\" height=\"383\" srcset=\"https:\/\/www.organisator.ch\/wp-content\/uploads\/2019\/01\/Mehr-Datensicherheit-in-der-Cloud-Fuenf-Schritte_Organisator.jpg 680w, https:\/\/www.organisator.ch\/wp-content\/uploads\/2019\/01\/Mehr-Datensicherheit-in-der-Cloud-Fuenf-Schritte_Organisator-16x9.jpg 16w, https:\/\/www.organisator.ch\/wp-content\/uploads\/2019\/01\/Mehr-Datensicherheit-in-der-Cloud-Fuenf-Schritte_Organisator-311x175.jpg 311w, https:\/\/www.organisator.ch\/wp-content\/uploads\/2019\/01\/Mehr-Datensicherheit-in-der-Cloud-Fuenf-Schritte_Organisator-621x350.jpg 621w, https:\/\/www.organisator.ch\/wp-content\/uploads\/2019\/01\/Mehr-Datensicherheit-in-der-Cloud-Fuenf-Schritte_Organisator-300x169.jpg 300w\" sizes=\"auto, (max-width: 680px) 100vw, 680px\" \/><figcaption id=\"caption-attachment-4759\" class=\"wp-caption-text\">Wenn Unternehmen komplette Gesch\u00e4ftsprozesse in die Cloud verlagern, muss von Anfang an eine umfassende IT-Security-Strategie mitgedacht werden. (Quelle: Fotolia)<\/figcaption><\/figure>\n<p>Wenn Unternehmen komplette Gesch\u00e4ftsprozesse in die Cloud verlagern, lassen sich die erwarteten betriebswirtschaftlichen Ziele nur dann erreichen, wenn die Migration von Anfang an durch eine umfassende IT-Security-Strategie abgesichert ist \u2013 bei der die Sicherheit der Daten eine entscheidende Rolle spielt. NTT Security konkretisiert die wichtigsten Aktivit\u00e4ten in f\u00fcnf Schritten.<\/p>\n<h2>1. Daten identifizieren und klassifizieren<\/h2>\n<p>Zu Beginn m\u00fcssen Unternehmen ermitteln, welche Applikationen und Daten bei der Migration vom eigenen Rechenzentrum zu einem Cloud-Provider \u00fcbertragen werden sollen. Dabei ist beispielsweise zu kl\u00e4ren, um welche Art von Daten es sich handelt und ob personenbezogene Daten involviert sind, denn dann gelten die strengen Vorschriften der DSGVO. In welchen Applikationen werden die Daten von wem und wie genutzt? Werden sie nur gelesen oder auch weiterverarbeitet? Aufgrund dieser Informationen wird das Security-Modell aufgebaut.<\/p>\n<h2>2. Das Schutzniveau f\u00fcr jeden Arbeitsschritt im Workflow festlegen<\/h2>\n<p>Auf Basis der Klassifikation und der Risikobewertung der Daten muss f\u00fcr jeden Arbeitsschritt in der Workload das Schutzniveau und die Schutzklasse festgelegt werden. Wird Verschl\u00fcsselung ben\u00f6tigt, und wenn ja wann: w\u00e4hrend der \u00dcbertragung, bei der Speicherung, auf Feldebene? Werden Pseudonymisierung oder Tokens ben\u00f6tigt? Wo sollen die Encryption Keys aufbewahrt werden: on-premise, direkt beim Cloud-Provider oder bei einem separaten Cloud-Provider?<\/p>\n<h2>3. Regeln f\u00fcr die Zugriffskontrolle definieren<\/h2>\n<p>Um ein hohes Schutzniveau erzielen zu k\u00f6nnen, d\u00fcrfen die Daten zu keinem Zeitpunkt im Verlauf eines Gesch\u00e4ftsprozesses ungesch\u00fctzt zug\u00e4ngig sein. Zudem muss sichergestellt sein, dass Kopien gespeicherter oder archivierter Daten w\u00e4hrend der Verarbeitung ebenso gesch\u00fctzt sind wie die Originale und dass diese Kopien, wenn sie nicht mehr ben\u00f6tigt werden, gel\u00f6scht werden. Abh\u00e4ngig von Rollen im Unternehmen werden Zugriffsberechtigungen vergeben und deren Einhaltung \u00fcberwacht, so dass niemand Unbefugtes Daten lesen, kopieren, \u00e4ndern oder l\u00f6schen kann.<\/p>\n<h2>4. Alle Datenzugriffe in Log-Files aufzeichnen<\/h2>\n<p>Unternehmen m\u00fcssen Regeln zur Vergabe von Zugriffsberechtigungen mit einem umfassenden Log-Management verkn\u00fcpfen. Zugriffsprotokolle erfassen und speichern alle Datenaktivit\u00e4ten. Diese Aufzeichnungen und die Auswertung aller Datenzugriffe sowie anderer sicherheitsrelevanter Ereignisse sind Voraussetzung f\u00fcr ein l\u00fcckenloses IT-Sicherheits-Monitoring. Die Analyse der Log-Files erm\u00f6glicht einerseits aussergew\u00f6hnliche Ereignisse zu erkennen und deren Ursachen zu ermitteln, und sie unterst\u00fctzt Unternehmen andererseits bei der Nachvollziehbarkeit aller Aktivit\u00e4ten bei Security-Audits.<\/p>\n<h2>5. Lebenszyklus der Daten beachten<\/h2>\n<p>Die Aufbewahrungspflicht von Daten ist in der Finanzdienstleistungs-, Medizintechnik-, chemisch-pharmazeutischen und anderen Branchen im Detail reglementiert. Der Schutz personenbezogener Daten \u00fcber deren gesamten Lebenszyklus ist in der DSGVO (in der Schweiz durch das Datenschutzgesetz, die DSGVO gilt aber auch f\u00fcr Schweizer Unternehmen mit Gesch\u00e4ftsbeziehungen in die EU) geregelt \u2013 egal, ob sich die Daten im eigenen Rechenzentrum oder in der Cloud befinden. F\u00fcr Unternehmen bedeutet das: Sie m\u00fcssen dauerhaft die vollst\u00e4ndige Kontrolle \u00fcber personenbezogene Daten behalten, von der Erfassung \u00fcber die Verarbeitung bis zur Archivierung. Das gilt f\u00fcr Individual- und Standard-Applikationen, egal, ob sie sich on-premise oder in der Cloud befinden.<\/p>\n<p><em>Quelle und weitere Informationen: <a href=\"http:\/\/www.nttsecurity.com\/ch\">NTT Security<\/a><\/em><\/p>\n<p>&nbsp;<\/p>\n","protected":false},"excerpt":{"rendered":"<p>Wenn Unternehmen komplette Gesch\u00e4ftsprozesse in die Cloud verlagern, lassen sich die erwarteten betriebswirtschaftlichen Ziele nur dann erreichen, wenn die Migration von Anfang an durch eine umfassende IT-Security-Strategie abgesichert ist \u2013 bei der die Sicherheit der Daten eine entscheidende Rolle spielt. NTT Security konkretisiert die wichtigsten Aktivit\u00e4ten in f\u00fcnf Schritten. 1. Daten identifizieren und klassifizieren Zu [&hellip;]<\/p>\n","protected":false},"author":4,"featured_media":4759,"comment_status":"open","ping_status":"open","sticky":false,"template":"","format":"standard","meta":{"_acf_changed":false,"_yoast_wpseo_focuskw":"Cloud","_yoast_wpseo_metadesc":"Die Verlagerung von Gesch\u00e4ftsprozessen und Applikationen in die Cloud erfordert eine genaue Planung, damit die Datensicherheit gew\u00e4hrleistet ist.","articlekey":"","footnotes":""},"categories":[27],"tags":[115,123,260],"class_list":["post-4758","post","type-post","status-publish","format-standard","has-post-thumbnail","hentry","category-it","tag-checklisten","tag-cloud-computing","tag-ict-sicherheit"],"acf":[],"yoast_head":"<!-- This site is optimized with the Yoast SEO plugin v27.5 - https:\/\/yoast.com\/product\/yoast-seo-wordpress\/ -->\n<title>Mehr Datensicherheit in der Cloud: F\u00fcnf Schritte - Organisator<\/title>\n<meta name=\"description\" content=\"Die Verlagerung von Gesch\u00e4ftsprozessen und Applikationen in die Cloud erfordert eine genaue Planung, damit die Datensicherheit gew\u00e4hrleistet ist.\" \/>\n<meta name=\"robots\" content=\"index, follow, max-snippet:-1, max-image-preview:large, max-video-preview:-1\" \/>\n<link rel=\"canonical\" href=\"https:\/\/www.organisator.ch\/de\/management\/it\/2019-01-18\/mehr-datensicherheit-in-der-cloud-fuenf-schritte\/\" \/>\n<meta property=\"og:locale\" content=\"de_DE\" \/>\n<meta property=\"og:type\" content=\"article\" \/>\n<meta property=\"og:title\" content=\"Mehr Datensicherheit in der Cloud: F\u00fcnf Schritte\" \/>\n<meta property=\"og:description\" content=\"Die Verlagerung von Gesch\u00e4ftsprozessen und Applikationen in die Cloud erfordert eine genaue Planung, damit die Datensicherheit gew\u00e4hrleistet ist.\" \/>\n<meta property=\"og:url\" content=\"https:\/\/www.organisator.ch\/de\/management\/it\/2019-01-18\/mehr-datensicherheit-in-der-cloud-fuenf-schritte\/\" \/>\n<meta property=\"og:site_name\" content=\"Organisator\" \/>\n<meta property=\"article:publisher\" content=\"https:\/\/www.facebook.com\/OrganisatorFachmagazin\" \/>\n<meta property=\"article:published_time\" content=\"2019-01-18T08:11:37+00:00\" \/>\n<meta property=\"og:image\" content=\"https:\/\/www.organisator.ch\/wp-content\/uploads\/2019\/01\/Mehr-Datensicherheit-in-der-Cloud-Fuenf-Schritte_Organisator.jpg\" \/>\n\t<meta property=\"og:image:width\" content=\"680\" \/>\n\t<meta property=\"og:image:height\" content=\"383\" \/>\n\t<meta property=\"og:image:type\" content=\"image\/jpeg\" \/>\n<meta name=\"author\" content=\"thomas.berner\" \/>\n<meta name=\"twitter:card\" content=\"summary_large_image\" \/>\n<meta name=\"twitter:title\" content=\"Mehr Datensicherheit in der #Cloud: F\u00fcnf Schritte\" \/>\n<meta name=\"twitter:description\" content=\"Die Verlagerung von Gesch\u00e4ftsprozessen und Applikationen in die #Cloud erfordert eine genaue Planung, damit die Datensicherheit gew\u00e4hrleistet ist.\" \/>\n<meta name=\"twitter:image\" content=\"https:\/\/www.organisator.ch\/wp-content\/uploads\/2019\/01\/Mehr-Datensicherheit-in-der-Cloud-F\u00fcnf-Schritte_Organisator.jpg\" \/>\n<script type=\"application\/ld+json\" class=\"yoast-schema-graph\">{\"@context\":\"https:\\\/\\\/schema.org\",\"@graph\":[{\"@type\":\"Article\",\"@id\":\"https:\\\/\\\/www.organisator.ch\\\/management\\\/it\\\/2019-01-18\\\/mehr-datensicherheit-in-der-cloud-fuenf-schritte\\\/#article\",\"isPartOf\":{\"@id\":\"https:\\\/\\\/www.organisator.ch\\\/management\\\/it\\\/2019-01-18\\\/mehr-datensicherheit-in-der-cloud-fuenf-schritte\\\/\"},\"author\":{\"name\":\"thomas.berner\",\"@id\":\"https:\\\/\\\/www.organisator.ch\\\/#\\\/schema\\\/person\\\/6f650f90b2842cd4c0cc334b4e36f67e\"},\"headline\":\"Mehr Datensicherheit in der Cloud: F\u00fcnf Schritte\",\"datePublished\":\"2019-01-18T08:11:37+00:00\",\"mainEntityOfPage\":{\"@id\":\"https:\\\/\\\/www.organisator.ch\\\/management\\\/it\\\/2019-01-18\\\/mehr-datensicherheit-in-der-cloud-fuenf-schritte\\\/\"},\"wordCount\":522,\"commentCount\":0,\"publisher\":{\"@id\":\"https:\\\/\\\/www.organisator.ch\\\/#organization\"},\"image\":{\"@id\":\"https:\\\/\\\/www.organisator.ch\\\/management\\\/it\\\/2019-01-18\\\/mehr-datensicherheit-in-der-cloud-fuenf-schritte\\\/#primaryimage\"},\"thumbnailUrl\":\"https:\\\/\\\/www.organisator.ch\\\/wp-content\\\/uploads\\\/2019\\\/01\\\/Mehr-Datensicherheit-in-der-Cloud-Fuenf-Schritte_Organisator.jpg\",\"keywords\":[\"Checklisten\",\"Cloud Computing\",\"ICT-Sicherheit\"],\"articleSection\":[\"IT\"],\"inLanguage\":\"de\"},{\"@type\":\"WebPage\",\"@id\":\"https:\\\/\\\/www.organisator.ch\\\/management\\\/it\\\/2019-01-18\\\/mehr-datensicherheit-in-der-cloud-fuenf-schritte\\\/\",\"url\":\"https:\\\/\\\/www.organisator.ch\\\/management\\\/it\\\/2019-01-18\\\/mehr-datensicherheit-in-der-cloud-fuenf-schritte\\\/\",\"name\":\"Mehr Datensicherheit in der Cloud: F\u00fcnf Schritte - Organisator\",\"isPartOf\":{\"@id\":\"https:\\\/\\\/www.organisator.ch\\\/#website\"},\"primaryImageOfPage\":{\"@id\":\"https:\\\/\\\/www.organisator.ch\\\/management\\\/it\\\/2019-01-18\\\/mehr-datensicherheit-in-der-cloud-fuenf-schritte\\\/#primaryimage\"},\"image\":{\"@id\":\"https:\\\/\\\/www.organisator.ch\\\/management\\\/it\\\/2019-01-18\\\/mehr-datensicherheit-in-der-cloud-fuenf-schritte\\\/#primaryimage\"},\"thumbnailUrl\":\"https:\\\/\\\/www.organisator.ch\\\/wp-content\\\/uploads\\\/2019\\\/01\\\/Mehr-Datensicherheit-in-der-Cloud-Fuenf-Schritte_Organisator.jpg\",\"datePublished\":\"2019-01-18T08:11:37+00:00\",\"description\":\"Die Verlagerung von Gesch\u00e4ftsprozessen und Applikationen in die Cloud erfordert eine genaue Planung, damit die Datensicherheit gew\u00e4hrleistet ist.\",\"breadcrumb\":{\"@id\":\"https:\\\/\\\/www.organisator.ch\\\/management\\\/it\\\/2019-01-18\\\/mehr-datensicherheit-in-der-cloud-fuenf-schritte\\\/#breadcrumb\"},\"inLanguage\":\"de\",\"potentialAction\":[{\"@type\":\"ReadAction\",\"target\":[\"https:\\\/\\\/www.organisator.ch\\\/management\\\/it\\\/2019-01-18\\\/mehr-datensicherheit-in-der-cloud-fuenf-schritte\\\/\"]}]},{\"@type\":\"ImageObject\",\"inLanguage\":\"de\",\"@id\":\"https:\\\/\\\/www.organisator.ch\\\/management\\\/it\\\/2019-01-18\\\/mehr-datensicherheit-in-der-cloud-fuenf-schritte\\\/#primaryimage\",\"url\":\"https:\\\/\\\/www.organisator.ch\\\/wp-content\\\/uploads\\\/2019\\\/01\\\/Mehr-Datensicherheit-in-der-Cloud-Fuenf-Schritte_Organisator.jpg\",\"contentUrl\":\"https:\\\/\\\/www.organisator.ch\\\/wp-content\\\/uploads\\\/2019\\\/01\\\/Mehr-Datensicherheit-in-der-Cloud-Fuenf-Schritte_Organisator.jpg\",\"width\":680,\"height\":383,\"caption\":\"Wenn Unternehmen komplette Gesch\u00e4ftsprozesse in die Cloud verlagern, muss von Anfang an eine umfassende IT-Security-Strategie mitgedacht werden. (Quelle: Fotolia)\"},{\"@type\":\"BreadcrumbList\",\"@id\":\"https:\\\/\\\/www.organisator.ch\\\/management\\\/it\\\/2019-01-18\\\/mehr-datensicherheit-in-der-cloud-fuenf-schritte\\\/#breadcrumb\",\"itemListElement\":[{\"@type\":\"ListItem\",\"position\":1,\"name\":\"Home\",\"item\":\"https:\\\/\\\/www.organisator.ch\\\/\"},{\"@type\":\"ListItem\",\"position\":2,\"name\":\"Mehr Datensicherheit in der Cloud: F\u00fcnf Schritte\"}]},{\"@type\":\"WebSite\",\"@id\":\"https:\\\/\\\/www.organisator.ch\\\/#website\",\"url\":\"https:\\\/\\\/www.organisator.ch\\\/\",\"name\":\"Organisator\",\"description\":\"Kompetent. Praxisnah. Der ORGANISATOR bereitet in 10 Ausgaben pro Jahr die wesentlichen Themen f\u00fcr F\u00fchrungskr\u00e4fte von KMU auf.\",\"publisher\":{\"@id\":\"https:\\\/\\\/www.organisator.ch\\\/#organization\"},\"potentialAction\":[{\"@type\":\"SearchAction\",\"target\":{\"@type\":\"EntryPoint\",\"urlTemplate\":\"https:\\\/\\\/www.organisator.ch\\\/?s={search_term_string}\"},\"query-input\":{\"@type\":\"PropertyValueSpecification\",\"valueRequired\":true,\"valueName\":\"search_term_string\"}}],\"inLanguage\":\"de\"},{\"@type\":\"Organization\",\"@id\":\"https:\\\/\\\/www.organisator.ch\\\/#organization\",\"name\":\"Organisator\",\"url\":\"https:\\\/\\\/www.organisator.ch\\\/\",\"logo\":{\"@type\":\"ImageObject\",\"inLanguage\":\"de\",\"@id\":\"https:\\\/\\\/www.organisator.ch\\\/#\\\/schema\\\/logo\\\/image\\\/\",\"url\":\"https:\\\/\\\/www.organisator.ch\\\/wp-content\\\/uploads\\\/2022\\\/01\\\/Logo_Organisator_Website.png\",\"contentUrl\":\"https:\\\/\\\/www.organisator.ch\\\/wp-content\\\/uploads\\\/2022\\\/01\\\/Logo_Organisator_Website.png\",\"width\":800,\"height\":77,\"caption\":\"Organisator\"},\"image\":{\"@id\":\"https:\\\/\\\/www.organisator.ch\\\/#\\\/schema\\\/logo\\\/image\\\/\"},\"sameAs\":[\"https:\\\/\\\/www.facebook.com\\\/OrganisatorFachmagazin\",\"https:\\\/\\\/www.linkedin.com\\\/showcase\\\/organisator-das-magazin-fr-kmu\",\"https:\\\/\\\/www.xing.com\\\/news\\\/pages\\\/organisator-ch-695\",\"https:\\\/\\\/www.youtube.com\\\/channel\\\/UCGP2Sq0iWaZwT3BdIAQFYpw\"]},{\"@type\":\"Person\",\"@id\":\"https:\\\/\\\/www.organisator.ch\\\/#\\\/schema\\\/person\\\/6f650f90b2842cd4c0cc334b4e36f67e\",\"name\":\"thomas.berner\",\"image\":{\"@type\":\"ImageObject\",\"inLanguage\":\"de\",\"@id\":\"https:\\\/\\\/secure.gravatar.com\\\/avatar\\\/ac5001d2a36cb6c6cd3e50789007ffca834b477b74a2144564522e944eabff61?s=96&d=mm&r=g\",\"url\":\"https:\\\/\\\/secure.gravatar.com\\\/avatar\\\/ac5001d2a36cb6c6cd3e50789007ffca834b477b74a2144564522e944eabff61?s=96&d=mm&r=g\",\"contentUrl\":\"https:\\\/\\\/secure.gravatar.com\\\/avatar\\\/ac5001d2a36cb6c6cd3e50789007ffca834b477b74a2144564522e944eabff61?s=96&d=mm&r=g\",\"caption\":\"thomas.berner\"},\"url\":\"https:\\\/\\\/www.organisator.ch\\\/de\\\/author\\\/thomas-berner\\\/\"}]}<\/script>\n<!-- \/ Yoast SEO plugin. -->","yoast_head_json":{"title":"Mehr Datensicherheit in der Cloud: F\u00fcnf Schritte - Organisator","description":"Die Verlagerung von Gesch\u00e4ftsprozessen und Applikationen in die Cloud erfordert eine genaue Planung, damit die Datensicherheit gew\u00e4hrleistet ist.","robots":{"index":"index","follow":"follow","max-snippet":"max-snippet:-1","max-image-preview":"max-image-preview:large","max-video-preview":"max-video-preview:-1"},"canonical":"https:\/\/www.organisator.ch\/de\/management\/it\/2019-01-18\/mehr-datensicherheit-in-der-cloud-fuenf-schritte\/","og_locale":"de_DE","og_type":"article","og_title":"Mehr Datensicherheit in der Cloud: F\u00fcnf Schritte","og_description":"Die Verlagerung von Gesch\u00e4ftsprozessen und Applikationen in die Cloud erfordert eine genaue Planung, damit die Datensicherheit gew\u00e4hrleistet ist.","og_url":"https:\/\/www.organisator.ch\/de\/management\/it\/2019-01-18\/mehr-datensicherheit-in-der-cloud-fuenf-schritte\/","og_site_name":"Organisator","article_publisher":"https:\/\/www.facebook.com\/OrganisatorFachmagazin","article_published_time":"2019-01-18T08:11:37+00:00","og_image":[{"width":680,"height":383,"url":"https:\/\/www.organisator.ch\/wp-content\/uploads\/2019\/01\/Mehr-Datensicherheit-in-der-Cloud-Fuenf-Schritte_Organisator.jpg","type":"image\/jpeg"}],"author":"thomas.berner","twitter_card":"summary_large_image","twitter_title":"Mehr Datensicherheit in der #Cloud: F\u00fcnf Schritte","twitter_description":"Die Verlagerung von Gesch\u00e4ftsprozessen und Applikationen in die #Cloud erfordert eine genaue Planung, damit die Datensicherheit gew\u00e4hrleistet ist.","twitter_image":"https:\/\/www.organisator.ch\/wp-content\/uploads\/2019\/01\/Mehr-Datensicherheit-in-der-Cloud-F\u00fcnf-Schritte_Organisator.jpg","schema":{"@context":"https:\/\/schema.org","@graph":[{"@type":"Article","@id":"https:\/\/www.organisator.ch\/management\/it\/2019-01-18\/mehr-datensicherheit-in-der-cloud-fuenf-schritte\/#article","isPartOf":{"@id":"https:\/\/www.organisator.ch\/management\/it\/2019-01-18\/mehr-datensicherheit-in-der-cloud-fuenf-schritte\/"},"author":{"name":"thomas.berner","@id":"https:\/\/www.organisator.ch\/#\/schema\/person\/6f650f90b2842cd4c0cc334b4e36f67e"},"headline":"Mehr Datensicherheit in der Cloud: F\u00fcnf Schritte","datePublished":"2019-01-18T08:11:37+00:00","mainEntityOfPage":{"@id":"https:\/\/www.organisator.ch\/management\/it\/2019-01-18\/mehr-datensicherheit-in-der-cloud-fuenf-schritte\/"},"wordCount":522,"commentCount":0,"publisher":{"@id":"https:\/\/www.organisator.ch\/#organization"},"image":{"@id":"https:\/\/www.organisator.ch\/management\/it\/2019-01-18\/mehr-datensicherheit-in-der-cloud-fuenf-schritte\/#primaryimage"},"thumbnailUrl":"https:\/\/www.organisator.ch\/wp-content\/uploads\/2019\/01\/Mehr-Datensicherheit-in-der-Cloud-Fuenf-Schritte_Organisator.jpg","keywords":["Checklisten","Cloud Computing","ICT-Sicherheit"],"articleSection":["IT"],"inLanguage":"de"},{"@type":"WebPage","@id":"https:\/\/www.organisator.ch\/management\/it\/2019-01-18\/mehr-datensicherheit-in-der-cloud-fuenf-schritte\/","url":"https:\/\/www.organisator.ch\/management\/it\/2019-01-18\/mehr-datensicherheit-in-der-cloud-fuenf-schritte\/","name":"Mehr Datensicherheit in der Cloud: F\u00fcnf Schritte - Organisator","isPartOf":{"@id":"https:\/\/www.organisator.ch\/#website"},"primaryImageOfPage":{"@id":"https:\/\/www.organisator.ch\/management\/it\/2019-01-18\/mehr-datensicherheit-in-der-cloud-fuenf-schritte\/#primaryimage"},"image":{"@id":"https:\/\/www.organisator.ch\/management\/it\/2019-01-18\/mehr-datensicherheit-in-der-cloud-fuenf-schritte\/#primaryimage"},"thumbnailUrl":"https:\/\/www.organisator.ch\/wp-content\/uploads\/2019\/01\/Mehr-Datensicherheit-in-der-Cloud-Fuenf-Schritte_Organisator.jpg","datePublished":"2019-01-18T08:11:37+00:00","description":"Die Verlagerung von Gesch\u00e4ftsprozessen und Applikationen in die Cloud erfordert eine genaue Planung, damit die Datensicherheit gew\u00e4hrleistet ist.","breadcrumb":{"@id":"https:\/\/www.organisator.ch\/management\/it\/2019-01-18\/mehr-datensicherheit-in-der-cloud-fuenf-schritte\/#breadcrumb"},"inLanguage":"de","potentialAction":[{"@type":"ReadAction","target":["https:\/\/www.organisator.ch\/management\/it\/2019-01-18\/mehr-datensicherheit-in-der-cloud-fuenf-schritte\/"]}]},{"@type":"ImageObject","inLanguage":"de","@id":"https:\/\/www.organisator.ch\/management\/it\/2019-01-18\/mehr-datensicherheit-in-der-cloud-fuenf-schritte\/#primaryimage","url":"https:\/\/www.organisator.ch\/wp-content\/uploads\/2019\/01\/Mehr-Datensicherheit-in-der-Cloud-Fuenf-Schritte_Organisator.jpg","contentUrl":"https:\/\/www.organisator.ch\/wp-content\/uploads\/2019\/01\/Mehr-Datensicherheit-in-der-Cloud-Fuenf-Schritte_Organisator.jpg","width":680,"height":383,"caption":"Wenn Unternehmen komplette Gesch\u00e4ftsprozesse in die Cloud verlagern, muss von Anfang an eine umfassende IT-Security-Strategie mitgedacht werden. (Quelle: Fotolia)"},{"@type":"BreadcrumbList","@id":"https:\/\/www.organisator.ch\/management\/it\/2019-01-18\/mehr-datensicherheit-in-der-cloud-fuenf-schritte\/#breadcrumb","itemListElement":[{"@type":"ListItem","position":1,"name":"Home","item":"https:\/\/www.organisator.ch\/"},{"@type":"ListItem","position":2,"name":"Mehr Datensicherheit in der Cloud: F\u00fcnf Schritte"}]},{"@type":"WebSite","@id":"https:\/\/www.organisator.ch\/#website","url":"https:\/\/www.organisator.ch\/","name":"Organisator","description":"Kompetent. Praxisnah. Der ORGANISATOR bereitet in 10 Ausgaben pro Jahr die wesentlichen Themen f\u00fcr F\u00fchrungskr\u00e4fte von KMU auf.","publisher":{"@id":"https:\/\/www.organisator.ch\/#organization"},"potentialAction":[{"@type":"SearchAction","target":{"@type":"EntryPoint","urlTemplate":"https:\/\/www.organisator.ch\/?s={search_term_string}"},"query-input":{"@type":"PropertyValueSpecification","valueRequired":true,"valueName":"search_term_string"}}],"inLanguage":"de"},{"@type":"Organization","@id":"https:\/\/www.organisator.ch\/#organization","name":"Organisator","url":"https:\/\/www.organisator.ch\/","logo":{"@type":"ImageObject","inLanguage":"de","@id":"https:\/\/www.organisator.ch\/#\/schema\/logo\/image\/","url":"https:\/\/www.organisator.ch\/wp-content\/uploads\/2022\/01\/Logo_Organisator_Website.png","contentUrl":"https:\/\/www.organisator.ch\/wp-content\/uploads\/2022\/01\/Logo_Organisator_Website.png","width":800,"height":77,"caption":"Organisator"},"image":{"@id":"https:\/\/www.organisator.ch\/#\/schema\/logo\/image\/"},"sameAs":["https:\/\/www.facebook.com\/OrganisatorFachmagazin","https:\/\/www.linkedin.com\/showcase\/organisator-das-magazin-fr-kmu","https:\/\/www.xing.com\/news\/pages\/organisator-ch-695","https:\/\/www.youtube.com\/channel\/UCGP2Sq0iWaZwT3BdIAQFYpw"]},{"@type":"Person","@id":"https:\/\/www.organisator.ch\/#\/schema\/person\/6f650f90b2842cd4c0cc334b4e36f67e","name":"thomas.berner","image":{"@type":"ImageObject","inLanguage":"de","@id":"https:\/\/secure.gravatar.com\/avatar\/ac5001d2a36cb6c6cd3e50789007ffca834b477b74a2144564522e944eabff61?s=96&d=mm&r=g","url":"https:\/\/secure.gravatar.com\/avatar\/ac5001d2a36cb6c6cd3e50789007ffca834b477b74a2144564522e944eabff61?s=96&d=mm&r=g","contentUrl":"https:\/\/secure.gravatar.com\/avatar\/ac5001d2a36cb6c6cd3e50789007ffca834b477b74a2144564522e944eabff61?s=96&d=mm&r=g","caption":"thomas.berner"},"url":"https:\/\/www.organisator.ch\/de\/author\/thomas-berner\/"}]}},"_links":{"self":[{"href":"https:\/\/www.organisator.ch\/de\/wp-json\/wp\/v2\/posts\/4758","targetHints":{"allow":["GET"]}}],"collection":[{"href":"https:\/\/www.organisator.ch\/de\/wp-json\/wp\/v2\/posts"}],"about":[{"href":"https:\/\/www.organisator.ch\/de\/wp-json\/wp\/v2\/types\/post"}],"author":[{"embeddable":true,"href":"https:\/\/www.organisator.ch\/de\/wp-json\/wp\/v2\/users\/4"}],"replies":[{"embeddable":true,"href":"https:\/\/www.organisator.ch\/de\/wp-json\/wp\/v2\/comments?post=4758"}],"version-history":[{"count":0,"href":"https:\/\/www.organisator.ch\/de\/wp-json\/wp\/v2\/posts\/4758\/revisions"}],"wp:featuredmedia":[{"embeddable":true,"href":"https:\/\/www.organisator.ch\/de\/wp-json\/wp\/v2\/media\/4759"}],"wp:attachment":[{"href":"https:\/\/www.organisator.ch\/de\/wp-json\/wp\/v2\/media?parent=4758"}],"wp:term":[{"taxonomy":"category","embeddable":true,"href":"https:\/\/www.organisator.ch\/de\/wp-json\/wp\/v2\/categories?post=4758"},{"taxonomy":"post_tag","embeddable":true,"href":"https:\/\/www.organisator.ch\/de\/wp-json\/wp\/v2\/tags?post=4758"}],"curies":[{"name":"wp","href":"https:\/\/api.w.org\/{rel}","templated":true}]}}