{"id":47770,"date":"2026-04-20T15:28:01","date_gmt":"2026-04-20T13:28:01","guid":{"rendered":"https:\/\/www.organisator.ch\/de\/?p=47770"},"modified":"2026-04-20T15:28:01","modified_gmt":"2026-04-20T13:28:01","slug":"axa-cybersorgenmonitor-2026-ki-verschaerft-bedrohungslage","status":"publish","type":"post","link":"https:\/\/www.organisator.ch\/de\/allgemein\/2026-04-20\/axa-cybersorgenmonitor-2026-ki-verschaerft-bedrohungslage\/","title":{"rendered":"AXA Cybersorgenmonitor 2026: KI versch\u00e4rft Bedrohungslage"},"content":{"rendered":"<figure id=\"attachment_47766\" aria-describedby=\"caption-attachment-47766\" style=\"width: 540px\" class=\"wp-caption alignnone\"><img loading=\"lazy\" decoding=\"async\" class=\"size-full wp-image-47766\" src=\"https:\/\/www.organisator.ch\/wp-content\/uploads\/2026\/04\/GettyImages-494189202.jpg\" alt=\"\" width=\"540\" height=\"360\" srcset=\"https:\/\/www.organisator.ch\/wp-content\/uploads\/2026\/04\/GettyImages-494189202.jpg 540w, https:\/\/www.organisator.ch\/wp-content\/uploads\/2026\/04\/GettyImages-494189202-18x12.jpg 18w, https:\/\/www.organisator.ch\/wp-content\/uploads\/2026\/04\/GettyImages-494189202-375x250.jpg 375w, https:\/\/www.organisator.ch\/wp-content\/uploads\/2026\/04\/GettyImages-494189202-525x350.jpg 525w\" sizes=\"auto, (max-width: 540px) 100vw, 540px\" \/><figcaption id=\"caption-attachment-47766\" class=\"wp-caption-text\">Zwei Drittel der Jungen wollen weniger Screen-Zeit. Quelle: zvg<\/figcaption><\/figure>\n<p>Die Schweizer Bev\u00f6lkerung blickt zunehmend besorgt auf die digitale Welt: Cyberbetrug, unkontrollierter KI-Einsatz und eine ausufernde Bildschirmzeit besch\u00e4ftigen Menschen aller Altersgruppen. Dies zeigt der zweite AXA Cybersorgenmonitor, der in Zusammenarbeit mit dem Forschungsinstitut Sotomo durchgef\u00fchrt wurde. F\u00fcr die repr\u00e4sentative Umfrage wurden zwischen dem 16. Februar und dem 1. M\u00e4rz 2026 insgesamt 1490 Personen aus der Deutsch- und Westschweiz befragt.<\/p>\n<h3>Cyberkriminalit\u00e4t bleibt eine der gr\u00f6ssten Herausforderungen<\/h3>\n<p>Digitale Sicherheit und Cyberkriminalit\u00e4t geh\u00f6ren auch 2026 zu den am st\u00e4rksten wahrgenommenen gesellschaftlichen Herausforderungen in der Schweiz. Mit einem Durchschnittswert von 4,2 auf einer Skala von 1 (keine Herausforderung) bis 5 (grosse Herausforderung) rangiert das Thema hinter den Krankenkassenpr\u00e4mien (4,4) und dem Wohnmarkt (4,3) \u2013 aber noch vor der Altersvorsorge (4,1) und der internationalen Sicherheitslage (3,9).<\/p>\n<p>Besonders gross ist die Sorge vor konkreten Cyberdelikten: 77 Prozent der Befragten f\u00fcrchten, Opfer eines Hacking-Angriffs zu werden, 64 Prozent sind besorgt \u00fcber Phishing. Auch Fake-Shops (54 %) und Social-Engineering-Betrug (52 %) bereiten vielen Menschen Sorgen.<\/p>\n<p>Den gr\u00f6ssten Einfluss auf die Bedrohungslage schreiben die Befragten der K\u00fcnstlichen Intelligenz zu: 87 Prozent erwarten, dass KI die H\u00e4ufigkeit von Cyberbetrugsf\u00e4llen erh\u00f6hen wird, 77 Prozent gehen zudem davon aus, dass der finanzielle Schaden pro Fall steigen wird. \u00abIm Internet gibt es keine Hemmschwelle mehr bei der Verbreitung von F\u00e4lschungen\u00bb, sagt Katrin Sprenger, Verantwortliche der AXA Cyber-Pr\u00e4ventionsservices. \u00abOb f\u00fcr Klicks, f\u00fcr Cyberbetrug oder zur gezielten Manipulation von Meinungen: Alle k\u00f6nnen heute mithilfe von KI realistische Imitate produzieren und weitestgehend unkontrolliert ver\u00f6ffentlichen.\u00bb<\/p>\n<figure id=\"attachment_47767\" aria-describedby=\"caption-attachment-47767\" style=\"width: 1400px\" class=\"wp-caption alignnone\"><img loading=\"lazy\" decoding=\"async\" class=\"size-full wp-image-47767\" src=\"https:\/\/www.organisator.ch\/wp-content\/uploads\/2026\/04\/de_grafik_kennzeichnung_KI-Inhalte-scaled.jpg\" alt=\"\" width=\"1400\" height=\"754\" srcset=\"https:\/\/www.organisator.ch\/wp-content\/uploads\/2026\/04\/de_grafik_kennzeichnung_KI-Inhalte-scaled.jpg 1400w, https:\/\/www.organisator.ch\/wp-content\/uploads\/2026\/04\/de_grafik_kennzeichnung_KI-Inhalte-680x366.jpg 680w, https:\/\/www.organisator.ch\/wp-content\/uploads\/2026\/04\/de_grafik_kennzeichnung_KI-Inhalte-1024x551.jpg 1024w, https:\/\/www.organisator.ch\/wp-content\/uploads\/2026\/04\/de_grafik_kennzeichnung_KI-Inhalte-768x414.jpg 768w, https:\/\/www.organisator.ch\/wp-content\/uploads\/2026\/04\/de_grafik_kennzeichnung_KI-Inhalte-1536x827.jpg 1536w, https:\/\/www.organisator.ch\/wp-content\/uploads\/2026\/04\/de_grafik_kennzeichnung_KI-Inhalte-2048x1103.jpg 2048w, https:\/\/www.organisator.ch\/wp-content\/uploads\/2026\/04\/de_grafik_kennzeichnung_KI-Inhalte-18x10.jpg 18w, https:\/\/www.organisator.ch\/wp-content\/uploads\/2026\/04\/de_grafik_kennzeichnung_KI-Inhalte-375x202.jpg 375w, https:\/\/www.organisator.ch\/wp-content\/uploads\/2026\/04\/de_grafik_kennzeichnung_KI-Inhalte-650x350.jpg 650w, https:\/\/www.organisator.ch\/wp-content\/uploads\/2026\/04\/de_grafik_kennzeichnung_KI-Inhalte-1000x538.jpg 1000w\" sizes=\"auto, (max-width: 1400px) 100vw, 1400px\" \/><figcaption id=\"caption-attachment-47767\" class=\"wp-caption-text\">Schweizer Bev\u00f6lkerung fordert Kennzeichnungspflicht f\u00fcr KI-Inhalte. Quelle: zvg<\/figcaption><\/figure>\n<h3>KI-Inhalte: Skepsis statt Begeisterung<\/h3>\n<p>KI-generierte Medieninhalte stossen in der Schweizer Bev\u00f6lkerung auf wenig Begeisterung. Rund 43 Prozent geben an, solche Inhalte gar nicht gezielt zu konsumieren. Wer KI-Inhalte nutzt, tut dies vor allem zum Lernen (25 %) oder aus Neugier (25 %). Zur Unterhaltung oder zur Information \u00fcber aktuelle Themen greifen nur 15 respektive 17 Prozent bewusst auf KI-generierte Inhalte zur\u00fcck.<\/p>\n<p>Ein deutlicher Altersgraben zeigt sich beim Nutzungsverhalten: W\u00e4hrend 29 Prozent der 18- bis 35-J\u00e4hrigen angeben, KI-Inhalte nie gezielt zu konsumieren, liegt dieser Anteil bei den \u00fcber 55-J\u00e4hrigen bei \u00fcber der H\u00e4lfte. Zudem finden rund 40 Prozent der Befragten, dass die wachsende Pr\u00e4senz von KI-Inhalten die Attraktivit\u00e4t sozialer Medien verringert \u2013 nur ein Drittel sieht eine Zunahme. Sogenannter AI Slop \u2013 offensichtlich KI-generierte Bilder oder Videos mit visuellen Verzerrungen \u2013 findet bei rund zwei Dritteln keinen Anklang.<\/p>\n<p>Besonders gravierend ist die wahrgenommene Bedrohung f\u00fcr die Glaubw\u00fcrdigkeit von Informationen: 61 Prozent stufen diese als grosse Herausforderung ein (Skalenwert 5). Auch die politische Meinungsbildung (51 %) und die Transparenz bei der Erstellung von KI-Inhalten (51 %) werden von einer Mehrheit als gewichtige Probleme eingesch\u00e4tzt. Ein betr\u00e4chtlicher Anteil der Befragten gibt zudem an, M\u00fche zu haben, KI-generierte Texte (65 %), KI-Bilder (53 %) oder KI-Audioinhalte (49 %) als solche zu erkennen.<\/p>\n<p>\u00abDie Technologien werden laufend besser. Zu lernen, KI-generierte Inhalte zu erkennen, kann deshalb nicht das Ziel sein\u00bb, so Sprenger. \u00abWir sollten digitale Inhalte grunds\u00e4tzlich auf ihren Wahrheitsgehalt \u00fcberpr\u00fcfen, bevor wir ihnen Vertrauen schenken.\u00bb<\/p>\n<h3>Klares Votum f\u00fcr Kennzeichnungspflicht und Plattformverantwortung<\/h3>\n<p>Die Forderung nach mehr Regulierung ist eindeutig: 94 Prozent der Befragten bef\u00fcrworten eine Pflicht f\u00fcr digitale Plattformen, KI-generierte Inhalte explizit als solche zu kennzeichnen. Ab August 2026 verpflichtet der EU AI Act grosse Plattformen zu genau dieser Massnahme.<\/p>\n<p>Ebenfalls klar ist, wer aus Sicht der Bev\u00f6lkerung die Verantwortung tragen soll: 70 Prozent sehen die Betreiber digitaler Plattformen \u2013 also Unternehmen wie Google oder Meta \u2013 in der Hauptverantwortung f\u00fcr den sicheren Umgang mit KI-Inhalten. 55 Prozent sehen auch die Entwickler von KI-Modellen in der Pflicht, 44 Prozent erwarten Massnahmen von nationalen Beh\u00f6rden und der Politik. Michael Hermann, Leiter von Sotomo, kommentiert: \u00abVon der Vorstellung des eigenverantwortlichen Umgangs mit digitalen Plattformen ist man abger\u00fcckt.\u00bb<\/p>\n<figure id=\"attachment_47769\" aria-describedby=\"caption-attachment-47769\" style=\"width: 1400px\" class=\"wp-caption alignnone\"><img loading=\"lazy\" decoding=\"async\" class=\"size-full wp-image-47769\" src=\"https:\/\/www.organisator.ch\/wp-content\/uploads\/2026\/04\/de_grafik_personalisrte_vorschlaege-scaled.jpg\" alt=\"\" width=\"1400\" height=\"754\" srcset=\"https:\/\/www.organisator.ch\/wp-content\/uploads\/2026\/04\/de_grafik_personalisrte_vorschlaege-scaled.jpg 1400w, https:\/\/www.organisator.ch\/wp-content\/uploads\/2026\/04\/de_grafik_personalisrte_vorschlaege-680x366.jpg 680w, https:\/\/www.organisator.ch\/wp-content\/uploads\/2026\/04\/de_grafik_personalisrte_vorschlaege-1024x551.jpg 1024w, https:\/\/www.organisator.ch\/wp-content\/uploads\/2026\/04\/de_grafik_personalisrte_vorschlaege-768x414.jpg 768w, https:\/\/www.organisator.ch\/wp-content\/uploads\/2026\/04\/de_grafik_personalisrte_vorschlaege-1536x827.jpg 1536w, https:\/\/www.organisator.ch\/wp-content\/uploads\/2026\/04\/de_grafik_personalisrte_vorschlaege-2048x1103.jpg 2048w, https:\/\/www.organisator.ch\/wp-content\/uploads\/2026\/04\/de_grafik_personalisrte_vorschlaege-18x10.jpg 18w, https:\/\/www.organisator.ch\/wp-content\/uploads\/2026\/04\/de_grafik_personalisrte_vorschlaege-375x202.jpg 375w, https:\/\/www.organisator.ch\/wp-content\/uploads\/2026\/04\/de_grafik_personalisrte_vorschlaege-650x350.jpg 650w, https:\/\/www.organisator.ch\/wp-content\/uploads\/2026\/04\/de_grafik_personalisrte_vorschlaege-1000x538.jpg 1000w\" sizes=\"auto, (max-width: 1400px) 100vw, 1400px\" \/><figcaption id=\"caption-attachment-47769\" class=\"wp-caption-text\">Schweizer lehnen personalisierte Medienvorschl\u00e4ge grossmehrheitlich ab. Quelle: zvg<\/figcaption><\/figure>\n<h3>Personalisierte Algorithmen stossen auf Ablehnung<\/h3>\n<p>Nicht nur KI-Inhalte selbst, sondern auch die algorithmischen Mechanismen dahinter stossen auf Missfallen. 69 Prozent der Befragten bewerten es negativ, dass soziale Medien Inhalte auf Basis des Nutzungsverhaltens personalisieren. Besonders ausgepr\u00e4gt ist die Ablehnung bei den \u00fcber 55-J\u00e4hrigen, von denen 80 Prozent die Personalisierung als negativ einstufen. \u00abViele digitale Plattformen sind bewusst so gestaltet, dass sie unsere Aufmerksamkeit m\u00f6glichst lange fesseln\u00bb, sagt Katrin Sprenger. \u00abEin Beispiel daf\u00fcr sind personalisierte Algorithmen, die unser Nutzungsverhalten analysieren und Inhalte ausspielen, die unseren Interessen entsprechen.\u00bb<\/p>\n<p>Dennoch f\u00fchrt die inhaltliche Anpassung nicht zu durchwegs positiven Nutzungserlebnissen: Knapp ein F\u00fcnftel (19 %) der Befragten gibt an, sich nach der Nutzung sozialer Medien h\u00e4ufiger schlecht als gut zu f\u00fchlen. 49 Prozent f\u00fchlen sich gleich h\u00e4ufig gut wie schlecht. Nur beim Streaming von Audioinhalten wie Musik oder Podcasts \u00fcberwiegen die positiven Gef\u00fchle klar: 80 Prozent geben an, sich danach h\u00e4ufiger gut zu f\u00fchlen.<\/p>\n<h3>Bildschirmzeit: Wunsch nach Reduktion w\u00e4chst<\/h3>\n<figure id=\"attachment_47768\" aria-describedby=\"caption-attachment-47768\" style=\"width: 1400px\" class=\"wp-caption alignnone\"><img loading=\"lazy\" decoding=\"async\" class=\"size-full wp-image-47768\" src=\"https:\/\/www.organisator.ch\/wp-content\/uploads\/2026\/04\/de_grafik_screentime-scaled.jpg\" alt=\"\" width=\"1400\" height=\"754\" srcset=\"https:\/\/www.organisator.ch\/wp-content\/uploads\/2026\/04\/de_grafik_screentime-scaled.jpg 1400w, https:\/\/www.organisator.ch\/wp-content\/uploads\/2026\/04\/de_grafik_screentime-680x366.jpg 680w, https:\/\/www.organisator.ch\/wp-content\/uploads\/2026\/04\/de_grafik_screentime-1024x551.jpg 1024w, https:\/\/www.organisator.ch\/wp-content\/uploads\/2026\/04\/de_grafik_screentime-768x414.jpg 768w, https:\/\/www.organisator.ch\/wp-content\/uploads\/2026\/04\/de_grafik_screentime-1536x827.jpg 1536w, https:\/\/www.organisator.ch\/wp-content\/uploads\/2026\/04\/de_grafik_screentime-2048x1103.jpg 2048w, https:\/\/www.organisator.ch\/wp-content\/uploads\/2026\/04\/de_grafik_screentime-18x10.jpg 18w, https:\/\/www.organisator.ch\/wp-content\/uploads\/2026\/04\/de_grafik_screentime-375x202.jpg 375w, https:\/\/www.organisator.ch\/wp-content\/uploads\/2026\/04\/de_grafik_screentime-650x350.jpg 650w, https:\/\/www.organisator.ch\/wp-content\/uploads\/2026\/04\/de_grafik_screentime-1000x538.jpg 1000w\" sizes=\"auto, (max-width: 1400px) 100vw, 1400px\" \/><figcaption id=\"caption-attachment-47768\" class=\"wp-caption-text\">Schweizer Bev\u00f6lkerung w\u00fcnscht sich weniger private Bildschirmzeit. Quelle: zvg<\/figcaption><\/figure>\n<p>Gut die H\u00e4lfte der Schweizer Bev\u00f6lkerung (52 %) w\u00fcrde gerne weniger Zeit an privaten digitalen Ger\u00e4ten verbringen \u2013 sechs Prozentpunkte mehr als noch im Vorjahr (46 %). Besonders deutlich ist dieser Wunsch bei den 18- bis 35-J\u00e4hrigen: Zwei Drittel von ihnen m\u00f6chten ihre private Bildschirmzeit reduzieren, jede f\u00fcnfte junge Person sogar \u00abklar weniger\u00bb. Demgegen\u00fcber geben nur 5 Prozent aller Befragten an, mehr Zeit an ihren Ger\u00e4ten verbringen zu wollen.<\/p>\n<p>Zwei Drittel der Bev\u00f6lkerung (68 %) nutzen ihr privates Mobiltelefon h\u00e4ufig ohne konkreten Anlass \u2013 einfach zum Zeitvertreib oder aus Gewohnheit. Bei den unter 36-J\u00e4hrigen sind es gar 84 Prozent. Um die eigene Nutzungszeit zu regulieren, ergreift ein Grossteil aktiv Massnahmen: 46 Prozent verzichten bewusst auf bestimmte Apps oder Plattformen, 27 Prozent schr\u00e4nken Benachrichtigungen ein, 26 Prozent ersetzen digitale durch analoge Aktivit\u00e4ten.<\/p>\n<p>Die Umsetzung dieser selbst auferlegten Regeln f\u00e4llt jedoch nicht allen gleich leicht: 34 Prozent geben an, Schwierigkeiten damit zu haben. Bei den 18- bis 35-J\u00e4hrigen ist es knapp die H\u00e4lfte (49 %), die angibt, sich nur schwer an die eigenen Vors\u00e4tze halten zu k\u00f6nnen. Damit reiht sich dieses Ergebnis in ein konsistentes Bild ein: Die erste Generation der \u00abDigital Natives\u00bb hat deutlich mehr M\u00fche, ihre Bildschirmzeit zu kontrollieren, als \u00e4ltere Personen, die ohne Smartphone aufgewachsen sind.<\/p>\n<p><em>Quelle: <a href=\"https:\/\/www.axa.ch\/de\/ueber-axa.html\">www.axa.ch<\/a><\/em><\/p>\n<p>A propos KI-Inhalte: Dieser Beitrag wurde durch die Redaktion mit KI-Unterst\u00fctzung erstellt.<\/p>\n","protected":false},"excerpt":{"rendered":"<p>Der zweite AXA Cybersorgenmonitor zeigt: 87 Prozent der Schweizer Bev\u00f6lkerung erwarten durch KI eine Zunahme der Cyberbetrugsf\u00e4lle. Gleichzeitig lehnen fast sieben von zehn Befragten personalisierte Algorithmen ab \u2013 und gut die H\u00e4lfte w\u00fcnscht sich weniger private Bildschirmzeit.<\/p>\n","protected":false},"author":107,"featured_media":47766,"comment_status":"closed","ping_status":"closed","sticky":false,"template":"","format":"standard","meta":{"_acf_changed":false,"_yoast_wpseo_focuskw":"AXA Cybersorgenmonitor 2026","_yoast_wpseo_metadesc":"KI versch\u00e4rft Cyberbetrug, 94 % fordern Kennzeichnungspflicht f\u00fcr KI-Inhalte: Der AXA Cybersorgenmonitor 2026 zeigt, was die Schweiz digital besch\u00e4ftigt.","articlekey":"","footnotes":""},"categories":[1],"tags":[608,156,1280,319],"class_list":["post-47770","post","type-post","status-publish","format-standard","has-post-thumbnail","hentry","category-allgemein","tag-cybersicherheit","tag-digitalisierung","tag-gesellschaft","tag-kuenstliche-intelligenz"],"acf":[],"yoast_head":"<!-- This site is optimized with the Yoast SEO plugin v27.5 - https:\/\/yoast.com\/product\/yoast-seo-wordpress\/ -->\n<title>AXA Cybersorgenmonitor 2026: KI versch\u00e4rft Bedrohungslage - Organisator<\/title>\n<meta name=\"description\" content=\"KI versch\u00e4rft Cyberbetrug, 94 % fordern Kennzeichnungspflicht f\u00fcr KI-Inhalte: Der AXA Cybersorgenmonitor 2026 zeigt, was die Schweiz digital besch\u00e4ftigt.\" \/>\n<meta name=\"robots\" content=\"index, follow, max-snippet:-1, max-image-preview:large, max-video-preview:-1\" \/>\n<link rel=\"canonical\" href=\"https:\/\/www.organisator.ch\/de\/allgemein\/2026-04-20\/axa-cybersorgenmonitor-2026-ki-verschaerft-bedrohungslage\/\" \/>\n<meta property=\"og:locale\" content=\"de_DE\" \/>\n<meta property=\"og:type\" content=\"article\" \/>\n<meta property=\"og:title\" content=\"AXA Cybersorgenmonitor 2026: KI versch\u00e4rft Bedrohungslage\" \/>\n<meta property=\"og:description\" content=\"KI versch\u00e4rft Cyberbetrug, 94 % fordern Kennzeichnungspflicht f\u00fcr KI-Inhalte: Der AXA Cybersorgenmonitor 2026 zeigt, was die Schweiz digital besch\u00e4ftigt.\" \/>\n<meta property=\"og:url\" content=\"https:\/\/www.organisator.ch\/de\/allgemein\/2026-04-20\/axa-cybersorgenmonitor-2026-ki-verschaerft-bedrohungslage\/\" \/>\n<meta property=\"og:site_name\" content=\"Organisator\" \/>\n<meta property=\"article:publisher\" content=\"https:\/\/www.facebook.com\/OrganisatorFachmagazin\" \/>\n<meta property=\"article:published_time\" content=\"2026-04-20T13:28:01+00:00\" \/>\n<meta property=\"og:image\" content=\"https:\/\/www.organisator.ch\/wp-content\/uploads\/2026\/04\/GettyImages-494189202.jpg\" \/>\n\t<meta property=\"og:image:width\" content=\"540\" \/>\n\t<meta property=\"og:image:height\" content=\"360\" \/>\n\t<meta property=\"og:image:type\" content=\"image\/jpeg\" \/>\n<meta name=\"author\" content=\"n8n\" \/>\n<meta name=\"twitter:card\" content=\"summary_large_image\" \/>\n<meta name=\"twitter:title\" content=\"AXA Cybersorgenmonitor 2026: KI versch\u00e4rft #Bedrohungslage\" \/>\n<meta name=\"twitter:description\" content=\"KI versch\u00e4rft #Cyberbetrug, 94 % fordern #Kennzeichnungspflicht f\u00fcr #KI-Inhalte: Der AXA #Cybersorgenmonitor 2026 zeigt, was die Schweiz digital besch\u00e4ftigt.\" \/>\n<meta name=\"twitter:image\" content=\"https:\/\/www.organisator.ch\/wp-content\/uploads\/2026\/04\/GettyImages-494189202.jpg\" \/>\n<script type=\"application\/ld+json\" class=\"yoast-schema-graph\">{\"@context\":\"https:\\\/\\\/schema.org\",\"@graph\":[{\"@type\":\"Article\",\"@id\":\"https:\\\/\\\/www.organisator.ch\\\/allgemein\\\/2026-04-20\\\/axa-cybersorgenmonitor-2026-ki-verschaerft-bedrohungslage\\\/#article\",\"isPartOf\":{\"@id\":\"https:\\\/\\\/www.organisator.ch\\\/allgemein\\\/2026-04-20\\\/axa-cybersorgenmonitor-2026-ki-verschaerft-bedrohungslage\\\/\"},\"author\":{\"name\":\"n8n\",\"@id\":\"https:\\\/\\\/www.organisator.ch\\\/#\\\/schema\\\/person\\\/a9d0e0eff238db87a8f840f3b50359f0\"},\"headline\":\"AXA Cybersorgenmonitor 2026: KI versch\u00e4rft Bedrohungslage\",\"datePublished\":\"2026-04-20T13:28:01+00:00\",\"mainEntityOfPage\":{\"@id\":\"https:\\\/\\\/www.organisator.ch\\\/allgemein\\\/2026-04-20\\\/axa-cybersorgenmonitor-2026-ki-verschaerft-bedrohungslage\\\/\"},\"wordCount\":1056,\"publisher\":{\"@id\":\"https:\\\/\\\/www.organisator.ch\\\/#organization\"},\"image\":{\"@id\":\"https:\\\/\\\/www.organisator.ch\\\/allgemein\\\/2026-04-20\\\/axa-cybersorgenmonitor-2026-ki-verschaerft-bedrohungslage\\\/#primaryimage\"},\"thumbnailUrl\":\"https:\\\/\\\/www.organisator.ch\\\/wp-content\\\/uploads\\\/2026\\\/04\\\/GettyImages-494189202.jpg\",\"keywords\":[\"Cybersicherheit\",\"Digitalisierung\",\"Gesellschaft\",\"K\u00fcnstliche Intelligenz\"],\"inLanguage\":\"de\"},{\"@type\":\"WebPage\",\"@id\":\"https:\\\/\\\/www.organisator.ch\\\/allgemein\\\/2026-04-20\\\/axa-cybersorgenmonitor-2026-ki-verschaerft-bedrohungslage\\\/\",\"url\":\"https:\\\/\\\/www.organisator.ch\\\/allgemein\\\/2026-04-20\\\/axa-cybersorgenmonitor-2026-ki-verschaerft-bedrohungslage\\\/\",\"name\":\"AXA Cybersorgenmonitor 2026: KI versch\u00e4rft Bedrohungslage - Organisator\",\"isPartOf\":{\"@id\":\"https:\\\/\\\/www.organisator.ch\\\/#website\"},\"primaryImageOfPage\":{\"@id\":\"https:\\\/\\\/www.organisator.ch\\\/allgemein\\\/2026-04-20\\\/axa-cybersorgenmonitor-2026-ki-verschaerft-bedrohungslage\\\/#primaryimage\"},\"image\":{\"@id\":\"https:\\\/\\\/www.organisator.ch\\\/allgemein\\\/2026-04-20\\\/axa-cybersorgenmonitor-2026-ki-verschaerft-bedrohungslage\\\/#primaryimage\"},\"thumbnailUrl\":\"https:\\\/\\\/www.organisator.ch\\\/wp-content\\\/uploads\\\/2026\\\/04\\\/GettyImages-494189202.jpg\",\"datePublished\":\"2026-04-20T13:28:01+00:00\",\"description\":\"KI versch\u00e4rft Cyberbetrug, 94 % fordern Kennzeichnungspflicht f\u00fcr KI-Inhalte: Der AXA Cybersorgenmonitor 2026 zeigt, was die Schweiz digital besch\u00e4ftigt.\",\"breadcrumb\":{\"@id\":\"https:\\\/\\\/www.organisator.ch\\\/allgemein\\\/2026-04-20\\\/axa-cybersorgenmonitor-2026-ki-verschaerft-bedrohungslage\\\/#breadcrumb\"},\"inLanguage\":\"de\",\"potentialAction\":[{\"@type\":\"ReadAction\",\"target\":[\"https:\\\/\\\/www.organisator.ch\\\/allgemein\\\/2026-04-20\\\/axa-cybersorgenmonitor-2026-ki-verschaerft-bedrohungslage\\\/\"]}]},{\"@type\":\"ImageObject\",\"inLanguage\":\"de\",\"@id\":\"https:\\\/\\\/www.organisator.ch\\\/allgemein\\\/2026-04-20\\\/axa-cybersorgenmonitor-2026-ki-verschaerft-bedrohungslage\\\/#primaryimage\",\"url\":\"https:\\\/\\\/www.organisator.ch\\\/wp-content\\\/uploads\\\/2026\\\/04\\\/GettyImages-494189202.jpg\",\"contentUrl\":\"https:\\\/\\\/www.organisator.ch\\\/wp-content\\\/uploads\\\/2026\\\/04\\\/GettyImages-494189202.jpg\",\"width\":540,\"height\":360,\"caption\":\"Zwei Drittel der Jungen wollen weniger Screen-Zeit. Quelle: zvg\"},{\"@type\":\"BreadcrumbList\",\"@id\":\"https:\\\/\\\/www.organisator.ch\\\/allgemein\\\/2026-04-20\\\/axa-cybersorgenmonitor-2026-ki-verschaerft-bedrohungslage\\\/#breadcrumb\",\"itemListElement\":[{\"@type\":\"ListItem\",\"position\":1,\"name\":\"Home\",\"item\":\"https:\\\/\\\/www.organisator.ch\\\/\"},{\"@type\":\"ListItem\",\"position\":2,\"name\":\"AXA Cybersorgenmonitor 2026: KI versch\u00e4rft Bedrohungslage\"}]},{\"@type\":\"WebSite\",\"@id\":\"https:\\\/\\\/www.organisator.ch\\\/#website\",\"url\":\"https:\\\/\\\/www.organisator.ch\\\/\",\"name\":\"Organisator\",\"description\":\"Kompetent. Praxisnah. Der ORGANISATOR bereitet in 10 Ausgaben pro Jahr die wesentlichen Themen f\u00fcr F\u00fchrungskr\u00e4fte von KMU auf.\",\"publisher\":{\"@id\":\"https:\\\/\\\/www.organisator.ch\\\/#organization\"},\"potentialAction\":[{\"@type\":\"SearchAction\",\"target\":{\"@type\":\"EntryPoint\",\"urlTemplate\":\"https:\\\/\\\/www.organisator.ch\\\/?s={search_term_string}\"},\"query-input\":{\"@type\":\"PropertyValueSpecification\",\"valueRequired\":true,\"valueName\":\"search_term_string\"}}],\"inLanguage\":\"de\"},{\"@type\":\"Organization\",\"@id\":\"https:\\\/\\\/www.organisator.ch\\\/#organization\",\"name\":\"Organisator\",\"url\":\"https:\\\/\\\/www.organisator.ch\\\/\",\"logo\":{\"@type\":\"ImageObject\",\"inLanguage\":\"de\",\"@id\":\"https:\\\/\\\/www.organisator.ch\\\/#\\\/schema\\\/logo\\\/image\\\/\",\"url\":\"https:\\\/\\\/www.organisator.ch\\\/wp-content\\\/uploads\\\/2022\\\/01\\\/Logo_Organisator_Website.png\",\"contentUrl\":\"https:\\\/\\\/www.organisator.ch\\\/wp-content\\\/uploads\\\/2022\\\/01\\\/Logo_Organisator_Website.png\",\"width\":800,\"height\":77,\"caption\":\"Organisator\"},\"image\":{\"@id\":\"https:\\\/\\\/www.organisator.ch\\\/#\\\/schema\\\/logo\\\/image\\\/\"},\"sameAs\":[\"https:\\\/\\\/www.facebook.com\\\/OrganisatorFachmagazin\",\"https:\\\/\\\/www.linkedin.com\\\/showcase\\\/organisator-das-magazin-fr-kmu\",\"https:\\\/\\\/www.xing.com\\\/news\\\/pages\\\/organisator-ch-695\",\"https:\\\/\\\/www.youtube.com\\\/channel\\\/UCGP2Sq0iWaZwT3BdIAQFYpw\"]},{\"@type\":\"Person\",\"@id\":\"https:\\\/\\\/www.organisator.ch\\\/#\\\/schema\\\/person\\\/a9d0e0eff238db87a8f840f3b50359f0\",\"name\":\"n8n\",\"image\":{\"@type\":\"ImageObject\",\"inLanguage\":\"de\",\"@id\":\"https:\\\/\\\/secure.gravatar.com\\\/avatar\\\/5368fb9d03fd415a6f335cece4c15af2502d6ca8651efbd6e8f98427a9795400?s=96&d=mm&r=g\",\"url\":\"https:\\\/\\\/secure.gravatar.com\\\/avatar\\\/5368fb9d03fd415a6f335cece4c15af2502d6ca8651efbd6e8f98427a9795400?s=96&d=mm&r=g\",\"contentUrl\":\"https:\\\/\\\/secure.gravatar.com\\\/avatar\\\/5368fb9d03fd415a6f335cece4c15af2502d6ca8651efbd6e8f98427a9795400?s=96&d=mm&r=g\",\"caption\":\"n8n\"},\"url\":\"https:\\\/\\\/www.organisator.ch\\\/de\\\/author\\\/n8n\\\/\"}]}<\/script>\n<!-- \/ Yoast SEO plugin. -->","yoast_head_json":{"title":"AXA Cybersorgenmonitor 2026: KI versch\u00e4rft Bedrohungslage - Organisator","description":"KI versch\u00e4rft Cyberbetrug, 94 % fordern Kennzeichnungspflicht f\u00fcr KI-Inhalte: Der AXA Cybersorgenmonitor 2026 zeigt, was die Schweiz digital besch\u00e4ftigt.","robots":{"index":"index","follow":"follow","max-snippet":"max-snippet:-1","max-image-preview":"max-image-preview:large","max-video-preview":"max-video-preview:-1"},"canonical":"https:\/\/www.organisator.ch\/de\/allgemein\/2026-04-20\/axa-cybersorgenmonitor-2026-ki-verschaerft-bedrohungslage\/","og_locale":"de_DE","og_type":"article","og_title":"AXA Cybersorgenmonitor 2026: KI versch\u00e4rft Bedrohungslage","og_description":"KI versch\u00e4rft Cyberbetrug, 94 % fordern Kennzeichnungspflicht f\u00fcr KI-Inhalte: Der AXA Cybersorgenmonitor 2026 zeigt, was die Schweiz digital besch\u00e4ftigt.","og_url":"https:\/\/www.organisator.ch\/de\/allgemein\/2026-04-20\/axa-cybersorgenmonitor-2026-ki-verschaerft-bedrohungslage\/","og_site_name":"Organisator","article_publisher":"https:\/\/www.facebook.com\/OrganisatorFachmagazin","article_published_time":"2026-04-20T13:28:01+00:00","og_image":[{"width":540,"height":360,"url":"https:\/\/www.organisator.ch\/wp-content\/uploads\/2026\/04\/GettyImages-494189202.jpg","type":"image\/jpeg"}],"author":"n8n","twitter_card":"summary_large_image","twitter_title":"AXA Cybersorgenmonitor 2026: KI versch\u00e4rft #Bedrohungslage","twitter_description":"KI versch\u00e4rft #Cyberbetrug, 94 % fordern #Kennzeichnungspflicht f\u00fcr #KI-Inhalte: Der AXA #Cybersorgenmonitor 2026 zeigt, was die Schweiz digital besch\u00e4ftigt.","twitter_image":"https:\/\/www.organisator.ch\/wp-content\/uploads\/2026\/04\/GettyImages-494189202.jpg","schema":{"@context":"https:\/\/schema.org","@graph":[{"@type":"Article","@id":"https:\/\/www.organisator.ch\/allgemein\/2026-04-20\/axa-cybersorgenmonitor-2026-ki-verschaerft-bedrohungslage\/#article","isPartOf":{"@id":"https:\/\/www.organisator.ch\/allgemein\/2026-04-20\/axa-cybersorgenmonitor-2026-ki-verschaerft-bedrohungslage\/"},"author":{"name":"n8n","@id":"https:\/\/www.organisator.ch\/#\/schema\/person\/a9d0e0eff238db87a8f840f3b50359f0"},"headline":"AXA Cybersorgenmonitor 2026: KI versch\u00e4rft Bedrohungslage","datePublished":"2026-04-20T13:28:01+00:00","mainEntityOfPage":{"@id":"https:\/\/www.organisator.ch\/allgemein\/2026-04-20\/axa-cybersorgenmonitor-2026-ki-verschaerft-bedrohungslage\/"},"wordCount":1056,"publisher":{"@id":"https:\/\/www.organisator.ch\/#organization"},"image":{"@id":"https:\/\/www.organisator.ch\/allgemein\/2026-04-20\/axa-cybersorgenmonitor-2026-ki-verschaerft-bedrohungslage\/#primaryimage"},"thumbnailUrl":"https:\/\/www.organisator.ch\/wp-content\/uploads\/2026\/04\/GettyImages-494189202.jpg","keywords":["Cybersicherheit","Digitalisierung","Gesellschaft","K\u00fcnstliche Intelligenz"],"inLanguage":"de"},{"@type":"WebPage","@id":"https:\/\/www.organisator.ch\/allgemein\/2026-04-20\/axa-cybersorgenmonitor-2026-ki-verschaerft-bedrohungslage\/","url":"https:\/\/www.organisator.ch\/allgemein\/2026-04-20\/axa-cybersorgenmonitor-2026-ki-verschaerft-bedrohungslage\/","name":"AXA Cybersorgenmonitor 2026: KI versch\u00e4rft Bedrohungslage - Organisator","isPartOf":{"@id":"https:\/\/www.organisator.ch\/#website"},"primaryImageOfPage":{"@id":"https:\/\/www.organisator.ch\/allgemein\/2026-04-20\/axa-cybersorgenmonitor-2026-ki-verschaerft-bedrohungslage\/#primaryimage"},"image":{"@id":"https:\/\/www.organisator.ch\/allgemein\/2026-04-20\/axa-cybersorgenmonitor-2026-ki-verschaerft-bedrohungslage\/#primaryimage"},"thumbnailUrl":"https:\/\/www.organisator.ch\/wp-content\/uploads\/2026\/04\/GettyImages-494189202.jpg","datePublished":"2026-04-20T13:28:01+00:00","description":"KI versch\u00e4rft Cyberbetrug, 94 % fordern Kennzeichnungspflicht f\u00fcr KI-Inhalte: Der AXA Cybersorgenmonitor 2026 zeigt, was die Schweiz digital besch\u00e4ftigt.","breadcrumb":{"@id":"https:\/\/www.organisator.ch\/allgemein\/2026-04-20\/axa-cybersorgenmonitor-2026-ki-verschaerft-bedrohungslage\/#breadcrumb"},"inLanguage":"de","potentialAction":[{"@type":"ReadAction","target":["https:\/\/www.organisator.ch\/allgemein\/2026-04-20\/axa-cybersorgenmonitor-2026-ki-verschaerft-bedrohungslage\/"]}]},{"@type":"ImageObject","inLanguage":"de","@id":"https:\/\/www.organisator.ch\/allgemein\/2026-04-20\/axa-cybersorgenmonitor-2026-ki-verschaerft-bedrohungslage\/#primaryimage","url":"https:\/\/www.organisator.ch\/wp-content\/uploads\/2026\/04\/GettyImages-494189202.jpg","contentUrl":"https:\/\/www.organisator.ch\/wp-content\/uploads\/2026\/04\/GettyImages-494189202.jpg","width":540,"height":360,"caption":"Zwei Drittel der Jungen wollen weniger Screen-Zeit. Quelle: zvg"},{"@type":"BreadcrumbList","@id":"https:\/\/www.organisator.ch\/allgemein\/2026-04-20\/axa-cybersorgenmonitor-2026-ki-verschaerft-bedrohungslage\/#breadcrumb","itemListElement":[{"@type":"ListItem","position":1,"name":"Home","item":"https:\/\/www.organisator.ch\/"},{"@type":"ListItem","position":2,"name":"AXA Cybersorgenmonitor 2026: KI versch\u00e4rft Bedrohungslage"}]},{"@type":"WebSite","@id":"https:\/\/www.organisator.ch\/#website","url":"https:\/\/www.organisator.ch\/","name":"Organisator","description":"Kompetent. Praxisnah. Der ORGANISATOR bereitet in 10 Ausgaben pro Jahr die wesentlichen Themen f\u00fcr F\u00fchrungskr\u00e4fte von KMU auf.","publisher":{"@id":"https:\/\/www.organisator.ch\/#organization"},"potentialAction":[{"@type":"SearchAction","target":{"@type":"EntryPoint","urlTemplate":"https:\/\/www.organisator.ch\/?s={search_term_string}"},"query-input":{"@type":"PropertyValueSpecification","valueRequired":true,"valueName":"search_term_string"}}],"inLanguage":"de"},{"@type":"Organization","@id":"https:\/\/www.organisator.ch\/#organization","name":"Organisator","url":"https:\/\/www.organisator.ch\/","logo":{"@type":"ImageObject","inLanguage":"de","@id":"https:\/\/www.organisator.ch\/#\/schema\/logo\/image\/","url":"https:\/\/www.organisator.ch\/wp-content\/uploads\/2022\/01\/Logo_Organisator_Website.png","contentUrl":"https:\/\/www.organisator.ch\/wp-content\/uploads\/2022\/01\/Logo_Organisator_Website.png","width":800,"height":77,"caption":"Organisator"},"image":{"@id":"https:\/\/www.organisator.ch\/#\/schema\/logo\/image\/"},"sameAs":["https:\/\/www.facebook.com\/OrganisatorFachmagazin","https:\/\/www.linkedin.com\/showcase\/organisator-das-magazin-fr-kmu","https:\/\/www.xing.com\/news\/pages\/organisator-ch-695","https:\/\/www.youtube.com\/channel\/UCGP2Sq0iWaZwT3BdIAQFYpw"]},{"@type":"Person","@id":"https:\/\/www.organisator.ch\/#\/schema\/person\/a9d0e0eff238db87a8f840f3b50359f0","name":"n8n","image":{"@type":"ImageObject","inLanguage":"de","@id":"https:\/\/secure.gravatar.com\/avatar\/5368fb9d03fd415a6f335cece4c15af2502d6ca8651efbd6e8f98427a9795400?s=96&d=mm&r=g","url":"https:\/\/secure.gravatar.com\/avatar\/5368fb9d03fd415a6f335cece4c15af2502d6ca8651efbd6e8f98427a9795400?s=96&d=mm&r=g","contentUrl":"https:\/\/secure.gravatar.com\/avatar\/5368fb9d03fd415a6f335cece4c15af2502d6ca8651efbd6e8f98427a9795400?s=96&d=mm&r=g","caption":"n8n"},"url":"https:\/\/www.organisator.ch\/de\/author\/n8n\/"}]}},"_links":{"self":[{"href":"https:\/\/www.organisator.ch\/de\/wp-json\/wp\/v2\/posts\/47770","targetHints":{"allow":["GET"]}}],"collection":[{"href":"https:\/\/www.organisator.ch\/de\/wp-json\/wp\/v2\/posts"}],"about":[{"href":"https:\/\/www.organisator.ch\/de\/wp-json\/wp\/v2\/types\/post"}],"author":[{"embeddable":true,"href":"https:\/\/www.organisator.ch\/de\/wp-json\/wp\/v2\/users\/107"}],"replies":[{"embeddable":true,"href":"https:\/\/www.organisator.ch\/de\/wp-json\/wp\/v2\/comments?post=47770"}],"version-history":[{"count":4,"href":"https:\/\/www.organisator.ch\/de\/wp-json\/wp\/v2\/posts\/47770\/revisions"}],"predecessor-version":[{"id":47930,"href":"https:\/\/www.organisator.ch\/de\/wp-json\/wp\/v2\/posts\/47770\/revisions\/47930"}],"wp:featuredmedia":[{"embeddable":true,"href":"https:\/\/www.organisator.ch\/de\/wp-json\/wp\/v2\/media\/47766"}],"wp:attachment":[{"href":"https:\/\/www.organisator.ch\/de\/wp-json\/wp\/v2\/media?parent=47770"}],"wp:term":[{"taxonomy":"category","embeddable":true,"href":"https:\/\/www.organisator.ch\/de\/wp-json\/wp\/v2\/categories?post=47770"},{"taxonomy":"post_tag","embeddable":true,"href":"https:\/\/www.organisator.ch\/de\/wp-json\/wp\/v2\/tags?post=47770"}],"curies":[{"name":"wp","href":"https:\/\/api.w.org\/{rel}","templated":true}]}}