{"id":47805,"date":"2026-04-22T00:01:42","date_gmt":"2026-04-21T22:01:42","guid":{"rendered":"https:\/\/www.organisator.ch\/?p=47805"},"modified":"2026-04-20T13:24:15","modified_gmt":"2026-04-20T11:24:15","slug":"das-apple-paradoxon-sicher-gebaut-unsicher-integriert","status":"publish","type":"post","link":"https:\/\/www.organisator.ch\/de\/publireportage\/2026-04-22\/das-apple-paradoxon-sicher-gebaut-unsicher-integriert\/","title":{"rendered":"Das Apple-Paradoxon: Sicher gebaut \u2013 unsicher integriert"},"content":{"rendered":"<figure id=\"attachment_47806\" aria-describedby=\"caption-attachment-47806\" style=\"width: 680px\" class=\"wp-caption alignnone\"><img loading=\"lazy\" decoding=\"async\" class=\"size-medium wp-image-47806\" src=\"https:\/\/www.organisator.ch\/wp-content\/uploads\/2026\/04\/UMB_AppleParadox_Visual-680x510.jpg\" alt=\"\" width=\"680\" height=\"510\" srcset=\"https:\/\/www.organisator.ch\/wp-content\/uploads\/2026\/04\/UMB_AppleParadox_Visual-680x510.jpg 680w, https:\/\/www.organisator.ch\/wp-content\/uploads\/2026\/04\/UMB_AppleParadox_Visual-768x576.jpg 768w, https:\/\/www.organisator.ch\/wp-content\/uploads\/2026\/04\/UMB_AppleParadox_Visual-16x12.jpg 16w, https:\/\/www.organisator.ch\/wp-content\/uploads\/2026\/04\/UMB_AppleParadox_Visual-375x281.jpg 375w, https:\/\/www.organisator.ch\/wp-content\/uploads\/2026\/04\/UMB_AppleParadox_Visual-467x350.jpg 467w, https:\/\/www.organisator.ch\/wp-content\/uploads\/2026\/04\/UMB_AppleParadox_Visual.jpg 840w\" sizes=\"auto, (max-width: 680px) 100vw, 680px\" \/><figcaption id=\"caption-attachment-47806\" class=\"wp-caption-text\">(Bild: www.umb.ch)<\/figcaption><\/figure>\n<p>Die Integrationsfalle entsteht durch eine Mischung aus historischen Gewohnheiten, fehlendem Know-how und der tr\u00fcgerischen Annahme, dass die hohe Ausgangssicherheit von Apple-Produkten eine umfassende zentrale \u00dcberwachung und Integration \u00fcberfl\u00fcssig macht \u2013 was zu blinden Flecken, Intransparenz und potenziellen Schwachstellen f\u00fchrt. In Zeiten von Phishing, Zero-Day-Exploits und wachsendem Risiko durch Mac-Malware kann diese Fehleinsch\u00e4tzung teuer werden.<\/p>\n<h3>Sicher am Schreibtisch, unsicher im Netz?<\/h3>\n<p>In vielen Unternehmen ist die Ausgangslage eindeutig: Windows-Clients werden sauber inventarisiert, regelm\u00e4ssig gepatcht und zentral kontrolliert, w\u00e4hrend Apple-Ger\u00e4te h\u00e4ufig als Ausnahme behandelt werden. Schliesslich bieten sie integrierte Features wie automatische Verschl\u00fcsselung, App-Sandboxing, strenge Datenschutzkontrollen und biometrischer Authentifizierung wie Face ID oder Touch ID. Ohne eine MDM-Anbindung (Mobile Device Management) fehlt aber die notwendige Transparenz \u00fcber OS-Betriebsversionen, Patch-Status und installierte Software. Das f\u00fchrt zu Compliance-L\u00fccken, da diese Ger\u00e4te oft nicht vollst\u00e4ndig inventarisiert sind und bestehende Sicherheitsrichtlinien nicht erf\u00fcllen \u2013 etwa bei der Einhaltung der Datenschutz-Grundverordnung (DSGVO), des revidierten Bundesgesetzes \u00fcber den Datenschutz (nDSG) sowie verschiedener ISO-Normen oder branchenspezifischen Vorgaben wie HIPAA im Gesundheitswesen.\u00a0<\/p>\n<h3>Riskante Ausnahmen und Sonderrollen<\/h3>\n<p>Apple-Ger\u00e4te werden in Unternehmen nicht selten mit Sonderrollen versehen, etwa durch riskante Ausnahmen beim Conditional Access oder beim Zugriff auf Cloud-Dienste wie Microsoft 365, Azure oder interne Netzwerke. Die Gefahr ist dabei, dass ein einzelnes nicht integriertes Ger\u00e4t mehr Schaden verursachen kann als eine schlecht konfigurierte Sicherheitsrichtlinie und zum schw\u00e4chsten Glied der Sicherheitskette wird. Beispiel: Ein Mitarbeiter greift mit einem unmanaged Mac oder iPad auf sensible Unternehmensdaten zu. Veraltete Apps oder unbemerkte Exploits k\u00f6nnen so zum Einfallstor f\u00fcr Malware werden, und dramatische Folgen haben: Datenexfiltration, Credential Theft mit nachfolgender Ransomware im Netzwerk, DSGVO-Meldungen und Bussgelder. Hinzu kommt, dass in hybriden Arbeitsumfeldern, wo Ger\u00e4te abwechselnd im Homeoffice und im B\u00fcro eingesetzt werden, die Risiken durch ungesicherte WLAN-Netze oder die Nutzung privater Ger\u00e4te f\u00fcr den Firmenzugriff (Bring Your Own Device) noch gr\u00f6sser werden.<\/p>\n<h3>Management ist Wertsch\u00e4tzung: Warum Ihr Team davon profitiert<\/h3>\n<p>Sauber verwaltete Apple-Ger\u00e4te sind keine Kontrollinstrumente, sondern sorgen f\u00fcr ein besseres Benutzererlebnis. Wenn ein MacBook oder iPad strukturiert integriert ist, f\u00fchlen sich User im Unternehmen von Anfang an willkommen und als vollwertige Mitglieder des Teams. Eine gute Willkommenskultur zeigt sich darin, dass das Ger\u00e4t ab der ersten Minute einsatzbereit ist, ohne dass Team-Mitglieder Profile, E-Mail-Konten oder Einstellungen manuell einrichten m\u00fcssen \u2013 dank automatisierter Enrollmentprozesse wie Apple Business Manager (ABM) mit Automated Device Enrollment (ADE, fr\u00fcher: DEP).<\/p>\n<p>Managed Apps und einheitliche Sicherheitsrichtlinien schaffen die Grundlage f\u00fcr einen reibungslosen Workflow. Alle eingesetzten Tools laufen stabil und zuverl\u00e4ssig. Der Zugriff auf Unternehmensressourcen funktioniert ohne unn\u00f6tige H\u00fcrden, beispielsweise \u00fcber VPN, Single Sign-On oder integrierte Collaboration-Tools wie Teams oder Slack. Da Updates und Konfigurationen im Hintergrund erfolgen, bleibt das Ger\u00e4t sicher, ohne dass der Nutzer selbst zum IT-Experten werden muss. Kurz gesagt: Ein gut gemanagtes Ger\u00e4t entlastet nicht nur die IT, sondern sorgt auch f\u00fcr produktivere und zufriedenere Mitarbeitende, indem es Ausfallzeiten minimiert und ein modernes Arbeitsumfeld schafft, das Talente anzieht und bindet. Studien zeigen, dass Unternehmen mit nahtloser Ger\u00e4teintegration h\u00f6here Mitarbeiterzufriedenheit und niedrigere Fluktuationsraten aufweisen. Technologie wird so als Unterst\u00fctzung wahrgenommen, nicht als Hindernis.\u00a0<\/p>\n<h3>Wie wir das Paradoxon f\u00fcr Sie aufl\u00f6sen<\/h3>\n<p>Wir helfen Ihnen dabei, Apple-Ger\u00e4te in Ihrem Unternehmen von der Ausnahme zum strategischen Standard zu machen. Unser Ansatz basiert auf drei S\u00e4ulen, die nahtlos zusammenwirken, um die Integrationsfalle zu vermeiden und das volle Potenzial von Apple-Ger\u00e4ten in Ihrer IT-Landschaft zu entfalten.\u00a0<br \/>\nMit dem\u00a0<a href=\"https:\/\/www.umb.ch\/fileadmin\/user_upload\/Produkte\/Apple_Readiness_Assessment\/UMB_Factsheet_Apple_Readiness_Assessment_DE.pdf\" target=\"_blank\" rel=\"noopener\"><strong>Apple Readiness Assessment<\/strong><\/a><strong>\u00a0<\/strong>schaffen wir Transparenz, indem wir Ihre aktuelle Umgebung analysieren, Compliance-L\u00fccken identifizieren und Ihnen eine saubere Zielarchitektur aufzeigen. Das Ergebnis ist eine objektive Entscheidungsgrundlage mit klaren Handlungsempfehlungen, inklusive einer Roadmap f\u00fcr die schrittweise Integration. Ob es um die Bewertung bestehender Tools wie Jamf oder Intune geht oder um die Identifikation von Schatten-IT \u2013 wir decken alle Aspekte ab, um Risiken fr\u00fchzeitig zu minimieren.\u00a0<\/p>\n<h3>Wir integrieren Ihre Apple-Flotte sicher in Ihre IT-Landschaft<\/h3>\n<p><a href=\"https:\/\/www.umb.ch\/fileadmin\/user_upload\/Produkte\/UMB_Device_Management\/UMB_Device_Management_Factsheet_DE.pdf\" target=\"_blank\" rel=\"noopener\"><strong>UMB_Device Management<\/strong><\/a>\u00a0integriert Ihre Apple-Flotte in die bestehende IT-Landschaft. Durch die Einf\u00fchrung oder Optimierung von MDM erreichen wir dasselbe Sicherheitsniveau wie bei Ihren Windows-Clients, inklusive Lifecycle- und Patch-Management. Das umfasst automatisierte Updates, Ger\u00e4te-Tracking und Zero-Touch-Deployment, sodass neue Ger\u00e4te nahtlos provisioniert werden k\u00f6nnen, ohne manuelle Eingriffe. So schliessen wir die L\u00fccken und stellen sicher, dass Apple-Ger\u00e4te nicht isoliert, sondern als integraler Bestandteil Ihrer Sicherheitsstrategie agieren.Ger\u00e4te-Management ist nur die halbe Miete.<\/p>\n<p>Mit\u00a0<a href=\"https:\/\/www.umb.ch\/fileadmin\/user_upload\/Produkte\/UMB_Application_Packaging\/UMB_Application_Packaging_DE.pdf\" target=\"_blank\" rel=\"noopener\"><strong>UMB_Application Packaging<\/strong><\/a>\u00a0stellen wir sicher, dass Apps kontrolliert, aktuell und sicher konfiguriert bereitgestellt werden. Kein Wildwuchs, keine manuellen Notl\u00f6sungen \u2013 stattdessen zentrale App-Distribution \u00fcber MDM, mit Fokus auf Kompatibilit\u00e4t und Performance. Das reduziert nicht nur Sicherheitsrisiken durch veraltete Software, sondern optimiert auch die Nutzererfahrung, indem ben\u00f6tigte Tools immer auf dem neuesten Stand sind.<\/p>\n<p>&nbsp;<\/p>\n<blockquote>\n<h3>UMB: Wir sind Apple Premium Technical Partner<\/h3>\n<p>Als Apple Business Partner, Apple Premium Technical Partner und erfahrene Spezialistin f\u00fcr den Modern Workplace unterst\u00fctzt Sie UMB bei der ganzheitlichen Umsetzung Ihrer Apple-Strategie im Unternehmen mit passgenauen L\u00f6sungen f\u00fcr Ihr IT-Team. Ist Ihr Unternehmen bereit f\u00fcr die Integration von Apple-Ger\u00e4ten?\u00a0Finden Sie es heraus!<\/p>\n<p><a href=\"http:\/\/www.umb.ch\"><em>www.umb.ch<\/em><\/a><\/p>\n<\/blockquote>\n","protected":false},"excerpt":{"rendered":"<p>W\u00e4hrend die Windows-Umgebung im Unternehmen meistens konsequent verwaltet wird, bleiben Apple-Ger\u00e4te oft geduldete Aussenseiter. Daraus resultiert das sogenannte Apple-Paradoxon. Mac, iPhone und iPad sind durch ihr Betriebssystem ab Werk ausgesprochen sicher. Doch dieser Vorteil verpufft, wenn l\u00fcckenhafte Integration den effizienten Einsatz dieser Ger\u00e4te bremst und sie im schlimmsten Fall sogar zu einem Sicherheitsrisiko macht.<\/p>\n","protected":false},"author":4,"featured_media":47806,"comment_status":"closed","ping_status":"closed","sticky":false,"template":"","format":"standard","meta":{"_acf_changed":false,"_yoast_wpseo_focuskw":"Apple-Paradoxon","_yoast_wpseo_metadesc":"Das Apple-Paradoxon: Mac, iPhone und iPad gelten als ausgesprochen sicher. L\u00fcckenhafte Integration l\u00e4sst diesen Vorteil aber verpuffen.","articlekey":"","footnotes":""},"categories":[5330],"tags":[156,260,286],"class_list":["post-47805","post","type-post","status-publish","format-standard","has-post-thumbnail","hentry","category-publireportage","tag-digitalisierung","tag-ict-sicherheit","tag-it"],"acf":[],"yoast_head":"<!-- This site is optimized with the Yoast SEO plugin v27.5 - https:\/\/yoast.com\/product\/yoast-seo-wordpress\/ -->\n<title>Das Apple-Paradoxon: Sicher gebaut \u2013 unsicher integriert - Organisator<\/title>\n<meta name=\"description\" content=\"Das Apple-Paradoxon: Mac, iPhone und iPad gelten als ausgesprochen sicher. L\u00fcckenhafte Integration l\u00e4sst diesen Vorteil aber verpuffen.\" \/>\n<meta name=\"robots\" content=\"index, follow, max-snippet:-1, max-image-preview:large, max-video-preview:-1\" \/>\n<link rel=\"canonical\" href=\"https:\/\/www.organisator.ch\/de\/publireportage\/2026-04-22\/das-apple-paradoxon-sicher-gebaut-unsicher-integriert\/\" \/>\n<meta property=\"og:locale\" content=\"de_DE\" \/>\n<meta property=\"og:type\" content=\"article\" \/>\n<meta property=\"og:title\" content=\"Das Apple-Paradoxon: Sicher gebaut \u2013 unsicher integriert - Organisator\" \/>\n<meta property=\"og:description\" content=\"Das Apple-Paradoxon: Mac, iPhone und iPad gelten als ausgesprochen sicher. L\u00fcckenhafte Integration l\u00e4sst diesen Vorteil aber verpuffen.\" \/>\n<meta property=\"og:url\" content=\"https:\/\/www.organisator.ch\/de\/publireportage\/2026-04-22\/das-apple-paradoxon-sicher-gebaut-unsicher-integriert\/\" \/>\n<meta property=\"og:site_name\" content=\"Organisator\" \/>\n<meta property=\"article:publisher\" content=\"https:\/\/www.facebook.com\/OrganisatorFachmagazin\" \/>\n<meta property=\"article:published_time\" content=\"2026-04-21T22:01:42+00:00\" \/>\n<meta property=\"og:image\" content=\"https:\/\/www.organisator.ch\/wp-content\/uploads\/2026\/04\/UMB_AppleParadox_Visual.jpg\" \/>\n\t<meta property=\"og:image:width\" content=\"840\" \/>\n\t<meta property=\"og:image:height\" content=\"630\" \/>\n\t<meta property=\"og:image:type\" content=\"image\/jpeg\" \/>\n<meta name=\"author\" content=\"thomas.berner\" \/>\n<meta name=\"twitter:card\" content=\"summary_large_image\" \/>\n<script type=\"application\/ld+json\" class=\"yoast-schema-graph\">{\"@context\":\"https:\\\/\\\/schema.org\",\"@graph\":[{\"@type\":\"Article\",\"@id\":\"https:\\\/\\\/www.organisator.ch\\\/publireportage\\\/2026-04-22\\\/das-apple-paradoxon-sicher-gebaut-unsicher-integriert\\\/#article\",\"isPartOf\":{\"@id\":\"https:\\\/\\\/www.organisator.ch\\\/publireportage\\\/2026-04-22\\\/das-apple-paradoxon-sicher-gebaut-unsicher-integriert\\\/\"},\"author\":{\"name\":\"thomas.berner\",\"@id\":\"https:\\\/\\\/www.organisator.ch\\\/#\\\/schema\\\/person\\\/6f650f90b2842cd4c0cc334b4e36f67e\"},\"headline\":\"Das Apple-Paradoxon: Sicher gebaut \u2013 unsicher integriert\",\"datePublished\":\"2026-04-21T22:01:42+00:00\",\"mainEntityOfPage\":{\"@id\":\"https:\\\/\\\/www.organisator.ch\\\/publireportage\\\/2026-04-22\\\/das-apple-paradoxon-sicher-gebaut-unsicher-integriert\\\/\"},\"wordCount\":876,\"publisher\":{\"@id\":\"https:\\\/\\\/www.organisator.ch\\\/#organization\"},\"image\":{\"@id\":\"https:\\\/\\\/www.organisator.ch\\\/publireportage\\\/2026-04-22\\\/das-apple-paradoxon-sicher-gebaut-unsicher-integriert\\\/#primaryimage\"},\"thumbnailUrl\":\"https:\\\/\\\/www.organisator.ch\\\/wp-content\\\/uploads\\\/2026\\\/04\\\/UMB_AppleParadox_Visual.jpg\",\"keywords\":[\"Digitalisierung\",\"ICT-Sicherheit\",\"IT\"],\"articleSection\":[\"PUBLIREPORTAGE\"],\"inLanguage\":\"de\"},{\"@type\":\"WebPage\",\"@id\":\"https:\\\/\\\/www.organisator.ch\\\/publireportage\\\/2026-04-22\\\/das-apple-paradoxon-sicher-gebaut-unsicher-integriert\\\/\",\"url\":\"https:\\\/\\\/www.organisator.ch\\\/publireportage\\\/2026-04-22\\\/das-apple-paradoxon-sicher-gebaut-unsicher-integriert\\\/\",\"name\":\"Das Apple-Paradoxon: Sicher gebaut \u2013 unsicher integriert - Organisator\",\"isPartOf\":{\"@id\":\"https:\\\/\\\/www.organisator.ch\\\/#website\"},\"primaryImageOfPage\":{\"@id\":\"https:\\\/\\\/www.organisator.ch\\\/publireportage\\\/2026-04-22\\\/das-apple-paradoxon-sicher-gebaut-unsicher-integriert\\\/#primaryimage\"},\"image\":{\"@id\":\"https:\\\/\\\/www.organisator.ch\\\/publireportage\\\/2026-04-22\\\/das-apple-paradoxon-sicher-gebaut-unsicher-integriert\\\/#primaryimage\"},\"thumbnailUrl\":\"https:\\\/\\\/www.organisator.ch\\\/wp-content\\\/uploads\\\/2026\\\/04\\\/UMB_AppleParadox_Visual.jpg\",\"datePublished\":\"2026-04-21T22:01:42+00:00\",\"description\":\"Das Apple-Paradoxon: Mac, iPhone und iPad gelten als ausgesprochen sicher. L\u00fcckenhafte Integration l\u00e4sst diesen Vorteil aber verpuffen.\",\"breadcrumb\":{\"@id\":\"https:\\\/\\\/www.organisator.ch\\\/publireportage\\\/2026-04-22\\\/das-apple-paradoxon-sicher-gebaut-unsicher-integriert\\\/#breadcrumb\"},\"inLanguage\":\"de\",\"potentialAction\":[{\"@type\":\"ReadAction\",\"target\":[\"https:\\\/\\\/www.organisator.ch\\\/publireportage\\\/2026-04-22\\\/das-apple-paradoxon-sicher-gebaut-unsicher-integriert\\\/\"]}]},{\"@type\":\"ImageObject\",\"inLanguage\":\"de\",\"@id\":\"https:\\\/\\\/www.organisator.ch\\\/publireportage\\\/2026-04-22\\\/das-apple-paradoxon-sicher-gebaut-unsicher-integriert\\\/#primaryimage\",\"url\":\"https:\\\/\\\/www.organisator.ch\\\/wp-content\\\/uploads\\\/2026\\\/04\\\/UMB_AppleParadox_Visual.jpg\",\"contentUrl\":\"https:\\\/\\\/www.organisator.ch\\\/wp-content\\\/uploads\\\/2026\\\/04\\\/UMB_AppleParadox_Visual.jpg\",\"width\":840,\"height\":630,\"caption\":\"(Bild: www.umb.ch)\"},{\"@type\":\"BreadcrumbList\",\"@id\":\"https:\\\/\\\/www.organisator.ch\\\/publireportage\\\/2026-04-22\\\/das-apple-paradoxon-sicher-gebaut-unsicher-integriert\\\/#breadcrumb\",\"itemListElement\":[{\"@type\":\"ListItem\",\"position\":1,\"name\":\"Home\",\"item\":\"https:\\\/\\\/www.organisator.ch\\\/\"},{\"@type\":\"ListItem\",\"position\":2,\"name\":\"Das Apple-Paradoxon: Sicher gebaut \u2013 unsicher integriert\"}]},{\"@type\":\"WebSite\",\"@id\":\"https:\\\/\\\/www.organisator.ch\\\/#website\",\"url\":\"https:\\\/\\\/www.organisator.ch\\\/\",\"name\":\"Organisator\",\"description\":\"Kompetent. Praxisnah. Der ORGANISATOR bereitet in 10 Ausgaben pro Jahr die wesentlichen Themen f\u00fcr F\u00fchrungskr\u00e4fte von KMU auf.\",\"publisher\":{\"@id\":\"https:\\\/\\\/www.organisator.ch\\\/#organization\"},\"potentialAction\":[{\"@type\":\"SearchAction\",\"target\":{\"@type\":\"EntryPoint\",\"urlTemplate\":\"https:\\\/\\\/www.organisator.ch\\\/?s={search_term_string}\"},\"query-input\":{\"@type\":\"PropertyValueSpecification\",\"valueRequired\":true,\"valueName\":\"search_term_string\"}}],\"inLanguage\":\"de\"},{\"@type\":\"Organization\",\"@id\":\"https:\\\/\\\/www.organisator.ch\\\/#organization\",\"name\":\"Organisator\",\"url\":\"https:\\\/\\\/www.organisator.ch\\\/\",\"logo\":{\"@type\":\"ImageObject\",\"inLanguage\":\"de\",\"@id\":\"https:\\\/\\\/www.organisator.ch\\\/#\\\/schema\\\/logo\\\/image\\\/\",\"url\":\"https:\\\/\\\/www.organisator.ch\\\/wp-content\\\/uploads\\\/2022\\\/01\\\/Logo_Organisator_Website.png\",\"contentUrl\":\"https:\\\/\\\/www.organisator.ch\\\/wp-content\\\/uploads\\\/2022\\\/01\\\/Logo_Organisator_Website.png\",\"width\":800,\"height\":77,\"caption\":\"Organisator\"},\"image\":{\"@id\":\"https:\\\/\\\/www.organisator.ch\\\/#\\\/schema\\\/logo\\\/image\\\/\"},\"sameAs\":[\"https:\\\/\\\/www.facebook.com\\\/OrganisatorFachmagazin\",\"https:\\\/\\\/www.linkedin.com\\\/showcase\\\/organisator-das-magazin-fr-kmu\",\"https:\\\/\\\/www.xing.com\\\/news\\\/pages\\\/organisator-ch-695\",\"https:\\\/\\\/www.youtube.com\\\/channel\\\/UCGP2Sq0iWaZwT3BdIAQFYpw\"]},{\"@type\":\"Person\",\"@id\":\"https:\\\/\\\/www.organisator.ch\\\/#\\\/schema\\\/person\\\/6f650f90b2842cd4c0cc334b4e36f67e\",\"name\":\"thomas.berner\",\"image\":{\"@type\":\"ImageObject\",\"inLanguage\":\"de\",\"@id\":\"https:\\\/\\\/secure.gravatar.com\\\/avatar\\\/ac5001d2a36cb6c6cd3e50789007ffca834b477b74a2144564522e944eabff61?s=96&d=mm&r=g\",\"url\":\"https:\\\/\\\/secure.gravatar.com\\\/avatar\\\/ac5001d2a36cb6c6cd3e50789007ffca834b477b74a2144564522e944eabff61?s=96&d=mm&r=g\",\"contentUrl\":\"https:\\\/\\\/secure.gravatar.com\\\/avatar\\\/ac5001d2a36cb6c6cd3e50789007ffca834b477b74a2144564522e944eabff61?s=96&d=mm&r=g\",\"caption\":\"thomas.berner\"},\"url\":\"https:\\\/\\\/www.organisator.ch\\\/de\\\/author\\\/thomas-berner\\\/\"}]}<\/script>\n<!-- \/ Yoast SEO plugin. -->","yoast_head_json":{"title":"Das Apple-Paradoxon: Sicher gebaut \u2013 unsicher integriert - Organisator","description":"Das Apple-Paradoxon: Mac, iPhone und iPad gelten als ausgesprochen sicher. L\u00fcckenhafte Integration l\u00e4sst diesen Vorteil aber verpuffen.","robots":{"index":"index","follow":"follow","max-snippet":"max-snippet:-1","max-image-preview":"max-image-preview:large","max-video-preview":"max-video-preview:-1"},"canonical":"https:\/\/www.organisator.ch\/de\/publireportage\/2026-04-22\/das-apple-paradoxon-sicher-gebaut-unsicher-integriert\/","og_locale":"de_DE","og_type":"article","og_title":"Das Apple-Paradoxon: Sicher gebaut \u2013 unsicher integriert - Organisator","og_description":"Das Apple-Paradoxon: Mac, iPhone und iPad gelten als ausgesprochen sicher. L\u00fcckenhafte Integration l\u00e4sst diesen Vorteil aber verpuffen.","og_url":"https:\/\/www.organisator.ch\/de\/publireportage\/2026-04-22\/das-apple-paradoxon-sicher-gebaut-unsicher-integriert\/","og_site_name":"Organisator","article_publisher":"https:\/\/www.facebook.com\/OrganisatorFachmagazin","article_published_time":"2026-04-21T22:01:42+00:00","og_image":[{"width":840,"height":630,"url":"https:\/\/www.organisator.ch\/wp-content\/uploads\/2026\/04\/UMB_AppleParadox_Visual.jpg","type":"image\/jpeg"}],"author":"thomas.berner","twitter_card":"summary_large_image","schema":{"@context":"https:\/\/schema.org","@graph":[{"@type":"Article","@id":"https:\/\/www.organisator.ch\/publireportage\/2026-04-22\/das-apple-paradoxon-sicher-gebaut-unsicher-integriert\/#article","isPartOf":{"@id":"https:\/\/www.organisator.ch\/publireportage\/2026-04-22\/das-apple-paradoxon-sicher-gebaut-unsicher-integriert\/"},"author":{"name":"thomas.berner","@id":"https:\/\/www.organisator.ch\/#\/schema\/person\/6f650f90b2842cd4c0cc334b4e36f67e"},"headline":"Das Apple-Paradoxon: Sicher gebaut \u2013 unsicher integriert","datePublished":"2026-04-21T22:01:42+00:00","mainEntityOfPage":{"@id":"https:\/\/www.organisator.ch\/publireportage\/2026-04-22\/das-apple-paradoxon-sicher-gebaut-unsicher-integriert\/"},"wordCount":876,"publisher":{"@id":"https:\/\/www.organisator.ch\/#organization"},"image":{"@id":"https:\/\/www.organisator.ch\/publireportage\/2026-04-22\/das-apple-paradoxon-sicher-gebaut-unsicher-integriert\/#primaryimage"},"thumbnailUrl":"https:\/\/www.organisator.ch\/wp-content\/uploads\/2026\/04\/UMB_AppleParadox_Visual.jpg","keywords":["Digitalisierung","ICT-Sicherheit","IT"],"articleSection":["PUBLIREPORTAGE"],"inLanguage":"de"},{"@type":"WebPage","@id":"https:\/\/www.organisator.ch\/publireportage\/2026-04-22\/das-apple-paradoxon-sicher-gebaut-unsicher-integriert\/","url":"https:\/\/www.organisator.ch\/publireportage\/2026-04-22\/das-apple-paradoxon-sicher-gebaut-unsicher-integriert\/","name":"Das Apple-Paradoxon: Sicher gebaut \u2013 unsicher integriert - Organisator","isPartOf":{"@id":"https:\/\/www.organisator.ch\/#website"},"primaryImageOfPage":{"@id":"https:\/\/www.organisator.ch\/publireportage\/2026-04-22\/das-apple-paradoxon-sicher-gebaut-unsicher-integriert\/#primaryimage"},"image":{"@id":"https:\/\/www.organisator.ch\/publireportage\/2026-04-22\/das-apple-paradoxon-sicher-gebaut-unsicher-integriert\/#primaryimage"},"thumbnailUrl":"https:\/\/www.organisator.ch\/wp-content\/uploads\/2026\/04\/UMB_AppleParadox_Visual.jpg","datePublished":"2026-04-21T22:01:42+00:00","description":"Das Apple-Paradoxon: Mac, iPhone und iPad gelten als ausgesprochen sicher. L\u00fcckenhafte Integration l\u00e4sst diesen Vorteil aber verpuffen.","breadcrumb":{"@id":"https:\/\/www.organisator.ch\/publireportage\/2026-04-22\/das-apple-paradoxon-sicher-gebaut-unsicher-integriert\/#breadcrumb"},"inLanguage":"de","potentialAction":[{"@type":"ReadAction","target":["https:\/\/www.organisator.ch\/publireportage\/2026-04-22\/das-apple-paradoxon-sicher-gebaut-unsicher-integriert\/"]}]},{"@type":"ImageObject","inLanguage":"de","@id":"https:\/\/www.organisator.ch\/publireportage\/2026-04-22\/das-apple-paradoxon-sicher-gebaut-unsicher-integriert\/#primaryimage","url":"https:\/\/www.organisator.ch\/wp-content\/uploads\/2026\/04\/UMB_AppleParadox_Visual.jpg","contentUrl":"https:\/\/www.organisator.ch\/wp-content\/uploads\/2026\/04\/UMB_AppleParadox_Visual.jpg","width":840,"height":630,"caption":"(Bild: www.umb.ch)"},{"@type":"BreadcrumbList","@id":"https:\/\/www.organisator.ch\/publireportage\/2026-04-22\/das-apple-paradoxon-sicher-gebaut-unsicher-integriert\/#breadcrumb","itemListElement":[{"@type":"ListItem","position":1,"name":"Home","item":"https:\/\/www.organisator.ch\/"},{"@type":"ListItem","position":2,"name":"Das Apple-Paradoxon: Sicher gebaut \u2013 unsicher integriert"}]},{"@type":"WebSite","@id":"https:\/\/www.organisator.ch\/#website","url":"https:\/\/www.organisator.ch\/","name":"Organisator","description":"Kompetent. Praxisnah. Der ORGANISATOR bereitet in 10 Ausgaben pro Jahr die wesentlichen Themen f\u00fcr F\u00fchrungskr\u00e4fte von KMU auf.","publisher":{"@id":"https:\/\/www.organisator.ch\/#organization"},"potentialAction":[{"@type":"SearchAction","target":{"@type":"EntryPoint","urlTemplate":"https:\/\/www.organisator.ch\/?s={search_term_string}"},"query-input":{"@type":"PropertyValueSpecification","valueRequired":true,"valueName":"search_term_string"}}],"inLanguage":"de"},{"@type":"Organization","@id":"https:\/\/www.organisator.ch\/#organization","name":"Organisator","url":"https:\/\/www.organisator.ch\/","logo":{"@type":"ImageObject","inLanguage":"de","@id":"https:\/\/www.organisator.ch\/#\/schema\/logo\/image\/","url":"https:\/\/www.organisator.ch\/wp-content\/uploads\/2022\/01\/Logo_Organisator_Website.png","contentUrl":"https:\/\/www.organisator.ch\/wp-content\/uploads\/2022\/01\/Logo_Organisator_Website.png","width":800,"height":77,"caption":"Organisator"},"image":{"@id":"https:\/\/www.organisator.ch\/#\/schema\/logo\/image\/"},"sameAs":["https:\/\/www.facebook.com\/OrganisatorFachmagazin","https:\/\/www.linkedin.com\/showcase\/organisator-das-magazin-fr-kmu","https:\/\/www.xing.com\/news\/pages\/organisator-ch-695","https:\/\/www.youtube.com\/channel\/UCGP2Sq0iWaZwT3BdIAQFYpw"]},{"@type":"Person","@id":"https:\/\/www.organisator.ch\/#\/schema\/person\/6f650f90b2842cd4c0cc334b4e36f67e","name":"thomas.berner","image":{"@type":"ImageObject","inLanguage":"de","@id":"https:\/\/secure.gravatar.com\/avatar\/ac5001d2a36cb6c6cd3e50789007ffca834b477b74a2144564522e944eabff61?s=96&d=mm&r=g","url":"https:\/\/secure.gravatar.com\/avatar\/ac5001d2a36cb6c6cd3e50789007ffca834b477b74a2144564522e944eabff61?s=96&d=mm&r=g","contentUrl":"https:\/\/secure.gravatar.com\/avatar\/ac5001d2a36cb6c6cd3e50789007ffca834b477b74a2144564522e944eabff61?s=96&d=mm&r=g","caption":"thomas.berner"},"url":"https:\/\/www.organisator.ch\/de\/author\/thomas-berner\/"}]}},"_links":{"self":[{"href":"https:\/\/www.organisator.ch\/de\/wp-json\/wp\/v2\/posts\/47805","targetHints":{"allow":["GET"]}}],"collection":[{"href":"https:\/\/www.organisator.ch\/de\/wp-json\/wp\/v2\/posts"}],"about":[{"href":"https:\/\/www.organisator.ch\/de\/wp-json\/wp\/v2\/types\/post"}],"author":[{"embeddable":true,"href":"https:\/\/www.organisator.ch\/de\/wp-json\/wp\/v2\/users\/4"}],"replies":[{"embeddable":true,"href":"https:\/\/www.organisator.ch\/de\/wp-json\/wp\/v2\/comments?post=47805"}],"version-history":[{"count":3,"href":"https:\/\/www.organisator.ch\/de\/wp-json\/wp\/v2\/posts\/47805\/revisions"}],"predecessor-version":[{"id":47929,"href":"https:\/\/www.organisator.ch\/de\/wp-json\/wp\/v2\/posts\/47805\/revisions\/47929"}],"wp:featuredmedia":[{"embeddable":true,"href":"https:\/\/www.organisator.ch\/de\/wp-json\/wp\/v2\/media\/47806"}],"wp:attachment":[{"href":"https:\/\/www.organisator.ch\/de\/wp-json\/wp\/v2\/media?parent=47805"}],"wp:term":[{"taxonomy":"category","embeddable":true,"href":"https:\/\/www.organisator.ch\/de\/wp-json\/wp\/v2\/categories?post=47805"},{"taxonomy":"post_tag","embeddable":true,"href":"https:\/\/www.organisator.ch\/de\/wp-json\/wp\/v2\/tags?post=47805"}],"curies":[{"name":"wp","href":"https:\/\/api.w.org\/{rel}","templated":true}]}}