{"id":4790,"date":"2019-01-29T09:30:13","date_gmt":"2019-01-29T08:30:13","guid":{"rendered":"https:\/\/www.organisator.ch\/?p=4790"},"modified":"2019-01-29T09:30:13","modified_gmt":"2019-01-29T08:30:13","slug":"100-jahre-snv-alte-dame-mit-jungen-gedanken","status":"publish","type":"post","link":"https:\/\/www.organisator.ch\/de\/management\/2019-01-29\/100-jahre-snv-alte-dame-mit-jungen-gedanken\/","title":{"rendered":"100 Jahre SNV: Alte Dame mit jungen Gedanken"},"content":{"rendered":"<figure id=\"attachment_4793\" aria-describedby=\"caption-attachment-4793\" style=\"width: 680px\" class=\"wp-caption alignnone\"><img loading=\"lazy\" decoding=\"async\" class=\"size-medium wp-image-4793\" src=\"https:\/\/www.organisator.ch\/wp-content\/uploads\/2019\/01\/100-Jahre-SNV-Alte-Dame-mit-jungen-Gedanken-1_Organisator.jpg\" alt=\"\" width=\"680\" height=\"510\" srcset=\"https:\/\/www.organisator.ch\/wp-content\/uploads\/2019\/01\/100-Jahre-SNV-Alte-Dame-mit-jungen-Gedanken-1_Organisator.jpg 680w, https:\/\/www.organisator.ch\/wp-content\/uploads\/2019\/01\/100-Jahre-SNV-Alte-Dame-mit-jungen-Gedanken-1_Organisator-16x12.jpg 16w, https:\/\/www.organisator.ch\/wp-content\/uploads\/2019\/01\/100-Jahre-SNV-Alte-Dame-mit-jungen-Gedanken-1_Organisator-233x175.jpg 233w, https:\/\/www.organisator.ch\/wp-content\/uploads\/2019\/01\/100-Jahre-SNV-Alte-Dame-mit-jungen-Gedanken-1_Organisator-467x350.jpg 467w, https:\/\/www.organisator.ch\/wp-content\/uploads\/2019\/01\/100-Jahre-SNV-Alte-Dame-mit-jungen-Gedanken-1_Organisator-300x225.jpg 300w\" sizes=\"auto, (max-width: 680px) 100vw, 680px\" \/><figcaption id=\"caption-attachment-4793\" class=\"wp-caption-text\">Die Gr\u00fcndungsurkunde der Schweizerischen Normen-Vereinigung SNV, die 2019 ihr 100-j\u00e4hriges Jubil\u00e4um feiert. (Bild: zVg \/ SNV)<\/figcaption><\/figure>\n<p>Bereits zwanzig Jahre vor der Gr\u00fcndung einer Normenorganisation in der Schweiz finden erste Bem\u00fchungen statt, um allgemein g\u00fcltige Regeln zu definieren. So verhandeln 1898 in Z\u00fcrich Vertreter mehrerer L\u00e4nder \u00fcber die Normung f\u00fcr ein metrisches Schraubengewinde.<\/p>\n<h2><strong>Branchen\u00fcbergreifendes Bed\u00fcrfnis nach Standards<\/strong><\/h2>\n<p>Im Juli 1919 wird in Baden der Schweizerische Normalien-Bund gegr\u00fcndet, dessen Namen einige Jahre sp\u00e4ter auf die noch heute g\u00fcltige Bezeichnung <a href=\"https:\/\/www.snv.ch\/de\/\">Schweizerische Normen-Vereinigung<\/a> (SNV) ge\u00e4ndert wird. Die erste Zusammenkunft erfolgt auf Initiative des Vereins Schweizerischer Maschinenindustrieller (VSM) mit dem Ziel, sich \u00fcber das Bed\u00fcrfnis einer gemeinsamen Normungsarbeit auszutauschen.<\/p>\n<h2><strong>Wichtige Rolle auf dem internationalen Parkett<\/strong><\/h2>\n<p>Auch auf internationaler Ebene kommt der Schweizer Normungst\u00e4tigkeit schon fr\u00fch eine grosse Bedeutung zu. Bereits 1926 sind Normenfachleute aus der Schweiz bei der Gr\u00fcndung der International Federation of National Standardizing Associations (ISA) involviert. Mit Curt Hoenig stellt die Schweiz von 1928 bis 1931 den ersten Pr\u00e4sidenten der ISA, aus der rund 20 Jahre sp\u00e4ter die heutige International Organization for Standardization (ISO) hervorgeht.<\/p>\n<p>Nach dem Zweiten Weltkrieg ist die Schweiz Gr\u00fcndungsmitglied der ISO, die ihren Sitz in Genf ansiedelt. Im Jahr 1947 berichtet die Neue Z\u00fcrcher Zeitung, dass \u00ab&#8230; diese Beschl\u00fcsse die Wertsch\u00e4tzung bezeugen, die unserem Land und im Besonderen der schweizerischen Normung in internationalen Kreisen entgegengebracht wird.\u00bb Auch als 1961 das Europ\u00e4ische Komitee f\u00fcr Normung unter dem Namen Comit\u00e9 Europ\u00e9en de Normalisation (CEN) gegr\u00fcndet wird, erfolgt die Grundsteinlegung in Z\u00fcrich.<\/p>\n<h2><strong>Organisation nach fachspezifischen Normen<\/strong><\/h2>\n<p>Im Jahr 1962 wird die SNV als Verein konstituiert, und rund zehn Jahre sp\u00e4ter entspricht ihre Struktur und Arbeitsweise der heutigen Organisation nach Fachbereichen. Heute gliedert sich die SNV in die folgenden sieben Fachbereiche<\/p>\n<ul>\n<li>Interdisziplin\u00e4rer Normenbereich (INB)<\/li>\n<li>Maschinen-, Elektro- und Metallindustrie (SWISSMEM)<\/li>\n<li>Bauwesen (SIA)<\/li>\n<li>Strassen- und Verkehrswesen (VSS)<\/li>\n<li>Uhrenindustrie (FH)<\/li>\n<li>Elektrotechnik (Electrosuisse)<\/li>\n<li>Telekommunikation (asut)<\/li>\n<\/ul>\n<h2><strong>SNV: Alte Dame mit jungen Anliegen<\/strong><\/h2>\n<p>Wer glaubt, die 100-j\u00e4hrige SNV sei in die Jahre gekommen, kennt ihre neuesten Aufgaben nicht. Sie hat in den letzten zehn Jahrzehnten stets mit den Anforderungen der verschiedenen Branchen Schritt gehalten und sieht auch heute ihre Hauptaufgabe in der Normung. Schweizerische, europ\u00e4ische und internationale Normen werden in direkter Zusammenarbeit mit den Anwendern erarbeitet. So ist gew\u00e4hrleistet, dass die Richtlinien f\u00fcr Wirtschaft und Gesellschaft, f\u00fcr Produzenten und Konsumenten dauerhaften Nutzen generieren sowie Sicherheit geben. Dieser f\u00fcr alle zug\u00e4ngliche Normungsprozess eignet sich f\u00fcr s\u00e4mtliche Lebensbereiche. Und da sich unsere Welt ununterbrochen weiterentwickelt, bleibt auch die SNV absolut jung im Geist und besch\u00e4ftigt sich beispielsweise aktuell mit Themen wie Industrie 4.0, Smart-Technologien, Blockchain, Klimaschutz und Nachhaltigkeit.<\/p>\n<p>Die SNV gew\u00e4hrleistet als Informationsdrehscheibe und unabh\u00e4ngiges Kompetenzzentrum den effizienten Zugang zu nationalen und internationalen Normen. Sie erm\u00f6glicht und f\u00f6rdert die Erarbeitung und Harmonisierung neuer Normen durch die aktive Einflussnahme ihrer Mitglieder als Expertinnen und Experten in nationalen und internationalen Normengremien.<\/p>\n<p>&nbsp;<\/p>\n<figure id=\"attachment_4794\" aria-describedby=\"caption-attachment-4794\" style=\"width: 680px\" class=\"wp-caption alignnone\"><img loading=\"lazy\" decoding=\"async\" class=\"size-medium wp-image-4794\" src=\"https:\/\/www.organisator.ch\/wp-content\/uploads\/2019\/01\/100-Jahre-SNV-Alte-Dame-mit-jungen-Gedanken-2_Organisator.jpg\" alt=\"\" width=\"680\" height=\"514\" srcset=\"https:\/\/www.organisator.ch\/wp-content\/uploads\/2019\/01\/100-Jahre-SNV-Alte-Dame-mit-jungen-Gedanken-2_Organisator.jpg 680w, https:\/\/www.organisator.ch\/wp-content\/uploads\/2019\/01\/100-Jahre-SNV-Alte-Dame-mit-jungen-Gedanken-2_Organisator-16x12.jpg 16w, https:\/\/www.organisator.ch\/wp-content\/uploads\/2019\/01\/100-Jahre-SNV-Alte-Dame-mit-jungen-Gedanken-2_Organisator-232x175.jpg 232w, https:\/\/www.organisator.ch\/wp-content\/uploads\/2019\/01\/100-Jahre-SNV-Alte-Dame-mit-jungen-Gedanken-2_Organisator-463x350.jpg 463w, https:\/\/www.organisator.ch\/wp-content\/uploads\/2019\/01\/100-Jahre-SNV-Alte-Dame-mit-jungen-Gedanken-2_Organisator-300x227.jpg 300w\" sizes=\"auto, (max-width: 680px) 100vw, 680px\" \/><figcaption id=\"caption-attachment-4794\" class=\"wp-caption-text\">Das wohl prominenteste Beispiel f\u00fcr Normen: Die Papierformate nach DIN. (Bild: zVg \/ SNV)<\/figcaption><\/figure>\n<h2><strong>DIN A4 \u2013 Die Norm aller Normen<\/strong><\/h2>\n<p><em>Jedes Schulkind kennt heute das Papierformat A4, das in jeden Drucker, jedes Couvert und jeden Ordner passt. Dass dahinter eine l\u00e4ngere Entwicklungsgeschichte steckt, ist wenig bekannt.<\/em><\/p>\n<p><em>Vor hundert Jahren ist die Frage zum Format von Briefpapier weltweit ungel\u00f6st. Der Ruf nach einem einheitlichen Papierformat wird lauter, aber die Vielzahl an bestehenden Formaten erschwert eine Vereinheitlichung. Im Gr\u00fcndungsprotokoll des Schweizerischen Normalien-Bundes von 1919 ist festgehalten, dass \u00ab&#8230; das am meisten vorkommende und \u00fcberall in die Registratoren passende Briefformat 220 mm \u00d7 280 mm gew\u00e4hlt wird.\u00bb<\/em><\/p>\n<p><em>Der entscheidende Schritt erfolgt 1922 in Deutschland, als der Ingenieur Walter Porstmann die Idee des konstant bleibenden Seitenverh\u00e4ltnisses verbreitet und schliesslich als DIN-Norm durchsetzt. Ausgangsmass f\u00fcr die Papierformate ist DIN A0 mit einer Fl\u00e4che von einem Quadratmeter. Alle anderen Formate leiten sich davon durch Halbieren oder Verdoppeln der Fl\u00e4che ab, sodass ein konstantes Seitenverh\u00e4ltnis von 1 : \u221a2 entsteht. Daraus ergibt sich schliesslich auch das DIN-A4-Format 210 mm \u00d7 297 mm.<\/em><\/p>\n<p><em>Der VSM folgt dem deutschen Beispiel und \u00fcbernimmt das Format A4 f\u00fcr Gesch\u00e4ftspapiere unter der Bezeichnung \u00abVSM-Briefformat\u00bb. Die Post vereinheitlicht ebenfalls ihre Papierformate, und 1924 entscheidet der Bundesrat, die neuen Formate in der Bundesverwaltung als Standard einzuf\u00fchren. Die \u00dcbergangszeit, bis die bestehenden Vorr\u00e4te und Formulare aufgebraucht sind, dauert zw\u00f6lf Jahre. Als Anfang 1941 die Rohstoffe wegen des Krieges knapp werden, erl\u00e4sst das Kriegsindustrie- und Arbeitsamt des Bundes eine Verf\u00fcgung zur ausschliesslichen Produktion von Fertigpapieren aus der A-Reihe. Mit diesem Beschluss etabliert sich das DIN-Format in der Schweiz endg\u00fcltig als Normalformat. (Quelle:\u00a0Philipp Messner, <a href=\"http:\/\/www.academia.edu\/1049503\/Die_Normung_der_Papierformate_in_der_Schweiz\">Die Normung der Papierformate in der Schweiz<\/a>)<\/em><\/p>\n<p>&nbsp;<\/p>\n<figure id=\"attachment_4808\" aria-describedby=\"caption-attachment-4808\" style=\"width: 680px\" class=\"wp-caption alignnone\"><img loading=\"lazy\" decoding=\"async\" class=\"size-medium wp-image-4808\" src=\"https:\/\/www.organisator.ch\/wp-content\/uploads\/2019\/01\/100-Jahre-SNV-Alte-Dame-mit-jungen-Gedanken-3_Organisator.jpg\" alt=\"\" width=\"680\" height=\"406\" srcset=\"https:\/\/www.organisator.ch\/wp-content\/uploads\/2019\/01\/100-Jahre-SNV-Alte-Dame-mit-jungen-Gedanken-3_Organisator.jpg 680w, https:\/\/www.organisator.ch\/wp-content\/uploads\/2019\/01\/100-Jahre-SNV-Alte-Dame-mit-jungen-Gedanken-3_Organisator-16x10.jpg 16w, https:\/\/www.organisator.ch\/wp-content\/uploads\/2019\/01\/100-Jahre-SNV-Alte-Dame-mit-jungen-Gedanken-3_Organisator-293x175.jpg 293w, https:\/\/www.organisator.ch\/wp-content\/uploads\/2019\/01\/100-Jahre-SNV-Alte-Dame-mit-jungen-Gedanken-3_Organisator-586x350.jpg 586w, https:\/\/www.organisator.ch\/wp-content\/uploads\/2019\/01\/100-Jahre-SNV-Alte-Dame-mit-jungen-Gedanken-3_Organisator-300x179.jpg 300w\" sizes=\"auto, (max-width: 680px) 100vw, 680px\" \/><figcaption id=\"caption-attachment-4808\" class=\"wp-caption-text\">Dr. Hans Z\u00fcrrer, Direktor der SNV von 1987 bis 1999. (Bild: zVg \/ SNV)<\/figcaption><\/figure>\n<h2><strong>\u00ab<\/strong><strong>Do it once, do it right, do it internationally<\/strong><strong>!\u00bb <\/strong><\/h2>\n<p><em>Dr. Hans Z\u00fcrrer war von 1987 bis 1999 Direktor der SNV. In einem kurzen Gespr\u00e4ch, das wir mit ihm im Rahmen unseres Jubil\u00e4umsjahres f\u00fchrten, erinnert er sich an einige H\u00f6hepunkte und Episoden aus seiner Amtszeit.<\/em><\/p>\n<p><em><strong>Herr Z\u00fcrrer, welches war f\u00fcr Sie die speziellste Norm, an der die SNV w\u00e4hrend Ihrer Zeit als Direktor arbeitete?<\/strong><\/em><\/p>\n<p><em>Die 9000-er Normen der ISO zur Qualit\u00e4tssicherung und anschliessenden Pr\u00fcfung und Zertifizierung wurden in dieser Zeit erarbeitet. Diese neue wichtige Normenserie, die einen grossen Einfluss auf das Qualit\u00e4tsmanagement in allen Branchen hatte, ist heute nicht mehr wegzudenken. Alle, die damals daran gearbeitet haben, waren sehr engagiert und gefordert. Nicht zuletzt, weil zahlreiche neue Begriffe in die drei ISO-Sprachen \u00fcbersetzt werden mussten und f\u00fcr die \u00dcbernahme in der damaligen EG zus\u00e4tzlich ins Deutsche.<\/em><\/p>\n<p><em><strong>War es f\u00fcr Sie jeweils einfach, Aussenstehenden die Aufgaben der SNV zu erkl\u00e4ren?<\/strong><\/em><\/p>\n<p><em>Nein, das war und ist immer noch nicht einfach. Besonders herausfordernd ist es, wenn diese \u00abAussenstehenden\u00bb die Vorgesetzten der Normenschaffenden sind. Denn f\u00fcr die Normungsarbeit braucht es vor allem auch Verst\u00e4ndnis f\u00fcr die Freistellung und Finanzierung der ehrenamtlich t\u00e4tigen Experten. Zudem werden auch f\u00fcr die Infrastruktur, also f\u00fcr die Organisationen SNV, CEN und ISO, finanzielle Mittel ben\u00f6tigt. Besonders schwierig ist es dann, wenn der Abbau technischer Handelshemmnisse f\u00fcr gewisse Produkte und Branchen nicht offensichtlich ist. F\u00fcr Vermittlungs-Gespr\u00e4che wurde oft der Direktor beigezogen.<\/em><\/p>\n<p><em>Auch brauchte es grosse Anstrengungen, bis der Schweizer Staat durch das damalige BAWI (heute SECO) den Abbau technischer Handelshemmnisse f\u00fcr die Schweizer Exportindustrie als wichtig erkannte und die SNV mit einem Mandat unterst\u00fctzte. Die Schweiz war bis dahin das einzige Mitglied der ISO, das nicht staatlich mitfinanziert wurde.<\/em><\/p>\n<p><em><strong>Wie war die Haltung der Normen-Fachleute zum Schweizer EWR-Nein?<\/strong><\/em><\/p>\n<p><em>Wenige Jahre davor war ich Mitglied der Pr\u00e4sidenten-Gruppe von CEN, CENELEC und ETSI und hatte regen Kontakt mit Kaderleuten der EU und Regierungsvertretern. Das EWR-Nein kam unerwartet und wurde allgemein als Absage der Schweiz an Europa verstanden. Auf die Normungsarbeit in Europ\u00e4ischen Gremien hatte es allerdings wenig Einfluss. Der Abbau technischer Handelshemmnisse behielt f\u00fcr die Schweiz als EFTA-Mitglied unver\u00e4ndert hohe Priorit\u00e4t. F\u00fcr die exportorientierte Wirtschaft und diverse politische Instanzen w\u00e4re allerdings vieles einfacher geworden.<\/em><\/p>\n<p><em><strong>Was haben Sie an der internationalen Zusammenarbeit am meisten gesch\u00e4tzt?<\/strong><\/em><\/p>\n<p><em>Den Direktoren der nationalen Normen-Organisationen blieb vorwiegend der Einsatz in Lenkungsgremien vorbehalten. Internationale Konferenzen erm\u00f6glichten das Zusammentreffen nicht nur der Normenchefs untereinander, sondern auch mit den Regierungsdelegierten und den Repr\u00e4sentanten von Industrie und Wirtschaft. Aus pers\u00f6nlichen Bekanntschaften entstanden viele n\u00fctzliche Beziehungen und auch Freundschaften, die \u00fcber die Pensionierung andauern. Damit verbunden waren nat\u00fcrlich auch Reisen, mit den bekannten Vor- und Nachteilen.<\/em><\/p>\n<p><em>Das gemeinsame Engagement von Technik, Wirtschaft und Politik und die Erarbeitung von Konsens haben mich immer wieder beeindruckt. Es galt der Grundsatz, dass zum gegebenen Zeitpunkt zwar nicht immer alle daf\u00fcr sein konnten, aber keiner dagegen.<\/em><\/p>\n<p><em><strong>Hatten alle L\u00e4nder das gleiche Verst\u00e4ndnis f\u00fcr die Bed\u00fcrfnisse der internationalen Normung?<\/strong><\/em><\/p>\n<p><em>Grosse L\u00e4nder verf\u00fcgen meist \u00fcber ein umfangreiches Normenwerk und entsprechende Ressourcen. Sie sind auch tonangebend in der Normungsarbeit und versuchen, ihre nationalen Interessen auf regionaler und internationaler Ebene durchzusetzen. Das Streben nach dem gr\u00f6sstm\u00f6glichen gemeinsamen Nenner st\u00e4rkt aber auch die internationale Normungsarbeit nach dem Motto \u00abDo it once, do it right, do it internationally!\u00bb.<\/em><\/p>\n<p><em>Eine weitere Besonderheit auf europ\u00e4ischer Ebene war der von der EU-Kommission geschaffene \u00abNew Approach\u00bb, die \u00abNeue Konzeption\u00bb. Sie hat zum Ziel, die technische Harmonisierung sowohl bei der Normung als auch bei den beh\u00f6rdlichen Vorschriften zu koordinieren. Beh\u00f6rdliche Verordnungen enthalten nur noch grundlegende Anforderungen bez\u00fcglich Gesundheit, Umwelt und Sicherheit und verweisen daf\u00fcr auf Normen, in welchen die technischen Details durch die bew\u00e4hrte privatwirtschaftliche Normung festgelegt werden. Nach erfolgter Verabschiedung durch qualifizierten Mehrheitsentscheid sind die Mitgliedsl\u00e4nder der EU und der EFTA verpflichtet, widerspr\u00fcchliche nationale Vorschriften oder Normen zur\u00fcckzuziehen. Der Verweis auf internationale Normen best\u00e4rkte wiederum die Devise: \u00abDo it once, do it right, do it internationally!\u00bb.<\/em><\/p>\n<p><em>Weitere ISO-Mitglieder haben sich f\u00fcr die Idee des \u00abNew Approach\u00bb interessiert und durch Mandate der EG-Kommission wurden Experten delegiert. In totalit\u00e4ren Staaten bedeutete die neue Konzeption eine v\u00f6llige Abkehr vom Status quo, indem dort auch die Normung nicht privatwirtschaftlich organisiert war. Ich erinnere mich an entsprechende ISO-Missionen in Russland, China, Kolumbien sowie bei den osteurop\u00e4ischen Kandidaten zur EU-Mitgliedschaft. Besonders beeindruckend war der Besuch in Moskau beim sowjetischen ISO-Mitglied. Mein russischer Kollege war Chef eines Ministeriums und hatte die Verantwortung \u00fcber mehrere Tausend Angestellte. Abgesehen vom riesigen Land mit zahlreichen Zweigstellen, waren dort alle relevanten Amtsstellen, alle Fachbereiche der Normung, der Zertifizierung, der Pr\u00fcfung, der Metrologie, der Telekommunikation etc. unter einem Hut.<\/em><\/p>\n<p><em><strong>Gibt es eine Episode oder Anekdote aus Ihrer Zeit als Direktor, die Sie besonders gerne erz\u00e4hlen?<\/strong><\/em><\/p>\n<p><em>Unmittelbar nach dem EWR-Nein fand eine CEN-Sitzung in Br\u00fcssel statt. Da mein Flug verz\u00f6gert war, kam ich etwas zu sp\u00e4t an die Sitzung und der Vorsitzende h\u00e4nselte: \u00abWir haben gedacht, du kommst nun gar nicht mehr!\u00bb Nat\u00fcrlich wurde in der Pause rege dar\u00fcber diskutiert und besonders das St\u00e4ndemehr musste immer wieder erl\u00e4utert werden. Auch der damalige EG Kommissions-Pr\u00e4sident Bangemann hat sich sehr daf\u00fcr interessiert, vor allem, weil ich ihm vorher meiner \u00dcberzeugung Ausdruck gab, dass der EWR sicher angenommen werde.<\/em><\/p>\n","protected":false},"excerpt":{"rendered":"<p>Bereits zwanzig Jahre vor der Gr\u00fcndung einer Normenorganisation in der Schweiz finden erste Bem\u00fchungen statt, um allgemein g\u00fcltige Regeln zu definieren. So verhandeln 1898 in Z\u00fcrich Vertreter mehrerer L\u00e4nder \u00fcber die Normung f\u00fcr ein metrisches Schraubengewinde. Branchen\u00fcbergreifendes Bed\u00fcrfnis nach Standards Im Juli 1919 wird in Baden der Schweizerische Normalien-Bund gegr\u00fcndet, dessen Namen einige Jahre sp\u00e4ter [&hellip;]<\/p>\n","protected":false},"author":4,"featured_media":4793,"comment_status":"open","ping_status":"open","sticky":false,"template":"","format":"standard","meta":{"_acf_changed":false,"_yoast_wpseo_focuskw":"SNV","_yoast_wpseo_metadesc":"Die Schweizerische Normen-Vereinigung SNV feiert 2019 ihr 100-j\u00e4hriges Bestehen. Normen pr\u00e4gen heute unsere Industrie - doch dem war nicht immer so.","articlekey":"","footnotes":""},"categories":[28],"tags":[266,335,503,508],"class_list":["post-4790","post","type-post","status-publish","format-standard","has-post-thumbnail","hentry","category-management","tag-industrie","tag-management-und-unternehmensfuehrung","tag-verbaende","tag-vermischtes"],"acf":[],"yoast_head":"<!-- This site is optimized with the Yoast SEO plugin v27.4 - https:\/\/yoast.com\/product\/yoast-seo-wordpress\/ -->\n<title>100 Jahre SNV: Alte Dame mit jungen Gedanken - Organisator<\/title>\n<meta name=\"description\" content=\"Die Schweizerische Normen-Vereinigung SNV feiert 2019 ihr 100-j\u00e4hriges Bestehen. Normen pr\u00e4gen heute unsere Industrie - doch dem war nicht immer so.\" \/>\n<meta name=\"robots\" content=\"index, follow, max-snippet:-1, max-image-preview:large, max-video-preview:-1\" \/>\n<link rel=\"canonical\" href=\"https:\/\/www.organisator.ch\/de\/management\/2019-01-29\/100-jahre-snv-alte-dame-mit-jungen-gedanken\/\" \/>\n<meta property=\"og:locale\" content=\"de_DE\" \/>\n<meta property=\"og:type\" content=\"article\" \/>\n<meta property=\"og:title\" content=\"100 Jahre SNV: Alte Dame mit jungen Gedanken\" \/>\n<meta property=\"og:description\" content=\"Die Schweizerische Normen-Vereinigung SNV feiert 2019 ihr 100-j\u00e4hriges Bestehen. Normen pr\u00e4gen heute unsere Industrie - doch dem war nicht immer so.\" \/>\n<meta property=\"og:url\" content=\"https:\/\/www.organisator.ch\/de\/management\/2019-01-29\/100-jahre-snv-alte-dame-mit-jungen-gedanken\/\" \/>\n<meta property=\"og:site_name\" content=\"Organisator\" \/>\n<meta property=\"article:publisher\" content=\"https:\/\/www.facebook.com\/OrganisatorFachmagazin\" \/>\n<meta property=\"article:published_time\" content=\"2019-01-29T08:30:13+00:00\" \/>\n<meta property=\"og:image\" content=\"https:\/\/www.organisator.ch\/wp-content\/uploads\/2019\/01\/100-Jahre-SNV-Alte-Dame-mit-jungen-Gedanken-1_Organisator.jpg\" \/>\n\t<meta property=\"og:image:width\" content=\"680\" \/>\n\t<meta property=\"og:image:height\" content=\"510\" \/>\n\t<meta property=\"og:image:type\" content=\"image\/jpeg\" \/>\n<meta name=\"author\" content=\"thomas.berner\" \/>\n<meta name=\"twitter:card\" content=\"summary_large_image\" \/>\n<meta name=\"twitter:title\" content=\"100 Jahre #SNV: Alte Dame mit jungen Gedanken\" \/>\n<meta name=\"twitter:description\" content=\"Die Schweizerische Normen-Vereinigung #SNV feiert 2019 ihr 100-j\u00e4hriges Bestehen. #Normen pr\u00e4gen heute unsere Industrie - doch dem war nicht immer so.\" \/>\n<meta name=\"twitter:image\" content=\"https:\/\/www.organisator.ch\/wp-content\/uploads\/2019\/01\/100-Jahre-SNV-Alte-Dame-mit-jungen-Gedanken-1_Organisator.jpg\" \/>\n<script type=\"application\/ld+json\" class=\"yoast-schema-graph\">{\"@context\":\"https:\\\/\\\/schema.org\",\"@graph\":[{\"@type\":\"Article\",\"@id\":\"https:\\\/\\\/www.organisator.ch\\\/management\\\/2019-01-29\\\/100-jahre-snv-alte-dame-mit-jungen-gedanken\\\/#article\",\"isPartOf\":{\"@id\":\"https:\\\/\\\/www.organisator.ch\\\/management\\\/2019-01-29\\\/100-jahre-snv-alte-dame-mit-jungen-gedanken\\\/\"},\"author\":{\"name\":\"thomas.berner\",\"@id\":\"https:\\\/\\\/www.organisator.ch\\\/#\\\/schema\\\/person\\\/6f650f90b2842cd4c0cc334b4e36f67e\"},\"headline\":\"100 Jahre SNV: Alte Dame mit jungen Gedanken\",\"datePublished\":\"2019-01-29T08:30:13+00:00\",\"mainEntityOfPage\":{\"@id\":\"https:\\\/\\\/www.organisator.ch\\\/management\\\/2019-01-29\\\/100-jahre-snv-alte-dame-mit-jungen-gedanken\\\/\"},\"wordCount\":1731,\"commentCount\":0,\"publisher\":{\"@id\":\"https:\\\/\\\/www.organisator.ch\\\/#organization\"},\"image\":{\"@id\":\"https:\\\/\\\/www.organisator.ch\\\/management\\\/2019-01-29\\\/100-jahre-snv-alte-dame-mit-jungen-gedanken\\\/#primaryimage\"},\"thumbnailUrl\":\"https:\\\/\\\/www.organisator.ch\\\/wp-content\\\/uploads\\\/2019\\\/01\\\/100-Jahre-SNV-Alte-Dame-mit-jungen-Gedanken-1_Organisator.jpg\",\"keywords\":[\"Industrie\",\"Management und Unternehmensf\u00fchrung\",\"Verb\u00e4nde\",\"Vermischtes\"],\"articleSection\":[\"MANAGEMENT\"],\"inLanguage\":\"de\"},{\"@type\":\"WebPage\",\"@id\":\"https:\\\/\\\/www.organisator.ch\\\/management\\\/2019-01-29\\\/100-jahre-snv-alte-dame-mit-jungen-gedanken\\\/\",\"url\":\"https:\\\/\\\/www.organisator.ch\\\/management\\\/2019-01-29\\\/100-jahre-snv-alte-dame-mit-jungen-gedanken\\\/\",\"name\":\"100 Jahre SNV: Alte Dame mit jungen Gedanken - Organisator\",\"isPartOf\":{\"@id\":\"https:\\\/\\\/www.organisator.ch\\\/#website\"},\"primaryImageOfPage\":{\"@id\":\"https:\\\/\\\/www.organisator.ch\\\/management\\\/2019-01-29\\\/100-jahre-snv-alte-dame-mit-jungen-gedanken\\\/#primaryimage\"},\"image\":{\"@id\":\"https:\\\/\\\/www.organisator.ch\\\/management\\\/2019-01-29\\\/100-jahre-snv-alte-dame-mit-jungen-gedanken\\\/#primaryimage\"},\"thumbnailUrl\":\"https:\\\/\\\/www.organisator.ch\\\/wp-content\\\/uploads\\\/2019\\\/01\\\/100-Jahre-SNV-Alte-Dame-mit-jungen-Gedanken-1_Organisator.jpg\",\"datePublished\":\"2019-01-29T08:30:13+00:00\",\"description\":\"Die Schweizerische Normen-Vereinigung SNV feiert 2019 ihr 100-j\u00e4hriges Bestehen. Normen pr\u00e4gen heute unsere Industrie - doch dem war nicht immer so.\",\"breadcrumb\":{\"@id\":\"https:\\\/\\\/www.organisator.ch\\\/management\\\/2019-01-29\\\/100-jahre-snv-alte-dame-mit-jungen-gedanken\\\/#breadcrumb\"},\"inLanguage\":\"de\",\"potentialAction\":[{\"@type\":\"ReadAction\",\"target\":[\"https:\\\/\\\/www.organisator.ch\\\/management\\\/2019-01-29\\\/100-jahre-snv-alte-dame-mit-jungen-gedanken\\\/\"]}]},{\"@type\":\"ImageObject\",\"inLanguage\":\"de\",\"@id\":\"https:\\\/\\\/www.organisator.ch\\\/management\\\/2019-01-29\\\/100-jahre-snv-alte-dame-mit-jungen-gedanken\\\/#primaryimage\",\"url\":\"https:\\\/\\\/www.organisator.ch\\\/wp-content\\\/uploads\\\/2019\\\/01\\\/100-Jahre-SNV-Alte-Dame-mit-jungen-Gedanken-1_Organisator.jpg\",\"contentUrl\":\"https:\\\/\\\/www.organisator.ch\\\/wp-content\\\/uploads\\\/2019\\\/01\\\/100-Jahre-SNV-Alte-Dame-mit-jungen-Gedanken-1_Organisator.jpg\",\"width\":680,\"height\":510,\"caption\":\"Die Gr\u00fcndungsurkunde der Schweizerischen Normen-Vereinigung SNV, die 2019 ihr 100-j\u00e4hriges Jubli\u00e4um feiert. (Bild: zVg \\\/ SNV))\"},{\"@type\":\"BreadcrumbList\",\"@id\":\"https:\\\/\\\/www.organisator.ch\\\/management\\\/2019-01-29\\\/100-jahre-snv-alte-dame-mit-jungen-gedanken\\\/#breadcrumb\",\"itemListElement\":[{\"@type\":\"ListItem\",\"position\":1,\"name\":\"Home\",\"item\":\"https:\\\/\\\/www.organisator.ch\\\/\"},{\"@type\":\"ListItem\",\"position\":2,\"name\":\"100 Jahre SNV: Alte Dame mit jungen Gedanken\"}]},{\"@type\":\"WebSite\",\"@id\":\"https:\\\/\\\/www.organisator.ch\\\/#website\",\"url\":\"https:\\\/\\\/www.organisator.ch\\\/\",\"name\":\"Organisator\",\"description\":\"Kompetent. Praxisnah. Der ORGANISATOR bereitet in 10 Ausgaben pro Jahr die wesentlichen Themen f\u00fcr F\u00fchrungskr\u00e4fte von KMU auf.\",\"publisher\":{\"@id\":\"https:\\\/\\\/www.organisator.ch\\\/#organization\"},\"potentialAction\":[{\"@type\":\"SearchAction\",\"target\":{\"@type\":\"EntryPoint\",\"urlTemplate\":\"https:\\\/\\\/www.organisator.ch\\\/?s={search_term_string}\"},\"query-input\":{\"@type\":\"PropertyValueSpecification\",\"valueRequired\":true,\"valueName\":\"search_term_string\"}}],\"inLanguage\":\"de\"},{\"@type\":\"Organization\",\"@id\":\"https:\\\/\\\/www.organisator.ch\\\/#organization\",\"name\":\"Organisator\",\"url\":\"https:\\\/\\\/www.organisator.ch\\\/\",\"logo\":{\"@type\":\"ImageObject\",\"inLanguage\":\"de\",\"@id\":\"https:\\\/\\\/www.organisator.ch\\\/#\\\/schema\\\/logo\\\/image\\\/\",\"url\":\"https:\\\/\\\/www.organisator.ch\\\/wp-content\\\/uploads\\\/2022\\\/01\\\/Logo_Organisator_Website.png\",\"contentUrl\":\"https:\\\/\\\/www.organisator.ch\\\/wp-content\\\/uploads\\\/2022\\\/01\\\/Logo_Organisator_Website.png\",\"width\":800,\"height\":77,\"caption\":\"Organisator\"},\"image\":{\"@id\":\"https:\\\/\\\/www.organisator.ch\\\/#\\\/schema\\\/logo\\\/image\\\/\"},\"sameAs\":[\"https:\\\/\\\/www.facebook.com\\\/OrganisatorFachmagazin\",\"https:\\\/\\\/www.linkedin.com\\\/showcase\\\/organisator-das-magazin-fr-kmu\",\"https:\\\/\\\/www.xing.com\\\/news\\\/pages\\\/organisator-ch-695\",\"https:\\\/\\\/www.youtube.com\\\/channel\\\/UCGP2Sq0iWaZwT3BdIAQFYpw\"]},{\"@type\":\"Person\",\"@id\":\"https:\\\/\\\/www.organisator.ch\\\/#\\\/schema\\\/person\\\/6f650f90b2842cd4c0cc334b4e36f67e\",\"name\":\"thomas.berner\",\"image\":{\"@type\":\"ImageObject\",\"inLanguage\":\"de\",\"@id\":\"https:\\\/\\\/secure.gravatar.com\\\/avatar\\\/ac5001d2a36cb6c6cd3e50789007ffca834b477b74a2144564522e944eabff61?s=96&d=mm&r=g\",\"url\":\"https:\\\/\\\/secure.gravatar.com\\\/avatar\\\/ac5001d2a36cb6c6cd3e50789007ffca834b477b74a2144564522e944eabff61?s=96&d=mm&r=g\",\"contentUrl\":\"https:\\\/\\\/secure.gravatar.com\\\/avatar\\\/ac5001d2a36cb6c6cd3e50789007ffca834b477b74a2144564522e944eabff61?s=96&d=mm&r=g\",\"caption\":\"thomas.berner\"},\"url\":\"https:\\\/\\\/www.organisator.ch\\\/de\\\/author\\\/thomas-berner\\\/\"}]}<\/script>\n<!-- \/ Yoast SEO plugin. -->","yoast_head_json":{"title":"100 Jahre SNV: Alte Dame mit jungen Gedanken - Organisator","description":"Die Schweizerische Normen-Vereinigung SNV feiert 2019 ihr 100-j\u00e4hriges Bestehen. Normen pr\u00e4gen heute unsere Industrie - doch dem war nicht immer so.","robots":{"index":"index","follow":"follow","max-snippet":"max-snippet:-1","max-image-preview":"max-image-preview:large","max-video-preview":"max-video-preview:-1"},"canonical":"https:\/\/www.organisator.ch\/de\/management\/2019-01-29\/100-jahre-snv-alte-dame-mit-jungen-gedanken\/","og_locale":"de_DE","og_type":"article","og_title":"100 Jahre SNV: Alte Dame mit jungen Gedanken","og_description":"Die Schweizerische Normen-Vereinigung SNV feiert 2019 ihr 100-j\u00e4hriges Bestehen. Normen pr\u00e4gen heute unsere Industrie - doch dem war nicht immer so.","og_url":"https:\/\/www.organisator.ch\/de\/management\/2019-01-29\/100-jahre-snv-alte-dame-mit-jungen-gedanken\/","og_site_name":"Organisator","article_publisher":"https:\/\/www.facebook.com\/OrganisatorFachmagazin","article_published_time":"2019-01-29T08:30:13+00:00","og_image":[{"width":680,"height":510,"url":"https:\/\/www.organisator.ch\/wp-content\/uploads\/2019\/01\/100-Jahre-SNV-Alte-Dame-mit-jungen-Gedanken-1_Organisator.jpg","type":"image\/jpeg"}],"author":"thomas.berner","twitter_card":"summary_large_image","twitter_title":"100 Jahre #SNV: Alte Dame mit jungen Gedanken","twitter_description":"Die Schweizerische Normen-Vereinigung #SNV feiert 2019 ihr 100-j\u00e4hriges Bestehen. #Normen pr\u00e4gen heute unsere Industrie - doch dem war nicht immer so.","twitter_image":"https:\/\/www.organisator.ch\/wp-content\/uploads\/2019\/01\/100-Jahre-SNV-Alte-Dame-mit-jungen-Gedanken-1_Organisator.jpg","schema":{"@context":"https:\/\/schema.org","@graph":[{"@type":"Article","@id":"https:\/\/www.organisator.ch\/management\/2019-01-29\/100-jahre-snv-alte-dame-mit-jungen-gedanken\/#article","isPartOf":{"@id":"https:\/\/www.organisator.ch\/management\/2019-01-29\/100-jahre-snv-alte-dame-mit-jungen-gedanken\/"},"author":{"name":"thomas.berner","@id":"https:\/\/www.organisator.ch\/#\/schema\/person\/6f650f90b2842cd4c0cc334b4e36f67e"},"headline":"100 Jahre SNV: Alte Dame mit jungen Gedanken","datePublished":"2019-01-29T08:30:13+00:00","mainEntityOfPage":{"@id":"https:\/\/www.organisator.ch\/management\/2019-01-29\/100-jahre-snv-alte-dame-mit-jungen-gedanken\/"},"wordCount":1731,"commentCount":0,"publisher":{"@id":"https:\/\/www.organisator.ch\/#organization"},"image":{"@id":"https:\/\/www.organisator.ch\/management\/2019-01-29\/100-jahre-snv-alte-dame-mit-jungen-gedanken\/#primaryimage"},"thumbnailUrl":"https:\/\/www.organisator.ch\/wp-content\/uploads\/2019\/01\/100-Jahre-SNV-Alte-Dame-mit-jungen-Gedanken-1_Organisator.jpg","keywords":["Industrie","Management und Unternehmensf\u00fchrung","Verb\u00e4nde","Vermischtes"],"articleSection":["MANAGEMENT"],"inLanguage":"de"},{"@type":"WebPage","@id":"https:\/\/www.organisator.ch\/management\/2019-01-29\/100-jahre-snv-alte-dame-mit-jungen-gedanken\/","url":"https:\/\/www.organisator.ch\/management\/2019-01-29\/100-jahre-snv-alte-dame-mit-jungen-gedanken\/","name":"100 Jahre SNV: Alte Dame mit jungen Gedanken - Organisator","isPartOf":{"@id":"https:\/\/www.organisator.ch\/#website"},"primaryImageOfPage":{"@id":"https:\/\/www.organisator.ch\/management\/2019-01-29\/100-jahre-snv-alte-dame-mit-jungen-gedanken\/#primaryimage"},"image":{"@id":"https:\/\/www.organisator.ch\/management\/2019-01-29\/100-jahre-snv-alte-dame-mit-jungen-gedanken\/#primaryimage"},"thumbnailUrl":"https:\/\/www.organisator.ch\/wp-content\/uploads\/2019\/01\/100-Jahre-SNV-Alte-Dame-mit-jungen-Gedanken-1_Organisator.jpg","datePublished":"2019-01-29T08:30:13+00:00","description":"Die Schweizerische Normen-Vereinigung SNV feiert 2019 ihr 100-j\u00e4hriges Bestehen. Normen pr\u00e4gen heute unsere Industrie - doch dem war nicht immer so.","breadcrumb":{"@id":"https:\/\/www.organisator.ch\/management\/2019-01-29\/100-jahre-snv-alte-dame-mit-jungen-gedanken\/#breadcrumb"},"inLanguage":"de","potentialAction":[{"@type":"ReadAction","target":["https:\/\/www.organisator.ch\/management\/2019-01-29\/100-jahre-snv-alte-dame-mit-jungen-gedanken\/"]}]},{"@type":"ImageObject","inLanguage":"de","@id":"https:\/\/www.organisator.ch\/management\/2019-01-29\/100-jahre-snv-alte-dame-mit-jungen-gedanken\/#primaryimage","url":"https:\/\/www.organisator.ch\/wp-content\/uploads\/2019\/01\/100-Jahre-SNV-Alte-Dame-mit-jungen-Gedanken-1_Organisator.jpg","contentUrl":"https:\/\/www.organisator.ch\/wp-content\/uploads\/2019\/01\/100-Jahre-SNV-Alte-Dame-mit-jungen-Gedanken-1_Organisator.jpg","width":680,"height":510,"caption":"Die Gr\u00fcndungsurkunde der Schweizerischen Normen-Vereinigung SNV, die 2019 ihr 100-j\u00e4hriges Jubli\u00e4um feiert. (Bild: zVg \/ SNV))"},{"@type":"BreadcrumbList","@id":"https:\/\/www.organisator.ch\/management\/2019-01-29\/100-jahre-snv-alte-dame-mit-jungen-gedanken\/#breadcrumb","itemListElement":[{"@type":"ListItem","position":1,"name":"Home","item":"https:\/\/www.organisator.ch\/"},{"@type":"ListItem","position":2,"name":"100 Jahre SNV: Alte Dame mit jungen Gedanken"}]},{"@type":"WebSite","@id":"https:\/\/www.organisator.ch\/#website","url":"https:\/\/www.organisator.ch\/","name":"Organisator","description":"Kompetent. Praxisnah. Der ORGANISATOR bereitet in 10 Ausgaben pro Jahr die wesentlichen Themen f\u00fcr F\u00fchrungskr\u00e4fte von KMU auf.","publisher":{"@id":"https:\/\/www.organisator.ch\/#organization"},"potentialAction":[{"@type":"SearchAction","target":{"@type":"EntryPoint","urlTemplate":"https:\/\/www.organisator.ch\/?s={search_term_string}"},"query-input":{"@type":"PropertyValueSpecification","valueRequired":true,"valueName":"search_term_string"}}],"inLanguage":"de"},{"@type":"Organization","@id":"https:\/\/www.organisator.ch\/#organization","name":"Organisator","url":"https:\/\/www.organisator.ch\/","logo":{"@type":"ImageObject","inLanguage":"de","@id":"https:\/\/www.organisator.ch\/#\/schema\/logo\/image\/","url":"https:\/\/www.organisator.ch\/wp-content\/uploads\/2022\/01\/Logo_Organisator_Website.png","contentUrl":"https:\/\/www.organisator.ch\/wp-content\/uploads\/2022\/01\/Logo_Organisator_Website.png","width":800,"height":77,"caption":"Organisator"},"image":{"@id":"https:\/\/www.organisator.ch\/#\/schema\/logo\/image\/"},"sameAs":["https:\/\/www.facebook.com\/OrganisatorFachmagazin","https:\/\/www.linkedin.com\/showcase\/organisator-das-magazin-fr-kmu","https:\/\/www.xing.com\/news\/pages\/organisator-ch-695","https:\/\/www.youtube.com\/channel\/UCGP2Sq0iWaZwT3BdIAQFYpw"]},{"@type":"Person","@id":"https:\/\/www.organisator.ch\/#\/schema\/person\/6f650f90b2842cd4c0cc334b4e36f67e","name":"thomas.berner","image":{"@type":"ImageObject","inLanguage":"de","@id":"https:\/\/secure.gravatar.com\/avatar\/ac5001d2a36cb6c6cd3e50789007ffca834b477b74a2144564522e944eabff61?s=96&d=mm&r=g","url":"https:\/\/secure.gravatar.com\/avatar\/ac5001d2a36cb6c6cd3e50789007ffca834b477b74a2144564522e944eabff61?s=96&d=mm&r=g","contentUrl":"https:\/\/secure.gravatar.com\/avatar\/ac5001d2a36cb6c6cd3e50789007ffca834b477b74a2144564522e944eabff61?s=96&d=mm&r=g","caption":"thomas.berner"},"url":"https:\/\/www.organisator.ch\/de\/author\/thomas-berner\/"}]}},"_links":{"self":[{"href":"https:\/\/www.organisator.ch\/de\/wp-json\/wp\/v2\/posts\/4790","targetHints":{"allow":["GET"]}}],"collection":[{"href":"https:\/\/www.organisator.ch\/de\/wp-json\/wp\/v2\/posts"}],"about":[{"href":"https:\/\/www.organisator.ch\/de\/wp-json\/wp\/v2\/types\/post"}],"author":[{"embeddable":true,"href":"https:\/\/www.organisator.ch\/de\/wp-json\/wp\/v2\/users\/4"}],"replies":[{"embeddable":true,"href":"https:\/\/www.organisator.ch\/de\/wp-json\/wp\/v2\/comments?post=4790"}],"version-history":[{"count":0,"href":"https:\/\/www.organisator.ch\/de\/wp-json\/wp\/v2\/posts\/4790\/revisions"}],"wp:featuredmedia":[{"embeddable":true,"href":"https:\/\/www.organisator.ch\/de\/wp-json\/wp\/v2\/media\/4793"}],"wp:attachment":[{"href":"https:\/\/www.organisator.ch\/de\/wp-json\/wp\/v2\/media?parent=4790"}],"wp:term":[{"taxonomy":"category","embeddable":true,"href":"https:\/\/www.organisator.ch\/de\/wp-json\/wp\/v2\/categories?post=4790"},{"taxonomy":"post_tag","embeddable":true,"href":"https:\/\/www.organisator.ch\/de\/wp-json\/wp\/v2\/tags?post=4790"}],"curies":[{"name":"wp","href":"https:\/\/api.w.org\/{rel}","templated":true}]}}