{"id":48031,"date":"2026-04-24T13:12:42","date_gmt":"2026-04-24T11:12:42","guid":{"rendered":"https:\/\/www.organisator.ch\/de\/?p=48031"},"modified":"2026-04-24T13:12:42","modified_gmt":"2026-04-24T11:12:42","slug":"pawi-group-staerkt-familienkontinuitaet-im-verwaltungsrat","status":"publish","type":"post","link":"https:\/\/www.organisator.ch\/de\/management\/2026-04-24\/pawi-group-staerkt-familienkontinuitaet-im-verwaltungsrat\/","title":{"rendered":"Pawi Group st\u00e4rkt Familienkontinuit\u00e4t im Verwaltungsrat"},"content":{"rendered":"<figure id=\"attachment_48029\" aria-describedby=\"caption-attachment-48029\" style=\"width: 680px\" class=\"wp-caption alignnone\"><img loading=\"lazy\" decoding=\"async\" class=\"size-medium wp-image-48029\" src=\"https:\/\/www.organisator.ch\/wp-content\/uploads\/2026\/04\/Desiree-Keller_Mitglied-des-PAWI-Verwaltungsrat-scaled-e1777028915830-680x487.png\" alt=\"D\u00e9sir\u00e9e Keller ist neues Mitglied im PAWI Verwaltungsrat. Quelle: zvg\" width=\"680\" height=\"487\" srcset=\"https:\/\/www.organisator.ch\/wp-content\/uploads\/2026\/04\/Desiree-Keller_Mitglied-des-PAWI-Verwaltungsrat-scaled-e1777028915830-680x487.png 680w, https:\/\/www.organisator.ch\/wp-content\/uploads\/2026\/04\/Desiree-Keller_Mitglied-des-PAWI-Verwaltungsrat-scaled-e1777028915830-1024x733.png 1024w, https:\/\/www.organisator.ch\/wp-content\/uploads\/2026\/04\/Desiree-Keller_Mitglied-des-PAWI-Verwaltungsrat-scaled-e1777028915830-768x550.png 768w, https:\/\/www.organisator.ch\/wp-content\/uploads\/2026\/04\/Desiree-Keller_Mitglied-des-PAWI-Verwaltungsrat-scaled-e1777028915830-18x12.png 18w, https:\/\/www.organisator.ch\/wp-content\/uploads\/2026\/04\/Desiree-Keller_Mitglied-des-PAWI-Verwaltungsrat-scaled-e1777028915830-375x269.png 375w, https:\/\/www.organisator.ch\/wp-content\/uploads\/2026\/04\/Desiree-Keller_Mitglied-des-PAWI-Verwaltungsrat-scaled-e1777028915830-489x350.png 489w, https:\/\/www.organisator.ch\/wp-content\/uploads\/2026\/04\/Desiree-Keller_Mitglied-des-PAWI-Verwaltungsrat-scaled-e1777028915830-1000x716.png 1000w, https:\/\/www.organisator.ch\/wp-content\/uploads\/2026\/04\/Desiree-Keller_Mitglied-des-PAWI-Verwaltungsrat-scaled-e1777028915830.png 1036w\" sizes=\"auto, (max-width: 680px) 100vw, 680px\" \/><figcaption id=\"caption-attachment-48029\" class=\"wp-caption-text\">D\u00e9sir\u00e9e Keller ist neues Mitglied im PAWI Verwaltungsrat. Quelle: zvg<\/figcaption><\/figure>\n<p>An der Generalversammlung vom 17. April 2026 wurden D\u00e9sir\u00e9e Keller und C\u00e9line K\u00fcng, die beiden T\u00f6chter von Andreas Keller, neu in den Verwaltungsrat der Pawi Group gew\u00e4hlt. Die Wahl markiert einen wichtigen Schritt in der generationen\u00fcbergreifenden Weiterentwicklung des familiengef\u00fchrten Verpackungsunternehmens mit Sitz in Winterthur.<\/p>\n<figure id=\"attachment_48030\" aria-describedby=\"caption-attachment-48030\" style=\"width: 680px\" class=\"wp-caption alignnone\"><img loading=\"lazy\" decoding=\"async\" class=\"size-medium wp-image-48030\" src=\"https:\/\/www.organisator.ch\/wp-content\/uploads\/2026\/04\/Celine-Kueng_Mitglied-des-PAWI-Verwaltungsrat-scaled-e1777028942718-680x486.png\" alt=\"C\u00e9line K\u00fcng neu im PAWI Verwaltungsrat. Quelle: zvg\" width=\"680\" height=\"486\" srcset=\"https:\/\/www.organisator.ch\/wp-content\/uploads\/2026\/04\/Celine-Kueng_Mitglied-des-PAWI-Verwaltungsrat-scaled-e1777028942718-680x486.png 680w, https:\/\/www.organisator.ch\/wp-content\/uploads\/2026\/04\/Celine-Kueng_Mitglied-des-PAWI-Verwaltungsrat-scaled-e1777028942718-1024x731.png 1024w, https:\/\/www.organisator.ch\/wp-content\/uploads\/2026\/04\/Celine-Kueng_Mitglied-des-PAWI-Verwaltungsrat-scaled-e1777028942718-768x549.png 768w, https:\/\/www.organisator.ch\/wp-content\/uploads\/2026\/04\/Celine-Kueng_Mitglied-des-PAWI-Verwaltungsrat-scaled-e1777028942718-18x12.png 18w, https:\/\/www.organisator.ch\/wp-content\/uploads\/2026\/04\/Celine-Kueng_Mitglied-des-PAWI-Verwaltungsrat-scaled-e1777028942718-375x268.png 375w, https:\/\/www.organisator.ch\/wp-content\/uploads\/2026\/04\/Celine-Kueng_Mitglied-des-PAWI-Verwaltungsrat-scaled-e1777028942718-490x350.png 490w, https:\/\/www.organisator.ch\/wp-content\/uploads\/2026\/04\/Celine-Kueng_Mitglied-des-PAWI-Verwaltungsrat-scaled-e1777028942718-1000x714.png 1000w, https:\/\/www.organisator.ch\/wp-content\/uploads\/2026\/04\/Celine-Kueng_Mitglied-des-PAWI-Verwaltungsrat-scaled-e1777028942718.png 1036w\" sizes=\"auto, (max-width: 680px) 100vw, 680px\" \/><figcaption id=\"caption-attachment-48030\" class=\"wp-caption-text\">Auch C\u00e9line K\u00fcng ist neu im Pawi-Verwaltungsrat. Quelle: zVg \/ Pawi<\/figcaption><\/figure>\n<h3>Neue Zusammensetzung des Verwaltungsrats<\/h3>\n<p>Der Verwaltungsrat setzt sich k\u00fcnftig aus Andreas Keller als Pr\u00e4sident, Matthias Alder, Maria Iskic, D\u00e9sir\u00e9e Keller und C\u00e9line K\u00fcng zusammen. Gemeinsam mit ihrem Vater stehen die beiden neu gew\u00e4hlten Mitglieder f\u00fcr Kontinuit\u00e4t, Verantwortung und die Zukunft der Unternehmensgruppe.<\/p>\n<h3>Familienunternehmen mit internationalem Footprint<\/h3>\n<p>Die Pawi Group ist ein familiengef\u00fchrtes Unternehmen mit Sitz in Winterthur (Schweiz) sowie Standorten in Singen (Deutschland) und Warschau (Polen). Mit rund 370 Mitarbeitenden entwickelt und produziert das Unternehmen hochwertige Verpackungsl\u00f6sungen \u2013 von funktional bis hochveredelt. Qualit\u00e4t, Nachhaltigkeit und innovative Technologien stehen dabei im Mittelpunkt, um die Anforderungen anspruchsvoller Premium-Marken zu erf\u00fcllen. Mit der Wahl von D\u00e9sir\u00e9e Keller und C\u00e9line K\u00fcng st\u00e4rkt die Pawi Group ihre langfristige Ausrichtung als unabh\u00e4ngiges Familienunternehmen.<\/p>\n<p><em>Weitere Informationen: <a href=\"https:\/\/www.pawi.com\" target=\"_blank\" rel=\"noopener\">www.pawi.com<\/a><\/em><\/p>\n","protected":false},"excerpt":{"rendered":"<p>An der Generalversammlung vom 17. April 2026 wurden D\u00e9sir\u00e9e Keller und C\u00e9line K\u00fcng, die beiden T\u00f6chter von Verwaltungsratspr\u00e4sident Andreas Keller, neu in den Verwaltungsrat der Pawi Group gew\u00e4hlt. Mit ihrer Wahl unterstreicht das familiengef\u00fchrte Winterthurer Verpackungsunternehmen seine langfristige Ausrichtung als unabh\u00e4ngige Unternehmensgruppe.<\/p>\n","protected":false},"author":107,"featured_media":48029,"comment_status":"closed","ping_status":"closed","sticky":false,"template":"","format":"standard","meta":{"_acf_changed":false,"_yoast_wpseo_focuskw":"Pawi Group","_yoast_wpseo_metadesc":"D\u00e9sir\u00e9e Keller und C\u00e9line K\u00fcng wurden neu in den Verwaltungsrat der Pawi Group gew\u00e4hlt \u2013 ein Zeichen f\u00fcr Kontinuit\u00e4t im Winterthurer KMU.","articlekey":"","footnotes":""},"categories":[28],"tags":[335,381,492,513],"class_list":["post-48031","post","type-post","status-publish","format-standard","has-post-thumbnail","hentry","category-management","tag-management-und-unternehmensfuehrung","tag-personalia","tag-unternehmen","tag-verwaltungsraete"],"acf":[],"yoast_head":"<!-- This site is optimized with the Yoast SEO plugin v27.4 - https:\/\/yoast.com\/product\/yoast-seo-wordpress\/ -->\n<title>Pawi Group st\u00e4rkt Familienkontinuit\u00e4t im Verwaltungsrat - Organisator<\/title>\n<meta name=\"description\" content=\"D\u00e9sir\u00e9e Keller und C\u00e9line K\u00fcng wurden neu in den Verwaltungsrat der Pawi Group gew\u00e4hlt \u2013 ein Zeichen f\u00fcr Kontinuit\u00e4t im Winterthurer KMU.\" \/>\n<meta name=\"robots\" content=\"index, follow, max-snippet:-1, max-image-preview:large, max-video-preview:-1\" \/>\n<link rel=\"canonical\" href=\"https:\/\/www.organisator.ch\/de\/management\/2026-04-24\/pawi-group-staerkt-familienkontinuitaet-im-verwaltungsrat\/\" \/>\n<meta property=\"og:locale\" content=\"de_DE\" \/>\n<meta property=\"og:type\" content=\"article\" \/>\n<meta property=\"og:title\" content=\"Pawi Group st\u00e4rkt Familienkontinuit\u00e4t im Verwaltungsrat\" \/>\n<meta property=\"og:description\" content=\"D\u00e9sir\u00e9e Keller und C\u00e9line K\u00fcng wurden neu in den Verwaltungsrat der Pawi Group gew\u00e4hlt \u2013 ein Zeichen f\u00fcr Kontinuit\u00e4t im Winterthurer KMU.\" \/>\n<meta property=\"og:url\" content=\"https:\/\/www.organisator.ch\/de\/management\/2026-04-24\/pawi-group-staerkt-familienkontinuitaet-im-verwaltungsrat\/\" \/>\n<meta property=\"og:site_name\" content=\"Organisator\" \/>\n<meta property=\"article:publisher\" content=\"https:\/\/www.facebook.com\/OrganisatorFachmagazin\" \/>\n<meta property=\"article:published_time\" content=\"2026-04-24T11:12:42+00:00\" \/>\n<meta property=\"og:image\" content=\"https:\/\/www.organisator.ch\/wp-content\/uploads\/2026\/04\/Desiree-Keller_Mitglied-des-PAWI-Verwaltungsrat-scaled-e1777028915830.png\" \/>\n\t<meta property=\"og:image:width\" content=\"1036\" \/>\n\t<meta property=\"og:image:height\" content=\"742\" \/>\n\t<meta property=\"og:image:type\" content=\"image\/png\" \/>\n<meta name=\"author\" content=\"n8n\" \/>\n<meta name=\"twitter:card\" content=\"summary_large_image\" \/>\n<meta name=\"twitter:title\" content=\"#Pawi Group st\u00e4rkt #Familienkontinuit\u00e4t im Verwaltungsrat\" \/>\n<meta name=\"twitter:description\" content=\"D\u00e9sir\u00e9e #Keller und C\u00e9line #K\u00fcng wurden neu in den Verwaltungsrat der #Pawi Group gew\u00e4hlt \u2013 ein Zeichen f\u00fcr Kontinuit\u00e4t im Winterthurer KMU.\" \/>\n<meta name=\"twitter:image\" content=\"https:\/\/www.organisator.ch\/wp-content\/uploads\/2026\/04\/Desiree-Keller_Mitglied-des-PAWI-Verwaltungsrat-scaled-e1777028915830.png\" \/>\n<script type=\"application\/ld+json\" class=\"yoast-schema-graph\">{\"@context\":\"https:\\\/\\\/schema.org\",\"@graph\":[{\"@type\":\"Article\",\"@id\":\"https:\\\/\\\/www.organisator.ch\\\/management\\\/2026-04-24\\\/pawi-group-staerkt-familienkontinuitaet-im-verwaltungsrat\\\/#article\",\"isPartOf\":{\"@id\":\"https:\\\/\\\/www.organisator.ch\\\/management\\\/2026-04-24\\\/pawi-group-staerkt-familienkontinuitaet-im-verwaltungsrat\\\/\"},\"author\":{\"name\":\"n8n\",\"@id\":\"https:\\\/\\\/www.organisator.ch\\\/#\\\/schema\\\/person\\\/a9d0e0eff238db87a8f840f3b50359f0\"},\"headline\":\"Pawi Group st\u00e4rkt Familienkontinuit\u00e4t im Verwaltungsrat\",\"datePublished\":\"2026-04-24T11:12:42+00:00\",\"mainEntityOfPage\":{\"@id\":\"https:\\\/\\\/www.organisator.ch\\\/management\\\/2026-04-24\\\/pawi-group-staerkt-familienkontinuitaet-im-verwaltungsrat\\\/\"},\"wordCount\":235,\"publisher\":{\"@id\":\"https:\\\/\\\/www.organisator.ch\\\/#organization\"},\"image\":{\"@id\":\"https:\\\/\\\/www.organisator.ch\\\/management\\\/2026-04-24\\\/pawi-group-staerkt-familienkontinuitaet-im-verwaltungsrat\\\/#primaryimage\"},\"thumbnailUrl\":\"https:\\\/\\\/www.organisator.ch\\\/wp-content\\\/uploads\\\/2026\\\/04\\\/Desiree-Keller_Mitglied-des-PAWI-Verwaltungsrat-scaled-e1777028915830.png\",\"keywords\":[\"Management und Unternehmensf\u00fchrung\",\"Personalia\",\"Unternehmen\",\"Verwaltungsr\u00e4te\"],\"articleSection\":[\"MANAGEMENT\"],\"inLanguage\":\"de\"},{\"@type\":\"WebPage\",\"@id\":\"https:\\\/\\\/www.organisator.ch\\\/management\\\/2026-04-24\\\/pawi-group-staerkt-familienkontinuitaet-im-verwaltungsrat\\\/\",\"url\":\"https:\\\/\\\/www.organisator.ch\\\/management\\\/2026-04-24\\\/pawi-group-staerkt-familienkontinuitaet-im-verwaltungsrat\\\/\",\"name\":\"Pawi Group st\u00e4rkt Familienkontinuit\u00e4t im Verwaltungsrat - Organisator\",\"isPartOf\":{\"@id\":\"https:\\\/\\\/www.organisator.ch\\\/#website\"},\"primaryImageOfPage\":{\"@id\":\"https:\\\/\\\/www.organisator.ch\\\/management\\\/2026-04-24\\\/pawi-group-staerkt-familienkontinuitaet-im-verwaltungsrat\\\/#primaryimage\"},\"image\":{\"@id\":\"https:\\\/\\\/www.organisator.ch\\\/management\\\/2026-04-24\\\/pawi-group-staerkt-familienkontinuitaet-im-verwaltungsrat\\\/#primaryimage\"},\"thumbnailUrl\":\"https:\\\/\\\/www.organisator.ch\\\/wp-content\\\/uploads\\\/2026\\\/04\\\/Desiree-Keller_Mitglied-des-PAWI-Verwaltungsrat-scaled-e1777028915830.png\",\"datePublished\":\"2026-04-24T11:12:42+00:00\",\"description\":\"D\u00e9sir\u00e9e Keller und C\u00e9line K\u00fcng wurden neu in den Verwaltungsrat der Pawi Group gew\u00e4hlt \u2013 ein Zeichen f\u00fcr Kontinuit\u00e4t im Winterthurer KMU.\",\"breadcrumb\":{\"@id\":\"https:\\\/\\\/www.organisator.ch\\\/management\\\/2026-04-24\\\/pawi-group-staerkt-familienkontinuitaet-im-verwaltungsrat\\\/#breadcrumb\"},\"inLanguage\":\"de\",\"potentialAction\":[{\"@type\":\"ReadAction\",\"target\":[\"https:\\\/\\\/www.organisator.ch\\\/management\\\/2026-04-24\\\/pawi-group-staerkt-familienkontinuitaet-im-verwaltungsrat\\\/\"]}]},{\"@type\":\"ImageObject\",\"inLanguage\":\"de\",\"@id\":\"https:\\\/\\\/www.organisator.ch\\\/management\\\/2026-04-24\\\/pawi-group-staerkt-familienkontinuitaet-im-verwaltungsrat\\\/#primaryimage\",\"url\":\"https:\\\/\\\/www.organisator.ch\\\/wp-content\\\/uploads\\\/2026\\\/04\\\/Desiree-Keller_Mitglied-des-PAWI-Verwaltungsrat-scaled-e1777028915830.png\",\"contentUrl\":\"https:\\\/\\\/www.organisator.ch\\\/wp-content\\\/uploads\\\/2026\\\/04\\\/Desiree-Keller_Mitglied-des-PAWI-Verwaltungsrat-scaled-e1777028915830.png\",\"width\":1036,\"height\":742,\"caption\":\"D\u00e9sir\u00e9e Keller ist neues Mitglied im PAWI Verwaltungsrat. Quelle: zvg\"},{\"@type\":\"BreadcrumbList\",\"@id\":\"https:\\\/\\\/www.organisator.ch\\\/management\\\/2026-04-24\\\/pawi-group-staerkt-familienkontinuitaet-im-verwaltungsrat\\\/#breadcrumb\",\"itemListElement\":[{\"@type\":\"ListItem\",\"position\":1,\"name\":\"Home\",\"item\":\"https:\\\/\\\/www.organisator.ch\\\/\"},{\"@type\":\"ListItem\",\"position\":2,\"name\":\"Pawi Group st\u00e4rkt Familienkontinuit\u00e4t im Verwaltungsrat\"}]},{\"@type\":\"WebSite\",\"@id\":\"https:\\\/\\\/www.organisator.ch\\\/#website\",\"url\":\"https:\\\/\\\/www.organisator.ch\\\/\",\"name\":\"Organisator\",\"description\":\"Kompetent. Praxisnah. Der ORGANISATOR bereitet in 10 Ausgaben pro Jahr die wesentlichen Themen f\u00fcr F\u00fchrungskr\u00e4fte von KMU auf.\",\"publisher\":{\"@id\":\"https:\\\/\\\/www.organisator.ch\\\/#organization\"},\"potentialAction\":[{\"@type\":\"SearchAction\",\"target\":{\"@type\":\"EntryPoint\",\"urlTemplate\":\"https:\\\/\\\/www.organisator.ch\\\/?s={search_term_string}\"},\"query-input\":{\"@type\":\"PropertyValueSpecification\",\"valueRequired\":true,\"valueName\":\"search_term_string\"}}],\"inLanguage\":\"de\"},{\"@type\":\"Organization\",\"@id\":\"https:\\\/\\\/www.organisator.ch\\\/#organization\",\"name\":\"Organisator\",\"url\":\"https:\\\/\\\/www.organisator.ch\\\/\",\"logo\":{\"@type\":\"ImageObject\",\"inLanguage\":\"de\",\"@id\":\"https:\\\/\\\/www.organisator.ch\\\/#\\\/schema\\\/logo\\\/image\\\/\",\"url\":\"https:\\\/\\\/www.organisator.ch\\\/wp-content\\\/uploads\\\/2022\\\/01\\\/Logo_Organisator_Website.png\",\"contentUrl\":\"https:\\\/\\\/www.organisator.ch\\\/wp-content\\\/uploads\\\/2022\\\/01\\\/Logo_Organisator_Website.png\",\"width\":800,\"height\":77,\"caption\":\"Organisator\"},\"image\":{\"@id\":\"https:\\\/\\\/www.organisator.ch\\\/#\\\/schema\\\/logo\\\/image\\\/\"},\"sameAs\":[\"https:\\\/\\\/www.facebook.com\\\/OrganisatorFachmagazin\",\"https:\\\/\\\/www.linkedin.com\\\/showcase\\\/organisator-das-magazin-fr-kmu\",\"https:\\\/\\\/www.xing.com\\\/news\\\/pages\\\/organisator-ch-695\",\"https:\\\/\\\/www.youtube.com\\\/channel\\\/UCGP2Sq0iWaZwT3BdIAQFYpw\"]},{\"@type\":\"Person\",\"@id\":\"https:\\\/\\\/www.organisator.ch\\\/#\\\/schema\\\/person\\\/a9d0e0eff238db87a8f840f3b50359f0\",\"name\":\"n8n\",\"image\":{\"@type\":\"ImageObject\",\"inLanguage\":\"de\",\"@id\":\"https:\\\/\\\/secure.gravatar.com\\\/avatar\\\/5368fb9d03fd415a6f335cece4c15af2502d6ca8651efbd6e8f98427a9795400?s=96&d=mm&r=g\",\"url\":\"https:\\\/\\\/secure.gravatar.com\\\/avatar\\\/5368fb9d03fd415a6f335cece4c15af2502d6ca8651efbd6e8f98427a9795400?s=96&d=mm&r=g\",\"contentUrl\":\"https:\\\/\\\/secure.gravatar.com\\\/avatar\\\/5368fb9d03fd415a6f335cece4c15af2502d6ca8651efbd6e8f98427a9795400?s=96&d=mm&r=g\",\"caption\":\"n8n\"},\"url\":\"https:\\\/\\\/www.organisator.ch\\\/de\\\/author\\\/n8n\\\/\"}]}<\/script>\n<!-- \/ Yoast SEO plugin. -->","yoast_head_json":{"title":"Pawi Group st\u00e4rkt Familienkontinuit\u00e4t im Verwaltungsrat - Organisator","description":"D\u00e9sir\u00e9e Keller und C\u00e9line K\u00fcng wurden neu in den Verwaltungsrat der Pawi Group gew\u00e4hlt \u2013 ein Zeichen f\u00fcr Kontinuit\u00e4t im Winterthurer KMU.","robots":{"index":"index","follow":"follow","max-snippet":"max-snippet:-1","max-image-preview":"max-image-preview:large","max-video-preview":"max-video-preview:-1"},"canonical":"https:\/\/www.organisator.ch\/de\/management\/2026-04-24\/pawi-group-staerkt-familienkontinuitaet-im-verwaltungsrat\/","og_locale":"de_DE","og_type":"article","og_title":"Pawi Group st\u00e4rkt Familienkontinuit\u00e4t im Verwaltungsrat","og_description":"D\u00e9sir\u00e9e Keller und C\u00e9line K\u00fcng wurden neu in den Verwaltungsrat der Pawi Group gew\u00e4hlt \u2013 ein Zeichen f\u00fcr Kontinuit\u00e4t im Winterthurer KMU.","og_url":"https:\/\/www.organisator.ch\/de\/management\/2026-04-24\/pawi-group-staerkt-familienkontinuitaet-im-verwaltungsrat\/","og_site_name":"Organisator","article_publisher":"https:\/\/www.facebook.com\/OrganisatorFachmagazin","article_published_time":"2026-04-24T11:12:42+00:00","og_image":[{"width":1036,"height":742,"url":"https:\/\/www.organisator.ch\/wp-content\/uploads\/2026\/04\/Desiree-Keller_Mitglied-des-PAWI-Verwaltungsrat-scaled-e1777028915830.png","type":"image\/png"}],"author":"n8n","twitter_card":"summary_large_image","twitter_title":"#Pawi Group st\u00e4rkt #Familienkontinuit\u00e4t im Verwaltungsrat","twitter_description":"D\u00e9sir\u00e9e #Keller und C\u00e9line #K\u00fcng wurden neu in den Verwaltungsrat der #Pawi Group gew\u00e4hlt \u2013 ein Zeichen f\u00fcr Kontinuit\u00e4t im Winterthurer KMU.","twitter_image":"https:\/\/www.organisator.ch\/wp-content\/uploads\/2026\/04\/Desiree-Keller_Mitglied-des-PAWI-Verwaltungsrat-scaled-e1777028915830.png","schema":{"@context":"https:\/\/schema.org","@graph":[{"@type":"Article","@id":"https:\/\/www.organisator.ch\/management\/2026-04-24\/pawi-group-staerkt-familienkontinuitaet-im-verwaltungsrat\/#article","isPartOf":{"@id":"https:\/\/www.organisator.ch\/management\/2026-04-24\/pawi-group-staerkt-familienkontinuitaet-im-verwaltungsrat\/"},"author":{"name":"n8n","@id":"https:\/\/www.organisator.ch\/#\/schema\/person\/a9d0e0eff238db87a8f840f3b50359f0"},"headline":"Pawi Group st\u00e4rkt Familienkontinuit\u00e4t im Verwaltungsrat","datePublished":"2026-04-24T11:12:42+00:00","mainEntityOfPage":{"@id":"https:\/\/www.organisator.ch\/management\/2026-04-24\/pawi-group-staerkt-familienkontinuitaet-im-verwaltungsrat\/"},"wordCount":235,"publisher":{"@id":"https:\/\/www.organisator.ch\/#organization"},"image":{"@id":"https:\/\/www.organisator.ch\/management\/2026-04-24\/pawi-group-staerkt-familienkontinuitaet-im-verwaltungsrat\/#primaryimage"},"thumbnailUrl":"https:\/\/www.organisator.ch\/wp-content\/uploads\/2026\/04\/Desiree-Keller_Mitglied-des-PAWI-Verwaltungsrat-scaled-e1777028915830.png","keywords":["Management und Unternehmensf\u00fchrung","Personalia","Unternehmen","Verwaltungsr\u00e4te"],"articleSection":["MANAGEMENT"],"inLanguage":"de"},{"@type":"WebPage","@id":"https:\/\/www.organisator.ch\/management\/2026-04-24\/pawi-group-staerkt-familienkontinuitaet-im-verwaltungsrat\/","url":"https:\/\/www.organisator.ch\/management\/2026-04-24\/pawi-group-staerkt-familienkontinuitaet-im-verwaltungsrat\/","name":"Pawi Group st\u00e4rkt Familienkontinuit\u00e4t im Verwaltungsrat - Organisator","isPartOf":{"@id":"https:\/\/www.organisator.ch\/#website"},"primaryImageOfPage":{"@id":"https:\/\/www.organisator.ch\/management\/2026-04-24\/pawi-group-staerkt-familienkontinuitaet-im-verwaltungsrat\/#primaryimage"},"image":{"@id":"https:\/\/www.organisator.ch\/management\/2026-04-24\/pawi-group-staerkt-familienkontinuitaet-im-verwaltungsrat\/#primaryimage"},"thumbnailUrl":"https:\/\/www.organisator.ch\/wp-content\/uploads\/2026\/04\/Desiree-Keller_Mitglied-des-PAWI-Verwaltungsrat-scaled-e1777028915830.png","datePublished":"2026-04-24T11:12:42+00:00","description":"D\u00e9sir\u00e9e Keller und C\u00e9line K\u00fcng wurden neu in den Verwaltungsrat der Pawi Group gew\u00e4hlt \u2013 ein Zeichen f\u00fcr Kontinuit\u00e4t im Winterthurer KMU.","breadcrumb":{"@id":"https:\/\/www.organisator.ch\/management\/2026-04-24\/pawi-group-staerkt-familienkontinuitaet-im-verwaltungsrat\/#breadcrumb"},"inLanguage":"de","potentialAction":[{"@type":"ReadAction","target":["https:\/\/www.organisator.ch\/management\/2026-04-24\/pawi-group-staerkt-familienkontinuitaet-im-verwaltungsrat\/"]}]},{"@type":"ImageObject","inLanguage":"de","@id":"https:\/\/www.organisator.ch\/management\/2026-04-24\/pawi-group-staerkt-familienkontinuitaet-im-verwaltungsrat\/#primaryimage","url":"https:\/\/www.organisator.ch\/wp-content\/uploads\/2026\/04\/Desiree-Keller_Mitglied-des-PAWI-Verwaltungsrat-scaled-e1777028915830.png","contentUrl":"https:\/\/www.organisator.ch\/wp-content\/uploads\/2026\/04\/Desiree-Keller_Mitglied-des-PAWI-Verwaltungsrat-scaled-e1777028915830.png","width":1036,"height":742,"caption":"D\u00e9sir\u00e9e Keller ist neues Mitglied im PAWI Verwaltungsrat. Quelle: zvg"},{"@type":"BreadcrumbList","@id":"https:\/\/www.organisator.ch\/management\/2026-04-24\/pawi-group-staerkt-familienkontinuitaet-im-verwaltungsrat\/#breadcrumb","itemListElement":[{"@type":"ListItem","position":1,"name":"Home","item":"https:\/\/www.organisator.ch\/"},{"@type":"ListItem","position":2,"name":"Pawi Group st\u00e4rkt Familienkontinuit\u00e4t im Verwaltungsrat"}]},{"@type":"WebSite","@id":"https:\/\/www.organisator.ch\/#website","url":"https:\/\/www.organisator.ch\/","name":"Organisator","description":"Kompetent. Praxisnah. Der ORGANISATOR bereitet in 10 Ausgaben pro Jahr die wesentlichen Themen f\u00fcr F\u00fchrungskr\u00e4fte von KMU auf.","publisher":{"@id":"https:\/\/www.organisator.ch\/#organization"},"potentialAction":[{"@type":"SearchAction","target":{"@type":"EntryPoint","urlTemplate":"https:\/\/www.organisator.ch\/?s={search_term_string}"},"query-input":{"@type":"PropertyValueSpecification","valueRequired":true,"valueName":"search_term_string"}}],"inLanguage":"de"},{"@type":"Organization","@id":"https:\/\/www.organisator.ch\/#organization","name":"Organisator","url":"https:\/\/www.organisator.ch\/","logo":{"@type":"ImageObject","inLanguage":"de","@id":"https:\/\/www.organisator.ch\/#\/schema\/logo\/image\/","url":"https:\/\/www.organisator.ch\/wp-content\/uploads\/2022\/01\/Logo_Organisator_Website.png","contentUrl":"https:\/\/www.organisator.ch\/wp-content\/uploads\/2022\/01\/Logo_Organisator_Website.png","width":800,"height":77,"caption":"Organisator"},"image":{"@id":"https:\/\/www.organisator.ch\/#\/schema\/logo\/image\/"},"sameAs":["https:\/\/www.facebook.com\/OrganisatorFachmagazin","https:\/\/www.linkedin.com\/showcase\/organisator-das-magazin-fr-kmu","https:\/\/www.xing.com\/news\/pages\/organisator-ch-695","https:\/\/www.youtube.com\/channel\/UCGP2Sq0iWaZwT3BdIAQFYpw"]},{"@type":"Person","@id":"https:\/\/www.organisator.ch\/#\/schema\/person\/a9d0e0eff238db87a8f840f3b50359f0","name":"n8n","image":{"@type":"ImageObject","inLanguage":"de","@id":"https:\/\/secure.gravatar.com\/avatar\/5368fb9d03fd415a6f335cece4c15af2502d6ca8651efbd6e8f98427a9795400?s=96&d=mm&r=g","url":"https:\/\/secure.gravatar.com\/avatar\/5368fb9d03fd415a6f335cece4c15af2502d6ca8651efbd6e8f98427a9795400?s=96&d=mm&r=g","contentUrl":"https:\/\/secure.gravatar.com\/avatar\/5368fb9d03fd415a6f335cece4c15af2502d6ca8651efbd6e8f98427a9795400?s=96&d=mm&r=g","caption":"n8n"},"url":"https:\/\/www.organisator.ch\/de\/author\/n8n\/"}]}},"_links":{"self":[{"href":"https:\/\/www.organisator.ch\/de\/wp-json\/wp\/v2\/posts\/48031","targetHints":{"allow":["GET"]}}],"collection":[{"href":"https:\/\/www.organisator.ch\/de\/wp-json\/wp\/v2\/posts"}],"about":[{"href":"https:\/\/www.organisator.ch\/de\/wp-json\/wp\/v2\/types\/post"}],"author":[{"embeddable":true,"href":"https:\/\/www.organisator.ch\/de\/wp-json\/wp\/v2\/users\/107"}],"replies":[{"embeddable":true,"href":"https:\/\/www.organisator.ch\/de\/wp-json\/wp\/v2\/comments?post=48031"}],"version-history":[{"count":4,"href":"https:\/\/www.organisator.ch\/de\/wp-json\/wp\/v2\/posts\/48031\/revisions"}],"predecessor-version":[{"id":48105,"href":"https:\/\/www.organisator.ch\/de\/wp-json\/wp\/v2\/posts\/48031\/revisions\/48105"}],"wp:featuredmedia":[{"embeddable":true,"href":"https:\/\/www.organisator.ch\/de\/wp-json\/wp\/v2\/media\/48029"}],"wp:attachment":[{"href":"https:\/\/www.organisator.ch\/de\/wp-json\/wp\/v2\/media?parent=48031"}],"wp:term":[{"taxonomy":"category","embeddable":true,"href":"https:\/\/www.organisator.ch\/de\/wp-json\/wp\/v2\/categories?post=48031"},{"taxonomy":"post_tag","embeddable":true,"href":"https:\/\/www.organisator.ch\/de\/wp-json\/wp\/v2\/tags?post=48031"}],"curies":[{"name":"wp","href":"https:\/\/api.w.org\/{rel}","templated":true}]}}