{"id":48119,"date":"2026-04-29T02:01:00","date_gmt":"2026-04-29T00:01:00","guid":{"rendered":"https:\/\/www.organisator.ch\/de\/?p=48119"},"modified":"2026-04-28T11:50:34","modified_gmt":"2026-04-28T09:50:34","slug":"praesentismus-mehrheit-der-schweizer-beschaeftigten-inszeniert-ihre-produktivitaet","status":"publish","type":"post","link":"https:\/\/www.organisator.ch\/de\/human-resources\/hrm\/2026-04-29\/praesentismus-mehrheit-der-schweizer-beschaeftigten-inszeniert-ihre-produktivitaet\/","title":{"rendered":"Pr\u00e4sentismus: Mehrheit der Schweizer Besch\u00e4ftigten inszeniert ihre Produktivit\u00e4t"},"content":{"rendered":"<figure id=\"attachment_48118\" aria-describedby=\"caption-attachment-48118\" style=\"width: 1000px\" class=\"wp-caption alignnone\"><img loading=\"lazy\" decoding=\"async\" class=\"wp-image-48118 size-full\" src=\"https:\/\/www.organisator.ch\/wp-content\/uploads\/2026\/04\/Depositphotos_663843902_S.jpg\" alt=\"\" width=\"1000\" height=\"667\" srcset=\"https:\/\/www.organisator.ch\/wp-content\/uploads\/2026\/04\/Depositphotos_663843902_S.jpg 1000w, https:\/\/www.organisator.ch\/wp-content\/uploads\/2026\/04\/Depositphotos_663843902_S-680x454.jpg 680w, https:\/\/www.organisator.ch\/wp-content\/uploads\/2026\/04\/Depositphotos_663843902_S-768x512.jpg 768w, https:\/\/www.organisator.ch\/wp-content\/uploads\/2026\/04\/Depositphotos_663843902_S-18x12.jpg 18w, https:\/\/www.organisator.ch\/wp-content\/uploads\/2026\/04\/Depositphotos_663843902_S-375x250.jpg 375w, https:\/\/www.organisator.ch\/wp-content\/uploads\/2026\/04\/Depositphotos_663843902_S-525x350.jpg 525w\" sizes=\"auto, (max-width: 1000px) 100vw, 1000px\" \/><figcaption id=\"caption-attachment-48118\" class=\"wp-caption-text\">Besch\u00e4ftigt wirken, aber wenig produzieren: Pr\u00e4sentismus ist in Schweizer Unternehmen weiter verbreitet, als man denkt. Quelle: Depositphotos.com<\/figcaption><\/figure>\n<p>Ob Besch\u00e4ftigte im B\u00fcro oder im Homeoffice produktiver arbeiten, wird seit Jahren diskutiert. Bei vielen Schweizer Angestellten scheint dabei vor allem eine Botschaft angekommen zu sein: Anwesenheit z\u00e4hlt mehr als Leistung. Das zeigt eine neue Umfrage unter 458 hybrid arbeitenden B\u00fcroangestellten in der Schweiz, durchgef\u00fchrt von der weltweit gr\u00f6ssten Jobseite Indeed und dem Marktforschungsinstitut Appinio.<\/p>\n<h3>Pr\u00e4sentismus statt Performance<\/h3>\n<p>Konkret hat \u00fcber die H\u00e4lfte der Schweizer Arbeitnehmer:innen (57,5 Prozent) in den vergangenen zw\u00f6lf Monaten Massnahmen ergriffen, um produktiver oder engagierter zu wirken, als sie tats\u00e4chlich waren. Dazu z\u00e4hlen ein k\u00fcnstlich auf \u00abanwesend\u00bb gehaltener Online-Status im Homeoffice (23,9 Prozent), das Versenden von E-Mails zu Randzeiten wie dem fr\u00fchen Morgen oder sp\u00e4ten Abend (22,3 Prozent) sowie das l\u00e4ngere Verbleiben im B\u00fcro, nur weil die F\u00fchrungskraft noch da ist (21,3 Prozent). Selbst physische Signale werden genutzt: 10,6 Prozent haben schon einmal ihre Jacke oder Tasche im B\u00fcro gelassen, um Anwesenheit zu suggerieren. Demgegen\u00fcber geben 42,5 Prozent der Befragten an, ausschliesslich ihre Arbeitsergebnisse f\u00fcr sich sprechen zu lassen.<\/p>\n<h3>Interne Strukturen als Hauptausl\u00f6ser<\/h3>\n<p>Die Gr\u00fcnde f\u00fcr diesen sogenannten Pr\u00e4sentismus liegen prim\u00e4r in unternehmensinternen Strukturen: 32,8 Prozent nennen eine von Pr\u00e4senzkontrolle gepr\u00e4gte Unternehmenskultur als Hauptgrund, 26,8 Prozent den Druck durch Vorgesetzte beziehungsweise Mikromanagement. Weitere 26 Prozent sehen die Sorge um den Arbeitsplatz als Ausl\u00f6ser. Generell ist die knappe Mehrheit (50,9 Prozent) der Meinung, dass ihr Arbeitgeber sichtbare Anwesenheit h\u00f6her bewertet als tats\u00e4chliche, messbare Arbeitsergebnisse.<\/p>\n<p>Der Wunsch nach einer Kehrtwende ist entsprechend gross: 64,2 Prozent der Befragten geben an, bereit zu sein, auf einen Teil ihres Lohns zu verzichten, wenn ihre Leistung ausschliesslich an Ergebnissen gemessen w\u00fcrde. F\u00fcr ein dauerhaftes Recht auf Homeoffice w\u00fcrden sogar 68,1 Prozent auf einen Teil ihres Einkommens verzichten.<\/p>\n<h3>Das B\u00fcro als Ort der Ablenkung<\/h3>\n<p>Insgesamt legen die Umfrageergebnisse nahe, dass das B\u00fcro f\u00fcr viele Besch\u00e4ftigte seine urspr\u00fcngliche Funktion als produktiver Arbeitsort teilweise verloren hat. 48,8 Prozent der Schweizer Befragten k\u00f6nnen sich bei komplexen Aufgaben im Homeoffice besser konzentrieren als im B\u00fcro (21 Prozent). Zwei von drei Befragten (65,9 Prozent) geben zudem an, im B\u00fcro regelm\u00e4ssig durch L\u00e4rm, Smalltalk oder spontane Besuche aus der Konzentration gerissen zu werden \u2013 19,3 Prozent davon sogar sehr h\u00e4ufig.<\/p>\n<p>Dies hat Folgen: 46,2 Prozent der Besch\u00e4ftigten sind nach einem B\u00fcrotag inklusive Pendeln und sozialer Interaktion deutlich ersch\u00f6pfter als nach einem Tag im Homeoffice. Dennoch f\u00e4hrt mehr als jede:r Zweite (54,7 Prozent) regelm\u00e4ssig ins B\u00fcro, um \u00abGesicht zu zeigen\u00bb, obwohl die Arbeit zu Hause effizienter erledigt werden k\u00f6nnte.<\/p>\n<h3>Leistungsbereitschaft ist da \u2013 die Anreize fehlen<\/h3>\n<p>Virginia Sondergeld, \u00d6konomin bei Indeed, kommentiert die Ergebnisse: \u00abDie Diskussion \u00fcber die fehlende Leistung im Homeoffice hat Spuren hinterlassen. Auf der Arbeit geht es nie rein um die Qualit\u00e4t der eigenen Leistung, sondern auch darum, wie sichtbar sie gegen\u00fcber Vorgesetzten und Kollegen ist. Dass Mitarbeitende in Sichtbarkeit investieren, um ihre Karriere voranzubringen, ist richtig und menschlich. Wenn sie jedoch beginnen, ihre Pr\u00e4senz zu inszenieren, statt sich auf Resultate zu konzentrieren, ist das ein Verlustgesch\u00e4ft f\u00fcr beide Seiten.\u00bb<\/p>\n<p>Sie erg\u00e4nzt: \u00abDass fast zwei Drittel der Schweizer Arbeitnehmer:innen auf Gehalt verzichten w\u00fcrden, um st\u00e4rker an ihrer Leistung gemessen zu werden, sendet ein Signal an Arbeitgeber. Die Leistungsbereitschaft ist vorhanden, sie wird jedoch nicht ausreichend incentiviert. Wer prim\u00e4r Anwesenheit einfordert, riskiert, dass lediglich diese optimiert wird. Es ist daher notwendig, ein System zu etablieren, das nicht hohe Sichtbarkeit, sondern gute Leistung honoriert \u2013 unabh\u00e4ngig vom Arbeitsort.\u00bb<\/p>\n<p><em>Weitere Informationen: <a href=\"https:\/\/www.indeed.com\" target=\"_blank\" rel=\"noopener\">www.indeed.com<\/a><\/em><\/p>\n","protected":false},"excerpt":{"rendered":"<p>Eine neue Umfrage von Indeed und Appinio zeigt: \u00dcber die H\u00e4lfte der hybrid arbeitenden B\u00fcroangestellten in der Schweiz wendet Taktiken an, um engagierter zu wirken als sie tats\u00e4chlich sind. Hauptausl\u00f6ser sind interne Unternehmensstrukturen und der Druck durch Vorgesetzte. Knapp zwei Drittel w\u00fcrden sogar auf Lohn verzichten, wenn ihre Leistung ausschliesslich an Ergebnissen gemessen w\u00fcrde.<\/p>\n","protected":false},"author":107,"featured_media":48118,"comment_status":"closed","ping_status":"closed","sticky":false,"template":"","format":"standard","meta":{"_acf_changed":false,"_yoast_wpseo_focuskw":"Pr\u00e4sentismus","_yoast_wpseo_metadesc":"\u00dcber die H\u00e4lfte der Schweizer Besch\u00e4ftigten inszeniert ihre Produktivit\u00e4t. Dies zeigtz eine neue Umfrage \u00fcber Pr\u00e4sentismus und Homeoffice.","articlekey":"","footnotes":""},"categories":[26],"tags":[51,251,254,5987,487],"class_list":["post-48119","post","type-post","status-publish","format-standard","has-post-thumbnail","hentry","category-hrm","tag-arbeitsplatzgestaltung","tag-homeoffice","tag-hrm","tag-praesentismus","tag-umfrage"],"acf":[],"yoast_head":"<!-- This site is optimized with the Yoast SEO plugin v27.5 - https:\/\/yoast.com\/product\/yoast-seo-wordpress\/ -->\n<title>Pr\u00e4sentismus: Mehrheit der Schweizer Besch\u00e4ftigten inszeniert ihre Produktivit\u00e4t - Organisator<\/title>\n<meta name=\"description\" content=\"\u00dcber die H\u00e4lfte der Schweizer Besch\u00e4ftigten inszeniert ihre Produktivit\u00e4t. Dies zeigtz eine neue Umfrage \u00fcber Pr\u00e4sentismus und Homeoffice.\" \/>\n<meta name=\"robots\" content=\"index, follow, max-snippet:-1, max-image-preview:large, max-video-preview:-1\" \/>\n<link rel=\"canonical\" href=\"https:\/\/www.organisator.ch\/de\/human-resources\/hrm\/2026-04-29\/praesentismus-mehrheit-der-schweizer-beschaeftigten-inszeniert-ihre-produktivitaet\/\" \/>\n<meta property=\"og:locale\" content=\"de_DE\" \/>\n<meta property=\"og:type\" content=\"article\" \/>\n<meta property=\"og:title\" content=\"Pr\u00e4sentismus: Mehrheit der Schweizer Besch\u00e4ftigten inszeniert ihre Produktivit\u00e4t - Organisator\" \/>\n<meta property=\"og:description\" content=\"\u00dcber die H\u00e4lfte der Schweizer Besch\u00e4ftigten inszeniert ihre Produktivit\u00e4t. Dies zeigtz eine neue Umfrage \u00fcber Pr\u00e4sentismus und Homeoffice.\" \/>\n<meta property=\"og:url\" content=\"https:\/\/www.organisator.ch\/de\/human-resources\/hrm\/2026-04-29\/praesentismus-mehrheit-der-schweizer-beschaeftigten-inszeniert-ihre-produktivitaet\/\" \/>\n<meta property=\"og:site_name\" content=\"Organisator\" \/>\n<meta property=\"article:publisher\" content=\"https:\/\/www.facebook.com\/OrganisatorFachmagazin\" \/>\n<meta property=\"article:published_time\" content=\"2026-04-29T00:01:00+00:00\" \/>\n<meta property=\"og:image\" content=\"https:\/\/www.organisator.ch\/wp-content\/uploads\/2026\/04\/Depositphotos_663843902_S.jpg\" \/>\n\t<meta property=\"og:image:width\" content=\"1000\" \/>\n\t<meta property=\"og:image:height\" content=\"667\" \/>\n\t<meta property=\"og:image:type\" content=\"image\/jpeg\" \/>\n<meta name=\"author\" content=\"n8n\" \/>\n<meta name=\"twitter:card\" content=\"summary_large_image\" \/>\n<script type=\"application\/ld+json\" class=\"yoast-schema-graph\">{\"@context\":\"https:\\\/\\\/schema.org\",\"@graph\":[{\"@type\":\"Article\",\"@id\":\"https:\\\/\\\/www.organisator.ch\\\/human-resources\\\/hrm\\\/2026-04-29\\\/praesentismus-mehrheit-der-schweizer-beschaeftigten-inszeniert-ihre-produktivitaet\\\/#article\",\"isPartOf\":{\"@id\":\"https:\\\/\\\/www.organisator.ch\\\/human-resources\\\/hrm\\\/2026-04-29\\\/praesentismus-mehrheit-der-schweizer-beschaeftigten-inszeniert-ihre-produktivitaet\\\/\"},\"author\":{\"name\":\"n8n\",\"@id\":\"https:\\\/\\\/www.organisator.ch\\\/#\\\/schema\\\/person\\\/a9d0e0eff238db87a8f840f3b50359f0\"},\"headline\":\"Pr\u00e4sentismus: Mehrheit der Schweizer Besch\u00e4ftigten inszeniert ihre Produktivit\u00e4t\",\"datePublished\":\"2026-04-29T00:01:00+00:00\",\"mainEntityOfPage\":{\"@id\":\"https:\\\/\\\/www.organisator.ch\\\/human-resources\\\/hrm\\\/2026-04-29\\\/praesentismus-mehrheit-der-schweizer-beschaeftigten-inszeniert-ihre-produktivitaet\\\/\"},\"wordCount\":634,\"publisher\":{\"@id\":\"https:\\\/\\\/www.organisator.ch\\\/#organization\"},\"image\":{\"@id\":\"https:\\\/\\\/www.organisator.ch\\\/human-resources\\\/hrm\\\/2026-04-29\\\/praesentismus-mehrheit-der-schweizer-beschaeftigten-inszeniert-ihre-produktivitaet\\\/#primaryimage\"},\"thumbnailUrl\":\"https:\\\/\\\/www.organisator.ch\\\/wp-content\\\/uploads\\\/2026\\\/04\\\/Depositphotos_663843902_S.jpg\",\"keywords\":[\"Arbeitsplatzgestaltung\",\"Homeoffice\",\"HRM\",\"Pr\u00e4sentismus\",\"Umfrage\"],\"articleSection\":[\"HRM\"],\"inLanguage\":\"de\"},{\"@type\":\"WebPage\",\"@id\":\"https:\\\/\\\/www.organisator.ch\\\/human-resources\\\/hrm\\\/2026-04-29\\\/praesentismus-mehrheit-der-schweizer-beschaeftigten-inszeniert-ihre-produktivitaet\\\/\",\"url\":\"https:\\\/\\\/www.organisator.ch\\\/human-resources\\\/hrm\\\/2026-04-29\\\/praesentismus-mehrheit-der-schweizer-beschaeftigten-inszeniert-ihre-produktivitaet\\\/\",\"name\":\"Pr\u00e4sentismus: Mehrheit der Schweizer Besch\u00e4ftigten inszeniert ihre Produktivit\u00e4t - Organisator\",\"isPartOf\":{\"@id\":\"https:\\\/\\\/www.organisator.ch\\\/#website\"},\"primaryImageOfPage\":{\"@id\":\"https:\\\/\\\/www.organisator.ch\\\/human-resources\\\/hrm\\\/2026-04-29\\\/praesentismus-mehrheit-der-schweizer-beschaeftigten-inszeniert-ihre-produktivitaet\\\/#primaryimage\"},\"image\":{\"@id\":\"https:\\\/\\\/www.organisator.ch\\\/human-resources\\\/hrm\\\/2026-04-29\\\/praesentismus-mehrheit-der-schweizer-beschaeftigten-inszeniert-ihre-produktivitaet\\\/#primaryimage\"},\"thumbnailUrl\":\"https:\\\/\\\/www.organisator.ch\\\/wp-content\\\/uploads\\\/2026\\\/04\\\/Depositphotos_663843902_S.jpg\",\"datePublished\":\"2026-04-29T00:01:00+00:00\",\"description\":\"\u00dcber die H\u00e4lfte der Schweizer Besch\u00e4ftigten inszeniert ihre Produktivit\u00e4t. Dies zeigtz eine neue Umfrage \u00fcber Pr\u00e4sentismus und Homeoffice.\",\"breadcrumb\":{\"@id\":\"https:\\\/\\\/www.organisator.ch\\\/human-resources\\\/hrm\\\/2026-04-29\\\/praesentismus-mehrheit-der-schweizer-beschaeftigten-inszeniert-ihre-produktivitaet\\\/#breadcrumb\"},\"inLanguage\":\"de\",\"potentialAction\":[{\"@type\":\"ReadAction\",\"target\":[\"https:\\\/\\\/www.organisator.ch\\\/human-resources\\\/hrm\\\/2026-04-29\\\/praesentismus-mehrheit-der-schweizer-beschaeftigten-inszeniert-ihre-produktivitaet\\\/\"]}]},{\"@type\":\"ImageObject\",\"inLanguage\":\"de\",\"@id\":\"https:\\\/\\\/www.organisator.ch\\\/human-resources\\\/hrm\\\/2026-04-29\\\/praesentismus-mehrheit-der-schweizer-beschaeftigten-inszeniert-ihre-produktivitaet\\\/#primaryimage\",\"url\":\"https:\\\/\\\/www.organisator.ch\\\/wp-content\\\/uploads\\\/2026\\\/04\\\/Depositphotos_663843902_S.jpg\",\"contentUrl\":\"https:\\\/\\\/www.organisator.ch\\\/wp-content\\\/uploads\\\/2026\\\/04\\\/Depositphotos_663843902_S.jpg\",\"width\":1000,\"height\":667,\"caption\":\"Mitarbeiter bereiten wichtige Ank\u00fcndigung vor. Quelle: zvg\"},{\"@type\":\"BreadcrumbList\",\"@id\":\"https:\\\/\\\/www.organisator.ch\\\/human-resources\\\/hrm\\\/2026-04-29\\\/praesentismus-mehrheit-der-schweizer-beschaeftigten-inszeniert-ihre-produktivitaet\\\/#breadcrumb\",\"itemListElement\":[{\"@type\":\"ListItem\",\"position\":1,\"name\":\"Home\",\"item\":\"https:\\\/\\\/www.organisator.ch\\\/\"},{\"@type\":\"ListItem\",\"position\":2,\"name\":\"Pr\u00e4sentismus: Mehrheit der Schweizer Besch\u00e4ftigten inszeniert ihre Produktivit\u00e4t\"}]},{\"@type\":\"WebSite\",\"@id\":\"https:\\\/\\\/www.organisator.ch\\\/#website\",\"url\":\"https:\\\/\\\/www.organisator.ch\\\/\",\"name\":\"Organisator\",\"description\":\"Kompetent. Praxisnah. Der ORGANISATOR bereitet in 10 Ausgaben pro Jahr die wesentlichen Themen f\u00fcr F\u00fchrungskr\u00e4fte von KMU auf.\",\"publisher\":{\"@id\":\"https:\\\/\\\/www.organisator.ch\\\/#organization\"},\"potentialAction\":[{\"@type\":\"SearchAction\",\"target\":{\"@type\":\"EntryPoint\",\"urlTemplate\":\"https:\\\/\\\/www.organisator.ch\\\/?s={search_term_string}\"},\"query-input\":{\"@type\":\"PropertyValueSpecification\",\"valueRequired\":true,\"valueName\":\"search_term_string\"}}],\"inLanguage\":\"de\"},{\"@type\":\"Organization\",\"@id\":\"https:\\\/\\\/www.organisator.ch\\\/#organization\",\"name\":\"Organisator\",\"url\":\"https:\\\/\\\/www.organisator.ch\\\/\",\"logo\":{\"@type\":\"ImageObject\",\"inLanguage\":\"de\",\"@id\":\"https:\\\/\\\/www.organisator.ch\\\/#\\\/schema\\\/logo\\\/image\\\/\",\"url\":\"https:\\\/\\\/www.organisator.ch\\\/wp-content\\\/uploads\\\/2022\\\/01\\\/Logo_Organisator_Website.png\",\"contentUrl\":\"https:\\\/\\\/www.organisator.ch\\\/wp-content\\\/uploads\\\/2022\\\/01\\\/Logo_Organisator_Website.png\",\"width\":800,\"height\":77,\"caption\":\"Organisator\"},\"image\":{\"@id\":\"https:\\\/\\\/www.organisator.ch\\\/#\\\/schema\\\/logo\\\/image\\\/\"},\"sameAs\":[\"https:\\\/\\\/www.facebook.com\\\/OrganisatorFachmagazin\",\"https:\\\/\\\/www.linkedin.com\\\/showcase\\\/organisator-das-magazin-fr-kmu\",\"https:\\\/\\\/www.xing.com\\\/news\\\/pages\\\/organisator-ch-695\",\"https:\\\/\\\/www.youtube.com\\\/channel\\\/UCGP2Sq0iWaZwT3BdIAQFYpw\"]},{\"@type\":\"Person\",\"@id\":\"https:\\\/\\\/www.organisator.ch\\\/#\\\/schema\\\/person\\\/a9d0e0eff238db87a8f840f3b50359f0\",\"name\":\"n8n\",\"image\":{\"@type\":\"ImageObject\",\"inLanguage\":\"de\",\"@id\":\"https:\\\/\\\/secure.gravatar.com\\\/avatar\\\/5368fb9d03fd415a6f335cece4c15af2502d6ca8651efbd6e8f98427a9795400?s=96&d=mm&r=g\",\"url\":\"https:\\\/\\\/secure.gravatar.com\\\/avatar\\\/5368fb9d03fd415a6f335cece4c15af2502d6ca8651efbd6e8f98427a9795400?s=96&d=mm&r=g\",\"contentUrl\":\"https:\\\/\\\/secure.gravatar.com\\\/avatar\\\/5368fb9d03fd415a6f335cece4c15af2502d6ca8651efbd6e8f98427a9795400?s=96&d=mm&r=g\",\"caption\":\"n8n\"},\"url\":\"https:\\\/\\\/www.organisator.ch\\\/de\\\/author\\\/n8n\\\/\"}]}<\/script>\n<!-- \/ Yoast SEO plugin. -->","yoast_head_json":{"title":"Pr\u00e4sentismus: Mehrheit der Schweizer Besch\u00e4ftigten inszeniert ihre Produktivit\u00e4t - Organisator","description":"\u00dcber die H\u00e4lfte der Schweizer Besch\u00e4ftigten inszeniert ihre Produktivit\u00e4t. Dies zeigtz eine neue Umfrage \u00fcber Pr\u00e4sentismus und Homeoffice.","robots":{"index":"index","follow":"follow","max-snippet":"max-snippet:-1","max-image-preview":"max-image-preview:large","max-video-preview":"max-video-preview:-1"},"canonical":"https:\/\/www.organisator.ch\/de\/human-resources\/hrm\/2026-04-29\/praesentismus-mehrheit-der-schweizer-beschaeftigten-inszeniert-ihre-produktivitaet\/","og_locale":"de_DE","og_type":"article","og_title":"Pr\u00e4sentismus: Mehrheit der Schweizer Besch\u00e4ftigten inszeniert ihre Produktivit\u00e4t - Organisator","og_description":"\u00dcber die H\u00e4lfte der Schweizer Besch\u00e4ftigten inszeniert ihre Produktivit\u00e4t. Dies zeigtz eine neue Umfrage \u00fcber Pr\u00e4sentismus und Homeoffice.","og_url":"https:\/\/www.organisator.ch\/de\/human-resources\/hrm\/2026-04-29\/praesentismus-mehrheit-der-schweizer-beschaeftigten-inszeniert-ihre-produktivitaet\/","og_site_name":"Organisator","article_publisher":"https:\/\/www.facebook.com\/OrganisatorFachmagazin","article_published_time":"2026-04-29T00:01:00+00:00","og_image":[{"width":1000,"height":667,"url":"https:\/\/www.organisator.ch\/wp-content\/uploads\/2026\/04\/Depositphotos_663843902_S.jpg","type":"image\/jpeg"}],"author":"n8n","twitter_card":"summary_large_image","schema":{"@context":"https:\/\/schema.org","@graph":[{"@type":"Article","@id":"https:\/\/www.organisator.ch\/human-resources\/hrm\/2026-04-29\/praesentismus-mehrheit-der-schweizer-beschaeftigten-inszeniert-ihre-produktivitaet\/#article","isPartOf":{"@id":"https:\/\/www.organisator.ch\/human-resources\/hrm\/2026-04-29\/praesentismus-mehrheit-der-schweizer-beschaeftigten-inszeniert-ihre-produktivitaet\/"},"author":{"name":"n8n","@id":"https:\/\/www.organisator.ch\/#\/schema\/person\/a9d0e0eff238db87a8f840f3b50359f0"},"headline":"Pr\u00e4sentismus: Mehrheit der Schweizer Besch\u00e4ftigten inszeniert ihre Produktivit\u00e4t","datePublished":"2026-04-29T00:01:00+00:00","mainEntityOfPage":{"@id":"https:\/\/www.organisator.ch\/human-resources\/hrm\/2026-04-29\/praesentismus-mehrheit-der-schweizer-beschaeftigten-inszeniert-ihre-produktivitaet\/"},"wordCount":634,"publisher":{"@id":"https:\/\/www.organisator.ch\/#organization"},"image":{"@id":"https:\/\/www.organisator.ch\/human-resources\/hrm\/2026-04-29\/praesentismus-mehrheit-der-schweizer-beschaeftigten-inszeniert-ihre-produktivitaet\/#primaryimage"},"thumbnailUrl":"https:\/\/www.organisator.ch\/wp-content\/uploads\/2026\/04\/Depositphotos_663843902_S.jpg","keywords":["Arbeitsplatzgestaltung","Homeoffice","HRM","Pr\u00e4sentismus","Umfrage"],"articleSection":["HRM"],"inLanguage":"de"},{"@type":"WebPage","@id":"https:\/\/www.organisator.ch\/human-resources\/hrm\/2026-04-29\/praesentismus-mehrheit-der-schweizer-beschaeftigten-inszeniert-ihre-produktivitaet\/","url":"https:\/\/www.organisator.ch\/human-resources\/hrm\/2026-04-29\/praesentismus-mehrheit-der-schweizer-beschaeftigten-inszeniert-ihre-produktivitaet\/","name":"Pr\u00e4sentismus: Mehrheit der Schweizer Besch\u00e4ftigten inszeniert ihre Produktivit\u00e4t - Organisator","isPartOf":{"@id":"https:\/\/www.organisator.ch\/#website"},"primaryImageOfPage":{"@id":"https:\/\/www.organisator.ch\/human-resources\/hrm\/2026-04-29\/praesentismus-mehrheit-der-schweizer-beschaeftigten-inszeniert-ihre-produktivitaet\/#primaryimage"},"image":{"@id":"https:\/\/www.organisator.ch\/human-resources\/hrm\/2026-04-29\/praesentismus-mehrheit-der-schweizer-beschaeftigten-inszeniert-ihre-produktivitaet\/#primaryimage"},"thumbnailUrl":"https:\/\/www.organisator.ch\/wp-content\/uploads\/2026\/04\/Depositphotos_663843902_S.jpg","datePublished":"2026-04-29T00:01:00+00:00","description":"\u00dcber die H\u00e4lfte der Schweizer Besch\u00e4ftigten inszeniert ihre Produktivit\u00e4t. Dies zeigtz eine neue Umfrage \u00fcber Pr\u00e4sentismus und Homeoffice.","breadcrumb":{"@id":"https:\/\/www.organisator.ch\/human-resources\/hrm\/2026-04-29\/praesentismus-mehrheit-der-schweizer-beschaeftigten-inszeniert-ihre-produktivitaet\/#breadcrumb"},"inLanguage":"de","potentialAction":[{"@type":"ReadAction","target":["https:\/\/www.organisator.ch\/human-resources\/hrm\/2026-04-29\/praesentismus-mehrheit-der-schweizer-beschaeftigten-inszeniert-ihre-produktivitaet\/"]}]},{"@type":"ImageObject","inLanguage":"de","@id":"https:\/\/www.organisator.ch\/human-resources\/hrm\/2026-04-29\/praesentismus-mehrheit-der-schweizer-beschaeftigten-inszeniert-ihre-produktivitaet\/#primaryimage","url":"https:\/\/www.organisator.ch\/wp-content\/uploads\/2026\/04\/Depositphotos_663843902_S.jpg","contentUrl":"https:\/\/www.organisator.ch\/wp-content\/uploads\/2026\/04\/Depositphotos_663843902_S.jpg","width":1000,"height":667,"caption":"Mitarbeiter bereiten wichtige Ank\u00fcndigung vor. Quelle: zvg"},{"@type":"BreadcrumbList","@id":"https:\/\/www.organisator.ch\/human-resources\/hrm\/2026-04-29\/praesentismus-mehrheit-der-schweizer-beschaeftigten-inszeniert-ihre-produktivitaet\/#breadcrumb","itemListElement":[{"@type":"ListItem","position":1,"name":"Home","item":"https:\/\/www.organisator.ch\/"},{"@type":"ListItem","position":2,"name":"Pr\u00e4sentismus: Mehrheit der Schweizer Besch\u00e4ftigten inszeniert ihre Produktivit\u00e4t"}]},{"@type":"WebSite","@id":"https:\/\/www.organisator.ch\/#website","url":"https:\/\/www.organisator.ch\/","name":"Organisator","description":"Kompetent. Praxisnah. Der ORGANISATOR bereitet in 10 Ausgaben pro Jahr die wesentlichen Themen f\u00fcr F\u00fchrungskr\u00e4fte von KMU auf.","publisher":{"@id":"https:\/\/www.organisator.ch\/#organization"},"potentialAction":[{"@type":"SearchAction","target":{"@type":"EntryPoint","urlTemplate":"https:\/\/www.organisator.ch\/?s={search_term_string}"},"query-input":{"@type":"PropertyValueSpecification","valueRequired":true,"valueName":"search_term_string"}}],"inLanguage":"de"},{"@type":"Organization","@id":"https:\/\/www.organisator.ch\/#organization","name":"Organisator","url":"https:\/\/www.organisator.ch\/","logo":{"@type":"ImageObject","inLanguage":"de","@id":"https:\/\/www.organisator.ch\/#\/schema\/logo\/image\/","url":"https:\/\/www.organisator.ch\/wp-content\/uploads\/2022\/01\/Logo_Organisator_Website.png","contentUrl":"https:\/\/www.organisator.ch\/wp-content\/uploads\/2022\/01\/Logo_Organisator_Website.png","width":800,"height":77,"caption":"Organisator"},"image":{"@id":"https:\/\/www.organisator.ch\/#\/schema\/logo\/image\/"},"sameAs":["https:\/\/www.facebook.com\/OrganisatorFachmagazin","https:\/\/www.linkedin.com\/showcase\/organisator-das-magazin-fr-kmu","https:\/\/www.xing.com\/news\/pages\/organisator-ch-695","https:\/\/www.youtube.com\/channel\/UCGP2Sq0iWaZwT3BdIAQFYpw"]},{"@type":"Person","@id":"https:\/\/www.organisator.ch\/#\/schema\/person\/a9d0e0eff238db87a8f840f3b50359f0","name":"n8n","image":{"@type":"ImageObject","inLanguage":"de","@id":"https:\/\/secure.gravatar.com\/avatar\/5368fb9d03fd415a6f335cece4c15af2502d6ca8651efbd6e8f98427a9795400?s=96&d=mm&r=g","url":"https:\/\/secure.gravatar.com\/avatar\/5368fb9d03fd415a6f335cece4c15af2502d6ca8651efbd6e8f98427a9795400?s=96&d=mm&r=g","contentUrl":"https:\/\/secure.gravatar.com\/avatar\/5368fb9d03fd415a6f335cece4c15af2502d6ca8651efbd6e8f98427a9795400?s=96&d=mm&r=g","caption":"n8n"},"url":"https:\/\/www.organisator.ch\/de\/author\/n8n\/"}]}},"_links":{"self":[{"href":"https:\/\/www.organisator.ch\/de\/wp-json\/wp\/v2\/posts\/48119","targetHints":{"allow":["GET"]}}],"collection":[{"href":"https:\/\/www.organisator.ch\/de\/wp-json\/wp\/v2\/posts"}],"about":[{"href":"https:\/\/www.organisator.ch\/de\/wp-json\/wp\/v2\/types\/post"}],"author":[{"embeddable":true,"href":"https:\/\/www.organisator.ch\/de\/wp-json\/wp\/v2\/users\/107"}],"replies":[{"embeddable":true,"href":"https:\/\/www.organisator.ch\/de\/wp-json\/wp\/v2\/comments?post=48119"}],"version-history":[{"count":4,"href":"https:\/\/www.organisator.ch\/de\/wp-json\/wp\/v2\/posts\/48119\/revisions"}],"predecessor-version":[{"id":48201,"href":"https:\/\/www.organisator.ch\/de\/wp-json\/wp\/v2\/posts\/48119\/revisions\/48201"}],"wp:featuredmedia":[{"embeddable":true,"href":"https:\/\/www.organisator.ch\/de\/wp-json\/wp\/v2\/media\/48118"}],"wp:attachment":[{"href":"https:\/\/www.organisator.ch\/de\/wp-json\/wp\/v2\/media?parent=48119"}],"wp:term":[{"taxonomy":"category","embeddable":true,"href":"https:\/\/www.organisator.ch\/de\/wp-json\/wp\/v2\/categories?post=48119"},{"taxonomy":"post_tag","embeddable":true,"href":"https:\/\/www.organisator.ch\/de\/wp-json\/wp\/v2\/tags?post=48119"}],"curies":[{"name":"wp","href":"https:\/\/api.w.org\/{rel}","templated":true}]}}